{"id":622757,"date":"2021-05-24T00:00:00","date_gmt":"2021-05-24T03:00:00","guid":{"rendered":"https:\/\/www.estrategiaconcursos.com.br\/blog\/?p=622757"},"modified":"2022-10-14T11:42:29","modified_gmt":"2022-10-14T14:42:29","slug":"edital-creci-ms","status":"publish","type":"post","link":"https:\/\/www.estrategiaconcursos.com.br\/blog\/edital-creci-ms\/","title":{"rendered":"Edital CRECI MS: aprovados convocados! Confira a lista!"},"content":{"rendered":"\n<p>O <strong>Conselho Regional de Corretores de Im\u00f3veis da 14\u00aa Regi\u00e3o\/MS &#8211; CRECI-MS<\/strong> iniciou a convoca\u00e7\u00e3o dos aprovados no Edital CRECI MS. Os candidatos precisam ficar atentos \u00e0s chamadas, pois o prazo para&nbsp;apresenta\u00e7\u00e3o dos documentos solicitados no edital \u00e9 de apenas 10 dias.<\/p>\n\n\n\n<p class=\"has-text-align-center has-pale-cyan-blue-background-color has-background\"><a href=\"http:\/\/www.quadrix.org.br\/todos-os-concursos\/em-andamento\/crecims2020.aspx\" target=\"_blank\" rel=\"noreferrer noopener\"><strong>Confira aqui a lista completa<\/strong><\/a><\/p>\n\n\n\n<p>O <strong>Presidente do Conselho Regional de Corretores de Im\u00f3veis da 14\u00aa Regi\u00e3o\/MS &#8211; CRECI-MS<\/strong>, Eli Rodrigues, tornou p\u00fablica a <a href=\"https:\/\/www.in.gov.br\/en\/web\/dou\/-\/edital-de-homologacao-317571530\">homologa\u00e7\u00e3o do resultado final do concurso CRECI MS<\/a>. <\/p>\n\n\n\n<p>O prazo de validade do presente Concurso P\u00fablico \u00e9 de 2 (dois) anos, contados a partir da data de publica\u00e7\u00e3o deste edital, podendo ser prorrogado, 1 (uma) \u00fanica vez, por igual per\u00edodo, por conveni\u00eancia administrativa.<\/p>\n\n\n\n<p>O edital oferta aos candidatos <strong>105 vagas para cargos de n\u00edvel m\u00e9dio e superior.<\/strong> As oportunidades s\u00e3o para os cargos de <strong>assistente administrativo (60 vagas)<\/strong>, que exige apenas o<strong> n\u00edvel m\u00e9dio<\/strong> de escolaridade,<strong> advogado, agente fiscal e analista de TI (45 vagas), que exigem o n\u00edvel superior.<\/strong> A faixa de remunera\u00e7\u00e3o ofertada \u00e9 de R$ 1.301,61 a R$ 2.518,99.<\/p>\n\n\n\n<div class=\"col-sm\">\n      <div class=\"banner-estrategia\" id=\"box-assinatura\">\n        <h3 class=\"titulo-assinatura\">Cursos para CRECI-MS<\/h3>\n        <p class=\"subtitulo-assinatura\">Conhe\u00e7a os cursos<\/p>\n        <div class=\"box-botao\">\n          <a class=\"btn-assinatura\" target=\"_blank\" href=\"https:\/\/www.estrategiaconcursos.com.br\/cursos\/concurso\/\" role=\"button\" rel=\"noopener noreferrer\">Conhe\u00e7a mais<\/a>\n        <\/div>\n      <\/div>\n      <p class=\"texto-auxiliar\">Prepare-se com o melhor material e com quem mais aprova em Concursos P\u00fablicos em todo o pa\u00eds.<\/p>\n    <\/div>\n\n\n\n<h2 class=\"wp-block-heading\" id=\"atual\">Edital CRECI MS: Situa\u00e7\u00e3o atual<\/h2>\n\n\n\n<h3 class=\"wp-block-heading\" id=\"data\">Principais datas<\/h3>\n\n\n\n<ul class=\"wp-block-list\"><li><strong>Inscri\u00e7\u00f5es: <\/strong><s>04\/12\/2020 a 12\/01\/2021<\/s><\/li><li><strong>Taxa: <\/strong>R$ 43,00 e R$ 52,00<\/li><li><strong>Prova:<\/strong> <s>07\/03\/2021<\/s><\/li><\/ul>\n\n\n\n<h2 class=\"wp-block-heading\" id=\"carreira\">Edital CRECI MS: Carreira<\/h2>\n\n\n\n<h4 class=\"wp-block-heading\" id=\"cargo\"><span style=\"color: #000000;\">Cargos<\/span><\/h4>\n\n\n\n<h4 class=\"wp-block-heading\"><strong>N\u00edvel m\u00e9dio \u2013 vagas para Campo Grande, Dourados e Tr\u00eas Lagoas\/MS.<\/strong><\/h4>\n\n\n\n<ul class=\"wp-block-list\"><li>Assistente administrativo &#8211; 60 vagas <\/li><\/ul>\n\n\n\n<h4 class=\"wp-block-heading\"><strong>N\u00edvel Superior &#8211; vagas para Campo Grande\/MS.<\/strong><\/h4>\n\n\n\n<ul class=\"wp-block-list\"><li>Advogado &#8211; 15 vagas <\/li><li>Agente Fiscal &#8211; 15 vagas<\/li><li>Analista de TI &#8211; 15 vagas<\/li><\/ul>\n\n\n\n<h4 class=\"wp-block-heading\" id=\"sal\u00e1rio\">Sal\u00e1rios e Benef\u00edcios<\/h4>\n\n\n\n<p>Os sal\u00e1rios ofertados no concurso CRECI MS ser\u00e3o de<strong>&nbsp;R$ 1.301,61 a R$ 2.518,99.<\/strong>, de acordo com informa\u00e7\u00f5es divulgadas pela banca. <\/p>\n\n\n\n<p>Os candidatos de n\u00edvel m\u00e9dio poder\u00e3o ser lotados em Campo Grande, Dourados e Tr\u00eas Lagoas, enquanto que os graduados apenas em Campo Grade, a capital.<\/p>\n\n\n\n<p>A jornada de trabalho ainda n\u00e3o foi confirmada, mas dever\u00e1 ser de 40 horas semanais. As contrata\u00e7\u00f5es ser\u00e3o realizadas pelo regime das Consolida\u00e7\u00f5es das Leis do Trabalho &#8211; a CLT.<\/p>\n\n\n\n<h2 class=\"wp-block-heading\" id=\"etapa\">Edital CRECI MS: Etapas de provas<\/h2>\n\n\n\n<h3 class=\"wp-block-heading\" id=\"objetiva\">Prova Objetiva<\/h3>\n\n\n\n<p>As provas objetivas contaram com 120 quest\u00f5es de CERTO e ERRADO, com a cobran\u00e7a de conte\u00fados de conhecimentos b\u00e1sicos, complementares e espec\u00edficos.<\/p>\n\n\n\n<ul class=\"wp-block-list\"><li>Conhecimentos B\u00e1sicos &#8211; 40 quest\u00f5es<\/li><li>Conhecimentos Complementares &#8211; 30 quest\u00f5es<\/li><li>Conhecimentos Espec\u00edficos &#8211; 50 quest\u00f5es <\/li><\/ul>\n\n\n\n<h3 class=\"wp-block-heading\" id=\"conteudo\">Conte\u00fados<\/h3>\n\n\n\n<ul class=\"wp-block-list\"><li><strong>Assistente administrativo<\/strong><ul><li>Organiza\u00e7\u00e3o<\/li><li>Administrativo<\/li><li>No\u00e7\u00f5es de administra\u00e7\u00e3o<\/li><\/ul><\/li><li><strong>Advogado<\/strong><ul><li>Administrativo<\/li><li>Tribut\u00e1rio<\/li><li>Civil<\/li><li>Constitucional<\/li><li>Processo Civil<\/li><li>Trabalho<\/li><li>Processo do Trabalho<\/li><\/ul><\/li><li><strong>Agente fiscal<\/strong><ul><li>No\u00e7\u00f5es de tr\u00e2nsito<\/li><\/ul><\/li><li><strong>Analista de TI<\/strong><ul><li>Governan\u00e7a e Gest\u00e3o de TI<\/li><li>Processos de neg\u00f3cio<\/li><li>Engenharia e desenvolvimento de softwares<\/li><\/ul><\/li><\/ul>\n\n\n\n<h2 class=\"wp-block-heading\" id=\"estrategico\">Edital Estrat\u00e9gico CRECI MS: baixe gratuitamente<\/h2>\n\n\n\n<p>Dando um espa\u00e7o para o Edital Estrat\u00e9gico entrar em sua rotina de estudos, ser\u00e1 poss\u00edvel acompanhar seu desempenho atrav\u00e9s de gr\u00e1ficos, garantindo uma vis\u00e3o completa das mat\u00e9rias que necessitam de mais revis\u00f5es.<\/p>\n\n\n\n<p>O registro de cada tarefa ser\u00e1 feito para cada assunto exigido no conte\u00fado program\u00e1tico do edital. A partir das informa\u00e7\u00f5es preenchidas pelo aluno, uma \u201caba\u201d do Edital Estrat\u00e9gico ir\u00e1 demonstrar a progress\u00e3o em cada tarefa e assunto. <\/p>\n\n\n\n<p>A edi\u00e7\u00e3o poder\u00e1 ser realizada apenas na 3\u00aa aba, relativa ao preenchimento do progresso nas disciplinas. Caso voc\u00ea queira fazer outras modifica\u00e7\u00f5es no arquivo, \u00e9 s\u00f3 usar a&nbsp;senha \u201cadmin\u201d&nbsp;na op\u00e7\u00e3o&nbsp;<em><strong>desproteger<\/strong><\/em>&nbsp;planilha do Excel.<\/p>\n\n\n\n<p class=\"has-text-align-center has-light-green-cyan-background-color has-background\"><a href=\"https:\/\/dhg1h5j42swfq.cloudfront.net\/2020\/12\/04173327\/Edital-Estrategico_CRECI-MS_ASSISTENTE-ADMINISTRATIVO.xlsx\" target=\"_blank\" rel=\"noreferrer noopener\">CRECI MS &#8211; Assistente Administrativo<\/a><\/p>\n\n\n\n<p class=\"has-text-align-center has-light-green-cyan-background-color has-background\"><a rel=\"noreferrer noopener\" href=\"https:\/\/dhg1h5j42swfq.cloudfront.net\/2020\/12\/04173452\/Edital-Estrategico_CRECI-MS_ADVOGADO.xlsx\" target=\"_blank\">CRECI MS &#8211; Advogado<\/a><\/p>\n\n\n\n<p class=\"has-text-align-center has-light-green-cyan-background-color has-background\"><a href=\"https:\/\/dhg1h5j42swfq.cloudfront.net\/2020\/12\/04173541\/Edital-Estrategico_CRECI-MS_AGENTE-FISCAL.xlsx\">CRECI MS &#8211; Agente Fiscal<\/a><\/p>\n\n\n\n<p class=\"has-text-align-center has-light-green-cyan-background-color has-background\"><a href=\"https:\/\/dhg1h5j42swfq.cloudfront.net\/2020\/12\/04173634\/Edital-Estrategico_CRECI-MS_ANALISTA-DE-TI.xlsx\" target=\"_blank\" rel=\"noreferrer noopener\">CRECI MS &#8211; Analista de T.I.<\/a><\/p>\n\n\n\n<p class=\"has-text-align-center has-luminous-vivid-amber-background-color has-background has-medium-font-size\"><strong>Saiba mais: <a href=\"https:\/\/www.estrategiaconcursos.com.br\/blog\/concurso-creci-ms\/\">Concurso CRECI MS<\/a><\/strong><\/p>\n\n\n\n<p class=\"has-text-align-center has-pale-cyan-blue-background-color has-background\"><a rel=\"noreferrer noopener\" href=\"https:\/\/www.youtube.com\/user\/EstrategiaCursos\" target=\"_blank\">YOUTUBE &#8211; ESTRAT\u00c9GIA CONCURSOS<\/a><\/p>\n\n\n\n<h2 class=\"has-text-align-center wp-block-heading\" id=\"curso\">Quer se preparar para o CRECI MS?<\/h2>\n\n\n\n<div class=\"col-sm\">\n      <div class=\"banner-estrategia\" id=\"box-assinatura\">\n        <h3 class=\"titulo-assinatura\">Cursos para CRECI-MS<\/h3>\n        <p class=\"subtitulo-assinatura\">Conhe\u00e7a os cursos<\/p>\n        <div class=\"box-botao\">\n          <a class=\"btn-assinatura\" target=\"_blank\" href=\"https:\/\/www.estrategiaconcursos.com.br\/cursos\/concurso\/\" role=\"button\" rel=\"noopener noreferrer\">Conhe\u00e7a mais<\/a>\n        <\/div>\n      <\/div>\n      <p class=\"texto-auxiliar\">Prepare-se com o melhor material e com quem mais aprova em Concursos P\u00fablicos em todo o pa\u00eds.<\/p>\n    <\/div>\n\n\n\n<div class=\"container\" id=\"boxes\">\n  <div class=\"row\">\n\n    <div class=\"col-sm\">\n      <div class=\"estrategia\" id=\"box-assinatura\">\n        <h3 class=\"titulo-assinatura\">Assinatura de Concursos<\/h3>\n        <p class=\"subtitulo-assinatura\">Assinatura de 1 ou 2 anos<\/p>\n        <div class=\"box-botao\">\n          <a class=\"btn-assinatura\" target=\"_blank\" href=\"https:\/\/www.estrategiaconcursos.com.br\/assinaturas\/\" role=\"button\" rel=\"noopener noreferrer\">ASSINE AGORA<\/a>\n        <\/div>\n      <\/div>\n     \n\n    <div class=\"col-sm\">\n      <div class=\"questoes\" id=\"box-assinatura\">\n        <h3 class=\"titulo-assinatura\">Sistema de Quest\u00f5es<\/h3>\n        <p class=\"subtitulo-assinatura\">Assinatura de 1 ou 2 anos\n<\/p>\n        <div class=\"box-botao\">\n          <a class=\"btn-assinatura\" target=\"_blank\" href=\"https:\/\/www.estrategiaconcursos.com.br\/cursosPorConcurso\/sistema-de-questoes\/#\/\" role=\"button\" rel=\"noopener noreferrer\">ASSINE AGORA<\/a>\n        <\/div>\n      <\/div>\n     \n    <\/div>\n  <\/div>\n<\/div><\/div>\n\n\n\n<div class=\"container\" id=\"boxes\">\n  <div class=\"row\">\n\n    <div class=\"col-sm\" id=\"boxes-concursos\">\n      <div style=\"background-color: #005DAD;\" class=\"conteudo-concursos\" id=\"box-concursos\">\n        <h3 class=\"titulo-assinatura\">Concursos Abertos<\/h3>\n        <p class=\"subtitulo-assinatura\">Confira os editais publicados<\/p>\n        <div class=\"box-botao\">\n          <a class=\"btn-assinatura\" target=\"_blank\" href=\"https:\/\/www.estrategiaconcursos.com.br\/blog\/concursos-abertos\/\" role=\"button\" rel=\"noopener noreferrer\">Conhe\u00e7a Agora<\/a>\n        <\/div>\n      <\/div>\n    <\/div>\n\n   \n\n    <div class=\"col-sm\" id=\"boxes-concursos\">\n      <div style=\"background-color: #419FF0;\" class=\"conteudo-concursos\" id=\"box-concursos\">\n        <h3 class=\"titulo-assinatura\">Concursos 2021<\/h3>\n        <p class=\"subtitulo-assinatura\">Confira as oportunidades previstas<\/p>\n        <div class=\"box-botao\">\n          <a class=\"btn-assinatura\" target=\"_blank\" href=\"https:\/\/www.estrategiaconcursos.com.br\/blog\/concursos-2021\/\" role=\"button\" rel=\"noopener noreferrer\">Conhe\u00e7a Agora<\/a>\n        <\/div>\n      <\/div>\n    <\/div>\n\n  <\/div>\n<\/div>\n\n\n\n<p><strong>Quer ficar atualizado DIARIAMENTE sobre as not\u00edcias do mundo dos concursos? Entre no nosso Telegram!<\/strong><\/p>\n\n\n\n<figure class=\"wp-block-image\"><a href=\"https:\/\/t.me\/estrategianews\" target=\"_blank\" rel=\"noreferrer noopener\"><img decoding=\"async\" src=\"https:\/\/dhg1h5j42swfq.cloudfront.net\/2021\/05\/03172229\/news-1.jpg\" alt=\"\"\/><\/a><\/figure>\n\n\n\n<figure class=\"wp-block-image size-large is-resized\"><img loading=\"lazy\" decoding=\"async\" src=\"https:\/\/dhg1h5j42swfq.cloudfront.net\/2021\/04\/06082247\/ficha-tecnica-39-1024x632.png\" alt=\"\" class=\"wp-image-708054\" width=\"144\" height=\"88\" srcset=\"https:\/\/dhg1h5j42swfq.cloudfront.net\/2021\/04\/06082247\/ficha-tecnica-39-1024x632.png 1024w, https:\/\/dhg1h5j42swfq.cloudfront.net\/2021\/04\/06082247\/ficha-tecnica-39-300x185.png 300w, https:\/\/dhg1h5j42swfq.cloudfront.net\/2021\/04\/06082247\/ficha-tecnica-39-768x474.png 768w, https:\/\/dhg1h5j42swfq.cloudfront.net\/2021\/04\/06082247\/ficha-tecnica-39-1536x948.png 1536w, https:\/\/dhg1h5j42swfq.cloudfront.net\/2021\/04\/06082247\/ficha-tecnica-39-610x377.png 610w, https:\/\/dhg1h5j42swfq.cloudfront.net\/2021\/04\/06082247\/ficha-tecnica-39.png 1571w\" sizes=\"auto, (max-width: 144px) 100vw, 144px\" \/><\/figure>\n\n\n\n<h3 class=\"wp-block-heading\" id=\"ficha-tecnica\"><strong>\u2666Informa\u00e7\u00f5es do Edital<\/strong> CRECI MS<\/h3>\n\n\n\n<p>\u25ba<strong>Data:&nbsp;<\/strong><s>07\/03\/2021<\/s><strong><br \/>\u25baVagas: <\/strong>105<strong><br \/>\u25baBanca: <\/strong>Quadrix<strong><br \/>\u25baEscolaridade:&nbsp;<\/strong>n\u00edvel m\u00e9dio e superior<br \/><strong>\u25baEdital: <\/strong><a href=\"https:\/\/dhg1h5j42swfq.cloudfront.net\/2020\/12\/04082543\/1_CRECI-MS_concurso_publico_2020_edital_1.pdf\" target=\"_blank\" rel=\"noreferrer noopener\">Conselho Regional de Corretores de Im\u00f3veis no Mato Grosso do Sul<\/a><\/p>\n","protected":false},"excerpt":{"rendered":"<p>O Conselho Regional de Corretores de Im\u00f3veis da 14\u00aa Regi\u00e3o\/MS &#8211; CRECI-MS iniciou a convoca\u00e7\u00e3o dos aprovados no Edital CRECI MS. Os candidatos precisam ficar atentos \u00e0s chamadas, pois o prazo para&nbsp;apresenta\u00e7\u00e3o dos documentos solicitados no edital \u00e9 de apenas 10 dias. Confira aqui a lista completa O Presidente do Conselho Regional de Corretores de [&hellip;]<\/p>\n","protected":false},"author":1,"featured_media":618369,"comment_status":"open","ping_status":"closed","sticky":false,"template":"","format":"standard","meta":{"post_tipo":"news","footnotes":""},"categories":[1],"tags":[],"tax_estado":[219975],"class_list":["post-622757","post","type-post","status-publish","format-standard","has-post-thumbnail","hentry","category-cursos-e-concursos","tax_estado-ms"],"acf":[],"yoast_head":"<!-- This site is optimized with the Yoast SEO Premium plugin v27.2 (Yoast SEO v27.2) - https:\/\/yoast.com\/product\/yoast-seo-premium-wordpress\/ -->\n<title>Edital CRECI MS: aprovados convocados! Confira a lista!<\/title>\n<meta name=\"description\" content=\"Edital CRECI MS: aprovados no certame s\u00e3o convocados. Saiba mais informa\u00e7\u00f5es neste artigo!\" \/>\n<meta name=\"robots\" content=\"index, follow, max-snippet:-1, max-image-preview:large, max-video-preview:-1\" \/>\n<link rel=\"canonical\" href=\"https:\/\/www.estrategiaconcursos.com.br\/blog\/edital-creci-ms\/\" \/>\n<meta property=\"og:locale\" content=\"pt_BR\" \/>\n<meta property=\"og:type\" content=\"article\" \/>\n<meta property=\"og:title\" content=\"Edital CRECI MS: aprovados convocados! Confira a lista!\" \/>\n<meta property=\"og:description\" content=\"Edital CRECI MS: aprovados no certame s\u00e3o convocados. Saiba mais informa\u00e7\u00f5es neste artigo!\" \/>\n<meta property=\"og:url\" content=\"https:\/\/www.estrategiaconcursos.com.br\/blog\/edital-creci-ms\/\" \/>\n<meta property=\"og:site_name\" content=\"Estrat\u00e9gia Concursos\" \/>\n<meta property=\"article:author\" content=\"https:\/\/www.facebook.com\/EstrategiaConcursos\" \/>\n<meta property=\"article:published_time\" content=\"2021-05-24T03:00:00+00:00\" \/>\n<meta property=\"article:modified_time\" content=\"2022-10-14T14:42:29+00:00\" \/>\n<meta property=\"og:image\" content=\"https:\/\/dhg1h5j42swfq.cloudfront.net\/2020\/11\/27114012\/CRECI_MS-1.jpg\" \/>\n\t<meta property=\"og:image:width\" content=\"1200\" \/>\n\t<meta property=\"og:image:height\" content=\"628\" \/>\n\t<meta property=\"og:image:type\" content=\"image\/jpeg\" \/>\n<meta name=\"author\" content=\"Coordena\u00e7\u00e3o\" \/>\n<meta name=\"twitter:card\" content=\"summary_large_image\" \/>\n<meta name=\"twitter:creator\" content=\"@EstratConcursos\" \/>\n<meta name=\"twitter:site\" content=\"@EstratConcursos\" \/>\n<meta name=\"twitter:label1\" content=\"Escrito por\" \/>\n\t<meta name=\"twitter:data1\" content=\"Coordena\u00e7\u00e3o\" \/>\n\t<meta name=\"twitter:label2\" content=\"Est. tempo de leitura\" \/>\n\t<meta name=\"twitter:data2\" content=\"4 minutos\" \/>\n<script type=\"application\/ld+json\" class=\"yoast-schema-graph\">{\"@context\":\"https:\/\/schema.org\",\"@graph\":[{\"@type\":\"NewsArticle\",\"@id\":\"https:\/\/www.estrategiaconcursos.com.br\/blog\/edital-creci-ms\/#article\",\"isPartOf\":{\"@id\":\"https:\/\/www.estrategiaconcursos.com.br\/blog\/edital-creci-ms\/\"},\"author\":{\"name\":\"Coordena\u00e7\u00e3o\",\"@id\":\"https:\/\/www.estrategiaconcursos.com.br\/blog\/#\/schema\/person\/b4a388c97673c5f483d72185668afa1f\"},\"headline\":\"Edital CRECI MS: aprovados convocados! Confira a lista!\",\"datePublished\":\"2021-05-24T03:00:00+00:00\",\"dateModified\":\"2022-10-14T14:42:29+00:00\",\"mainEntityOfPage\":{\"@id\":\"https:\/\/www.estrategiaconcursos.com.br\/blog\/edital-creci-ms\/\"},\"wordCount\":747,\"commentCount\":1,\"publisher\":{\"@id\":\"https:\/\/www.estrategiaconcursos.com.br\/blog\/#organization\"},\"image\":{\"@id\":\"https:\/\/www.estrategiaconcursos.com.br\/blog\/edital-creci-ms\/#primaryimage\"},\"thumbnailUrl\":\"https:\/\/dhg1h5j42swfq.cloudfront.net\/2020\/11\/27114012\/CRECI_MS-1.jpg\",\"articleSection\":[\"Concursos P\u00fablicos\"],\"inLanguage\":\"pt-BR\",\"potentialAction\":[{\"@type\":\"CommentAction\",\"name\":\"Comment\",\"target\":[\"https:\/\/www.estrategiaconcursos.com.br\/blog\/edital-creci-ms\/#respond\"]}],\"copyrightYear\":\"2021\",\"copyrightHolder\":{\"@id\":\"https:\/\/www.estrategiaconcursos.com.br\/blog\/#organization\"}},{\"@type\":\"WebPage\",\"@id\":\"https:\/\/www.estrategiaconcursos.com.br\/blog\/edital-creci-ms\/\",\"url\":\"https:\/\/www.estrategiaconcursos.com.br\/blog\/edital-creci-ms\/\",\"name\":\"Edital CRECI MS: aprovados convocados! Confira a lista!\",\"isPartOf\":{\"@id\":\"https:\/\/www.estrategiaconcursos.com.br\/blog\/#website\"},\"primaryImageOfPage\":{\"@id\":\"https:\/\/www.estrategiaconcursos.com.br\/blog\/edital-creci-ms\/#primaryimage\"},\"image\":{\"@id\":\"https:\/\/www.estrategiaconcursos.com.br\/blog\/edital-creci-ms\/#primaryimage\"},\"thumbnailUrl\":\"https:\/\/dhg1h5j42swfq.cloudfront.net\/2020\/11\/27114012\/CRECI_MS-1.jpg\",\"datePublished\":\"2021-05-24T03:00:00+00:00\",\"dateModified\":\"2022-10-14T14:42:29+00:00\",\"description\":\"Edital CRECI MS: aprovados no certame s\u00e3o convocados. Saiba mais informa\u00e7\u00f5es neste artigo!\",\"breadcrumb\":{\"@id\":\"https:\/\/www.estrategiaconcursos.com.br\/blog\/edital-creci-ms\/#breadcrumb\"},\"inLanguage\":\"pt-BR\",\"potentialAction\":[{\"@type\":\"ReadAction\",\"target\":[\"https:\/\/www.estrategiaconcursos.com.br\/blog\/edital-creci-ms\/\"]}]},{\"@type\":\"ImageObject\",\"inLanguage\":\"pt-BR\",\"@id\":\"https:\/\/www.estrategiaconcursos.com.br\/blog\/edital-creci-ms\/#primaryimage\",\"url\":\"https:\/\/dhg1h5j42swfq.cloudfront.net\/2020\/11\/27114012\/CRECI_MS-1.jpg\",\"contentUrl\":\"https:\/\/dhg1h5j42swfq.cloudfront.net\/2020\/11\/27114012\/CRECI_MS-1.jpg\",\"width\":1200,\"height\":628},{\"@type\":\"BreadcrumbList\",\"@id\":\"https:\/\/www.estrategiaconcursos.com.br\/blog\/edital-creci-ms\/#breadcrumb\",\"itemListElement\":[{\"@type\":\"ListItem\",\"position\":1,\"name\":\"In\u00edcio\",\"item\":\"https:\/\/www.estrategiaconcursos.com.br\/blog\/\"},{\"@type\":\"ListItem\",\"position\":2,\"name\":\"Edital CRECI MS: aprovados convocados! Confira a lista!\"}]},{\"@type\":\"WebSite\",\"@id\":\"https:\/\/www.estrategiaconcursos.com.br\/blog\/#website\",\"url\":\"https:\/\/www.estrategiaconcursos.com.br\/blog\/\",\"name\":\"Estrat\u00e9gia Concursos\",\"description\":\"O blog da Estrat\u00e9gia Concursos traz not\u00edcias sobre concursos e artigos de professores oferecendo cursos para concursos (pdf + videaulas) no site.\",\"publisher\":{\"@id\":\"https:\/\/www.estrategiaconcursos.com.br\/blog\/#organization\"},\"potentialAction\":[{\"@type\":\"SearchAction\",\"target\":{\"@type\":\"EntryPoint\",\"urlTemplate\":\"https:\/\/www.estrategiaconcursos.com.br\/blog\/?s={search_term_string}\"},\"query-input\":{\"@type\":\"PropertyValueSpecification\",\"valueRequired\":true,\"valueName\":\"search_term_string\"}}],\"inLanguage\":\"pt-BR\"},{\"@type\":\"Organization\",\"@id\":\"https:\/\/www.estrategiaconcursos.com.br\/blog\/#organization\",\"name\":\"Estrat\u00e9gia Concursos\",\"url\":\"https:\/\/www.estrategiaconcursos.com.br\/blog\/\",\"logo\":{\"@type\":\"ImageObject\",\"inLanguage\":\"pt-BR\",\"@id\":\"https:\/\/www.estrategiaconcursos.com.br\/blog\/#\/schema\/logo\/image\/\",\"url\":\"https:\/\/dhg1h5j42swfq.cloudfront.net\/2025\/06\/03203428\/logo_concursos-1.jpg\",\"contentUrl\":\"https:\/\/dhg1h5j42swfq.cloudfront.net\/2025\/06\/03203428\/logo_concursos-1.jpg\",\"width\":230,\"height\":60,\"caption\":\"Estrat\u00e9gia Concursos\"},\"image\":{\"@id\":\"https:\/\/www.estrategiaconcursos.com.br\/blog\/#\/schema\/logo\/image\/\"},\"sameAs\":[\"https:\/\/x.com\/EstratConcursos\"]},{\"@type\":\"Person\",\"@id\":\"https:\/\/www.estrategiaconcursos.com.br\/blog\/#\/schema\/person\/b4a388c97673c5f483d72185668afa1f\",\"name\":\"Coordena\u00e7\u00e3o\",\"image\":{\"@type\":\"ImageObject\",\"inLanguage\":\"pt-BR\",\"@id\":\"https:\/\/secure.gravatar.com\/avatar\/b720319e4c9a967eb58678d110f4fe35452fc5d5f97b202bac7b8acceb18c6ad?s=96&d=mm&r=g\",\"url\":\"https:\/\/secure.gravatar.com\/avatar\/b720319e4c9a967eb58678d110f4fe35452fc5d5f97b202bac7b8acceb18c6ad?s=96&d=mm&r=g\",\"contentUrl\":\"https:\/\/secure.gravatar.com\/avatar\/b720319e4c9a967eb58678d110f4fe35452fc5d5f97b202bac7b8acceb18c6ad?s=96&d=mm&r=g\",\"caption\":\"Coordena\u00e7\u00e3o\"},\"sameAs\":[\"https:\/\/www.facebook.com\/EstrategiaConcursos\",\"https:\/\/x.com\/EstratConcursos\"],\"url\":\"https:\/\/www.estrategiaconcursos.com.br\/blog\/author\/estrategia2013\/\"}]}<\/script>\n<!-- \/ Yoast SEO Premium plugin. -->","yoast_head_json":{"title":"Edital CRECI MS: aprovados convocados! Confira a lista!","description":"Edital CRECI MS: aprovados no certame s\u00e3o convocados. Saiba mais informa\u00e7\u00f5es neste artigo!","robots":{"index":"index","follow":"follow","max-snippet":"max-snippet:-1","max-image-preview":"max-image-preview:large","max-video-preview":"max-video-preview:-1"},"canonical":"https:\/\/www.estrategiaconcursos.com.br\/blog\/edital-creci-ms\/","og_locale":"pt_BR","og_type":"article","og_title":"Edital CRECI MS: aprovados convocados! Confira a lista!","og_description":"Edital CRECI MS: aprovados no certame s\u00e3o convocados. Saiba mais informa\u00e7\u00f5es neste artigo!","og_url":"https:\/\/www.estrategiaconcursos.com.br\/blog\/edital-creci-ms\/","og_site_name":"Estrat\u00e9gia Concursos","article_author":"https:\/\/www.facebook.com\/EstrategiaConcursos","article_published_time":"2021-05-24T03:00:00+00:00","article_modified_time":"2022-10-14T14:42:29+00:00","og_image":[{"width":1200,"height":628,"url":"https:\/\/dhg1h5j42swfq.cloudfront.net\/2020\/11\/27114012\/CRECI_MS-1.jpg","type":"image\/jpeg"}],"author":"Coordena\u00e7\u00e3o","twitter_card":"summary_large_image","twitter_creator":"@EstratConcursos","twitter_site":"@EstratConcursos","twitter_misc":{"Escrito por":"Coordena\u00e7\u00e3o","Est. tempo de leitura":"4 minutos"},"schema":{"@context":"https:\/\/schema.org","@graph":[{"@type":"NewsArticle","@id":"https:\/\/www.estrategiaconcursos.com.br\/blog\/edital-creci-ms\/#article","isPartOf":{"@id":"https:\/\/www.estrategiaconcursos.com.br\/blog\/edital-creci-ms\/"},"author":{"name":"Coordena\u00e7\u00e3o","@id":"https:\/\/www.estrategiaconcursos.com.br\/blog\/#\/schema\/person\/b4a388c97673c5f483d72185668afa1f"},"headline":"Edital CRECI MS: aprovados convocados! Confira a lista!","datePublished":"2021-05-24T03:00:00+00:00","dateModified":"2022-10-14T14:42:29+00:00","mainEntityOfPage":{"@id":"https:\/\/www.estrategiaconcursos.com.br\/blog\/edital-creci-ms\/"},"wordCount":747,"commentCount":1,"publisher":{"@id":"https:\/\/www.estrategiaconcursos.com.br\/blog\/#organization"},"image":{"@id":"https:\/\/www.estrategiaconcursos.com.br\/blog\/edital-creci-ms\/#primaryimage"},"thumbnailUrl":"https:\/\/dhg1h5j42swfq.cloudfront.net\/2020\/11\/27114012\/CRECI_MS-1.jpg","articleSection":["Concursos P\u00fablicos"],"inLanguage":"pt-BR","potentialAction":[{"@type":"CommentAction","name":"Comment","target":["https:\/\/www.estrategiaconcursos.com.br\/blog\/edital-creci-ms\/#respond"]}],"copyrightYear":"2021","copyrightHolder":{"@id":"https:\/\/www.estrategiaconcursos.com.br\/blog\/#organization"}},{"@type":"WebPage","@id":"https:\/\/www.estrategiaconcursos.com.br\/blog\/edital-creci-ms\/","url":"https:\/\/www.estrategiaconcursos.com.br\/blog\/edital-creci-ms\/","name":"Edital CRECI MS: aprovados convocados! Confira a lista!","isPartOf":{"@id":"https:\/\/www.estrategiaconcursos.com.br\/blog\/#website"},"primaryImageOfPage":{"@id":"https:\/\/www.estrategiaconcursos.com.br\/blog\/edital-creci-ms\/#primaryimage"},"image":{"@id":"https:\/\/www.estrategiaconcursos.com.br\/blog\/edital-creci-ms\/#primaryimage"},"thumbnailUrl":"https:\/\/dhg1h5j42swfq.cloudfront.net\/2020\/11\/27114012\/CRECI_MS-1.jpg","datePublished":"2021-05-24T03:00:00+00:00","dateModified":"2022-10-14T14:42:29+00:00","description":"Edital CRECI MS: aprovados no certame s\u00e3o convocados. Saiba mais informa\u00e7\u00f5es neste artigo!","breadcrumb":{"@id":"https:\/\/www.estrategiaconcursos.com.br\/blog\/edital-creci-ms\/#breadcrumb"},"inLanguage":"pt-BR","potentialAction":[{"@type":"ReadAction","target":["https:\/\/www.estrategiaconcursos.com.br\/blog\/edital-creci-ms\/"]}]},{"@type":"ImageObject","inLanguage":"pt-BR","@id":"https:\/\/www.estrategiaconcursos.com.br\/blog\/edital-creci-ms\/#primaryimage","url":"https:\/\/dhg1h5j42swfq.cloudfront.net\/2020\/11\/27114012\/CRECI_MS-1.jpg","contentUrl":"https:\/\/dhg1h5j42swfq.cloudfront.net\/2020\/11\/27114012\/CRECI_MS-1.jpg","width":1200,"height":628},{"@type":"BreadcrumbList","@id":"https:\/\/www.estrategiaconcursos.com.br\/blog\/edital-creci-ms\/#breadcrumb","itemListElement":[{"@type":"ListItem","position":1,"name":"In\u00edcio","item":"https:\/\/www.estrategiaconcursos.com.br\/blog\/"},{"@type":"ListItem","position":2,"name":"Edital CRECI MS: aprovados convocados! Confira a lista!"}]},{"@type":"WebSite","@id":"https:\/\/www.estrategiaconcursos.com.br\/blog\/#website","url":"https:\/\/www.estrategiaconcursos.com.br\/blog\/","name":"Estrat\u00e9gia Concursos","description":"O blog da Estrat\u00e9gia Concursos traz not\u00edcias sobre concursos e artigos de professores oferecendo cursos para concursos (pdf + videaulas) no site.","publisher":{"@id":"https:\/\/www.estrategiaconcursos.com.br\/blog\/#organization"},"potentialAction":[{"@type":"SearchAction","target":{"@type":"EntryPoint","urlTemplate":"https:\/\/www.estrategiaconcursos.com.br\/blog\/?s={search_term_string}"},"query-input":{"@type":"PropertyValueSpecification","valueRequired":true,"valueName":"search_term_string"}}],"inLanguage":"pt-BR"},{"@type":"Organization","@id":"https:\/\/www.estrategiaconcursos.com.br\/blog\/#organization","name":"Estrat\u00e9gia Concursos","url":"https:\/\/www.estrategiaconcursos.com.br\/blog\/","logo":{"@type":"ImageObject","inLanguage":"pt-BR","@id":"https:\/\/www.estrategiaconcursos.com.br\/blog\/#\/schema\/logo\/image\/","url":"https:\/\/dhg1h5j42swfq.cloudfront.net\/2025\/06\/03203428\/logo_concursos-1.jpg","contentUrl":"https:\/\/dhg1h5j42swfq.cloudfront.net\/2025\/06\/03203428\/logo_concursos-1.jpg","width":230,"height":60,"caption":"Estrat\u00e9gia Concursos"},"image":{"@id":"https:\/\/www.estrategiaconcursos.com.br\/blog\/#\/schema\/logo\/image\/"},"sameAs":["https:\/\/x.com\/EstratConcursos"]},{"@type":"Person","@id":"https:\/\/www.estrategiaconcursos.com.br\/blog\/#\/schema\/person\/b4a388c97673c5f483d72185668afa1f","name":"Coordena\u00e7\u00e3o","image":{"@type":"ImageObject","inLanguage":"pt-BR","@id":"https:\/\/secure.gravatar.com\/avatar\/b720319e4c9a967eb58678d110f4fe35452fc5d5f97b202bac7b8acceb18c6ad?s=96&d=mm&r=g","url":"https:\/\/secure.gravatar.com\/avatar\/b720319e4c9a967eb58678d110f4fe35452fc5d5f97b202bac7b8acceb18c6ad?s=96&d=mm&r=g","contentUrl":"https:\/\/secure.gravatar.com\/avatar\/b720319e4c9a967eb58678d110f4fe35452fc5d5f97b202bac7b8acceb18c6ad?s=96&d=mm&r=g","caption":"Coordena\u00e7\u00e3o"},"sameAs":["https:\/\/www.facebook.com\/EstrategiaConcursos","https:\/\/x.com\/EstratConcursos"],"url":"https:\/\/www.estrategiaconcursos.com.br\/blog\/author\/estrategia2013\/"}]}},"_links":{"self":[{"href":"https:\/\/www.estrategiaconcursos.com.br\/blog\/wp-json\/wp\/v2\/posts\/622757","targetHints":{"allow":["GET"]}}],"collection":[{"href":"https:\/\/www.estrategiaconcursos.com.br\/blog\/wp-json\/wp\/v2\/posts"}],"about":[{"href":"https:\/\/www.estrategiaconcursos.com.br\/blog\/wp-json\/wp\/v2\/types\/post"}],"author":[{"embeddable":true,"href":"https:\/\/www.estrategiaconcursos.com.br\/blog\/wp-json\/wp\/v2\/users\/1"}],"replies":[{"embeddable":true,"href":"https:\/\/www.estrategiaconcursos.com.br\/blog\/wp-json\/wp\/v2\/comments?post=622757"}],"version-history":[{"count":21,"href":"https:\/\/www.estrategiaconcursos.com.br\/blog\/wp-json\/wp\/v2\/posts\/622757\/revisions"}],"predecessor-version":[{"id":1110119,"href":"https:\/\/www.estrategiaconcursos.com.br\/blog\/wp-json\/wp\/v2\/posts\/622757\/revisions\/1110119"}],"wp:featuredmedia":[{"embeddable":true,"href":"https:\/\/www.estrategiaconcursos.com.br\/blog\/wp-json\/wp\/v2\/media\/618369"}],"wp:attachment":[{"href":"https:\/\/www.estrategiaconcursos.com.br\/blog\/wp-json\/wp\/v2\/media?parent=622757"}],"wp:term":[{"taxonomy":"category","embeddable":true,"href":"https:\/\/www.estrategiaconcursos.com.br\/blog\/wp-json\/wp\/v2\/categories?post=622757"},{"taxonomy":"post_tag","embeddable":true,"href":"https:\/\/www.estrategiaconcursos.com.br\/blog\/wp-json\/wp\/v2\/tags?post=622757"},{"taxonomy":"tax_estado","embeddable":true,"href":"https:\/\/www.estrategiaconcursos.com.br\/blog\/wp-json\/wp\/v2\/tax_estado?post=622757"}],"curies":[{"name":"wp","href":"https:\/\/api.w.org\/{rel}","templated":true}]}}