{"id":622228,"date":"2020-12-11T13:40:00","date_gmt":"2020-12-11T16:40:00","guid":{"rendered":"https:\/\/www.estrategiaconcursos.com.br\/blog\/?p=622228"},"modified":"2020-12-08T13:08:49","modified_gmt":"2020-12-08T16:08:49","slug":"resumo-geral-do-iss-aracaju-informacoes-essenciais-parte-3","status":"publish","type":"post","link":"https:\/\/www.estrategiaconcursos.com.br\/blog\/resumo-geral-do-iss-aracaju-informacoes-essenciais-parte-3\/","title":{"rendered":"Resumo Geral do ISS Aracaju \u2013 Informa\u00e7\u00f5es essenciais \u2013 parte 3"},"content":{"rendered":"\n<p>Ol\u00e1, pessoal. Tudo certo? Voltemos hoje com a parte do 3 do Resumo Geral do ISS Aracaju. Veremos algumas disposi\u00e7\u00f5es das Normas Gerais, al\u00e9m das disposi\u00e7\u00f5es principais do Processo Administrativo Fiscal na <a href=\"https:\/\/fazenda.aracaju.se.gov.br\/app-semfaz\/\" data-type=\"URL\" data-id=\"https:\/\/fazenda.aracaju.se.gov.br\/app-semfaz\/\">Legisla\u00e7\u00e3o de Aracaju.<\/a><\/p>\n\n\n\n<div class=\"wp-block-image\"><figure class=\"aligncenter size-large is-resized\"><img loading=\"lazy\" decoding=\"async\" src=\"https:\/\/dhg1h5j42swfq.cloudfront.net\/2020\/12\/03135546\/image-44.png\" alt=\"Resumo Geral do ISS AJU \" class=\"wp-image-622262\" width=\"187\" height=\"239\" srcset=\"https:\/\/dhg1h5j42swfq.cloudfront.net\/2020\/12\/03135546\/image-44.png 290w, https:\/\/dhg1h5j42swfq.cloudfront.net\/2020\/12\/03135546\/image-44-235x300.png 235w\" sizes=\"auto, (max-width: 187px) 100vw, 187px\" \/><figcaption>Resumo Geral do ISS Aracaju<\/figcaption><\/figure><\/div>\n\n\n\n<p>Vamos l\u00e1?<\/p>\n\n\n\n<h2 class=\"wp-block-heading\">Normas Gerais<\/h2>\n\n\n\n<p>Vamos iniciar o artigo do Resumo Geral do ISS Aracaju pelas Normas Gerais.<\/p>\n\n\n\n<p>Das normas gerais, ressaltaremos alguns pontos que, apesar de j\u00e1 terem sido explorados em outros artigos, s\u00e3o de extrema import\u00e2ncia e de <strong><span class=\"has-inline-color has-vivid-red-color\">grande probabilidade de cobran\u00e7a<\/span><\/strong>, por isso vamos rev\u00ea-las.<\/p>\n\n\n\n<h3 class=\"wp-block-heading\">Desconsidera\u00e7\u00e3o do Neg\u00f3cio Jur\u00eddico<\/h3>\n\n\n\n<p>Sabemos que a autoridade administrativa (Auditor Fiscal) poder\u00e1 <strong>desconsiderar atos ou neg\u00f3cios jur\u00eddicos<\/strong> praticados com a finalidade de dissimular a ocorr\u00eancia do fato gerador do tributo ou a natureza dos elementos constitutivos da obriga\u00e7\u00e3o tribut\u00e1ria, desde que observados os procedimentos estabelecidos no pr\u00f3prio <span class=\"has-inline-color has-vivid-red-color\"><strong>CTM<\/strong> <\/span>ou em <strong>lei ordin\u00e1ria<\/strong>.<\/p>\n\n\n\n<p>Nesse sentido temos que:<\/p>\n\n\n\n<p><em>Para<span class=\"has-inline-color has-vivid-cyan-blue-color\"> <strong>desconsiderar ato ou neg\u00f3cio jur\u00eddico simulado<\/strong><\/span> que visem (Art. 13 \u00a7 2)<\/em><\/p>\n\n\n\n<ul class=\"wp-block-list\"><li><strong><em><span class=\"has-inline-color has-vivid-green-cyan-color\">Reduzir o valor do tributo<\/span>,<\/em><\/strong><\/li><li><strong><em><span class=\"has-inline-color has-vivid-green-cyan-color\">evitar ou postergar seu pagamento<\/span>; <\/em><\/strong><em>ou<\/em><\/li><li><em><span class=\"has-inline-color has-vivid-green-cyan-color\"><strong>ocultar os verdadeiros aspectos do fato gerador<\/strong><\/span><\/em><strong><em> ;<\/em><\/strong><em> ou <\/em><\/li><li><strong><span class=\"has-inline-color has-vivid-green-cyan-color\"><em>ocultar<\/em> <em>a real natureza dos elementos constitutivos da obriga\u00e7\u00e3o tribut\u00e1ria<\/em><\/span><\/strong>.<\/li><\/ul>\n\n\n\n<p><strong><span class=\"has-inline-color has-vivid-cyan-blue-color\"><em>Dever-se-\u00e1<\/em><\/span><\/strong><em><span class=\"has-inline-color has-vivid-cyan-blue-color\"> <strong>levar em conta<\/strong><\/span>, entre outras, a <strong><span class=\"has-inline-color has-vivid-cyan-blue-color\">ocorr\u00eancia <\/span><\/strong>de:<\/em><\/p>\n\n\n\n<ul class=\"wp-block-list\"><li><strong><em><span class=\"has-inline-color has-vivid-green-cyan-color\">falta de prop\u00f3sito negocial<\/span><\/em><\/strong><em>;<\/em><\/li><li><strong><span class=\"has-inline-color has-vivid-purple-color\"><em>abuso de<\/em><\/span><\/strong><em><span class=\"has-inline-color has-vivid-purple-color\"> <strong>forma<\/strong>.<\/span><\/em><\/li><\/ul>\n\n\n\n<p>Trata-se de uma disposi\u00e7\u00e3o que n\u00e3o est\u00e1 expressa no CTN, assim h\u00e1 uma grande probabilidade de ser cobrada.&nbsp; Vejamos o que o CTM considerou como <strong>falta de prop\u00f3sito negocial<\/strong> e<strong> abuso de forma<\/strong>.<\/p>\n\n\n\n<ul class=\"wp-block-list\"><li><strong><span class=\"has-inline-color has-vivid-green-cyan-color\">Falta de prop\u00f3sito negocial <\/span><\/strong>(\u00a73\u00ba): a <strong>op\u00e7\u00e3o pela <span class=\"has-inline-color has-vivid-red-color\">forma <\/span>mais complexa ou mais onerosa <\/strong>para os envolvidos, entre duas ou mais formas para a pr\u00e1tica de determinado ato.<\/li><li><strong><span class=\"has-inline-color has-vivid-purple-color\">Abuso de forma<\/span><\/strong> (\u00a74\u00ba): a pr\u00e1tica de ato ou <strong><span class=\"has-inline-color has-vivid-red-color\">neg\u00f3cio<\/span> jur\u00eddico indireto<\/strong> que produza o mesmo resultado econ\u00f4mico do ato ou neg\u00f3cio jur\u00eddico dissimulado.<\/li><\/ul>\n\n\n\n<p>Essas disposi\u00e7\u00f5es <strong>devem ser decoradas<\/strong>, mas para facilitar a memoriza\u00e7\u00e3o vamos pensar o seguinte, o <strong>prop\u00f3sito negocial <\/strong>de \u201ctoda\u201d opera\u00e7\u00e3o \u00e9 o lucro, assim se as partes optarem pela forma mais complexa\/onerosa h\u00e1 um claro indicativo de <strong>falta de prop\u00f3sito negocial.<\/strong><\/p>\n\n\n\n<p>Da mesma forma que ao realizar um neg\u00f3cio jur\u00eddica busca-se, em regra, a op\u00e7\u00e3o mais simples, ou seja, o neg\u00f3cio jur\u00eddico de forma direta, logo se h\u00e1 um neg\u00f3cio jur\u00eddico indireto para produzir o mesmo efeito, h\u00e1 um indicativo de <strong>abuso de forma.<\/strong><\/p>\n\n\n\n<h4 class=\"wp-block-heading\">Bizu<\/h4>\n\n\n\n<p><strong>Abuso de forma X falta de prop\u00f3sito negocial<\/strong><\/p>\n\n\n\n<ul class=\"wp-block-list\"><li>Se h\u00e1 <strong><span class=\"has-inline-color has-vivid-red-color\">forma <\/span><\/strong>-&gt; N\u00e3o h\u00e1<strong> <\/strong><span class=\"has-inline-color has-vivid-purple-color\"><strong>abuso de<\/strong> <strong>forma<\/strong><\/span><\/li><li>Se h\u00e1<strong> <span class=\"has-inline-color has-vivid-red-color\">neg\u00f3cio <\/span><\/strong>-&gt; -&gt; N\u00e3o h\u00e1<strong> <span class=\"has-inline-color has-vivid-green-cyan-color\">falta de prop\u00f3sito negocial<\/span><\/strong><\/li><\/ul>\n\n\n\n<p><strong><span class=\"has-inline-color has-luminous-vivid-amber-color\">Obs.<\/span> <\/strong>Observe as palavras \u201cforma\u201d e \u201cneg\u00f3cio\u201d em destaque na literalidade do par\u00e1grafo 3\u00ba e 4\u00ba para compreender o bizu.<\/p>\n\n\n\n<h3 class=\"wp-block-heading\">Atualiza\u00e7\u00e3o monet\u00e1ria<\/h3>\n\n\n\n<p>Pessoal, aten\u00e7\u00e3o as disposi\u00e7\u00f5es do CTM quanto a atualiza\u00e7\u00e3o monet\u00e1ria para os casos em pagamento em destempo e no caso de restitui\u00e7\u00e3o (ind\u00e9bito tribut\u00e1rio), pois o termo inicial \u00e9 diferente.<\/p>\n\n\n\n<p><strong><span class=\"has-inline-color has-cyan-bluish-gray-color\">Atualiza\u00e7\u00e3o monet\u00e1ria<\/span><\/strong><\/p>\n\n\n\n<ul class=\"wp-block-list\"><li><strong><span class=\"has-inline-color has-vivid-purple-color\">Pagamento em destempo<\/span><\/strong> (Art. 33, \u00a72\u00ba) -&gt;&nbsp; <strong>dia seguinte<\/strong> em que o recolhimento deveria ter sido efetuado<\/li><li><span class=\"has-inline-color has-vivid-purple-color\"><strong>Ind\u00e9bito tribut\u00e1rio<\/strong> <\/span>(Art. 36, \u00a72\u00ba) -&gt; <strong>data de ingresso<\/strong> do pedido da restitui\u00e7\u00e3o<strong><span class=\"has-inline-color has-luminous-vivid-amber-color\">*<\/span><\/strong><\/li><\/ul>\n\n\n\n<p><span class=\"has-inline-color has-luminous-vivid-amber-color\">*<\/span>A disposi\u00e7\u00e3o referente a atualiza\u00e7\u00e3o no ind\u00e9bito tribut\u00e1rio contraria a S\u00famula 162 do STJ.<\/p>\n\n\n\n<p><em>STJ, S\u00famula 162 &#8211; Na repeti\u00e7\u00e3o de ind\u00e9bito tribut\u00e1rio, a corre\u00e7\u00e3o monet\u00e1ria incide a <strong>partir do pagamento indevido<\/strong>.<\/em><\/p>\n\n\n\n<h3 class=\"wp-block-heading\">Den\u00fancia espont\u00e2nea<\/h3>\n\n\n\n<p>A den\u00fancia espont\u00e2nea foi disciplina no CTM de Aracaju com uma literalidade um pouco diferente da den\u00fancia espont\u00e2nea do C\u00f3digo Tribut\u00e1rio Nacional, ent\u00e3o aten\u00e7\u00e3o.<\/p>\n\n\n\n<p><strong><span class=\"has-inline-color has-vivid-cyan-blue-color\">Quem poder\u00e1 utilizar da den\u00fancia espont\u00e2nea<\/span><\/strong> (Art. 67)<\/p>\n\n\n\n<ul class=\"wp-block-list\"><li><strong><span class=\"has-inline-color has-vivid-green-cyan-color\">Contribuinte<\/span><\/strong>;<\/li><li><strong><span class=\"has-inline-color has-vivid-green-cyan-color\">Respons\u00e1vel<\/span><\/strong>; ou<\/li><li><strong><span class=\"has-inline-color has-vivid-green-cyan-color\">Demais pessoas envolvidas em infra\u00e7\u00f5es<\/span><\/strong>.<\/li><\/ul>\n\n\n\n<p><span class=\"has-inline-color has-vivid-cyan-blue-color\"><strong>Requisitos<\/strong> <\/span>(Art. 67)<\/p>\n\n\n\n<ul class=\"wp-block-list\"><li><strong><span class=\"has-inline-color has-vivid-green-cyan-color\">falta seja corrigida <\/span><span class=\"has-inline-color has-vivid-red-color\">imediatamente<\/span><\/strong>; <span style=\"text-decoration: underline\">ou se for o caso<\/span><\/li><li><strong><span class=\"has-inline-color has-vivid-green-cyan-color\">efetuado o pagamento do tributo devido, com os acr\u00e9scimos legais cab\u00edveis<\/span><\/strong>; ou<\/li><li><strong><span class=\"has-inline-color has-vivid-green-cyan-color\">depositada a import\u00e2ncia arbitrada <\/span><\/strong>pela autoridade administrativa, quando o montante do tributo depende da apura\u00e7\u00e3o<\/li><\/ul>\n\n\n\n<h3 class=\"wp-block-heading\">Dos tributos<\/h3>\n\n\n\n<p>Do C\u00f3digo tribut\u00e1rio Nacional sabemos que as esp\u00e9cies de tributos s\u00e3o impostos, taxas e <strong>contribui\u00e7\u00f5es de melhoria<\/strong>, conforme o artigo quinto.<\/p>\n\n\n\n<p>J\u00e1 as <strong><span class=\"has-inline-color has-vivid-cyan-blue-color\">esp\u00e9cies tribut\u00e1rias<\/span><\/strong>, conforme o CTM s\u00e3o (Art. 89):<\/p>\n\n\n\n<ul class=\"wp-block-list\"><li><strong><em><span class=\"has-inline-color has-vivid-green-cyan-color\">impostos<\/span><\/em><\/strong><em>,<\/em><\/li><li><strong><span class=\"has-inline-color has-vivid-green-cyan-color\"><em>taxas<\/em><\/span><\/strong><em><span class=\"has-inline-color has-vivid-green-cyan-color\"> <\/span>e<\/em><\/li><li><strong><em><span class=\"has-inline-color has-vivid-red-color\">contribui\u00e7\u00f5es<\/span><\/em><\/strong><em>.<\/em><\/li><\/ul>\n\n\n\n<p>Ao inv\u00e9s da literalidade \u201cpadr\u00e3o\u201d, incluindo a contribui\u00e7\u00e3o de melhoria, o CTM elencou \u201ccontribui\u00e7\u00f5es\u201d, aten\u00e7\u00e3o.<\/p>\n\n\n\n<h2 class=\"wp-block-heading\">Processo Administrativo Fiscal (PAF)<\/h2>\n\n\n\n<p>O Processo Administrativo Fiscal (PAF) ou Processo Administrativo Tribut\u00e1rio (PAT) tem por objetivo regular os atos da Administra\u00e7\u00e3o e do contribuinte de tal forma a adequar a rela\u00e7\u00e3o tribut\u00e1ria com os comandos legais e constitucionais, vejamos as disposi\u00e7\u00f5es do CTM de Aracaju.<\/p>\n\n\n\n<h3 class=\"wp-block-heading\">In\u00edcio da PF<\/h3>\n\n\n\n<p><strong><span class=\"has-inline-color has-vivid-cyan-blue-color\">Considera-se processo administrativo fiscal<\/span><\/strong> aquele que verse sobre (Art. 240 , \u00a7u):<\/p>\n\n\n\n<ul class=\"wp-block-list\"><li><strong><span class=\"has-inline-color has-vivid-green-cyan-color\">consulta<\/span>,<\/strong><\/li><li><strong><span class=\"has-inline-color has-vivid-green-cyan-color\">interpreta\u00e7\u00e3o<\/span> e<\/strong><\/li><li><strong><span class=\"has-inline-color has-vivid-green-cyan-color\">aplica\u00e7\u00e3o da legisla\u00e7\u00e3o tribut\u00e1ria<\/span><\/strong><\/li><\/ul>\n\n\n\n<p><span class=\"has-inline-color has-vivid-cyan-blue-color\"><strong>Ele ser\u00e1 iniciado<\/strong> <\/span>(Art. 240, caput)<\/p>\n\n\n\n<ul class=\"wp-block-list\"><li><strong><span class=\"has-inline-color has-vivid-green-cyan-color\">por peti\u00e7\u00e3o da parte interessada<\/span><\/strong>, ou<\/li><li><strong><span class=\"has-inline-color has-vivid-green-cyan-color\">of\u00edcio pela autoridade competente<\/span><\/strong><\/li><\/ul>\n\n\n\n<p>Por <strong><span class=\"has-inline-color has-vivid-cyan-blue-color\">parte do contribuinte<\/span><\/strong>, ele poder\u00e1 postular o <strong><span class=\"has-inline-color has-vivid-green-cyan-color\">in\u00edcio do PAF<\/span><\/strong> (Art. 241)<\/p>\n\n\n\n<ul class=\"wp-block-list\"><li><strong><span class=\"has-inline-color has-vivid-purple-color\">Pessoalmente<\/span><\/strong>, ou<\/li><li><strong><span class=\"has-inline-color has-vivid-purple-color\">Atrav\u00e9s de preposto<\/span><\/strong> regularmente habilitado mediante mandato expresso<\/li><\/ul>\n\n\n\n<p>J\u00e1 por <strong><span class=\"has-inline-color has-vivid-cyan-blue-color\">parte do Fisco<\/span><\/strong>, <strong><span class=\"has-inline-color has-vivid-green-cyan-color\">mediante <\/span><\/strong>(Art. 255):<\/p>\n\n\n\n<ul class=\"wp-block-list\"><li><strong><span class=\"has-inline-color has-vivid-purple-color\">lavratura de auto de infra\u00e7\u00e3o<\/span>,<\/strong><\/li><li><strong><span class=\"has-inline-color has-vivid-purple-color\">nota de lan\u00e7amento<\/span><\/strong>,<\/li><\/ul>\n\n\n\n<p>Lembrando que o <strong><span class=\"has-inline-color has-vivid-green-cyan-color\">procedimento de pr\u00e9vio of\u00edcio<\/span> se inicia<\/strong> pela <strong>ci\u00eancia dada ao contribuinte<\/strong> de <strong>qualquer ato<\/strong> praticado por servidor competente para este fim (Art. 252)<\/p>\n\n\n\n<h3 class=\"wp-block-heading\">Do Lit\u00edgio<\/h3>\n\n\n\n<p>O processo contencioso (<strong><span class=\"has-inline-color has-vivid-cyan-blue-color\">lit\u00edgio tribut\u00e1rio<\/span><\/strong>) ocorre <strong>com apresenta\u00e7\u00e3o<\/strong>, pelo contribuinte, de <strong><span class=\"has-inline-color has-vivid-green-cyan-color\">defesa <\/span><\/strong>ou<strong> <\/strong><span class=\"has-inline-color has-vivid-green-cyan-color\"><strong>impugna\u00e7\u00e3o<\/strong> <\/span>(Art. 267):<\/p>\n\n\n\n<ul class=\"wp-block-list\"><li><strong><span class=\"has-inline-color has-vivid-purple-color\">Auto de infra\u00e7\u00e3o<\/span><\/strong>; <\/li><li><strong><span class=\"has-inline-color has-vivid-purple-color\">Nota de lan\u00e7amento<\/span><\/strong>;<\/li><li><span class=\"has-inline-color has-vivid-purple-color\"><strong>Indeferimento de pedidos de restitui\u00e7\u00e3o<\/strong> <\/span>de tributos, acr\u00e9scimos ou penalidades; <\/li><li><strong><span class=\"has-inline-color has-vivid-purple-color\">Recusa de recebimento <\/span><\/strong>de tributo, acr\u00e9scimos ou penalidades que o <strong>contribuinte procure espontaneamente recolher<\/strong>.<\/li><\/ul>\n\n\n\n<h4 class=\"wp-block-heading\">Do Julgamento em Primeira Inst\u00e2ncia<\/h4>\n\n\n\n<p>O <strong><span class=\"has-inline-color has-vivid-cyan-blue-color\">julgamento do lit\u00edgio tribut\u00e1rio em primeira inst\u00e2ncia<\/span><\/strong> administrativa <strong>compete \u00e0 Comiss\u00e3o Julgadora<\/strong>, <strong>composta<\/strong> (Art. 247):<\/p>\n\n\n\n<ul class=\"wp-block-list\"><li><strong><span class=\"has-inline-color has-vivid-green-cyan-color\">Chefe da Assessoria T\u00e9cnica <\/span><\/strong>da Secretaria Municipal da Fazenda \u2013 <strong>SEMFAZ<\/strong><\/li><li><strong><span class=\"has-inline-color has-vivid-green-cyan-color\">02 Auditores <\/span><\/strong>ou <strong><span class=\"has-inline-color has-vivid-green-cyan-color\">Fiscais de Tributos Municipais<\/span><\/strong>, em sistema de <strong>revezamento<\/strong><\/li><\/ul>\n\n\n\n<h3 class=\"wp-block-heading\">Dos Recursos<\/h3>\n\n\n\n<p>Da decis\u00e3o em primeira inst\u00e2ncia, caber\u00e1 os seguintes <span class=\"has-inline-color has-vivid-cyan-blue-color\"><strong>recursos<\/strong> <\/span>(Art. 276):<\/p>\n\n\n\n<ul class=\"wp-block-list\"><li><strong><span class=\"has-inline-color has-vivid-green-cyan-color\">de of\u00edcio<\/span><\/strong><\/li><li><strong><span class=\"has-inline-color has-vivid-purple-color\">volunt\u00e1rio<\/span><\/strong><\/li><\/ul>\n\n\n\n<p>O <strong><span class=\"has-inline-color has-vivid-purple-color\">recurso volunt\u00e1rio<\/span><\/strong> \u00e9 uma <span class=\"has-inline-color has-vivid-red-color\"><strong>possibilidade<\/strong> <\/span>por parte do <strong>contribuinte<\/strong>, enquanto que os <strong><span class=\"has-inline-color has-vivid-purple-color\">recursos de of\u00edcios <\/span><span class=\"has-inline-color has-vivid-red-color\">deve <\/span>ser interposto<\/strong>, <strong>obrigatoriamente<\/strong>, no ato da <strong>decis\u00e3o<\/strong> de primeira inst\u00e2ncia quando esta, total ou parcialmente, <strong>cancelar, modificar ou reduzir cr\u00e9ditos tribut\u00e1rios<\/strong> (tributos, multas, atualiza\u00e7\u00e3o monet\u00e1ria e acr\u00e9scimos de qualquer natureza), decorrentes de autos de infra\u00e7\u00e3o ou nota de lan\u00e7amento. (Art. 277).<\/p>\n\n\n\n<p><strong><span class=\"has-inline-color has-vivid-cyan-blue-color\">N\u00e3o h\u00e1 possibilidade de recursos nos seguintes casos:<\/span><\/strong><\/p>\n\n\n\n<ul class=\"wp-block-list\"><li><strong><span class=\"has-inline-color has-vivid-green-cyan-color\">retifica\u00e7\u00f5es decorrentes de erros de fato<\/span> <\/strong>(\u00a71\u00ba)<\/li><li><strong><span class=\"has-inline-color has-vivid-green-cyan-color\">retifica\u00e7\u00f5es relativos \u00e0s taxas <\/span><\/strong>(\u00a71\u00ba)<\/li><li><span class=\"has-inline-color has-vivid-green-cyan-color\"><strong>retifica\u00e7\u00f5es relativos ao IPTU<\/strong> <\/span>(\u00a71\u00ba)<\/li><li><strong><span class=\"has-inline-color has-vivid-green-cyan-color\">infra\u00e7\u00f5es do descumprimento de obriga\u00e7\u00f5es acess\u00f3rias<\/span> <\/strong>(\u00a72\u00ba)<\/li><\/ul>\n\n\n\n<h3 class=\"wp-block-heading\">Do Julgamento em Segunda Inst\u00e2ncia<\/h3>\n\n\n\n<p>Da decis\u00e3o em primeira inst\u00e2ncia, cabe <strong><span class=\"has-inline-color has-vivid-cyan-blue-color\">recurso volunt\u00e1rio ou de of\u00edcio para a segunda inst\u00e2ncia<\/span><\/strong>, que ser\u00e1 <strong>julgada<\/strong> pelo <strong><span class=\"has-inline-color has-vivid-green-cyan-color\">Conselho de Contribuintes <\/span>do Munic\u00edpio de Aracaju <\/strong>(Art. 280).<\/p>\n\n\n\n<p><strong><span class=\"has-inline-color has-vivid-green-cyan-color\">Conselho de Contribuintes<\/span> compor<\/strong>-se-\u00e1 de:<\/p>\n\n\n\n<ul class=\"wp-block-list\"><li><strong><span class=\"has-inline-color has-vivid-purple-color\">06 conselheiros<\/span>;<\/strong> e<\/li><li><strong><span class=\"has-inline-color has-vivid-purple-color\">01 Presidente<\/span><\/strong><\/li><\/ul>\n\n\n\n<p><strong><span class=\"has-inline-color has-vivid-cyan-blue-color\">N\u00e3o h\u00e1 possibilidade de recursos em 2\u00aa inst\u00e2ncia:<\/span><\/strong><\/p>\n\n\n\n<ul class=\"wp-block-list\"><li><strong><span class=\"has-inline-color has-vivid-green-cyan-color\">retifica\u00e7\u00f5es de erros de fato<\/span> <\/strong>(Art. 280, \u00a7u)<\/li><li><strong><span class=\"has-inline-color has-vivid-green-cyan-color\">c<\/span><\/strong><span class=\"has-inline-color has-vivid-green-cyan-color\"><strong>asos de reavalia\u00e7\u00e3o do valor venal de im\u00f3vel<\/strong> <\/span>(Art. 280, \u00a7u)<\/li><\/ul>\n\n\n\n<h4 class=\"wp-block-heading\">Pedido de reconsidera\u00e7\u00e3o<\/h4>\n\n\n\n<p>Caber\u00e1<span class=\"has-inline-color has-vivid-cyan-blue-color\"> <strong>pedido de reconsidera\u00e7\u00e3o<\/strong><\/span><strong> <\/strong>no prazo de <strong>30 dias<\/strong>, contados da publica\u00e7\u00e3o do ac\u00f3rd\u00e3o da decis\u00e3o no \u00f3rg\u00e3o oficial do Munic\u00edpio, com ementa sumariando a decis\u00e3o (Art. 286), das <strong><span class=\"has-inline-color has-vivid-red-color\">decis\u00f5es n\u00e3o un\u00e2nimes<\/span>.<\/strong><\/p>\n\n\n\n<p><span class=\"has-inline-color has-luminous-vivid-amber-color\"><strong>Obs.<\/strong> <\/span>O julgamento do pedido de <strong>reconsidera\u00e7\u00e3o limitar-se-\u00e1 \u00e0 parte n\u00e3o un\u00e2nime da decis\u00e3o<\/strong>.<\/p>\n\n\n\n<h3 class=\"wp-block-heading\">Da execu\u00e7\u00e3o das decis\u00f5es condenat\u00f3rias<\/h3>\n\n\n\n<p>Transitada em julgado a decis\u00e3o condenat\u00f3ria, o processo ser\u00e1 enviado \u00e0 reparti\u00e7\u00e3o de origem para que, conforme o caso, sejam adotadas as seguintes <span class=\"has-inline-color has-vivid-cyan-blue-color\"><strong>provid\u00eancias<\/strong> <\/span>(Art. 290)<\/p>\n\n\n\n<ul class=\"wp-block-list\"><li><strong><span class=\"has-inline-color has-vivid-green-cyan-color\">intima\u00e7\u00e3o do contribuinte<\/span><\/strong> e do fiador, se houver, para que <strong>recolha o d\u00e9bito<\/strong> e seus acr\u00e9scimos em <strong>30 dias<\/strong>;<\/li><li><strong><span class=\"has-inline-color has-vivid-green-cyan-color\">convers\u00e3o em renda do dep\u00f3sito em dinheiro<\/span><\/strong>;<\/li><li><strong><span class=\"has-inline-color has-vivid-green-cyan-color\">venda dos t\u00edtulos dados em garantia<\/span><\/strong>, convertendo-se seu valor em renda.<\/li><\/ul>\n\n\n\n<h3 class=\"wp-block-heading\">Da Consulta<\/h3>\n\n\n\n<p>A <strong><span class=\"has-inline-color has-vivid-cyan-blue-color\">consulta tribut\u00e1ria<\/span><\/strong> \u00e9 instrumento que o contribuinte possui para esclarecer d\u00favidas quanto \u00e0 interpreta\u00e7\u00e3o de determinado dispositivo da legisla\u00e7\u00e3o&nbsp;tribut\u00e1ria.<\/p>\n\n\n\n<p><strong><span class=\"has-inline-color has-vivid-green-cyan-color\">A peti\u00e7\u00e3o para apresenta\u00e7\u00e3o de consulta<\/span><\/strong> (Art. 292): dever\u00e1 ser apresentada ao <strong>\u00f3rg\u00e3o incumbido de administrar o tributo<\/strong> sobre o que versa<\/p>\n\n\n\n<p><span class=\"has-inline-color has-vivid-green-cyan-color\"><strong>Compet\u00eancia para proferir decis\u00e3o<\/strong> <\/span>(Art. 294): <strong>Chefe da Assessoria T\u00e9cnica<\/strong>, da Secretaria Municipal da Fazenda \u2013 SEMFAZ<\/p>\n\n\n\n<p><span class=\"has-inline-color has-vivid-cyan-blue-color\"><strong>A consulta ser\u00e1 inferida de plano quando<\/strong> <\/span>(Art. 295):<\/p>\n\n\n\n<ul class=\"wp-block-list\"><li>for efetuada <span class=\"has-inline-color has-vivid-green-cyan-color\"><strong>depois de iniciado o procedimento fiscal<\/strong> <\/span>contra o consulente;<\/li><li><strong><span class=\"has-inline-color has-vivid-green-cyan-color\">n\u00e3o observar os requisitos<\/span><\/strong> (Art. 247);<\/li><li><strong><span class=\"has-inline-color has-vivid-green-cyan-color\">manifestamente protelat\u00f3ria<\/span><\/strong>.<\/li><\/ul>\n\n\n\n<p><strong><span class=\"has-inline-color has-luminous-vivid-amber-color\">Obs.<\/span><\/strong> Enquanto n\u00e3o solucionada a consulta, nenhum procedimento fiscal ser\u00e1 iniciado contra o contribuinte, com rela\u00e7\u00e3o a mat\u00e9ria consultada (Art. 296). &nbsp;<\/p>\n\n\n\n<p><strong><span class=\"has-inline-color has-vivid-cyan-blue-color\">Ap\u00f3s a decis\u00e3o<\/span> <\/strong>(Art. 297): <strong>contribuinte<\/strong> dever\u00e1 <strong>adotar o procedimento<\/strong> por ela determinado, no prazo de <strong>15 dias<\/strong> contados de sua intima\u00e7\u00e3o.<\/p>\n\n\n\n<h2 class=\"wp-block-heading\">Considera\u00e7\u00f5es Finais<\/h2>\n\n\n\n<p>Pessoal, chegamos ao final Resumo Geral do ISS Aracaju.<\/p>\n\n\n\n<p>Este foi nosso \u00faltimo artigo sobre a Legisla\u00e7\u00e3o de Aracaju, buscamos trazer ao longo desses artigos as partes mais importantes e pol\u00eamicas, al\u00e9m de resumos para colaborar como seu estudo p\u00f3s edital, espero que tenhamos sido efetivos nesse objetivo.<\/p>\n\n\n\n<p>A prova agora est\u00e1 bem pr\u00f3xima, utilize essas informa\u00e7\u00f5es como forma de refrescar a mem\u00f3ria alguns dias antes da prova.<\/p>\n\n\n\n<p>Por fim, boa sorte na prova!<\/p>\n\n\n\n<h2 class=\"has-text-align-center wp-block-heading\" id=\"cursos-assinatura\">Quer estudar para o concurso ISS Aracaju?<\/h2>\n\n\n\n<p class=\"has-text-align-center\"><em>Gostou desta oportunidade e deseja come\u00e7ar se preparar agora mesmo? Ent\u00e3o, confira os nossos cursos e comece a estudar:<\/em><\/p>\n\n\n\n<p class=\"has-text-align-center has-luminous-vivid-amber-background-color has-background\"><strong><a rel=\"noreferrer noopener\" href=\"https:\/\/www.estrategiaconcursos.com.br\/cursos\/concurso\/\" target=\"_blank\">Curso para concurso<\/a><\/strong><\/p>\n\n\n\n<p class=\"has-text-align-center\"><em><strong>Assinatura Anual Ilimitada*<\/strong><\/em><\/p>\n\n\n\n<p class=\"has-text-align-center\"><em>Prepare-se com o melhor material e com quem mais aprova em Concursos P\u00fablicos em todo o pa\u00eds. Assine agora a nossa Assinatura Anual e tenha acesso ilimitado* a todos os nossos cursos.<\/em><\/p>\n\n\n\n<p class=\"has-text-align-center has-light-green-cyan-background-color has-background\"><strong>ASSINE AGORA<\/strong>&nbsp;\u2013&nbsp;<strong><a rel=\"noreferrer noopener\" href=\"https:\/\/www.estrategiaconcursos.com.br\/assinaturas\" target=\"_blank\">Assinatura Ilimitada<\/a><\/strong><\/p>\n\n\n\n<p class=\"has-text-align-center\"><strong><em><strong>Sistema de Quest\u00f5es<\/strong><\/em><\/strong><\/p>\n\n\n\n<p class=\"has-text-align-center\"><em>Estrat\u00e9gia Quest\u00f5es nasceu maior do que todos os concorrentes, com mais quest\u00f5es cadastradas e mais solu\u00e7\u00f5es por professores. Ent\u00e3o, confira e aproveite os descontos e b\u00f4nus imperd\u00edveis!<\/em><\/p>\n\n\n\n<p class=\"has-text-align-center has-vivid-green-cyan-background-color has-background\"><strong>ASSINE AGORA \u2013&nbsp;<a rel=\"noreferrer noopener\" href=\"https:\/\/www.estrategiaconcursos.com.br\/cursosPorConcurso\/sistema-de-questoes\/#\/\" target=\"_blank\">Sistema de Quest\u00f5es<\/a><\/strong><\/p>\n\n\n\n<p class=\"has-text-align-center\"><strong><em>Fique por dentro dos concursos em aberto<\/em><\/strong><\/p>\n\n\n\n<p class=\"has-text-align-center has-pale-cyan-blue-background-color has-background\"><a rel=\"noreferrer noopener\" href=\"https:\/\/www.estrategiaconcursos.com.br\/blog\/concursos-abertos\/\" target=\"_blank\"><strong>CONCURSOS ABERTOS<\/strong><\/a><\/p>\n\n\n\n<p class=\"has-text-align-center\"><strong><em>As oportunidades previstas<\/em><\/strong><\/p>\n\n\n\n<p class=\"has-text-align-center has-pale-cyan-blue-background-color has-background\"><a rel=\"noreferrer noopener\" href=\"https:\/\/www.estrategiaconcursos.com.br\/blog\/concursos-2020\/\" target=\"_blank\"><strong>CONCURSOS&nbsp;2020<\/strong><\/a><\/p>\n\n\n\n<p class=\"has-text-align-center has-pale-cyan-blue-background-color has-background\"><a rel=\"noreferrer noopener\" href=\"https:\/\/www.estrategiaconcursos.com.br\/blog\/concursos-2021\/\" target=\"_blank\"><strong>CONCURSOS 2021<\/strong><\/a><\/p>\n","protected":false},"excerpt":{"rendered":"<p>Ol\u00e1, pessoal. Tudo certo? Voltemos hoje com a parte do 3 do Resumo Geral do ISS Aracaju. Veremos algumas disposi\u00e7\u00f5es das Normas Gerais, al\u00e9m das disposi\u00e7\u00f5es principais do Processo Administrativo Fiscal na Legisla\u00e7\u00e3o de Aracaju. Vamos l\u00e1? Normas Gerais Vamos iniciar o artigo do Resumo Geral do ISS Aracaju pelas Normas Gerais. Das normas gerais, [&hellip;]<\/p>\n","protected":false},"author":1763,"featured_media":622262,"comment_status":"open","ping_status":"closed","sticky":false,"template":"","format":"standard","meta":{"post_tipo":"article","footnotes":""},"categories":[1983],"tags":[],"tax_estado":[219988],"class_list":["post-622228","post","type-post","status-publish","format-standard","has-post-thumbnail","hentry","category-fiscal-estadual","tax_estado-se"],"acf":[],"yoast_head":"<!-- This site is optimized with the Yoast SEO Premium plugin v27.2 (Yoast SEO v27.2) - https:\/\/yoast.com\/product\/yoast-seo-premium-wordpress\/ -->\n<title>Resumo Geral do ISS Aracaju \u2013 Informa\u00e7\u00f5es essenciais \u2013 parte 3<\/title>\n<meta name=\"description\" content=\"Veja nesse artigo um resumo Geral do ISS AJU para sua prova de LTM de Aracaju. Focando nas normas gerais e o Processo Administrativo Fiscal\" \/>\n<meta name=\"robots\" content=\"index, follow, max-snippet:-1, max-image-preview:large, max-video-preview:-1\" \/>\n<link rel=\"canonical\" href=\"https:\/\/www.estrategiaconcursos.com.br\/blog\/resumo-geral-do-iss-aracaju-informacoes-essenciais-parte-3\/\" \/>\n<meta property=\"og:locale\" content=\"pt_BR\" \/>\n<meta property=\"og:type\" content=\"article\" \/>\n<meta property=\"og:title\" content=\"Resumo Geral do ISS Aracaju \u2013 Informa\u00e7\u00f5es essenciais \u2013 parte 3\" \/>\n<meta property=\"og:description\" content=\"Veja nesse artigo um resumo Geral do ISS AJU para sua prova de LTM de Aracaju. Focando nas normas gerais e o Processo Administrativo Fiscal\" \/>\n<meta property=\"og:url\" content=\"https:\/\/www.estrategiaconcursos.com.br\/blog\/resumo-geral-do-iss-aracaju-informacoes-essenciais-parte-3\/\" \/>\n<meta property=\"og:site_name\" content=\"Estrat\u00e9gia Concursos\" \/>\n<meta property=\"article:published_time\" content=\"2020-12-11T16:40:00+00:00\" \/>\n<meta property=\"og:image\" content=\"https:\/\/dhg1h5j42swfq.cloudfront.net\/2020\/12\/03135546\/image-44.png\" \/>\n\t<meta property=\"og:image:width\" content=\"290\" \/>\n\t<meta property=\"og:image:height\" content=\"371\" \/>\n\t<meta property=\"og:image:type\" content=\"image\/png\" \/>\n<meta name=\"author\" content=\"Leonardo Menezes Passarin\" \/>\n<meta name=\"twitter:card\" content=\"summary_large_image\" \/>\n<meta name=\"twitter:creator\" content=\"@EstratConcursos\" \/>\n<meta name=\"twitter:site\" content=\"@EstratConcursos\" \/>\n<meta name=\"twitter:label1\" content=\"Escrito por\" \/>\n\t<meta name=\"twitter:data1\" content=\"Leonardo Menezes Passarin\" \/>\n\t<meta name=\"twitter:label2\" content=\"Est. tempo de leitura\" \/>\n\t<meta name=\"twitter:data2\" content=\"9 minutos\" \/>\n<script type=\"application\/ld+json\" class=\"yoast-schema-graph\">{\"@context\":\"https:\/\/schema.org\",\"@graph\":[{\"@type\":\"NewsArticle\",\"@id\":\"https:\/\/www.estrategiaconcursos.com.br\/blog\/resumo-geral-do-iss-aracaju-informacoes-essenciais-parte-3\/#article\",\"isPartOf\":{\"@id\":\"https:\/\/www.estrategiaconcursos.com.br\/blog\/resumo-geral-do-iss-aracaju-informacoes-essenciais-parte-3\/\"},\"author\":{\"name\":\"Leonardo Menezes Passarin\",\"@id\":\"https:\/\/www.estrategiaconcursos.com.br\/blog\/#\/schema\/person\/245b44e43eb13f0dbd04a7a078cd0d0d\"},\"headline\":\"Resumo Geral do ISS Aracaju \u2013 Informa\u00e7\u00f5es essenciais \u2013 parte 3\",\"datePublished\":\"2020-12-11T16:40:00+00:00\",\"mainEntityOfPage\":{\"@id\":\"https:\/\/www.estrategiaconcursos.com.br\/blog\/resumo-geral-do-iss-aracaju-informacoes-essenciais-parte-3\/\"},\"wordCount\":1722,\"commentCount\":0,\"publisher\":{\"@id\":\"https:\/\/www.estrategiaconcursos.com.br\/blog\/#organization\"},\"image\":{\"@id\":\"https:\/\/www.estrategiaconcursos.com.br\/blog\/resumo-geral-do-iss-aracaju-informacoes-essenciais-parte-3\/#primaryimage\"},\"thumbnailUrl\":\"https:\/\/dhg1h5j42swfq.cloudfront.net\/2020\/12\/03135546\/image-44.png\",\"articleSection\":[\"Fiscal - Estadual (ICMS)\"],\"inLanguage\":\"pt-BR\",\"potentialAction\":[{\"@type\":\"CommentAction\",\"name\":\"Comment\",\"target\":[\"https:\/\/www.estrategiaconcursos.com.br\/blog\/resumo-geral-do-iss-aracaju-informacoes-essenciais-parte-3\/#respond\"]}],\"copyrightYear\":\"2020\",\"copyrightHolder\":{\"@id\":\"https:\/\/www.estrategiaconcursos.com.br\/blog\/#organization\"}},{\"@type\":\"WebPage\",\"@id\":\"https:\/\/www.estrategiaconcursos.com.br\/blog\/resumo-geral-do-iss-aracaju-informacoes-essenciais-parte-3\/\",\"url\":\"https:\/\/www.estrategiaconcursos.com.br\/blog\/resumo-geral-do-iss-aracaju-informacoes-essenciais-parte-3\/\",\"name\":\"Resumo Geral do ISS Aracaju \u2013 Informa\u00e7\u00f5es essenciais \u2013 parte 3\",\"isPartOf\":{\"@id\":\"https:\/\/www.estrategiaconcursos.com.br\/blog\/#website\"},\"primaryImageOfPage\":{\"@id\":\"https:\/\/www.estrategiaconcursos.com.br\/blog\/resumo-geral-do-iss-aracaju-informacoes-essenciais-parte-3\/#primaryimage\"},\"image\":{\"@id\":\"https:\/\/www.estrategiaconcursos.com.br\/blog\/resumo-geral-do-iss-aracaju-informacoes-essenciais-parte-3\/#primaryimage\"},\"thumbnailUrl\":\"https:\/\/dhg1h5j42swfq.cloudfront.net\/2020\/12\/03135546\/image-44.png\",\"datePublished\":\"2020-12-11T16:40:00+00:00\",\"description\":\"Veja nesse artigo um resumo Geral do ISS AJU para sua prova de LTM de Aracaju. Focando nas normas gerais e o Processo Administrativo Fiscal\",\"breadcrumb\":{\"@id\":\"https:\/\/www.estrategiaconcursos.com.br\/blog\/resumo-geral-do-iss-aracaju-informacoes-essenciais-parte-3\/#breadcrumb\"},\"inLanguage\":\"pt-BR\",\"potentialAction\":[{\"@type\":\"ReadAction\",\"target\":[\"https:\/\/www.estrategiaconcursos.com.br\/blog\/resumo-geral-do-iss-aracaju-informacoes-essenciais-parte-3\/\"]}]},{\"@type\":\"ImageObject\",\"inLanguage\":\"pt-BR\",\"@id\":\"https:\/\/www.estrategiaconcursos.com.br\/blog\/resumo-geral-do-iss-aracaju-informacoes-essenciais-parte-3\/#primaryimage\",\"url\":\"https:\/\/dhg1h5j42swfq.cloudfront.net\/2020\/12\/03135546\/image-44.png\",\"contentUrl\":\"https:\/\/dhg1h5j42swfq.cloudfront.net\/2020\/12\/03135546\/image-44.png\",\"width\":290,\"height\":371},{\"@type\":\"BreadcrumbList\",\"@id\":\"https:\/\/www.estrategiaconcursos.com.br\/blog\/resumo-geral-do-iss-aracaju-informacoes-essenciais-parte-3\/#breadcrumb\",\"itemListElement\":[{\"@type\":\"ListItem\",\"position\":1,\"name\":\"In\u00edcio\",\"item\":\"https:\/\/www.estrategiaconcursos.com.br\/blog\/\"},{\"@type\":\"ListItem\",\"position\":2,\"name\":\"Resumo Geral do ISS Aracaju \u2013 Informa\u00e7\u00f5es essenciais \u2013 parte 3\"}]},{\"@type\":\"WebSite\",\"@id\":\"https:\/\/www.estrategiaconcursos.com.br\/blog\/#website\",\"url\":\"https:\/\/www.estrategiaconcursos.com.br\/blog\/\",\"name\":\"Estrat\u00e9gia Concursos\",\"description\":\"O blog da Estrat\u00e9gia Concursos traz not\u00edcias sobre concursos e artigos de professores oferecendo cursos para concursos (pdf + videaulas) no site.\",\"publisher\":{\"@id\":\"https:\/\/www.estrategiaconcursos.com.br\/blog\/#organization\"},\"potentialAction\":[{\"@type\":\"SearchAction\",\"target\":{\"@type\":\"EntryPoint\",\"urlTemplate\":\"https:\/\/www.estrategiaconcursos.com.br\/blog\/?s={search_term_string}\"},\"query-input\":{\"@type\":\"PropertyValueSpecification\",\"valueRequired\":true,\"valueName\":\"search_term_string\"}}],\"inLanguage\":\"pt-BR\"},{\"@type\":\"Organization\",\"@id\":\"https:\/\/www.estrategiaconcursos.com.br\/blog\/#organization\",\"name\":\"Estrat\u00e9gia Concursos\",\"url\":\"https:\/\/www.estrategiaconcursos.com.br\/blog\/\",\"logo\":{\"@type\":\"ImageObject\",\"inLanguage\":\"pt-BR\",\"@id\":\"https:\/\/www.estrategiaconcursos.com.br\/blog\/#\/schema\/logo\/image\/\",\"url\":\"https:\/\/dhg1h5j42swfq.cloudfront.net\/2025\/06\/03203428\/logo_concursos-1.jpg\",\"contentUrl\":\"https:\/\/dhg1h5j42swfq.cloudfront.net\/2025\/06\/03203428\/logo_concursos-1.jpg\",\"width\":230,\"height\":60,\"caption\":\"Estrat\u00e9gia Concursos\"},\"image\":{\"@id\":\"https:\/\/www.estrategiaconcursos.com.br\/blog\/#\/schema\/logo\/image\/\"},\"sameAs\":[\"https:\/\/x.com\/EstratConcursos\"]},{\"@type\":\"Person\",\"@id\":\"https:\/\/www.estrategiaconcursos.com.br\/blog\/#\/schema\/person\/245b44e43eb13f0dbd04a7a078cd0d0d\",\"name\":\"Leonardo Menezes Passarin\",\"image\":{\"@type\":\"ImageObject\",\"inLanguage\":\"pt-BR\",\"@id\":\"https:\/\/secure.gravatar.com\/avatar\/fc0e5714ceaa97f24e6e6a30eab74ba8a701c2b62f8cab100ffdb22c6d8f42c3?s=96&d=mm&r=g\",\"url\":\"https:\/\/secure.gravatar.com\/avatar\/fc0e5714ceaa97f24e6e6a30eab74ba8a701c2b62f8cab100ffdb22c6d8f42c3?s=96&d=mm&r=g\",\"contentUrl\":\"https:\/\/secure.gravatar.com\/avatar\/fc0e5714ceaa97f24e6e6a30eab74ba8a701c2b62f8cab100ffdb22c6d8f42c3?s=96&d=mm&r=g\",\"caption\":\"Leonardo Menezes Passarin\"},\"url\":\"https:\/\/www.estrategiaconcursos.com.br\/blog\/author\/passarin-leonardohotmail-com\/\"}]}<\/script>\n<!-- \/ Yoast SEO Premium plugin. -->","yoast_head_json":{"title":"Resumo Geral do ISS Aracaju \u2013 Informa\u00e7\u00f5es essenciais \u2013 parte 3","description":"Veja nesse artigo um resumo Geral do ISS AJU para sua prova de LTM de Aracaju. Focando nas normas gerais e o Processo Administrativo Fiscal","robots":{"index":"index","follow":"follow","max-snippet":"max-snippet:-1","max-image-preview":"max-image-preview:large","max-video-preview":"max-video-preview:-1"},"canonical":"https:\/\/www.estrategiaconcursos.com.br\/blog\/resumo-geral-do-iss-aracaju-informacoes-essenciais-parte-3\/","og_locale":"pt_BR","og_type":"article","og_title":"Resumo Geral do ISS Aracaju \u2013 Informa\u00e7\u00f5es essenciais \u2013 parte 3","og_description":"Veja nesse artigo um resumo Geral do ISS AJU para sua prova de LTM de Aracaju. Focando nas normas gerais e o Processo Administrativo Fiscal","og_url":"https:\/\/www.estrategiaconcursos.com.br\/blog\/resumo-geral-do-iss-aracaju-informacoes-essenciais-parte-3\/","og_site_name":"Estrat\u00e9gia Concursos","article_published_time":"2020-12-11T16:40:00+00:00","og_image":[{"width":290,"height":371,"url":"https:\/\/dhg1h5j42swfq.cloudfront.net\/2020\/12\/03135546\/image-44.png","type":"image\/png"}],"author":"Leonardo Menezes Passarin","twitter_card":"summary_large_image","twitter_creator":"@EstratConcursos","twitter_site":"@EstratConcursos","twitter_misc":{"Escrito por":"Leonardo Menezes Passarin","Est. tempo de leitura":"9 minutos"},"schema":{"@context":"https:\/\/schema.org","@graph":[{"@type":"NewsArticle","@id":"https:\/\/www.estrategiaconcursos.com.br\/blog\/resumo-geral-do-iss-aracaju-informacoes-essenciais-parte-3\/#article","isPartOf":{"@id":"https:\/\/www.estrategiaconcursos.com.br\/blog\/resumo-geral-do-iss-aracaju-informacoes-essenciais-parte-3\/"},"author":{"name":"Leonardo Menezes Passarin","@id":"https:\/\/www.estrategiaconcursos.com.br\/blog\/#\/schema\/person\/245b44e43eb13f0dbd04a7a078cd0d0d"},"headline":"Resumo Geral do ISS Aracaju \u2013 Informa\u00e7\u00f5es essenciais \u2013 parte 3","datePublished":"2020-12-11T16:40:00+00:00","mainEntityOfPage":{"@id":"https:\/\/www.estrategiaconcursos.com.br\/blog\/resumo-geral-do-iss-aracaju-informacoes-essenciais-parte-3\/"},"wordCount":1722,"commentCount":0,"publisher":{"@id":"https:\/\/www.estrategiaconcursos.com.br\/blog\/#organization"},"image":{"@id":"https:\/\/www.estrategiaconcursos.com.br\/blog\/resumo-geral-do-iss-aracaju-informacoes-essenciais-parte-3\/#primaryimage"},"thumbnailUrl":"https:\/\/dhg1h5j42swfq.cloudfront.net\/2020\/12\/03135546\/image-44.png","articleSection":["Fiscal - Estadual (ICMS)"],"inLanguage":"pt-BR","potentialAction":[{"@type":"CommentAction","name":"Comment","target":["https:\/\/www.estrategiaconcursos.com.br\/blog\/resumo-geral-do-iss-aracaju-informacoes-essenciais-parte-3\/#respond"]}],"copyrightYear":"2020","copyrightHolder":{"@id":"https:\/\/www.estrategiaconcursos.com.br\/blog\/#organization"}},{"@type":"WebPage","@id":"https:\/\/www.estrategiaconcursos.com.br\/blog\/resumo-geral-do-iss-aracaju-informacoes-essenciais-parte-3\/","url":"https:\/\/www.estrategiaconcursos.com.br\/blog\/resumo-geral-do-iss-aracaju-informacoes-essenciais-parte-3\/","name":"Resumo Geral do ISS Aracaju \u2013 Informa\u00e7\u00f5es essenciais \u2013 parte 3","isPartOf":{"@id":"https:\/\/www.estrategiaconcursos.com.br\/blog\/#website"},"primaryImageOfPage":{"@id":"https:\/\/www.estrategiaconcursos.com.br\/blog\/resumo-geral-do-iss-aracaju-informacoes-essenciais-parte-3\/#primaryimage"},"image":{"@id":"https:\/\/www.estrategiaconcursos.com.br\/blog\/resumo-geral-do-iss-aracaju-informacoes-essenciais-parte-3\/#primaryimage"},"thumbnailUrl":"https:\/\/dhg1h5j42swfq.cloudfront.net\/2020\/12\/03135546\/image-44.png","datePublished":"2020-12-11T16:40:00+00:00","description":"Veja nesse artigo um resumo Geral do ISS AJU para sua prova de LTM de Aracaju. Focando nas normas gerais e o Processo Administrativo Fiscal","breadcrumb":{"@id":"https:\/\/www.estrategiaconcursos.com.br\/blog\/resumo-geral-do-iss-aracaju-informacoes-essenciais-parte-3\/#breadcrumb"},"inLanguage":"pt-BR","potentialAction":[{"@type":"ReadAction","target":["https:\/\/www.estrategiaconcursos.com.br\/blog\/resumo-geral-do-iss-aracaju-informacoes-essenciais-parte-3\/"]}]},{"@type":"ImageObject","inLanguage":"pt-BR","@id":"https:\/\/www.estrategiaconcursos.com.br\/blog\/resumo-geral-do-iss-aracaju-informacoes-essenciais-parte-3\/#primaryimage","url":"https:\/\/dhg1h5j42swfq.cloudfront.net\/2020\/12\/03135546\/image-44.png","contentUrl":"https:\/\/dhg1h5j42swfq.cloudfront.net\/2020\/12\/03135546\/image-44.png","width":290,"height":371},{"@type":"BreadcrumbList","@id":"https:\/\/www.estrategiaconcursos.com.br\/blog\/resumo-geral-do-iss-aracaju-informacoes-essenciais-parte-3\/#breadcrumb","itemListElement":[{"@type":"ListItem","position":1,"name":"In\u00edcio","item":"https:\/\/www.estrategiaconcursos.com.br\/blog\/"},{"@type":"ListItem","position":2,"name":"Resumo Geral do ISS Aracaju \u2013 Informa\u00e7\u00f5es essenciais \u2013 parte 3"}]},{"@type":"WebSite","@id":"https:\/\/www.estrategiaconcursos.com.br\/blog\/#website","url":"https:\/\/www.estrategiaconcursos.com.br\/blog\/","name":"Estrat\u00e9gia Concursos","description":"O blog da Estrat\u00e9gia Concursos traz not\u00edcias sobre concursos e artigos de professores oferecendo cursos para concursos (pdf + videaulas) no site.","publisher":{"@id":"https:\/\/www.estrategiaconcursos.com.br\/blog\/#organization"},"potentialAction":[{"@type":"SearchAction","target":{"@type":"EntryPoint","urlTemplate":"https:\/\/www.estrategiaconcursos.com.br\/blog\/?s={search_term_string}"},"query-input":{"@type":"PropertyValueSpecification","valueRequired":true,"valueName":"search_term_string"}}],"inLanguage":"pt-BR"},{"@type":"Organization","@id":"https:\/\/www.estrategiaconcursos.com.br\/blog\/#organization","name":"Estrat\u00e9gia Concursos","url":"https:\/\/www.estrategiaconcursos.com.br\/blog\/","logo":{"@type":"ImageObject","inLanguage":"pt-BR","@id":"https:\/\/www.estrategiaconcursos.com.br\/blog\/#\/schema\/logo\/image\/","url":"https:\/\/dhg1h5j42swfq.cloudfront.net\/2025\/06\/03203428\/logo_concursos-1.jpg","contentUrl":"https:\/\/dhg1h5j42swfq.cloudfront.net\/2025\/06\/03203428\/logo_concursos-1.jpg","width":230,"height":60,"caption":"Estrat\u00e9gia Concursos"},"image":{"@id":"https:\/\/www.estrategiaconcursos.com.br\/blog\/#\/schema\/logo\/image\/"},"sameAs":["https:\/\/x.com\/EstratConcursos"]},{"@type":"Person","@id":"https:\/\/www.estrategiaconcursos.com.br\/blog\/#\/schema\/person\/245b44e43eb13f0dbd04a7a078cd0d0d","name":"Leonardo Menezes Passarin","image":{"@type":"ImageObject","inLanguage":"pt-BR","@id":"https:\/\/secure.gravatar.com\/avatar\/fc0e5714ceaa97f24e6e6a30eab74ba8a701c2b62f8cab100ffdb22c6d8f42c3?s=96&d=mm&r=g","url":"https:\/\/secure.gravatar.com\/avatar\/fc0e5714ceaa97f24e6e6a30eab74ba8a701c2b62f8cab100ffdb22c6d8f42c3?s=96&d=mm&r=g","contentUrl":"https:\/\/secure.gravatar.com\/avatar\/fc0e5714ceaa97f24e6e6a30eab74ba8a701c2b62f8cab100ffdb22c6d8f42c3?s=96&d=mm&r=g","caption":"Leonardo Menezes Passarin"},"url":"https:\/\/www.estrategiaconcursos.com.br\/blog\/author\/passarin-leonardohotmail-com\/"}]}},"_links":{"self":[{"href":"https:\/\/www.estrategiaconcursos.com.br\/blog\/wp-json\/wp\/v2\/posts\/622228","targetHints":{"allow":["GET"]}}],"collection":[{"href":"https:\/\/www.estrategiaconcursos.com.br\/blog\/wp-json\/wp\/v2\/posts"}],"about":[{"href":"https:\/\/www.estrategiaconcursos.com.br\/blog\/wp-json\/wp\/v2\/types\/post"}],"author":[{"embeddable":true,"href":"https:\/\/www.estrategiaconcursos.com.br\/blog\/wp-json\/wp\/v2\/users\/1763"}],"replies":[{"embeddable":true,"href":"https:\/\/www.estrategiaconcursos.com.br\/blog\/wp-json\/wp\/v2\/comments?post=622228"}],"version-history":[{"count":4,"href":"https:\/\/www.estrategiaconcursos.com.br\/blog\/wp-json\/wp\/v2\/posts\/622228\/revisions"}],"predecessor-version":[{"id":625230,"href":"https:\/\/www.estrategiaconcursos.com.br\/blog\/wp-json\/wp\/v2\/posts\/622228\/revisions\/625230"}],"wp:featuredmedia":[{"embeddable":true,"href":"https:\/\/www.estrategiaconcursos.com.br\/blog\/wp-json\/wp\/v2\/media\/622262"}],"wp:attachment":[{"href":"https:\/\/www.estrategiaconcursos.com.br\/blog\/wp-json\/wp\/v2\/media?parent=622228"}],"wp:term":[{"taxonomy":"category","embeddable":true,"href":"https:\/\/www.estrategiaconcursos.com.br\/blog\/wp-json\/wp\/v2\/categories?post=622228"},{"taxonomy":"post_tag","embeddable":true,"href":"https:\/\/www.estrategiaconcursos.com.br\/blog\/wp-json\/wp\/v2\/tags?post=622228"},{"taxonomy":"tax_estado","embeddable":true,"href":"https:\/\/www.estrategiaconcursos.com.br\/blog\/wp-json\/wp\/v2\/tax_estado?post=622228"}],"curies":[{"name":"wp","href":"https:\/\/api.w.org\/{rel}","templated":true}]}}