{"id":621871,"date":"2020-12-07T07:15:51","date_gmt":"2020-12-07T10:15:51","guid":{"rendered":"https:\/\/www.estrategiaconcursos.com.br\/blog\/?p=621871"},"modified":"2023-06-26T11:11:09","modified_gmt":"2023-06-26T14:11:09","slug":"edital-pgm-vitoria","status":"publish","type":"post","link":"https:\/\/www.estrategiaconcursos.com.br\/blog\/edital-pgm-vitoria\/","title":{"rendered":"Edital PGM Vit\u00f3ria: concurso para Procurador SUSPENSO!"},"content":{"rendered":"\n<p style=\"font-size:clamp(16.293px, 1.018rem + ((1vw - 3.2px) * 0.854), 25px);px\"><strong><em>Edital PGM Vit\u00f3ria oferta uma vaga para Procurador Municipal <\/em><\/strong><\/p>\n\n\n\n<p>O concurso PGM Vit\u00f3ria que oferta aos candidatos&nbsp;<strong>uma vaga para o cargo de Procurador<\/strong> foi suspenso temporariamente. A decis\u00e3o sobre a retomada da sele\u00e7\u00e3o ser\u00e1 do Prefeito eleito, Delegado Pazolini. <\/p>\n\n\n\n<h2 class=\"wp-block-heading\" id=\"atual\">Edital PGM Vit\u00f3ria: Situa\u00e7\u00e3o atual<\/h2>\n\n\n\n<p>O concurso PGM Vit\u00f3ria que visa ofertar uma vaga para o cargo de Procurador est\u00e1 suspenso temporariamente. Confira no documento abaixo:<\/p>\n\n\n\n<p class=\"has-text-align-center has-pale-cyan-blue-background-color has-background has-medium-font-size\"><a href=\"https:\/\/dhg1h5j42swfq.cloudfront.net\/2020\/12\/07082447\/PGM-Vitoria-Suspensao.pdf\" target=\"_blank\" rel=\"noreferrer noopener\">Suspens\u00e3o<\/a><\/p>\n\n\n\n<h3 class=\"wp-block-heading\" id=\"data-pgm\">Principais datas <\/h3>\n\n\n\n<p class=\"has-light-green-cyan-background-color has-background\"><strong><em>Inscri\u00e7\u00f5es: <\/em><\/strong><s>07\/12\/2020 a 07\/01\/2021<\/s><strong><em><br \/>Taxa: <\/em><\/strong>R$ 116,00<strong><em><br \/>Prova: <\/em><\/strong><s>31\/01\/2021<\/s><\/p>\n\n\n\n<h2 class=\"wp-block-heading\" id=\"carreira\">Edital PGM Vit\u00f3ria: Carreira<\/h2>\n\n\n\n<h3 class=\"wp-block-heading\" id=\"cargo-pgm\">Cargos\/vagas e sal\u00e1rio inicial<\/h3>\n\n\n\n<figure class=\"wp-block-table aligncenter is-style-stripes\"><table class=\"has-background has-fixed-layout\" style=\"background-color:#fcf0ef\"><tbody><tr><td>CARGOS<\/td><td>VAGAS<\/td><td>ESCOLARIDADE<\/td><td>REMUNERA\u00c7\u00c3O<\/td><\/tr><tr><td>PROCURADOR<\/td><td>01 VAGA<\/td><td>N\u00cdVEL SUPERIOR<\/td><td> &nbsp;R$ 16.570,81&nbsp; <\/td><\/tr><\/tbody><\/table><\/figure>\n\n\n\n<h3 class=\"wp-block-heading\" id=\"requisito\">Requisitos do cargo <\/h3>\n\n\n\n<p>O ingresso na carreira ser\u00e1 por meio de concurso p\u00fablico de provas e t\u00edtulos. Al\u00e9m do <em>bacharelado em Direito e da inscri\u00e7\u00e3o na Ordem dos Advogados do Brasil<\/em>, ser\u00e1 tamb\u00e9m exigida a comprova\u00e7\u00e3o de <strong><em>tr\u00eas anos<\/em><\/strong> de advocacia efetiva, como experi\u00eancia profissional, comprovada pela pr\u00e1tica de pelo menos <strong><em>5 atos anuais privativos de advogado<\/em><\/strong>, conforme a Lei 8.906\/1994.<\/p>\n\n\n\n<p>Importante frisar que <strong>N\u00c3O<\/strong> ser\u00e1 computado como experi\u00eancia profissional: 1) tempo exercido <em><strong>antes<\/strong><\/em> da emiss\u00e3o da inscri\u00e7\u00e3o definitiva na OAB; 2)  Tempo de <em><strong>est\u00e1gio<\/strong><\/em>, de<em><strong> monitoria<\/strong><\/em> ou de <em><strong>bolsa de estudo<\/strong><\/em>. 3) Per\u00edodos <em><strong>concomitantes<\/strong><\/em>. <\/p>\n\n\n\n<h4 class=\"wp-block-heading\"><strong>Experi\u00eancia Profissional<\/strong><\/h4>\n\n\n\n<p>Conforme aponta o ANEXO I do edital, a experi\u00eancia profissional se prova das seguintes maneiras: <\/p>\n\n\n\n<ul class=\"wp-block-list\">\n<li><em>C\u00f3pia da Carteira de Trabalho e Previd\u00eancia Social (CTPS), p\u00e1gina de identifica\u00e7\u00e3o e contrato de trabalho (com in\u00edcio e fim), acrescida de declara\u00e7\u00e3o do empregador que informe o per\u00edodo (com in\u00edcio e fim, se for o caso) e a esp\u00e9cie do servi\u00e7o de n\u00edvel superior realizado, com a descri\u00e7\u00e3o das atividades desenvolvidas, se realizado na \u00e1rea privada. <\/em><\/li>\n\n\n\n<li><em>Certid\u00e3o\/declara\u00e7\u00e3o de tempo de servi\u00e7o que informe o per\u00edodo (com in\u00edcio e fim, se for o caso) e a esp\u00e9cie do servi\u00e7o de n\u00edvel superior realizado, com a descri\u00e7\u00e3o das atividades desenvolvidas, se realizado na \u00e1rea p\u00fablica. A certid\u00e3o\/declara\u00e7\u00e3o dever\u00e1 ser emitida por \u00f3rg\u00e3o de pessoal ou de recursos humanos. N\u00e3o havendo \u00f3rg\u00e3o de pessoal ou de recursos humanos, a autoridade respons\u00e1vel pela emiss\u00e3o do documento dever\u00e1 declarar\/certificar tamb\u00e9m essa inexist\u00eancia. <\/em><\/li>\n\n\n\n<li><em>Contrato de presta\u00e7\u00e3o de servi\u00e7os ou recibo de pagamento aut\u00f4nomo (RPA) acrescido de declara\u00e7\u00e3o do contratante que informe o per\u00edodo (com in\u00edcio e fim, se for o caso) e a esp\u00e9cie do servi\u00e7o realizado, no caso de servi\u00e7o prestado como aut\u00f4nomo, acompanhada do diploma de conclus\u00e3o de curso de gradua\u00e7\u00e3o em Direito. <\/em><\/li>\n\n\n\n<li><em>Certid\u00f5es que atestem o ajuizamento ou atua\u00e7\u00e3o em pelo menos 5 (cinco) novas a\u00e7\u00f5es por ano. <\/em><\/li>\n<\/ul>\n\n\n\n<h3 class=\"wp-block-heading\">Atribui\u00e7\u00f5es do Procurador do Munic\u00edpio <\/h3>\n\n\n\n<p>Constituem atribui\u00e7\u00f5es do Procurador Munic\u00edpio, de forma resumida: <\/p>\n\n\n\n<ul class=\"wp-block-list\">\n<li>Representar legalmente o Munic\u00edpio, judicial e extrajudicialmente <\/li>\n\n\n\n<li>Emitir pareceres sobre assuntos de natureza jur\u00eddica.<\/li>\n<\/ul>\n\n\n\n<h2 class=\"wp-block-heading\" id=\"prova-pgm\">Edital PGM Vit\u00f3ria: Etapas de provas <\/h2>\n\n\n\n<p>Este certame contar\u00e1 com 3 etapas, sendo:<\/p>\n\n\n\n<p><strong>1\u00aa Etapa:&nbsp;<\/strong>Prova Objetiva, de car\u00e1ter classificat\u00f3rio e eliminat\u00f3rio;<br \/><strong>2\u00aa Etapa:&nbsp;<\/strong>Prova Discursiva, de car\u00e1ter classificat\u00f3rio e eliminat\u00f3rio;<br \/><strong>3\u00aa Etapa:<\/strong>&nbsp;Prova de T\u00edtulos, de car\u00e1ter unicamente classificat\u00f3rio<\/p>\n\n\n\n<h3 class=\"wp-block-heading\" id=\"objetiva\"><strong>Prova Objetiva<\/strong><\/h3>\n\n\n\n<p>A Prova Objetiva, que ter\u00e1 dura\u00e7\u00e3o de 4 horas e 30 minutos, possui car\u00e1ter eliminat\u00f3rio e classificat\u00f3rio e ser\u00e1 constitu\u00edda de 80 quest\u00f5es de m\u00faltipla escolha com 5 alternativas, conforme o Quadro de Provas abaixo:<\/p>\n\n\n\n<p><\/p>\n\n\n\n<figure class=\"wp-block-table is-style-stripes\"><table class=\"has-background has-fixed-layout\" style=\"background-color:#e7f5fe\"><tbody><tr><td><strong>Disciplinas<\/strong><\/td><td><strong>n.\u00ba quest\u00f5es<\/strong><\/td><td><strong>Peso<\/strong><\/td><td><strong>Pontua\u00e7\u00e3o M\u00e1xima<\/strong><\/td><\/tr><tr><td>Direito Administrativo<\/td><td>10<\/td><td>1,25<\/td><td>12,5<\/td><\/tr><tr><td>Direito Constitucional<\/td><td>10 <\/td><td>1,25<\/td><td>12,5<\/td><\/tr><tr><td>Direito Processual Civil<\/td><td>10 <\/td><td>1,25<\/td><td>12,5<\/td><\/tr><tr><td>Direito Tribut\u00e1rio<\/td><td>10 <\/td><td>1,25<\/td><td>12,5<\/td><\/tr><tr><td>Direito Ambiental <\/td><td>10 <\/td><td>1,25<\/td><td>12,5<\/td><\/tr><tr><td>Direito Urban\u00edstico<\/td><td>10 <\/td><td>1,25<\/td><td>12,5<\/td><\/tr><tr><td>Direito do Trabalho e Processual do Trabalho<\/td><td>10 <\/td><td>1,25<\/td><td>12,5<\/td><\/tr><tr><td>Direito Civil e Direito Empresarial<\/td><td>10 <\/td><td>1,25<\/td><td>12,5<\/td><\/tr><tr><td><strong>Totais<\/strong><\/td><td><strong>80<\/strong><\/td><td><\/td><td><strong>100<\/strong><\/td><\/tr><\/tbody><\/table><\/figure>\n\n\n\n<p>Ser\u00e1 eliminado o candidato que n\u00e3o obtiver, pelo menos, 60% dos pontos<br \/>da Prova Objetiva e\/ou obtiver nota 0 em qualquer uma das disciplinas.<\/p>\n\n\n\n<h3 class=\"wp-block-heading\" id=\"discursiva\"><strong>Prova Discursiva<\/strong><\/h3>\n\n\n\n<p>A Prova Discursiva ter\u00e1 dura\u00e7\u00e3o de 4h30min, aplicada em dia distinto da Prova Objetiva.<\/p>\n\n\n\n<p>a) 03 quest\u00f5es discursivas, num total de 9,00 pontos, sendo 3,00 pontos para cada quest\u00e3o;<br \/>b) 01 pe\u00e7a processual, num total de 6,00 pontos;<br \/>c) 01 parecer, num total de 5,00 pontos.<\/p>\n\n\n\n<p>Valer\u00e1 20 pontos e ser\u00e1 aprovado na Prova Discursiva o candidato que obtiver, no m\u00ednimo, 10 pontos. <\/p>\n\n\n\n<p>Ser\u00e3o classificados os candidatos que ficarem at\u00e9 as seguintes coloca\u00e7\u00f5es: <\/p>\n\n\n\n<p><\/p>\n\n\n\n<figure class=\"wp-block-table is-style-stripes\"><table class=\"has-background has-fixed-layout\" style=\"background-color:#e9fbe5\"><tbody><tr><td><strong>Ampla Concorr\u00eancia<\/strong><\/td><td><strong>Negro e Ind\u00edgena<\/strong><\/td><td><strong>Pessoa com Defici\u00eancia<\/strong><\/td><\/tr><tr><td>54.\u00ba Coloca\u00e7\u00e3o  <\/td><td>26.\u00aa Coloca\u00e7\u00e3o  <\/td><td>5.\u00aa Coloca\u00e7\u00e3o <\/td><\/tr><\/tbody><\/table><\/figure>\n\n\n\n<h3 class=\"wp-block-heading\" id=\"t\u00edtulos\"><strong>Prova de T\u00edtulos<\/strong><\/h3>\n\n\n\n<p>Os t\u00edtulos dever\u00e3o ser entregues, no local, dia e hor\u00e1rio indicados na convoca\u00e7\u00e3o para a Etapa, por meio de c\u00f3pias autenticadas em cart\u00f3rio, EM ENVELOPE LACRADO, devendo o candidato colar na parte externa do mesmo a CAPA DE IDENTIFICA\u00c7\u00c3O, dispon\u00edvel no site do <\/p>\n\n\n\n<p>A pontua\u00e7\u00e3o m\u00e1xima ser\u00e1 de <strong>10,0 pontos<\/strong>. Os crit\u00e9rios adotados ser\u00e3o os seguintes: <\/p>\n\n\n\n<figure class=\"wp-block-table is-style-stripes\"><table class=\"has-background has-fixed-layout\" style=\"background-color:#e7f5fe\"><tbody><tr><td><strong>T\u00edtulo<\/strong><\/td><td><strong>Valor por t\u00edtulo<\/strong><\/td><td><strong>Total de pontos <\/strong><\/td><\/tr><tr><td>P\u00f3s-Gradua\u00e7\u00e3o Stricto Sensu \u2013 Doutorado <\/td><td>3,0<\/td><td>3,0<\/td><\/tr><tr><td> P\u00f3s-Gradua\u00e7\u00e3o Stricto Sensu \u2013 Mestrado<\/td><td>2,0<\/td><td>2,0<\/td><\/tr><tr><td>P\u00f3s-Gradua\u00e7\u00e3o Lato Sensu (360 horas) <\/td><td>1,0<\/td><td>1,0<\/td><\/tr><tr><td>Exerc\u00edcio da advocacia privada.<br \/>Exerc\u00edcio do cargo das carreiras jur\u00eddicas da Advocacia Geral da Uni\u00e3o, Procuradores Estaduais e<br \/>Municipais (inclusive Poder Legislativo e da Administra\u00e7\u00e3o indireta).<br \/>Membro da Magistratura.<br \/>Membro do Minist\u00e9rio P\u00fablico.<br \/>Membro da Defensoria P\u00fablica.<br \/>Delegado de Pol\u00edcia.<\/td><td> 0,40 por ano completo  <\/td><td>4,0<\/td><\/tr><tr><td><strong>TOTAL<\/strong><\/td><td><\/td><td><strong>10,0<\/strong><\/td><\/tr><\/tbody><\/table><\/figure>\n\n\n\n<h4 class=\"wp-block-heading\"><strong>Comprova\u00e7\u00e3o dos T\u00edtulos<\/strong><\/h4>\n\n\n\n<p>Para os cursos de<strong> Mestrado e Doutorado <\/strong>exigir-se-\u00e1 o diploma, acompanhado do hist\u00f3rico. Em caso de impossibilidade de apresenta\u00e7\u00e3o, ser\u00e3o aceitas, para fins de pontua\u00e7\u00e3o, declara\u00e7\u00f5es ou certid\u00f5es de conclus\u00e3o dos cursos Mestrado e Doutorado se o curso for conclu\u00eddo a partir de 01\/01\/2016, desde que constem do referido documento <em>a comprova\u00e7\u00e3o da defesa e aprova\u00e7\u00e3o da disserta\u00e7\u00e3o\/tese e o respectivo hist\u00f3rico. <\/em><\/p>\n\n\n\n<p>Em caso de impossibilidade de apresenta\u00e7\u00e3o do certificado de <strong>especializa\u00e7\u00e3o <em>lato sensu<\/em><\/strong>, ser\u00e1 aceita, para fins de pontua\u00e7\u00e3o, declara\u00e7\u00e3o ou certid\u00e3o de conclus\u00e3o se o curso for conclu\u00eddo a partir de 01\/01\/2016, desde que constem do referido documento, <em>o hist\u00f3rico escolar do curso, com data de conclus\u00e3o e aprova\u00e7\u00e3o da monografia<\/em>. <\/p>\n\n\n\n<p>Para fim de pontua\u00e7\u00e3o <strong>de tempo de<\/strong> <strong>atividade prestada<\/strong>, considerar-se-\u00e1 tempo de servi\u00e7o toda atividade desenvolvida estritamente na \u00e1rea jur\u00eddica, devendo ser observado o padr\u00e3o de comprova\u00e7\u00e3o especificado no quadro abaixo:<\/p>\n\n\n\n<p><\/p>\n\n\n\n<figure class=\"wp-block-table is-style-stripes\"><table class=\"has-background has-fixed-layout\" style=\"background-color:#e7f5fe\"><tbody><tr><td><strong>Atividade Prestada<\/strong><\/td><td><strong>Comprova\u00e7\u00e3o<\/strong><\/td><\/tr><tr><td> Em \u00f3rg\u00e3o p\u00fablico <\/td><td>Documento expedido pelo Poder Federal, Estadual ou Municipal, conforme o \u00e2mbito da presta\u00e7\u00e3o da atividade, em papel timbrado, com carimbo do \u00f3rg\u00e3o p\u00fablico expedidor, datado e assinado, especificando claramente a data (dia, m\u00eas e ano) do in\u00edcio e t\u00e9rmino da presta\u00e7\u00e3o do servi\u00e7o (ou a data de in\u00edcio e que ainda se encontra em atua\u00e7\u00e3o), n\u00e3o sendo aceitas, sob hip\u00f3tese alguma, declara\u00e7\u00f5es expedidas por qualquer \u00f3rg\u00e3o que n\u00e3o os especificados neste item. <\/td><\/tr><tr><td>Em empresa privada <\/td><td>C\u00f3pia autenticada em cart\u00f3rio da carteira de trabalho (p\u00e1gina de identifica\u00e7\u00e3o com foto e dados pessoais e p\u00e1gina com registro do(s) contrato(s) de trabalho). Em caso de contrato de trabalho em vigor (carteira sem data de sa\u00edda), o tempo de servi\u00e7o ser\u00e1 considerado at\u00e9 a data final indicada para a entrega dos t\u00edtulos <\/td><\/tr><tr><td>Como prestador de servi\u00e7o ou aut\u00f4nomo <\/td><td>C\u00f3pia autenticada em cart\u00f3rio do contrato de presta\u00e7\u00e3o de servi\u00e7os, obrigatoriamente acompanhado de c\u00f3pia autenticada em cart\u00f3rio ou original de declara\u00e7\u00e3o da empresa ou do setor onde atua\/atuou, em papel timbrado e com carimbo de CNPJ, data e assinatura do respons\u00e1vel pela emiss\u00e3o da declara\u00e7\u00e3o, comprovando efetivo per\u00edodo de atua\u00e7\u00e3o no cargo. O tempo de servi\u00e7o ser\u00e1 considerado at\u00e9 a data da assinatura da declara\u00e7\u00e3o. <\/td><\/tr><\/tbody><\/table><\/figure>\n\n\n\n<h2 class=\"wp-block-heading has-text-align-center\" id=\"cursos-assinatura\">Quer se preparar para o concurso PGM Vit\u00f3ria ES? <\/h2>\n\n\n\n<p class=\"has-text-align-center\"><em>Gostou dessa oportunidade e gostaria de come\u00e7ar a se preparar para este e outros certames correlatos? Acesse nossos cursos: <\/em><\/p>\n\n\n\n<div class=\"container\" id=\"boxes\">\n  <div class=\"row\">\n\n    <div class=\"col-sm\">\n      <div class=\"banner-ecj\" id=\"box-assinatura\">\n        <h3 class=\"titulo-assinatura\">Curso para PGM Vit\u00f3ria ES <\/h3>\n        <p class=\"subtitulo-assinatura\">Cursos focados no edital do concurso<\/p>\n        <div class=\"box-botao\">\n          <a class=\"btn-assinatura\" target=\"_blank\" href=\"https:\/\/www.estrategiaconcursos.com.br\/cursosPorConcurso\/pgm-vitoria-es-procurador-municipal\/\" role=\"button\" rel=\"noopener noreferrer\">Conhe\u00e7a mais<\/a>\n        <\/div>\n      <\/div>\n      <p class=\"texto-auxiliar\">Prepare-se com o melhor material e com quem mais aprova em concursos de Procuradorias em todo o pa\u00eds. \n<\/p>\n    <\/div>\n\n  <\/div>\n<\/div>\n\n\n\n<div class=\"container\" id=\"boxes\">\n  <div class=\"row\">\n\n    <div class=\"col-sm\">\n      <div class=\"banner-ecj\" id=\"box-assinatura\">\n        <h3 class=\"titulo-assinatura\">Assinatura Jur\u00eddica <\/h3>\n        <p class=\"subtitulo-assinatura\">Conhe\u00e7a os planos<\/p>\n        <div class=\"box-botao\">\n          <a class=\"btn-assinatura\" target=\"_blank\" href=\"https:\/\/www.estrategiaconcursos.com.br\/assinaturas-ecj\/\" role=\"button\" rel=\"noopener noreferrer\">Conhe\u00e7a mais<\/a>\n        <\/div>\n      <\/div>\n      <p class=\"texto-auxiliar\">Prepare-se com o melhor material e com quem mais aprova em Concursos P\u00fablicos em todo o pa\u00eds. \n<\/p>\n    <\/div>\n\n  <\/div>\n<\/div>\n\n\n\n<figure class=\"wp-block-image\"><img loading=\"lazy\" decoding=\"async\" width=\"300\" height=\"102\" src=\"https:\/\/dhg1h5j42swfq.cloudfront.net\/2017\/03\/28152500\/coruja-ficha-tecnica-300x102.png\" alt=\"Ficha t\u00e9cnica Concurso PGM Vit\u00f3ria ES\" class=\"wp-image-68542\"\/><\/figure>\n\n\n\n<h4 class=\"wp-block-heading\" id=\"ficha-tecnica\"><strong>\u25baInforma\u00e7\u00f5es do Edital PGM&nbsp;Vit\u00f3ria&nbsp;<\/strong>ES<\/h4>\n\n\n\n<p>\u25ba<strong>Vagas<\/strong>: 01 + CR<br \/>\u25ba<strong>Banca<\/strong>: IBADE<br \/>\u25ba<strong>Cargos<\/strong>: Procurador Municipal<br \/>\u25ba<strong>Lota\u00e7\u00f5es<\/strong>: Vit\u00f3ria (ES)<br \/>\u25ba<strong>Escolaridade<\/strong>: N\u00edvel Superior em Direito<br \/>\u25ba<strong>Edital<\/strong>:&nbsp;<a href=\"https:\/\/dhg1h5j42swfq.cloudfront.net\/2020\/02\/11102908\/Edital-pgm-Vito%CC%81ria.pdf\">Concurso PGM Vit\u00f3ria<\/a><br \/>\u25ba<strong>Retifica\u00e7\u00e3o: <a href=\"https:\/\/dhg1h5j42swfq.cloudfront.net\/2020\/12\/03112635\/PGM-Vitoria.pdf\" target=\"_blank\" rel=\"noreferrer noopener\">Retifica\u00e7\u00e3o 2020<\/a><\/strong><\/p>\n","protected":false},"excerpt":{"rendered":"<p>Edital PGM Vit\u00f3ria oferta uma vaga para Procurador Municipal O concurso PGM Vit\u00f3ria que oferta aos candidatos&nbsp;uma vaga para o cargo de Procurador foi suspenso temporariamente. A decis\u00e3o sobre a retomada da sele\u00e7\u00e3o ser\u00e1 do Prefeito eleito, Delegado Pazolini. Edital PGM Vit\u00f3ria: Situa\u00e7\u00e3o atual O concurso PGM Vit\u00f3ria que visa ofertar uma vaga para o [&hellip;]<\/p>\n","protected":false},"author":180,"featured_media":471495,"comment_status":"open","ping_status":"closed","sticky":false,"template":"","format":"standard","meta":{"post_tipo":"article","footnotes":""},"categories":[2185],"tags":[],"tax_estado":[219971],"class_list":["post-621871","post","type-post","status-publish","format-standard","has-post-thumbnail","hentry","category-carreiras-juridicas","tax_estado-es"],"acf":[],"yoast_head":"<!-- This site is optimized with the Yoast SEO Premium plugin v27.2 (Yoast SEO v27.2) - https:\/\/yoast.com\/product\/yoast-seo-premium-wordpress\/ -->\n<title>Edital PGM Vit\u00f3ria: concurso para Procurador SUSPENSO!<\/title>\n<meta name=\"description\" content=\"Edital PGM Vit\u00f3ria: a sele\u00e7\u00e3o que oferta aos candidatos 1 vaga para Procurador est\u00e1 suspensa temporariamente. Saiba mais neste artigo!\" \/>\n<meta name=\"robots\" content=\"index, follow, max-snippet:-1, max-image-preview:large, max-video-preview:-1\" \/>\n<link rel=\"canonical\" href=\"https:\/\/www.estrategiaconcursos.com.br\/blog\/edital-pgm-vitoria\/\" \/>\n<meta property=\"og:locale\" content=\"pt_BR\" \/>\n<meta property=\"og:type\" content=\"article\" \/>\n<meta property=\"og:title\" content=\"Edital PGM Vit\u00f3ria: concurso para Procurador SUSPENSO!\" \/>\n<meta property=\"og:description\" content=\"Edital PGM Vit\u00f3ria: a sele\u00e7\u00e3o que oferta aos candidatos 1 vaga para Procurador est\u00e1 suspensa temporariamente. Saiba mais neste artigo!\" \/>\n<meta property=\"og:url\" content=\"https:\/\/www.estrategiaconcursos.com.br\/blog\/edital-pgm-vitoria\/\" \/>\n<meta property=\"og:site_name\" content=\"Estrat\u00e9gia Concursos\" \/>\n<meta property=\"article:author\" content=\"https:\/\/www.facebook.com\/ricardo.s.torques\" \/>\n<meta property=\"article:published_time\" content=\"2020-12-07T10:15:51+00:00\" \/>\n<meta property=\"article:modified_time\" content=\"2023-06-26T14:11:09+00:00\" \/>\n<meta property=\"og:image\" content=\"https:\/\/dhg1h5j42swfq.cloudfront.net\/2020\/01\/18115558\/PGM-Vit%C3%B3ria-ES-ECJ.png\" \/>\n\t<meta property=\"og:image:width\" content=\"1200\" \/>\n\t<meta property=\"og:image:height\" content=\"628\" \/>\n\t<meta property=\"og:image:type\" content=\"image\/png\" \/>\n<meta name=\"author\" content=\"Ricardo Torques\" \/>\n<meta name=\"twitter:card\" content=\"summary_large_image\" \/>\n<meta name=\"twitter:creator\" content=\"@EstratConcursos\" \/>\n<meta name=\"twitter:site\" content=\"@EstratConcursos\" \/>\n<meta name=\"twitter:label1\" content=\"Escrito por\" \/>\n\t<meta name=\"twitter:data1\" content=\"Ricardo Torques\" \/>\n\t<meta name=\"twitter:label2\" content=\"Est. tempo de leitura\" \/>\n\t<meta name=\"twitter:data2\" content=\"7 minutos\" \/>\n<script type=\"application\/ld+json\" class=\"yoast-schema-graph\">{\"@context\":\"https:\/\/schema.org\",\"@graph\":[{\"@type\":\"NewsArticle\",\"@id\":\"https:\/\/www.estrategiaconcursos.com.br\/blog\/edital-pgm-vitoria\/#article\",\"isPartOf\":{\"@id\":\"https:\/\/www.estrategiaconcursos.com.br\/blog\/edital-pgm-vitoria\/\"},\"author\":{\"name\":\"Ricardo Torques\",\"@id\":\"https:\/\/www.estrategiaconcursos.com.br\/blog\/#\/schema\/person\/aa39cf5ddb518e5bdce27c35788405e2\"},\"headline\":\"Edital PGM Vit\u00f3ria: concurso para Procurador SUSPENSO!\",\"datePublished\":\"2020-12-07T10:15:51+00:00\",\"dateModified\":\"2023-06-26T14:11:09+00:00\",\"mainEntityOfPage\":{\"@id\":\"https:\/\/www.estrategiaconcursos.com.br\/blog\/edital-pgm-vitoria\/\"},\"wordCount\":1463,\"commentCount\":0,\"publisher\":{\"@id\":\"https:\/\/www.estrategiaconcursos.com.br\/blog\/#organization\"},\"image\":{\"@id\":\"https:\/\/www.estrategiaconcursos.com.br\/blog\/edital-pgm-vitoria\/#primaryimage\"},\"thumbnailUrl\":\"https:\/\/dhg1h5j42swfq.cloudfront.net\/2020\/01\/18115558\/PGM-Vit%C3%B3ria-ES-ECJ.png\",\"articleSection\":[\"Jur\u00eddico\"],\"inLanguage\":\"pt-BR\",\"potentialAction\":[{\"@type\":\"CommentAction\",\"name\":\"Comment\",\"target\":[\"https:\/\/www.estrategiaconcursos.com.br\/blog\/edital-pgm-vitoria\/#respond\"]}],\"copyrightYear\":\"2020\",\"copyrightHolder\":{\"@id\":\"https:\/\/www.estrategiaconcursos.com.br\/blog\/#organization\"}},{\"@type\":\"WebPage\",\"@id\":\"https:\/\/www.estrategiaconcursos.com.br\/blog\/edital-pgm-vitoria\/\",\"url\":\"https:\/\/www.estrategiaconcursos.com.br\/blog\/edital-pgm-vitoria\/\",\"name\":\"Edital PGM Vit\u00f3ria: concurso para Procurador SUSPENSO!\",\"isPartOf\":{\"@id\":\"https:\/\/www.estrategiaconcursos.com.br\/blog\/#website\"},\"primaryImageOfPage\":{\"@id\":\"https:\/\/www.estrategiaconcursos.com.br\/blog\/edital-pgm-vitoria\/#primaryimage\"},\"image\":{\"@id\":\"https:\/\/www.estrategiaconcursos.com.br\/blog\/edital-pgm-vitoria\/#primaryimage\"},\"thumbnailUrl\":\"https:\/\/dhg1h5j42swfq.cloudfront.net\/2020\/01\/18115558\/PGM-Vit%C3%B3ria-ES-ECJ.png\",\"datePublished\":\"2020-12-07T10:15:51+00:00\",\"dateModified\":\"2023-06-26T14:11:09+00:00\",\"description\":\"Edital PGM Vit\u00f3ria: a sele\u00e7\u00e3o que oferta aos candidatos 1 vaga para Procurador est\u00e1 suspensa temporariamente. Saiba mais neste artigo!\",\"breadcrumb\":{\"@id\":\"https:\/\/www.estrategiaconcursos.com.br\/blog\/edital-pgm-vitoria\/#breadcrumb\"},\"inLanguage\":\"pt-BR\",\"potentialAction\":[{\"@type\":\"ReadAction\",\"target\":[\"https:\/\/www.estrategiaconcursos.com.br\/blog\/edital-pgm-vitoria\/\"]}]},{\"@type\":\"ImageObject\",\"inLanguage\":\"pt-BR\",\"@id\":\"https:\/\/www.estrategiaconcursos.com.br\/blog\/edital-pgm-vitoria\/#primaryimage\",\"url\":\"https:\/\/dhg1h5j42swfq.cloudfront.net\/2020\/01\/18115558\/PGM-Vit%C3%B3ria-ES-ECJ.png\",\"contentUrl\":\"https:\/\/dhg1h5j42swfq.cloudfront.net\/2020\/01\/18115558\/PGM-Vit%C3%B3ria-ES-ECJ.png\",\"width\":1200,\"height\":628,\"caption\":\"pgm vit\u00f3ria es\"},{\"@type\":\"BreadcrumbList\",\"@id\":\"https:\/\/www.estrategiaconcursos.com.br\/blog\/edital-pgm-vitoria\/#breadcrumb\",\"itemListElement\":[{\"@type\":\"ListItem\",\"position\":1,\"name\":\"In\u00edcio\",\"item\":\"https:\/\/www.estrategiaconcursos.com.br\/blog\/\"},{\"@type\":\"ListItem\",\"position\":2,\"name\":\"Edital PGM Vit\u00f3ria: concurso para Procurador SUSPENSO!\"}]},{\"@type\":\"WebSite\",\"@id\":\"https:\/\/www.estrategiaconcursos.com.br\/blog\/#website\",\"url\":\"https:\/\/www.estrategiaconcursos.com.br\/blog\/\",\"name\":\"Estrat\u00e9gia Concursos\",\"description\":\"O blog da Estrat\u00e9gia Concursos traz not\u00edcias sobre concursos e artigos de professores oferecendo cursos para concursos (pdf + videaulas) no site.\",\"publisher\":{\"@id\":\"https:\/\/www.estrategiaconcursos.com.br\/blog\/#organization\"},\"potentialAction\":[{\"@type\":\"SearchAction\",\"target\":{\"@type\":\"EntryPoint\",\"urlTemplate\":\"https:\/\/www.estrategiaconcursos.com.br\/blog\/?s={search_term_string}\"},\"query-input\":{\"@type\":\"PropertyValueSpecification\",\"valueRequired\":true,\"valueName\":\"search_term_string\"}}],\"inLanguage\":\"pt-BR\"},{\"@type\":\"Organization\",\"@id\":\"https:\/\/www.estrategiaconcursos.com.br\/blog\/#organization\",\"name\":\"Estrat\u00e9gia Concursos\",\"url\":\"https:\/\/www.estrategiaconcursos.com.br\/blog\/\",\"logo\":{\"@type\":\"ImageObject\",\"inLanguage\":\"pt-BR\",\"@id\":\"https:\/\/www.estrategiaconcursos.com.br\/blog\/#\/schema\/logo\/image\/\",\"url\":\"https:\/\/dhg1h5j42swfq.cloudfront.net\/2025\/06\/03203428\/logo_concursos-1.jpg\",\"contentUrl\":\"https:\/\/dhg1h5j42swfq.cloudfront.net\/2025\/06\/03203428\/logo_concursos-1.jpg\",\"width\":230,\"height\":60,\"caption\":\"Estrat\u00e9gia Concursos\"},\"image\":{\"@id\":\"https:\/\/www.estrategiaconcursos.com.br\/blog\/#\/schema\/logo\/image\/\"},\"sameAs\":[\"https:\/\/x.com\/EstratConcursos\"]},{\"@type\":\"Person\",\"@id\":\"https:\/\/www.estrategiaconcursos.com.br\/blog\/#\/schema\/person\/aa39cf5ddb518e5bdce27c35788405e2\",\"name\":\"Ricardo Torques\",\"image\":{\"@type\":\"ImageObject\",\"inLanguage\":\"pt-BR\",\"@id\":\"https:\/\/secure.gravatar.com\/avatar\/ce9ac6c3cff25fe86d15ed568ebc64d1724baf5c0693133bcb1f6073f712f92a?s=96&d=mm&r=g\",\"url\":\"https:\/\/secure.gravatar.com\/avatar\/ce9ac6c3cff25fe86d15ed568ebc64d1724baf5c0693133bcb1f6073f712f92a?s=96&d=mm&r=g\",\"contentUrl\":\"https:\/\/secure.gravatar.com\/avatar\/ce9ac6c3cff25fe86d15ed568ebc64d1724baf5c0693133bcb1f6073f712f92a?s=96&d=mm&r=g\",\"caption\":\"Ricardo Torques\"},\"sameAs\":[\"https:\/\/www.facebook.com\/ricardo.s.torques\"],\"url\":\"https:\/\/www.estrategiaconcursos.com.br\/blog\/author\/ricardotorquesestrategiaconcursos-com-br\/\"}]}<\/script>\n<!-- \/ Yoast SEO Premium plugin. -->","yoast_head_json":{"title":"Edital PGM Vit\u00f3ria: concurso para Procurador SUSPENSO!","description":"Edital PGM Vit\u00f3ria: a sele\u00e7\u00e3o que oferta aos candidatos 1 vaga para Procurador est\u00e1 suspensa temporariamente. Saiba mais neste artigo!","robots":{"index":"index","follow":"follow","max-snippet":"max-snippet:-1","max-image-preview":"max-image-preview:large","max-video-preview":"max-video-preview:-1"},"canonical":"https:\/\/www.estrategiaconcursos.com.br\/blog\/edital-pgm-vitoria\/","og_locale":"pt_BR","og_type":"article","og_title":"Edital PGM Vit\u00f3ria: concurso para Procurador SUSPENSO!","og_description":"Edital PGM Vit\u00f3ria: a sele\u00e7\u00e3o que oferta aos candidatos 1 vaga para Procurador est\u00e1 suspensa temporariamente. Saiba mais neste artigo!","og_url":"https:\/\/www.estrategiaconcursos.com.br\/blog\/edital-pgm-vitoria\/","og_site_name":"Estrat\u00e9gia Concursos","article_author":"https:\/\/www.facebook.com\/ricardo.s.torques","article_published_time":"2020-12-07T10:15:51+00:00","article_modified_time":"2023-06-26T14:11:09+00:00","og_image":[{"width":1200,"height":628,"url":"https:\/\/dhg1h5j42swfq.cloudfront.net\/2020\/01\/18115558\/PGM-Vit%C3%B3ria-ES-ECJ.png","type":"image\/png"}],"author":"Ricardo Torques","twitter_card":"summary_large_image","twitter_creator":"@EstratConcursos","twitter_site":"@EstratConcursos","twitter_misc":{"Escrito por":"Ricardo Torques","Est. tempo de leitura":"7 minutos"},"schema":{"@context":"https:\/\/schema.org","@graph":[{"@type":"NewsArticle","@id":"https:\/\/www.estrategiaconcursos.com.br\/blog\/edital-pgm-vitoria\/#article","isPartOf":{"@id":"https:\/\/www.estrategiaconcursos.com.br\/blog\/edital-pgm-vitoria\/"},"author":{"name":"Ricardo Torques","@id":"https:\/\/www.estrategiaconcursos.com.br\/blog\/#\/schema\/person\/aa39cf5ddb518e5bdce27c35788405e2"},"headline":"Edital PGM Vit\u00f3ria: concurso para Procurador SUSPENSO!","datePublished":"2020-12-07T10:15:51+00:00","dateModified":"2023-06-26T14:11:09+00:00","mainEntityOfPage":{"@id":"https:\/\/www.estrategiaconcursos.com.br\/blog\/edital-pgm-vitoria\/"},"wordCount":1463,"commentCount":0,"publisher":{"@id":"https:\/\/www.estrategiaconcursos.com.br\/blog\/#organization"},"image":{"@id":"https:\/\/www.estrategiaconcursos.com.br\/blog\/edital-pgm-vitoria\/#primaryimage"},"thumbnailUrl":"https:\/\/dhg1h5j42swfq.cloudfront.net\/2020\/01\/18115558\/PGM-Vit%C3%B3ria-ES-ECJ.png","articleSection":["Jur\u00eddico"],"inLanguage":"pt-BR","potentialAction":[{"@type":"CommentAction","name":"Comment","target":["https:\/\/www.estrategiaconcursos.com.br\/blog\/edital-pgm-vitoria\/#respond"]}],"copyrightYear":"2020","copyrightHolder":{"@id":"https:\/\/www.estrategiaconcursos.com.br\/blog\/#organization"}},{"@type":"WebPage","@id":"https:\/\/www.estrategiaconcursos.com.br\/blog\/edital-pgm-vitoria\/","url":"https:\/\/www.estrategiaconcursos.com.br\/blog\/edital-pgm-vitoria\/","name":"Edital PGM Vit\u00f3ria: concurso para Procurador SUSPENSO!","isPartOf":{"@id":"https:\/\/www.estrategiaconcursos.com.br\/blog\/#website"},"primaryImageOfPage":{"@id":"https:\/\/www.estrategiaconcursos.com.br\/blog\/edital-pgm-vitoria\/#primaryimage"},"image":{"@id":"https:\/\/www.estrategiaconcursos.com.br\/blog\/edital-pgm-vitoria\/#primaryimage"},"thumbnailUrl":"https:\/\/dhg1h5j42swfq.cloudfront.net\/2020\/01\/18115558\/PGM-Vit%C3%B3ria-ES-ECJ.png","datePublished":"2020-12-07T10:15:51+00:00","dateModified":"2023-06-26T14:11:09+00:00","description":"Edital PGM Vit\u00f3ria: a sele\u00e7\u00e3o que oferta aos candidatos 1 vaga para Procurador est\u00e1 suspensa temporariamente. Saiba mais neste artigo!","breadcrumb":{"@id":"https:\/\/www.estrategiaconcursos.com.br\/blog\/edital-pgm-vitoria\/#breadcrumb"},"inLanguage":"pt-BR","potentialAction":[{"@type":"ReadAction","target":["https:\/\/www.estrategiaconcursos.com.br\/blog\/edital-pgm-vitoria\/"]}]},{"@type":"ImageObject","inLanguage":"pt-BR","@id":"https:\/\/www.estrategiaconcursos.com.br\/blog\/edital-pgm-vitoria\/#primaryimage","url":"https:\/\/dhg1h5j42swfq.cloudfront.net\/2020\/01\/18115558\/PGM-Vit%C3%B3ria-ES-ECJ.png","contentUrl":"https:\/\/dhg1h5j42swfq.cloudfront.net\/2020\/01\/18115558\/PGM-Vit%C3%B3ria-ES-ECJ.png","width":1200,"height":628,"caption":"pgm vit\u00f3ria es"},{"@type":"BreadcrumbList","@id":"https:\/\/www.estrategiaconcursos.com.br\/blog\/edital-pgm-vitoria\/#breadcrumb","itemListElement":[{"@type":"ListItem","position":1,"name":"In\u00edcio","item":"https:\/\/www.estrategiaconcursos.com.br\/blog\/"},{"@type":"ListItem","position":2,"name":"Edital PGM Vit\u00f3ria: concurso para Procurador SUSPENSO!"}]},{"@type":"WebSite","@id":"https:\/\/www.estrategiaconcursos.com.br\/blog\/#website","url":"https:\/\/www.estrategiaconcursos.com.br\/blog\/","name":"Estrat\u00e9gia Concursos","description":"O blog da Estrat\u00e9gia Concursos traz not\u00edcias sobre concursos e artigos de professores oferecendo cursos para concursos (pdf + videaulas) no site.","publisher":{"@id":"https:\/\/www.estrategiaconcursos.com.br\/blog\/#organization"},"potentialAction":[{"@type":"SearchAction","target":{"@type":"EntryPoint","urlTemplate":"https:\/\/www.estrategiaconcursos.com.br\/blog\/?s={search_term_string}"},"query-input":{"@type":"PropertyValueSpecification","valueRequired":true,"valueName":"search_term_string"}}],"inLanguage":"pt-BR"},{"@type":"Organization","@id":"https:\/\/www.estrategiaconcursos.com.br\/blog\/#organization","name":"Estrat\u00e9gia Concursos","url":"https:\/\/www.estrategiaconcursos.com.br\/blog\/","logo":{"@type":"ImageObject","inLanguage":"pt-BR","@id":"https:\/\/www.estrategiaconcursos.com.br\/blog\/#\/schema\/logo\/image\/","url":"https:\/\/dhg1h5j42swfq.cloudfront.net\/2025\/06\/03203428\/logo_concursos-1.jpg","contentUrl":"https:\/\/dhg1h5j42swfq.cloudfront.net\/2025\/06\/03203428\/logo_concursos-1.jpg","width":230,"height":60,"caption":"Estrat\u00e9gia Concursos"},"image":{"@id":"https:\/\/www.estrategiaconcursos.com.br\/blog\/#\/schema\/logo\/image\/"},"sameAs":["https:\/\/x.com\/EstratConcursos"]},{"@type":"Person","@id":"https:\/\/www.estrategiaconcursos.com.br\/blog\/#\/schema\/person\/aa39cf5ddb518e5bdce27c35788405e2","name":"Ricardo Torques","image":{"@type":"ImageObject","inLanguage":"pt-BR","@id":"https:\/\/secure.gravatar.com\/avatar\/ce9ac6c3cff25fe86d15ed568ebc64d1724baf5c0693133bcb1f6073f712f92a?s=96&d=mm&r=g","url":"https:\/\/secure.gravatar.com\/avatar\/ce9ac6c3cff25fe86d15ed568ebc64d1724baf5c0693133bcb1f6073f712f92a?s=96&d=mm&r=g","contentUrl":"https:\/\/secure.gravatar.com\/avatar\/ce9ac6c3cff25fe86d15ed568ebc64d1724baf5c0693133bcb1f6073f712f92a?s=96&d=mm&r=g","caption":"Ricardo Torques"},"sameAs":["https:\/\/www.facebook.com\/ricardo.s.torques"],"url":"https:\/\/www.estrategiaconcursos.com.br\/blog\/author\/ricardotorquesestrategiaconcursos-com-br\/"}]}},"_links":{"self":[{"href":"https:\/\/www.estrategiaconcursos.com.br\/blog\/wp-json\/wp\/v2\/posts\/621871","targetHints":{"allow":["GET"]}}],"collection":[{"href":"https:\/\/www.estrategiaconcursos.com.br\/blog\/wp-json\/wp\/v2\/posts"}],"about":[{"href":"https:\/\/www.estrategiaconcursos.com.br\/blog\/wp-json\/wp\/v2\/types\/post"}],"author":[{"embeddable":true,"href":"https:\/\/www.estrategiaconcursos.com.br\/blog\/wp-json\/wp\/v2\/users\/180"}],"replies":[{"embeddable":true,"href":"https:\/\/www.estrategiaconcursos.com.br\/blog\/wp-json\/wp\/v2\/comments?post=621871"}],"version-history":[{"count":13,"href":"https:\/\/www.estrategiaconcursos.com.br\/blog\/wp-json\/wp\/v2\/posts\/621871\/revisions"}],"predecessor-version":[{"id":1238779,"href":"https:\/\/www.estrategiaconcursos.com.br\/blog\/wp-json\/wp\/v2\/posts\/621871\/revisions\/1238779"}],"wp:featuredmedia":[{"embeddable":true,"href":"https:\/\/www.estrategiaconcursos.com.br\/blog\/wp-json\/wp\/v2\/media\/471495"}],"wp:attachment":[{"href":"https:\/\/www.estrategiaconcursos.com.br\/blog\/wp-json\/wp\/v2\/media?parent=621871"}],"wp:term":[{"taxonomy":"category","embeddable":true,"href":"https:\/\/www.estrategiaconcursos.com.br\/blog\/wp-json\/wp\/v2\/categories?post=621871"},{"taxonomy":"post_tag","embeddable":true,"href":"https:\/\/www.estrategiaconcursos.com.br\/blog\/wp-json\/wp\/v2\/tags?post=621871"},{"taxonomy":"tax_estado","embeddable":true,"href":"https:\/\/www.estrategiaconcursos.com.br\/blog\/wp-json\/wp\/v2\/tax_estado?post=621871"}],"curies":[{"name":"wp","href":"https:\/\/api.w.org\/{rel}","templated":true}]}}