{"id":621866,"date":"2020-12-03T10:28:43","date_gmt":"2020-12-03T13:28:43","guid":{"rendered":"https:\/\/www.estrategiaconcursos.com.br\/blog\/?p=621866"},"modified":"2023-10-20T11:10:46","modified_gmt":"2023-10-20T14:10:46","slug":"concurso-guarda-de-sao-luis-do-curu-ce","status":"publish","type":"post","link":"https:\/\/www.estrategiaconcursos.com.br\/blog\/concurso-guarda-de-sao-luis-do-curu-ce\/","title":{"rendered":"Concurso Guarda de S\u00e3o Lu\u00eds do Curu: edital ser\u00e1 publicado em 2021!"},"content":{"rendered":"\n<p>Mais um certame da \u00e1rea de seguran\u00e7a se aproxima! Dessa vez \u00e9 para o concurso <strong>Guarda de S\u00e3o Lu\u00eds do Curu<\/strong>, no estado do Cear\u00e1. Isso porque o Minist\u00e9rio Publico recomendou a realiza\u00e7\u00e3o de uma nova sele\u00e7\u00e3o para o cargo.<\/p>\n\n\n\n<p>O concurso para a prefeitura, que ocorreu um 2019, n\u00e3o ofertou vagas para o cargo de Guarda Municipal. Assim, \u00e9 recomendado no documento que, no prazo de <strong>60 dias<\/strong>, seja elaborado um Projeto de Lei para a cria\u00e7\u00e3o dos cargos da Guarda Municipal.<\/p>\n\n\n\n<p>Al\u00e9m disso, o MP aconselha que em at\u00e9 <strong>180 dias<\/strong> ocorra a <strong>realiza\u00e7\u00e3o do concurso p\u00fablico<\/strong>, visando preencher os cargos criados atrav\u00e9s do PL.<\/p>\n\n\n\n<p>Se voc\u00ea tem interesse no concurso Guarda de S\u00e3o Lu\u00eds do Curu, chegou ao lugar certo! Ao longo deste artigo reunimos as principais informa\u00e7\u00f5es para que voc\u00ea possa se preparar e garantir uma das vagas. Acompanhe pelos t\u00f3picos abaixo:<\/p>\n\n\n\n<p><strong><em><a href=\"#principais\">Principais informa\u00e7\u00f5es do concurso<\/a><br \/><a href=\"#ultimo\">\u00daltimo concurso<\/a><br \/><a href=\"#cursos-assinatura\">Assinatura Ilimitada<\/a><\/em><\/strong><\/p>\n\n\n\n<h2 class=\"wp-block-heading\" id=\"principais\">Principais informa\u00e7\u00f5es do concurso<\/h2>\n\n\n\n<p>Foi publicado no Di\u00e1rio Oficial no dia 25 de novembro de 2020, uma recomenda\u00e7\u00e3o do Minist\u00e9rio P\u00fablico para a realiza\u00e7\u00e3o do novo concurso Guarda de S\u00e3o Lu\u00eds do Curu, no estado do Cear\u00e1.<\/p>\n\n\n\n<p>O concurso para a prefeitura, que ocorreu um 2019, n\u00e3o ofertou vagas para o cargo de Guarda Municipal. Assim, \u00e9 recomendado no documento que, no prazo de <strong>60 dias<\/strong>, seja elaborado um Projeto de Lei para a cria\u00e7\u00e3o dos cargos da Guarda Municipal Patrimonial <\/p>\n\n\n\n<p>Os cargos s\u00e3o destinados \u00e0 prote\u00e7\u00e3o do patrim\u00f4nio municipal e da vigil\u00e2ncia da presta\u00e7\u00e3o dos servi\u00e7os p\u00fablicos locais em numero compat\u00edvel com as necessidades do munic\u00edpio, considerando que a cidade conta com muitas escolas p\u00fablicas, pra\u00e7as, vias movimentadas, jardins, pr\u00e9dios e reparti\u00e7\u00f5es p\u00fablicos com intenso fluxo.<\/p>\n\n\n\n<p>Al\u00e9m disso, o MP aconselha que em at\u00e9 <strong>180 dias<\/strong> ocorra a <strong>realiza\u00e7\u00e3o do concurso p\u00fablico<\/strong>, visando preencher os cargos criados atrav\u00e9s do PL.<strong> <a rel=\"noreferrer noopener\" href=\"https:\/\/dhg1h5j42swfq.cloudfront.net\/2020\/12\/03100812\/concurso-prefeitura-sao-luis-curu-ce-recomendado.pdf\" target=\"_blank\">Veja do documento completo aqui!<\/a><\/strong><\/p>\n\n\n\n<h2 class=\"wp-block-heading\" id=\"ultimo\">\u00daltimo concurso Guarda de S\u00e3o Lu\u00eds do Curu<\/h2>\n\n\n\n<p>O \u00faltimo concurso do munic\u00edpio foi realizado pela Prefeitura de S\u00e3o Lu\u00eds do Curu e ofertou 119 vagas para cargos de n\u00edveis fundamental, m\u00e9dio e superior.<\/p>\n\n\n\n<p>A remunera\u00e7\u00e3o ofertada no certame variava entre R$ 998,00 a R$ 10.000,00 ao m\u00eas. Alguns dos cargos disponibilizados foram de Fisioterapeuta, Fonoaudi\u00f3logo, M\u00e9dico, M\u00e9dico Perito, M\u00e9dico Veterin\u00e1rio, Nutricionista, Procurador Adjunto e Psic\u00f3logo.<\/p>\n\n\n\n<h2 class=\"wp-block-heading has-text-align-center\" id=\"cursos-assinatura\">Quer estudar para o concurso Guarda de S\u00e3o Lu\u00eds do Curu?<\/h2>\n\n\n\n<div class=\"container\" id=\"boxes\">\n  <div class=\"row\">\n\n    <div class=\"col-sm\">\n      <div class=\"banner-guarda-gcm\" id=\"box-assinatura\">\n        <h3 class=\"titulo-assinatura\">Curso GCM de S\u00e3o Lu\u00eds do Curu<\/h3>\n        <p class=\"subtitulo-assinatura\">Estude conosco<\/p>\n        <div class=\"box-botao\">\n          <a class=\"btn-assinatura\" target=\"_blank\" href=\"https:\/\/www.estrategiaconcursos.com.br\/cursos\/\" role=\"button\" rel=\"noopener noreferrer\">Conhe\u00e7a os cursos<\/a>\n        <\/div>\n      <\/div>\n      <p class=\"texto-auxiliar\">Prepare-se com o melhor material e com quem mais aprova em Concursos P\u00fablicos em todo o pa\u00eds!<\/p>\n    <\/div>\n\n  <\/div>\n<\/div>\n","protected":false},"excerpt":{"rendered":"<p>Mais um certame da \u00e1rea de seguran\u00e7a se aproxima! Dessa vez \u00e9 para o concurso Guarda de S\u00e3o Lu\u00eds do Curu, no estado do Cear\u00e1. Isso porque o Minist\u00e9rio Publico recomendou a realiza\u00e7\u00e3o de uma nova sele\u00e7\u00e3o para o cargo. O concurso para a prefeitura, que ocorreu um 2019, n\u00e3o ofertou vagas para o cargo [&hellip;]<\/p>\n","protected":false},"author":248,"featured_media":622020,"comment_status":"open","ping_status":"closed","sticky":false,"template":"","format":"standard","meta":{"post_tipo":"article","footnotes":""},"categories":[1988],"tags":[],"tax_estado":[219969],"class_list":["post-621866","post","type-post","status-publish","format-standard","has-post-thumbnail","hentry","category-policia","tax_estado-ce"],"acf":[],"yoast_head":"<!-- This site is optimized with the Yoast SEO Premium plugin v27.2 (Yoast SEO v27.2) - https:\/\/yoast.com\/product\/yoast-seo-premium-wordpress\/ -->\n<title>Concurso Guarda de S\u00e3o Lu\u00eds do Curu: edital ser\u00e1 publicado em 2021!<\/title>\n<meta name=\"description\" content=\"Concurso Guarda de S\u00e3o Lu\u00eds do Curu: Mais um concurso da \u00e1rea de seguran\u00e7a se aproxima! Dessa vez \u00e9 para o estado do cear\u00e1!\" \/>\n<meta name=\"robots\" content=\"index, follow, max-snippet:-1, max-image-preview:large, max-video-preview:-1\" \/>\n<link rel=\"canonical\" href=\"https:\/\/www.estrategiaconcursos.com.br\/blog\/concurso-guarda-de-sao-luis-do-curu-ce\/\" \/>\n<meta property=\"og:locale\" content=\"pt_BR\" \/>\n<meta property=\"og:type\" content=\"article\" \/>\n<meta property=\"og:title\" content=\"Concurso Guarda de S\u00e3o Lu\u00eds do Curu: edital ser\u00e1 publicado em 2021!\" \/>\n<meta property=\"og:description\" content=\"Concurso Guarda de S\u00e3o Lu\u00eds do Curu: Mais um concurso da \u00e1rea de seguran\u00e7a se aproxima! Dessa vez \u00e9 para o estado do cear\u00e1!\" \/>\n<meta property=\"og:url\" content=\"https:\/\/www.estrategiaconcursos.com.br\/blog\/concurso-guarda-de-sao-luis-do-curu-ce\/\" \/>\n<meta property=\"og:site_name\" content=\"Estrat\u00e9gia Concursos\" \/>\n<meta property=\"article:published_time\" content=\"2020-12-03T13:28:43+00:00\" \/>\n<meta property=\"article:modified_time\" content=\"2023-10-20T14:10:46+00:00\" \/>\n<meta property=\"og:image\" content=\"https:\/\/dhg1h5j42swfq.cloudfront.net\/2020\/12\/03102013\/sao-luis-do-curu.jpg\" \/>\n\t<meta property=\"og:image:width\" content=\"225\" \/>\n\t<meta property=\"og:image:height\" content=\"225\" \/>\n\t<meta property=\"og:image:type\" content=\"image\/jpeg\" \/>\n<meta name=\"author\" content=\"Marcos Gir\u00e3o\" \/>\n<meta name=\"twitter:card\" content=\"summary_large_image\" \/>\n<meta name=\"twitter:creator\" content=\"@EstratConcursos\" \/>\n<meta name=\"twitter:site\" content=\"@EstratConcursos\" \/>\n<meta name=\"twitter:label1\" content=\"Escrito por\" \/>\n\t<meta name=\"twitter:data1\" content=\"Marcos Gir\u00e3o\" \/>\n\t<meta name=\"twitter:label2\" content=\"Est. tempo de leitura\" \/>\n\t<meta name=\"twitter:data2\" content=\"2 minutos\" \/>\n<script type=\"application\/ld+json\" class=\"yoast-schema-graph\">{\"@context\":\"https:\/\/schema.org\",\"@graph\":[{\"@type\":\"NewsArticle\",\"@id\":\"https:\/\/www.estrategiaconcursos.com.br\/blog\/concurso-guarda-de-sao-luis-do-curu-ce\/#article\",\"isPartOf\":{\"@id\":\"https:\/\/www.estrategiaconcursos.com.br\/blog\/concurso-guarda-de-sao-luis-do-curu-ce\/\"},\"author\":{\"name\":\"Marcos Gir\u00e3o\",\"@id\":\"https:\/\/www.estrategiaconcursos.com.br\/blog\/#\/schema\/person\/6be195b7a02a8ca214472b848686bb37\"},\"headline\":\"Concurso Guarda de S\u00e3o Lu\u00eds do Curu: edital ser\u00e1 publicado em 2021!\",\"datePublished\":\"2020-12-03T13:28:43+00:00\",\"dateModified\":\"2023-10-20T14:10:46+00:00\",\"mainEntityOfPage\":{\"@id\":\"https:\/\/www.estrategiaconcursos.com.br\/blog\/concurso-guarda-de-sao-luis-do-curu-ce\/\"},\"wordCount\":481,\"commentCount\":0,\"publisher\":{\"@id\":\"https:\/\/www.estrategiaconcursos.com.br\/blog\/#organization\"},\"image\":{\"@id\":\"https:\/\/www.estrategiaconcursos.com.br\/blog\/concurso-guarda-de-sao-luis-do-curu-ce\/#primaryimage\"},\"thumbnailUrl\":\"https:\/\/dhg1h5j42swfq.cloudfront.net\/2020\/12\/03102013\/sao-luis-do-curu.jpg\",\"articleSection\":[\"Policial (Agente, Escriv\u00e3o e Investigador)\"],\"inLanguage\":\"pt-BR\",\"potentialAction\":[{\"@type\":\"CommentAction\",\"name\":\"Comment\",\"target\":[\"https:\/\/www.estrategiaconcursos.com.br\/blog\/concurso-guarda-de-sao-luis-do-curu-ce\/#respond\"]}],\"copyrightYear\":\"2020\",\"copyrightHolder\":{\"@id\":\"https:\/\/www.estrategiaconcursos.com.br\/blog\/#organization\"}},{\"@type\":\"WebPage\",\"@id\":\"https:\/\/www.estrategiaconcursos.com.br\/blog\/concurso-guarda-de-sao-luis-do-curu-ce\/\",\"url\":\"https:\/\/www.estrategiaconcursos.com.br\/blog\/concurso-guarda-de-sao-luis-do-curu-ce\/\",\"name\":\"Concurso Guarda de S\u00e3o Lu\u00eds do Curu: edital ser\u00e1 publicado em 2021!\",\"isPartOf\":{\"@id\":\"https:\/\/www.estrategiaconcursos.com.br\/blog\/#website\"},\"primaryImageOfPage\":{\"@id\":\"https:\/\/www.estrategiaconcursos.com.br\/blog\/concurso-guarda-de-sao-luis-do-curu-ce\/#primaryimage\"},\"image\":{\"@id\":\"https:\/\/www.estrategiaconcursos.com.br\/blog\/concurso-guarda-de-sao-luis-do-curu-ce\/#primaryimage\"},\"thumbnailUrl\":\"https:\/\/dhg1h5j42swfq.cloudfront.net\/2020\/12\/03102013\/sao-luis-do-curu.jpg\",\"datePublished\":\"2020-12-03T13:28:43+00:00\",\"dateModified\":\"2023-10-20T14:10:46+00:00\",\"description\":\"Concurso Guarda de S\u00e3o Lu\u00eds do Curu: Mais um concurso da \u00e1rea de seguran\u00e7a se aproxima! Dessa vez \u00e9 para o estado do cear\u00e1!\",\"breadcrumb\":{\"@id\":\"https:\/\/www.estrategiaconcursos.com.br\/blog\/concurso-guarda-de-sao-luis-do-curu-ce\/#breadcrumb\"},\"inLanguage\":\"pt-BR\",\"potentialAction\":[{\"@type\":\"ReadAction\",\"target\":[\"https:\/\/www.estrategiaconcursos.com.br\/blog\/concurso-guarda-de-sao-luis-do-curu-ce\/\"]}]},{\"@type\":\"ImageObject\",\"inLanguage\":\"pt-BR\",\"@id\":\"https:\/\/www.estrategiaconcursos.com.br\/blog\/concurso-guarda-de-sao-luis-do-curu-ce\/#primaryimage\",\"url\":\"https:\/\/dhg1h5j42swfq.cloudfront.net\/2020\/12\/03102013\/sao-luis-do-curu.jpg\",\"contentUrl\":\"https:\/\/dhg1h5j42swfq.cloudfront.net\/2020\/12\/03102013\/sao-luis-do-curu.jpg\",\"width\":225,\"height\":225},{\"@type\":\"BreadcrumbList\",\"@id\":\"https:\/\/www.estrategiaconcursos.com.br\/blog\/concurso-guarda-de-sao-luis-do-curu-ce\/#breadcrumb\",\"itemListElement\":[{\"@type\":\"ListItem\",\"position\":1,\"name\":\"In\u00edcio\",\"item\":\"https:\/\/www.estrategiaconcursos.com.br\/blog\/\"},{\"@type\":\"ListItem\",\"position\":2,\"name\":\"Concurso Guarda de S\u00e3o Lu\u00eds do Curu: edital ser\u00e1 publicado em 2021!\"}]},{\"@type\":\"WebSite\",\"@id\":\"https:\/\/www.estrategiaconcursos.com.br\/blog\/#website\",\"url\":\"https:\/\/www.estrategiaconcursos.com.br\/blog\/\",\"name\":\"Estrat\u00e9gia Concursos\",\"description\":\"O blog da Estrat\u00e9gia Concursos traz not\u00edcias sobre concursos e artigos de professores oferecendo cursos para concursos (pdf + videaulas) no site.\",\"publisher\":{\"@id\":\"https:\/\/www.estrategiaconcursos.com.br\/blog\/#organization\"},\"potentialAction\":[{\"@type\":\"SearchAction\",\"target\":{\"@type\":\"EntryPoint\",\"urlTemplate\":\"https:\/\/www.estrategiaconcursos.com.br\/blog\/?s={search_term_string}\"},\"query-input\":{\"@type\":\"PropertyValueSpecification\",\"valueRequired\":true,\"valueName\":\"search_term_string\"}}],\"inLanguage\":\"pt-BR\"},{\"@type\":\"Organization\",\"@id\":\"https:\/\/www.estrategiaconcursos.com.br\/blog\/#organization\",\"name\":\"Estrat\u00e9gia Concursos\",\"url\":\"https:\/\/www.estrategiaconcursos.com.br\/blog\/\",\"logo\":{\"@type\":\"ImageObject\",\"inLanguage\":\"pt-BR\",\"@id\":\"https:\/\/www.estrategiaconcursos.com.br\/blog\/#\/schema\/logo\/image\/\",\"url\":\"https:\/\/dhg1h5j42swfq.cloudfront.net\/2025\/06\/03203428\/logo_concursos-1.jpg\",\"contentUrl\":\"https:\/\/dhg1h5j42swfq.cloudfront.net\/2025\/06\/03203428\/logo_concursos-1.jpg\",\"width\":230,\"height\":60,\"caption\":\"Estrat\u00e9gia Concursos\"},\"image\":{\"@id\":\"https:\/\/www.estrategiaconcursos.com.br\/blog\/#\/schema\/logo\/image\/\"},\"sameAs\":[\"https:\/\/x.com\/EstratConcursos\"]},{\"@type\":\"Person\",\"@id\":\"https:\/\/www.estrategiaconcursos.com.br\/blog\/#\/schema\/person\/6be195b7a02a8ca214472b848686bb37\",\"name\":\"Marcos Gir\u00e3o\",\"image\":{\"@type\":\"ImageObject\",\"inLanguage\":\"pt-BR\",\"@id\":\"https:\/\/secure.gravatar.com\/avatar\/ac5b9a36e2c99a8280e07b5763e3b764471d5b861c47521bfd2edffdfbb06fbd?s=96&d=mm&r=g\",\"url\":\"https:\/\/secure.gravatar.com\/avatar\/ac5b9a36e2c99a8280e07b5763e3b764471d5b861c47521bfd2edffdfbb06fbd?s=96&d=mm&r=g\",\"contentUrl\":\"https:\/\/secure.gravatar.com\/avatar\/ac5b9a36e2c99a8280e07b5763e3b764471d5b861c47521bfd2edffdfbb06fbd?s=96&d=mm&r=g\",\"caption\":\"Marcos Gir\u00e3o\"},\"url\":\"https:\/\/www.estrategiaconcursos.com.br\/blog\/author\/marcosgiraoestrategiaconcursos-com-br\/\"}]}<\/script>\n<!-- \/ Yoast SEO Premium plugin. -->","yoast_head_json":{"title":"Concurso Guarda de S\u00e3o Lu\u00eds do Curu: edital ser\u00e1 publicado em 2021!","description":"Concurso Guarda de S\u00e3o Lu\u00eds do Curu: Mais um concurso da \u00e1rea de seguran\u00e7a se aproxima! Dessa vez \u00e9 para o estado do cear\u00e1!","robots":{"index":"index","follow":"follow","max-snippet":"max-snippet:-1","max-image-preview":"max-image-preview:large","max-video-preview":"max-video-preview:-1"},"canonical":"https:\/\/www.estrategiaconcursos.com.br\/blog\/concurso-guarda-de-sao-luis-do-curu-ce\/","og_locale":"pt_BR","og_type":"article","og_title":"Concurso Guarda de S\u00e3o Lu\u00eds do Curu: edital ser\u00e1 publicado em 2021!","og_description":"Concurso Guarda de S\u00e3o Lu\u00eds do Curu: Mais um concurso da \u00e1rea de seguran\u00e7a se aproxima! Dessa vez \u00e9 para o estado do cear\u00e1!","og_url":"https:\/\/www.estrategiaconcursos.com.br\/blog\/concurso-guarda-de-sao-luis-do-curu-ce\/","og_site_name":"Estrat\u00e9gia Concursos","article_published_time":"2020-12-03T13:28:43+00:00","article_modified_time":"2023-10-20T14:10:46+00:00","og_image":[{"width":225,"height":225,"url":"https:\/\/dhg1h5j42swfq.cloudfront.net\/2020\/12\/03102013\/sao-luis-do-curu.jpg","type":"image\/jpeg"}],"author":"Marcos Gir\u00e3o","twitter_card":"summary_large_image","twitter_creator":"@EstratConcursos","twitter_site":"@EstratConcursos","twitter_misc":{"Escrito por":"Marcos Gir\u00e3o","Est. tempo de leitura":"2 minutos"},"schema":{"@context":"https:\/\/schema.org","@graph":[{"@type":"NewsArticle","@id":"https:\/\/www.estrategiaconcursos.com.br\/blog\/concurso-guarda-de-sao-luis-do-curu-ce\/#article","isPartOf":{"@id":"https:\/\/www.estrategiaconcursos.com.br\/blog\/concurso-guarda-de-sao-luis-do-curu-ce\/"},"author":{"name":"Marcos Gir\u00e3o","@id":"https:\/\/www.estrategiaconcursos.com.br\/blog\/#\/schema\/person\/6be195b7a02a8ca214472b848686bb37"},"headline":"Concurso Guarda de S\u00e3o Lu\u00eds do Curu: edital ser\u00e1 publicado em 2021!","datePublished":"2020-12-03T13:28:43+00:00","dateModified":"2023-10-20T14:10:46+00:00","mainEntityOfPage":{"@id":"https:\/\/www.estrategiaconcursos.com.br\/blog\/concurso-guarda-de-sao-luis-do-curu-ce\/"},"wordCount":481,"commentCount":0,"publisher":{"@id":"https:\/\/www.estrategiaconcursos.com.br\/blog\/#organization"},"image":{"@id":"https:\/\/www.estrategiaconcursos.com.br\/blog\/concurso-guarda-de-sao-luis-do-curu-ce\/#primaryimage"},"thumbnailUrl":"https:\/\/dhg1h5j42swfq.cloudfront.net\/2020\/12\/03102013\/sao-luis-do-curu.jpg","articleSection":["Policial (Agente, Escriv\u00e3o e Investigador)"],"inLanguage":"pt-BR","potentialAction":[{"@type":"CommentAction","name":"Comment","target":["https:\/\/www.estrategiaconcursos.com.br\/blog\/concurso-guarda-de-sao-luis-do-curu-ce\/#respond"]}],"copyrightYear":"2020","copyrightHolder":{"@id":"https:\/\/www.estrategiaconcursos.com.br\/blog\/#organization"}},{"@type":"WebPage","@id":"https:\/\/www.estrategiaconcursos.com.br\/blog\/concurso-guarda-de-sao-luis-do-curu-ce\/","url":"https:\/\/www.estrategiaconcursos.com.br\/blog\/concurso-guarda-de-sao-luis-do-curu-ce\/","name":"Concurso Guarda de S\u00e3o Lu\u00eds do Curu: edital ser\u00e1 publicado em 2021!","isPartOf":{"@id":"https:\/\/www.estrategiaconcursos.com.br\/blog\/#website"},"primaryImageOfPage":{"@id":"https:\/\/www.estrategiaconcursos.com.br\/blog\/concurso-guarda-de-sao-luis-do-curu-ce\/#primaryimage"},"image":{"@id":"https:\/\/www.estrategiaconcursos.com.br\/blog\/concurso-guarda-de-sao-luis-do-curu-ce\/#primaryimage"},"thumbnailUrl":"https:\/\/dhg1h5j42swfq.cloudfront.net\/2020\/12\/03102013\/sao-luis-do-curu.jpg","datePublished":"2020-12-03T13:28:43+00:00","dateModified":"2023-10-20T14:10:46+00:00","description":"Concurso Guarda de S\u00e3o Lu\u00eds do Curu: Mais um concurso da \u00e1rea de seguran\u00e7a se aproxima! Dessa vez \u00e9 para o estado do cear\u00e1!","breadcrumb":{"@id":"https:\/\/www.estrategiaconcursos.com.br\/blog\/concurso-guarda-de-sao-luis-do-curu-ce\/#breadcrumb"},"inLanguage":"pt-BR","potentialAction":[{"@type":"ReadAction","target":["https:\/\/www.estrategiaconcursos.com.br\/blog\/concurso-guarda-de-sao-luis-do-curu-ce\/"]}]},{"@type":"ImageObject","inLanguage":"pt-BR","@id":"https:\/\/www.estrategiaconcursos.com.br\/blog\/concurso-guarda-de-sao-luis-do-curu-ce\/#primaryimage","url":"https:\/\/dhg1h5j42swfq.cloudfront.net\/2020\/12\/03102013\/sao-luis-do-curu.jpg","contentUrl":"https:\/\/dhg1h5j42swfq.cloudfront.net\/2020\/12\/03102013\/sao-luis-do-curu.jpg","width":225,"height":225},{"@type":"BreadcrumbList","@id":"https:\/\/www.estrategiaconcursos.com.br\/blog\/concurso-guarda-de-sao-luis-do-curu-ce\/#breadcrumb","itemListElement":[{"@type":"ListItem","position":1,"name":"In\u00edcio","item":"https:\/\/www.estrategiaconcursos.com.br\/blog\/"},{"@type":"ListItem","position":2,"name":"Concurso Guarda de S\u00e3o Lu\u00eds do Curu: edital ser\u00e1 publicado em 2021!"}]},{"@type":"WebSite","@id":"https:\/\/www.estrategiaconcursos.com.br\/blog\/#website","url":"https:\/\/www.estrategiaconcursos.com.br\/blog\/","name":"Estrat\u00e9gia Concursos","description":"O blog da Estrat\u00e9gia Concursos traz not\u00edcias sobre concursos e artigos de professores oferecendo cursos para concursos (pdf + videaulas) no site.","publisher":{"@id":"https:\/\/www.estrategiaconcursos.com.br\/blog\/#organization"},"potentialAction":[{"@type":"SearchAction","target":{"@type":"EntryPoint","urlTemplate":"https:\/\/www.estrategiaconcursos.com.br\/blog\/?s={search_term_string}"},"query-input":{"@type":"PropertyValueSpecification","valueRequired":true,"valueName":"search_term_string"}}],"inLanguage":"pt-BR"},{"@type":"Organization","@id":"https:\/\/www.estrategiaconcursos.com.br\/blog\/#organization","name":"Estrat\u00e9gia Concursos","url":"https:\/\/www.estrategiaconcursos.com.br\/blog\/","logo":{"@type":"ImageObject","inLanguage":"pt-BR","@id":"https:\/\/www.estrategiaconcursos.com.br\/blog\/#\/schema\/logo\/image\/","url":"https:\/\/dhg1h5j42swfq.cloudfront.net\/2025\/06\/03203428\/logo_concursos-1.jpg","contentUrl":"https:\/\/dhg1h5j42swfq.cloudfront.net\/2025\/06\/03203428\/logo_concursos-1.jpg","width":230,"height":60,"caption":"Estrat\u00e9gia Concursos"},"image":{"@id":"https:\/\/www.estrategiaconcursos.com.br\/blog\/#\/schema\/logo\/image\/"},"sameAs":["https:\/\/x.com\/EstratConcursos"]},{"@type":"Person","@id":"https:\/\/www.estrategiaconcursos.com.br\/blog\/#\/schema\/person\/6be195b7a02a8ca214472b848686bb37","name":"Marcos Gir\u00e3o","image":{"@type":"ImageObject","inLanguage":"pt-BR","@id":"https:\/\/secure.gravatar.com\/avatar\/ac5b9a36e2c99a8280e07b5763e3b764471d5b861c47521bfd2edffdfbb06fbd?s=96&d=mm&r=g","url":"https:\/\/secure.gravatar.com\/avatar\/ac5b9a36e2c99a8280e07b5763e3b764471d5b861c47521bfd2edffdfbb06fbd?s=96&d=mm&r=g","contentUrl":"https:\/\/secure.gravatar.com\/avatar\/ac5b9a36e2c99a8280e07b5763e3b764471d5b861c47521bfd2edffdfbb06fbd?s=96&d=mm&r=g","caption":"Marcos Gir\u00e3o"},"url":"https:\/\/www.estrategiaconcursos.com.br\/blog\/author\/marcosgiraoestrategiaconcursos-com-br\/"}]}},"_links":{"self":[{"href":"https:\/\/www.estrategiaconcursos.com.br\/blog\/wp-json\/wp\/v2\/posts\/621866","targetHints":{"allow":["GET"]}}],"collection":[{"href":"https:\/\/www.estrategiaconcursos.com.br\/blog\/wp-json\/wp\/v2\/posts"}],"about":[{"href":"https:\/\/www.estrategiaconcursos.com.br\/blog\/wp-json\/wp\/v2\/types\/post"}],"author":[{"embeddable":true,"href":"https:\/\/www.estrategiaconcursos.com.br\/blog\/wp-json\/wp\/v2\/users\/248"}],"replies":[{"embeddable":true,"href":"https:\/\/www.estrategiaconcursos.com.br\/blog\/wp-json\/wp\/v2\/comments?post=621866"}],"version-history":[{"count":9,"href":"https:\/\/www.estrategiaconcursos.com.br\/blog\/wp-json\/wp\/v2\/posts\/621866\/revisions"}],"predecessor-version":[{"id":1295451,"href":"https:\/\/www.estrategiaconcursos.com.br\/blog\/wp-json\/wp\/v2\/posts\/621866\/revisions\/1295451"}],"wp:featuredmedia":[{"embeddable":true,"href":"https:\/\/www.estrategiaconcursos.com.br\/blog\/wp-json\/wp\/v2\/media\/622020"}],"wp:attachment":[{"href":"https:\/\/www.estrategiaconcursos.com.br\/blog\/wp-json\/wp\/v2\/media?parent=621866"}],"wp:term":[{"taxonomy":"category","embeddable":true,"href":"https:\/\/www.estrategiaconcursos.com.br\/blog\/wp-json\/wp\/v2\/categories?post=621866"},{"taxonomy":"post_tag","embeddable":true,"href":"https:\/\/www.estrategiaconcursos.com.br\/blog\/wp-json\/wp\/v2\/tags?post=621866"},{"taxonomy":"tax_estado","embeddable":true,"href":"https:\/\/www.estrategiaconcursos.com.br\/blog\/wp-json\/wp\/v2\/tax_estado?post=621866"}],"curies":[{"name":"wp","href":"https:\/\/api.w.org\/{rel}","templated":true}]}}