{"id":621725,"date":"2020-12-02T17:45:58","date_gmt":"2020-12-02T20:45:58","guid":{"rendered":"https:\/\/www.estrategiaconcursos.com.br\/blog\/?p=621725"},"modified":"2023-07-13T10:37:43","modified_gmt":"2023-07-13T13:37:43","slug":"bom-jesus-dos-perdoes-sp","status":"publish","type":"post","link":"https:\/\/www.estrategiaconcursos.com.br\/blog\/bom-jesus-dos-perdoes-sp\/","title":{"rendered":"Bom Jesus dos Perd\u00f5es SP: retifica\u00e7\u00e3o altera cargo e reabre inscri\u00e7\u00f5es"},"content":{"rendered":"\n<p>Foi publicada uma retifica\u00e7\u00e3o referente ao concurso Bom Jesus dos Perd\u00f5es, prefeitura localizada no estado de S\u00e3o Paulo (SP). A <a rel=\"noreferrer noopener\" href=\"https:\/\/dhg1h5j42swfq.cloudfront.net\/2020\/12\/02174510\/73f6c9c8c2892f776859a9426507303f.pdf\" target=\"_blank\">nova altera\u00e7\u00e3o<\/a> se deu no cargo de <strong>Analista Qu\u00edmico<\/strong>,<strong> <\/strong>que agora passa a aceitar tamb\u00e9m como<strong> <\/strong>pr\u00e9-requisito, gradua\u00e7\u00e3o em <strong>Biomedicina<\/strong>.<\/p>\n\n\n\n<p>Al\u00e9m disso, para os candidatos que desejam participar do concurso p\u00fablico para o cargo em quest\u00e3o, ter\u00e3o uma nova oportunidade. Isso porque, as inscri\u00e7\u00f5es ser\u00e3o reabertas entre os dias <strong>03 de dezembro a 02 de janeiro de 2021<\/strong>.<\/p>\n\n\n\n<p>Lembrando que para garantir a candidatura \u00e9 necess\u00e1rio acessar o site da banca, <strong>ABCP<\/strong>, e efetuar o pagamento da taxa fixada at\u00e9 o dia 04 de janeiro. J\u00e1 as provas objetivas do concurso Bom Jesus dos Perd\u00f5es SP ser\u00e3o aplicadas no dia <strong>24 de janeiro de 2021<\/strong>.<\/p>\n\n\n\n<p>A prova objetiva para Analista Qu\u00edmico ser\u00e1 composta por quest\u00f5es de m\u00faltipla escolha e \u00e0 ela ser\u00e1 atribu\u00eddo um valor de 0 a 10 pontos. Para ser aprovado, o candidato dever\u00e1 obter no m\u00ednimo 50% de acertos no total, ou seja, cinco pontos.<\/p>\n\n\n\n<p>Vale destacar que os gabaritos referentes as provas dos demais cargos do concurso Bom Jesus dos Perd\u00f5es, j\u00e1 foram divulgados. Inclusive, voc\u00ea pode conferir os resultados acessando o site da banca.   <\/p>\n\n\n\n<p>Ao todo, o edital da prefeitura oferta&nbsp;<strong>75 vagas imediatas mais cadastro reserva<\/strong>. As oportunidades s\u00e3o distribu\u00eddas entre cargos de n\u00edveis alfabetizado, fundamental, m\u00e9dio, m\u00e9dio\/t\u00e9cnico e superior. Para saber mais detalhes sobre o certame, basta acessar o link abaixo!<\/p>\n\n\n\n<p class=\"has-text-align-center has-cyan-bluish-gray-background-color has-background\" style=\"font-size:clamp(14.642px, 0.915rem + ((1vw - 3.2px) * 0.721), 22px);px\"><strong>Saiba mais: <a href=\"https:\/\/www.estrategiaconcursos.com.br\/blog\/concurso-bom-jesus-dos-perdoes\/\" target=\"_blank\" rel=\"noreferrer noopener\">Concurso Bom Jesus dos Perd\u00f5es<\/a><\/strong><\/p>\n\n\n\n<div class=\"container\" id=\"boxes\">\n  <div class=\"row\">\n\n    <div class=\"col-sm\">\n      <div class=\"estrategia\" id=\"box-assinatura\">\n        <h3 class=\"titulo-assinatura\">Assinatura Ilimitada<\/h3>\n        <p class=\"subtitulo-assinatura\">Assinatura Anual Ilimitada*<\/p>\n        <div class=\"box-botao\">\n          <a class=\"btn-assinatura\" target=\"_blank\" href=\"https:\/\/www.estrategiaconcursos.com.br\/assinaturas\/\" role=\"button\" rel=\"noopener noreferrer\">ASSINE AGORA<\/a>\n        <\/div>\n      <\/div>\n      <p class=\"texto-auxiliar\">Prepare-se com o melhor material e com quem mais aprova em Concursos P\u00fablicos em todo o pa\u00eds. Assine agora a nossa Assinatura Anual e tenha acesso ilimitado* a todos os nossos cursos.<\/p>\n    <\/div>\n\n    <div class=\"col-sm\">\n      <div class=\"questoes\" id=\"box-assinatura\">\n        <h3 class=\"titulo-assinatura\">Sistema de Quest\u00f5es<\/h3>\n        <p class=\"subtitulo-assinatura\">Assinatura Ilimitada*\n<\/p>\n        <div class=\"box-botao\">\n          <a class=\"btn-assinatura\" target=\"_blank\" href=\"https:\/\/www.estrategiaconcursos.com.br\/cursosPorConcurso\/sistema-de-questoes\/#\/\" role=\"button\" rel=\"noopener noreferrer\">ASSINE AGORA<\/a>\n        <\/div>\n      <\/div>\n      <p class=\"texto-auxiliar\">Estrat\u00e9gia Quest\u00f5es nasceu maior do que todos os concorrentes, com mais quest\u00f5es cadastradas e mais solu\u00e7\u00f5es por professores. Clique no link e aproveite os descontos e b\u00f4nus imperd\u00edveis!<\/p>\n    <\/div>\n  <\/div>\n<\/div>\n","protected":false},"excerpt":{"rendered":"<p>Foi publicada uma retifica\u00e7\u00e3o referente ao concurso Bom Jesus dos Perd\u00f5es, prefeitura localizada no estado de S\u00e3o Paulo (SP). A nova altera\u00e7\u00e3o se deu no cargo de Analista Qu\u00edmico, que agora passa a aceitar tamb\u00e9m como pr\u00e9-requisito, gradua\u00e7\u00e3o em Biomedicina. Al\u00e9m disso, para os candidatos que desejam participar do concurso p\u00fablico para o cargo em [&hellip;]<\/p>\n","protected":false},"author":93,"featured_media":541914,"comment_status":"open","ping_status":"closed","sticky":false,"template":"","format":"standard","meta":{"post_tipo":"article","footnotes":""},"categories":[1],"tags":[],"tax_estado":[219989],"class_list":["post-621725","post","type-post","status-publish","format-standard","has-post-thumbnail","hentry","category-cursos-e-concursos","tax_estado-sp"],"acf":[],"yoast_head":"<!-- This site is optimized with the Yoast SEO Premium plugin v27.2 (Yoast SEO v27.2) - https:\/\/yoast.com\/product\/yoast-seo-premium-wordpress\/ -->\n<title>Bom Jesus dos Perd\u00f5es SP: retifica\u00e7\u00e3o altera cargo e reabre inscri\u00e7\u00f5es<\/title>\n<meta name=\"description\" content=\"Bom Jesus dos Perd\u00f5es SP: retifica\u00e7\u00e3o altera requisito do cargo de Analista Qu\u00edmico e reabre inscri\u00e7\u00f5es at\u00e9 o dia 02 de janeiro de 2021.\" \/>\n<meta name=\"robots\" content=\"index, follow, max-snippet:-1, max-image-preview:large, max-video-preview:-1\" \/>\n<link rel=\"canonical\" href=\"https:\/\/www.estrategiaconcursos.com.br\/blog\/bom-jesus-dos-perdoes-sp\/\" \/>\n<meta property=\"og:locale\" content=\"pt_BR\" \/>\n<meta property=\"og:type\" content=\"article\" \/>\n<meta property=\"og:title\" content=\"Bom Jesus dos Perd\u00f5es SP: retifica\u00e7\u00e3o altera cargo e reabre inscri\u00e7\u00f5es\" \/>\n<meta property=\"og:description\" content=\"Bom Jesus dos Perd\u00f5es SP: retifica\u00e7\u00e3o altera requisito do cargo de Analista Qu\u00edmico e reabre inscri\u00e7\u00f5es at\u00e9 o dia 02 de janeiro de 2021.\" \/>\n<meta property=\"og:url\" content=\"https:\/\/www.estrategiaconcursos.com.br\/blog\/bom-jesus-dos-perdoes-sp\/\" \/>\n<meta property=\"og:site_name\" content=\"Estrat\u00e9gia Concursos\" \/>\n<meta property=\"article:published_time\" content=\"2020-12-02T20:45:58+00:00\" \/>\n<meta property=\"article:modified_time\" content=\"2023-07-13T13:37:43+00:00\" \/>\n<meta property=\"og:image\" content=\"https:\/\/dhg1h5j42swfq.cloudfront.net\/2020\/06\/14122237\/Prefeitura-Bom-Jesus-dos-Perdoes-SP.jpg\" \/>\n\t<meta property=\"og:image:width\" content=\"1200\" \/>\n\t<meta property=\"og:image:height\" content=\"628\" \/>\n\t<meta property=\"og:image:type\" content=\"image\/jpeg\" \/>\n<meta name=\"author\" content=\"Vinicius Silva\" \/>\n<meta name=\"twitter:card\" content=\"summary_large_image\" \/>\n<meta name=\"twitter:creator\" content=\"@EstratConcursos\" \/>\n<meta name=\"twitter:site\" content=\"@EstratConcursos\" \/>\n<meta name=\"twitter:label1\" content=\"Escrito por\" \/>\n\t<meta name=\"twitter:data1\" content=\"Vinicius Silva\" \/>\n\t<meta name=\"twitter:label2\" content=\"Est. tempo de leitura\" \/>\n\t<meta name=\"twitter:data2\" content=\"2 minutos\" \/>\n<script type=\"application\/ld+json\" class=\"yoast-schema-graph\">{\"@context\":\"https:\/\/schema.org\",\"@graph\":[{\"@type\":\"NewsArticle\",\"@id\":\"https:\/\/www.estrategiaconcursos.com.br\/blog\/bom-jesus-dos-perdoes-sp\/#article\",\"isPartOf\":{\"@id\":\"https:\/\/www.estrategiaconcursos.com.br\/blog\/bom-jesus-dos-perdoes-sp\/\"},\"author\":{\"name\":\"Vinicius Silva\",\"@id\":\"https:\/\/www.estrategiaconcursos.com.br\/blog\/#\/schema\/person\/20030622a981f9a942ad6b3561fe4ca4\"},\"headline\":\"Bom Jesus dos Perd\u00f5es SP: retifica\u00e7\u00e3o altera cargo e reabre inscri\u00e7\u00f5es\",\"datePublished\":\"2020-12-02T20:45:58+00:00\",\"dateModified\":\"2023-07-13T13:37:43+00:00\",\"mainEntityOfPage\":{\"@id\":\"https:\/\/www.estrategiaconcursos.com.br\/blog\/bom-jesus-dos-perdoes-sp\/\"},\"wordCount\":362,\"commentCount\":0,\"publisher\":{\"@id\":\"https:\/\/www.estrategiaconcursos.com.br\/blog\/#organization\"},\"image\":{\"@id\":\"https:\/\/www.estrategiaconcursos.com.br\/blog\/bom-jesus-dos-perdoes-sp\/#primaryimage\"},\"thumbnailUrl\":\"https:\/\/dhg1h5j42swfq.cloudfront.net\/2020\/06\/14122237\/Prefeitura-Bom-Jesus-dos-Perdoes-SP.jpg\",\"articleSection\":[\"Concursos P\u00fablicos\"],\"inLanguage\":\"pt-BR\",\"potentialAction\":[{\"@type\":\"CommentAction\",\"name\":\"Comment\",\"target\":[\"https:\/\/www.estrategiaconcursos.com.br\/blog\/bom-jesus-dos-perdoes-sp\/#respond\"]}],\"copyrightYear\":\"2020\",\"copyrightHolder\":{\"@id\":\"https:\/\/www.estrategiaconcursos.com.br\/blog\/#organization\"}},{\"@type\":\"WebPage\",\"@id\":\"https:\/\/www.estrategiaconcursos.com.br\/blog\/bom-jesus-dos-perdoes-sp\/\",\"url\":\"https:\/\/www.estrategiaconcursos.com.br\/blog\/bom-jesus-dos-perdoes-sp\/\",\"name\":\"Bom Jesus dos Perd\u00f5es SP: retifica\u00e7\u00e3o altera cargo e reabre inscri\u00e7\u00f5es\",\"isPartOf\":{\"@id\":\"https:\/\/www.estrategiaconcursos.com.br\/blog\/#website\"},\"primaryImageOfPage\":{\"@id\":\"https:\/\/www.estrategiaconcursos.com.br\/blog\/bom-jesus-dos-perdoes-sp\/#primaryimage\"},\"image\":{\"@id\":\"https:\/\/www.estrategiaconcursos.com.br\/blog\/bom-jesus-dos-perdoes-sp\/#primaryimage\"},\"thumbnailUrl\":\"https:\/\/dhg1h5j42swfq.cloudfront.net\/2020\/06\/14122237\/Prefeitura-Bom-Jesus-dos-Perdoes-SP.jpg\",\"datePublished\":\"2020-12-02T20:45:58+00:00\",\"dateModified\":\"2023-07-13T13:37:43+00:00\",\"description\":\"Bom Jesus dos Perd\u00f5es SP: retifica\u00e7\u00e3o altera requisito do cargo de Analista Qu\u00edmico e reabre inscri\u00e7\u00f5es at\u00e9 o dia 02 de janeiro de 2021.\",\"breadcrumb\":{\"@id\":\"https:\/\/www.estrategiaconcursos.com.br\/blog\/bom-jesus-dos-perdoes-sp\/#breadcrumb\"},\"inLanguage\":\"pt-BR\",\"potentialAction\":[{\"@type\":\"ReadAction\",\"target\":[\"https:\/\/www.estrategiaconcursos.com.br\/blog\/bom-jesus-dos-perdoes-sp\/\"]}]},{\"@type\":\"ImageObject\",\"inLanguage\":\"pt-BR\",\"@id\":\"https:\/\/www.estrategiaconcursos.com.br\/blog\/bom-jesus-dos-perdoes-sp\/#primaryimage\",\"url\":\"https:\/\/dhg1h5j42swfq.cloudfront.net\/2020\/06\/14122237\/Prefeitura-Bom-Jesus-dos-Perdoes-SP.jpg\",\"contentUrl\":\"https:\/\/dhg1h5j42swfq.cloudfront.net\/2020\/06\/14122237\/Prefeitura-Bom-Jesus-dos-Perdoes-SP.jpg\",\"width\":1200,\"height\":628,\"caption\":\"Bom Jesus dos Perd\u00f5es SP\"},{\"@type\":\"BreadcrumbList\",\"@id\":\"https:\/\/www.estrategiaconcursos.com.br\/blog\/bom-jesus-dos-perdoes-sp\/#breadcrumb\",\"itemListElement\":[{\"@type\":\"ListItem\",\"position\":1,\"name\":\"In\u00edcio\",\"item\":\"https:\/\/www.estrategiaconcursos.com.br\/blog\/\"},{\"@type\":\"ListItem\",\"position\":2,\"name\":\"Bom Jesus dos Perd\u00f5es SP: retifica\u00e7\u00e3o altera cargo e reabre inscri\u00e7\u00f5es\"}]},{\"@type\":\"WebSite\",\"@id\":\"https:\/\/www.estrategiaconcursos.com.br\/blog\/#website\",\"url\":\"https:\/\/www.estrategiaconcursos.com.br\/blog\/\",\"name\":\"Estrat\u00e9gia Concursos\",\"description\":\"O blog da Estrat\u00e9gia Concursos traz not\u00edcias sobre concursos e artigos de professores oferecendo cursos para concursos (pdf + videaulas) no site.\",\"publisher\":{\"@id\":\"https:\/\/www.estrategiaconcursos.com.br\/blog\/#organization\"},\"potentialAction\":[{\"@type\":\"SearchAction\",\"target\":{\"@type\":\"EntryPoint\",\"urlTemplate\":\"https:\/\/www.estrategiaconcursos.com.br\/blog\/?s={search_term_string}\"},\"query-input\":{\"@type\":\"PropertyValueSpecification\",\"valueRequired\":true,\"valueName\":\"search_term_string\"}}],\"inLanguage\":\"pt-BR\"},{\"@type\":\"Organization\",\"@id\":\"https:\/\/www.estrategiaconcursos.com.br\/blog\/#organization\",\"name\":\"Estrat\u00e9gia Concursos\",\"url\":\"https:\/\/www.estrategiaconcursos.com.br\/blog\/\",\"logo\":{\"@type\":\"ImageObject\",\"inLanguage\":\"pt-BR\",\"@id\":\"https:\/\/www.estrategiaconcursos.com.br\/blog\/#\/schema\/logo\/image\/\",\"url\":\"https:\/\/dhg1h5j42swfq.cloudfront.net\/2025\/06\/03203428\/logo_concursos-1.jpg\",\"contentUrl\":\"https:\/\/dhg1h5j42swfq.cloudfront.net\/2025\/06\/03203428\/logo_concursos-1.jpg\",\"width\":230,\"height\":60,\"caption\":\"Estrat\u00e9gia Concursos\"},\"image\":{\"@id\":\"https:\/\/www.estrategiaconcursos.com.br\/blog\/#\/schema\/logo\/image\/\"},\"sameAs\":[\"https:\/\/x.com\/EstratConcursos\"]},{\"@type\":\"Person\",\"@id\":\"https:\/\/www.estrategiaconcursos.com.br\/blog\/#\/schema\/person\/20030622a981f9a942ad6b3561fe4ca4\",\"name\":\"Vinicius Silva\",\"image\":{\"@type\":\"ImageObject\",\"inLanguage\":\"pt-BR\",\"@id\":\"https:\/\/secure.gravatar.com\/avatar\/604d9670a4c7eea71feaa4381f3ae97e148292ac402671c5944aa67a3d127663?s=96&d=mm&r=g\",\"url\":\"https:\/\/secure.gravatar.com\/avatar\/604d9670a4c7eea71feaa4381f3ae97e148292ac402671c5944aa67a3d127663?s=96&d=mm&r=g\",\"contentUrl\":\"https:\/\/secure.gravatar.com\/avatar\/604d9670a4c7eea71feaa4381f3ae97e148292ac402671c5944aa67a3d127663?s=96&d=mm&r=g\",\"caption\":\"Vinicius Silva\"},\"url\":\"https:\/\/www.estrategiaconcursos.com.br\/blog\/author\/viniciussilvaestrategiaconcursos-com-br\/\"}]}<\/script>\n<!-- \/ Yoast SEO Premium plugin. -->","yoast_head_json":{"title":"Bom Jesus dos Perd\u00f5es SP: retifica\u00e7\u00e3o altera cargo e reabre inscri\u00e7\u00f5es","description":"Bom Jesus dos Perd\u00f5es SP: retifica\u00e7\u00e3o altera requisito do cargo de Analista Qu\u00edmico e reabre inscri\u00e7\u00f5es at\u00e9 o dia 02 de janeiro de 2021.","robots":{"index":"index","follow":"follow","max-snippet":"max-snippet:-1","max-image-preview":"max-image-preview:large","max-video-preview":"max-video-preview:-1"},"canonical":"https:\/\/www.estrategiaconcursos.com.br\/blog\/bom-jesus-dos-perdoes-sp\/","og_locale":"pt_BR","og_type":"article","og_title":"Bom Jesus dos Perd\u00f5es SP: retifica\u00e7\u00e3o altera cargo e reabre inscri\u00e7\u00f5es","og_description":"Bom Jesus dos Perd\u00f5es SP: retifica\u00e7\u00e3o altera requisito do cargo de Analista Qu\u00edmico e reabre inscri\u00e7\u00f5es at\u00e9 o dia 02 de janeiro de 2021.","og_url":"https:\/\/www.estrategiaconcursos.com.br\/blog\/bom-jesus-dos-perdoes-sp\/","og_site_name":"Estrat\u00e9gia Concursos","article_published_time":"2020-12-02T20:45:58+00:00","article_modified_time":"2023-07-13T13:37:43+00:00","og_image":[{"width":1200,"height":628,"url":"https:\/\/dhg1h5j42swfq.cloudfront.net\/2020\/06\/14122237\/Prefeitura-Bom-Jesus-dos-Perdoes-SP.jpg","type":"image\/jpeg"}],"author":"Vinicius Silva","twitter_card":"summary_large_image","twitter_creator":"@EstratConcursos","twitter_site":"@EstratConcursos","twitter_misc":{"Escrito por":"Vinicius Silva","Est. tempo de leitura":"2 minutos"},"schema":{"@context":"https:\/\/schema.org","@graph":[{"@type":"NewsArticle","@id":"https:\/\/www.estrategiaconcursos.com.br\/blog\/bom-jesus-dos-perdoes-sp\/#article","isPartOf":{"@id":"https:\/\/www.estrategiaconcursos.com.br\/blog\/bom-jesus-dos-perdoes-sp\/"},"author":{"name":"Vinicius Silva","@id":"https:\/\/www.estrategiaconcursos.com.br\/blog\/#\/schema\/person\/20030622a981f9a942ad6b3561fe4ca4"},"headline":"Bom Jesus dos Perd\u00f5es SP: retifica\u00e7\u00e3o altera cargo e reabre inscri\u00e7\u00f5es","datePublished":"2020-12-02T20:45:58+00:00","dateModified":"2023-07-13T13:37:43+00:00","mainEntityOfPage":{"@id":"https:\/\/www.estrategiaconcursos.com.br\/blog\/bom-jesus-dos-perdoes-sp\/"},"wordCount":362,"commentCount":0,"publisher":{"@id":"https:\/\/www.estrategiaconcursos.com.br\/blog\/#organization"},"image":{"@id":"https:\/\/www.estrategiaconcursos.com.br\/blog\/bom-jesus-dos-perdoes-sp\/#primaryimage"},"thumbnailUrl":"https:\/\/dhg1h5j42swfq.cloudfront.net\/2020\/06\/14122237\/Prefeitura-Bom-Jesus-dos-Perdoes-SP.jpg","articleSection":["Concursos P\u00fablicos"],"inLanguage":"pt-BR","potentialAction":[{"@type":"CommentAction","name":"Comment","target":["https:\/\/www.estrategiaconcursos.com.br\/blog\/bom-jesus-dos-perdoes-sp\/#respond"]}],"copyrightYear":"2020","copyrightHolder":{"@id":"https:\/\/www.estrategiaconcursos.com.br\/blog\/#organization"}},{"@type":"WebPage","@id":"https:\/\/www.estrategiaconcursos.com.br\/blog\/bom-jesus-dos-perdoes-sp\/","url":"https:\/\/www.estrategiaconcursos.com.br\/blog\/bom-jesus-dos-perdoes-sp\/","name":"Bom Jesus dos Perd\u00f5es SP: retifica\u00e7\u00e3o altera cargo e reabre inscri\u00e7\u00f5es","isPartOf":{"@id":"https:\/\/www.estrategiaconcursos.com.br\/blog\/#website"},"primaryImageOfPage":{"@id":"https:\/\/www.estrategiaconcursos.com.br\/blog\/bom-jesus-dos-perdoes-sp\/#primaryimage"},"image":{"@id":"https:\/\/www.estrategiaconcursos.com.br\/blog\/bom-jesus-dos-perdoes-sp\/#primaryimage"},"thumbnailUrl":"https:\/\/dhg1h5j42swfq.cloudfront.net\/2020\/06\/14122237\/Prefeitura-Bom-Jesus-dos-Perdoes-SP.jpg","datePublished":"2020-12-02T20:45:58+00:00","dateModified":"2023-07-13T13:37:43+00:00","description":"Bom Jesus dos Perd\u00f5es SP: retifica\u00e7\u00e3o altera requisito do cargo de Analista Qu\u00edmico e reabre inscri\u00e7\u00f5es at\u00e9 o dia 02 de janeiro de 2021.","breadcrumb":{"@id":"https:\/\/www.estrategiaconcursos.com.br\/blog\/bom-jesus-dos-perdoes-sp\/#breadcrumb"},"inLanguage":"pt-BR","potentialAction":[{"@type":"ReadAction","target":["https:\/\/www.estrategiaconcursos.com.br\/blog\/bom-jesus-dos-perdoes-sp\/"]}]},{"@type":"ImageObject","inLanguage":"pt-BR","@id":"https:\/\/www.estrategiaconcursos.com.br\/blog\/bom-jesus-dos-perdoes-sp\/#primaryimage","url":"https:\/\/dhg1h5j42swfq.cloudfront.net\/2020\/06\/14122237\/Prefeitura-Bom-Jesus-dos-Perdoes-SP.jpg","contentUrl":"https:\/\/dhg1h5j42swfq.cloudfront.net\/2020\/06\/14122237\/Prefeitura-Bom-Jesus-dos-Perdoes-SP.jpg","width":1200,"height":628,"caption":"Bom Jesus dos Perd\u00f5es SP"},{"@type":"BreadcrumbList","@id":"https:\/\/www.estrategiaconcursos.com.br\/blog\/bom-jesus-dos-perdoes-sp\/#breadcrumb","itemListElement":[{"@type":"ListItem","position":1,"name":"In\u00edcio","item":"https:\/\/www.estrategiaconcursos.com.br\/blog\/"},{"@type":"ListItem","position":2,"name":"Bom Jesus dos Perd\u00f5es SP: retifica\u00e7\u00e3o altera cargo e reabre inscri\u00e7\u00f5es"}]},{"@type":"WebSite","@id":"https:\/\/www.estrategiaconcursos.com.br\/blog\/#website","url":"https:\/\/www.estrategiaconcursos.com.br\/blog\/","name":"Estrat\u00e9gia Concursos","description":"O blog da Estrat\u00e9gia Concursos traz not\u00edcias sobre concursos e artigos de professores oferecendo cursos para concursos (pdf + videaulas) no site.","publisher":{"@id":"https:\/\/www.estrategiaconcursos.com.br\/blog\/#organization"},"potentialAction":[{"@type":"SearchAction","target":{"@type":"EntryPoint","urlTemplate":"https:\/\/www.estrategiaconcursos.com.br\/blog\/?s={search_term_string}"},"query-input":{"@type":"PropertyValueSpecification","valueRequired":true,"valueName":"search_term_string"}}],"inLanguage":"pt-BR"},{"@type":"Organization","@id":"https:\/\/www.estrategiaconcursos.com.br\/blog\/#organization","name":"Estrat\u00e9gia Concursos","url":"https:\/\/www.estrategiaconcursos.com.br\/blog\/","logo":{"@type":"ImageObject","inLanguage":"pt-BR","@id":"https:\/\/www.estrategiaconcursos.com.br\/blog\/#\/schema\/logo\/image\/","url":"https:\/\/dhg1h5j42swfq.cloudfront.net\/2025\/06\/03203428\/logo_concursos-1.jpg","contentUrl":"https:\/\/dhg1h5j42swfq.cloudfront.net\/2025\/06\/03203428\/logo_concursos-1.jpg","width":230,"height":60,"caption":"Estrat\u00e9gia Concursos"},"image":{"@id":"https:\/\/www.estrategiaconcursos.com.br\/blog\/#\/schema\/logo\/image\/"},"sameAs":["https:\/\/x.com\/EstratConcursos"]},{"@type":"Person","@id":"https:\/\/www.estrategiaconcursos.com.br\/blog\/#\/schema\/person\/20030622a981f9a942ad6b3561fe4ca4","name":"Vinicius Silva","image":{"@type":"ImageObject","inLanguage":"pt-BR","@id":"https:\/\/secure.gravatar.com\/avatar\/604d9670a4c7eea71feaa4381f3ae97e148292ac402671c5944aa67a3d127663?s=96&d=mm&r=g","url":"https:\/\/secure.gravatar.com\/avatar\/604d9670a4c7eea71feaa4381f3ae97e148292ac402671c5944aa67a3d127663?s=96&d=mm&r=g","contentUrl":"https:\/\/secure.gravatar.com\/avatar\/604d9670a4c7eea71feaa4381f3ae97e148292ac402671c5944aa67a3d127663?s=96&d=mm&r=g","caption":"Vinicius Silva"},"url":"https:\/\/www.estrategiaconcursos.com.br\/blog\/author\/viniciussilvaestrategiaconcursos-com-br\/"}]}},"_links":{"self":[{"href":"https:\/\/www.estrategiaconcursos.com.br\/blog\/wp-json\/wp\/v2\/posts\/621725","targetHints":{"allow":["GET"]}}],"collection":[{"href":"https:\/\/www.estrategiaconcursos.com.br\/blog\/wp-json\/wp\/v2\/posts"}],"about":[{"href":"https:\/\/www.estrategiaconcursos.com.br\/blog\/wp-json\/wp\/v2\/types\/post"}],"author":[{"embeddable":true,"href":"https:\/\/www.estrategiaconcursos.com.br\/blog\/wp-json\/wp\/v2\/users\/93"}],"replies":[{"embeddable":true,"href":"https:\/\/www.estrategiaconcursos.com.br\/blog\/wp-json\/wp\/v2\/comments?post=621725"}],"version-history":[{"count":14,"href":"https:\/\/www.estrategiaconcursos.com.br\/blog\/wp-json\/wp\/v2\/posts\/621725\/revisions"}],"predecessor-version":[{"id":1247855,"href":"https:\/\/www.estrategiaconcursos.com.br\/blog\/wp-json\/wp\/v2\/posts\/621725\/revisions\/1247855"}],"wp:featuredmedia":[{"embeddable":true,"href":"https:\/\/www.estrategiaconcursos.com.br\/blog\/wp-json\/wp\/v2\/media\/541914"}],"wp:attachment":[{"href":"https:\/\/www.estrategiaconcursos.com.br\/blog\/wp-json\/wp\/v2\/media?parent=621725"}],"wp:term":[{"taxonomy":"category","embeddable":true,"href":"https:\/\/www.estrategiaconcursos.com.br\/blog\/wp-json\/wp\/v2\/categories?post=621725"},{"taxonomy":"post_tag","embeddable":true,"href":"https:\/\/www.estrategiaconcursos.com.br\/blog\/wp-json\/wp\/v2\/tags?post=621725"},{"taxonomy":"tax_estado","embeddable":true,"href":"https:\/\/www.estrategiaconcursos.com.br\/blog\/wp-json\/wp\/v2\/tax_estado?post=621725"}],"curies":[{"name":"wp","href":"https:\/\/api.w.org\/{rel}","templated":true}]}}