{"id":621495,"date":"2021-04-24T11:08:00","date_gmt":"2021-04-24T14:08:00","guid":{"rendered":"https:\/\/www.estrategiaconcursos.com.br\/blog\/?p=621495"},"modified":"2021-04-25T13:16:45","modified_gmt":"2021-04-25T16:16:45","slug":"concurso-camara-leandro-ferreira-mg","status":"publish","type":"post","link":"https:\/\/www.estrategiaconcursos.com.br\/blog\/concurso-camara-leandro-ferreira-mg\/","title":{"rendered":"Concurso C\u00e2mara Leandro Ferreira MG: provas SUSPENSAS!"},"content":{"rendered":"\n<p>Est\u00e1 suspensa a aplica\u00e7\u00e3o das provas objetivas do concurso p\u00fablico da <strong>C\u00e2mara de Leandro Ferreira<\/strong>, estado de Minas Gerais, que estava prevista para ocorrer no dia 25 de abril. Novas informa\u00e7\u00f5es ser\u00e3o anunciadas a partir do dia 07 de julho.<\/p>\n\n\n\n<p>Sob organiza\u00e7\u00e3o da banca SEAP Concursos, s\u00e3o ofertadas duas vagas imediatas, distribu\u00eddas igualmente entre os cargos de Auxiliar de servi\u00e7os \u2013 Faxineiro e Secret\u00e1rio Legislativo. Os sal\u00e1rios s\u00e3o de R$ 1.045,00 e R$ 1.400,00, respectivamente.<\/p>\n\n\n\n<p>Confira neste artigo as principais informa\u00e7\u00f5es e novidades do concurso. Acompanhe os t\u00f3picos abaixo e n\u00e3o perca nenhum detalhe:<\/p>\n\n\n\n<ul class=\"wp-block-list\"><li><a href=\"#situacao\">Situa\u00e7\u00e3o atual do concurso<\/a><ul><li><a href=\"#principais\">Principais datas<\/a><\/li><\/ul><\/li><li><a href=\"#cargos\">Cargos e vagas<\/a><\/li><li><a href=\"#etapas\">Etapas do concurso<\/a><ul><li><a href=\"#objetiva\">Provas objetivas<\/a><\/li><\/ul><\/li><li><a href=\"#cursos-assinatura\">Cursos e assinaturas<\/a><\/li><li><a href=\"#ficha\">Ficha t\u00e9cnica<\/a><\/li><\/ul>\n\n\n\n<h2 class=\"wp-block-heading\" id=\"situacao\">Situa\u00e7\u00e3o atual do concurso C\u00e2mara Leandro Ferreira<\/h2>\n\n\n\n<h3 class=\"wp-block-heading\" id=\"principais\">Principais datas<\/h3>\n\n\n\n<p class=\"has-background\" style=\"background-color:#eeeeee\"><strong>Inscri\u00e7\u00f5es:<\/strong>&nbsp;<s>18\/02 a 22\/03<\/s><br \/><strong>Isen\u00e7\u00e3o da taxa:<\/strong>&nbsp;<s>18 a 22\/02<\/s><br \/><strong>Data da prova:<\/strong>&nbsp;<s>25\/04<\/s> <a href=\"https:\/\/dhg1h5j42swfq.cloudfront.net\/2025\/06\/24105002\/c09f2b54b99d89a118532139f2959120.pdf\" target=\"_blank\" rel=\"noreferrer noopener\">Suspensa<\/a><\/p>\n\n\n\n<h2 class=\"wp-block-heading\" id=\"cargos\">Cargos e vagas do concurso <\/h2>\n\n\n\n<figure class=\"wp-block-table is-style-stripes\"><table class=\"has-subtle-pale-blue-background-color has-fixed-layout has-background\"><thead><tr><th class=\"has-text-align-center\" data-align=\"center\">Cargos<\/th><th class=\"has-text-align-center\" data-align=\"center\">Escolaridade<\/th><th class=\"has-text-align-center\" data-align=\"center\">Vagas<\/th><th class=\"has-text-align-center\" data-align=\"center\">Sal\u00e1rio<\/th><\/tr><\/thead><tbody><tr><td class=\"has-text-align-center\" data-align=\"center\">Auxiliar de servi\u00e7os \u2013 Faxineiro<\/td><td class=\"has-text-align-center\" data-align=\"center\">N\u00edvel Fundamental<\/td><td class=\"has-text-align-center\" data-align=\"center\">01<\/td><td class=\"has-text-align-center\" data-align=\"center\">R$ 1.045,00<\/td><\/tr><tr><td class=\"has-text-align-center\" data-align=\"center\">Secret\u00e1rio Legislativo<\/td><td class=\"has-text-align-center\" data-align=\"center\">N\u00edvel M\u00e9dio<\/td><td class=\"has-text-align-center\" data-align=\"center\">01<\/td><td class=\"has-text-align-center\" data-align=\"center\">R$ 1.400,00<\/td><\/tr><\/tbody><\/table><\/figure>\n\n\n\n<h2 class=\"wp-block-heading\" id=\"etapas\">Etapas do concurso C\u00e2mara Leandro Ferreira<\/h2>\n\n\n\n<p>O certame ser\u00e1 composto de uma \u00fanica etapa, que ser\u00e1 de <strong>Prova Objetiva<\/strong>, de car\u00e1ter classificat\u00f3rio e eliminat\u00f3rio.<\/p>\n\n\n\n<h3 class=\"wp-block-heading\" id=\"objetiva\">Prova objetiva<\/h3>\n\n\n\n<p>As Provas Objetivas constar\u00e3o de quest\u00f5es de m\u00faltipla escolha com quatro op\u00e7\u00f5es (A, B, C, D), sendo uma \u00fanica resposta correta. Os candidatos ter\u00e3o o prazo de 2h30 para resolu\u00e7\u00e3o das quest\u00f5es.<\/p>\n\n\n\n<p>Ser\u00e1 aprovado aquele que obtiver nota igual ou superior a 50% do total de pontos das provas inerentes aos cargos p\u00fablicos. Confira a seguir a tabela das disciplinas que ser\u00e3o cobrados:<\/p>\n\n\n\n<figure class=\"wp-block-table is-style-stripes\"><table class=\"has-subtle-pale-blue-background-color has-fixed-layout has-background\"><thead><tr><th class=\"has-text-align-center\" data-align=\"center\">Cargos<\/th><th class=\"has-text-align-center\" data-align=\"center\">Provas<\/th><th class=\"has-text-align-center\" data-align=\"center\">Quest\u00f5es<\/th><th class=\"has-text-align-center\" data-align=\"center\">Peso<\/th><\/tr><\/thead><tbody><tr><td class=\"has-text-align-center\" data-align=\"center\">Auxiliar de servi\u00e7os \u2013 Faxineiro<\/td><td class=\"has-text-align-center\" data-align=\"center\">L\u00edngua Portuguesa<br \/>Matem\u00e1tica<\/td><td class=\"has-text-align-center\" data-align=\"center\">20<br \/>10<\/td><td class=\"has-text-align-center\" data-align=\"center\">3,0<br \/>4,0<\/td><\/tr><tr><td class=\"has-text-align-center\" data-align=\"center\">Secret\u00e1rio Legislativo<\/td><td class=\"has-text-align-center\" data-align=\"center\">L\u00edngua Portuguesa<br \/>Conhecimentos Espec\u00edficos<\/td><td class=\"has-text-align-center\" data-align=\"center\">20<br \/>10<\/td><td class=\"has-text-align-center\" data-align=\"center\">3,0<br \/>4,0<\/td><\/tr><\/tbody><\/table><\/figure>\n\n\n\n<p><strong>Em caso de empate<\/strong> na pontua\u00e7\u00e3o da prova objetiva, haver\u00e1 <strong>prova de t\u00edtulo<\/strong>, com pontua\u00e7\u00e3o m\u00e1xima de 06 pontos para desempatar. Confira:<\/p>\n\n\n\n<figure class=\"wp-block-image size-large\"><img loading=\"lazy\" decoding=\"async\" width=\"787\" height=\"216\" src=\"https:\/\/dhg1h5j42swfq.cloudfront.net\/2020\/12\/02143134\/image-14.png\" alt=\"\" class=\"wp-image-621525\" srcset=\"https:\/\/dhg1h5j42swfq.cloudfront.net\/2020\/12\/02143134\/image-14.png 787w, https:\/\/dhg1h5j42swfq.cloudfront.net\/2020\/12\/02143134\/image-14-300x82.png 300w, https:\/\/dhg1h5j42swfq.cloudfront.net\/2020\/12\/02143134\/image-14-768x211.png 768w, https:\/\/dhg1h5j42swfq.cloudfront.net\/2020\/12\/02143134\/image-14-610x167.png 610w\" sizes=\"auto, (max-width: 787px) 100vw, 787px\" \/><\/figure>\n\n\n\n<hr class=\"wp-block-separator\"\/>\n\n\n\n<h2 class=\"has-text-align-center wp-block-heading\" id=\"cursos-assinatura\">Quer estudar para o concurso <strong>C\u00e2mara Leandro Ferreira<\/strong> MG?<\/h2>\n\n\n\n<div class=\"container\" id=\"boxes\">\n  <div class=\"row\">\n\n    <div class=\"col-sm\">\n      <div class=\"banner-legislativo\" id=\"box-assinatura\">\n        <h3 class=\"titulo-assinatura\">Carreiras Legislativas<\/h3>\n        <p class=\"subtitulo-assinatura\">Conhe\u00e7a nossos cursos<\/p>\n        <div class=\"box-botao\">\n          <a class=\"btn-assinatura\" target=\"_blank\" href=\"https:\/\/www.estrategiaconcursos.com.br\/cursos\/\" role=\"button\" rel=\"noopener noreferrer\">Conhe\u00e7a mais<\/a>\n        <\/div>\n      <\/div>\n      \n    <\/div>\n\n  <\/div>\n<\/div>\n\n\n\n<div class=\"container\" id=\"boxes\">\n  <div class=\"row\">\n\n    <div class=\"col-sm\">\n      <div class=\"estrategia\" id=\"box-assinatura\">\n        <h3 class=\"titulo-assinatura\">Assinatura Concursos<\/h3>\n        <p class=\"subtitulo-assinatura\">Assinatura de 1 ano ou 2 anos<\/p>\n        <div class=\"box-botao\">\n          <a class=\"btn-assinatura\" target=\"_blank\" href=\"https:\/\/www.estrategiaconcursos.com.br\/assinaturas\/\" role=\"button\" rel=\"noopener noreferrer\">ASSINE AGORA<\/a>\n        <\/div>\n      <\/div>\n     \n    <\/div>\n\n    <div class=\"col-sm\">\n      <div class=\"questoes\" id=\"box-assinatura\">\n        <h3 class=\"titulo-assinatura\">Sistema de Quest\u00f5es<\/h3>\n        <p class=\"subtitulo-assinatura\">Assinatura de 1 ano ou 2 anos\n<\/p>\n        <div class=\"box-botao\">\n          <a class=\"btn-assinatura\" target=\"_blank\" href=\"https:\/\/questoes.estrategiaconcursos.com.br\/\" role=\"button\" rel=\"noopener noreferrer\">ASSINE AGORA<\/a>\n        <\/div>\n      <\/div>\n    \n    <\/div>\n  <\/div>\n<\/div>\n\n\n\n<div class=\"container\" id=\"boxes\">\n  <div class=\"row\">\n\n    <div class=\"col-sm\" id=\"boxes-concursos\">\n      <div style=\"background-color: #005DAD;\" class=\"conteudo-concursos\" id=\"box-concursos\">\n        <h3 class=\"titulo-assinatura\">Concursos Abertos<\/h3>\n        <p class=\"subtitulo-assinatura\">mais de 15 mil vagas<\/p>\n        <div class=\"box-botao\">\n          <a class=\"btn-assinatura\" target=\"_blank\" href=\"https:\/\/www.estrategiaconcursos.com.br\/blog\/concursos-abertos\/\" role=\"button\" rel=\"noopener noreferrer\">Conhe\u00e7a Agora<\/a>\n        <\/div>\n      <\/div>\n    <\/div>\n\n    <div class=\"col-sm\" id=\"boxes-concursos\">\n      <div style=\"background-color: #419FF0;\" class=\"conteudo-concursos\" id=\"box-concursos\">\n        <h3 class=\"titulo-assinatura\">Concursos 2021<\/h3>\n        <p class=\"subtitulo-assinatura\">mais de 50 mil vagas<\/p>\n        <div class=\"box-botao\">\n          <a class=\"btn-assinatura\" target=\"_blank\" href=\"https:\/\/www.estrategiaconcursos.com.br\/blog\/concursos-2021\/\" role=\"button\" rel=\"noopener noreferrer\">Conhe\u00e7a Agora<\/a>\n        <\/div>\n      <\/div>\n    <\/div>\n\n  <\/div>\n<\/div>\n\n\n\n<figure class=\"wp-block-image size-large is-resized\"><img loading=\"lazy\" decoding=\"async\" src=\"https:\/\/dhg1h5j42swfq.cloudfront.net\/2021\/04\/23164554\/ficha-tecnica-168-1024x632.png\" alt=\"Informa\u00e7\u00f5es do concurso C\u00e2mara Leandro Ferreira-MG\" class=\"wp-image-722027\" width=\"248\" height=\"153\" srcset=\"https:\/\/dhg1h5j42swfq.cloudfront.net\/2021\/04\/23164554\/ficha-tecnica-168-1024x632.png 1024w, https:\/\/dhg1h5j42swfq.cloudfront.net\/2021\/04\/23164554\/ficha-tecnica-168-300x185.png 300w, https:\/\/dhg1h5j42swfq.cloudfront.net\/2021\/04\/23164554\/ficha-tecnica-168-768x474.png 768w, https:\/\/dhg1h5j42swfq.cloudfront.net\/2021\/04\/23164554\/ficha-tecnica-168-1536x948.png 1536w, https:\/\/dhg1h5j42swfq.cloudfront.net\/2021\/04\/23164554\/ficha-tecnica-168-610x377.png 610w, https:\/\/dhg1h5j42swfq.cloudfront.net\/2021\/04\/23164554\/ficha-tecnica-168.png 1571w\" sizes=\"auto, (max-width: 248px) 100vw, 248px\" \/><\/figure>\n\n\n\n<h3 class=\"wp-block-heading\" id=\"ficha\"><strong>Informa\u00e7\u00f5es do concurso C\u00e2mara Leandro Ferreira<\/strong>-MG<\/h3>\n\n\n\n<ul class=\"wp-block-list\"><li><strong>Data<\/strong>&nbsp;<strong>da prova:&nbsp;<\/strong>Suspensa<\/li><li><strong>Vagas<\/strong>: 02<\/li><li><strong>Cargos<\/strong>: Faxineiro e Secret\u00e1rio Legislativo<\/li><li><strong>Banca<\/strong>: SEAP Concursos<\/li><li><strong>Escolaridade<\/strong>: n\u00edvel fundamental e superior<\/li><li><strong>Edital:<\/strong>&nbsp;<a rel=\"noreferrer noopener\" href=\"https:\/\/dhg1h5j42swfq.cloudfront.net\/2020\/12\/02144345\/Camara-Municipal-de-Leandro-Ferreira-MG-.pdf\" target=\"_blank\">C\u00e2mara Leandro Ferreira<\/a> | <a href=\"https:\/\/dhg1h5j42swfq.cloudfront.net\/2025\/06\/24105002\/c09f2b54b99d89a118532139f2959120.pdf\" target=\"_blank\" rel=\"noreferrer noopener\">Provas suspensas<\/a><\/li><\/ul>\n","protected":false},"excerpt":{"rendered":"<p>Est\u00e1 suspensa a aplica\u00e7\u00e3o das provas objetivas do concurso p\u00fablico da C\u00e2mara de Leandro Ferreira, estado de Minas Gerais, que estava prevista para ocorrer no dia 25 de abril. Novas informa\u00e7\u00f5es ser\u00e3o anunciadas a partir do dia 07 de julho. Sob organiza\u00e7\u00e3o da banca SEAP Concursos, s\u00e3o ofertadas duas vagas imediatas, distribu\u00eddas igualmente entre os [&hellip;]<\/p>\n","protected":false},"author":1,"featured_media":722700,"comment_status":"open","ping_status":"closed","sticky":false,"template":"","format":"standard","meta":{"post_tipo":"news_page","footnotes":""},"categories":[2017],"tags":[],"tax_estado":[219974],"class_list":["post-621495","post","type-post","status-publish","format-standard","has-post-thumbnail","hentry","category-concursos-legislativos","tax_estado-mg"],"acf":[],"yoast_head":"<!-- This site is optimized with the Yoast SEO Premium plugin v27.2 (Yoast SEO v27.2) - https:\/\/yoast.com\/product\/yoast-seo-premium-wordpress\/ -->\n<title>Concurso C\u00e2mara Leandro Ferreira MG: provas SUSPENSAS!<\/title>\n<meta name=\"description\" content=\"Concurso C\u00e2mara Leandro Ferreira-MG: Sele\u00e7\u00e3o oferece 2 vagas para in\u00edcio imediato, de n\u00edvel fundamental e m\u00e9dio. Provas s\u00e3o suspensas!\" \/>\n<meta name=\"robots\" content=\"index, follow, max-snippet:-1, max-image-preview:large, max-video-preview:-1\" \/>\n<link rel=\"canonical\" href=\"https:\/\/www.estrategiaconcursos.com.br\/blog\/concurso-camara-leandro-ferreira-mg\/\" \/>\n<meta property=\"og:locale\" content=\"pt_BR\" \/>\n<meta property=\"og:type\" content=\"article\" \/>\n<meta property=\"og:title\" content=\"Concurso C\u00e2mara Leandro Ferreira MG: provas SUSPENSAS!\" \/>\n<meta property=\"og:description\" content=\"Concurso C\u00e2mara Leandro Ferreira-MG: Sele\u00e7\u00e3o oferece 2 vagas para in\u00edcio imediato, de n\u00edvel fundamental e m\u00e9dio. Provas s\u00e3o suspensas!\" \/>\n<meta property=\"og:url\" content=\"https:\/\/www.estrategiaconcursos.com.br\/blog\/concurso-camara-leandro-ferreira-mg\/\" \/>\n<meta property=\"og:site_name\" content=\"Estrat\u00e9gia Concursos\" \/>\n<meta property=\"article:author\" content=\"https:\/\/www.facebook.com\/EstrategiaConcursos\" \/>\n<meta property=\"article:published_time\" content=\"2021-04-24T14:08:00+00:00\" \/>\n<meta property=\"article:modified_time\" content=\"2021-04-25T16:16:45+00:00\" \/>\n<meta property=\"og:image\" content=\"https:\/\/dhg1h5j42swfq.cloudfront.net\/2021\/04\/24111111\/camara_leandro_ferreira.jpg\" \/>\n\t<meta property=\"og:image:width\" content=\"1200\" \/>\n\t<meta property=\"og:image:height\" content=\"628\" \/>\n\t<meta property=\"og:image:type\" content=\"image\/jpeg\" \/>\n<meta name=\"author\" content=\"Coordena\u00e7\u00e3o\" \/>\n<meta name=\"twitter:card\" content=\"summary_large_image\" \/>\n<meta name=\"twitter:creator\" content=\"@EstratConcursos\" \/>\n<meta name=\"twitter:site\" content=\"@EstratConcursos\" \/>\n<meta name=\"twitter:label1\" content=\"Escrito por\" \/>\n\t<meta name=\"twitter:data1\" content=\"Coordena\u00e7\u00e3o\" \/>\n\t<meta name=\"twitter:label2\" content=\"Est. tempo de leitura\" \/>\n\t<meta name=\"twitter:data2\" content=\"3 minutos\" \/>\n<script type=\"application\/ld+json\" class=\"yoast-schema-graph\">{\"@context\":\"https:\/\/schema.org\",\"@graph\":[{\"@type\":\"NewsArticle\",\"@id\":\"https:\/\/www.estrategiaconcursos.com.br\/blog\/concurso-camara-leandro-ferreira-mg\/#article\",\"isPartOf\":{\"@id\":\"https:\/\/www.estrategiaconcursos.com.br\/blog\/concurso-camara-leandro-ferreira-mg\/\"},\"author\":{\"name\":\"Coordena\u00e7\u00e3o\",\"@id\":\"https:\/\/www.estrategiaconcursos.com.br\/blog\/#\/schema\/person\/b4a388c97673c5f483d72185668afa1f\"},\"headline\":\"Concurso C\u00e2mara Leandro Ferreira MG: provas SUSPENSAS!\",\"datePublished\":\"2021-04-24T14:08:00+00:00\",\"dateModified\":\"2021-04-25T16:16:45+00:00\",\"mainEntityOfPage\":{\"@id\":\"https:\/\/www.estrategiaconcursos.com.br\/blog\/concurso-camara-leandro-ferreira-mg\/\"},\"wordCount\":428,\"commentCount\":0,\"publisher\":{\"@id\":\"https:\/\/www.estrategiaconcursos.com.br\/blog\/#organization\"},\"image\":{\"@id\":\"https:\/\/www.estrategiaconcursos.com.br\/blog\/concurso-camara-leandro-ferreira-mg\/#primaryimage\"},\"thumbnailUrl\":\"https:\/\/dhg1h5j42swfq.cloudfront.net\/2021\/04\/24111111\/camara_leandro_ferreira.jpg\",\"articleSection\":[\"Legislativo\"],\"inLanguage\":\"pt-BR\",\"potentialAction\":[{\"@type\":\"CommentAction\",\"name\":\"Comment\",\"target\":[\"https:\/\/www.estrategiaconcursos.com.br\/blog\/concurso-camara-leandro-ferreira-mg\/#respond\"]}],\"copyrightYear\":\"2021\",\"copyrightHolder\":{\"@id\":\"https:\/\/www.estrategiaconcursos.com.br\/blog\/#organization\"}},{\"@type\":\"WebPage\",\"@id\":\"https:\/\/www.estrategiaconcursos.com.br\/blog\/concurso-camara-leandro-ferreira-mg\/\",\"url\":\"https:\/\/www.estrategiaconcursos.com.br\/blog\/concurso-camara-leandro-ferreira-mg\/\",\"name\":\"Concurso C\u00e2mara Leandro Ferreira MG: provas SUSPENSAS!\",\"isPartOf\":{\"@id\":\"https:\/\/www.estrategiaconcursos.com.br\/blog\/#website\"},\"primaryImageOfPage\":{\"@id\":\"https:\/\/www.estrategiaconcursos.com.br\/blog\/concurso-camara-leandro-ferreira-mg\/#primaryimage\"},\"image\":{\"@id\":\"https:\/\/www.estrategiaconcursos.com.br\/blog\/concurso-camara-leandro-ferreira-mg\/#primaryimage\"},\"thumbnailUrl\":\"https:\/\/dhg1h5j42swfq.cloudfront.net\/2021\/04\/24111111\/camara_leandro_ferreira.jpg\",\"datePublished\":\"2021-04-24T14:08:00+00:00\",\"dateModified\":\"2021-04-25T16:16:45+00:00\",\"description\":\"Concurso C\u00e2mara Leandro Ferreira-MG: Sele\u00e7\u00e3o oferece 2 vagas para in\u00edcio imediato, de n\u00edvel fundamental e m\u00e9dio. Provas s\u00e3o suspensas!\",\"breadcrumb\":{\"@id\":\"https:\/\/www.estrategiaconcursos.com.br\/blog\/concurso-camara-leandro-ferreira-mg\/#breadcrumb\"},\"inLanguage\":\"pt-BR\",\"potentialAction\":[{\"@type\":\"ReadAction\",\"target\":[\"https:\/\/www.estrategiaconcursos.com.br\/blog\/concurso-camara-leandro-ferreira-mg\/\"]}]},{\"@type\":\"ImageObject\",\"inLanguage\":\"pt-BR\",\"@id\":\"https:\/\/www.estrategiaconcursos.com.br\/blog\/concurso-camara-leandro-ferreira-mg\/#primaryimage\",\"url\":\"https:\/\/dhg1h5j42swfq.cloudfront.net\/2021\/04\/24111111\/camara_leandro_ferreira.jpg\",\"contentUrl\":\"https:\/\/dhg1h5j42swfq.cloudfront.net\/2021\/04\/24111111\/camara_leandro_ferreira.jpg\",\"width\":1200,\"height\":628},{\"@type\":\"BreadcrumbList\",\"@id\":\"https:\/\/www.estrategiaconcursos.com.br\/blog\/concurso-camara-leandro-ferreira-mg\/#breadcrumb\",\"itemListElement\":[{\"@type\":\"ListItem\",\"position\":1,\"name\":\"In\u00edcio\",\"item\":\"https:\/\/www.estrategiaconcursos.com.br\/blog\/\"},{\"@type\":\"ListItem\",\"position\":2,\"name\":\"Concurso C\u00e2mara Leandro Ferreira MG: provas SUSPENSAS!\"}]},{\"@type\":\"WebSite\",\"@id\":\"https:\/\/www.estrategiaconcursos.com.br\/blog\/#website\",\"url\":\"https:\/\/www.estrategiaconcursos.com.br\/blog\/\",\"name\":\"Estrat\u00e9gia Concursos\",\"description\":\"O blog da Estrat\u00e9gia Concursos traz not\u00edcias sobre concursos e artigos de professores oferecendo cursos para concursos (pdf + videaulas) no site.\",\"publisher\":{\"@id\":\"https:\/\/www.estrategiaconcursos.com.br\/blog\/#organization\"},\"potentialAction\":[{\"@type\":\"SearchAction\",\"target\":{\"@type\":\"EntryPoint\",\"urlTemplate\":\"https:\/\/www.estrategiaconcursos.com.br\/blog\/?s={search_term_string}\"},\"query-input\":{\"@type\":\"PropertyValueSpecification\",\"valueRequired\":true,\"valueName\":\"search_term_string\"}}],\"inLanguage\":\"pt-BR\"},{\"@type\":\"Organization\",\"@id\":\"https:\/\/www.estrategiaconcursos.com.br\/blog\/#organization\",\"name\":\"Estrat\u00e9gia Concursos\",\"url\":\"https:\/\/www.estrategiaconcursos.com.br\/blog\/\",\"logo\":{\"@type\":\"ImageObject\",\"inLanguage\":\"pt-BR\",\"@id\":\"https:\/\/www.estrategiaconcursos.com.br\/blog\/#\/schema\/logo\/image\/\",\"url\":\"https:\/\/dhg1h5j42swfq.cloudfront.net\/2025\/06\/03203428\/logo_concursos-1.jpg\",\"contentUrl\":\"https:\/\/dhg1h5j42swfq.cloudfront.net\/2025\/06\/03203428\/logo_concursos-1.jpg\",\"width\":230,\"height\":60,\"caption\":\"Estrat\u00e9gia Concursos\"},\"image\":{\"@id\":\"https:\/\/www.estrategiaconcursos.com.br\/blog\/#\/schema\/logo\/image\/\"},\"sameAs\":[\"https:\/\/x.com\/EstratConcursos\"]},{\"@type\":\"Person\",\"@id\":\"https:\/\/www.estrategiaconcursos.com.br\/blog\/#\/schema\/person\/b4a388c97673c5f483d72185668afa1f\",\"name\":\"Coordena\u00e7\u00e3o\",\"image\":{\"@type\":\"ImageObject\",\"inLanguage\":\"pt-BR\",\"@id\":\"https:\/\/secure.gravatar.com\/avatar\/b720319e4c9a967eb58678d110f4fe35452fc5d5f97b202bac7b8acceb18c6ad?s=96&d=mm&r=g\",\"url\":\"https:\/\/secure.gravatar.com\/avatar\/b720319e4c9a967eb58678d110f4fe35452fc5d5f97b202bac7b8acceb18c6ad?s=96&d=mm&r=g\",\"contentUrl\":\"https:\/\/secure.gravatar.com\/avatar\/b720319e4c9a967eb58678d110f4fe35452fc5d5f97b202bac7b8acceb18c6ad?s=96&d=mm&r=g\",\"caption\":\"Coordena\u00e7\u00e3o\"},\"sameAs\":[\"https:\/\/www.facebook.com\/EstrategiaConcursos\",\"https:\/\/x.com\/EstratConcursos\"],\"url\":\"https:\/\/www.estrategiaconcursos.com.br\/blog\/author\/estrategia2013\/\"}]}<\/script>\n<!-- \/ Yoast SEO Premium plugin. -->","yoast_head_json":{"title":"Concurso C\u00e2mara Leandro Ferreira MG: provas SUSPENSAS!","description":"Concurso C\u00e2mara Leandro Ferreira-MG: Sele\u00e7\u00e3o oferece 2 vagas para in\u00edcio imediato, de n\u00edvel fundamental e m\u00e9dio. Provas s\u00e3o suspensas!","robots":{"index":"index","follow":"follow","max-snippet":"max-snippet:-1","max-image-preview":"max-image-preview:large","max-video-preview":"max-video-preview:-1"},"canonical":"https:\/\/www.estrategiaconcursos.com.br\/blog\/concurso-camara-leandro-ferreira-mg\/","og_locale":"pt_BR","og_type":"article","og_title":"Concurso C\u00e2mara Leandro Ferreira MG: provas SUSPENSAS!","og_description":"Concurso C\u00e2mara Leandro Ferreira-MG: Sele\u00e7\u00e3o oferece 2 vagas para in\u00edcio imediato, de n\u00edvel fundamental e m\u00e9dio. Provas s\u00e3o suspensas!","og_url":"https:\/\/www.estrategiaconcursos.com.br\/blog\/concurso-camara-leandro-ferreira-mg\/","og_site_name":"Estrat\u00e9gia Concursos","article_author":"https:\/\/www.facebook.com\/EstrategiaConcursos","article_published_time":"2021-04-24T14:08:00+00:00","article_modified_time":"2021-04-25T16:16:45+00:00","og_image":[{"width":1200,"height":628,"url":"https:\/\/dhg1h5j42swfq.cloudfront.net\/2021\/04\/24111111\/camara_leandro_ferreira.jpg","type":"image\/jpeg"}],"author":"Coordena\u00e7\u00e3o","twitter_card":"summary_large_image","twitter_creator":"@EstratConcursos","twitter_site":"@EstratConcursos","twitter_misc":{"Escrito por":"Coordena\u00e7\u00e3o","Est. tempo de leitura":"3 minutos"},"schema":{"@context":"https:\/\/schema.org","@graph":[{"@type":"NewsArticle","@id":"https:\/\/www.estrategiaconcursos.com.br\/blog\/concurso-camara-leandro-ferreira-mg\/#article","isPartOf":{"@id":"https:\/\/www.estrategiaconcursos.com.br\/blog\/concurso-camara-leandro-ferreira-mg\/"},"author":{"name":"Coordena\u00e7\u00e3o","@id":"https:\/\/www.estrategiaconcursos.com.br\/blog\/#\/schema\/person\/b4a388c97673c5f483d72185668afa1f"},"headline":"Concurso C\u00e2mara Leandro Ferreira MG: provas SUSPENSAS!","datePublished":"2021-04-24T14:08:00+00:00","dateModified":"2021-04-25T16:16:45+00:00","mainEntityOfPage":{"@id":"https:\/\/www.estrategiaconcursos.com.br\/blog\/concurso-camara-leandro-ferreira-mg\/"},"wordCount":428,"commentCount":0,"publisher":{"@id":"https:\/\/www.estrategiaconcursos.com.br\/blog\/#organization"},"image":{"@id":"https:\/\/www.estrategiaconcursos.com.br\/blog\/concurso-camara-leandro-ferreira-mg\/#primaryimage"},"thumbnailUrl":"https:\/\/dhg1h5j42swfq.cloudfront.net\/2021\/04\/24111111\/camara_leandro_ferreira.jpg","articleSection":["Legislativo"],"inLanguage":"pt-BR","potentialAction":[{"@type":"CommentAction","name":"Comment","target":["https:\/\/www.estrategiaconcursos.com.br\/blog\/concurso-camara-leandro-ferreira-mg\/#respond"]}],"copyrightYear":"2021","copyrightHolder":{"@id":"https:\/\/www.estrategiaconcursos.com.br\/blog\/#organization"}},{"@type":"WebPage","@id":"https:\/\/www.estrategiaconcursos.com.br\/blog\/concurso-camara-leandro-ferreira-mg\/","url":"https:\/\/www.estrategiaconcursos.com.br\/blog\/concurso-camara-leandro-ferreira-mg\/","name":"Concurso C\u00e2mara Leandro Ferreira MG: provas SUSPENSAS!","isPartOf":{"@id":"https:\/\/www.estrategiaconcursos.com.br\/blog\/#website"},"primaryImageOfPage":{"@id":"https:\/\/www.estrategiaconcursos.com.br\/blog\/concurso-camara-leandro-ferreira-mg\/#primaryimage"},"image":{"@id":"https:\/\/www.estrategiaconcursos.com.br\/blog\/concurso-camara-leandro-ferreira-mg\/#primaryimage"},"thumbnailUrl":"https:\/\/dhg1h5j42swfq.cloudfront.net\/2021\/04\/24111111\/camara_leandro_ferreira.jpg","datePublished":"2021-04-24T14:08:00+00:00","dateModified":"2021-04-25T16:16:45+00:00","description":"Concurso C\u00e2mara Leandro Ferreira-MG: Sele\u00e7\u00e3o oferece 2 vagas para in\u00edcio imediato, de n\u00edvel fundamental e m\u00e9dio. Provas s\u00e3o suspensas!","breadcrumb":{"@id":"https:\/\/www.estrategiaconcursos.com.br\/blog\/concurso-camara-leandro-ferreira-mg\/#breadcrumb"},"inLanguage":"pt-BR","potentialAction":[{"@type":"ReadAction","target":["https:\/\/www.estrategiaconcursos.com.br\/blog\/concurso-camara-leandro-ferreira-mg\/"]}]},{"@type":"ImageObject","inLanguage":"pt-BR","@id":"https:\/\/www.estrategiaconcursos.com.br\/blog\/concurso-camara-leandro-ferreira-mg\/#primaryimage","url":"https:\/\/dhg1h5j42swfq.cloudfront.net\/2021\/04\/24111111\/camara_leandro_ferreira.jpg","contentUrl":"https:\/\/dhg1h5j42swfq.cloudfront.net\/2021\/04\/24111111\/camara_leandro_ferreira.jpg","width":1200,"height":628},{"@type":"BreadcrumbList","@id":"https:\/\/www.estrategiaconcursos.com.br\/blog\/concurso-camara-leandro-ferreira-mg\/#breadcrumb","itemListElement":[{"@type":"ListItem","position":1,"name":"In\u00edcio","item":"https:\/\/www.estrategiaconcursos.com.br\/blog\/"},{"@type":"ListItem","position":2,"name":"Concurso C\u00e2mara Leandro Ferreira MG: provas SUSPENSAS!"}]},{"@type":"WebSite","@id":"https:\/\/www.estrategiaconcursos.com.br\/blog\/#website","url":"https:\/\/www.estrategiaconcursos.com.br\/blog\/","name":"Estrat\u00e9gia Concursos","description":"O blog da Estrat\u00e9gia Concursos traz not\u00edcias sobre concursos e artigos de professores oferecendo cursos para concursos (pdf + videaulas) no site.","publisher":{"@id":"https:\/\/www.estrategiaconcursos.com.br\/blog\/#organization"},"potentialAction":[{"@type":"SearchAction","target":{"@type":"EntryPoint","urlTemplate":"https:\/\/www.estrategiaconcursos.com.br\/blog\/?s={search_term_string}"},"query-input":{"@type":"PropertyValueSpecification","valueRequired":true,"valueName":"search_term_string"}}],"inLanguage":"pt-BR"},{"@type":"Organization","@id":"https:\/\/www.estrategiaconcursos.com.br\/blog\/#organization","name":"Estrat\u00e9gia Concursos","url":"https:\/\/www.estrategiaconcursos.com.br\/blog\/","logo":{"@type":"ImageObject","inLanguage":"pt-BR","@id":"https:\/\/www.estrategiaconcursos.com.br\/blog\/#\/schema\/logo\/image\/","url":"https:\/\/dhg1h5j42swfq.cloudfront.net\/2025\/06\/03203428\/logo_concursos-1.jpg","contentUrl":"https:\/\/dhg1h5j42swfq.cloudfront.net\/2025\/06\/03203428\/logo_concursos-1.jpg","width":230,"height":60,"caption":"Estrat\u00e9gia Concursos"},"image":{"@id":"https:\/\/www.estrategiaconcursos.com.br\/blog\/#\/schema\/logo\/image\/"},"sameAs":["https:\/\/x.com\/EstratConcursos"]},{"@type":"Person","@id":"https:\/\/www.estrategiaconcursos.com.br\/blog\/#\/schema\/person\/b4a388c97673c5f483d72185668afa1f","name":"Coordena\u00e7\u00e3o","image":{"@type":"ImageObject","inLanguage":"pt-BR","@id":"https:\/\/secure.gravatar.com\/avatar\/b720319e4c9a967eb58678d110f4fe35452fc5d5f97b202bac7b8acceb18c6ad?s=96&d=mm&r=g","url":"https:\/\/secure.gravatar.com\/avatar\/b720319e4c9a967eb58678d110f4fe35452fc5d5f97b202bac7b8acceb18c6ad?s=96&d=mm&r=g","contentUrl":"https:\/\/secure.gravatar.com\/avatar\/b720319e4c9a967eb58678d110f4fe35452fc5d5f97b202bac7b8acceb18c6ad?s=96&d=mm&r=g","caption":"Coordena\u00e7\u00e3o"},"sameAs":["https:\/\/www.facebook.com\/EstrategiaConcursos","https:\/\/x.com\/EstratConcursos"],"url":"https:\/\/www.estrategiaconcursos.com.br\/blog\/author\/estrategia2013\/"}]}},"_links":{"self":[{"href":"https:\/\/www.estrategiaconcursos.com.br\/blog\/wp-json\/wp\/v2\/posts\/621495","targetHints":{"allow":["GET"]}}],"collection":[{"href":"https:\/\/www.estrategiaconcursos.com.br\/blog\/wp-json\/wp\/v2\/posts"}],"about":[{"href":"https:\/\/www.estrategiaconcursos.com.br\/blog\/wp-json\/wp\/v2\/types\/post"}],"author":[{"embeddable":true,"href":"https:\/\/www.estrategiaconcursos.com.br\/blog\/wp-json\/wp\/v2\/users\/1"}],"replies":[{"embeddable":true,"href":"https:\/\/www.estrategiaconcursos.com.br\/blog\/wp-json\/wp\/v2\/comments?post=621495"}],"version-history":[{"count":17,"href":"https:\/\/www.estrategiaconcursos.com.br\/blog\/wp-json\/wp\/v2\/posts\/621495\/revisions"}],"predecessor-version":[{"id":722930,"href":"https:\/\/www.estrategiaconcursos.com.br\/blog\/wp-json\/wp\/v2\/posts\/621495\/revisions\/722930"}],"wp:featuredmedia":[{"embeddable":true,"href":"https:\/\/www.estrategiaconcursos.com.br\/blog\/wp-json\/wp\/v2\/media\/722700"}],"wp:attachment":[{"href":"https:\/\/www.estrategiaconcursos.com.br\/blog\/wp-json\/wp\/v2\/media?parent=621495"}],"wp:term":[{"taxonomy":"category","embeddable":true,"href":"https:\/\/www.estrategiaconcursos.com.br\/blog\/wp-json\/wp\/v2\/categories?post=621495"},{"taxonomy":"post_tag","embeddable":true,"href":"https:\/\/www.estrategiaconcursos.com.br\/blog\/wp-json\/wp\/v2\/tags?post=621495"},{"taxonomy":"tax_estado","embeddable":true,"href":"https:\/\/www.estrategiaconcursos.com.br\/blog\/wp-json\/wp\/v2\/tax_estado?post=621495"}],"curies":[{"name":"wp","href":"https:\/\/api.w.org\/{rel}","templated":true}]}}