{"id":62127,"date":"2017-01-23T18:38:36","date_gmt":"2017-01-23T21:38:36","guid":{"rendered":"https:\/\/www.estrategiaconcursos.com.br\/blog\/?p=62127"},"modified":"2018-05-16T20:44:29","modified_gmt":"2018-05-16T23:44:29","slug":"como-fui-aprovado-para-delegado-de-policia-federal","status":"publish","type":"post","link":"https:\/\/www.estrategiaconcursos.com.br\/blog\/como-fui-aprovado-para-delegado-de-policia-federal\/","title":{"rendered":"Como fui aprovado para Delegado de Pol\u00edcia Federal"},"content":{"rendered":"<p style=\"text-align: justify; text-indent: 35.45pt; line-height: 150%;\">Futuros colegas servidores p\u00fablicos!!!<\/p>\n<p style=\"text-align: justify; text-indent: 35.45pt; line-height: 150%;\">Eu sou <strong>Andr\u00e9 Machado, Delegado de Pol\u00edcia Federal, aprovado no concurso de 2014 (edital 2012\/2013) e <a href=\"https:\/\/www.estrategiaconcursos.com.br\/cursosPorConcurso\/coaching-382\/\"><span style=\"color: windowtext;\">coach do Estrat\u00e9gia Concursos<\/span><\/a>.<\/strong><\/p>\n<p style=\"text-align: justify; text-indent: 35.45pt; line-height: 150%;\">Nunca gostei de falar muito sobre mim, mas \u00e9 com prazer que escrevo esse depoimento para ajudar muitos de voc\u00eas a acreditar que \u00e9 poss\u00edvel sim alcan\u00e7ar um sonho.<\/p>\n<p style=\"text-align: justify; text-indent: 35.45pt; line-height: 150%;\">Ent\u00e3o vamos l\u00e1.<\/p>\n<p style=\"text-align: justify; text-indent: 35.45pt; line-height: 150%;\">N\u00e3o nasci em ber\u00e7o de ouro, trabalhei desde os dezesseis anos e durante toda a faculdade de Direito.<\/p>\n<p style=\"text-align: justify; text-indent: 35.45pt; line-height: 150%;\">N\u00e3o tive muitas escolhas e pelas possibilidades que tinha \u00e0 \u00e9poca, optei por fazer a \u00fanica faculdade da minha cidade natal.<\/p>\n<p style=\"text-align: justify; text-indent: 35.45pt; line-height: 150%;\">Apesar de estar longe de ser uma faculdade renomada, tive a oportunidade de conhecer os mais diversos tipos de professores da rede privada de ensino, alguns profissionais muito qualificados, outros, nem tanto assim&#8230;<\/p>\n<p style=\"text-align: justify; text-indent: 35.45pt; line-height: 150%;\">Sabia que, embora uma boa faculdade pudesse me ajudar no futuro, n\u00e3o seria ela que determinaria o meu sucesso. Tinha certeza de que nada seria f\u00e1cil e eu teria que ralar duro para conquistar os meus sonhos.<\/p>\n<p style=\"text-align: justify; text-indent: 35.45pt; line-height: 150%;\">O desejo do cargo p\u00fablico surgiu em mim antes mesmo de come\u00e7ar a faculdade de Direito. Apesar de muito jovem, queria muito ter uma garantia na vida e n\u00e3o depender da iniciativa privada. Sonhava com a t\u00e3o almejada estabilidade financeira e tinha a esperan\u00e7a de um dia poder ajudar os meus pais.<\/p>\n<p style=\"text-align: justify; text-indent: 35.45pt; line-height: 150%;\">Minha fam\u00edlia n\u00e3o \u00e9 composta de, sequer, uma pessoa formada na \u00e1rea jur\u00eddica. Filho de professora do ensino fundamental e de pai sem forma\u00e7\u00e3o acad\u00eamica, tive deles o importante apoio moral para seguir firme estudando. Meus pais sempre se preocuparam em deixar como legado na minha vida a educa\u00e7\u00e3o escolar, j\u00e1 que heran\u00e7a nunca foi \u201co forte\u201d na minha fam\u00edlia <i>(rsrs..)<\/i>.<\/p>\n<p style=\"text-align: justify; text-indent: 35.45pt; line-height: 150%;\">Percebendo as dificuldades naturais da vida e disposto a enfrenta-las sem medir esfor\u00e7os, n\u00e3o muito tempo antes de concluir a faculdade, tive a consci\u00eancia em levar mais a s\u00e9rio os estudos. Foi a\u00ed que iniciei, \u201ccome\u00e7ando do zero\u201d a prepara\u00e7\u00e3o para os concursos p\u00fablicos.<\/p>\n<p style=\"text-align: justify; text-indent: 35.45pt; line-height: 150%;\">Tentei alguns concursos durante a faculdade. Na maioria deles meu nome nem aparecia na lista. Mesmo assim tinha convic\u00e7\u00e3o de que o esfor\u00e7o n\u00e3o era em v\u00e3o.<\/p>\n<p style=\"text-align: justify; text-indent: 35.45pt; line-height: 150%;\">Consegui ser aprovado na OAB no \u00faltimo ano da faculdade, antes mesmo de me formar. Creio que foi uma surpresa, tanto para mim, quanto para muitos que n\u00e3o apostavam naquele aluno sem muito destaque na faculdade. Foi nesse momento que provei para mim mesmo que estava no caminho certo, e assim, ganhei confian\u00e7a para seguir em frente em busca do t\u00e3o sonhado cargo p\u00fablico.<\/p>\n<p style=\"text-align: justify; text-indent: 35.45pt; line-height: 150%;\">Enfim, conclu\u00ed a faculdade de Direito, comecei a advogar e a estudar com determina\u00e7\u00e3o para alguns concursos que me interessavam. Assumo que n\u00e3o era aficionado por determinada carreira ou profiss\u00e3o, mas desejava conquistar algum cargo que valesse a pena todo o sacrif\u00edcio que estava disposto a realizar.<\/p>\n<p style=\"text-align: justify; text-indent: 35.45pt; line-height: 150%;\">Antes de continuar esse breve relato, pretendo deixar bem claro a todos os amigos concurseiros que est\u00e3o na luta &#8211; com toda sinceridade -, longe da inten\u00e7\u00e3o de iludir algu\u00e9m: N\u00c3O sou dotado de intelig\u00eancia \u00edmpar e nunca fui! Sempre fui uma pessoa mediana no \u201cquesito aprendizado\u201d. Muitas dificuldades em algumas mat\u00e9rias, e facilidades em outras&#8230;<\/p>\n<p style=\"text-align: justify; text-indent: 35.45pt; line-height: 150%;\">Com in\u00fameras priva\u00e7\u00f5es na vida pessoal, os dias de estudo pareciam n\u00e3o passar e as dificuldades pareciam aumentar, de acordo com o trajeto percorrido. Se pensei em desistir? \u00c0s vezes! Mas n\u00e3o tive coragem de tomar essa decis\u00e3o, pois no final das contas, eu sempre acreditava que um dia eu iria chegar l\u00e1!<\/p>\n<p style=\"text-align: justify; text-indent: 35.45pt; line-height: 150%;\">E n\u00e3o \u00e9 que eu cheguei!..<\/p>\n<p style=\"text-align: justify; text-indent: 35.45pt; line-height: 150%;\">Depois de pouco menos que dois anos <i>(um ano e dez meses)<\/i>, focado especificadamente para o estudo direcionado a concurso p\u00fablico &#8211; ap\u00f3s experimentar algumas frustra\u00e7\u00f5es e decep\u00e7\u00f5es ao longo do caminho percorrido e j\u00e1 bastante cansado, mas ainda com for\u00e7as para continuar se preciso fosse &#8211; logrei aprova\u00e7\u00e3o no concurso para o cargo de Delegado de Pol\u00edcia Federal, o qual muito me realiza na vida profissional.<\/p>\n<p style=\"text-align: justify; text-indent: 35.45pt; line-height: 150%;\">Se eu duvidei que poderia ser aprovado para esse cargo? Sim, na maioria das vezes duvidei. N\u00e3o imaginava que uma pessoa comum conseguiria passar em um concurso t\u00e3o dif\u00edcil e disputado, e com pouco tempo de estudo (sendo realista). Mas eu consegui!!!<\/p>\n<p style=\"text-align: justify; text-indent: 35.45pt; line-height: 150%;\">Sou prova de que com muita disciplina, organiza\u00e7\u00e3o, dedica\u00e7\u00e3o e resili\u00eancia \u00e9 perfeitamente poss\u00edvel a aprova\u00e7\u00e3o\u00a0em concurso p\u00fablico, seja l\u00e1 qual cargo voc\u00ea escolha, seja l\u00e1 o que pretenda ser&#8230;<\/p>\n<p style=\"text-align: justify; text-indent: 35.45pt; line-height: 150%;\">Se vale a pena? Vale muito a pena!<\/p>\n<p style=\"text-align: justify; text-indent: 35.45pt; line-height: 150%;\">Sem medo de dizer: se fosse preciso, faria tudo outra vez.<\/p>\n<p style=\"text-align: justify; text-indent: 35.45pt; line-height: 150%;\">A conclus\u00e3o \u00e9 que, embora cada um tenha o seu tempo, o seu caminho a percorrer, e n\u00e3o exista uma f\u00f3rmula m\u00e1gica para vencer esse desafio <i>(tantas horas de estudo por dia, leitura de tais livros, etc..)<\/i>, n\u00e3o hesito em afirmar que antes de aprender o conte\u00fado de determinada mat\u00e9ria, deve-se aprender a maneira correta de estudar para absorver a maior parte do conte\u00fado das disciplinas, tudo isso com o objetivo principal de ganhar tempo e conseguir a aprova\u00e7\u00e3o mais r\u00e1pida poss\u00edvel em concursos p\u00fablicos.<\/p>\n<p style=\"text-align: justify; text-indent: 35.45pt; line-height: 150%;\">E tem mais, penso que o concurseiro que passa em concurso nem sempre \u00e9 o mais inteligente, mas sim, \u00e9 aquele que, al\u00e9m de muita disciplina, compromisso e foco com o aprendizado, teve como etapa fundamental e anterior \u00e0 aprova\u00e7\u00e3o, o tempo de \u201caprender como estudar\u201d, para depois aprender o conte\u00fado das mat\u00e9rias com menos dificuldade, e ent\u00e3o, expor todo o seu conhecimento na realiza\u00e7\u00e3o das provas e fases do concurso.<\/p>\n<p style=\"text-align: justify; text-indent: 35.45pt; line-height: 150%;\">Realmente leva-se tempo at\u00e9 aprender sozinho a melhor \u201cf\u00f3rmula\u201d ou estrat\u00e9gia para otimizar o tempo e estudar corretamente.<\/p>\n<p style=\"text-align: justify; text-indent: 35.45pt; line-height: 150%;\">Admito que n\u00e3o tive um coach para orientar meus estudos, mas se tivesse essa oportunidade enquanto estudante\/concurseiro, seguramente teria poupado mais tempo e energia desde o in\u00edcio.<\/p>\n<p style=\"text-align: justify; text-indent: 35.45pt; line-height: 150%;\">Finalizo que, independentemente da hist\u00f3ria de vida de cada pessoa, todos s\u00e3o capazes de alcan\u00e7ar a aprova\u00e7\u00e3o em concurso p\u00fablico.<\/p>\n<p style=\"text-align: justify; text-indent: 35.45pt; line-height: 150%;\">Por mais que pare\u00e7a imposs\u00edvel, basta acreditar e lutar para tanto, pois um dia valer\u00e1 a pena!<\/p>\n<p>Leia mais sobre o <a href=\"https:\/\/www.estrategiaconcursos.com.br\/blog\/concurso-pf\/\">Concurso Pol\u00edcia Federal 2018<\/a><\/p>\n<p><a href=\"https:\/\/www.estrategiaconcursos.com.br\/cursosPorConcurso\/policia-federal-delegado-79\/\">Cursos para Delegado PF<\/a><\/p>\n<p>&nbsp;<\/p>\n<p>&nbsp;<\/p>\n","protected":false},"excerpt":{"rendered":"<p>Futuros colegas servidores p\u00fablicos!!! Eu sou Andr\u00e9 Machado, Delegado de Pol\u00edcia Federal, aprovado no concurso de 2014 (edital 2012\/2013) e coach do Estrat\u00e9gia Concursos. Nunca gostei de falar muito sobre mim, mas \u00e9 com prazer que escrevo esse depoimento para ajudar muitos de voc\u00eas a acreditar que \u00e9 poss\u00edvel sim alcan\u00e7ar um sonho. Ent\u00e3o vamos [&hellip;]<\/p>\n","protected":false},"author":443,"featured_media":0,"comment_status":"open","ping_status":"open","sticky":false,"template":"","format":"standard","meta":{"post_tipo":"article","footnotes":""},"categories":[1,1988],"tags":[],"tax_estado":[],"class_list":["post-62127","post","type-post","status-publish","format-standard","hentry","category-cursos-e-concursos","category-policia"],"acf":[],"yoast_head":"<!-- This site is optimized with the Yoast SEO Premium plugin v27.2 (Yoast SEO v27.2) - https:\/\/yoast.com\/product\/yoast-seo-premium-wordpress\/ -->\n<title>Como fui aprovado para Delegado de Pol\u00edcia Federal<\/title>\n<meta name=\"description\" content=\"Confira o depoimento do Andr\u00e9 Machado, Delegado de Pol\u00edcia Federal, Aprovado no concurso PF de 2014 (edital 2012\/2013) e Aluno do Estrat\u00e9gia Concursos. Veja como ser aprovado na Pol\u00edcia Federal!\" \/>\n<meta name=\"robots\" content=\"index, follow, max-snippet:-1, max-image-preview:large, max-video-preview:-1\" \/>\n<link rel=\"canonical\" href=\"https:\/\/www.estrategiaconcursos.com.br\/blog\/como-fui-aprovado-para-delegado-de-policia-federal\/\" \/>\n<meta property=\"og:locale\" content=\"pt_BR\" \/>\n<meta property=\"og:type\" content=\"article\" \/>\n<meta property=\"og:title\" content=\"Como fui aprovado para Delegado de Pol\u00edcia Federal\" \/>\n<meta property=\"og:description\" content=\"Confira o depoimento do Andr\u00e9 Machado, Delegado de Pol\u00edcia Federal, Aprovado no concurso PF de 2014 (edital 2012\/2013) e Aluno do Estrat\u00e9gia Concursos. Veja como ser aprovado na Pol\u00edcia Federal!\" \/>\n<meta property=\"og:url\" content=\"https:\/\/www.estrategiaconcursos.com.br\/blog\/como-fui-aprovado-para-delegado-de-policia-federal\/\" \/>\n<meta property=\"og:site_name\" content=\"Estrat\u00e9gia Concursos\" \/>\n<meta property=\"article:author\" content=\"https:\/\/m.facebook.com\/andre.machado.94617999\" \/>\n<meta property=\"article:published_time\" content=\"2017-01-23T21:38:36+00:00\" \/>\n<meta property=\"article:modified_time\" content=\"2018-05-16T23:44:29+00:00\" \/>\n<meta name=\"author\" content=\"Andr\u00e9 Machado\" \/>\n<meta name=\"twitter:card\" content=\"summary_large_image\" \/>\n<meta name=\"twitter:creator\" content=\"@EstratConcursos\" \/>\n<meta name=\"twitter:site\" content=\"@EstratConcursos\" \/>\n<meta name=\"twitter:label1\" content=\"Escrito por\" \/>\n\t<meta name=\"twitter:data1\" content=\"Andr\u00e9 Machado\" \/>\n\t<meta name=\"twitter:label2\" content=\"Est. tempo de leitura\" \/>\n\t<meta name=\"twitter:data2\" content=\"5 minutos\" \/>\n<script type=\"application\/ld+json\" class=\"yoast-schema-graph\">{\"@context\":\"https:\/\/schema.org\",\"@graph\":[{\"@type\":\"NewsArticle\",\"@id\":\"https:\/\/www.estrategiaconcursos.com.br\/blog\/como-fui-aprovado-para-delegado-de-policia-federal\/#article\",\"isPartOf\":{\"@id\":\"https:\/\/www.estrategiaconcursos.com.br\/blog\/como-fui-aprovado-para-delegado-de-policia-federal\/\"},\"author\":{\"name\":\"Andr\u00e9 Machado\",\"@id\":\"https:\/\/www.estrategiaconcursos.com.br\/blog\/#\/schema\/person\/fd9f576aa513a9ab2b440fcf4c798cd8\"},\"headline\":\"Como fui aprovado para Delegado de Pol\u00edcia Federal\",\"datePublished\":\"2017-01-23T21:38:36+00:00\",\"dateModified\":\"2018-05-16T23:44:29+00:00\",\"mainEntityOfPage\":{\"@id\":\"https:\/\/www.estrategiaconcursos.com.br\/blog\/como-fui-aprovado-para-delegado-de-policia-federal\/\"},\"wordCount\":1085,\"commentCount\":19,\"publisher\":{\"@id\":\"https:\/\/www.estrategiaconcursos.com.br\/blog\/#organization\"},\"articleSection\":[\"Concursos P\u00fablicos\",\"Policial (Agente, Escriv\u00e3o e Investigador)\"],\"inLanguage\":\"pt-BR\",\"potentialAction\":[{\"@type\":\"CommentAction\",\"name\":\"Comment\",\"target\":[\"https:\/\/www.estrategiaconcursos.com.br\/blog\/como-fui-aprovado-para-delegado-de-policia-federal\/#respond\"]}],\"copyrightYear\":\"2017\",\"copyrightHolder\":{\"@id\":\"https:\/\/www.estrategiaconcursos.com.br\/blog\/#organization\"}},{\"@type\":\"WebPage\",\"@id\":\"https:\/\/www.estrategiaconcursos.com.br\/blog\/como-fui-aprovado-para-delegado-de-policia-federal\/\",\"url\":\"https:\/\/www.estrategiaconcursos.com.br\/blog\/como-fui-aprovado-para-delegado-de-policia-federal\/\",\"name\":\"Como fui aprovado para Delegado de Pol\u00edcia Federal\",\"isPartOf\":{\"@id\":\"https:\/\/www.estrategiaconcursos.com.br\/blog\/#website\"},\"datePublished\":\"2017-01-23T21:38:36+00:00\",\"dateModified\":\"2018-05-16T23:44:29+00:00\",\"description\":\"Confira o depoimento do Andr\u00e9 Machado, Delegado de Pol\u00edcia Federal, Aprovado no concurso PF de 2014 (edital 2012\/2013) e Aluno do Estrat\u00e9gia Concursos. Veja como ser aprovado na Pol\u00edcia Federal!\",\"breadcrumb\":{\"@id\":\"https:\/\/www.estrategiaconcursos.com.br\/blog\/como-fui-aprovado-para-delegado-de-policia-federal\/#breadcrumb\"},\"inLanguage\":\"pt-BR\",\"potentialAction\":[{\"@type\":\"ReadAction\",\"target\":[\"https:\/\/www.estrategiaconcursos.com.br\/blog\/como-fui-aprovado-para-delegado-de-policia-federal\/\"]}]},{\"@type\":\"BreadcrumbList\",\"@id\":\"https:\/\/www.estrategiaconcursos.com.br\/blog\/como-fui-aprovado-para-delegado-de-policia-federal\/#breadcrumb\",\"itemListElement\":[{\"@type\":\"ListItem\",\"position\":1,\"name\":\"In\u00edcio\",\"item\":\"https:\/\/www.estrategiaconcursos.com.br\/blog\/\"},{\"@type\":\"ListItem\",\"position\":2,\"name\":\"Como fui aprovado para Delegado de Pol\u00edcia Federal\"}]},{\"@type\":\"WebSite\",\"@id\":\"https:\/\/www.estrategiaconcursos.com.br\/blog\/#website\",\"url\":\"https:\/\/www.estrategiaconcursos.com.br\/blog\/\",\"name\":\"Estrat\u00e9gia Concursos\",\"description\":\"O blog da Estrat\u00e9gia Concursos traz not\u00edcias sobre concursos e artigos de professores oferecendo cursos para concursos (pdf + videaulas) no site.\",\"publisher\":{\"@id\":\"https:\/\/www.estrategiaconcursos.com.br\/blog\/#organization\"},\"potentialAction\":[{\"@type\":\"SearchAction\",\"target\":{\"@type\":\"EntryPoint\",\"urlTemplate\":\"https:\/\/www.estrategiaconcursos.com.br\/blog\/?s={search_term_string}\"},\"query-input\":{\"@type\":\"PropertyValueSpecification\",\"valueRequired\":true,\"valueName\":\"search_term_string\"}}],\"inLanguage\":\"pt-BR\"},{\"@type\":\"Organization\",\"@id\":\"https:\/\/www.estrategiaconcursos.com.br\/blog\/#organization\",\"name\":\"Estrat\u00e9gia Concursos\",\"url\":\"https:\/\/www.estrategiaconcursos.com.br\/blog\/\",\"logo\":{\"@type\":\"ImageObject\",\"inLanguage\":\"pt-BR\",\"@id\":\"https:\/\/www.estrategiaconcursos.com.br\/blog\/#\/schema\/logo\/image\/\",\"url\":\"https:\/\/dhg1h5j42swfq.cloudfront.net\/2025\/06\/03203428\/logo_concursos-1.jpg\",\"contentUrl\":\"https:\/\/dhg1h5j42swfq.cloudfront.net\/2025\/06\/03203428\/logo_concursos-1.jpg\",\"width\":230,\"height\":60,\"caption\":\"Estrat\u00e9gia Concursos\"},\"image\":{\"@id\":\"https:\/\/www.estrategiaconcursos.com.br\/blog\/#\/schema\/logo\/image\/\"},\"sameAs\":[\"https:\/\/x.com\/EstratConcursos\"]},{\"@type\":\"Person\",\"@id\":\"https:\/\/www.estrategiaconcursos.com.br\/blog\/#\/schema\/person\/fd9f576aa513a9ab2b440fcf4c798cd8\",\"name\":\"Andr\u00e9 Machado\",\"image\":{\"@type\":\"ImageObject\",\"inLanguage\":\"pt-BR\",\"@id\":\"https:\/\/secure.gravatar.com\/avatar\/2391a07d0de3bac53be06bb31e78ebc84b3f2f9c90953edf21ac5f28c362b545?s=96&d=mm&r=g\",\"url\":\"https:\/\/secure.gravatar.com\/avatar\/2391a07d0de3bac53be06bb31e78ebc84b3f2f9c90953edf21ac5f28c362b545?s=96&d=mm&r=g\",\"contentUrl\":\"https:\/\/secure.gravatar.com\/avatar\/2391a07d0de3bac53be06bb31e78ebc84b3f2f9c90953edf21ac5f28c362b545?s=96&d=mm&r=g\",\"caption\":\"Andr\u00e9 Machado\"},\"description\":\"Consultoria - Coach Aprovado para Delegado de Pol\u00edcia Federal (concurso 2012\/2013) aos 25 anos. Exerce atualmente o cargo de Delegado de Pol\u00edcia Federal. - Gradua\u00e7\u00e3o em Direito. P\u00f3s Graduando em Ci\u00eancias Criminais. - Aprovado no exame da Ordem dos Advogados do Brasil - OAB, antes de concluir a faculdade de Direito. Tamb\u00e9m foi aprovado nos seguintes concursos: Analista do Minist\u00e9rio P\u00fablico Estadual de Minas Gerais - MPMG (Edital 01\/2012 - 5\u00b0 lugar). Oficial de Apoio Judicial - TJMG (Edital 01\/2009 - 26\u00ba lugar). Escrevente do Tribunal de Justi\u00e7a do Estado de S\u00e3o Paulo.\",\"sameAs\":[\"https:\/\/m.facebook.com\/andre.machado.94617999\"],\"url\":\"https:\/\/www.estrategiaconcursos.com.br\/blog\/author\/andremachadoestrategiaconcursos-com-br\/\"}]}<\/script>\n<!-- \/ Yoast SEO Premium plugin. -->","yoast_head_json":{"title":"Como fui aprovado para Delegado de Pol\u00edcia Federal","description":"Confira o depoimento do Andr\u00e9 Machado, Delegado de Pol\u00edcia Federal, Aprovado no concurso PF de 2014 (edital 2012\/2013) e Aluno do Estrat\u00e9gia Concursos. Veja como ser aprovado na Pol\u00edcia Federal!","robots":{"index":"index","follow":"follow","max-snippet":"max-snippet:-1","max-image-preview":"max-image-preview:large","max-video-preview":"max-video-preview:-1"},"canonical":"https:\/\/www.estrategiaconcursos.com.br\/blog\/como-fui-aprovado-para-delegado-de-policia-federal\/","og_locale":"pt_BR","og_type":"article","og_title":"Como fui aprovado para Delegado de Pol\u00edcia Federal","og_description":"Confira o depoimento do Andr\u00e9 Machado, Delegado de Pol\u00edcia Federal, Aprovado no concurso PF de 2014 (edital 2012\/2013) e Aluno do Estrat\u00e9gia Concursos. Veja como ser aprovado na Pol\u00edcia Federal!","og_url":"https:\/\/www.estrategiaconcursos.com.br\/blog\/como-fui-aprovado-para-delegado-de-policia-federal\/","og_site_name":"Estrat\u00e9gia Concursos","article_author":"https:\/\/m.facebook.com\/andre.machado.94617999","article_published_time":"2017-01-23T21:38:36+00:00","article_modified_time":"2018-05-16T23:44:29+00:00","author":"Andr\u00e9 Machado","twitter_card":"summary_large_image","twitter_creator":"@EstratConcursos","twitter_site":"@EstratConcursos","twitter_misc":{"Escrito por":"Andr\u00e9 Machado","Est. tempo de leitura":"5 minutos"},"schema":{"@context":"https:\/\/schema.org","@graph":[{"@type":"NewsArticle","@id":"https:\/\/www.estrategiaconcursos.com.br\/blog\/como-fui-aprovado-para-delegado-de-policia-federal\/#article","isPartOf":{"@id":"https:\/\/www.estrategiaconcursos.com.br\/blog\/como-fui-aprovado-para-delegado-de-policia-federal\/"},"author":{"name":"Andr\u00e9 Machado","@id":"https:\/\/www.estrategiaconcursos.com.br\/blog\/#\/schema\/person\/fd9f576aa513a9ab2b440fcf4c798cd8"},"headline":"Como fui aprovado para Delegado de Pol\u00edcia Federal","datePublished":"2017-01-23T21:38:36+00:00","dateModified":"2018-05-16T23:44:29+00:00","mainEntityOfPage":{"@id":"https:\/\/www.estrategiaconcursos.com.br\/blog\/como-fui-aprovado-para-delegado-de-policia-federal\/"},"wordCount":1085,"commentCount":19,"publisher":{"@id":"https:\/\/www.estrategiaconcursos.com.br\/blog\/#organization"},"articleSection":["Concursos P\u00fablicos","Policial (Agente, Escriv\u00e3o e Investigador)"],"inLanguage":"pt-BR","potentialAction":[{"@type":"CommentAction","name":"Comment","target":["https:\/\/www.estrategiaconcursos.com.br\/blog\/como-fui-aprovado-para-delegado-de-policia-federal\/#respond"]}],"copyrightYear":"2017","copyrightHolder":{"@id":"https:\/\/www.estrategiaconcursos.com.br\/blog\/#organization"}},{"@type":"WebPage","@id":"https:\/\/www.estrategiaconcursos.com.br\/blog\/como-fui-aprovado-para-delegado-de-policia-federal\/","url":"https:\/\/www.estrategiaconcursos.com.br\/blog\/como-fui-aprovado-para-delegado-de-policia-federal\/","name":"Como fui aprovado para Delegado de Pol\u00edcia Federal","isPartOf":{"@id":"https:\/\/www.estrategiaconcursos.com.br\/blog\/#website"},"datePublished":"2017-01-23T21:38:36+00:00","dateModified":"2018-05-16T23:44:29+00:00","description":"Confira o depoimento do Andr\u00e9 Machado, Delegado de Pol\u00edcia Federal, Aprovado no concurso PF de 2014 (edital 2012\/2013) e Aluno do Estrat\u00e9gia Concursos. Veja como ser aprovado na Pol\u00edcia Federal!","breadcrumb":{"@id":"https:\/\/www.estrategiaconcursos.com.br\/blog\/como-fui-aprovado-para-delegado-de-policia-federal\/#breadcrumb"},"inLanguage":"pt-BR","potentialAction":[{"@type":"ReadAction","target":["https:\/\/www.estrategiaconcursos.com.br\/blog\/como-fui-aprovado-para-delegado-de-policia-federal\/"]}]},{"@type":"BreadcrumbList","@id":"https:\/\/www.estrategiaconcursos.com.br\/blog\/como-fui-aprovado-para-delegado-de-policia-federal\/#breadcrumb","itemListElement":[{"@type":"ListItem","position":1,"name":"In\u00edcio","item":"https:\/\/www.estrategiaconcursos.com.br\/blog\/"},{"@type":"ListItem","position":2,"name":"Como fui aprovado para Delegado de Pol\u00edcia Federal"}]},{"@type":"WebSite","@id":"https:\/\/www.estrategiaconcursos.com.br\/blog\/#website","url":"https:\/\/www.estrategiaconcursos.com.br\/blog\/","name":"Estrat\u00e9gia Concursos","description":"O blog da Estrat\u00e9gia Concursos traz not\u00edcias sobre concursos e artigos de professores oferecendo cursos para concursos (pdf + videaulas) no site.","publisher":{"@id":"https:\/\/www.estrategiaconcursos.com.br\/blog\/#organization"},"potentialAction":[{"@type":"SearchAction","target":{"@type":"EntryPoint","urlTemplate":"https:\/\/www.estrategiaconcursos.com.br\/blog\/?s={search_term_string}"},"query-input":{"@type":"PropertyValueSpecification","valueRequired":true,"valueName":"search_term_string"}}],"inLanguage":"pt-BR"},{"@type":"Organization","@id":"https:\/\/www.estrategiaconcursos.com.br\/blog\/#organization","name":"Estrat\u00e9gia Concursos","url":"https:\/\/www.estrategiaconcursos.com.br\/blog\/","logo":{"@type":"ImageObject","inLanguage":"pt-BR","@id":"https:\/\/www.estrategiaconcursos.com.br\/blog\/#\/schema\/logo\/image\/","url":"https:\/\/dhg1h5j42swfq.cloudfront.net\/2025\/06\/03203428\/logo_concursos-1.jpg","contentUrl":"https:\/\/dhg1h5j42swfq.cloudfront.net\/2025\/06\/03203428\/logo_concursos-1.jpg","width":230,"height":60,"caption":"Estrat\u00e9gia Concursos"},"image":{"@id":"https:\/\/www.estrategiaconcursos.com.br\/blog\/#\/schema\/logo\/image\/"},"sameAs":["https:\/\/x.com\/EstratConcursos"]},{"@type":"Person","@id":"https:\/\/www.estrategiaconcursos.com.br\/blog\/#\/schema\/person\/fd9f576aa513a9ab2b440fcf4c798cd8","name":"Andr\u00e9 Machado","image":{"@type":"ImageObject","inLanguage":"pt-BR","@id":"https:\/\/secure.gravatar.com\/avatar\/2391a07d0de3bac53be06bb31e78ebc84b3f2f9c90953edf21ac5f28c362b545?s=96&d=mm&r=g","url":"https:\/\/secure.gravatar.com\/avatar\/2391a07d0de3bac53be06bb31e78ebc84b3f2f9c90953edf21ac5f28c362b545?s=96&d=mm&r=g","contentUrl":"https:\/\/secure.gravatar.com\/avatar\/2391a07d0de3bac53be06bb31e78ebc84b3f2f9c90953edf21ac5f28c362b545?s=96&d=mm&r=g","caption":"Andr\u00e9 Machado"},"description":"Consultoria - Coach Aprovado para Delegado de Pol\u00edcia Federal (concurso 2012\/2013) aos 25 anos. Exerce atualmente o cargo de Delegado de Pol\u00edcia Federal. - Gradua\u00e7\u00e3o em Direito. P\u00f3s Graduando em Ci\u00eancias Criminais. - Aprovado no exame da Ordem dos Advogados do Brasil - OAB, antes de concluir a faculdade de Direito. Tamb\u00e9m foi aprovado nos seguintes concursos: Analista do Minist\u00e9rio P\u00fablico Estadual de Minas Gerais - MPMG (Edital 01\/2012 - 5\u00b0 lugar). Oficial de Apoio Judicial - TJMG (Edital 01\/2009 - 26\u00ba lugar). Escrevente do Tribunal de Justi\u00e7a do Estado de S\u00e3o Paulo.","sameAs":["https:\/\/m.facebook.com\/andre.machado.94617999"],"url":"https:\/\/www.estrategiaconcursos.com.br\/blog\/author\/andremachadoestrategiaconcursos-com-br\/"}]}},"_links":{"self":[{"href":"https:\/\/www.estrategiaconcursos.com.br\/blog\/wp-json\/wp\/v2\/posts\/62127","targetHints":{"allow":["GET"]}}],"collection":[{"href":"https:\/\/www.estrategiaconcursos.com.br\/blog\/wp-json\/wp\/v2\/posts"}],"about":[{"href":"https:\/\/www.estrategiaconcursos.com.br\/blog\/wp-json\/wp\/v2\/types\/post"}],"author":[{"embeddable":true,"href":"https:\/\/www.estrategiaconcursos.com.br\/blog\/wp-json\/wp\/v2\/users\/443"}],"replies":[{"embeddable":true,"href":"https:\/\/www.estrategiaconcursos.com.br\/blog\/wp-json\/wp\/v2\/comments?post=62127"}],"version-history":[{"count":8,"href":"https:\/\/www.estrategiaconcursos.com.br\/blog\/wp-json\/wp\/v2\/posts\/62127\/revisions"}],"predecessor-version":[{"id":121516,"href":"https:\/\/www.estrategiaconcursos.com.br\/blog\/wp-json\/wp\/v2\/posts\/62127\/revisions\/121516"}],"wp:attachment":[{"href":"https:\/\/www.estrategiaconcursos.com.br\/blog\/wp-json\/wp\/v2\/media?parent=62127"}],"wp:term":[{"taxonomy":"category","embeddable":true,"href":"https:\/\/www.estrategiaconcursos.com.br\/blog\/wp-json\/wp\/v2\/categories?post=62127"},{"taxonomy":"post_tag","embeddable":true,"href":"https:\/\/www.estrategiaconcursos.com.br\/blog\/wp-json\/wp\/v2\/tags?post=62127"},{"taxonomy":"tax_estado","embeddable":true,"href":"https:\/\/www.estrategiaconcursos.com.br\/blog\/wp-json\/wp\/v2\/tax_estado?post=62127"}],"curies":[{"name":"wp","href":"https:\/\/api.w.org\/{rel}","templated":true}]}}