{"id":621162,"date":"2020-12-10T08:48:00","date_gmt":"2020-12-10T11:48:00","guid":{"rendered":"https:\/\/www.estrategiaconcursos.com.br\/blog\/?p=621162"},"modified":"2020-12-08T12:51:49","modified_gmt":"2020-12-08T15:51:49","slug":"a-tomada-de-decisoes-do-mercosul-e-sua-personalidade-juridica","status":"publish","type":"post","link":"https:\/\/www.estrategiaconcursos.com.br\/blog\/a-tomada-de-decisoes-do-mercosul-e-sua-personalidade-juridica\/","title":{"rendered":"A tomada de decis\u00f5es do Mercosul e sua personalidade jur\u00eddica"},"content":{"rendered":"\n<p class=\"has-medium-font-size\">Saiba mais sobre a personalidade jur\u00eddica de Direito Internacional do Mercosul e como s\u00e3o realizadas sua tomada de decis\u00f5es<\/p>\n\n\n\n<div class=\"wp-block-image\"><figure class=\"aligncenter size-medium\"><img loading=\"lazy\" decoding=\"async\" width=\"300\" height=\"117\" src=\"https:\/\/dhg1h5j42swfq.cloudfront.net\/2020\/12\/02084611\/download-300x117.jpg\" alt=\"A tomada de decis\u00f5es do Mercosul\" class=\"wp-image-621165\" srcset=\"https:\/\/dhg1h5j42swfq.cloudfront.net\/2020\/12\/02084611\/download-300x117.jpg 300w, https:\/\/dhg1h5j42swfq.cloudfront.net\/2020\/12\/02084611\/download.jpg 360w\" sizes=\"auto, (max-width: 300px) 100vw, 300px\" \/><figcaption>A tomada de decis\u00f5es do Mercosul<\/figcaption><\/figure><\/div>\n\n\n\n<p>Ol\u00e1, Estrategista. Tudo joia?<\/p>\n\n\n\n<p>Como sabemos, o Mercosul foi institu\u00eddo pelo Tratado de Assun\u00e7\u00e3o, em 1991. Contudo, apenas com o Protocolo de Ouro Preto que obteve personalidade jur\u00eddica de Direito Internacional.<\/p>\n\n\n\n<p>Mas afinal, o que essa personalidade jur\u00eddica de Direito Internacional confere ao bloco? Veja, a partir desse momento, faz-se poss\u00edvel relacionar com outros pa\u00edses, blocos econ\u00f4micos e organismos internacionais.<\/p>\n\n\n\n<p>Al\u00e9m disso, o Mercosul poder\u00e1, no uso de suas atribui\u00e7\u00f5es, praticar todos os atos necess\u00e1rios \u00e0 realiza\u00e7\u00e3o de seus objetivos, em especial contratar, adquirir ou alienar bens m\u00f3veis e im\u00f3veis, comparecer em ju\u00edzo, conservar fundos e fazer transfer\u00eancias.<\/p>\n\n\n\n<p>N\u00e3o obstante, o Mercosul celebrar\u00e1 acordos de sede. E aqui surge outro questionamento: como s\u00e3o realizadas a tomada de decis\u00f5es do Mercosul, para celebrar esses acordos?<\/p>\n\n\n\n<h2 class=\"wp-block-heading\">A Tomada de Decis\u00f5es do Mercosul<\/h2>\n\n\n\n<p>A resposta \u00e9 suscinta: as decis\u00f5es dos \u00f3rg\u00e3os do Mercosul ser\u00e3o tomadas por <strong>consenso e com a presen\u00e7a de todos os Estados Partes<\/strong>.<\/p>\n\n\n\n<p><strong>Dica do Professor:<\/strong> sempre que entrarmos em assuntos semelhantes a v\u00e1rios tipos de blocos, \u00e9 interessante que o aluno estabele\u00e7a uma compara\u00e7\u00e3o entre eles, para n\u00e3o permitir que a banca o confunda na hora da prova. Por exemplo: nesse momento \u00e9 importante que se lembre de como \u00e9 realizada a tomada de decis\u00f5es da OMC (Organiza\u00e7\u00e3o Mundial de Com\u00e9rcio). A regra da OMC tamb\u00e9m \u00e9 o consenso, mas existem exce\u00e7\u00f5es (<a href=\"https:\/\/www.estrategiaconcursos.com.br\/blog\/?p=614837\">confira aqui<\/a>).<\/p>\n\n\n\n<p>Ser\u00e3o publicados no <strong>Boletim Oficial do Mercosul<\/strong>, em sua \u00edntegra, nos idiomas <strong>espanhol e portugu\u00eas<\/strong>, o teor das Decis\u00f5es do Conselho do Mercado Comum, das Resolu\u00e7\u00f5es do Grupo Mercado Comum, das Diretrizes da Comiss\u00e3o de Com\u00e9rcio do Mercosul e dos Laudos Arbitrais de solu\u00e7\u00e3o de controv\u00e9rsias, bem como de quaisquer atos aos quais o Conselho do Mercado Comum ou o Grupo Mercado Comum entendam necess\u00e1rio atribuir publicidade oficial.<\/p>\n\n\n\n<p>Lembra-se qual o \u00f3rg\u00e3o respons\u00e1vel pela elabora\u00e7\u00e3o do boletim oficial? Isto mesmo, a Secretaria Administrativa do Mercosul.<\/p>\n\n\n\n<p>Cumpre salientar que os idiomas oficiais do Mercosul s\u00e3o o espanhol e o portugu\u00eas. <strong>Todavia, a vers\u00e3o oficial dos documentos de trabalho ser\u00e1 a do idioma do pa\u00eds sede de cada reuni\u00e3o<\/strong>.<\/p>\n\n\n\n<h2 class=\"wp-block-heading\">Internaliza\u00e7\u00e3o das Normas Emanadas pelo Mercosul<\/h2>\n\n\n\n<p>Os acordos internacionais n\u00e3o s\u00e3o algo simples de serem realizados e surtirem efeitos. Isto \u00e9, al\u00e9m de a vota\u00e7\u00e3o ser dificultada pelo consenso e pela presen\u00e7a de todos os Estados Partes, ainda \u00e9 necess\u00e1rio que essas decis\u00f5es sejam internalizadas no ordenamento jur\u00eddico destes Pa\u00edses membros. Sendo assim, cabe ao Poder Legislativo esse papel.<\/p>\n\n\n\n<p>Com vistas a n\u00e3o se deparar com uma decis\u00e3o contr\u00e1ria dos Poderes Legislativos dos Estados Partes, o Protocolo de Ouro Preto disp\u00f5e que os Estados Partes devem se comprometer a adotar todas as medidas necess\u00e1rias para assegurar, em seus respectivos territ\u00f3rios, o cumprimento das normas emanadas dos \u00f3rg\u00e3os do Mercosul.<\/p>\n\n\n\n<p>Ademais, os Estados Partes informar\u00e3o \u00e0 Secretaria Administrativa do Mercosul as medidas adotadas para esse fim.<\/p>\n\n\n\n<p>A fim de garantir a vig\u00eancia simult\u00e2nea nos Estados Partes das normas emanadas pelo Mercosul, dever\u00e1 ser observado o seguinte procedimento:<\/p>\n\n\n\n<ol class=\"wp-block-list\" type=\"i\"><li>Uma vez aprovada a norma, os Estados Partes adotar\u00e3o as medidas necess\u00e1rias para a sua incorpora\u00e7\u00e3o ao ordenamento jur\u00eddico nacional e comunicar\u00e3o as mesmas \u00e0 <strong>Secretaria Administrativa do Mercosul<\/strong>;<\/li><li>Quando todos os Estados Partes tiverem informado sua incorpora\u00e7\u00e3o aos respectivos ordenamentos jur\u00eddicos internos, a Secretaria Administrativa do Mercosul comunicar\u00e1 o fato a cada Estado Parte;<\/li><li>As normas entrar\u00e3o em vigor simultaneamente nos Estados Partes <strong>30 dias ap\u00f3s a data da comunica\u00e7\u00e3o efetuada pela Secretaria Administrativa do Mercosul<\/strong>, nos termos do item anterior. Com esse objetivo, os Estados Partes, dentro do prazo acima, dar\u00e3o publicidade do in\u00edcio da vig\u00eancia das referidas normas por interm\u00e9dio de seus respectivos di\u00e1rios oficiais.<\/li><\/ol>\n\n\n\n<h2 class=\"wp-block-heading\">Fontes Jur\u00eddicas do Mercosul<\/h2>\n\n\n\n<p>Outra informa\u00e7\u00e3o importante que o candidato deve levar para a prova s\u00e3o as fontes jur\u00eddicas do Mercosul. S\u00e3o elas:<\/p>\n\n\n\n<ol class=\"wp-block-list\" type=\"I\"><li><strong>O Tratado de Assun\u00e7\u00e3o<\/strong>, seus protocolos e os instrumentos adicionais ou complementares;<\/li><li>Os acordos celebrados no \u00e2mbito do Tratado de Assun\u00e7\u00e3o e seus protocolos;<\/li><li>As Decis\u00f5es do <strong>Conselho do Mercado Comum<\/strong>, as Resolu\u00e7\u00f5es do <strong>Grupo Mercado Comum<\/strong> e as <strong>Diretrizes da Comiss\u00e3o de Com\u00e9rcio do Mercosul<\/strong>.<\/li><\/ol>\n\n\n\n<h2 class=\"wp-block-heading\">Sistema de Solu\u00e7\u00e3o de Controv\u00e9rsias<\/h2>\n\n\n\n<p>\u00c0 \u00e9poca do Protocolo de Ouro Preto (1994), o Sistema de Solu\u00e7\u00e3o de Controv\u00e9rsias foi alterado pelo Protocolo de Bras\u00edlia (1993). Todavia, as regras que regem os procedimentos de solu\u00e7\u00e3o de controv\u00e9rsias atualmente foram alteradas pelo Protocolo de Olivos (2003).<\/p>\n\n\n\n<p>Iremos falar desse protocolo em outra oportunidade.<\/p>\n\n\n\n<p>Mas no \u00e2mbito desse assunto, solu\u00e7\u00e3o de controv\u00e9rsias, sempre que um Membro se sentir prejudicado poder\u00e1 realizar reclama\u00e7\u00f5es perante a Comiss\u00e3o de Com\u00e9rcio do Mercosul.<\/p>\n\n\n\n<h2 class=\"wp-block-heading\"><strong>PROCEDIMENTO GERAL PARA RECLAMA\u00c7\u00d5ES PERANTE A COMISS\u00c3O DE COM\u00c9RCIO DO MERCOSUL<\/strong><strong><\/strong><\/h2>\n\n\n\n<p>Nesse sentido, o Estado Parte reclamante apresentar\u00e1 sua reclama\u00e7\u00e3o perante a Presid\u00eancia da Comiss\u00e3o de Com\u00e9rcio do Mercosul, a qual tomar\u00e1 as provid\u00eancias necess\u00e1rias para a incorpora\u00e7\u00e3o do tema na agenda da primeira reuni\u00e3o subsequente da <strong>Comiss\u00e3o de Com\u00e9rcio do Mercosul<\/strong>, respeitado o prazo m\u00ednimo de uma semana de anteced\u00eancia.<\/p>\n\n\n\n<p>Se n\u00e3o for adotada decis\u00e3o na referida reuni\u00e3o, a Comiss\u00e3o de Com\u00e9rcio do Mercosul remeter\u00e1 os antecedentes, sem outro procedimento, a um Comit\u00ea T\u00e9cnico.<\/p>\n\n\n\n<p>O Comit\u00ea T\u00e9cnico preparar\u00e1 e encaminhar\u00e1 \u00e0 Comiss\u00e3o de Com\u00e9rcio do Mercosul, no prazo m\u00e1ximo de 30 dias corridos, um parecer conjunto sobre a mat\u00e9ria.<\/p>\n\n\n\n<p>Dessa forma, a Comiss\u00e3o de Com\u00e9rcio do Mercosul decidir\u00e1 sobre a quest\u00e3o em sua primeira reuni\u00e3o ordin\u00e1ria posterior ao recebimento do parecer conjunto ou, na sua aus\u00eancia, as conclus\u00f5es dos especialistas, podendo tamb\u00e9m ser convocada uma reuni\u00e3o extraordin\u00e1ria com essa finalidade.<\/p>\n\n\n\n<p>Se n\u00e3o for alcan\u00e7ado o consenso na primeira reuni\u00e3o, a Comiss\u00e3o de Com\u00e9rcio do Mercosul encaminhar\u00e1 ao <strong>Grupo Mercado Comum<\/strong> as diferentes alternativas propostas, assim como o parecer conjunto ou as conclus\u00f5es dos especialistas do Comit\u00ea T\u00e9cnico, a fim de que seja tomada uma decis\u00e3o sobre a mat\u00e9ria.<\/p>\n\n\n\n<p>O Grupo Mercado Comum pronunciar-se-\u00e1 a respeito no prazo de 30 dias corridos. Se houver consenso, o Estado Parte reclamado dever\u00e1 tomar as medidas aprovadas na Comiss\u00e3o de Com\u00e9rcio do Mercosul ou no Grupo Mercado Comum.<\/p>\n\n\n\n<p>Por outro lado, se n\u00e3o for alcan\u00e7ado consenso, o reclamante dever\u00e1 acionar o Sistema de Solu\u00e7\u00e3o de Controv\u00e9rsias do Protocolo de Olivos, que modificou o Protocolo de Bras\u00edlia.<\/p>\n\n\n\n<h2 class=\"wp-block-heading\">Finalizando<\/h2>\n\n\n\n<p>Nesse artigo tivemos a oportunidade de ver a fundo sobre a personalidade jur\u00eddica de Direito Internacional e o processo de tomada de decis\u00f5es do Mercosul, que \u00e9 realizado por consenso.<\/p>\n\n\n\n<p>Al\u00e9m disso, vimos como se d\u00e1 as reclama\u00e7\u00f5es quando um pa\u00eds membro se sente prejudicado pelas a\u00e7\u00f5es de outro. As reclama\u00e7\u00f5es outrossim ser\u00e3o resolvidas por consenso, como regra. Caso n\u00e3o se chegue ao consenso, deve-se buscar o Sistema de Solu\u00e7\u00e3o de Controv\u00e9rsias do Mercosul.<\/p>\n\n\n\n<p>Caso queira saber mais detalhes desse e de outros assuntos sobre Com\u00e9rcio Internacional, com milhares de exerc\u00edcios resolvidos e muitos exemplos pr\u00e1ticos, n\u00e3o hesite em ver nossos materiais sobre o tema (<a href=\"https:\/\/www.estrategiaconcursos.com.br\/cursosPorMateria\/comercio-internacional-26\/\">acesse aqui<\/a>). Nossos materiais s\u00e3o elaborados pelos melhores professores da \u00e1rea. S\u00e3o justamente esses materiais que fazem do Estrat\u00e9gia o l\u00edder em aprova\u00e7\u00f5es em concursos p\u00fablicos.<\/p>\n\n\n\n<p>Forte abra\u00e7o<\/p>\n\n\n\n<p>Leandro Ricardo M. Silveira<\/p>\n\n\n\n<p><strong>Instagram: <\/strong><a href=\"https:\/\/www.instagram.com\/leandro.rms12\/\">https:\/\/www.instagram.com\/leandro.rms12\/<\/a><\/p>\n\n\n\n<p class=\"has-text-align-center has-medium-font-size\"><em><strong>Assinatura Anual Ilimitada*<\/strong><\/em><\/p>\n\n\n\n<p class=\"has-text-align-center\"><em>Prepare-se com o melhor material e com quem mais aprova em Concursos P\u00fablicos em todo o pa\u00eds. Assine agora a nossa Assinatura Anual e tenha acesso ilimitado* a todos os nossos cursos.<\/em><\/p>\n\n\n\n<p class=\"has-text-align-center has-light-green-cyan-background-color has-background\" style=\"font-size:clamp(14.642px, 0.915rem + ((1vw - 3.2px) * 0.721), 22px);px\"><strong>ASSINE AGORA<\/strong>&nbsp;\u2013&nbsp;<strong><a rel=\"noreferrer noopener\" href=\"https:\/\/www.estrategiaconcursos.com.br\/assinaturas\" target=\"_blank\">Assinatura Ilimitada<\/a><\/strong><\/p>\n\n\n\n<p class=\"has-text-align-center has-medium-font-size\"><strong><em><strong>Sistema de Quest\u00f5es<\/strong><\/em><\/strong><\/p>\n\n\n\n<p class=\"has-text-align-center\"><em>Estrat\u00e9gia Quest\u00f5es nasceu maior do que todos os concorrentes, com mais quest\u00f5es cadastradas e mais solu\u00e7\u00f5es por professores. Ent\u00e3o, confira e aproveite os descontos e b\u00f4nus imperd\u00edveis!<\/em><\/p>\n\n\n\n<p class=\"has-text-align-center has-vivid-green-cyan-background-color has-background\" style=\"font-size:clamp(14.642px, 0.915rem + ((1vw - 3.2px) * 0.721), 22px);px\"><strong>ASSINE AGORA \u2013&nbsp;<a href=\"https:\/\/questoes.estrategiaconcursos.com.br\/\" target=\"_blank\" rel=\"noreferrer noopener\">Sistema de Quest\u00f5es<\/a><\/strong><\/p>\n\n\n\n<p class=\"has-text-align-center has-medium-font-size\"><strong><em>Fique por dentro dos concursos em aberto<\/em><\/strong><\/p>\n\n\n\n<p class=\"has-text-align-center has-pale-cyan-blue-background-color has-background\" style=\"font-size:clamp(14.642px, 0.915rem + ((1vw - 3.2px) * 0.721), 22px);px\"><a rel=\"noreferrer noopener\" href=\"https:\/\/www.estrategiaconcursos.com.br\/blog\/concursos-abertos\/\" target=\"_blank\"><strong>CONCURSOS ABERTOS<\/strong><\/a><\/p>\n\n\n\n<p class=\"has-text-align-center has-medium-font-size\"><strong><em>As oportunidades previstas<\/em><\/strong><\/p>\n\n\n\n<p class=\"has-text-align-center has-pale-cyan-blue-background-color has-background\" style=\"font-size:clamp(14.642px, 0.915rem + ((1vw - 3.2px) * 0.721), 22px);px\"><a rel=\"noreferrer noopener\" href=\"https:\/\/www.estrategiaconcursos.com.br\/blog\/concursos-2020\/\" target=\"_blank\"><strong>CONCURSOS&nbsp;2020<\/strong><\/a><\/p>\n\n\n\n<p class=\"has-text-align-center has-pale-cyan-blue-background-color has-background\" style=\"font-size:clamp(14.642px, 0.915rem + ((1vw - 3.2px) * 0.721), 22px);px\"><a rel=\"noreferrer noopener\" href=\"https:\/\/www.estrategiaconcursos.com.br\/blog\/concursos-2021\/\" target=\"_blank\"><strong>CONCURSOS 2021<\/strong><\/a><\/p>\n","protected":false},"excerpt":{"rendered":"<p>Saiba mais sobre a personalidade jur\u00eddica de Direito Internacional do Mercosul e como s\u00e3o realizadas sua tomada de decis\u00f5es Ol\u00e1, Estrategista. Tudo joia? Como sabemos, o Mercosul foi institu\u00eddo pelo Tratado de Assun\u00e7\u00e3o, em 1991. Contudo, apenas com o Protocolo de Ouro Preto que obteve personalidade jur\u00eddica de Direito Internacional. Mas afinal, o que essa [&hellip;]<\/p>\n","protected":false},"author":1668,"featured_media":621165,"comment_status":"open","ping_status":"closed","sticky":false,"template":"","format":"standard","meta":{"post_tipo":"article","footnotes":""},"categories":[1983],"tags":[220020,220029,220028],"tax_estado":[219963],"class_list":["post-621162","post","type-post","status-publish","format-standard","has-post-thumbnail","hentry","category-fiscal-estadual","tag-mercosul","tag-personalidade-juridica","tag-tomada-de-decisoes","tax_estado-concursos-federais"],"acf":[],"yoast_head":"<!-- This site is optimized with the Yoast SEO Premium plugin v27.2 (Yoast SEO v27.2) - https:\/\/yoast.com\/product\/yoast-seo-premium-wordpress\/ -->\n<title>A tomada de decis\u00f5es do Mercosul e sua personalidade jur\u00eddica<\/title>\n<meta name=\"description\" content=\"Saiba mais sobre a personalidade jur\u00eddica de Direito Internacional do Mercosul e como s\u00e3o realizadas sua tomada de decis\u00f5es\" \/>\n<meta name=\"robots\" content=\"index, follow, max-snippet:-1, max-image-preview:large, max-video-preview:-1\" \/>\n<link rel=\"canonical\" href=\"https:\/\/www.estrategiaconcursos.com.br\/blog\/a-tomada-de-decisoes-do-mercosul-e-sua-personalidade-juridica\/\" \/>\n<meta property=\"og:locale\" content=\"pt_BR\" \/>\n<meta property=\"og:type\" content=\"article\" \/>\n<meta property=\"og:title\" content=\"A tomada de decis\u00f5es do Mercosul e sua personalidade jur\u00eddica\" \/>\n<meta property=\"og:description\" content=\"Saiba mais sobre a personalidade jur\u00eddica de Direito Internacional do Mercosul e como s\u00e3o realizadas sua tomada de decis\u00f5es\" \/>\n<meta property=\"og:url\" content=\"https:\/\/www.estrategiaconcursos.com.br\/blog\/a-tomada-de-decisoes-do-mercosul-e-sua-personalidade-juridica\/\" \/>\n<meta property=\"og:site_name\" content=\"Estrat\u00e9gia Concursos\" \/>\n<meta property=\"article:published_time\" content=\"2020-12-10T11:48:00+00:00\" \/>\n<meta property=\"og:image\" content=\"https:\/\/dhg1h5j42swfq.cloudfront.net\/2020\/12\/02084611\/download.jpg\" \/>\n\t<meta property=\"og:image:width\" content=\"360\" \/>\n\t<meta property=\"og:image:height\" content=\"140\" \/>\n\t<meta property=\"og:image:type\" content=\"image\/jpeg\" \/>\n<meta name=\"author\" content=\"Leandro Ricardo Machado da Silveira\" \/>\n<meta name=\"twitter:card\" content=\"summary_large_image\" \/>\n<meta name=\"twitter:creator\" content=\"@EstratConcursos\" \/>\n<meta name=\"twitter:site\" content=\"@EstratConcursos\" \/>\n<meta name=\"twitter:label1\" content=\"Escrito por\" \/>\n\t<meta name=\"twitter:data1\" content=\"Leandro Ricardo Machado da Silveira\" \/>\n\t<meta name=\"twitter:label2\" content=\"Est. tempo de leitura\" \/>\n\t<meta name=\"twitter:data2\" content=\"7 minutos\" \/>\n<script type=\"application\/ld+json\" class=\"yoast-schema-graph\">{\"@context\":\"https:\/\/schema.org\",\"@graph\":[{\"@type\":\"NewsArticle\",\"@id\":\"https:\/\/www.estrategiaconcursos.com.br\/blog\/a-tomada-de-decisoes-do-mercosul-e-sua-personalidade-juridica\/#article\",\"isPartOf\":{\"@id\":\"https:\/\/www.estrategiaconcursos.com.br\/blog\/a-tomada-de-decisoes-do-mercosul-e-sua-personalidade-juridica\/\"},\"author\":{\"name\":\"Leandro Ricardo Machado da Silveira\",\"@id\":\"https:\/\/www.estrategiaconcursos.com.br\/blog\/#\/schema\/person\/c666a44fbce7e2e70009a9c13549267a\"},\"headline\":\"A tomada de decis\u00f5es do Mercosul e sua personalidade jur\u00eddica\",\"datePublished\":\"2020-12-10T11:48:00+00:00\",\"mainEntityOfPage\":{\"@id\":\"https:\/\/www.estrategiaconcursos.com.br\/blog\/a-tomada-de-decisoes-do-mercosul-e-sua-personalidade-juridica\/\"},\"wordCount\":1455,\"commentCount\":0,\"publisher\":{\"@id\":\"https:\/\/www.estrategiaconcursos.com.br\/blog\/#organization\"},\"image\":{\"@id\":\"https:\/\/www.estrategiaconcursos.com.br\/blog\/a-tomada-de-decisoes-do-mercosul-e-sua-personalidade-juridica\/#primaryimage\"},\"thumbnailUrl\":\"https:\/\/dhg1h5j42swfq.cloudfront.net\/2020\/12\/02084611\/download.jpg\",\"keywords\":[\"mercosul\",\"personalidade jur\u00eddica\",\"tomada de decis\u00f5es\"],\"articleSection\":[\"Fiscal - Estadual (ICMS)\"],\"inLanguage\":\"pt-BR\",\"potentialAction\":[{\"@type\":\"CommentAction\",\"name\":\"Comment\",\"target\":[\"https:\/\/www.estrategiaconcursos.com.br\/blog\/a-tomada-de-decisoes-do-mercosul-e-sua-personalidade-juridica\/#respond\"]}],\"copyrightYear\":\"2020\",\"copyrightHolder\":{\"@id\":\"https:\/\/www.estrategiaconcursos.com.br\/blog\/#organization\"}},{\"@type\":\"WebPage\",\"@id\":\"https:\/\/www.estrategiaconcursos.com.br\/blog\/a-tomada-de-decisoes-do-mercosul-e-sua-personalidade-juridica\/\",\"url\":\"https:\/\/www.estrategiaconcursos.com.br\/blog\/a-tomada-de-decisoes-do-mercosul-e-sua-personalidade-juridica\/\",\"name\":\"A tomada de decis\u00f5es do Mercosul e sua personalidade jur\u00eddica\",\"isPartOf\":{\"@id\":\"https:\/\/www.estrategiaconcursos.com.br\/blog\/#website\"},\"primaryImageOfPage\":{\"@id\":\"https:\/\/www.estrategiaconcursos.com.br\/blog\/a-tomada-de-decisoes-do-mercosul-e-sua-personalidade-juridica\/#primaryimage\"},\"image\":{\"@id\":\"https:\/\/www.estrategiaconcursos.com.br\/blog\/a-tomada-de-decisoes-do-mercosul-e-sua-personalidade-juridica\/#primaryimage\"},\"thumbnailUrl\":\"https:\/\/dhg1h5j42swfq.cloudfront.net\/2020\/12\/02084611\/download.jpg\",\"datePublished\":\"2020-12-10T11:48:00+00:00\",\"description\":\"Saiba mais sobre a personalidade jur\u00eddica de Direito Internacional do Mercosul e como s\u00e3o realizadas sua tomada de decis\u00f5es\",\"breadcrumb\":{\"@id\":\"https:\/\/www.estrategiaconcursos.com.br\/blog\/a-tomada-de-decisoes-do-mercosul-e-sua-personalidade-juridica\/#breadcrumb\"},\"inLanguage\":\"pt-BR\",\"potentialAction\":[{\"@type\":\"ReadAction\",\"target\":[\"https:\/\/www.estrategiaconcursos.com.br\/blog\/a-tomada-de-decisoes-do-mercosul-e-sua-personalidade-juridica\/\"]}]},{\"@type\":\"ImageObject\",\"inLanguage\":\"pt-BR\",\"@id\":\"https:\/\/www.estrategiaconcursos.com.br\/blog\/a-tomada-de-decisoes-do-mercosul-e-sua-personalidade-juridica\/#primaryimage\",\"url\":\"https:\/\/dhg1h5j42swfq.cloudfront.net\/2020\/12\/02084611\/download.jpg\",\"contentUrl\":\"https:\/\/dhg1h5j42swfq.cloudfront.net\/2020\/12\/02084611\/download.jpg\",\"width\":360,\"height\":140},{\"@type\":\"BreadcrumbList\",\"@id\":\"https:\/\/www.estrategiaconcursos.com.br\/blog\/a-tomada-de-decisoes-do-mercosul-e-sua-personalidade-juridica\/#breadcrumb\",\"itemListElement\":[{\"@type\":\"ListItem\",\"position\":1,\"name\":\"In\u00edcio\",\"item\":\"https:\/\/www.estrategiaconcursos.com.br\/blog\/\"},{\"@type\":\"ListItem\",\"position\":2,\"name\":\"A tomada de decis\u00f5es do Mercosul e sua personalidade jur\u00eddica\"}]},{\"@type\":\"WebSite\",\"@id\":\"https:\/\/www.estrategiaconcursos.com.br\/blog\/#website\",\"url\":\"https:\/\/www.estrategiaconcursos.com.br\/blog\/\",\"name\":\"Estrat\u00e9gia Concursos\",\"description\":\"O blog da Estrat\u00e9gia Concursos traz not\u00edcias sobre concursos e artigos de professores oferecendo cursos para concursos (pdf + videaulas) no site.\",\"publisher\":{\"@id\":\"https:\/\/www.estrategiaconcursos.com.br\/blog\/#organization\"},\"potentialAction\":[{\"@type\":\"SearchAction\",\"target\":{\"@type\":\"EntryPoint\",\"urlTemplate\":\"https:\/\/www.estrategiaconcursos.com.br\/blog\/?s={search_term_string}\"},\"query-input\":{\"@type\":\"PropertyValueSpecification\",\"valueRequired\":true,\"valueName\":\"search_term_string\"}}],\"inLanguage\":\"pt-BR\"},{\"@type\":\"Organization\",\"@id\":\"https:\/\/www.estrategiaconcursos.com.br\/blog\/#organization\",\"name\":\"Estrat\u00e9gia Concursos\",\"url\":\"https:\/\/www.estrategiaconcursos.com.br\/blog\/\",\"logo\":{\"@type\":\"ImageObject\",\"inLanguage\":\"pt-BR\",\"@id\":\"https:\/\/www.estrategiaconcursos.com.br\/blog\/#\/schema\/logo\/image\/\",\"url\":\"https:\/\/dhg1h5j42swfq.cloudfront.net\/2025\/06\/03203428\/logo_concursos-1.jpg\",\"contentUrl\":\"https:\/\/dhg1h5j42swfq.cloudfront.net\/2025\/06\/03203428\/logo_concursos-1.jpg\",\"width\":230,\"height\":60,\"caption\":\"Estrat\u00e9gia Concursos\"},\"image\":{\"@id\":\"https:\/\/www.estrategiaconcursos.com.br\/blog\/#\/schema\/logo\/image\/\"},\"sameAs\":[\"https:\/\/x.com\/EstratConcursos\"]},{\"@type\":\"Person\",\"@id\":\"https:\/\/www.estrategiaconcursos.com.br\/blog\/#\/schema\/person\/c666a44fbce7e2e70009a9c13549267a\",\"name\":\"Leandro Ricardo Machado da Silveira\",\"image\":{\"@type\":\"ImageObject\",\"inLanguage\":\"pt-BR\",\"@id\":\"https:\/\/secure.gravatar.com\/avatar\/6fb25994d16b9649838400aa459b16c1c83f558e0fd6ebebd16da0473908b291?s=96&d=mm&r=g\",\"url\":\"https:\/\/secure.gravatar.com\/avatar\/6fb25994d16b9649838400aa459b16c1c83f558e0fd6ebebd16da0473908b291?s=96&d=mm&r=g\",\"contentUrl\":\"https:\/\/secure.gravatar.com\/avatar\/6fb25994d16b9649838400aa459b16c1c83f558e0fd6ebebd16da0473908b291?s=96&d=mm&r=g\",\"caption\":\"Leandro Ricardo Machado da Silveira\"},\"description\":\"Engenheiro Aeron\u00e1utico, formado pela Universidade Federal de Uberl\u00e2ndia, possui MBA em Administra\u00e7\u00e3o e Finan\u00e7as Corporativas e aprovado nos concursos de Auditor Fiscal SEFAZ-SC e SEFAZ-GO.\",\"url\":\"https:\/\/www.estrategiaconcursos.com.br\/blog\/author\/leandro_vzthotmail-com\/\"}]}<\/script>\n<!-- \/ Yoast SEO Premium plugin. -->","yoast_head_json":{"title":"A tomada de decis\u00f5es do Mercosul e sua personalidade jur\u00eddica","description":"Saiba mais sobre a personalidade jur\u00eddica de Direito Internacional do Mercosul e como s\u00e3o realizadas sua tomada de decis\u00f5es","robots":{"index":"index","follow":"follow","max-snippet":"max-snippet:-1","max-image-preview":"max-image-preview:large","max-video-preview":"max-video-preview:-1"},"canonical":"https:\/\/www.estrategiaconcursos.com.br\/blog\/a-tomada-de-decisoes-do-mercosul-e-sua-personalidade-juridica\/","og_locale":"pt_BR","og_type":"article","og_title":"A tomada de decis\u00f5es do Mercosul e sua personalidade jur\u00eddica","og_description":"Saiba mais sobre a personalidade jur\u00eddica de Direito Internacional do Mercosul e como s\u00e3o realizadas sua tomada de decis\u00f5es","og_url":"https:\/\/www.estrategiaconcursos.com.br\/blog\/a-tomada-de-decisoes-do-mercosul-e-sua-personalidade-juridica\/","og_site_name":"Estrat\u00e9gia Concursos","article_published_time":"2020-12-10T11:48:00+00:00","og_image":[{"width":360,"height":140,"url":"https:\/\/dhg1h5j42swfq.cloudfront.net\/2020\/12\/02084611\/download.jpg","type":"image\/jpeg"}],"author":"Leandro Ricardo Machado da Silveira","twitter_card":"summary_large_image","twitter_creator":"@EstratConcursos","twitter_site":"@EstratConcursos","twitter_misc":{"Escrito por":"Leandro Ricardo Machado da Silveira","Est. tempo de leitura":"7 minutos"},"schema":{"@context":"https:\/\/schema.org","@graph":[{"@type":"NewsArticle","@id":"https:\/\/www.estrategiaconcursos.com.br\/blog\/a-tomada-de-decisoes-do-mercosul-e-sua-personalidade-juridica\/#article","isPartOf":{"@id":"https:\/\/www.estrategiaconcursos.com.br\/blog\/a-tomada-de-decisoes-do-mercosul-e-sua-personalidade-juridica\/"},"author":{"name":"Leandro Ricardo Machado da Silveira","@id":"https:\/\/www.estrategiaconcursos.com.br\/blog\/#\/schema\/person\/c666a44fbce7e2e70009a9c13549267a"},"headline":"A tomada de decis\u00f5es do Mercosul e sua personalidade jur\u00eddica","datePublished":"2020-12-10T11:48:00+00:00","mainEntityOfPage":{"@id":"https:\/\/www.estrategiaconcursos.com.br\/blog\/a-tomada-de-decisoes-do-mercosul-e-sua-personalidade-juridica\/"},"wordCount":1455,"commentCount":0,"publisher":{"@id":"https:\/\/www.estrategiaconcursos.com.br\/blog\/#organization"},"image":{"@id":"https:\/\/www.estrategiaconcursos.com.br\/blog\/a-tomada-de-decisoes-do-mercosul-e-sua-personalidade-juridica\/#primaryimage"},"thumbnailUrl":"https:\/\/dhg1h5j42swfq.cloudfront.net\/2020\/12\/02084611\/download.jpg","keywords":["mercosul","personalidade jur\u00eddica","tomada de decis\u00f5es"],"articleSection":["Fiscal - Estadual (ICMS)"],"inLanguage":"pt-BR","potentialAction":[{"@type":"CommentAction","name":"Comment","target":["https:\/\/www.estrategiaconcursos.com.br\/blog\/a-tomada-de-decisoes-do-mercosul-e-sua-personalidade-juridica\/#respond"]}],"copyrightYear":"2020","copyrightHolder":{"@id":"https:\/\/www.estrategiaconcursos.com.br\/blog\/#organization"}},{"@type":"WebPage","@id":"https:\/\/www.estrategiaconcursos.com.br\/blog\/a-tomada-de-decisoes-do-mercosul-e-sua-personalidade-juridica\/","url":"https:\/\/www.estrategiaconcursos.com.br\/blog\/a-tomada-de-decisoes-do-mercosul-e-sua-personalidade-juridica\/","name":"A tomada de decis\u00f5es do Mercosul e sua personalidade jur\u00eddica","isPartOf":{"@id":"https:\/\/www.estrategiaconcursos.com.br\/blog\/#website"},"primaryImageOfPage":{"@id":"https:\/\/www.estrategiaconcursos.com.br\/blog\/a-tomada-de-decisoes-do-mercosul-e-sua-personalidade-juridica\/#primaryimage"},"image":{"@id":"https:\/\/www.estrategiaconcursos.com.br\/blog\/a-tomada-de-decisoes-do-mercosul-e-sua-personalidade-juridica\/#primaryimage"},"thumbnailUrl":"https:\/\/dhg1h5j42swfq.cloudfront.net\/2020\/12\/02084611\/download.jpg","datePublished":"2020-12-10T11:48:00+00:00","description":"Saiba mais sobre a personalidade jur\u00eddica de Direito Internacional do Mercosul e como s\u00e3o realizadas sua tomada de decis\u00f5es","breadcrumb":{"@id":"https:\/\/www.estrategiaconcursos.com.br\/blog\/a-tomada-de-decisoes-do-mercosul-e-sua-personalidade-juridica\/#breadcrumb"},"inLanguage":"pt-BR","potentialAction":[{"@type":"ReadAction","target":["https:\/\/www.estrategiaconcursos.com.br\/blog\/a-tomada-de-decisoes-do-mercosul-e-sua-personalidade-juridica\/"]}]},{"@type":"ImageObject","inLanguage":"pt-BR","@id":"https:\/\/www.estrategiaconcursos.com.br\/blog\/a-tomada-de-decisoes-do-mercosul-e-sua-personalidade-juridica\/#primaryimage","url":"https:\/\/dhg1h5j42swfq.cloudfront.net\/2020\/12\/02084611\/download.jpg","contentUrl":"https:\/\/dhg1h5j42swfq.cloudfront.net\/2020\/12\/02084611\/download.jpg","width":360,"height":140},{"@type":"BreadcrumbList","@id":"https:\/\/www.estrategiaconcursos.com.br\/blog\/a-tomada-de-decisoes-do-mercosul-e-sua-personalidade-juridica\/#breadcrumb","itemListElement":[{"@type":"ListItem","position":1,"name":"In\u00edcio","item":"https:\/\/www.estrategiaconcursos.com.br\/blog\/"},{"@type":"ListItem","position":2,"name":"A tomada de decis\u00f5es do Mercosul e sua personalidade jur\u00eddica"}]},{"@type":"WebSite","@id":"https:\/\/www.estrategiaconcursos.com.br\/blog\/#website","url":"https:\/\/www.estrategiaconcursos.com.br\/blog\/","name":"Estrat\u00e9gia Concursos","description":"O blog da Estrat\u00e9gia Concursos traz not\u00edcias sobre concursos e artigos de professores oferecendo cursos para concursos (pdf + videaulas) no site.","publisher":{"@id":"https:\/\/www.estrategiaconcursos.com.br\/blog\/#organization"},"potentialAction":[{"@type":"SearchAction","target":{"@type":"EntryPoint","urlTemplate":"https:\/\/www.estrategiaconcursos.com.br\/blog\/?s={search_term_string}"},"query-input":{"@type":"PropertyValueSpecification","valueRequired":true,"valueName":"search_term_string"}}],"inLanguage":"pt-BR"},{"@type":"Organization","@id":"https:\/\/www.estrategiaconcursos.com.br\/blog\/#organization","name":"Estrat\u00e9gia Concursos","url":"https:\/\/www.estrategiaconcursos.com.br\/blog\/","logo":{"@type":"ImageObject","inLanguage":"pt-BR","@id":"https:\/\/www.estrategiaconcursos.com.br\/blog\/#\/schema\/logo\/image\/","url":"https:\/\/dhg1h5j42swfq.cloudfront.net\/2025\/06\/03203428\/logo_concursos-1.jpg","contentUrl":"https:\/\/dhg1h5j42swfq.cloudfront.net\/2025\/06\/03203428\/logo_concursos-1.jpg","width":230,"height":60,"caption":"Estrat\u00e9gia Concursos"},"image":{"@id":"https:\/\/www.estrategiaconcursos.com.br\/blog\/#\/schema\/logo\/image\/"},"sameAs":["https:\/\/x.com\/EstratConcursos"]},{"@type":"Person","@id":"https:\/\/www.estrategiaconcursos.com.br\/blog\/#\/schema\/person\/c666a44fbce7e2e70009a9c13549267a","name":"Leandro Ricardo Machado da Silveira","image":{"@type":"ImageObject","inLanguage":"pt-BR","@id":"https:\/\/secure.gravatar.com\/avatar\/6fb25994d16b9649838400aa459b16c1c83f558e0fd6ebebd16da0473908b291?s=96&d=mm&r=g","url":"https:\/\/secure.gravatar.com\/avatar\/6fb25994d16b9649838400aa459b16c1c83f558e0fd6ebebd16da0473908b291?s=96&d=mm&r=g","contentUrl":"https:\/\/secure.gravatar.com\/avatar\/6fb25994d16b9649838400aa459b16c1c83f558e0fd6ebebd16da0473908b291?s=96&d=mm&r=g","caption":"Leandro Ricardo Machado da Silveira"},"description":"Engenheiro Aeron\u00e1utico, formado pela Universidade Federal de Uberl\u00e2ndia, possui MBA em Administra\u00e7\u00e3o e Finan\u00e7as Corporativas e aprovado nos concursos de Auditor Fiscal SEFAZ-SC e SEFAZ-GO.","url":"https:\/\/www.estrategiaconcursos.com.br\/blog\/author\/leandro_vzthotmail-com\/"}]}},"_links":{"self":[{"href":"https:\/\/www.estrategiaconcursos.com.br\/blog\/wp-json\/wp\/v2\/posts\/621162","targetHints":{"allow":["GET"]}}],"collection":[{"href":"https:\/\/www.estrategiaconcursos.com.br\/blog\/wp-json\/wp\/v2\/posts"}],"about":[{"href":"https:\/\/www.estrategiaconcursos.com.br\/blog\/wp-json\/wp\/v2\/types\/post"}],"author":[{"embeddable":true,"href":"https:\/\/www.estrategiaconcursos.com.br\/blog\/wp-json\/wp\/v2\/users\/1668"}],"replies":[{"embeddable":true,"href":"https:\/\/www.estrategiaconcursos.com.br\/blog\/wp-json\/wp\/v2\/comments?post=621162"}],"version-history":[{"count":2,"href":"https:\/\/www.estrategiaconcursos.com.br\/blog\/wp-json\/wp\/v2\/posts\/621162\/revisions"}],"predecessor-version":[{"id":635504,"href":"https:\/\/www.estrategiaconcursos.com.br\/blog\/wp-json\/wp\/v2\/posts\/621162\/revisions\/635504"}],"wp:featuredmedia":[{"embeddable":true,"href":"https:\/\/www.estrategiaconcursos.com.br\/blog\/wp-json\/wp\/v2\/media\/621165"}],"wp:attachment":[{"href":"https:\/\/www.estrategiaconcursos.com.br\/blog\/wp-json\/wp\/v2\/media?parent=621162"}],"wp:term":[{"taxonomy":"category","embeddable":true,"href":"https:\/\/www.estrategiaconcursos.com.br\/blog\/wp-json\/wp\/v2\/categories?post=621162"},{"taxonomy":"post_tag","embeddable":true,"href":"https:\/\/www.estrategiaconcursos.com.br\/blog\/wp-json\/wp\/v2\/tags?post=621162"},{"taxonomy":"tax_estado","embeddable":true,"href":"https:\/\/www.estrategiaconcursos.com.br\/blog\/wp-json\/wp\/v2\/tax_estado?post=621162"}],"curies":[{"name":"wp","href":"https:\/\/api.w.org\/{rel}","templated":true}]}}