{"id":620983,"date":"2020-12-02T10:00:00","date_gmt":"2020-12-02T13:00:00","guid":{"rendered":"https:\/\/www.estrategiaconcursos.com.br\/blog\/?p=620983"},"modified":"2023-06-27T09:12:17","modified_gmt":"2023-06-27T12:12:17","slug":"entrevista-presidente-da-comissao-do-concurso-sefaz-es","status":"publish","type":"post","link":"https:\/\/www.estrategiaconcursos.com.br\/blog\/entrevista-presidente-da-comissao-do-concurso-sefaz-es\/","title":{"rendered":"ENTREVISTA: presidente da Comiss\u00e3o do concurso Sefaz ES"},"content":{"rendered":"\n<p style=\"font-size:clamp(17.905px, 1.119rem + ((1vw - 3.2px) * 0.99), 28px);px\"><em><strong>Confira uma entrevista exclusiva com v\u00e1rios detalhes sobre o concurso Sefaz ES<\/strong><\/em><\/p>\n\n\n\n<p>Foi anunciada esta semana, a escolha da banca organizadora do pr\u00f3ximo <strong>concurso p\u00fablico da Secretaria de Estado da Fazenda do Esp\u00edrito Santo<\/strong> (Sefaz ES). Conforme documento, a empresa definida foi a Funda\u00e7\u00e3o Get\u00falio Vargas &#8211; FGV.<\/p>\n\n\n\n<p>E para trazer informa\u00e7\u00f5es <strong>exclusivas <\/strong>para voc\u00ea que deseja prestar esse concurso, eu realizei uma entrevista com o presidente da Comiss\u00e3o, Leandro Kuster, que comentou alguns detalhes acerca do edital.<\/p>\n\n\n\n<p>De acordo com o bate papo, a empresa FGV foi selecionada pela Comiss\u00e3o. Agora, o processo foi encaminhado ao setor de Processos\/Compras e depois seguir\u00e1 ao setor Jur\u00eddico, para an\u00e1lise e aprova\u00e7\u00e3o final. <\/p>\n\n\n\n<p>Sobre a <strong>previs\u00e3o do edital<\/strong>, Kuster afirmou que o cronograma de atividades est\u00e1 em dia e a previs\u00e3o \u00e9 que o documento saia no in\u00edcio do ano que vem.<\/p>\n\n\n\n<blockquote class=\"wp-block-quote is-layout-flow wp-block-quote-is-layout-flow\">\n<p><em>&#8220;Nosso cronograma est\u00e1 em dia. Nosso cronograma \u00e9 que seja publicado ainda no primeiro bimestre de 2021. At\u00e9 fevereiro. A menos que tenha algum problema de contrata\u00e7\u00e3o, alguma quest\u00e3o fora de nosso alcance, pode ser que passe desse prazo.&#8221;<\/em><\/p>\n<\/blockquote>\n\n\n\n<p>A respeito das provas, Kuster informou que por conta de decis\u00f5es futuras, tais como hor\u00e1rio e locais de aplica\u00e7\u00e3o, n\u00e3o \u00e9 poss\u00edvel confirmar uma data. Contudo, a expectativa \u00e9 que a etapa de avalia\u00e7\u00e3o ocorra no primeiro de semestre de 2021.<\/p>\n\n\n\n<p>Questionado sobre o <strong>conte\u00fado program\u00e1tico<\/strong>, o presidente destacou que <em>&#8220;um estudo pr\u00e9vio j\u00e1 foi feito pela Comiss\u00e3o. Por\u00e9m, a gente vai fechar essas disciplinas logo ap\u00f3s a publica\u00e7\u00e3o (oficial) da institui\u00e7\u00e3o&#8221;<\/em>. <\/p>\n\n\n\n<p>Kuster adiantou que a<strong> prova objetiva<\/strong> ser\u00e1 de conhecimentos Gerais e conhecimentos Espec\u00edficos, com pontua\u00e7\u00f5es distintas e tamb\u00e9m haver\u00e1 aplica\u00e7\u00e3o de <strong>prova discursiva<\/strong>.<\/p>\n\n\n\n<p>S\u00e3o previstas no concurso Sefaz ES 50 vagas imediatas mais forma\u00e7\u00e3o de cadastro reserva para&nbsp;Auditor Fiscal da Receita Estadual. O cargo exige forma\u00e7\u00e3o de n\u00edvel superior, com sal\u00e1rio inicial de <strong>R$ 12.069,75<\/strong>.<\/p>\n\n\n\n<h4 class=\"wp-block-heading has-text-align-center has-medium-font-size\" id=\"h-confira-abaixo-a-entrevista-completa-com-o-presidente-da-comissao-do-concurso-sefaz-es\"><strong>Confira abaixo a entrevista completa com o presidente da Comiss\u00e3o do concurso Sefaz ES:<\/strong><\/h4>\n\n\n<figure class=\"wp-block-embed-youtube wp-block-embed is-type-video is-provider-youtube wp-embed-aspect-16-9 wp-has-aspect-ratio lyte-align aligncenter\"><div class=\"lyte-wrapper\" style=\"width:853px;max-width:100%;margin:5px;\"><div class=\"lyMe\" id=\"WYL_cmFuVD0Clek\"><div id=\"lyte_cmFuVD0Clek\" data-src=\"\/\/i.ytimg.com\/vi\/cmFuVD0Clek\/hqdefault.jpg\" class=\"pL\"><div class=\"tC\"><div class=\"tT\"><\/div><\/div><div class=\"play\"><\/div><div class=\"ctrl\"><div class=\"Lctrl\"><\/div><div class=\"Rctrl\"><\/div><\/div><\/div><noscript><a href=\"https:\/\/youtu.be\/cmFuVD0Clek\" rel=\"nofollow\"><img loading=\"lazy\" decoding=\"async\" src=\"https:\/\/i.ytimg.com\/vi\/cmFuVD0Clek\/0.jpg\" alt=\"YouTube video thumbnail\" width=\"853\" height=\"460\" \/><br \/>Assista a este v\u00eddeo no YouTube<\/a><\/noscript><\/div><\/div><div class=\"lL\" style=\"max-width:100%;width:853px;margin:5px;\"><\/div><figcaption><\/figcaption><\/figure>\n\n\n<p class=\"has-text-align-center has-background has-medium-font-size\" style=\"background-color:#dfe2e4\"><strong>Mais informa\u00e7\u00f5es:<\/strong> <strong><a rel=\"noreferrer noopener\" href=\"https:\/\/www.estrategiaconcursos.com.br\/blog\/concurso-sefaz-es\/\" target=\"_blank\">Concurso Sefaz ES<\/a><\/strong><\/p>\n\n\n\n<hr class=\"wp-block-separator has-css-opacity\"\/>\n\n\n\n<div class=\"container\" id=\"boxes\">\n  <div class=\"row\">\n\n    <div class=\"col-sm\">\n      <div class=\"banner-fiscal-01\" id=\"box-assinatura\">\n        <h3 class=\"titulo-assinatura\">Carreiras Fiscais<\/h3>\n        <p class=\"subtitulo-assinatura\">Conhe\u00e7a os cursos para Sefaz ES<\/p>\n        <div class=\"box-botao\">\n          <a class=\"btn-assinatura\" target=\"_blank\" href=\"https:\/\/www.estrategiaconcursos.com.br\/cursosPorConcurso\/sefaz-es-sec-de-fazenda-do-espirito-santo-189\/\" role=\"button\" rel=\"noopener noreferrer\">Conhe\u00e7a mais<\/a>\n        <\/div>\n      <\/div>\n      <p class=\"texto-auxiliar\">Prepare-se com o melhor material e com quem mais aprova em Concursos P\u00fablicos em todo o pa\u00eds!<\/p>\n    <\/div>\n\n  <\/div>\n<\/div>\n\n\n\n<div class=\"container\" id=\"boxes\">\n  <div class=\"row\">\n\n    <div class=\"col-sm\">\n      <div class=\"estrategia\" id=\"box-assinatura\">\n        <h3 class=\"titulo-assinatura\">Assinatura Ilimitada<\/h3>\n        <p class=\"subtitulo-assinatura\">Assinatura Anual Ilimitada*<\/p>\n        <div class=\"box-botao\">\n          <a class=\"btn-assinatura\" target=\"_blank\" href=\"https:\/\/www.estrategiaconcursos.com.br\/assinaturas\/\" role=\"button\" rel=\"noopener noreferrer\">ASSINE AGORA<\/a>\n        <\/div>\n      <\/div>\n      <p class=\"texto-auxiliar\">Prepare-se com o melhor material e com quem mais aprova em Concursos P\u00fablicos em todo o pa\u00eds. Assine agora a nossa Assinatura Anual e tenha acesso ilimitado* a todos os nossos cursos.<\/p>\n    <\/div>\n\n    <div class=\"col-sm\">\n      <div class=\"questoes\" id=\"box-assinatura\">\n        <h3 class=\"titulo-assinatura\">Sistema de Quest\u00f5es<\/h3>\n        <p class=\"subtitulo-assinatura\">Assinatura Ilimitada*\n<\/p>\n        <div class=\"box-botao\">\n          <a class=\"btn-assinatura\" target=\"_blank\" href=\"https:\/\/questoes.estrategiaconcursos.com.br\/\" role=\"button\" rel=\"noopener noreferrer\">ASSINE AGORA<\/a>\n        <\/div>\n      <\/div>\n      <p class=\"texto-auxiliar\">Estrat\u00e9gia Quest\u00f5es nasceu maior do que todos os concorrentes, com mais quest\u00f5es cadastradas e mais solu\u00e7\u00f5es por professores. Clique no link e aproveite os descontos e b\u00f4nus imperd\u00edveis!<\/p>\n    <\/div>\n  <\/div>\n<\/div>\n","protected":false},"excerpt":{"rendered":"<p>Confira uma entrevista exclusiva com v\u00e1rios detalhes sobre o concurso Sefaz ES Foi anunciada esta semana, a escolha da banca organizadora do pr\u00f3ximo concurso p\u00fablico da Secretaria de Estado da Fazenda do Esp\u00edrito Santo (Sefaz ES). Conforme documento, a empresa definida foi a Funda\u00e7\u00e3o Get\u00falio Vargas &#8211; FGV. E para trazer informa\u00e7\u00f5es exclusivas para voc\u00ea [&hellip;]<\/p>\n","protected":false},"author":188,"featured_media":428576,"comment_status":"open","ping_status":"closed","sticky":false,"template":"","format":"standard","meta":{"post_tipo":"article","footnotes":""},"categories":[1983],"tags":[],"tax_estado":[219971],"class_list":["post-620983","post","type-post","status-publish","format-standard","has-post-thumbnail","hentry","category-fiscal-estadual","tax_estado-es"],"acf":[],"yoast_head":"<!-- This site is optimized with the Yoast SEO Premium plugin v27.2 (Yoast SEO v27.2) - https:\/\/yoast.com\/product\/yoast-seo-premium-wordpress\/ -->\n<title>ENTREVISTA: presidente da Comiss\u00e3o do concurso Sefaz ES<\/title>\n<meta name=\"description\" content=\"Confira em nosso artigo uma entrevista exclusiva com o presidente da Comiss\u00e3o do concurso Sefaz ES. Saiba todos os detalhes!\" \/>\n<meta name=\"robots\" content=\"index, follow, max-snippet:-1, max-image-preview:large, max-video-preview:-1\" \/>\n<link rel=\"canonical\" href=\"https:\/\/www.estrategiaconcursos.com.br\/blog\/entrevista-presidente-da-comissao-do-concurso-sefaz-es\/\" \/>\n<meta property=\"og:locale\" content=\"pt_BR\" \/>\n<meta property=\"og:type\" content=\"article\" \/>\n<meta property=\"og:title\" content=\"ENTREVISTA: presidente da Comiss\u00e3o do concurso Sefaz ES\" \/>\n<meta property=\"og:description\" content=\"Confira em nosso artigo uma entrevista exclusiva com o presidente da Comiss\u00e3o do concurso Sefaz ES. Saiba todos os detalhes!\" \/>\n<meta property=\"og:url\" content=\"https:\/\/www.estrategiaconcursos.com.br\/blog\/entrevista-presidente-da-comissao-do-concurso-sefaz-es\/\" \/>\n<meta property=\"og:site_name\" content=\"Estrat\u00e9gia Concursos\" \/>\n<meta property=\"article:published_time\" content=\"2020-12-02T13:00:00+00:00\" \/>\n<meta property=\"article:modified_time\" content=\"2023-06-27T12:12:17+00:00\" \/>\n<meta property=\"og:image\" content=\"https:\/\/dhg1h5j42swfq.cloudfront.net\/2019\/10\/01111919\/SEFAZ-ES.jpg\" \/>\n\t<meta property=\"og:image:width\" content=\"1200\" \/>\n\t<meta property=\"og:image:height\" content=\"628\" \/>\n\t<meta property=\"og:image:type\" content=\"image\/jpeg\" \/>\n<meta name=\"author\" content=\"Tha\u00eds Mendes (Jornalista)\" \/>\n<meta name=\"twitter:card\" content=\"summary_large_image\" \/>\n<meta name=\"twitter:creator\" content=\"@EstratConcursos\" \/>\n<meta name=\"twitter:site\" content=\"@EstratConcursos\" \/>\n<meta name=\"twitter:label1\" content=\"Escrito por\" \/>\n\t<meta name=\"twitter:data1\" content=\"Tha\u00eds Mendes (Jornalista)\" \/>\n\t<meta name=\"twitter:label2\" content=\"Est. tempo de leitura\" \/>\n\t<meta name=\"twitter:data2\" content=\"2 minutos\" \/>\n<script type=\"application\/ld+json\" class=\"yoast-schema-graph\">{\"@context\":\"https:\/\/schema.org\",\"@graph\":[{\"@type\":\"NewsArticle\",\"@id\":\"https:\/\/www.estrategiaconcursos.com.br\/blog\/entrevista-presidente-da-comissao-do-concurso-sefaz-es\/#article\",\"isPartOf\":{\"@id\":\"https:\/\/www.estrategiaconcursos.com.br\/blog\/entrevista-presidente-da-comissao-do-concurso-sefaz-es\/\"},\"author\":{\"name\":\"Tha\u00eds Mendes (Jornalista)\",\"@id\":\"https:\/\/www.estrategiaconcursos.com.br\/blog\/#\/schema\/person\/b69f846fcb6f09c1b651569e30b6e865\"},\"headline\":\"ENTREVISTA: presidente da Comiss\u00e3o do concurso Sefaz ES\",\"datePublished\":\"2020-12-02T13:00:00+00:00\",\"dateModified\":\"2023-06-27T12:12:17+00:00\",\"mainEntityOfPage\":{\"@id\":\"https:\/\/www.estrategiaconcursos.com.br\/blog\/entrevista-presidente-da-comissao-do-concurso-sefaz-es\/\"},\"wordCount\":493,\"commentCount\":0,\"publisher\":{\"@id\":\"https:\/\/www.estrategiaconcursos.com.br\/blog\/#organization\"},\"image\":{\"@id\":\"https:\/\/www.estrategiaconcursos.com.br\/blog\/entrevista-presidente-da-comissao-do-concurso-sefaz-es\/#primaryimage\"},\"thumbnailUrl\":\"https:\/\/dhg1h5j42swfq.cloudfront.net\/2019\/10\/01111919\/SEFAZ-ES.jpg\",\"articleSection\":[\"Fiscal - Estadual (ICMS)\"],\"inLanguage\":\"pt-BR\",\"potentialAction\":[{\"@type\":\"CommentAction\",\"name\":\"Comment\",\"target\":[\"https:\/\/www.estrategiaconcursos.com.br\/blog\/entrevista-presidente-da-comissao-do-concurso-sefaz-es\/#respond\"]}],\"copyrightYear\":\"2020\",\"copyrightHolder\":{\"@id\":\"https:\/\/www.estrategiaconcursos.com.br\/blog\/#organization\"}},{\"@type\":\"WebPage\",\"@id\":\"https:\/\/www.estrategiaconcursos.com.br\/blog\/entrevista-presidente-da-comissao-do-concurso-sefaz-es\/\",\"url\":\"https:\/\/www.estrategiaconcursos.com.br\/blog\/entrevista-presidente-da-comissao-do-concurso-sefaz-es\/\",\"name\":\"ENTREVISTA: presidente da Comiss\u00e3o do concurso Sefaz ES\",\"isPartOf\":{\"@id\":\"https:\/\/www.estrategiaconcursos.com.br\/blog\/#website\"},\"primaryImageOfPage\":{\"@id\":\"https:\/\/www.estrategiaconcursos.com.br\/blog\/entrevista-presidente-da-comissao-do-concurso-sefaz-es\/#primaryimage\"},\"image\":{\"@id\":\"https:\/\/www.estrategiaconcursos.com.br\/blog\/entrevista-presidente-da-comissao-do-concurso-sefaz-es\/#primaryimage\"},\"thumbnailUrl\":\"https:\/\/dhg1h5j42swfq.cloudfront.net\/2019\/10\/01111919\/SEFAZ-ES.jpg\",\"datePublished\":\"2020-12-02T13:00:00+00:00\",\"dateModified\":\"2023-06-27T12:12:17+00:00\",\"description\":\"Confira em nosso artigo uma entrevista exclusiva com o presidente da Comiss\u00e3o do concurso Sefaz ES. Saiba todos os detalhes!\",\"breadcrumb\":{\"@id\":\"https:\/\/www.estrategiaconcursos.com.br\/blog\/entrevista-presidente-da-comissao-do-concurso-sefaz-es\/#breadcrumb\"},\"inLanguage\":\"pt-BR\",\"potentialAction\":[{\"@type\":\"ReadAction\",\"target\":[\"https:\/\/www.estrategiaconcursos.com.br\/blog\/entrevista-presidente-da-comissao-do-concurso-sefaz-es\/\"]}]},{\"@type\":\"ImageObject\",\"inLanguage\":\"pt-BR\",\"@id\":\"https:\/\/www.estrategiaconcursos.com.br\/blog\/entrevista-presidente-da-comissao-do-concurso-sefaz-es\/#primaryimage\",\"url\":\"https:\/\/dhg1h5j42swfq.cloudfront.net\/2019\/10\/01111919\/SEFAZ-ES.jpg\",\"contentUrl\":\"https:\/\/dhg1h5j42swfq.cloudfront.net\/2019\/10\/01111919\/SEFAZ-ES.jpg\",\"width\":1200,\"height\":628,\"caption\":\"Sefaz ES Esp\u00edrito Santo\"},{\"@type\":\"BreadcrumbList\",\"@id\":\"https:\/\/www.estrategiaconcursos.com.br\/blog\/entrevista-presidente-da-comissao-do-concurso-sefaz-es\/#breadcrumb\",\"itemListElement\":[{\"@type\":\"ListItem\",\"position\":1,\"name\":\"In\u00edcio\",\"item\":\"https:\/\/www.estrategiaconcursos.com.br\/blog\/\"},{\"@type\":\"ListItem\",\"position\":2,\"name\":\"ENTREVISTA: presidente da Comiss\u00e3o do concurso Sefaz ES\"}]},{\"@type\":\"WebSite\",\"@id\":\"https:\/\/www.estrategiaconcursos.com.br\/blog\/#website\",\"url\":\"https:\/\/www.estrategiaconcursos.com.br\/blog\/\",\"name\":\"Estrat\u00e9gia Concursos\",\"description\":\"O blog da Estrat\u00e9gia Concursos traz not\u00edcias sobre concursos e artigos de professores oferecendo cursos para concursos (pdf + videaulas) no site.\",\"publisher\":{\"@id\":\"https:\/\/www.estrategiaconcursos.com.br\/blog\/#organization\"},\"potentialAction\":[{\"@type\":\"SearchAction\",\"target\":{\"@type\":\"EntryPoint\",\"urlTemplate\":\"https:\/\/www.estrategiaconcursos.com.br\/blog\/?s={search_term_string}\"},\"query-input\":{\"@type\":\"PropertyValueSpecification\",\"valueRequired\":true,\"valueName\":\"search_term_string\"}}],\"inLanguage\":\"pt-BR\"},{\"@type\":\"Organization\",\"@id\":\"https:\/\/www.estrategiaconcursos.com.br\/blog\/#organization\",\"name\":\"Estrat\u00e9gia Concursos\",\"url\":\"https:\/\/www.estrategiaconcursos.com.br\/blog\/\",\"logo\":{\"@type\":\"ImageObject\",\"inLanguage\":\"pt-BR\",\"@id\":\"https:\/\/www.estrategiaconcursos.com.br\/blog\/#\/schema\/logo\/image\/\",\"url\":\"https:\/\/dhg1h5j42swfq.cloudfront.net\/2025\/06\/03203428\/logo_concursos-1.jpg\",\"contentUrl\":\"https:\/\/dhg1h5j42swfq.cloudfront.net\/2025\/06\/03203428\/logo_concursos-1.jpg\",\"width\":230,\"height\":60,\"caption\":\"Estrat\u00e9gia Concursos\"},\"image\":{\"@id\":\"https:\/\/www.estrategiaconcursos.com.br\/blog\/#\/schema\/logo\/image\/\"},\"sameAs\":[\"https:\/\/x.com\/EstratConcursos\"]},{\"@type\":\"Person\",\"@id\":\"https:\/\/www.estrategiaconcursos.com.br\/blog\/#\/schema\/person\/b69f846fcb6f09c1b651569e30b6e865\",\"name\":\"Tha\u00eds Mendes (Jornalista)\",\"image\":{\"@type\":\"ImageObject\",\"inLanguage\":\"pt-BR\",\"@id\":\"https:\/\/secure.gravatar.com\/avatar\/3c9c4f2eb3e762ee925852cf3188d5507fcec36cfe4fdee47acd4135266a8614?s=96&d=mm&r=g\",\"url\":\"https:\/\/secure.gravatar.com\/avatar\/3c9c4f2eb3e762ee925852cf3188d5507fcec36cfe4fdee47acd4135266a8614?s=96&d=mm&r=g\",\"contentUrl\":\"https:\/\/secure.gravatar.com\/avatar\/3c9c4f2eb3e762ee925852cf3188d5507fcec36cfe4fdee47acd4135266a8614?s=96&d=mm&r=g\",\"caption\":\"Tha\u00eds Mendes (Jornalista)\"},\"url\":\"https:\/\/www.estrategiaconcursos.com.br\/blog\/author\/comunicacaoestrategiaconcursos-com-br\/\"}]}<\/script>\n<!-- \/ Yoast SEO Premium plugin. -->","yoast_head_json":{"title":"ENTREVISTA: presidente da Comiss\u00e3o do concurso Sefaz ES","description":"Confira em nosso artigo uma entrevista exclusiva com o presidente da Comiss\u00e3o do concurso Sefaz ES. Saiba todos os detalhes!","robots":{"index":"index","follow":"follow","max-snippet":"max-snippet:-1","max-image-preview":"max-image-preview:large","max-video-preview":"max-video-preview:-1"},"canonical":"https:\/\/www.estrategiaconcursos.com.br\/blog\/entrevista-presidente-da-comissao-do-concurso-sefaz-es\/","og_locale":"pt_BR","og_type":"article","og_title":"ENTREVISTA: presidente da Comiss\u00e3o do concurso Sefaz ES","og_description":"Confira em nosso artigo uma entrevista exclusiva com o presidente da Comiss\u00e3o do concurso Sefaz ES. Saiba todos os detalhes!","og_url":"https:\/\/www.estrategiaconcursos.com.br\/blog\/entrevista-presidente-da-comissao-do-concurso-sefaz-es\/","og_site_name":"Estrat\u00e9gia Concursos","article_published_time":"2020-12-02T13:00:00+00:00","article_modified_time":"2023-06-27T12:12:17+00:00","og_image":[{"width":1200,"height":628,"url":"https:\/\/dhg1h5j42swfq.cloudfront.net\/2019\/10\/01111919\/SEFAZ-ES.jpg","type":"image\/jpeg"}],"author":"Tha\u00eds Mendes (Jornalista)","twitter_card":"summary_large_image","twitter_creator":"@EstratConcursos","twitter_site":"@EstratConcursos","twitter_misc":{"Escrito por":"Tha\u00eds Mendes (Jornalista)","Est. tempo de leitura":"2 minutos"},"schema":{"@context":"https:\/\/schema.org","@graph":[{"@type":"NewsArticle","@id":"https:\/\/www.estrategiaconcursos.com.br\/blog\/entrevista-presidente-da-comissao-do-concurso-sefaz-es\/#article","isPartOf":{"@id":"https:\/\/www.estrategiaconcursos.com.br\/blog\/entrevista-presidente-da-comissao-do-concurso-sefaz-es\/"},"author":{"name":"Tha\u00eds Mendes (Jornalista)","@id":"https:\/\/www.estrategiaconcursos.com.br\/blog\/#\/schema\/person\/b69f846fcb6f09c1b651569e30b6e865"},"headline":"ENTREVISTA: presidente da Comiss\u00e3o do concurso Sefaz ES","datePublished":"2020-12-02T13:00:00+00:00","dateModified":"2023-06-27T12:12:17+00:00","mainEntityOfPage":{"@id":"https:\/\/www.estrategiaconcursos.com.br\/blog\/entrevista-presidente-da-comissao-do-concurso-sefaz-es\/"},"wordCount":493,"commentCount":0,"publisher":{"@id":"https:\/\/www.estrategiaconcursos.com.br\/blog\/#organization"},"image":{"@id":"https:\/\/www.estrategiaconcursos.com.br\/blog\/entrevista-presidente-da-comissao-do-concurso-sefaz-es\/#primaryimage"},"thumbnailUrl":"https:\/\/dhg1h5j42swfq.cloudfront.net\/2019\/10\/01111919\/SEFAZ-ES.jpg","articleSection":["Fiscal - Estadual (ICMS)"],"inLanguage":"pt-BR","potentialAction":[{"@type":"CommentAction","name":"Comment","target":["https:\/\/www.estrategiaconcursos.com.br\/blog\/entrevista-presidente-da-comissao-do-concurso-sefaz-es\/#respond"]}],"copyrightYear":"2020","copyrightHolder":{"@id":"https:\/\/www.estrategiaconcursos.com.br\/blog\/#organization"}},{"@type":"WebPage","@id":"https:\/\/www.estrategiaconcursos.com.br\/blog\/entrevista-presidente-da-comissao-do-concurso-sefaz-es\/","url":"https:\/\/www.estrategiaconcursos.com.br\/blog\/entrevista-presidente-da-comissao-do-concurso-sefaz-es\/","name":"ENTREVISTA: presidente da Comiss\u00e3o do concurso Sefaz ES","isPartOf":{"@id":"https:\/\/www.estrategiaconcursos.com.br\/blog\/#website"},"primaryImageOfPage":{"@id":"https:\/\/www.estrategiaconcursos.com.br\/blog\/entrevista-presidente-da-comissao-do-concurso-sefaz-es\/#primaryimage"},"image":{"@id":"https:\/\/www.estrategiaconcursos.com.br\/blog\/entrevista-presidente-da-comissao-do-concurso-sefaz-es\/#primaryimage"},"thumbnailUrl":"https:\/\/dhg1h5j42swfq.cloudfront.net\/2019\/10\/01111919\/SEFAZ-ES.jpg","datePublished":"2020-12-02T13:00:00+00:00","dateModified":"2023-06-27T12:12:17+00:00","description":"Confira em nosso artigo uma entrevista exclusiva com o presidente da Comiss\u00e3o do concurso Sefaz ES. Saiba todos os detalhes!","breadcrumb":{"@id":"https:\/\/www.estrategiaconcursos.com.br\/blog\/entrevista-presidente-da-comissao-do-concurso-sefaz-es\/#breadcrumb"},"inLanguage":"pt-BR","potentialAction":[{"@type":"ReadAction","target":["https:\/\/www.estrategiaconcursos.com.br\/blog\/entrevista-presidente-da-comissao-do-concurso-sefaz-es\/"]}]},{"@type":"ImageObject","inLanguage":"pt-BR","@id":"https:\/\/www.estrategiaconcursos.com.br\/blog\/entrevista-presidente-da-comissao-do-concurso-sefaz-es\/#primaryimage","url":"https:\/\/dhg1h5j42swfq.cloudfront.net\/2019\/10\/01111919\/SEFAZ-ES.jpg","contentUrl":"https:\/\/dhg1h5j42swfq.cloudfront.net\/2019\/10\/01111919\/SEFAZ-ES.jpg","width":1200,"height":628,"caption":"Sefaz ES Esp\u00edrito Santo"},{"@type":"BreadcrumbList","@id":"https:\/\/www.estrategiaconcursos.com.br\/blog\/entrevista-presidente-da-comissao-do-concurso-sefaz-es\/#breadcrumb","itemListElement":[{"@type":"ListItem","position":1,"name":"In\u00edcio","item":"https:\/\/www.estrategiaconcursos.com.br\/blog\/"},{"@type":"ListItem","position":2,"name":"ENTREVISTA: presidente da Comiss\u00e3o do concurso Sefaz ES"}]},{"@type":"WebSite","@id":"https:\/\/www.estrategiaconcursos.com.br\/blog\/#website","url":"https:\/\/www.estrategiaconcursos.com.br\/blog\/","name":"Estrat\u00e9gia Concursos","description":"O blog da Estrat\u00e9gia Concursos traz not\u00edcias sobre concursos e artigos de professores oferecendo cursos para concursos (pdf + videaulas) no site.","publisher":{"@id":"https:\/\/www.estrategiaconcursos.com.br\/blog\/#organization"},"potentialAction":[{"@type":"SearchAction","target":{"@type":"EntryPoint","urlTemplate":"https:\/\/www.estrategiaconcursos.com.br\/blog\/?s={search_term_string}"},"query-input":{"@type":"PropertyValueSpecification","valueRequired":true,"valueName":"search_term_string"}}],"inLanguage":"pt-BR"},{"@type":"Organization","@id":"https:\/\/www.estrategiaconcursos.com.br\/blog\/#organization","name":"Estrat\u00e9gia Concursos","url":"https:\/\/www.estrategiaconcursos.com.br\/blog\/","logo":{"@type":"ImageObject","inLanguage":"pt-BR","@id":"https:\/\/www.estrategiaconcursos.com.br\/blog\/#\/schema\/logo\/image\/","url":"https:\/\/dhg1h5j42swfq.cloudfront.net\/2025\/06\/03203428\/logo_concursos-1.jpg","contentUrl":"https:\/\/dhg1h5j42swfq.cloudfront.net\/2025\/06\/03203428\/logo_concursos-1.jpg","width":230,"height":60,"caption":"Estrat\u00e9gia Concursos"},"image":{"@id":"https:\/\/www.estrategiaconcursos.com.br\/blog\/#\/schema\/logo\/image\/"},"sameAs":["https:\/\/x.com\/EstratConcursos"]},{"@type":"Person","@id":"https:\/\/www.estrategiaconcursos.com.br\/blog\/#\/schema\/person\/b69f846fcb6f09c1b651569e30b6e865","name":"Tha\u00eds Mendes (Jornalista)","image":{"@type":"ImageObject","inLanguage":"pt-BR","@id":"https:\/\/secure.gravatar.com\/avatar\/3c9c4f2eb3e762ee925852cf3188d5507fcec36cfe4fdee47acd4135266a8614?s=96&d=mm&r=g","url":"https:\/\/secure.gravatar.com\/avatar\/3c9c4f2eb3e762ee925852cf3188d5507fcec36cfe4fdee47acd4135266a8614?s=96&d=mm&r=g","contentUrl":"https:\/\/secure.gravatar.com\/avatar\/3c9c4f2eb3e762ee925852cf3188d5507fcec36cfe4fdee47acd4135266a8614?s=96&d=mm&r=g","caption":"Tha\u00eds Mendes (Jornalista)"},"url":"https:\/\/www.estrategiaconcursos.com.br\/blog\/author\/comunicacaoestrategiaconcursos-com-br\/"}]}},"_links":{"self":[{"href":"https:\/\/www.estrategiaconcursos.com.br\/blog\/wp-json\/wp\/v2\/posts\/620983","targetHints":{"allow":["GET"]}}],"collection":[{"href":"https:\/\/www.estrategiaconcursos.com.br\/blog\/wp-json\/wp\/v2\/posts"}],"about":[{"href":"https:\/\/www.estrategiaconcursos.com.br\/blog\/wp-json\/wp\/v2\/types\/post"}],"author":[{"embeddable":true,"href":"https:\/\/www.estrategiaconcursos.com.br\/blog\/wp-json\/wp\/v2\/users\/188"}],"replies":[{"embeddable":true,"href":"https:\/\/www.estrategiaconcursos.com.br\/blog\/wp-json\/wp\/v2\/comments?post=620983"}],"version-history":[{"count":20,"href":"https:\/\/www.estrategiaconcursos.com.br\/blog\/wp-json\/wp\/v2\/posts\/620983\/revisions"}],"predecessor-version":[{"id":1239325,"href":"https:\/\/www.estrategiaconcursos.com.br\/blog\/wp-json\/wp\/v2\/posts\/620983\/revisions\/1239325"}],"wp:featuredmedia":[{"embeddable":true,"href":"https:\/\/www.estrategiaconcursos.com.br\/blog\/wp-json\/wp\/v2\/media\/428576"}],"wp:attachment":[{"href":"https:\/\/www.estrategiaconcursos.com.br\/blog\/wp-json\/wp\/v2\/media?parent=620983"}],"wp:term":[{"taxonomy":"category","embeddable":true,"href":"https:\/\/www.estrategiaconcursos.com.br\/blog\/wp-json\/wp\/v2\/categories?post=620983"},{"taxonomy":"post_tag","embeddable":true,"href":"https:\/\/www.estrategiaconcursos.com.br\/blog\/wp-json\/wp\/v2\/tags?post=620983"},{"taxonomy":"tax_estado","embeddable":true,"href":"https:\/\/www.estrategiaconcursos.com.br\/blog\/wp-json\/wp\/v2\/tax_estado?post=620983"}],"curies":[{"name":"wp","href":"https:\/\/api.w.org\/{rel}","templated":true}]}}