{"id":620623,"date":"2020-12-01T14:02:10","date_gmt":"2020-12-01T17:02:10","guid":{"rendered":"https:\/\/www.estrategiaconcursos.com.br\/blog\/?p=620623"},"modified":"2023-07-03T10:41:05","modified_gmt":"2023-07-03T13:41:05","slug":"pleno-debate-novo-concurso-tj-ap","status":"publish","type":"post","link":"https:\/\/www.estrategiaconcursos.com.br\/blog\/pleno-debate-novo-concurso-tj-ap\/","title":{"rendered":"TJ AP: Pleno vai debater a realiza\u00e7\u00e3o do concurso na quarta (2)"},"content":{"rendered":"\n<p>O Pleno do Tribunal de Justi\u00e7a do Amap\u00e1 vai debater na quarta-feira, 2 de Dezembro de 2020, a abertura do novo concurso TJ AP para a \u00e1rea de apoio. <\/p>\n\n\n\n<p>A sess\u00e3o come\u00e7ar\u00e1 \u00e0s 08:00. Os Desembargadores v\u00e3o discutir sobre a autoriza\u00e7\u00e3o da sele\u00e7\u00e3o que deve ofertar vagas para T\u00e9cnico e Analista Judici\u00e1rio. <\/p>\n\n\n\n<p>A \u00faltima sess\u00e3o aconteceu no dia 28 de Outubro, quando o Presidente do \u00f3rg\u00e3o, Desembargador Jo\u00e3o Guilherme Lajes, sugeriu que o concurso TJ AP ofertasse&nbsp;<strong>5 vagas<\/strong>&nbsp;imediatas para Analista nas especialidades de Psic\u00f3logo e Assistente Social. <\/p>\n\n\n\n<p>O pr\u00f3ximo Presidente do TJ AP, desembargador Rommel Ara\u00fajo, considerou precipitado decidir de imediato e questionou que&nbsp;<strong>o m\u00ednimo de vagas seria maior&nbsp;<\/strong>e \u00e9 que preciso encarar a&nbsp;<strong>realidade or\u00e7ament\u00e1ria.<\/strong><\/p>\n\n\n\n<p>Sendo assim, os outros membros do colegiado sugeriram um levantamento mais aprofundado por parte da Presid\u00eancia e da Corregedoria do TJ AP.<\/p>\n\n\n\n<p><strong>Confira o documento no link abaixo:<\/strong><\/p>\n\n\n\n<p class=\"has-text-align-center\"><a rel=\"noreferrer noopener\" href=\"https:\/\/dhg1h5j42swfq.cloudfront.net\/2020\/12\/01135541\/TJAP-1.pdf\" target=\"_blank\">Reuni\u00e3o 02\/12\/2020<\/a><\/p>\n\n\n\n<p class=\"has-text-align-center\"><strong>Quer saber mais sobre o concurso? Clique no link abaixo e fique por dentro de tudo!<\/strong><\/p>\n\n\n\n<p class=\"has-text-align-center has-light-green-cyan-background-color has-background has-medium-font-size\"><strong>Saiba mais: <a href=\"https:\/\/www.estrategiaconcursos.com.br\/blog\/concurso-tj-ap\/\">Concurso TJ AP <\/a><\/strong><\/p>\n\n\n\n<h2 class=\"wp-block-heading has-text-align-center\" id=\"h-cursos-e-assinaturas\"><strong>Cursos e Assinaturas <\/strong><\/h2>\n\n\n\n<div class=\"row\">\n\n    <div class=\"col-sm\">\n      <div class=\"banner-tribunal\" id=\"box-assinatura\">\n        <h3 class=\"titulo-assinatura\">Cursos para o concurso TJ-AP<\/h3>\n        <p class=\"subtitulo-assinatura\">Conhe\u00e7a os cursos<\/p>\n        <div class=\"box-botao\">\n          <a class=\"btn-assinatura\" target=\"_blank\" href=\"https:\/\/www.estrategiaconcursos.com.br\/cursosPorConcurso\/tj-ap-tribunal-de-justica-do-amapa-313\/\" role=\"button\" rel=\"noopener noreferrer\">Conhe\u00e7a mais<\/a>\n        <\/div>\n      <\/div>\n      <p class=\"texto-auxiliar\">Prepare-se com o melhor material e com quem mais aprova em Concursos P\u00fablicos em todo o pa\u00eds.<\/p>\n    <\/div>\n\n  <\/div>\n\n\n\n<div class=\"container\" id=\"boxes\">\n  <div class=\"row\">\n\n    <div class=\"col-sm\">\n      <div class=\"estrategia\" id=\"box-assinatura\">\n        <h3 class=\"titulo-assinatura\">Assinatura Ilimitada<\/h3>\n        <p class=\"subtitulo-assinatura\">Assinatura Anual Ilimitada*<\/p>\n        <div class=\"box-botao\">\n          <a class=\"btn-assinatura\" target=\"_blank\" href=\"https:\/\/www.estrategiaconcursos.com.br\/assinaturas\/\" role=\"button\" rel=\"noopener noreferrer\">ASSINE AGORA<\/a>\n        <\/div>\n      <\/div>\n      <p class=\"texto-auxiliar\">Prepare-se com o melhor material e com quem mais aprova em Concursos P\u00fablicos em todo o pa\u00eds. Assine agora a nossa Assinatura Anual e tenha acesso ilimitado* a todos os nossos cursos.<\/p>\n    <\/div>\n\n    <div class=\"col-sm\">\n      <div class=\"questoes\" id=\"box-assinatura\">\n        <h3 class=\"titulo-assinatura\">Sistema de Quest\u00f5es<\/h3>\n        <p class=\"subtitulo-assinatura\">Assinatura Ilimitada*\n<\/p>\n        <div class=\"box-botao\">\n          <a class=\"btn-assinatura\" target=\"_blank\" href=\"https:\/\/www.estrategiaconcursos.com.br\/cursosPorConcurso\/sistema-de-questoes\/#\/\" role=\"button\" rel=\"noopener noreferrer\">ASSINE AGORA<\/a>\n        <\/div>\n      <\/div>\n      <p class=\"texto-auxiliar\">Estrat\u00e9gia Quest\u00f5es nasceu maior do que todos os concorrentes, com mais quest\u00f5es cadastradas e mais solu\u00e7\u00f5es por professores. Clique no link e aproveite os descontos e b\u00f4nus imperd\u00edveis!<\/p>\n    <\/div>\n  <\/div>\n<\/div>\n","protected":false},"excerpt":{"rendered":"<p>O Pleno do Tribunal de Justi\u00e7a do Amap\u00e1 vai debater na quarta-feira, 2 de Dezembro de 2020, a abertura do novo concurso TJ AP para a \u00e1rea de apoio. A sess\u00e3o come\u00e7ar\u00e1 \u00e0s 08:00. Os Desembargadores v\u00e3o discutir sobre a autoriza\u00e7\u00e3o da sele\u00e7\u00e3o que deve ofertar vagas para T\u00e9cnico e Analista Judici\u00e1rio. A \u00faltima sess\u00e3o [&hellip;]<\/p>\n","protected":false},"author":317,"featured_media":71323,"comment_status":"open","ping_status":"closed","sticky":false,"template":"","format":"standard","meta":{"post_tipo":"article","footnotes":""},"categories":[1984],"tags":[],"tax_estado":[219967],"class_list":["post-620623","post","type-post","status-publish","format-standard","has-post-thumbnail","hentry","category-tribunais","tax_estado-ap"],"acf":[],"yoast_head":"<!-- This site is optimized with the Yoast SEO Premium plugin v27.2 (Yoast SEO v27.2) - https:\/\/yoast.com\/product\/yoast-seo-premium-wordpress\/ -->\n<title>TJ AP: Pleno vai debater a realiza\u00e7\u00e3o do concurso na quarta (2)<\/title>\n<meta name=\"description\" content=\"O Pleno Administrativo do TJ AP vai debater a realiza\u00e7\u00e3o de um novo concurso para Servidores na quarta-feira (2). Saiba mais!\" \/>\n<meta name=\"robots\" content=\"index, follow, max-snippet:-1, max-image-preview:large, max-video-preview:-1\" \/>\n<link rel=\"canonical\" href=\"https:\/\/www.estrategiaconcursos.com.br\/blog\/pleno-debate-novo-concurso-tj-ap\/\" \/>\n<meta property=\"og:locale\" content=\"pt_BR\" \/>\n<meta property=\"og:type\" content=\"article\" \/>\n<meta property=\"og:title\" content=\"TJ AP: Pleno vai debater a realiza\u00e7\u00e3o do concurso na quarta (2)\" \/>\n<meta property=\"og:description\" content=\"O Pleno Administrativo do TJ AP vai debater a realiza\u00e7\u00e3o de um novo concurso para Servidores na quarta-feira (2). Saiba mais!\" \/>\n<meta property=\"og:url\" content=\"https:\/\/www.estrategiaconcursos.com.br\/blog\/pleno-debate-novo-concurso-tj-ap\/\" \/>\n<meta property=\"og:site_name\" content=\"Estrat\u00e9gia Concursos\" \/>\n<meta property=\"article:author\" content=\"https:\/\/www.facebook.com\/igor.maciel.1420\" \/>\n<meta property=\"article:published_time\" content=\"2020-12-01T17:02:10+00:00\" \/>\n<meta property=\"article:modified_time\" content=\"2023-07-03T13:41:05+00:00\" \/>\n<meta property=\"og:image\" content=\"https:\/\/dhg1h5j42swfq.cloudfront.net\/2014\/12\/20115756\/TJAP.jpeg\" \/>\n\t<meta property=\"og:image:width\" content=\"254\" \/>\n\t<meta property=\"og:image:height\" content=\"198\" \/>\n\t<meta property=\"og:image:type\" content=\"image\/jpeg\" \/>\n<meta name=\"author\" content=\"Igor Maciel\" \/>\n<meta name=\"twitter:card\" content=\"summary_large_image\" \/>\n<meta name=\"twitter:creator\" content=\"@EstratConcursos\" \/>\n<meta name=\"twitter:site\" content=\"@EstratConcursos\" \/>\n<meta name=\"twitter:label1\" content=\"Escrito por\" \/>\n\t<meta name=\"twitter:data1\" content=\"Igor Maciel\" \/>\n\t<meta name=\"twitter:label2\" content=\"Est. tempo de leitura\" \/>\n\t<meta name=\"twitter:data2\" content=\"2 minutos\" \/>\n<script type=\"application\/ld+json\" class=\"yoast-schema-graph\">{\"@context\":\"https:\/\/schema.org\",\"@graph\":[{\"@type\":\"NewsArticle\",\"@id\":\"https:\/\/www.estrategiaconcursos.com.br\/blog\/pleno-debate-novo-concurso-tj-ap\/#article\",\"isPartOf\":{\"@id\":\"https:\/\/www.estrategiaconcursos.com.br\/blog\/pleno-debate-novo-concurso-tj-ap\/\"},\"author\":{\"name\":\"Igor Maciel\",\"@id\":\"https:\/\/www.estrategiaconcursos.com.br\/blog\/#\/schema\/person\/024d26d5efb06d95dfc04025d7301591\"},\"headline\":\"TJ AP: Pleno vai debater a realiza\u00e7\u00e3o do concurso na quarta (2)\",\"datePublished\":\"2020-12-01T17:02:10+00:00\",\"dateModified\":\"2023-07-03T13:41:05+00:00\",\"mainEntityOfPage\":{\"@id\":\"https:\/\/www.estrategiaconcursos.com.br\/blog\/pleno-debate-novo-concurso-tj-ap\/\"},\"wordCount\":317,\"commentCount\":0,\"publisher\":{\"@id\":\"https:\/\/www.estrategiaconcursos.com.br\/blog\/#organization\"},\"image\":{\"@id\":\"https:\/\/www.estrategiaconcursos.com.br\/blog\/pleno-debate-novo-concurso-tj-ap\/#primaryimage\"},\"thumbnailUrl\":\"https:\/\/dhg1h5j42swfq.cloudfront.net\/2014\/12\/20115756\/TJAP.jpeg\",\"articleSection\":[\"Tribunais\"],\"inLanguage\":\"pt-BR\",\"potentialAction\":[{\"@type\":\"CommentAction\",\"name\":\"Comment\",\"target\":[\"https:\/\/www.estrategiaconcursos.com.br\/blog\/pleno-debate-novo-concurso-tj-ap\/#respond\"]}],\"copyrightYear\":\"2020\",\"copyrightHolder\":{\"@id\":\"https:\/\/www.estrategiaconcursos.com.br\/blog\/#organization\"}},{\"@type\":\"WebPage\",\"@id\":\"https:\/\/www.estrategiaconcursos.com.br\/blog\/pleno-debate-novo-concurso-tj-ap\/\",\"url\":\"https:\/\/www.estrategiaconcursos.com.br\/blog\/pleno-debate-novo-concurso-tj-ap\/\",\"name\":\"TJ AP: Pleno vai debater a realiza\u00e7\u00e3o do concurso na quarta (2)\",\"isPartOf\":{\"@id\":\"https:\/\/www.estrategiaconcursos.com.br\/blog\/#website\"},\"primaryImageOfPage\":{\"@id\":\"https:\/\/www.estrategiaconcursos.com.br\/blog\/pleno-debate-novo-concurso-tj-ap\/#primaryimage\"},\"image\":{\"@id\":\"https:\/\/www.estrategiaconcursos.com.br\/blog\/pleno-debate-novo-concurso-tj-ap\/#primaryimage\"},\"thumbnailUrl\":\"https:\/\/dhg1h5j42swfq.cloudfront.net\/2014\/12\/20115756\/TJAP.jpeg\",\"datePublished\":\"2020-12-01T17:02:10+00:00\",\"dateModified\":\"2023-07-03T13:41:05+00:00\",\"description\":\"O Pleno Administrativo do TJ AP vai debater a realiza\u00e7\u00e3o de um novo concurso para Servidores na quarta-feira (2). Saiba mais!\",\"breadcrumb\":{\"@id\":\"https:\/\/www.estrategiaconcursos.com.br\/blog\/pleno-debate-novo-concurso-tj-ap\/#breadcrumb\"},\"inLanguage\":\"pt-BR\",\"potentialAction\":[{\"@type\":\"ReadAction\",\"target\":[\"https:\/\/www.estrategiaconcursos.com.br\/blog\/pleno-debate-novo-concurso-tj-ap\/\"]}]},{\"@type\":\"ImageObject\",\"inLanguage\":\"pt-BR\",\"@id\":\"https:\/\/www.estrategiaconcursos.com.br\/blog\/pleno-debate-novo-concurso-tj-ap\/#primaryimage\",\"url\":\"https:\/\/dhg1h5j42swfq.cloudfront.net\/2014\/12\/20115756\/TJAP.jpeg\",\"contentUrl\":\"https:\/\/dhg1h5j42swfq.cloudfront.net\/2014\/12\/20115756\/TJAP.jpeg\",\"width\":254,\"height\":198,\"caption\":\"Concurso TJAP\"},{\"@type\":\"BreadcrumbList\",\"@id\":\"https:\/\/www.estrategiaconcursos.com.br\/blog\/pleno-debate-novo-concurso-tj-ap\/#breadcrumb\",\"itemListElement\":[{\"@type\":\"ListItem\",\"position\":1,\"name\":\"In\u00edcio\",\"item\":\"https:\/\/www.estrategiaconcursos.com.br\/blog\/\"},{\"@type\":\"ListItem\",\"position\":2,\"name\":\"TJ AP: Pleno vai debater a realiza\u00e7\u00e3o do concurso na quarta (2)\"}]},{\"@type\":\"WebSite\",\"@id\":\"https:\/\/www.estrategiaconcursos.com.br\/blog\/#website\",\"url\":\"https:\/\/www.estrategiaconcursos.com.br\/blog\/\",\"name\":\"Estrat\u00e9gia Concursos\",\"description\":\"O blog da Estrat\u00e9gia Concursos traz not\u00edcias sobre concursos e artigos de professores oferecendo cursos para concursos (pdf + videaulas) no site.\",\"publisher\":{\"@id\":\"https:\/\/www.estrategiaconcursos.com.br\/blog\/#organization\"},\"potentialAction\":[{\"@type\":\"SearchAction\",\"target\":{\"@type\":\"EntryPoint\",\"urlTemplate\":\"https:\/\/www.estrategiaconcursos.com.br\/blog\/?s={search_term_string}\"},\"query-input\":{\"@type\":\"PropertyValueSpecification\",\"valueRequired\":true,\"valueName\":\"search_term_string\"}}],\"inLanguage\":\"pt-BR\"},{\"@type\":\"Organization\",\"@id\":\"https:\/\/www.estrategiaconcursos.com.br\/blog\/#organization\",\"name\":\"Estrat\u00e9gia Concursos\",\"url\":\"https:\/\/www.estrategiaconcursos.com.br\/blog\/\",\"logo\":{\"@type\":\"ImageObject\",\"inLanguage\":\"pt-BR\",\"@id\":\"https:\/\/www.estrategiaconcursos.com.br\/blog\/#\/schema\/logo\/image\/\",\"url\":\"https:\/\/dhg1h5j42swfq.cloudfront.net\/2025\/06\/03203428\/logo_concursos-1.jpg\",\"contentUrl\":\"https:\/\/dhg1h5j42swfq.cloudfront.net\/2025\/06\/03203428\/logo_concursos-1.jpg\",\"width\":230,\"height\":60,\"caption\":\"Estrat\u00e9gia Concursos\"},\"image\":{\"@id\":\"https:\/\/www.estrategiaconcursos.com.br\/blog\/#\/schema\/logo\/image\/\"},\"sameAs\":[\"https:\/\/x.com\/EstratConcursos\"]},{\"@type\":\"Person\",\"@id\":\"https:\/\/www.estrategiaconcursos.com.br\/blog\/#\/schema\/person\/024d26d5efb06d95dfc04025d7301591\",\"name\":\"Igor Maciel\",\"image\":{\"@type\":\"ImageObject\",\"inLanguage\":\"pt-BR\",\"@id\":\"https:\/\/secure.gravatar.com\/avatar\/e983a676af6facf4aebcb2989d49e3bf61b718712d5e7a4b3f355b7fe651bc2f?s=96&d=mm&r=g\",\"url\":\"https:\/\/secure.gravatar.com\/avatar\/e983a676af6facf4aebcb2989d49e3bf61b718712d5e7a4b3f355b7fe651bc2f?s=96&d=mm&r=g\",\"contentUrl\":\"https:\/\/secure.gravatar.com\/avatar\/e983a676af6facf4aebcb2989d49e3bf61b718712d5e7a4b3f355b7fe651bc2f?s=96&d=mm&r=g\",\"caption\":\"Igor Maciel\"},\"description\":\"Graduado na Universidade Federal de Pernambuco, com extens\u00e3o na Universidade de Coimbra\/Portugal. Especialista LLM em Direito Corporativo pelo IBMEC\/RJ. Mestrando em Direito e Pol\u00edticas P\u00fablicas pelo UNICEUB\/DF. Advogado com atua\u00e7\u00e3o profissional centrada no Direito Tribut\u00e1rio e no Direito Administrativo, especialmente na defesa de servidores p\u00fablicos.\",\"sameAs\":[\"http:\/\/www.imaciel.com.br\",\"https:\/\/www.facebook.com\/igor.maciel.1420\"],\"url\":\"https:\/\/www.estrategiaconcursos.com.br\/blog\/author\/contatoimaciel-com-br\/\"}]}<\/script>\n<!-- \/ Yoast SEO Premium plugin. -->","yoast_head_json":{"title":"TJ AP: Pleno vai debater a realiza\u00e7\u00e3o do concurso na quarta (2)","description":"O Pleno Administrativo do TJ AP vai debater a realiza\u00e7\u00e3o de um novo concurso para Servidores na quarta-feira (2). Saiba mais!","robots":{"index":"index","follow":"follow","max-snippet":"max-snippet:-1","max-image-preview":"max-image-preview:large","max-video-preview":"max-video-preview:-1"},"canonical":"https:\/\/www.estrategiaconcursos.com.br\/blog\/pleno-debate-novo-concurso-tj-ap\/","og_locale":"pt_BR","og_type":"article","og_title":"TJ AP: Pleno vai debater a realiza\u00e7\u00e3o do concurso na quarta (2)","og_description":"O Pleno Administrativo do TJ AP vai debater a realiza\u00e7\u00e3o de um novo concurso para Servidores na quarta-feira (2). Saiba mais!","og_url":"https:\/\/www.estrategiaconcursos.com.br\/blog\/pleno-debate-novo-concurso-tj-ap\/","og_site_name":"Estrat\u00e9gia Concursos","article_author":"https:\/\/www.facebook.com\/igor.maciel.1420","article_published_time":"2020-12-01T17:02:10+00:00","article_modified_time":"2023-07-03T13:41:05+00:00","og_image":[{"width":254,"height":198,"url":"https:\/\/dhg1h5j42swfq.cloudfront.net\/2014\/12\/20115756\/TJAP.jpeg","type":"image\/jpeg"}],"author":"Igor Maciel","twitter_card":"summary_large_image","twitter_creator":"@EstratConcursos","twitter_site":"@EstratConcursos","twitter_misc":{"Escrito por":"Igor Maciel","Est. tempo de leitura":"2 minutos"},"schema":{"@context":"https:\/\/schema.org","@graph":[{"@type":"NewsArticle","@id":"https:\/\/www.estrategiaconcursos.com.br\/blog\/pleno-debate-novo-concurso-tj-ap\/#article","isPartOf":{"@id":"https:\/\/www.estrategiaconcursos.com.br\/blog\/pleno-debate-novo-concurso-tj-ap\/"},"author":{"name":"Igor Maciel","@id":"https:\/\/www.estrategiaconcursos.com.br\/blog\/#\/schema\/person\/024d26d5efb06d95dfc04025d7301591"},"headline":"TJ AP: Pleno vai debater a realiza\u00e7\u00e3o do concurso na quarta (2)","datePublished":"2020-12-01T17:02:10+00:00","dateModified":"2023-07-03T13:41:05+00:00","mainEntityOfPage":{"@id":"https:\/\/www.estrategiaconcursos.com.br\/blog\/pleno-debate-novo-concurso-tj-ap\/"},"wordCount":317,"commentCount":0,"publisher":{"@id":"https:\/\/www.estrategiaconcursos.com.br\/blog\/#organization"},"image":{"@id":"https:\/\/www.estrategiaconcursos.com.br\/blog\/pleno-debate-novo-concurso-tj-ap\/#primaryimage"},"thumbnailUrl":"https:\/\/dhg1h5j42swfq.cloudfront.net\/2014\/12\/20115756\/TJAP.jpeg","articleSection":["Tribunais"],"inLanguage":"pt-BR","potentialAction":[{"@type":"CommentAction","name":"Comment","target":["https:\/\/www.estrategiaconcursos.com.br\/blog\/pleno-debate-novo-concurso-tj-ap\/#respond"]}],"copyrightYear":"2020","copyrightHolder":{"@id":"https:\/\/www.estrategiaconcursos.com.br\/blog\/#organization"}},{"@type":"WebPage","@id":"https:\/\/www.estrategiaconcursos.com.br\/blog\/pleno-debate-novo-concurso-tj-ap\/","url":"https:\/\/www.estrategiaconcursos.com.br\/blog\/pleno-debate-novo-concurso-tj-ap\/","name":"TJ AP: Pleno vai debater a realiza\u00e7\u00e3o do concurso na quarta (2)","isPartOf":{"@id":"https:\/\/www.estrategiaconcursos.com.br\/blog\/#website"},"primaryImageOfPage":{"@id":"https:\/\/www.estrategiaconcursos.com.br\/blog\/pleno-debate-novo-concurso-tj-ap\/#primaryimage"},"image":{"@id":"https:\/\/www.estrategiaconcursos.com.br\/blog\/pleno-debate-novo-concurso-tj-ap\/#primaryimage"},"thumbnailUrl":"https:\/\/dhg1h5j42swfq.cloudfront.net\/2014\/12\/20115756\/TJAP.jpeg","datePublished":"2020-12-01T17:02:10+00:00","dateModified":"2023-07-03T13:41:05+00:00","description":"O Pleno Administrativo do TJ AP vai debater a realiza\u00e7\u00e3o de um novo concurso para Servidores na quarta-feira (2). Saiba mais!","breadcrumb":{"@id":"https:\/\/www.estrategiaconcursos.com.br\/blog\/pleno-debate-novo-concurso-tj-ap\/#breadcrumb"},"inLanguage":"pt-BR","potentialAction":[{"@type":"ReadAction","target":["https:\/\/www.estrategiaconcursos.com.br\/blog\/pleno-debate-novo-concurso-tj-ap\/"]}]},{"@type":"ImageObject","inLanguage":"pt-BR","@id":"https:\/\/www.estrategiaconcursos.com.br\/blog\/pleno-debate-novo-concurso-tj-ap\/#primaryimage","url":"https:\/\/dhg1h5j42swfq.cloudfront.net\/2014\/12\/20115756\/TJAP.jpeg","contentUrl":"https:\/\/dhg1h5j42swfq.cloudfront.net\/2014\/12\/20115756\/TJAP.jpeg","width":254,"height":198,"caption":"Concurso TJAP"},{"@type":"BreadcrumbList","@id":"https:\/\/www.estrategiaconcursos.com.br\/blog\/pleno-debate-novo-concurso-tj-ap\/#breadcrumb","itemListElement":[{"@type":"ListItem","position":1,"name":"In\u00edcio","item":"https:\/\/www.estrategiaconcursos.com.br\/blog\/"},{"@type":"ListItem","position":2,"name":"TJ AP: Pleno vai debater a realiza\u00e7\u00e3o do concurso na quarta (2)"}]},{"@type":"WebSite","@id":"https:\/\/www.estrategiaconcursos.com.br\/blog\/#website","url":"https:\/\/www.estrategiaconcursos.com.br\/blog\/","name":"Estrat\u00e9gia Concursos","description":"O blog da Estrat\u00e9gia Concursos traz not\u00edcias sobre concursos e artigos de professores oferecendo cursos para concursos (pdf + videaulas) no site.","publisher":{"@id":"https:\/\/www.estrategiaconcursos.com.br\/blog\/#organization"},"potentialAction":[{"@type":"SearchAction","target":{"@type":"EntryPoint","urlTemplate":"https:\/\/www.estrategiaconcursos.com.br\/blog\/?s={search_term_string}"},"query-input":{"@type":"PropertyValueSpecification","valueRequired":true,"valueName":"search_term_string"}}],"inLanguage":"pt-BR"},{"@type":"Organization","@id":"https:\/\/www.estrategiaconcursos.com.br\/blog\/#organization","name":"Estrat\u00e9gia Concursos","url":"https:\/\/www.estrategiaconcursos.com.br\/blog\/","logo":{"@type":"ImageObject","inLanguage":"pt-BR","@id":"https:\/\/www.estrategiaconcursos.com.br\/blog\/#\/schema\/logo\/image\/","url":"https:\/\/dhg1h5j42swfq.cloudfront.net\/2025\/06\/03203428\/logo_concursos-1.jpg","contentUrl":"https:\/\/dhg1h5j42swfq.cloudfront.net\/2025\/06\/03203428\/logo_concursos-1.jpg","width":230,"height":60,"caption":"Estrat\u00e9gia Concursos"},"image":{"@id":"https:\/\/www.estrategiaconcursos.com.br\/blog\/#\/schema\/logo\/image\/"},"sameAs":["https:\/\/x.com\/EstratConcursos"]},{"@type":"Person","@id":"https:\/\/www.estrategiaconcursos.com.br\/blog\/#\/schema\/person\/024d26d5efb06d95dfc04025d7301591","name":"Igor Maciel","image":{"@type":"ImageObject","inLanguage":"pt-BR","@id":"https:\/\/secure.gravatar.com\/avatar\/e983a676af6facf4aebcb2989d49e3bf61b718712d5e7a4b3f355b7fe651bc2f?s=96&d=mm&r=g","url":"https:\/\/secure.gravatar.com\/avatar\/e983a676af6facf4aebcb2989d49e3bf61b718712d5e7a4b3f355b7fe651bc2f?s=96&d=mm&r=g","contentUrl":"https:\/\/secure.gravatar.com\/avatar\/e983a676af6facf4aebcb2989d49e3bf61b718712d5e7a4b3f355b7fe651bc2f?s=96&d=mm&r=g","caption":"Igor Maciel"},"description":"Graduado na Universidade Federal de Pernambuco, com extens\u00e3o na Universidade de Coimbra\/Portugal. Especialista LLM em Direito Corporativo pelo IBMEC\/RJ. Mestrando em Direito e Pol\u00edticas P\u00fablicas pelo UNICEUB\/DF. Advogado com atua\u00e7\u00e3o profissional centrada no Direito Tribut\u00e1rio e no Direito Administrativo, especialmente na defesa de servidores p\u00fablicos.","sameAs":["http:\/\/www.imaciel.com.br","https:\/\/www.facebook.com\/igor.maciel.1420"],"url":"https:\/\/www.estrategiaconcursos.com.br\/blog\/author\/contatoimaciel-com-br\/"}]}},"_links":{"self":[{"href":"https:\/\/www.estrategiaconcursos.com.br\/blog\/wp-json\/wp\/v2\/posts\/620623","targetHints":{"allow":["GET"]}}],"collection":[{"href":"https:\/\/www.estrategiaconcursos.com.br\/blog\/wp-json\/wp\/v2\/posts"}],"about":[{"href":"https:\/\/www.estrategiaconcursos.com.br\/blog\/wp-json\/wp\/v2\/types\/post"}],"author":[{"embeddable":true,"href":"https:\/\/www.estrategiaconcursos.com.br\/blog\/wp-json\/wp\/v2\/users\/317"}],"replies":[{"embeddable":true,"href":"https:\/\/www.estrategiaconcursos.com.br\/blog\/wp-json\/wp\/v2\/comments?post=620623"}],"version-history":[{"count":10,"href":"https:\/\/www.estrategiaconcursos.com.br\/blog\/wp-json\/wp\/v2\/posts\/620623\/revisions"}],"predecessor-version":[{"id":1242286,"href":"https:\/\/www.estrategiaconcursos.com.br\/blog\/wp-json\/wp\/v2\/posts\/620623\/revisions\/1242286"}],"wp:featuredmedia":[{"embeddable":true,"href":"https:\/\/www.estrategiaconcursos.com.br\/blog\/wp-json\/wp\/v2\/media\/71323"}],"wp:attachment":[{"href":"https:\/\/www.estrategiaconcursos.com.br\/blog\/wp-json\/wp\/v2\/media?parent=620623"}],"wp:term":[{"taxonomy":"category","embeddable":true,"href":"https:\/\/www.estrategiaconcursos.com.br\/blog\/wp-json\/wp\/v2\/categories?post=620623"},{"taxonomy":"post_tag","embeddable":true,"href":"https:\/\/www.estrategiaconcursos.com.br\/blog\/wp-json\/wp\/v2\/tags?post=620623"},{"taxonomy":"tax_estado","embeddable":true,"href":"https:\/\/www.estrategiaconcursos.com.br\/blog\/wp-json\/wp\/v2\/tax_estado?post=620623"}],"curies":[{"name":"wp","href":"https:\/\/api.w.org\/{rel}","templated":true}]}}