{"id":620454,"date":"2020-12-10T16:21:00","date_gmt":"2020-12-10T19:21:00","guid":{"rendered":"https:\/\/www.estrategiaconcursos.com.br\/blog\/?p=620454"},"modified":"2023-06-30T09:20:38","modified_gmt":"2023-06-30T12:20:38","slug":"oracoes-subordinadas-adverbiais-e-adjetivas-aprenda-de-vez","status":"publish","type":"post","link":"https:\/\/www.estrategiaconcursos.com.br\/blog\/oracoes-subordinadas-adverbiais-e-adjetivas-aprenda-de-vez\/","title":{"rendered":"Ora\u00e7\u00f5es Subordinadas Adverbiais e Adjetivas &#8211; aprenda de vez!"},"content":{"rendered":"\n<p><em>Aprenda sobre as Ora\u00e7\u00f5es Subordinadas Adjetivas e Adverbiais,&nbsp;<a rel=\"noreferrer noopener\" href=\"https:\/\/www.estrategiaconcursos.com.br\/blog\/como-estudar-portugues-para-concursos-veja-dicas-concretas-de-estudo\/\" target=\"_blank\">domine a disciplina de Portugu\u00eas<\/a>&nbsp;e, assim,&nbsp;conquiste sua&nbsp;sonhada&nbsp;aprova\u00e7\u00e3o!<\/em><\/p>\n\n\n\n<figure class=\"wp-block-image size-large is-resized\"><img loading=\"lazy\" decoding=\"async\" src=\"https:\/\/dhg1h5j42swfq.cloudfront.net\/2020\/12\/01113845\/portugues.png\" alt=\"Ora\u00e7\u00f5es Subordinadas Adverbiais e Adjetivas\" class=\"wp-image-620455\" width=\"744\" height=\"424\"\/><figcaption class=\"wp-element-caption\">Semana Especial de Portugu\u00eas<\/figcaption><\/figure>\n\n\n\n<p>Nesse ano, ocorreu um evento \u00fanico no Estrat\u00e9gia Concursos: a&nbsp;<strong>Semana Especial de Portugu\u00eas,&nbsp;<\/strong>transmitida diretamente do canal do Estrat\u00e9gia no Youtube.<\/p>\n\n\n\n<p>Durante o evento, que aconteceu entre os dias 17\/08 e 21\/08, os professores Adriana Figueiredo, Felipe Luccas, Jana\u00edna Arruda e Suellen Borges&nbsp;<strong>transmitiram diversas aulas da disciplina de Portugu\u00eas<\/strong>, a fim de levar os alunos \u201cdo zero ao topo\u201d, na prepara\u00e7\u00e3o para concursos p\u00fablicos.<\/p>\n\n\n\n<p>Neste artigo, traremos um resumo da transmiss\u00e3o feita pela professora Adriana Figueiredo sobre&nbsp;<strong><a href=\"https:\/\/youtu.be\/sk91PyQYN3w\" target=\"_blank\" rel=\"noreferrer noopener\">Ora\u00e7\u00f5es Subordinadas Adjetivas e Adverbiais<\/a><\/strong>. Al\u00e9m disso, deixaremos abaixo o v\u00eddeo integral da aula para voc\u00ea assistir.<\/p>\n\n\n\n<p>Antes de tudo, saiba que <strong>o presente artigo \u00e9 o seguimento de uma s\u00e9rie de artigos<\/strong> que temos apresentado, com os resumos das transmiss\u00f5es realizadas na<strong> Semana Especial de Portugu\u00eas. <\/strong><\/p>\n\n\n\n<p>Nesse sentido, cabe dizer que <strong>o \u00faltimo resumo tratou das Ora\u00e7\u00f5es Subordinadas Substantivas<\/strong>. Assim, se voc\u00ea n\u00e3o assistiu \u00e0 respectiva aula, pode conferir o <a href=\"https:\/\/www.estrategiaconcursos.com.br\/blog\/oracoes-subordinadas-portugues-para-concursos\/\">resumo da transmiss\u00e3o<\/a>, recentemente publicado. <\/p>\n\n\n\n<p>Por fim, se voc\u00ea tamb\u00e9m tem interesse em compreender os temas \u201c<a rel=\"noreferrer noopener\" href=\"https:\/\/www.estrategiaconcursos.com.br\/blog\/classes-gramaticais-portugues-para-concursos-publicos\/\" target=\"_blank\">Classes de Palavras<\/a>\u201c, \u201c<a rel=\"noreferrer noopener\" href=\"https:\/\/www.estrategiaconcursos.com.br\/blog\/funcao-sintatica-portugues-para-concursos\/\" target=\"_blank\">Fun\u00e7\u00e3o Sint\u00e1tica<\/a>\u201d e \u201c<a rel=\"noreferrer noopener\" href=\"https:\/\/www.estrategiaconcursos.com.br\/blog\/oracoes-coordenadas-portugues-para-concursos\/\" target=\"_blank\">Ora\u00e7\u00f5es Coordenadas<\/a>\u201c, n\u00e3o deixe de ler os respectivos artigos tamb\u00e9m.<\/p>\n\n\n\n<h2 class=\"wp-block-heading\" id=\"h-oracoes-subordinadas\">Ora\u00e7\u00f5es Subordinadas<\/h2>\n\n\n\n<p>Inicialmente, vale relembrar que&nbsp;as<strong>&nbsp;ora\u00e7\u00f5es subordinadas s\u00e3o aquelas que exercem fun\u00e7\u00e3o sint\u00e1tica em rela\u00e7\u00e3o \u00e0 ora\u00e7\u00e3o principal.<\/strong> Al\u00e9m disso, \u00e9 importante que voc\u00ea saiba que elas podem ser classificadas em <strong>Substantivas, Adjetivas e Adversativas<\/strong>.<\/p>\n\n\n\n<p>Nesse sentido, conforme j\u00e1 pontuado, nesse artigo daremos \u00eanfase \u00e0s demais classifica\u00e7\u00f5es de ora\u00e7\u00f5es subordinadas: abordaremos as ora\u00e7\u00f5es subordinadas&nbsp;<strong>adjetivas e adverbiais<\/strong>, explicadas de forma detalhada pela professora ao longo da transmiss\u00e3o.<\/p>\n\n\n\n<h3 class=\"wp-block-heading\" id=\"h-oracoes-subordinadas-adjetivas\">Ora\u00e7\u00f5es subordinadas adjetivas<\/h3>\n\n\n\n<p>As ora\u00e7\u00f5es subordinadas adjetivas t\u00eam valor de adjetivo em rela\u00e7\u00e3o ao substantivo ou ao pronome da ora\u00e7\u00e3o antecedente, funcionando como adjunto adnominal.<\/p>\n\n\n\n<p>Nesse sentido, por serem ora\u00e7\u00f5es <em>subordinadas<\/em>, elas sempre ter\u00e3o fun\u00e7\u00e3o sint\u00e1tica em rela\u00e7\u00e3o \u00e0 ora\u00e7\u00e3o principal, e essa <strong>fun\u00e7\u00e3o sint\u00e1tica sempre ser\u00e1 de adjunto adnominal<\/strong>. Por outro lado, semanticamente, essas ora\u00e7\u00f5es podem ser <strong>restritivas <\/strong>ou <strong>explicativas<\/strong>.<\/p>\n\n\n\n<h4 class=\"wp-block-heading\" id=\"h-oracoes-subordinadas-adjetivas-restritivas\">Ora\u00e7\u00f5es subordinadas adjetivas restritivas<\/h4>\n\n\n\n<p>As ora\u00e7\u00f5es subordinadas adjetivas restritivas sempre restringem \/ particularizam o antecedente.<\/p>\n\n\n\n<p>Exemplo: &#8220;O homem \/ que trabalha \/ perde tempo precioso&#8221;. Note que n\u00e3o \u00e9 qualquer homem que perde tempo precioso, segundo essa ora\u00e7\u00e3o: \u00e9 o homem que trabalha. Ou seja, <strong>a ora\u00e7\u00e3o subordinada adjetiva restritiva restringe um elemento dentro de um grupo maior<\/strong>.<\/p>\n\n\n\n<h4 class=\"wp-block-heading\" id=\"h-oracoes-subordinadas-adjetivas-explicativas\">Ora\u00e7\u00f5es subordinadas adjetivas explicativas<\/h4>\n\n\n\n<p>Por outro lado, <strong>as ora\u00e7\u00f5es subordinadas adjetivas explicativas emprestam ao antecedente um sentido geral, universal<\/strong>. Assim, elas isolam-se do antecedente por v\u00edrgula, ou, se vierem intercaladas, por v\u00edrgulas.<\/p>\n\n\n\n<p>Exemplo: &#8220;Fernanda \/ , que \u00e9 \u00f3tima aluna, \/ obedece aos pais.&#8221;<\/p>\n\n\n\n<h3 class=\"wp-block-heading\" id=\"h-diferenciacoes-importantes\">Diferencia\u00e7\u00f5es importantes<\/h3>\n\n\n\n<p>De acordo com a professora Adriana Figueiredo, \u00e9 necess\u00e1rio que o aluno saiba diferenciar 3 pontos importantes relacionados \u00e0s ora\u00e7\u00f5es subordinadas adjetivas:<\/p>\n\n\n\n<ul class=\"wp-block-list\">\n<li><strong>Morfologia<\/strong>: refere-se \u00e0s <strong>classes de palavras<\/strong>. Se quiser saber mais sobre morfologia, confira o <a href=\"https:\/\/www.estrategiaconcursos.com.br\/blog\/classes-gramaticais-portugues-para-concursos-publicos\/\">resumo sobre o assunto<\/a> que publicamos no m\u00eas de agosto. Nesse momento, saiba que, <strong>morfologicamente, tanto a ora\u00e7\u00e3o subordinada adjetiva restritiva quanto a explicativa valem como um adjetivo<\/strong>. Ou seja: s\u00e3o adjetivos sob forma de ora\u00e7\u00e3o. Por conta disso, elas sempre v\u00eam acompanhadas de um substantivo.<\/li>\n<\/ul>\n\n\n\n<ul class=\"wp-block-list\">\n<li><strong>Sem\u00e2ntica<\/strong>: a <strong>sem\u00e2ntica refere-se ao sentido<\/strong>. Assim, \u00e9 certo dizer que as ora\u00e7\u00f5es restritivas distinguem-se das ora\u00e7\u00f5es explicativas em rela\u00e7\u00e3o \u00e0 sem\u00e2ntica, j\u00e1 que <strong>ambas possuem, pela presen\u00e7a ou aus\u00eancia de v\u00edrgulas, sentidos diversos.<\/strong> <\/li>\n<\/ul>\n\n\n\n<ul class=\"wp-block-list\">\n<li><strong>Sintaxe<\/strong>: refere-se \u00e0<strong> fun\u00e7\u00e3o sint\u00e1tica<\/strong>. Conforme j\u00e1 exposto, <strong>tanto a ora\u00e7\u00e3o restritiva quanto a ora\u00e7\u00e3o explicativa s\u00e3o adjuntos adnominais.<\/strong><\/li>\n<\/ul>\n\n\n\n<p><strong>Dica<\/strong>: n\u00e3o confunda a ora\u00e7\u00e3o subordinada explicativa (que possui fun\u00e7\u00e3o sint\u00e1tica de adjunto adnominal) com a ora\u00e7\u00e3o subordinada substantiva apositiva (que possui fun\u00e7\u00e3o sint\u00e1tica de aposto). Sintaticamente, elas s\u00e3o diferentes, embora semanticamente sejam parecidas, j\u00e1 que ambas correspondem a uma explica\u00e7\u00e3o. Por\u00e9m, as diferen\u00e7as s\u00e3o morfol\u00f3gicas e sint\u00e1ticas. Perceba os exemplos a seguir:<\/p>\n\n\n\n<ul class=\"wp-block-list\">\n<li>&#8220;A verdade, que voc\u00ea esconde, ser\u00e1 revelada.&#8221; \u2192 o &#8220;que&#8221; presente nessa ora\u00e7\u00e3o \u00e9 um pronome relativo (notem que \u00e9 poss\u00edvel troc\u00e1-lo por &#8220;a qual&#8221;). Assim, essa ora\u00e7\u00e3o \u00e9 subordinada adjetiva explicativa.<\/li>\n<\/ul>\n\n\n\n<ul class=\"wp-block-list\">\n<li>&#8220;S\u00f3 sei uma verdade, que serei aprovada.&#8221; \u2192 o &#8220;que&#8221;, nessa ora\u00e7\u00e3o, \u00e9, morfologicamente, um substantivo. Nesse sentido, perceba que a ora\u00e7\u00e3o pode ser substitu\u00edda por &#8220;isto&#8221;. <\/li>\n<\/ul>\n\n\n\n<p>Assim, note que a ora\u00e7\u00e3o subordinada adjetiva inicia com um pronome relativo, sendo que isso n\u00e3o ocorre com a ora\u00e7\u00e3o subordinada apositiva. Resta evidente, portanto, a import\u00e2ncia de o aluno saber classificar o &#8220;que&#8221; em cada ora\u00e7\u00e3o.<\/p>\n\n\n\n<h3 class=\"wp-block-heading\" id=\"h-regras-para-identificar-a-funcao-sintatica-do-que\">Regras para identificar a fun\u00e7\u00e3o sint\u00e1tica do &#8220;que&#8221;<\/h3>\n\n\n\n<ol class=\"wp-block-list\">\n<li><strong>Isolar a ora\u00e7\u00e3o adjetiva e destacar o pronome relativo.<\/strong><\/li>\n\n\n\n<li><strong>Substituir o pronome relativo por seu antecedente da ora\u00e7\u00e3o principal.<\/strong><\/li>\n\n\n\n<li><strong>Colocar a ora\u00e7\u00e3o adjetiva na ordem direta.<\/strong><\/li>\n<\/ol>\n\n\n\n<p>Exemplo: &#8220;As pessoas \/ que a gente ama  \/ deviam morrer com todas as suas coisas.&#8221;<\/p>\n\n\n\n<p>Realizando os passos acima indicados, percebe-se que, na ordem direta, a ora\u00e7\u00e3o adjetiva fica assim: &#8220;A gente ama pessoas&#8221;. Logo, considerando que &#8220;pessoas&#8221; tem fun\u00e7\u00e3o de objeto direto, podemos dizer que o &#8220;que&#8221;, nessa ora\u00e7\u00e3o, tem fun\u00e7\u00e3o sint\u00e1tica de objeto direto.<\/p>\n\n\n\n<h3 class=\"wp-block-heading\" id=\"h-oracoes-subordinadas-adverbiais\">Ora\u00e7\u00f5es subordinadas adverbiais<\/h3>\n\n\n\n<p>As ora\u00e7\u00f5es subordinadas adverbiais <strong>exercem fun\u00e7\u00e3o de adjunto adverbial.<\/strong> Elas podem aparecer sob forma desenvolvida (iniciadas por conjun\u00e7\u00f5es subordinadas adverbiais) ou reduzida (de infinitivo, de ger\u00fandio ou de partic\u00edpio). Veremos, agora, as classifica\u00e7\u00f5es das ora\u00e7\u00f5es subordinadas adverbiais.<\/p>\n\n\n\n<h4 class=\"wp-block-heading\" id=\"h-a-oracoes-subordinadas-adverbiais-causais\">a) Ora\u00e7\u00f5es subordinadas adverbiais causais<\/h4>\n\n\n\n<p>Possuem a presen\u00e7a de conjun\u00e7\u00f5es como: <strong>como, porque, uma vez que, j\u00e1 que, visto como<\/strong>&#8230;<\/p>\n\n\n\n<p>Exemplo: &#8220;<strong>Como os recursos naturais da Terra n\u00e3o s\u00e3o inesgot\u00e1veis<\/strong>, \/ devem ser conservados.&#8221; <\/p>\n\n\n\n<h4 class=\"wp-block-heading\" id=\"h-b-oracoes-subordinadas-adverbiais-concessivas\">b) Ora\u00e7\u00f5es subordinadas adverbiais concessivas<\/h4>\n\n\n\n<p>Possuem a presen\u00e7a de conjun\u00e7\u00f5es como: <strong>embora, conquanto, posto que, apesar de que, ainda que<\/strong>&#8230;<\/p>\n\n\n\n<p>Exemplo: \u201c<strong>Embora a viol\u00eancia urbana acometa indiv\u00edduos vulner\u00e1veis em todas as classes sociais<\/strong>, \/ \u00e9 nos bairros pobres que ela se torna epid\u00eamica.\u201d<\/p>\n\n\n\n<h4 class=\"wp-block-heading\" id=\"h-c-oracoes-subordinadas-adverbiais-condicionais\">c) Ora\u00e7\u00f5es subordinadas adverbiais condicionais<\/h4>\n\n\n\n<p>Possuem a presen\u00e7a de conjun\u00e7\u00f5es como: <strong>se, caso, sem que, uma vez que, desde que, contanto que<\/strong>&#8230;<\/p>\n\n\n\n<p>Exemplo: &#8220;<strong>Caso o deputado seja cassado<\/strong>, \/ ele tem de renunciar antes da abertura do processo.&#8221;<\/p>\n\n\n\n<h4 class=\"wp-block-heading\" id=\"h-d-oracoes-subordinadas-adverbiais-conformativas\">d) Ora\u00e7\u00f5es subordinadas adverbiais conformativas<\/h4>\n\n\n\n<p>Possuem a presen\u00e7a de conjun\u00e7\u00f5es como: <strong>como, conforme, segundo, consoante<\/strong>&#8230;<\/p>\n\n\n\n<p>Exemplo: &#8220;<strong>Como era previsto<\/strong>, \/ chegou em primeiro lugar.&#8221;<\/p>\n\n\n\n<h4 class=\"wp-block-heading\" id=\"h-e-oracoes-subordinadas-adverbiais-comparativas\">e) Ora\u00e7\u00f5es subordinadas adverbiais comparativas<\/h4>\n\n\n\n<p>Possuem a presen\u00e7a de conjun\u00e7\u00f5es como: <strong>como, mais (do) que, assim como&#8230;<\/strong><\/p>\n\n\n\n<p>Exemplo: &#8220;Era inteligente \/ como o pai.&#8221;<\/p>\n\n\n\n<p><strong>OBS<\/strong>: deve-se ter cuidado ao contar o n\u00famero de ora\u00e7\u00f5es neste caso, j\u00e1 que, geralmente, ele corresponde ao n\u00famero de verbos presentes no per\u00edodo. Ocorre que, nas ora\u00e7\u00f5es comparativas, o verbo geralmente permanece oculto, impl\u00edcito, por ser o mesmo verbo da ora\u00e7\u00e3o principal.<\/p>\n\n\n\n<h4 class=\"wp-block-heading\" id=\"h-f-oracoes-subordinadas-adverbiais-consecutivas\">f) Ora\u00e7\u00f5es subordinadas adverbiais consecutivas<\/h4>\n\n\n\n<p>Possuem a presen\u00e7a de conjun\u00e7\u00f5es como: <strong>que, de sorte que, de modo que<\/strong>&#8230;<\/p>\n\n\n\n<p>Exemplo: &#8220;A comida era t\u00e3o boa \/ <strong>que todos silenciaram em volta da mesa<\/strong>.&#8221;<\/p>\n\n\n\n<h4 class=\"wp-block-heading\" id=\"h-g-oracoes-subordinadas-adverbiais-finais\">g) Ora\u00e7\u00f5es subordinadas adverbiais finais<\/h4>\n\n\n\n<p>Possuem a presen\u00e7a de conjun\u00e7\u00f5es como: <strong>que, porque, para que, a fim de que<\/strong>&#8230;<\/p>\n\n\n\n<p>Exemplo: &#8220;Faremos esfor\u00e7o, \/ <strong>para que haja conflitos<\/strong>.&#8221;<\/p>\n\n\n\n<h4 class=\"wp-block-heading\" id=\"h-h-oracoes-subordinadas-adverbiais-proporcionais\">h) Ora\u00e7\u00f5es subordinadas adverbiais proporcionais<\/h4>\n\n\n\n<p>Possuem a presen\u00e7a de conjun\u00e7\u00f5es como: <strong>\u00e0 medida que, \u00e0 propor\u00e7\u00e3o que, ao passo que<\/strong>&#8230;<\/p>\n\n\n\n<p>Exemplo: &#8220;<strong>\u00c0 propor\u00e7\u00e3o que o homem exterior se destr\u00f3i<\/strong>, \/ o homem interior se renova.\u201d (Montaigne)<\/p>\n\n\n\n<h4 class=\"wp-block-heading\" id=\"h-i-oracoes-subordinadas-adverbiais-temporais\">i) Ora\u00e7\u00f5es subordinadas adverbiais temporais<\/h4>\n\n\n\n<p>Possuem a presen\u00e7a de conjun\u00e7\u00f5es como: <strong>mal, enquanto, antes que, depois que, desde que<\/strong>&#8230;<\/p>\n\n\n\n<p>Exemplo: &#8220;<strong>Enquanto ela se arrumava<\/strong>, \/ eu passava os olhos nos classificados do jornal.&#8221;<\/p>\n\n\n\n<p>Bom, com isso, encerramos o resumo sobre as Ora\u00e7\u00f5es Subordinadas Adverbiais e Adjetivas. <\/p>\n\n\n\n<p>N\u00e3o deixe de conferir, tamb\u00e9m, nosso artigo sobre as <a href=\"https:\/\/www.estrategiaconcursos.com.br\/blog\/oracoes-coordenadas-portugues-para-concursos\/\">Ora\u00e7\u00f5es Coordenadas<\/a>.<\/p>\n\n\n\n<p>Bons estudos!<\/p>\n\n\n\n<p>Nath\u00e1lia Reyes<\/p>\n\n\n\n<p>Confira&nbsp;<a href=\"https:\/\/www.youtube.com\/watch?v=AlE9ZdKuAhg\">minha trajet\u00f3ria de estudos<\/a>.&nbsp;<\/p>\n\n\n\n<h2 class=\"wp-block-heading\" id=\"h-quer-aprender-mais-sobre-portugues-para-concursos-publicos\">Quer aprender mais sobre Portugu\u00eas para concursos p\u00fablicos?<\/h2>\n\n\n\n<p><em>Prepare-se com o melhor material e com quem mais aprova em&nbsp;Concursos P\u00fablicos de todo o pa\u00eds. Assim, assine agora a nossa Assinatura Anual e tenha acesso ilimitado a todos os nossos cursos.<\/em><\/p>\n\n\n\n<p class=\"has-text-align-center\"><em><strong>Assinatura Anual Ilimitada<\/strong><\/em><\/p>\n\n\n\n<p class=\"has-text-align-center has-black-color has-vivid-cyan-blue-background-color has-text-color has-background\"><strong>ASSINE AGORA<\/strong>&nbsp;\u2013&nbsp;<a rel=\"noreferrer noopener\" href=\"https:\/\/www.estrategiaconcursos.com.br\/assinaturas\" target=\"_blank\"><strong>Assinatura Ilimitada<\/strong><\/a><\/p>\n\n\n\n<p class=\"has-text-align-center\"><em><strong>Fique por dentro de todos os concursos<\/strong><\/em>:<\/p>\n\n\n\n<p class=\"has-text-align-center has-pale-cyan-blue-background-color has-background\"><a href=\"https:\/\/www.estrategiaconcursos.com.br\/blog\/concursos-abertos\/\" target=\"_blank\" rel=\"noreferrer noopener\"><strong>Concursos abertos<\/strong><\/a><\/p>\n","protected":false},"excerpt":{"rendered":"<p>Aprenda sobre as Ora\u00e7\u00f5es Subordinadas Adjetivas e Adverbiais,&nbsp;domine a disciplina de Portugu\u00eas&nbsp;e, assim,&nbsp;conquiste sua&nbsp;sonhada&nbsp;aprova\u00e7\u00e3o! Nesse ano, ocorreu um evento \u00fanico no Estrat\u00e9gia Concursos: a&nbsp;Semana Especial de Portugu\u00eas,&nbsp;transmitida diretamente do canal do Estrat\u00e9gia no Youtube. Durante o evento, que aconteceu entre os dias 17\/08 e 21\/08, os professores Adriana Figueiredo, Felipe Luccas, Jana\u00edna Arruda e Suellen [&hellip;]<\/p>\n","protected":false},"author":1525,"featured_media":620773,"comment_status":"open","ping_status":"closed","sticky":false,"template":"","format":"standard","meta":{"post_tipo":"article","footnotes":""},"categories":[1],"tags":[],"tax_estado":[219964,219965,219966,219967,219968,219969,219963,219970,219971,219972,219973,219974,219975,219976,219977,219978,219979,219980,219981,219982,219983,219984,219985,219986,219987,219988,219989,219990],"class_list":["post-620454","post","type-post","status-publish","format-standard","has-post-thumbnail","hentry","category-cursos-e-concursos","tax_estado-ac","tax_estado-al","tax_estado-am","tax_estado-ap","tax_estado-ba","tax_estado-ce","tax_estado-concursos-federais","tax_estado-df","tax_estado-es","tax_estado-go","tax_estado-ma","tax_estado-mg","tax_estado-ms","tax_estado-mt","tax_estado-pa","tax_estado-pb","tax_estado-pe","tax_estado-pi","tax_estado-pr","tax_estado-rj","tax_estado-rn","tax_estado-ro","tax_estado-rr","tax_estado-rs","tax_estado-sc","tax_estado-se","tax_estado-sp","tax_estado-to"],"acf":[],"yoast_head":"<!-- This site is optimized with the Yoast SEO Premium plugin v27.2 (Yoast SEO v27.2) - https:\/\/yoast.com\/product\/yoast-seo-premium-wordpress\/ -->\n<title>Ora\u00e7\u00f5es Subordinadas Adverbiais e Adjetivas - aprenda de vez!<\/title>\n<meta name=\"description\" content=\"Aprenda sobre as Ora\u00e7\u00f5es Subordinadas Adjetivas e Adverbiais, domine a disciplina de Portugu\u00eas e, assim, conquiste sua sonhada aprova\u00e7\u00e3o!\" \/>\n<meta name=\"robots\" content=\"index, follow, max-snippet:-1, max-image-preview:large, max-video-preview:-1\" \/>\n<link rel=\"canonical\" href=\"https:\/\/www.estrategiaconcursos.com.br\/blog\/oracoes-subordinadas-adverbiais-e-adjetivas-aprenda-de-vez\/\" \/>\n<meta property=\"og:locale\" content=\"pt_BR\" \/>\n<meta property=\"og:type\" content=\"article\" \/>\n<meta property=\"og:title\" content=\"Ora\u00e7\u00f5es Subordinadas Adverbiais e Adjetivas - aprenda de vez!\" \/>\n<meta property=\"og:description\" content=\"Aprenda sobre as Ora\u00e7\u00f5es Subordinadas Adjetivas e Adverbiais, domine a disciplina de Portugu\u00eas e, assim, conquiste sua sonhada aprova\u00e7\u00e3o!\" \/>\n<meta property=\"og:url\" content=\"https:\/\/www.estrategiaconcursos.com.br\/blog\/oracoes-subordinadas-adverbiais-e-adjetivas-aprenda-de-vez\/\" \/>\n<meta property=\"og:site_name\" content=\"Estrat\u00e9gia Concursos\" \/>\n<meta property=\"article:published_time\" content=\"2020-12-10T19:21:00+00:00\" \/>\n<meta property=\"article:modified_time\" content=\"2023-06-30T12:20:38+00:00\" \/>\n<meta property=\"og:image\" content=\"https:\/\/dhg1h5j42swfq.cloudfront.net\/2020\/12\/01151902\/portugues-1.png\" \/>\n\t<meta property=\"og:image:width\" content=\"514\" \/>\n\t<meta property=\"og:image:height\" content=\"290\" \/>\n\t<meta property=\"og:image:type\" content=\"image\/png\" \/>\n<meta name=\"author\" content=\"Nath\u00e1lia Reyes\" \/>\n<meta name=\"twitter:card\" content=\"summary_large_image\" \/>\n<meta name=\"twitter:creator\" content=\"@EstratConcursos\" \/>\n<meta name=\"twitter:site\" content=\"@EstratConcursos\" \/>\n<meta name=\"twitter:label1\" content=\"Escrito por\" \/>\n\t<meta name=\"twitter:data1\" content=\"Nath\u00e1lia Reyes\" \/>\n\t<meta name=\"twitter:label2\" content=\"Est. tempo de leitura\" \/>\n\t<meta name=\"twitter:data2\" content=\"7 minutos\" \/>\n<script type=\"application\/ld+json\" class=\"yoast-schema-graph\">{\"@context\":\"https:\/\/schema.org\",\"@graph\":[{\"@type\":\"NewsArticle\",\"@id\":\"https:\/\/www.estrategiaconcursos.com.br\/blog\/oracoes-subordinadas-adverbiais-e-adjetivas-aprenda-de-vez\/#article\",\"isPartOf\":{\"@id\":\"https:\/\/www.estrategiaconcursos.com.br\/blog\/oracoes-subordinadas-adverbiais-e-adjetivas-aprenda-de-vez\/\"},\"author\":{\"name\":\"Nath\u00e1lia Reyes\",\"@id\":\"https:\/\/www.estrategiaconcursos.com.br\/blog\/#\/schema\/person\/dd227149ef19e5362020d2b915fab563\"},\"headline\":\"Ora\u00e7\u00f5es Subordinadas Adverbiais e Adjetivas &#8211; aprenda de vez!\",\"datePublished\":\"2020-12-10T19:21:00+00:00\",\"dateModified\":\"2023-06-30T12:20:38+00:00\",\"mainEntityOfPage\":{\"@id\":\"https:\/\/www.estrategiaconcursos.com.br\/blog\/oracoes-subordinadas-adverbiais-e-adjetivas-aprenda-de-vez\/\"},\"wordCount\":1447,\"commentCount\":0,\"publisher\":{\"@id\":\"https:\/\/www.estrategiaconcursos.com.br\/blog\/#organization\"},\"image\":{\"@id\":\"https:\/\/www.estrategiaconcursos.com.br\/blog\/oracoes-subordinadas-adverbiais-e-adjetivas-aprenda-de-vez\/#primaryimage\"},\"thumbnailUrl\":\"https:\/\/dhg1h5j42swfq.cloudfront.net\/2020\/12\/01151902\/portugues-1.png\",\"articleSection\":[\"Concursos P\u00fablicos\"],\"inLanguage\":\"pt-BR\",\"potentialAction\":[{\"@type\":\"CommentAction\",\"name\":\"Comment\",\"target\":[\"https:\/\/www.estrategiaconcursos.com.br\/blog\/oracoes-subordinadas-adverbiais-e-adjetivas-aprenda-de-vez\/#respond\"]}],\"copyrightYear\":\"2020\",\"copyrightHolder\":{\"@id\":\"https:\/\/www.estrategiaconcursos.com.br\/blog\/#organization\"}},{\"@type\":\"WebPage\",\"@id\":\"https:\/\/www.estrategiaconcursos.com.br\/blog\/oracoes-subordinadas-adverbiais-e-adjetivas-aprenda-de-vez\/\",\"url\":\"https:\/\/www.estrategiaconcursos.com.br\/blog\/oracoes-subordinadas-adverbiais-e-adjetivas-aprenda-de-vez\/\",\"name\":\"Ora\u00e7\u00f5es Subordinadas Adverbiais e Adjetivas - aprenda de vez!\",\"isPartOf\":{\"@id\":\"https:\/\/www.estrategiaconcursos.com.br\/blog\/#website\"},\"primaryImageOfPage\":{\"@id\":\"https:\/\/www.estrategiaconcursos.com.br\/blog\/oracoes-subordinadas-adverbiais-e-adjetivas-aprenda-de-vez\/#primaryimage\"},\"image\":{\"@id\":\"https:\/\/www.estrategiaconcursos.com.br\/blog\/oracoes-subordinadas-adverbiais-e-adjetivas-aprenda-de-vez\/#primaryimage\"},\"thumbnailUrl\":\"https:\/\/dhg1h5j42swfq.cloudfront.net\/2020\/12\/01151902\/portugues-1.png\",\"datePublished\":\"2020-12-10T19:21:00+00:00\",\"dateModified\":\"2023-06-30T12:20:38+00:00\",\"description\":\"Aprenda sobre as Ora\u00e7\u00f5es Subordinadas Adjetivas e Adverbiais, domine a disciplina de Portugu\u00eas e, assim, conquiste sua sonhada aprova\u00e7\u00e3o!\",\"breadcrumb\":{\"@id\":\"https:\/\/www.estrategiaconcursos.com.br\/blog\/oracoes-subordinadas-adverbiais-e-adjetivas-aprenda-de-vez\/#breadcrumb\"},\"inLanguage\":\"pt-BR\",\"potentialAction\":[{\"@type\":\"ReadAction\",\"target\":[\"https:\/\/www.estrategiaconcursos.com.br\/blog\/oracoes-subordinadas-adverbiais-e-adjetivas-aprenda-de-vez\/\"]}]},{\"@type\":\"ImageObject\",\"inLanguage\":\"pt-BR\",\"@id\":\"https:\/\/www.estrategiaconcursos.com.br\/blog\/oracoes-subordinadas-adverbiais-e-adjetivas-aprenda-de-vez\/#primaryimage\",\"url\":\"https:\/\/dhg1h5j42swfq.cloudfront.net\/2020\/12\/01151902\/portugues-1.png\",\"contentUrl\":\"https:\/\/dhg1h5j42swfq.cloudfront.net\/2020\/12\/01151902\/portugues-1.png\",\"width\":514,\"height\":290,\"caption\":\"ora\u00e7\u00f5es subordinadas adverbiais e adjetivas\"},{\"@type\":\"BreadcrumbList\",\"@id\":\"https:\/\/www.estrategiaconcursos.com.br\/blog\/oracoes-subordinadas-adverbiais-e-adjetivas-aprenda-de-vez\/#breadcrumb\",\"itemListElement\":[{\"@type\":\"ListItem\",\"position\":1,\"name\":\"In\u00edcio\",\"item\":\"https:\/\/www.estrategiaconcursos.com.br\/blog\/\"},{\"@type\":\"ListItem\",\"position\":2,\"name\":\"Ora\u00e7\u00f5es Subordinadas Adverbiais e Adjetivas &#8211; aprenda de vez!\"}]},{\"@type\":\"WebSite\",\"@id\":\"https:\/\/www.estrategiaconcursos.com.br\/blog\/#website\",\"url\":\"https:\/\/www.estrategiaconcursos.com.br\/blog\/\",\"name\":\"Estrat\u00e9gia Concursos\",\"description\":\"O blog da Estrat\u00e9gia Concursos traz not\u00edcias sobre concursos e artigos de professores oferecendo cursos para concursos (pdf + videaulas) no site.\",\"publisher\":{\"@id\":\"https:\/\/www.estrategiaconcursos.com.br\/blog\/#organization\"},\"potentialAction\":[{\"@type\":\"SearchAction\",\"target\":{\"@type\":\"EntryPoint\",\"urlTemplate\":\"https:\/\/www.estrategiaconcursos.com.br\/blog\/?s={search_term_string}\"},\"query-input\":{\"@type\":\"PropertyValueSpecification\",\"valueRequired\":true,\"valueName\":\"search_term_string\"}}],\"inLanguage\":\"pt-BR\"},{\"@type\":\"Organization\",\"@id\":\"https:\/\/www.estrategiaconcursos.com.br\/blog\/#organization\",\"name\":\"Estrat\u00e9gia Concursos\",\"url\":\"https:\/\/www.estrategiaconcursos.com.br\/blog\/\",\"logo\":{\"@type\":\"ImageObject\",\"inLanguage\":\"pt-BR\",\"@id\":\"https:\/\/www.estrategiaconcursos.com.br\/blog\/#\/schema\/logo\/image\/\",\"url\":\"https:\/\/dhg1h5j42swfq.cloudfront.net\/2025\/06\/03203428\/logo_concursos-1.jpg\",\"contentUrl\":\"https:\/\/dhg1h5j42swfq.cloudfront.net\/2025\/06\/03203428\/logo_concursos-1.jpg\",\"width\":230,\"height\":60,\"caption\":\"Estrat\u00e9gia Concursos\"},\"image\":{\"@id\":\"https:\/\/www.estrategiaconcursos.com.br\/blog\/#\/schema\/logo\/image\/\"},\"sameAs\":[\"https:\/\/x.com\/EstratConcursos\"]},{\"@type\":\"Person\",\"@id\":\"https:\/\/www.estrategiaconcursos.com.br\/blog\/#\/schema\/person\/dd227149ef19e5362020d2b915fab563\",\"name\":\"Nath\u00e1lia Reyes\",\"image\":{\"@type\":\"ImageObject\",\"inLanguage\":\"pt-BR\",\"@id\":\"https:\/\/secure.gravatar.com\/avatar\/4417c614d0d3bc5783a7c85969792c96568e4f7efbd2c549c2df7f8d1e5a4fc5?s=96&d=mm&r=g\",\"url\":\"https:\/\/secure.gravatar.com\/avatar\/4417c614d0d3bc5783a7c85969792c96568e4f7efbd2c549c2df7f8d1e5a4fc5?s=96&d=mm&r=g\",\"contentUrl\":\"https:\/\/secure.gravatar.com\/avatar\/4417c614d0d3bc5783a7c85969792c96568e4f7efbd2c549c2df7f8d1e5a4fc5?s=96&d=mm&r=g\",\"caption\":\"Nath\u00e1lia Reyes\"},\"url\":\"https:\/\/www.estrategiaconcursos.com.br\/blog\/author\/nathaliapreyesgmail-com\/\"}]}<\/script>\n<!-- \/ Yoast SEO Premium plugin. -->","yoast_head_json":{"title":"Ora\u00e7\u00f5es Subordinadas Adverbiais e Adjetivas - aprenda de vez!","description":"Aprenda sobre as Ora\u00e7\u00f5es Subordinadas Adjetivas e Adverbiais, domine a disciplina de Portugu\u00eas e, assim, conquiste sua sonhada aprova\u00e7\u00e3o!","robots":{"index":"index","follow":"follow","max-snippet":"max-snippet:-1","max-image-preview":"max-image-preview:large","max-video-preview":"max-video-preview:-1"},"canonical":"https:\/\/www.estrategiaconcursos.com.br\/blog\/oracoes-subordinadas-adverbiais-e-adjetivas-aprenda-de-vez\/","og_locale":"pt_BR","og_type":"article","og_title":"Ora\u00e7\u00f5es Subordinadas Adverbiais e Adjetivas - aprenda de vez!","og_description":"Aprenda sobre as Ora\u00e7\u00f5es Subordinadas Adjetivas e Adverbiais, domine a disciplina de Portugu\u00eas e, assim, conquiste sua sonhada aprova\u00e7\u00e3o!","og_url":"https:\/\/www.estrategiaconcursos.com.br\/blog\/oracoes-subordinadas-adverbiais-e-adjetivas-aprenda-de-vez\/","og_site_name":"Estrat\u00e9gia Concursos","article_published_time":"2020-12-10T19:21:00+00:00","article_modified_time":"2023-06-30T12:20:38+00:00","og_image":[{"width":514,"height":290,"url":"https:\/\/dhg1h5j42swfq.cloudfront.net\/2020\/12\/01151902\/portugues-1.png","type":"image\/png"}],"author":"Nath\u00e1lia Reyes","twitter_card":"summary_large_image","twitter_creator":"@EstratConcursos","twitter_site":"@EstratConcursos","twitter_misc":{"Escrito por":"Nath\u00e1lia Reyes","Est. tempo de leitura":"7 minutos"},"schema":{"@context":"https:\/\/schema.org","@graph":[{"@type":"NewsArticle","@id":"https:\/\/www.estrategiaconcursos.com.br\/blog\/oracoes-subordinadas-adverbiais-e-adjetivas-aprenda-de-vez\/#article","isPartOf":{"@id":"https:\/\/www.estrategiaconcursos.com.br\/blog\/oracoes-subordinadas-adverbiais-e-adjetivas-aprenda-de-vez\/"},"author":{"name":"Nath\u00e1lia Reyes","@id":"https:\/\/www.estrategiaconcursos.com.br\/blog\/#\/schema\/person\/dd227149ef19e5362020d2b915fab563"},"headline":"Ora\u00e7\u00f5es Subordinadas Adverbiais e Adjetivas &#8211; aprenda de vez!","datePublished":"2020-12-10T19:21:00+00:00","dateModified":"2023-06-30T12:20:38+00:00","mainEntityOfPage":{"@id":"https:\/\/www.estrategiaconcursos.com.br\/blog\/oracoes-subordinadas-adverbiais-e-adjetivas-aprenda-de-vez\/"},"wordCount":1447,"commentCount":0,"publisher":{"@id":"https:\/\/www.estrategiaconcursos.com.br\/blog\/#organization"},"image":{"@id":"https:\/\/www.estrategiaconcursos.com.br\/blog\/oracoes-subordinadas-adverbiais-e-adjetivas-aprenda-de-vez\/#primaryimage"},"thumbnailUrl":"https:\/\/dhg1h5j42swfq.cloudfront.net\/2020\/12\/01151902\/portugues-1.png","articleSection":["Concursos P\u00fablicos"],"inLanguage":"pt-BR","potentialAction":[{"@type":"CommentAction","name":"Comment","target":["https:\/\/www.estrategiaconcursos.com.br\/blog\/oracoes-subordinadas-adverbiais-e-adjetivas-aprenda-de-vez\/#respond"]}],"copyrightYear":"2020","copyrightHolder":{"@id":"https:\/\/www.estrategiaconcursos.com.br\/blog\/#organization"}},{"@type":"WebPage","@id":"https:\/\/www.estrategiaconcursos.com.br\/blog\/oracoes-subordinadas-adverbiais-e-adjetivas-aprenda-de-vez\/","url":"https:\/\/www.estrategiaconcursos.com.br\/blog\/oracoes-subordinadas-adverbiais-e-adjetivas-aprenda-de-vez\/","name":"Ora\u00e7\u00f5es Subordinadas Adverbiais e Adjetivas - aprenda de vez!","isPartOf":{"@id":"https:\/\/www.estrategiaconcursos.com.br\/blog\/#website"},"primaryImageOfPage":{"@id":"https:\/\/www.estrategiaconcursos.com.br\/blog\/oracoes-subordinadas-adverbiais-e-adjetivas-aprenda-de-vez\/#primaryimage"},"image":{"@id":"https:\/\/www.estrategiaconcursos.com.br\/blog\/oracoes-subordinadas-adverbiais-e-adjetivas-aprenda-de-vez\/#primaryimage"},"thumbnailUrl":"https:\/\/dhg1h5j42swfq.cloudfront.net\/2020\/12\/01151902\/portugues-1.png","datePublished":"2020-12-10T19:21:00+00:00","dateModified":"2023-06-30T12:20:38+00:00","description":"Aprenda sobre as Ora\u00e7\u00f5es Subordinadas Adjetivas e Adverbiais, domine a disciplina de Portugu\u00eas e, assim, conquiste sua sonhada aprova\u00e7\u00e3o!","breadcrumb":{"@id":"https:\/\/www.estrategiaconcursos.com.br\/blog\/oracoes-subordinadas-adverbiais-e-adjetivas-aprenda-de-vez\/#breadcrumb"},"inLanguage":"pt-BR","potentialAction":[{"@type":"ReadAction","target":["https:\/\/www.estrategiaconcursos.com.br\/blog\/oracoes-subordinadas-adverbiais-e-adjetivas-aprenda-de-vez\/"]}]},{"@type":"ImageObject","inLanguage":"pt-BR","@id":"https:\/\/www.estrategiaconcursos.com.br\/blog\/oracoes-subordinadas-adverbiais-e-adjetivas-aprenda-de-vez\/#primaryimage","url":"https:\/\/dhg1h5j42swfq.cloudfront.net\/2020\/12\/01151902\/portugues-1.png","contentUrl":"https:\/\/dhg1h5j42swfq.cloudfront.net\/2020\/12\/01151902\/portugues-1.png","width":514,"height":290,"caption":"ora\u00e7\u00f5es subordinadas adverbiais e adjetivas"},{"@type":"BreadcrumbList","@id":"https:\/\/www.estrategiaconcursos.com.br\/blog\/oracoes-subordinadas-adverbiais-e-adjetivas-aprenda-de-vez\/#breadcrumb","itemListElement":[{"@type":"ListItem","position":1,"name":"In\u00edcio","item":"https:\/\/www.estrategiaconcursos.com.br\/blog\/"},{"@type":"ListItem","position":2,"name":"Ora\u00e7\u00f5es Subordinadas Adverbiais e Adjetivas &#8211; aprenda de vez!"}]},{"@type":"WebSite","@id":"https:\/\/www.estrategiaconcursos.com.br\/blog\/#website","url":"https:\/\/www.estrategiaconcursos.com.br\/blog\/","name":"Estrat\u00e9gia Concursos","description":"O blog da Estrat\u00e9gia Concursos traz not\u00edcias sobre concursos e artigos de professores oferecendo cursos para concursos (pdf + videaulas) no site.","publisher":{"@id":"https:\/\/www.estrategiaconcursos.com.br\/blog\/#organization"},"potentialAction":[{"@type":"SearchAction","target":{"@type":"EntryPoint","urlTemplate":"https:\/\/www.estrategiaconcursos.com.br\/blog\/?s={search_term_string}"},"query-input":{"@type":"PropertyValueSpecification","valueRequired":true,"valueName":"search_term_string"}}],"inLanguage":"pt-BR"},{"@type":"Organization","@id":"https:\/\/www.estrategiaconcursos.com.br\/blog\/#organization","name":"Estrat\u00e9gia Concursos","url":"https:\/\/www.estrategiaconcursos.com.br\/blog\/","logo":{"@type":"ImageObject","inLanguage":"pt-BR","@id":"https:\/\/www.estrategiaconcursos.com.br\/blog\/#\/schema\/logo\/image\/","url":"https:\/\/dhg1h5j42swfq.cloudfront.net\/2025\/06\/03203428\/logo_concursos-1.jpg","contentUrl":"https:\/\/dhg1h5j42swfq.cloudfront.net\/2025\/06\/03203428\/logo_concursos-1.jpg","width":230,"height":60,"caption":"Estrat\u00e9gia Concursos"},"image":{"@id":"https:\/\/www.estrategiaconcursos.com.br\/blog\/#\/schema\/logo\/image\/"},"sameAs":["https:\/\/x.com\/EstratConcursos"]},{"@type":"Person","@id":"https:\/\/www.estrategiaconcursos.com.br\/blog\/#\/schema\/person\/dd227149ef19e5362020d2b915fab563","name":"Nath\u00e1lia Reyes","image":{"@type":"ImageObject","inLanguage":"pt-BR","@id":"https:\/\/secure.gravatar.com\/avatar\/4417c614d0d3bc5783a7c85969792c96568e4f7efbd2c549c2df7f8d1e5a4fc5?s=96&d=mm&r=g","url":"https:\/\/secure.gravatar.com\/avatar\/4417c614d0d3bc5783a7c85969792c96568e4f7efbd2c549c2df7f8d1e5a4fc5?s=96&d=mm&r=g","contentUrl":"https:\/\/secure.gravatar.com\/avatar\/4417c614d0d3bc5783a7c85969792c96568e4f7efbd2c549c2df7f8d1e5a4fc5?s=96&d=mm&r=g","caption":"Nath\u00e1lia Reyes"},"url":"https:\/\/www.estrategiaconcursos.com.br\/blog\/author\/nathaliapreyesgmail-com\/"}]}},"_links":{"self":[{"href":"https:\/\/www.estrategiaconcursos.com.br\/blog\/wp-json\/wp\/v2\/posts\/620454","targetHints":{"allow":["GET"]}}],"collection":[{"href":"https:\/\/www.estrategiaconcursos.com.br\/blog\/wp-json\/wp\/v2\/posts"}],"about":[{"href":"https:\/\/www.estrategiaconcursos.com.br\/blog\/wp-json\/wp\/v2\/types\/post"}],"author":[{"embeddable":true,"href":"https:\/\/www.estrategiaconcursos.com.br\/blog\/wp-json\/wp\/v2\/users\/1525"}],"replies":[{"embeddable":true,"href":"https:\/\/www.estrategiaconcursos.com.br\/blog\/wp-json\/wp\/v2\/comments?post=620454"}],"version-history":[{"count":36,"href":"https:\/\/www.estrategiaconcursos.com.br\/blog\/wp-json\/wp\/v2\/posts\/620454\/revisions"}],"predecessor-version":[{"id":1241389,"href":"https:\/\/www.estrategiaconcursos.com.br\/blog\/wp-json\/wp\/v2\/posts\/620454\/revisions\/1241389"}],"wp:featuredmedia":[{"embeddable":true,"href":"https:\/\/www.estrategiaconcursos.com.br\/blog\/wp-json\/wp\/v2\/media\/620773"}],"wp:attachment":[{"href":"https:\/\/www.estrategiaconcursos.com.br\/blog\/wp-json\/wp\/v2\/media?parent=620454"}],"wp:term":[{"taxonomy":"category","embeddable":true,"href":"https:\/\/www.estrategiaconcursos.com.br\/blog\/wp-json\/wp\/v2\/categories?post=620454"},{"taxonomy":"post_tag","embeddable":true,"href":"https:\/\/www.estrategiaconcursos.com.br\/blog\/wp-json\/wp\/v2\/tags?post=620454"},{"taxonomy":"tax_estado","embeddable":true,"href":"https:\/\/www.estrategiaconcursos.com.br\/blog\/wp-json\/wp\/v2\/tax_estado?post=620454"}],"curies":[{"name":"wp","href":"https:\/\/api.w.org\/{rel}","templated":true}]}}