{"id":620168,"date":"2020-12-01T08:15:47","date_gmt":"2020-12-01T11:15:47","guid":{"rendered":"https:\/\/www.estrategiaconcursos.com.br\/blog\/?p=620168"},"modified":"2023-08-10T15:42:22","modified_gmt":"2023-08-10T18:42:22","slug":"concurso-sefaz-es-fgv-escolhida","status":"publish","type":"post","link":"https:\/\/www.estrategiaconcursos.com.br\/blog\/concurso-sefaz-es-fgv-escolhida\/","title":{"rendered":"FGV \u00e9 escolhida para organizar o concurso Sefaz ES!!!"},"content":{"rendered":"\n<p>A manh\u00e3 desta ter\u00e7a-feira come\u00e7ou muito bem para os concurseiros capixabas. Isso porque a Funda\u00e7\u00e3o Get\u00falio Vargas &#8211; FGV foi escolhida para organizar o pr\u00f3ximo concurso p\u00fablico da <a href=\"https:\/\/www.estrategiaconcursos.com.br\/blog\/concurso-sefaz-es\/\" target=\"_blank\" rel=\"noreferrer noopener\">Sefaz ES<\/a>.<\/p>\n\n\n\n<p>Vale lembrar que o jornalismo do Estrat\u00e9gia Concursos j\u00e1 havia adiantado que a empresa estava na disputa, junto com o Cebraspe e a Funda\u00e7\u00e3o Carlos Chagas &#8211; FCC.<\/p>\n\n\n\n<p>Ser\u00e3o ofertadas na sele\u00e7\u00e3o 50 vagas imediatas para o cargo de Auditor Fiscal da Receita Estadual, que exige n\u00edvel superior em qualquer \u00e1rea de forma\u00e7\u00e3o. A remunera\u00e7\u00e3o inicial \u00e9 de <strong>R$ 12.069,75<\/strong>.<\/p>\n\n\n\n<p>A expectativa, conforme anunciado anteriormente pelo governo do estado, \u00e9 que o edital seja publicado j\u00e1 no primeiro semestre de 2021.<\/p>\n\n\n\n<h4 class=\"wp-block-heading\" id=\"h-confira-na-imagem-abaixo-a-confirmacao-da-escolha-da-fgv-como-banca-do-concurso-sefaz-es\">Confira na imagem abaixo a confirma\u00e7\u00e3o da escolha da FGV como banca do concurso Sefaz ES:<\/h4>\n\n\n\n<figure class=\"wp-block-image aligncenter size-large\"><a href=\"https:\/\/dhg1h5j42swfq.cloudfront.net\/2020\/12\/01080303\/9d0a861b-7c52-4f09-80e1-dafcc3f59cc3.png\" target=\"_blank\" rel=\"noopener noreferrer\"><img loading=\"lazy\" decoding=\"async\" width=\"355\" height=\"592\" src=\"https:\/\/dhg1h5j42swfq.cloudfront.net\/2020\/12\/01080303\/9d0a861b-7c52-4f09-80e1-dafcc3f59cc3.png\" alt=\"Banca organizadora do Concurso Sefaz ES\" class=\"wp-image-620169\" srcset=\"https:\/\/dhg1h5j42swfq.cloudfront.net\/2020\/12\/01080303\/9d0a861b-7c52-4f09-80e1-dafcc3f59cc3.png 355w, https:\/\/dhg1h5j42swfq.cloudfront.net\/2020\/12\/01080303\/9d0a861b-7c52-4f09-80e1-dafcc3f59cc3-180x300.png 180w\" sizes=\"auto, (max-width: 355px) 100vw, 355px\" \/><\/a><\/figure>\n\n\n\n<p>O \u00faltimo concurso da Sefaz ES aconteceu em 2013, tamb\u00e9m para o cargo de Auditor Fiscal, ofertando 16 vagas. A banca organizadora do certame foi&nbsp;o Cespe\/Cebraspe e contou com 2.691 candidatos inscritos, uma concorr\u00eancia de, aproximadamente, 168 candidatos por vaga.<\/p>\n\n\n\n<p class=\"has-text-align-center has-luminous-vivid-amber-background-color has-background has-medium-font-size\"><strong>Mais informa\u00e7\u00f5es: <a href=\"https:\/\/www.estrategiaconcursos.com.br\/blog\/concurso-sefaz-es\/\" target=\"_blank\" rel=\"noreferrer noopener\">Concurso Sefaz ES<\/a><\/strong><\/p>\n\n\n\n<div class=\"container\" id=\"boxes\">\n  <div class=\"row\">\n\n    <div class=\"col-sm\">\n      <div class=\"banner-fiscal-01\" id=\"box-assinatura\">\n        <h3 class=\"titulo-assinatura\">Carreiras Fiscais<\/h3>\n        <p class=\"subtitulo-assinatura\">Conhe\u00e7a os cursos para Sefaz ES<\/p>\n        <div class=\"box-botao\">\n          <a class=\"btn-assinatura\" target=\"_blank\" href=\"https:\/\/www.estrategiaconcursos.com.br\/cursosPorConcurso\/sefaz-es-sec-de-fazenda-do-espirito-santo-189\/\" role=\"button\" rel=\"noopener noreferrer\">Conhe\u00e7a mais<\/a>\n        <\/div>\n      <\/div>\n      <p class=\"texto-auxiliar\">Prepare-se com o melhor material e com quem mais aprova em Concursos P\u00fablicos em todo o pa\u00eds!<\/p>\n    <\/div>\n\n  <\/div>\n<\/div>\n\n\n\n<div class=\"container\" id=\"boxes\">\n  <div class=\"row\">\n\n    <div class=\"col-sm\">\n      <div class=\"estrategia\" id=\"box-assinatura\">\n        <h3 class=\"titulo-assinatura\">Assinatura Ilimitada<\/h3>\n        <p class=\"subtitulo-assinatura\">Assinatura Anual Ilimitada*<\/p>\n        <div class=\"box-botao\">\n          <a class=\"btn-assinatura\" target=\"_blank\" href=\"https:\/\/www.estrategiaconcursos.com.br\/assinaturas\/\" role=\"button\" rel=\"noopener noreferrer\">ASSINE AGORA<\/a>\n        <\/div>\n      <\/div>\n      <p class=\"texto-auxiliar\">Prepare-se com o melhor material e com quem mais aprova em Concursos P\u00fablicos em todo o pa\u00eds. Assine agora a nossa Assinatura Anual e tenha acesso ilimitado* a todos os nossos cursos.<\/p>\n    <\/div>\n\n    <div class=\"col-sm\">\n      <div class=\"questoes\" id=\"box-assinatura\">\n        <h3 class=\"titulo-assinatura\">Sistema de Quest\u00f5es<\/h3>\n        <p class=\"subtitulo-assinatura\">Assinatura Anual Ilimitada*<\/p>\n        <div class=\"box-botao\">\n          <a class=\"btn-assinatura\" target=\"_blank\" href=\"https:\/\/www.estrategiaconcursos.com.br\/cursosPorConcurso\/sistema-de-questoes\/#\/\" role=\"button\" rel=\"noopener noreferrer\">ASSINE AGORA<\/a>\n        <\/div>\n      <\/div>\n      <p class=\"texto-auxiliar\">Estrat\u00e9gia Quest\u00f5es nasceu maior do que todos os concorrentes, com mais quest\u00f5es cadastradas e mais solu\u00e7\u00f5es por professores. Clique no link e aproveite os descontos e b\u00f4nus imperd\u00edveis!<\/p>\n    <\/div>\n  <\/div>\n<\/div>\n","protected":false},"excerpt":{"rendered":"<p>A manh\u00e3 desta ter\u00e7a-feira come\u00e7ou muito bem para os concurseiros capixabas. Isso porque a Funda\u00e7\u00e3o Get\u00falio Vargas &#8211; FGV foi escolhida para organizar o pr\u00f3ximo concurso p\u00fablico da Sefaz ES. Vale lembrar que o jornalismo do Estrat\u00e9gia Concursos j\u00e1 havia adiantado que a empresa estava na disputa, junto com o Cebraspe e a Funda\u00e7\u00e3o Carlos [&hellip;]<\/p>\n","protected":false},"author":232,"featured_media":428576,"comment_status":"open","ping_status":"closed","sticky":false,"template":"","format":"standard","meta":{"post_tipo":"news","footnotes":""},"categories":[1983],"tags":[],"tax_estado":[219971],"class_list":["post-620168","post","type-post","status-publish","format-standard","has-post-thumbnail","hentry","category-fiscal-estadual","tax_estado-es"],"acf":[],"yoast_head":"<!-- This site is optimized with the Yoast SEO Premium plugin v27.2 (Yoast SEO v27.2) - https:\/\/yoast.com\/product\/yoast-seo-premium-wordpress\/ -->\n<title>FGV \u00e9 escolhida para organizar o concurso Sefaz ES!!!<\/title>\n<meta name=\"description\" content=\"FGV \u00e9 escolhida como banca organizadora do pr\u00f3ximo concurso Sefaz ES. Ser\u00e3o 50 vagas para Auditor Fiscal. Edital previsto para 1\u00ba semestre de 2021.\" \/>\n<meta name=\"robots\" content=\"index, follow, max-snippet:-1, max-image-preview:large, max-video-preview:-1\" \/>\n<link rel=\"canonical\" href=\"https:\/\/www.estrategiaconcursos.com.br\/blog\/concurso-sefaz-es-fgv-escolhida\/\" \/>\n<meta property=\"og:locale\" content=\"pt_BR\" \/>\n<meta property=\"og:type\" content=\"article\" \/>\n<meta property=\"og:title\" content=\"FGV \u00e9 escolhida para organizar o concurso Sefaz ES!!!\" \/>\n<meta property=\"og:description\" content=\"FGV \u00e9 escolhida como banca organizadora do pr\u00f3ximo concurso Sefaz ES. Ser\u00e3o 50 vagas para Auditor Fiscal. Edital previsto para 1\u00ba semestre de 2021.\" \/>\n<meta property=\"og:url\" content=\"https:\/\/www.estrategiaconcursos.com.br\/blog\/concurso-sefaz-es-fgv-escolhida\/\" \/>\n<meta property=\"og:site_name\" content=\"Estrat\u00e9gia Concursos\" \/>\n<meta property=\"article:published_time\" content=\"2020-12-01T11:15:47+00:00\" \/>\n<meta property=\"article:modified_time\" content=\"2023-08-10T18:42:22+00:00\" \/>\n<meta property=\"og:image\" content=\"https:\/\/dhg1h5j42swfq.cloudfront.net\/2019\/10\/01111919\/SEFAZ-ES.jpg\" \/>\n\t<meta property=\"og:image:width\" content=\"1200\" \/>\n\t<meta property=\"og:image:height\" content=\"628\" \/>\n\t<meta property=\"og:image:type\" content=\"image\/jpeg\" \/>\n<meta name=\"author\" content=\"J\u00falio Cardozo\" \/>\n<meta name=\"twitter:card\" content=\"summary_large_image\" \/>\n<meta name=\"twitter:creator\" content=\"@EstratConcursos\" \/>\n<meta name=\"twitter:site\" content=\"@EstratConcursos\" \/>\n<meta name=\"twitter:label1\" content=\"Escrito por\" \/>\n\t<meta name=\"twitter:data1\" content=\"J\u00falio Cardozo\" \/>\n\t<meta name=\"twitter:label2\" content=\"Est. tempo de leitura\" \/>\n\t<meta name=\"twitter:data2\" content=\"1 minuto\" \/>\n<script type=\"application\/ld+json\" class=\"yoast-schema-graph\">{\"@context\":\"https:\/\/schema.org\",\"@graph\":[{\"@type\":\"NewsArticle\",\"@id\":\"https:\/\/www.estrategiaconcursos.com.br\/blog\/concurso-sefaz-es-fgv-escolhida\/#article\",\"isPartOf\":{\"@id\":\"https:\/\/www.estrategiaconcursos.com.br\/blog\/concurso-sefaz-es-fgv-escolhida\/\"},\"author\":{\"name\":\"J\u00falio Cardozo\",\"@id\":\"https:\/\/www.estrategiaconcursos.com.br\/blog\/#\/schema\/person\/12b17ad2ca38b568b2f16011da699962\"},\"headline\":\"FGV \u00e9 escolhida para organizar o concurso Sefaz ES!!!\",\"datePublished\":\"2020-12-01T11:15:47+00:00\",\"dateModified\":\"2023-08-10T18:42:22+00:00\",\"mainEntityOfPage\":{\"@id\":\"https:\/\/www.estrategiaconcursos.com.br\/blog\/concurso-sefaz-es-fgv-escolhida\/\"},\"wordCount\":306,\"commentCount\":0,\"publisher\":{\"@id\":\"https:\/\/www.estrategiaconcursos.com.br\/blog\/#organization\"},\"image\":{\"@id\":\"https:\/\/www.estrategiaconcursos.com.br\/blog\/concurso-sefaz-es-fgv-escolhida\/#primaryimage\"},\"thumbnailUrl\":\"https:\/\/dhg1h5j42swfq.cloudfront.net\/2019\/10\/01111919\/SEFAZ-ES.jpg\",\"articleSection\":[\"Fiscal - Estadual (ICMS)\"],\"inLanguage\":\"pt-BR\",\"potentialAction\":[{\"@type\":\"CommentAction\",\"name\":\"Comment\",\"target\":[\"https:\/\/www.estrategiaconcursos.com.br\/blog\/concurso-sefaz-es-fgv-escolhida\/#respond\"]}],\"copyrightYear\":\"2020\",\"copyrightHolder\":{\"@id\":\"https:\/\/www.estrategiaconcursos.com.br\/blog\/#organization\"}},{\"@type\":\"WebPage\",\"@id\":\"https:\/\/www.estrategiaconcursos.com.br\/blog\/concurso-sefaz-es-fgv-escolhida\/\",\"url\":\"https:\/\/www.estrategiaconcursos.com.br\/blog\/concurso-sefaz-es-fgv-escolhida\/\",\"name\":\"FGV \u00e9 escolhida para organizar o concurso Sefaz ES!!!\",\"isPartOf\":{\"@id\":\"https:\/\/www.estrategiaconcursos.com.br\/blog\/#website\"},\"primaryImageOfPage\":{\"@id\":\"https:\/\/www.estrategiaconcursos.com.br\/blog\/concurso-sefaz-es-fgv-escolhida\/#primaryimage\"},\"image\":{\"@id\":\"https:\/\/www.estrategiaconcursos.com.br\/blog\/concurso-sefaz-es-fgv-escolhida\/#primaryimage\"},\"thumbnailUrl\":\"https:\/\/dhg1h5j42swfq.cloudfront.net\/2019\/10\/01111919\/SEFAZ-ES.jpg\",\"datePublished\":\"2020-12-01T11:15:47+00:00\",\"dateModified\":\"2023-08-10T18:42:22+00:00\",\"description\":\"FGV \u00e9 escolhida como banca organizadora do pr\u00f3ximo concurso Sefaz ES. Ser\u00e3o 50 vagas para Auditor Fiscal. Edital previsto para 1\u00ba semestre de 2021.\",\"breadcrumb\":{\"@id\":\"https:\/\/www.estrategiaconcursos.com.br\/blog\/concurso-sefaz-es-fgv-escolhida\/#breadcrumb\"},\"inLanguage\":\"pt-BR\",\"potentialAction\":[{\"@type\":\"ReadAction\",\"target\":[\"https:\/\/www.estrategiaconcursos.com.br\/blog\/concurso-sefaz-es-fgv-escolhida\/\"]}]},{\"@type\":\"ImageObject\",\"inLanguage\":\"pt-BR\",\"@id\":\"https:\/\/www.estrategiaconcursos.com.br\/blog\/concurso-sefaz-es-fgv-escolhida\/#primaryimage\",\"url\":\"https:\/\/dhg1h5j42swfq.cloudfront.net\/2019\/10\/01111919\/SEFAZ-ES.jpg\",\"contentUrl\":\"https:\/\/dhg1h5j42swfq.cloudfront.net\/2019\/10\/01111919\/SEFAZ-ES.jpg\",\"width\":1200,\"height\":628,\"caption\":\"Sefaz ES Esp\u00edrito Santo\"},{\"@type\":\"BreadcrumbList\",\"@id\":\"https:\/\/www.estrategiaconcursos.com.br\/blog\/concurso-sefaz-es-fgv-escolhida\/#breadcrumb\",\"itemListElement\":[{\"@type\":\"ListItem\",\"position\":1,\"name\":\"In\u00edcio\",\"item\":\"https:\/\/www.estrategiaconcursos.com.br\/blog\/\"},{\"@type\":\"ListItem\",\"position\":2,\"name\":\"FGV \u00e9 escolhida para organizar o concurso Sefaz ES!!!\"}]},{\"@type\":\"WebSite\",\"@id\":\"https:\/\/www.estrategiaconcursos.com.br\/blog\/#website\",\"url\":\"https:\/\/www.estrategiaconcursos.com.br\/blog\/\",\"name\":\"Estrat\u00e9gia Concursos\",\"description\":\"O blog da Estrat\u00e9gia Concursos traz not\u00edcias sobre concursos e artigos de professores oferecendo cursos para concursos (pdf + videaulas) no site.\",\"publisher\":{\"@id\":\"https:\/\/www.estrategiaconcursos.com.br\/blog\/#organization\"},\"potentialAction\":[{\"@type\":\"SearchAction\",\"target\":{\"@type\":\"EntryPoint\",\"urlTemplate\":\"https:\/\/www.estrategiaconcursos.com.br\/blog\/?s={search_term_string}\"},\"query-input\":{\"@type\":\"PropertyValueSpecification\",\"valueRequired\":true,\"valueName\":\"search_term_string\"}}],\"inLanguage\":\"pt-BR\"},{\"@type\":\"Organization\",\"@id\":\"https:\/\/www.estrategiaconcursos.com.br\/blog\/#organization\",\"name\":\"Estrat\u00e9gia Concursos\",\"url\":\"https:\/\/www.estrategiaconcursos.com.br\/blog\/\",\"logo\":{\"@type\":\"ImageObject\",\"inLanguage\":\"pt-BR\",\"@id\":\"https:\/\/www.estrategiaconcursos.com.br\/blog\/#\/schema\/logo\/image\/\",\"url\":\"https:\/\/dhg1h5j42swfq.cloudfront.net\/2025\/06\/03203428\/logo_concursos-1.jpg\",\"contentUrl\":\"https:\/\/dhg1h5j42swfq.cloudfront.net\/2025\/06\/03203428\/logo_concursos-1.jpg\",\"width\":230,\"height\":60,\"caption\":\"Estrat\u00e9gia Concursos\"},\"image\":{\"@id\":\"https:\/\/www.estrategiaconcursos.com.br\/blog\/#\/schema\/logo\/image\/\"},\"sameAs\":[\"https:\/\/x.com\/EstratConcursos\"]},{\"@type\":\"Person\",\"@id\":\"https:\/\/www.estrategiaconcursos.com.br\/blog\/#\/schema\/person\/12b17ad2ca38b568b2f16011da699962\",\"name\":\"J\u00falio Cardozo\",\"image\":{\"@type\":\"ImageObject\",\"inLanguage\":\"pt-BR\",\"@id\":\"https:\/\/secure.gravatar.com\/avatar\/6f8135f7704452fdc38c593047ee5eebfecbe6f9e848790fed37d598268b7382?s=96&d=mm&r=g\",\"url\":\"https:\/\/secure.gravatar.com\/avatar\/6f8135f7704452fdc38c593047ee5eebfecbe6f9e848790fed37d598268b7382?s=96&d=mm&r=g\",\"contentUrl\":\"https:\/\/secure.gravatar.com\/avatar\/6f8135f7704452fdc38c593047ee5eebfecbe6f9e848790fed37d598268b7382?s=96&d=mm&r=g\",\"caption\":\"J\u00falio Cardozo\"},\"url\":\"https:\/\/www.estrategiaconcursos.com.br\/blog\/author\/julio_cesardasilvahotmail-com\/\"}]}<\/script>\n<!-- \/ Yoast SEO Premium plugin. -->","yoast_head_json":{"title":"FGV \u00e9 escolhida para organizar o concurso Sefaz ES!!!","description":"FGV \u00e9 escolhida como banca organizadora do pr\u00f3ximo concurso Sefaz ES. Ser\u00e3o 50 vagas para Auditor Fiscal. Edital previsto para 1\u00ba semestre de 2021.","robots":{"index":"index","follow":"follow","max-snippet":"max-snippet:-1","max-image-preview":"max-image-preview:large","max-video-preview":"max-video-preview:-1"},"canonical":"https:\/\/www.estrategiaconcursos.com.br\/blog\/concurso-sefaz-es-fgv-escolhida\/","og_locale":"pt_BR","og_type":"article","og_title":"FGV \u00e9 escolhida para organizar o concurso Sefaz ES!!!","og_description":"FGV \u00e9 escolhida como banca organizadora do pr\u00f3ximo concurso Sefaz ES. Ser\u00e3o 50 vagas para Auditor Fiscal. Edital previsto para 1\u00ba semestre de 2021.","og_url":"https:\/\/www.estrategiaconcursos.com.br\/blog\/concurso-sefaz-es-fgv-escolhida\/","og_site_name":"Estrat\u00e9gia Concursos","article_published_time":"2020-12-01T11:15:47+00:00","article_modified_time":"2023-08-10T18:42:22+00:00","og_image":[{"width":1200,"height":628,"url":"https:\/\/dhg1h5j42swfq.cloudfront.net\/2019\/10\/01111919\/SEFAZ-ES.jpg","type":"image\/jpeg"}],"author":"J\u00falio Cardozo","twitter_card":"summary_large_image","twitter_creator":"@EstratConcursos","twitter_site":"@EstratConcursos","twitter_misc":{"Escrito por":"J\u00falio Cardozo","Est. tempo de leitura":"1 minuto"},"schema":{"@context":"https:\/\/schema.org","@graph":[{"@type":"NewsArticle","@id":"https:\/\/www.estrategiaconcursos.com.br\/blog\/concurso-sefaz-es-fgv-escolhida\/#article","isPartOf":{"@id":"https:\/\/www.estrategiaconcursos.com.br\/blog\/concurso-sefaz-es-fgv-escolhida\/"},"author":{"name":"J\u00falio Cardozo","@id":"https:\/\/www.estrategiaconcursos.com.br\/blog\/#\/schema\/person\/12b17ad2ca38b568b2f16011da699962"},"headline":"FGV \u00e9 escolhida para organizar o concurso Sefaz ES!!!","datePublished":"2020-12-01T11:15:47+00:00","dateModified":"2023-08-10T18:42:22+00:00","mainEntityOfPage":{"@id":"https:\/\/www.estrategiaconcursos.com.br\/blog\/concurso-sefaz-es-fgv-escolhida\/"},"wordCount":306,"commentCount":0,"publisher":{"@id":"https:\/\/www.estrategiaconcursos.com.br\/blog\/#organization"},"image":{"@id":"https:\/\/www.estrategiaconcursos.com.br\/blog\/concurso-sefaz-es-fgv-escolhida\/#primaryimage"},"thumbnailUrl":"https:\/\/dhg1h5j42swfq.cloudfront.net\/2019\/10\/01111919\/SEFAZ-ES.jpg","articleSection":["Fiscal - Estadual (ICMS)"],"inLanguage":"pt-BR","potentialAction":[{"@type":"CommentAction","name":"Comment","target":["https:\/\/www.estrategiaconcursos.com.br\/blog\/concurso-sefaz-es-fgv-escolhida\/#respond"]}],"copyrightYear":"2020","copyrightHolder":{"@id":"https:\/\/www.estrategiaconcursos.com.br\/blog\/#organization"}},{"@type":"WebPage","@id":"https:\/\/www.estrategiaconcursos.com.br\/blog\/concurso-sefaz-es-fgv-escolhida\/","url":"https:\/\/www.estrategiaconcursos.com.br\/blog\/concurso-sefaz-es-fgv-escolhida\/","name":"FGV \u00e9 escolhida para organizar o concurso Sefaz ES!!!","isPartOf":{"@id":"https:\/\/www.estrategiaconcursos.com.br\/blog\/#website"},"primaryImageOfPage":{"@id":"https:\/\/www.estrategiaconcursos.com.br\/blog\/concurso-sefaz-es-fgv-escolhida\/#primaryimage"},"image":{"@id":"https:\/\/www.estrategiaconcursos.com.br\/blog\/concurso-sefaz-es-fgv-escolhida\/#primaryimage"},"thumbnailUrl":"https:\/\/dhg1h5j42swfq.cloudfront.net\/2019\/10\/01111919\/SEFAZ-ES.jpg","datePublished":"2020-12-01T11:15:47+00:00","dateModified":"2023-08-10T18:42:22+00:00","description":"FGV \u00e9 escolhida como banca organizadora do pr\u00f3ximo concurso Sefaz ES. Ser\u00e3o 50 vagas para Auditor Fiscal. Edital previsto para 1\u00ba semestre de 2021.","breadcrumb":{"@id":"https:\/\/www.estrategiaconcursos.com.br\/blog\/concurso-sefaz-es-fgv-escolhida\/#breadcrumb"},"inLanguage":"pt-BR","potentialAction":[{"@type":"ReadAction","target":["https:\/\/www.estrategiaconcursos.com.br\/blog\/concurso-sefaz-es-fgv-escolhida\/"]}]},{"@type":"ImageObject","inLanguage":"pt-BR","@id":"https:\/\/www.estrategiaconcursos.com.br\/blog\/concurso-sefaz-es-fgv-escolhida\/#primaryimage","url":"https:\/\/dhg1h5j42swfq.cloudfront.net\/2019\/10\/01111919\/SEFAZ-ES.jpg","contentUrl":"https:\/\/dhg1h5j42swfq.cloudfront.net\/2019\/10\/01111919\/SEFAZ-ES.jpg","width":1200,"height":628,"caption":"Sefaz ES Esp\u00edrito Santo"},{"@type":"BreadcrumbList","@id":"https:\/\/www.estrategiaconcursos.com.br\/blog\/concurso-sefaz-es-fgv-escolhida\/#breadcrumb","itemListElement":[{"@type":"ListItem","position":1,"name":"In\u00edcio","item":"https:\/\/www.estrategiaconcursos.com.br\/blog\/"},{"@type":"ListItem","position":2,"name":"FGV \u00e9 escolhida para organizar o concurso Sefaz ES!!!"}]},{"@type":"WebSite","@id":"https:\/\/www.estrategiaconcursos.com.br\/blog\/#website","url":"https:\/\/www.estrategiaconcursos.com.br\/blog\/","name":"Estrat\u00e9gia Concursos","description":"O blog da Estrat\u00e9gia Concursos traz not\u00edcias sobre concursos e artigos de professores oferecendo cursos para concursos (pdf + videaulas) no site.","publisher":{"@id":"https:\/\/www.estrategiaconcursos.com.br\/blog\/#organization"},"potentialAction":[{"@type":"SearchAction","target":{"@type":"EntryPoint","urlTemplate":"https:\/\/www.estrategiaconcursos.com.br\/blog\/?s={search_term_string}"},"query-input":{"@type":"PropertyValueSpecification","valueRequired":true,"valueName":"search_term_string"}}],"inLanguage":"pt-BR"},{"@type":"Organization","@id":"https:\/\/www.estrategiaconcursos.com.br\/blog\/#organization","name":"Estrat\u00e9gia Concursos","url":"https:\/\/www.estrategiaconcursos.com.br\/blog\/","logo":{"@type":"ImageObject","inLanguage":"pt-BR","@id":"https:\/\/www.estrategiaconcursos.com.br\/blog\/#\/schema\/logo\/image\/","url":"https:\/\/dhg1h5j42swfq.cloudfront.net\/2025\/06\/03203428\/logo_concursos-1.jpg","contentUrl":"https:\/\/dhg1h5j42swfq.cloudfront.net\/2025\/06\/03203428\/logo_concursos-1.jpg","width":230,"height":60,"caption":"Estrat\u00e9gia Concursos"},"image":{"@id":"https:\/\/www.estrategiaconcursos.com.br\/blog\/#\/schema\/logo\/image\/"},"sameAs":["https:\/\/x.com\/EstratConcursos"]},{"@type":"Person","@id":"https:\/\/www.estrategiaconcursos.com.br\/blog\/#\/schema\/person\/12b17ad2ca38b568b2f16011da699962","name":"J\u00falio Cardozo","image":{"@type":"ImageObject","inLanguage":"pt-BR","@id":"https:\/\/secure.gravatar.com\/avatar\/6f8135f7704452fdc38c593047ee5eebfecbe6f9e848790fed37d598268b7382?s=96&d=mm&r=g","url":"https:\/\/secure.gravatar.com\/avatar\/6f8135f7704452fdc38c593047ee5eebfecbe6f9e848790fed37d598268b7382?s=96&d=mm&r=g","contentUrl":"https:\/\/secure.gravatar.com\/avatar\/6f8135f7704452fdc38c593047ee5eebfecbe6f9e848790fed37d598268b7382?s=96&d=mm&r=g","caption":"J\u00falio Cardozo"},"url":"https:\/\/www.estrategiaconcursos.com.br\/blog\/author\/julio_cesardasilvahotmail-com\/"}]}},"_links":{"self":[{"href":"https:\/\/www.estrategiaconcursos.com.br\/blog\/wp-json\/wp\/v2\/posts\/620168","targetHints":{"allow":["GET"]}}],"collection":[{"href":"https:\/\/www.estrategiaconcursos.com.br\/blog\/wp-json\/wp\/v2\/posts"}],"about":[{"href":"https:\/\/www.estrategiaconcursos.com.br\/blog\/wp-json\/wp\/v2\/types\/post"}],"author":[{"embeddable":true,"href":"https:\/\/www.estrategiaconcursos.com.br\/blog\/wp-json\/wp\/v2\/users\/232"}],"replies":[{"embeddable":true,"href":"https:\/\/www.estrategiaconcursos.com.br\/blog\/wp-json\/wp\/v2\/comments?post=620168"}],"version-history":[{"count":11,"href":"https:\/\/www.estrategiaconcursos.com.br\/blog\/wp-json\/wp\/v2\/posts\/620168\/revisions"}],"predecessor-version":[{"id":1263091,"href":"https:\/\/www.estrategiaconcursos.com.br\/blog\/wp-json\/wp\/v2\/posts\/620168\/revisions\/1263091"}],"wp:featuredmedia":[{"embeddable":true,"href":"https:\/\/www.estrategiaconcursos.com.br\/blog\/wp-json\/wp\/v2\/media\/428576"}],"wp:attachment":[{"href":"https:\/\/www.estrategiaconcursos.com.br\/blog\/wp-json\/wp\/v2\/media?parent=620168"}],"wp:term":[{"taxonomy":"category","embeddable":true,"href":"https:\/\/www.estrategiaconcursos.com.br\/blog\/wp-json\/wp\/v2\/categories?post=620168"},{"taxonomy":"post_tag","embeddable":true,"href":"https:\/\/www.estrategiaconcursos.com.br\/blog\/wp-json\/wp\/v2\/tags?post=620168"},{"taxonomy":"tax_estado","embeddable":true,"href":"https:\/\/www.estrategiaconcursos.com.br\/blog\/wp-json\/wp\/v2\/tax_estado?post=620168"}],"curies":[{"name":"wp","href":"https:\/\/api.w.org\/{rel}","templated":true}]}}