{"id":620060,"date":"2020-11-30T19:41:03","date_gmt":"2020-11-30T22:41:03","guid":{"rendered":"https:\/\/www.estrategiaconcursos.com.br\/blog\/?p=620060"},"modified":"2023-06-22T10:47:01","modified_gmt":"2023-06-22T13:47:01","slug":"desafio-21-dias-residencias-multiprofissionais-saude","status":"publish","type":"post","link":"https:\/\/www.estrategiaconcursos.com.br\/blog\/desafio-21-dias-residencias-multiprofissionais-saude\/","title":{"rendered":"Desafio 21 dias: Resid\u00eancias Multiprofissionais Sa\u00fade"},"content":{"rendered":"\n<p>Est\u00e1 estudando para a \u00e1rea de Resid\u00eancias Multiprofissionais de Sa\u00fade, que oferta milhares de oportunidades em todo o pa\u00eds, e n\u00e3o sabe como se preparar? Pode deixar com n\u00f3s, do Estrat\u00e9gia Concursos!<\/p>\n\n\n\n<p>O projeto desafio 21 dias se destina a preparar os alunos que ir\u00e3o prestar os programas de resid\u00eancias em 2021. Teremos transmiss\u00e3o de aulas focadas na resolu\u00e7\u00f5es de quest\u00f5es e assuntos mais cobrados pelas bancas.&nbsp;<\/p>\n\n\n\n<p>E para que voc\u00ea n\u00e3o fique de fora de nenhuma oportunidade, saiba que existem diversas vagas: EBSERH, S\u00edrio Liban\u00eas, UNICAMP, UERJ, USF-SP, UFPA, entre outros. As aulas ter\u00e3o in\u00edcio nesta segunda-feira (30). Confira abaixo a programa\u00e7\u00e3o:<\/p>\n\n\n\n<figure class=\"wp-block-table is-style-stripes\"><table><tbody><tr><td class=\"has-text-align-center\" data-align=\"center\"><strong>Data<\/strong><\/td><td class=\"has-text-align-center\" data-align=\"center\"><strong>Disciplina<\/strong><\/td><\/tr><tr><td class=\"has-text-align-center\" data-align=\"center\">Resid\u00eancias Multiprofissionais Sa\u00fade<\/td><td class=\"has-text-align-center\" data-align=\"center\">Legisla\u00e7\u00e3o SUS<\/td><\/tr><tr><td class=\"has-text-align-center\" data-align=\"center\">Sa\u00fade Coletiva e P\u00fablica<\/td><td class=\"has-text-align-center\" data-align=\"center\">Geral<\/td><\/tr><tr><td class=\"has-text-align-center\" data-align=\"center\">Psicologia<\/td><td class=\"has-text-align-center\" data-align=\"center\">Espec\u00edfica<\/td><\/tr><tr><td class=\"has-text-align-center\" data-align=\"center\">Fisioterapia<\/td><td class=\"has-text-align-center\" data-align=\"center\">Espec\u00edfica<\/td><\/tr><tr><td class=\"has-text-align-center\" data-align=\"center\">Nutri\u00e7\u00e3o<\/td><td class=\"has-text-align-center\" data-align=\"center\">Espec\u00edfica<\/td><\/tr><tr><td class=\"has-text-align-center\" data-align=\"center\">Biomedicina<\/td><td class=\"has-text-align-center\" data-align=\"center\">Espec\u00edfica<\/td><\/tr><tr><td class=\"has-text-align-center\" data-align=\"center\">Enfermagem &#8211; Urg\u00eancia e Emerg\u00eancia<\/td><td class=\"has-text-align-center\" data-align=\"center\">Espec\u00edfica<\/td><\/tr><tr><td class=\"has-text-align-center\" data-align=\"center\">Enfermagem &#8211; Sa\u00fade&nbsp;<\/td><td class=\"has-text-align-center\" data-align=\"center\">Espec\u00edfica<\/td><\/tr><tr><td class=\"has-text-align-center\" data-align=\"center\">Enfermagem &#8211; M\u00f3dulo Preven\u00e7\u00e3o e controle<\/td><td class=\"has-text-align-center\" data-align=\"center\">Espec\u00edfica<\/td><\/tr><tr><td class=\"has-text-align-center\" data-align=\"center\">&nbsp;<\/td><td class=\"has-text-align-center\" data-align=\"center\">&nbsp;<\/td><\/tr><\/tbody><\/table><\/figure>\n\n\n\n<p class=\"has-text-align-center has-cyan-bluish-gray-background-color has-background\"><strong>Saiba mais: <a rel=\"noreferrer noopener\" href=\"https:\/\/www.estrategiaconcursos.com.br\/blog\/residencia-multiprofissional-em-saude\/amp\/\" target=\"_blank\">Resid\u00eancia Multiprofissional Sa\u00fade<\/a><\/strong><\/p>\n\n\n\n<div class=\"container\" id=\"boxes\">\n  <div class=\"row\">\n\n    <div class=\"col-sm\">\n      <div class=\"estrategia\" id=\"box-assinatura\">\n        <h3 class=\"titulo-assinatura\">Assinatura Ilimitada<\/h3>\n        <p class=\"subtitulo-assinatura\">Assinatura Anual Ilimitada*<\/p>\n        <div class=\"box-botao\">\n          <a class=\"btn-assinatura\" target=\"_blank\" href=\"https:\/\/www.estrategiaconcursos.com.br\/assinaturas\/\" role=\"button\" rel=\"noopener noreferrer\">ASSINE AGORA<\/a>\n        <\/div>\n      <\/div>\n      <p class=\"texto-auxiliar\">Prepare-se com o melhor material e com quem mais aprova em Concursos P\u00fablicos em todo o pa\u00eds. Assine agora a nossa Assinatura Anual e tenha acesso ilimitado* a todos os nossos cursos.<\/p>\n    <\/div>\n\n    <div class=\"col-sm\">\n      <div class=\"questoes\" id=\"box-assinatura\">\n        <h3 class=\"titulo-assinatura\">Sistema de Quest\u00f5es<\/h3>\n        <p class=\"subtitulo-assinatura\">Assinatura Ilimitada*\n<\/p>\n        <div class=\"box-botao\">\n          <a class=\"btn-assinatura\" target=\"_blank\" href=\"https:\/\/www.estrategiaconcursos.com.br\/cursosPorConcurso\/sistema-de-questoes\/#\/\" role=\"button\" rel=\"noopener noreferrer\">ASSINE AGORA<\/a>\n        <\/div>\n      <\/div>\n      <p class=\"texto-auxiliar\">Estrat\u00e9gia Quest\u00f5es nasceu maior do que todos os concorrentes, com mais quest\u00f5es cadastradas e mais solu\u00e7\u00f5es por professores. Clique no link e aproveite os descontos e b\u00f4nus imperd\u00edveis!<\/p>\n    <\/div>\n  <\/div>\n<\/div>\n\n\n\n<p><\/p>\n","protected":false},"excerpt":{"rendered":"<p>Est\u00e1 estudando para a \u00e1rea de Resid\u00eancias Multiprofissionais de Sa\u00fade, que oferta milhares de oportunidades em todo o pa\u00eds, e n\u00e3o sabe como se preparar? Pode deixar com n\u00f3s, do Estrat\u00e9gia Concursos! O projeto desafio 21 dias se destina a preparar os alunos que ir\u00e3o prestar os programas de resid\u00eancias em 2021. Teremos transmiss\u00e3o de [&hellip;]<\/p>\n","protected":false},"author":571,"featured_media":620069,"comment_status":"open","ping_status":"closed","sticky":false,"template":"","format":"standard","meta":{"post_tipo":"article","footnotes":""},"categories":[1981],"tags":[],"tax_estado":[219963],"class_list":["post-620060","post","type-post","status-publish","format-standard","has-post-thumbnail","hentry","category-saude","tax_estado-concursos-federais"],"acf":[],"yoast_head":"<!-- This site is optimized with the Yoast SEO Premium plugin v27.2 (Yoast SEO v27.2) - https:\/\/yoast.com\/product\/yoast-seo-premium-wordpress\/ -->\n<title>Desafio 21 dias: Resid\u00eancias Multiprofissionais Sa\u00fade<\/title>\n<meta name=\"robots\" content=\"index, follow, max-snippet:-1, max-image-preview:large, max-video-preview:-1\" \/>\n<link rel=\"canonical\" href=\"https:\/\/www.estrategiaconcursos.com.br\/blog\/desafio-21-dias-residencias-multiprofissionais-saude\/\" \/>\n<meta property=\"og:locale\" content=\"pt_BR\" \/>\n<meta property=\"og:type\" content=\"article\" \/>\n<meta property=\"og:title\" content=\"Desafio 21 dias: Resid\u00eancias Multiprofissionais Sa\u00fade\" \/>\n<meta property=\"og:description\" content=\"Est\u00e1 estudando para a \u00e1rea de Resid\u00eancias Multiprofissionais de Sa\u00fade, que oferta milhares de oportunidades em todo o pa\u00eds, e n\u00e3o sabe como se preparar? Pode deixar com n\u00f3s, do Estrat\u00e9gia Concursos! O projeto desafio 21 dias se destina a preparar os alunos que ir\u00e3o prestar os programas de resid\u00eancias em 2021. Teremos transmiss\u00e3o de [&hellip;]\" \/>\n<meta property=\"og:url\" content=\"https:\/\/www.estrategiaconcursos.com.br\/blog\/desafio-21-dias-residencias-multiprofissionais-saude\/\" \/>\n<meta property=\"og:site_name\" content=\"Estrat\u00e9gia Concursos\" \/>\n<meta property=\"article:published_time\" content=\"2020-11-30T22:41:03+00:00\" \/>\n<meta property=\"article:modified_time\" content=\"2023-06-22T13:47:01+00:00\" \/>\n<meta property=\"og:image\" content=\"https:\/\/dhg1h5j42swfq.cloudfront.net\/2020\/11\/30194200\/Residencia_Multiprofissional.jpg\" \/>\n\t<meta property=\"og:image:width\" content=\"1200\" \/>\n\t<meta property=\"og:image:height\" content=\"628\" \/>\n\t<meta property=\"og:image:type\" content=\"image\/jpeg\" \/>\n<meta name=\"author\" content=\"Marina Becalli\" \/>\n<meta name=\"twitter:card\" content=\"summary_large_image\" \/>\n<meta name=\"twitter:creator\" content=\"@EstratConcursos\" \/>\n<meta name=\"twitter:site\" content=\"@EstratConcursos\" \/>\n<meta name=\"twitter:label1\" content=\"Escrito por\" \/>\n\t<meta name=\"twitter:data1\" content=\"Marina Becalli\" \/>\n\t<meta name=\"twitter:label2\" content=\"Est. tempo de leitura\" \/>\n\t<meta name=\"twitter:data2\" content=\"1 minuto\" \/>\n<script type=\"application\/ld+json\" class=\"yoast-schema-graph\">{\"@context\":\"https:\/\/schema.org\",\"@graph\":[{\"@type\":\"NewsArticle\",\"@id\":\"https:\/\/www.estrategiaconcursos.com.br\/blog\/desafio-21-dias-residencias-multiprofissionais-saude\/#article\",\"isPartOf\":{\"@id\":\"https:\/\/www.estrategiaconcursos.com.br\/blog\/desafio-21-dias-residencias-multiprofissionais-saude\/\"},\"author\":{\"name\":\"Marina Becalli\",\"@id\":\"https:\/\/www.estrategiaconcursos.com.br\/blog\/#\/schema\/person\/1e2475595233595270d17e0208f89ba3\"},\"headline\":\"Desafio 21 dias: Resid\u00eancias Multiprofissionais Sa\u00fade\",\"datePublished\":\"2020-11-30T22:41:03+00:00\",\"dateModified\":\"2023-06-22T13:47:01+00:00\",\"mainEntityOfPage\":{\"@id\":\"https:\/\/www.estrategiaconcursos.com.br\/blog\/desafio-21-dias-residencias-multiprofissionais-saude\/\"},\"wordCount\":273,\"commentCount\":0,\"publisher\":{\"@id\":\"https:\/\/www.estrategiaconcursos.com.br\/blog\/#organization\"},\"image\":{\"@id\":\"https:\/\/www.estrategiaconcursos.com.br\/blog\/desafio-21-dias-residencias-multiprofissionais-saude\/#primaryimage\"},\"thumbnailUrl\":\"https:\/\/dhg1h5j42swfq.cloudfront.net\/2020\/11\/30194200\/Residencia_Multiprofissional.jpg\",\"articleSection\":[\"Sa\u00fade\"],\"inLanguage\":\"pt-BR\",\"potentialAction\":[{\"@type\":\"CommentAction\",\"name\":\"Comment\",\"target\":[\"https:\/\/www.estrategiaconcursos.com.br\/blog\/desafio-21-dias-residencias-multiprofissionais-saude\/#respond\"]}],\"copyrightYear\":\"2020\",\"copyrightHolder\":{\"@id\":\"https:\/\/www.estrategiaconcursos.com.br\/blog\/#organization\"}},{\"@type\":\"WebPage\",\"@id\":\"https:\/\/www.estrategiaconcursos.com.br\/blog\/desafio-21-dias-residencias-multiprofissionais-saude\/\",\"url\":\"https:\/\/www.estrategiaconcursos.com.br\/blog\/desafio-21-dias-residencias-multiprofissionais-saude\/\",\"name\":\"Desafio 21 dias: Resid\u00eancias Multiprofissionais Sa\u00fade\",\"isPartOf\":{\"@id\":\"https:\/\/www.estrategiaconcursos.com.br\/blog\/#website\"},\"primaryImageOfPage\":{\"@id\":\"https:\/\/www.estrategiaconcursos.com.br\/blog\/desafio-21-dias-residencias-multiprofissionais-saude\/#primaryimage\"},\"image\":{\"@id\":\"https:\/\/www.estrategiaconcursos.com.br\/blog\/desafio-21-dias-residencias-multiprofissionais-saude\/#primaryimage\"},\"thumbnailUrl\":\"https:\/\/dhg1h5j42swfq.cloudfront.net\/2020\/11\/30194200\/Residencia_Multiprofissional.jpg\",\"datePublished\":\"2020-11-30T22:41:03+00:00\",\"dateModified\":\"2023-06-22T13:47:01+00:00\",\"breadcrumb\":{\"@id\":\"https:\/\/www.estrategiaconcursos.com.br\/blog\/desafio-21-dias-residencias-multiprofissionais-saude\/#breadcrumb\"},\"inLanguage\":\"pt-BR\",\"potentialAction\":[{\"@type\":\"ReadAction\",\"target\":[\"https:\/\/www.estrategiaconcursos.com.br\/blog\/desafio-21-dias-residencias-multiprofissionais-saude\/\"]}]},{\"@type\":\"ImageObject\",\"inLanguage\":\"pt-BR\",\"@id\":\"https:\/\/www.estrategiaconcursos.com.br\/blog\/desafio-21-dias-residencias-multiprofissionais-saude\/#primaryimage\",\"url\":\"https:\/\/dhg1h5j42swfq.cloudfront.net\/2020\/11\/30194200\/Residencia_Multiprofissional.jpg\",\"contentUrl\":\"https:\/\/dhg1h5j42swfq.cloudfront.net\/2020\/11\/30194200\/Residencia_Multiprofissional.jpg\",\"width\":1200,\"height\":628},{\"@type\":\"BreadcrumbList\",\"@id\":\"https:\/\/www.estrategiaconcursos.com.br\/blog\/desafio-21-dias-residencias-multiprofissionais-saude\/#breadcrumb\",\"itemListElement\":[{\"@type\":\"ListItem\",\"position\":1,\"name\":\"In\u00edcio\",\"item\":\"https:\/\/www.estrategiaconcursos.com.br\/blog\/\"},{\"@type\":\"ListItem\",\"position\":2,\"name\":\"Desafio 21 dias: Resid\u00eancias Multiprofissionais Sa\u00fade\"}]},{\"@type\":\"WebSite\",\"@id\":\"https:\/\/www.estrategiaconcursos.com.br\/blog\/#website\",\"url\":\"https:\/\/www.estrategiaconcursos.com.br\/blog\/\",\"name\":\"Estrat\u00e9gia Concursos\",\"description\":\"O blog da Estrat\u00e9gia Concursos traz not\u00edcias sobre concursos e artigos de professores oferecendo cursos para concursos (pdf + videaulas) no site.\",\"publisher\":{\"@id\":\"https:\/\/www.estrategiaconcursos.com.br\/blog\/#organization\"},\"potentialAction\":[{\"@type\":\"SearchAction\",\"target\":{\"@type\":\"EntryPoint\",\"urlTemplate\":\"https:\/\/www.estrategiaconcursos.com.br\/blog\/?s={search_term_string}\"},\"query-input\":{\"@type\":\"PropertyValueSpecification\",\"valueRequired\":true,\"valueName\":\"search_term_string\"}}],\"inLanguage\":\"pt-BR\"},{\"@type\":\"Organization\",\"@id\":\"https:\/\/www.estrategiaconcursos.com.br\/blog\/#organization\",\"name\":\"Estrat\u00e9gia Concursos\",\"url\":\"https:\/\/www.estrategiaconcursos.com.br\/blog\/\",\"logo\":{\"@type\":\"ImageObject\",\"inLanguage\":\"pt-BR\",\"@id\":\"https:\/\/www.estrategiaconcursos.com.br\/blog\/#\/schema\/logo\/image\/\",\"url\":\"https:\/\/dhg1h5j42swfq.cloudfront.net\/2025\/06\/03203428\/logo_concursos-1.jpg\",\"contentUrl\":\"https:\/\/dhg1h5j42swfq.cloudfront.net\/2025\/06\/03203428\/logo_concursos-1.jpg\",\"width\":230,\"height\":60,\"caption\":\"Estrat\u00e9gia Concursos\"},\"image\":{\"@id\":\"https:\/\/www.estrategiaconcursos.com.br\/blog\/#\/schema\/logo\/image\/\"},\"sameAs\":[\"https:\/\/x.com\/EstratConcursos\"]},{\"@type\":\"Person\",\"@id\":\"https:\/\/www.estrategiaconcursos.com.br\/blog\/#\/schema\/person\/1e2475595233595270d17e0208f89ba3\",\"name\":\"Marina Becalli\",\"image\":{\"@type\":\"ImageObject\",\"inLanguage\":\"pt-BR\",\"@id\":\"https:\/\/secure.gravatar.com\/avatar\/67fe85e0ba78cec86bca2a6aa240c72b754ad6f23a83ff554c5baca29367fde2?s=96&d=mm&r=g\",\"url\":\"https:\/\/secure.gravatar.com\/avatar\/67fe85e0ba78cec86bca2a6aa240c72b754ad6f23a83ff554c5baca29367fde2?s=96&d=mm&r=g\",\"contentUrl\":\"https:\/\/secure.gravatar.com\/avatar\/67fe85e0ba78cec86bca2a6aa240c72b754ad6f23a83ff554c5baca29367fde2?s=96&d=mm&r=g\",\"caption\":\"Marina Becalli\"},\"url\":\"https:\/\/www.estrategiaconcursos.com.br\/blog\/author\/marinapbeccalligmail-com\/\"}]}<\/script>\n<!-- \/ Yoast SEO Premium plugin. -->","yoast_head_json":{"title":"Desafio 21 dias: Resid\u00eancias Multiprofissionais Sa\u00fade","robots":{"index":"index","follow":"follow","max-snippet":"max-snippet:-1","max-image-preview":"max-image-preview:large","max-video-preview":"max-video-preview:-1"},"canonical":"https:\/\/www.estrategiaconcursos.com.br\/blog\/desafio-21-dias-residencias-multiprofissionais-saude\/","og_locale":"pt_BR","og_type":"article","og_title":"Desafio 21 dias: Resid\u00eancias Multiprofissionais Sa\u00fade","og_description":"Est\u00e1 estudando para a \u00e1rea de Resid\u00eancias Multiprofissionais de Sa\u00fade, que oferta milhares de oportunidades em todo o pa\u00eds, e n\u00e3o sabe como se preparar? Pode deixar com n\u00f3s, do Estrat\u00e9gia Concursos! O projeto desafio 21 dias se destina a preparar os alunos que ir\u00e3o prestar os programas de resid\u00eancias em 2021. Teremos transmiss\u00e3o de [&hellip;]","og_url":"https:\/\/www.estrategiaconcursos.com.br\/blog\/desafio-21-dias-residencias-multiprofissionais-saude\/","og_site_name":"Estrat\u00e9gia Concursos","article_published_time":"2020-11-30T22:41:03+00:00","article_modified_time":"2023-06-22T13:47:01+00:00","og_image":[{"width":1200,"height":628,"url":"https:\/\/dhg1h5j42swfq.cloudfront.net\/2020\/11\/30194200\/Residencia_Multiprofissional.jpg","type":"image\/jpeg"}],"author":"Marina Becalli","twitter_card":"summary_large_image","twitter_creator":"@EstratConcursos","twitter_site":"@EstratConcursos","twitter_misc":{"Escrito por":"Marina Becalli","Est. tempo de leitura":"1 minuto"},"schema":{"@context":"https:\/\/schema.org","@graph":[{"@type":"NewsArticle","@id":"https:\/\/www.estrategiaconcursos.com.br\/blog\/desafio-21-dias-residencias-multiprofissionais-saude\/#article","isPartOf":{"@id":"https:\/\/www.estrategiaconcursos.com.br\/blog\/desafio-21-dias-residencias-multiprofissionais-saude\/"},"author":{"name":"Marina Becalli","@id":"https:\/\/www.estrategiaconcursos.com.br\/blog\/#\/schema\/person\/1e2475595233595270d17e0208f89ba3"},"headline":"Desafio 21 dias: Resid\u00eancias Multiprofissionais Sa\u00fade","datePublished":"2020-11-30T22:41:03+00:00","dateModified":"2023-06-22T13:47:01+00:00","mainEntityOfPage":{"@id":"https:\/\/www.estrategiaconcursos.com.br\/blog\/desafio-21-dias-residencias-multiprofissionais-saude\/"},"wordCount":273,"commentCount":0,"publisher":{"@id":"https:\/\/www.estrategiaconcursos.com.br\/blog\/#organization"},"image":{"@id":"https:\/\/www.estrategiaconcursos.com.br\/blog\/desafio-21-dias-residencias-multiprofissionais-saude\/#primaryimage"},"thumbnailUrl":"https:\/\/dhg1h5j42swfq.cloudfront.net\/2020\/11\/30194200\/Residencia_Multiprofissional.jpg","articleSection":["Sa\u00fade"],"inLanguage":"pt-BR","potentialAction":[{"@type":"CommentAction","name":"Comment","target":["https:\/\/www.estrategiaconcursos.com.br\/blog\/desafio-21-dias-residencias-multiprofissionais-saude\/#respond"]}],"copyrightYear":"2020","copyrightHolder":{"@id":"https:\/\/www.estrategiaconcursos.com.br\/blog\/#organization"}},{"@type":"WebPage","@id":"https:\/\/www.estrategiaconcursos.com.br\/blog\/desafio-21-dias-residencias-multiprofissionais-saude\/","url":"https:\/\/www.estrategiaconcursos.com.br\/blog\/desafio-21-dias-residencias-multiprofissionais-saude\/","name":"Desafio 21 dias: Resid\u00eancias Multiprofissionais Sa\u00fade","isPartOf":{"@id":"https:\/\/www.estrategiaconcursos.com.br\/blog\/#website"},"primaryImageOfPage":{"@id":"https:\/\/www.estrategiaconcursos.com.br\/blog\/desafio-21-dias-residencias-multiprofissionais-saude\/#primaryimage"},"image":{"@id":"https:\/\/www.estrategiaconcursos.com.br\/blog\/desafio-21-dias-residencias-multiprofissionais-saude\/#primaryimage"},"thumbnailUrl":"https:\/\/dhg1h5j42swfq.cloudfront.net\/2020\/11\/30194200\/Residencia_Multiprofissional.jpg","datePublished":"2020-11-30T22:41:03+00:00","dateModified":"2023-06-22T13:47:01+00:00","breadcrumb":{"@id":"https:\/\/www.estrategiaconcursos.com.br\/blog\/desafio-21-dias-residencias-multiprofissionais-saude\/#breadcrumb"},"inLanguage":"pt-BR","potentialAction":[{"@type":"ReadAction","target":["https:\/\/www.estrategiaconcursos.com.br\/blog\/desafio-21-dias-residencias-multiprofissionais-saude\/"]}]},{"@type":"ImageObject","inLanguage":"pt-BR","@id":"https:\/\/www.estrategiaconcursos.com.br\/blog\/desafio-21-dias-residencias-multiprofissionais-saude\/#primaryimage","url":"https:\/\/dhg1h5j42swfq.cloudfront.net\/2020\/11\/30194200\/Residencia_Multiprofissional.jpg","contentUrl":"https:\/\/dhg1h5j42swfq.cloudfront.net\/2020\/11\/30194200\/Residencia_Multiprofissional.jpg","width":1200,"height":628},{"@type":"BreadcrumbList","@id":"https:\/\/www.estrategiaconcursos.com.br\/blog\/desafio-21-dias-residencias-multiprofissionais-saude\/#breadcrumb","itemListElement":[{"@type":"ListItem","position":1,"name":"In\u00edcio","item":"https:\/\/www.estrategiaconcursos.com.br\/blog\/"},{"@type":"ListItem","position":2,"name":"Desafio 21 dias: Resid\u00eancias Multiprofissionais Sa\u00fade"}]},{"@type":"WebSite","@id":"https:\/\/www.estrategiaconcursos.com.br\/blog\/#website","url":"https:\/\/www.estrategiaconcursos.com.br\/blog\/","name":"Estrat\u00e9gia Concursos","description":"O blog da Estrat\u00e9gia Concursos traz not\u00edcias sobre concursos e artigos de professores oferecendo cursos para concursos (pdf + videaulas) no site.","publisher":{"@id":"https:\/\/www.estrategiaconcursos.com.br\/blog\/#organization"},"potentialAction":[{"@type":"SearchAction","target":{"@type":"EntryPoint","urlTemplate":"https:\/\/www.estrategiaconcursos.com.br\/blog\/?s={search_term_string}"},"query-input":{"@type":"PropertyValueSpecification","valueRequired":true,"valueName":"search_term_string"}}],"inLanguage":"pt-BR"},{"@type":"Organization","@id":"https:\/\/www.estrategiaconcursos.com.br\/blog\/#organization","name":"Estrat\u00e9gia Concursos","url":"https:\/\/www.estrategiaconcursos.com.br\/blog\/","logo":{"@type":"ImageObject","inLanguage":"pt-BR","@id":"https:\/\/www.estrategiaconcursos.com.br\/blog\/#\/schema\/logo\/image\/","url":"https:\/\/dhg1h5j42swfq.cloudfront.net\/2025\/06\/03203428\/logo_concursos-1.jpg","contentUrl":"https:\/\/dhg1h5j42swfq.cloudfront.net\/2025\/06\/03203428\/logo_concursos-1.jpg","width":230,"height":60,"caption":"Estrat\u00e9gia Concursos"},"image":{"@id":"https:\/\/www.estrategiaconcursos.com.br\/blog\/#\/schema\/logo\/image\/"},"sameAs":["https:\/\/x.com\/EstratConcursos"]},{"@type":"Person","@id":"https:\/\/www.estrategiaconcursos.com.br\/blog\/#\/schema\/person\/1e2475595233595270d17e0208f89ba3","name":"Marina Becalli","image":{"@type":"ImageObject","inLanguage":"pt-BR","@id":"https:\/\/secure.gravatar.com\/avatar\/67fe85e0ba78cec86bca2a6aa240c72b754ad6f23a83ff554c5baca29367fde2?s=96&d=mm&r=g","url":"https:\/\/secure.gravatar.com\/avatar\/67fe85e0ba78cec86bca2a6aa240c72b754ad6f23a83ff554c5baca29367fde2?s=96&d=mm&r=g","contentUrl":"https:\/\/secure.gravatar.com\/avatar\/67fe85e0ba78cec86bca2a6aa240c72b754ad6f23a83ff554c5baca29367fde2?s=96&d=mm&r=g","caption":"Marina Becalli"},"url":"https:\/\/www.estrategiaconcursos.com.br\/blog\/author\/marinapbeccalligmail-com\/"}]}},"_links":{"self":[{"href":"https:\/\/www.estrategiaconcursos.com.br\/blog\/wp-json\/wp\/v2\/posts\/620060","targetHints":{"allow":["GET"]}}],"collection":[{"href":"https:\/\/www.estrategiaconcursos.com.br\/blog\/wp-json\/wp\/v2\/posts"}],"about":[{"href":"https:\/\/www.estrategiaconcursos.com.br\/blog\/wp-json\/wp\/v2\/types\/post"}],"author":[{"embeddable":true,"href":"https:\/\/www.estrategiaconcursos.com.br\/blog\/wp-json\/wp\/v2\/users\/571"}],"replies":[{"embeddable":true,"href":"https:\/\/www.estrategiaconcursos.com.br\/blog\/wp-json\/wp\/v2\/comments?post=620060"}],"version-history":[{"count":4,"href":"https:\/\/www.estrategiaconcursos.com.br\/blog\/wp-json\/wp\/v2\/posts\/620060\/revisions"}],"predecessor-version":[{"id":1237026,"href":"https:\/\/www.estrategiaconcursos.com.br\/blog\/wp-json\/wp\/v2\/posts\/620060\/revisions\/1237026"}],"wp:featuredmedia":[{"embeddable":true,"href":"https:\/\/www.estrategiaconcursos.com.br\/blog\/wp-json\/wp\/v2\/media\/620069"}],"wp:attachment":[{"href":"https:\/\/www.estrategiaconcursos.com.br\/blog\/wp-json\/wp\/v2\/media?parent=620060"}],"wp:term":[{"taxonomy":"category","embeddable":true,"href":"https:\/\/www.estrategiaconcursos.com.br\/blog\/wp-json\/wp\/v2\/categories?post=620060"},{"taxonomy":"post_tag","embeddable":true,"href":"https:\/\/www.estrategiaconcursos.com.br\/blog\/wp-json\/wp\/v2\/tags?post=620060"},{"taxonomy":"tax_estado","embeddable":true,"href":"https:\/\/www.estrategiaconcursos.com.br\/blog\/wp-json\/wp\/v2\/tax_estado?post=620060"}],"curies":[{"name":"wp","href":"https:\/\/api.w.org\/{rel}","templated":true}]}}