{"id":619807,"date":"2020-12-02T17:00:01","date_gmt":"2020-12-02T20:00:01","guid":{"rendered":"https:\/\/www.estrategiaconcursos.com.br\/blog\/?p=619807"},"modified":"2023-06-13T14:52:16","modified_gmt":"2023-06-13T17:52:16","slug":"comunicacao-social-e-jornalismo-para-concursos","status":"publish","type":"post","link":"https:\/\/www.estrategiaconcursos.com.br\/blog\/comunicacao-social-e-jornalismo-para-concursos\/","title":{"rendered":"Comunica\u00e7\u00e3o Social e Jornalismo: prepara\u00e7\u00e3o para concursos p\u00fablicos"},"content":{"rendered":"\n<p>Voc\u00ea sabia que a <strong>Comunica\u00e7\u00e3o Social<\/strong> \u00e9 um tema bastante amplo nos estudos para concursos p\u00fablicos? Isso porque geralmente as sele\u00e7\u00f5es incluem conhecimentos pertinentes \u00e0s diversas habilita\u00e7\u00f5es desta \u00e1rea, como <strong>Jornalismo, Rela\u00e7\u00f5es P\u00fablicas, Publicidade e Propaganda, entre outras<\/strong>.<\/p>\n\n\n\n<p>Assim, \u00e9 muito comum encontrarmos concursos na \u00e1rea de comunica\u00e7\u00e3o com os cargos de Analista de Comunica\u00e7\u00e3o, Jornalista, Assessor de Imprensa, Assessor de Comunica\u00e7\u00e3o, Publicit\u00e1rio, entre outros.<\/p>\n\n\n\n<p>Esses cargos se fazem presentes em v\u00e1rios tipos de \u00f3rg\u00e3os e entidades, como nas Assembleias Legislativas, Tribunais, Conselhos, Ag\u00eancias Reguladoras, Minist\u00e9rios P\u00fablicos e Prefeituras. E uma vantagem \u00e9 que, em geral, as fun\u00e7\u00f5es vinculadas \u00e0 \u00e1rea de comunica\u00e7\u00e3o&nbsp;<strong>pagam t\u00e3o bem<\/strong>&nbsp;quanto as demais.<\/p>\n\n\n\n<p>Por isso, \u00e9 muito importante estar antenado em todas as oportunidades que surgem por a\u00ed, bem como afiado nos estudos. \u00c9 isso mesmo! Para quem deseja trilhar a carreira p\u00fablica, precisa se dedicar muito. O bom concurseiro n\u00e3o para nunca! <\/p>\n\n\n\n<p>E para voc\u00ea que deseja garantir essa prepara\u00e7\u00e3o nos concursos de comunica\u00e7\u00e3o, basta participar da transmiss\u00e3o do evento <strong>&#8220;Comunica\u00e7\u00e3o Social e Jornalismo: prepara\u00e7\u00e3o eficiente para concursos p\u00fablicos&#8221;,<\/strong> esta noite (02), \u00e0s 18h. <\/p>\n\n\n\n<h3 class=\"wp-block-heading has-text-align-center\" id=\"h-ao-vivo-a-partir-das-18h\"><strong>AO VIVO a partir das 18h:<\/strong><\/h3>\n\n\n<figure class=\"wp-block-embed-youtube wp-block-embed is-type-video is-provider-youtube wp-embed-aspect-16-9 wp-has-aspect-ratio\"><div class=\"lyte-wrapper\" style=\"width:853px;max-width:100%;margin:5px;\"><div class=\"lyMe\" id=\"WYL_873pj_J8iog\"><div id=\"lyte_873pj_J8iog\" data-src=\"\/\/i.ytimg.com\/vi\/873pj_J8iog\/hqdefault.jpg\" class=\"pL\"><div class=\"tC\"><div class=\"tT\"><\/div><\/div><div class=\"play\"><\/div><div class=\"ctrl\"><div class=\"Lctrl\"><\/div><div class=\"Rctrl\"><\/div><\/div><\/div><noscript><a href=\"https:\/\/youtu.be\/873pj_J8iog\" rel=\"nofollow\"><img loading=\"lazy\" decoding=\"async\" src=\"https:\/\/i.ytimg.com\/vi\/873pj_J8iog\/0.jpg\" alt=\"YouTube video thumbnail\" width=\"853\" height=\"460\" \/><br \/>Assista a este v\u00eddeo no YouTube<\/a><\/noscript><\/div><\/div><div class=\"lL\" style=\"max-width:100%;width:853px;margin:5px;\"><\/div><figcaption><\/figcaption><\/figure>\n\n\n<div class=\"container\" id=\"boxes\">\n  <div class=\"row\">\n\n    <div class=\"col-sm\">\n      <div class=\"estrategia\" id=\"box-assinatura\">\n        <h3 class=\"titulo-assinatura\">Assinatura Ilimitada<\/h3>\n        <p class=\"subtitulo-assinatura\">Assinatura Anual Ilimitada*<\/p>\n        <div class=\"box-botao\">\n          <a class=\"btn-assinatura\" target=\"_blank\" href=\"https:\/\/www.estrategiaconcursos.com.br\/assinaturas\/\" role=\"button\" rel=\"noopener noreferrer\">ASSINE AGORA<\/a>\n        <\/div>\n      <\/div>\n      <p class=\"texto-auxiliar\">Prepare-se com o melhor material e com quem mais aprova em Concursos P\u00fablicos em todo o pa\u00eds. Assine agora a nossa Assinatura Anual e tenha acesso ilimitado* a todos os nossos cursos.<\/p>\n    <\/div>\n\n    <div class=\"col-sm\">\n      <div class=\"questoes\" id=\"box-assinatura\">\n        <h3 class=\"titulo-assinatura\">Sistema de Quest\u00f5es<\/h3>\n        <p class=\"subtitulo-assinatura\">Assinatura Ilimitada*\n<\/p>\n        <div class=\"box-botao\">\n          <a class=\"btn-assinatura\" target=\"_blank\" href=\"https:\/\/www.estrategiaconcursos.com.br\/cursosPorConcurso\/sistema-de-questoes\/#\/\" role=\"button\" rel=\"noopener noreferrer\">ASSINE AGORA<\/a>\n        <\/div>\n      <\/div>\n      <p class=\"texto-auxiliar\">Estrat\u00e9gia Quest\u00f5es nasceu maior do que todos os concorrentes, com mais quest\u00f5es cadastradas e mais solu\u00e7\u00f5es por professores. Clique no link e aproveite os descontos e b\u00f4nus imperd\u00edveis!<\/p>\n    <\/div>\n  <\/div>\n<\/div>\n\n\n\n<p><\/p>\n","protected":false},"excerpt":{"rendered":"<p>Voc\u00ea sabia que a Comunica\u00e7\u00e3o Social \u00e9 um tema bastante amplo nos estudos para concursos p\u00fablicos? Isso porque geralmente as sele\u00e7\u00f5es incluem conhecimentos pertinentes \u00e0s diversas habilita\u00e7\u00f5es desta \u00e1rea, como Jornalismo, Rela\u00e7\u00f5es P\u00fablicas, Publicidade e Propaganda, entre outras. Assim, \u00e9 muito comum encontrarmos concursos na \u00e1rea de comunica\u00e7\u00e3o com os cargos de Analista de Comunica\u00e7\u00e3o, [&hellip;]<\/p>\n","protected":false},"author":1432,"featured_media":620771,"comment_status":"open","ping_status":"closed","sticky":false,"template":"","format":"standard","meta":{"post_tipo":"article","footnotes":""},"categories":[1],"tags":[],"tax_estado":[219964,219965,219966,219967,219968,219969,219963,219970,219971,219972,219973,219974,219975,219976,219977,219978,219979,219980,219981,219982,219983,219984,219985,219986,219987,219988,219989,219990],"class_list":["post-619807","post","type-post","status-publish","format-standard","has-post-thumbnail","hentry","category-cursos-e-concursos","tax_estado-ac","tax_estado-al","tax_estado-am","tax_estado-ap","tax_estado-ba","tax_estado-ce","tax_estado-concursos-federais","tax_estado-df","tax_estado-es","tax_estado-go","tax_estado-ma","tax_estado-mg","tax_estado-ms","tax_estado-mt","tax_estado-pa","tax_estado-pb","tax_estado-pe","tax_estado-pi","tax_estado-pr","tax_estado-rj","tax_estado-rn","tax_estado-ro","tax_estado-rr","tax_estado-rs","tax_estado-sc","tax_estado-se","tax_estado-sp","tax_estado-to"],"acf":[],"yoast_head":"<!-- This site is optimized with the Yoast SEO Premium plugin v27.2 (Yoast SEO v27.2) - https:\/\/yoast.com\/product\/yoast-seo-premium-wordpress\/ -->\n<title>Comunica\u00e7\u00e3o Social e Jornalismo: prepara\u00e7\u00e3o para concursos p\u00fablicos<\/title>\n<meta name=\"description\" content=\"Participe da transmiss\u00e3o do evento &quot;Comunica\u00e7\u00e3o Social e Jornalismo: prepara\u00e7\u00e3o para concursos p\u00fablicos&quot;, a partir das 18h de HOJE!!\" \/>\n<meta name=\"robots\" content=\"index, follow, max-snippet:-1, max-image-preview:large, max-video-preview:-1\" \/>\n<link rel=\"canonical\" href=\"https:\/\/www.estrategiaconcursos.com.br\/blog\/comunicacao-social-e-jornalismo-para-concursos\/\" \/>\n<meta property=\"og:locale\" content=\"pt_BR\" \/>\n<meta property=\"og:type\" content=\"article\" \/>\n<meta property=\"og:title\" content=\"Comunica\u00e7\u00e3o Social e Jornalismo: prepara\u00e7\u00e3o para concursos p\u00fablicos\" \/>\n<meta property=\"og:description\" content=\"Participe da transmiss\u00e3o do evento &quot;Comunica\u00e7\u00e3o Social e Jornalismo: prepara\u00e7\u00e3o para concursos p\u00fablicos&quot;, a partir das 18h de HOJE!!\" \/>\n<meta property=\"og:url\" content=\"https:\/\/www.estrategiaconcursos.com.br\/blog\/comunicacao-social-e-jornalismo-para-concursos\/\" \/>\n<meta property=\"og:site_name\" content=\"Estrat\u00e9gia Concursos\" \/>\n<meta property=\"article:published_time\" content=\"2020-12-02T20:00:01+00:00\" \/>\n<meta property=\"article:modified_time\" content=\"2023-06-13T17:52:16+00:00\" \/>\n<meta property=\"og:image\" content=\"https:\/\/dhg1h5j42swfq.cloudfront.net\/2020\/12\/01151724\/WhatsApp-Image-2020-12-01-at-15.17.10.jpeg\" \/>\n\t<meta property=\"og:image:width\" content=\"1266\" \/>\n\t<meta property=\"og:image:height\" content=\"644\" \/>\n\t<meta property=\"og:image:type\" content=\"image\/jpeg\" \/>\n<meta name=\"author\" content=\"J\u00falia Branco\" \/>\n<meta name=\"twitter:card\" content=\"summary_large_image\" \/>\n<meta name=\"twitter:creator\" content=\"@EstratConcursos\" \/>\n<meta name=\"twitter:site\" content=\"@EstratConcursos\" \/>\n<meta name=\"twitter:label1\" content=\"Escrito por\" \/>\n\t<meta name=\"twitter:data1\" content=\"J\u00falia Branco\" \/>\n\t<meta name=\"twitter:label2\" content=\"Est. tempo de leitura\" \/>\n\t<meta name=\"twitter:data2\" content=\"2 minutos\" \/>\n<script type=\"application\/ld+json\" class=\"yoast-schema-graph\">{\"@context\":\"https:\/\/schema.org\",\"@graph\":[{\"@type\":\"NewsArticle\",\"@id\":\"https:\/\/www.estrategiaconcursos.com.br\/blog\/comunicacao-social-e-jornalismo-para-concursos\/#article\",\"isPartOf\":{\"@id\":\"https:\/\/www.estrategiaconcursos.com.br\/blog\/comunicacao-social-e-jornalismo-para-concursos\/\"},\"author\":{\"name\":\"J\u00falia Branco\",\"@id\":\"https:\/\/www.estrategiaconcursos.com.br\/blog\/#\/schema\/person\/8a4a2ce92e69596f6fc586bac2e00aa6\"},\"headline\":\"Comunica\u00e7\u00e3o Social e Jornalismo: prepara\u00e7\u00e3o para concursos p\u00fablicos\",\"datePublished\":\"2020-12-02T20:00:01+00:00\",\"dateModified\":\"2023-06-13T17:52:16+00:00\",\"mainEntityOfPage\":{\"@id\":\"https:\/\/www.estrategiaconcursos.com.br\/blog\/comunicacao-social-e-jornalismo-para-concursos\/\"},\"wordCount\":311,\"commentCount\":0,\"publisher\":{\"@id\":\"https:\/\/www.estrategiaconcursos.com.br\/blog\/#organization\"},\"image\":{\"@id\":\"https:\/\/www.estrategiaconcursos.com.br\/blog\/comunicacao-social-e-jornalismo-para-concursos\/#primaryimage\"},\"thumbnailUrl\":\"https:\/\/dhg1h5j42swfq.cloudfront.net\/2020\/12\/01151724\/WhatsApp-Image-2020-12-01-at-15.17.10.jpeg\",\"articleSection\":[\"Concursos P\u00fablicos\"],\"inLanguage\":\"pt-BR\",\"potentialAction\":[{\"@type\":\"CommentAction\",\"name\":\"Comment\",\"target\":[\"https:\/\/www.estrategiaconcursos.com.br\/blog\/comunicacao-social-e-jornalismo-para-concursos\/#respond\"]}],\"copyrightYear\":\"2020\",\"copyrightHolder\":{\"@id\":\"https:\/\/www.estrategiaconcursos.com.br\/blog\/#organization\"}},{\"@type\":\"WebPage\",\"@id\":\"https:\/\/www.estrategiaconcursos.com.br\/blog\/comunicacao-social-e-jornalismo-para-concursos\/\",\"url\":\"https:\/\/www.estrategiaconcursos.com.br\/blog\/comunicacao-social-e-jornalismo-para-concursos\/\",\"name\":\"Comunica\u00e7\u00e3o Social e Jornalismo: prepara\u00e7\u00e3o para concursos p\u00fablicos\",\"isPartOf\":{\"@id\":\"https:\/\/www.estrategiaconcursos.com.br\/blog\/#website\"},\"primaryImageOfPage\":{\"@id\":\"https:\/\/www.estrategiaconcursos.com.br\/blog\/comunicacao-social-e-jornalismo-para-concursos\/#primaryimage\"},\"image\":{\"@id\":\"https:\/\/www.estrategiaconcursos.com.br\/blog\/comunicacao-social-e-jornalismo-para-concursos\/#primaryimage\"},\"thumbnailUrl\":\"https:\/\/dhg1h5j42swfq.cloudfront.net\/2020\/12\/01151724\/WhatsApp-Image-2020-12-01-at-15.17.10.jpeg\",\"datePublished\":\"2020-12-02T20:00:01+00:00\",\"dateModified\":\"2023-06-13T17:52:16+00:00\",\"description\":\"Participe da transmiss\u00e3o do evento \\\"Comunica\u00e7\u00e3o Social e Jornalismo: prepara\u00e7\u00e3o para concursos p\u00fablicos\\\", a partir das 18h de HOJE!!\",\"breadcrumb\":{\"@id\":\"https:\/\/www.estrategiaconcursos.com.br\/blog\/comunicacao-social-e-jornalismo-para-concursos\/#breadcrumb\"},\"inLanguage\":\"pt-BR\",\"potentialAction\":[{\"@type\":\"ReadAction\",\"target\":[\"https:\/\/www.estrategiaconcursos.com.br\/blog\/comunicacao-social-e-jornalismo-para-concursos\/\"]}]},{\"@type\":\"ImageObject\",\"inLanguage\":\"pt-BR\",\"@id\":\"https:\/\/www.estrategiaconcursos.com.br\/blog\/comunicacao-social-e-jornalismo-para-concursos\/#primaryimage\",\"url\":\"https:\/\/dhg1h5j42swfq.cloudfront.net\/2020\/12\/01151724\/WhatsApp-Image-2020-12-01-at-15.17.10.jpeg\",\"contentUrl\":\"https:\/\/dhg1h5j42swfq.cloudfront.net\/2020\/12\/01151724\/WhatsApp-Image-2020-12-01-at-15.17.10.jpeg\",\"width\":1266,\"height\":644,\"caption\":\"Comunica\u00e7\u00e3o Social e Jornalismo: prepara\u00e7\u00e3o para concursos p\u00fablicos\"},{\"@type\":\"BreadcrumbList\",\"@id\":\"https:\/\/www.estrategiaconcursos.com.br\/blog\/comunicacao-social-e-jornalismo-para-concursos\/#breadcrumb\",\"itemListElement\":[{\"@type\":\"ListItem\",\"position\":1,\"name\":\"In\u00edcio\",\"item\":\"https:\/\/www.estrategiaconcursos.com.br\/blog\/\"},{\"@type\":\"ListItem\",\"position\":2,\"name\":\"Comunica\u00e7\u00e3o Social e Jornalismo: prepara\u00e7\u00e3o para concursos p\u00fablicos\"}]},{\"@type\":\"WebSite\",\"@id\":\"https:\/\/www.estrategiaconcursos.com.br\/blog\/#website\",\"url\":\"https:\/\/www.estrategiaconcursos.com.br\/blog\/\",\"name\":\"Estrat\u00e9gia Concursos\",\"description\":\"O blog da Estrat\u00e9gia Concursos traz not\u00edcias sobre concursos e artigos de professores oferecendo cursos para concursos (pdf + videaulas) no site.\",\"publisher\":{\"@id\":\"https:\/\/www.estrategiaconcursos.com.br\/blog\/#organization\"},\"potentialAction\":[{\"@type\":\"SearchAction\",\"target\":{\"@type\":\"EntryPoint\",\"urlTemplate\":\"https:\/\/www.estrategiaconcursos.com.br\/blog\/?s={search_term_string}\"},\"query-input\":{\"@type\":\"PropertyValueSpecification\",\"valueRequired\":true,\"valueName\":\"search_term_string\"}}],\"inLanguage\":\"pt-BR\"},{\"@type\":\"Organization\",\"@id\":\"https:\/\/www.estrategiaconcursos.com.br\/blog\/#organization\",\"name\":\"Estrat\u00e9gia Concursos\",\"url\":\"https:\/\/www.estrategiaconcursos.com.br\/blog\/\",\"logo\":{\"@type\":\"ImageObject\",\"inLanguage\":\"pt-BR\",\"@id\":\"https:\/\/www.estrategiaconcursos.com.br\/blog\/#\/schema\/logo\/image\/\",\"url\":\"https:\/\/dhg1h5j42swfq.cloudfront.net\/2025\/06\/03203428\/logo_concursos-1.jpg\",\"contentUrl\":\"https:\/\/dhg1h5j42swfq.cloudfront.net\/2025\/06\/03203428\/logo_concursos-1.jpg\",\"width\":230,\"height\":60,\"caption\":\"Estrat\u00e9gia Concursos\"},\"image\":{\"@id\":\"https:\/\/www.estrategiaconcursos.com.br\/blog\/#\/schema\/logo\/image\/\"},\"sameAs\":[\"https:\/\/x.com\/EstratConcursos\"]},{\"@type\":\"Person\",\"@id\":\"https:\/\/www.estrategiaconcursos.com.br\/blog\/#\/schema\/person\/8a4a2ce92e69596f6fc586bac2e00aa6\",\"name\":\"J\u00falia Branco\",\"image\":{\"@type\":\"ImageObject\",\"inLanguage\":\"pt-BR\",\"@id\":\"https:\/\/secure.gravatar.com\/avatar\/0f766fa82cc670dc5dc1bfb2b089001368538ed907cbd3f55bb04c1f70f134b5?s=96&d=mm&r=g\",\"url\":\"https:\/\/secure.gravatar.com\/avatar\/0f766fa82cc670dc5dc1bfb2b089001368538ed907cbd3f55bb04c1f70f134b5?s=96&d=mm&r=g\",\"contentUrl\":\"https:\/\/secure.gravatar.com\/avatar\/0f766fa82cc670dc5dc1bfb2b089001368538ed907cbd3f55bb04c1f70f134b5?s=96&d=mm&r=g\",\"caption\":\"J\u00falia Branco\"},\"url\":\"https:\/\/www.estrategiaconcursos.com.br\/blog\/author\/juliakbrancogmail-com\/\"}]}<\/script>\n<!-- \/ Yoast SEO Premium plugin. -->","yoast_head_json":{"title":"Comunica\u00e7\u00e3o Social e Jornalismo: prepara\u00e7\u00e3o para concursos p\u00fablicos","description":"Participe da transmiss\u00e3o do evento \"Comunica\u00e7\u00e3o Social e Jornalismo: prepara\u00e7\u00e3o para concursos p\u00fablicos\", a partir das 18h de HOJE!!","robots":{"index":"index","follow":"follow","max-snippet":"max-snippet:-1","max-image-preview":"max-image-preview:large","max-video-preview":"max-video-preview:-1"},"canonical":"https:\/\/www.estrategiaconcursos.com.br\/blog\/comunicacao-social-e-jornalismo-para-concursos\/","og_locale":"pt_BR","og_type":"article","og_title":"Comunica\u00e7\u00e3o Social e Jornalismo: prepara\u00e7\u00e3o para concursos p\u00fablicos","og_description":"Participe da transmiss\u00e3o do evento \"Comunica\u00e7\u00e3o Social e Jornalismo: prepara\u00e7\u00e3o para concursos p\u00fablicos\", a partir das 18h de HOJE!!","og_url":"https:\/\/www.estrategiaconcursos.com.br\/blog\/comunicacao-social-e-jornalismo-para-concursos\/","og_site_name":"Estrat\u00e9gia Concursos","article_published_time":"2020-12-02T20:00:01+00:00","article_modified_time":"2023-06-13T17:52:16+00:00","og_image":[{"width":1266,"height":644,"url":"https:\/\/dhg1h5j42swfq.cloudfront.net\/2020\/12\/01151724\/WhatsApp-Image-2020-12-01-at-15.17.10.jpeg","type":"image\/jpeg"}],"author":"J\u00falia Branco","twitter_card":"summary_large_image","twitter_creator":"@EstratConcursos","twitter_site":"@EstratConcursos","twitter_misc":{"Escrito por":"J\u00falia Branco","Est. tempo de leitura":"2 minutos"},"schema":{"@context":"https:\/\/schema.org","@graph":[{"@type":"NewsArticle","@id":"https:\/\/www.estrategiaconcursos.com.br\/blog\/comunicacao-social-e-jornalismo-para-concursos\/#article","isPartOf":{"@id":"https:\/\/www.estrategiaconcursos.com.br\/blog\/comunicacao-social-e-jornalismo-para-concursos\/"},"author":{"name":"J\u00falia Branco","@id":"https:\/\/www.estrategiaconcursos.com.br\/blog\/#\/schema\/person\/8a4a2ce92e69596f6fc586bac2e00aa6"},"headline":"Comunica\u00e7\u00e3o Social e Jornalismo: prepara\u00e7\u00e3o para concursos p\u00fablicos","datePublished":"2020-12-02T20:00:01+00:00","dateModified":"2023-06-13T17:52:16+00:00","mainEntityOfPage":{"@id":"https:\/\/www.estrategiaconcursos.com.br\/blog\/comunicacao-social-e-jornalismo-para-concursos\/"},"wordCount":311,"commentCount":0,"publisher":{"@id":"https:\/\/www.estrategiaconcursos.com.br\/blog\/#organization"},"image":{"@id":"https:\/\/www.estrategiaconcursos.com.br\/blog\/comunicacao-social-e-jornalismo-para-concursos\/#primaryimage"},"thumbnailUrl":"https:\/\/dhg1h5j42swfq.cloudfront.net\/2020\/12\/01151724\/WhatsApp-Image-2020-12-01-at-15.17.10.jpeg","articleSection":["Concursos P\u00fablicos"],"inLanguage":"pt-BR","potentialAction":[{"@type":"CommentAction","name":"Comment","target":["https:\/\/www.estrategiaconcursos.com.br\/blog\/comunicacao-social-e-jornalismo-para-concursos\/#respond"]}],"copyrightYear":"2020","copyrightHolder":{"@id":"https:\/\/www.estrategiaconcursos.com.br\/blog\/#organization"}},{"@type":"WebPage","@id":"https:\/\/www.estrategiaconcursos.com.br\/blog\/comunicacao-social-e-jornalismo-para-concursos\/","url":"https:\/\/www.estrategiaconcursos.com.br\/blog\/comunicacao-social-e-jornalismo-para-concursos\/","name":"Comunica\u00e7\u00e3o Social e Jornalismo: prepara\u00e7\u00e3o para concursos p\u00fablicos","isPartOf":{"@id":"https:\/\/www.estrategiaconcursos.com.br\/blog\/#website"},"primaryImageOfPage":{"@id":"https:\/\/www.estrategiaconcursos.com.br\/blog\/comunicacao-social-e-jornalismo-para-concursos\/#primaryimage"},"image":{"@id":"https:\/\/www.estrategiaconcursos.com.br\/blog\/comunicacao-social-e-jornalismo-para-concursos\/#primaryimage"},"thumbnailUrl":"https:\/\/dhg1h5j42swfq.cloudfront.net\/2020\/12\/01151724\/WhatsApp-Image-2020-12-01-at-15.17.10.jpeg","datePublished":"2020-12-02T20:00:01+00:00","dateModified":"2023-06-13T17:52:16+00:00","description":"Participe da transmiss\u00e3o do evento \"Comunica\u00e7\u00e3o Social e Jornalismo: prepara\u00e7\u00e3o para concursos p\u00fablicos\", a partir das 18h de HOJE!!","breadcrumb":{"@id":"https:\/\/www.estrategiaconcursos.com.br\/blog\/comunicacao-social-e-jornalismo-para-concursos\/#breadcrumb"},"inLanguage":"pt-BR","potentialAction":[{"@type":"ReadAction","target":["https:\/\/www.estrategiaconcursos.com.br\/blog\/comunicacao-social-e-jornalismo-para-concursos\/"]}]},{"@type":"ImageObject","inLanguage":"pt-BR","@id":"https:\/\/www.estrategiaconcursos.com.br\/blog\/comunicacao-social-e-jornalismo-para-concursos\/#primaryimage","url":"https:\/\/dhg1h5j42swfq.cloudfront.net\/2020\/12\/01151724\/WhatsApp-Image-2020-12-01-at-15.17.10.jpeg","contentUrl":"https:\/\/dhg1h5j42swfq.cloudfront.net\/2020\/12\/01151724\/WhatsApp-Image-2020-12-01-at-15.17.10.jpeg","width":1266,"height":644,"caption":"Comunica\u00e7\u00e3o Social e Jornalismo: prepara\u00e7\u00e3o para concursos p\u00fablicos"},{"@type":"BreadcrumbList","@id":"https:\/\/www.estrategiaconcursos.com.br\/blog\/comunicacao-social-e-jornalismo-para-concursos\/#breadcrumb","itemListElement":[{"@type":"ListItem","position":1,"name":"In\u00edcio","item":"https:\/\/www.estrategiaconcursos.com.br\/blog\/"},{"@type":"ListItem","position":2,"name":"Comunica\u00e7\u00e3o Social e Jornalismo: prepara\u00e7\u00e3o para concursos p\u00fablicos"}]},{"@type":"WebSite","@id":"https:\/\/www.estrategiaconcursos.com.br\/blog\/#website","url":"https:\/\/www.estrategiaconcursos.com.br\/blog\/","name":"Estrat\u00e9gia Concursos","description":"O blog da Estrat\u00e9gia Concursos traz not\u00edcias sobre concursos e artigos de professores oferecendo cursos para concursos (pdf + videaulas) no site.","publisher":{"@id":"https:\/\/www.estrategiaconcursos.com.br\/blog\/#organization"},"potentialAction":[{"@type":"SearchAction","target":{"@type":"EntryPoint","urlTemplate":"https:\/\/www.estrategiaconcursos.com.br\/blog\/?s={search_term_string}"},"query-input":{"@type":"PropertyValueSpecification","valueRequired":true,"valueName":"search_term_string"}}],"inLanguage":"pt-BR"},{"@type":"Organization","@id":"https:\/\/www.estrategiaconcursos.com.br\/blog\/#organization","name":"Estrat\u00e9gia Concursos","url":"https:\/\/www.estrategiaconcursos.com.br\/blog\/","logo":{"@type":"ImageObject","inLanguage":"pt-BR","@id":"https:\/\/www.estrategiaconcursos.com.br\/blog\/#\/schema\/logo\/image\/","url":"https:\/\/dhg1h5j42swfq.cloudfront.net\/2025\/06\/03203428\/logo_concursos-1.jpg","contentUrl":"https:\/\/dhg1h5j42swfq.cloudfront.net\/2025\/06\/03203428\/logo_concursos-1.jpg","width":230,"height":60,"caption":"Estrat\u00e9gia Concursos"},"image":{"@id":"https:\/\/www.estrategiaconcursos.com.br\/blog\/#\/schema\/logo\/image\/"},"sameAs":["https:\/\/x.com\/EstratConcursos"]},{"@type":"Person","@id":"https:\/\/www.estrategiaconcursos.com.br\/blog\/#\/schema\/person\/8a4a2ce92e69596f6fc586bac2e00aa6","name":"J\u00falia Branco","image":{"@type":"ImageObject","inLanguage":"pt-BR","@id":"https:\/\/secure.gravatar.com\/avatar\/0f766fa82cc670dc5dc1bfb2b089001368538ed907cbd3f55bb04c1f70f134b5?s=96&d=mm&r=g","url":"https:\/\/secure.gravatar.com\/avatar\/0f766fa82cc670dc5dc1bfb2b089001368538ed907cbd3f55bb04c1f70f134b5?s=96&d=mm&r=g","contentUrl":"https:\/\/secure.gravatar.com\/avatar\/0f766fa82cc670dc5dc1bfb2b089001368538ed907cbd3f55bb04c1f70f134b5?s=96&d=mm&r=g","caption":"J\u00falia Branco"},"url":"https:\/\/www.estrategiaconcursos.com.br\/blog\/author\/juliakbrancogmail-com\/"}]}},"_links":{"self":[{"href":"https:\/\/www.estrategiaconcursos.com.br\/blog\/wp-json\/wp\/v2\/posts\/619807","targetHints":{"allow":["GET"]}}],"collection":[{"href":"https:\/\/www.estrategiaconcursos.com.br\/blog\/wp-json\/wp\/v2\/posts"}],"about":[{"href":"https:\/\/www.estrategiaconcursos.com.br\/blog\/wp-json\/wp\/v2\/types\/post"}],"author":[{"embeddable":true,"href":"https:\/\/www.estrategiaconcursos.com.br\/blog\/wp-json\/wp\/v2\/users\/1432"}],"replies":[{"embeddable":true,"href":"https:\/\/www.estrategiaconcursos.com.br\/blog\/wp-json\/wp\/v2\/comments?post=619807"}],"version-history":[{"count":11,"href":"https:\/\/www.estrategiaconcursos.com.br\/blog\/wp-json\/wp\/v2\/posts\/619807\/revisions"}],"predecessor-version":[{"id":1231559,"href":"https:\/\/www.estrategiaconcursos.com.br\/blog\/wp-json\/wp\/v2\/posts\/619807\/revisions\/1231559"}],"wp:featuredmedia":[{"embeddable":true,"href":"https:\/\/www.estrategiaconcursos.com.br\/blog\/wp-json\/wp\/v2\/media\/620771"}],"wp:attachment":[{"href":"https:\/\/www.estrategiaconcursos.com.br\/blog\/wp-json\/wp\/v2\/media?parent=619807"}],"wp:term":[{"taxonomy":"category","embeddable":true,"href":"https:\/\/www.estrategiaconcursos.com.br\/blog\/wp-json\/wp\/v2\/categories?post=619807"},{"taxonomy":"post_tag","embeddable":true,"href":"https:\/\/www.estrategiaconcursos.com.br\/blog\/wp-json\/wp\/v2\/tags?post=619807"},{"taxonomy":"tax_estado","embeddable":true,"href":"https:\/\/www.estrategiaconcursos.com.br\/blog\/wp-json\/wp\/v2\/tax_estado?post=619807"}],"curies":[{"name":"wp","href":"https:\/\/api.w.org\/{rel}","templated":true}]}}