{"id":619517,"date":"2020-11-30T12:20:26","date_gmt":"2020-11-30T15:20:26","guid":{"rendered":"https:\/\/www.estrategiaconcursos.com.br\/blog\/?p=619517"},"modified":"2020-12-29T10:59:54","modified_gmt":"2020-12-29T13:59:54","slug":"edital-prefeitura-de-cambe","status":"publish","type":"post","link":"https:\/\/www.estrategiaconcursos.com.br\/blog\/edital-prefeitura-de-cambe\/","title":{"rendered":"EDITAL Prefeitura de Camb\u00e9 oferta 25 vagas para m\u00e9dio e superior"},"content":{"rendered":"\n<p>Foi publicado o novo edital de concurso p\u00fablico da <strong>Prefeitura de Camb\u00e9<\/strong>, munic\u00edpio do estado do Paran\u00e1. S\u00e3o ofertadas no edital <strong>25 vagas<\/strong>, sendo 23 para ampla concorr\u00eancia, 1 para PcD e 1 para candidatos negros.<\/p>\n\n\n\n<p>As oportunidades se distribuem entre cargos de n\u00edveis m\u00e9dio, t\u00e9cnico e superior, com sal\u00e1rios iniciais que variam de<strong> R$ 1.697,46 a R$ 10.066,33<\/strong>.<\/p>\n\n\n\n<h2 class=\"wp-block-heading\">Principais datas do edital da Prefeitura de Camb\u00e9<\/h2>\n\n\n\n<ul class=\"wp-block-list\"><li><strong>Inscri\u00e7\u00f5es:<\/strong> <s>30\/11 a 28\/12\/2020<\/s><\/li><li><strong>Isen\u00e7\u00e3o da taxa:<\/strong> <s>30\/11 a 04\/12\/2020<\/s><\/li><li><strong>Pagamento da taxa:<\/strong> at\u00e9 29\/12\/2020<\/li><li><strong>Data da prova:<\/strong> 21\/02\/2021<\/li><\/ul>\n\n\n<figure class=\"wp-block-embed-youtube wp-block-embed is-type-video is-provider-youtube wp-embed-aspect-16-9 wp-has-aspect-ratio\"><div class=\"lyte-wrapper\" style=\"width:853px;max-width:100%;margin:5px;\"><div class=\"lyMe\" id=\"WYL_fOJDv75g8tI\"><div id=\"lyte_fOJDv75g8tI\" data-src=\"\/\/i.ytimg.com\/vi\/fOJDv75g8tI\/hqdefault.jpg\" class=\"pL\"><div class=\"tC\"><div class=\"tT\"><\/div><\/div><div class=\"play\"><\/div><div class=\"ctrl\"><div class=\"Lctrl\"><\/div><div class=\"Rctrl\"><\/div><\/div><\/div><noscript><a href=\"https:\/\/youtu.be\/fOJDv75g8tI\" rel=\"nofollow\"><img loading=\"lazy\" decoding=\"async\" src=\"https:\/\/i.ytimg.com\/vi\/fOJDv75g8tI\/0.jpg\" alt=\"YouTube video thumbnail\" width=\"853\" height=\"460\" \/><br \/>Assista a este v\u00eddeo no YouTube<\/a><\/noscript><\/div><\/div><div class=\"lL\" style=\"max-width:100%;width:853px;margin:5px;\"><\/div><figcaption><\/figcaption><\/figure>\n\n\n<h2 class=\"wp-block-heading\">Distribui\u00e7\u00e3o das vagas no edital da prefeitura de Camb\u00e9<\/h2>\n\n\n\n<h3 class=\"wp-block-heading\">Cargos de n\u00edvel m\u00e9dio<\/h3>\n\n\n\n<figure class=\"wp-block-table is-style-stripes\"><table class=\"has-subtle-pale-blue-background-color has-fixed-layout has-background\"><thead><tr><th>Cargos<\/th><th>Vagas<\/th><th>Remunera\u00e7\u00e3o<\/th><\/tr><\/thead><tbody><tr><td>Auxiliar em Sa\u00fade Bucal<\/td><td>04<\/td><td>R$ 1.697,46<\/td><\/tr><tr><td>T\u00e9cnico em Sa\u00fade Bucal<\/td><td>01<\/td><td>R$ 1.822,88<\/td><\/tr><\/tbody><\/table><\/figure>\n\n\n\n<h3 class=\"wp-block-heading\">Cargos de n\u00edvel superior<\/h3>\n\n\n\n<figure class=\"wp-block-table is-style-stripes\"><table class=\"has-subtle-pale-blue-background-color has-fixed-layout has-background\"><thead><tr><th><strong>Cargos<\/strong><\/th><th>Vagas<\/th><th>Remunera\u00e7\u00e3o<\/th><\/tr><\/thead><tbody><tr><td>Enfermeiro PSF<\/td><td>01<\/td><td>R$ 4.216,53<\/td><\/tr><tr><td>Farmac\u00eautico Bioqu\u00edmico<\/td><td>01<\/td><td>R$ 3.939,63<\/td><\/tr><tr><td>M\u00e9dico Cl\u00ednico Geral<\/td><td>02<\/td><td>R$ 6.599,12<\/td><\/tr><tr><td>M\u00e9dico Plantonista<br \/>Cl\u00ednico Geral<\/td><td>01<\/td><td>R$ 10.066,33<\/td><\/tr><tr><td>Professor de Educa\u00e7\u00e3o<br \/>Infantil<\/td><td>03<\/td><td>R$ 3.425,76<\/td><\/tr><tr><td>Professor de Educa\u00e7\u00e3o<br \/>Infantil e Ensino<br \/>Fundamental &#8211; Anos<br \/>Iniciais<\/td><td>12<strong>*<\/strong><\/td><td>R$ 1.712,89<\/td><\/tr><\/tbody><\/table><\/figure>\n\n\n\n<p><strong>*<\/strong>10 vagas AC \/ 1 vaga PcD \/ 1 vaga PP<\/p>\n\n\n\n<h2 class=\"wp-block-heading\">Etapas do concurso<\/h2>\n\n\n\n<p>A avalia\u00e7\u00e3o dos candidatos ser\u00e1 realizada atrav\u00e9s de at\u00e9 tr\u00eas etapas, a depender do cargo, sendo:<\/p>\n\n\n\n<ul class=\"wp-block-list\"><li><strong>a) Prova Objetiva<\/strong> para todos os cargos (classificat\u00f3rio e eliminat\u00f3rio);<\/li><li><strong>b) Prova de Reda\u00e7\u00e3o<\/strong> para inscritos nos cargos de: Professor de Educa\u00e7\u00e3o Infantil e Professor de Educa\u00e7\u00e3o Infantil e Ensino Fundamental \u2013 Anos Iniciais (classificat\u00f3rio e eliminat\u00f3rio);<\/li><li><strong>c) Prova de T\u00edtulos<\/strong> para inscritos nos cargos de: Enfermeiro PSF, Farmac\u00eautico Bioqu\u00edmico, M\u00e9dico Cl\u00ednico Geral, M\u00e9dico Plantonista Cl\u00ednico Geral, Professor de Educa\u00e7\u00e3o Infantil e Professor de Educa\u00e7\u00e3o Infantil e Ensino Fundamental \u2013 Anos Iniciais (classificat\u00f3rio).<\/li><\/ul>\n\n\n\n<h3 class=\"wp-block-heading\">Prova Objetiva<\/h3>\n\n\n\n<p>A prova objetiva ser\u00e1 composta por 60 quest\u00f5es de m\u00faltipla escolha, com cinco alternativas, sendo 1 correta. O peso de cada quest\u00e3o vai variar conforme a disciplina.<\/p>\n\n\n\n<p>Com peso de 100,00 pontos, para ser considerado APROVADO, o candidato dever\u00e1 atingir 50,00 pontos ou mais.<\/p>\n\n\n\n<p><strong><em>Auxiliar em Sa\u00fade Bucal \/ T\u00e9cnico em Sa\u00fade Bucal<\/em><\/strong><\/p>\n\n\n\n<div class=\"wp-block-image\"><figure class=\"aligncenter size-large\"><img loading=\"lazy\" decoding=\"async\" width=\"432\" height=\"135\" src=\"https:\/\/dhg1h5j42swfq.cloudfront.net\/2020\/11\/30121230\/image-382.png\" alt=\"Edital Prefeitura de Camb\u00e9 - Provas\" class=\"wp-image-619567\" srcset=\"https:\/\/dhg1h5j42swfq.cloudfront.net\/2020\/11\/30121230\/image-382.png 432w, https:\/\/dhg1h5j42swfq.cloudfront.net\/2020\/11\/30121230\/image-382-300x94.png 300w\" sizes=\"auto, (max-width: 432px) 100vw, 432px\" \/><\/figure><\/div>\n\n\n\n<p><strong><em>Enfermeiro PSF \/ Farmac\u00eautico Bioqu\u00edmico \/ M\u00e9dico Cl\u00ednico Geral \/ M\u00e9dico Plantonista Cl\u00ednico Geral<\/em><\/strong><\/p>\n\n\n\n<div class=\"wp-block-image\"><figure class=\"aligncenter size-large\"><img loading=\"lazy\" decoding=\"async\" width=\"429\" height=\"155\" src=\"https:\/\/dhg1h5j42swfq.cloudfront.net\/2020\/11\/30120834\/image-379.png\" alt=\"Edital Prefeitura de Camb\u00e9 - Provas\" class=\"wp-image-619555\" srcset=\"https:\/\/dhg1h5j42swfq.cloudfront.net\/2020\/11\/30120834\/image-379.png 429w, https:\/\/dhg1h5j42swfq.cloudfront.net\/2020\/11\/30120834\/image-379-300x108.png 300w\" sizes=\"auto, (max-width: 429px) 100vw, 429px\" \/><\/figure><\/div>\n\n\n\n<p><strong><em>Professor de Educa\u00e7\u00e3o Infantil \/ Professor de Educa\u00e7\u00e3o Infantil e Ensino Fundamental \u2013 Anos Iniciais<\/em><\/strong><\/p>\n\n\n\n<div class=\"wp-block-image\"><figure class=\"aligncenter size-large\"><img loading=\"lazy\" decoding=\"async\" width=\"421\" height=\"155\" src=\"https:\/\/dhg1h5j42swfq.cloudfront.net\/2020\/11\/30121028\/image-381.png\" alt=\"Edital Prefeitura de Camb\u00e9 - Provas\" class=\"wp-image-619562\" srcset=\"https:\/\/dhg1h5j42swfq.cloudfront.net\/2020\/11\/30121028\/image-381.png 421w, https:\/\/dhg1h5j42swfq.cloudfront.net\/2020\/11\/30121028\/image-381-300x110.png 300w\" sizes=\"auto, (max-width: 421px) 100vw, 421px\" \/><\/figure><\/div>\n\n\n\n<h3 class=\"wp-block-heading\">Prova de Reda\u00e7\u00e3o<\/h3>\n\n\n\n<p>A Reda\u00e7\u00e3o ser\u00e1 aplicada no mesmo dia que a Prova Objetiva, com tempo total de<strong> 4 horas e 30 minutos<\/strong> para realiza\u00e7\u00e3o das duas avalia\u00e7\u00f5es.<\/p>\n\n\n\n<p>O candidato adotar\u00e1 uma linha de abordagem utilizando a tipologia textual \u201cDisserta\u00e7\u00e3o\u201d. Em seu texto dever\u00e1 apresentar valores, opini\u00f5es, cren\u00e7as, hip\u00f3teses, ideias, em suma, os aspectos axiol\u00f3gicos ou cognitivos para esse tipo de produ\u00e7\u00e3o textual.<\/p>\n\n\n\n<h3 class=\"wp-block-heading\">Prova de T\u00edtulos<\/h3>\n\n\n\n<p>A pontua\u00e7\u00e3o dos t\u00edtulos servir\u00e1 apenas para efeito de classifica\u00e7\u00e3o final dos candidatos, ou seja, n\u00e3o ser\u00e1 eliminat\u00f3ria. Ser\u00e3o considerados como t\u00edtulos os documentos constantes na tabela a seguir:<\/p>\n\n\n\n<div class=\"wp-block-image\"><figure class=\"aligncenter size-large\"><img loading=\"lazy\" decoding=\"async\" width=\"749\" height=\"367\" src=\"https:\/\/dhg1h5j42swfq.cloudfront.net\/2020\/11\/30121647\/titulos-3.png\" alt=\"\" class=\"wp-image-619583\" srcset=\"https:\/\/dhg1h5j42swfq.cloudfront.net\/2020\/11\/30121647\/titulos-3.png 749w, https:\/\/dhg1h5j42swfq.cloudfront.net\/2020\/11\/30121647\/titulos-3-300x147.png 300w, https:\/\/dhg1h5j42swfq.cloudfront.net\/2020\/11\/30121647\/titulos-3-610x299.png 610w\" sizes=\"auto, (max-width: 749px) 100vw, 749px\" \/><\/figure><\/div>\n\n\n\n<p class=\"has-text-align-center has-white-color has-vivid-purple-background-color has-text-color has-background has-medium-font-size\"><strong>Mais informa\u00e7\u00f5es: <a href=\"https:\/\/www.estrategiaconcursos.com.br\/blog\/concurso-prefeitura-de-cambe\/\" target=\"_blank\" rel=\"noreferrer noopener\">Concurso Prefeitura de Camb\u00e9<\/a><\/strong><\/p>\n\n\n\n<h2 class=\"has-text-align-center wp-block-heading\" id=\"cursos\">Quer estudar para o concurso Prefeitura de Camb\u00e9?<\/h2>\n\n\n\n<div class=\"container\" id=\"boxes\">\n  <div class=\"row\">\n\n    <div class=\"col-sm\">\n      <div class=\"banner-estrategia\" id=\"box-assinatura\">\n        <h3 class=\"titulo-assinatura\">Prefeitura de Camb\u00e9<\/h3>\n        <p class=\"subtitulo-assinatura\">Conhe\u00e7a nossos cursos<\/p>\n        <div class=\"box-botao\">\n          <a class=\"btn-assinatura\" target=\"_blank\" href=\"https:\/\/www.estrategiaconcursos.com.br\/cursos\/\" role=\"button\" rel=\"noopener noreferrer\">Conhe\u00e7a mais<\/a>\n        <\/div>\n      <\/div>\n     \n    <\/div>\n\n  <\/div>\n<\/div>\n\n\n\n<div class=\"container\" id=\"boxes\">\n  <div class=\"row\">\n\n    <div class=\"col-sm\">\n      <div class=\"estrategia\" id=\"box-assinatura\">\n        <h3 class=\"titulo-assinatura\">Assinatura Ilimitada<\/h3>\n        <p class=\"subtitulo-assinatura\">Assinatura Anual Ilimitada*<\/p>\n        <div class=\"box-botao\">\n          <a class=\"btn-assinatura\" target=\"_blank\" href=\"https:\/\/www.estrategiaconcursos.com.br\/assinaturas\/\" role=\"button\" rel=\"noopener noreferrer\">ASSINE AGORA<\/a>\n        <\/div>\n      <\/div>\n      <p class=\"texto-auxiliar\">Prepare-se com o melhor material e com quem mais aprova em Concursos P\u00fablicos em todo o pa\u00eds. Assine agora a nossa Assinatura Anual e tenha acesso ilimitado* a todos os nossos cursos.<\/p>\n    <\/div>\n\n    <div class=\"col-sm\">\n      <div class=\"questoes\" id=\"box-assinatura\">\n        <h3 class=\"titulo-assinatura\">Sistema de Quest\u00f5es<\/h3>\n        <p class=\"subtitulo-assinatura\">Assinatura Ilimitada*\n<\/p>\n        <div class=\"box-botao\">\n          <a class=\"btn-assinatura\" target=\"_blank\" href=\"https:\/\/www.estrategiaconcursos.com.br\/cursosPorConcurso\/sistema-de-questoes\/#\/\" role=\"button\" rel=\"noopener noreferrer\">ASSINE AGORA<\/a>\n        <\/div>\n      <\/div>\n      <p class=\"texto-auxiliar\">Estrat\u00e9gia Quest\u00f5es nasceu maior do que todos os concorrentes, com mais quest\u00f5es cadastradas e mais solu\u00e7\u00f5es por professores. Clique no link e aproveite os descontos e b\u00f4nus imperd\u00edveis!<\/p>\n    <\/div>\n  <\/div>\n<\/div>\n\n\n\n<div class=\"container\" id=\"boxes\">\n  <div class=\"row\">\n\n    <div class=\"col-sm\" id=\"boxes-concursos\">\n      <div style=\"background-color: #005DAD;\" class=\"conteudo-concursos\" id=\"box-concursos\">\n        <h3 class=\"titulo-assinatura\">Concursos Abertos<\/h3>\n        <p class=\"subtitulo-assinatura\">mais de 15 mil vagas<\/p>\n        <div class=\"box-botao\">\n          <a class=\"btn-assinatura\" target=\"_blank\" href=\"https:\/\/www.estrategiaconcursos.com.br\/blog\/concursos-abertos\/\" role=\"button\" rel=\"noopener noreferrer\">Conhe\u00e7a Agora<\/a>\n        <\/div>\n      <\/div>\n    <\/div>\n\n\n    <div class=\"col-sm\" id=\"boxes-concursos\">\n      <div style=\"background-color: #419FF0;\" class=\"conteudo-concursos\" id=\"box-concursos\">\n        <h3 class=\"titulo-assinatura\">Concursos 2021<\/h3>\n        <p class=\"subtitulo-assinatura\">mais de 50 mil vagas<\/p>\n        <div class=\"box-botao\">\n          <a class=\"btn-assinatura\" target=\"_blank\" href=\"https:\/\/www.estrategiaconcursos.com.br\/blog\/concursos-2021\/\" role=\"button\" rel=\"noopener noreferrer\">Conhe\u00e7a Agora<\/a>\n        <\/div>\n      <\/div>\n    <\/div>\n\n  <\/div>\n<\/div>\n\n\n\n<figure class=\"wp-block-image\"><img loading=\"lazy\" decoding=\"async\" width=\"300\" height=\"102\" src=\"https:\/\/dhg1h5j42swfq.cloudfront.net\/2017\/03\/28152500\/coruja-ficha-tecnica-300x102.png\" alt=\"Informa\u00e7\u00f5es sobre o Edital Prefeitura de Camb\u00e9\" class=\"wp-image-68542\"\/><\/figure>\n\n\n\n<h3 class=\"wp-block-heading\" id=\"ficha-tecnica\"><strong>Informa\u00e7\u00f5es do edital da <\/strong>Prefeitura de Camb\u00e9 &#8211; PR<\/h3>\n\n\n\n<ul class=\"wp-block-list\"><li><strong>Data<\/strong> <strong>da prova: <\/strong>21\/02\/2021<\/li><li><strong>Vagas<\/strong>: 25<\/li><li><strong>Cargos<\/strong>: V\u00e1rios<\/li><li><strong>Banca<\/strong>: Instituto Unifil<\/li><li><strong>Escolaridade<\/strong>: N\u00edvel m\u00e9dio e superior<\/li><li><strong>Edital:<\/strong> <a rel=\"noreferrer noopener\" href=\"https:\/\/dhg1h5j42swfq.cloudfront.net\/2020\/11\/30114421\/1606320793353-1.pdf\" target=\"_blank\">Edital Camb\u00e9 2020<\/a><\/li><\/ul>\n","protected":false},"excerpt":{"rendered":"<p>Foi publicado o novo edital de concurso p\u00fablico da Prefeitura de Camb\u00e9, munic\u00edpio do estado do Paran\u00e1. S\u00e3o ofertadas no edital 25 vagas, sendo 23 para ampla concorr\u00eancia, 1 para PcD e 1 para candidatos negros. As oportunidades se distribuem entre cargos de n\u00edveis m\u00e9dio, t\u00e9cnico e superior, com sal\u00e1rios iniciais que variam de R$ [&hellip;]<\/p>\n","protected":false},"author":1,"featured_media":619586,"comment_status":"open","ping_status":"closed","sticky":false,"template":"","format":"standard","meta":{"post_tipo":"article","footnotes":""},"categories":[1],"tags":[],"tax_estado":[219981],"class_list":["post-619517","post","type-post","status-publish","format-standard","has-post-thumbnail","hentry","category-cursos-e-concursos","tax_estado-pr"],"acf":[],"yoast_head":"<!-- This site is optimized with the Yoast SEO Premium plugin v27.2 (Yoast SEO v27.2) - https:\/\/yoast.com\/product\/yoast-seo-premium-wordpress\/ -->\n<title>EDITAL Prefeitura de Camb\u00e9 oferta 25 vagas para m\u00e9dio e superior<\/title>\n<meta name=\"description\" content=\"Edital Prefeitura de Camb\u00e9 PR: Concurso oferta 25 vagas com sal\u00e1rios de at\u00e9 R$ 10.066,33. Provas previstas para fevereiro de 2021.\" \/>\n<meta name=\"robots\" content=\"index, follow, max-snippet:-1, max-image-preview:large, max-video-preview:-1\" \/>\n<link rel=\"canonical\" href=\"https:\/\/www.estrategiaconcursos.com.br\/blog\/edital-prefeitura-de-cambe\/\" \/>\n<meta property=\"og:locale\" content=\"pt_BR\" \/>\n<meta property=\"og:type\" content=\"article\" \/>\n<meta property=\"og:title\" content=\"EDITAL Prefeitura de Camb\u00e9 oferta 25 vagas para m\u00e9dio e superior\" \/>\n<meta property=\"og:description\" content=\"Edital Prefeitura de Camb\u00e9 PR: Concurso oferta 25 vagas com sal\u00e1rios de at\u00e9 R$ 10.066,33. Provas previstas para fevereiro de 2021.\" \/>\n<meta property=\"og:url\" content=\"https:\/\/www.estrategiaconcursos.com.br\/blog\/edital-prefeitura-de-cambe\/\" \/>\n<meta property=\"og:site_name\" content=\"Estrat\u00e9gia Concursos\" \/>\n<meta property=\"article:author\" content=\"https:\/\/www.facebook.com\/EstrategiaConcursos\" \/>\n<meta property=\"article:published_time\" content=\"2020-11-30T15:20:26+00:00\" \/>\n<meta property=\"article:modified_time\" content=\"2020-12-29T13:59:54+00:00\" \/>\n<meta property=\"og:image\" content=\"https:\/\/dhg1h5j42swfq.cloudfront.net\/2020\/11\/30121833\/PREFEITURA-DE-CAMBE%CC%81-PR.jpg\" \/>\n\t<meta property=\"og:image:width\" content=\"1200\" \/>\n\t<meta property=\"og:image:height\" content=\"628\" \/>\n\t<meta property=\"og:image:type\" content=\"image\/jpeg\" \/>\n<meta name=\"author\" content=\"Coordena\u00e7\u00e3o\" \/>\n<meta name=\"twitter:card\" content=\"summary_large_image\" \/>\n<meta name=\"twitter:creator\" content=\"@EstratConcursos\" \/>\n<meta name=\"twitter:site\" content=\"@EstratConcursos\" \/>\n<meta name=\"twitter:label1\" content=\"Escrito por\" \/>\n\t<meta name=\"twitter:data1\" content=\"Coordena\u00e7\u00e3o\" \/>\n\t<meta name=\"twitter:label2\" content=\"Est. tempo de leitura\" \/>\n\t<meta name=\"twitter:data2\" content=\"3 minutos\" \/>\n<script type=\"application\/ld+json\" class=\"yoast-schema-graph\">{\"@context\":\"https:\/\/schema.org\",\"@graph\":[{\"@type\":\"NewsArticle\",\"@id\":\"https:\/\/www.estrategiaconcursos.com.br\/blog\/edital-prefeitura-de-cambe\/#article\",\"isPartOf\":{\"@id\":\"https:\/\/www.estrategiaconcursos.com.br\/blog\/edital-prefeitura-de-cambe\/\"},\"author\":{\"name\":\"Coordena\u00e7\u00e3o\",\"@id\":\"https:\/\/www.estrategiaconcursos.com.br\/blog\/#\/schema\/person\/b4a388c97673c5f483d72185668afa1f\"},\"headline\":\"EDITAL Prefeitura de Camb\u00e9 oferta 25 vagas para m\u00e9dio e superior\",\"datePublished\":\"2020-11-30T15:20:26+00:00\",\"dateModified\":\"2020-12-29T13:59:54+00:00\",\"mainEntityOfPage\":{\"@id\":\"https:\/\/www.estrategiaconcursos.com.br\/blog\/edital-prefeitura-de-cambe\/\"},\"wordCount\":654,\"commentCount\":0,\"publisher\":{\"@id\":\"https:\/\/www.estrategiaconcursos.com.br\/blog\/#organization\"},\"image\":{\"@id\":\"https:\/\/www.estrategiaconcursos.com.br\/blog\/edital-prefeitura-de-cambe\/#primaryimage\"},\"thumbnailUrl\":\"https:\/\/dhg1h5j42swfq.cloudfront.net\/2020\/11\/30121833\/PREFEITURA-DE-CAMBE%CC%81-PR.jpg\",\"articleSection\":[\"Concursos P\u00fablicos\"],\"inLanguage\":\"pt-BR\",\"potentialAction\":[{\"@type\":\"CommentAction\",\"name\":\"Comment\",\"target\":[\"https:\/\/www.estrategiaconcursos.com.br\/blog\/edital-prefeitura-de-cambe\/#respond\"]}],\"copyrightYear\":\"2020\",\"copyrightHolder\":{\"@id\":\"https:\/\/www.estrategiaconcursos.com.br\/blog\/#organization\"}},{\"@type\":\"WebPage\",\"@id\":\"https:\/\/www.estrategiaconcursos.com.br\/blog\/edital-prefeitura-de-cambe\/\",\"url\":\"https:\/\/www.estrategiaconcursos.com.br\/blog\/edital-prefeitura-de-cambe\/\",\"name\":\"EDITAL Prefeitura de Camb\u00e9 oferta 25 vagas para m\u00e9dio e superior\",\"isPartOf\":{\"@id\":\"https:\/\/www.estrategiaconcursos.com.br\/blog\/#website\"},\"primaryImageOfPage\":{\"@id\":\"https:\/\/www.estrategiaconcursos.com.br\/blog\/edital-prefeitura-de-cambe\/#primaryimage\"},\"image\":{\"@id\":\"https:\/\/www.estrategiaconcursos.com.br\/blog\/edital-prefeitura-de-cambe\/#primaryimage\"},\"thumbnailUrl\":\"https:\/\/dhg1h5j42swfq.cloudfront.net\/2020\/11\/30121833\/PREFEITURA-DE-CAMBE%CC%81-PR.jpg\",\"datePublished\":\"2020-11-30T15:20:26+00:00\",\"dateModified\":\"2020-12-29T13:59:54+00:00\",\"description\":\"Edital Prefeitura de Camb\u00e9 PR: Concurso oferta 25 vagas com sal\u00e1rios de at\u00e9 R$ 10.066,33. Provas previstas para fevereiro de 2021.\",\"breadcrumb\":{\"@id\":\"https:\/\/www.estrategiaconcursos.com.br\/blog\/edital-prefeitura-de-cambe\/#breadcrumb\"},\"inLanguage\":\"pt-BR\",\"potentialAction\":[{\"@type\":\"ReadAction\",\"target\":[\"https:\/\/www.estrategiaconcursos.com.br\/blog\/edital-prefeitura-de-cambe\/\"]}]},{\"@type\":\"ImageObject\",\"inLanguage\":\"pt-BR\",\"@id\":\"https:\/\/www.estrategiaconcursos.com.br\/blog\/edital-prefeitura-de-cambe\/#primaryimage\",\"url\":\"https:\/\/dhg1h5j42swfq.cloudfront.net\/2020\/11\/30121833\/PREFEITURA-DE-CAMBE%CC%81-PR.jpg\",\"contentUrl\":\"https:\/\/dhg1h5j42swfq.cloudfront.net\/2020\/11\/30121833\/PREFEITURA-DE-CAMBE%CC%81-PR.jpg\",\"width\":1200,\"height\":628,\"caption\":\"Concurso Camb\u00e9\"},{\"@type\":\"BreadcrumbList\",\"@id\":\"https:\/\/www.estrategiaconcursos.com.br\/blog\/edital-prefeitura-de-cambe\/#breadcrumb\",\"itemListElement\":[{\"@type\":\"ListItem\",\"position\":1,\"name\":\"In\u00edcio\",\"item\":\"https:\/\/www.estrategiaconcursos.com.br\/blog\/\"},{\"@type\":\"ListItem\",\"position\":2,\"name\":\"EDITAL Prefeitura de Camb\u00e9 oferta 25 vagas para m\u00e9dio e superior\"}]},{\"@type\":\"WebSite\",\"@id\":\"https:\/\/www.estrategiaconcursos.com.br\/blog\/#website\",\"url\":\"https:\/\/www.estrategiaconcursos.com.br\/blog\/\",\"name\":\"Estrat\u00e9gia Concursos\",\"description\":\"O blog da Estrat\u00e9gia Concursos traz not\u00edcias sobre concursos e artigos de professores oferecendo cursos para concursos (pdf + videaulas) no site.\",\"publisher\":{\"@id\":\"https:\/\/www.estrategiaconcursos.com.br\/blog\/#organization\"},\"potentialAction\":[{\"@type\":\"SearchAction\",\"target\":{\"@type\":\"EntryPoint\",\"urlTemplate\":\"https:\/\/www.estrategiaconcursos.com.br\/blog\/?s={search_term_string}\"},\"query-input\":{\"@type\":\"PropertyValueSpecification\",\"valueRequired\":true,\"valueName\":\"search_term_string\"}}],\"inLanguage\":\"pt-BR\"},{\"@type\":\"Organization\",\"@id\":\"https:\/\/www.estrategiaconcursos.com.br\/blog\/#organization\",\"name\":\"Estrat\u00e9gia Concursos\",\"url\":\"https:\/\/www.estrategiaconcursos.com.br\/blog\/\",\"logo\":{\"@type\":\"ImageObject\",\"inLanguage\":\"pt-BR\",\"@id\":\"https:\/\/www.estrategiaconcursos.com.br\/blog\/#\/schema\/logo\/image\/\",\"url\":\"https:\/\/dhg1h5j42swfq.cloudfront.net\/2025\/06\/03203428\/logo_concursos-1.jpg\",\"contentUrl\":\"https:\/\/dhg1h5j42swfq.cloudfront.net\/2025\/06\/03203428\/logo_concursos-1.jpg\",\"width\":230,\"height\":60,\"caption\":\"Estrat\u00e9gia Concursos\"},\"image\":{\"@id\":\"https:\/\/www.estrategiaconcursos.com.br\/blog\/#\/schema\/logo\/image\/\"},\"sameAs\":[\"https:\/\/x.com\/EstratConcursos\"]},{\"@type\":\"Person\",\"@id\":\"https:\/\/www.estrategiaconcursos.com.br\/blog\/#\/schema\/person\/b4a388c97673c5f483d72185668afa1f\",\"name\":\"Coordena\u00e7\u00e3o\",\"image\":{\"@type\":\"ImageObject\",\"inLanguage\":\"pt-BR\",\"@id\":\"https:\/\/secure.gravatar.com\/avatar\/b720319e4c9a967eb58678d110f4fe35452fc5d5f97b202bac7b8acceb18c6ad?s=96&d=mm&r=g\",\"url\":\"https:\/\/secure.gravatar.com\/avatar\/b720319e4c9a967eb58678d110f4fe35452fc5d5f97b202bac7b8acceb18c6ad?s=96&d=mm&r=g\",\"contentUrl\":\"https:\/\/secure.gravatar.com\/avatar\/b720319e4c9a967eb58678d110f4fe35452fc5d5f97b202bac7b8acceb18c6ad?s=96&d=mm&r=g\",\"caption\":\"Coordena\u00e7\u00e3o\"},\"sameAs\":[\"https:\/\/www.facebook.com\/EstrategiaConcursos\",\"https:\/\/x.com\/EstratConcursos\"],\"url\":\"https:\/\/www.estrategiaconcursos.com.br\/blog\/author\/estrategia2013\/\"}]}<\/script>\n<!-- \/ Yoast SEO Premium plugin. -->","yoast_head_json":{"title":"EDITAL Prefeitura de Camb\u00e9 oferta 25 vagas para m\u00e9dio e superior","description":"Edital Prefeitura de Camb\u00e9 PR: Concurso oferta 25 vagas com sal\u00e1rios de at\u00e9 R$ 10.066,33. Provas previstas para fevereiro de 2021.","robots":{"index":"index","follow":"follow","max-snippet":"max-snippet:-1","max-image-preview":"max-image-preview:large","max-video-preview":"max-video-preview:-1"},"canonical":"https:\/\/www.estrategiaconcursos.com.br\/blog\/edital-prefeitura-de-cambe\/","og_locale":"pt_BR","og_type":"article","og_title":"EDITAL Prefeitura de Camb\u00e9 oferta 25 vagas para m\u00e9dio e superior","og_description":"Edital Prefeitura de Camb\u00e9 PR: Concurso oferta 25 vagas com sal\u00e1rios de at\u00e9 R$ 10.066,33. Provas previstas para fevereiro de 2021.","og_url":"https:\/\/www.estrategiaconcursos.com.br\/blog\/edital-prefeitura-de-cambe\/","og_site_name":"Estrat\u00e9gia Concursos","article_author":"https:\/\/www.facebook.com\/EstrategiaConcursos","article_published_time":"2020-11-30T15:20:26+00:00","article_modified_time":"2020-12-29T13:59:54+00:00","og_image":[{"width":1200,"height":628,"url":"https:\/\/dhg1h5j42swfq.cloudfront.net\/2020\/11\/30121833\/PREFEITURA-DE-CAMBE%CC%81-PR.jpg","type":"image\/jpeg"}],"author":"Coordena\u00e7\u00e3o","twitter_card":"summary_large_image","twitter_creator":"@EstratConcursos","twitter_site":"@EstratConcursos","twitter_misc":{"Escrito por":"Coordena\u00e7\u00e3o","Est. tempo de leitura":"3 minutos"},"schema":{"@context":"https:\/\/schema.org","@graph":[{"@type":"NewsArticle","@id":"https:\/\/www.estrategiaconcursos.com.br\/blog\/edital-prefeitura-de-cambe\/#article","isPartOf":{"@id":"https:\/\/www.estrategiaconcursos.com.br\/blog\/edital-prefeitura-de-cambe\/"},"author":{"name":"Coordena\u00e7\u00e3o","@id":"https:\/\/www.estrategiaconcursos.com.br\/blog\/#\/schema\/person\/b4a388c97673c5f483d72185668afa1f"},"headline":"EDITAL Prefeitura de Camb\u00e9 oferta 25 vagas para m\u00e9dio e superior","datePublished":"2020-11-30T15:20:26+00:00","dateModified":"2020-12-29T13:59:54+00:00","mainEntityOfPage":{"@id":"https:\/\/www.estrategiaconcursos.com.br\/blog\/edital-prefeitura-de-cambe\/"},"wordCount":654,"commentCount":0,"publisher":{"@id":"https:\/\/www.estrategiaconcursos.com.br\/blog\/#organization"},"image":{"@id":"https:\/\/www.estrategiaconcursos.com.br\/blog\/edital-prefeitura-de-cambe\/#primaryimage"},"thumbnailUrl":"https:\/\/dhg1h5j42swfq.cloudfront.net\/2020\/11\/30121833\/PREFEITURA-DE-CAMBE%CC%81-PR.jpg","articleSection":["Concursos P\u00fablicos"],"inLanguage":"pt-BR","potentialAction":[{"@type":"CommentAction","name":"Comment","target":["https:\/\/www.estrategiaconcursos.com.br\/blog\/edital-prefeitura-de-cambe\/#respond"]}],"copyrightYear":"2020","copyrightHolder":{"@id":"https:\/\/www.estrategiaconcursos.com.br\/blog\/#organization"}},{"@type":"WebPage","@id":"https:\/\/www.estrategiaconcursos.com.br\/blog\/edital-prefeitura-de-cambe\/","url":"https:\/\/www.estrategiaconcursos.com.br\/blog\/edital-prefeitura-de-cambe\/","name":"EDITAL Prefeitura de Camb\u00e9 oferta 25 vagas para m\u00e9dio e superior","isPartOf":{"@id":"https:\/\/www.estrategiaconcursos.com.br\/blog\/#website"},"primaryImageOfPage":{"@id":"https:\/\/www.estrategiaconcursos.com.br\/blog\/edital-prefeitura-de-cambe\/#primaryimage"},"image":{"@id":"https:\/\/www.estrategiaconcursos.com.br\/blog\/edital-prefeitura-de-cambe\/#primaryimage"},"thumbnailUrl":"https:\/\/dhg1h5j42swfq.cloudfront.net\/2020\/11\/30121833\/PREFEITURA-DE-CAMBE%CC%81-PR.jpg","datePublished":"2020-11-30T15:20:26+00:00","dateModified":"2020-12-29T13:59:54+00:00","description":"Edital Prefeitura de Camb\u00e9 PR: Concurso oferta 25 vagas com sal\u00e1rios de at\u00e9 R$ 10.066,33. Provas previstas para fevereiro de 2021.","breadcrumb":{"@id":"https:\/\/www.estrategiaconcursos.com.br\/blog\/edital-prefeitura-de-cambe\/#breadcrumb"},"inLanguage":"pt-BR","potentialAction":[{"@type":"ReadAction","target":["https:\/\/www.estrategiaconcursos.com.br\/blog\/edital-prefeitura-de-cambe\/"]}]},{"@type":"ImageObject","inLanguage":"pt-BR","@id":"https:\/\/www.estrategiaconcursos.com.br\/blog\/edital-prefeitura-de-cambe\/#primaryimage","url":"https:\/\/dhg1h5j42swfq.cloudfront.net\/2020\/11\/30121833\/PREFEITURA-DE-CAMBE%CC%81-PR.jpg","contentUrl":"https:\/\/dhg1h5j42swfq.cloudfront.net\/2020\/11\/30121833\/PREFEITURA-DE-CAMBE%CC%81-PR.jpg","width":1200,"height":628,"caption":"Concurso Camb\u00e9"},{"@type":"BreadcrumbList","@id":"https:\/\/www.estrategiaconcursos.com.br\/blog\/edital-prefeitura-de-cambe\/#breadcrumb","itemListElement":[{"@type":"ListItem","position":1,"name":"In\u00edcio","item":"https:\/\/www.estrategiaconcursos.com.br\/blog\/"},{"@type":"ListItem","position":2,"name":"EDITAL Prefeitura de Camb\u00e9 oferta 25 vagas para m\u00e9dio e superior"}]},{"@type":"WebSite","@id":"https:\/\/www.estrategiaconcursos.com.br\/blog\/#website","url":"https:\/\/www.estrategiaconcursos.com.br\/blog\/","name":"Estrat\u00e9gia Concursos","description":"O blog da Estrat\u00e9gia Concursos traz not\u00edcias sobre concursos e artigos de professores oferecendo cursos para concursos (pdf + videaulas) no site.","publisher":{"@id":"https:\/\/www.estrategiaconcursos.com.br\/blog\/#organization"},"potentialAction":[{"@type":"SearchAction","target":{"@type":"EntryPoint","urlTemplate":"https:\/\/www.estrategiaconcursos.com.br\/blog\/?s={search_term_string}"},"query-input":{"@type":"PropertyValueSpecification","valueRequired":true,"valueName":"search_term_string"}}],"inLanguage":"pt-BR"},{"@type":"Organization","@id":"https:\/\/www.estrategiaconcursos.com.br\/blog\/#organization","name":"Estrat\u00e9gia Concursos","url":"https:\/\/www.estrategiaconcursos.com.br\/blog\/","logo":{"@type":"ImageObject","inLanguage":"pt-BR","@id":"https:\/\/www.estrategiaconcursos.com.br\/blog\/#\/schema\/logo\/image\/","url":"https:\/\/dhg1h5j42swfq.cloudfront.net\/2025\/06\/03203428\/logo_concursos-1.jpg","contentUrl":"https:\/\/dhg1h5j42swfq.cloudfront.net\/2025\/06\/03203428\/logo_concursos-1.jpg","width":230,"height":60,"caption":"Estrat\u00e9gia Concursos"},"image":{"@id":"https:\/\/www.estrategiaconcursos.com.br\/blog\/#\/schema\/logo\/image\/"},"sameAs":["https:\/\/x.com\/EstratConcursos"]},{"@type":"Person","@id":"https:\/\/www.estrategiaconcursos.com.br\/blog\/#\/schema\/person\/b4a388c97673c5f483d72185668afa1f","name":"Coordena\u00e7\u00e3o","image":{"@type":"ImageObject","inLanguage":"pt-BR","@id":"https:\/\/secure.gravatar.com\/avatar\/b720319e4c9a967eb58678d110f4fe35452fc5d5f97b202bac7b8acceb18c6ad?s=96&d=mm&r=g","url":"https:\/\/secure.gravatar.com\/avatar\/b720319e4c9a967eb58678d110f4fe35452fc5d5f97b202bac7b8acceb18c6ad?s=96&d=mm&r=g","contentUrl":"https:\/\/secure.gravatar.com\/avatar\/b720319e4c9a967eb58678d110f4fe35452fc5d5f97b202bac7b8acceb18c6ad?s=96&d=mm&r=g","caption":"Coordena\u00e7\u00e3o"},"sameAs":["https:\/\/www.facebook.com\/EstrategiaConcursos","https:\/\/x.com\/EstratConcursos"],"url":"https:\/\/www.estrategiaconcursos.com.br\/blog\/author\/estrategia2013\/"}]}},"_links":{"self":[{"href":"https:\/\/www.estrategiaconcursos.com.br\/blog\/wp-json\/wp\/v2\/posts\/619517","targetHints":{"allow":["GET"]}}],"collection":[{"href":"https:\/\/www.estrategiaconcursos.com.br\/blog\/wp-json\/wp\/v2\/posts"}],"about":[{"href":"https:\/\/www.estrategiaconcursos.com.br\/blog\/wp-json\/wp\/v2\/types\/post"}],"author":[{"embeddable":true,"href":"https:\/\/www.estrategiaconcursos.com.br\/blog\/wp-json\/wp\/v2\/users\/1"}],"replies":[{"embeddable":true,"href":"https:\/\/www.estrategiaconcursos.com.br\/blog\/wp-json\/wp\/v2\/comments?post=619517"}],"version-history":[{"count":15,"href":"https:\/\/www.estrategiaconcursos.com.br\/blog\/wp-json\/wp\/v2\/posts\/619517\/revisions"}],"predecessor-version":[{"id":637191,"href":"https:\/\/www.estrategiaconcursos.com.br\/blog\/wp-json\/wp\/v2\/posts\/619517\/revisions\/637191"}],"wp:featuredmedia":[{"embeddable":true,"href":"https:\/\/www.estrategiaconcursos.com.br\/blog\/wp-json\/wp\/v2\/media\/619586"}],"wp:attachment":[{"href":"https:\/\/www.estrategiaconcursos.com.br\/blog\/wp-json\/wp\/v2\/media?parent=619517"}],"wp:term":[{"taxonomy":"category","embeddable":true,"href":"https:\/\/www.estrategiaconcursos.com.br\/blog\/wp-json\/wp\/v2\/categories?post=619517"},{"taxonomy":"post_tag","embeddable":true,"href":"https:\/\/www.estrategiaconcursos.com.br\/blog\/wp-json\/wp\/v2\/tags?post=619517"},{"taxonomy":"tax_estado","embeddable":true,"href":"https:\/\/www.estrategiaconcursos.com.br\/blog\/wp-json\/wp\/v2\/tax_estado?post=619517"}],"curies":[{"name":"wp","href":"https:\/\/api.w.org\/{rel}","templated":true}]}}