{"id":619439,"date":"2020-11-30T11:56:41","date_gmt":"2020-11-30T14:56:41","guid":{"rendered":"https:\/\/www.estrategiaconcursos.com.br\/blog\/?p=619439"},"modified":"2023-08-31T11:15:38","modified_gmt":"2023-08-31T14:15:38","slug":"autorizacao-concurso-prf-essa-semana","status":"publish","type":"post","link":"https:\/\/www.estrategiaconcursos.com.br\/blog\/autorizacao-concurso-prf-essa-semana\/","title":{"rendered":"Diretor confirma autoriza\u00e7\u00e3o do concurso PRF para esta semana!"},"content":{"rendered":"\n<h2 class=\"wp-block-heading\"><em>Depois da autoriza\u00e7\u00e3o PRF, a contrata\u00e7\u00e3o da banca ocorrer\u00e1 em breve!<\/em><\/h2>\n\n\n\n<p>Em live realizada nesta segunda-feira, 30 de novembro, o diretor-executivo da Pol\u00edcia Rodovi\u00e1ria Federal, Jos\u00e9 Hott, confirmou que a autoriza\u00e7\u00e3o para o novo concurso PRF sair\u00e1 nesta semana.<\/p>\n\n\n\n<p>O diretor-executivo explicou que na \u00faltima sexta-feira (27), se reuniu com o minist\u00e9rio da Justi\u00e7a, Economia e com o presidente Jair Bolsonaro para discutir sobre o concurso.<\/p>\n\n\n\n<blockquote class=\"wp-block-quote is-layout-flow wp-block-quote-is-layout-flow\">\n<p>&#8221; De cen\u00e1rio temos: o aguardo da autoriza\u00e7\u00e3o para os pr\u00f3ximos dias, saindo a autoriza\u00e7\u00e3o, logo na sequ\u00eancia, contrataremos a organizadora, e a gente imagina que em um curto espa\u00e7o de tempo, a publica\u00e7\u00e3o do edital.&#8221; Informou Hott sobre a autoriza\u00e7\u00e3o PRF<\/p>\n<\/blockquote>\n\n\n\n<p>N\u00e3o menos importante, Hott afirma que poder\u00e3o ser convocados mais de 2 mil aprovados at\u00e9 2022, dependendo das aposentadorias e vac\u00e2ncias&nbsp;que ocorrer\u00e3o ao longo desses dois anos.<\/p>\n\n\n\n<p>Vale lembrar que no dia 20 de novembro, o presidente Jair Bolsonaro tamb\u00e9m falou sobre as expectativas para a autoriza\u00e7\u00e3o e concurso PRF. De acordo com o presidente, a sele\u00e7\u00e3o com 2 mil vagas ser\u00e1 realizada em 2021.<\/p>\n\n\n\n<blockquote class=\"wp-block-quote is-layout-flow wp-block-quote-is-layout-flow\">\n<p><em>\u201cEst\u00e1 tudo acertado<\/em>!<em>&nbsp;No ano que vem, devemos ter dois concursos. Duas mil vagas para a Pol\u00edcia Federal e duas mil vagas para a Pol\u00edcia Rodovi\u00e1ria Federal. Eu tenho dito \u00e0 equipe econ\u00f4mica que isso \u00e9 investimento.\u201d<\/em><\/p>\n<\/blockquote>\n\n\n\n<p>A ideia inicial \u00e9 que o certame seja destinado exclusivamente para o cargo de&nbsp;<strong>Policial Rodovi\u00e1rio Federal<\/strong>, com remunera\u00e7\u00e3o inicial de&nbsp;<strong>R$ 9.899,88<\/strong>, al\u00e9m de benef\u00edcios.<\/p>\n\n\n\n<h2 class=\"wp-block-heading\" id=\"comissao\">Concurso PRF: comiss\u00e3o formada<\/h2>\n\n\n\n<p>Vale lembrar que a comiss\u00e3o do novo concurso PRF foi oficialmente formada em 11 de agosto. Portanto, a autoriza\u00e7\u00e3o da PRF \u00e9 o pr\u00f3ximo passo. Confira a composi\u00e7\u00e3o do colegiado:<\/p>\n\n\n\n<ul class=\"wp-block-list\">\n<li>Vannucci Gomes Ara\u00fajo, que exercer\u00e1 a fun\u00e7\u00e3o de presidente;<\/li>\n\n\n\n<li>Patricia Duarte Benevides, que exercer\u00e1 a fun\u00e7\u00e3o de presidente substituta;<\/li>\n\n\n\n<li>Caroline Maes;<\/li>\n\n\n\n<li>Petron\u00edlio Rocha Neto.<\/li>\n<\/ul>\n\n\n\n<h2 class=\"wp-block-heading\" id=\"concurso-2018\"><strong>Quando foi o \u00faltimo concurso<\/strong>&nbsp;PRF?<\/h2>\n\n\n\n<p>Vale lembrar que o \u00faltimo concurso PRF, realizado em 2018, ainda est\u00e1 em andamento, em suas&nbsp;<strong>fases finais<\/strong>. A PRF j\u00e1 divulgou o resultado Provis\u00f3rio da Avalia\u00e7\u00e3o Psicol\u00f3gica.<\/p>\n\n\n\n<p>A partir de agora, teremos ainda a Avalia\u00e7\u00e3o de T\u00edtulos e a Investiga\u00e7\u00e3o Social. S\u00f3 a\u00ed chegaremos ao&nbsp;<strong>final da primeira etapa<\/strong>.<\/p>\n\n\n\n<p>A segunda etapa ser\u00e1 o Curso de Forma\u00e7\u00e3o. No \u00faltimo concurso, o Curso de Forma\u00e7\u00e3o teve a&nbsp;<strong><em>dura\u00e7\u00e3o de 3 meses<\/em><\/strong>. Ap\u00f3s o Curso de Forma\u00e7\u00e3o, acontecer\u00e1 a&nbsp;<strong><em>homologa\u00e7\u00e3o<\/em><\/strong>&nbsp;do concurso da Pol\u00edcia Rodovi\u00e1ria Federal.<\/p>\n\n\n\n<p>Cabe destacar que o prazo de validade dessa edi\u00e7\u00e3o do concurso PRF \u00e9 de apenas 30 dias ap\u00f3s a homologa\u00e7\u00e3o.<\/p>\n\n\n\n<p class=\"has-text-align-center has-very-light-gray-background-color has-background\"><strong>Saiba mais sobre autoriza\u00e7\u00e3o PRF: <a href=\"https:\/\/www.estrategiaconcursos.com.br\/blog\/concurso-prf-3\/\">Concurso Pol\u00edcia Rodovi\u00e1ria Federal<\/a><\/strong><\/p>\n\n\n\n<h3 class=\"wp-block-heading has-text-align-center\" id=\"cursos-assinatura\"><strong><em>Que tal estudar para o Concurso PRF(autoriza\u00e7\u00e3o)?<\/em><\/strong><\/h3>\n\n\n\n<div class=\"container\" id=\"boxes\">\n  <div class=\"row\">\n\n    <div class=\"col-sm\">\n      <div class=\"banner-policial\" id=\"box-assinatura\">\n        <h3 class=\"titulo-assinatura\">Curso PRF<\/h3>\n        <p class=\"subtitulo-assinatura\">Conhe\u00e7a os cursos<\/p>\n        <div class=\"box-botao\">\n          <a class=\"btn-assinatura\" target=\"_blank\" href=\"https:\/\/www.estrategiaconcursos.com.br\/cursosPorConcurso\/prf-policial-rodoviario-federal\/\" role=\"button\" rel=\"noopener noreferrer\">Conhe\u00e7a mais<\/a>\n        <\/div>\n      <\/div>\n      <p class=\"texto-auxiliar\">Prepare-se com o melhor material e com quem mais aprova em Concursos P\u00fablicos em todo o pa\u00eds. <\/p>\n    <\/div>\n\n  <\/div>\n<\/div>\n\n\n\n<div class=\"container\" id=\"boxes\">\n  <div class=\"row\">\n\n    <div class=\"col-sm\">\n      <div class=\"estrategia\" id=\"box-assinatura\">\n        <h3 class=\"titulo-assinatura\">Assinatura Ilimitada<\/h3>\n        <p class=\"subtitulo-assinatura\">Assinatura Anual Ilimitada*<\/p>\n        <div class=\"box-botao\">\n          <a class=\"btn-assinatura\" target=\"_blank\" href=\"https:\/\/www.estrategiaconcursos.com.br\/assinaturas\/\" role=\"button\" rel=\"noopener noreferrer\">ASSINE AGORA<\/a>\n        <\/div>\n      <\/div>\n      <p class=\"texto-auxiliar\">Prepare-se com o melhor material e com quem mais aprova em Concursos P\u00fablicos em todo o pa\u00eds. Assine agora a nossa Assinatura Anual e tenha acesso ilimitado* a todos os nossos cursos.<\/p>\n    <\/div>\n\n    <div class=\"col-sm\">\n      <div class=\"questoes\" id=\"box-assinatura\">\n        <h3 class=\"titulo-assinatura\">Sistema de Quest\u00f5es<\/h3>\n        <p class=\"subtitulo-assinatura\">Assinatura Ilimitada*<\/p>\n        <div class=\"box-botao\">\n          <a class=\"btn-assinatura\" target=\"_blank\" href=\"https:\/\/www.estrategiaconcursos.com.br\/cursosPorConcurso\/sistema-de-questoes\/#\/\" role=\"button\" rel=\"noopener noreferrer\">ASSINE AGORA<\/a>\n        <\/div>\n      <\/div>\n      <p class=\"texto-auxiliar\">Estrat\u00e9gia Quest\u00f5es nasceu maior do que todos os concorrentes, com mais quest\u00f5es cadastradas e mais solu\u00e7\u00f5es por professores. Clique no link e aproveite os descontos e b\u00f4nus imperd\u00edveis!<\/p>\n    <\/div>\n  <\/div>\n<\/div>\n","protected":false},"excerpt":{"rendered":"<p>Depois da autoriza\u00e7\u00e3o PRF, a contrata\u00e7\u00e3o da banca ocorrer\u00e1 em breve! Em live realizada nesta segunda-feira, 30 de novembro, o diretor-executivo da Pol\u00edcia Rodovi\u00e1ria Federal, Jos\u00e9 Hott, confirmou que a autoriza\u00e7\u00e3o para o novo concurso PRF sair\u00e1 nesta semana. O diretor-executivo explicou que na \u00faltima sexta-feira (27), se reuniu com o minist\u00e9rio da Justi\u00e7a, Economia [&hellip;]<\/p>\n","protected":false},"author":552,"featured_media":575760,"comment_status":"open","ping_status":"closed","sticky":false,"template":"","format":"standard","meta":{"post_tipo":"article","footnotes":""},"categories":[1],"tags":[],"tax_estado":[],"class_list":["post-619439","post","type-post","status-publish","format-standard","has-post-thumbnail","hentry","category-cursos-e-concursos"],"acf":[],"yoast_head":"<!-- This site is optimized with the Yoast SEO Premium plugin v27.2 (Yoast SEO v27.2) - https:\/\/yoast.com\/product\/yoast-seo-premium-wordpress\/ -->\n<title>Diretor confirma autoriza\u00e7\u00e3o do concurso PRF para esta semana!<\/title>\n<meta name=\"description\" content=\"Em live, o diretor-executivo da Pol\u00edcia Rodovi\u00e1ria Federal, Jos\u00e9 Hott, confirmou que a autoriza\u00e7\u00e3o para o novo concurso PRF sair\u00e1 nesta semana.\" \/>\n<meta name=\"robots\" content=\"index, follow, max-snippet:-1, max-image-preview:large, max-video-preview:-1\" \/>\n<link rel=\"canonical\" href=\"https:\/\/www.estrategiaconcursos.com.br\/blog\/autorizacao-concurso-prf-essa-semana\/\" \/>\n<meta property=\"og:locale\" content=\"pt_BR\" \/>\n<meta property=\"og:type\" content=\"article\" \/>\n<meta property=\"og:title\" content=\"Diretor confirma autoriza\u00e7\u00e3o do concurso PRF para esta semana!\" \/>\n<meta property=\"og:description\" content=\"Em live, o diretor-executivo da Pol\u00edcia Rodovi\u00e1ria Federal, Jos\u00e9 Hott, confirmou que a autoriza\u00e7\u00e3o para o novo concurso PRF sair\u00e1 nesta semana.\" \/>\n<meta property=\"og:url\" content=\"https:\/\/www.estrategiaconcursos.com.br\/blog\/autorizacao-concurso-prf-essa-semana\/\" \/>\n<meta property=\"og:site_name\" content=\"Estrat\u00e9gia Concursos\" \/>\n<meta property=\"article:published_time\" content=\"2020-11-30T14:56:41+00:00\" \/>\n<meta property=\"article:modified_time\" content=\"2023-08-31T14:15:38+00:00\" \/>\n<meta property=\"og:image\" content=\"https:\/\/dhg1h5j42swfq.cloudfront.net\/2020\/09\/22101816\/concurso-prf-1024x536-1.jpg\" \/>\n\t<meta property=\"og:image:width\" content=\"1024\" \/>\n\t<meta property=\"og:image:height\" content=\"536\" \/>\n\t<meta property=\"og:image:type\" content=\"image\/jpeg\" \/>\n<meta name=\"author\" content=\"Paulo Bilynskyj\" \/>\n<meta name=\"twitter:card\" content=\"summary_large_image\" \/>\n<meta name=\"twitter:creator\" content=\"@EstratConcursos\" \/>\n<meta name=\"twitter:site\" content=\"@EstratConcursos\" \/>\n<meta name=\"twitter:label1\" content=\"Escrito por\" \/>\n\t<meta name=\"twitter:data1\" content=\"Paulo Bilynskyj\" \/>\n\t<meta name=\"twitter:label2\" content=\"Est. tempo de leitura\" \/>\n\t<meta name=\"twitter:data2\" content=\"3 minutos\" \/>\n<script type=\"application\/ld+json\" class=\"yoast-schema-graph\">{\"@context\":\"https:\/\/schema.org\",\"@graph\":[{\"@type\":\"NewsArticle\",\"@id\":\"https:\/\/www.estrategiaconcursos.com.br\/blog\/autorizacao-concurso-prf-essa-semana\/#article\",\"isPartOf\":{\"@id\":\"https:\/\/www.estrategiaconcursos.com.br\/blog\/autorizacao-concurso-prf-essa-semana\/\"},\"author\":{\"name\":\"Paulo Bilynskyj\",\"@id\":\"https:\/\/www.estrategiaconcursos.com.br\/blog\/#\/schema\/person\/a630b15e36f45b4c21fed01219843cb5\"},\"headline\":\"Diretor confirma autoriza\u00e7\u00e3o do concurso PRF para esta semana!\",\"datePublished\":\"2020-11-30T14:56:41+00:00\",\"dateModified\":\"2023-08-31T14:15:38+00:00\",\"mainEntityOfPage\":{\"@id\":\"https:\/\/www.estrategiaconcursos.com.br\/blog\/autorizacao-concurso-prf-essa-semana\/\"},\"wordCount\":596,\"commentCount\":0,\"publisher\":{\"@id\":\"https:\/\/www.estrategiaconcursos.com.br\/blog\/#organization\"},\"image\":{\"@id\":\"https:\/\/www.estrategiaconcursos.com.br\/blog\/autorizacao-concurso-prf-essa-semana\/#primaryimage\"},\"thumbnailUrl\":\"https:\/\/dhg1h5j42swfq.cloudfront.net\/2020\/09\/22101816\/concurso-prf-1024x536-1.jpg\",\"articleSection\":[\"Concursos P\u00fablicos\"],\"inLanguage\":\"pt-BR\",\"potentialAction\":[{\"@type\":\"CommentAction\",\"name\":\"Comment\",\"target\":[\"https:\/\/www.estrategiaconcursos.com.br\/blog\/autorizacao-concurso-prf-essa-semana\/#respond\"]}],\"copyrightYear\":\"2020\",\"copyrightHolder\":{\"@id\":\"https:\/\/www.estrategiaconcursos.com.br\/blog\/#organization\"}},{\"@type\":\"WebPage\",\"@id\":\"https:\/\/www.estrategiaconcursos.com.br\/blog\/autorizacao-concurso-prf-essa-semana\/\",\"url\":\"https:\/\/www.estrategiaconcursos.com.br\/blog\/autorizacao-concurso-prf-essa-semana\/\",\"name\":\"Diretor confirma autoriza\u00e7\u00e3o do concurso PRF para esta semana!\",\"isPartOf\":{\"@id\":\"https:\/\/www.estrategiaconcursos.com.br\/blog\/#website\"},\"primaryImageOfPage\":{\"@id\":\"https:\/\/www.estrategiaconcursos.com.br\/blog\/autorizacao-concurso-prf-essa-semana\/#primaryimage\"},\"image\":{\"@id\":\"https:\/\/www.estrategiaconcursos.com.br\/blog\/autorizacao-concurso-prf-essa-semana\/#primaryimage\"},\"thumbnailUrl\":\"https:\/\/dhg1h5j42swfq.cloudfront.net\/2020\/09\/22101816\/concurso-prf-1024x536-1.jpg\",\"datePublished\":\"2020-11-30T14:56:41+00:00\",\"dateModified\":\"2023-08-31T14:15:38+00:00\",\"description\":\"Em live, o diretor-executivo da Pol\u00edcia Rodovi\u00e1ria Federal, Jos\u00e9 Hott, confirmou que a autoriza\u00e7\u00e3o para o novo concurso PRF sair\u00e1 nesta semana.\",\"breadcrumb\":{\"@id\":\"https:\/\/www.estrategiaconcursos.com.br\/blog\/autorizacao-concurso-prf-essa-semana\/#breadcrumb\"},\"inLanguage\":\"pt-BR\",\"potentialAction\":[{\"@type\":\"ReadAction\",\"target\":[\"https:\/\/www.estrategiaconcursos.com.br\/blog\/autorizacao-concurso-prf-essa-semana\/\"]}]},{\"@type\":\"ImageObject\",\"inLanguage\":\"pt-BR\",\"@id\":\"https:\/\/www.estrategiaconcursos.com.br\/blog\/autorizacao-concurso-prf-essa-semana\/#primaryimage\",\"url\":\"https:\/\/dhg1h5j42swfq.cloudfront.net\/2020\/09\/22101816\/concurso-prf-1024x536-1.jpg\",\"contentUrl\":\"https:\/\/dhg1h5j42swfq.cloudfront.net\/2020\/09\/22101816\/concurso-prf-1024x536-1.jpg\",\"width\":1024,\"height\":536,\"caption\":\"CONCURSO da PRF\"},{\"@type\":\"BreadcrumbList\",\"@id\":\"https:\/\/www.estrategiaconcursos.com.br\/blog\/autorizacao-concurso-prf-essa-semana\/#breadcrumb\",\"itemListElement\":[{\"@type\":\"ListItem\",\"position\":1,\"name\":\"In\u00edcio\",\"item\":\"https:\/\/www.estrategiaconcursos.com.br\/blog\/\"},{\"@type\":\"ListItem\",\"position\":2,\"name\":\"Diretor confirma autoriza\u00e7\u00e3o do concurso PRF para esta semana!\"}]},{\"@type\":\"WebSite\",\"@id\":\"https:\/\/www.estrategiaconcursos.com.br\/blog\/#website\",\"url\":\"https:\/\/www.estrategiaconcursos.com.br\/blog\/\",\"name\":\"Estrat\u00e9gia Concursos\",\"description\":\"O blog da Estrat\u00e9gia Concursos traz not\u00edcias sobre concursos e artigos de professores oferecendo cursos para concursos (pdf + videaulas) no site.\",\"publisher\":{\"@id\":\"https:\/\/www.estrategiaconcursos.com.br\/blog\/#organization\"},\"potentialAction\":[{\"@type\":\"SearchAction\",\"target\":{\"@type\":\"EntryPoint\",\"urlTemplate\":\"https:\/\/www.estrategiaconcursos.com.br\/blog\/?s={search_term_string}\"},\"query-input\":{\"@type\":\"PropertyValueSpecification\",\"valueRequired\":true,\"valueName\":\"search_term_string\"}}],\"inLanguage\":\"pt-BR\"},{\"@type\":\"Organization\",\"@id\":\"https:\/\/www.estrategiaconcursos.com.br\/blog\/#organization\",\"name\":\"Estrat\u00e9gia Concursos\",\"url\":\"https:\/\/www.estrategiaconcursos.com.br\/blog\/\",\"logo\":{\"@type\":\"ImageObject\",\"inLanguage\":\"pt-BR\",\"@id\":\"https:\/\/www.estrategiaconcursos.com.br\/blog\/#\/schema\/logo\/image\/\",\"url\":\"https:\/\/dhg1h5j42swfq.cloudfront.net\/2025\/06\/03203428\/logo_concursos-1.jpg\",\"contentUrl\":\"https:\/\/dhg1h5j42swfq.cloudfront.net\/2025\/06\/03203428\/logo_concursos-1.jpg\",\"width\":230,\"height\":60,\"caption\":\"Estrat\u00e9gia Concursos\"},\"image\":{\"@id\":\"https:\/\/www.estrategiaconcursos.com.br\/blog\/#\/schema\/logo\/image\/\"},\"sameAs\":[\"https:\/\/x.com\/EstratConcursos\"]},{\"@type\":\"Person\",\"@id\":\"https:\/\/www.estrategiaconcursos.com.br\/blog\/#\/schema\/person\/a630b15e36f45b4c21fed01219843cb5\",\"name\":\"Paulo Bilynskyj\",\"image\":{\"@type\":\"ImageObject\",\"inLanguage\":\"pt-BR\",\"@id\":\"https:\/\/secure.gravatar.com\/avatar\/37e21f70c9042e7456beffdc6d31fe051f3f6dcbf252f69343a791b144852057?s=96&d=mm&r=g\",\"url\":\"https:\/\/secure.gravatar.com\/avatar\/37e21f70c9042e7456beffdc6d31fe051f3f6dcbf252f69343a791b144852057?s=96&d=mm&r=g\",\"contentUrl\":\"https:\/\/secure.gravatar.com\/avatar\/37e21f70c9042e7456beffdc6d31fe051f3f6dcbf252f69343a791b144852057?s=96&d=mm&r=g\",\"caption\":\"Paulo Bilynskyj\"},\"url\":\"https:\/\/www.estrategiaconcursos.com.br\/blog\/author\/pbilynskyjgmail-com\/\"}]}<\/script>\n<!-- \/ Yoast SEO Premium plugin. -->","yoast_head_json":{"title":"Diretor confirma autoriza\u00e7\u00e3o do concurso PRF para esta semana!","description":"Em live, o diretor-executivo da Pol\u00edcia Rodovi\u00e1ria Federal, Jos\u00e9 Hott, confirmou que a autoriza\u00e7\u00e3o para o novo concurso PRF sair\u00e1 nesta semana.","robots":{"index":"index","follow":"follow","max-snippet":"max-snippet:-1","max-image-preview":"max-image-preview:large","max-video-preview":"max-video-preview:-1"},"canonical":"https:\/\/www.estrategiaconcursos.com.br\/blog\/autorizacao-concurso-prf-essa-semana\/","og_locale":"pt_BR","og_type":"article","og_title":"Diretor confirma autoriza\u00e7\u00e3o do concurso PRF para esta semana!","og_description":"Em live, o diretor-executivo da Pol\u00edcia Rodovi\u00e1ria Federal, Jos\u00e9 Hott, confirmou que a autoriza\u00e7\u00e3o para o novo concurso PRF sair\u00e1 nesta semana.","og_url":"https:\/\/www.estrategiaconcursos.com.br\/blog\/autorizacao-concurso-prf-essa-semana\/","og_site_name":"Estrat\u00e9gia Concursos","article_published_time":"2020-11-30T14:56:41+00:00","article_modified_time":"2023-08-31T14:15:38+00:00","og_image":[{"width":1024,"height":536,"url":"https:\/\/dhg1h5j42swfq.cloudfront.net\/2020\/09\/22101816\/concurso-prf-1024x536-1.jpg","type":"image\/jpeg"}],"author":"Paulo Bilynskyj","twitter_card":"summary_large_image","twitter_creator":"@EstratConcursos","twitter_site":"@EstratConcursos","twitter_misc":{"Escrito por":"Paulo Bilynskyj","Est. tempo de leitura":"3 minutos"},"schema":{"@context":"https:\/\/schema.org","@graph":[{"@type":"NewsArticle","@id":"https:\/\/www.estrategiaconcursos.com.br\/blog\/autorizacao-concurso-prf-essa-semana\/#article","isPartOf":{"@id":"https:\/\/www.estrategiaconcursos.com.br\/blog\/autorizacao-concurso-prf-essa-semana\/"},"author":{"name":"Paulo Bilynskyj","@id":"https:\/\/www.estrategiaconcursos.com.br\/blog\/#\/schema\/person\/a630b15e36f45b4c21fed01219843cb5"},"headline":"Diretor confirma autoriza\u00e7\u00e3o do concurso PRF para esta semana!","datePublished":"2020-11-30T14:56:41+00:00","dateModified":"2023-08-31T14:15:38+00:00","mainEntityOfPage":{"@id":"https:\/\/www.estrategiaconcursos.com.br\/blog\/autorizacao-concurso-prf-essa-semana\/"},"wordCount":596,"commentCount":0,"publisher":{"@id":"https:\/\/www.estrategiaconcursos.com.br\/blog\/#organization"},"image":{"@id":"https:\/\/www.estrategiaconcursos.com.br\/blog\/autorizacao-concurso-prf-essa-semana\/#primaryimage"},"thumbnailUrl":"https:\/\/dhg1h5j42swfq.cloudfront.net\/2020\/09\/22101816\/concurso-prf-1024x536-1.jpg","articleSection":["Concursos P\u00fablicos"],"inLanguage":"pt-BR","potentialAction":[{"@type":"CommentAction","name":"Comment","target":["https:\/\/www.estrategiaconcursos.com.br\/blog\/autorizacao-concurso-prf-essa-semana\/#respond"]}],"copyrightYear":"2020","copyrightHolder":{"@id":"https:\/\/www.estrategiaconcursos.com.br\/blog\/#organization"}},{"@type":"WebPage","@id":"https:\/\/www.estrategiaconcursos.com.br\/blog\/autorizacao-concurso-prf-essa-semana\/","url":"https:\/\/www.estrategiaconcursos.com.br\/blog\/autorizacao-concurso-prf-essa-semana\/","name":"Diretor confirma autoriza\u00e7\u00e3o do concurso PRF para esta semana!","isPartOf":{"@id":"https:\/\/www.estrategiaconcursos.com.br\/blog\/#website"},"primaryImageOfPage":{"@id":"https:\/\/www.estrategiaconcursos.com.br\/blog\/autorizacao-concurso-prf-essa-semana\/#primaryimage"},"image":{"@id":"https:\/\/www.estrategiaconcursos.com.br\/blog\/autorizacao-concurso-prf-essa-semana\/#primaryimage"},"thumbnailUrl":"https:\/\/dhg1h5j42swfq.cloudfront.net\/2020\/09\/22101816\/concurso-prf-1024x536-1.jpg","datePublished":"2020-11-30T14:56:41+00:00","dateModified":"2023-08-31T14:15:38+00:00","description":"Em live, o diretor-executivo da Pol\u00edcia Rodovi\u00e1ria Federal, Jos\u00e9 Hott, confirmou que a autoriza\u00e7\u00e3o para o novo concurso PRF sair\u00e1 nesta semana.","breadcrumb":{"@id":"https:\/\/www.estrategiaconcursos.com.br\/blog\/autorizacao-concurso-prf-essa-semana\/#breadcrumb"},"inLanguage":"pt-BR","potentialAction":[{"@type":"ReadAction","target":["https:\/\/www.estrategiaconcursos.com.br\/blog\/autorizacao-concurso-prf-essa-semana\/"]}]},{"@type":"ImageObject","inLanguage":"pt-BR","@id":"https:\/\/www.estrategiaconcursos.com.br\/blog\/autorizacao-concurso-prf-essa-semana\/#primaryimage","url":"https:\/\/dhg1h5j42swfq.cloudfront.net\/2020\/09\/22101816\/concurso-prf-1024x536-1.jpg","contentUrl":"https:\/\/dhg1h5j42swfq.cloudfront.net\/2020\/09\/22101816\/concurso-prf-1024x536-1.jpg","width":1024,"height":536,"caption":"CONCURSO da PRF"},{"@type":"BreadcrumbList","@id":"https:\/\/www.estrategiaconcursos.com.br\/blog\/autorizacao-concurso-prf-essa-semana\/#breadcrumb","itemListElement":[{"@type":"ListItem","position":1,"name":"In\u00edcio","item":"https:\/\/www.estrategiaconcursos.com.br\/blog\/"},{"@type":"ListItem","position":2,"name":"Diretor confirma autoriza\u00e7\u00e3o do concurso PRF para esta semana!"}]},{"@type":"WebSite","@id":"https:\/\/www.estrategiaconcursos.com.br\/blog\/#website","url":"https:\/\/www.estrategiaconcursos.com.br\/blog\/","name":"Estrat\u00e9gia Concursos","description":"O blog da Estrat\u00e9gia Concursos traz not\u00edcias sobre concursos e artigos de professores oferecendo cursos para concursos (pdf + videaulas) no site.","publisher":{"@id":"https:\/\/www.estrategiaconcursos.com.br\/blog\/#organization"},"potentialAction":[{"@type":"SearchAction","target":{"@type":"EntryPoint","urlTemplate":"https:\/\/www.estrategiaconcursos.com.br\/blog\/?s={search_term_string}"},"query-input":{"@type":"PropertyValueSpecification","valueRequired":true,"valueName":"search_term_string"}}],"inLanguage":"pt-BR"},{"@type":"Organization","@id":"https:\/\/www.estrategiaconcursos.com.br\/blog\/#organization","name":"Estrat\u00e9gia Concursos","url":"https:\/\/www.estrategiaconcursos.com.br\/blog\/","logo":{"@type":"ImageObject","inLanguage":"pt-BR","@id":"https:\/\/www.estrategiaconcursos.com.br\/blog\/#\/schema\/logo\/image\/","url":"https:\/\/dhg1h5j42swfq.cloudfront.net\/2025\/06\/03203428\/logo_concursos-1.jpg","contentUrl":"https:\/\/dhg1h5j42swfq.cloudfront.net\/2025\/06\/03203428\/logo_concursos-1.jpg","width":230,"height":60,"caption":"Estrat\u00e9gia Concursos"},"image":{"@id":"https:\/\/www.estrategiaconcursos.com.br\/blog\/#\/schema\/logo\/image\/"},"sameAs":["https:\/\/x.com\/EstratConcursos"]},{"@type":"Person","@id":"https:\/\/www.estrategiaconcursos.com.br\/blog\/#\/schema\/person\/a630b15e36f45b4c21fed01219843cb5","name":"Paulo Bilynskyj","image":{"@type":"ImageObject","inLanguage":"pt-BR","@id":"https:\/\/secure.gravatar.com\/avatar\/37e21f70c9042e7456beffdc6d31fe051f3f6dcbf252f69343a791b144852057?s=96&d=mm&r=g","url":"https:\/\/secure.gravatar.com\/avatar\/37e21f70c9042e7456beffdc6d31fe051f3f6dcbf252f69343a791b144852057?s=96&d=mm&r=g","contentUrl":"https:\/\/secure.gravatar.com\/avatar\/37e21f70c9042e7456beffdc6d31fe051f3f6dcbf252f69343a791b144852057?s=96&d=mm&r=g","caption":"Paulo Bilynskyj"},"url":"https:\/\/www.estrategiaconcursos.com.br\/blog\/author\/pbilynskyjgmail-com\/"}]}},"_links":{"self":[{"href":"https:\/\/www.estrategiaconcursos.com.br\/blog\/wp-json\/wp\/v2\/posts\/619439","targetHints":{"allow":["GET"]}}],"collection":[{"href":"https:\/\/www.estrategiaconcursos.com.br\/blog\/wp-json\/wp\/v2\/posts"}],"about":[{"href":"https:\/\/www.estrategiaconcursos.com.br\/blog\/wp-json\/wp\/v2\/types\/post"}],"author":[{"embeddable":true,"href":"https:\/\/www.estrategiaconcursos.com.br\/blog\/wp-json\/wp\/v2\/users\/552"}],"replies":[{"embeddable":true,"href":"https:\/\/www.estrategiaconcursos.com.br\/blog\/wp-json\/wp\/v2\/comments?post=619439"}],"version-history":[{"count":8,"href":"https:\/\/www.estrategiaconcursos.com.br\/blog\/wp-json\/wp\/v2\/posts\/619439\/revisions"}],"predecessor-version":[{"id":1271791,"href":"https:\/\/www.estrategiaconcursos.com.br\/blog\/wp-json\/wp\/v2\/posts\/619439\/revisions\/1271791"}],"wp:featuredmedia":[{"embeddable":true,"href":"https:\/\/www.estrategiaconcursos.com.br\/blog\/wp-json\/wp\/v2\/media\/575760"}],"wp:attachment":[{"href":"https:\/\/www.estrategiaconcursos.com.br\/blog\/wp-json\/wp\/v2\/media?parent=619439"}],"wp:term":[{"taxonomy":"category","embeddable":true,"href":"https:\/\/www.estrategiaconcursos.com.br\/blog\/wp-json\/wp\/v2\/categories?post=619439"},{"taxonomy":"post_tag","embeddable":true,"href":"https:\/\/www.estrategiaconcursos.com.br\/blog\/wp-json\/wp\/v2\/tags?post=619439"},{"taxonomy":"tax_estado","embeddable":true,"href":"https:\/\/www.estrategiaconcursos.com.br\/blog\/wp-json\/wp\/v2\/tax_estado?post=619439"}],"curies":[{"name":"wp","href":"https:\/\/api.w.org\/{rel}","templated":true}]}}