{"id":619152,"date":"2020-12-04T14:13:00","date_gmt":"2020-12-04T17:13:00","guid":{"rendered":"https:\/\/www.estrategiaconcursos.com.br\/blog\/?p=619152"},"modified":"2020-12-01T14:14:27","modified_gmt":"2020-12-01T17:14:27","slug":"resumo-geral-do-iss-aracaju-informacoes-essenciais-parte-1","status":"publish","type":"post","link":"https:\/\/www.estrategiaconcursos.com.br\/blog\/resumo-geral-do-iss-aracaju-informacoes-essenciais-parte-1\/","title":{"rendered":"Resumo Geral do ISS Aracaju \u2013 Informa\u00e7\u00f5es essenciais \u2013 parte 1"},"content":{"rendered":"\n<p>Ol\u00e1, pessoal. Tudo certo? No artigo de hoje veremos um Resumo Geral do ISS Aracaju, focaremos nas principais disposi\u00e7\u00f5es que<strong> n\u00e3o podem deixar de ser decorados<\/strong> para sua prova.<\/p>\n\n\n\n<p>A ideia realmente \u00e9 ser bem sucinto apresentando a regra matriz de cada um dos <a href=\"https:\/\/fazenda.aracaju.se.gov.br\/#\/publica\/contribuinte\/servicos\" data-type=\"URL\" data-id=\"https:\/\/fazenda.aracaju.se.gov.br\/#\/publica\/contribuinte\/servicos\">tributos de Aracaju<\/a>.<\/p>\n\n\n\n<p>Vamos l\u00e1?<\/p>\n\n\n\n<h2 class=\"wp-block-heading\">Aspectos Gerais<\/h2>\n\n\n\n<p>A regra matriz de um tributo colabora a responder algumas perguntas fundamentais sobre suas caracter\u00edsticas, tendo como <strong><span class=\"has-inline-color has-vivid-cyan-blue-color\">hip\u00f3tese (antecedente)<\/span><\/strong>, \u201cem que\u201d ocorre a incid\u00eancia, \u201conde\u201d e \u201cquando\u201d ocorre, j\u00e1 como <span class=\"has-inline-color has-vivid-cyan-blue-color\"><strong>consequ\u00eancia<\/strong><\/span>, \u201cquem\u201d \u00e9 responsabilizado e \u201cquanto\u201d \u00e9 cab\u00edvel, assim vejamos os crit\u00e9rios da regra matriz.<\/p>\n\n\n\n<ul class=\"wp-block-list\"><li><strong><span class=\"has-inline-color has-vivid-green-cyan-color\">Crit\u00e9rio Material:<\/span><\/strong> <strong><span class=\"has-inline-color has-vivid-red-color\">o qu\u00ea?<\/span><\/strong> deve ocorrer para a incid\u00eancia;<\/li><li><span class=\"has-inline-color has-vivid-green-cyan-color\"><strong>Crit\u00e9rio Espacial<\/strong>: <\/span><strong><span class=\"has-inline-color has-vivid-red-color\">onde?<\/span><\/strong> o fato precisa ocorrer para a incid\u00eancia;<\/li><li><span class=\"has-inline-color has-vivid-green-cyan-color\"><strong>Crit\u00e9rio Temporal<\/strong>:<\/span> <strong><span class=\"has-inline-color has-vivid-red-color\">quando?<\/span><\/strong> se considerado o corrido o fato para a incid\u00eancia;<\/li><li><span class=\"has-inline-color has-vivid-green-cyan-color\"><strong>Crit\u00e9rio Pessoal<\/strong>:<\/span> <strong><span class=\"has-inline-color has-vivid-red-color\">quem?<\/span><\/strong> deve cobrar e <strong><span class=\"has-inline-color has-vivid-red-color\">de quem?<\/span><\/strong><\/li><li><span class=\"has-inline-color has-vivid-green-cyan-color\"><strong>Crit\u00e9rio Quantitativo<\/strong>: <\/span><span class=\"has-inline-color has-vivid-red-color\"><strong>quanto?<\/strong> <\/span>se deve cobrar.<\/li><\/ul>\n\n\n\n<h2 class=\"wp-block-heading\">Impostos no CTM de Aracaju<\/h2>\n\n\n\n<p>Vejamos os impostos de compet\u00eancia do Munic\u00edpio de Aracaju.<\/p>\n\n\n\n<p><em>Art. 97 \u2013 S\u00e3o impostos de <strong><span class=\"has-inline-color has-vivid-cyan-blue-color\">compet\u00eancia do Munic\u00edpio de Aracaju<\/span><\/strong>:<\/em><\/p>\n\n\n\n<p><em>I \u2013 <strong><span class=\"has-inline-color has-vivid-green-cyan-color\">Sobre Servi\u00e7os de Qualquer Natureza<\/span><\/strong>;<\/em><\/p>\n\n\n\n<p><em>II \u2013 <strong><span class=\"has-inline-color has-vivid-green-cyan-color\">Sobre a Propriedade Predial e Territorial Urbana<\/span><\/strong>;<\/em><\/p>\n\n\n\n<p><em>IV \u2013 <strong><span class=\"has-inline-color has-vivid-green-cyan-color\">Sobre a Transmiss\u00e3o \u201cInter-Vivos\u201d a qualquer t\u00edtulo, por ato oneroso, de bens im\u00f3veis<\/span>;<\/strong><\/em><\/p>\n\n\n\n<p>At\u00e9 aqui sem nenhuma surpresa, uma vez que se trata de uma reprodu\u00e7\u00e3o das compet\u00eancias atribu\u00eddas pela Constitui\u00e7\u00e3o Federal. &nbsp;Adentraremos na regra matriz de cada um dos impostos.<\/p>\n\n\n\n<h3 class=\"wp-block-heading\">Imposto sobre a propriedade predial e territorial urbana (IPTU)<\/h3>\n\n\n\n<p>Vamos iniciar o artigo sobre o Resumo Geral do ISS Aracaju vendo sobre o IPTU.<\/p>\n\n\n\n<h4 class=\"wp-block-heading\">Crit\u00e9rio Material<\/h4>\n\n\n\n<p>O crit\u00e9rio material se encontra na propriedade, dom\u00ednio \u00fatil ou a posse de bem <strong>im\u00f3vel<\/strong>, por natureza ou por acess\u00e3o f\u00edsica, como definido na lei civil.<\/p>\n\n\n\n<p><strong><span class=\"has-inline-color has-vivid-cyan-blue-color\">Fato gerador<\/span> <\/strong>(Art. 133):<\/p>\n\n\n\n<ul class=\"wp-block-list\"><li><strong><span class=\"has-inline-color has-vivid-green-cyan-color\">propriedade<\/span><\/strong><\/li><li><strong><span class=\"has-inline-color has-vivid-green-cyan-color\">dom\u00ednio \u00fatil<\/span><\/strong><\/li><li><strong><span class=\"has-inline-color has-vivid-green-cyan-color\">posse<\/span><\/strong><\/li><\/ul>\n\n\n\n<h4 class=\"wp-block-heading\">Crit\u00e9rio Espacial<\/h4>\n\n\n\n<p><strong><span class=\"has-inline-color has-vivid-cyan-blue-color\">Crit\u00e9rio espacial<\/span><\/strong>:<em> <\/em><strong><span class=\"has-inline-color has-vivid-green-cyan-color\">zona urbana do Munic\u00edpio<\/span><\/strong>, independentemente de sua forma, estrutura e destina\u00e7\u00e3o (Art. 133).<\/p>\n\n\n\n<p><strong><span class=\"has-inline-color has-vivid-purple-color\">Aten\u00e7\u00f5es especiais:<\/span><\/strong><\/p>\n\n\n\n<ul class=\"wp-block-list\"><li>Para ser considerado zona urbana deve-se observar pelo menos 2 melhoramentos elencados no art. 134.<\/li><li>\u00c1reas urbaniz\u00e1veis ou de expans\u00e3o urbana tamb\u00e9m podem ser equiparadas a zona urbana (Art. 134, \u00a71\u00ba)<\/li><li>H\u00e1 incid\u00eancia em im\u00f3vel que, embora n\u00e3o localizado na zona urbana, seja utilizado como s\u00edtio de recreio e cuja eventual produ\u00e7\u00e3o n\u00e3o se destine ao com\u00e9rcio (Art. 134, \u00a72\u00ba)<\/li><\/ul>\n\n\n\n<h4 class=\"wp-block-heading\">Crit\u00e9rio Temporal<\/h4>\n\n\n\n<p><strong><span class=\"has-inline-color has-vivid-cyan-blue-color\">Considera-se ocorrido o fato gerador<\/span><\/strong> (Art. 133, \u00a7 1\u00ba):<\/p>\n\n\n\n<ul class=\"wp-block-list\"><li><strong><span class=\"has-inline-color has-vivid-green-cyan-color\">1\u00ba de janeiro de cada exerc\u00edcio<\/span><\/strong><\/li><\/ul>\n\n\n\n<ul class=\"wp-block-list\"><li><strong><span class=\"has-inline-color has-vivid-green-cyan-color\">1\u00ba &nbsp;dia do m\u00eas subsequente<\/span><\/strong> ao que ocorrer:<\/li><\/ul>\n\n\n\n<p>a)<strong><span class=\"has-inline-color has-vivid-purple-color\"> constru\u00e7\u00e3o ou modifica\u00e7\u00e3o de edifica\u00e7\u00e3o<\/span><\/strong> que implique <strong>altera\u00e7\u00e3o do valor venal <\/strong>do im\u00f3vel;<\/p>\n\n\n\n<p>b)<strong><span class=\"has-inline-color has-vivid-purple-color\"> constitui\u00e7\u00e3o de novo terreno<\/span><\/strong>, sobre o qual haja edifica\u00e7\u00e3o incorporada;<\/p>\n\n\n\n<p>c)<strong><span class=\"has-inline-color has-vivid-purple-color\"> institui\u00e7\u00e3o de condom\u00ednio edil\u00edcio <\/span><\/strong>em planos horizontais ou em planos verticais.<\/p>\n\n\n\n<p>Atente-se a possibilidade de lan\u00e7amento complementar referente \u00e0 modifica\u00e7\u00e3o do bem im\u00f3vel no decorrer do exerc\u00edcio.<\/p>\n\n\n\n<h4 class=\"wp-block-heading\">Crit\u00e9rio Pessoal<\/h4>\n\n\n\n<p><strong><span class=\"has-inline-color has-vivid-cyan-blue-color\">Sujei\u00e7\u00e3o Ativa:<\/span> <\/strong>O sujeito ativo da cobran\u00e7a \u00e9 o <strong><span class=\"has-inline-color has-vivid-green-cyan-color\">Munic\u00edpio de Aracaju<\/span><\/strong>.<\/p>\n\n\n\n<p><strong><span class=\"has-inline-color has-vivid-cyan-blue-color\">Sujei\u00e7\u00e3o Passiva<\/span><\/strong>:<\/p>\n\n\n\n<p><span class=\"has-inline-color has-vivid-cyan-blue-color\"><strong>Contribuinte<\/strong> <\/span>(Art. 169 e \u00a7u):<\/p>\n\n\n\n<ul class=\"wp-block-list\"><li><strong><span class=\"has-inline-color has-vivid-green-cyan-color\">propriet\u00e1rio<\/span><\/strong>,<\/li><li><strong><span class=\"has-inline-color has-vivid-green-cyan-color\">titular do seu dom\u00ednio \u00fatil<\/span><\/strong><\/li><li><strong><span class=\"has-inline-color has-vivid-green-cyan-color\">possuidor a qualquer t\u00edtulo<\/span><\/strong>.<\/li><li><strong><span class=\"has-inline-color has-vivid-green-cyan-color\">promitentes compradores imitidos na posse, os posseiros, ocupantes ou comodat\u00e1rios<\/span><\/strong> de im\u00f3veis pertencentes \u00e0 Uni\u00e3o, aos Estados, ao Munic\u00edpio ou a <strong>qualquer das outras pessoas isentas ou imunes do IPTU<\/strong>.<\/li><\/ul>\n\n\n\n<p><strong><span class=\"has-inline-color has-vivid-cyan-blue-color\">Respons\u00e1veis solid\u00e1rios<\/span><\/strong> (Art. 169\u2013A)<\/p>\n\n\n\n<ul class=\"wp-block-list\"><li><strong><span class=\"has-inline-color has-vivid-green-cyan-color\">Transmitente e o adquirente<\/span><\/strong> nas <strong>transa\u00e7\u00f5es imobili\u00e1rias<\/strong> cujo registro no Cart\u00f3rio de Registro de Im\u00f3veis seja imprescind\u00edvel para produ\u00e7\u00e3o de efeitos perante as partes e terceiros,<strong> enquanto n\u00e3o efetivado o registro<\/strong>.<\/li><\/ul>\n\n\n\n<p><strong><span class=\"has-inline-color has-luminous-vivid-amber-color\">Obs.<\/span><\/strong> No caso do IPTU s\u00f3 h\u00e1 uma possibilidade de responsabilidade elencada no CTM.<\/p>\n\n\n\n<h4 class=\"wp-block-heading\">Crit\u00e9rio Quantitativo<\/h4>\n\n\n\n<p>O crit\u00e9rio quantitativo dos tributos, em regra, \u00e9 a multiplica\u00e7\u00e3o da <strong>base de c\u00e1lculo<\/strong> pela <strong>al\u00edquota<\/strong> correspondente, logo:<\/p>\n\n\n\n<p><strong><span class=\"has-inline-color has-vivid-cyan-blue-color\">Base de c\u00e1lculo<\/span><\/strong> (Art. 148): <strong><span class=\"has-inline-color has-vivid-green-cyan-color\">valor venal<\/span><\/strong> da unidade imobili\u00e1ria<\/p>\n\n\n\n<p>Quanto a<strong> <\/strong><span class=\"has-inline-color has-vivid-cyan-blue-color\"><strong>al\u00edquota<\/strong> <\/span>utilizemos a tabela esquematiza do professor Wagner Damazio.<\/p>\n\n\n\n<div class=\"wp-block-image\"><figure class=\"aligncenter size-large\"><img loading=\"lazy\" decoding=\"async\" width=\"567\" height=\"337\" src=\"https:\/\/dhg1h5j42swfq.cloudfront.net\/2020\/11\/28200113\/image-366.png\" alt=\"Resumo Geral \" class=\"wp-image-619153\" srcset=\"https:\/\/dhg1h5j42swfq.cloudfront.net\/2020\/11\/28200113\/image-366.png 567w, https:\/\/dhg1h5j42swfq.cloudfront.net\/2020\/11\/28200113\/image-366-300x178.png 300w\" sizes=\"auto, (max-width: 567px) 100vw, 567px\" \/><figcaption>Resumo Geral ISS Aracaju &#8211; Al\u00edquota ITBI<\/figcaption><\/figure><\/div>\n\n\n\n<h3 class=\"wp-block-heading\">Imposto sobre Transmiss\u00e3o \u201cInter-Vivos\u201d a Qualquer T\u00edtulo, por Ato Oneroso, Bens Im\u00f3veis.<\/h3>\n\n\n\n<p>Vejamos agora sobre o ITBI.<\/p>\n\n\n\n<h4 class=\"wp-block-heading\">Crit\u00e9rio Material<\/h4>\n\n\n\n<p><span class=\"has-inline-color has-vivid-cyan-blue-color\"><strong>Fato Gerador<\/strong> <\/span>(Art. 185)<\/p>\n\n\n\n<ul class=\"wp-block-list\"><li><strong><span class=\"has-inline-color has-vivid-green-cyan-color\">transmiss\u00e3o \u201cinter vivos\u201d<\/span><\/strong>, a qualquer t\u00edtulo <strong><span class=\"has-inline-color has-vivid-purple-color\">por ato oneroso<\/span><\/strong>:<\/li><\/ul>\n\n\n\n<p>a) de <strong>bens im\u00f3veis<\/strong>, por natureza ou acess\u00e3o f\u00edsica;<\/p>\n\n\n\n<p>b) de <strong>direitos reais sobre bens im\u00f3veis<\/strong>, <strong><span class=\"has-inline-color has-vivid-red-color\">exceto <\/span><\/strong>os de garantia e as <strong><span class=\"has-inline-color has-vivid-red-color\">servid\u00f5es<\/span><\/strong>.<\/p>\n\n\n\n<ul class=\"wp-block-list\"><li><span class=\"has-inline-color has-vivid-green-cyan-color\"><strong>cess\u00e3o<\/strong>,<\/span> <strong><span class=\"has-inline-color has-vivid-purple-color\">por ato oneroso<\/span><\/strong>, de <strong>direitos <\/strong>relativos \u00e0 aquisi\u00e7\u00e3o de <strong>bens im\u00f3veis<\/strong>.<\/li><\/ul>\n\n\n\n<h4 class=\"wp-block-heading\">Crit\u00e9rio Espacial<\/h4>\n\n\n\n<p><strong><span class=\"has-inline-color has-vivid-cyan-blue-color\">Crit\u00e9rio espacial:<\/span><\/strong> Transmiss\u00e3o onerosa de im\u00f3vel competente ao <span class=\"has-inline-color has-vivid-green-cyan-color\"><strong>Munic\u00edpio da situa\u00e7\u00e3o do bem <\/strong><\/span>(CF, Art. 156, \u00a72\u00ba, II)<\/p>\n\n\n\n<h4 class=\"wp-block-heading\">Crit\u00e9rio Temporal<\/h4>\n\n\n\n<p>O entendimento da jurisprud\u00eancia e doutrina majorit\u00e1ria (ainda que haja controv\u00e9rsias) \u00e9 que o <strong><span class=\"has-inline-color has-vivid-cyan-blue-color\">fato gerador<\/span><\/strong> ocorre no<strong><span class=\"has-inline-color has-vivid-green-cyan-color\"> momento do registro<\/span><\/strong> junto ao Cart\u00f3rio de Registro de Im\u00f3vel.<\/p>\n\n\n\n<p>Lembre-se que para sua prova o recolhimento do imposto deve seguir as regras disciplinadas pelo CTM, assim:<\/p>\n\n\n\n<ul class=\"wp-block-list\"><li><strong><span class=\"has-inline-color has-vivid-cyan-blue-color\">Antecipadamente<\/span><\/strong>:<\/li><\/ul>\n\n\n\n<p><strong>Art. 194, inciso I<\/strong>&nbsp;\u2013 at\u00e9 a data da&nbsp;<strong>lavratura do instrumento<\/strong>&nbsp;que servir de&nbsp;<span class=\"has-inline-color has-vivid-green-cyan-color\"><strong>base \u00e0 transmiss\u00e3o<\/strong>.<\/span><\/p>\n\n\n\n<p><strong>Art. 194, \u00a72\u00ba<\/strong>&nbsp;\u2013 quando o ato ou contrato sobre o qual incide, for lavrado por&nbsp;<strong><span class=\"has-inline-color has-vivid-green-cyan-color\">instrumento p\u00fablico<\/span><\/strong>.<\/p>\n\n\n\n<ul class=\"wp-block-list\"><li><strong><span class=\"has-inline-color has-vivid-cyan-blue-color\">10 dias<\/span><\/strong><\/li><\/ul>\n\n\n\n<p><strong>Art. 194, \u00a72\u00ba<\/strong>&nbsp;\u2013 contados do ato ou contrato sobre o qual incide, quando lavrado por&nbsp;<strong><span class=\"has-inline-color has-vivid-green-cyan-color\">instrumento particular<\/span><\/strong>.<\/p>\n\n\n\n<p><strong>Art. 194, \u00a74\u00ba<\/strong>&nbsp;\u2013 nas transmiss\u00f5es realizadas por&nbsp;<strong><span class=\"has-inline-color has-vivid-green-cyan-color\">termo judicial<\/span><\/strong>, em virtude de senten\u00e7a judicial, contados da senten\u00e7a que houver homologado seu c\u00e1lculo.<\/p>\n\n\n\n<ul class=\"wp-block-list\"><li><strong><span class=\"has-inline-color has-vivid-cyan-blue-color\">15 dias<\/span><\/strong><\/li><\/ul>\n\n\n\n<p><strong>Art. 194, \u00a73\u00ba<\/strong>&nbsp;\u2013 no caso de&nbsp;<span class=\"has-inline-color has-vivid-green-cyan-color\"><strong>Arremata\u00e7\u00e3o, Adjudica\u00e7\u00e3o ou Remi\u00e7\u00e3o<\/strong>,<\/span> contados desses atos, antes da assinatura da respectiva carta e mesmo que essa n\u00e3o seja extra\u00edda.<\/p>\n\n\n\n<ul class=\"wp-block-list\"><li><strong><span class=\"has-inline-color has-vivid-cyan-blue-color\">30 dias<\/span><\/strong><\/li><\/ul>\n\n\n\n<p><strong>Art. 194, inciso II<\/strong>&nbsp;\u2013 contados da data do tr\u00e2nsito em julgado da decis\u00e3o se o t\u00edtulo de transmiss\u00e3o for&nbsp;<strong><span class=\"has-inline-color has-vivid-green-cyan-color\">senten\u00e7a judicial<\/span><\/strong>.<\/p>\n\n\n\n<h4 class=\"wp-block-heading\">Crit\u00e9rio Pessoal<\/h4>\n\n\n\n<p><strong><span class=\"has-inline-color has-vivid-cyan-blue-color\">Sujei\u00e7\u00e3o Ativa:<\/span> <\/strong>O sujeito ativo da cobran\u00e7a \u00e9 o Munic\u00edpio da situa\u00e7\u00e3o do bem, ou seja, o <strong><span class=\"has-inline-color has-vivid-green-cyan-color\">Munic\u00edpio de Aracaju<\/span>.<\/strong><\/p>\n\n\n\n<p><strong><span class=\"has-inline-color has-vivid-cyan-blue-color\">Sujei\u00e7\u00e3o Passiva<\/span><\/strong>:<\/p>\n\n\n\n<p><span class=\"has-inline-color has-vivid-cyan-blue-color\"><strong>Contribuinte<\/strong> <\/span>(Art. 190)<\/p>\n\n\n\n<ul class=\"wp-block-list\"><li><span class=\"has-inline-color has-vivid-green-cyan-color\"><strong>adquirentes<\/strong> <\/span>dos bens ou direitos transmitidos;<\/li><li><strong><span class=\"has-inline-color has-vivid-green-cyan-color\">cession\u00e1rios<\/span><\/strong>, nas cess\u00f5es, por ato oneroso, de direitos relativos \u00e0 aquisi\u00e7\u00e3o de bens im\u00f3veis;<\/li><li><span class=\"has-inline-color has-vivid-green-cyan-color\"><strong>superfici\u00e1rios<\/strong> <\/span>nas institui\u00e7\u00f5es do direito de superf\u00edcie<\/li><li><span class=\"has-inline-color has-vivid-red-color\"><strong>cedentes<\/strong> <\/span>nas <strong>cess\u00f5es do direito de superf\u00edcie<\/strong>.<\/li><\/ul>\n\n\n\n<p><strong><span class=\"has-inline-color has-vivid-cyan-blue-color\">Respons\u00e1veis solid\u00e1rios<\/span> <\/strong>(Art. 191)<\/p>\n\n\n\n<ul class=\"wp-block-list\"><li><strong><span class=\"has-inline-color has-vivid-green-cyan-color\">transmitente<\/span><\/strong>;<\/li><li><strong><span class=\"has-inline-color has-vivid-green-cyan-color\">cedente<\/span><\/strong>;<\/li><li><strong><span class=\"has-inline-color has-vivid-green-cyan-color\">tabeli\u00e3es, escriv\u00e3es e demais serventu\u00e1rios de of\u00edcio<\/span><\/strong>, <strong>relativamente aos atos por eles praticados<\/strong>, em raz\u00e3o de seu of\u00edcio, ou pelas omiss\u00f5es de que forem respons\u00e1veis.<\/li><\/ul>\n\n\n\n<h4 class=\"wp-block-heading\">Crit\u00e9rio Quantitativo<\/h4>\n\n\n\n<p><span class=\"has-inline-color has-vivid-cyan-blue-color\"><strong>Base de c\u00e1lculo<\/strong>:<\/span> <strong><span class=\"has-inline-color has-vivid-green-cyan-color\">valor venal<\/span><\/strong> dos bens ou direitos transmitidos ou cedidos, determinada pela Secretaria Municipal de Finan\u00e7as, <strong>atrav\u00e9s de avalia\u00e7\u00e3o<\/strong> feita com base nos elementos de que dispuser <strong>e ainda nos declarados pelo sujeito passivo<\/strong> (Art. 189).<\/p>\n\n\n\n<p><span class=\"has-inline-color has-vivid-cyan-blue-color\"><strong>Al\u00edquota<\/strong><\/span>: <strong><span class=\"has-inline-color has-vivid-green-cyan-color\">2%<\/span><\/strong> (Art. 188)<\/p>\n\n\n\n<h3 class=\"wp-block-heading\">Imposto Sobre Servi\u00e7os de Qualquer Natureza<\/h3>\n\n\n\n<p>Para finalizar o artigo sobre o Resumo Geral do ISS Aracaju, vejamos sobre o ISS.<\/p>\n\n\n\n<h4 class=\"wp-block-heading\">Crit\u00e9rio Material<\/h4>\n\n\n\n<p><strong><span class=\"has-inline-color has-vivid-cyan-blue-color\">Fato gerador<\/span>:<\/strong> a <strong><span class=\"has-inline-color has-vivid-green-cyan-color\">presta\u00e7\u00e3o de servi\u00e7os<\/span><\/strong> constantes na lista anexa<\/p>\n\n\n\n<h4 class=\"wp-block-heading\">Crit\u00e9rio Espacial<\/h4>\n\n\n\n<p><strong><span class=\"has-inline-color has-vivid-cyan-blue-color\">Crit\u00e9rio espacial:<\/span> <\/strong>servi\u00e7o considera-se prestado e o imposto devido no local do <strong><span class=\"has-inline-color has-vivid-green-cyan-color\">estabelecimento prestador<\/span><\/strong> ou, na falta do estabelecimento, no local do domic\u00edlio do prestador (Art. 115).<\/p>\n\n\n\n<p><strong><span class=\"has-inline-color has-luminous-vivid-amber-color\">Obs.<\/span><\/strong> H\u00e1 diversas hip\u00f3teses de exce\u00e7\u00f5es (23 para ser mais exato).<\/p>\n\n\n\n<h4 class=\"wp-block-heading\">Crit\u00e9rio Temporal<\/h4>\n\n\n\n<p><strong><span class=\"has-inline-color has-vivid-cyan-blue-color\">Fato gerador:<\/span> <\/strong>No momento da <span class=\"has-inline-color has-vivid-green-cyan-color\"><strong>conclus\u00e3o da presta\u00e7\u00e3o<\/strong><\/span> do servi\u00e7o <span style=\"text-decoration: underline\">ou<\/span> <span class=\"has-inline-color has-vivid-green-cyan-color\">etapa conclu\u00edda<\/span> (no caso de servi\u00e7os fracionados)<span class=\"has-inline-color has-vivid-red-color\">*<\/span><\/p>\n\n\n\n<p><span class=\"has-inline-color has-vivid-red-color\">*<\/span><span class=\"has-inline-color has-vivid-purple-color\"><strong>Fato gerador do ISSQN devido pelo profissional aut\u00f4nomo<\/strong><\/span> ocorre em primeiro de janeiro de cada ano (Art. 117, \u00a7 4\u00ba)<\/p>\n\n\n\n<h4 class=\"wp-block-heading\">Crit\u00e9rio Pessoal<\/h4>\n\n\n\n<p><strong><span class=\"has-inline-color has-vivid-cyan-blue-color\">Sujeito ativo:<\/span><\/strong> <strong><span class=\"has-inline-color has-vivid-green-cyan-color\">Munic\u00edpio de Aracaju<\/span><\/strong>;<\/p>\n\n\n\n<p><strong><span class=\"has-inline-color has-vivid-cyan-blue-color\">Sujeito passivo (contribuinte):<\/span><\/strong> <strong><span class=\"has-inline-color has-vivid-green-cyan-color\">prestador de servi\u00e7o<\/span> <\/strong>(Art.127)<\/p>\n\n\n\n<p>Quanto \u00e0 <strong>responsabilidade<\/strong>, trata-se de um artigo longo com v\u00e1rias hip\u00f3teses, assim vamos tentar classificar de uma forma mais f\u00e1cil para a memoriza\u00e7\u00e3o.<\/p>\n\n\n\n<p><strong><span class=\"has-inline-color has-vivid-cyan-blue-color\">Respons\u00e1vel solid\u00e1rio<\/span> <\/strong>(Art. 131)<\/p>\n\n\n\n<ul class=\"wp-block-list\"><li><strong>1)&nbsp;<span class=\"has-inline-color has-vivid-green-cyan-color\">Obras<\/span><\/strong><\/li><\/ul>\n\n\n\n<p>\u2013<span class=\"has-inline-color has-vivid-purple-color\"><strong>Construtores<\/strong>&nbsp;<\/span>-&gt; pelo imposto relativo aos servi\u00e7os prestados por&nbsp;<strong>subempreiteiros, exclusivamente de m\u00e3o de obra<\/strong>;<\/p>\n\n\n\n<p>\u2013<span class=\"has-inline-color has-vivid-purple-color\"><strong>Administradores de obras<\/strong><\/span>&nbsp;-&gt; pelo imposto relativo \u00e0&nbsp;<strong>m\u00e3o de obra, inclusive de subcontratados<\/strong>,&nbsp;ainda que o pagamento dos servi\u00e7os seja feito diretamente pelo dono da obra ou contratante<\/p>\n\n\n\n<p>\u2013<strong><span class=\"has-inline-color has-vivid-purple-color\">Titulares de direitos sobre pr\u00e9dios<\/span><\/strong>&nbsp;-&gt; pelo imposto devido pelos construtores ou empreiteiros,&nbsp;<strong>se n\u00e3o identificarem os construtores ou os empreiteiros<\/strong><\/p>\n\n\n\n<p><strong>2)&nbsp;<span class=\"has-inline-color has-vivid-green-cyan-color\">Locador<\/span><\/strong><\/p>\n\n\n\n<p><span class=\"has-inline-color has-vivid-purple-color\"><strong>Prestador irregular<\/strong>:<\/span><\/p>\n\n\n\n<p>\u2013<strong>Permitirem em seus estabelecimentos<\/strong>&nbsp;ou domic\u00edlios, explora\u00e7\u00e3o de&nbsp;<strong>atividades tribut\u00e1rias sem estar o prestador do servi\u00e7o inscrito<\/strong>&nbsp;no \u00f3rg\u00e3o fiscal<\/p>\n\n\n\n<p><span class=\"has-inline-color has-vivid-purple-color\"><strong>Loca\u00e7\u00e3o para servi\u00e7os de \u201cdivers\u00e3o<\/strong>\u201d<\/span>:<\/p>\n\n\n\n<p>-As entidades p\u00fablicas ou privadas (propriet\u00e1rios\/locador) nos&nbsp;<strong>servi\u00e7os de divers\u00f5es p\u00fablicas<\/strong>, em teatros, bares e etc. prestado por terceiros em sua propriedade.<\/p>\n\n\n\n<ul class=\"wp-block-list\"><li><strong>3)&nbsp;<span class=\"has-inline-color has-vivid-green-cyan-color\">Tomador \u201cdescuidado\u201d<\/span>:<\/strong><\/li><\/ul>\n\n\n\n<p>-Os que tomarem servi\u00e7os de<strong>&nbsp;terceiros n\u00e3o identificados;<\/strong><\/p>\n\n\n\n<p>\u2013<strong>N\u00e3o exigirem&nbsp;<\/strong>dos prestadores documento fiscal id\u00f4neo<\/p>\n\n\n\n<p>-Utilizarem os servi\u00e7os de profissionais aut\u00f4nomos quando&nbsp;<strong>n\u00e3o exigirem<\/strong>&nbsp;comprova\u00e7\u00e3o do cadastro fiscal da Prefeitura<\/p>\n\n\n\n<p><strong><span class=\"has-inline-color has-vivid-cyan-blue-color\">Substituto&nbsp;<\/span>-&gt; <span class=\"has-inline-color has-vivid-green-cyan-color\">Demais<\/span><\/strong><\/p>\n\n\n\n<p>Assim, lembrando apenas dos 3 grupos de respons\u00e1veis solid\u00e1rios \u00e9 poss\u00edvel ter uma \u00f3tima ideia de todas as hip\u00f3teses.<\/p>\n\n\n\n<h4 class=\"wp-block-heading\">Crit\u00e9rio Quantitativo<\/h4>\n\n\n\n<p><span class=\"has-inline-color has-vivid-cyan-blue-color\"><strong>Base de c\u00e1lculo<\/strong>: <\/span><strong><span class=\"has-inline-color has-vivid-green-cyan-color\">pre\u00e7o do servi\u00e7o<\/span><\/strong> (Art. 104)<\/p>\n\n\n\n<p><span class=\"has-inline-color has-vivid-cyan-blue-color\"><strong>Al\u00edquotas<\/strong>: <\/span>Tabela I do anexo I, sendo a <span class=\"has-inline-color has-vivid-green-cyan-color\"><strong>m\u00ednima<\/strong> <\/span>de <strong>2%<\/strong> e a <span class=\"has-inline-color has-vivid-green-cyan-color\"><strong>m\u00e1xima<\/strong> <\/span>de <strong>5%<\/strong><\/p>\n\n\n\n<p><span class=\"has-inline-color has-luminous-vivid-amber-color\"><strong>Obs.<\/strong> <\/span>Lembre-se da possibilidade do ISS fixo para Profissional aut\u00f4nomo&nbsp;(Art. 106) e ISS fixo por profissional para Sociedade uniprofissional&nbsp;(Art. 107-A).<\/p>\n\n\n\n<h2 class=\"wp-block-heading\">Considera\u00e7\u00f5es Finais<\/h2>\n\n\n\n<p>Pessoal, chegamos ao final do artigo Resumo Geral do ISS Aracaju, espero que tenham gostado.<\/p>\n\n\n\n<p>Devido \u00e0 extens\u00e3o do tema continuaremos em um pr\u00f3ximo artigo para tratar sobre taxas e contribui\u00e7\u00e3o de melhoria. N\u00e3o deixe de acompanhar para ler tamb\u00e9m o Resumo Geral do ISS Aracaju parte 2.<\/p>\n\n\n\n<p>At\u00e9 mais e bons estudos!<\/p>\n\n\n\n<h2 class=\"has-text-align-center wp-block-heading\" id=\"cursos-assinatura\">Quer estudar para o concurso ISS Aracaju?<\/h2>\n\n\n\n<p><em>Gostou desta oportunidade e deseja come\u00e7ar se preparar agora mesmo? Ent\u00e3o, confira os nossos cursos e comece a estudar:<\/em><\/p>\n\n\n\n<p class=\"has-text-align-center has-luminous-vivid-amber-background-color has-background\"><strong><a rel=\"noreferrer noopener\" href=\"https:\/\/www.estrategiaconcursos.com.br\/cursos\/concurso\/\" target=\"_blank\">Curso para concurso<\/a><\/strong><\/p>\n\n\n\n<p class=\"has-text-align-center\"><em><strong>Assinatura Anual Ilimitada*<\/strong><\/em><\/p>\n\n\n\n<p class=\"has-text-align-center\"><em>Prepare-se com o melhor material e com quem mais aprova em Concursos P\u00fablicos em todo o pa\u00eds. Assine agora a nossa Assinatura Anual e tenha acesso ilimitado* a todos os nossos cursos.<\/em><\/p>\n\n\n\n<p class=\"has-text-align-center has-light-green-cyan-background-color has-background\"><strong>ASSINE AGORA<\/strong>&nbsp;\u2013&nbsp;<strong><a rel=\"noreferrer noopener\" href=\"https:\/\/www.estrategiaconcursos.com.br\/assinaturas\" target=\"_blank\">Assinatura Ilimitada<\/a><\/strong><\/p>\n\n\n\n<p class=\"has-text-align-center\"><strong><em><strong>Sistema de Quest\u00f5es<\/strong><\/em><\/strong><\/p>\n\n\n\n<p class=\"has-text-align-center\"><em>Estrat\u00e9gia Quest\u00f5es nasceu maior do que todos os concorrentes, com mais quest\u00f5es cadastradas e mais solu\u00e7\u00f5es por professores. Ent\u00e3o, confira e aproveite os descontos e b\u00f4nus imperd\u00edveis!<\/em><\/p>\n\n\n\n<p class=\"has-text-align-center has-vivid-green-cyan-background-color has-background\"><strong>ASSINE AGORA \u2013&nbsp;<a rel=\"noreferrer noopener\" href=\"https:\/\/www.estrategiaconcursos.com.br\/cursosPorConcurso\/sistema-de-questoes\/#\/\" target=\"_blank\">Sistema de Quest\u00f5es<\/a><\/strong><\/p>\n\n\n\n<p class=\"has-text-align-center\"><strong><em>Fique por dentro dos concursos em aberto<\/em><\/strong><\/p>\n\n\n\n<p class=\"has-text-align-center has-pale-cyan-blue-background-color has-background\"><a rel=\"noreferrer noopener\" href=\"https:\/\/www.estrategiaconcursos.com.br\/blog\/concursos-abertos\/\" target=\"_blank\"><strong>CONCURSOS ABERTOS<\/strong><\/a><\/p>\n\n\n\n<p class=\"has-text-align-center\"><strong><em>As oportunidades previstas<\/em><\/strong><\/p>\n\n\n\n<p class=\"has-text-align-center has-pale-cyan-blue-background-color has-background\"><a rel=\"noreferrer noopener\" href=\"https:\/\/www.estrategiaconcursos.com.br\/blog\/concursos-2020\/\" target=\"_blank\"><strong>CONCURSOS&nbsp;2020<\/strong><\/a><\/p>\n\n\n\n<p class=\"has-text-align-center has-pale-cyan-blue-background-color has-background\"><a rel=\"noreferrer noopener\" href=\"https:\/\/www.estrategiaconcursos.com.br\/blog\/concursos-2021\/\" target=\"_blank\"><strong>CONCURSOS 2021<\/strong><\/a><\/p>\n","protected":false},"excerpt":{"rendered":"<p>Ol\u00e1, pessoal. Tudo certo? No artigo de hoje veremos um Resumo Geral do ISS Aracaju, focaremos nas principais disposi\u00e7\u00f5es que n\u00e3o podem deixar de ser decorados para sua prova. A ideia realmente \u00e9 ser bem sucinto apresentando a regra matriz de cada um dos tributos de Aracaju. Vamos l\u00e1? Aspectos Gerais A regra matriz de [&hellip;]<\/p>\n","protected":false},"author":1763,"featured_media":611909,"comment_status":"open","ping_status":"closed","sticky":false,"template":"","format":"standard","meta":{"post_tipo":"article","footnotes":""},"categories":[1983],"tags":[],"tax_estado":[219988],"class_list":["post-619152","post","type-post","status-publish","format-standard","has-post-thumbnail","hentry","category-fiscal-estadual","tax_estado-se"],"acf":[],"yoast_head":"<!-- This site is optimized with the Yoast SEO Premium plugin v27.2 (Yoast SEO v27.2) - https:\/\/yoast.com\/product\/yoast-seo-premium-wordpress\/ -->\n<title>Resumo Geral do ISS Aracaju \u2013 Informa\u00e7\u00f5es essenciais \u2013 parte 1<\/title>\n<meta name=\"description\" content=\"Veja nesse artigo um Resumo Geral do ISS Aracaju, focando nos pontos que n\u00e3o podem deixar de ser decorados para sua prova.\" \/>\n<meta name=\"robots\" content=\"index, follow, max-snippet:-1, max-image-preview:large, max-video-preview:-1\" \/>\n<link rel=\"canonical\" href=\"https:\/\/www.estrategiaconcursos.com.br\/blog\/resumo-geral-do-iss-aracaju-informacoes-essenciais-parte-1\/\" \/>\n<meta property=\"og:locale\" content=\"pt_BR\" \/>\n<meta property=\"og:type\" content=\"article\" \/>\n<meta property=\"og:title\" content=\"Resumo Geral do ISS Aracaju \u2013 Informa\u00e7\u00f5es essenciais \u2013 parte 1\" \/>\n<meta property=\"og:description\" content=\"Veja nesse artigo um Resumo Geral do ISS Aracaju, focando nos pontos que n\u00e3o podem deixar de ser decorados para sua prova.\" \/>\n<meta property=\"og:url\" content=\"https:\/\/www.estrategiaconcursos.com.br\/blog\/resumo-geral-do-iss-aracaju-informacoes-essenciais-parte-1\/\" \/>\n<meta property=\"og:site_name\" content=\"Estrat\u00e9gia Concursos\" \/>\n<meta property=\"article:published_time\" content=\"2020-12-04T17:13:00+00:00\" \/>\n<meta property=\"og:image\" content=\"https:\/\/dhg1h5j42swfq.cloudfront.net\/2020\/11\/17131700\/image-226.png\" \/>\n\t<meta property=\"og:image:width\" content=\"281\" \/>\n\t<meta property=\"og:image:height\" content=\"343\" \/>\n\t<meta property=\"og:image:type\" content=\"image\/png\" \/>\n<meta name=\"author\" content=\"Leonardo Menezes Passarin\" \/>\n<meta name=\"twitter:card\" content=\"summary_large_image\" \/>\n<meta name=\"twitter:creator\" content=\"@EstratConcursos\" \/>\n<meta name=\"twitter:site\" content=\"@EstratConcursos\" \/>\n<meta name=\"twitter:label1\" content=\"Escrito por\" \/>\n\t<meta name=\"twitter:data1\" content=\"Leonardo Menezes Passarin\" \/>\n\t<meta name=\"twitter:label2\" content=\"Est. tempo de leitura\" \/>\n\t<meta name=\"twitter:data2\" content=\"9 minutos\" \/>\n<script type=\"application\/ld+json\" class=\"yoast-schema-graph\">{\"@context\":\"https:\/\/schema.org\",\"@graph\":[{\"@type\":\"NewsArticle\",\"@id\":\"https:\/\/www.estrategiaconcursos.com.br\/blog\/resumo-geral-do-iss-aracaju-informacoes-essenciais-parte-1\/#article\",\"isPartOf\":{\"@id\":\"https:\/\/www.estrategiaconcursos.com.br\/blog\/resumo-geral-do-iss-aracaju-informacoes-essenciais-parte-1\/\"},\"author\":{\"name\":\"Leonardo Menezes Passarin\",\"@id\":\"https:\/\/www.estrategiaconcursos.com.br\/blog\/#\/schema\/person\/245b44e43eb13f0dbd04a7a078cd0d0d\"},\"headline\":\"Resumo Geral do ISS Aracaju \u2013 Informa\u00e7\u00f5es essenciais \u2013 parte 1\",\"datePublished\":\"2020-12-04T17:13:00+00:00\",\"mainEntityOfPage\":{\"@id\":\"https:\/\/www.estrategiaconcursos.com.br\/blog\/resumo-geral-do-iss-aracaju-informacoes-essenciais-parte-1\/\"},\"wordCount\":1783,\"commentCount\":0,\"publisher\":{\"@id\":\"https:\/\/www.estrategiaconcursos.com.br\/blog\/#organization\"},\"image\":{\"@id\":\"https:\/\/www.estrategiaconcursos.com.br\/blog\/resumo-geral-do-iss-aracaju-informacoes-essenciais-parte-1\/#primaryimage\"},\"thumbnailUrl\":\"https:\/\/dhg1h5j42swfq.cloudfront.net\/2020\/11\/17131700\/image-226.png\",\"articleSection\":[\"Fiscal - Estadual (ICMS)\"],\"inLanguage\":\"pt-BR\",\"potentialAction\":[{\"@type\":\"CommentAction\",\"name\":\"Comment\",\"target\":[\"https:\/\/www.estrategiaconcursos.com.br\/blog\/resumo-geral-do-iss-aracaju-informacoes-essenciais-parte-1\/#respond\"]}],\"copyrightYear\":\"2020\",\"copyrightHolder\":{\"@id\":\"https:\/\/www.estrategiaconcursos.com.br\/blog\/#organization\"}},{\"@type\":\"WebPage\",\"@id\":\"https:\/\/www.estrategiaconcursos.com.br\/blog\/resumo-geral-do-iss-aracaju-informacoes-essenciais-parte-1\/\",\"url\":\"https:\/\/www.estrategiaconcursos.com.br\/blog\/resumo-geral-do-iss-aracaju-informacoes-essenciais-parte-1\/\",\"name\":\"Resumo Geral do ISS Aracaju \u2013 Informa\u00e7\u00f5es essenciais \u2013 parte 1\",\"isPartOf\":{\"@id\":\"https:\/\/www.estrategiaconcursos.com.br\/blog\/#website\"},\"primaryImageOfPage\":{\"@id\":\"https:\/\/www.estrategiaconcursos.com.br\/blog\/resumo-geral-do-iss-aracaju-informacoes-essenciais-parte-1\/#primaryimage\"},\"image\":{\"@id\":\"https:\/\/www.estrategiaconcursos.com.br\/blog\/resumo-geral-do-iss-aracaju-informacoes-essenciais-parte-1\/#primaryimage\"},\"thumbnailUrl\":\"https:\/\/dhg1h5j42swfq.cloudfront.net\/2020\/11\/17131700\/image-226.png\",\"datePublished\":\"2020-12-04T17:13:00+00:00\",\"description\":\"Veja nesse artigo um Resumo Geral do ISS Aracaju, focando nos pontos que n\u00e3o podem deixar de ser decorados para sua prova.\",\"breadcrumb\":{\"@id\":\"https:\/\/www.estrategiaconcursos.com.br\/blog\/resumo-geral-do-iss-aracaju-informacoes-essenciais-parte-1\/#breadcrumb\"},\"inLanguage\":\"pt-BR\",\"potentialAction\":[{\"@type\":\"ReadAction\",\"target\":[\"https:\/\/www.estrategiaconcursos.com.br\/blog\/resumo-geral-do-iss-aracaju-informacoes-essenciais-parte-1\/\"]}]},{\"@type\":\"ImageObject\",\"inLanguage\":\"pt-BR\",\"@id\":\"https:\/\/www.estrategiaconcursos.com.br\/blog\/resumo-geral-do-iss-aracaju-informacoes-essenciais-parte-1\/#primaryimage\",\"url\":\"https:\/\/dhg1h5j42swfq.cloudfront.net\/2020\/11\/17131700\/image-226.png\",\"contentUrl\":\"https:\/\/dhg1h5j42swfq.cloudfront.net\/2020\/11\/17131700\/image-226.png\",\"width\":281,\"height\":343},{\"@type\":\"BreadcrumbList\",\"@id\":\"https:\/\/www.estrategiaconcursos.com.br\/blog\/resumo-geral-do-iss-aracaju-informacoes-essenciais-parte-1\/#breadcrumb\",\"itemListElement\":[{\"@type\":\"ListItem\",\"position\":1,\"name\":\"In\u00edcio\",\"item\":\"https:\/\/www.estrategiaconcursos.com.br\/blog\/\"},{\"@type\":\"ListItem\",\"position\":2,\"name\":\"Resumo Geral do ISS Aracaju \u2013 Informa\u00e7\u00f5es essenciais \u2013 parte 1\"}]},{\"@type\":\"WebSite\",\"@id\":\"https:\/\/www.estrategiaconcursos.com.br\/blog\/#website\",\"url\":\"https:\/\/www.estrategiaconcursos.com.br\/blog\/\",\"name\":\"Estrat\u00e9gia Concursos\",\"description\":\"O blog da Estrat\u00e9gia Concursos traz not\u00edcias sobre concursos e artigos de professores oferecendo cursos para concursos (pdf + videaulas) no site.\",\"publisher\":{\"@id\":\"https:\/\/www.estrategiaconcursos.com.br\/blog\/#organization\"},\"potentialAction\":[{\"@type\":\"SearchAction\",\"target\":{\"@type\":\"EntryPoint\",\"urlTemplate\":\"https:\/\/www.estrategiaconcursos.com.br\/blog\/?s={search_term_string}\"},\"query-input\":{\"@type\":\"PropertyValueSpecification\",\"valueRequired\":true,\"valueName\":\"search_term_string\"}}],\"inLanguage\":\"pt-BR\"},{\"@type\":\"Organization\",\"@id\":\"https:\/\/www.estrategiaconcursos.com.br\/blog\/#organization\",\"name\":\"Estrat\u00e9gia Concursos\",\"url\":\"https:\/\/www.estrategiaconcursos.com.br\/blog\/\",\"logo\":{\"@type\":\"ImageObject\",\"inLanguage\":\"pt-BR\",\"@id\":\"https:\/\/www.estrategiaconcursos.com.br\/blog\/#\/schema\/logo\/image\/\",\"url\":\"https:\/\/dhg1h5j42swfq.cloudfront.net\/2025\/06\/03203428\/logo_concursos-1.jpg\",\"contentUrl\":\"https:\/\/dhg1h5j42swfq.cloudfront.net\/2025\/06\/03203428\/logo_concursos-1.jpg\",\"width\":230,\"height\":60,\"caption\":\"Estrat\u00e9gia Concursos\"},\"image\":{\"@id\":\"https:\/\/www.estrategiaconcursos.com.br\/blog\/#\/schema\/logo\/image\/\"},\"sameAs\":[\"https:\/\/x.com\/EstratConcursos\"]},{\"@type\":\"Person\",\"@id\":\"https:\/\/www.estrategiaconcursos.com.br\/blog\/#\/schema\/person\/245b44e43eb13f0dbd04a7a078cd0d0d\",\"name\":\"Leonardo Menezes Passarin\",\"image\":{\"@type\":\"ImageObject\",\"inLanguage\":\"pt-BR\",\"@id\":\"https:\/\/secure.gravatar.com\/avatar\/fc0e5714ceaa97f24e6e6a30eab74ba8a701c2b62f8cab100ffdb22c6d8f42c3?s=96&d=mm&r=g\",\"url\":\"https:\/\/secure.gravatar.com\/avatar\/fc0e5714ceaa97f24e6e6a30eab74ba8a701c2b62f8cab100ffdb22c6d8f42c3?s=96&d=mm&r=g\",\"contentUrl\":\"https:\/\/secure.gravatar.com\/avatar\/fc0e5714ceaa97f24e6e6a30eab74ba8a701c2b62f8cab100ffdb22c6d8f42c3?s=96&d=mm&r=g\",\"caption\":\"Leonardo Menezes Passarin\"},\"url\":\"https:\/\/www.estrategiaconcursos.com.br\/blog\/author\/passarin-leonardohotmail-com\/\"}]}<\/script>\n<!-- \/ Yoast SEO Premium plugin. -->","yoast_head_json":{"title":"Resumo Geral do ISS Aracaju \u2013 Informa\u00e7\u00f5es essenciais \u2013 parte 1","description":"Veja nesse artigo um Resumo Geral do ISS Aracaju, focando nos pontos que n\u00e3o podem deixar de ser decorados para sua prova.","robots":{"index":"index","follow":"follow","max-snippet":"max-snippet:-1","max-image-preview":"max-image-preview:large","max-video-preview":"max-video-preview:-1"},"canonical":"https:\/\/www.estrategiaconcursos.com.br\/blog\/resumo-geral-do-iss-aracaju-informacoes-essenciais-parte-1\/","og_locale":"pt_BR","og_type":"article","og_title":"Resumo Geral do ISS Aracaju \u2013 Informa\u00e7\u00f5es essenciais \u2013 parte 1","og_description":"Veja nesse artigo um Resumo Geral do ISS Aracaju, focando nos pontos que n\u00e3o podem deixar de ser decorados para sua prova.","og_url":"https:\/\/www.estrategiaconcursos.com.br\/blog\/resumo-geral-do-iss-aracaju-informacoes-essenciais-parte-1\/","og_site_name":"Estrat\u00e9gia Concursos","article_published_time":"2020-12-04T17:13:00+00:00","og_image":[{"width":281,"height":343,"url":"https:\/\/dhg1h5j42swfq.cloudfront.net\/2020\/11\/17131700\/image-226.png","type":"image\/png"}],"author":"Leonardo Menezes Passarin","twitter_card":"summary_large_image","twitter_creator":"@EstratConcursos","twitter_site":"@EstratConcursos","twitter_misc":{"Escrito por":"Leonardo Menezes Passarin","Est. tempo de leitura":"9 minutos"},"schema":{"@context":"https:\/\/schema.org","@graph":[{"@type":"NewsArticle","@id":"https:\/\/www.estrategiaconcursos.com.br\/blog\/resumo-geral-do-iss-aracaju-informacoes-essenciais-parte-1\/#article","isPartOf":{"@id":"https:\/\/www.estrategiaconcursos.com.br\/blog\/resumo-geral-do-iss-aracaju-informacoes-essenciais-parte-1\/"},"author":{"name":"Leonardo Menezes Passarin","@id":"https:\/\/www.estrategiaconcursos.com.br\/blog\/#\/schema\/person\/245b44e43eb13f0dbd04a7a078cd0d0d"},"headline":"Resumo Geral do ISS Aracaju \u2013 Informa\u00e7\u00f5es essenciais \u2013 parte 1","datePublished":"2020-12-04T17:13:00+00:00","mainEntityOfPage":{"@id":"https:\/\/www.estrategiaconcursos.com.br\/blog\/resumo-geral-do-iss-aracaju-informacoes-essenciais-parte-1\/"},"wordCount":1783,"commentCount":0,"publisher":{"@id":"https:\/\/www.estrategiaconcursos.com.br\/blog\/#organization"},"image":{"@id":"https:\/\/www.estrategiaconcursos.com.br\/blog\/resumo-geral-do-iss-aracaju-informacoes-essenciais-parte-1\/#primaryimage"},"thumbnailUrl":"https:\/\/dhg1h5j42swfq.cloudfront.net\/2020\/11\/17131700\/image-226.png","articleSection":["Fiscal - Estadual (ICMS)"],"inLanguage":"pt-BR","potentialAction":[{"@type":"CommentAction","name":"Comment","target":["https:\/\/www.estrategiaconcursos.com.br\/blog\/resumo-geral-do-iss-aracaju-informacoes-essenciais-parte-1\/#respond"]}],"copyrightYear":"2020","copyrightHolder":{"@id":"https:\/\/www.estrategiaconcursos.com.br\/blog\/#organization"}},{"@type":"WebPage","@id":"https:\/\/www.estrategiaconcursos.com.br\/blog\/resumo-geral-do-iss-aracaju-informacoes-essenciais-parte-1\/","url":"https:\/\/www.estrategiaconcursos.com.br\/blog\/resumo-geral-do-iss-aracaju-informacoes-essenciais-parte-1\/","name":"Resumo Geral do ISS Aracaju \u2013 Informa\u00e7\u00f5es essenciais \u2013 parte 1","isPartOf":{"@id":"https:\/\/www.estrategiaconcursos.com.br\/blog\/#website"},"primaryImageOfPage":{"@id":"https:\/\/www.estrategiaconcursos.com.br\/blog\/resumo-geral-do-iss-aracaju-informacoes-essenciais-parte-1\/#primaryimage"},"image":{"@id":"https:\/\/www.estrategiaconcursos.com.br\/blog\/resumo-geral-do-iss-aracaju-informacoes-essenciais-parte-1\/#primaryimage"},"thumbnailUrl":"https:\/\/dhg1h5j42swfq.cloudfront.net\/2020\/11\/17131700\/image-226.png","datePublished":"2020-12-04T17:13:00+00:00","description":"Veja nesse artigo um Resumo Geral do ISS Aracaju, focando nos pontos que n\u00e3o podem deixar de ser decorados para sua prova.","breadcrumb":{"@id":"https:\/\/www.estrategiaconcursos.com.br\/blog\/resumo-geral-do-iss-aracaju-informacoes-essenciais-parte-1\/#breadcrumb"},"inLanguage":"pt-BR","potentialAction":[{"@type":"ReadAction","target":["https:\/\/www.estrategiaconcursos.com.br\/blog\/resumo-geral-do-iss-aracaju-informacoes-essenciais-parte-1\/"]}]},{"@type":"ImageObject","inLanguage":"pt-BR","@id":"https:\/\/www.estrategiaconcursos.com.br\/blog\/resumo-geral-do-iss-aracaju-informacoes-essenciais-parte-1\/#primaryimage","url":"https:\/\/dhg1h5j42swfq.cloudfront.net\/2020\/11\/17131700\/image-226.png","contentUrl":"https:\/\/dhg1h5j42swfq.cloudfront.net\/2020\/11\/17131700\/image-226.png","width":281,"height":343},{"@type":"BreadcrumbList","@id":"https:\/\/www.estrategiaconcursos.com.br\/blog\/resumo-geral-do-iss-aracaju-informacoes-essenciais-parte-1\/#breadcrumb","itemListElement":[{"@type":"ListItem","position":1,"name":"In\u00edcio","item":"https:\/\/www.estrategiaconcursos.com.br\/blog\/"},{"@type":"ListItem","position":2,"name":"Resumo Geral do ISS Aracaju \u2013 Informa\u00e7\u00f5es essenciais \u2013 parte 1"}]},{"@type":"WebSite","@id":"https:\/\/www.estrategiaconcursos.com.br\/blog\/#website","url":"https:\/\/www.estrategiaconcursos.com.br\/blog\/","name":"Estrat\u00e9gia Concursos","description":"O blog da Estrat\u00e9gia Concursos traz not\u00edcias sobre concursos e artigos de professores oferecendo cursos para concursos (pdf + videaulas) no site.","publisher":{"@id":"https:\/\/www.estrategiaconcursos.com.br\/blog\/#organization"},"potentialAction":[{"@type":"SearchAction","target":{"@type":"EntryPoint","urlTemplate":"https:\/\/www.estrategiaconcursos.com.br\/blog\/?s={search_term_string}"},"query-input":{"@type":"PropertyValueSpecification","valueRequired":true,"valueName":"search_term_string"}}],"inLanguage":"pt-BR"},{"@type":"Organization","@id":"https:\/\/www.estrategiaconcursos.com.br\/blog\/#organization","name":"Estrat\u00e9gia Concursos","url":"https:\/\/www.estrategiaconcursos.com.br\/blog\/","logo":{"@type":"ImageObject","inLanguage":"pt-BR","@id":"https:\/\/www.estrategiaconcursos.com.br\/blog\/#\/schema\/logo\/image\/","url":"https:\/\/dhg1h5j42swfq.cloudfront.net\/2025\/06\/03203428\/logo_concursos-1.jpg","contentUrl":"https:\/\/dhg1h5j42swfq.cloudfront.net\/2025\/06\/03203428\/logo_concursos-1.jpg","width":230,"height":60,"caption":"Estrat\u00e9gia Concursos"},"image":{"@id":"https:\/\/www.estrategiaconcursos.com.br\/blog\/#\/schema\/logo\/image\/"},"sameAs":["https:\/\/x.com\/EstratConcursos"]},{"@type":"Person","@id":"https:\/\/www.estrategiaconcursos.com.br\/blog\/#\/schema\/person\/245b44e43eb13f0dbd04a7a078cd0d0d","name":"Leonardo Menezes Passarin","image":{"@type":"ImageObject","inLanguage":"pt-BR","@id":"https:\/\/secure.gravatar.com\/avatar\/fc0e5714ceaa97f24e6e6a30eab74ba8a701c2b62f8cab100ffdb22c6d8f42c3?s=96&d=mm&r=g","url":"https:\/\/secure.gravatar.com\/avatar\/fc0e5714ceaa97f24e6e6a30eab74ba8a701c2b62f8cab100ffdb22c6d8f42c3?s=96&d=mm&r=g","contentUrl":"https:\/\/secure.gravatar.com\/avatar\/fc0e5714ceaa97f24e6e6a30eab74ba8a701c2b62f8cab100ffdb22c6d8f42c3?s=96&d=mm&r=g","caption":"Leonardo Menezes Passarin"},"url":"https:\/\/www.estrategiaconcursos.com.br\/blog\/author\/passarin-leonardohotmail-com\/"}]}},"_links":{"self":[{"href":"https:\/\/www.estrategiaconcursos.com.br\/blog\/wp-json\/wp\/v2\/posts\/619152","targetHints":{"allow":["GET"]}}],"collection":[{"href":"https:\/\/www.estrategiaconcursos.com.br\/blog\/wp-json\/wp\/v2\/posts"}],"about":[{"href":"https:\/\/www.estrategiaconcursos.com.br\/blog\/wp-json\/wp\/v2\/types\/post"}],"author":[{"embeddable":true,"href":"https:\/\/www.estrategiaconcursos.com.br\/blog\/wp-json\/wp\/v2\/users\/1763"}],"replies":[{"embeddable":true,"href":"https:\/\/www.estrategiaconcursos.com.br\/blog\/wp-json\/wp\/v2\/comments?post=619152"}],"version-history":[{"count":6,"href":"https:\/\/www.estrategiaconcursos.com.br\/blog\/wp-json\/wp\/v2\/posts\/619152\/revisions"}],"predecessor-version":[{"id":620678,"href":"https:\/\/www.estrategiaconcursos.com.br\/blog\/wp-json\/wp\/v2\/posts\/619152\/revisions\/620678"}],"wp:featuredmedia":[{"embeddable":true,"href":"https:\/\/www.estrategiaconcursos.com.br\/blog\/wp-json\/wp\/v2\/media\/611909"}],"wp:attachment":[{"href":"https:\/\/www.estrategiaconcursos.com.br\/blog\/wp-json\/wp\/v2\/media?parent=619152"}],"wp:term":[{"taxonomy":"category","embeddable":true,"href":"https:\/\/www.estrategiaconcursos.com.br\/blog\/wp-json\/wp\/v2\/categories?post=619152"},{"taxonomy":"post_tag","embeddable":true,"href":"https:\/\/www.estrategiaconcursos.com.br\/blog\/wp-json\/wp\/v2\/tags?post=619152"},{"taxonomy":"tax_estado","embeddable":true,"href":"https:\/\/www.estrategiaconcursos.com.br\/blog\/wp-json\/wp\/v2\/tax_estado?post=619152"}],"curies":[{"name":"wp","href":"https:\/\/api.w.org\/{rel}","templated":true}]}}