{"id":618210,"date":"2020-11-28T10:00:00","date_gmt":"2020-11-28T13:00:00","guid":{"rendered":"https:\/\/www.estrategiaconcursos.com.br\/blog\/?p=618210"},"modified":"2023-06-23T09:52:17","modified_gmt":"2023-06-23T12:52:17","slug":"edital-estrategico-codevasf","status":"publish","type":"post","link":"https:\/\/www.estrategiaconcursos.com.br\/blog\/edital-estrategico-codevasf\/","title":{"rendered":"Edital Estrat\u00e9gico CODEVASF: reforce sua prepara\u00e7\u00e3o!"},"content":{"rendered":"\n<p>A <strong>Companhia de Desenvolvimento dos Vales do S\u00e3o Francisco e do Parna\u00edba<\/strong> oferta em seu concurso p\u00fablico 91 vagas<strong>&nbsp;<\/strong>para os cargos de Analista em Desenvolvimento Regional e Assessor Jur\u00eddico. Ambos exigem n\u00edvel superior de forma\u00e7\u00e3o e oferecem sal\u00e1rio inicial de <strong>R$ 8.168,91<\/strong>.<\/p>\n\n\n\n<p>Aguardado h\u00e1 12 anos, o edital contemplar\u00e1 oportunidades em diversos polos de trabalho, tais como Bras\u00edlia\/DF, Montes Claros\/MG, Juazeiro\/BA, S\u00e3o Lu\u00eds\/MA, Amap\u00e1\/AP, Teresina\/PI, Aracaju\/SE, entre outros.<\/p>\n\n\n\n<p>Sob organiza\u00e7\u00e3o do <strong>Cebraspe<\/strong>, as inscri\u00e7\u00f5es poder\u00e3o ser realizadas no per\u00edodo de 1\u00ba a 22 de dezembro, com taxa fixada no valor de R$ 108,00. J\u00e1 a aplica\u00e7\u00e3o das provas objetiva e discursiva devem ocorrer na data prevista de 31 de janeiro de 2021.<\/p>\n\n\n\n<h2 class=\"wp-block-heading\" id=\"estrategico\">Edital Estrat\u00e9gico: baixe gratuitamente<\/h2>\n\n\n\n<p>Dando um espa\u00e7o para o Edital Estrat\u00e9gico entrar em sua rotina de estudos, ser\u00e1 poss\u00edvel acompanhar seu desempenho atrav\u00e9s de gr\u00e1ficos, garantindo uma vis\u00e3o completa das mat\u00e9rias que necessitam de mais revis\u00f5es.<\/p>\n\n\n\n<p>O registro de cada tarefa ser\u00e1 feito para cada assunto exigido no conte\u00fado program\u00e1tico do edital. A partir das informa\u00e7\u00f5es preenchidas pelo aluno, uma \u201caba\u201d do Edital Estrat\u00e9gico ir\u00e1 demonstrar a progress\u00e3o em cada tarefa e assunto. <\/p>\n\n\n\n<p>A edi\u00e7\u00e3o poder\u00e1 ser realizada apenas na 3\u00aa aba, relativa ao preenchimento do progresso nas disciplinas. Caso voc\u00ea queira fazer outras modifica\u00e7\u00f5es no arquivo, \u00e9 s\u00f3 usar a&nbsp;senha \u201cadmin\u201d&nbsp;na op\u00e7\u00e3o&nbsp;<em><strong>desproteger<\/strong><\/em>&nbsp;planilha do Excel.<\/p>\n\n\n\n<p class=\"has-text-align-center has-very-light-gray-background-color has-background\" style=\"font-size:clamp(14px, 0.875rem + ((1vw - 3.2px) * 0.392), 18px);px\"><a href=\"https:\/\/drive.google.com\/file\/d\/1-C2OxpHHo4QHFOrBKncy2M9yQ7z7tG62\/view?usp=sharing\" target=\"_blank\" rel=\"noreferrer noopener\">Analista em Desenvolvimento Regional &#8211; Contabilidade<\/a><\/p>\n\n\n\n<p class=\"has-text-align-center has-very-light-gray-background-color has-background\" style=\"font-size:clamp(14px, 0.875rem + ((1vw - 3.2px) * 0.49), 19px);px\"><a href=\"https:\/\/drive.google.com\/file\/d\/1Ie_cs-jKuXHP5S9mPZIl7EaEPXG08l7N\/view?usp=sharing\" target=\"_blank\" rel=\"noreferrer noopener\">Analista em Desenvolvimento Regional &#8211; Economia<\/a><\/p>\n\n\n\n<p class=\"has-text-align-center has-very-light-gray-background-color has-background\" style=\"font-size:clamp(14px, 0.875rem + ((1vw - 3.2px) * 0.392), 18px);px\"><a href=\"https:\/\/drive.google.com\/file\/d\/1GkVKhb1IbbeRuXYYgqr6eCUCeCfNEMMY\/view?usp=sharing\" target=\"_blank\" rel=\"noreferrer noopener\">Analista em Desenvolvimento Regional &#8211; Administra\u00e7\u00e3o<\/a><\/p>\n\n\n\n<p><strong>IMPORTANTE:&nbsp;<\/strong>Ao clicar nos links acima, vai ser aberta uma janela do Google Drive que tentar\u00e1 carregar a visualiza\u00e7\u00e3o da planilha no seu navegador. N\u00e3o h\u00e1 necessidade de esperar essa visualiza\u00e7\u00e3o (talvez at\u00e9 nem carregue, j\u00e1 que os arquivos s\u00e3o pesados).<\/p>\n\n\n\n<p>Fa\u00e7a o download clicando na seta para baixo no canto superior direito da janela do Google Drive que vai ser aberta ao clicar nos links acima.<\/p>\n\n\n\n<p>Todos os arquivos foram testados em diferentes computadores e celulares e est\u00e3o ok. Talvez alguma incompatibilidade (ou mensagem de erro, como \u201carquivo inv\u00e1lido\u201d) ocorra em virtude do seu pr\u00f3prio computador ou do tamanho dos arquivos que possuem mais conte\u00fado.<\/p>\n\n\n\n<p class=\"has-text-align-center has-very-light-gray-background-color has-background has-medium-font-size\"><strong>Saiba mais: <a href=\"https:\/\/www.estrategiaconcursos.com.br\/blog\/concurso-codevasf\/\" target=\"_blank\" rel=\"noreferrer noopener\">Concurso CODEVASF<\/a><\/strong><\/p>\n\n\n\n<hr class=\"wp-block-separator has-css-opacity\"\/>\n\n\n\n<div class=\"container\" id=\"boxes\">\n  <div class=\"row\">\n\n    <div class=\"col-sm\">\n      <div class=\"estrategia\" id=\"box-assinatura\">\n        <h3 class=\"titulo-assinatura\">Assinatura Ilimitada<\/h3>\n        <p class=\"subtitulo-assinatura\">Assinatura Anual Ilimitada*<\/p>\n        <div class=\"box-botao\">\n          <a class=\"btn-assinatura\" target=\"_blank\" href=\"https:\/\/www.estrategiaconcursos.com.br\/assinaturas\/\" role=\"button\" rel=\"noopener noreferrer\">ASSINE AGORA<\/a>\n        <\/div>\n      <\/div>\n      <p class=\"texto-auxiliar\">Prepare-se com o melhor material e com quem mais aprova em Concursos P\u00fablicos em todo o pa\u00eds. Assine agora a nossa Assinatura Anual e tenha acesso ilimitado* a todos os nossos cursos.<\/p>\n    <\/div>\n\n    <div class=\"col-sm\">\n      <div class=\"questoes\" id=\"box-assinatura\">\n        <h3 class=\"titulo-assinatura\">Sistema de Quest\u00f5es<\/h3>\n        <p class=\"subtitulo-assinatura\">Assinatura Ilimitada*\n<\/p>\n        <div class=\"box-botao\">\n          <a class=\"btn-assinatura\" target=\"_blank\" href=\"https:\/\/www.estrategiaconcursos.com.br\/cursosPorConcurso\/sistema-de-questoes\/#\/\" role=\"button\" rel=\"noopener noreferrer\">ASSINE AGORA<\/a>\n        <\/div>\n      <\/div>\n      <p class=\"texto-auxiliar\">Estrat\u00e9gia Quest\u00f5es nasceu maior do que todos os concorrentes, com mais quest\u00f5es cadastradas e mais solu\u00e7\u00f5es por professores. Clique no link e aproveite os descontos e b\u00f4nus imperd\u00edveis!<\/p>\n    <\/div>\n  <\/div>\n<\/div>\n","protected":false},"excerpt":{"rendered":"<p>A Companhia de Desenvolvimento dos Vales do S\u00e3o Francisco e do Parna\u00edba oferta em seu concurso p\u00fablico 91 vagas&nbsp;para os cargos de Analista em Desenvolvimento Regional e Assessor Jur\u00eddico. Ambos exigem n\u00edvel superior de forma\u00e7\u00e3o e oferecem sal\u00e1rio inicial de R$ 8.168,91. Aguardado h\u00e1 12 anos, o edital contemplar\u00e1 oportunidades em diversos polos de trabalho, [&hellip;]<\/p>\n","protected":false},"author":1276,"featured_media":441305,"comment_status":"open","ping_status":"closed","sticky":false,"template":"","format":"standard","meta":{"post_tipo":"article","footnotes":""},"categories":[214992],"tags":[],"tax_estado":[219965,219967,219968,219970,219973,219974,219979,219980,219988],"class_list":["post-618210","post","type-post","status-publish","format-standard","has-post-thumbnail","hentry","category-concursos-administrativos","tax_estado-al","tax_estado-ap","tax_estado-ba","tax_estado-df","tax_estado-ma","tax_estado-mg","tax_estado-pe","tax_estado-pi","tax_estado-se"],"acf":[],"yoast_head":"<!-- This site is optimized with the Yoast SEO Premium plugin v27.2 (Yoast SEO v27.2) - https:\/\/yoast.com\/product\/yoast-seo-premium-wordpress\/ -->\n<title>Edital Estrat\u00e9gico CODEVASF: reforce sua prepara\u00e7\u00e3o!<\/title>\n<meta name=\"robots\" content=\"index, follow, max-snippet:-1, max-image-preview:large, max-video-preview:-1\" \/>\n<link rel=\"canonical\" href=\"https:\/\/www.estrategiaconcursos.com.br\/blog\/edital-estrategico-codevasf\/\" \/>\n<meta property=\"og:locale\" content=\"pt_BR\" \/>\n<meta property=\"og:type\" content=\"article\" \/>\n<meta property=\"og:title\" content=\"Edital Estrat\u00e9gico CODEVASF: reforce sua prepara\u00e7\u00e3o!\" \/>\n<meta property=\"og:description\" content=\"A Companhia de Desenvolvimento dos Vales do S\u00e3o Francisco e do Parna\u00edba oferta em seu concurso p\u00fablico 91 vagas&nbsp;para os cargos de Analista em Desenvolvimento Regional e Assessor Jur\u00eddico. Ambos exigem n\u00edvel superior de forma\u00e7\u00e3o e oferecem sal\u00e1rio inicial de R$ 8.168,91. Aguardado h\u00e1 12 anos, o edital contemplar\u00e1 oportunidades em diversos polos de trabalho, [&hellip;]\" \/>\n<meta property=\"og:url\" content=\"https:\/\/www.estrategiaconcursos.com.br\/blog\/edital-estrategico-codevasf\/\" \/>\n<meta property=\"og:site_name\" content=\"Estrat\u00e9gia Concursos\" \/>\n<meta property=\"article:published_time\" content=\"2020-11-28T13:00:00+00:00\" \/>\n<meta property=\"article:modified_time\" content=\"2023-06-23T12:52:17+00:00\" \/>\n<meta property=\"og:image\" content=\"https:\/\/dhg1h5j42swfq.cloudfront.net\/2019\/10\/29091010\/EDITAL-ESTRATE%CC%81GICO1.jpg\" \/>\n\t<meta property=\"og:image:width\" content=\"1200\" \/>\n\t<meta property=\"og:image:height\" content=\"628\" \/>\n\t<meta property=\"og:image:type\" content=\"image\/jpeg\" \/>\n<meta name=\"author\" content=\"Victor Shinichi Tanaka\" \/>\n<meta name=\"twitter:card\" content=\"summary_large_image\" \/>\n<meta name=\"twitter:creator\" content=\"@EstratConcursos\" \/>\n<meta name=\"twitter:site\" content=\"@EstratConcursos\" \/>\n<meta name=\"twitter:label1\" content=\"Escrito por\" \/>\n\t<meta name=\"twitter:data1\" content=\"Victor Shinichi Tanaka\" \/>\n\t<meta name=\"twitter:label2\" content=\"Est. tempo de leitura\" \/>\n\t<meta name=\"twitter:data2\" content=\"2 minutos\" \/>\n<script type=\"application\/ld+json\" class=\"yoast-schema-graph\">{\"@context\":\"https:\/\/schema.org\",\"@graph\":[{\"@type\":\"NewsArticle\",\"@id\":\"https:\/\/www.estrategiaconcursos.com.br\/blog\/edital-estrategico-codevasf\/#article\",\"isPartOf\":{\"@id\":\"https:\/\/www.estrategiaconcursos.com.br\/blog\/edital-estrategico-codevasf\/\"},\"author\":{\"name\":\"Victor Shinichi Tanaka\",\"@id\":\"https:\/\/www.estrategiaconcursos.com.br\/blog\/#\/schema\/person\/602a4eaf2bed921c107675da3a65b0e0\"},\"headline\":\"Edital Estrat\u00e9gico CODEVASF: reforce sua prepara\u00e7\u00e3o!\",\"datePublished\":\"2020-11-28T13:00:00+00:00\",\"dateModified\":\"2023-06-23T12:52:17+00:00\",\"mainEntityOfPage\":{\"@id\":\"https:\/\/www.estrategiaconcursos.com.br\/blog\/edital-estrategico-codevasf\/\"},\"wordCount\":486,\"commentCount\":0,\"publisher\":{\"@id\":\"https:\/\/www.estrategiaconcursos.com.br\/blog\/#organization\"},\"image\":{\"@id\":\"https:\/\/www.estrategiaconcursos.com.br\/blog\/edital-estrategico-codevasf\/#primaryimage\"},\"thumbnailUrl\":\"https:\/\/dhg1h5j42swfq.cloudfront.net\/2019\/10\/29091010\/EDITAL-ESTRATE%CC%81GICO1.jpg\",\"articleSection\":[\"Executivo (Administrativa)\"],\"inLanguage\":\"pt-BR\",\"potentialAction\":[{\"@type\":\"CommentAction\",\"name\":\"Comment\",\"target\":[\"https:\/\/www.estrategiaconcursos.com.br\/blog\/edital-estrategico-codevasf\/#respond\"]}],\"copyrightYear\":\"2020\",\"copyrightHolder\":{\"@id\":\"https:\/\/www.estrategiaconcursos.com.br\/blog\/#organization\"}},{\"@type\":\"WebPage\",\"@id\":\"https:\/\/www.estrategiaconcursos.com.br\/blog\/edital-estrategico-codevasf\/\",\"url\":\"https:\/\/www.estrategiaconcursos.com.br\/blog\/edital-estrategico-codevasf\/\",\"name\":\"Edital Estrat\u00e9gico CODEVASF: reforce sua prepara\u00e7\u00e3o!\",\"isPartOf\":{\"@id\":\"https:\/\/www.estrategiaconcursos.com.br\/blog\/#website\"},\"primaryImageOfPage\":{\"@id\":\"https:\/\/www.estrategiaconcursos.com.br\/blog\/edital-estrategico-codevasf\/#primaryimage\"},\"image\":{\"@id\":\"https:\/\/www.estrategiaconcursos.com.br\/blog\/edital-estrategico-codevasf\/#primaryimage\"},\"thumbnailUrl\":\"https:\/\/dhg1h5j42swfq.cloudfront.net\/2019\/10\/29091010\/EDITAL-ESTRATE%CC%81GICO1.jpg\",\"datePublished\":\"2020-11-28T13:00:00+00:00\",\"dateModified\":\"2023-06-23T12:52:17+00:00\",\"breadcrumb\":{\"@id\":\"https:\/\/www.estrategiaconcursos.com.br\/blog\/edital-estrategico-codevasf\/#breadcrumb\"},\"inLanguage\":\"pt-BR\",\"potentialAction\":[{\"@type\":\"ReadAction\",\"target\":[\"https:\/\/www.estrategiaconcursos.com.br\/blog\/edital-estrategico-codevasf\/\"]}]},{\"@type\":\"ImageObject\",\"inLanguage\":\"pt-BR\",\"@id\":\"https:\/\/www.estrategiaconcursos.com.br\/blog\/edital-estrategico-codevasf\/#primaryimage\",\"url\":\"https:\/\/dhg1h5j42swfq.cloudfront.net\/2019\/10\/29091010\/EDITAL-ESTRATE%CC%81GICO1.jpg\",\"contentUrl\":\"https:\/\/dhg1h5j42swfq.cloudfront.net\/2019\/10\/29091010\/EDITAL-ESTRATE%CC%81GICO1.jpg\",\"width\":1200,\"height\":628},{\"@type\":\"BreadcrumbList\",\"@id\":\"https:\/\/www.estrategiaconcursos.com.br\/blog\/edital-estrategico-codevasf\/#breadcrumb\",\"itemListElement\":[{\"@type\":\"ListItem\",\"position\":1,\"name\":\"In\u00edcio\",\"item\":\"https:\/\/www.estrategiaconcursos.com.br\/blog\/\"},{\"@type\":\"ListItem\",\"position\":2,\"name\":\"Edital Estrat\u00e9gico CODEVASF: reforce sua prepara\u00e7\u00e3o!\"}]},{\"@type\":\"WebSite\",\"@id\":\"https:\/\/www.estrategiaconcursos.com.br\/blog\/#website\",\"url\":\"https:\/\/www.estrategiaconcursos.com.br\/blog\/\",\"name\":\"Estrat\u00e9gia Concursos\",\"description\":\"O blog da Estrat\u00e9gia Concursos traz not\u00edcias sobre concursos e artigos de professores oferecendo cursos para concursos (pdf + videaulas) no site.\",\"publisher\":{\"@id\":\"https:\/\/www.estrategiaconcursos.com.br\/blog\/#organization\"},\"potentialAction\":[{\"@type\":\"SearchAction\",\"target\":{\"@type\":\"EntryPoint\",\"urlTemplate\":\"https:\/\/www.estrategiaconcursos.com.br\/blog\/?s={search_term_string}\"},\"query-input\":{\"@type\":\"PropertyValueSpecification\",\"valueRequired\":true,\"valueName\":\"search_term_string\"}}],\"inLanguage\":\"pt-BR\"},{\"@type\":\"Organization\",\"@id\":\"https:\/\/www.estrategiaconcursos.com.br\/blog\/#organization\",\"name\":\"Estrat\u00e9gia Concursos\",\"url\":\"https:\/\/www.estrategiaconcursos.com.br\/blog\/\",\"logo\":{\"@type\":\"ImageObject\",\"inLanguage\":\"pt-BR\",\"@id\":\"https:\/\/www.estrategiaconcursos.com.br\/blog\/#\/schema\/logo\/image\/\",\"url\":\"https:\/\/dhg1h5j42swfq.cloudfront.net\/2025\/06\/03203428\/logo_concursos-1.jpg\",\"contentUrl\":\"https:\/\/dhg1h5j42swfq.cloudfront.net\/2025\/06\/03203428\/logo_concursos-1.jpg\",\"width\":230,\"height\":60,\"caption\":\"Estrat\u00e9gia Concursos\"},\"image\":{\"@id\":\"https:\/\/www.estrategiaconcursos.com.br\/blog\/#\/schema\/logo\/image\/\"},\"sameAs\":[\"https:\/\/x.com\/EstratConcursos\"]},{\"@type\":\"Person\",\"@id\":\"https:\/\/www.estrategiaconcursos.com.br\/blog\/#\/schema\/person\/602a4eaf2bed921c107675da3a65b0e0\",\"name\":\"Victor Shinichi Tanaka\",\"image\":{\"@type\":\"ImageObject\",\"inLanguage\":\"pt-BR\",\"@id\":\"https:\/\/secure.gravatar.com\/avatar\/3772723eea77b2e6a2231e357d6339c6c129c6fb65cda4d02d0f3ca700221333?s=96&d=mm&r=g\",\"url\":\"https:\/\/secure.gravatar.com\/avatar\/3772723eea77b2e6a2231e357d6339c6c129c6fb65cda4d02d0f3ca700221333?s=96&d=mm&r=g\",\"contentUrl\":\"https:\/\/secure.gravatar.com\/avatar\/3772723eea77b2e6a2231e357d6339c6c129c6fb65cda4d02d0f3ca700221333?s=96&d=mm&r=g\",\"caption\":\"Victor Shinichi Tanaka\"},\"url\":\"https:\/\/www.estrategiaconcursos.com.br\/blog\/author\/victorstanakagmail-com\/\"}]}<\/script>\n<!-- \/ Yoast SEO Premium plugin. -->","yoast_head_json":{"title":"Edital Estrat\u00e9gico CODEVASF: reforce sua prepara\u00e7\u00e3o!","robots":{"index":"index","follow":"follow","max-snippet":"max-snippet:-1","max-image-preview":"max-image-preview:large","max-video-preview":"max-video-preview:-1"},"canonical":"https:\/\/www.estrategiaconcursos.com.br\/blog\/edital-estrategico-codevasf\/","og_locale":"pt_BR","og_type":"article","og_title":"Edital Estrat\u00e9gico CODEVASF: reforce sua prepara\u00e7\u00e3o!","og_description":"A Companhia de Desenvolvimento dos Vales do S\u00e3o Francisco e do Parna\u00edba oferta em seu concurso p\u00fablico 91 vagas&nbsp;para os cargos de Analista em Desenvolvimento Regional e Assessor Jur\u00eddico. Ambos exigem n\u00edvel superior de forma\u00e7\u00e3o e oferecem sal\u00e1rio inicial de R$ 8.168,91. Aguardado h\u00e1 12 anos, o edital contemplar\u00e1 oportunidades em diversos polos de trabalho, [&hellip;]","og_url":"https:\/\/www.estrategiaconcursos.com.br\/blog\/edital-estrategico-codevasf\/","og_site_name":"Estrat\u00e9gia Concursos","article_published_time":"2020-11-28T13:00:00+00:00","article_modified_time":"2023-06-23T12:52:17+00:00","og_image":[{"width":1200,"height":628,"url":"https:\/\/dhg1h5j42swfq.cloudfront.net\/2019\/10\/29091010\/EDITAL-ESTRATE%CC%81GICO1.jpg","type":"image\/jpeg"}],"author":"Victor Shinichi Tanaka","twitter_card":"summary_large_image","twitter_creator":"@EstratConcursos","twitter_site":"@EstratConcursos","twitter_misc":{"Escrito por":"Victor Shinichi Tanaka","Est. tempo de leitura":"2 minutos"},"schema":{"@context":"https:\/\/schema.org","@graph":[{"@type":"NewsArticle","@id":"https:\/\/www.estrategiaconcursos.com.br\/blog\/edital-estrategico-codevasf\/#article","isPartOf":{"@id":"https:\/\/www.estrategiaconcursos.com.br\/blog\/edital-estrategico-codevasf\/"},"author":{"name":"Victor Shinichi Tanaka","@id":"https:\/\/www.estrategiaconcursos.com.br\/blog\/#\/schema\/person\/602a4eaf2bed921c107675da3a65b0e0"},"headline":"Edital Estrat\u00e9gico CODEVASF: reforce sua prepara\u00e7\u00e3o!","datePublished":"2020-11-28T13:00:00+00:00","dateModified":"2023-06-23T12:52:17+00:00","mainEntityOfPage":{"@id":"https:\/\/www.estrategiaconcursos.com.br\/blog\/edital-estrategico-codevasf\/"},"wordCount":486,"commentCount":0,"publisher":{"@id":"https:\/\/www.estrategiaconcursos.com.br\/blog\/#organization"},"image":{"@id":"https:\/\/www.estrategiaconcursos.com.br\/blog\/edital-estrategico-codevasf\/#primaryimage"},"thumbnailUrl":"https:\/\/dhg1h5j42swfq.cloudfront.net\/2019\/10\/29091010\/EDITAL-ESTRATE%CC%81GICO1.jpg","articleSection":["Executivo (Administrativa)"],"inLanguage":"pt-BR","potentialAction":[{"@type":"CommentAction","name":"Comment","target":["https:\/\/www.estrategiaconcursos.com.br\/blog\/edital-estrategico-codevasf\/#respond"]}],"copyrightYear":"2020","copyrightHolder":{"@id":"https:\/\/www.estrategiaconcursos.com.br\/blog\/#organization"}},{"@type":"WebPage","@id":"https:\/\/www.estrategiaconcursos.com.br\/blog\/edital-estrategico-codevasf\/","url":"https:\/\/www.estrategiaconcursos.com.br\/blog\/edital-estrategico-codevasf\/","name":"Edital Estrat\u00e9gico CODEVASF: reforce sua prepara\u00e7\u00e3o!","isPartOf":{"@id":"https:\/\/www.estrategiaconcursos.com.br\/blog\/#website"},"primaryImageOfPage":{"@id":"https:\/\/www.estrategiaconcursos.com.br\/blog\/edital-estrategico-codevasf\/#primaryimage"},"image":{"@id":"https:\/\/www.estrategiaconcursos.com.br\/blog\/edital-estrategico-codevasf\/#primaryimage"},"thumbnailUrl":"https:\/\/dhg1h5j42swfq.cloudfront.net\/2019\/10\/29091010\/EDITAL-ESTRATE%CC%81GICO1.jpg","datePublished":"2020-11-28T13:00:00+00:00","dateModified":"2023-06-23T12:52:17+00:00","breadcrumb":{"@id":"https:\/\/www.estrategiaconcursos.com.br\/blog\/edital-estrategico-codevasf\/#breadcrumb"},"inLanguage":"pt-BR","potentialAction":[{"@type":"ReadAction","target":["https:\/\/www.estrategiaconcursos.com.br\/blog\/edital-estrategico-codevasf\/"]}]},{"@type":"ImageObject","inLanguage":"pt-BR","@id":"https:\/\/www.estrategiaconcursos.com.br\/blog\/edital-estrategico-codevasf\/#primaryimage","url":"https:\/\/dhg1h5j42swfq.cloudfront.net\/2019\/10\/29091010\/EDITAL-ESTRATE%CC%81GICO1.jpg","contentUrl":"https:\/\/dhg1h5j42swfq.cloudfront.net\/2019\/10\/29091010\/EDITAL-ESTRATE%CC%81GICO1.jpg","width":1200,"height":628},{"@type":"BreadcrumbList","@id":"https:\/\/www.estrategiaconcursos.com.br\/blog\/edital-estrategico-codevasf\/#breadcrumb","itemListElement":[{"@type":"ListItem","position":1,"name":"In\u00edcio","item":"https:\/\/www.estrategiaconcursos.com.br\/blog\/"},{"@type":"ListItem","position":2,"name":"Edital Estrat\u00e9gico CODEVASF: reforce sua prepara\u00e7\u00e3o!"}]},{"@type":"WebSite","@id":"https:\/\/www.estrategiaconcursos.com.br\/blog\/#website","url":"https:\/\/www.estrategiaconcursos.com.br\/blog\/","name":"Estrat\u00e9gia Concursos","description":"O blog da Estrat\u00e9gia Concursos traz not\u00edcias sobre concursos e artigos de professores oferecendo cursos para concursos (pdf + videaulas) no site.","publisher":{"@id":"https:\/\/www.estrategiaconcursos.com.br\/blog\/#organization"},"potentialAction":[{"@type":"SearchAction","target":{"@type":"EntryPoint","urlTemplate":"https:\/\/www.estrategiaconcursos.com.br\/blog\/?s={search_term_string}"},"query-input":{"@type":"PropertyValueSpecification","valueRequired":true,"valueName":"search_term_string"}}],"inLanguage":"pt-BR"},{"@type":"Organization","@id":"https:\/\/www.estrategiaconcursos.com.br\/blog\/#organization","name":"Estrat\u00e9gia Concursos","url":"https:\/\/www.estrategiaconcursos.com.br\/blog\/","logo":{"@type":"ImageObject","inLanguage":"pt-BR","@id":"https:\/\/www.estrategiaconcursos.com.br\/blog\/#\/schema\/logo\/image\/","url":"https:\/\/dhg1h5j42swfq.cloudfront.net\/2025\/06\/03203428\/logo_concursos-1.jpg","contentUrl":"https:\/\/dhg1h5j42swfq.cloudfront.net\/2025\/06\/03203428\/logo_concursos-1.jpg","width":230,"height":60,"caption":"Estrat\u00e9gia Concursos"},"image":{"@id":"https:\/\/www.estrategiaconcursos.com.br\/blog\/#\/schema\/logo\/image\/"},"sameAs":["https:\/\/x.com\/EstratConcursos"]},{"@type":"Person","@id":"https:\/\/www.estrategiaconcursos.com.br\/blog\/#\/schema\/person\/602a4eaf2bed921c107675da3a65b0e0","name":"Victor Shinichi Tanaka","image":{"@type":"ImageObject","inLanguage":"pt-BR","@id":"https:\/\/secure.gravatar.com\/avatar\/3772723eea77b2e6a2231e357d6339c6c129c6fb65cda4d02d0f3ca700221333?s=96&d=mm&r=g","url":"https:\/\/secure.gravatar.com\/avatar\/3772723eea77b2e6a2231e357d6339c6c129c6fb65cda4d02d0f3ca700221333?s=96&d=mm&r=g","contentUrl":"https:\/\/secure.gravatar.com\/avatar\/3772723eea77b2e6a2231e357d6339c6c129c6fb65cda4d02d0f3ca700221333?s=96&d=mm&r=g","caption":"Victor Shinichi Tanaka"},"url":"https:\/\/www.estrategiaconcursos.com.br\/blog\/author\/victorstanakagmail-com\/"}]}},"_links":{"self":[{"href":"https:\/\/www.estrategiaconcursos.com.br\/blog\/wp-json\/wp\/v2\/posts\/618210","targetHints":{"allow":["GET"]}}],"collection":[{"href":"https:\/\/www.estrategiaconcursos.com.br\/blog\/wp-json\/wp\/v2\/posts"}],"about":[{"href":"https:\/\/www.estrategiaconcursos.com.br\/blog\/wp-json\/wp\/v2\/types\/post"}],"author":[{"embeddable":true,"href":"https:\/\/www.estrategiaconcursos.com.br\/blog\/wp-json\/wp\/v2\/users\/1276"}],"replies":[{"embeddable":true,"href":"https:\/\/www.estrategiaconcursos.com.br\/blog\/wp-json\/wp\/v2\/comments?post=618210"}],"version-history":[{"count":5,"href":"https:\/\/www.estrategiaconcursos.com.br\/blog\/wp-json\/wp\/v2\/posts\/618210\/revisions"}],"predecessor-version":[{"id":1237828,"href":"https:\/\/www.estrategiaconcursos.com.br\/blog\/wp-json\/wp\/v2\/posts\/618210\/revisions\/1237828"}],"wp:featuredmedia":[{"embeddable":true,"href":"https:\/\/www.estrategiaconcursos.com.br\/blog\/wp-json\/wp\/v2\/media\/441305"}],"wp:attachment":[{"href":"https:\/\/www.estrategiaconcursos.com.br\/blog\/wp-json\/wp\/v2\/media?parent=618210"}],"wp:term":[{"taxonomy":"category","embeddable":true,"href":"https:\/\/www.estrategiaconcursos.com.br\/blog\/wp-json\/wp\/v2\/categories?post=618210"},{"taxonomy":"post_tag","embeddable":true,"href":"https:\/\/www.estrategiaconcursos.com.br\/blog\/wp-json\/wp\/v2\/tags?post=618210"},{"taxonomy":"tax_estado","embeddable":true,"href":"https:\/\/www.estrategiaconcursos.com.br\/blog\/wp-json\/wp\/v2\/tax_estado?post=618210"}],"curies":[{"name":"wp","href":"https:\/\/api.w.org\/{rel}","templated":true}]}}