{"id":618152,"date":"2020-11-27T09:05:36","date_gmt":"2020-11-27T12:05:36","guid":{"rendered":"https:\/\/www.estrategiaconcursos.com.br\/blog\/?p=618152"},"modified":"2023-07-07T09:42:09","modified_gmt":"2023-07-07T12:42:09","slug":"sedf-comissao-alterada","status":"publish","type":"post","link":"https:\/\/www.estrategiaconcursos.com.br\/blog\/sedf-comissao-alterada\/","title":{"rendered":"SEDF: comiss\u00e3o do PSS foi alterada; veja a nova forma\u00e7\u00e3o!"},"content":{"rendered":"\n<p>A Secretaria de Estado de Educa\u00e7\u00e3o do Distrito Federal alterou nesta sexta-feira (27),  a composi\u00e7\u00e3o da comiss\u00e3o organizadora do Processo Seletivo SEDF. Confira abaixo a nova forma\u00e7\u00e3o: <\/p>\n\n\n\n<p>I \u2013 Subsecretaria de Gest\u00e3o de Pessoas: MARINA DA COSTA SOTERO DE OLIVEIRA, matr\u00edcula n\u00ba 37.068-1 e JEFFERSON GOMES TORRES, matr\u00edcula n\u00ba 239.460-X;<\/p>\n\n\n\n<p>II \u2013 Subsecretaria de Administra\u00e7\u00e3o Geral: L\u00daCIA HELENA SANTANA DOS SANTOS VILELA, Matr\u00edcula n\u00ba 29.807-7;<\/p>\n\n\n\n<p>III \u2013 Subsecretaria de Educa\u00e7\u00e3o B\u00e1sica: L\u00cdLIAN RODRIGUES LIMA, matr\u00edcula 34.772-8;<\/p>\n\n\n\n<p>IV \u2013 Subsecretaria de Educa\u00e7\u00e3o Inclusiva e Integral: JANE DOS SANTOS CARRIJO, matr\u00edcula n\u00ba 208.550-X e AMARANTA REIS DUARTE, matr\u00edcula n\u00ba 202.894-8;<\/p>\n\n\n\n<p>V \u2013 Subsecretaria de Planejamento, Acompanhamento e Avalia\u00e7\u00e3o: ANGELA DE OLIVEIRA PEREIRA, matr\u00edcula 36.060-0;<\/p>\n\n\n\n<p>VI \u2013 Subsecretaria de Forma\u00e7\u00e3o Continuada dos Profissionais da Educa\u00e7\u00e3o: MOEMA DE ROSA E RAMOS, matr\u00edcula 225.477-8;<\/p>\n\n\n\n<p>VII \u2013 Subsecretaria de Infraestrutura e Apoio Educacional: ALEXANDRE GOMES SUGUIMOTO, matr\u00edcula 239.679-3.<\/p>\n\n\n\n<p>O PSS ter\u00e1 o Quadrix como banca organizadora. Al\u00e9m disso, o <a rel=\"noreferrer noopener\" href=\"https:\/\/dhg1h5j42swfq.cloudfront.net\/2020\/09\/24095759\/Projeto-Basico-Processo-Seletivo-Simplificado-2020-SEDF.pdf\" target=\"_blank\">projeto b\u00e1sico <\/a>da sele\u00e7\u00e3o que ir\u00e1 escolher Professores Substitutos foi disponibilizado.<\/p>\n\n\n\n<p>De acordo com o \u00f3rg\u00e3o, ser\u00e3o ofertadas vagas<strong> <\/strong>para o&nbsp;<strong>ano letivo de 2021<\/strong>, podendo ser prorrogado para o ano&nbsp;<strong>letivo de 2022<\/strong>.<\/p>\n\n\n\n<p class=\"has-text-align-center\"><strong>Quer saber mais sobre o concurso SEDF? Clique no link abaixo e fique por dentro de tudo!<\/strong><\/p>\n\n\n\n<p class=\"has-text-align-center has-light-green-cyan-background-color has-background has-medium-font-size\"><strong>Saiba mais: <a rel=\"noreferrer noopener\" href=\"https:\/\/www.estrategiaconcursos.com.br\/blog\/processo-seletivo-sedf\/\" target=\"_blank\">Processo Seletivo SEDF<\/a><\/strong><\/p>\n\n\n\n<p class=\"has-text-align-center has-pale-cyan-blue-background-color has-background has-medium-font-size\"><a href=\"https:\/\/www.youtube.com\/user\/EstrategiaCursos\" target=\"_blank\" rel=\"noreferrer noopener\">YOUTUBE &#8211; ESTRAT\u00c9GIA CONCURSOS <\/a><\/p>\n\n\n\n<h2 class=\"wp-block-heading has-text-align-center\" id=\"h-quer-estudar-para-a-sedf\">Quer estudar para a SEDF?<\/h2>\n\n\n\n<div class=\"col-sm\">\n      <div class=\"banner-estrategia\" id=\"box-assinatura\">\n        <h3 class=\"titulo-assinatura\">Cursos para PSS SEDF<\/h3>\n        <p class=\"subtitulo-assinatura\">Conhe\u00e7a os cursos<\/p>\n        <div class=\"box-botao\">\n          <a class=\"btn-assinatura\" target=\"_blank\" href=\"https:\/\/www.estrategiaconcursos.com.br\/cursosPorConcurso\/secretaria-da-educacao-df\/\" role=\"button\" rel=\"noopener noreferrer\">Conhe\u00e7a mais<\/a>\n        <\/div>\n      <\/div>\n      <p class=\"texto-auxiliar\">Prepare-se com o melhor material e com quem mais aprova em Concursos P\u00fablicos em todo o pa\u00eds.<\/p>\n    <\/div>\n\n\n\n<div class=\"container\" id=\"boxes\">\n  <div class=\"row\">\n\n    <div class=\"col-sm\">\n      <div class=\"estrategia\" id=\"box-assinatura\">\n        <h3 class=\"titulo-assinatura\">Assinatura Ilimitada<\/h3>\n        <p class=\"subtitulo-assinatura\">Assinatura Anual Ilimitada*<\/p>\n        <div class=\"box-botao\">\n          <a class=\"btn-assinatura\" target=\"_blank\" href=\"https:\/\/www.estrategiaconcursos.com.br\/assinaturas\/\" role=\"button\" rel=\"noopener noreferrer\">ASSINE AGORA<\/a>\n        <\/div>\n      <\/div>\n      <p class=\"texto-auxiliar\">Prepare-se com o melhor material e com quem mais aprova em Concursos P\u00fablicos em todo o pa\u00eds. Assine agora a nossa Assinatura Anual e tenha acesso ilimitado* a todos os nossos cursos.<\/p>\n    <\/div>\n\n    <div class=\"col-sm\">\n      <div class=\"questoes\" id=\"box-assinatura\">\n        <h3 class=\"titulo-assinatura\">Sistema de Quest\u00f5es<\/h3>\n        <p class=\"subtitulo-assinatura\">Assinatura Ilimitada*\n<\/p>\n        <div class=\"box-botao\">\n          <a class=\"btn-assinatura\" target=\"_blank\" href=\"https:\/\/www.estrategiaconcursos.com.br\/cursosPorConcurso\/sistema-de-questoes\/#\/\" role=\"button\" rel=\"noopener noreferrer\">ASSINE AGORA<\/a>\n        <\/div>\n      <\/div>\n      <p class=\"texto-auxiliar\">Estrat\u00e9gia Quest\u00f5es nasceu maior do que todos os concorrentes, com mais quest\u00f5es cadastradas e mais solu\u00e7\u00f5es por professores. Clique no link e aproveite os descontos e b\u00f4nus imperd\u00edveis!<\/p>\n    <\/div>\n  <\/div>\n<\/div>\n\n\n\n<figure class=\"wp-block-image\"><img loading=\"lazy\" decoding=\"async\" width=\"300\" height=\"102\" src=\"https:\/\/dhg1h5j42swfq.cloudfront.net\/2017\/03\/28152500\/coruja-ficha-tecnica-300x102.png\" alt=\"ficha-t\u00e9cnica - Processo seletivo SEDF\" class=\"wp-image-68542\"\/><\/figure>\n\n\n\n<p id=\"ficha\"><strong>Informa\u00e7\u00f5es do Processo Seletivo  SEDF<\/strong><\/p>\n\n\n\n<p>\u25ba<strong>Data:&nbsp;<\/strong>a defnir<br \/>\u25ba<strong>Vagas: <\/strong>a definir<br \/>\u25ba<strong>Cargos: <\/strong>Professor substistuto<br \/>\u25ba<strong>Lota\u00e7\u00f5es: <\/strong>Distrito Federal<strong><br \/>\u25baBanca: <\/strong>Quadrix<strong><br \/>\u25baEscolaridade:<\/strong> N\u00edvel Superior<\/p>\n\n\n\n<p>\u25ba <strong>Edital do \u00faltimo concurso:<\/strong> <a rel=\"noreferrer noopener\" href=\"https:\/\/dhg1h5j42swfq.cloudfront.net\/2020\/05\/28161425\/SEDF-Tempor%C3%A1rios-2018.pdf\" target=\"_blank\">edital 2018<\/a><\/p>\n\n\n\n<p><a rel=\"noreferrer noopener\" href=\"https:\/\/dhg1h5j42swfq.cloudfront.net\/2020\/09\/24095759\/Projeto-Basico-Processo-Seletivo-Simplificado-2020-SEDF.pdf\" target=\"_blank\">PROJETO B\u00c1SICO<\/a><\/p>\n","protected":false},"excerpt":{"rendered":"<p>A Secretaria de Estado de Educa\u00e7\u00e3o do Distrito Federal alterou nesta sexta-feira (27), a composi\u00e7\u00e3o da comiss\u00e3o organizadora do Processo Seletivo SEDF. Confira abaixo a nova forma\u00e7\u00e3o: I \u2013 Subsecretaria de Gest\u00e3o de Pessoas: MARINA DA COSTA SOTERO DE OLIVEIRA, matr\u00edcula n\u00ba 37.068-1 e JEFFERSON GOMES TORRES, matr\u00edcula n\u00ba 239.460-X; II \u2013 Subsecretaria de Administra\u00e7\u00e3o [&hellip;]<\/p>\n","protected":false},"author":741,"featured_media":594820,"comment_status":"open","ping_status":"closed","sticky":false,"template":"","format":"standard","meta":{"post_tipo":"article","footnotes":""},"categories":[1,3766],"tags":[],"tax_estado":[219970],"class_list":["post-618152","post","type-post","status-publish","format-standard","has-post-thumbnail","hentry","category-cursos-e-concursos","category-educacional","tax_estado-df"],"acf":[],"yoast_head":"<!-- This site is optimized with the Yoast SEO Premium plugin v27.2 (Yoast SEO v27.2) - https:\/\/yoast.com\/product\/yoast-seo-premium-wordpress\/ -->\n<title>SEDF: comiss\u00e3o do PSS foi alterada; veja a nova forma\u00e7\u00e3o!<\/title>\n<meta name=\"description\" content=\"A comiss\u00e3o organizadora do Processo Seletivo Simplificado SEDF foi modificada. Confira neste artigo a nova composi\u00e7\u00e3o. S\u00e3o ofertadas vagas para Professor!\" \/>\n<meta name=\"robots\" content=\"index, follow, max-snippet:-1, max-image-preview:large, max-video-preview:-1\" \/>\n<link rel=\"canonical\" href=\"https:\/\/www.estrategiaconcursos.com.br\/blog\/sedf-comissao-alterada\/\" \/>\n<meta property=\"og:locale\" content=\"pt_BR\" \/>\n<meta property=\"og:type\" content=\"article\" \/>\n<meta property=\"og:title\" content=\"SEDF: comiss\u00e3o do PSS foi alterada; veja a nova forma\u00e7\u00e3o!\" \/>\n<meta property=\"og:description\" content=\"A comiss\u00e3o organizadora do Processo Seletivo Simplificado SEDF foi modificada. Confira neste artigo a nova composi\u00e7\u00e3o. S\u00e3o ofertadas vagas para Professor!\" \/>\n<meta property=\"og:url\" content=\"https:\/\/www.estrategiaconcursos.com.br\/blog\/sedf-comissao-alterada\/\" \/>\n<meta property=\"og:site_name\" content=\"Estrat\u00e9gia Concursos\" \/>\n<meta property=\"article:published_time\" content=\"2020-11-27T12:05:36+00:00\" \/>\n<meta property=\"article:modified_time\" content=\"2023-07-07T12:42:09+00:00\" \/>\n<meta property=\"og:image\" content=\"https:\/\/dhg1h5j42swfq.cloudfront.net\/2020\/10\/22141130\/SEDF-150x150-1.jpg\" \/>\n\t<meta property=\"og:image:width\" content=\"150\" \/>\n\t<meta property=\"og:image:height\" content=\"150\" \/>\n\t<meta property=\"og:image:type\" content=\"image\/jpeg\" \/>\n<meta name=\"author\" content=\"Brunno Lima\" \/>\n<meta name=\"twitter:card\" content=\"summary_large_image\" \/>\n<meta name=\"twitter:creator\" content=\"@EstratConcursos\" \/>\n<meta name=\"twitter:site\" content=\"@EstratConcursos\" \/>\n<meta name=\"twitter:label1\" content=\"Escrito por\" \/>\n\t<meta name=\"twitter:data1\" content=\"Brunno Lima\" \/>\n\t<meta name=\"twitter:label2\" content=\"Est. tempo de leitura\" \/>\n\t<meta name=\"twitter:data2\" content=\"2 minutos\" \/>\n<script type=\"application\/ld+json\" class=\"yoast-schema-graph\">{\"@context\":\"https:\/\/schema.org\",\"@graph\":[{\"@type\":\"NewsArticle\",\"@id\":\"https:\/\/www.estrategiaconcursos.com.br\/blog\/sedf-comissao-alterada\/#article\",\"isPartOf\":{\"@id\":\"https:\/\/www.estrategiaconcursos.com.br\/blog\/sedf-comissao-alterada\/\"},\"author\":{\"name\":\"Brunno Lima\",\"@id\":\"https:\/\/www.estrategiaconcursos.com.br\/blog\/#\/schema\/person\/2865ec132c3404c9912015dd7a24eb1e\"},\"headline\":\"SEDF: comiss\u00e3o do PSS foi alterada; veja a nova forma\u00e7\u00e3o!\",\"datePublished\":\"2020-11-27T12:05:36+00:00\",\"dateModified\":\"2023-07-07T12:42:09+00:00\",\"mainEntityOfPage\":{\"@id\":\"https:\/\/www.estrategiaconcursos.com.br\/blog\/sedf-comissao-alterada\/\"},\"wordCount\":398,\"commentCount\":0,\"publisher\":{\"@id\":\"https:\/\/www.estrategiaconcursos.com.br\/blog\/#organization\"},\"image\":{\"@id\":\"https:\/\/www.estrategiaconcursos.com.br\/blog\/sedf-comissao-alterada\/#primaryimage\"},\"thumbnailUrl\":\"https:\/\/dhg1h5j42swfq.cloudfront.net\/2020\/10\/22141130\/SEDF-150x150-1.jpg\",\"articleSection\":[\"Concursos P\u00fablicos\",\"Educa\u00e7\u00e3o\"],\"inLanguage\":\"pt-BR\",\"potentialAction\":[{\"@type\":\"CommentAction\",\"name\":\"Comment\",\"target\":[\"https:\/\/www.estrategiaconcursos.com.br\/blog\/sedf-comissao-alterada\/#respond\"]}],\"copyrightYear\":\"2020\",\"copyrightHolder\":{\"@id\":\"https:\/\/www.estrategiaconcursos.com.br\/blog\/#organization\"}},{\"@type\":\"WebPage\",\"@id\":\"https:\/\/www.estrategiaconcursos.com.br\/blog\/sedf-comissao-alterada\/\",\"url\":\"https:\/\/www.estrategiaconcursos.com.br\/blog\/sedf-comissao-alterada\/\",\"name\":\"SEDF: comiss\u00e3o do PSS foi alterada; veja a nova forma\u00e7\u00e3o!\",\"isPartOf\":{\"@id\":\"https:\/\/www.estrategiaconcursos.com.br\/blog\/#website\"},\"primaryImageOfPage\":{\"@id\":\"https:\/\/www.estrategiaconcursos.com.br\/blog\/sedf-comissao-alterada\/#primaryimage\"},\"image\":{\"@id\":\"https:\/\/www.estrategiaconcursos.com.br\/blog\/sedf-comissao-alterada\/#primaryimage\"},\"thumbnailUrl\":\"https:\/\/dhg1h5j42swfq.cloudfront.net\/2020\/10\/22141130\/SEDF-150x150-1.jpg\",\"datePublished\":\"2020-11-27T12:05:36+00:00\",\"dateModified\":\"2023-07-07T12:42:09+00:00\",\"description\":\"A comiss\u00e3o organizadora do Processo Seletivo Simplificado SEDF foi modificada. Confira neste artigo a nova composi\u00e7\u00e3o. S\u00e3o ofertadas vagas para Professor!\",\"breadcrumb\":{\"@id\":\"https:\/\/www.estrategiaconcursos.com.br\/blog\/sedf-comissao-alterada\/#breadcrumb\"},\"inLanguage\":\"pt-BR\",\"potentialAction\":[{\"@type\":\"ReadAction\",\"target\":[\"https:\/\/www.estrategiaconcursos.com.br\/blog\/sedf-comissao-alterada\/\"]}]},{\"@type\":\"ImageObject\",\"inLanguage\":\"pt-BR\",\"@id\":\"https:\/\/www.estrategiaconcursos.com.br\/blog\/sedf-comissao-alterada\/#primaryimage\",\"url\":\"https:\/\/dhg1h5j42swfq.cloudfront.net\/2020\/10\/22141130\/SEDF-150x150-1.jpg\",\"contentUrl\":\"https:\/\/dhg1h5j42swfq.cloudfront.net\/2020\/10\/22141130\/SEDF-150x150-1.jpg\",\"width\":150,\"height\":150,\"caption\":\"professor no SEDF\"},{\"@type\":\"BreadcrumbList\",\"@id\":\"https:\/\/www.estrategiaconcursos.com.br\/blog\/sedf-comissao-alterada\/#breadcrumb\",\"itemListElement\":[{\"@type\":\"ListItem\",\"position\":1,\"name\":\"In\u00edcio\",\"item\":\"https:\/\/www.estrategiaconcursos.com.br\/blog\/\"},{\"@type\":\"ListItem\",\"position\":2,\"name\":\"SEDF: comiss\u00e3o do PSS foi alterada; veja a nova forma\u00e7\u00e3o!\"}]},{\"@type\":\"WebSite\",\"@id\":\"https:\/\/www.estrategiaconcursos.com.br\/blog\/#website\",\"url\":\"https:\/\/www.estrategiaconcursos.com.br\/blog\/\",\"name\":\"Estrat\u00e9gia Concursos\",\"description\":\"O blog da Estrat\u00e9gia Concursos traz not\u00edcias sobre concursos e artigos de professores oferecendo cursos para concursos (pdf + videaulas) no site.\",\"publisher\":{\"@id\":\"https:\/\/www.estrategiaconcursos.com.br\/blog\/#organization\"},\"potentialAction\":[{\"@type\":\"SearchAction\",\"target\":{\"@type\":\"EntryPoint\",\"urlTemplate\":\"https:\/\/www.estrategiaconcursos.com.br\/blog\/?s={search_term_string}\"},\"query-input\":{\"@type\":\"PropertyValueSpecification\",\"valueRequired\":true,\"valueName\":\"search_term_string\"}}],\"inLanguage\":\"pt-BR\"},{\"@type\":\"Organization\",\"@id\":\"https:\/\/www.estrategiaconcursos.com.br\/blog\/#organization\",\"name\":\"Estrat\u00e9gia Concursos\",\"url\":\"https:\/\/www.estrategiaconcursos.com.br\/blog\/\",\"logo\":{\"@type\":\"ImageObject\",\"inLanguage\":\"pt-BR\",\"@id\":\"https:\/\/www.estrategiaconcursos.com.br\/blog\/#\/schema\/logo\/image\/\",\"url\":\"https:\/\/dhg1h5j42swfq.cloudfront.net\/2025\/06\/03203428\/logo_concursos-1.jpg\",\"contentUrl\":\"https:\/\/dhg1h5j42swfq.cloudfront.net\/2025\/06\/03203428\/logo_concursos-1.jpg\",\"width\":230,\"height\":60,\"caption\":\"Estrat\u00e9gia Concursos\"},\"image\":{\"@id\":\"https:\/\/www.estrategiaconcursos.com.br\/blog\/#\/schema\/logo\/image\/\"},\"sameAs\":[\"https:\/\/x.com\/EstratConcursos\"]},{\"@type\":\"Person\",\"@id\":\"https:\/\/www.estrategiaconcursos.com.br\/blog\/#\/schema\/person\/2865ec132c3404c9912015dd7a24eb1e\",\"name\":\"Brunno Lima\",\"image\":{\"@type\":\"ImageObject\",\"inLanguage\":\"pt-BR\",\"@id\":\"https:\/\/secure.gravatar.com\/avatar\/d40b472e5e2856222d4a4a1c3ee2189ed7d7a9f67dc3343b880cc1889a7bd6af?s=96&d=mm&r=g\",\"url\":\"https:\/\/secure.gravatar.com\/avatar\/d40b472e5e2856222d4a4a1c3ee2189ed7d7a9f67dc3343b880cc1889a7bd6af?s=96&d=mm&r=g\",\"contentUrl\":\"https:\/\/secure.gravatar.com\/avatar\/d40b472e5e2856222d4a4a1c3ee2189ed7d7a9f67dc3343b880cc1889a7bd6af?s=96&d=mm&r=g\",\"caption\":\"Brunno Lima\"},\"url\":\"https:\/\/www.estrategiaconcursos.com.br\/blog\/author\/brunnoestrategiaconcursos-com-br\/\"}]}<\/script>\n<!-- \/ Yoast SEO Premium plugin. -->","yoast_head_json":{"title":"SEDF: comiss\u00e3o do PSS foi alterada; veja a nova forma\u00e7\u00e3o!","description":"A comiss\u00e3o organizadora do Processo Seletivo Simplificado SEDF foi modificada. Confira neste artigo a nova composi\u00e7\u00e3o. S\u00e3o ofertadas vagas para Professor!","robots":{"index":"index","follow":"follow","max-snippet":"max-snippet:-1","max-image-preview":"max-image-preview:large","max-video-preview":"max-video-preview:-1"},"canonical":"https:\/\/www.estrategiaconcursos.com.br\/blog\/sedf-comissao-alterada\/","og_locale":"pt_BR","og_type":"article","og_title":"SEDF: comiss\u00e3o do PSS foi alterada; veja a nova forma\u00e7\u00e3o!","og_description":"A comiss\u00e3o organizadora do Processo Seletivo Simplificado SEDF foi modificada. Confira neste artigo a nova composi\u00e7\u00e3o. S\u00e3o ofertadas vagas para Professor!","og_url":"https:\/\/www.estrategiaconcursos.com.br\/blog\/sedf-comissao-alterada\/","og_site_name":"Estrat\u00e9gia Concursos","article_published_time":"2020-11-27T12:05:36+00:00","article_modified_time":"2023-07-07T12:42:09+00:00","og_image":[{"width":150,"height":150,"url":"https:\/\/dhg1h5j42swfq.cloudfront.net\/2020\/10\/22141130\/SEDF-150x150-1.jpg","type":"image\/jpeg"}],"author":"Brunno Lima","twitter_card":"summary_large_image","twitter_creator":"@EstratConcursos","twitter_site":"@EstratConcursos","twitter_misc":{"Escrito por":"Brunno Lima","Est. tempo de leitura":"2 minutos"},"schema":{"@context":"https:\/\/schema.org","@graph":[{"@type":"NewsArticle","@id":"https:\/\/www.estrategiaconcursos.com.br\/blog\/sedf-comissao-alterada\/#article","isPartOf":{"@id":"https:\/\/www.estrategiaconcursos.com.br\/blog\/sedf-comissao-alterada\/"},"author":{"name":"Brunno Lima","@id":"https:\/\/www.estrategiaconcursos.com.br\/blog\/#\/schema\/person\/2865ec132c3404c9912015dd7a24eb1e"},"headline":"SEDF: comiss\u00e3o do PSS foi alterada; veja a nova forma\u00e7\u00e3o!","datePublished":"2020-11-27T12:05:36+00:00","dateModified":"2023-07-07T12:42:09+00:00","mainEntityOfPage":{"@id":"https:\/\/www.estrategiaconcursos.com.br\/blog\/sedf-comissao-alterada\/"},"wordCount":398,"commentCount":0,"publisher":{"@id":"https:\/\/www.estrategiaconcursos.com.br\/blog\/#organization"},"image":{"@id":"https:\/\/www.estrategiaconcursos.com.br\/blog\/sedf-comissao-alterada\/#primaryimage"},"thumbnailUrl":"https:\/\/dhg1h5j42swfq.cloudfront.net\/2020\/10\/22141130\/SEDF-150x150-1.jpg","articleSection":["Concursos P\u00fablicos","Educa\u00e7\u00e3o"],"inLanguage":"pt-BR","potentialAction":[{"@type":"CommentAction","name":"Comment","target":["https:\/\/www.estrategiaconcursos.com.br\/blog\/sedf-comissao-alterada\/#respond"]}],"copyrightYear":"2020","copyrightHolder":{"@id":"https:\/\/www.estrategiaconcursos.com.br\/blog\/#organization"}},{"@type":"WebPage","@id":"https:\/\/www.estrategiaconcursos.com.br\/blog\/sedf-comissao-alterada\/","url":"https:\/\/www.estrategiaconcursos.com.br\/blog\/sedf-comissao-alterada\/","name":"SEDF: comiss\u00e3o do PSS foi alterada; veja a nova forma\u00e7\u00e3o!","isPartOf":{"@id":"https:\/\/www.estrategiaconcursos.com.br\/blog\/#website"},"primaryImageOfPage":{"@id":"https:\/\/www.estrategiaconcursos.com.br\/blog\/sedf-comissao-alterada\/#primaryimage"},"image":{"@id":"https:\/\/www.estrategiaconcursos.com.br\/blog\/sedf-comissao-alterada\/#primaryimage"},"thumbnailUrl":"https:\/\/dhg1h5j42swfq.cloudfront.net\/2020\/10\/22141130\/SEDF-150x150-1.jpg","datePublished":"2020-11-27T12:05:36+00:00","dateModified":"2023-07-07T12:42:09+00:00","description":"A comiss\u00e3o organizadora do Processo Seletivo Simplificado SEDF foi modificada. Confira neste artigo a nova composi\u00e7\u00e3o. S\u00e3o ofertadas vagas para Professor!","breadcrumb":{"@id":"https:\/\/www.estrategiaconcursos.com.br\/blog\/sedf-comissao-alterada\/#breadcrumb"},"inLanguage":"pt-BR","potentialAction":[{"@type":"ReadAction","target":["https:\/\/www.estrategiaconcursos.com.br\/blog\/sedf-comissao-alterada\/"]}]},{"@type":"ImageObject","inLanguage":"pt-BR","@id":"https:\/\/www.estrategiaconcursos.com.br\/blog\/sedf-comissao-alterada\/#primaryimage","url":"https:\/\/dhg1h5j42swfq.cloudfront.net\/2020\/10\/22141130\/SEDF-150x150-1.jpg","contentUrl":"https:\/\/dhg1h5j42swfq.cloudfront.net\/2020\/10\/22141130\/SEDF-150x150-1.jpg","width":150,"height":150,"caption":"professor no SEDF"},{"@type":"BreadcrumbList","@id":"https:\/\/www.estrategiaconcursos.com.br\/blog\/sedf-comissao-alterada\/#breadcrumb","itemListElement":[{"@type":"ListItem","position":1,"name":"In\u00edcio","item":"https:\/\/www.estrategiaconcursos.com.br\/blog\/"},{"@type":"ListItem","position":2,"name":"SEDF: comiss\u00e3o do PSS foi alterada; veja a nova forma\u00e7\u00e3o!"}]},{"@type":"WebSite","@id":"https:\/\/www.estrategiaconcursos.com.br\/blog\/#website","url":"https:\/\/www.estrategiaconcursos.com.br\/blog\/","name":"Estrat\u00e9gia Concursos","description":"O blog da Estrat\u00e9gia Concursos traz not\u00edcias sobre concursos e artigos de professores oferecendo cursos para concursos (pdf + videaulas) no site.","publisher":{"@id":"https:\/\/www.estrategiaconcursos.com.br\/blog\/#organization"},"potentialAction":[{"@type":"SearchAction","target":{"@type":"EntryPoint","urlTemplate":"https:\/\/www.estrategiaconcursos.com.br\/blog\/?s={search_term_string}"},"query-input":{"@type":"PropertyValueSpecification","valueRequired":true,"valueName":"search_term_string"}}],"inLanguage":"pt-BR"},{"@type":"Organization","@id":"https:\/\/www.estrategiaconcursos.com.br\/blog\/#organization","name":"Estrat\u00e9gia Concursos","url":"https:\/\/www.estrategiaconcursos.com.br\/blog\/","logo":{"@type":"ImageObject","inLanguage":"pt-BR","@id":"https:\/\/www.estrategiaconcursos.com.br\/blog\/#\/schema\/logo\/image\/","url":"https:\/\/dhg1h5j42swfq.cloudfront.net\/2025\/06\/03203428\/logo_concursos-1.jpg","contentUrl":"https:\/\/dhg1h5j42swfq.cloudfront.net\/2025\/06\/03203428\/logo_concursos-1.jpg","width":230,"height":60,"caption":"Estrat\u00e9gia Concursos"},"image":{"@id":"https:\/\/www.estrategiaconcursos.com.br\/blog\/#\/schema\/logo\/image\/"},"sameAs":["https:\/\/x.com\/EstratConcursos"]},{"@type":"Person","@id":"https:\/\/www.estrategiaconcursos.com.br\/blog\/#\/schema\/person\/2865ec132c3404c9912015dd7a24eb1e","name":"Brunno Lima","image":{"@type":"ImageObject","inLanguage":"pt-BR","@id":"https:\/\/secure.gravatar.com\/avatar\/d40b472e5e2856222d4a4a1c3ee2189ed7d7a9f67dc3343b880cc1889a7bd6af?s=96&d=mm&r=g","url":"https:\/\/secure.gravatar.com\/avatar\/d40b472e5e2856222d4a4a1c3ee2189ed7d7a9f67dc3343b880cc1889a7bd6af?s=96&d=mm&r=g","contentUrl":"https:\/\/secure.gravatar.com\/avatar\/d40b472e5e2856222d4a4a1c3ee2189ed7d7a9f67dc3343b880cc1889a7bd6af?s=96&d=mm&r=g","caption":"Brunno Lima"},"url":"https:\/\/www.estrategiaconcursos.com.br\/blog\/author\/brunnoestrategiaconcursos-com-br\/"}]}},"_links":{"self":[{"href":"https:\/\/www.estrategiaconcursos.com.br\/blog\/wp-json\/wp\/v2\/posts\/618152","targetHints":{"allow":["GET"]}}],"collection":[{"href":"https:\/\/www.estrategiaconcursos.com.br\/blog\/wp-json\/wp\/v2\/posts"}],"about":[{"href":"https:\/\/www.estrategiaconcursos.com.br\/blog\/wp-json\/wp\/v2\/types\/post"}],"author":[{"embeddable":true,"href":"https:\/\/www.estrategiaconcursos.com.br\/blog\/wp-json\/wp\/v2\/users\/741"}],"replies":[{"embeddable":true,"href":"https:\/\/www.estrategiaconcursos.com.br\/blog\/wp-json\/wp\/v2\/comments?post=618152"}],"version-history":[{"count":8,"href":"https:\/\/www.estrategiaconcursos.com.br\/blog\/wp-json\/wp\/v2\/posts\/618152\/revisions"}],"predecessor-version":[{"id":1244881,"href":"https:\/\/www.estrategiaconcursos.com.br\/blog\/wp-json\/wp\/v2\/posts\/618152\/revisions\/1244881"}],"wp:featuredmedia":[{"embeddable":true,"href":"https:\/\/www.estrategiaconcursos.com.br\/blog\/wp-json\/wp\/v2\/media\/594820"}],"wp:attachment":[{"href":"https:\/\/www.estrategiaconcursos.com.br\/blog\/wp-json\/wp\/v2\/media?parent=618152"}],"wp:term":[{"taxonomy":"category","embeddable":true,"href":"https:\/\/www.estrategiaconcursos.com.br\/blog\/wp-json\/wp\/v2\/categories?post=618152"},{"taxonomy":"post_tag","embeddable":true,"href":"https:\/\/www.estrategiaconcursos.com.br\/blog\/wp-json\/wp\/v2\/tags?post=618152"},{"taxonomy":"tax_estado","embeddable":true,"href":"https:\/\/www.estrategiaconcursos.com.br\/blog\/wp-json\/wp\/v2\/tax_estado?post=618152"}],"curies":[{"name":"wp","href":"https:\/\/api.w.org\/{rel}","templated":true}]}}