{"id":61803,"date":"2017-01-18T13:15:08","date_gmt":"2017-01-18T16:15:08","guid":{"rendered":"https:\/\/www.estrategiaconcursos.com.br\/blog\/?p=61803"},"modified":"2017-01-18T13:15:41","modified_gmt":"2017-01-18T16:15:41","slug":"resolucao-prova-soldado-pmgo-realidades-de-goias","status":"publish","type":"post","link":"https:\/\/www.estrategiaconcursos.com.br\/blog\/resolucao-prova-soldado-pmgo-realidades-de-goias\/","title":{"rendered":"Resolu\u00e7\u00e3o prova soldado PMGO realidades de Goi\u00e1s ."},"content":{"rendered":"<p style=\"text-align: justify\">\n\tOl&aacute; Pessoal,&nbsp;vamos fazer a <strong>resolu&ccedil;&atilde;o&nbsp;prova soldado PMGO<\/strong>, a disciplina realidades de Goi&aacute;s. Nossos alunos n&atilde;o tiveram problemas com a avalia&ccedil;&atilde;o, pois todo o conte&uacute;do foi exposto ao longo do material e as nossas dicas foram certeiras. A prova soldado PMGO teve como banca a FUNRIO, a mesma que realizou o certame para o corpo de bombeiros. A avalia&ccedil;&atilde;o foi bem elaborada e explorou bem os assuntos, de modo simples e objetivo. N&atilde;o cabe recurso em nenhuma quest&atilde;o. Muitos alunos ficaram em d&uacute;vida na quest&atilde;o 12 (prova A) sobre a urbaniza&ccedil;&atilde;o goiana. Era uma quest&atilde;o de analise direta do gr&aacute;fico.<strong>&nbsp;Agora vamos analisar melhor o concurso:<\/strong>\n<\/p>\n<p style=\"text-align: justify\">\n\t&nbsp;\n<\/p>\n<p style=\"text-align: justify\">\n\t(FUNRIO PMGO-SOLDADO 2017) Um bioma &ldquo;desconhecido&rdquo; Embora virtualmente desconhecido, n&atilde;o s&oacute; no exterior mas at&eacute; mesmo por muitos brasileiros, o Cerrado abriga um verdadeiro tesouro natural. &Eacute; um dos biomas brasileiros mais ricos em aves, atr&aacute;s apenas da Floresta Amaz&ocirc;nica e da Mata Atl&acirc;ntica, com diversas esp&eacute;cies exclusivas, que n&atilde;o existem em outros ambientes.\n<\/p>\n<p style=\"text-align: justify\">\n\tGWYNNE, J.A., RIDGELY, R.S, TUDOR, G., ARGEL, M. Aves do Brasil &ndash; Pantanal e Cerrado. S&atilde;o Paulo: Editora Horizonte, 2010.\n<\/p>\n<p style=\"text-align: justify\">\n\tO trecho observa aspetos da flora e fauna da vegeta&ccedil;&atilde;o predominante no estado de Goi&aacute;s. Essa vegeta&ccedil;&atilde;o destaca-se pelas(os)\n<\/p>\n<p style=\"text-align: justify\">\n\t&nbsp;(A) &aacute;rvores de grande porte.\n<\/p>\n<p style=\"text-align: justify\">\n\t(B) folhas mi&uacute;das e espinhos.\n<\/p>\n<p style=\"text-align: justify\">\n\t(C) ra&iacute;zes a&eacute;reas.\n<\/p>\n<p style=\"text-align: justify\">\n\t(D) arbustos retorcidos e casca espessa\n<\/p>\n<p style=\"text-align: justify\">\n\t(E) pinheiros.\n<\/p>\n<p style=\"text-align: justify\">\n\t[D]\n<\/p>\n<p style=\"text-align: justify\">\n\t<span style=\"color:#0000FF\"><strong>O cerrado &eacute; uma vegeta&ccedil;&atilde;o preominantemente arbustiva, com &aacute;rvores de pequeno e m&eacute;dio porte, cujas principais caracter&iacute;sticas fisionomicas s&atilde;o:&nbsp;casca grossa e troncos retorcidos. &Eacute; o bioma predominante no estado de Goi&aacute;s.&nbsp; As forma&ccedil;&otilde;es arbustivas no Brasil s&atilde;o pouco conhecidas e muitos possuem uma percep&ccedil;&atilde;o errada de que a biodiversidade seria pequena em raz&atilde;o a apar&ecirc;ncia rasteira em largos espa&ccedil;os. &Eacute; uma percep&ccedil;&atilde;o errada e certamente proveniente da desinforma&ccedil;&atilde;o e a associa&ccedil;&atilde;o de biodiversidade com biomas florestais. A riqueza na diversidade de p&aacute;ssaros, por exemplo, &eacute; enorme e h&aacute; uma grande fauna de mam&iacute;feros como tatus e lobos. <\/strong><\/span>\n<\/p>\n<p style=\"text-align: justify\">\n\t(FUNRIO PMGO-SOLDADO 2017)\n<\/p>\n<p style=\"text-align: justify\">\n\t<img loading=\"lazy\" decoding=\"async\" alt=\"\" class=\"aligncenter size-medium wp-image-61808\" height=\"147\" src=\"https:\/\/dhg1h5j42swfq.cloudfront.net\/2017\/01\/18121106\/resolu%C3%A7%C3%A3o-prova-soldado-PMGO-1.png\" width=\"300\" srcset=\"https:\/\/dhg1h5j42swfq.cloudfront.net\/2017\/01\/18121106\/resolu%C3%A7%C3%A3o-prova-soldado-PMGO-1.png 445w, https:\/\/dhg1h5j42swfq.cloudfront.net\/2017\/01\/18121106\/resolu%C3%A7%C3%A3o-prova-soldado-PMGO-1.png 300w\" sizes=\"auto, (max-width: 300px) 100vw, 300px\" \/>\n<\/p>\n<p style=\"text-align: justify\">\n\tA partir desse gr&aacute;fico e de seus conhecimentos sobre a popula&ccedil;&atilde;o goiana, &eacute; poss&iacute;vel afirmar que\n<\/p>\n<p style=\"text-align: justify\">\n\t&nbsp;(A) a taxa de urbaniza&ccedil;&atilde;o do Centro-Oeste na d&eacute;cada de 1970 era inferior &agrave; de Goi&aacute;s e superior &agrave; nacional. &nbsp;\n<\/p>\n<p style=\"text-align: justify\">\n\t(B) a taxa de urbaniza&ccedil;&atilde;o demonstra que a popula&ccedil;&atilde;o urbana de Goi&aacute;s diminuiu progressivamente desde 1970.\n<\/p>\n<p style=\"text-align: justify\">\n\t(C) a popula&ccedil;&atilde;o que vive em zonas rurais no estado de Goi&aacute;s quase duplicou entre a d&eacute;cada de 1970 e o ano de 2010.\n<\/p>\n<p style=\"text-align: justify\">\n\t(D) as taxas de urbaniza&ccedil;&atilde;o de Goi&aacute;s, do Centro-Oeste e do Brasil, a partir de 1980, tenderam &agrave; converg&ecirc;ncia.\n<\/p>\n<p style=\"text-align: justify\">\n\t(E) a popula&ccedil;&atilde;o rural de Goi&aacute;s correspondia a 19,2% em 1991, enquanto que, em 2010, o percentual rural era de 9,7%.\n<\/p>\n<p style=\"text-align: justify\">\n\tEste exerc&iacute;cio &eacute; fundamentalmente interpretativo e o candidato deve se ater &agrave;s informa&ccedil;&otilde;es da tabela e compreender os conceitos b&aacute;sicos de ubraniza&ccedil;&atilde;o.\n<\/p>\n<p style=\"text-align: justify\">\n\t[E]\n<\/p>\n<p style=\"text-align: justify\">\n\t<span style=\"color:#0000FF\"><strong>A alternativa correta &eacute; a alternativa [E] . A taxa de urbaniza&ccedil;&atilde;o &eacute; a taxa percentual da popula&ccedil;&atilde;o que reside na cidade. Ent&atilde;o a popula&ccedil;&atilde;o rural &nbsp;no ano de 1991 tem uma taxa de 19,2% (100%-80,8%) &nbsp;e no ano de 2010 a pop. rural era 0,7% (100%-93,3%). A alternativa est&aacute; impec&aacute;vel. A grande d&uacute;vida da maioria dos candidatos, certamente foi na alternativa [D]. Talvez a &uacute;nica forma de conseguirmos analisar a quest&atilde;o &eacute; pensando em gr&aacute;fico. As tr&ecirc;s urbaniza&ccedil;&otilde;es se aproximam desde 80, mas n&atilde;o convergem,&nbsp; pois o ritmo da urbaniza&ccedil;&atilde;o em Goi&aacute;s e no Centro Oeste foi maior que o do Brasil.<\/strong> <\/span><span style=\"color:#FF0000\"><strong>N&atilde;o cabe recurso<\/strong>.<\/span>\n<\/p>\n<p style=\"text-align: justify\">\n\t&nbsp;\n<\/p>\n<p style=\"text-align: justify\">\n\tJ&aacute; pensou em ser oficial do ex&eacute;rcito brasileiro? Confira nosso curso preparat&oacute;rio:\n<\/p>\n<p style=\"text-align: justify\">\n\t<a href=\"https:\/\/www.estrategiaconcursos.com.br\/curso\/pacote-completo-p-espcex-escola-preparatoria-de-cadetes-do-exercito-com-videoaulas\/\">EspCEx<\/a>&nbsp;(Escola preparat&oacute;ria para cadetes do ex&eacute;rcito).\n<\/p>\n<p style=\"text-align: justify\">\n\t&nbsp;\n<\/p>\n<p style=\"text-align: justify\">\n\t(FUNRIO PMGO-SOLDADO 2017) A minera&ccedil;&atilde;o na Capitania de Goi&aacute;s entrou em crise nas &uacute;ltimas d&eacute;cadas do s&eacute;culo XVIII. A economia da regi&atilde;o era baseada na extra&ccedil;&atilde;o do ouro e pouco diversificada. A crise da minera&ccedil;&atilde;o for&ccedil;ou a transforma&ccedil;&atilde;o da economia e do povoamento da regi&atilde;o de Goi&aacute;s e\n<\/p>\n<p style=\"text-align: justify\">\n\t(A) os arraiais e demais aglomera&ccedil;&otilde;es urbanas f o r m ada s pe l a ri que z a da m i n e r a &ccedil; &atilde; o permaneceram populosos e fortes economicamente devido ao ouro acumulado. &nbsp;\n<\/p>\n<p style=\"text-align: justify\">\n\t<span style=\"color:#0000FF\"><strong>Errado. Goi&aacute;s entrou em decad&ecirc;ncia, e a economia se recuperou com a pecu&aacute;ria.<\/strong><\/span>\n<\/p>\n<p style=\"text-align: justify\">\n\t(B) a aus&ecirc;ncia de atividade econ&ocirc;mica alternativa, concomitante &agrave; extra&ccedil;&atilde;o mineral, causou crise econ&ocirc;mica, quando o ouro se tornou escasso.\n<\/p>\n<p style=\"text-align: justify\">\n\t<span style=\"color:#0000FF\"><strong>Correto. Com o fim&nbsp;da minera&ccedil;&atilde;o, as cidades goianas entraram em decad&ecirc;ncia, e s&oacute; no s&eacute;culo XIX<\/strong> <strong>a pecu&aacute;ria se tornou a princiapal atividade do estado.<\/strong><\/span>\n<\/p>\n<p style=\"text-align: justify\">\n\t(C) a popula&ccedil;&atilde;o migrou majoritariamente para zonas rurais durante o s&eacute;culo XIX, ocupou terras at&eacute; ent&atilde;o inabitadas e iniciou a agricultura em grande escala.\n<\/p>\n<p style=\"text-align: justify\">\n\t<span style=\"color:#0000FF\"><strong>Errado. A atividade que substituiu o ouro foi a pecu&aacute;ria extensiva.<\/strong><\/span>\n<\/p>\n<p style=\"text-align: justify\">\n\t(D) a pecu&aacute;ria tornou-se a &uacute;nica atividade econ&ocirc;mica a partir do s&eacute;culo XIX, favorecendo o protagonismo do Goi&aacute;s nesse ramo no s&eacute;culo seguinte.\n<\/p>\n<p style=\"text-align: justify\">\n\t<span style=\"color:#0000FF\"><strong>Errado. A pecu&aacute;ria substituiu a minera&ccedil;&atilde;o,&nbsp;tornando Goi&aacute;s um grande produtor de gado no s&eacute;culo XIX, mas tamb&eacute;m produziu ouro em pequenas quantidades e a agricultura de subsist&ecirc;ncia (produ&ccedil;&atilde;o de alimentos).<\/strong><\/span>\n<\/p>\n<p style=\"text-align: justify\">\n\t(E) os arraiais coloniais que permaneceram ativos na segunda metade do s&eacute;culo XIX conseguiram criar economias independentes da produ&ccedil;&atilde;o no campo.\n<\/p>\n<p style=\"text-align: justify\">\n\t<span style=\"color:#0000FF\"><strong>Errado.&nbsp; Alguns arraiais coloniais permaneceram, mas &nbsp;sempre estiveram ligados &agrave; produ&ccedil;&atilde;o agropecu&aacute;ria.<\/strong><\/span>\n<\/p>\n<p style=\"text-align: justify\">\n\t[B]\n<\/p>\n<p style=\"text-align: justify\">\n\t&nbsp;\n<\/p>\n<p style=\"text-align: justify\">\n\tConfira tamb&eacute;m nosso curso para&nbsp;<a href=\"https:\/\/www.estrategiaconcursos.com.br\/curso\/pacote-de-conhecimentos-basicos-p-assembleia-legislativa-go-nivel-medio\/\">C&acirc;mara legislativa de GO<\/a>.\n<\/p>\n<p style=\"text-align: justify\">\n\t&nbsp;\n<\/p>\n<p style=\"text-align: justify\">\n\t(FUNRIO PMGO-SOLDADO 2017) Pavimenta&ccedil;&atilde;o asf&aacute;ltica de 5.000 km de rodovia, aumentando assim para 5.920 km, em 1960, a rede asfaltada federal, que era de 900 km em 1956.\n<\/p>\n<p style=\"text-align: justify\">\n\tConstru&ccedil;&atilde;o de 12 000 km de novas rodovias de primeira classe, aumentando para 22.000 km, em 1960, a rede federal, que era de 10.000 km em 1956. Programa de Metas do Presidente Juscelino Kubitschek, 30 de junho de 1958. Dispon&iacute;vel em: . Acesso em: 20 out. 2016.\n<\/p>\n<p style=\"text-align: justify\">\n\t&nbsp;A constru&ccedil;&atilde;o da rodovia Bel&eacute;m-Bras&iacute;lia, inaugurada em 1960, objetivava integrar a Amaz&ocirc;nia &agrave; regi&atilde;o centro-sul do Brasil. Sobre o tema, pode-se afirmar que\n<\/p>\n<p style=\"text-align: justify\">\n\t(A) a constru&ccedil;&atilde;o representava uma estrat&eacute;gia geopol&iacute;tica de integra&ccedil;&atilde;o e ocupa&ccedil;&atilde;o de uma regi&atilde;o do interior do pa&iacute;s marcada por grande ocupa&ccedil;&atilde;o demogr&aacute;fica<strong>. <\/strong>\n<\/p>\n<p style=\"text-align: justify\">\n\t<span style=\"color:#0000FF\"><strong>Errado. A regi&atilde;o norte &eacute; um vazio demogr&aacute;fico, e o centro oeste &eacute; pouco povoado (densidade demogr&aacute;fica).<\/strong><\/span>\n<\/p>\n<p style=\"text-align: justify\">\n\t(B) a sua constru&ccedil;&atilde;o derivou do objetivo do governo de Juscelino Kubitschek de facilitar a vinda da m&atilde;o de obra do Norte e Nordeste para a constru&ccedil;&atilde;o de Bras&iacute;lia.\n<\/p>\n<p style=\"text-align: justify\">\n\t<span style=\"color:#0000FF\"><strong>Errado. A rodovia foi inaugurada junto da&nbsp;capital federal. <\/strong><\/span>\n<\/p>\n<p style=\"text-align: justify\">\n\t(C) a Bel&eacute;m-Bras&iacute;lia favoreceu o desenvolvimento de n&uacute;cleos urbanos no trecho goiano da rodovia, inclusive com o surgimento de novos munic&iacute;pios<strong>. <\/strong>\n<\/p>\n<p style=\"text-align: justify\">\n\t<span style=\"color:#0000FF\"><strong>Correto. A principal consequ&ecirc;ncia da constru&ccedil;&atilde;o de rodovias &eacute; a integra&ccedil;&atilde;o ao territ&oacute;rio nacional e o desenvolvimento de povoamentos e pequenos n&uacute;cleos urbanos.<\/strong><\/span>\n<\/p>\n<p style=\"text-align: justify\">\n\t&nbsp;(D) o trecho goiano da Bel&eacute;m-Bras&iacute;lia teve decl&iacute;nio de rela&ccedil;&otilde;es comerciais com as grandes cidades ap&oacute;s 1960 e recrudescimento da ocupa&ccedil;&atilde;o urbana.\n<\/p>\n<p style=\"text-align: justify\">\n\t<span style=\"color:#0000FF\"><strong>Errado. Pelo&nbsp;contr&aacute;rio, o com&eacute;rcio dinamizou-se e a popula&ccedil;&atilde;o urbana cresceu.<\/strong><\/span>\n<\/p>\n<p style=\"text-align: justify\">\n\t&nbsp;(E) a obra rodovi&aacute;ria projetada foi, dentre aquelas iniciadas durante o governo de Juscelino Kubitschek, a &uacute;nica que cruzou o estado de Goi&aacute;s.\n<\/p>\n<p style=\"text-align: justify\">\n\t<span style=\"color:#0000FF\"><strong>Errado. Foram criadas v&aacute;rias rodovias que integravam Bras&iacute;la a todo o pa&iacute;s. <\/strong><\/span>\n<\/p>\n<p style=\"text-align: justify\">\n\t[C]\n<\/p>\n<p style=\"text-align: justify\">\n\t&nbsp;\n<\/p>\n<p style=\"text-align: justify\">\n\t(FUNRIO PMGO-SOLDADO 2017) As linhas mestras da &quot;pol&iacute;tica territorial&quot; &#8211; pol&iacute;ticas de povoamento, regulando o deslocamento populacional, de transporte e de comunica&ccedil;&atilde;o &#8211; do governo Vargas seriam retomadas por JK. Como prefeito, governador e presidente, JK tamb&eacute;m investiu em pol&iacute;ticas de transporte e comunica&ccedil;&atilde;o e realizou, por fim, o sonho de completar os vazios do territ&oacute;rio e preencher as lacunas da nacionalidade. A constru&ccedil;&atilde;o de Bras&iacute;lia pode ser entendida como uma nova &quot;Marcha para o Oeste[&#8230;] OLIVEIRA, L&uacute;cia Lippi. A conquista do Oeste. Dispon&iacute;vel em: &lt; http:\/\/cpdoc.fgv.br\/producao\/ dossies\/JK\/artigos\/Brasilia\/ConquistaOeste&gt;. Acesso em: 20out. 2016.\n<\/p>\n<p style=\"text-align: justify\">\n\tSobre as pol&iacute;ticas dos governos de Get&uacute;lio Vargas e Juscelino Kubitschek que alcan&ccedil;aram o estado de Goi&aacute;s, &eacute; poss&iacute;vel afirmar corretamente que\n<\/p>\n<p style=\"text-align: justify\">\n\t(A) a cidade de Goi&acirc;nia, inaugurada em 1942, concebida de acordo com a pol&iacute;tica territorial varguista, objetivava tamb&eacute;m afastar o centro do poder das antigas oligarquias.\n<\/p>\n<p style=\"text-align: justify\">\n\t<span style=\"color:#0000FF\"><strong>Correto. A constru&ccedil;&atilde;o de Goi&acirc;nia era parte do projeto varguista da marcha para o oeste. Al&eacute;m da ocupa&ccedil;&atilde;o e moderniza&ccedil;&atilde;o, a constru&ccedil;&atilde;o da nova capital afastou&nbsp;o centro do poder das antigas oligarquias politicas da cidade de Goi&aacute;s.<\/strong><\/span>\n<\/p>\n<p style=\"text-align: justify\">\n\t(B) os governos de Get&uacute;lio Vargas e Juscelino Kubitschek malograram em suas tentativas de fazer crescer econ&ocirc;mica e demograficamente a regi&atilde;o Centro-Oeste.\n<\/p>\n<p style=\"text-align: justify\">\n\t<span style=\"color:#0000FF\"><strong>Errado. Ambos realizaram empreendimentos bem sucedidos: a marcha para o oeste de GV e Brasilia, com integra&ccedil;&atilde;o rodovi&aacute;ria &agrave; todo o pa&iacute;s.<\/strong><\/span>\n<\/p>\n<p style=\"text-align: justify\">\n\t(C) o governo de Kubitschek, ao iniciar nova &ldquo;Marcha para o Oeste&rdquo;, privilegiou Bras&iacute;lia e n&atilde;o conseguiu desenvolver a economia goiana nem povoar o interior de Goi&aacute;s.\n<\/p>\n<p style=\"text-align: justify\">\n\t<span style=\"color:#0000FF\"><strong>Errado. A marcha para o Oeste foi politica de Get&uacute;lio Vargas. Al&eacute;m disso foi bem sucedido no povoamento do interior. <\/strong><\/span>\n<\/p>\n<p style=\"text-align: justify\">\n\t(D) o presidente Get&uacute;lio Vargas deu in&iacute;cio &agrave; constru&ccedil;&atilde;o da nova capital federal, obra que s&oacute; foi terminada e inaugurada pelo presidente Juscelino Kubitschek, em 1960.\n<\/p>\n<p style=\"text-align: justify\">\n\t<span style=\"color:#0000FF\"><strong>Errado. A constru&ccedil;&atilde;o de Bras&iacute;lia &eacute; obra de JK. O projeto de uma nova capital existe desde o imp&eacute;rio.<\/strong><\/span>\n<\/p>\n<p style=\"text-align: justify\">\n\t(E) a pol&iacute;tica territorial de Get&uacute;lio Vargas e Juscelino Kubitschek n&atilde;o logrou &ecirc;xito em deslocar popula&ccedil;&atilde;o para o estado de Goi&aacute;s, que permaneceu um vazio demogr&aacute;fico.\n<\/p>\n<p style=\"text-align: justify\">\n\t<span style=\"color:#0000FF\"><strong>Errado. Foram muito bem sucedidos.<\/strong><\/span>\n<\/p>\n<p style=\"text-align: justify\">\n\t[A]\n<\/p>\n<p style=\"text-align: justify\">\n\t&nbsp;\n<\/p>\n<p style=\"text-align: justify\">\n\t&Eacute; isso a&iacute;, pessoal. Boa sorte a todos.\n<\/p>\n<p style=\"text-align: justify\">\n\t&nbsp;\n<\/p>\n<p style=\"text-align: justify\">\n\t&nbsp;\n<\/p>\n<p style=\"text-align: justify\">\n\t&nbsp;\n<\/p>\n<p style=\"text-align: justify\">\n\t&nbsp;\n<\/p>\n<p style=\"text-align: justify\">\n\t&nbsp;\n<\/p>\n<p style=\"text-align: justify\">\n\t&nbsp;\n<\/p>\n<p style=\"text-align: justify\">\n\t&nbsp;\n<\/p>\n<p style=\"text-align: justify\">\n\t&nbsp;\n<\/p>\n<p style=\"text-align: justify\">\n\t&nbsp;<\/p>\n","protected":false},"excerpt":{"rendered":"<p>Ol&aacute; Pessoal,&nbsp;vamos fazer a resolu&ccedil;&atilde;o&nbsp;prova soldado PMGO, a disciplina realidades de Goi&aacute;s. Nossos alunos n&atilde;o tiveram problemas com a avalia&ccedil;&atilde;o, pois todo o conte&uacute;do foi exposto ao longo do material e as nossas dicas foram certeiras. A prova soldado PMGO teve como banca a FUNRIO, a mesma que realizou o certame para o corpo de [&hellip;]<\/p>\n","protected":false},"author":322,"featured_media":0,"comment_status":"open","ping_status":"open","sticky":false,"template":"","format":"standard","meta":{"post_tipo":"article","footnotes":""},"categories":[1],"tags":[],"tax_estado":[],"class_list":["post-61803","post","type-post","status-publish","format-standard","hentry","category-cursos-e-concursos"],"acf":[],"yoast_head":"<!-- This site is optimized with the Yoast SEO Premium plugin v27.2 (Yoast SEO v27.2) - https:\/\/yoast.com\/product\/yoast-seo-premium-wordpress\/ -->\n<title>Resolu\u00e7\u00e3o prova soldado PMGO realidades de Goi\u00e1s .<\/title>\n<meta name=\"description\" content=\"Ol\u00e1 Pessoal, vamos fazer a resolu\u00e7\u00e3o prova soldado PMGO, a disciplina realidades de Goi\u00e1s. Nossos alunos foram bem na avalia\u00e7\u00e3o pois ...\" \/>\n<meta name=\"robots\" content=\"index, follow, max-snippet:-1, max-image-preview:large, max-video-preview:-1\" \/>\n<link rel=\"canonical\" href=\"https:\/\/www.estrategiaconcursos.com.br\/blog\/resolucao-prova-soldado-pmgo-realidades-de-goias\/\" \/>\n<meta property=\"og:locale\" content=\"pt_BR\" \/>\n<meta property=\"og:type\" content=\"article\" \/>\n<meta property=\"og:title\" content=\"Resolu\u00e7\u00e3o prova soldado PMGO realidades de Goi\u00e1s .\" \/>\n<meta property=\"og:description\" content=\"Ol\u00e1 Pessoal, vamos fazer a resolu\u00e7\u00e3o prova soldado PMGO, a disciplina realidades de Goi\u00e1s. Nossos alunos foram bem na avalia\u00e7\u00e3o pois ...\" \/>\n<meta property=\"og:url\" content=\"https:\/\/www.estrategiaconcursos.com.br\/blog\/resolucao-prova-soldado-pmgo-realidades-de-goias\/\" \/>\n<meta property=\"og:site_name\" content=\"Estrat\u00e9gia Concursos\" \/>\n<meta property=\"article:published_time\" content=\"2017-01-18T16:15:08+00:00\" \/>\n<meta property=\"article:modified_time\" content=\"2017-01-18T16:15:41+00:00\" \/>\n<meta name=\"author\" content=\"Sergio Henrique\" \/>\n<meta name=\"twitter:card\" content=\"summary_large_image\" \/>\n<meta name=\"twitter:creator\" content=\"@EstratConcursos\" \/>\n<meta name=\"twitter:site\" content=\"@EstratConcursos\" \/>\n<meta name=\"twitter:label1\" content=\"Escrito por\" \/>\n\t<meta name=\"twitter:data1\" content=\"Sergio Henrique\" \/>\n\t<meta name=\"twitter:label2\" content=\"Est. tempo de leitura\" \/>\n\t<meta name=\"twitter:data2\" content=\"10 minutos\" \/>\n<script type=\"application\/ld+json\" class=\"yoast-schema-graph\">{\"@context\":\"https:\/\/schema.org\",\"@graph\":[{\"@type\":\"NewsArticle\",\"@id\":\"https:\/\/www.estrategiaconcursos.com.br\/blog\/resolucao-prova-soldado-pmgo-realidades-de-goias\/#article\",\"isPartOf\":{\"@id\":\"https:\/\/www.estrategiaconcursos.com.br\/blog\/resolucao-prova-soldado-pmgo-realidades-de-goias\/\"},\"author\":{\"name\":\"Sergio Henrique\",\"@id\":\"https:\/\/www.estrategiaconcursos.com.br\/blog\/#\/schema\/person\/d18952c4e9d57a78a6caea1fc8412aca\"},\"headline\":\"Resolu\u00e7\u00e3o prova soldado PMGO realidades de Goi\u00e1s .\",\"datePublished\":\"2017-01-18T16:15:08+00:00\",\"dateModified\":\"2017-01-18T16:15:41+00:00\",\"mainEntityOfPage\":{\"@id\":\"https:\/\/www.estrategiaconcursos.com.br\/blog\/resolucao-prova-soldado-pmgo-realidades-de-goias\/\"},\"wordCount\":2060,\"commentCount\":0,\"publisher\":{\"@id\":\"https:\/\/www.estrategiaconcursos.com.br\/blog\/#organization\"},\"articleSection\":[\"Concursos P\u00fablicos\"],\"inLanguage\":\"pt-BR\",\"potentialAction\":[{\"@type\":\"CommentAction\",\"name\":\"Comment\",\"target\":[\"https:\/\/www.estrategiaconcursos.com.br\/blog\/resolucao-prova-soldado-pmgo-realidades-de-goias\/#respond\"]}],\"copyrightYear\":\"2017\",\"copyrightHolder\":{\"@id\":\"https:\/\/www.estrategiaconcursos.com.br\/blog\/#organization\"}},{\"@type\":\"WebPage\",\"@id\":\"https:\/\/www.estrategiaconcursos.com.br\/blog\/resolucao-prova-soldado-pmgo-realidades-de-goias\/\",\"url\":\"https:\/\/www.estrategiaconcursos.com.br\/blog\/resolucao-prova-soldado-pmgo-realidades-de-goias\/\",\"name\":\"Resolu\u00e7\u00e3o prova soldado PMGO realidades de Goi\u00e1s .\",\"isPartOf\":{\"@id\":\"https:\/\/www.estrategiaconcursos.com.br\/blog\/#website\"},\"datePublished\":\"2017-01-18T16:15:08+00:00\",\"dateModified\":\"2017-01-18T16:15:41+00:00\",\"description\":\"Ol\u00e1 Pessoal, vamos fazer a resolu\u00e7\u00e3o prova soldado PMGO, a disciplina realidades de Goi\u00e1s. Nossos alunos foram bem na avalia\u00e7\u00e3o pois ...\",\"breadcrumb\":{\"@id\":\"https:\/\/www.estrategiaconcursos.com.br\/blog\/resolucao-prova-soldado-pmgo-realidades-de-goias\/#breadcrumb\"},\"inLanguage\":\"pt-BR\",\"potentialAction\":[{\"@type\":\"ReadAction\",\"target\":[\"https:\/\/www.estrategiaconcursos.com.br\/blog\/resolucao-prova-soldado-pmgo-realidades-de-goias\/\"]}]},{\"@type\":\"BreadcrumbList\",\"@id\":\"https:\/\/www.estrategiaconcursos.com.br\/blog\/resolucao-prova-soldado-pmgo-realidades-de-goias\/#breadcrumb\",\"itemListElement\":[{\"@type\":\"ListItem\",\"position\":1,\"name\":\"In\u00edcio\",\"item\":\"https:\/\/www.estrategiaconcursos.com.br\/blog\/\"},{\"@type\":\"ListItem\",\"position\":2,\"name\":\"Resolu\u00e7\u00e3o prova soldado PMGO realidades de Goi\u00e1s .\"}]},{\"@type\":\"WebSite\",\"@id\":\"https:\/\/www.estrategiaconcursos.com.br\/blog\/#website\",\"url\":\"https:\/\/www.estrategiaconcursos.com.br\/blog\/\",\"name\":\"Estrat\u00e9gia Concursos\",\"description\":\"O blog da Estrat\u00e9gia Concursos traz not\u00edcias sobre concursos e artigos de professores oferecendo cursos para concursos (pdf + videaulas) no site.\",\"publisher\":{\"@id\":\"https:\/\/www.estrategiaconcursos.com.br\/blog\/#organization\"},\"potentialAction\":[{\"@type\":\"SearchAction\",\"target\":{\"@type\":\"EntryPoint\",\"urlTemplate\":\"https:\/\/www.estrategiaconcursos.com.br\/blog\/?s={search_term_string}\"},\"query-input\":{\"@type\":\"PropertyValueSpecification\",\"valueRequired\":true,\"valueName\":\"search_term_string\"}}],\"inLanguage\":\"pt-BR\"},{\"@type\":\"Organization\",\"@id\":\"https:\/\/www.estrategiaconcursos.com.br\/blog\/#organization\",\"name\":\"Estrat\u00e9gia Concursos\",\"url\":\"https:\/\/www.estrategiaconcursos.com.br\/blog\/\",\"logo\":{\"@type\":\"ImageObject\",\"inLanguage\":\"pt-BR\",\"@id\":\"https:\/\/www.estrategiaconcursos.com.br\/blog\/#\/schema\/logo\/image\/\",\"url\":\"https:\/\/dhg1h5j42swfq.cloudfront.net\/2025\/06\/03203428\/logo_concursos-1.jpg\",\"contentUrl\":\"https:\/\/dhg1h5j42swfq.cloudfront.net\/2025\/06\/03203428\/logo_concursos-1.jpg\",\"width\":230,\"height\":60,\"caption\":\"Estrat\u00e9gia Concursos\"},\"image\":{\"@id\":\"https:\/\/www.estrategiaconcursos.com.br\/blog\/#\/schema\/logo\/image\/\"},\"sameAs\":[\"https:\/\/x.com\/EstratConcursos\"]},{\"@type\":\"Person\",\"@id\":\"https:\/\/www.estrategiaconcursos.com.br\/blog\/#\/schema\/person\/d18952c4e9d57a78a6caea1fc8412aca\",\"name\":\"Sergio Henrique\",\"image\":{\"@type\":\"ImageObject\",\"inLanguage\":\"pt-BR\",\"@id\":\"https:\/\/secure.gravatar.com\/avatar\/8a654c3858278ad4f39af7a25daa62ab86082ab9406fabd7edee0d6cdfb86662?s=96&d=mm&r=g\",\"url\":\"https:\/\/secure.gravatar.com\/avatar\/8a654c3858278ad4f39af7a25daa62ab86082ab9406fabd7edee0d6cdfb86662?s=96&d=mm&r=g\",\"contentUrl\":\"https:\/\/secure.gravatar.com\/avatar\/8a654c3858278ad4f39af7a25daa62ab86082ab9406fabd7edee0d6cdfb86662?s=96&d=mm&r=g\",\"caption\":\"Sergio Henrique\"},\"url\":\"https:\/\/www.estrategiaconcursos.com.br\/blog\/author\/sergio-henrique\/\"}]}<\/script>\n<!-- \/ Yoast SEO Premium plugin. -->","yoast_head_json":{"title":"Resolu\u00e7\u00e3o prova soldado PMGO realidades de Goi\u00e1s .","description":"Ol\u00e1 Pessoal, vamos fazer a resolu\u00e7\u00e3o prova soldado PMGO, a disciplina realidades de Goi\u00e1s. Nossos alunos foram bem na avalia\u00e7\u00e3o pois ...","robots":{"index":"index","follow":"follow","max-snippet":"max-snippet:-1","max-image-preview":"max-image-preview:large","max-video-preview":"max-video-preview:-1"},"canonical":"https:\/\/www.estrategiaconcursos.com.br\/blog\/resolucao-prova-soldado-pmgo-realidades-de-goias\/","og_locale":"pt_BR","og_type":"article","og_title":"Resolu\u00e7\u00e3o prova soldado PMGO realidades de Goi\u00e1s .","og_description":"Ol\u00e1 Pessoal, vamos fazer a resolu\u00e7\u00e3o prova soldado PMGO, a disciplina realidades de Goi\u00e1s. Nossos alunos foram bem na avalia\u00e7\u00e3o pois ...","og_url":"https:\/\/www.estrategiaconcursos.com.br\/blog\/resolucao-prova-soldado-pmgo-realidades-de-goias\/","og_site_name":"Estrat\u00e9gia Concursos","article_published_time":"2017-01-18T16:15:08+00:00","article_modified_time":"2017-01-18T16:15:41+00:00","author":"Sergio Henrique","twitter_card":"summary_large_image","twitter_creator":"@EstratConcursos","twitter_site":"@EstratConcursos","twitter_misc":{"Escrito por":"Sergio Henrique","Est. tempo de leitura":"10 minutos"},"schema":{"@context":"https:\/\/schema.org","@graph":[{"@type":"NewsArticle","@id":"https:\/\/www.estrategiaconcursos.com.br\/blog\/resolucao-prova-soldado-pmgo-realidades-de-goias\/#article","isPartOf":{"@id":"https:\/\/www.estrategiaconcursos.com.br\/blog\/resolucao-prova-soldado-pmgo-realidades-de-goias\/"},"author":{"name":"Sergio Henrique","@id":"https:\/\/www.estrategiaconcursos.com.br\/blog\/#\/schema\/person\/d18952c4e9d57a78a6caea1fc8412aca"},"headline":"Resolu\u00e7\u00e3o prova soldado PMGO realidades de Goi\u00e1s .","datePublished":"2017-01-18T16:15:08+00:00","dateModified":"2017-01-18T16:15:41+00:00","mainEntityOfPage":{"@id":"https:\/\/www.estrategiaconcursos.com.br\/blog\/resolucao-prova-soldado-pmgo-realidades-de-goias\/"},"wordCount":2060,"commentCount":0,"publisher":{"@id":"https:\/\/www.estrategiaconcursos.com.br\/blog\/#organization"},"articleSection":["Concursos P\u00fablicos"],"inLanguage":"pt-BR","potentialAction":[{"@type":"CommentAction","name":"Comment","target":["https:\/\/www.estrategiaconcursos.com.br\/blog\/resolucao-prova-soldado-pmgo-realidades-de-goias\/#respond"]}],"copyrightYear":"2017","copyrightHolder":{"@id":"https:\/\/www.estrategiaconcursos.com.br\/blog\/#organization"}},{"@type":"WebPage","@id":"https:\/\/www.estrategiaconcursos.com.br\/blog\/resolucao-prova-soldado-pmgo-realidades-de-goias\/","url":"https:\/\/www.estrategiaconcursos.com.br\/blog\/resolucao-prova-soldado-pmgo-realidades-de-goias\/","name":"Resolu\u00e7\u00e3o prova soldado PMGO realidades de Goi\u00e1s .","isPartOf":{"@id":"https:\/\/www.estrategiaconcursos.com.br\/blog\/#website"},"datePublished":"2017-01-18T16:15:08+00:00","dateModified":"2017-01-18T16:15:41+00:00","description":"Ol\u00e1 Pessoal, vamos fazer a resolu\u00e7\u00e3o prova soldado PMGO, a disciplina realidades de Goi\u00e1s. Nossos alunos foram bem na avalia\u00e7\u00e3o pois ...","breadcrumb":{"@id":"https:\/\/www.estrategiaconcursos.com.br\/blog\/resolucao-prova-soldado-pmgo-realidades-de-goias\/#breadcrumb"},"inLanguage":"pt-BR","potentialAction":[{"@type":"ReadAction","target":["https:\/\/www.estrategiaconcursos.com.br\/blog\/resolucao-prova-soldado-pmgo-realidades-de-goias\/"]}]},{"@type":"BreadcrumbList","@id":"https:\/\/www.estrategiaconcursos.com.br\/blog\/resolucao-prova-soldado-pmgo-realidades-de-goias\/#breadcrumb","itemListElement":[{"@type":"ListItem","position":1,"name":"In\u00edcio","item":"https:\/\/www.estrategiaconcursos.com.br\/blog\/"},{"@type":"ListItem","position":2,"name":"Resolu\u00e7\u00e3o prova soldado PMGO realidades de Goi\u00e1s ."}]},{"@type":"WebSite","@id":"https:\/\/www.estrategiaconcursos.com.br\/blog\/#website","url":"https:\/\/www.estrategiaconcursos.com.br\/blog\/","name":"Estrat\u00e9gia Concursos","description":"O blog da Estrat\u00e9gia Concursos traz not\u00edcias sobre concursos e artigos de professores oferecendo cursos para concursos (pdf + videaulas) no site.","publisher":{"@id":"https:\/\/www.estrategiaconcursos.com.br\/blog\/#organization"},"potentialAction":[{"@type":"SearchAction","target":{"@type":"EntryPoint","urlTemplate":"https:\/\/www.estrategiaconcursos.com.br\/blog\/?s={search_term_string}"},"query-input":{"@type":"PropertyValueSpecification","valueRequired":true,"valueName":"search_term_string"}}],"inLanguage":"pt-BR"},{"@type":"Organization","@id":"https:\/\/www.estrategiaconcursos.com.br\/blog\/#organization","name":"Estrat\u00e9gia Concursos","url":"https:\/\/www.estrategiaconcursos.com.br\/blog\/","logo":{"@type":"ImageObject","inLanguage":"pt-BR","@id":"https:\/\/www.estrategiaconcursos.com.br\/blog\/#\/schema\/logo\/image\/","url":"https:\/\/dhg1h5j42swfq.cloudfront.net\/2025\/06\/03203428\/logo_concursos-1.jpg","contentUrl":"https:\/\/dhg1h5j42swfq.cloudfront.net\/2025\/06\/03203428\/logo_concursos-1.jpg","width":230,"height":60,"caption":"Estrat\u00e9gia Concursos"},"image":{"@id":"https:\/\/www.estrategiaconcursos.com.br\/blog\/#\/schema\/logo\/image\/"},"sameAs":["https:\/\/x.com\/EstratConcursos"]},{"@type":"Person","@id":"https:\/\/www.estrategiaconcursos.com.br\/blog\/#\/schema\/person\/d18952c4e9d57a78a6caea1fc8412aca","name":"Sergio Henrique","image":{"@type":"ImageObject","inLanguage":"pt-BR","@id":"https:\/\/secure.gravatar.com\/avatar\/8a654c3858278ad4f39af7a25daa62ab86082ab9406fabd7edee0d6cdfb86662?s=96&d=mm&r=g","url":"https:\/\/secure.gravatar.com\/avatar\/8a654c3858278ad4f39af7a25daa62ab86082ab9406fabd7edee0d6cdfb86662?s=96&d=mm&r=g","contentUrl":"https:\/\/secure.gravatar.com\/avatar\/8a654c3858278ad4f39af7a25daa62ab86082ab9406fabd7edee0d6cdfb86662?s=96&d=mm&r=g","caption":"Sergio Henrique"},"url":"https:\/\/www.estrategiaconcursos.com.br\/blog\/author\/sergio-henrique\/"}]}},"_links":{"self":[{"href":"https:\/\/www.estrategiaconcursos.com.br\/blog\/wp-json\/wp\/v2\/posts\/61803","targetHints":{"allow":["GET"]}}],"collection":[{"href":"https:\/\/www.estrategiaconcursos.com.br\/blog\/wp-json\/wp\/v2\/posts"}],"about":[{"href":"https:\/\/www.estrategiaconcursos.com.br\/blog\/wp-json\/wp\/v2\/types\/post"}],"author":[{"embeddable":true,"href":"https:\/\/www.estrategiaconcursos.com.br\/blog\/wp-json\/wp\/v2\/users\/322"}],"replies":[{"embeddable":true,"href":"https:\/\/www.estrategiaconcursos.com.br\/blog\/wp-json\/wp\/v2\/comments?post=61803"}],"version-history":[{"count":9,"href":"https:\/\/www.estrategiaconcursos.com.br\/blog\/wp-json\/wp\/v2\/posts\/61803\/revisions"}],"predecessor-version":[{"id":152176,"href":"https:\/\/www.estrategiaconcursos.com.br\/blog\/wp-json\/wp\/v2\/posts\/61803\/revisions\/152176"}],"wp:attachment":[{"href":"https:\/\/www.estrategiaconcursos.com.br\/blog\/wp-json\/wp\/v2\/media?parent=61803"}],"wp:term":[{"taxonomy":"category","embeddable":true,"href":"https:\/\/www.estrategiaconcursos.com.br\/blog\/wp-json\/wp\/v2\/categories?post=61803"},{"taxonomy":"post_tag","embeddable":true,"href":"https:\/\/www.estrategiaconcursos.com.br\/blog\/wp-json\/wp\/v2\/tags?post=61803"},{"taxonomy":"tax_estado","embeddable":true,"href":"https:\/\/www.estrategiaconcursos.com.br\/blog\/wp-json\/wp\/v2\/tax_estado?post=61803"}],"curies":[{"name":"wp","href":"https:\/\/api.w.org\/{rel}","templated":true}]}}