{"id":617440,"date":"2020-11-26T10:39:40","date_gmt":"2020-11-26T13:39:40","guid":{"rendered":"https:\/\/www.estrategiaconcursos.com.br\/blog\/?p=617440"},"modified":"2023-06-28T14:33:54","modified_gmt":"2023-06-28T17:33:54","slug":"ministerio-economia-formada-comissao-100-vagas","status":"publish","type":"post","link":"https:\/\/www.estrategiaconcursos.com.br\/blog\/ministerio-economia-formada-comissao-100-vagas\/","title":{"rendered":"Minist\u00e9rio da Economia: formada COMISS\u00c3O para 100 vagas!"},"content":{"rendered":"\n<p>E vem a\u00ed mais um <strong>Processo Seletivo Simplificado para o Minist\u00e9rio da Economia<\/strong>! Isso porque foi institu\u00edda a <a href=\"https:\/\/dhg1h5j42swfq.cloudfront.net\/2020\/11\/26100433\/PORTARIA-DE-PESSOAL-SE-_-ME-No-3.760-DE-24-DE-NOVEMBRO-DE-2020-PORTARIA-DE-PESSOAL-SE-_-ME-No-3.760-DE-24-DE-NOVEMBRO-DE-2020-DOU-Imprensa-Nacional.pdf\" target=\"_blank\" rel=\"noreferrer noopener\"><span class=\"has-inline-color has-black-color\">Comiss\u00e3o Especial<\/span><\/a> respons\u00e1vel pela sele\u00e7\u00e3o que ofertar\u00e1 100 vagas para profissionais de n\u00edvel superior.<\/p>\n\n\n\n<p>Conforme o documento publicado no Di\u00e1rio Oficial da Uni\u00e3o desta quinta-feira, 26 de novembro, o grupo \u00e9 formado pelos seguintes membros:<\/p>\n\n\n\n<ul class=\"wp-block-list\">\n<li><strong>I &#8211; Representante da Secretaria Especial de Produtividade, Emprego e Competitividade do Minist\u00e9rio da Economia:<\/strong>\n<ul class=\"wp-block-list\">\n<li>a) Denise Gomes dos Santos Barbosa Medeiros &#8211; Assistente da Subsecretaria de Supervis\u00e3o e Estrat\u00e9gia (SUPE) &#8211; matr\u00edcula 1221224 &#8211; titular; e<\/li>\n\n\n\n<li>b) Henrique Eduardo Medeiros Aquino &#8211; Assessor da Secretaria de Pol\u00edticas P\u00fablicas de Emprego (SPPE) &#8211; matr\u00edcula 1741884 &#8211; suplente;<\/li>\n<\/ul>\n<\/li>\n\n\n\n<li><strong>II &#8211; Representante da Coordena\u00e7\u00e3o-Geral de Desenvolvimento e Movimenta\u00e7\u00e3o de Pessoal da Diretoria de Gest\u00e3o de Pessoas da Secretaria de Gest\u00e3o Corporativa da Secretaria Executiva do Minist\u00e9rio da Economia (CGDEP\/DGP\/SGC):<\/strong>\n<ul class=\"wp-block-list\">\n<li>a) Rodrigo de Oliveira Alves &#8211; Coordenador-Geral de Desenvolvimento e Movimenta\u00e7\u00e3o de Pessoal &#8211; matr\u00edcula 1808731 &#8211; titular; e<\/li>\n\n\n\n<li>b) Daniel Pires de Castro &#8211; Coordenador de Provimento e Dimensionamento de Pessoas &#8211; matr\u00edcula 1750497 &#8211; suplente; e<\/li>\n<\/ul>\n<\/li>\n\n\n\n<li><strong>III &#8211; Representante da Coordena\u00e7\u00e3o-Geral de Legisla\u00e7\u00e3o de Pessoal da Diretoria de Gest\u00e3o de Pessoas da Secretaria de Gest\u00e3o Corporativa da Secretaria Executiva do Minist\u00e9rio da Economia (CGLEJ\/DGP\/SGC):<\/strong>\n<ul class=\"wp-block-list\">\n<li>a) Iris Francisca Alves de Sousa &#8211; Chefe da Divis\u00e3o de Normas, Direitos e Deveres de Pessoal &#8211; matr\u00edcula 1161699 &#8211; titular; e<\/li>\n\n\n\n<li>b) D\u00e9bora Ribeiro Martins &#8211; Agente Administrativo &#8211; matr\u00edcula 1182305 &#8211; suplente.<\/li>\n<\/ul>\n<\/li>\n<\/ul>\n\n\n\n<p>A Comiss\u00e3o Especial ser\u00e1 respons\u00e1vel pela pr\u00e1tica de todos os atos necess\u00e1rios pertinentes ao processo seletivo do Minist\u00e9rio da Economia. O grupo ter\u00e1 o prazo de at\u00e9 90 dias, prorrog\u00e1vel por igual per\u00edodo, para realizar suas atividades.<\/p>\n\n\n\n<p class=\"has-text-align-center has-background has-medium-font-size\" style=\"background-color:#e2e4e6\"><a href=\"https:\/\/dhg1h5j42swfq.cloudfront.net\/2020\/11\/26100433\/PORTARIA-DE-PESSOAL-SE-_-ME-No-3.760-DE-24-DE-NOVEMBRO-DE-2020-PORTARIA-DE-PESSOAL-SE-_-ME-No-3.760-DE-24-DE-NOVEMBRO-DE-2020-DOU-Imprensa-Nacional.pdf\" target=\"_blank\" rel=\"noreferrer noopener\"><strong>Portaria de Pessoal SE \/ ME n\u00ba 3.760<\/strong><\/a><\/p>\n\n\n\n<h2 class=\"wp-block-heading\" id=\"h-pss-ministerio-da-economia\">PSS Minist\u00e9rio da Economia<\/h2>\n\n\n\n<p>Com dois processos seletivos j\u00e1 realizados este ano, o Minist\u00e9rio da Economia realizar\u00e1 uma terceira sele\u00e7\u00e3o tempor\u00e1ria. Desta vez, ser\u00e3o ofertadas <strong>100 vagas para profissionais de n\u00edvel superior<\/strong>, cujo prazo de contrato ser\u00e1 de quatro anos.<\/p>\n\n\n\n<p>Os servidores ir\u00e3o desenvolver atividades relacionadas \u00e0 presta\u00e7\u00e3o de Contas e \u00e0 tomada de contas especial no \u00e2mbito da Secretaria Especial de Produtividade, Emprego e Competitividade e da Secretaria de Pol\u00edticas P\u00fablicas de Emprego do \u00f3rg\u00e3o.<\/p>\n\n\n\n<figure class=\"wp-block-table is-style-stripes\"><table class=\"has-background has-fixed-layout\" style=\"background-color:#e7f5fe\"><thead><tr><th class=\"has-text-align-center\" data-align=\"center\">Atividade<\/th><th class=\"has-text-align-center\" data-align=\"center\">Fun\u00e7\u00e3o<\/th><th class=\"has-text-align-center\" data-align=\"center\">Vagas<\/th><\/tr><\/thead><tbody><tr><td class=\"has-text-align-center\" data-align=\"center\">Atividades T\u00e9cnicas de Complexidade Intelectual<\/td><td class=\"has-text-align-center\" data-align=\"center\">Coordenador de An\u00e1lise de Presta\u00e7\u00e3o de Contas Tempor\u00e1rio<\/td><td class=\"has-text-align-center\" data-align=\"center\">04<\/td><\/tr><tr><td class=\"has-text-align-center\" data-align=\"center\">Atividades T\u00e9cnicas de Suporte<\/td><td class=\"has-text-align-center\" data-align=\"center\">Analista de Presta\u00e7\u00e3o de Contas Tempor\u00e1rio<\/td><td class=\"has-text-align-center\" data-align=\"center\">48<\/td><\/tr><tr><td class=\"has-text-align-center\" data-align=\"center\">Atividade<\/td><td class=\"has-text-align-center\" data-align=\"center\">Agente de Apoio de Presta\u00e7\u00e3o de Contas Tempor\u00e1rio<\/td><td class=\"has-text-align-center\" data-align=\"center\">08<\/td><\/tr><tr><td class=\"has-text-align-center\" data-align=\"center\">Atividades T\u00e9cnicas de Suporte<\/td><td class=\"has-text-align-center\" data-align=\"center\">Analista de instaura\u00e7\u00e3o de Tomadas de Contas Especial<\/td><td class=\"has-text-align-center\" data-align=\"center\">40<\/td><\/tr><\/tbody><\/table><\/figure>\n\n\n\n<p>A remunera\u00e7\u00e3o dos profissionais ser\u00e1 determinada pelo pr\u00f3prio Minist\u00e9rio da Economia. Contudo, com base nas informa\u00e7\u00f5es dispostas na lei que regulamenta o concurso, os sal\u00e1rios podem variar entre <strong>R$ 3.800,00<\/strong> para Analista e <strong>R$ 6.130,00<\/strong> para as fun\u00e7\u00f5es de Agente e Coordenador.<\/p>\n\n\n\n<p>Al\u00e9m disso, vale lembrar que, de acordo com a portaria autorizativa, o edital de abertura do referido processo seletivo simplificado deve ser <strong>publicado at\u00e9 abril de 2021<\/strong>. Com a Comiss\u00e3o Especial j\u00e1 formada, o pr\u00f3ximo passo ser\u00e1 a contrata\u00e7\u00e3o da Banca Organizadora.<\/p>\n\n\n\n<p class=\"has-text-align-center has-background has-medium-font-size\" style=\"background-color:#e2e4e6\"><strong>Saiba mais: <a rel=\"noreferrer noopener\" href=\"https:\/\/www.estrategiaconcursos.com.br\/blog\/concurso-ministerio-da-economia\/\" target=\"_blank\">Concurso Minist\u00e9rio da Economia<\/a><\/strong><\/p>\n\n\n\n<hr class=\"wp-block-separator has-css-opacity\"\/>\n\n\n\n<div class=\"container\" id=\"boxes\">\n  <div class=\"row\">\n\n    <div class=\"col-sm\">\n      <div class=\"estrategia\" id=\"box-assinatura\">\n        <h3 class=\"titulo-assinatura\">Assinatura Ilimitada<\/h3>\n        <p class=\"subtitulo-assinatura\">Assinatura Anual Ilimitada*<\/p>\n        <div class=\"box-botao\">\n          <a class=\"btn-assinatura\" target=\"_blank\" href=\"https:\/\/www.estrategiaconcursos.com.br\/assinaturas\/\" role=\"button\" rel=\"noopener noreferrer\">ASSINE AGORA<\/a>\n        <\/div>\n      <\/div>\n      <p class=\"texto-auxiliar\">Prepare-se com o melhor material e com quem mais aprova em Concursos P\u00fablicos em todo o pa\u00eds. Assine agora a nossa Assinatura Anual e tenha acesso ilimitado* a todos os nossos cursos.<\/p>\n    <\/div>\n\n    <div class=\"col-sm\">\n      <div class=\"questoes\" id=\"box-assinatura\">\n        <h3 class=\"titulo-assinatura\">Sistema de Quest\u00f5es<\/h3>\n        <p class=\"subtitulo-assinatura\">Assinatura Ilimitada*\n<\/p>\n        <div class=\"box-botao\">\n          <a class=\"btn-assinatura\" target=\"_blank\" href=\"https:\/\/questoes.estrategiaconcursos.com.br\/\" role=\"button\" rel=\"noopener noreferrer\">ASSINE AGORA<\/a>\n        <\/div>\n      <\/div>\n      <p class=\"texto-auxiliar\">Estrat\u00e9gia Quest\u00f5es nasceu maior do que todos os concorrentes, com mais quest\u00f5es cadastradas e mais solu\u00e7\u00f5es por professores. Clique no link e aproveite os descontos e b\u00f4nus imperd\u00edveis!<\/p>\n    <\/div>\n  <\/div>\n<\/div>\n","protected":false},"excerpt":{"rendered":"<p>E vem a\u00ed mais um Processo Seletivo Simplificado para o Minist\u00e9rio da Economia! Isso porque foi institu\u00edda a Comiss\u00e3o Especial respons\u00e1vel pela sele\u00e7\u00e3o que ofertar\u00e1 100 vagas para profissionais de n\u00edvel superior. Conforme o documento publicado no Di\u00e1rio Oficial da Uni\u00e3o desta quinta-feira, 26 de novembro, o grupo \u00e9 formado pelos seguintes membros: A Comiss\u00e3o [&hellip;]<\/p>\n","protected":false},"author":401,"featured_media":583595,"comment_status":"open","ping_status":"closed","sticky":false,"template":"","format":"standard","meta":{"post_tipo":"article","footnotes":""},"categories":[1,214992],"tags":[],"tax_estado":[219963],"class_list":["post-617440","post","type-post","status-publish","format-standard","has-post-thumbnail","hentry","category-cursos-e-concursos","category-concursos-administrativos","tax_estado-concursos-federais"],"acf":[],"yoast_head":"<!-- This site is optimized with the Yoast SEO Premium plugin v27.2 (Yoast SEO v27.2) - https:\/\/yoast.com\/product\/yoast-seo-premium-wordpress\/ -->\n<title>Minist\u00e9rio da Economia: formada COMISS\u00c3O para 100 vagas!<\/title>\n<meta name=\"description\" content=\"Foi formada a Comiss\u00e3o Especial do novo processo seletivo do Minist\u00e9rio da Economia. Ser\u00e3o ofertadas 100 vagas para n\u00edvel superior.\" \/>\n<meta name=\"robots\" content=\"index, follow, max-snippet:-1, max-image-preview:large, max-video-preview:-1\" \/>\n<link rel=\"canonical\" href=\"https:\/\/www.estrategiaconcursos.com.br\/blog\/ministerio-economia-formada-comissao-100-vagas\/\" \/>\n<meta property=\"og:locale\" content=\"pt_BR\" \/>\n<meta property=\"og:type\" content=\"article\" \/>\n<meta property=\"og:title\" content=\"Minist\u00e9rio da Economia: formada COMISS\u00c3O para 100 vagas!\" \/>\n<meta property=\"og:description\" content=\"Foi formada a Comiss\u00e3o Especial do novo processo seletivo do Minist\u00e9rio da Economia. Ser\u00e3o ofertadas 100 vagas para n\u00edvel superior.\" \/>\n<meta property=\"og:url\" content=\"https:\/\/www.estrategiaconcursos.com.br\/blog\/ministerio-economia-formada-comissao-100-vagas\/\" \/>\n<meta property=\"og:site_name\" content=\"Estrat\u00e9gia Concursos\" \/>\n<meta property=\"article:published_time\" content=\"2020-11-26T13:39:40+00:00\" \/>\n<meta property=\"article:modified_time\" content=\"2023-06-28T17:33:54+00:00\" \/>\n<meta property=\"og:image\" content=\"https:\/\/dhg1h5j42swfq.cloudfront.net\/2020\/10\/06094218\/ministerio-da-economia-autorizado.jpg\" \/>\n\t<meta property=\"og:image:width\" content=\"1200\" \/>\n\t<meta property=\"og:image:height\" content=\"628\" \/>\n\t<meta property=\"og:image:type\" content=\"image\/jpeg\" \/>\n<meta name=\"author\" content=\"Rubens Mauricio Corr\u00eaa\" \/>\n<meta name=\"twitter:card\" content=\"summary_large_image\" \/>\n<meta name=\"twitter:creator\" content=\"@EstratConcursos\" \/>\n<meta name=\"twitter:site\" content=\"@EstratConcursos\" \/>\n<meta name=\"twitter:label1\" content=\"Escrito por\" \/>\n\t<meta name=\"twitter:data1\" content=\"Rubens Mauricio Corr\u00eaa\" \/>\n\t<meta name=\"twitter:label2\" content=\"Est. tempo de leitura\" \/>\n\t<meta name=\"twitter:data2\" content=\"3 minutos\" \/>\n<script type=\"application\/ld+json\" class=\"yoast-schema-graph\">{\"@context\":\"https:\/\/schema.org\",\"@graph\":[{\"@type\":\"NewsArticle\",\"@id\":\"https:\/\/www.estrategiaconcursos.com.br\/blog\/ministerio-economia-formada-comissao-100-vagas\/#article\",\"isPartOf\":{\"@id\":\"https:\/\/www.estrategiaconcursos.com.br\/blog\/ministerio-economia-formada-comissao-100-vagas\/\"},\"author\":{\"name\":\"Rubens Mauricio Corr\u00eaa\",\"@id\":\"https:\/\/www.estrategiaconcursos.com.br\/blog\/#\/schema\/person\/9fac14a8bf47492d9fd98769d1481766\"},\"headline\":\"Minist\u00e9rio da Economia: formada COMISS\u00c3O para 100 vagas!\",\"datePublished\":\"2020-11-26T13:39:40+00:00\",\"dateModified\":\"2023-06-28T17:33:54+00:00\",\"mainEntityOfPage\":{\"@id\":\"https:\/\/www.estrategiaconcursos.com.br\/blog\/ministerio-economia-formada-comissao-100-vagas\/\"},\"wordCount\":650,\"commentCount\":0,\"publisher\":{\"@id\":\"https:\/\/www.estrategiaconcursos.com.br\/blog\/#organization\"},\"image\":{\"@id\":\"https:\/\/www.estrategiaconcursos.com.br\/blog\/ministerio-economia-formada-comissao-100-vagas\/#primaryimage\"},\"thumbnailUrl\":\"https:\/\/dhg1h5j42swfq.cloudfront.net\/2020\/10\/06094218\/ministerio-da-economia-autorizado.jpg\",\"articleSection\":[\"Concursos P\u00fablicos\",\"Executivo (Administrativa)\"],\"inLanguage\":\"pt-BR\",\"potentialAction\":[{\"@type\":\"CommentAction\",\"name\":\"Comment\",\"target\":[\"https:\/\/www.estrategiaconcursos.com.br\/blog\/ministerio-economia-formada-comissao-100-vagas\/#respond\"]}],\"copyrightYear\":\"2020\",\"copyrightHolder\":{\"@id\":\"https:\/\/www.estrategiaconcursos.com.br\/blog\/#organization\"}},{\"@type\":\"WebPage\",\"@id\":\"https:\/\/www.estrategiaconcursos.com.br\/blog\/ministerio-economia-formada-comissao-100-vagas\/\",\"url\":\"https:\/\/www.estrategiaconcursos.com.br\/blog\/ministerio-economia-formada-comissao-100-vagas\/\",\"name\":\"Minist\u00e9rio da Economia: formada COMISS\u00c3O para 100 vagas!\",\"isPartOf\":{\"@id\":\"https:\/\/www.estrategiaconcursos.com.br\/blog\/#website\"},\"primaryImageOfPage\":{\"@id\":\"https:\/\/www.estrategiaconcursos.com.br\/blog\/ministerio-economia-formada-comissao-100-vagas\/#primaryimage\"},\"image\":{\"@id\":\"https:\/\/www.estrategiaconcursos.com.br\/blog\/ministerio-economia-formada-comissao-100-vagas\/#primaryimage\"},\"thumbnailUrl\":\"https:\/\/dhg1h5j42swfq.cloudfront.net\/2020\/10\/06094218\/ministerio-da-economia-autorizado.jpg\",\"datePublished\":\"2020-11-26T13:39:40+00:00\",\"dateModified\":\"2023-06-28T17:33:54+00:00\",\"description\":\"Foi formada a Comiss\u00e3o Especial do novo processo seletivo do Minist\u00e9rio da Economia. Ser\u00e3o ofertadas 100 vagas para n\u00edvel superior.\",\"breadcrumb\":{\"@id\":\"https:\/\/www.estrategiaconcursos.com.br\/blog\/ministerio-economia-formada-comissao-100-vagas\/#breadcrumb\"},\"inLanguage\":\"pt-BR\",\"potentialAction\":[{\"@type\":\"ReadAction\",\"target\":[\"https:\/\/www.estrategiaconcursos.com.br\/blog\/ministerio-economia-formada-comissao-100-vagas\/\"]}]},{\"@type\":\"ImageObject\",\"inLanguage\":\"pt-BR\",\"@id\":\"https:\/\/www.estrategiaconcursos.com.br\/blog\/ministerio-economia-formada-comissao-100-vagas\/#primaryimage\",\"url\":\"https:\/\/dhg1h5j42swfq.cloudfront.net\/2020\/10\/06094218\/ministerio-da-economia-autorizado.jpg\",\"contentUrl\":\"https:\/\/dhg1h5j42swfq.cloudfront.net\/2020\/10\/06094218\/ministerio-da-economia-autorizado.jpg\",\"width\":1200,\"height\":628,\"caption\":\"minist\u00e9rio da economia autorizado\"},{\"@type\":\"BreadcrumbList\",\"@id\":\"https:\/\/www.estrategiaconcursos.com.br\/blog\/ministerio-economia-formada-comissao-100-vagas\/#breadcrumb\",\"itemListElement\":[{\"@type\":\"ListItem\",\"position\":1,\"name\":\"In\u00edcio\",\"item\":\"https:\/\/www.estrategiaconcursos.com.br\/blog\/\"},{\"@type\":\"ListItem\",\"position\":2,\"name\":\"Minist\u00e9rio da Economia: formada COMISS\u00c3O para 100 vagas!\"}]},{\"@type\":\"WebSite\",\"@id\":\"https:\/\/www.estrategiaconcursos.com.br\/blog\/#website\",\"url\":\"https:\/\/www.estrategiaconcursos.com.br\/blog\/\",\"name\":\"Estrat\u00e9gia Concursos\",\"description\":\"O blog da Estrat\u00e9gia Concursos traz not\u00edcias sobre concursos e artigos de professores oferecendo cursos para concursos (pdf + videaulas) no site.\",\"publisher\":{\"@id\":\"https:\/\/www.estrategiaconcursos.com.br\/blog\/#organization\"},\"potentialAction\":[{\"@type\":\"SearchAction\",\"target\":{\"@type\":\"EntryPoint\",\"urlTemplate\":\"https:\/\/www.estrategiaconcursos.com.br\/blog\/?s={search_term_string}\"},\"query-input\":{\"@type\":\"PropertyValueSpecification\",\"valueRequired\":true,\"valueName\":\"search_term_string\"}}],\"inLanguage\":\"pt-BR\"},{\"@type\":\"Organization\",\"@id\":\"https:\/\/www.estrategiaconcursos.com.br\/blog\/#organization\",\"name\":\"Estrat\u00e9gia Concursos\",\"url\":\"https:\/\/www.estrategiaconcursos.com.br\/blog\/\",\"logo\":{\"@type\":\"ImageObject\",\"inLanguage\":\"pt-BR\",\"@id\":\"https:\/\/www.estrategiaconcursos.com.br\/blog\/#\/schema\/logo\/image\/\",\"url\":\"https:\/\/dhg1h5j42swfq.cloudfront.net\/2025\/06\/03203428\/logo_concursos-1.jpg\",\"contentUrl\":\"https:\/\/dhg1h5j42swfq.cloudfront.net\/2025\/06\/03203428\/logo_concursos-1.jpg\",\"width\":230,\"height\":60,\"caption\":\"Estrat\u00e9gia Concursos\"},\"image\":{\"@id\":\"https:\/\/www.estrategiaconcursos.com.br\/blog\/#\/schema\/logo\/image\/\"},\"sameAs\":[\"https:\/\/x.com\/EstratConcursos\"]},{\"@type\":\"Person\",\"@id\":\"https:\/\/www.estrategiaconcursos.com.br\/blog\/#\/schema\/person\/9fac14a8bf47492d9fd98769d1481766\",\"name\":\"Rubens Mauricio Corr\u00eaa\",\"image\":{\"@type\":\"ImageObject\",\"inLanguage\":\"pt-BR\",\"@id\":\"https:\/\/secure.gravatar.com\/avatar\/83a4c19cfd065707044bf9b66e1b81736430186d86e560356b352823fac7df9c?s=96&d=mm&r=g\",\"url\":\"https:\/\/secure.gravatar.com\/avatar\/83a4c19cfd065707044bf9b66e1b81736430186d86e560356b352823fac7df9c?s=96&d=mm&r=g\",\"contentUrl\":\"https:\/\/secure.gravatar.com\/avatar\/83a4c19cfd065707044bf9b66e1b81736430186d86e560356b352823fac7df9c?s=96&d=mm&r=g\",\"caption\":\"Rubens Mauricio Corr\u00eaa\"},\"url\":\"https:\/\/www.estrategiaconcursos.com.br\/blog\/author\/rubensmauricioestrategiaconcursos-com-br\/\"}]}<\/script>\n<!-- \/ Yoast SEO Premium plugin. -->","yoast_head_json":{"title":"Minist\u00e9rio da Economia: formada COMISS\u00c3O para 100 vagas!","description":"Foi formada a Comiss\u00e3o Especial do novo processo seletivo do Minist\u00e9rio da Economia. Ser\u00e3o ofertadas 100 vagas para n\u00edvel superior.","robots":{"index":"index","follow":"follow","max-snippet":"max-snippet:-1","max-image-preview":"max-image-preview:large","max-video-preview":"max-video-preview:-1"},"canonical":"https:\/\/www.estrategiaconcursos.com.br\/blog\/ministerio-economia-formada-comissao-100-vagas\/","og_locale":"pt_BR","og_type":"article","og_title":"Minist\u00e9rio da Economia: formada COMISS\u00c3O para 100 vagas!","og_description":"Foi formada a Comiss\u00e3o Especial do novo processo seletivo do Minist\u00e9rio da Economia. Ser\u00e3o ofertadas 100 vagas para n\u00edvel superior.","og_url":"https:\/\/www.estrategiaconcursos.com.br\/blog\/ministerio-economia-formada-comissao-100-vagas\/","og_site_name":"Estrat\u00e9gia Concursos","article_published_time":"2020-11-26T13:39:40+00:00","article_modified_time":"2023-06-28T17:33:54+00:00","og_image":[{"width":1200,"height":628,"url":"https:\/\/dhg1h5j42swfq.cloudfront.net\/2020\/10\/06094218\/ministerio-da-economia-autorizado.jpg","type":"image\/jpeg"}],"author":"Rubens Mauricio Corr\u00eaa","twitter_card":"summary_large_image","twitter_creator":"@EstratConcursos","twitter_site":"@EstratConcursos","twitter_misc":{"Escrito por":"Rubens Mauricio Corr\u00eaa","Est. tempo de leitura":"3 minutos"},"schema":{"@context":"https:\/\/schema.org","@graph":[{"@type":"NewsArticle","@id":"https:\/\/www.estrategiaconcursos.com.br\/blog\/ministerio-economia-formada-comissao-100-vagas\/#article","isPartOf":{"@id":"https:\/\/www.estrategiaconcursos.com.br\/blog\/ministerio-economia-formada-comissao-100-vagas\/"},"author":{"name":"Rubens Mauricio Corr\u00eaa","@id":"https:\/\/www.estrategiaconcursos.com.br\/blog\/#\/schema\/person\/9fac14a8bf47492d9fd98769d1481766"},"headline":"Minist\u00e9rio da Economia: formada COMISS\u00c3O para 100 vagas!","datePublished":"2020-11-26T13:39:40+00:00","dateModified":"2023-06-28T17:33:54+00:00","mainEntityOfPage":{"@id":"https:\/\/www.estrategiaconcursos.com.br\/blog\/ministerio-economia-formada-comissao-100-vagas\/"},"wordCount":650,"commentCount":0,"publisher":{"@id":"https:\/\/www.estrategiaconcursos.com.br\/blog\/#organization"},"image":{"@id":"https:\/\/www.estrategiaconcursos.com.br\/blog\/ministerio-economia-formada-comissao-100-vagas\/#primaryimage"},"thumbnailUrl":"https:\/\/dhg1h5j42swfq.cloudfront.net\/2020\/10\/06094218\/ministerio-da-economia-autorizado.jpg","articleSection":["Concursos P\u00fablicos","Executivo (Administrativa)"],"inLanguage":"pt-BR","potentialAction":[{"@type":"CommentAction","name":"Comment","target":["https:\/\/www.estrategiaconcursos.com.br\/blog\/ministerio-economia-formada-comissao-100-vagas\/#respond"]}],"copyrightYear":"2020","copyrightHolder":{"@id":"https:\/\/www.estrategiaconcursos.com.br\/blog\/#organization"}},{"@type":"WebPage","@id":"https:\/\/www.estrategiaconcursos.com.br\/blog\/ministerio-economia-formada-comissao-100-vagas\/","url":"https:\/\/www.estrategiaconcursos.com.br\/blog\/ministerio-economia-formada-comissao-100-vagas\/","name":"Minist\u00e9rio da Economia: formada COMISS\u00c3O para 100 vagas!","isPartOf":{"@id":"https:\/\/www.estrategiaconcursos.com.br\/blog\/#website"},"primaryImageOfPage":{"@id":"https:\/\/www.estrategiaconcursos.com.br\/blog\/ministerio-economia-formada-comissao-100-vagas\/#primaryimage"},"image":{"@id":"https:\/\/www.estrategiaconcursos.com.br\/blog\/ministerio-economia-formada-comissao-100-vagas\/#primaryimage"},"thumbnailUrl":"https:\/\/dhg1h5j42swfq.cloudfront.net\/2020\/10\/06094218\/ministerio-da-economia-autorizado.jpg","datePublished":"2020-11-26T13:39:40+00:00","dateModified":"2023-06-28T17:33:54+00:00","description":"Foi formada a Comiss\u00e3o Especial do novo processo seletivo do Minist\u00e9rio da Economia. Ser\u00e3o ofertadas 100 vagas para n\u00edvel superior.","breadcrumb":{"@id":"https:\/\/www.estrategiaconcursos.com.br\/blog\/ministerio-economia-formada-comissao-100-vagas\/#breadcrumb"},"inLanguage":"pt-BR","potentialAction":[{"@type":"ReadAction","target":["https:\/\/www.estrategiaconcursos.com.br\/blog\/ministerio-economia-formada-comissao-100-vagas\/"]}]},{"@type":"ImageObject","inLanguage":"pt-BR","@id":"https:\/\/www.estrategiaconcursos.com.br\/blog\/ministerio-economia-formada-comissao-100-vagas\/#primaryimage","url":"https:\/\/dhg1h5j42swfq.cloudfront.net\/2020\/10\/06094218\/ministerio-da-economia-autorizado.jpg","contentUrl":"https:\/\/dhg1h5j42swfq.cloudfront.net\/2020\/10\/06094218\/ministerio-da-economia-autorizado.jpg","width":1200,"height":628,"caption":"minist\u00e9rio da economia autorizado"},{"@type":"BreadcrumbList","@id":"https:\/\/www.estrategiaconcursos.com.br\/blog\/ministerio-economia-formada-comissao-100-vagas\/#breadcrumb","itemListElement":[{"@type":"ListItem","position":1,"name":"In\u00edcio","item":"https:\/\/www.estrategiaconcursos.com.br\/blog\/"},{"@type":"ListItem","position":2,"name":"Minist\u00e9rio da Economia: formada COMISS\u00c3O para 100 vagas!"}]},{"@type":"WebSite","@id":"https:\/\/www.estrategiaconcursos.com.br\/blog\/#website","url":"https:\/\/www.estrategiaconcursos.com.br\/blog\/","name":"Estrat\u00e9gia Concursos","description":"O blog da Estrat\u00e9gia Concursos traz not\u00edcias sobre concursos e artigos de professores oferecendo cursos para concursos (pdf + videaulas) no site.","publisher":{"@id":"https:\/\/www.estrategiaconcursos.com.br\/blog\/#organization"},"potentialAction":[{"@type":"SearchAction","target":{"@type":"EntryPoint","urlTemplate":"https:\/\/www.estrategiaconcursos.com.br\/blog\/?s={search_term_string}"},"query-input":{"@type":"PropertyValueSpecification","valueRequired":true,"valueName":"search_term_string"}}],"inLanguage":"pt-BR"},{"@type":"Organization","@id":"https:\/\/www.estrategiaconcursos.com.br\/blog\/#organization","name":"Estrat\u00e9gia Concursos","url":"https:\/\/www.estrategiaconcursos.com.br\/blog\/","logo":{"@type":"ImageObject","inLanguage":"pt-BR","@id":"https:\/\/www.estrategiaconcursos.com.br\/blog\/#\/schema\/logo\/image\/","url":"https:\/\/dhg1h5j42swfq.cloudfront.net\/2025\/06\/03203428\/logo_concursos-1.jpg","contentUrl":"https:\/\/dhg1h5j42swfq.cloudfront.net\/2025\/06\/03203428\/logo_concursos-1.jpg","width":230,"height":60,"caption":"Estrat\u00e9gia Concursos"},"image":{"@id":"https:\/\/www.estrategiaconcursos.com.br\/blog\/#\/schema\/logo\/image\/"},"sameAs":["https:\/\/x.com\/EstratConcursos"]},{"@type":"Person","@id":"https:\/\/www.estrategiaconcursos.com.br\/blog\/#\/schema\/person\/9fac14a8bf47492d9fd98769d1481766","name":"Rubens Mauricio Corr\u00eaa","image":{"@type":"ImageObject","inLanguage":"pt-BR","@id":"https:\/\/secure.gravatar.com\/avatar\/83a4c19cfd065707044bf9b66e1b81736430186d86e560356b352823fac7df9c?s=96&d=mm&r=g","url":"https:\/\/secure.gravatar.com\/avatar\/83a4c19cfd065707044bf9b66e1b81736430186d86e560356b352823fac7df9c?s=96&d=mm&r=g","contentUrl":"https:\/\/secure.gravatar.com\/avatar\/83a4c19cfd065707044bf9b66e1b81736430186d86e560356b352823fac7df9c?s=96&d=mm&r=g","caption":"Rubens Mauricio Corr\u00eaa"},"url":"https:\/\/www.estrategiaconcursos.com.br\/blog\/author\/rubensmauricioestrategiaconcursos-com-br\/"}]}},"_links":{"self":[{"href":"https:\/\/www.estrategiaconcursos.com.br\/blog\/wp-json\/wp\/v2\/posts\/617440","targetHints":{"allow":["GET"]}}],"collection":[{"href":"https:\/\/www.estrategiaconcursos.com.br\/blog\/wp-json\/wp\/v2\/posts"}],"about":[{"href":"https:\/\/www.estrategiaconcursos.com.br\/blog\/wp-json\/wp\/v2\/types\/post"}],"author":[{"embeddable":true,"href":"https:\/\/www.estrategiaconcursos.com.br\/blog\/wp-json\/wp\/v2\/users\/401"}],"replies":[{"embeddable":true,"href":"https:\/\/www.estrategiaconcursos.com.br\/blog\/wp-json\/wp\/v2\/comments?post=617440"}],"version-history":[{"count":6,"href":"https:\/\/www.estrategiaconcursos.com.br\/blog\/wp-json\/wp\/v2\/posts\/617440\/revisions"}],"predecessor-version":[{"id":1240344,"href":"https:\/\/www.estrategiaconcursos.com.br\/blog\/wp-json\/wp\/v2\/posts\/617440\/revisions\/1240344"}],"wp:featuredmedia":[{"embeddable":true,"href":"https:\/\/www.estrategiaconcursos.com.br\/blog\/wp-json\/wp\/v2\/media\/583595"}],"wp:attachment":[{"href":"https:\/\/www.estrategiaconcursos.com.br\/blog\/wp-json\/wp\/v2\/media?parent=617440"}],"wp:term":[{"taxonomy":"category","embeddable":true,"href":"https:\/\/www.estrategiaconcursos.com.br\/blog\/wp-json\/wp\/v2\/categories?post=617440"},{"taxonomy":"post_tag","embeddable":true,"href":"https:\/\/www.estrategiaconcursos.com.br\/blog\/wp-json\/wp\/v2\/tags?post=617440"},{"taxonomy":"tax_estado","embeddable":true,"href":"https:\/\/www.estrategiaconcursos.com.br\/blog\/wp-json\/wp\/v2\/tax_estado?post=617440"}],"curies":[{"name":"wp","href":"https:\/\/api.w.org\/{rel}","templated":true}]}}