{"id":617377,"date":"2020-12-01T17:00:00","date_gmt":"2020-12-01T20:00:00","guid":{"rendered":"https:\/\/www.estrategiaconcursos.com.br\/blog\/?p=617377"},"modified":"2024-05-14T10:47:09","modified_gmt":"2024-05-14T13:47:09","slug":"edital-codevasf","status":"publish","type":"post","link":"https:\/\/www.estrategiaconcursos.com.br\/blog\/edital-codevasf\/","title":{"rendered":"Edital Codevasf: inscri\u00e7\u00f5es ABERTAS com oferta de 91 vagas"},"content":{"rendered":"\n<h2 class=\"wp-block-heading\"><em>Provas em janeiro de 2021<\/em><\/h2>\n\n\n\n<p><strong>Est\u00e3o ABERTAS as inscri\u00e7\u00f5es <\/strong>do edital Companhia de Desenvolvimento dos Vales do S\u00e3o Francisco e do Parna\u00edba (Codevasf). Os interessados em participar da sele\u00e7\u00e3o devem realizar as inscri\u00e7\u00f5es at\u00e9 o dia<strong> 22 de dezembro de 2020<\/strong>, no site da banca organizadora, o Cebraspe. A taxa de inscri\u00e7\u00e3o foi fixada em R$ 108,00.<\/p>\n\n\n\n<p>Desta forma, para que o candidato tenha sua inscri\u00e7\u00e3o automaticamente garantida, \u00e9 necess\u00e1rio fazer este pagamento at\u00e9, no m\u00e1ximo, o dia do vencimento do boleto banc\u00e1rio, que \u00e9 <strong>23 de dezembro de 2020<\/strong>.<\/p>\n\n\n\n<p>A sele\u00e7\u00e3o \u00e9 para provimento de <strong>91 vagas<\/strong>, que est\u00e3o distribu\u00eddas entre os cargos de Assessor Jur\u00eddico e Analista em Desenvolvimento Regional. Ent\u00e3o voc\u00ea j\u00e1 pode <a href=\"https:\/\/www.estrategiaconcursos.com.br\/cursosPorConcurso\/companhia-de-desenvolvimento-dos-vales-do-sao-francisco-e-do-parnaiba-codevasf\/\" target=\"_blank\" rel=\"noreferrer noopener\">refor\u00e7ar seus estudos para esse concurso<\/a>. <\/p>\n\n\n\n<p>Al\u00e9m disso, os <strong>cargos contemplados no edital Codevasf receber\u00e3o sal\u00e1rios iniciais de R$ 8.168,91<\/strong>, com jornadas de trabalho de 40 horas semanais. Vale frisar que \u00e9 necess\u00e1rio possuir gradua\u00e7\u00e3o em n\u00edvel superior e registro no respectivo conselho de classe.<\/p>\n\n\n\n<h2 class=\"wp-block-heading\">Edital Codevasf: principais datas<\/h2>\n\n\n\n<p class=\"has-pale-cyan-blue-background-color has-background\"><strong>Inscri\u00e7\u00f5es<\/strong>: 01\/12 a 22\/12\/2020<br \/><strong>\u00daltimo dia para pagar a inscri\u00e7\u00e3o<\/strong>: 23\/12\/2020<br \/><strong>Provas<\/strong>: 31\/01\/2021<\/p>\n\n\n\n<h2 class=\"wp-block-heading\">An\u00e1lise de edital<\/h2>\n\n\n<figure class=\"wp-block-embed-youtube wp-block-embed is-type-video is-provider-youtube wp-embed-aspect-16-9 wp-has-aspect-ratio\"><div class=\"lyte-wrapper\" style=\"width:853px;max-width:100%;margin:5px;\"><div class=\"lyMe\" id=\"WYL_TeFqNlKzdF8\"><div id=\"lyte_TeFqNlKzdF8\" data-src=\"\/\/i.ytimg.com\/vi\/TeFqNlKzdF8\/hqdefault.jpg\" class=\"pL\"><div class=\"tC\"><div class=\"tT\"><\/div><\/div><div class=\"play\"><\/div><div class=\"ctrl\"><div class=\"Lctrl\"><\/div><div class=\"Rctrl\"><\/div><\/div><\/div><noscript><a href=\"https:\/\/youtu.be\/TeFqNlKzdF8\" rel=\"nofollow\"><img loading=\"lazy\" decoding=\"async\" src=\"https:\/\/i.ytimg.com\/vi\/TeFqNlKzdF8\/0.jpg\" alt=\"YouTube video thumbnail\" width=\"853\" height=\"460\" \/><br \/>Assista a este v\u00eddeo no YouTube<\/a><\/noscript><\/div><\/div><div class=\"lL\" style=\"max-width:100%;width:853px;margin:5px;\"><\/div><figcaption><\/figcaption><\/figure>\n\n\n<h2 class=\"wp-block-heading\">Cargos e vagas do edital Codevasf<\/h2>\n\n\n\n<p>Conforme mencionado nesta artigo, o edital Codevasf oferta 91 vagas  (ampla concorr\u00eancia, PcD e negros) distribu\u00eddas em diversas especialidades dos cargos de Assessor Jur\u00eddico e Analista em Desenvolvimento Regional. As jornadas de trabalho s\u00e3o de 40 horas semanais. <\/p>\n\n\n\n<p>Confira abaixo a distribui\u00e7\u00e3o das vagas:<\/p>\n\n\n\n<h4 class=\"wp-block-heading\">Assessor Jur\u00eddico:<\/h4>\n\n\n\n<figure class=\"wp-block-table is-style-stripes\"><table class=\"has-background\" style=\"background-color:#e7f5fe\"><thead><tr><th><strong>Especialidade<\/strong><\/th><th>Vagas<\/th><\/tr><\/thead><tbody><tr><td>Direito<\/td><td>14<\/td><\/tr><\/tbody><\/table><\/figure>\n\n\n\n<h4 class=\"wp-block-heading\">Analista em Desenvolvimento Regional:<\/h4>\n\n\n\n<figure class=\"wp-block-table is-style-stripes\"><table class=\"has-background has-fixed-layout\" style=\"background-color:#e7f5fe\"><thead><tr><th><strong>Especialidade<\/strong><\/th><th><strong>Vagas<\/strong><\/th><\/tr><\/thead><tbody><tr><td>Administra\u00e7\u00e3o<\/td><td>15<\/td><\/tr><tr><td>Economia<\/td><td>01<\/td><\/tr><tr><td>Contabilidade<\/td><td>08<\/td><\/tr><tr><td>Psicologia<\/td><td>01<\/td><\/tr><tr><td>Engenharia Civil<\/td><td>20<\/td><\/tr><tr><td>Engenharia Agron\u00f4mica ou Agronomia<\/td><td>12<\/td><\/tr><tr><td>Engenharia Ambiental<\/td><td>01<\/td><\/tr><tr><td>Engenharia El\u00e9trica<\/td><td>04<\/td><\/tr><tr><td>Engenharia Mec\u00e2nica<\/td><td>02<\/td><\/tr><tr><td>Engenharia de Pesca<\/td><td>02<\/td><\/tr><tr><td>Engenharia de Agrimensura<\/td><td>03<\/td><\/tr><tr><td>Cartografia<\/td><td>03<\/td><\/tr><tr><td>Geologia<\/td><td>04<\/td><\/tr><tr><td>Tecnologia da Informa\u00e7\u00e3o<\/td><td>04<\/td><\/tr><\/tbody><\/table><\/figure>\n\n\n\n<h2 class=\"wp-block-heading\">Edital Codevasf: etapas de provas<\/h2>\n\n\n\n<p>O concurso Codevasf ser\u00e1 composto por provas objetivas e discursivas, para todos os candidatos. <\/p>\n\n\n\n<p>Al\u00e9m de uma avalia\u00e7\u00e3o biopsicossocial dos candidatos que solicitarem concorrer \u00e0s vagas reservadas \u00e0s pessoas com defici\u00eancia e o procedimento de heteroidentifica\u00e7\u00e3o complementar \u00e0 autodeclara\u00e7\u00e3o dos candidatos negros.<\/p>\n\n\n\n<p>Todas essas etapas ser\u00e3o realizadas em Aracaju\/SE, Belo Horizonte\/MG, Bom Jesus da Lapa\/BA, Bras\u00edlia\/DF, Macap\u00e1\/AP, Macei\u00f3\/AL, Montes Claros\/MG, Natal\/RN, Petrolina\/PE, Recife\/PE, Salvador\/BA, S\u00e3o Lu\u00eds\/MA e Teresina\/PI.<\/p>\n\n\n\n<h3 class=\"wp-block-heading\" id=\"objetiva\">Prova Objetiva<\/h3>\n\n\n\n<p>A prova objetiva ser\u00e1 aplicada no dia 31 de janeiro de 2021, com <strong>dura\u00e7\u00e3o m\u00e1xima de 4 hora e 30 minutos<\/strong>. <\/p>\n\n\n\n<p>O exame ser\u00e1 dividido em duas partes, de conhecimentos b\u00e1sicos e especializados, totalizando<strong>&nbsp;120 quest\u00f5es<\/strong>, do tipo CERTO ou ERRADO.<\/p>\n\n\n\n<ul class=\"wp-block-list\">\n<li><strong>Conhecimentos b\u00e1sicos \u2013 50 quest\u00f5es<\/strong>\n<ul class=\"wp-block-list\">\n<li>L\u00edngua Portuguesa<\/li>\n\n\n\n<li>\u00c9tica na Administra\u00e7\u00e3o P\u00fablica e Legisla\u00e7\u00e3o<\/li>\n\n\n\n<li>No\u00e7\u00f5es B\u00e1sicas de Or\u00e7amento P\u00fablico<\/li>\n\n\n\n<li>No\u00e7\u00f5es de Inform\u00e1tica<\/li>\n\n\n\n<li>No\u00e7\u00f5es de Direito Administrativo<\/li>\n<\/ul>\n<\/li>\n\n\n\n<li><strong>Conhecimentos especializados \u2013 70 quest\u00f5es<\/strong><\/li>\n<\/ul>\n\n\n\n<p>Para ser considerado habilitado, o candidato deve obter as seguintes notas:<\/p>\n\n\n\n<ul class=\"wp-block-list\">\n<li><strong>a)&nbsp;<\/strong>Nota igual ou superior a 10,00 pontos na prova objetiva de Conhecimentos B\u00e1sicos P1;<\/li>\n\n\n\n<li><strong>b)&nbsp;<\/strong>Nota igual ou superior a 21,00 pontos na prova objetiva de Conhecimentos Espec\u00edficos P2;<\/li>\n\n\n\n<li><strong>c)<\/strong>&nbsp;Nota igual ou superior a 36,00 pontos no conjunto das provas objetivas.<\/li>\n<\/ul>\n\n\n\n<h3 class=\"wp-block-heading\" id=\"discursiva\">Prova Discursiva<\/h3>\n\n\n\n<p>J\u00e1 a prova discursiva valer\u00e1 30,00 pontos e consistir\u00e1 da reda\u00e7\u00e3o de uma&nbsp;<strong>quest\u00e3o discursiva<\/strong>, de at\u00e9 30 linhas, acerca dos conhecimentos especializados de cada cargo\/\u00e1rea.<\/p>\n\n\n\n<p><strong>ATEN\u00c7\u00c3O<\/strong>! Sua aplica\u00e7\u00e3o ser\u00e1 conjunta com a prova objetiva, com tempo m\u00e1ximo de 4 horas e 30 minutos<\/p>\n\n\n\n<h2 class=\"wp-block-heading\" id=\"estrategico\">Edital Estrat\u00e9gico: baixe gratuitamente<\/h2>\n\n\n\n<p class=\"has-text-align-center has-very-light-gray-background-color has-background\" style=\"font-size:clamp(14px, 0.875rem + ((1vw - 3.2px) * 0.49), 19px);px\"><a href=\"https:\/\/drive.google.com\/file\/d\/1-C2OxpHHo4QHFOrBKncy2M9yQ7z7tG62\/view?usp=sharing\" target=\"_blank\" rel=\"noreferrer noopener\">Analista em Desenvolvimento Regional &#8211; Contabilidade<\/a><\/p>\n\n\n\n<p class=\"has-text-align-center has-very-light-gray-background-color has-background\" style=\"font-size:clamp(14px, 0.875rem + ((1vw - 3.2px) * 0.49), 19px);px\"><a href=\"https:\/\/drive.google.com\/file\/d\/1Ie_cs-jKuXHP5S9mPZIl7EaEPXG08l7N\/view?usp=sharing\" target=\"_blank\" rel=\"noreferrer noopener\">Analista em Desenvolvimento Regional &#8211; Economia<\/a><\/p>\n\n\n\n<p class=\"has-text-align-center has-very-light-gray-background-color has-background\" style=\"font-size:clamp(14px, 0.875rem + ((1vw - 3.2px) * 0.49), 19px);px\"><a href=\"https:\/\/drive.google.com\/file\/d\/1GkVKhb1IbbeRuXYYgqr6eCUCeCfNEMMY\/view?usp=sharing\" target=\"_blank\" rel=\"noreferrer noopener\">Analista em Desenvolvimento Regional &#8211; Administra\u00e7\u00e3o<\/a><\/p>\n\n\n\n<p><strong>IMPORTANTE:&nbsp;<\/strong>Ao clicar nos links acima, vai ser aberta uma janela do Google Drive que tentar\u00e1 carregar a visualiza\u00e7\u00e3o da planilha no seu navegador. N\u00e3o h\u00e1 necessidade de esperar essa visualiza\u00e7\u00e3o (talvez at\u00e9 nem carregue, j\u00e1 que os arquivos s\u00e3o pesados).<\/p>\n\n\n\n<p>Fa\u00e7a o download clicando na seta para baixo no canto superior direito da janela do Google Drive que vai ser aberta ao clicar nos links acima.<\/p>\n\n\n\n<p>Todos os arquivos foram testados em diferentes computadores e celulares e est\u00e3o ok. Talvez alguma incompatibilidade (ou mensagem de erro, como \u201carquivo inv\u00e1lido\u201d) ocorra em virtude do seu pr\u00f3prio computador ou do tamanho dos arquivos que possuem mais conte\u00fado.<\/p>\n\n\n\n<p class=\"has-text-align-center has-luminous-vivid-amber-background-color has-background\" style=\"font-size:clamp(14.642px, 0.915rem + ((1vw - 3.2px) * 0.721), 22px);px\"><strong>SAIBA MAIS: <a href=\"https:\/\/www.estrategiaconcursos.com.br\/blog\/concurso-codevasf\/\" target=\"_blank\" rel=\"noreferrer noopener\">CONCURSO CODEVASF<\/a><\/strong><\/p>\n\n\n\n<hr class=\"wp-block-separator has-css-opacity\"\/>\n\n\n\n<h2 class=\"wp-block-heading has-text-align-center\"><strong>Quer estudar para o edital Codevasf?<\/strong><\/h2>\n\n\n\n<div class=\"container\" id=\"boxes\">\n  <div class=\"row\">\n\n    <div class=\"col-sm\">\n      <div class=\"banner-adm\" id=\"box-assinatura\">\n        <h3 class=\"titulo-assinatura\">Curso Codevasf<\/h3>\n        <p class=\"subtitulo-assinatura\">Conhe\u00e7a os cursos<\/p>\n        <div class=\"box-botao\">\n          <a class=\"btn-assinatura\" target=\"_blank\" href=\"https:\/\/www.estrategiaconcursos.com.br\/cursosPorConcurso\/promocao-pacotes-para-codevasf\/\" role=\"button\" rel=\"noopener noreferrer\">Conhe\u00e7a mais<\/a>\n        <\/div>\n      <\/div>\n      <p class=\"texto-auxiliar\">Prepare-se com o melhor material e com quem mais aprova em Concursos P\u00fablicos em todo o pa\u00edS.<\/p>\n    <\/div>\n\n  <\/div>\n<\/div>\n\n\n\n<div class=\"container\" id=\"boxes\">\n  <div class=\"row\">\n\n    <div class=\"col-sm\">\n      <div class=\"estrategia\" id=\"box-assinatura\">\n        <h3 class=\"titulo-assinatura\">Assinatura Ilimitada<\/h3>\n        <p class=\"subtitulo-assinatura\">Assinatura Anual Ilimitada*<\/p>\n        <div class=\"box-botao\">\n          <a class=\"btn-assinatura\" target=\"_blank\" href=\"https:\/\/www.estrategiaconcursos.com.br\/assinaturas\/\" role=\"button\" rel=\"noopener noreferrer\">ASSINE AGORA<\/a>\n        <\/div>\n      <\/div>\n      <p class=\"texto-auxiliar\">Prepare-se com o melhor material e com quem mais aprova em Concursos P\u00fablicos em todo o pa\u00eds. Assine agora a nossa Assinatura Anual e tenha acesso ilimitado* a todos os nossos cursos.<\/p>\n    <\/div>\n\n    <div class=\"col-sm\">\n      <div class=\"questoes\" id=\"box-assinatura\">\n        <h3 class=\"titulo-assinatura\">Sistema de Quest\u00f5es<\/h3>\n        <p class=\"subtitulo-assinatura\">Assinatura Ilimitada*\n<\/p>\n        <div class=\"box-botao\">\n          <a class=\"btn-assinatura\" target=\"_blank\" href=\"https:\/\/www.estrategiaconcursos.com.br\/cursosPorConcurso\/sistema-de-questoes\/#\/\" role=\"button\" rel=\"noopener noreferrer\">ASSINE AGORA<\/a>\n        <\/div>\n      <\/div>\n      <p class=\"texto-auxiliar\">Estrat\u00e9gia Quest\u00f5es nasceu maior do que todos os concorrentes, com mais quest\u00f5es cadastradas e mais solu\u00e7\u00f5es por professores. Clique no link e aproveite os descontos e b\u00f4nus imperd\u00edveis!<\/p>\n    <\/div>\n  <\/div>\n<\/div>\n\n\n\n<figure class=\"wp-block-image\"><img loading=\"lazy\" decoding=\"async\" width=\"300\" height=\"102\" src=\"https:\/\/dhg1h5j42swfq.cloudfront.net\/2019\/05\/29143052\/coruja-ficha-tecnica-300x1025.png\" alt=\"Ficha T\u00e9cnica Concurso CODEVASF\" class=\"wp-image-380136\"\/><\/figure>\n\n\n\n<h3 class=\"wp-block-heading\" id=\"ficha-tecnica\">Informa\u00e7\u00f5es do&nbsp;<strong>edital Codevasf<\/strong><\/h3>\n\n\n\n<ul class=\"wp-block-list\">\n<li><strong>Data da prova:<\/strong>&nbsp;31\/01\/2021<\/li>\n\n\n\n<li><strong>Vagas<\/strong>: 91 + CR<\/li>\n\n\n\n<li><strong>Cargos<\/strong>: Assessor Jur\u00eddico e Analista em Desenvolvimento Regional<\/li>\n\n\n\n<li><strong>Banca<\/strong>: Cebraspe<\/li>\n\n\n\n<li><strong>Escolaridade<\/strong>: N\u00edvel superior<\/li>\n\n\n\n<li><strong>Edital:<\/strong>&nbsp;<a href=\"https:\/\/dhg1h5j42swfq.cloudfront.net\/2020\/11\/26142101\/ED_1_CODEVASF_20_ABT.pdf\" target=\"_blank\" rel=\"noreferrer noopener\">Codevasf 2020<\/a><\/li>\n<\/ul>\n","protected":false},"excerpt":{"rendered":"<p>Provas em janeiro de 2021 Est\u00e3o ABERTAS as inscri\u00e7\u00f5es do edital Companhia de Desenvolvimento dos Vales do S\u00e3o Francisco e do Parna\u00edba (Codevasf). Os interessados em participar da sele\u00e7\u00e3o devem realizar as inscri\u00e7\u00f5es at\u00e9 o dia 22 de dezembro de 2020, no site da banca organizadora, o Cebraspe. A taxa de inscri\u00e7\u00e3o foi fixada em [&hellip;]<\/p>\n","protected":false},"author":1276,"featured_media":444273,"comment_status":"open","ping_status":"closed","sticky":false,"template":"","format":"standard","meta":{"post_tipo":"article","footnotes":""},"categories":[1,214992],"tags":[],"tax_estado":[219965,219967,219968,219970,219973,219974,219979,219980,219983,219988],"class_list":["post-617377","post","type-post","status-publish","format-standard","has-post-thumbnail","hentry","category-cursos-e-concursos","category-concursos-administrativos","tax_estado-al","tax_estado-ap","tax_estado-ba","tax_estado-df","tax_estado-ma","tax_estado-mg","tax_estado-pe","tax_estado-pi","tax_estado-rn","tax_estado-se"],"acf":[],"yoast_head":"<!-- This site is optimized with the Yoast SEO Premium plugin v27.2 (Yoast SEO v27.2) - https:\/\/yoast.com\/product\/yoast-seo-premium-wordpress\/ -->\n<title>Edital Codevasf: inscri\u00e7\u00f5es ABERTAS com oferta de 91 vagas<\/title>\n<meta name=\"description\" content=\"Edital Codevasf: inscri\u00e7\u00f5es ABERTAS com oferta de 91 vagas e sal\u00e1rios iniciais de R$ 8.168,91 para jornadas de trabalho de 40 horas semanais. Confira AQUI!\" \/>\n<meta name=\"robots\" content=\"index, follow, max-snippet:-1, max-image-preview:large, max-video-preview:-1\" \/>\n<link rel=\"canonical\" href=\"https:\/\/www.estrategiaconcursos.com.br\/blog\/edital-codevasf\/\" \/>\n<meta property=\"og:locale\" content=\"pt_BR\" \/>\n<meta property=\"og:type\" content=\"article\" \/>\n<meta property=\"og:title\" content=\"Edital Codevasf: inscri\u00e7\u00f5es ABERTAS com oferta de 91 vagas\" \/>\n<meta property=\"og:description\" content=\"Edital Codevasf: inscri\u00e7\u00f5es ABERTAS com oferta de 91 vagas e sal\u00e1rios iniciais de R$ 8.168,91 para jornadas de trabalho de 40 horas semanais. Confira AQUI!\" \/>\n<meta property=\"og:url\" content=\"https:\/\/www.estrategiaconcursos.com.br\/blog\/edital-codevasf\/\" \/>\n<meta property=\"og:site_name\" content=\"Estrat\u00e9gia Concursos\" \/>\n<meta property=\"article:published_time\" content=\"2020-12-01T20:00:00+00:00\" \/>\n<meta property=\"article:modified_time\" content=\"2024-05-14T13:47:09+00:00\" \/>\n<meta property=\"og:image\" content=\"https:\/\/dhg1h5j42swfq.cloudfront.net\/2019\/11\/05113826\/Saiu-Edital-8.png\" \/>\n\t<meta property=\"og:image:width\" content=\"1200\" \/>\n\t<meta property=\"og:image:height\" content=\"628\" \/>\n\t<meta property=\"og:image:type\" content=\"image\/png\" \/>\n<meta name=\"author\" content=\"Victor Shinichi Tanaka\" \/>\n<meta name=\"twitter:card\" content=\"summary_large_image\" \/>\n<meta name=\"twitter:creator\" content=\"@EstratConcursos\" \/>\n<meta name=\"twitter:site\" content=\"@EstratConcursos\" \/>\n<meta name=\"twitter:label1\" content=\"Escrito por\" \/>\n\t<meta name=\"twitter:data1\" content=\"Victor Shinichi Tanaka\" \/>\n\t<meta name=\"twitter:label2\" content=\"Est. tempo de leitura\" \/>\n\t<meta name=\"twitter:data2\" content=\"4 minutos\" \/>\n<script type=\"application\/ld+json\" class=\"yoast-schema-graph\">{\"@context\":\"https:\/\/schema.org\",\"@graph\":[{\"@type\":\"NewsArticle\",\"@id\":\"https:\/\/www.estrategiaconcursos.com.br\/blog\/edital-codevasf\/#article\",\"isPartOf\":{\"@id\":\"https:\/\/www.estrategiaconcursos.com.br\/blog\/edital-codevasf\/\"},\"author\":{\"name\":\"Victor Shinichi Tanaka\",\"@id\":\"https:\/\/www.estrategiaconcursos.com.br\/blog\/#\/schema\/person\/602a4eaf2bed921c107675da3a65b0e0\"},\"headline\":\"Edital Codevasf: inscri\u00e7\u00f5es ABERTAS com oferta de 91 vagas\",\"datePublished\":\"2020-12-01T20:00:00+00:00\",\"dateModified\":\"2024-05-14T13:47:09+00:00\",\"mainEntityOfPage\":{\"@id\":\"https:\/\/www.estrategiaconcursos.com.br\/blog\/edital-codevasf\/\"},\"wordCount\":876,\"commentCount\":9,\"publisher\":{\"@id\":\"https:\/\/www.estrategiaconcursos.com.br\/blog\/#organization\"},\"image\":{\"@id\":\"https:\/\/www.estrategiaconcursos.com.br\/blog\/edital-codevasf\/#primaryimage\"},\"thumbnailUrl\":\"https:\/\/dhg1h5j42swfq.cloudfront.net\/2019\/11\/05113826\/Saiu-Edital-8.png\",\"articleSection\":[\"Concursos P\u00fablicos\",\"Executivo (Administrativa)\"],\"inLanguage\":\"pt-BR\",\"potentialAction\":[{\"@type\":\"CommentAction\",\"name\":\"Comment\",\"target\":[\"https:\/\/www.estrategiaconcursos.com.br\/blog\/edital-codevasf\/#respond\"]}],\"copyrightYear\":\"2020\",\"copyrightHolder\":{\"@id\":\"https:\/\/www.estrategiaconcursos.com.br\/blog\/#organization\"}},{\"@type\":\"WebPage\",\"@id\":\"https:\/\/www.estrategiaconcursos.com.br\/blog\/edital-codevasf\/\",\"url\":\"https:\/\/www.estrategiaconcursos.com.br\/blog\/edital-codevasf\/\",\"name\":\"Edital Codevasf: inscri\u00e7\u00f5es ABERTAS com oferta de 91 vagas\",\"isPartOf\":{\"@id\":\"https:\/\/www.estrategiaconcursos.com.br\/blog\/#website\"},\"primaryImageOfPage\":{\"@id\":\"https:\/\/www.estrategiaconcursos.com.br\/blog\/edital-codevasf\/#primaryimage\"},\"image\":{\"@id\":\"https:\/\/www.estrategiaconcursos.com.br\/blog\/edital-codevasf\/#primaryimage\"},\"thumbnailUrl\":\"https:\/\/dhg1h5j42swfq.cloudfront.net\/2019\/11\/05113826\/Saiu-Edital-8.png\",\"datePublished\":\"2020-12-01T20:00:00+00:00\",\"dateModified\":\"2024-05-14T13:47:09+00:00\",\"description\":\"Edital Codevasf: inscri\u00e7\u00f5es ABERTAS com oferta de 91 vagas e sal\u00e1rios iniciais de R$ 8.168,91 para jornadas de trabalho de 40 horas semanais. Confira AQUI!\",\"breadcrumb\":{\"@id\":\"https:\/\/www.estrategiaconcursos.com.br\/blog\/edital-codevasf\/#breadcrumb\"},\"inLanguage\":\"pt-BR\",\"potentialAction\":[{\"@type\":\"ReadAction\",\"target\":[\"https:\/\/www.estrategiaconcursos.com.br\/blog\/edital-codevasf\/\"]}]},{\"@type\":\"ImageObject\",\"inLanguage\":\"pt-BR\",\"@id\":\"https:\/\/www.estrategiaconcursos.com.br\/blog\/edital-codevasf\/#primaryimage\",\"url\":\"https:\/\/dhg1h5j42swfq.cloudfront.net\/2019\/11\/05113826\/Saiu-Edital-8.png\",\"contentUrl\":\"https:\/\/dhg1h5j42swfq.cloudfront.net\/2019\/11\/05113826\/Saiu-Edital-8.png\",\"width\":1200,\"height\":628,\"caption\":\"PSS NOVA IGUA\u00c7U RJ\"},{\"@type\":\"BreadcrumbList\",\"@id\":\"https:\/\/www.estrategiaconcursos.com.br\/blog\/edital-codevasf\/#breadcrumb\",\"itemListElement\":[{\"@type\":\"ListItem\",\"position\":1,\"name\":\"In\u00edcio\",\"item\":\"https:\/\/www.estrategiaconcursos.com.br\/blog\/\"},{\"@type\":\"ListItem\",\"position\":2,\"name\":\"Edital Codevasf: inscri\u00e7\u00f5es ABERTAS com oferta de 91 vagas\"}]},{\"@type\":\"WebSite\",\"@id\":\"https:\/\/www.estrategiaconcursos.com.br\/blog\/#website\",\"url\":\"https:\/\/www.estrategiaconcursos.com.br\/blog\/\",\"name\":\"Estrat\u00e9gia Concursos\",\"description\":\"O blog da Estrat\u00e9gia Concursos traz not\u00edcias sobre concursos e artigos de professores oferecendo cursos para concursos (pdf + videaulas) no site.\",\"publisher\":{\"@id\":\"https:\/\/www.estrategiaconcursos.com.br\/blog\/#organization\"},\"potentialAction\":[{\"@type\":\"SearchAction\",\"target\":{\"@type\":\"EntryPoint\",\"urlTemplate\":\"https:\/\/www.estrategiaconcursos.com.br\/blog\/?s={search_term_string}\"},\"query-input\":{\"@type\":\"PropertyValueSpecification\",\"valueRequired\":true,\"valueName\":\"search_term_string\"}}],\"inLanguage\":\"pt-BR\"},{\"@type\":\"Organization\",\"@id\":\"https:\/\/www.estrategiaconcursos.com.br\/blog\/#organization\",\"name\":\"Estrat\u00e9gia Concursos\",\"url\":\"https:\/\/www.estrategiaconcursos.com.br\/blog\/\",\"logo\":{\"@type\":\"ImageObject\",\"inLanguage\":\"pt-BR\",\"@id\":\"https:\/\/www.estrategiaconcursos.com.br\/blog\/#\/schema\/logo\/image\/\",\"url\":\"https:\/\/dhg1h5j42swfq.cloudfront.net\/2025\/06\/03203428\/logo_concursos-1.jpg\",\"contentUrl\":\"https:\/\/dhg1h5j42swfq.cloudfront.net\/2025\/06\/03203428\/logo_concursos-1.jpg\",\"width\":230,\"height\":60,\"caption\":\"Estrat\u00e9gia Concursos\"},\"image\":{\"@id\":\"https:\/\/www.estrategiaconcursos.com.br\/blog\/#\/schema\/logo\/image\/\"},\"sameAs\":[\"https:\/\/x.com\/EstratConcursos\"]},{\"@type\":\"Person\",\"@id\":\"https:\/\/www.estrategiaconcursos.com.br\/blog\/#\/schema\/person\/602a4eaf2bed921c107675da3a65b0e0\",\"name\":\"Victor Shinichi Tanaka\",\"image\":{\"@type\":\"ImageObject\",\"inLanguage\":\"pt-BR\",\"@id\":\"https:\/\/secure.gravatar.com\/avatar\/3772723eea77b2e6a2231e357d6339c6c129c6fb65cda4d02d0f3ca700221333?s=96&d=mm&r=g\",\"url\":\"https:\/\/secure.gravatar.com\/avatar\/3772723eea77b2e6a2231e357d6339c6c129c6fb65cda4d02d0f3ca700221333?s=96&d=mm&r=g\",\"contentUrl\":\"https:\/\/secure.gravatar.com\/avatar\/3772723eea77b2e6a2231e357d6339c6c129c6fb65cda4d02d0f3ca700221333?s=96&d=mm&r=g\",\"caption\":\"Victor Shinichi Tanaka\"},\"url\":\"https:\/\/www.estrategiaconcursos.com.br\/blog\/author\/victorstanakagmail-com\/\"}]}<\/script>\n<!-- \/ Yoast SEO Premium plugin. -->","yoast_head_json":{"title":"Edital Codevasf: inscri\u00e7\u00f5es ABERTAS com oferta de 91 vagas","description":"Edital Codevasf: inscri\u00e7\u00f5es ABERTAS com oferta de 91 vagas e sal\u00e1rios iniciais de R$ 8.168,91 para jornadas de trabalho de 40 horas semanais. Confira AQUI!","robots":{"index":"index","follow":"follow","max-snippet":"max-snippet:-1","max-image-preview":"max-image-preview:large","max-video-preview":"max-video-preview:-1"},"canonical":"https:\/\/www.estrategiaconcursos.com.br\/blog\/edital-codevasf\/","og_locale":"pt_BR","og_type":"article","og_title":"Edital Codevasf: inscri\u00e7\u00f5es ABERTAS com oferta de 91 vagas","og_description":"Edital Codevasf: inscri\u00e7\u00f5es ABERTAS com oferta de 91 vagas e sal\u00e1rios iniciais de R$ 8.168,91 para jornadas de trabalho de 40 horas semanais. Confira AQUI!","og_url":"https:\/\/www.estrategiaconcursos.com.br\/blog\/edital-codevasf\/","og_site_name":"Estrat\u00e9gia Concursos","article_published_time":"2020-12-01T20:00:00+00:00","article_modified_time":"2024-05-14T13:47:09+00:00","og_image":[{"width":1200,"height":628,"url":"https:\/\/dhg1h5j42swfq.cloudfront.net\/2019\/11\/05113826\/Saiu-Edital-8.png","type":"image\/png"}],"author":"Victor Shinichi Tanaka","twitter_card":"summary_large_image","twitter_creator":"@EstratConcursos","twitter_site":"@EstratConcursos","twitter_misc":{"Escrito por":"Victor Shinichi Tanaka","Est. tempo de leitura":"4 minutos"},"schema":{"@context":"https:\/\/schema.org","@graph":[{"@type":"NewsArticle","@id":"https:\/\/www.estrategiaconcursos.com.br\/blog\/edital-codevasf\/#article","isPartOf":{"@id":"https:\/\/www.estrategiaconcursos.com.br\/blog\/edital-codevasf\/"},"author":{"name":"Victor Shinichi Tanaka","@id":"https:\/\/www.estrategiaconcursos.com.br\/blog\/#\/schema\/person\/602a4eaf2bed921c107675da3a65b0e0"},"headline":"Edital Codevasf: inscri\u00e7\u00f5es ABERTAS com oferta de 91 vagas","datePublished":"2020-12-01T20:00:00+00:00","dateModified":"2024-05-14T13:47:09+00:00","mainEntityOfPage":{"@id":"https:\/\/www.estrategiaconcursos.com.br\/blog\/edital-codevasf\/"},"wordCount":876,"commentCount":9,"publisher":{"@id":"https:\/\/www.estrategiaconcursos.com.br\/blog\/#organization"},"image":{"@id":"https:\/\/www.estrategiaconcursos.com.br\/blog\/edital-codevasf\/#primaryimage"},"thumbnailUrl":"https:\/\/dhg1h5j42swfq.cloudfront.net\/2019\/11\/05113826\/Saiu-Edital-8.png","articleSection":["Concursos P\u00fablicos","Executivo (Administrativa)"],"inLanguage":"pt-BR","potentialAction":[{"@type":"CommentAction","name":"Comment","target":["https:\/\/www.estrategiaconcursos.com.br\/blog\/edital-codevasf\/#respond"]}],"copyrightYear":"2020","copyrightHolder":{"@id":"https:\/\/www.estrategiaconcursos.com.br\/blog\/#organization"}},{"@type":"WebPage","@id":"https:\/\/www.estrategiaconcursos.com.br\/blog\/edital-codevasf\/","url":"https:\/\/www.estrategiaconcursos.com.br\/blog\/edital-codevasf\/","name":"Edital Codevasf: inscri\u00e7\u00f5es ABERTAS com oferta de 91 vagas","isPartOf":{"@id":"https:\/\/www.estrategiaconcursos.com.br\/blog\/#website"},"primaryImageOfPage":{"@id":"https:\/\/www.estrategiaconcursos.com.br\/blog\/edital-codevasf\/#primaryimage"},"image":{"@id":"https:\/\/www.estrategiaconcursos.com.br\/blog\/edital-codevasf\/#primaryimage"},"thumbnailUrl":"https:\/\/dhg1h5j42swfq.cloudfront.net\/2019\/11\/05113826\/Saiu-Edital-8.png","datePublished":"2020-12-01T20:00:00+00:00","dateModified":"2024-05-14T13:47:09+00:00","description":"Edital Codevasf: inscri\u00e7\u00f5es ABERTAS com oferta de 91 vagas e sal\u00e1rios iniciais de R$ 8.168,91 para jornadas de trabalho de 40 horas semanais. Confira AQUI!","breadcrumb":{"@id":"https:\/\/www.estrategiaconcursos.com.br\/blog\/edital-codevasf\/#breadcrumb"},"inLanguage":"pt-BR","potentialAction":[{"@type":"ReadAction","target":["https:\/\/www.estrategiaconcursos.com.br\/blog\/edital-codevasf\/"]}]},{"@type":"ImageObject","inLanguage":"pt-BR","@id":"https:\/\/www.estrategiaconcursos.com.br\/blog\/edital-codevasf\/#primaryimage","url":"https:\/\/dhg1h5j42swfq.cloudfront.net\/2019\/11\/05113826\/Saiu-Edital-8.png","contentUrl":"https:\/\/dhg1h5j42swfq.cloudfront.net\/2019\/11\/05113826\/Saiu-Edital-8.png","width":1200,"height":628,"caption":"PSS NOVA IGUA\u00c7U RJ"},{"@type":"BreadcrumbList","@id":"https:\/\/www.estrategiaconcursos.com.br\/blog\/edital-codevasf\/#breadcrumb","itemListElement":[{"@type":"ListItem","position":1,"name":"In\u00edcio","item":"https:\/\/www.estrategiaconcursos.com.br\/blog\/"},{"@type":"ListItem","position":2,"name":"Edital Codevasf: inscri\u00e7\u00f5es ABERTAS com oferta de 91 vagas"}]},{"@type":"WebSite","@id":"https:\/\/www.estrategiaconcursos.com.br\/blog\/#website","url":"https:\/\/www.estrategiaconcursos.com.br\/blog\/","name":"Estrat\u00e9gia Concursos","description":"O blog da Estrat\u00e9gia Concursos traz not\u00edcias sobre concursos e artigos de professores oferecendo cursos para concursos (pdf + videaulas) no site.","publisher":{"@id":"https:\/\/www.estrategiaconcursos.com.br\/blog\/#organization"},"potentialAction":[{"@type":"SearchAction","target":{"@type":"EntryPoint","urlTemplate":"https:\/\/www.estrategiaconcursos.com.br\/blog\/?s={search_term_string}"},"query-input":{"@type":"PropertyValueSpecification","valueRequired":true,"valueName":"search_term_string"}}],"inLanguage":"pt-BR"},{"@type":"Organization","@id":"https:\/\/www.estrategiaconcursos.com.br\/blog\/#organization","name":"Estrat\u00e9gia Concursos","url":"https:\/\/www.estrategiaconcursos.com.br\/blog\/","logo":{"@type":"ImageObject","inLanguage":"pt-BR","@id":"https:\/\/www.estrategiaconcursos.com.br\/blog\/#\/schema\/logo\/image\/","url":"https:\/\/dhg1h5j42swfq.cloudfront.net\/2025\/06\/03203428\/logo_concursos-1.jpg","contentUrl":"https:\/\/dhg1h5j42swfq.cloudfront.net\/2025\/06\/03203428\/logo_concursos-1.jpg","width":230,"height":60,"caption":"Estrat\u00e9gia Concursos"},"image":{"@id":"https:\/\/www.estrategiaconcursos.com.br\/blog\/#\/schema\/logo\/image\/"},"sameAs":["https:\/\/x.com\/EstratConcursos"]},{"@type":"Person","@id":"https:\/\/www.estrategiaconcursos.com.br\/blog\/#\/schema\/person\/602a4eaf2bed921c107675da3a65b0e0","name":"Victor Shinichi Tanaka","image":{"@type":"ImageObject","inLanguage":"pt-BR","@id":"https:\/\/secure.gravatar.com\/avatar\/3772723eea77b2e6a2231e357d6339c6c129c6fb65cda4d02d0f3ca700221333?s=96&d=mm&r=g","url":"https:\/\/secure.gravatar.com\/avatar\/3772723eea77b2e6a2231e357d6339c6c129c6fb65cda4d02d0f3ca700221333?s=96&d=mm&r=g","contentUrl":"https:\/\/secure.gravatar.com\/avatar\/3772723eea77b2e6a2231e357d6339c6c129c6fb65cda4d02d0f3ca700221333?s=96&d=mm&r=g","caption":"Victor Shinichi Tanaka"},"url":"https:\/\/www.estrategiaconcursos.com.br\/blog\/author\/victorstanakagmail-com\/"}]}},"_links":{"self":[{"href":"https:\/\/www.estrategiaconcursos.com.br\/blog\/wp-json\/wp\/v2\/posts\/617377","targetHints":{"allow":["GET"]}}],"collection":[{"href":"https:\/\/www.estrategiaconcursos.com.br\/blog\/wp-json\/wp\/v2\/posts"}],"about":[{"href":"https:\/\/www.estrategiaconcursos.com.br\/blog\/wp-json\/wp\/v2\/types\/post"}],"author":[{"embeddable":true,"href":"https:\/\/www.estrategiaconcursos.com.br\/blog\/wp-json\/wp\/v2\/users\/1276"}],"replies":[{"embeddable":true,"href":"https:\/\/www.estrategiaconcursos.com.br\/blog\/wp-json\/wp\/v2\/comments?post=617377"}],"version-history":[{"count":31,"href":"https:\/\/www.estrategiaconcursos.com.br\/blog\/wp-json\/wp\/v2\/posts\/617377\/revisions"}],"predecessor-version":[{"id":1237788,"href":"https:\/\/www.estrategiaconcursos.com.br\/blog\/wp-json\/wp\/v2\/posts\/617377\/revisions\/1237788"}],"wp:featuredmedia":[{"embeddable":true,"href":"https:\/\/www.estrategiaconcursos.com.br\/blog\/wp-json\/wp\/v2\/media\/444273"}],"wp:attachment":[{"href":"https:\/\/www.estrategiaconcursos.com.br\/blog\/wp-json\/wp\/v2\/media?parent=617377"}],"wp:term":[{"taxonomy":"category","embeddable":true,"href":"https:\/\/www.estrategiaconcursos.com.br\/blog\/wp-json\/wp\/v2\/categories?post=617377"},{"taxonomy":"post_tag","embeddable":true,"href":"https:\/\/www.estrategiaconcursos.com.br\/blog\/wp-json\/wp\/v2\/tags?post=617377"},{"taxonomy":"tax_estado","embeddable":true,"href":"https:\/\/www.estrategiaconcursos.com.br\/blog\/wp-json\/wp\/v2\/tax_estado?post=617377"}],"curies":[{"name":"wp","href":"https:\/\/api.w.org\/{rel}","templated":true}]}}