{"id":617334,"date":"2020-11-26T07:35:03","date_gmt":"2020-11-26T10:35:03","guid":{"rendered":"https:\/\/www.estrategiaconcursos.com.br\/blog\/?p=617334"},"modified":"2023-07-10T11:47:15","modified_gmt":"2023-07-10T14:47:15","slug":"tcdf-novo-cronograma","status":"publish","type":"post","link":"https:\/\/www.estrategiaconcursos.com.br\/blog\/tcdf-novo-cronograma\/","title":{"rendered":"TCDF: retomado! Novo cronograma para Auditor de Controle Externo"},"content":{"rendered":"\n<p>O concurso TCDF, que visa ofertar 10 vagas para o cargo de Auditor de Controle Externo, foi retomado. A Presidente do Tribunal de Contas do Distrito Federal, Anilc\u00e9ia Machado,&nbsp;divulgou o novo cronograma da sele\u00e7\u00e3o. <\/p>\n\n\n\n<p>De acordo com a publica\u00e7\u00e3o, as inscri\u00e7\u00f5es estar\u00e3o abertas do dia 23 de dezembro de 2020 a 15 de janeiro de 2021. J\u00e1 a aplica\u00e7\u00e3o das provas objetiva e discursiva est\u00e3o agendadas para o dia 21 de fevereiro. Confira abaixo mais informa\u00e7\u00f5es: <\/p>\n\n\n\n<h3 class=\"wp-block-heading\" id=\"cronograma\">Novo cronograma TCDF<\/h3>\n\n\n\n<figure class=\"wp-block-table is-style-stripes\"><table class=\"has-background\" style=\"background-color:#fcf0ef\"><tbody><tr><td>Atividade<\/td><td>Datas\/per\u00edodos previstos*<\/td><\/tr><tr><td>Divulga\u00e7\u00e3o de link de consulta ao resultado provis\u00f3rio da solicita\u00e7\u00e3o de isen\u00e7\u00e3o de taxa<\/td><td>9\/12\/2020<\/td><\/tr><tr><td>Prazo para a interposi\u00e7\u00e3o de recursos contra o indeferimento da solicita\u00e7\u00e3o de isen\u00e7\u00e3o de taxa<\/td><td>10 e 11\/12\/2020 Das 10 horas do primeiro dia \u00e0s 18 horas do \u00faltimo dia (hor\u00e1rio oficial de Bras\u00edlia\/DF)<\/td><\/tr><tr><td>Divulga\u00e7\u00e3o de link de consulta ao resultado final da solicita\u00e7\u00e3o de isen\u00e7\u00e3o de taxa<\/td><td>22\/12\/2020<\/td><\/tr><tr><td>Per\u00edodo de solicita\u00e7\u00e3o de inscri\u00e7\u00e3o, de envio do laudo para concorrer como pessoa com defici\u00eancia (PCD) e de solicita\u00e7\u00e3o de atendimento especial<\/td><td>23\/12\/2020 a 15\/1\/2021 Das 10 horas do primeiro dia \u00e0s 18 horas do \u00faltimo dia (hor\u00e1rio oficial de Bras\u00edlia\/DF)<\/td><\/tr><tr><td>Disponibiliza\u00e7\u00e3o do link para a verifica\u00e7\u00e3o de deferimento da foto encaminhada na inscri\u00e7\u00e3o e prazo para novo envio de foto que atenda \u00e0s determina\u00e7\u00f5es do sistema<\/td><td>18 e 19\/1\/2021 Das 10 horas do primeiro dia \u00e0s 18 horas do \u00faltimo dia (hor\u00e1rio oficial de Bras\u00edlia\/DF)<\/td><\/tr><tr><td>Data limite para pagamento da taxa de inscri\u00e7\u00e3o<\/td><td>19\/1\/2021<\/td><\/tr><tr><td>Divulga\u00e7\u00e3o da rela\u00e7\u00e3o provis\u00f3ria dos candidatos que tiveram a inscri\u00e7\u00e3o deferida para concorrer na condi\u00e7\u00e3o de PCD e do link de consulta \u00e0 situa\u00e7\u00e3o provis\u00f3ria da solicita\u00e7\u00e3o de atendimento especial<\/td><td>26\/1\/2021<\/td><\/tr><tr><td>Prazo para a interposi\u00e7\u00e3o de recursos contra o indeferimento da solicita\u00e7\u00e3o de inscri\u00e7\u00e3o na condi\u00e7\u00e3o de PCD e contra o indeferimento da solicita\u00e7\u00e3o de atendimento especial<\/td><td>27 e 28\/1\/2021 Das 10 horas do primeiro dia \u00e0s 18 horas do \u00faltimo dia (hor\u00e1rio oficial de Bras\u00edlia\/DF)<\/td><\/tr><tr><td>Divulga\u00e7\u00e3o da rela\u00e7\u00e3o final dos candidatos que tiveram a inscri\u00e7\u00e3o deferida para concorrer na condi\u00e7\u00e3o de PCD e do link de consulta \u00e0 situa\u00e7\u00e3o da solicita\u00e7\u00e3o de atendimento especial, ap\u00f3s recursos<\/td><td>4\/2\/2021<\/td><\/tr><tr><td>Divulga\u00e7\u00e3o do edital que informar\u00e1 a disponibiliza\u00e7\u00e3o da consulta aos locais e aos hor\u00e1rios de realiza\u00e7\u00e3o da prova objetiva<\/td><td>9\/2\/2021<\/td><\/tr><tr><td>Aplica\u00e7\u00e3o das provas objetivas e da prova discursiva<\/td><td>21\/2\/2021<\/td><\/tr><tr><td>Divulga\u00e7\u00e3o do gabarito oficial preliminar das provas objetivas e do padr\u00e3o preliminar de respostas da prova discursiva<\/td><td>23\/2\/2021 A partir das 19 horas (hor\u00e1rio oficial de Bras\u00edlia\/DF)<\/td><\/tr><tr><td>Prazo para a interposi\u00e7\u00e3o de recursos contra o gabarito oficial preliminar das provas objetivas e a favor da manuten\u00e7\u00e3o do gabarito e contra o padr\u00e3o de respostas da prova discursiva<\/td><td>24\/2 a 9\/3\/2021 Das 10 horas do primeiro dia \u00e0s 18 horas do \u00faltimo dia (hor\u00e1rio oficial de Bras\u00edlia\/DF)<\/td><\/tr><tr><td>Divulga\u00e7\u00e3o do edital de resultado provis\u00f3rio na prova objetiva<\/td><td>29\/3\/2021<\/td><\/tr><tr><td>Prazo para a interposi\u00e7\u00e3o de recursos contra o resultado provis\u00f3rio na prova objetiva<\/td><td>30\/3 a 13\/4\/2021 Das 10 horas do primeiro dia \u00e0s 18 horas do \u00faltimo dia (hor\u00e1rio oficial de Bras\u00edlia\/DF)<\/td><\/tr><tr><td>Divulga\u00e7\u00e3o do edital de resultado final na prova objetiva e de resultado provis\u00f3rio na prova discursiva<\/td><td>23\/4\/2021<\/td><\/tr><tr><td>Prazo para a interposi\u00e7\u00e3o de recursos contra o resultado provis\u00f3rio na prova discursiva<\/td><td>26\/4 a 7\/5\/2021 Das 10 horas do primeiro dia \u00e0s 18 horas do \u00faltimo dia (hor\u00e1rio oficial de Bras\u00edlia\/DF)<\/td><\/tr><tr><td>Divulga\u00e7\u00e3o do edital de resultado final na prova discursiva e de convoca\u00e7\u00e3o para a avalia\u00e7\u00e3o biopsicossocial<\/td><td>24\/5\/2021<\/td><\/tr><tr><td>Realiza\u00e7\u00e3o da avalia\u00e7\u00e3o biopsicossocial<\/td><td>30\/5\/2021<\/td><\/tr><tr><td>Divulga\u00e7\u00e3o do edital de resultado provis\u00f3rio na avalia\u00e7\u00e3o biopsicossocial<\/td><td>10\/6\/2021<\/td><\/tr><tr><td>Prazo para a interposi\u00e7\u00e3o de recursos contra o resultado provis\u00f3rio na avalia\u00e7\u00e3o biopsicossocial<\/td><td>11 a 24\/6\/2021 Das 10 horas do primeiro dia \u00e0s 18 horas do \u00faltimo dia (hor\u00e1rio oficial de Bras\u00edlia\/DF)<\/td><\/tr><tr><td>Divulga\u00e7\u00e3o do edital de resultado final na avalia\u00e7\u00e3o biopsicossocial e de convoca\u00e7\u00e3o para o procedimento de heteroidentifica\u00e7\u00e3o complementar \u00e0 autodeclara\u00e7\u00e3o dos candidatos negros<\/td><td>2\/7\/2021<\/td><\/tr><tr><td>Realiza\u00e7\u00e3o do procedimento de heteroidentifica\u00e7\u00e3o complementar \u00e0 autodeclara\u00e7\u00e3o dos candidatos negros<\/td><td>11\/7\/2021<\/td><\/tr><tr><td>Divulga\u00e7\u00e3o do edital de resultado provis\u00f3rio no procedimento de heteroidentifica\u00e7\u00e3o complementar \u00e0 audodeclara\u00e7\u00e3o dos candidatos negros e de convoca\u00e7\u00e3o para o desempate de notas (se houver)<\/td><td>21\/7\/2021<\/td><\/tr><tr><td>Per\u00edodo para o envio da documenta\u00e7\u00e3o para o desempate de notas (se houver)<\/td><td>22 e 23\/7\/2021 Das 10 horas do primeiro dia \u00e0s 18 horas do \u00faltimo dia (hor\u00e1rio oficial de Bras\u00edlia\/DF)<\/td><\/tr><tr><td>Prazo para a interposi\u00e7\u00e3o de recursos contra o resultado provis\u00f3rio no procedimento de heteroidentifica\u00e7\u00e3o complementar \u00e0 autodeclara\u00e7\u00e3o dos candidatos negros<\/td><td>22\/7 a 4\/8\/2021 Das 10 horas do primeiro dia \u00e0s 18 horas do \u00faltimo dia (hor\u00e1rio oficial de Bras\u00edlia\/DF)<\/td><\/tr><tr><td>Divulga\u00e7\u00e3o do edital de resultado final no procedimento de heteroidentifica\u00e7\u00e3o complementar \u00e0 autodeclara\u00e7\u00e3o dos candidatos negros e de resultado provis\u00f3rio no desempate de notas (se houver)<\/td><td>13\/8\/2021<\/td><\/tr><tr><td>Prazo para a interposi\u00e7\u00e3o de recursos contra o resultado provis\u00f3rio no desempate de notas (se houver)<\/td><td>16 e 17\/8\/2021 Das 10 horas do primeiro dia \u00e0s 18 horas do \u00faltimo dia (hor\u00e1rio oficial de Bras\u00edlia\/DF)<\/td><\/tr><tr><td>Divulga\u00e7\u00e3o do edital de resultado final no desempate de notas (se houver) e de resultado final no concurso<\/td><td>24\/8\/2021<\/td><\/tr><tr><td>Nomea\u00e7\u00f5es<\/td><td>2\u00ba semestre de 2021<\/td><\/tr><\/tbody><\/table><\/figure>\n\n\n\n<p>A remunera\u00e7\u00e3o dos cargos de provimento efetivo da Carreira de Controle Externo do TCDF, conforme a Lei n\u00ba 4.356, \u00e9 formada pelas seguintes parcelas:<\/p>\n\n\n\n<ul class=\"wp-block-list\">\n<li>Vencimento b\u00e1sico;<\/li>\n\n\n\n<li>Gratifica\u00e7\u00e3o de Atividade da Carreira de Controle Externo (GACE);<\/li>\n\n\n\n<li>Adicional de Qualifica\u00e7\u00e3o;<\/li>\n\n\n\n<li>Vantagens pessoais nominalmente identificadas;<\/li>\n\n\n\n<li>Vantagens pessoais, gratifica\u00e7\u00f5es e adicionais estabelecidos em lei.<\/li>\n<\/ul>\n\n\n\n<p>A nova estrutura do plano de carreira passa a ter quatro classes com seis padr\u00f5es cada. Al\u00e9m disso, o valor inicial do vencimento para o cargo de Auditor passou de R$ 18 mil para R$ 16 mil.<\/p>\n\n\n\n<p class=\"has-text-align-center\"><strong>Quer saber mais sobre o concurso? Clique no link abaixo e fique por dentro de tudo!<\/strong><\/p>\n\n\n\n<p class=\"has-text-align-center has-light-green-cyan-background-color has-background has-medium-font-size\"><strong>Saiba mais: <a href=\"https:\/\/www.estrategiaconcursos.com.br\/blog\/concurso-tcdf\/\" target=\"_blank\" rel=\"noreferrer noopener\">Concurso TCDF<\/a><\/strong><\/p>\n\n\n\n<h2 class=\"wp-block-heading has-text-align-center\"><em>Quer estudar para o Concurso TCDF?<\/em><\/h2>\n\n\n\n<div class=\"container\" id=\"boxes\">\n  <div class=\"row\">\n\n    <div class=\"col-sm\">\n      <div class=\"banner-tcg\" id=\"box-assinatura\">\n        <h3 class=\"titulo-assinatura\">Cursos TCDF<\/h3>\n        <p class=\"subtitulo-assinatura\">Conhe\u00e7a os cursos<\/p>\n        <div class=\"box-botao\">\n          <a class=\"btn-assinatura\" target=\"_blank\" href=\"https:\/\/www.estrategiaconcursos.com.br\/cursosPorConcurso\/tribunal-de-contas-do-distrito-federal-tcdf\/\" role=\"button\" rel=\"noopener noreferrer\">Conhe\u00e7a mais<\/a>\n        <\/div>\n      <\/div>\n      <p class=\"texto-auxiliar\">Prepare-se com o melhor material e com quem mais aprova em Concursos P\u00fablicos em todo o pa\u00eds. Assine agora a nossa Assinatura Anual e tenha acesso ilimitado* a todos os nossos cursos.<\/p>\n    <\/div>\n\n  <\/div>\n<\/div>\n\n\n\n<div class=\"container\" id=\"boxes\">\n  <div class=\"row\">\n\n    <div class=\"col-sm\">\n      <div class=\"estrategia\" id=\"box-assinatura\">\n        <h3 class=\"titulo-assinatura\">Assinatura Ilimitada<\/h3>\n        <p class=\"subtitulo-assinatura\">Assinatura Anual Ilimitada*<\/p>\n        <div class=\"box-botao\">\n          <a class=\"btn-assinatura\" target=\"_blank\" href=\"https:\/\/www.estrategiaconcursos.com.br\/assinaturas\/\" role=\"button\" rel=\"noopener noreferrer\">ASSINE AGORA<\/a>\n        <\/div>\n      <\/div>\n      <p class=\"texto-auxiliar\">Prepare-se com o melhor material e com quem mais aprova em Concursos P\u00fablicos em todo o pa\u00eds. Assine agora a nossa Assinatura Anual e tenha acesso ilimitado* a todos os nossos cursos.<\/p>\n    <\/div>\n\n    <div class=\"col-sm\">\n      <div class=\"questoes\" id=\"box-assinatura\">\n        <h3 class=\"titulo-assinatura\">Sistema de Quest\u00f5es<\/h3>\n        <p class=\"subtitulo-assinatura\">Assinatura Ilimitada*\n<\/p>\n        <div class=\"box-botao\">\n          <a class=\"btn-assinatura\" target=\"_blank\" href=\"https:\/\/questoes.estrategiaconcursos.com.br\/\" role=\"button\" rel=\"noopener noreferrer\">ASSINE AGORA<\/a>\n        <\/div>\n      <\/div>\n      <p class=\"texto-auxiliar\">Estrat\u00e9gia Quest\u00f5es nasceu maior do que todos os concorrentes, com mais quest\u00f5es cadastradas e mais solu\u00e7\u00f5es por professores. Clique no link e aproveite os descontos e b\u00f4nus imperd\u00edveis!<\/p>\n    <\/div>\n  <\/div>\n<\/div>\n","protected":false},"excerpt":{"rendered":"<p>O concurso TCDF, que visa ofertar 10 vagas para o cargo de Auditor de Controle Externo, foi retomado. A Presidente do Tribunal de Contas do Distrito Federal, Anilc\u00e9ia Machado,&nbsp;divulgou o novo cronograma da sele\u00e7\u00e3o. De acordo com a publica\u00e7\u00e3o, as inscri\u00e7\u00f5es estar\u00e3o abertas do dia 23 de dezembro de 2020 a 15 de janeiro de [&hellip;]<\/p>\n","protected":false},"author":129,"featured_media":596964,"comment_status":"open","ping_status":"closed","sticky":false,"template":"","format":"standard","meta":{"post_tipo":"article","footnotes":""},"categories":[1,214710],"tags":[],"tax_estado":[219970],"class_list":["post-617334","post","type-post","status-publish","format-standard","has-post-thumbnail","hentry","category-cursos-e-concursos","category-tribunais-de-contas","tax_estado-df"],"acf":[],"yoast_head":"<!-- This site is optimized with the Yoast SEO Premium plugin v27.2 (Yoast SEO v27.2) - https:\/\/yoast.com\/product\/yoast-seo-premium-wordpress\/ -->\n<title>TCDF: retomado! Novo cronograma para Auditor de Controle Externo<\/title>\n<meta name=\"description\" content=\"O concurso TCDF que visa ofertar vagas para o cargo de Auditor de Controle Externo foi retomado. O \u00f3rg\u00e3o j\u00e1 divulgou o novo cronograma. Confira!\" \/>\n<meta name=\"robots\" content=\"index, follow, max-snippet:-1, max-image-preview:large, max-video-preview:-1\" \/>\n<link rel=\"canonical\" href=\"https:\/\/www.estrategiaconcursos.com.br\/blog\/tcdf-novo-cronograma\/\" \/>\n<meta property=\"og:locale\" content=\"pt_BR\" \/>\n<meta property=\"og:type\" content=\"article\" \/>\n<meta property=\"og:title\" content=\"TCDF: retomado! Novo cronograma para Auditor de Controle Externo\" \/>\n<meta property=\"og:description\" content=\"O concurso TCDF que visa ofertar vagas para o cargo de Auditor de Controle Externo foi retomado. O \u00f3rg\u00e3o j\u00e1 divulgou o novo cronograma. Confira!\" \/>\n<meta property=\"og:url\" content=\"https:\/\/www.estrategiaconcursos.com.br\/blog\/tcdf-novo-cronograma\/\" \/>\n<meta property=\"og:site_name\" content=\"Estrat\u00e9gia Concursos\" \/>\n<meta property=\"article:published_time\" content=\"2020-11-26T10:35:03+00:00\" \/>\n<meta property=\"article:modified_time\" content=\"2023-07-10T14:47:15+00:00\" \/>\n<meta property=\"og:image\" content=\"https:\/\/dhg1h5j42swfq.cloudfront.net\/2020\/10\/26173532\/TCDF-Tribunal-de-Contas-do-DF.png\" \/>\n\t<meta property=\"og:image:width\" content=\"1200\" \/>\n\t<meta property=\"og:image:height\" content=\"628\" \/>\n\t<meta property=\"og:image:type\" content=\"image\/png\" \/>\n<meta name=\"author\" content=\"Herbert Almeida\" \/>\n<meta name=\"twitter:card\" content=\"summary_large_image\" \/>\n<meta name=\"twitter:creator\" content=\"@EstratConcursos\" \/>\n<meta name=\"twitter:site\" content=\"@EstratConcursos\" \/>\n<meta name=\"twitter:label1\" content=\"Escrito por\" \/>\n\t<meta name=\"twitter:data1\" content=\"Herbert Almeida\" \/>\n\t<meta name=\"twitter:label2\" content=\"Est. tempo de leitura\" \/>\n\t<meta name=\"twitter:data2\" content=\"6 minutos\" \/>\n<script type=\"application\/ld+json\" class=\"yoast-schema-graph\">{\"@context\":\"https:\/\/schema.org\",\"@graph\":[{\"@type\":\"NewsArticle\",\"@id\":\"https:\/\/www.estrategiaconcursos.com.br\/blog\/tcdf-novo-cronograma\/#article\",\"isPartOf\":{\"@id\":\"https:\/\/www.estrategiaconcursos.com.br\/blog\/tcdf-novo-cronograma\/\"},\"author\":{\"name\":\"Herbert Almeida\",\"@id\":\"https:\/\/www.estrategiaconcursos.com.br\/blog\/#\/schema\/person\/59717c75350fa01aa0fd68a52a8d02e0\"},\"headline\":\"TCDF: retomado! Novo cronograma para Auditor de Controle Externo\",\"datePublished\":\"2020-11-26T10:35:03+00:00\",\"dateModified\":\"2023-07-10T14:47:15+00:00\",\"mainEntityOfPage\":{\"@id\":\"https:\/\/www.estrategiaconcursos.com.br\/blog\/tcdf-novo-cronograma\/\"},\"wordCount\":1146,\"commentCount\":0,\"publisher\":{\"@id\":\"https:\/\/www.estrategiaconcursos.com.br\/blog\/#organization\"},\"image\":{\"@id\":\"https:\/\/www.estrategiaconcursos.com.br\/blog\/tcdf-novo-cronograma\/#primaryimage\"},\"thumbnailUrl\":\"https:\/\/dhg1h5j42swfq.cloudfront.net\/2020\/10\/26173532\/TCDF-Tribunal-de-Contas-do-DF.png\",\"articleSection\":[\"Concursos P\u00fablicos\",\"Tribunais de Contas (TCU, TCE, TCM)\"],\"inLanguage\":\"pt-BR\",\"potentialAction\":[{\"@type\":\"CommentAction\",\"name\":\"Comment\",\"target\":[\"https:\/\/www.estrategiaconcursos.com.br\/blog\/tcdf-novo-cronograma\/#respond\"]}],\"copyrightYear\":\"2020\",\"copyrightHolder\":{\"@id\":\"https:\/\/www.estrategiaconcursos.com.br\/blog\/#organization\"}},{\"@type\":\"WebPage\",\"@id\":\"https:\/\/www.estrategiaconcursos.com.br\/blog\/tcdf-novo-cronograma\/\",\"url\":\"https:\/\/www.estrategiaconcursos.com.br\/blog\/tcdf-novo-cronograma\/\",\"name\":\"TCDF: retomado! Novo cronograma para Auditor de Controle Externo\",\"isPartOf\":{\"@id\":\"https:\/\/www.estrategiaconcursos.com.br\/blog\/#website\"},\"primaryImageOfPage\":{\"@id\":\"https:\/\/www.estrategiaconcursos.com.br\/blog\/tcdf-novo-cronograma\/#primaryimage\"},\"image\":{\"@id\":\"https:\/\/www.estrategiaconcursos.com.br\/blog\/tcdf-novo-cronograma\/#primaryimage\"},\"thumbnailUrl\":\"https:\/\/dhg1h5j42swfq.cloudfront.net\/2020\/10\/26173532\/TCDF-Tribunal-de-Contas-do-DF.png\",\"datePublished\":\"2020-11-26T10:35:03+00:00\",\"dateModified\":\"2023-07-10T14:47:15+00:00\",\"description\":\"O concurso TCDF que visa ofertar vagas para o cargo de Auditor de Controle Externo foi retomado. O \u00f3rg\u00e3o j\u00e1 divulgou o novo cronograma. Confira!\",\"breadcrumb\":{\"@id\":\"https:\/\/www.estrategiaconcursos.com.br\/blog\/tcdf-novo-cronograma\/#breadcrumb\"},\"inLanguage\":\"pt-BR\",\"potentialAction\":[{\"@type\":\"ReadAction\",\"target\":[\"https:\/\/www.estrategiaconcursos.com.br\/blog\/tcdf-novo-cronograma\/\"]}]},{\"@type\":\"ImageObject\",\"inLanguage\":\"pt-BR\",\"@id\":\"https:\/\/www.estrategiaconcursos.com.br\/blog\/tcdf-novo-cronograma\/#primaryimage\",\"url\":\"https:\/\/dhg1h5j42swfq.cloudfront.net\/2020\/10\/26173532\/TCDF-Tribunal-de-Contas-do-DF.png\",\"contentUrl\":\"https:\/\/dhg1h5j42swfq.cloudfront.net\/2020\/10\/26173532\/TCDF-Tribunal-de-Contas-do-DF.png\",\"width\":1200,\"height\":628,\"caption\":\"Tribunal de Contas do DF\"},{\"@type\":\"BreadcrumbList\",\"@id\":\"https:\/\/www.estrategiaconcursos.com.br\/blog\/tcdf-novo-cronograma\/#breadcrumb\",\"itemListElement\":[{\"@type\":\"ListItem\",\"position\":1,\"name\":\"In\u00edcio\",\"item\":\"https:\/\/www.estrategiaconcursos.com.br\/blog\/\"},{\"@type\":\"ListItem\",\"position\":2,\"name\":\"TCDF: retomado! Novo cronograma para Auditor de Controle Externo\"}]},{\"@type\":\"WebSite\",\"@id\":\"https:\/\/www.estrategiaconcursos.com.br\/blog\/#website\",\"url\":\"https:\/\/www.estrategiaconcursos.com.br\/blog\/\",\"name\":\"Estrat\u00e9gia Concursos\",\"description\":\"O blog da Estrat\u00e9gia Concursos traz not\u00edcias sobre concursos e artigos de professores oferecendo cursos para concursos (pdf + videaulas) no site.\",\"publisher\":{\"@id\":\"https:\/\/www.estrategiaconcursos.com.br\/blog\/#organization\"},\"potentialAction\":[{\"@type\":\"SearchAction\",\"target\":{\"@type\":\"EntryPoint\",\"urlTemplate\":\"https:\/\/www.estrategiaconcursos.com.br\/blog\/?s={search_term_string}\"},\"query-input\":{\"@type\":\"PropertyValueSpecification\",\"valueRequired\":true,\"valueName\":\"search_term_string\"}}],\"inLanguage\":\"pt-BR\"},{\"@type\":\"Organization\",\"@id\":\"https:\/\/www.estrategiaconcursos.com.br\/blog\/#organization\",\"name\":\"Estrat\u00e9gia Concursos\",\"url\":\"https:\/\/www.estrategiaconcursos.com.br\/blog\/\",\"logo\":{\"@type\":\"ImageObject\",\"inLanguage\":\"pt-BR\",\"@id\":\"https:\/\/www.estrategiaconcursos.com.br\/blog\/#\/schema\/logo\/image\/\",\"url\":\"https:\/\/dhg1h5j42swfq.cloudfront.net\/2025\/06\/03203428\/logo_concursos-1.jpg\",\"contentUrl\":\"https:\/\/dhg1h5j42swfq.cloudfront.net\/2025\/06\/03203428\/logo_concursos-1.jpg\",\"width\":230,\"height\":60,\"caption\":\"Estrat\u00e9gia Concursos\"},\"image\":{\"@id\":\"https:\/\/www.estrategiaconcursos.com.br\/blog\/#\/schema\/logo\/image\/\"},\"sameAs\":[\"https:\/\/x.com\/EstratConcursos\"]},{\"@type\":\"Person\",\"@id\":\"https:\/\/www.estrategiaconcursos.com.br\/blog\/#\/schema\/person\/59717c75350fa01aa0fd68a52a8d02e0\",\"name\":\"Herbert Almeida\",\"image\":{\"@type\":\"ImageObject\",\"inLanguage\":\"pt-BR\",\"@id\":\"https:\/\/secure.gravatar.com\/avatar\/b6461a43893c24d5fc91efc433971ffec025c84c0341129f4578034d77f9a536?s=96&d=mm&r=g\",\"url\":\"https:\/\/secure.gravatar.com\/avatar\/b6461a43893c24d5fc91efc433971ffec025c84c0341129f4578034d77f9a536?s=96&d=mm&r=g\",\"contentUrl\":\"https:\/\/secure.gravatar.com\/avatar\/b6461a43893c24d5fc91efc433971ffec025c84c0341129f4578034d77f9a536?s=96&d=mm&r=g\",\"caption\":\"Herbert Almeida\"},\"url\":\"https:\/\/www.estrategiaconcursos.com.br\/blog\/author\/herbertestrategiaconcursos-com-br\/\"}]}<\/script>\n<!-- \/ Yoast SEO Premium plugin. -->","yoast_head_json":{"title":"TCDF: retomado! Novo cronograma para Auditor de Controle Externo","description":"O concurso TCDF que visa ofertar vagas para o cargo de Auditor de Controle Externo foi retomado. O \u00f3rg\u00e3o j\u00e1 divulgou o novo cronograma. Confira!","robots":{"index":"index","follow":"follow","max-snippet":"max-snippet:-1","max-image-preview":"max-image-preview:large","max-video-preview":"max-video-preview:-1"},"canonical":"https:\/\/www.estrategiaconcursos.com.br\/blog\/tcdf-novo-cronograma\/","og_locale":"pt_BR","og_type":"article","og_title":"TCDF: retomado! Novo cronograma para Auditor de Controle Externo","og_description":"O concurso TCDF que visa ofertar vagas para o cargo de Auditor de Controle Externo foi retomado. O \u00f3rg\u00e3o j\u00e1 divulgou o novo cronograma. Confira!","og_url":"https:\/\/www.estrategiaconcursos.com.br\/blog\/tcdf-novo-cronograma\/","og_site_name":"Estrat\u00e9gia Concursos","article_published_time":"2020-11-26T10:35:03+00:00","article_modified_time":"2023-07-10T14:47:15+00:00","og_image":[{"width":1200,"height":628,"url":"https:\/\/dhg1h5j42swfq.cloudfront.net\/2020\/10\/26173532\/TCDF-Tribunal-de-Contas-do-DF.png","type":"image\/png"}],"author":"Herbert Almeida","twitter_card":"summary_large_image","twitter_creator":"@EstratConcursos","twitter_site":"@EstratConcursos","twitter_misc":{"Escrito por":"Herbert Almeida","Est. tempo de leitura":"6 minutos"},"schema":{"@context":"https:\/\/schema.org","@graph":[{"@type":"NewsArticle","@id":"https:\/\/www.estrategiaconcursos.com.br\/blog\/tcdf-novo-cronograma\/#article","isPartOf":{"@id":"https:\/\/www.estrategiaconcursos.com.br\/blog\/tcdf-novo-cronograma\/"},"author":{"name":"Herbert Almeida","@id":"https:\/\/www.estrategiaconcursos.com.br\/blog\/#\/schema\/person\/59717c75350fa01aa0fd68a52a8d02e0"},"headline":"TCDF: retomado! Novo cronograma para Auditor de Controle Externo","datePublished":"2020-11-26T10:35:03+00:00","dateModified":"2023-07-10T14:47:15+00:00","mainEntityOfPage":{"@id":"https:\/\/www.estrategiaconcursos.com.br\/blog\/tcdf-novo-cronograma\/"},"wordCount":1146,"commentCount":0,"publisher":{"@id":"https:\/\/www.estrategiaconcursos.com.br\/blog\/#organization"},"image":{"@id":"https:\/\/www.estrategiaconcursos.com.br\/blog\/tcdf-novo-cronograma\/#primaryimage"},"thumbnailUrl":"https:\/\/dhg1h5j42swfq.cloudfront.net\/2020\/10\/26173532\/TCDF-Tribunal-de-Contas-do-DF.png","articleSection":["Concursos P\u00fablicos","Tribunais de Contas (TCU, TCE, TCM)"],"inLanguage":"pt-BR","potentialAction":[{"@type":"CommentAction","name":"Comment","target":["https:\/\/www.estrategiaconcursos.com.br\/blog\/tcdf-novo-cronograma\/#respond"]}],"copyrightYear":"2020","copyrightHolder":{"@id":"https:\/\/www.estrategiaconcursos.com.br\/blog\/#organization"}},{"@type":"WebPage","@id":"https:\/\/www.estrategiaconcursos.com.br\/blog\/tcdf-novo-cronograma\/","url":"https:\/\/www.estrategiaconcursos.com.br\/blog\/tcdf-novo-cronograma\/","name":"TCDF: retomado! Novo cronograma para Auditor de Controle Externo","isPartOf":{"@id":"https:\/\/www.estrategiaconcursos.com.br\/blog\/#website"},"primaryImageOfPage":{"@id":"https:\/\/www.estrategiaconcursos.com.br\/blog\/tcdf-novo-cronograma\/#primaryimage"},"image":{"@id":"https:\/\/www.estrategiaconcursos.com.br\/blog\/tcdf-novo-cronograma\/#primaryimage"},"thumbnailUrl":"https:\/\/dhg1h5j42swfq.cloudfront.net\/2020\/10\/26173532\/TCDF-Tribunal-de-Contas-do-DF.png","datePublished":"2020-11-26T10:35:03+00:00","dateModified":"2023-07-10T14:47:15+00:00","description":"O concurso TCDF que visa ofertar vagas para o cargo de Auditor de Controle Externo foi retomado. O \u00f3rg\u00e3o j\u00e1 divulgou o novo cronograma. Confira!","breadcrumb":{"@id":"https:\/\/www.estrategiaconcursos.com.br\/blog\/tcdf-novo-cronograma\/#breadcrumb"},"inLanguage":"pt-BR","potentialAction":[{"@type":"ReadAction","target":["https:\/\/www.estrategiaconcursos.com.br\/blog\/tcdf-novo-cronograma\/"]}]},{"@type":"ImageObject","inLanguage":"pt-BR","@id":"https:\/\/www.estrategiaconcursos.com.br\/blog\/tcdf-novo-cronograma\/#primaryimage","url":"https:\/\/dhg1h5j42swfq.cloudfront.net\/2020\/10\/26173532\/TCDF-Tribunal-de-Contas-do-DF.png","contentUrl":"https:\/\/dhg1h5j42swfq.cloudfront.net\/2020\/10\/26173532\/TCDF-Tribunal-de-Contas-do-DF.png","width":1200,"height":628,"caption":"Tribunal de Contas do DF"},{"@type":"BreadcrumbList","@id":"https:\/\/www.estrategiaconcursos.com.br\/blog\/tcdf-novo-cronograma\/#breadcrumb","itemListElement":[{"@type":"ListItem","position":1,"name":"In\u00edcio","item":"https:\/\/www.estrategiaconcursos.com.br\/blog\/"},{"@type":"ListItem","position":2,"name":"TCDF: retomado! Novo cronograma para Auditor de Controle Externo"}]},{"@type":"WebSite","@id":"https:\/\/www.estrategiaconcursos.com.br\/blog\/#website","url":"https:\/\/www.estrategiaconcursos.com.br\/blog\/","name":"Estrat\u00e9gia Concursos","description":"O blog da Estrat\u00e9gia Concursos traz not\u00edcias sobre concursos e artigos de professores oferecendo cursos para concursos (pdf + videaulas) no site.","publisher":{"@id":"https:\/\/www.estrategiaconcursos.com.br\/blog\/#organization"},"potentialAction":[{"@type":"SearchAction","target":{"@type":"EntryPoint","urlTemplate":"https:\/\/www.estrategiaconcursos.com.br\/blog\/?s={search_term_string}"},"query-input":{"@type":"PropertyValueSpecification","valueRequired":true,"valueName":"search_term_string"}}],"inLanguage":"pt-BR"},{"@type":"Organization","@id":"https:\/\/www.estrategiaconcursos.com.br\/blog\/#organization","name":"Estrat\u00e9gia Concursos","url":"https:\/\/www.estrategiaconcursos.com.br\/blog\/","logo":{"@type":"ImageObject","inLanguage":"pt-BR","@id":"https:\/\/www.estrategiaconcursos.com.br\/blog\/#\/schema\/logo\/image\/","url":"https:\/\/dhg1h5j42swfq.cloudfront.net\/2025\/06\/03203428\/logo_concursos-1.jpg","contentUrl":"https:\/\/dhg1h5j42swfq.cloudfront.net\/2025\/06\/03203428\/logo_concursos-1.jpg","width":230,"height":60,"caption":"Estrat\u00e9gia Concursos"},"image":{"@id":"https:\/\/www.estrategiaconcursos.com.br\/blog\/#\/schema\/logo\/image\/"},"sameAs":["https:\/\/x.com\/EstratConcursos"]},{"@type":"Person","@id":"https:\/\/www.estrategiaconcursos.com.br\/blog\/#\/schema\/person\/59717c75350fa01aa0fd68a52a8d02e0","name":"Herbert Almeida","image":{"@type":"ImageObject","inLanguage":"pt-BR","@id":"https:\/\/secure.gravatar.com\/avatar\/b6461a43893c24d5fc91efc433971ffec025c84c0341129f4578034d77f9a536?s=96&d=mm&r=g","url":"https:\/\/secure.gravatar.com\/avatar\/b6461a43893c24d5fc91efc433971ffec025c84c0341129f4578034d77f9a536?s=96&d=mm&r=g","contentUrl":"https:\/\/secure.gravatar.com\/avatar\/b6461a43893c24d5fc91efc433971ffec025c84c0341129f4578034d77f9a536?s=96&d=mm&r=g","caption":"Herbert Almeida"},"url":"https:\/\/www.estrategiaconcursos.com.br\/blog\/author\/herbertestrategiaconcursos-com-br\/"}]}},"_links":{"self":[{"href":"https:\/\/www.estrategiaconcursos.com.br\/blog\/wp-json\/wp\/v2\/posts\/617334","targetHints":{"allow":["GET"]}}],"collection":[{"href":"https:\/\/www.estrategiaconcursos.com.br\/blog\/wp-json\/wp\/v2\/posts"}],"about":[{"href":"https:\/\/www.estrategiaconcursos.com.br\/blog\/wp-json\/wp\/v2\/types\/post"}],"author":[{"embeddable":true,"href":"https:\/\/www.estrategiaconcursos.com.br\/blog\/wp-json\/wp\/v2\/users\/129"}],"replies":[{"embeddable":true,"href":"https:\/\/www.estrategiaconcursos.com.br\/blog\/wp-json\/wp\/v2\/comments?post=617334"}],"version-history":[{"count":16,"href":"https:\/\/www.estrategiaconcursos.com.br\/blog\/wp-json\/wp\/v2\/posts\/617334\/revisions"}],"predecessor-version":[{"id":1245830,"href":"https:\/\/www.estrategiaconcursos.com.br\/blog\/wp-json\/wp\/v2\/posts\/617334\/revisions\/1245830"}],"wp:featuredmedia":[{"embeddable":true,"href":"https:\/\/www.estrategiaconcursos.com.br\/blog\/wp-json\/wp\/v2\/media\/596964"}],"wp:attachment":[{"href":"https:\/\/www.estrategiaconcursos.com.br\/blog\/wp-json\/wp\/v2\/media?parent=617334"}],"wp:term":[{"taxonomy":"category","embeddable":true,"href":"https:\/\/www.estrategiaconcursos.com.br\/blog\/wp-json\/wp\/v2\/categories?post=617334"},{"taxonomy":"post_tag","embeddable":true,"href":"https:\/\/www.estrategiaconcursos.com.br\/blog\/wp-json\/wp\/v2\/tags?post=617334"},{"taxonomy":"tax_estado","embeddable":true,"href":"https:\/\/www.estrategiaconcursos.com.br\/blog\/wp-json\/wp\/v2\/tax_estado?post=617334"}],"curies":[{"name":"wp","href":"https:\/\/api.w.org\/{rel}","templated":true}]}}