{"id":617074,"date":"2021-03-01T00:32:00","date_gmt":"2021-03-01T03:32:00","guid":{"rendered":"https:\/\/www.estrategiaconcursos.com.br\/blog\/?p=617074"},"modified":"2022-04-18T13:48:51","modified_gmt":"2022-04-18T16:48:51","slug":"residencia-profissional-unirio","status":"publish","type":"post","link":"https:\/\/www.estrategiaconcursos.com.br\/blog\/residencia-profissional-unirio\/","title":{"rendered":"Resid\u00eancia Multiprofissional UniRio: resultado final divulgado"},"content":{"rendered":"\n<p>Os aprovados na <strong>Resid\u00eancia Multiprofissional UniRio<\/strong> foram convocados. Ao todo, foram publicadas duas reclassifica\u00e7\u00f5es.<\/p>\n\n\n\n<p>Al\u00e9m disso, o resultado final da Resid\u00eancia Multiprofissional UniRio foi divulgado. Foram ofertadas <strong>14 vagas<\/strong>, distribu\u00eddas pelas seguintes \u00e1reas: Enfermagem, Fisioterapia, Fonoaudiologia e Nutri\u00e7\u00e3o. <\/p>\n\n\n\n<ul class=\"wp-block-list\"><li><strong><a href=\"https:\/\/dhg1h5j42swfq.cloudfront.net\/2022\/04\/18130743\/resultado-final-residencia.pdf\" target=\"_blank\" rel=\"noreferrer noopener nofollow\">Resultado final da Resid\u00eancia Multiprofissional UniRio<\/a><\/strong><\/li><\/ul>\n\n\n\n<ul class=\"has-background wp-block-list\" style=\"background:linear-gradient(135deg,rgb(251,255,248) 0%,rgb(182,227,212) 50%,rgb(51,167,181) 100%)\"><li><strong>Resid\u00eancia Multiprofissional UniRio<\/strong><\/li><li><strong>Vagas:<\/strong> 14<\/li><li><strong>Especialidades<\/strong>: diversas<\/li><li><strong>Sal\u00e1rio inicial:<\/strong> R$ 3.330,43<\/li><li><strong>Edital:<\/strong> <a href=\"https:\/\/dhg1h5j42swfq.cloudfront.net\/2020\/11\/25162624\/Edital-Residencia-Multiprofissional-em-Saude_Versao-Final_09_11_2020.pdf\" target=\"_blank\" rel=\"noreferrer noopener\">Resid\u00eancia UniRio 2020<\/a><\/li><\/ul>\n\n\n\n<p id=\"indice\">A fim de te deixar sempre bem informado, elaboramos este artigo com as principais informa\u00e7\u00f5es e novidades sobre a sele\u00e7\u00e3o. Acompanhe os t\u00f3picos abaixo e n\u00e3o perca nenhum detalhe!<\/p>\n\n\n\n<ul class=\"wp-block-list\"><li><strong><a href=\"#situacao\">Situa\u00e7\u00e3o atual<\/a><\/strong><\/li><li><strong><a href=\"#cargos\">Cargos e vagas<\/a><\/strong><\/li><li><strong><a href=\"#etapas\">Etapas e provas<\/a><\/strong><ul><li><strong><a href=\"#objetiva\">Prova objetiva<\/a><\/strong><\/li><\/ul><\/li><li><strong><a href=\"#curso\">Cursos e assinaturas<\/a><\/strong><\/li><li><strong><a href=\"#ficha\">Ficha t\u00e9cnica<\/a><\/strong><\/li><\/ul>\n\n\n\n<div class=\"container\" id=\"boxes\">\n  <div class=\"row\">\n\n    <div class=\"col-sm\">\n      <div class=\"banner-medicina\" id=\"box-assinatura\">\n        <h3 class=\"titulo-assinatura\">Resid\u00eancia UniRio<\/h3>\n        <p class=\"subtitulo-assinatura\">Conhe\u00e7a os cursos<\/p>\n        <div class=\"box-botao\">\n          <a class=\"btn-assinatura\" target=\"_blank\" href=\"https:\/\/www.estrategiaconcursos.com.br\/cursosPorConcurso\/cursos-da-saude\/\" role=\"button\" rel=\"noopener noreferrer\">Conhe\u00e7a mais<\/a>\n        <\/div>\n      <\/div>\n    \n\n  <\/div>\n<\/div><\/div>\n\n\n\n<h2 class=\"has-background wp-block-heading\" id=\"situacao\" style=\"background-color:#b6e3d4\">Resid\u00eancia Multiprofissional UniRio: status atual<\/h2>\n\n\n\n<p>Os aprovados na Resid\u00eancia Multiprofissional UniRio foram convocados para assumir as vagas do programa. A resid\u00eancia tem dura\u00e7\u00e3o de dois anos, com jornada semanal de 60h.<\/p>\n\n\n\n<h2 class=\"wp-block-heading\" id=\"cargos\">Cargos e vagas do edital Resid\u00eancia Multiprofissional UniRio<\/h2>\n\n\n\n<figure class=\"wp-block-table is-style-stripes\"><table class=\"has-background has-fixed-layout\" style=\"background-color:#e7f5fe\"><tbody><tr><td><strong>\u00c1reas<\/strong><\/td><td class=\"has-text-align-center\" data-align=\"center\"><strong>Vagas Ampla<br \/>Concorr\u00eancia<\/strong><\/td><td class=\"has-text-align-center\" data-align=\"center\"><strong>Reserva Vagas PcD<\/strong><\/td><td class=\"has-text-align-center\" data-align=\"center\"><strong>Reserva Vagas<br \/>Candidatos<br \/>Negros<\/strong><\/td><td class=\"has-text-align-center\" data-align=\"center\"><strong>Total de<br \/>Vagas por<br \/>\u00c1rea<\/strong><\/td><\/tr><tr><td>Enfermagem<\/td><td class=\"has-text-align-center\" data-align=\"center\">3<\/td><td class=\"has-text-align-center\" data-align=\"center\">1<\/td><td class=\"has-text-align-center\" data-align=\"center\">1<\/td><td class=\"has-text-align-center\" data-align=\"center\"><strong>5<\/strong><\/td><\/tr><tr><td>Fisioterapia<\/td><td class=\"has-text-align-center\" data-align=\"center\">2<\/td><td class=\"has-text-align-center\" data-align=\"center\">&#8211;<\/td><td class=\"has-text-align-center\" data-align=\"center\">1<\/td><td class=\"has-text-align-center\" data-align=\"center\"><strong>3<\/strong><\/td><\/tr><tr><td>Fonoaudiologia<\/td><td class=\"has-text-align-center\" data-align=\"center\">2<\/td><td class=\"has-text-align-center\" data-align=\"center\">&#8211;<\/td><td class=\"has-text-align-center\" data-align=\"center\">1<\/td><td class=\"has-text-align-center\" data-align=\"center\"><strong>3<\/strong><\/td><\/tr><tr><td>Nutri\u00e7\u00e3o<\/td><td class=\"has-text-align-center\" data-align=\"center\">2<\/td><td class=\"has-text-align-center\" data-align=\"center\">&#8211;<\/td><td class=\"has-text-align-center\" data-align=\"center\">1<\/td><td class=\"has-text-align-center\" data-align=\"center\"><strong>3<\/strong><\/td><\/tr><tr><td><strong>TOTAL DE<br \/>VAGAS<\/strong><\/td><td class=\"has-text-align-center\" data-align=\"center\"><strong>09<\/strong><\/td><td class=\"has-text-align-center\" data-align=\"center\"><strong>1<\/strong><\/td><td class=\"has-text-align-center\" data-align=\"center\"><strong>4<\/strong><\/td><td class=\"has-text-align-center\" data-align=\"center\"><strong>14<\/strong><\/td><\/tr><\/tbody><\/table><figcaption>Quadro de Vagas Resid\u00eancia Profissional UniRio<\/figcaption><\/figure>\n\n\n\n<h3 class=\"wp-block-heading\" id=\"remuneracao\">Remunera\u00e7\u00e3o<\/h3>\n\n\n\n<p>Aos m\u00e9dicos residentes matriculados em regime especial de treinamento, em servi\u00e7o de 60 (sessenta) horas semanais, \u00e9 assegurada bolsa de estudos no valor estipulado pela legisla\u00e7\u00e3o CNRM\/SESU\/MEC, Lei n\u00ba 12.514, de 28 de outubro de 2011 e Portaria Interministerial n\u00ba 3, de 16.03.2016. <\/p>\n\n\n\n<p>Entretanto, ser\u00e1 realizado o desconto de INSS no valor de 20%, que \u00e9 o definido para as entidades filantr\u00f3picas, dos residentes de alguns programas, que recebem as bolsas pela Institui\u00e7\u00e3o, segundo a lei de Isen\u00e7\u00f5es Fiscais<\/p>\n\n\n\n<h2 class=\"wp-block-heading\" id=\"etapas\">Etapas e provas da Resid\u00eancia Multiprofissional UniRio<\/h2>\n\n\n\n<p>O concurso foi realizado em uma \u00fanica fase, com a aplica\u00e7\u00e3o de uma Prova Objetiva, composta de quest\u00f5es de m\u00faltipla escolha, com car\u00e1ter eliminat\u00f3rio e classificat\u00f3rio.<\/p>\n\n\n\n<h3 class=\"wp-block-heading\" id=\"objetiva\">Provas Objetivas <\/h3>\n\n\n\n<p>A Prova Objetiva foi realizada foi composta de 40 quest\u00f5es, assim divididas: <\/p>\n\n\n\n<ul class=\"wp-block-list\"><li><em> Sistema \u00danico de Sa\u00fade \u2013 SUS<\/em>: 10 quest\u00f5es;<\/li><li><em>Conhecimentos espec\u00edficos na \u00e1rea de forma\u00e7\u00e3o profissional<\/em>: 30 quest\u00f5es.<\/li><\/ul>\n\n\n\n<p>As quest\u00f5es valeram um ponto cada uma e tiveram 05 alternativas, dentre as quais apenas uma estava correta. <\/p>\n\n\n\n<p>Foram eliminados os candidatos que n\u00e3o acertaram <strong>50% do total das 40 quest\u00f5es da Prova Objetiva<\/strong>, somando as quest\u00f5es sobre o Sistema \u00danico de Sa\u00fade e as quest\u00f5es sobre conhecimentos espec\u00edficos a cada \u00e1rea profissional. Al\u00e9m disso, foram eliminados tamb\u00e9m <strong>os candidatos que n\u00e3o acertaram nenhuma quest\u00e3o do SUS ou de sua \u00e1rea profissional<\/strong>.<\/p>\n\n\n\n<p>A classifica\u00e7\u00e3o dos candidatos aprovados deu-se pela ordem decrescente da pontua\u00e7\u00e3o final dos candidatos por \u00e1rea. <\/p>\n\n\n\n<p>A matr\u00edcula dos candidatos classificados e aprovados na primeira convoca\u00e7\u00e3o ocorreu em <strong>23 de fevereiro de 2021<\/strong>, na sala da Resid\u00eancia Multiprofissional \u2013 Pr\u00e9dio central do <a href=\"http:\/\/www.unirio.br\/hugg\/rms\/Processo%20Seletivo\" target=\"_blank\" rel=\"noreferrer noopener\">HUGG<\/a>, quarto andar, no hor\u00e1rio de <strong>10:00 \u00e0s 14:00 horas<\/strong>.<\/p>\n\n\n\n<hr class=\"wp-block-separator is-style-default\"\/>\n\n\n\n<h2 class=\"has-text-align-center wp-block-heading\" id=\"h-quer-saber-tudo-sobre-concursos-previstos-confira-nossos-artigos\">Quer saber tudo sobre concursos previstos?<br \/>Confira nossos artigos!<\/h2>\n\n\n\n<ul class=\"wp-block-list\"><li><a href=\"https:\/\/www.estrategiaconcursos.com.br\/blog\/concursos-abertos\/\" target=\"_blank\" rel=\"noreferrer noopener\">Concursos abertos<\/a><\/li><li><a href=\"https:\/\/www.estrategiaconcursos.com.br\/blog\/concursos-2022\/\" target=\"_blank\" rel=\"noreferrer noopener\">Concursos 2022<\/a><\/li><\/ul>\n\n\n\n<h2 class=\"has-text-align-center wp-block-heading\" id=\"curso\">Quer estudar para a Resid\u00eancia Multiprofissional UniRio?<\/h2>\n\n\n\n<div class=\"container\" id=\"boxes\">\n  <div class=\"row\">\n\n    <div class=\"col-sm\">\n      <div class=\"banner-medicina\" id=\"box-assinatura\">\n        <h3 class=\"titulo-assinatura\">Resid\u00eancia UniRio<\/h3>\n        <p class=\"subtitulo-assinatura\">Conhe\u00e7a os cursos<\/p>\n        <div class=\"box-botao\">\n          <a class=\"btn-assinatura\" target=\"_blank\" href=\"https:\/\/www.estrategiaconcursos.com.br\/cursosPorConcurso\/cursos-da-saude\/\" role=\"button\" rel=\"noopener noreferrer\">Conhe\u00e7a mais<\/a>\n        <\/div>\n      <\/div>\n    \n\n  <\/div>\n<\/div><\/div>\n\n\n\n<div class=\"container\" id=\"boxes\">\n  <div class=\"row\">\n\n    <div class=\"col-sm\">\n      <div class=\"estrategia\" id=\"box-assinatura\">\n        <h3 class=\"titulo-assinatura\">Assinatura de Concursos<\/h3>\n        <p class=\"subtitulo-assinatura\">Assinatura de 1 ano ou 2 anos<\/p>\n        <div class=\"box-botao\">\n          <a class=\"btn-assinatura\" target=\"_blank\" href=\"https:\/\/www.estrategiaconcursos.com.br\/assinaturas\/\" role=\"button\" rel=\"noopener noreferrer\">ASSINE AGORA<\/a>\n        <\/div>\n      <\/div>\n     \n    <\/div><\/div><\/div>\n\n\n\n<figure class=\"wp-block-image size-large is-resized\"><img loading=\"lazy\" decoding=\"async\" src=\"https:\/\/dhg1h5j42swfq.cloudfront.net\/2021\/10\/08115111\/ficha-tecnica-1024x632.png\" alt=\"Ficha t\u00e9cnica Resid\u00eancia Multiprofissional UniRio\" class=\"wp-image-880890\" width=\"195\" height=\"120\" srcset=\"https:\/\/dhg1h5j42swfq.cloudfront.net\/2021\/10\/08115111\/ficha-tecnica-1024x632.png 1024w, https:\/\/dhg1h5j42swfq.cloudfront.net\/2021\/10\/08115111\/ficha-tecnica-300x185.png 300w, https:\/\/dhg1h5j42swfq.cloudfront.net\/2021\/10\/08115111\/ficha-tecnica-768x474.png 768w, https:\/\/dhg1h5j42swfq.cloudfront.net\/2021\/10\/08115111\/ficha-tecnica-1536x948.png 1536w, https:\/\/dhg1h5j42swfq.cloudfront.net\/2021\/10\/08115111\/ficha-tecnica-610x377.png 610w, https:\/\/dhg1h5j42swfq.cloudfront.net\/2021\/10\/08115111\/ficha-tecnica.png 1571w\" sizes=\"auto, (max-width: 195px) 100vw, 195px\" \/><\/figure>\n\n\n\n<h3 class=\"wp-block-heading\" id=\"ficha\">Informa\u00e7\u00f5es do edital Resid\u00eancia Multiprofissional UniRio<\/h3>\n\n\n\n<ul class=\"wp-block-list\"><li><strong>Vagas<\/strong>: 14<\/li><li><strong>\u00c1reas<\/strong>: Enfermagem, Fisioterapia, Fonoaudiologia e Nutri\u00e7\u00e3o<\/li><li><strong>Banca<\/strong>: FUNRIO <\/li><li><strong>Escolaridade<\/strong>: N\u00edvel superior<\/li><li><strong>Edital<\/strong>: <a href=\"https:\/\/dhg1h5j42swfq.cloudfront.net\/2020\/11\/25162624\/Edital-Residencia-Multiprofissional-em-Saude_Versao-Final_09_11_2020.pdf\" target=\"_blank\" rel=\"noreferrer noopener\">Resid\u00eancia UniRio 2020<\/a><\/li><\/ul>\n","protected":false},"excerpt":{"rendered":"<p>Os aprovados na Resid\u00eancia Multiprofissional UniRio foram convocados. Ao todo, foram publicadas duas reclassifica\u00e7\u00f5es. Al\u00e9m disso, o resultado final da Resid\u00eancia Multiprofissional UniRio foi divulgado. Foram ofertadas 14 vagas, distribu\u00eddas pelas seguintes \u00e1reas: Enfermagem, Fisioterapia, Fonoaudiologia e Nutri\u00e7\u00e3o. Resultado final da Resid\u00eancia Multiprofissional UniRio Resid\u00eancia Multiprofissional UniRio Vagas: 14 Especialidades: diversas Sal\u00e1rio inicial: R$ 3.330,43 [&hellip;]<\/p>\n","protected":false},"author":1,"featured_media":617090,"comment_status":"open","ping_status":"closed","sticky":false,"template":"","format":"standard","meta":{"post_tipo":"news_page","footnotes":""},"categories":[1981],"tags":[],"tax_estado":[219982],"class_list":["post-617074","post","type-post","status-publish","format-standard","has-post-thumbnail","hentry","category-saude","tax_estado-rj"],"acf":[],"yoast_head":"<!-- This site is optimized with the Yoast SEO Premium plugin v27.2 (Yoast SEO v27.2) - https:\/\/yoast.com\/product\/yoast-seo-premium-wordpress\/ -->\n<title>Resid\u00eancia Multiprofissional UniRio: resultado final divulgado<\/title>\n<meta name=\"description\" content=\"Resid\u00eancia Profissional UniRio ofertou 14 vagas para as \u00e1reas de Enfermagem, Fisioterapia, Fonoaudiologia e Nutri\u00e7\u00e3o. Saiba mais!\" \/>\n<meta name=\"robots\" content=\"index, follow, max-snippet:-1, max-image-preview:large, max-video-preview:-1\" \/>\n<link rel=\"canonical\" href=\"https:\/\/www.estrategiaconcursos.com.br\/blog\/residencia-profissional-unirio\/\" \/>\n<meta property=\"og:locale\" content=\"pt_BR\" \/>\n<meta property=\"og:type\" content=\"article\" \/>\n<meta property=\"og:title\" content=\"Resid\u00eancia Multiprofissional UniRio: resultado final divulgado\" \/>\n<meta property=\"og:description\" content=\"Resid\u00eancia Profissional UniRio ofertou 14 vagas para as \u00e1reas de Enfermagem, Fisioterapia, Fonoaudiologia e Nutri\u00e7\u00e3o. Saiba mais!\" \/>\n<meta property=\"og:url\" content=\"https:\/\/www.estrategiaconcursos.com.br\/blog\/residencia-profissional-unirio\/\" \/>\n<meta property=\"og:site_name\" content=\"Estrat\u00e9gia Concursos\" \/>\n<meta property=\"article:author\" content=\"https:\/\/www.facebook.com\/EstrategiaConcursos\" \/>\n<meta property=\"article:published_time\" content=\"2021-03-01T03:32:00+00:00\" \/>\n<meta property=\"article:modified_time\" content=\"2022-04-18T16:48:51+00:00\" \/>\n<meta property=\"og:image\" content=\"https:\/\/dhg1h5j42swfq.cloudfront.net\/2020\/11\/25160324\/Residencia-medica-UNIRIO-Sanar.jpg\" \/>\n\t<meta property=\"og:image:width\" content=\"674\" \/>\n\t<meta property=\"og:image:height\" content=\"379\" \/>\n\t<meta property=\"og:image:type\" content=\"image\/jpeg\" \/>\n<meta name=\"author\" content=\"Coordena\u00e7\u00e3o\" \/>\n<meta name=\"twitter:card\" content=\"summary_large_image\" \/>\n<meta name=\"twitter:creator\" content=\"@EstratConcursos\" \/>\n<meta name=\"twitter:site\" content=\"@EstratConcursos\" \/>\n<meta name=\"twitter:label1\" content=\"Escrito por\" \/>\n\t<meta name=\"twitter:data1\" content=\"Coordena\u00e7\u00e3o\" \/>\n\t<meta name=\"twitter:label2\" content=\"Est. tempo de leitura\" \/>\n\t<meta name=\"twitter:data2\" content=\"4 minutos\" \/>\n<script type=\"application\/ld+json\" class=\"yoast-schema-graph\">{\"@context\":\"https:\/\/schema.org\",\"@graph\":[{\"@type\":\"NewsArticle\",\"@id\":\"https:\/\/www.estrategiaconcursos.com.br\/blog\/residencia-profissional-unirio\/#article\",\"isPartOf\":{\"@id\":\"https:\/\/www.estrategiaconcursos.com.br\/blog\/residencia-profissional-unirio\/\"},\"author\":{\"name\":\"Coordena\u00e7\u00e3o\",\"@id\":\"https:\/\/www.estrategiaconcursos.com.br\/blog\/#\/schema\/person\/b4a388c97673c5f483d72185668afa1f\"},\"headline\":\"Resid\u00eancia Multiprofissional UniRio: resultado final divulgado\",\"datePublished\":\"2021-03-01T03:32:00+00:00\",\"dateModified\":\"2022-04-18T16:48:51+00:00\",\"mainEntityOfPage\":{\"@id\":\"https:\/\/www.estrategiaconcursos.com.br\/blog\/residencia-profissional-unirio\/\"},\"wordCount\":559,\"commentCount\":0,\"publisher\":{\"@id\":\"https:\/\/www.estrategiaconcursos.com.br\/blog\/#organization\"},\"image\":{\"@id\":\"https:\/\/www.estrategiaconcursos.com.br\/blog\/residencia-profissional-unirio\/#primaryimage\"},\"thumbnailUrl\":\"https:\/\/dhg1h5j42swfq.cloudfront.net\/2020\/11\/25160324\/Residencia-medica-UNIRIO-Sanar.jpg\",\"articleSection\":[\"Sa\u00fade\"],\"inLanguage\":\"pt-BR\",\"potentialAction\":[{\"@type\":\"CommentAction\",\"name\":\"Comment\",\"target\":[\"https:\/\/www.estrategiaconcursos.com.br\/blog\/residencia-profissional-unirio\/#respond\"]}],\"copyrightYear\":\"2021\",\"copyrightHolder\":{\"@id\":\"https:\/\/www.estrategiaconcursos.com.br\/blog\/#organization\"}},{\"@type\":\"WebPage\",\"@id\":\"https:\/\/www.estrategiaconcursos.com.br\/blog\/residencia-profissional-unirio\/\",\"url\":\"https:\/\/www.estrategiaconcursos.com.br\/blog\/residencia-profissional-unirio\/\",\"name\":\"Resid\u00eancia Multiprofissional UniRio: resultado final divulgado\",\"isPartOf\":{\"@id\":\"https:\/\/www.estrategiaconcursos.com.br\/blog\/#website\"},\"primaryImageOfPage\":{\"@id\":\"https:\/\/www.estrategiaconcursos.com.br\/blog\/residencia-profissional-unirio\/#primaryimage\"},\"image\":{\"@id\":\"https:\/\/www.estrategiaconcursos.com.br\/blog\/residencia-profissional-unirio\/#primaryimage\"},\"thumbnailUrl\":\"https:\/\/dhg1h5j42swfq.cloudfront.net\/2020\/11\/25160324\/Residencia-medica-UNIRIO-Sanar.jpg\",\"datePublished\":\"2021-03-01T03:32:00+00:00\",\"dateModified\":\"2022-04-18T16:48:51+00:00\",\"description\":\"Resid\u00eancia Profissional UniRio ofertou 14 vagas para as \u00e1reas de Enfermagem, Fisioterapia, Fonoaudiologia e Nutri\u00e7\u00e3o. Saiba mais!\",\"breadcrumb\":{\"@id\":\"https:\/\/www.estrategiaconcursos.com.br\/blog\/residencia-profissional-unirio\/#breadcrumb\"},\"inLanguage\":\"pt-BR\",\"potentialAction\":[{\"@type\":\"ReadAction\",\"target\":[\"https:\/\/www.estrategiaconcursos.com.br\/blog\/residencia-profissional-unirio\/\"]}]},{\"@type\":\"ImageObject\",\"inLanguage\":\"pt-BR\",\"@id\":\"https:\/\/www.estrategiaconcursos.com.br\/blog\/residencia-profissional-unirio\/#primaryimage\",\"url\":\"https:\/\/dhg1h5j42swfq.cloudfront.net\/2020\/11\/25160324\/Residencia-medica-UNIRIO-Sanar.jpg\",\"contentUrl\":\"https:\/\/dhg1h5j42swfq.cloudfront.net\/2020\/11\/25160324\/Residencia-medica-UNIRIO-Sanar.jpg\",\"width\":674,\"height\":379,\"caption\":\"Resid\u00eancia Profissional UniRio\"},{\"@type\":\"BreadcrumbList\",\"@id\":\"https:\/\/www.estrategiaconcursos.com.br\/blog\/residencia-profissional-unirio\/#breadcrumb\",\"itemListElement\":[{\"@type\":\"ListItem\",\"position\":1,\"name\":\"In\u00edcio\",\"item\":\"https:\/\/www.estrategiaconcursos.com.br\/blog\/\"},{\"@type\":\"ListItem\",\"position\":2,\"name\":\"Resid\u00eancia Multiprofissional UniRio: resultado final divulgado\"}]},{\"@type\":\"WebSite\",\"@id\":\"https:\/\/www.estrategiaconcursos.com.br\/blog\/#website\",\"url\":\"https:\/\/www.estrategiaconcursos.com.br\/blog\/\",\"name\":\"Estrat\u00e9gia Concursos\",\"description\":\"O blog da Estrat\u00e9gia Concursos traz not\u00edcias sobre concursos e artigos de professores oferecendo cursos para concursos (pdf + videaulas) no site.\",\"publisher\":{\"@id\":\"https:\/\/www.estrategiaconcursos.com.br\/blog\/#organization\"},\"potentialAction\":[{\"@type\":\"SearchAction\",\"target\":{\"@type\":\"EntryPoint\",\"urlTemplate\":\"https:\/\/www.estrategiaconcursos.com.br\/blog\/?s={search_term_string}\"},\"query-input\":{\"@type\":\"PropertyValueSpecification\",\"valueRequired\":true,\"valueName\":\"search_term_string\"}}],\"inLanguage\":\"pt-BR\"},{\"@type\":\"Organization\",\"@id\":\"https:\/\/www.estrategiaconcursos.com.br\/blog\/#organization\",\"name\":\"Estrat\u00e9gia Concursos\",\"url\":\"https:\/\/www.estrategiaconcursos.com.br\/blog\/\",\"logo\":{\"@type\":\"ImageObject\",\"inLanguage\":\"pt-BR\",\"@id\":\"https:\/\/www.estrategiaconcursos.com.br\/blog\/#\/schema\/logo\/image\/\",\"url\":\"https:\/\/dhg1h5j42swfq.cloudfront.net\/2025\/06\/03203428\/logo_concursos-1.jpg\",\"contentUrl\":\"https:\/\/dhg1h5j42swfq.cloudfront.net\/2025\/06\/03203428\/logo_concursos-1.jpg\",\"width\":230,\"height\":60,\"caption\":\"Estrat\u00e9gia Concursos\"},\"image\":{\"@id\":\"https:\/\/www.estrategiaconcursos.com.br\/blog\/#\/schema\/logo\/image\/\"},\"sameAs\":[\"https:\/\/x.com\/EstratConcursos\"]},{\"@type\":\"Person\",\"@id\":\"https:\/\/www.estrategiaconcursos.com.br\/blog\/#\/schema\/person\/b4a388c97673c5f483d72185668afa1f\",\"name\":\"Coordena\u00e7\u00e3o\",\"image\":{\"@type\":\"ImageObject\",\"inLanguage\":\"pt-BR\",\"@id\":\"https:\/\/secure.gravatar.com\/avatar\/b720319e4c9a967eb58678d110f4fe35452fc5d5f97b202bac7b8acceb18c6ad?s=96&d=mm&r=g\",\"url\":\"https:\/\/secure.gravatar.com\/avatar\/b720319e4c9a967eb58678d110f4fe35452fc5d5f97b202bac7b8acceb18c6ad?s=96&d=mm&r=g\",\"contentUrl\":\"https:\/\/secure.gravatar.com\/avatar\/b720319e4c9a967eb58678d110f4fe35452fc5d5f97b202bac7b8acceb18c6ad?s=96&d=mm&r=g\",\"caption\":\"Coordena\u00e7\u00e3o\"},\"sameAs\":[\"https:\/\/www.facebook.com\/EstrategiaConcursos\",\"https:\/\/x.com\/EstratConcursos\"],\"url\":\"https:\/\/www.estrategiaconcursos.com.br\/blog\/author\/estrategia2013\/\"}]}<\/script>\n<!-- \/ Yoast SEO Premium plugin. -->","yoast_head_json":{"title":"Resid\u00eancia Multiprofissional UniRio: resultado final divulgado","description":"Resid\u00eancia Profissional UniRio ofertou 14 vagas para as \u00e1reas de Enfermagem, Fisioterapia, Fonoaudiologia e Nutri\u00e7\u00e3o. Saiba mais!","robots":{"index":"index","follow":"follow","max-snippet":"max-snippet:-1","max-image-preview":"max-image-preview:large","max-video-preview":"max-video-preview:-1"},"canonical":"https:\/\/www.estrategiaconcursos.com.br\/blog\/residencia-profissional-unirio\/","og_locale":"pt_BR","og_type":"article","og_title":"Resid\u00eancia Multiprofissional UniRio: resultado final divulgado","og_description":"Resid\u00eancia Profissional UniRio ofertou 14 vagas para as \u00e1reas de Enfermagem, Fisioterapia, Fonoaudiologia e Nutri\u00e7\u00e3o. Saiba mais!","og_url":"https:\/\/www.estrategiaconcursos.com.br\/blog\/residencia-profissional-unirio\/","og_site_name":"Estrat\u00e9gia Concursos","article_author":"https:\/\/www.facebook.com\/EstrategiaConcursos","article_published_time":"2021-03-01T03:32:00+00:00","article_modified_time":"2022-04-18T16:48:51+00:00","og_image":[{"width":674,"height":379,"url":"https:\/\/dhg1h5j42swfq.cloudfront.net\/2020\/11\/25160324\/Residencia-medica-UNIRIO-Sanar.jpg","type":"image\/jpeg"}],"author":"Coordena\u00e7\u00e3o","twitter_card":"summary_large_image","twitter_creator":"@EstratConcursos","twitter_site":"@EstratConcursos","twitter_misc":{"Escrito por":"Coordena\u00e7\u00e3o","Est. tempo de leitura":"4 minutos"},"schema":{"@context":"https:\/\/schema.org","@graph":[{"@type":"NewsArticle","@id":"https:\/\/www.estrategiaconcursos.com.br\/blog\/residencia-profissional-unirio\/#article","isPartOf":{"@id":"https:\/\/www.estrategiaconcursos.com.br\/blog\/residencia-profissional-unirio\/"},"author":{"name":"Coordena\u00e7\u00e3o","@id":"https:\/\/www.estrategiaconcursos.com.br\/blog\/#\/schema\/person\/b4a388c97673c5f483d72185668afa1f"},"headline":"Resid\u00eancia Multiprofissional UniRio: resultado final divulgado","datePublished":"2021-03-01T03:32:00+00:00","dateModified":"2022-04-18T16:48:51+00:00","mainEntityOfPage":{"@id":"https:\/\/www.estrategiaconcursos.com.br\/blog\/residencia-profissional-unirio\/"},"wordCount":559,"commentCount":0,"publisher":{"@id":"https:\/\/www.estrategiaconcursos.com.br\/blog\/#organization"},"image":{"@id":"https:\/\/www.estrategiaconcursos.com.br\/blog\/residencia-profissional-unirio\/#primaryimage"},"thumbnailUrl":"https:\/\/dhg1h5j42swfq.cloudfront.net\/2020\/11\/25160324\/Residencia-medica-UNIRIO-Sanar.jpg","articleSection":["Sa\u00fade"],"inLanguage":"pt-BR","potentialAction":[{"@type":"CommentAction","name":"Comment","target":["https:\/\/www.estrategiaconcursos.com.br\/blog\/residencia-profissional-unirio\/#respond"]}],"copyrightYear":"2021","copyrightHolder":{"@id":"https:\/\/www.estrategiaconcursos.com.br\/blog\/#organization"}},{"@type":"WebPage","@id":"https:\/\/www.estrategiaconcursos.com.br\/blog\/residencia-profissional-unirio\/","url":"https:\/\/www.estrategiaconcursos.com.br\/blog\/residencia-profissional-unirio\/","name":"Resid\u00eancia Multiprofissional UniRio: resultado final divulgado","isPartOf":{"@id":"https:\/\/www.estrategiaconcursos.com.br\/blog\/#website"},"primaryImageOfPage":{"@id":"https:\/\/www.estrategiaconcursos.com.br\/blog\/residencia-profissional-unirio\/#primaryimage"},"image":{"@id":"https:\/\/www.estrategiaconcursos.com.br\/blog\/residencia-profissional-unirio\/#primaryimage"},"thumbnailUrl":"https:\/\/dhg1h5j42swfq.cloudfront.net\/2020\/11\/25160324\/Residencia-medica-UNIRIO-Sanar.jpg","datePublished":"2021-03-01T03:32:00+00:00","dateModified":"2022-04-18T16:48:51+00:00","description":"Resid\u00eancia Profissional UniRio ofertou 14 vagas para as \u00e1reas de Enfermagem, Fisioterapia, Fonoaudiologia e Nutri\u00e7\u00e3o. Saiba mais!","breadcrumb":{"@id":"https:\/\/www.estrategiaconcursos.com.br\/blog\/residencia-profissional-unirio\/#breadcrumb"},"inLanguage":"pt-BR","potentialAction":[{"@type":"ReadAction","target":["https:\/\/www.estrategiaconcursos.com.br\/blog\/residencia-profissional-unirio\/"]}]},{"@type":"ImageObject","inLanguage":"pt-BR","@id":"https:\/\/www.estrategiaconcursos.com.br\/blog\/residencia-profissional-unirio\/#primaryimage","url":"https:\/\/dhg1h5j42swfq.cloudfront.net\/2020\/11\/25160324\/Residencia-medica-UNIRIO-Sanar.jpg","contentUrl":"https:\/\/dhg1h5j42swfq.cloudfront.net\/2020\/11\/25160324\/Residencia-medica-UNIRIO-Sanar.jpg","width":674,"height":379,"caption":"Resid\u00eancia Profissional UniRio"},{"@type":"BreadcrumbList","@id":"https:\/\/www.estrategiaconcursos.com.br\/blog\/residencia-profissional-unirio\/#breadcrumb","itemListElement":[{"@type":"ListItem","position":1,"name":"In\u00edcio","item":"https:\/\/www.estrategiaconcursos.com.br\/blog\/"},{"@type":"ListItem","position":2,"name":"Resid\u00eancia Multiprofissional UniRio: resultado final divulgado"}]},{"@type":"WebSite","@id":"https:\/\/www.estrategiaconcursos.com.br\/blog\/#website","url":"https:\/\/www.estrategiaconcursos.com.br\/blog\/","name":"Estrat\u00e9gia Concursos","description":"O blog da Estrat\u00e9gia Concursos traz not\u00edcias sobre concursos e artigos de professores oferecendo cursos para concursos (pdf + videaulas) no site.","publisher":{"@id":"https:\/\/www.estrategiaconcursos.com.br\/blog\/#organization"},"potentialAction":[{"@type":"SearchAction","target":{"@type":"EntryPoint","urlTemplate":"https:\/\/www.estrategiaconcursos.com.br\/blog\/?s={search_term_string}"},"query-input":{"@type":"PropertyValueSpecification","valueRequired":true,"valueName":"search_term_string"}}],"inLanguage":"pt-BR"},{"@type":"Organization","@id":"https:\/\/www.estrategiaconcursos.com.br\/blog\/#organization","name":"Estrat\u00e9gia Concursos","url":"https:\/\/www.estrategiaconcursos.com.br\/blog\/","logo":{"@type":"ImageObject","inLanguage":"pt-BR","@id":"https:\/\/www.estrategiaconcursos.com.br\/blog\/#\/schema\/logo\/image\/","url":"https:\/\/dhg1h5j42swfq.cloudfront.net\/2025\/06\/03203428\/logo_concursos-1.jpg","contentUrl":"https:\/\/dhg1h5j42swfq.cloudfront.net\/2025\/06\/03203428\/logo_concursos-1.jpg","width":230,"height":60,"caption":"Estrat\u00e9gia Concursos"},"image":{"@id":"https:\/\/www.estrategiaconcursos.com.br\/blog\/#\/schema\/logo\/image\/"},"sameAs":["https:\/\/x.com\/EstratConcursos"]},{"@type":"Person","@id":"https:\/\/www.estrategiaconcursos.com.br\/blog\/#\/schema\/person\/b4a388c97673c5f483d72185668afa1f","name":"Coordena\u00e7\u00e3o","image":{"@type":"ImageObject","inLanguage":"pt-BR","@id":"https:\/\/secure.gravatar.com\/avatar\/b720319e4c9a967eb58678d110f4fe35452fc5d5f97b202bac7b8acceb18c6ad?s=96&d=mm&r=g","url":"https:\/\/secure.gravatar.com\/avatar\/b720319e4c9a967eb58678d110f4fe35452fc5d5f97b202bac7b8acceb18c6ad?s=96&d=mm&r=g","contentUrl":"https:\/\/secure.gravatar.com\/avatar\/b720319e4c9a967eb58678d110f4fe35452fc5d5f97b202bac7b8acceb18c6ad?s=96&d=mm&r=g","caption":"Coordena\u00e7\u00e3o"},"sameAs":["https:\/\/www.facebook.com\/EstrategiaConcursos","https:\/\/x.com\/EstratConcursos"],"url":"https:\/\/www.estrategiaconcursos.com.br\/blog\/author\/estrategia2013\/"}]}},"_links":{"self":[{"href":"https:\/\/www.estrategiaconcursos.com.br\/blog\/wp-json\/wp\/v2\/posts\/617074","targetHints":{"allow":["GET"]}}],"collection":[{"href":"https:\/\/www.estrategiaconcursos.com.br\/blog\/wp-json\/wp\/v2\/posts"}],"about":[{"href":"https:\/\/www.estrategiaconcursos.com.br\/blog\/wp-json\/wp\/v2\/types\/post"}],"author":[{"embeddable":true,"href":"https:\/\/www.estrategiaconcursos.com.br\/blog\/wp-json\/wp\/v2\/users\/1"}],"replies":[{"embeddable":true,"href":"https:\/\/www.estrategiaconcursos.com.br\/blog\/wp-json\/wp\/v2\/comments?post=617074"}],"version-history":[{"count":44,"href":"https:\/\/www.estrategiaconcursos.com.br\/blog\/wp-json\/wp\/v2\/posts\/617074\/revisions"}],"predecessor-version":[{"id":1010583,"href":"https:\/\/www.estrategiaconcursos.com.br\/blog\/wp-json\/wp\/v2\/posts\/617074\/revisions\/1010583"}],"wp:featuredmedia":[{"embeddable":true,"href":"https:\/\/www.estrategiaconcursos.com.br\/blog\/wp-json\/wp\/v2\/media\/617090"}],"wp:attachment":[{"href":"https:\/\/www.estrategiaconcursos.com.br\/blog\/wp-json\/wp\/v2\/media?parent=617074"}],"wp:term":[{"taxonomy":"category","embeddable":true,"href":"https:\/\/www.estrategiaconcursos.com.br\/blog\/wp-json\/wp\/v2\/categories?post=617074"},{"taxonomy":"post_tag","embeddable":true,"href":"https:\/\/www.estrategiaconcursos.com.br\/blog\/wp-json\/wp\/v2\/tags?post=617074"},{"taxonomy":"tax_estado","embeddable":true,"href":"https:\/\/www.estrategiaconcursos.com.br\/blog\/wp-json\/wp\/v2\/tax_estado?post=617074"}],"curies":[{"name":"wp","href":"https:\/\/api.w.org\/{rel}","templated":true}]}}