{"id":617054,"date":"2020-11-25T16:00:47","date_gmt":"2020-11-25T19:00:47","guid":{"rendered":"https:\/\/www.estrategiaconcursos.com.br\/blog\/?p=617054"},"modified":"2023-09-13T14:15:39","modified_gmt":"2023-09-13T17:15:39","slug":"panorama-para-residencias-multiprofissionais-em-saude","status":"publish","type":"post","link":"https:\/\/www.estrategiaconcursos.com.br\/blog\/panorama-para-residencias-multiprofissionais-em-saude\/","title":{"rendered":"Panorama para Resid\u00eancias Multiprofissionais em Sa\u00fade"},"content":{"rendered":"\n<p>Se voc\u00ea j\u00e1 est\u00e1 por dentro do mundo dos Processos Seletivos para Resid\u00eancia, deve ter percebido uma coisa em comum entre a maioria dos aprovados: eles come\u00e7am a estudar antes do edital ser publicado. <\/p>\n\n\n\n<p>Isso mesmo! Hoje n\u00e3o se pode mais esperar o edital sair para iniciar a prepara\u00e7\u00e3o. A concorr\u00eancia est\u00e1 cada vez mais acirrada. Quem come\u00e7a a se preparar com anteced\u00eancia j\u00e1 sai na frente de muita gente e, ainda, consegue equilibrar melhor os estudos com as outras \u00e1reas da vida.<\/p>\n\n\n\n<p>Pensando na import\u00e2ncia dessa prepara\u00e7\u00e3o estrat\u00e9gica, faremos uma transmiss\u00e3o na qual as Professoras <strong>Mara Claudia e Gislaine Holler<\/strong> trar\u00e3o um panorama dos Processos Seletivos para Resid\u00eancias Multiprofissionais em Sa\u00fade. <\/p>\n\n\n\n<p>Nosso encontros ser\u00e1 nesta <strong>quarta-feira, 25\/11 , \u00e0s 18h, <\/strong>N\u00e3o perca essa chance de ficar por dentro das oportunidades da sua \u00e1rea e ainda entender como se preparar de forma estrat\u00e9gica para alcan\u00e7ar a sua aprova\u00e7\u00e3o!<\/p>\n\n\n\n<p class=\"has-text-align-center has-luminous-vivid-amber-background-color has-background\" style=\"font-size:clamp(16.293px, 1.018rem + ((1vw - 3.2px) * 0.854), 25px);px\"><strong><a rel=\"noreferrer noopener\" href=\"https:\/\/www.estrategiaconcursos.com.br\/cursosPorConcurso\/cursos-da-saude\/\" target=\"_blank\">Assinatura \u00c1rea Sa\u00fade<\/a><\/strong><\/p>\n\n\n\n<div class=\"container\" id=\"boxes\">\n  <div class=\"row\">\n\n    <div class=\"col-sm\">\n      <div class=\"estrategia\" id=\"box-assinatura\">\n        <h3 class=\"titulo-assinatura\">Assinatura Ilimitada<\/h3>\n        <p class=\"subtitulo-assinatura\">Assinatura Anual Ilimitada*<\/p>\n        <div class=\"box-botao\">\n          <a class=\"btn-assinatura\" target=\"_blank\" href=\"https:\/\/www.estrategiaconcursos.com.br\/assinaturas\/\" role=\"button\" rel=\"noopener noreferrer\">ASSINE AGORA<\/a>\n        <\/div>\n      <\/div>\n      <p class=\"texto-auxiliar\">Prepare-se com o melhor material e com quem mais aprova em Concursos P\u00fablicos em todo o pa\u00eds. Assine agora a nossa Assinatura Anual e tenha acesso ilimitado* a todos os nossos cursos.<\/p>\n    <\/div>\n\n    <div class=\"col-sm\">\n      <div class=\"questoes\" id=\"box-assinatura\">\n        <h3 class=\"titulo-assinatura\">Sistema de Quest\u00f5es<\/h3>\n        <p class=\"subtitulo-assinatura\">Assinatura Ilimitada*\n<\/p>\n        <div class=\"box-botao\">\n          <a class=\"btn-assinatura\" target=\"_blank\" href=\"https:\/\/www.estrategiaconcursos.com.br\/cursosPorConcurso\/sistema-de-questoes\/#\/\" role=\"button\" rel=\"noopener noreferrer\">ASSINE AGORA<\/a>\n        <\/div>\n      <\/div>\n      <p class=\"texto-auxiliar\">Estrat\u00e9gia Quest\u00f5es nasceu maior do que todos os concorrentes, com mais quest\u00f5es cadastradas e mais solu\u00e7\u00f5es por professores. Clique no link e aproveite os descontos e b\u00f4nus imperd\u00edveis!<\/p>\n    <\/div>\n  <\/div>\n<\/div>\n","protected":false},"excerpt":{"rendered":"<p>Se voc\u00ea j\u00e1 est\u00e1 por dentro do mundo dos Processos Seletivos para Resid\u00eancia, deve ter percebido uma coisa em comum entre a maioria dos aprovados: eles come\u00e7am a estudar antes do edital ser publicado. Isso mesmo! Hoje n\u00e3o se pode mais esperar o edital sair para iniciar a prepara\u00e7\u00e3o. A concorr\u00eancia est\u00e1 cada vez mais [&hellip;]<\/p>\n","protected":false},"author":571,"featured_media":69268,"comment_status":"open","ping_status":"closed","sticky":false,"template":"","format":"standard","meta":{"post_tipo":"article","footnotes":""},"categories":[1],"tags":[],"tax_estado":[219963],"class_list":["post-617054","post","type-post","status-publish","format-standard","has-post-thumbnail","hentry","category-cursos-e-concursos","tax_estado-concursos-federais"],"acf":[],"yoast_head":"<!-- This site is optimized with the Yoast SEO Premium plugin v27.2 (Yoast SEO v27.2) - https:\/\/yoast.com\/product\/yoast-seo-premium-wordpress\/ -->\n<title>Panorama para Resid\u00eancias Multiprofissionais em Sa\u00fade<\/title>\n<meta name=\"robots\" content=\"index, follow, max-snippet:-1, max-image-preview:large, max-video-preview:-1\" \/>\n<link rel=\"canonical\" href=\"https:\/\/www.estrategiaconcursos.com.br\/blog\/panorama-para-residencias-multiprofissionais-em-saude\/\" \/>\n<meta property=\"og:locale\" content=\"pt_BR\" \/>\n<meta property=\"og:type\" content=\"article\" \/>\n<meta property=\"og:title\" content=\"Panorama para Resid\u00eancias Multiprofissionais em Sa\u00fade\" \/>\n<meta property=\"og:description\" content=\"Se voc\u00ea j\u00e1 est\u00e1 por dentro do mundo dos Processos Seletivos para Resid\u00eancia, deve ter percebido uma coisa em comum entre a maioria dos aprovados: eles come\u00e7am a estudar antes do edital ser publicado. Isso mesmo! Hoje n\u00e3o se pode mais esperar o edital sair para iniciar a prepara\u00e7\u00e3o. A concorr\u00eancia est\u00e1 cada vez mais [&hellip;]\" \/>\n<meta property=\"og:url\" content=\"https:\/\/www.estrategiaconcursos.com.br\/blog\/panorama-para-residencias-multiprofissionais-em-saude\/\" \/>\n<meta property=\"og:site_name\" content=\"Estrat\u00e9gia Concursos\" \/>\n<meta property=\"article:published_time\" content=\"2020-11-25T19:00:47+00:00\" \/>\n<meta property=\"article:modified_time\" content=\"2023-09-13T17:15:39+00:00\" \/>\n<meta property=\"og:image\" content=\"https:\/\/dhg1h5j42swfq.cloudfront.net\/2017\/04\/02152846\/concurso-sa%C3%BAde.jpg\" \/>\n\t<meta property=\"og:image:width\" content=\"1600\" \/>\n\t<meta property=\"og:image:height\" content=\"900\" \/>\n\t<meta property=\"og:image:type\" content=\"image\/jpeg\" \/>\n<meta name=\"author\" content=\"Marina Becalli\" \/>\n<meta name=\"twitter:card\" content=\"summary_large_image\" \/>\n<meta name=\"twitter:creator\" content=\"@EstratConcursos\" \/>\n<meta name=\"twitter:site\" content=\"@EstratConcursos\" \/>\n<meta name=\"twitter:label1\" content=\"Escrito por\" \/>\n\t<meta name=\"twitter:data1\" content=\"Marina Becalli\" \/>\n\t<meta name=\"twitter:label2\" content=\"Est. tempo de leitura\" \/>\n\t<meta name=\"twitter:data2\" content=\"1 minuto\" \/>\n<script type=\"application\/ld+json\" class=\"yoast-schema-graph\">{\"@context\":\"https:\/\/schema.org\",\"@graph\":[{\"@type\":\"NewsArticle\",\"@id\":\"https:\/\/www.estrategiaconcursos.com.br\/blog\/panorama-para-residencias-multiprofissionais-em-saude\/#article\",\"isPartOf\":{\"@id\":\"https:\/\/www.estrategiaconcursos.com.br\/blog\/panorama-para-residencias-multiprofissionais-em-saude\/\"},\"author\":{\"name\":\"Marina Becalli\",\"@id\":\"https:\/\/www.estrategiaconcursos.com.br\/blog\/#\/schema\/person\/1e2475595233595270d17e0208f89ba3\"},\"headline\":\"Panorama para Resid\u00eancias Multiprofissionais em Sa\u00fade\",\"datePublished\":\"2020-11-25T19:00:47+00:00\",\"dateModified\":\"2023-09-13T17:15:39+00:00\",\"mainEntityOfPage\":{\"@id\":\"https:\/\/www.estrategiaconcursos.com.br\/blog\/panorama-para-residencias-multiprofissionais-em-saude\/\"},\"wordCount\":259,\"commentCount\":0,\"publisher\":{\"@id\":\"https:\/\/www.estrategiaconcursos.com.br\/blog\/#organization\"},\"image\":{\"@id\":\"https:\/\/www.estrategiaconcursos.com.br\/blog\/panorama-para-residencias-multiprofissionais-em-saude\/#primaryimage\"},\"thumbnailUrl\":\"https:\/\/dhg1h5j42swfq.cloudfront.net\/2017\/04\/02152846\/concurso-sa%C3%BAde.jpg\",\"articleSection\":[\"Concursos P\u00fablicos\"],\"inLanguage\":\"pt-BR\",\"potentialAction\":[{\"@type\":\"CommentAction\",\"name\":\"Comment\",\"target\":[\"https:\/\/www.estrategiaconcursos.com.br\/blog\/panorama-para-residencias-multiprofissionais-em-saude\/#respond\"]}],\"copyrightYear\":\"2020\",\"copyrightHolder\":{\"@id\":\"https:\/\/www.estrategiaconcursos.com.br\/blog\/#organization\"}},{\"@type\":\"WebPage\",\"@id\":\"https:\/\/www.estrategiaconcursos.com.br\/blog\/panorama-para-residencias-multiprofissionais-em-saude\/\",\"url\":\"https:\/\/www.estrategiaconcursos.com.br\/blog\/panorama-para-residencias-multiprofissionais-em-saude\/\",\"name\":\"Panorama para Resid\u00eancias Multiprofissionais em Sa\u00fade\",\"isPartOf\":{\"@id\":\"https:\/\/www.estrategiaconcursos.com.br\/blog\/#website\"},\"primaryImageOfPage\":{\"@id\":\"https:\/\/www.estrategiaconcursos.com.br\/blog\/panorama-para-residencias-multiprofissionais-em-saude\/#primaryimage\"},\"image\":{\"@id\":\"https:\/\/www.estrategiaconcursos.com.br\/blog\/panorama-para-residencias-multiprofissionais-em-saude\/#primaryimage\"},\"thumbnailUrl\":\"https:\/\/dhg1h5j42swfq.cloudfront.net\/2017\/04\/02152846\/concurso-sa%C3%BAde.jpg\",\"datePublished\":\"2020-11-25T19:00:47+00:00\",\"dateModified\":\"2023-09-13T17:15:39+00:00\",\"breadcrumb\":{\"@id\":\"https:\/\/www.estrategiaconcursos.com.br\/blog\/panorama-para-residencias-multiprofissionais-em-saude\/#breadcrumb\"},\"inLanguage\":\"pt-BR\",\"potentialAction\":[{\"@type\":\"ReadAction\",\"target\":[\"https:\/\/www.estrategiaconcursos.com.br\/blog\/panorama-para-residencias-multiprofissionais-em-saude\/\"]}]},{\"@type\":\"ImageObject\",\"inLanguage\":\"pt-BR\",\"@id\":\"https:\/\/www.estrategiaconcursos.com.br\/blog\/panorama-para-residencias-multiprofissionais-em-saude\/#primaryimage\",\"url\":\"https:\/\/dhg1h5j42swfq.cloudfront.net\/2017\/04\/02152846\/concurso-sa%C3%BAde.jpg\",\"contentUrl\":\"https:\/\/dhg1h5j42swfq.cloudfront.net\/2017\/04\/02152846\/concurso-sa%C3%BAde.jpg\",\"width\":1600,\"height\":900},{\"@type\":\"BreadcrumbList\",\"@id\":\"https:\/\/www.estrategiaconcursos.com.br\/blog\/panorama-para-residencias-multiprofissionais-em-saude\/#breadcrumb\",\"itemListElement\":[{\"@type\":\"ListItem\",\"position\":1,\"name\":\"In\u00edcio\",\"item\":\"https:\/\/www.estrategiaconcursos.com.br\/blog\/\"},{\"@type\":\"ListItem\",\"position\":2,\"name\":\"Panorama para Resid\u00eancias Multiprofissionais em Sa\u00fade\"}]},{\"@type\":\"WebSite\",\"@id\":\"https:\/\/www.estrategiaconcursos.com.br\/blog\/#website\",\"url\":\"https:\/\/www.estrategiaconcursos.com.br\/blog\/\",\"name\":\"Estrat\u00e9gia Concursos\",\"description\":\"O blog da Estrat\u00e9gia Concursos traz not\u00edcias sobre concursos e artigos de professores oferecendo cursos para concursos (pdf + videaulas) no site.\",\"publisher\":{\"@id\":\"https:\/\/www.estrategiaconcursos.com.br\/blog\/#organization\"},\"potentialAction\":[{\"@type\":\"SearchAction\",\"target\":{\"@type\":\"EntryPoint\",\"urlTemplate\":\"https:\/\/www.estrategiaconcursos.com.br\/blog\/?s={search_term_string}\"},\"query-input\":{\"@type\":\"PropertyValueSpecification\",\"valueRequired\":true,\"valueName\":\"search_term_string\"}}],\"inLanguage\":\"pt-BR\"},{\"@type\":\"Organization\",\"@id\":\"https:\/\/www.estrategiaconcursos.com.br\/blog\/#organization\",\"name\":\"Estrat\u00e9gia Concursos\",\"url\":\"https:\/\/www.estrategiaconcursos.com.br\/blog\/\",\"logo\":{\"@type\":\"ImageObject\",\"inLanguage\":\"pt-BR\",\"@id\":\"https:\/\/www.estrategiaconcursos.com.br\/blog\/#\/schema\/logo\/image\/\",\"url\":\"https:\/\/dhg1h5j42swfq.cloudfront.net\/2025\/06\/03203428\/logo_concursos-1.jpg\",\"contentUrl\":\"https:\/\/dhg1h5j42swfq.cloudfront.net\/2025\/06\/03203428\/logo_concursos-1.jpg\",\"width\":230,\"height\":60,\"caption\":\"Estrat\u00e9gia Concursos\"},\"image\":{\"@id\":\"https:\/\/www.estrategiaconcursos.com.br\/blog\/#\/schema\/logo\/image\/\"},\"sameAs\":[\"https:\/\/x.com\/EstratConcursos\"]},{\"@type\":\"Person\",\"@id\":\"https:\/\/www.estrategiaconcursos.com.br\/blog\/#\/schema\/person\/1e2475595233595270d17e0208f89ba3\",\"name\":\"Marina Becalli\",\"image\":{\"@type\":\"ImageObject\",\"inLanguage\":\"pt-BR\",\"@id\":\"https:\/\/secure.gravatar.com\/avatar\/67fe85e0ba78cec86bca2a6aa240c72b754ad6f23a83ff554c5baca29367fde2?s=96&d=mm&r=g\",\"url\":\"https:\/\/secure.gravatar.com\/avatar\/67fe85e0ba78cec86bca2a6aa240c72b754ad6f23a83ff554c5baca29367fde2?s=96&d=mm&r=g\",\"contentUrl\":\"https:\/\/secure.gravatar.com\/avatar\/67fe85e0ba78cec86bca2a6aa240c72b754ad6f23a83ff554c5baca29367fde2?s=96&d=mm&r=g\",\"caption\":\"Marina Becalli\"},\"url\":\"https:\/\/www.estrategiaconcursos.com.br\/blog\/author\/marinapbeccalligmail-com\/\"}]}<\/script>\n<!-- \/ Yoast SEO Premium plugin. -->","yoast_head_json":{"title":"Panorama para Resid\u00eancias Multiprofissionais em Sa\u00fade","robots":{"index":"index","follow":"follow","max-snippet":"max-snippet:-1","max-image-preview":"max-image-preview:large","max-video-preview":"max-video-preview:-1"},"canonical":"https:\/\/www.estrategiaconcursos.com.br\/blog\/panorama-para-residencias-multiprofissionais-em-saude\/","og_locale":"pt_BR","og_type":"article","og_title":"Panorama para Resid\u00eancias Multiprofissionais em Sa\u00fade","og_description":"Se voc\u00ea j\u00e1 est\u00e1 por dentro do mundo dos Processos Seletivos para Resid\u00eancia, deve ter percebido uma coisa em comum entre a maioria dos aprovados: eles come\u00e7am a estudar antes do edital ser publicado. Isso mesmo! Hoje n\u00e3o se pode mais esperar o edital sair para iniciar a prepara\u00e7\u00e3o. A concorr\u00eancia est\u00e1 cada vez mais [&hellip;]","og_url":"https:\/\/www.estrategiaconcursos.com.br\/blog\/panorama-para-residencias-multiprofissionais-em-saude\/","og_site_name":"Estrat\u00e9gia Concursos","article_published_time":"2020-11-25T19:00:47+00:00","article_modified_time":"2023-09-13T17:15:39+00:00","og_image":[{"width":1600,"height":900,"url":"https:\/\/dhg1h5j42swfq.cloudfront.net\/2017\/04\/02152846\/concurso-sa%C3%BAde.jpg","type":"image\/jpeg"}],"author":"Marina Becalli","twitter_card":"summary_large_image","twitter_creator":"@EstratConcursos","twitter_site":"@EstratConcursos","twitter_misc":{"Escrito por":"Marina Becalli","Est. tempo de leitura":"1 minuto"},"schema":{"@context":"https:\/\/schema.org","@graph":[{"@type":"NewsArticle","@id":"https:\/\/www.estrategiaconcursos.com.br\/blog\/panorama-para-residencias-multiprofissionais-em-saude\/#article","isPartOf":{"@id":"https:\/\/www.estrategiaconcursos.com.br\/blog\/panorama-para-residencias-multiprofissionais-em-saude\/"},"author":{"name":"Marina Becalli","@id":"https:\/\/www.estrategiaconcursos.com.br\/blog\/#\/schema\/person\/1e2475595233595270d17e0208f89ba3"},"headline":"Panorama para Resid\u00eancias Multiprofissionais em Sa\u00fade","datePublished":"2020-11-25T19:00:47+00:00","dateModified":"2023-09-13T17:15:39+00:00","mainEntityOfPage":{"@id":"https:\/\/www.estrategiaconcursos.com.br\/blog\/panorama-para-residencias-multiprofissionais-em-saude\/"},"wordCount":259,"commentCount":0,"publisher":{"@id":"https:\/\/www.estrategiaconcursos.com.br\/blog\/#organization"},"image":{"@id":"https:\/\/www.estrategiaconcursos.com.br\/blog\/panorama-para-residencias-multiprofissionais-em-saude\/#primaryimage"},"thumbnailUrl":"https:\/\/dhg1h5j42swfq.cloudfront.net\/2017\/04\/02152846\/concurso-sa%C3%BAde.jpg","articleSection":["Concursos P\u00fablicos"],"inLanguage":"pt-BR","potentialAction":[{"@type":"CommentAction","name":"Comment","target":["https:\/\/www.estrategiaconcursos.com.br\/blog\/panorama-para-residencias-multiprofissionais-em-saude\/#respond"]}],"copyrightYear":"2020","copyrightHolder":{"@id":"https:\/\/www.estrategiaconcursos.com.br\/blog\/#organization"}},{"@type":"WebPage","@id":"https:\/\/www.estrategiaconcursos.com.br\/blog\/panorama-para-residencias-multiprofissionais-em-saude\/","url":"https:\/\/www.estrategiaconcursos.com.br\/blog\/panorama-para-residencias-multiprofissionais-em-saude\/","name":"Panorama para Resid\u00eancias Multiprofissionais em Sa\u00fade","isPartOf":{"@id":"https:\/\/www.estrategiaconcursos.com.br\/blog\/#website"},"primaryImageOfPage":{"@id":"https:\/\/www.estrategiaconcursos.com.br\/blog\/panorama-para-residencias-multiprofissionais-em-saude\/#primaryimage"},"image":{"@id":"https:\/\/www.estrategiaconcursos.com.br\/blog\/panorama-para-residencias-multiprofissionais-em-saude\/#primaryimage"},"thumbnailUrl":"https:\/\/dhg1h5j42swfq.cloudfront.net\/2017\/04\/02152846\/concurso-sa%C3%BAde.jpg","datePublished":"2020-11-25T19:00:47+00:00","dateModified":"2023-09-13T17:15:39+00:00","breadcrumb":{"@id":"https:\/\/www.estrategiaconcursos.com.br\/blog\/panorama-para-residencias-multiprofissionais-em-saude\/#breadcrumb"},"inLanguage":"pt-BR","potentialAction":[{"@type":"ReadAction","target":["https:\/\/www.estrategiaconcursos.com.br\/blog\/panorama-para-residencias-multiprofissionais-em-saude\/"]}]},{"@type":"ImageObject","inLanguage":"pt-BR","@id":"https:\/\/www.estrategiaconcursos.com.br\/blog\/panorama-para-residencias-multiprofissionais-em-saude\/#primaryimage","url":"https:\/\/dhg1h5j42swfq.cloudfront.net\/2017\/04\/02152846\/concurso-sa%C3%BAde.jpg","contentUrl":"https:\/\/dhg1h5j42swfq.cloudfront.net\/2017\/04\/02152846\/concurso-sa%C3%BAde.jpg","width":1600,"height":900},{"@type":"BreadcrumbList","@id":"https:\/\/www.estrategiaconcursos.com.br\/blog\/panorama-para-residencias-multiprofissionais-em-saude\/#breadcrumb","itemListElement":[{"@type":"ListItem","position":1,"name":"In\u00edcio","item":"https:\/\/www.estrategiaconcursos.com.br\/blog\/"},{"@type":"ListItem","position":2,"name":"Panorama para Resid\u00eancias Multiprofissionais em Sa\u00fade"}]},{"@type":"WebSite","@id":"https:\/\/www.estrategiaconcursos.com.br\/blog\/#website","url":"https:\/\/www.estrategiaconcursos.com.br\/blog\/","name":"Estrat\u00e9gia Concursos","description":"O blog da Estrat\u00e9gia Concursos traz not\u00edcias sobre concursos e artigos de professores oferecendo cursos para concursos (pdf + videaulas) no site.","publisher":{"@id":"https:\/\/www.estrategiaconcursos.com.br\/blog\/#organization"},"potentialAction":[{"@type":"SearchAction","target":{"@type":"EntryPoint","urlTemplate":"https:\/\/www.estrategiaconcursos.com.br\/blog\/?s={search_term_string}"},"query-input":{"@type":"PropertyValueSpecification","valueRequired":true,"valueName":"search_term_string"}}],"inLanguage":"pt-BR"},{"@type":"Organization","@id":"https:\/\/www.estrategiaconcursos.com.br\/blog\/#organization","name":"Estrat\u00e9gia Concursos","url":"https:\/\/www.estrategiaconcursos.com.br\/blog\/","logo":{"@type":"ImageObject","inLanguage":"pt-BR","@id":"https:\/\/www.estrategiaconcursos.com.br\/blog\/#\/schema\/logo\/image\/","url":"https:\/\/dhg1h5j42swfq.cloudfront.net\/2025\/06\/03203428\/logo_concursos-1.jpg","contentUrl":"https:\/\/dhg1h5j42swfq.cloudfront.net\/2025\/06\/03203428\/logo_concursos-1.jpg","width":230,"height":60,"caption":"Estrat\u00e9gia Concursos"},"image":{"@id":"https:\/\/www.estrategiaconcursos.com.br\/blog\/#\/schema\/logo\/image\/"},"sameAs":["https:\/\/x.com\/EstratConcursos"]},{"@type":"Person","@id":"https:\/\/www.estrategiaconcursos.com.br\/blog\/#\/schema\/person\/1e2475595233595270d17e0208f89ba3","name":"Marina Becalli","image":{"@type":"ImageObject","inLanguage":"pt-BR","@id":"https:\/\/secure.gravatar.com\/avatar\/67fe85e0ba78cec86bca2a6aa240c72b754ad6f23a83ff554c5baca29367fde2?s=96&d=mm&r=g","url":"https:\/\/secure.gravatar.com\/avatar\/67fe85e0ba78cec86bca2a6aa240c72b754ad6f23a83ff554c5baca29367fde2?s=96&d=mm&r=g","contentUrl":"https:\/\/secure.gravatar.com\/avatar\/67fe85e0ba78cec86bca2a6aa240c72b754ad6f23a83ff554c5baca29367fde2?s=96&d=mm&r=g","caption":"Marina Becalli"},"url":"https:\/\/www.estrategiaconcursos.com.br\/blog\/author\/marinapbeccalligmail-com\/"}]}},"_links":{"self":[{"href":"https:\/\/www.estrategiaconcursos.com.br\/blog\/wp-json\/wp\/v2\/posts\/617054","targetHints":{"allow":["GET"]}}],"collection":[{"href":"https:\/\/www.estrategiaconcursos.com.br\/blog\/wp-json\/wp\/v2\/posts"}],"about":[{"href":"https:\/\/www.estrategiaconcursos.com.br\/blog\/wp-json\/wp\/v2\/types\/post"}],"author":[{"embeddable":true,"href":"https:\/\/www.estrategiaconcursos.com.br\/blog\/wp-json\/wp\/v2\/users\/571"}],"replies":[{"embeddable":true,"href":"https:\/\/www.estrategiaconcursos.com.br\/blog\/wp-json\/wp\/v2\/comments?post=617054"}],"version-history":[{"count":7,"href":"https:\/\/www.estrategiaconcursos.com.br\/blog\/wp-json\/wp\/v2\/posts\/617054\/revisions"}],"predecessor-version":[{"id":1276658,"href":"https:\/\/www.estrategiaconcursos.com.br\/blog\/wp-json\/wp\/v2\/posts\/617054\/revisions\/1276658"}],"wp:featuredmedia":[{"embeddable":true,"href":"https:\/\/www.estrategiaconcursos.com.br\/blog\/wp-json\/wp\/v2\/media\/69268"}],"wp:attachment":[{"href":"https:\/\/www.estrategiaconcursos.com.br\/blog\/wp-json\/wp\/v2\/media?parent=617054"}],"wp:term":[{"taxonomy":"category","embeddable":true,"href":"https:\/\/www.estrategiaconcursos.com.br\/blog\/wp-json\/wp\/v2\/categories?post=617054"},{"taxonomy":"post_tag","embeddable":true,"href":"https:\/\/www.estrategiaconcursos.com.br\/blog\/wp-json\/wp\/v2\/tags?post=617054"},{"taxonomy":"tax_estado","embeddable":true,"href":"https:\/\/www.estrategiaconcursos.com.br\/blog\/wp-json\/wp\/v2\/tax_estado?post=617054"}],"curies":[{"name":"wp","href":"https:\/\/api.w.org\/{rel}","templated":true}]}}