{"id":616739,"date":"2020-12-05T10:47:00","date_gmt":"2020-12-05T13:47:00","guid":{"rendered":"https:\/\/www.estrategiaconcursos.com.br\/blog\/?p=616739"},"modified":"2020-12-02T14:13:29","modified_gmt":"2020-12-02T17:13:29","slug":"a-omc-e-as-medidas-de-salvaguarda-pontos-avancados","status":"publish","type":"post","link":"https:\/\/www.estrategiaconcursos.com.br\/blog\/a-omc-e-as-medidas-de-salvaguarda-pontos-avancados\/","title":{"rendered":"A OMC e as Medidas de Salvaguarda \u2013 Pontos Avan\u00e7ados"},"content":{"rendered":"\n<p class=\"has-medium-font-size\">Veja os pontos avan\u00e7ados sobre o que a OMC disp\u00f5e sobre as Medidas de Salvaguarda, condi\u00e7\u00f5es e aplica\u00e7\u00e3o de medidas provis\u00f3rias<\/p>\n\n\n\n<div class=\"wp-block-image\"><figure class=\"aligncenter size-medium\"><img loading=\"lazy\" decoding=\"async\" width=\"300\" height=\"163\" src=\"https:\/\/dhg1h5j42swfq.cloudfront.net\/2020\/11\/25104518\/Sem-titulo-300x163.jpg\" alt=\"Medidas de Salvaguarda \u2013 Pontos Avan\u00e7ados\" class=\"wp-image-616740\" srcset=\"https:\/\/dhg1h5j42swfq.cloudfront.net\/2020\/11\/25104518\/Sem-titulo-300x163.jpg 300w, https:\/\/dhg1h5j42swfq.cloudfront.net\/2020\/11\/25104518\/Sem-titulo-768x417.jpg 768w, https:\/\/dhg1h5j42swfq.cloudfront.net\/2020\/11\/25104518\/Sem-titulo-610x332.jpg 610w, https:\/\/dhg1h5j42swfq.cloudfront.net\/2020\/11\/25104518\/Sem-titulo.jpg 883w\" sizes=\"auto, (max-width: 300px) 100vw, 300px\" \/><figcaption>Medidas de Salvaguarda \u2013 Pontos Avan\u00e7ados<\/figcaption><\/figure><\/div>\n\n\n\n<p>Ol\u00e1, Estrategista. Tudo joia?<\/p>\n\n\n\n<p>Voc\u00ea se lembra dos objetivos da Organiza\u00e7\u00e3o Mundial de Com\u00e9rcio (OMC)? Caso n\u00e3o se lembre, vamos relembr\u00e1-los.<\/p>\n\n\n\n<p>Os objetivos dessa organiza\u00e7\u00e3o s\u00e3o:<\/p>\n\n\n\n<ol class=\"wp-block-list\" type=\"a\"><li>Eleva\u00e7\u00e3o dos n\u00edveis de vida, receitas reais e demanda efetiva;<\/li><li>Aumento da produ\u00e7\u00e3o e do com\u00e9rcio de bens e de servi\u00e7os, permitindo ao mesmo tempo a utiliza\u00e7\u00e3o \u00f3tima dos recursos mundiais em conformidade com o objeto de um desenvolvimento sustent\u00e1vel e buscando proteger e preservar o meio ambiente e implementar os meios para faz\u00ea-lo, de maneira compat\u00edvel com suas respectivas necessidades e interesses segundo os diferentes n\u00edveis de desenvolvimento econ\u00f4mico.<\/li><\/ol>\n\n\n\n<p>Portanto, considerando o objetivo geral da OMC de melhorar e fortalecer o sistema de com\u00e9rcio internacional e reconhecendo a import\u00e2ncia do ajustamento estrutural e a necessidade de estimular ao inv\u00e9s de limitar a concorr\u00eancia nos mercados internacionais, os pa\u00edses membros concordaram em estabelecer regras para a aplica\u00e7\u00e3o de medidas de salvaguarda.<\/p>\n\n\n\n<p>Vejamos brevemente do que se trata as medidas de salvaguarda<\/p>\n\n\n\n<h2 class=\"wp-block-heading\">O que s\u00e3o Medidas de Salvaguarda<\/h2>\n\n\n\n<p>Essa pr\u00e1tica nasce para salvaguardar a posi\u00e7\u00e3o financeira exterior e o equil\u00edbrio da balan\u00e7a de pagamentos de um Pa\u00eds membro que sofreu com surto de importa\u00e7\u00f5es.<\/p>\n\n\n\n<p>Sendo assim, \u00e9 poss\u00edvel restringir o volume ou o valor das mercadorias importadas. Todavia, as restri\u00e7\u00f5es \u00e0 importa\u00e7\u00e3o institu\u00eddas, mantidas ou refor\u00e7adas por um Pa\u00eds membro n\u00e3o ultrapassar\u00e3o o que for necess\u00e1rio:<\/p>\n\n\n\n<ul class=\"wp-block-list\"><li>Para opor-se \u00e0 amea\u00e7a iminente de uma baixa importante de suas reservas monet\u00e1rias ou para p\u00f4r fim a esta baixa;<\/li><li>Ou para aumentar suas reservas monet\u00e1rias segundo uma taxa de crescimento razo\u00e1vel, no caso em que elas sejam muito baixas.<\/li><\/ul>\n\n\n\n<p>Entendido o que s\u00e3o as medidas de salvaguarda, vejamos em quais condi\u00e7\u00f5es um Membro poder\u00e1 aplicar tais medidas.<\/p>\n\n\n\n<h2 class=\"wp-block-heading\">Condi\u00e7\u00f5es para aplica\u00e7\u00e3o das Medidas de Salvaguarda<\/h2>\n\n\n\n<p>Disp\u00f5e a OMC que um Membro somente poder\u00e1 aplicar uma medida de salvaguarda a um produto ap\u00f3s haver determinado que as importa\u00e7\u00f5es daquele produto em seu territ\u00f3rio tenham aumentado, seja em termos absolutos seja em propor\u00e7\u00e3o \u00e0 produ\u00e7\u00e3o nacional, em quantidade tais que <strong>causam ou amea\u00e7am causar preju\u00edzo grave ao setor nacional que produz bens similares ou diretamente concorrentes.<\/strong><\/p>\n\n\n\n<p><strong>Adendo:<\/strong> Uma Uni\u00e3o Aduaneira poder\u00e1 aplicar medida de salvaguarda como entidade \u00fanica (aplicadas a todos os membros dessa Uni\u00e3o) ou em nome de um Estado-Membro (medida se limitar\u00e1 a este Estado Membro).<\/p>\n\n\n\n<p>Al\u00e9m disso, medidas de salvaguarda s\u00e3o aplicadas a produtos importados independentemente de sua proced\u00eancia, caso contr\u00e1rio seria uma afronta ao princ\u00edpio da na\u00e7\u00e3o mais favorecida.<\/p>\n\n\n\n<h2 class=\"wp-block-heading\">Investiga\u00e7\u00e3o<\/h2>\n\n\n\n<p>Um Membro somente poder\u00e1 aplicar uma medida de salvaguarda ap\u00f3s investiga\u00e7\u00e3o conduzida. Tal investiga\u00e7\u00e3o compreender\u00e1 a publica\u00e7\u00e3o de um aviso destinado a informar razoavelmente todas as partes interessadas, inclusive com a oportunidade do contradit\u00f3rio dessas partes sobre a aplica\u00e7\u00e3o da medida de salvaguarda.<\/p>\n\n\n\n<p>Como vimos acima, a condi\u00e7\u00e3o <em>sine qua non<\/em> para a aplica\u00e7\u00e3o da medida de salvaguarda \u00e9 que haja um preju\u00edzo ou amea\u00e7a de preju\u00edzo grande. Portanto como determinar isso?<\/p>\n\n\n\n<h2 class=\"wp-block-heading\">Determina\u00e7\u00e3o de preju\u00edzo ou amea\u00e7a de preju\u00edzo grave<\/h2>\n\n\n\n<p>Antes de mais nada, entende-se como \u201cpreju\u00edzo grave\u201d a deteriora\u00e7\u00e3o geral significativa da situa\u00e7\u00e3o de uma ind\u00fastria nacional, e \u201camea\u00e7a de preju\u00edzo grave\u201d o preju\u00edzo grave que seja claramente iminente.<\/p>\n\n\n\n<p>Ademais, a determina\u00e7\u00e3o de exist\u00eancia de uma amea\u00e7a de preju\u00edzo grave ser\u00e1 baseada em fatos e n\u00e3o simplesmente em alega\u00e7\u00f5es, conjecturas ou possibilidades remotas.<\/p>\n\n\n\n<p>Por fim, entende-se por \u201cind\u00fastria nacional\u201d o conjunto dos produtores dos <strong>bens similares ou diretamente concorrentes<\/strong> que operem dentro do territ\u00f3rio de um Membro ou aqueles produtores cuja produ\u00e7\u00e3o conjunta de bens similares ou diretamente concorrentes constitua uma propor\u00e7\u00e3o substancial da produ\u00e7\u00e3o nacional de tais bens.<\/p>\n\n\n\n<p>Sendo assim, no curso da investiga\u00e7\u00e3o destinada a determinar se o aumento das importa\u00e7\u00f5es tem causado ou amea\u00e7am causar preju\u00edzo grave a uma ind\u00fastria nacional, as autoridades competentes avaliar\u00e3o todos os fatores relevantes de <strong>car\u00e1ter objetivo e quantific\u00e1vel, <\/strong>especialmente:<\/p>\n\n\n\n<ol class=\"wp-block-list\" type=\"a\"><li>O ritmo de crescimento das importa\u00e7\u00f5es do produto bem como o seu crescimento em volume, em termos <strong>absolutos e relativos<\/strong>;<\/li><li>A parcela do mercado interno absorvida pelas importa\u00e7\u00f5es em acr\u00e9scimo;<\/li><li>As altera\u00e7\u00f5es no n\u00edvel de vendas;<\/li><li>A produ\u00e7\u00e3o;<\/li><li>A produtividade;<\/li><li>Utiliza\u00e7\u00e3o da capacidade;<\/li><li>Os lucros e perdas; e<\/li><li>O emprego.<\/li><\/ol>\n\n\n\n<p>Al\u00e9m do mais, \u00e9 <strong>imprescind\u00edvel que haja NEXO DE CAUSALIDADE<\/strong> entre o aumento das importa\u00e7\u00f5es do produto em quest\u00e3o e o preju\u00edzo grave ou a amea\u00e7a de preju\u00edzo grave.<\/p>\n\n\n\n<h2 class=\"wp-block-heading\">Aplica\u00e7\u00e3o das Medidas de Salvaguarda<\/h2>\n\n\n\n<p>As medidas de salvaguarda s\u00f3 ser\u00e3o aplicadas na propor\u00e7\u00e3o necess\u00e1ria para prevenir ou remediar preju\u00edzo grave e facilitar o ajustamento.<\/p>\n\n\n\n<p>Caso seja utilizada <strong>restri\u00e7\u00f5es quantitativas<\/strong>, tal medida n\u00e3o reduzir\u00e1 a quantidade das importa\u00e7\u00f5es abaixo do n\u00edvel de um per\u00edodo recente, que corresponder\u00e1 \u00e0 m\u00e9dia das importa\u00e7\u00f5es efetuadas nos <strong>3 \u00faltimos anos, <\/strong>a menos que se demonstre claramente a necessidade de se estabelecer um n\u00edvel diferente para prevenir ou remediar o preju\u00edzo grave.<\/p>\n\n\n\n<h2 class=\"wp-block-heading\">Medida de Salvaguarda Provis\u00f3rias<\/h2>\n\n\n\n<p>Como bem entendido, as medidas de salvaguarda definitivas s\u00f3 ser\u00e3o aplicadas ap\u00f3s o t\u00e9rmino das investiga\u00e7\u00f5es. Mas e no per\u00edodo pr\u00e9-investiga\u00e7\u00f5es? A resposta, nesse caso, \u00e9 a aplica\u00e7\u00e3o de medidas provis\u00f3rias.<\/p>\n\n\n\n<p>Dessa forma, em circunst\u00e2ncias cr\u00edticas, em que qualquer demora acarretaria dano dif\u00edcil de reparar, poder\u00e1 ser adotada medida de salvaguarda provis\u00f3ria em decorr\u00eancia de determina\u00e7\u00e3o preliminar da exist\u00eancia de provas claras de que o aumento das importa\u00e7\u00f5es tem causado ou amea\u00e7a causar preju\u00edzo grave.<\/p>\n\n\n\n<p>A saber, a dura\u00e7\u00e3o da medida provis\u00f3ria <strong>n\u00e3o exceder\u00e1 200 dias.<\/strong><\/p>\n\n\n\n<p>Contudo, as medidas dessa natureza (provis\u00f3rias) dever\u00e3o assumir a forma de <strong>aumento nos impostos de importa\u00e7\u00e3o<\/strong>, que ser\u00e3o prontamente reembolsados se na investiga\u00e7\u00e3o posterior n\u00e3o fique determinado que o aumento das importa\u00e7\u00f5es haja causado ou amea\u00e7ado causar preju\u00edzo grave a uma ind\u00fastria nacional.<\/p>\n\n\n\n<h2 class=\"wp-block-heading\">Dura\u00e7\u00e3o das Medidas de Salvaguarda<\/h2>\n\n\n\n<p>Como visto, as medidas provis\u00f3rias possuem tempo m\u00e1ximo: 200 dias. J\u00e1 as medidas de salvaguarda definitivas s\u00f3 ser\u00e3o aplicadas durante o per\u00edodo que seja necess\u00e1rio para prevenir ou remediar o preju\u00edzo grave.<\/p>\n\n\n\n<p>Mister salientar que tal per\u00edodo n\u00e3o poder\u00e1 ser superior a 4 anos, a menos que seja prorrogado, caso as autoridades determinem que a medida de salvaguarda continua a ser necess\u00e1ria e que haja provas de que a ind\u00fastria nacional est\u00e1 em processo de ajustamento.<\/p>\n\n\n\n<p>Desse modo, o per\u00edodo m\u00e1ximo, em qualquer caso, ser\u00e1 de 8 anos.<\/p>\n\n\n\n<p>Caso a dura\u00e7\u00e3o prevista de uma medida de salvaguarda seja superior a 1 ano, a medida ser\u00e1 liberalizada progressivamente, em intervalos regulares, durante o per\u00edodo de aplica\u00e7\u00e3o. Se a dura\u00e7\u00e3o for superior a 3 anos, o Membro dever\u00e1 examinar a situa\u00e7\u00e3o o mais tardar na metade do per\u00edodo e, se for o caso, suspender a aplica\u00e7\u00e3o da medida ou acelerar o ritmo de liberaliza\u00e7\u00e3o.<\/p>\n\n\n\n<h2 class=\"wp-block-heading\">Finalizando<\/h2>\n\n\n\n<p>Vale salientar que n\u00e3o se aplicar\u00e3o medidas de salvaguarda contra produto procedente de pa\u00edses em desenvolvimento <strong>quando a parcela que lhe corresponda nas importa\u00e7\u00f5es do Membro importador n\u00e3o for superior a 3%<\/strong>, desde que os pa\u00edses em desenvolvimento com participa\u00e7\u00e3o inferir a 3%, <strong>em conjunto, n\u00e3o representem mais do que 9%.<\/strong><\/p>\n\n\n\n<p>Nesse artigo aprendemos pontos avan\u00e7ados sobre o que s\u00e3o medidas de salvaguarda.<\/p>\n\n\n\n<p>O tema medidas de salvaguarda \u00e9 vasto, sendo imposs\u00edvel de se esgotar em apenas 1 artigo.<\/p>\n\n\n\n<p>Caso queira saber mais detalhes desse e de outros assuntos sobre Com\u00e9rcio Internacional, com milhares de exerc\u00edcios resolvidos e muitos exemplos pr\u00e1ticos, n\u00e3o hesite em ver nossos materiais sobre o tema (<a href=\"https:\/\/www.estrategiaconcursos.com.br\/cursosPorMateria\/comercio-internacional-26\/\">acesse aqui<\/a>). Nossos materiais s\u00e3o elaborados pelos melhores professores da \u00e1rea. S\u00e3o justamente esses materiais que fazem do Estrat\u00e9gia o l\u00edder em aprova\u00e7\u00f5es em concursos p\u00fablicos.<\/p>\n\n\n\n<p>Forte abra\u00e7o<\/p>\n\n\n\n<p>Leandro Ricardo M. Silveira<\/p>\n\n\n\n<p><strong>Instagram: <\/strong><a href=\"https:\/\/www.instagram.com\/leandro.rms12\/\">https:\/\/www.instagram.com\/leandro.rms12\/<\/a><\/p>\n\n\n\n<p class=\"has-text-align-center has-medium-font-size\"><em><strong>Assinatura Anual Ilimitada*<\/strong><\/em><\/p>\n\n\n\n<p class=\"has-text-align-center\"><em>Prepare-se com o melhor material e com quem mais aprova em Concursos P\u00fablicos em todo o pa\u00eds. Assine agora a nossa Assinatura Anual e tenha acesso ilimitado* a todos os nossos cursos.<\/em><\/p>\n\n\n\n<p class=\"has-text-align-center has-light-green-cyan-background-color has-background\" style=\"font-size:clamp(14.642px, 0.915rem + ((1vw - 3.2px) * 0.721), 22px);px\"><strong>ASSINE AGORA<\/strong>&nbsp;\u2013&nbsp;<strong><a rel=\"noreferrer noopener\" href=\"https:\/\/www.estrategiaconcursos.com.br\/assinaturas\" target=\"_blank\">Assinatura Ilimitada<\/a><\/strong><\/p>\n\n\n\n<p class=\"has-text-align-center has-medium-font-size\"><strong><em><strong>Sistema de Quest\u00f5es<\/strong><\/em><\/strong><\/p>\n\n\n\n<p class=\"has-text-align-center\"><em>Estrat\u00e9gia Quest\u00f5es nasceu maior do que todos os concorrentes, com mais quest\u00f5es cadastradas e mais solu\u00e7\u00f5es por professores. Ent\u00e3o, confira e aproveite os descontos e b\u00f4nus imperd\u00edveis!<\/em><\/p>\n\n\n\n<p class=\"has-text-align-center has-vivid-green-cyan-background-color has-background\" style=\"font-size:clamp(14.642px, 0.915rem + ((1vw - 3.2px) * 0.721), 22px);px\"><strong>ASSINE AGORA \u2013&nbsp;<a href=\"https:\/\/questoes.estrategiaconcursos.com.br\/\" target=\"_blank\" rel=\"noreferrer noopener\">Sistema de Quest\u00f5es<\/a><\/strong><\/p>\n\n\n\n<p class=\"has-text-align-center has-medium-font-size\"><strong><em>Fique por dentro dos concursos em aberto<\/em><\/strong><\/p>\n\n\n\n<p class=\"has-text-align-center has-pale-cyan-blue-background-color has-background\" style=\"font-size:clamp(14.642px, 0.915rem + ((1vw - 3.2px) * 0.721), 22px);px\"><a rel=\"noreferrer noopener\" href=\"https:\/\/www.estrategiaconcursos.com.br\/blog\/concursos-abertos\/\" target=\"_blank\"><strong>CONCURSOS ABERTOS<\/strong><\/a><\/p>\n\n\n\n<p class=\"has-text-align-center has-medium-font-size\"><strong><em>As oportunidades previstas<\/em><\/strong><\/p>\n\n\n\n<p class=\"has-text-align-center has-pale-cyan-blue-background-color has-background\" style=\"font-size:clamp(14.642px, 0.915rem + ((1vw - 3.2px) * 0.721), 22px);px\"><a rel=\"noreferrer noopener\" href=\"https:\/\/www.estrategiaconcursos.com.br\/blog\/concursos-2020\/\" target=\"_blank\"><strong>CONCURSOS&nbsp;2020<\/strong><\/a><\/p>\n\n\n\n<p class=\"has-text-align-center has-pale-cyan-blue-background-color has-background\" style=\"font-size:clamp(14.642px, 0.915rem + ((1vw - 3.2px) * 0.721), 22px);px\"><a rel=\"noreferrer noopener\" href=\"https:\/\/www.estrategiaconcursos.com.br\/blog\/concursos-2021\/\" target=\"_blank\"><strong>CONCURSOS 2021<\/strong><\/a><\/p>\n","protected":false},"excerpt":{"rendered":"<p>Veja os pontos avan\u00e7ados sobre o que a OMC disp\u00f5e sobre as Medidas de Salvaguarda, condi\u00e7\u00f5es e aplica\u00e7\u00e3o de medidas provis\u00f3rias Ol\u00e1, Estrategista. Tudo joia? Voc\u00ea se lembra dos objetivos da Organiza\u00e7\u00e3o Mundial de Com\u00e9rcio (OMC)? Caso n\u00e3o se lembre, vamos relembr\u00e1-los. Os objetivos dessa organiza\u00e7\u00e3o s\u00e3o: Eleva\u00e7\u00e3o dos n\u00edveis de vida, receitas reais e [&hellip;]<\/p>\n","protected":false},"author":1668,"featured_media":616740,"comment_status":"open","ping_status":"closed","sticky":false,"template":"","format":"standard","meta":{"post_tipo":"article","footnotes":""},"categories":[1983],"tags":[220014],"tax_estado":[219963],"class_list":["post-616739","post","type-post","status-publish","format-standard","has-post-thumbnail","hentry","category-fiscal-estadual","tag-medidas-de-salvaguarda","tax_estado-concursos-federais"],"acf":[],"yoast_head":"<!-- This site is optimized with the Yoast SEO Premium plugin v27.2 (Yoast SEO v27.2) - https:\/\/yoast.com\/product\/yoast-seo-premium-wordpress\/ -->\n<title>A OMC e as Medidas de Salvaguarda \u2013 Pontos Avan\u00e7ados<\/title>\n<meta name=\"description\" content=\"Veja os pontos avan\u00e7ados sobre o que a OMC disp\u00f5e sobre as Medidas de Salvaguarda, condi\u00e7\u00f5es e aplica\u00e7\u00e3o de medidas provis\u00f3rias\" \/>\n<meta name=\"robots\" content=\"index, follow, max-snippet:-1, max-image-preview:large, max-video-preview:-1\" \/>\n<link rel=\"canonical\" href=\"https:\/\/www.estrategiaconcursos.com.br\/blog\/a-omc-e-as-medidas-de-salvaguarda-pontos-avancados\/\" \/>\n<meta property=\"og:locale\" content=\"pt_BR\" \/>\n<meta property=\"og:type\" content=\"article\" \/>\n<meta property=\"og:title\" content=\"A OMC e as Medidas de Salvaguarda \u2013 Pontos Avan\u00e7ados\" \/>\n<meta property=\"og:description\" content=\"Veja os pontos avan\u00e7ados sobre o que a OMC disp\u00f5e sobre as Medidas de Salvaguarda, condi\u00e7\u00f5es e aplica\u00e7\u00e3o de medidas provis\u00f3rias\" \/>\n<meta property=\"og:url\" content=\"https:\/\/www.estrategiaconcursos.com.br\/blog\/a-omc-e-as-medidas-de-salvaguarda-pontos-avancados\/\" \/>\n<meta property=\"og:site_name\" content=\"Estrat\u00e9gia Concursos\" \/>\n<meta property=\"article:published_time\" content=\"2020-12-05T13:47:00+00:00\" \/>\n<meta property=\"og:image\" content=\"https:\/\/dhg1h5j42swfq.cloudfront.net\/2020\/11\/25104518\/Sem-titulo.jpg\" \/>\n\t<meta property=\"og:image:width\" content=\"883\" \/>\n\t<meta property=\"og:image:height\" content=\"480\" \/>\n\t<meta property=\"og:image:type\" content=\"image\/jpeg\" \/>\n<meta name=\"author\" content=\"Leandro Ricardo Machado da Silveira\" \/>\n<meta name=\"twitter:card\" content=\"summary_large_image\" \/>\n<meta name=\"twitter:creator\" content=\"@EstratConcursos\" \/>\n<meta name=\"twitter:site\" content=\"@EstratConcursos\" \/>\n<meta name=\"twitter:label1\" content=\"Escrito por\" \/>\n\t<meta name=\"twitter:data1\" content=\"Leandro Ricardo Machado da Silveira\" \/>\n\t<meta name=\"twitter:label2\" content=\"Est. tempo de leitura\" \/>\n\t<meta name=\"twitter:data2\" content=\"8 minutos\" \/>\n<script type=\"application\/ld+json\" class=\"yoast-schema-graph\">{\"@context\":\"https:\/\/schema.org\",\"@graph\":[{\"@type\":\"NewsArticle\",\"@id\":\"https:\/\/www.estrategiaconcursos.com.br\/blog\/a-omc-e-as-medidas-de-salvaguarda-pontos-avancados\/#article\",\"isPartOf\":{\"@id\":\"https:\/\/www.estrategiaconcursos.com.br\/blog\/a-omc-e-as-medidas-de-salvaguarda-pontos-avancados\/\"},\"author\":{\"name\":\"Leandro Ricardo Machado da Silveira\",\"@id\":\"https:\/\/www.estrategiaconcursos.com.br\/blog\/#\/schema\/person\/c666a44fbce7e2e70009a9c13549267a\"},\"headline\":\"A OMC e as Medidas de Salvaguarda \u2013 Pontos Avan\u00e7ados\",\"datePublished\":\"2020-12-05T13:47:00+00:00\",\"mainEntityOfPage\":{\"@id\":\"https:\/\/www.estrategiaconcursos.com.br\/blog\/a-omc-e-as-medidas-de-salvaguarda-pontos-avancados\/\"},\"wordCount\":1553,\"commentCount\":0,\"publisher\":{\"@id\":\"https:\/\/www.estrategiaconcursos.com.br\/blog\/#organization\"},\"image\":{\"@id\":\"https:\/\/www.estrategiaconcursos.com.br\/blog\/a-omc-e-as-medidas-de-salvaguarda-pontos-avancados\/#primaryimage\"},\"thumbnailUrl\":\"https:\/\/dhg1h5j42swfq.cloudfront.net\/2020\/11\/25104518\/Sem-titulo.jpg\",\"keywords\":[\"medidas de salvaguarda\"],\"articleSection\":[\"Fiscal - Estadual (ICMS)\"],\"inLanguage\":\"pt-BR\",\"potentialAction\":[{\"@type\":\"CommentAction\",\"name\":\"Comment\",\"target\":[\"https:\/\/www.estrategiaconcursos.com.br\/blog\/a-omc-e-as-medidas-de-salvaguarda-pontos-avancados\/#respond\"]}],\"copyrightYear\":\"2020\",\"copyrightHolder\":{\"@id\":\"https:\/\/www.estrategiaconcursos.com.br\/blog\/#organization\"}},{\"@type\":\"WebPage\",\"@id\":\"https:\/\/www.estrategiaconcursos.com.br\/blog\/a-omc-e-as-medidas-de-salvaguarda-pontos-avancados\/\",\"url\":\"https:\/\/www.estrategiaconcursos.com.br\/blog\/a-omc-e-as-medidas-de-salvaguarda-pontos-avancados\/\",\"name\":\"A OMC e as Medidas de Salvaguarda \u2013 Pontos Avan\u00e7ados\",\"isPartOf\":{\"@id\":\"https:\/\/www.estrategiaconcursos.com.br\/blog\/#website\"},\"primaryImageOfPage\":{\"@id\":\"https:\/\/www.estrategiaconcursos.com.br\/blog\/a-omc-e-as-medidas-de-salvaguarda-pontos-avancados\/#primaryimage\"},\"image\":{\"@id\":\"https:\/\/www.estrategiaconcursos.com.br\/blog\/a-omc-e-as-medidas-de-salvaguarda-pontos-avancados\/#primaryimage\"},\"thumbnailUrl\":\"https:\/\/dhg1h5j42swfq.cloudfront.net\/2020\/11\/25104518\/Sem-titulo.jpg\",\"datePublished\":\"2020-12-05T13:47:00+00:00\",\"description\":\"Veja os pontos avan\u00e7ados sobre o que a OMC disp\u00f5e sobre as Medidas de Salvaguarda, condi\u00e7\u00f5es e aplica\u00e7\u00e3o de medidas provis\u00f3rias\",\"breadcrumb\":{\"@id\":\"https:\/\/www.estrategiaconcursos.com.br\/blog\/a-omc-e-as-medidas-de-salvaguarda-pontos-avancados\/#breadcrumb\"},\"inLanguage\":\"pt-BR\",\"potentialAction\":[{\"@type\":\"ReadAction\",\"target\":[\"https:\/\/www.estrategiaconcursos.com.br\/blog\/a-omc-e-as-medidas-de-salvaguarda-pontos-avancados\/\"]}]},{\"@type\":\"ImageObject\",\"inLanguage\":\"pt-BR\",\"@id\":\"https:\/\/www.estrategiaconcursos.com.br\/blog\/a-omc-e-as-medidas-de-salvaguarda-pontos-avancados\/#primaryimage\",\"url\":\"https:\/\/dhg1h5j42swfq.cloudfront.net\/2020\/11\/25104518\/Sem-titulo.jpg\",\"contentUrl\":\"https:\/\/dhg1h5j42swfq.cloudfront.net\/2020\/11\/25104518\/Sem-titulo.jpg\",\"width\":883,\"height\":480},{\"@type\":\"BreadcrumbList\",\"@id\":\"https:\/\/www.estrategiaconcursos.com.br\/blog\/a-omc-e-as-medidas-de-salvaguarda-pontos-avancados\/#breadcrumb\",\"itemListElement\":[{\"@type\":\"ListItem\",\"position\":1,\"name\":\"In\u00edcio\",\"item\":\"https:\/\/www.estrategiaconcursos.com.br\/blog\/\"},{\"@type\":\"ListItem\",\"position\":2,\"name\":\"A OMC e as Medidas de Salvaguarda \u2013 Pontos Avan\u00e7ados\"}]},{\"@type\":\"WebSite\",\"@id\":\"https:\/\/www.estrategiaconcursos.com.br\/blog\/#website\",\"url\":\"https:\/\/www.estrategiaconcursos.com.br\/blog\/\",\"name\":\"Estrat\u00e9gia Concursos\",\"description\":\"O blog da Estrat\u00e9gia Concursos traz not\u00edcias sobre concursos e artigos de professores oferecendo cursos para concursos (pdf + videaulas) no site.\",\"publisher\":{\"@id\":\"https:\/\/www.estrategiaconcursos.com.br\/blog\/#organization\"},\"potentialAction\":[{\"@type\":\"SearchAction\",\"target\":{\"@type\":\"EntryPoint\",\"urlTemplate\":\"https:\/\/www.estrategiaconcursos.com.br\/blog\/?s={search_term_string}\"},\"query-input\":{\"@type\":\"PropertyValueSpecification\",\"valueRequired\":true,\"valueName\":\"search_term_string\"}}],\"inLanguage\":\"pt-BR\"},{\"@type\":\"Organization\",\"@id\":\"https:\/\/www.estrategiaconcursos.com.br\/blog\/#organization\",\"name\":\"Estrat\u00e9gia Concursos\",\"url\":\"https:\/\/www.estrategiaconcursos.com.br\/blog\/\",\"logo\":{\"@type\":\"ImageObject\",\"inLanguage\":\"pt-BR\",\"@id\":\"https:\/\/www.estrategiaconcursos.com.br\/blog\/#\/schema\/logo\/image\/\",\"url\":\"https:\/\/dhg1h5j42swfq.cloudfront.net\/2025\/06\/03203428\/logo_concursos-1.jpg\",\"contentUrl\":\"https:\/\/dhg1h5j42swfq.cloudfront.net\/2025\/06\/03203428\/logo_concursos-1.jpg\",\"width\":230,\"height\":60,\"caption\":\"Estrat\u00e9gia Concursos\"},\"image\":{\"@id\":\"https:\/\/www.estrategiaconcursos.com.br\/blog\/#\/schema\/logo\/image\/\"},\"sameAs\":[\"https:\/\/x.com\/EstratConcursos\"]},{\"@type\":\"Person\",\"@id\":\"https:\/\/www.estrategiaconcursos.com.br\/blog\/#\/schema\/person\/c666a44fbce7e2e70009a9c13549267a\",\"name\":\"Leandro Ricardo Machado da Silveira\",\"image\":{\"@type\":\"ImageObject\",\"inLanguage\":\"pt-BR\",\"@id\":\"https:\/\/secure.gravatar.com\/avatar\/6fb25994d16b9649838400aa459b16c1c83f558e0fd6ebebd16da0473908b291?s=96&d=mm&r=g\",\"url\":\"https:\/\/secure.gravatar.com\/avatar\/6fb25994d16b9649838400aa459b16c1c83f558e0fd6ebebd16da0473908b291?s=96&d=mm&r=g\",\"contentUrl\":\"https:\/\/secure.gravatar.com\/avatar\/6fb25994d16b9649838400aa459b16c1c83f558e0fd6ebebd16da0473908b291?s=96&d=mm&r=g\",\"caption\":\"Leandro Ricardo Machado da Silveira\"},\"description\":\"Engenheiro Aeron\u00e1utico, formado pela Universidade Federal de Uberl\u00e2ndia, possui MBA em Administra\u00e7\u00e3o e Finan\u00e7as Corporativas e aprovado nos concursos de Auditor Fiscal SEFAZ-SC e SEFAZ-GO.\",\"url\":\"https:\/\/www.estrategiaconcursos.com.br\/blog\/author\/leandro_vzthotmail-com\/\"}]}<\/script>\n<!-- \/ Yoast SEO Premium plugin. -->","yoast_head_json":{"title":"A OMC e as Medidas de Salvaguarda \u2013 Pontos Avan\u00e7ados","description":"Veja os pontos avan\u00e7ados sobre o que a OMC disp\u00f5e sobre as Medidas de Salvaguarda, condi\u00e7\u00f5es e aplica\u00e7\u00e3o de medidas provis\u00f3rias","robots":{"index":"index","follow":"follow","max-snippet":"max-snippet:-1","max-image-preview":"max-image-preview:large","max-video-preview":"max-video-preview:-1"},"canonical":"https:\/\/www.estrategiaconcursos.com.br\/blog\/a-omc-e-as-medidas-de-salvaguarda-pontos-avancados\/","og_locale":"pt_BR","og_type":"article","og_title":"A OMC e as Medidas de Salvaguarda \u2013 Pontos Avan\u00e7ados","og_description":"Veja os pontos avan\u00e7ados sobre o que a OMC disp\u00f5e sobre as Medidas de Salvaguarda, condi\u00e7\u00f5es e aplica\u00e7\u00e3o de medidas provis\u00f3rias","og_url":"https:\/\/www.estrategiaconcursos.com.br\/blog\/a-omc-e-as-medidas-de-salvaguarda-pontos-avancados\/","og_site_name":"Estrat\u00e9gia Concursos","article_published_time":"2020-12-05T13:47:00+00:00","og_image":[{"width":883,"height":480,"url":"https:\/\/dhg1h5j42swfq.cloudfront.net\/2020\/11\/25104518\/Sem-titulo.jpg","type":"image\/jpeg"}],"author":"Leandro Ricardo Machado da Silveira","twitter_card":"summary_large_image","twitter_creator":"@EstratConcursos","twitter_site":"@EstratConcursos","twitter_misc":{"Escrito por":"Leandro Ricardo Machado da Silveira","Est. tempo de leitura":"8 minutos"},"schema":{"@context":"https:\/\/schema.org","@graph":[{"@type":"NewsArticle","@id":"https:\/\/www.estrategiaconcursos.com.br\/blog\/a-omc-e-as-medidas-de-salvaguarda-pontos-avancados\/#article","isPartOf":{"@id":"https:\/\/www.estrategiaconcursos.com.br\/blog\/a-omc-e-as-medidas-de-salvaguarda-pontos-avancados\/"},"author":{"name":"Leandro Ricardo Machado da Silveira","@id":"https:\/\/www.estrategiaconcursos.com.br\/blog\/#\/schema\/person\/c666a44fbce7e2e70009a9c13549267a"},"headline":"A OMC e as Medidas de Salvaguarda \u2013 Pontos Avan\u00e7ados","datePublished":"2020-12-05T13:47:00+00:00","mainEntityOfPage":{"@id":"https:\/\/www.estrategiaconcursos.com.br\/blog\/a-omc-e-as-medidas-de-salvaguarda-pontos-avancados\/"},"wordCount":1553,"commentCount":0,"publisher":{"@id":"https:\/\/www.estrategiaconcursos.com.br\/blog\/#organization"},"image":{"@id":"https:\/\/www.estrategiaconcursos.com.br\/blog\/a-omc-e-as-medidas-de-salvaguarda-pontos-avancados\/#primaryimage"},"thumbnailUrl":"https:\/\/dhg1h5j42swfq.cloudfront.net\/2020\/11\/25104518\/Sem-titulo.jpg","keywords":["medidas de salvaguarda"],"articleSection":["Fiscal - Estadual (ICMS)"],"inLanguage":"pt-BR","potentialAction":[{"@type":"CommentAction","name":"Comment","target":["https:\/\/www.estrategiaconcursos.com.br\/blog\/a-omc-e-as-medidas-de-salvaguarda-pontos-avancados\/#respond"]}],"copyrightYear":"2020","copyrightHolder":{"@id":"https:\/\/www.estrategiaconcursos.com.br\/blog\/#organization"}},{"@type":"WebPage","@id":"https:\/\/www.estrategiaconcursos.com.br\/blog\/a-omc-e-as-medidas-de-salvaguarda-pontos-avancados\/","url":"https:\/\/www.estrategiaconcursos.com.br\/blog\/a-omc-e-as-medidas-de-salvaguarda-pontos-avancados\/","name":"A OMC e as Medidas de Salvaguarda \u2013 Pontos Avan\u00e7ados","isPartOf":{"@id":"https:\/\/www.estrategiaconcursos.com.br\/blog\/#website"},"primaryImageOfPage":{"@id":"https:\/\/www.estrategiaconcursos.com.br\/blog\/a-omc-e-as-medidas-de-salvaguarda-pontos-avancados\/#primaryimage"},"image":{"@id":"https:\/\/www.estrategiaconcursos.com.br\/blog\/a-omc-e-as-medidas-de-salvaguarda-pontos-avancados\/#primaryimage"},"thumbnailUrl":"https:\/\/dhg1h5j42swfq.cloudfront.net\/2020\/11\/25104518\/Sem-titulo.jpg","datePublished":"2020-12-05T13:47:00+00:00","description":"Veja os pontos avan\u00e7ados sobre o que a OMC disp\u00f5e sobre as Medidas de Salvaguarda, condi\u00e7\u00f5es e aplica\u00e7\u00e3o de medidas provis\u00f3rias","breadcrumb":{"@id":"https:\/\/www.estrategiaconcursos.com.br\/blog\/a-omc-e-as-medidas-de-salvaguarda-pontos-avancados\/#breadcrumb"},"inLanguage":"pt-BR","potentialAction":[{"@type":"ReadAction","target":["https:\/\/www.estrategiaconcursos.com.br\/blog\/a-omc-e-as-medidas-de-salvaguarda-pontos-avancados\/"]}]},{"@type":"ImageObject","inLanguage":"pt-BR","@id":"https:\/\/www.estrategiaconcursos.com.br\/blog\/a-omc-e-as-medidas-de-salvaguarda-pontos-avancados\/#primaryimage","url":"https:\/\/dhg1h5j42swfq.cloudfront.net\/2020\/11\/25104518\/Sem-titulo.jpg","contentUrl":"https:\/\/dhg1h5j42swfq.cloudfront.net\/2020\/11\/25104518\/Sem-titulo.jpg","width":883,"height":480},{"@type":"BreadcrumbList","@id":"https:\/\/www.estrategiaconcursos.com.br\/blog\/a-omc-e-as-medidas-de-salvaguarda-pontos-avancados\/#breadcrumb","itemListElement":[{"@type":"ListItem","position":1,"name":"In\u00edcio","item":"https:\/\/www.estrategiaconcursos.com.br\/blog\/"},{"@type":"ListItem","position":2,"name":"A OMC e as Medidas de Salvaguarda \u2013 Pontos Avan\u00e7ados"}]},{"@type":"WebSite","@id":"https:\/\/www.estrategiaconcursos.com.br\/blog\/#website","url":"https:\/\/www.estrategiaconcursos.com.br\/blog\/","name":"Estrat\u00e9gia Concursos","description":"O blog da Estrat\u00e9gia Concursos traz not\u00edcias sobre concursos e artigos de professores oferecendo cursos para concursos (pdf + videaulas) no site.","publisher":{"@id":"https:\/\/www.estrategiaconcursos.com.br\/blog\/#organization"},"potentialAction":[{"@type":"SearchAction","target":{"@type":"EntryPoint","urlTemplate":"https:\/\/www.estrategiaconcursos.com.br\/blog\/?s={search_term_string}"},"query-input":{"@type":"PropertyValueSpecification","valueRequired":true,"valueName":"search_term_string"}}],"inLanguage":"pt-BR"},{"@type":"Organization","@id":"https:\/\/www.estrategiaconcursos.com.br\/blog\/#organization","name":"Estrat\u00e9gia Concursos","url":"https:\/\/www.estrategiaconcursos.com.br\/blog\/","logo":{"@type":"ImageObject","inLanguage":"pt-BR","@id":"https:\/\/www.estrategiaconcursos.com.br\/blog\/#\/schema\/logo\/image\/","url":"https:\/\/dhg1h5j42swfq.cloudfront.net\/2025\/06\/03203428\/logo_concursos-1.jpg","contentUrl":"https:\/\/dhg1h5j42swfq.cloudfront.net\/2025\/06\/03203428\/logo_concursos-1.jpg","width":230,"height":60,"caption":"Estrat\u00e9gia Concursos"},"image":{"@id":"https:\/\/www.estrategiaconcursos.com.br\/blog\/#\/schema\/logo\/image\/"},"sameAs":["https:\/\/x.com\/EstratConcursos"]},{"@type":"Person","@id":"https:\/\/www.estrategiaconcursos.com.br\/blog\/#\/schema\/person\/c666a44fbce7e2e70009a9c13549267a","name":"Leandro Ricardo Machado da Silveira","image":{"@type":"ImageObject","inLanguage":"pt-BR","@id":"https:\/\/secure.gravatar.com\/avatar\/6fb25994d16b9649838400aa459b16c1c83f558e0fd6ebebd16da0473908b291?s=96&d=mm&r=g","url":"https:\/\/secure.gravatar.com\/avatar\/6fb25994d16b9649838400aa459b16c1c83f558e0fd6ebebd16da0473908b291?s=96&d=mm&r=g","contentUrl":"https:\/\/secure.gravatar.com\/avatar\/6fb25994d16b9649838400aa459b16c1c83f558e0fd6ebebd16da0473908b291?s=96&d=mm&r=g","caption":"Leandro Ricardo Machado da Silveira"},"description":"Engenheiro Aeron\u00e1utico, formado pela Universidade Federal de Uberl\u00e2ndia, possui MBA em Administra\u00e7\u00e3o e Finan\u00e7as Corporativas e aprovado nos concursos de Auditor Fiscal SEFAZ-SC e SEFAZ-GO.","url":"https:\/\/www.estrategiaconcursos.com.br\/blog\/author\/leandro_vzthotmail-com\/"}]}},"_links":{"self":[{"href":"https:\/\/www.estrategiaconcursos.com.br\/blog\/wp-json\/wp\/v2\/posts\/616739","targetHints":{"allow":["GET"]}}],"collection":[{"href":"https:\/\/www.estrategiaconcursos.com.br\/blog\/wp-json\/wp\/v2\/posts"}],"about":[{"href":"https:\/\/www.estrategiaconcursos.com.br\/blog\/wp-json\/wp\/v2\/types\/post"}],"author":[{"embeddable":true,"href":"https:\/\/www.estrategiaconcursos.com.br\/blog\/wp-json\/wp\/v2\/users\/1668"}],"replies":[{"embeddable":true,"href":"https:\/\/www.estrategiaconcursos.com.br\/blog\/wp-json\/wp\/v2\/comments?post=616739"}],"version-history":[{"count":3,"href":"https:\/\/www.estrategiaconcursos.com.br\/blog\/wp-json\/wp\/v2\/posts\/616739\/revisions"}],"predecessor-version":[{"id":621505,"href":"https:\/\/www.estrategiaconcursos.com.br\/blog\/wp-json\/wp\/v2\/posts\/616739\/revisions\/621505"}],"wp:featuredmedia":[{"embeddable":true,"href":"https:\/\/www.estrategiaconcursos.com.br\/blog\/wp-json\/wp\/v2\/media\/616740"}],"wp:attachment":[{"href":"https:\/\/www.estrategiaconcursos.com.br\/blog\/wp-json\/wp\/v2\/media?parent=616739"}],"wp:term":[{"taxonomy":"category","embeddable":true,"href":"https:\/\/www.estrategiaconcursos.com.br\/blog\/wp-json\/wp\/v2\/categories?post=616739"},{"taxonomy":"post_tag","embeddable":true,"href":"https:\/\/www.estrategiaconcursos.com.br\/blog\/wp-json\/wp\/v2\/tags?post=616739"},{"taxonomy":"tax_estado","embeddable":true,"href":"https:\/\/www.estrategiaconcursos.com.br\/blog\/wp-json\/wp\/v2\/tax_estado?post=616739"}],"curies":[{"name":"wp","href":"https:\/\/api.w.org\/{rel}","templated":true}]}}