{"id":616424,"date":"2020-11-28T15:20:00","date_gmt":"2020-11-28T18:20:00","guid":{"rendered":"https:\/\/www.estrategiaconcursos.com.br\/blog\/?p=616424"},"modified":"2020-11-26T15:35:33","modified_gmt":"2020-11-26T18:35:33","slug":"codigo-tributario-municipal-de-aju-pontos-que-merecem-atencao-v","status":"publish","type":"post","link":"https:\/\/www.estrategiaconcursos.com.br\/blog\/codigo-tributario-municipal-de-aju-pontos-que-merecem-atencao-v\/","title":{"rendered":"C\u00f3digo Tribut\u00e1rio Municipal de AJU &#8211; Pontos que merecem aten\u00e7\u00e3o &#8211; V"},"content":{"rendered":"\n<p>Ol\u00e1, pessoal. Tudo certo? No artigo de hoje veremos mais alguns pontos que merecem aten\u00e7\u00e3o no C\u00f3digo Tribut\u00e1rio Municipal de AJU, pontos como a sucess\u00e3o na transmiss\u00e3o de bens im\u00f3veis no IPTU, a base de c\u00e1lculo de ISS, as taxas e principalmente o processo administrativo tribut\u00e1rio (PAF) na&nbsp;<a href=\"https:\/\/fazenda.aracaju.se.gov.br\/app-semfaz\/\" data-type=\"URL\" data-id=\"https:\/\/fazenda.aracaju.se.gov.br\/app-semfaz\/\">legisla\u00e7\u00e3o de Aracaju<\/a>.<\/p>\n\n\n\n<p>Vamos l\u00e1?<\/p>\n\n\n\n<h2 class=\"wp-block-heading\">IPTU &#8211; <strong>Sucess\u00e3o na transmiss\u00e3o de bens im\u00f3veis<\/strong><\/h2>\n\n\n\n<p>Dos conhecimentos do CTN<strong>, <\/strong>sabemos que ocorre a sucess\u00e3o dos cr\u00e9ditos tribut\u00e1rios relativos \u00e0 propriedade na transmiss\u00e3o de bens im\u00f3veis, entretanto o pr\u00f3prio CTN disciplina sobre<strong> duas exce\u00e7\u00f5es:<\/strong><\/p>\n\n\n\n<ul class=\"wp-block-list\"><li>Quando h\u00e1 t\u00edtulo que prove a quita\u00e7\u00e3o do cr\u00e9dito (Ex.: CND)<\/li><li>Na arremata\u00e7\u00e3o em hasta p\u00fablica<\/li><\/ul>\n\n\n\n<p>Vejamos o a literalidade do CTN<\/p>\n\n\n\n<p><em>CTN, Art. 130. Os <strong><span class=\"has-inline-color has-vivid-cyan-blue-color\">cr\u00e9ditos tribut\u00e1rios relativos a impostos cujo fato gerador seja a propriedade<\/span><\/strong>, o dom\u00ednio \u00fatil ou a posse de bens im\u00f3veis, e bem assim os relativos a taxas pela presta\u00e7\u00e3o de servi\u00e7os referentes a tais bens, ou a contribui\u00e7\u00f5es de melhoria, <strong>subrogam-se na pessoa dos respectivos adquirentes<\/strong>, <span class=\"has-inline-color has-vivid-red-color\"><strong>salvo <\/strong><\/span>quando conste do<strong><span class=\"has-inline-color has-vivid-green-cyan-color\"> t\u00edtulo a prova de sua quita\u00e7\u00e3o<\/span><\/strong>.<\/em><\/p>\n\n\n\n<p><em>Par\u00e1grafo \u00fanico. No <strong><span class=\"has-inline-color has-vivid-green-cyan-color\">caso de arremata\u00e7\u00e3o em hasta p\u00fablica<\/span><\/strong>, a sub-roga\u00e7\u00e3o ocorre sobre o respectivo pre\u00e7o.<\/em><\/p>\n\n\n\n<p>Agora comparemos com o que disciplinou o C\u00f3digo Tribut\u00e1rio Municipal de Aracaju.<\/p>\n\n\n\n<p><em>Art. 135 \u2013 O <span class=\"has-inline-color has-vivid-cyan-blue-color\"><strong>imposto <\/strong><\/span>constitui \u00f4nus que <strong>acompanha o im\u00f3vel<\/strong> em <span class=\"has-inline-color has-vivid-red-color\"><strong>todos <\/strong><\/span>os <strong>casos de transfer\u00eancia de propriedade<\/strong> ou de direitos reais a ele relativos.<\/em><\/p>\n\n\n\n<p>Trata-se de um artigo muito &#8220;perigoso&#8221;, uma vez que <span style=\"text-decoration: underline\">n\u00e3o h\u00e1 qualquer men\u00e7\u00e3o as exce\u00e7\u00f5es do CTN<\/span>, cuidado!<\/p>\n\n\n\n<h2 class=\"wp-block-heading\">Base de c\u00e1lculo ISS<\/h2>\n\n\n\n<p>A base de c\u00e1lculo do ISS, em regra, \u00e9 o valor &#8220;cheio&#8221; da opera\u00e7\u00e3o, incidindo tanto no valor cobrado pelo servi\u00e7o quanto no valor das mercadorias utilizadas na presta\u00e7\u00e3o de servi\u00e7o.<\/p>\n\n\n\n<p>Obviamente que existem exce\u00e7\u00f5es \u00e0 regra, como \u00e9 o caso dos servi\u00e7os de obras (7.02) e reforma (7.05).<\/p>\n\n\n\n<p>Vejamos o <a href=\"http:\/\/legislacao.planalto.gov.br\/legisla\/legislacao.nsf\/Viw_Identificacao\/DEL%20406-1968?OpenDocument\"><strong>DECRETO-LEI N\u00ba 406, DE 31 DE DEZEMBRO DE 1968.<\/strong><\/a><\/p>\n\n\n\n<p><em>Art. 9, \u00a7 2\u00ba Na presta\u00e7\u00e3o dos servi\u00e7os a que se referem os itens 19 e 20 da lista anexa o<span class=\"has-inline-color has-vivid-cyan-blue-color\"> <\/span><\/em><strong><span class=\"has-inline-color has-vivid-cyan-blue-color\"><em>imp\u00f4sto ser\u00e1 calculado<\/em><\/span><\/strong><em> <\/em><strong><em>s\u00f4bre o pre\u00e7o<\/em><\/strong><em> <\/em><strong><span class=\"has-inline-color has-vivid-green-cyan-color\"><em>deduzido<\/em><\/span><\/strong><em><span class=\"has-inline-color has-vivid-green-cyan-color\"> <\/span>das parcelas correspondentes:&nbsp;&nbsp;&nbsp;&nbsp;&nbsp;<\/em><\/p>\n\n\n\n<p><em>&nbsp;a) ao <strong>valor dos materiais fornecidos pelo prestador dos servi\u00e7os<\/strong>;&nbsp;&nbsp;&nbsp;&nbsp;&nbsp;&nbsp;<\/em><\/p>\n\n\n\n<p><em>&nbsp;b) ao<span class=\"has-inline-color has-vivid-purple-color\"> <strong>valor das subempreitadas j\u00e1 tributadas<\/strong><\/span> pelo imp\u00f4sto<\/em><\/p>\n\n\n\n<p>Importante perceber o <span style=\"text-decoration: underline\">CTM de Aracaju <strong><span class=\"has-inline-color has-vivid-red-color\">n\u00e3o previu <\/span><\/strong>a dedu\u00e7\u00e3o dos valores das subempreitadas j\u00e1 tributadas<\/span>.<\/p>\n\n\n\n<p><em>Art. 108. Na presta\u00e7\u00e3o de servi\u00e7os a que se referem os subitens 7.02 e 7.05 da lista constante do artigo 98 desta Lei, o <strong><span class=\"has-inline-color has-vivid-cyan-blue-color\">imposto ser\u00e1 calculado<\/span><\/strong> sobre o <strong>pre\u00e7o cobrado<\/strong>, <span class=\"has-inline-color has-vivid-green-cyan-color\"><strong>deduzido<\/strong> <\/span>do <strong>valor dos <span class=\"has-inline-color has-black-color\">materiais fornecidos pelo prestador dos servi\u00e7os<\/span><\/strong><\/em><\/p>\n\n\n\n<h2 class=\"wp-block-heading\">Taxas pela Utiliza\u00e7\u00e3o de Servi\u00e7os P\u00fablicos<\/h2>\n\n\n\n<p>Um artigo muito importante \u00e9 o rol das taxas de utiliza\u00e7\u00e3o de servi\u00e7o p\u00fablico, assim vejamos.<\/p>\n\n\n\n<p><em>Art. 222 \u2013 A <strong><span class=\"has-inline-color has-vivid-cyan-blue-color\">utiliza\u00e7\u00e3o de servi\u00e7os p\u00fablicos<\/span><\/strong> de forma efetiva ou potencial, d\u00e1 origem \u00e0s seguintes <strong><span class=\"has-inline-color has-vivid-cyan-blue-color\">taxas<\/span><\/strong>:<\/em><\/p>\n\n\n\n<p><em>I &#8211; de <span class=\"has-inline-color has-vivid-green-cyan-color\"><strong>Ilumina\u00e7\u00e3o P\u00fablica<\/strong>;<\/span><\/em><\/p>\n\n\n\n<p><em>II &#8211; de <strong><span class=\"has-inline-color has-vivid-green-cyan-color\">Servi\u00e7os Diversos<\/span><\/strong>;<\/em><\/p>\n\n\n\n<p><em>III &#8211; de <strong><span class=\"has-inline-color has-vivid-green-cyan-color\">Servi\u00e7os P\u00fablicos Urbanos<\/span><\/strong>;<\/em><\/p>\n\n\n\n<p>Sobre as taxas servi\u00e7os p\u00fablicos urbanos temos que:<\/p>\n\n\n\n<p><em>Art. 228 \u2013 A<span class=\"has-inline-color has-vivid-cyan-blue-color\"> <strong>taxa de servi\u00e7os p\u00fablicos urbanos<\/strong><\/span> tem como o <strong>fato gerador<\/strong> a presta\u00e7\u00e3o dos seguintes servi\u00e7os municipais:<\/em><\/p>\n\n\n\n<p><em>I &#8211; <strong><span class=\"has-inline-color has-vivid-green-cyan-color\">coleta e remo\u00e7\u00e3o de lixo domiciliar<\/span><\/strong>;<\/em><\/p>\n\n\n\n<p><em>II &#8211; <strong><span class=\"has-inline-color has-vivid-purple-color\">varri\u00e7\u00e3o e capina\u00e7\u00e3o de logradouros p\u00fablicos<\/span><\/strong>;<\/em><\/p>\n\n\n\n<p><em>III &#8211; <strong><span class=\"has-inline-color has-vivid-purple-color\">limpeza de c\u00f3rregos, galerias pluviais, bueiros e bocas de lobo<\/span><\/strong>;<\/em><\/p>\n\n\n\n<p><em>IV &#8211; <strong><span class=\"has-inline-color has-vivid-purple-color\">coloca\u00e7\u00e3o de recipientes coletores de pap\u00e9is<\/span><\/strong>;<\/em><\/p>\n\n\n\n<p><em>V &#8211; <strong><span class=\"has-inline-color has-vivid-green-cyan-color\">coleta e remo\u00e7\u00e3o de lixo comercial, industrial e hospitalar<\/span><\/strong>;<\/em><\/p>\n\n\n\n<p>O problema \u00e9 que as taxas de <strong><span class=\"has-inline-color has-vivid-purple-color\">varri\u00e7\u00e3o e capina\u00e7\u00e3o de logradouros p\u00fablicos, limpeza de c\u00f3rregos, galerias pluviais, bueiros e bocas de lobo e coloca\u00e7\u00e3o de recipientes coletores de pap\u00e9is<\/span> <\/strong>apresentam <strong>aparente inconstitucionalidade<\/strong>, pois esses servi\u00e7os n\u00e3o podem ser remunerados por taxa devido \u00e0 falta de especificidade e divisibilidade.<\/p>\n\n\n\n<p>Fiquemos com um esquema do professor Wagner Damazio.<\/p>\n\n\n\n<div class=\"wp-block-image\"><figure class=\"aligncenter size-large\"><img loading=\"lazy\" decoding=\"async\" width=\"567\" height=\"156\" src=\"https:\/\/dhg1h5j42swfq.cloudfront.net\/2020\/11\/24193617\/image-330.png\" alt=\"C\u00f3digo Tribut\u00e1rio Municipal de AJU\" class=\"wp-image-616425\" srcset=\"https:\/\/dhg1h5j42swfq.cloudfront.net\/2020\/11\/24193617\/image-330.png 567w, https:\/\/dhg1h5j42swfq.cloudfront.net\/2020\/11\/24193617\/image-330-300x83.png 300w\" sizes=\"auto, (max-width: 567px) 100vw, 567px\" \/><figcaption>C\u00f3digo Tribut\u00e1rio Municipal de AJU &#8211; taxa de servi\u00e7os p\u00fablicos urbanos<\/figcaption><\/figure><\/div>\n\n\n\n<h2 class=\"wp-block-heading\">Taxa de ilumina\u00e7\u00e3o p\u00fablica<\/h2>\n\n\n\n<p>Sabemos que o servi\u00e7o de ilumina\u00e7\u00e3o p\u00fablica \u00e9 remunera\u00e7\u00e3o por Contribui\u00e7\u00e3o (COSIP) de compet\u00eancia dos Munic\u00edpios e DF, conforme a Constitui\u00e7\u00e3o Federal.<\/p>\n\n\n\n<p>&nbsp;<em>Art. 149-A Os Munic\u00edpios e o Distrito Federal <strong>poder\u00e3o instituir<\/strong> <\/em><strong><em><span class=\"has-inline-color has-vivid-cyan-blue-color\">contribui\u00e7\u00e3o<\/span><\/em><\/strong><em>, na forma das respectivas leis, para o<span class=\"has-inline-color has-vivid-cyan-blue-color\"> <strong>custeio do servi\u00e7o de ilumina\u00e7\u00e3o p\u00fablica<\/strong><\/span>, observado o disposto no art. 150, I e III.&nbsp;&nbsp;&nbsp;&nbsp;&nbsp;&nbsp;&nbsp;&nbsp;<\/em><\/p>\n\n\n\n<p>Entretanto a<span class=\"has-inline-color has-vivid-cyan-blue-color\"> <strong><em>taxa de ilumina\u00e7\u00e3o p\u00fablica<\/em><\/strong><\/span><strong><em> <\/em><\/strong><span class=\"has-inline-color has-vivid-red-color\"><strong>n\u00e3o foi revogada expressamente<\/strong> <\/span>na legisla\u00e7\u00e3o de Aracaju.<\/p>\n\n\n\n<p><em>Art. 223 \u2013 A <strong><span class=\"has-inline-color has-vivid-cyan-blue-color\">taxa de ilumina\u00e7\u00e3o p\u00fablica<\/span><\/strong> tem como <strong><span class=\"has-inline-color has-vivid-green-cyan-color\">fato gerador<\/span><\/strong> a <strong>presta\u00e7\u00e3o de servi\u00e7os de ilumina\u00e7\u00e3o p\u00fablica<\/strong> em vias e logradouros p\u00fablicos.<\/em><\/p>\n\n\n\n<p>Assim, o CTM disciplina a sujei\u00e7\u00e3o passiva.<\/p>\n\n\n\n<p><em>Art. 224 \u2013 <span class=\"has-inline-color has-vivid-green-cyan-color\"><strong>Contribuinte<\/strong> <\/span>da taxa \u00e9 o <strong>propriet\u00e1rio<\/strong>, <strong>possuidor a qualquer t\u00edtulo<\/strong> ou a <strong>pessoa que tem o dom\u00ednio \u00fatil<\/strong> do im\u00f3vel lindeiro em vias ou logradouros p\u00fablicos que possuam ilumina\u00e7\u00e3o p\u00fablica.<\/em><\/p>\n\n\n\n<p>E a possibilidade de conv\u00eanio.<\/p>\n\n\n\n<p><em>Art. 225 \u2013 A taxa ser\u00e1 calculada de acordo com a tabela VI anexa a esta lei e <strong><span class=\"has-inline-color has-vivid-green-cyan-color\">poder\u00e1 ser cobrada em conv\u00eanio<\/span><\/strong> firmado entre o <strong>Munic\u00edpio e Companhia Estadual de Energia El\u00e9trica<\/strong>.<\/em><\/p>\n\n\n\n<p>Sinceramente n\u00e3o acreditamos que a banca queira &#8220;entrar numa pol\u00eamica dessa magnitude&#8221;, mas tenha em mente esses dispositivos e caso alguma quest\u00e3o afirmar que \u201c<em>Conforme o CTM de Aracaju, a taxa de ilumina\u00e7\u00e3o p\u00fablica tem como fato gerador a presta\u00e7\u00e3o de servi\u00e7os de ilumina\u00e7\u00e3o p\u00fablica em vias e logradouros p\u00fablicos\u201d, <\/em>por exemplo, considere como <strong><span class=\"has-inline-color has-vivid-cyan-blue-color\">CORRETA<\/span><\/strong>. <\/p>\n\n\n\n<h2 class=\"wp-block-heading\">PAF \u2013 Disposi\u00e7\u00f5es Gerais<\/h2>\n\n\n\n<p>Ainda que os prazos n\u00e3o sejam a parte mais importante de uma Legisla\u00e7\u00e3o a t\u00edtulo de prova, alguns devem ser observados com \u201ccarinho\u201d. O prazo para pr\u00e1tica de ato a cargo do contribuinte, quanto a lei ou regulamento \u00e9 omisso \u00e9 de <strong>15 dias<\/strong>, memorize!<\/p>\n\n\n\n<p><em>Art. 245 \u2013 <strong><span class=\"has-inline-color has-vivid-cyan-blue-color\">N\u00e3o havendo prazo fixado<\/span><\/strong> em lei ou regulamento, ser\u00e1 de <strong><span class=\"has-inline-color has-vivid-red-color\">15 (quinze) dias<\/span><\/strong> o <strong>prazo para pr\u00e1tica de ato a cargo do <span class=\"has-inline-color has-vivid-red-color\">contribuinte<\/span><\/strong>.<\/em><\/p>\n\n\n\n<p>Outra informa\u00e7\u00e3o importante das disposi\u00e7\u00f5es gerais do PAF \u00e9 a possibilidade de redu\u00e7\u00e3o de 50% da <strong>multa<\/strong> no caso de recolhimento do tributo no prazo de defesa.<\/p>\n\n\n\n<p><em>Art. 246 \u2013 Ao <strong>contribuinte que no prazo de defesa<\/strong>, comparecer \u00e0 Reparti\u00e7\u00e3o competente para recolher total ou parcialmente o valor do tributo constante de auto de infra\u00e7\u00e3o, ser\u00e1 <strong><span class=\"has-inline-color has-vivid-cyan-blue-color\">concedida a redu\u00e7\u00e3o<\/span> de 50%<\/strong> (cinquenta por cento) <span class=\"has-inline-color has-vivid-cyan-blue-color\"><strong>do valor da multa<\/strong> <\/span>por infra\u00e7\u00e3o.<\/em><\/p>\n\n\n\n<p><strong><span class=\"has-inline-color has-cyan-bluish-gray-color\">Redu\u00e7\u00e3o de 50% do valor da multa \u2013 Requisitos<\/span><\/strong>:<\/p>\n\n\n\n<ul class=\"wp-block-list\"><li>Dentro do prazo de defesa<\/li><li>Comparecimento \u00e0 reparti\u00e7\u00e3o competente<\/li><li>Recolhimento do tributo, total ou <strong><span class=\"has-inline-color has-vivid-red-color\">parcialmente<\/span><\/strong><\/li><\/ul>\n\n\n\n<h2 class=\"wp-block-heading\">PAF &#8211; Peti\u00e7\u00e3o<\/h2>\n\n\n\n<p>O processo administrativo fiscal pode ser iniciado por&nbsp;<strong>peti\u00e7\u00e3o<\/strong>&nbsp;da parte interessada, desde que a peti\u00e7\u00e3o respeite os requisitos do CTM (Art. 247, caput), ou de of\u00edcio pela autoridade.<\/p>\n\n\n\n<p>O ponto que pode gerar d\u00favida \u00e9 que a peti\u00e7\u00e3o que n\u00e3o respeite os requisitos ser\u00e1 indeferida, mas ela <strong>sempre ser\u00e1 recebida<\/strong>, <strong>pois o servidor n\u00e3o pode recusar seu recebimento<\/strong>, fique atento!<\/p>\n\n\n\n<p><em>Art. 247, \u00a7 1\u00ba \u2013 A <strong><span class=\"has-inline-color has-vivid-cyan-blue-color\">peti\u00e7\u00e3o ser\u00e1 indeferida de pleno<\/span><\/strong> quando <strong>manifestamente inepta ou quando a parte for ileg\u00edtima<\/strong>, sendo, entretanto, <span class=\"has-inline-color has-vivid-red-color\"><strong>vedado<\/strong> <\/span>a qualquer <strong><span class=\"has-inline-color has-vivid-green-cyan-color\">servidor recusar o seu recebimento<\/span><\/strong>.<\/em><\/p>\n\n\n\n<p>Ou seja, o servidor receber\u00e1 a peti\u00e7\u00e3o, respeitando o contradit\u00f3rio e ampla defesa e posteriormente se avaliada inepta ou ileg\u00edtima ser\u00e1 indeferida.<\/p>\n\n\n\n<h2 class=\"wp-block-heading\">PAF \u2013 Suspens\u00e3o do processo<\/h2>\n\n\n\n<p>O processo administrativo fiscal pode ser iniciado por parte da Fazenda mediante lavratura de auto de infra\u00e7\u00e3o ou nota de lan\u00e7amento (Art. 255), entretanto o ingresso de a\u00e7\u00e3o no judici\u00e1rio <strong>n\u00e3o suspender\u00e1 o curso do processo<\/strong>, exceto por determina\u00e7\u00e3o judicial (Art. 260).<\/p>\n\n\n\n<p>N\u00e3o confunda com a possibilidade de pagamento do auto de infra\u00e7\u00e3o ou com o pedido de parcelamento que extingue o contencioso, nem com a suspens\u00e3o <em>(C\u00f3digo Tribut\u00e1rio Municipal de AJU fala em susta\u00e7\u00e3o)<\/em> do cr\u00e9dito devido \u00e0 defesa ou \u00e0 impugna\u00e7\u00e3o.<\/p>\n\n\n\n<ul class=\"wp-block-list\"><li><strong><span class=\"has-inline-color has-vivid-purple-color\">Ingresso em ju\u00edzo<\/span><\/strong> (Art. 260) -&gt; N\u00e3o suspende o PAF<\/li><li><span class=\"has-inline-color has-vivid-purple-color\"><strong>Pagamento ou o pedido de parcelamento<\/strong> <\/span>(Art. 267, \u00a7u) -&gt; Extingue o contencioso (reconhece a d\u00edvida)<\/li><li><strong><span class=\"has-inline-color has-vivid-purple-color\">Defesa ou impugna\u00e7\u00e3o do contribuinte<\/span><\/strong> (Art. 268) -&gt; Sustar\u00e1 a cobran\u00e7a do cr\u00e9dito at\u00e9 decis\u00e3o administrativa final<\/li><\/ul>\n\n\n\n<h2 class=\"wp-block-heading\">PAF \u2013 Sem direito a voto<\/h2>\n\n\n\n<p>Atente-se que tanto o PGM quanto o Presidente do Conselho (2\u00aa inst\u00e2ncia) n\u00e3o t\u00eam direito a voto, exceto quando o Presidente vota no desempate.<\/p>\n\n\n\n<p><em>Art. 283 \u2013 O <strong><span class=\"has-inline-color has-vivid-cyan-blue-color\">Procurador Geral do Munic\u00edpio<\/span><\/strong> ter\u00e1 assento ao Conselho <strong>sem direito a voto,<\/strong> com fun\u00e7\u00f5es definidas no Regimento do Conselho de Contribuintes do Munic\u00edpio de Aracaju.<\/em><\/p>\n\n\n\n<p><em>Par\u00e1grafo \u00fanico \u2013 O <span class=\"has-inline-color has-vivid-green-cyan-color\"><strong>Presidente do Conselho<\/strong> <\/span>ou aquele que o substituir, ter\u00e1 direito <strong>somente a voto de desempate<\/strong>.<\/em><\/p>\n\n\n\n<h2 class=\"wp-block-heading\">PAF \u2013 Pedido de reconsidera\u00e7\u00e3o<\/h2>\n\n\n\n<p>O processo administrativo fiscal de Aracaju trouxe a possibilidade do pedido de reconsidera\u00e7\u00e3o no caso de decis\u00f5es n\u00e3o un\u00e2nimes no Conselho de Contribuintes (2\u00aa inst\u00e2ncia), vejamos.<\/p>\n\n\n\n<p><em>Art. 287 &#8211; <strong>Das decis\u00f5es <span class=\"has-inline-color has-vivid-red-color\">n\u00e3o <\/span>un\u00e2nimes do Conselho de Contribuintes<\/strong> <strong>caber\u00e1 <span class=\"has-inline-color has-vivid-cyan-blue-color\">pedido de reconsidera\u00e7\u00e3o<\/span><\/strong>, no prazo de 30 (trinta) dias, contados da publica\u00e7\u00e3o a que se refere o artigo anterior.<\/em><\/p>\n\n\n\n<p><em>Par\u00e1grafo \u00fanico \u2013 O julgamento do pedido de reconsidera\u00e7\u00e3o <span class=\"has-inline-color has-vivid-green-cyan-color\"><strong>limitar-se-\u00e1 \u00e0 parte n\u00e3o un\u00e2nime da decis\u00e3o<\/strong><\/span><\/em>.<\/p>\n\n\n\n<p>Assim, n\u00e3o confunda:<\/p>\n\n\n\n<ul class=\"wp-block-list\"><li><strong><span class=\"has-inline-color has-vivid-purple-color\">Pedido de reconsidera\u00e7\u00e3o<\/span><\/strong> -&gt;<strong> Mesma autoridade <\/strong>que proferiu a decis\u00e3o (Conselho de Contribuintes)<\/li><li><span class=\"has-inline-color has-vivid-purple-color\"><strong>Recurso<\/strong> <\/span>-&gt; Para <strong>autoridade superior<\/strong> (de 1\u00aa inst\u00e2ncia para 2\u00aa inst\u00e2ncia)<\/li><\/ul>\n\n\n\n<p>Ainda, observe que h\u00e1 um qu\u00f3rum de presen\u00e7a diferenciado para os pedidos de reconsidera\u00e7\u00e3o<\/p>\n\n\n\n<p><em>Art. 288 \u2013 O Conselho de Contribuinte n\u00e3o pode <span class=\"has-inline-color has-vivid-cyan-blue-color\"><strong>decidir<\/strong> <\/span>sem a presen\u00e7a m\u00ednima de <strong>metade mais um do total de seus membros<\/strong> e, no julgamento dos <strong><span class=\"has-inline-color has-vivid-green-cyan-color\">pedidos de reconsidera\u00e7\u00e3o<\/span><\/strong>, <strong>sem a presen\u00e7a un\u00e2nime dos mesmos<\/strong>.<\/em><\/p>\n\n\n\n<ul class=\"wp-block-list\"><li><strong><span class=\"has-inline-color has-vivid-purple-color\">Julgamentos normais<\/span><\/strong> -&gt;&nbsp;Metade mais um do total (maioria absoluta)<\/li><li><strong><span class=\"has-inline-color has-vivid-purple-color\">Pedidos de reconsidera\u00e7\u00e3o<\/span><\/strong> -&gt;&nbsp;Presen\u00e7a un\u00e2nime dos membros.<\/li><\/ul>\n\n\n\n<h2 class=\"wp-block-heading\">PAF \u2013 Consulta<\/h2>\n\n\n\n<p>Para finalizar o artigo sobre o C\u00f3digo Tribut\u00e1rio Municipal de AJU, vejamos o processo de consulta no PAF.<\/p>\n\n\n\n<p>A consulta administrativa \u00e9 op\u00e7\u00e3o para o sujeito passivo solucione suas d\u00favidas sobre a legisla\u00e7\u00e3o tribut\u00e1ria aplicada ao caso concreto, tendo como efeito uma \u201csuspens\u00e3o\u201d da exigibilidade do cr\u00e9dito durante o tramite da consulta.<\/p>\n\n\n\n<p>&nbsp;Para que ela seja v\u00e1lida, deve-se <strong>apresent\u00e1-la<\/strong> ao <strong>\u00f3rg\u00e3o incumbido de administrar o tributo<\/strong> (Art. 292), entretanto quem <strong>proferir\u00e1 a decis\u00e3o<\/strong> \u00e9 o <strong>chefe da Assessoria T\u00e9cnica<\/strong>, da Secretaria Municipal da Fazenda \u2013 SEMFAZ (Art. 294).<\/p>\n\n\n\n<p><span class=\"has-inline-color has-cyan-bluish-gray-color\"><strong>Bizu:<\/strong> <\/span><strong>A consulta \u00e9 <\/strong><span class=\"has-inline-color has-vivid-red-color\"><strong>t\u00e9cnica<\/strong> <\/span>&#8211; chefe da Assessoria <strong><span class=\"has-inline-color has-vivid-red-color\">T\u00e9cnica<\/span><\/strong><\/p>\n\n\n\n<p>Importante lembrar que <strong><span class=\"has-inline-color has-vivid-cyan-blue-color\">ap\u00f3s a decis\u00e3o<\/span><\/strong> da consulta, o <strong>contribuinte<\/strong> dever\u00e1 <strong>adotar o procedimento<\/strong> por ela determinado, no prazo de <strong><span class=\"has-inline-color has-vivid-red-color\">15 dias<\/span><\/strong> contados de sua intima\u00e7\u00e3o (Art. 297).<\/p>\n\n\n\n<h2 class=\"wp-block-heading\">Considera\u00e7\u00f5es Finais<\/h2>\n\n\n\n<p>Pessoal, chegamos ao final de mais um artigo sobre C\u00f3digo Tribut\u00e1rio Municipal de AJU, espero que tenham gostado.<\/p>\n\n\n\n<p>N\u00e3o deixe de acompanhar o blog para mais conte\u00fados como esse.<\/p>\n\n\n\n<p>At\u00e9 mais e bons estudos!<\/p>\n\n\n\n<h2 class=\"has-text-align-center wp-block-heading\" id=\"cursos-assinatura\">Quer estudar para o concurso ISS Aracaju?<\/h2>\n\n\n\n<p class=\"has-text-align-center\"><em>Gostou desta oportunidade e deseja come\u00e7ar se preparar agora mesmo? Ent\u00e3o, confira os nossos cursos e comece a estudar:<\/em><\/p>\n\n\n\n<p class=\"has-text-align-center has-luminous-vivid-amber-background-color has-background\"><strong><a rel=\"noreferrer noopener\" href=\"https:\/\/www.estrategiaconcursos.com.br\/cursos\/concurso\/\" target=\"_blank\">Curso para concurso<\/a><\/strong><\/p>\n\n\n\n<p class=\"has-text-align-center\"><em><strong>Assinatura Anual Ilimitada*<\/strong><\/em><\/p>\n\n\n\n<p class=\"has-text-align-center\"><em>Prepare-se com o melhor material e com quem mais aprova em Concursos P\u00fablicos em todo o pa\u00eds. Assine agora a nossa Assinatura Anual e tenha acesso ilimitado* a todos os nossos cursos.<\/em><\/p>\n\n\n\n<p class=\"has-text-align-center has-light-green-cyan-background-color has-background\"><strong>ASSINE AGORA<\/strong>&nbsp;\u2013&nbsp;<strong><a rel=\"noreferrer noopener\" href=\"https:\/\/www.estrategiaconcursos.com.br\/assinaturas\" target=\"_blank\">Assinatura Ilimitada<\/a><\/strong><\/p>\n\n\n\n<p class=\"has-text-align-center\"><strong><em><strong>Sistema de Quest\u00f5es<\/strong><\/em><\/strong><\/p>\n\n\n\n<p class=\"has-text-align-center\"><em>Estrat\u00e9gia Quest\u00f5es nasceu maior do que todos os concorrentes, com mais quest\u00f5es cadastradas e mais solu\u00e7\u00f5es por professores. Ent\u00e3o, confira e aproveite os descontos e b\u00f4nus imperd\u00edveis!<\/em><\/p>\n\n\n\n<p class=\"has-text-align-center has-vivid-green-cyan-background-color has-background\"><strong>ASSINE AGORA \u2013&nbsp;<a rel=\"noreferrer noopener\" href=\"https:\/\/www.estrategiaconcursos.com.br\/cursosPorConcurso\/sistema-de-questoes\/#\/\" target=\"_blank\">Sistema de Quest\u00f5es<\/a><\/strong><\/p>\n\n\n\n<p class=\"has-text-align-center\"><strong><em>Fique por dentro dos concursos em aberto<\/em><\/strong><\/p>\n\n\n\n<p class=\"has-text-align-center has-pale-cyan-blue-background-color has-background\"><a rel=\"noreferrer noopener\" href=\"https:\/\/www.estrategiaconcursos.com.br\/blog\/concursos-abertos\/\" target=\"_blank\"><strong>CONCURSOS ABERTOS<\/strong><\/a><\/p>\n\n\n\n<p class=\"has-text-align-center\"><strong><em>As oportunidades previstas<\/em><\/strong><\/p>\n\n\n\n<p class=\"has-text-align-center has-pale-cyan-blue-background-color has-background\"><a rel=\"noreferrer noopener\" href=\"https:\/\/www.estrategiaconcursos.com.br\/blog\/concursos-2020\/\" target=\"_blank\"><strong>CONCURSOS&nbsp;2020<\/strong><\/a><\/p>\n\n\n\n<p class=\"has-text-align-center has-pale-cyan-blue-background-color has-background\"><a rel=\"noreferrer noopener\" href=\"https:\/\/www.estrategiaconcursos.com.br\/blog\/concursos-2021\/\" target=\"_blank\"><strong>CONCURSOS 2021<\/strong><\/a><\/p>\n","protected":false},"excerpt":{"rendered":"<p>Ol\u00e1, pessoal. Tudo certo? No artigo de hoje veremos mais alguns pontos que merecem aten\u00e7\u00e3o no C\u00f3digo Tribut\u00e1rio Municipal de AJU, pontos como a sucess\u00e3o na transmiss\u00e3o de bens im\u00f3veis no IPTU, a base de c\u00e1lculo de ISS, as taxas e principalmente o processo administrativo tribut\u00e1rio (PAF) na&nbsp;legisla\u00e7\u00e3o de Aracaju. Vamos l\u00e1? IPTU &#8211; Sucess\u00e3o [&hellip;]<\/p>\n","protected":false},"author":1763,"featured_media":611909,"comment_status":"open","ping_status":"closed","sticky":false,"template":"","format":"standard","meta":{"post_tipo":"article","footnotes":""},"categories":[1,1983],"tags":[],"tax_estado":[219988],"class_list":["post-616424","post","type-post","status-publish","format-standard","has-post-thumbnail","hentry","category-cursos-e-concursos","category-fiscal-estadual","tax_estado-se"],"acf":[],"yoast_head":"<!-- This site is optimized with the Yoast SEO Premium plugin v27.2 (Yoast SEO v27.2) - https:\/\/yoast.com\/product\/yoast-seo-premium-wordpress\/ -->\n<title>C\u00f3digo Tribut\u00e1rio Municipal de AJU - Pontos que merecem aten\u00e7\u00e3o - V<\/title>\n<meta name=\"description\" content=\"Veja nesse artigo pontos que merecem aten\u00e7\u00e3o no C\u00f3digo Tribut\u00e1rio Municipal de AJU, tais como sucess\u00e3o na transmiss\u00e3o de bens im\u00f3veis no IPTU, taxas e PAF.\" \/>\n<meta name=\"robots\" content=\"index, follow, max-snippet:-1, max-image-preview:large, max-video-preview:-1\" \/>\n<link rel=\"canonical\" href=\"https:\/\/www.estrategiaconcursos.com.br\/blog\/codigo-tributario-municipal-de-aju-pontos-que-merecem-atencao-v\/\" \/>\n<meta property=\"og:locale\" content=\"pt_BR\" \/>\n<meta property=\"og:type\" content=\"article\" \/>\n<meta property=\"og:title\" content=\"C\u00f3digo Tribut\u00e1rio Municipal de AJU - Pontos que merecem aten\u00e7\u00e3o - V\" \/>\n<meta property=\"og:description\" content=\"Veja nesse artigo pontos que merecem aten\u00e7\u00e3o no C\u00f3digo Tribut\u00e1rio Municipal de AJU, tais como sucess\u00e3o na transmiss\u00e3o de bens im\u00f3veis no IPTU, taxas e PAF.\" \/>\n<meta property=\"og:url\" content=\"https:\/\/www.estrategiaconcursos.com.br\/blog\/codigo-tributario-municipal-de-aju-pontos-que-merecem-atencao-v\/\" \/>\n<meta property=\"og:site_name\" content=\"Estrat\u00e9gia Concursos\" \/>\n<meta property=\"article:published_time\" content=\"2020-11-28T18:20:00+00:00\" \/>\n<meta property=\"og:image\" content=\"https:\/\/dhg1h5j42swfq.cloudfront.net\/2020\/11\/17131700\/image-226.png\" \/>\n\t<meta property=\"og:image:width\" content=\"281\" \/>\n\t<meta property=\"og:image:height\" content=\"343\" \/>\n\t<meta property=\"og:image:type\" content=\"image\/png\" \/>\n<meta name=\"author\" content=\"Leonardo Menezes Passarin\" \/>\n<meta name=\"twitter:card\" content=\"summary_large_image\" \/>\n<meta name=\"twitter:creator\" content=\"@EstratConcursos\" \/>\n<meta name=\"twitter:site\" content=\"@EstratConcursos\" \/>\n<meta name=\"twitter:label1\" content=\"Escrito por\" \/>\n\t<meta name=\"twitter:data1\" content=\"Leonardo Menezes Passarin\" \/>\n\t<meta name=\"twitter:label2\" content=\"Est. tempo de leitura\" \/>\n\t<meta name=\"twitter:data2\" content=\"10 minutos\" \/>\n<script type=\"application\/ld+json\" class=\"yoast-schema-graph\">{\"@context\":\"https:\/\/schema.org\",\"@graph\":[{\"@type\":\"NewsArticle\",\"@id\":\"https:\/\/www.estrategiaconcursos.com.br\/blog\/codigo-tributario-municipal-de-aju-pontos-que-merecem-atencao-v\/#article\",\"isPartOf\":{\"@id\":\"https:\/\/www.estrategiaconcursos.com.br\/blog\/codigo-tributario-municipal-de-aju-pontos-que-merecem-atencao-v\/\"},\"author\":{\"name\":\"Leonardo Menezes Passarin\",\"@id\":\"https:\/\/www.estrategiaconcursos.com.br\/blog\/#\/schema\/person\/245b44e43eb13f0dbd04a7a078cd0d0d\"},\"headline\":\"C\u00f3digo Tribut\u00e1rio Municipal de AJU &#8211; Pontos que merecem aten\u00e7\u00e3o &#8211; V\",\"datePublished\":\"2020-11-28T18:20:00+00:00\",\"mainEntityOfPage\":{\"@id\":\"https:\/\/www.estrategiaconcursos.com.br\/blog\/codigo-tributario-municipal-de-aju-pontos-que-merecem-atencao-v\/\"},\"wordCount\":2037,\"commentCount\":0,\"publisher\":{\"@id\":\"https:\/\/www.estrategiaconcursos.com.br\/blog\/#organization\"},\"image\":{\"@id\":\"https:\/\/www.estrategiaconcursos.com.br\/blog\/codigo-tributario-municipal-de-aju-pontos-que-merecem-atencao-v\/#primaryimage\"},\"thumbnailUrl\":\"https:\/\/dhg1h5j42swfq.cloudfront.net\/2020\/11\/17131700\/image-226.png\",\"articleSection\":[\"Concursos P\u00fablicos\",\"Fiscal - Estadual (ICMS)\"],\"inLanguage\":\"pt-BR\",\"potentialAction\":[{\"@type\":\"CommentAction\",\"name\":\"Comment\",\"target\":[\"https:\/\/www.estrategiaconcursos.com.br\/blog\/codigo-tributario-municipal-de-aju-pontos-que-merecem-atencao-v\/#respond\"]}],\"copyrightYear\":\"2020\",\"copyrightHolder\":{\"@id\":\"https:\/\/www.estrategiaconcursos.com.br\/blog\/#organization\"}},{\"@type\":\"WebPage\",\"@id\":\"https:\/\/www.estrategiaconcursos.com.br\/blog\/codigo-tributario-municipal-de-aju-pontos-que-merecem-atencao-v\/\",\"url\":\"https:\/\/www.estrategiaconcursos.com.br\/blog\/codigo-tributario-municipal-de-aju-pontos-que-merecem-atencao-v\/\",\"name\":\"C\u00f3digo Tribut\u00e1rio Municipal de AJU - Pontos que merecem aten\u00e7\u00e3o - V\",\"isPartOf\":{\"@id\":\"https:\/\/www.estrategiaconcursos.com.br\/blog\/#website\"},\"primaryImageOfPage\":{\"@id\":\"https:\/\/www.estrategiaconcursos.com.br\/blog\/codigo-tributario-municipal-de-aju-pontos-que-merecem-atencao-v\/#primaryimage\"},\"image\":{\"@id\":\"https:\/\/www.estrategiaconcursos.com.br\/blog\/codigo-tributario-municipal-de-aju-pontos-que-merecem-atencao-v\/#primaryimage\"},\"thumbnailUrl\":\"https:\/\/dhg1h5j42swfq.cloudfront.net\/2020\/11\/17131700\/image-226.png\",\"datePublished\":\"2020-11-28T18:20:00+00:00\",\"description\":\"Veja nesse artigo pontos que merecem aten\u00e7\u00e3o no C\u00f3digo Tribut\u00e1rio Municipal de AJU, tais como sucess\u00e3o na transmiss\u00e3o de bens im\u00f3veis no IPTU, taxas e PAF.\",\"breadcrumb\":{\"@id\":\"https:\/\/www.estrategiaconcursos.com.br\/blog\/codigo-tributario-municipal-de-aju-pontos-que-merecem-atencao-v\/#breadcrumb\"},\"inLanguage\":\"pt-BR\",\"potentialAction\":[{\"@type\":\"ReadAction\",\"target\":[\"https:\/\/www.estrategiaconcursos.com.br\/blog\/codigo-tributario-municipal-de-aju-pontos-que-merecem-atencao-v\/\"]}]},{\"@type\":\"ImageObject\",\"inLanguage\":\"pt-BR\",\"@id\":\"https:\/\/www.estrategiaconcursos.com.br\/blog\/codigo-tributario-municipal-de-aju-pontos-que-merecem-atencao-v\/#primaryimage\",\"url\":\"https:\/\/dhg1h5j42swfq.cloudfront.net\/2020\/11\/17131700\/image-226.png\",\"contentUrl\":\"https:\/\/dhg1h5j42swfq.cloudfront.net\/2020\/11\/17131700\/image-226.png\",\"width\":281,\"height\":343},{\"@type\":\"BreadcrumbList\",\"@id\":\"https:\/\/www.estrategiaconcursos.com.br\/blog\/codigo-tributario-municipal-de-aju-pontos-que-merecem-atencao-v\/#breadcrumb\",\"itemListElement\":[{\"@type\":\"ListItem\",\"position\":1,\"name\":\"In\u00edcio\",\"item\":\"https:\/\/www.estrategiaconcursos.com.br\/blog\/\"},{\"@type\":\"ListItem\",\"position\":2,\"name\":\"C\u00f3digo Tribut\u00e1rio Municipal de AJU &#8211; Pontos que merecem aten\u00e7\u00e3o &#8211; V\"}]},{\"@type\":\"WebSite\",\"@id\":\"https:\/\/www.estrategiaconcursos.com.br\/blog\/#website\",\"url\":\"https:\/\/www.estrategiaconcursos.com.br\/blog\/\",\"name\":\"Estrat\u00e9gia Concursos\",\"description\":\"O blog da Estrat\u00e9gia Concursos traz not\u00edcias sobre concursos e artigos de professores oferecendo cursos para concursos (pdf + videaulas) no site.\",\"publisher\":{\"@id\":\"https:\/\/www.estrategiaconcursos.com.br\/blog\/#organization\"},\"potentialAction\":[{\"@type\":\"SearchAction\",\"target\":{\"@type\":\"EntryPoint\",\"urlTemplate\":\"https:\/\/www.estrategiaconcursos.com.br\/blog\/?s={search_term_string}\"},\"query-input\":{\"@type\":\"PropertyValueSpecification\",\"valueRequired\":true,\"valueName\":\"search_term_string\"}}],\"inLanguage\":\"pt-BR\"},{\"@type\":\"Organization\",\"@id\":\"https:\/\/www.estrategiaconcursos.com.br\/blog\/#organization\",\"name\":\"Estrat\u00e9gia Concursos\",\"url\":\"https:\/\/www.estrategiaconcursos.com.br\/blog\/\",\"logo\":{\"@type\":\"ImageObject\",\"inLanguage\":\"pt-BR\",\"@id\":\"https:\/\/www.estrategiaconcursos.com.br\/blog\/#\/schema\/logo\/image\/\",\"url\":\"https:\/\/dhg1h5j42swfq.cloudfront.net\/2025\/06\/03203428\/logo_concursos-1.jpg\",\"contentUrl\":\"https:\/\/dhg1h5j42swfq.cloudfront.net\/2025\/06\/03203428\/logo_concursos-1.jpg\",\"width\":230,\"height\":60,\"caption\":\"Estrat\u00e9gia Concursos\"},\"image\":{\"@id\":\"https:\/\/www.estrategiaconcursos.com.br\/blog\/#\/schema\/logo\/image\/\"},\"sameAs\":[\"https:\/\/x.com\/EstratConcursos\"]},{\"@type\":\"Person\",\"@id\":\"https:\/\/www.estrategiaconcursos.com.br\/blog\/#\/schema\/person\/245b44e43eb13f0dbd04a7a078cd0d0d\",\"name\":\"Leonardo Menezes Passarin\",\"image\":{\"@type\":\"ImageObject\",\"inLanguage\":\"pt-BR\",\"@id\":\"https:\/\/secure.gravatar.com\/avatar\/fc0e5714ceaa97f24e6e6a30eab74ba8a701c2b62f8cab100ffdb22c6d8f42c3?s=96&d=mm&r=g\",\"url\":\"https:\/\/secure.gravatar.com\/avatar\/fc0e5714ceaa97f24e6e6a30eab74ba8a701c2b62f8cab100ffdb22c6d8f42c3?s=96&d=mm&r=g\",\"contentUrl\":\"https:\/\/secure.gravatar.com\/avatar\/fc0e5714ceaa97f24e6e6a30eab74ba8a701c2b62f8cab100ffdb22c6d8f42c3?s=96&d=mm&r=g\",\"caption\":\"Leonardo Menezes Passarin\"},\"url\":\"https:\/\/www.estrategiaconcursos.com.br\/blog\/author\/passarin-leonardohotmail-com\/\"}]}<\/script>\n<!-- \/ Yoast SEO Premium plugin. -->","yoast_head_json":{"title":"C\u00f3digo Tribut\u00e1rio Municipal de AJU - Pontos que merecem aten\u00e7\u00e3o - V","description":"Veja nesse artigo pontos que merecem aten\u00e7\u00e3o no C\u00f3digo Tribut\u00e1rio Municipal de AJU, tais como sucess\u00e3o na transmiss\u00e3o de bens im\u00f3veis no IPTU, taxas e PAF.","robots":{"index":"index","follow":"follow","max-snippet":"max-snippet:-1","max-image-preview":"max-image-preview:large","max-video-preview":"max-video-preview:-1"},"canonical":"https:\/\/www.estrategiaconcursos.com.br\/blog\/codigo-tributario-municipal-de-aju-pontos-que-merecem-atencao-v\/","og_locale":"pt_BR","og_type":"article","og_title":"C\u00f3digo Tribut\u00e1rio Municipal de AJU - Pontos que merecem aten\u00e7\u00e3o - V","og_description":"Veja nesse artigo pontos que merecem aten\u00e7\u00e3o no C\u00f3digo Tribut\u00e1rio Municipal de AJU, tais como sucess\u00e3o na transmiss\u00e3o de bens im\u00f3veis no IPTU, taxas e PAF.","og_url":"https:\/\/www.estrategiaconcursos.com.br\/blog\/codigo-tributario-municipal-de-aju-pontos-que-merecem-atencao-v\/","og_site_name":"Estrat\u00e9gia Concursos","article_published_time":"2020-11-28T18:20:00+00:00","og_image":[{"width":281,"height":343,"url":"https:\/\/dhg1h5j42swfq.cloudfront.net\/2020\/11\/17131700\/image-226.png","type":"image\/png"}],"author":"Leonardo Menezes Passarin","twitter_card":"summary_large_image","twitter_creator":"@EstratConcursos","twitter_site":"@EstratConcursos","twitter_misc":{"Escrito por":"Leonardo Menezes Passarin","Est. tempo de leitura":"10 minutos"},"schema":{"@context":"https:\/\/schema.org","@graph":[{"@type":"NewsArticle","@id":"https:\/\/www.estrategiaconcursos.com.br\/blog\/codigo-tributario-municipal-de-aju-pontos-que-merecem-atencao-v\/#article","isPartOf":{"@id":"https:\/\/www.estrategiaconcursos.com.br\/blog\/codigo-tributario-municipal-de-aju-pontos-que-merecem-atencao-v\/"},"author":{"name":"Leonardo Menezes Passarin","@id":"https:\/\/www.estrategiaconcursos.com.br\/blog\/#\/schema\/person\/245b44e43eb13f0dbd04a7a078cd0d0d"},"headline":"C\u00f3digo Tribut\u00e1rio Municipal de AJU &#8211; Pontos que merecem aten\u00e7\u00e3o &#8211; V","datePublished":"2020-11-28T18:20:00+00:00","mainEntityOfPage":{"@id":"https:\/\/www.estrategiaconcursos.com.br\/blog\/codigo-tributario-municipal-de-aju-pontos-que-merecem-atencao-v\/"},"wordCount":2037,"commentCount":0,"publisher":{"@id":"https:\/\/www.estrategiaconcursos.com.br\/blog\/#organization"},"image":{"@id":"https:\/\/www.estrategiaconcursos.com.br\/blog\/codigo-tributario-municipal-de-aju-pontos-que-merecem-atencao-v\/#primaryimage"},"thumbnailUrl":"https:\/\/dhg1h5j42swfq.cloudfront.net\/2020\/11\/17131700\/image-226.png","articleSection":["Concursos P\u00fablicos","Fiscal - Estadual (ICMS)"],"inLanguage":"pt-BR","potentialAction":[{"@type":"CommentAction","name":"Comment","target":["https:\/\/www.estrategiaconcursos.com.br\/blog\/codigo-tributario-municipal-de-aju-pontos-que-merecem-atencao-v\/#respond"]}],"copyrightYear":"2020","copyrightHolder":{"@id":"https:\/\/www.estrategiaconcursos.com.br\/blog\/#organization"}},{"@type":"WebPage","@id":"https:\/\/www.estrategiaconcursos.com.br\/blog\/codigo-tributario-municipal-de-aju-pontos-que-merecem-atencao-v\/","url":"https:\/\/www.estrategiaconcursos.com.br\/blog\/codigo-tributario-municipal-de-aju-pontos-que-merecem-atencao-v\/","name":"C\u00f3digo Tribut\u00e1rio Municipal de AJU - Pontos que merecem aten\u00e7\u00e3o - V","isPartOf":{"@id":"https:\/\/www.estrategiaconcursos.com.br\/blog\/#website"},"primaryImageOfPage":{"@id":"https:\/\/www.estrategiaconcursos.com.br\/blog\/codigo-tributario-municipal-de-aju-pontos-que-merecem-atencao-v\/#primaryimage"},"image":{"@id":"https:\/\/www.estrategiaconcursos.com.br\/blog\/codigo-tributario-municipal-de-aju-pontos-que-merecem-atencao-v\/#primaryimage"},"thumbnailUrl":"https:\/\/dhg1h5j42swfq.cloudfront.net\/2020\/11\/17131700\/image-226.png","datePublished":"2020-11-28T18:20:00+00:00","description":"Veja nesse artigo pontos que merecem aten\u00e7\u00e3o no C\u00f3digo Tribut\u00e1rio Municipal de AJU, tais como sucess\u00e3o na transmiss\u00e3o de bens im\u00f3veis no IPTU, taxas e PAF.","breadcrumb":{"@id":"https:\/\/www.estrategiaconcursos.com.br\/blog\/codigo-tributario-municipal-de-aju-pontos-que-merecem-atencao-v\/#breadcrumb"},"inLanguage":"pt-BR","potentialAction":[{"@type":"ReadAction","target":["https:\/\/www.estrategiaconcursos.com.br\/blog\/codigo-tributario-municipal-de-aju-pontos-que-merecem-atencao-v\/"]}]},{"@type":"ImageObject","inLanguage":"pt-BR","@id":"https:\/\/www.estrategiaconcursos.com.br\/blog\/codigo-tributario-municipal-de-aju-pontos-que-merecem-atencao-v\/#primaryimage","url":"https:\/\/dhg1h5j42swfq.cloudfront.net\/2020\/11\/17131700\/image-226.png","contentUrl":"https:\/\/dhg1h5j42swfq.cloudfront.net\/2020\/11\/17131700\/image-226.png","width":281,"height":343},{"@type":"BreadcrumbList","@id":"https:\/\/www.estrategiaconcursos.com.br\/blog\/codigo-tributario-municipal-de-aju-pontos-que-merecem-atencao-v\/#breadcrumb","itemListElement":[{"@type":"ListItem","position":1,"name":"In\u00edcio","item":"https:\/\/www.estrategiaconcursos.com.br\/blog\/"},{"@type":"ListItem","position":2,"name":"C\u00f3digo Tribut\u00e1rio Municipal de AJU &#8211; Pontos que merecem aten\u00e7\u00e3o &#8211; V"}]},{"@type":"WebSite","@id":"https:\/\/www.estrategiaconcursos.com.br\/blog\/#website","url":"https:\/\/www.estrategiaconcursos.com.br\/blog\/","name":"Estrat\u00e9gia Concursos","description":"O blog da Estrat\u00e9gia Concursos traz not\u00edcias sobre concursos e artigos de professores oferecendo cursos para concursos (pdf + videaulas) no site.","publisher":{"@id":"https:\/\/www.estrategiaconcursos.com.br\/blog\/#organization"},"potentialAction":[{"@type":"SearchAction","target":{"@type":"EntryPoint","urlTemplate":"https:\/\/www.estrategiaconcursos.com.br\/blog\/?s={search_term_string}"},"query-input":{"@type":"PropertyValueSpecification","valueRequired":true,"valueName":"search_term_string"}}],"inLanguage":"pt-BR"},{"@type":"Organization","@id":"https:\/\/www.estrategiaconcursos.com.br\/blog\/#organization","name":"Estrat\u00e9gia Concursos","url":"https:\/\/www.estrategiaconcursos.com.br\/blog\/","logo":{"@type":"ImageObject","inLanguage":"pt-BR","@id":"https:\/\/www.estrategiaconcursos.com.br\/blog\/#\/schema\/logo\/image\/","url":"https:\/\/dhg1h5j42swfq.cloudfront.net\/2025\/06\/03203428\/logo_concursos-1.jpg","contentUrl":"https:\/\/dhg1h5j42swfq.cloudfront.net\/2025\/06\/03203428\/logo_concursos-1.jpg","width":230,"height":60,"caption":"Estrat\u00e9gia Concursos"},"image":{"@id":"https:\/\/www.estrategiaconcursos.com.br\/blog\/#\/schema\/logo\/image\/"},"sameAs":["https:\/\/x.com\/EstratConcursos"]},{"@type":"Person","@id":"https:\/\/www.estrategiaconcursos.com.br\/blog\/#\/schema\/person\/245b44e43eb13f0dbd04a7a078cd0d0d","name":"Leonardo Menezes Passarin","image":{"@type":"ImageObject","inLanguage":"pt-BR","@id":"https:\/\/secure.gravatar.com\/avatar\/fc0e5714ceaa97f24e6e6a30eab74ba8a701c2b62f8cab100ffdb22c6d8f42c3?s=96&d=mm&r=g","url":"https:\/\/secure.gravatar.com\/avatar\/fc0e5714ceaa97f24e6e6a30eab74ba8a701c2b62f8cab100ffdb22c6d8f42c3?s=96&d=mm&r=g","contentUrl":"https:\/\/secure.gravatar.com\/avatar\/fc0e5714ceaa97f24e6e6a30eab74ba8a701c2b62f8cab100ffdb22c6d8f42c3?s=96&d=mm&r=g","caption":"Leonardo Menezes Passarin"},"url":"https:\/\/www.estrategiaconcursos.com.br\/blog\/author\/passarin-leonardohotmail-com\/"}]}},"_links":{"self":[{"href":"https:\/\/www.estrategiaconcursos.com.br\/blog\/wp-json\/wp\/v2\/posts\/616424","targetHints":{"allow":["GET"]}}],"collection":[{"href":"https:\/\/www.estrategiaconcursos.com.br\/blog\/wp-json\/wp\/v2\/posts"}],"about":[{"href":"https:\/\/www.estrategiaconcursos.com.br\/blog\/wp-json\/wp\/v2\/types\/post"}],"author":[{"embeddable":true,"href":"https:\/\/www.estrategiaconcursos.com.br\/blog\/wp-json\/wp\/v2\/users\/1763"}],"replies":[{"embeddable":true,"href":"https:\/\/www.estrategiaconcursos.com.br\/blog\/wp-json\/wp\/v2\/comments?post=616424"}],"version-history":[{"count":13,"href":"https:\/\/www.estrategiaconcursos.com.br\/blog\/wp-json\/wp\/v2\/posts\/616424\/revisions"}],"predecessor-version":[{"id":617783,"href":"https:\/\/www.estrategiaconcursos.com.br\/blog\/wp-json\/wp\/v2\/posts\/616424\/revisions\/617783"}],"wp:featuredmedia":[{"embeddable":true,"href":"https:\/\/www.estrategiaconcursos.com.br\/blog\/wp-json\/wp\/v2\/media\/611909"}],"wp:attachment":[{"href":"https:\/\/www.estrategiaconcursos.com.br\/blog\/wp-json\/wp\/v2\/media?parent=616424"}],"wp:term":[{"taxonomy":"category","embeddable":true,"href":"https:\/\/www.estrategiaconcursos.com.br\/blog\/wp-json\/wp\/v2\/categories?post=616424"},{"taxonomy":"post_tag","embeddable":true,"href":"https:\/\/www.estrategiaconcursos.com.br\/blog\/wp-json\/wp\/v2\/tags?post=616424"},{"taxonomy":"tax_estado","embeddable":true,"href":"https:\/\/www.estrategiaconcursos.com.br\/blog\/wp-json\/wp\/v2\/tax_estado?post=616424"}],"curies":[{"name":"wp","href":"https:\/\/api.w.org\/{rel}","templated":true}]}}