{"id":616302,"date":"2021-08-02T07:30:00","date_gmt":"2021-08-02T10:30:00","guid":{"rendered":"https:\/\/www.estrategiaconcursos.com.br\/blog\/?p=616302"},"modified":"2024-03-13T15:47:21","modified_gmt":"2024-03-13T18:47:21","slug":"concurso-prefeitura-dores-do-turvo","status":"publish","type":"post","link":"https:\/\/www.estrategiaconcursos.com.br\/blog\/concurso-prefeitura-dores-do-turvo\/","title":{"rendered":"Concurso Dores do Turvo: gabarito provis\u00f3rio divulgado"},"content":{"rendered":"\n<p>Foi divulgado o <strong>gabarito provis\u00f3rio<\/strong> das Provas Objetivas do concurso p\u00fablico da <strong>Prefeitura Dores do Turvo<\/strong>, localizada no estado de Minas Gerais. As avalia\u00e7\u00f5es aconteceram no <strong>1\u00b0 de agosto de 2021<\/strong>, ap\u00f3s o edital passar por retifica\u00e7\u00f5es que alteraram a data da aplica\u00e7\u00e3o. Abaixo, confira o gabarito:<\/p>\n\n\n\n<p class=\"has-text-align-center has-background\" style=\"background-color:#ced5dc\"><strong><a href=\"https:\/\/dhg1h5j42swfq.cloudfront.net\/2021\/08\/02094953\/gabarito-provisorio.pdf\" target=\"_blank\" rel=\"noreferrer noopener nofollow\">Gabarito provis\u00f3rio<\/a><\/strong><\/p>\n\n\n\n<ul id=\"block-ee678516-e9d1-48bd-b327-7b9acd55f0fd\" class=\"has-background wp-block-list\" style=\"background-color:#dad2e2\"><li><strong>Prefeitura de Dores do Turvo<\/strong><\/li><li><strong>Status:<\/strong>\u00a0Provas aplicadas<\/li><li><strong>Banca:\u00a0<\/strong>ELO Assessoria<\/li><li><strong>Vagas:\u00a0<\/strong>110 <\/li><li><strong>Sal\u00e1rio inicial:<\/strong>\u00a0R$ 1.045,00 a R$ 8.300,00<\/li><\/ul>\n\n\n\n<p>Sob organiza\u00e7\u00e3o da <strong>ELO Assessoria<\/strong>, s\u00e3o ofertadas no edital <strong>110 vagas<\/strong> distribu\u00eddas entre cargos de n\u00edveis fundamental, m\u00e9dio e superior. As oportunidades s\u00e3o para diversos cargos, com sal\u00e1rios que variam de <strong>R$ 1.045,00 a R$ 8.300,00<\/strong>.<\/p>\n\n\n\n<p>A fim de te deixar sempre bem informado, elaboramos este artigo com as principais informa\u00e7\u00f5es e novidades sobre o concurso Dores do Turvo. Acompanhe os t\u00f3picos abaixo e n\u00e3o perca nenhum detalhe:<\/p>\n\n\n\n<ul class=\"wp-block-list\"><li><a href=\"#situacao\">Situa\u00e7\u00e3o atual do concurso<\/a><ul><li><a href=\"#datas\">Principais datas<\/a><\/li><li><a href=\"#retificacoes\">Retifica\u00e7\u00f5es<\/a><\/li><\/ul><\/li><li><a href=\"#cargos-vagas\">Cargos e vagas<\/a><ul><li><a href=\"#fundamental\">Fundamental<\/a><\/li><li><a href=\"#medio\">M\u00e9dio<\/a><\/li><li><a href=\"#superior\">Superior<\/a><\/li><\/ul><\/li><li><a href=\"#etapas\">Etapas e provas<\/a><ul><li><a href=\"#objetiva\">Prova objetiva<\/a><\/li><li><a href=\"#pratica\">Prova pr\u00e1tica<\/a><\/li><\/ul><\/li><li><a href=\"#cursos-assinatura\">Cursos e assinaturas<\/a><\/li><li><a href=\"#ficha\">Ficha t\u00e9cnica<\/a><\/li><\/ul>\n\n\n\n<div class=\"container\" id=\"boxes\">\n  <div class=\"row\">\n\n    <div class=\"col-sm\">\n      <div class=\"banner-estrategia\" id=\"box-assinatura\">\n        <h3 class=\"titulo-assinatura\">Concurso Dores do Turvo<\/h3>\n        <p class=\"subtitulo-assinatura\">Conhe\u00e7a os cursos<\/p>\n        <div class=\"box-botao\">\n          <a class=\"btn-assinatura\" target=\"_blank\" href=\"https:\/\/www.estrategiaconcursos.com.br\/cursos\/\" role=\"button\" rel=\"noopener noreferrer\">Conhe\u00e7a mais<\/a>\n        <\/div>\n      <\/div>\n   \n    <\/div>\n\n  <\/div>\n<\/div>\n\n\n\n<h2 class=\"wp-block-heading\" id=\"situacao\">Situa\u00e7\u00e3o atual do concurso Dores do Turvo<\/h2>\n\n\n\n<h3 class=\"wp-block-heading\" id=\"retificacoes\">Retifica\u00e7\u00f5es<\/h3>\n\n\n\n<ul class=\"wp-block-list\"><li><a href=\"https:\/\/dhg1h5j42swfq.cloudfront.net\/2020\/11\/24171508\/retificacao-n-01.pdf\" target=\"_blank\" rel=\"noreferrer noopener\">1\u00aa retifica\u00e7\u00e3o<\/a> (quadro de vagas)<\/li><li><s><a href=\"https:\/\/dhg1h5j42swfq.cloudfront.net\/2021\/02\/03101130\/retificacao-n-02.pdf\" target=\"_blank\" rel=\"noreferrer noopener\">2\u00aa retifica\u00e7\u00e3o<\/a><\/s> (novo cronograma)<\/li><li><a href=\"https:\/\/dhg1h5j42swfq.cloudfront.net\/2021\/02\/03101133\/retificacao-n-03.pdf\" target=\"_blank\" rel=\"noreferrer noopener\"><s>3\u00aa retifica\u00e7\u00e3o<\/s><\/a> (novo cronograma)<\/li><li><a href=\"https:\/\/dhg1h5j42swfq.cloudfront.net\/2021\/03\/12091022\/retificacao-n-04-2.pdf\" target=\"_blank\" rel=\"noreferrer noopener\"><s>4\u00aa retifica\u00e7\u00e3o<\/s><\/a> (novo cronograma)<\/li><li><a href=\"https:\/\/dhg1h5j42swfq.cloudfront.net\/2021\/06\/01151036\/retificacao-n-05-1.pdf\" target=\"_blank\" rel=\"noreferrer noopener\">5\u00aa retifica\u00e7\u00e3o<\/a> (novo cronograma e altera\u00e7\u00e3o nos cargos)<\/li><\/ul>\n\n\n\n<h2 class=\"wp-block-heading\" id=\"cargos-vagas\">Cargos e vagas do concurso Dores do Turvo<\/h2>\n\n\n\n<h3 class=\"wp-block-heading\" id=\"fundamental\">N\u00edvel fundamental<\/h3>\n\n\n\n<figure class=\"wp-block-table is-style-stripes\"><table class=\"has-subtle-pale-blue-background-color has-fixed-layout has-background\"><thead><tr><th class=\"has-text-align-center\" data-align=\"center\"><strong>CARGO<\/strong>S<\/th><th class=\"has-text-align-center\" data-align=\"center\"><strong>VAGAS<\/strong><\/th><th class=\"has-text-align-center\" data-align=\"center\"><strong>SAL\u00c1RIO<\/strong> (R$)<\/th><\/tr><\/thead><tbody><tr><td class=\"has-text-align-center\" data-align=\"center\">AUXILIAR DE SERVI\u00c7OS GERAIS<\/td><td class=\"has-text-align-center\" data-align=\"center\">05<\/td><td class=\"has-text-align-center\" data-align=\"center\">1.045,00<\/td><\/tr><tr><td class=\"has-text-align-center\" data-align=\"center\">AUXILIAR DE SERVI\u00c7OS P\u00daBLICOS<\/td><td class=\"has-text-align-center\" data-align=\"center\">09<\/td><td class=\"has-text-align-center\" data-align=\"center\">1.045,00<\/td><\/tr><tr><td class=\"has-text-align-center\" data-align=\"center\">GARI (Ensino b\u00e1sico ou Alfabetizado)<\/td><td class=\"has-text-align-center\" data-align=\"center\">03<\/td><td class=\"has-text-align-center\" data-align=\"center\">1.045,00<\/td><\/tr><tr><td class=\"has-text-align-center\" data-align=\"center\">MOTORISTA I<\/td><td class=\"has-text-align-center\" data-align=\"center\">02<\/td><td class=\"has-text-align-center\" data-align=\"center\">1.300,00<\/td><\/tr><tr><td class=\"has-text-align-center\" data-align=\"center\">MOTORISTA II<\/td><td class=\"has-text-align-center\" data-align=\"center\">06<\/td><td class=\"has-text-align-center\" data-align=\"center\">1.400,00<\/td><\/tr><tr><td class=\"has-text-align-center\" data-align=\"center\">OFICIAL DE SERVI\u00c7OS P\u00daBLICOS I<\/td><td class=\"has-text-align-center\" data-align=\"center\">02<\/td><td class=\"has-text-align-center\" data-align=\"center\">1.400,00<\/td><\/tr><tr><td class=\"has-text-align-center\" data-align=\"center\">OFICIAL DE SERVI\u00c7OS P\u00daBLICOS II<\/td><td class=\"has-text-align-center\" data-align=\"center\">01<\/td><td class=\"has-text-align-center\" data-align=\"center\">1.700,00<\/td><\/tr><tr><td class=\"has-text-align-center\" data-align=\"center\">OPERADOR DE M\u00c1QUINAS PESADAS<\/td><td class=\"has-text-align-center\" data-align=\"center\">02<\/td><td class=\"has-text-align-center\" data-align=\"center\">1.700,00<\/td><\/tr><tr><td class=\"has-text-align-center\" data-align=\"center\">SERVENTE ESCOLAR<\/td><td class=\"has-text-align-center\" data-align=\"center\">05<\/td><td class=\"has-text-align-center\" data-align=\"center\">1.045,00<\/td><\/tr><\/tbody><\/table><\/figure>\n\n\n\n<h3 class=\"wp-block-heading\" id=\"medio\">Ensino m\u00e9dio<\/h3>\n\n\n\n<figure class=\"wp-block-table is-style-stripes\"><table class=\"has-subtle-pale-blue-background-color has-fixed-layout has-background\"><thead><tr><th class=\"has-text-align-center\" data-align=\"center\"><strong>CARGO<\/strong>S<\/th><th class=\"has-text-align-center\" data-align=\"center\"><strong>VAGAS<\/strong><\/th><th class=\"has-text-align-center\" data-align=\"center\"><strong>SAL\u00c1RIO<\/strong> (R$)<\/th><\/tr><\/thead><tbody><tr><td class=\"has-text-align-center\" data-align=\"center\">AGENTE COMUNIT\u00c1RIO DE SA\u00daDE<\/td><td class=\"has-text-align-center\" data-align=\"center\">12<\/td><td class=\"has-text-align-center\" data-align=\"center\">1.400,00<\/td><\/tr><tr><td class=\"has-text-align-center\" data-align=\"center\">AGENTE DE ASSIST\u00caNCIA<br \/>SOCIAL<\/td><td class=\"has-text-align-center\" data-align=\"center\">01<\/td><td class=\"has-text-align-center\" data-align=\"center\">1.300,00<\/td><\/tr><tr><td class=\"has-text-align-center\" data-align=\"center\">AGENTE DE COMBATE A ENDEMIAS<\/td><td class=\"has-text-align-center\" data-align=\"center\">02<\/td><td class=\"has-text-align-center\" data-align=\"center\">1.400,00<\/td><\/tr><tr><td class=\"has-text-align-center\" data-align=\"center\">ASSISTENTE DE APOIO ENSINO<br \/>B\u00c1SICO<\/td><td class=\"has-text-align-center\" data-align=\"center\">06<\/td><td class=\"has-text-align-center\" data-align=\"center\">1.100,00<\/td><\/tr><tr><td class=\"has-text-align-center\" data-align=\"center\">ASSISTENTE EDUCACIONAL<\/td><td class=\"has-text-align-center\" data-align=\"center\">01<\/td><td class=\"has-text-align-center\" data-align=\"center\">1.400,00<\/td><\/tr><tr><td class=\"has-text-align-center\" data-align=\"center\">AUXILIAR DE BIBLIOTECA<br \/>ESCOLAR<\/td><td class=\"has-text-align-center\" data-align=\"center\">01<\/td><td class=\"has-text-align-center\" data-align=\"center\">1.100,00<\/td><\/tr><tr><td class=\"has-text-align-center\" data-align=\"center\">AUXILIAR DE SA\u00daDE BUCAL<\/td><td class=\"has-text-align-center\" data-align=\"center\">01<\/td><td class=\"has-text-align-center\" data-align=\"center\">1.100,00<\/td><\/tr><tr><td class=\"has-text-align-center\" data-align=\"center\">FISCAL DE CONTROLE<br \/>SANIT\u00c1RIO<\/td><td class=\"has-text-align-center\" data-align=\"center\">01<\/td><td class=\"has-text-align-center\" data-align=\"center\">1.250,00<\/td><\/tr><tr><td class=\"has-text-align-center\" data-align=\"center\">FISCAL DE TRIBUTOS, OBRAS E POSTURAS<\/td><td class=\"has-text-align-center\" data-align=\"center\">02<\/td><td class=\"has-text-align-center\" data-align=\"center\">1.400,00<\/td><\/tr><tr><td class=\"has-text-align-center\" data-align=\"center\">T\u00c9CNICO EM ENFERMAGEM<\/td><td class=\"has-text-align-center\" data-align=\"center\">10<\/td><td class=\"has-text-align-center\" data-align=\"center\">1.250,00<\/td><\/tr><\/tbody><\/table><\/figure>\n\n\n\n<h3 class=\"wp-block-heading\" id=\"superior\">Curso superior<\/h3>\n\n\n\n<figure class=\"wp-block-table is-style-stripes\"><table class=\"has-subtle-pale-blue-background-color has-fixed-layout has-background\"><thead><tr><th class=\"has-text-align-center\" data-align=\"center\"><strong>CARGO<\/strong>S<\/th><th class=\"has-text-align-center\" data-align=\"center\"><strong>VAGAS<\/strong><\/th><th class=\"has-text-align-center\" data-align=\"center\"><strong>SAL\u00c1RIO<\/strong> (R$)<\/th><\/tr><\/thead><tbody><tr><td class=\"has-text-align-center\" data-align=\"center\">BIOQU\u00cdMICO<\/td><td class=\"has-text-align-center\" data-align=\"center\">01<\/td><td class=\"has-text-align-center\" data-align=\"center\">1.700,00<\/td><\/tr><tr><td class=\"has-text-align-center\" data-align=\"center\">EDUCADOR F\u00cdSICO<\/td><td class=\"has-text-align-center\" data-align=\"center\">01<\/td><td class=\"has-text-align-center\" data-align=\"center\">1.700,00<\/td><\/tr><tr><td class=\"has-text-align-center\" data-align=\"center\">ENFERMEIRO<\/td><td class=\"has-text-align-center\" data-align=\"center\">01<\/td><td class=\"has-text-align-center\" data-align=\"center\">1.700,00<\/td><\/tr><tr><td class=\"has-text-align-center\" data-align=\"center\">ENFERMEIRO PROGRAMA ESF<\/td><td class=\"has-text-align-center\" data-align=\"center\">01<\/td><td class=\"has-text-align-center\" data-align=\"center\">2.400,00<\/td><\/tr><tr><td class=\"has-text-align-center\" data-align=\"center\">FARMAC\u00caUTICO<\/td><td class=\"has-text-align-center\" data-align=\"center\">01<\/td><td class=\"has-text-align-center\" data-align=\"center\">1.700,00<\/td><\/tr><tr><td class=\"has-text-align-center\" data-align=\"center\">FISIOTERAPEUTA<\/td><td class=\"has-text-align-center\" data-align=\"center\">01<\/td><td class=\"has-text-align-center\" data-align=\"center\">1.700,00<\/td><\/tr><tr><td class=\"has-text-align-center\" data-align=\"center\">FONOAUDI\u00d3LOGO<\/td><td class=\"has-text-align-center\" data-align=\"center\">01<\/td><td class=\"has-text-align-center\" data-align=\"center\">1.700,00<\/td><\/tr><tr><td class=\"has-text-align-center\" data-align=\"center\">M\u00c9DICO CL\u00cdNICO GERAL<\/td><td class=\"has-text-align-center\" data-align=\"center\">01<\/td><td class=\"has-text-align-center\" data-align=\"center\">2.500,00<\/td><\/tr><tr><td class=\"has-text-align-center\" data-align=\"center\">M\u00c9DICO ESPECIALISTA (v\u00e1rios)<\/td><td class=\"has-text-align-center\" data-align=\"center\">03<\/td><td class=\"has-text-align-center\" data-align=\"center\">3.000,00<\/td><\/tr><tr><td class=\"has-text-align-center\" data-align=\"center\">M\u00c9DICO PROGRAMA ESF<\/td><td class=\"has-text-align-center\" data-align=\"center\">02<\/td><td class=\"has-text-align-center\" data-align=\"center\">8.500,00<\/td><\/tr><tr><td class=\"has-text-align-center\" data-align=\"center\">M\u00c9DICO VETERIN\u00c1RIO<\/td><td class=\"has-text-align-center\" data-align=\"center\">01<\/td><td class=\"has-text-align-center\" data-align=\"center\">1.700,00<\/td><\/tr><tr><td class=\"has-text-align-center\" data-align=\"center\">NUTRICIONISTA<\/td><td class=\"has-text-align-center\" data-align=\"center\">02<\/td><td class=\"has-text-align-center\" data-align=\"center\">1.700,00<\/td><\/tr><tr><td class=\"has-text-align-center\" data-align=\"center\">ODONT\u00d3LOGO<\/td><td class=\"has-text-align-center\" data-align=\"center\">01<\/td><td class=\"has-text-align-center\" data-align=\"center\">1.700,00<\/td><\/tr><tr><td class=\"has-text-align-center\" data-align=\"center\">ODONT\u00d3LOGO PROGRAMA ESF<\/td><td class=\"has-text-align-center\" data-align=\"center\">01<\/td><td class=\"has-text-align-center\" data-align=\"center\">2.400,00<\/td><\/tr><tr><td class=\"has-text-align-center\" data-align=\"center\">PEDAGOGO<\/td><td class=\"has-text-align-center\" data-align=\"center\">01<\/td><td class=\"has-text-align-center\" data-align=\"center\">1.918,00<\/td><\/tr><tr><td class=\"has-text-align-center\" data-align=\"center\">PROFESSOR I<\/td><td class=\"has-text-align-center\" data-align=\"center\">12<\/td><td class=\"has-text-align-center\" data-align=\"center\">1.803,90<\/td><\/tr><tr><td class=\"has-text-align-center\" data-align=\"center\">PROFESSOR II (EDUCA\u00c7\u00c3O F\u00cdSICA)<\/td><td class=\"has-text-align-center\" data-align=\"center\">02<\/td><td class=\"has-text-align-center\" data-align=\"center\">16,03 (hora aula)<\/td><\/tr><tr><td class=\"has-text-align-center\" data-align=\"center\">PSIC\u00d3LOGO<\/td><td class=\"has-text-align-center\" data-align=\"center\">02<\/td><td class=\"has-text-align-center\" data-align=\"center\">1.700,00<\/td><\/tr><tr><td class=\"has-text-align-center\" data-align=\"center\">T\u00c9CNICO DE N\u00cdVEL SUPERIOR ADMINISTRATIVO<\/td><td class=\"has-text-align-center\" data-align=\"center\">01<\/td><td class=\"has-text-align-center\" data-align=\"center\">1.700,00<\/td><\/tr><tr><td class=\"has-text-align-center\" data-align=\"center\">T\u00c9CNICO DE N\u00cdVEL SUPERIOR EM ASSIST\u00caNCIA<\/td><td class=\"has-text-align-center\" data-align=\"center\">01<\/td><td class=\"has-text-align-center\" data-align=\"center\">1.700,00<\/td><\/tr><\/tbody><\/table><\/figure>\n\n\n\n<h2 class=\"wp-block-heading\" id=\"etapas\">Etapas e provas do concurso Dores do Turvo<\/h2>\n\n\n\n<ol class=\"wp-block-list\"><li><strong>Prova Objetiva<\/strong> &#8211; para todos os cargos;<\/li><li><strong>Prova Pr\u00e1tica<\/strong> &#8211; apenas para Operador de M\u00e1quinas Pesadas.<\/li><\/ol>\n\n\n\n<h3 class=\"wp-block-heading\" id=\"objetiva\">Provas Objetivas<\/h3>\n\n\n\n<p>De car\u00e1ter eliminat\u00f3rio e classificat\u00f3rio, a Prova Objetiva foi composta por quest\u00f5es de m\u00faltipla escolha. Cada quest\u00e3o comportou apenas uma resposta correta dentre quatro alternativas oferecidas (A, B, C ou D). <\/p>\n\n\n\n<p>Com dura\u00e7\u00e3o m\u00e1xima de tr\u00eas horas, todos os candidatos fizeram o exame. Esta etapa do concurso Dores do Turvo valeu 100 pontos e ser\u00e1 aprovado aquele que obtiver, no m\u00ednimo, 50% do total de pontos.<\/p>\n\n\n\n<ul class=\"wp-block-list\"><li><strong>Agente Comunit\u00e1rio de Sa\u00fade e Agente de Combate a Endemias:<\/strong><ul><li><em>Portugu\u00eas &#8211; 05<\/em><\/li><li><em>Matem\u00e1tica &#8211; 05<\/em><\/li><li><em>Conhecimentos Gerais &#8211; 10<\/em><\/li><li><em>No\u00e7\u00f5es de Sa\u00fade P\u00fablica &#8211; 10<\/em><\/li><\/ul><\/li><\/ul>\n\n\n\n<ul class=\"wp-block-list\"><li><strong>Agente de Assist\u00eancia Social, Assistente Educacional, Auxiliar de Biblioteca Escolar e Fiscais:<\/strong><ul><li><em>Portugu\u00eas &#8211; 05<\/em><\/li><li><em>Matem\u00e1tica &#8211; 05<\/em><\/li><li><em>Conhecimentos Gerais &#8211; 10<\/em><\/li><li><em>Inform\u00e1tica &#8211; 10<\/em><\/li><\/ul><\/li><\/ul>\n\n\n\n<ul class=\"wp-block-list\"><li><strong>Assistente de Apoio Ensino B\u00e1sico, Auxiliar de Servi\u00e7os Gerais, Auxiliar de Servi\u00e7os P\u00fablicos, Gari, Oficiais de Servi\u00e7os P\u00fablicos e Servente Escolar:<\/strong><ul><li><em>Portugu\u00eas &#8211; 10<\/em><\/li><li><em>Matem\u00e1tica &#8211; 10<\/em><\/li><li><em>Conhecimentos Gerais &#8211; 10<\/em><\/li><\/ul><\/li><\/ul>\n\n\n\n<ul class=\"wp-block-list\"><li><strong>Auxiliar de Sa\u00fade Bucal, Bioqu\u00edmico, Educador F\u00edsico, Motoristas, Nutricionistas, Odont\u00f3logos, Operador de M\u00e1quinas Pesadas, Pedagogo, Professores, Psic\u00f3logo (Educa\u00e7\u00e3o) e T\u00e9cnico de N\u00edvel Superior Administrativo: <\/strong><ul><li><em>Portugu\u00eas &#8211; 05<\/em><\/li><li><em>Matem\u00e1tica &#8211; 05<\/em><\/li><li><em>Conhecimentos Gerais &#8211; 10<\/em><\/li><li><em>Espec\u00edfica &#8211; 10<\/em><\/li><\/ul><\/li><\/ul>\n\n\n\n<ul class=\"wp-block-list\"><li><strong>Enfermeiro, Farmac\u00eautico, Fisioterapeuta, Fonoaudi\u00f3logo, M\u00e9dicos, Psic\u00f3logo (Geral) e T\u00e9cnico em Enfermagem:<\/strong><ul><li><em>Portugu\u00eas &#8211; 05<\/em><\/li><li><em>No\u00e7\u00f5es de Sa\u00fade P\u00fablica &#8211; 05<\/em><\/li><li><em>Conhecimentos Gerais &#8211; 10<\/em><\/li><li><em>Espec\u00edfica &#8211; 10<\/em><\/li><\/ul><\/li><\/ul>\n\n\n\n<ul class=\"wp-block-list\"><li><strong>T\u00e9cnico de N\u00edvel Superior em Assist\u00eancia:<\/strong><ul><li><em>Portugu\u00eas &#8211; 05<\/em><\/li><li><em>Conhecimentos Gerais &#8211; 05<\/em><\/li><li><em>Inform\u00e1tica &#8211; 10<\/em><\/li><li><em>No\u00e7\u00f5es de Sa\u00fade P\u00fablica &#8211; 10<\/em><\/li><\/ul><\/li><\/ul>\n\n\n\n<h3 class=\"wp-block-heading\" id=\"pratica\">Prova Pr\u00e1tica<\/h3>\n\n\n\n<p>A Prova Pr\u00e1tica para o cargo de Operador de M\u00e1quinas Pesadas constou de execu\u00e7\u00e3o de manobra com equipamento, disponibilizado em local adequado, onde foi  avaliado a capacidade pr\u00e1tica no exerc\u00edcio e desempenho das tarefas do cargo, segundo sua categoria profissional.<\/p>\n\n\n\n<p>Esta prova do concurso Dores do Turvo foi avaliada no crit\u00e9rio APTO ou INAPTO, devendo o candidato atingir no m\u00ednimo, 50% do total de pontos, para ser considerado aprovado. Os crit\u00e9rios avaliados s\u00e3o:<\/p>\n\n\n\n<ul class=\"wp-block-list\"><li><em>Checagem da M\u00e1quina &#8211; Pr\u00e9-uso;<\/em><\/li><li><em>Checagem dos N\u00edveis da M\u00e1quina;<\/em><\/li><li><em>Identifica\u00e7\u00e3o e Checagem do Painel de Instrumentos da M\u00e1quina;<\/em><\/li><li><em>Checagem de Comandos;<\/em><\/li><li><em>Procedimentos de Partida;<\/em><\/li><li><em>Teste de Opera\u00e7\u00e3o;<\/em><\/li><li><em>Procedimento de Parada.<\/em><\/li><\/ul>\n\n\n\n<hr class=\"wp-block-separator\"\/>\n\n\n\n<h2 class=\"has-text-align-center wp-block-heading\" id=\"cursos-assinatura\">Quer estudar para o concurso Dores do Turvo?<\/h2>\n\n\n\n<div class=\"container\" id=\"boxes\">\n  <div class=\"row\">\n\n    <div class=\"col-sm\">\n      <div class=\"banner-estrategia\" id=\"box-assinatura\">\n        <h3 class=\"titulo-assinatura\">Concurso Dores do Turvo<\/h3>\n        <p class=\"subtitulo-assinatura\">Conhe\u00e7a os cursos<\/p>\n        <div class=\"box-botao\">\n          <a class=\"btn-assinatura\" target=\"_blank\" href=\"https:\/\/www.estrategiaconcursos.com.br\/cursos\/\" role=\"button\" rel=\"noopener noreferrer\">Conhe\u00e7a mais<\/a>\n        <\/div>\n      <\/div>\n   \n    <\/div>\n\n  <\/div>\n<\/div>\n\n\n\n<div class=\"container\" id=\"boxes\">\n  <div class=\"row\">\n\n    <div class=\"col-sm\">\n      <div class=\"estrategia\" id=\"box-assinatura\">\n        <h3 class=\"titulo-assinatura\"> Concursos P\u00fablicos\n        <p class=\"subtitulo-assinatura\">Assinatura de 1 ano ou 2 anos<\/p>\n        <div class=\"box-botao\">\n          <a class=\"btn-assinatura\" target=\"_blank\" href=\"https:\/\/www.estrategiaconcursos.com.br\/assinaturas\/\" role=\"button\" rel=\"noopener noreferrer\">ASSINE AGORA<\/a>\n        <\/div>\n      <\/h3><\/div><\/div><\/div><\/div>\n\n\n\n<div class=\"container\" id=\"boxes\">\n  <div class=\"row\">\n\n    <div class=\"col-sm\" id=\"boxes-concursos\">\n      <div style=\"background-color: #005DAD;\" class=\"conteudo-concursos\" id=\"box-concursos\">\n        <h3 class=\"titulo-assinatura\">Concursos Abertos<\/h3>\n        <p class=\"subtitulo-assinatura\">Confira os editais publicados<\/p>\n        <div class=\"box-botao\">\n          <a class=\"btn-assinatura\" target=\"_blank\" href=\"https:\/\/www.estrategiaconcursos.com.br\/blog\/concursos-abertos\/\" role=\"button\" rel=\"noopener noreferrer\">Conhe\u00e7a Agora<\/a>\n        <\/div>\n      <\/div>\n    <\/div>\n\n    <div class=\"col-sm\" id=\"boxes-concursos\">\n      <div style=\"background-color: #1A7ED5;\" class=\"conteudo-concursos\" id=\"box-concursos\">\n        <h3 class=\"titulo-assinatura\">Concursos 2021<\/h3>\n        <p class=\"subtitulo-assinatura\">As oportunidades previstas<\/p>\n        <div class=\"box-botao\">\n          <a class=\"btn-assinatura\" target=\"_blank\" href=\"https:\/\/www.estrategiaconcursos.com.br\/blog\/concursos-2021\/\" role=\"button\" rel=\"noopener noreferrer\">Conhe\u00e7a Agora<\/a>\n        <\/div>\n      <\/div>\n    <\/div>\n\n    <div class=\"col-sm\" id=\"boxes-concursos\">\n      <div style=\"background-color: #419FF0;\" class=\"conteudo-concursos\" id=\"box-concursos\">\n        <h3 class=\"titulo-assinatura\">Concursos 2022<\/h3>\n        <p class=\"subtitulo-assinatura\">Vagas para o pr\u00f3ximo ano<\/p>\n        <div class=\"box-botao\">\n          <a class=\"btn-assinatura\" target=\"_blank\" href=\"https:\/\/www.estrategiaconcursos.com.br\/blog\/concursos-2022\/\" role=\"button\" rel=\"noopener noreferrer\">Conhe\u00e7a Agora<\/a>\n        <\/div>\n      <\/div>\n    <\/div>\n\n  <\/div>\n<\/div>\n\n\n\n<figure class=\"wp-block-image is-resized\"><img loading=\"lazy\" decoding=\"async\" src=\"https:\/\/dhg1h5j42swfq.cloudfront.net\/2021\/03\/29085852\/ficha-tecnica-2-1024x632.png\" alt=\"Ficha t\u00e9cnica do Concurso Sefaz CE\" width=\"229\" height=\"142\"\/><\/figure>\n\n\n\n<h3 class=\"wp-block-heading\" id=\"ficha\">Informa\u00e7\u00f5es do concurso Prefeitura de Dores do Turvo-MG<\/h3>\n\n\n\n<ul class=\"wp-block-list\"><li><strong>Vagas<\/strong>: 110<\/li><li><strong>Cargos<\/strong>: diversos<\/li><li><strong>Banca<\/strong>: Elo Assessoria em Servi\u00e7os P\u00fablicos<\/li><li><strong>Escolaridade<\/strong>: N\u00edvel fundamental, m\u00e9dio e superior<\/li><li><strong>Edital<\/strong>:\u00a0<a rel=\"noreferrer noopener nofollow\" href=\"https:\/\/dhg1h5j42swfq.cloudfront.net\/2020\/11\/24171505\/edital-n-01-2020.pdf\" target=\"_blank\">Edital Dores do Turvo<\/a><\/li><\/ul>\n","protected":false},"excerpt":{"rendered":"<p>Foi divulgado o gabarito provis\u00f3rio das Provas Objetivas do concurso p\u00fablico da Prefeitura Dores do Turvo, localizada no estado de Minas Gerais. As avalia\u00e7\u00f5es aconteceram no 1\u00b0 de agosto de 2021, ap\u00f3s o edital passar por retifica\u00e7\u00f5es que alteraram a data da aplica\u00e7\u00e3o. Abaixo, confira o gabarito: Gabarito provis\u00f3rio Prefeitura de Dores do Turvo Status:\u00a0Provas [&hellip;]<\/p>\n","protected":false},"author":1,"featured_media":731087,"comment_status":"open","ping_status":"closed","sticky":false,"template":"","format":"standard","meta":{"post_tipo":"news_page","footnotes":""},"categories":[214992],"tags":[],"tax_estado":[219974],"class_list":["post-616302","post","type-post","status-publish","format-standard","has-post-thumbnail","hentry","category-concursos-administrativos","tax_estado-mg"],"acf":[],"yoast_head":"<!-- This site is optimized with the Yoast SEO Premium plugin v27.2 (Yoast SEO v27.2) - https:\/\/yoast.com\/product\/yoast-seo-premium-wordpress\/ -->\n<title>Concurso Dores do Turvo: gabarito provis\u00f3rio divulgado<\/title>\n<meta name=\"description\" content=\"Concurso Dores do Turvo MG: gabarito provis\u00f3rio divulgado! Provas foram realizadas no dia 1\u00b0 de agosto! Acesse e confira os detalhes.\" \/>\n<meta name=\"robots\" content=\"index, follow, max-snippet:-1, max-image-preview:large, max-video-preview:-1\" \/>\n<link rel=\"canonical\" href=\"https:\/\/www.estrategiaconcursos.com.br\/blog\/concurso-prefeitura-dores-do-turvo\/\" \/>\n<meta property=\"og:locale\" content=\"pt_BR\" \/>\n<meta property=\"og:type\" content=\"article\" \/>\n<meta property=\"og:title\" content=\"Concurso Dores do Turvo: gabarito provis\u00f3rio divulgado\" \/>\n<meta property=\"og:description\" content=\"Concurso Dores do Turvo MG: gabarito provis\u00f3rio divulgado! Provas foram realizadas no dia 1\u00b0 de agosto! Acesse e confira os detalhes.\" \/>\n<meta property=\"og:url\" content=\"https:\/\/www.estrategiaconcursos.com.br\/blog\/concurso-prefeitura-dores-do-turvo\/\" \/>\n<meta property=\"og:site_name\" content=\"Estrat\u00e9gia Concursos\" \/>\n<meta property=\"article:author\" content=\"https:\/\/www.facebook.com\/EstrategiaConcursos\" \/>\n<meta property=\"article:published_time\" content=\"2021-08-02T10:30:00+00:00\" \/>\n<meta property=\"article:modified_time\" content=\"2024-03-13T18:47:21+00:00\" \/>\n<meta property=\"og:image\" content=\"https:\/\/dhg1h5j42swfq.cloudfront.net\/2021\/05\/04155207\/prefeitura-de-dores-do-turvo-mg.jpg\" \/>\n\t<meta property=\"og:image:width\" content=\"768\" \/>\n\t<meta property=\"og:image:height\" content=\"432\" \/>\n\t<meta property=\"og:image:type\" content=\"image\/jpeg\" \/>\n<meta name=\"author\" content=\"Coordena\u00e7\u00e3o\" \/>\n<meta name=\"twitter:card\" content=\"summary_large_image\" \/>\n<meta name=\"twitter:creator\" content=\"@EstratConcursos\" \/>\n<meta name=\"twitter:site\" content=\"@EstratConcursos\" \/>\n<meta name=\"twitter:label1\" content=\"Escrito por\" \/>\n\t<meta name=\"twitter:data1\" content=\"Coordena\u00e7\u00e3o\" \/>\n\t<meta name=\"twitter:label2\" content=\"Est. tempo de leitura\" \/>\n\t<meta name=\"twitter:data2\" content=\"4 minutos\" \/>\n<script type=\"application\/ld+json\" class=\"yoast-schema-graph\">{\"@context\":\"https:\/\/schema.org\",\"@graph\":[{\"@type\":\"NewsArticle\",\"@id\":\"https:\/\/www.estrategiaconcursos.com.br\/blog\/concurso-prefeitura-dores-do-turvo\/#article\",\"isPartOf\":{\"@id\":\"https:\/\/www.estrategiaconcursos.com.br\/blog\/concurso-prefeitura-dores-do-turvo\/\"},\"author\":{\"name\":\"Coordena\u00e7\u00e3o\",\"@id\":\"https:\/\/www.estrategiaconcursos.com.br\/blog\/#\/schema\/person\/b4a388c97673c5f483d72185668afa1f\"},\"headline\":\"Concurso Dores do Turvo: gabarito provis\u00f3rio divulgado\",\"datePublished\":\"2021-08-02T10:30:00+00:00\",\"dateModified\":\"2024-03-13T18:47:21+00:00\",\"mainEntityOfPage\":{\"@id\":\"https:\/\/www.estrategiaconcursos.com.br\/blog\/concurso-prefeitura-dores-do-turvo\/\"},\"wordCount\":923,\"commentCount\":0,\"publisher\":{\"@id\":\"https:\/\/www.estrategiaconcursos.com.br\/blog\/#organization\"},\"image\":{\"@id\":\"https:\/\/www.estrategiaconcursos.com.br\/blog\/concurso-prefeitura-dores-do-turvo\/#primaryimage\"},\"thumbnailUrl\":\"https:\/\/dhg1h5j42swfq.cloudfront.net\/2021\/05\/04155207\/prefeitura-de-dores-do-turvo-mg.jpg\",\"articleSection\":[\"Executivo (Administrativa)\"],\"inLanguage\":\"pt-BR\",\"potentialAction\":[{\"@type\":\"CommentAction\",\"name\":\"Comment\",\"target\":[\"https:\/\/www.estrategiaconcursos.com.br\/blog\/concurso-prefeitura-dores-do-turvo\/#respond\"]}],\"copyrightYear\":\"2021\",\"copyrightHolder\":{\"@id\":\"https:\/\/www.estrategiaconcursos.com.br\/blog\/#organization\"}},{\"@type\":\"WebPage\",\"@id\":\"https:\/\/www.estrategiaconcursos.com.br\/blog\/concurso-prefeitura-dores-do-turvo\/\",\"url\":\"https:\/\/www.estrategiaconcursos.com.br\/blog\/concurso-prefeitura-dores-do-turvo\/\",\"name\":\"Concurso Dores do Turvo: gabarito provis\u00f3rio divulgado\",\"isPartOf\":{\"@id\":\"https:\/\/www.estrategiaconcursos.com.br\/blog\/#website\"},\"primaryImageOfPage\":{\"@id\":\"https:\/\/www.estrategiaconcursos.com.br\/blog\/concurso-prefeitura-dores-do-turvo\/#primaryimage\"},\"image\":{\"@id\":\"https:\/\/www.estrategiaconcursos.com.br\/blog\/concurso-prefeitura-dores-do-turvo\/#primaryimage\"},\"thumbnailUrl\":\"https:\/\/dhg1h5j42swfq.cloudfront.net\/2021\/05\/04155207\/prefeitura-de-dores-do-turvo-mg.jpg\",\"datePublished\":\"2021-08-02T10:30:00+00:00\",\"dateModified\":\"2024-03-13T18:47:21+00:00\",\"description\":\"Concurso Dores do Turvo MG: gabarito provis\u00f3rio divulgado! Provas foram realizadas no dia 1\u00b0 de agosto! Acesse e confira os detalhes.\",\"breadcrumb\":{\"@id\":\"https:\/\/www.estrategiaconcursos.com.br\/blog\/concurso-prefeitura-dores-do-turvo\/#breadcrumb\"},\"inLanguage\":\"pt-BR\",\"potentialAction\":[{\"@type\":\"ReadAction\",\"target\":[\"https:\/\/www.estrategiaconcursos.com.br\/blog\/concurso-prefeitura-dores-do-turvo\/\"]}]},{\"@type\":\"ImageObject\",\"inLanguage\":\"pt-BR\",\"@id\":\"https:\/\/www.estrategiaconcursos.com.br\/blog\/concurso-prefeitura-dores-do-turvo\/#primaryimage\",\"url\":\"https:\/\/dhg1h5j42swfq.cloudfront.net\/2021\/05\/04155207\/prefeitura-de-dores-do-turvo-mg.jpg\",\"contentUrl\":\"https:\/\/dhg1h5j42swfq.cloudfront.net\/2021\/05\/04155207\/prefeitura-de-dores-do-turvo-mg.jpg\",\"width\":768,\"height\":432,\"caption\":\"Dores do Turvo MG\"},{\"@type\":\"BreadcrumbList\",\"@id\":\"https:\/\/www.estrategiaconcursos.com.br\/blog\/concurso-prefeitura-dores-do-turvo\/#breadcrumb\",\"itemListElement\":[{\"@type\":\"ListItem\",\"position\":1,\"name\":\"In\u00edcio\",\"item\":\"https:\/\/www.estrategiaconcursos.com.br\/blog\/\"},{\"@type\":\"ListItem\",\"position\":2,\"name\":\"Concurso Dores do Turvo: gabarito provis\u00f3rio divulgado\"}]},{\"@type\":\"WebSite\",\"@id\":\"https:\/\/www.estrategiaconcursos.com.br\/blog\/#website\",\"url\":\"https:\/\/www.estrategiaconcursos.com.br\/blog\/\",\"name\":\"Estrat\u00e9gia Concursos\",\"description\":\"O blog da Estrat\u00e9gia Concursos traz not\u00edcias sobre concursos e artigos de professores oferecendo cursos para concursos (pdf + videaulas) no site.\",\"publisher\":{\"@id\":\"https:\/\/www.estrategiaconcursos.com.br\/blog\/#organization\"},\"potentialAction\":[{\"@type\":\"SearchAction\",\"target\":{\"@type\":\"EntryPoint\",\"urlTemplate\":\"https:\/\/www.estrategiaconcursos.com.br\/blog\/?s={search_term_string}\"},\"query-input\":{\"@type\":\"PropertyValueSpecification\",\"valueRequired\":true,\"valueName\":\"search_term_string\"}}],\"inLanguage\":\"pt-BR\"},{\"@type\":\"Organization\",\"@id\":\"https:\/\/www.estrategiaconcursos.com.br\/blog\/#organization\",\"name\":\"Estrat\u00e9gia Concursos\",\"url\":\"https:\/\/www.estrategiaconcursos.com.br\/blog\/\",\"logo\":{\"@type\":\"ImageObject\",\"inLanguage\":\"pt-BR\",\"@id\":\"https:\/\/www.estrategiaconcursos.com.br\/blog\/#\/schema\/logo\/image\/\",\"url\":\"https:\/\/dhg1h5j42swfq.cloudfront.net\/2025\/06\/03203428\/logo_concursos-1.jpg\",\"contentUrl\":\"https:\/\/dhg1h5j42swfq.cloudfront.net\/2025\/06\/03203428\/logo_concursos-1.jpg\",\"width\":230,\"height\":60,\"caption\":\"Estrat\u00e9gia Concursos\"},\"image\":{\"@id\":\"https:\/\/www.estrategiaconcursos.com.br\/blog\/#\/schema\/logo\/image\/\"},\"sameAs\":[\"https:\/\/x.com\/EstratConcursos\"]},{\"@type\":\"Person\",\"@id\":\"https:\/\/www.estrategiaconcursos.com.br\/blog\/#\/schema\/person\/b4a388c97673c5f483d72185668afa1f\",\"name\":\"Coordena\u00e7\u00e3o\",\"image\":{\"@type\":\"ImageObject\",\"inLanguage\":\"pt-BR\",\"@id\":\"https:\/\/secure.gravatar.com\/avatar\/b720319e4c9a967eb58678d110f4fe35452fc5d5f97b202bac7b8acceb18c6ad?s=96&d=mm&r=g\",\"url\":\"https:\/\/secure.gravatar.com\/avatar\/b720319e4c9a967eb58678d110f4fe35452fc5d5f97b202bac7b8acceb18c6ad?s=96&d=mm&r=g\",\"contentUrl\":\"https:\/\/secure.gravatar.com\/avatar\/b720319e4c9a967eb58678d110f4fe35452fc5d5f97b202bac7b8acceb18c6ad?s=96&d=mm&r=g\",\"caption\":\"Coordena\u00e7\u00e3o\"},\"sameAs\":[\"https:\/\/www.facebook.com\/EstrategiaConcursos\",\"https:\/\/x.com\/EstratConcursos\"],\"url\":\"https:\/\/www.estrategiaconcursos.com.br\/blog\/author\/estrategia2013\/\"}]}<\/script>\n<!-- \/ Yoast SEO Premium plugin. -->","yoast_head_json":{"title":"Concurso Dores do Turvo: gabarito provis\u00f3rio divulgado","description":"Concurso Dores do Turvo MG: gabarito provis\u00f3rio divulgado! Provas foram realizadas no dia 1\u00b0 de agosto! Acesse e confira os detalhes.","robots":{"index":"index","follow":"follow","max-snippet":"max-snippet:-1","max-image-preview":"max-image-preview:large","max-video-preview":"max-video-preview:-1"},"canonical":"https:\/\/www.estrategiaconcursos.com.br\/blog\/concurso-prefeitura-dores-do-turvo\/","og_locale":"pt_BR","og_type":"article","og_title":"Concurso Dores do Turvo: gabarito provis\u00f3rio divulgado","og_description":"Concurso Dores do Turvo MG: gabarito provis\u00f3rio divulgado! Provas foram realizadas no dia 1\u00b0 de agosto! Acesse e confira os detalhes.","og_url":"https:\/\/www.estrategiaconcursos.com.br\/blog\/concurso-prefeitura-dores-do-turvo\/","og_site_name":"Estrat\u00e9gia Concursos","article_author":"https:\/\/www.facebook.com\/EstrategiaConcursos","article_published_time":"2021-08-02T10:30:00+00:00","article_modified_time":"2024-03-13T18:47:21+00:00","og_image":[{"width":768,"height":432,"url":"https:\/\/dhg1h5j42swfq.cloudfront.net\/2021\/05\/04155207\/prefeitura-de-dores-do-turvo-mg.jpg","type":"image\/jpeg"}],"author":"Coordena\u00e7\u00e3o","twitter_card":"summary_large_image","twitter_creator":"@EstratConcursos","twitter_site":"@EstratConcursos","twitter_misc":{"Escrito por":"Coordena\u00e7\u00e3o","Est. tempo de leitura":"4 minutos"},"schema":{"@context":"https:\/\/schema.org","@graph":[{"@type":"NewsArticle","@id":"https:\/\/www.estrategiaconcursos.com.br\/blog\/concurso-prefeitura-dores-do-turvo\/#article","isPartOf":{"@id":"https:\/\/www.estrategiaconcursos.com.br\/blog\/concurso-prefeitura-dores-do-turvo\/"},"author":{"name":"Coordena\u00e7\u00e3o","@id":"https:\/\/www.estrategiaconcursos.com.br\/blog\/#\/schema\/person\/b4a388c97673c5f483d72185668afa1f"},"headline":"Concurso Dores do Turvo: gabarito provis\u00f3rio divulgado","datePublished":"2021-08-02T10:30:00+00:00","dateModified":"2024-03-13T18:47:21+00:00","mainEntityOfPage":{"@id":"https:\/\/www.estrategiaconcursos.com.br\/blog\/concurso-prefeitura-dores-do-turvo\/"},"wordCount":923,"commentCount":0,"publisher":{"@id":"https:\/\/www.estrategiaconcursos.com.br\/blog\/#organization"},"image":{"@id":"https:\/\/www.estrategiaconcursos.com.br\/blog\/concurso-prefeitura-dores-do-turvo\/#primaryimage"},"thumbnailUrl":"https:\/\/dhg1h5j42swfq.cloudfront.net\/2021\/05\/04155207\/prefeitura-de-dores-do-turvo-mg.jpg","articleSection":["Executivo (Administrativa)"],"inLanguage":"pt-BR","potentialAction":[{"@type":"CommentAction","name":"Comment","target":["https:\/\/www.estrategiaconcursos.com.br\/blog\/concurso-prefeitura-dores-do-turvo\/#respond"]}],"copyrightYear":"2021","copyrightHolder":{"@id":"https:\/\/www.estrategiaconcursos.com.br\/blog\/#organization"}},{"@type":"WebPage","@id":"https:\/\/www.estrategiaconcursos.com.br\/blog\/concurso-prefeitura-dores-do-turvo\/","url":"https:\/\/www.estrategiaconcursos.com.br\/blog\/concurso-prefeitura-dores-do-turvo\/","name":"Concurso Dores do Turvo: gabarito provis\u00f3rio divulgado","isPartOf":{"@id":"https:\/\/www.estrategiaconcursos.com.br\/blog\/#website"},"primaryImageOfPage":{"@id":"https:\/\/www.estrategiaconcursos.com.br\/blog\/concurso-prefeitura-dores-do-turvo\/#primaryimage"},"image":{"@id":"https:\/\/www.estrategiaconcursos.com.br\/blog\/concurso-prefeitura-dores-do-turvo\/#primaryimage"},"thumbnailUrl":"https:\/\/dhg1h5j42swfq.cloudfront.net\/2021\/05\/04155207\/prefeitura-de-dores-do-turvo-mg.jpg","datePublished":"2021-08-02T10:30:00+00:00","dateModified":"2024-03-13T18:47:21+00:00","description":"Concurso Dores do Turvo MG: gabarito provis\u00f3rio divulgado! Provas foram realizadas no dia 1\u00b0 de agosto! Acesse e confira os detalhes.","breadcrumb":{"@id":"https:\/\/www.estrategiaconcursos.com.br\/blog\/concurso-prefeitura-dores-do-turvo\/#breadcrumb"},"inLanguage":"pt-BR","potentialAction":[{"@type":"ReadAction","target":["https:\/\/www.estrategiaconcursos.com.br\/blog\/concurso-prefeitura-dores-do-turvo\/"]}]},{"@type":"ImageObject","inLanguage":"pt-BR","@id":"https:\/\/www.estrategiaconcursos.com.br\/blog\/concurso-prefeitura-dores-do-turvo\/#primaryimage","url":"https:\/\/dhg1h5j42swfq.cloudfront.net\/2021\/05\/04155207\/prefeitura-de-dores-do-turvo-mg.jpg","contentUrl":"https:\/\/dhg1h5j42swfq.cloudfront.net\/2021\/05\/04155207\/prefeitura-de-dores-do-turvo-mg.jpg","width":768,"height":432,"caption":"Dores do Turvo MG"},{"@type":"BreadcrumbList","@id":"https:\/\/www.estrategiaconcursos.com.br\/blog\/concurso-prefeitura-dores-do-turvo\/#breadcrumb","itemListElement":[{"@type":"ListItem","position":1,"name":"In\u00edcio","item":"https:\/\/www.estrategiaconcursos.com.br\/blog\/"},{"@type":"ListItem","position":2,"name":"Concurso Dores do Turvo: gabarito provis\u00f3rio divulgado"}]},{"@type":"WebSite","@id":"https:\/\/www.estrategiaconcursos.com.br\/blog\/#website","url":"https:\/\/www.estrategiaconcursos.com.br\/blog\/","name":"Estrat\u00e9gia Concursos","description":"O blog da Estrat\u00e9gia Concursos traz not\u00edcias sobre concursos e artigos de professores oferecendo cursos para concursos (pdf + videaulas) no site.","publisher":{"@id":"https:\/\/www.estrategiaconcursos.com.br\/blog\/#organization"},"potentialAction":[{"@type":"SearchAction","target":{"@type":"EntryPoint","urlTemplate":"https:\/\/www.estrategiaconcursos.com.br\/blog\/?s={search_term_string}"},"query-input":{"@type":"PropertyValueSpecification","valueRequired":true,"valueName":"search_term_string"}}],"inLanguage":"pt-BR"},{"@type":"Organization","@id":"https:\/\/www.estrategiaconcursos.com.br\/blog\/#organization","name":"Estrat\u00e9gia Concursos","url":"https:\/\/www.estrategiaconcursos.com.br\/blog\/","logo":{"@type":"ImageObject","inLanguage":"pt-BR","@id":"https:\/\/www.estrategiaconcursos.com.br\/blog\/#\/schema\/logo\/image\/","url":"https:\/\/dhg1h5j42swfq.cloudfront.net\/2025\/06\/03203428\/logo_concursos-1.jpg","contentUrl":"https:\/\/dhg1h5j42swfq.cloudfront.net\/2025\/06\/03203428\/logo_concursos-1.jpg","width":230,"height":60,"caption":"Estrat\u00e9gia Concursos"},"image":{"@id":"https:\/\/www.estrategiaconcursos.com.br\/blog\/#\/schema\/logo\/image\/"},"sameAs":["https:\/\/x.com\/EstratConcursos"]},{"@type":"Person","@id":"https:\/\/www.estrategiaconcursos.com.br\/blog\/#\/schema\/person\/b4a388c97673c5f483d72185668afa1f","name":"Coordena\u00e7\u00e3o","image":{"@type":"ImageObject","inLanguage":"pt-BR","@id":"https:\/\/secure.gravatar.com\/avatar\/b720319e4c9a967eb58678d110f4fe35452fc5d5f97b202bac7b8acceb18c6ad?s=96&d=mm&r=g","url":"https:\/\/secure.gravatar.com\/avatar\/b720319e4c9a967eb58678d110f4fe35452fc5d5f97b202bac7b8acceb18c6ad?s=96&d=mm&r=g","contentUrl":"https:\/\/secure.gravatar.com\/avatar\/b720319e4c9a967eb58678d110f4fe35452fc5d5f97b202bac7b8acceb18c6ad?s=96&d=mm&r=g","caption":"Coordena\u00e7\u00e3o"},"sameAs":["https:\/\/www.facebook.com\/EstrategiaConcursos","https:\/\/x.com\/EstratConcursos"],"url":"https:\/\/www.estrategiaconcursos.com.br\/blog\/author\/estrategia2013\/"}]}},"_links":{"self":[{"href":"https:\/\/www.estrategiaconcursos.com.br\/blog\/wp-json\/wp\/v2\/posts\/616302","targetHints":{"allow":["GET"]}}],"collection":[{"href":"https:\/\/www.estrategiaconcursos.com.br\/blog\/wp-json\/wp\/v2\/posts"}],"about":[{"href":"https:\/\/www.estrategiaconcursos.com.br\/blog\/wp-json\/wp\/v2\/types\/post"}],"author":[{"embeddable":true,"href":"https:\/\/www.estrategiaconcursos.com.br\/blog\/wp-json\/wp\/v2\/users\/1"}],"replies":[{"embeddable":true,"href":"https:\/\/www.estrategiaconcursos.com.br\/blog\/wp-json\/wp\/v2\/comments?post=616302"}],"version-history":[{"count":39,"href":"https:\/\/www.estrategiaconcursos.com.br\/blog\/wp-json\/wp\/v2\/posts\/616302\/revisions"}],"predecessor-version":[{"id":827232,"href":"https:\/\/www.estrategiaconcursos.com.br\/blog\/wp-json\/wp\/v2\/posts\/616302\/revisions\/827232"}],"wp:featuredmedia":[{"embeddable":true,"href":"https:\/\/www.estrategiaconcursos.com.br\/blog\/wp-json\/wp\/v2\/media\/731087"}],"wp:attachment":[{"href":"https:\/\/www.estrategiaconcursos.com.br\/blog\/wp-json\/wp\/v2\/media?parent=616302"}],"wp:term":[{"taxonomy":"category","embeddable":true,"href":"https:\/\/www.estrategiaconcursos.com.br\/blog\/wp-json\/wp\/v2\/categories?post=616302"},{"taxonomy":"post_tag","embeddable":true,"href":"https:\/\/www.estrategiaconcursos.com.br\/blog\/wp-json\/wp\/v2\/tags?post=616302"},{"taxonomy":"tax_estado","embeddable":true,"href":"https:\/\/www.estrategiaconcursos.com.br\/blog\/wp-json\/wp\/v2\/tax_estado?post=616302"}],"curies":[{"name":"wp","href":"https:\/\/api.w.org\/{rel}","templated":true}]}}