{"id":615890,"date":"2020-11-24T12:08:02","date_gmt":"2020-11-24T15:08:02","guid":{"rendered":"https:\/\/www.estrategiaconcursos.com.br\/blog\/?p=615890"},"modified":"2023-07-10T15:45:00","modified_gmt":"2023-07-10T18:45:00","slug":"vagas-policia-penal-mg","status":"publish","type":"post","link":"https:\/\/www.estrategiaconcursos.com.br\/blog\/vagas-policia-penal-mg\/","title":{"rendered":"BOMBA! Mais de 2.400 vagas anunciadas para a Pol\u00edcia Penal MG!"},"content":{"rendered":"\n<p>O secret\u00e1rio de Justi\u00e7a e Seguran\u00e7a P\u00fablica, general Mario Araujo, voltou a falar sobre as vagas para o pr\u00f3ximo&nbsp;<strong>concurso Pol\u00edcia Penal MG.<\/strong><\/p>\n\n\n\n<p>Em sess\u00e3o da Assembleia Legislativa de Minas Gerais (ALMG), realizada na \u00faltima segunda-feira (23), Araujo garantiu que o pr\u00f3ximo concurso da Pol\u00edcia Penal de Minas Gerais ofertar\u00e1 <strong>2.420 vagas<\/strong> para a Pol\u00edcia Penal e 80 vagas para agente socioeducativo. Al\u00e9m disso, prev\u00ea a realiza\u00e7\u00e3o de provas para contratar 211 auxiliares educativos para menores de idade.<\/p>\n\n\n\n<p>O secret\u00e1rio falou, ainda, que estuda o envio \u00e0 ALMG de Proposta de Emenda Constitucional (PEC) para regular a carreira dos futuros policiais penais. <\/p>\n\n\n\n<p>E para voc\u00ea que deseja ingressar na Pol\u00edcia Penal MG, preparamos mais um super evento, que ser\u00e1 realizado nesta<strong> ter\u00e7a-feira (24), a partir das 18h<\/strong>. N\u00e3o perca!<\/p>\n\n\n<figure class=\"wp-block-embed-youtube wp-block-embed is-type-video is-provider-youtube wp-embed-aspect-16-9 wp-has-aspect-ratio\"><div class=\"lyte-wrapper\" style=\"width:853px;max-width:100%;margin:5px;\"><div class=\"lyMe\" id=\"WYL_VA6RR0STJAE\"><div id=\"lyte_VA6RR0STJAE\" data-src=\"\/\/i.ytimg.com\/vi\/VA6RR0STJAE\/hqdefault.jpg\" class=\"pL\"><div class=\"tC\"><div class=\"tT\"><\/div><\/div><div class=\"play\"><\/div><div class=\"ctrl\"><div class=\"Lctrl\"><\/div><div class=\"Rctrl\"><\/div><\/div><\/div><noscript><a href=\"https:\/\/youtu.be\/VA6RR0STJAE\" rel=\"nofollow\"><img loading=\"lazy\" decoding=\"async\" src=\"https:\/\/i.ytimg.com\/vi\/VA6RR0STJAE\/0.jpg\" alt=\"YouTube video thumbnail\" width=\"853\" height=\"460\" \/><br \/>Assista a este v\u00eddeo no YouTube<\/a><\/noscript><\/div><\/div><div class=\"lL\" style=\"max-width:100%;width:853px;margin:5px;\"><\/div><figcaption><\/figcaption><\/figure>\n\n\n<h2 class=\"wp-block-heading\" id=\"comissao\">Comiss\u00e3o formada \u2013 concurso Pol\u00edcia Penal MG<\/h2>\n\n\n\n<p><em>Cabe a comiss\u00e3o as seguintes fun\u00e7\u00f5es:<\/em><\/p>\n\n\n\n<ul class=\"wp-block-list\">\n<li>I \u2013 elaborar cronograma de trabalho no prazo de<strong>&nbsp;10 dias \u00fateis<\/strong>, contados da data de publica\u00e7\u00e3o desta Resolu\u00e7\u00e3o, que servir\u00e1 como instrumento de direcionamento para suas atividades;<\/li>\n\n\n\n<li>II \u2013 realizar estudo preliminar contemplando an\u00e1lise dos cargos abordados no concurso p\u00fablico iniciado no ano de 2020 quanto \u00e0s atribui\u00e7\u00f5es,direcionamento, apura\u00e7\u00e3o de vagas,curso de forma\u00e7\u00e3o e disposi\u00e7\u00f5es gerais;<\/li>\n\n\n\n<li>III \u2013 acompanhar todas as etapas do Concurso;<\/li>\n\n\n\n<li>IV \u2013 elaborar o termo de refer\u00eancia e outros documentos necess\u00e1rios para instru\u00e7\u00e3o do processo de contrata\u00e7\u00e3o de empresa executora ou para realiza\u00e7\u00e3o do certame;<\/li>\n\n\n\n<li>V \u2013 definir as etapas que ir\u00e3o compor o Concurso P\u00fablico;<\/li>\n\n\n\n<li>VI \u2013 apresentar conte\u00fados program\u00e1ticos para as provas, bem como refer\u00eancias bibliogr\u00e1ficas para os candidatos;<\/li>\n\n\n\n<li>VII \u2013 realizar o processo de escolha da institui\u00e7\u00e3o executora do concurso;<\/li>\n\n\n\n<li>VIII \u2013 planejar e monitorar as atividades de execu\u00e7\u00e3o do concurso, bem como solicitar relat\u00f3rios a institui\u00e7\u00e3o executora para acompanhamento do processo;<\/li>\n\n\n\n<li>IX \u2013 acompanhar a execu\u00e7\u00e3o do contrato com a empresa contratada para realiza\u00e7\u00e3o do servi\u00e7o, formalizando em processo eletr\u00f4nico todas as ocorr\u00eancias relacionadas com a execu\u00e7\u00e3o dos servi\u00e7os e determinando as provid\u00eancias cab\u00edveis;<\/li>\n\n\n\n<li>X \u2013 validar, no que couber, os documentos e a\u00e7\u00f5es programadas pela empresa executora contratada no tocante \u00e0 realiza\u00e7\u00e3o das etapas do Concurso P\u00fablico;<\/li>\n\n\n\n<li>XI \u2013 avaliar casos excepcionais que n\u00e3o estejam previstos em Edital; e<\/li>\n\n\n\n<li>XII \u2013 emitir relat\u00f3rios peri\u00f3dicos sobre o andamento do processo concursal<\/li>\n<\/ul>\n\n\n\n<p>Confira o extrato do documento que confirma a Comiss\u00e3o do pr\u00f3ximo concurso Agepen MG:<\/p>\n\n\n\n<figure class=\"wp-block-image aligncenter\"><img loading=\"lazy\" decoding=\"async\" width=\"304\" height=\"263\" src=\"https:\/\/dhg1h5j42swfq.cloudfront.net\/2020\/05\/26120509\/image-277.png\" alt=\"Documento que instituiu a comiss\u00e3o do concurso Pol\u00edcia Penal\" class=\"wp-image-518971\" srcset=\"https:\/\/dhg1h5j42swfq.cloudfront.net\/2020\/05\/26120509\/image-277.png 304w, https:\/\/dhg1h5j42swfq.cloudfront.net\/2020\/05\/26120509\/image-277-300x260.png 300w\" sizes=\"auto, (max-width: 304px) 100vw, 304px\" \/><\/figure>\n\n\n\n<p class=\"has-text-align-center has-cyan-bluish-gray-background-color has-background\"><strong>Saiba mais: <a rel=\"noreferrer noopener\" href=\"https:\/\/www.estrategiaconcursos.com.br\/blog\/concurso-agente-penitenciario-mg\/\" target=\"_blank\">Concurso Pol\u00edcia Penal MG<\/a><\/strong><\/p>\n\n\n\n<h2 class=\"wp-block-heading has-text-align-center\">Quer estudar para o concurso Pol\u00edcia Penal MG?<\/h2>\n\n\n\n<div class=\"container\" id=\"boxes\">\n  <div class=\"row\">\n\n    <div class=\"col-sm\">\n      <div class=\"banner-policial\" id=\"box-assinatura\">\n        <h3 class=\"titulo-assinatura\">Curso Pol\u00edcia Penal MG <\/h3>\n        <p class=\"subtitulo-assinatura\">Conhe\u00e7a os cursos<\/p>\n        <div class=\"box-botao\">\n          <a class=\"btn-assinatura\" target=\"_blank\" href=\"https:\/\/www.estrategiaconcursos.com.br\/cursos\/concurso\/\/\" role=\"button\" rel=\"noopener noreferrer\">Conhe\u00e7a mais<\/a>\n        <\/div>\n      <\/div>\n      <p class=\"texto-auxiliar\">Prepare-se com o melhor material e com quem mais aprova em Concursos P\u00fablicos em todo o pa\u00eds. <\/p>\n    <\/div>\n\n  <\/div>\n<\/div>\n\n\n\n<div class=\"container\" id=\"boxes\">\n  <div class=\"row\">\n\n    <div class=\"col-sm\">\n      <div class=\"estrategia\" id=\"box-assinatura\">\n        <h3 class=\"titulo-assinatura\">Assinatura Ilimitada<\/h3>\n        <p class=\"subtitulo-assinatura\">Assinatura Anual Ilimitada*<\/p>\n        <div class=\"box-botao\">\n          <a class=\"btn-assinatura\" target=\"_blank\" href=\"https:\/\/www.estrategiaconcursos.com.br\/assinaturas\/\" role=\"button\" rel=\"noopener noreferrer\">ASSINE AGORA<\/a>\n        <\/div>\n      <\/div>\n      <p class=\"texto-auxiliar\">Prepare-se com o melhor material e com quem mais aprova em Concursos P\u00fablicos em todo o pa\u00eds. Assine agora a nossa Assinatura Anual e tenha acesso ilimitado* a todos os nossos cursos.<\/p>\n    <\/div>\n\n    <div class=\"col-sm\">\n      <div class=\"questoes\" id=\"box-assinatura\">\n        <h3 class=\"titulo-assinatura\">Sistema de Quest\u00f5es<\/h3>\n        <p class=\"subtitulo-assinatura\">Assinatura Ilimitada*<\/p>\n        <div class=\"box-botao\">\n          <a class=\"btn-assinatura\" target=\"_blank\" href=\"https:\/\/www.estrategiaconcursos.com.br\/cursosPorConcurso\/sistema-de-questoes\/#\/\" role=\"button\" rel=\"noopener noreferrer\">ASSINE AGORA<\/a>\n        <\/div>\n      <\/div>\n      <p class=\"texto-auxiliar\">Estrat\u00e9gia Quest\u00f5es nasceu maior do que todos os concorrentes, com mais quest\u00f5es cadastradas e mais solu\u00e7\u00f5es por professores. Clique no link e aproveite os descontos e b\u00f4nus imperd\u00edveis!<\/p>\n    <\/div>\n  <\/div>\n<\/div>\n","protected":false},"excerpt":{"rendered":"<p>O secret\u00e1rio de Justi\u00e7a e Seguran\u00e7a P\u00fablica, general Mario Araujo, voltou a falar sobre as vagas para o pr\u00f3ximo&nbsp;concurso Pol\u00edcia Penal MG. Em sess\u00e3o da Assembleia Legislativa de Minas Gerais (ALMG), realizada na \u00faltima segunda-feira (23), Araujo garantiu que o pr\u00f3ximo concurso da Pol\u00edcia Penal de Minas Gerais ofertar\u00e1 2.420 vagas para a Pol\u00edcia Penal [&hellip;]<\/p>\n","protected":false},"author":657,"featured_media":0,"comment_status":"open","ping_status":"closed","sticky":false,"template":"","format":"standard","meta":{"post_tipo":"news","footnotes":""},"categories":[1988],"tags":[],"tax_estado":[219974],"class_list":["post-615890","post","type-post","status-publish","format-standard","hentry","category-policia","tax_estado-mg"],"acf":[],"yoast_head":"<!-- This site is optimized with the Yoast SEO Premium plugin v27.2 (Yoast SEO v27.2) - https:\/\/yoast.com\/product\/yoast-seo-premium-wordpress\/ -->\n<title>BOMBA! Mais de 2.400 vagas anunciadas para a Pol\u00edcia Penal MG!<\/title>\n<meta name=\"description\" content=\"O secret\u00e1rio de Justi\u00e7a e Seguran\u00e7a P\u00fablica, general Mario Araujo, voltou a falar sobre as vagas para o pr\u00f3ximo concurso Pol\u00edcia Penal MG.\" \/>\n<meta name=\"robots\" content=\"index, follow, max-snippet:-1, max-image-preview:large, max-video-preview:-1\" \/>\n<link rel=\"canonical\" href=\"https:\/\/www.estrategiaconcursos.com.br\/blog\/vagas-policia-penal-mg\/\" \/>\n<meta property=\"og:locale\" content=\"pt_BR\" \/>\n<meta property=\"og:type\" content=\"article\" \/>\n<meta property=\"og:title\" content=\"BOMBA! Mais de 2.400 vagas anunciadas para a Pol\u00edcia Penal MG!\" \/>\n<meta property=\"og:description\" content=\"O secret\u00e1rio de Justi\u00e7a e Seguran\u00e7a P\u00fablica, general Mario Araujo, voltou a falar sobre as vagas para o pr\u00f3ximo concurso Pol\u00edcia Penal MG.\" \/>\n<meta property=\"og:url\" content=\"https:\/\/www.estrategiaconcursos.com.br\/blog\/vagas-policia-penal-mg\/\" \/>\n<meta property=\"og:site_name\" content=\"Estrat\u00e9gia Concursos\" \/>\n<meta property=\"article:published_time\" content=\"2020-11-24T15:08:02+00:00\" \/>\n<meta property=\"article:modified_time\" content=\"2023-07-10T18:45:00+00:00\" \/>\n<meta property=\"og:image\" content=\"https:\/\/www.estrategiaconcursos.com.br\/blog\/wp-content\/uploads\/2020\/05\/image-277.png\" \/>\n<meta name=\"author\" content=\"Nat\u00e1lia Scarano\" \/>\n<meta name=\"twitter:card\" content=\"summary_large_image\" \/>\n<meta name=\"twitter:creator\" content=\"@EstratConcursos\" \/>\n<meta name=\"twitter:site\" content=\"@EstratConcursos\" \/>\n<meta name=\"twitter:label1\" content=\"Escrito por\" \/>\n\t<meta name=\"twitter:data1\" content=\"Nat\u00e1lia Scarano\" \/>\n\t<meta name=\"twitter:label2\" content=\"Est. tempo de leitura\" \/>\n\t<meta name=\"twitter:data2\" content=\"3 minutos\" \/>\n<script type=\"application\/ld+json\" class=\"yoast-schema-graph\">{\"@context\":\"https:\/\/schema.org\",\"@graph\":[{\"@type\":\"NewsArticle\",\"@id\":\"https:\/\/www.estrategiaconcursos.com.br\/blog\/vagas-policia-penal-mg\/#article\",\"isPartOf\":{\"@id\":\"https:\/\/www.estrategiaconcursos.com.br\/blog\/vagas-policia-penal-mg\/\"},\"author\":{\"name\":\"Nat\u00e1lia Scarano\",\"@id\":\"https:\/\/www.estrategiaconcursos.com.br\/blog\/#\/schema\/person\/751aedf909a9d10cb23ce6ac527ce0f2\"},\"headline\":\"BOMBA! Mais de 2.400 vagas anunciadas para a Pol\u00edcia Penal MG!\",\"datePublished\":\"2020-11-24T15:08:02+00:00\",\"dateModified\":\"2023-07-10T18:45:00+00:00\",\"mainEntityOfPage\":{\"@id\":\"https:\/\/www.estrategiaconcursos.com.br\/blog\/vagas-policia-penal-mg\/\"},\"wordCount\":578,\"commentCount\":0,\"publisher\":{\"@id\":\"https:\/\/www.estrategiaconcursos.com.br\/blog\/#organization\"},\"image\":{\"@id\":\"https:\/\/www.estrategiaconcursos.com.br\/blog\/vagas-policia-penal-mg\/#primaryimage\"},\"thumbnailUrl\":\"https:\/\/www.estrategiaconcursos.com.br\/blog\/wp-content\/uploads\/2020\/05\/image-277.png\",\"articleSection\":[\"Policial (Agente, Escriv\u00e3o e Investigador)\"],\"inLanguage\":\"pt-BR\",\"potentialAction\":[{\"@type\":\"CommentAction\",\"name\":\"Comment\",\"target\":[\"https:\/\/www.estrategiaconcursos.com.br\/blog\/vagas-policia-penal-mg\/#respond\"]}],\"copyrightYear\":\"2020\",\"copyrightHolder\":{\"@id\":\"https:\/\/www.estrategiaconcursos.com.br\/blog\/#organization\"}},{\"@type\":\"WebPage\",\"@id\":\"https:\/\/www.estrategiaconcursos.com.br\/blog\/vagas-policia-penal-mg\/\",\"url\":\"https:\/\/www.estrategiaconcursos.com.br\/blog\/vagas-policia-penal-mg\/\",\"name\":\"BOMBA! Mais de 2.400 vagas anunciadas para a Pol\u00edcia Penal MG!\",\"isPartOf\":{\"@id\":\"https:\/\/www.estrategiaconcursos.com.br\/blog\/#website\"},\"primaryImageOfPage\":{\"@id\":\"https:\/\/www.estrategiaconcursos.com.br\/blog\/vagas-policia-penal-mg\/#primaryimage\"},\"image\":{\"@id\":\"https:\/\/www.estrategiaconcursos.com.br\/blog\/vagas-policia-penal-mg\/#primaryimage\"},\"thumbnailUrl\":\"https:\/\/www.estrategiaconcursos.com.br\/blog\/wp-content\/uploads\/2020\/05\/image-277.png\",\"datePublished\":\"2020-11-24T15:08:02+00:00\",\"dateModified\":\"2023-07-10T18:45:00+00:00\",\"description\":\"O secret\u00e1rio de Justi\u00e7a e Seguran\u00e7a P\u00fablica, general Mario Araujo, voltou a falar sobre as vagas para o pr\u00f3ximo concurso Pol\u00edcia Penal MG.\",\"breadcrumb\":{\"@id\":\"https:\/\/www.estrategiaconcursos.com.br\/blog\/vagas-policia-penal-mg\/#breadcrumb\"},\"inLanguage\":\"pt-BR\",\"potentialAction\":[{\"@type\":\"ReadAction\",\"target\":[\"https:\/\/www.estrategiaconcursos.com.br\/blog\/vagas-policia-penal-mg\/\"]}]},{\"@type\":\"ImageObject\",\"inLanguage\":\"pt-BR\",\"@id\":\"https:\/\/www.estrategiaconcursos.com.br\/blog\/vagas-policia-penal-mg\/#primaryimage\",\"url\":\"https:\/\/dhg1h5j42swfq.cloudfront.net\/2020\/05\/26120509\/image-277.png\",\"contentUrl\":\"https:\/\/dhg1h5j42swfq.cloudfront.net\/2020\/05\/26120509\/image-277.png\",\"width\":304,\"height\":263},{\"@type\":\"BreadcrumbList\",\"@id\":\"https:\/\/www.estrategiaconcursos.com.br\/blog\/vagas-policia-penal-mg\/#breadcrumb\",\"itemListElement\":[{\"@type\":\"ListItem\",\"position\":1,\"name\":\"In\u00edcio\",\"item\":\"https:\/\/www.estrategiaconcursos.com.br\/blog\/\"},{\"@type\":\"ListItem\",\"position\":2,\"name\":\"BOMBA! Mais de 2.400 vagas anunciadas para a Pol\u00edcia Penal MG!\"}]},{\"@type\":\"WebSite\",\"@id\":\"https:\/\/www.estrategiaconcursos.com.br\/blog\/#website\",\"url\":\"https:\/\/www.estrategiaconcursos.com.br\/blog\/\",\"name\":\"Estrat\u00e9gia Concursos\",\"description\":\"O blog da Estrat\u00e9gia Concursos traz not\u00edcias sobre concursos e artigos de professores oferecendo cursos para concursos (pdf + videaulas) no site.\",\"publisher\":{\"@id\":\"https:\/\/www.estrategiaconcursos.com.br\/blog\/#organization\"},\"potentialAction\":[{\"@type\":\"SearchAction\",\"target\":{\"@type\":\"EntryPoint\",\"urlTemplate\":\"https:\/\/www.estrategiaconcursos.com.br\/blog\/?s={search_term_string}\"},\"query-input\":{\"@type\":\"PropertyValueSpecification\",\"valueRequired\":true,\"valueName\":\"search_term_string\"}}],\"inLanguage\":\"pt-BR\"},{\"@type\":\"Organization\",\"@id\":\"https:\/\/www.estrategiaconcursos.com.br\/blog\/#organization\",\"name\":\"Estrat\u00e9gia Concursos\",\"url\":\"https:\/\/www.estrategiaconcursos.com.br\/blog\/\",\"logo\":{\"@type\":\"ImageObject\",\"inLanguage\":\"pt-BR\",\"@id\":\"https:\/\/www.estrategiaconcursos.com.br\/blog\/#\/schema\/logo\/image\/\",\"url\":\"https:\/\/dhg1h5j42swfq.cloudfront.net\/2025\/06\/03203428\/logo_concursos-1.jpg\",\"contentUrl\":\"https:\/\/dhg1h5j42swfq.cloudfront.net\/2025\/06\/03203428\/logo_concursos-1.jpg\",\"width\":230,\"height\":60,\"caption\":\"Estrat\u00e9gia Concursos\"},\"image\":{\"@id\":\"https:\/\/www.estrategiaconcursos.com.br\/blog\/#\/schema\/logo\/image\/\"},\"sameAs\":[\"https:\/\/x.com\/EstratConcursos\"]},{\"@type\":\"Person\",\"@id\":\"https:\/\/www.estrategiaconcursos.com.br\/blog\/#\/schema\/person\/751aedf909a9d10cb23ce6ac527ce0f2\",\"name\":\"Nat\u00e1lia Scarano\",\"image\":{\"@type\":\"ImageObject\",\"inLanguage\":\"pt-BR\",\"@id\":\"https:\/\/secure.gravatar.com\/avatar\/8a889b8db3dbd227a1a78627357ec8fe64f5e99189d1889a270127828ab372ac?s=96&d=mm&r=g\",\"url\":\"https:\/\/secure.gravatar.com\/avatar\/8a889b8db3dbd227a1a78627357ec8fe64f5e99189d1889a270127828ab372ac?s=96&d=mm&r=g\",\"contentUrl\":\"https:\/\/secure.gravatar.com\/avatar\/8a889b8db3dbd227a1a78627357ec8fe64f5e99189d1889a270127828ab372ac?s=96&d=mm&r=g\",\"caption\":\"Nat\u00e1lia Scarano\"},\"description\":\"Jornalista, formada e p\u00f3s graduada pelo IESB, faz parte do time de jornalistas do Estrat\u00e9gia desde 2017. Possui familiaridade com as \u00e1reas de Tribunais, Defensorias, Procuradorias, Minist\u00e9rios P\u00fablicos, Conselhos, Educa\u00e7\u00e3o, \u00c1rea de Seguran\u00e7a, concursos de Carreiras Jur\u00eddicas e OAB. Experi\u00eancia em marketing digital, assessoria de comunica\u00e7\u00e3o e institucional na \u00e1rea privada e p\u00fablica, com atua\u00e7\u00e3o em \u00f3rg\u00e3os como CGU, Cofen e CNM.\",\"url\":\"https:\/\/www.estrategiaconcursos.com.br\/blog\/author\/natalia-scaranoestrategiaconcursos-com-br\/\"}]}<\/script>\n<!-- \/ Yoast SEO Premium plugin. -->","yoast_head_json":{"title":"BOMBA! Mais de 2.400 vagas anunciadas para a Pol\u00edcia Penal MG!","description":"O secret\u00e1rio de Justi\u00e7a e Seguran\u00e7a P\u00fablica, general Mario Araujo, voltou a falar sobre as vagas para o pr\u00f3ximo concurso Pol\u00edcia Penal MG.","robots":{"index":"index","follow":"follow","max-snippet":"max-snippet:-1","max-image-preview":"max-image-preview:large","max-video-preview":"max-video-preview:-1"},"canonical":"https:\/\/www.estrategiaconcursos.com.br\/blog\/vagas-policia-penal-mg\/","og_locale":"pt_BR","og_type":"article","og_title":"BOMBA! Mais de 2.400 vagas anunciadas para a Pol\u00edcia Penal MG!","og_description":"O secret\u00e1rio de Justi\u00e7a e Seguran\u00e7a P\u00fablica, general Mario Araujo, voltou a falar sobre as vagas para o pr\u00f3ximo concurso Pol\u00edcia Penal MG.","og_url":"https:\/\/www.estrategiaconcursos.com.br\/blog\/vagas-policia-penal-mg\/","og_site_name":"Estrat\u00e9gia Concursos","article_published_time":"2020-11-24T15:08:02+00:00","article_modified_time":"2023-07-10T18:45:00+00:00","og_image":[{"url":"https:\/\/www.estrategiaconcursos.com.br\/blog\/wp-content\/uploads\/2020\/05\/image-277.png","type":"","width":"","height":""}],"author":"Nat\u00e1lia Scarano","twitter_card":"summary_large_image","twitter_creator":"@EstratConcursos","twitter_site":"@EstratConcursos","twitter_misc":{"Escrito por":"Nat\u00e1lia Scarano","Est. tempo de leitura":"3 minutos"},"schema":{"@context":"https:\/\/schema.org","@graph":[{"@type":"NewsArticle","@id":"https:\/\/www.estrategiaconcursos.com.br\/blog\/vagas-policia-penal-mg\/#article","isPartOf":{"@id":"https:\/\/www.estrategiaconcursos.com.br\/blog\/vagas-policia-penal-mg\/"},"author":{"name":"Nat\u00e1lia Scarano","@id":"https:\/\/www.estrategiaconcursos.com.br\/blog\/#\/schema\/person\/751aedf909a9d10cb23ce6ac527ce0f2"},"headline":"BOMBA! Mais de 2.400 vagas anunciadas para a Pol\u00edcia Penal MG!","datePublished":"2020-11-24T15:08:02+00:00","dateModified":"2023-07-10T18:45:00+00:00","mainEntityOfPage":{"@id":"https:\/\/www.estrategiaconcursos.com.br\/blog\/vagas-policia-penal-mg\/"},"wordCount":578,"commentCount":0,"publisher":{"@id":"https:\/\/www.estrategiaconcursos.com.br\/blog\/#organization"},"image":{"@id":"https:\/\/www.estrategiaconcursos.com.br\/blog\/vagas-policia-penal-mg\/#primaryimage"},"thumbnailUrl":"https:\/\/www.estrategiaconcursos.com.br\/blog\/wp-content\/uploads\/2020\/05\/image-277.png","articleSection":["Policial (Agente, Escriv\u00e3o e Investigador)"],"inLanguage":"pt-BR","potentialAction":[{"@type":"CommentAction","name":"Comment","target":["https:\/\/www.estrategiaconcursos.com.br\/blog\/vagas-policia-penal-mg\/#respond"]}],"copyrightYear":"2020","copyrightHolder":{"@id":"https:\/\/www.estrategiaconcursos.com.br\/blog\/#organization"}},{"@type":"WebPage","@id":"https:\/\/www.estrategiaconcursos.com.br\/blog\/vagas-policia-penal-mg\/","url":"https:\/\/www.estrategiaconcursos.com.br\/blog\/vagas-policia-penal-mg\/","name":"BOMBA! Mais de 2.400 vagas anunciadas para a Pol\u00edcia Penal MG!","isPartOf":{"@id":"https:\/\/www.estrategiaconcursos.com.br\/blog\/#website"},"primaryImageOfPage":{"@id":"https:\/\/www.estrategiaconcursos.com.br\/blog\/vagas-policia-penal-mg\/#primaryimage"},"image":{"@id":"https:\/\/www.estrategiaconcursos.com.br\/blog\/vagas-policia-penal-mg\/#primaryimage"},"thumbnailUrl":"https:\/\/www.estrategiaconcursos.com.br\/blog\/wp-content\/uploads\/2020\/05\/image-277.png","datePublished":"2020-11-24T15:08:02+00:00","dateModified":"2023-07-10T18:45:00+00:00","description":"O secret\u00e1rio de Justi\u00e7a e Seguran\u00e7a P\u00fablica, general Mario Araujo, voltou a falar sobre as vagas para o pr\u00f3ximo concurso Pol\u00edcia Penal MG.","breadcrumb":{"@id":"https:\/\/www.estrategiaconcursos.com.br\/blog\/vagas-policia-penal-mg\/#breadcrumb"},"inLanguage":"pt-BR","potentialAction":[{"@type":"ReadAction","target":["https:\/\/www.estrategiaconcursos.com.br\/blog\/vagas-policia-penal-mg\/"]}]},{"@type":"ImageObject","inLanguage":"pt-BR","@id":"https:\/\/www.estrategiaconcursos.com.br\/blog\/vagas-policia-penal-mg\/#primaryimage","url":"https:\/\/dhg1h5j42swfq.cloudfront.net\/2020\/05\/26120509\/image-277.png","contentUrl":"https:\/\/dhg1h5j42swfq.cloudfront.net\/2020\/05\/26120509\/image-277.png","width":304,"height":263},{"@type":"BreadcrumbList","@id":"https:\/\/www.estrategiaconcursos.com.br\/blog\/vagas-policia-penal-mg\/#breadcrumb","itemListElement":[{"@type":"ListItem","position":1,"name":"In\u00edcio","item":"https:\/\/www.estrategiaconcursos.com.br\/blog\/"},{"@type":"ListItem","position":2,"name":"BOMBA! Mais de 2.400 vagas anunciadas para a Pol\u00edcia Penal MG!"}]},{"@type":"WebSite","@id":"https:\/\/www.estrategiaconcursos.com.br\/blog\/#website","url":"https:\/\/www.estrategiaconcursos.com.br\/blog\/","name":"Estrat\u00e9gia Concursos","description":"O blog da Estrat\u00e9gia Concursos traz not\u00edcias sobre concursos e artigos de professores oferecendo cursos para concursos (pdf + videaulas) no site.","publisher":{"@id":"https:\/\/www.estrategiaconcursos.com.br\/blog\/#organization"},"potentialAction":[{"@type":"SearchAction","target":{"@type":"EntryPoint","urlTemplate":"https:\/\/www.estrategiaconcursos.com.br\/blog\/?s={search_term_string}"},"query-input":{"@type":"PropertyValueSpecification","valueRequired":true,"valueName":"search_term_string"}}],"inLanguage":"pt-BR"},{"@type":"Organization","@id":"https:\/\/www.estrategiaconcursos.com.br\/blog\/#organization","name":"Estrat\u00e9gia Concursos","url":"https:\/\/www.estrategiaconcursos.com.br\/blog\/","logo":{"@type":"ImageObject","inLanguage":"pt-BR","@id":"https:\/\/www.estrategiaconcursos.com.br\/blog\/#\/schema\/logo\/image\/","url":"https:\/\/dhg1h5j42swfq.cloudfront.net\/2025\/06\/03203428\/logo_concursos-1.jpg","contentUrl":"https:\/\/dhg1h5j42swfq.cloudfront.net\/2025\/06\/03203428\/logo_concursos-1.jpg","width":230,"height":60,"caption":"Estrat\u00e9gia Concursos"},"image":{"@id":"https:\/\/www.estrategiaconcursos.com.br\/blog\/#\/schema\/logo\/image\/"},"sameAs":["https:\/\/x.com\/EstratConcursos"]},{"@type":"Person","@id":"https:\/\/www.estrategiaconcursos.com.br\/blog\/#\/schema\/person\/751aedf909a9d10cb23ce6ac527ce0f2","name":"Nat\u00e1lia Scarano","image":{"@type":"ImageObject","inLanguage":"pt-BR","@id":"https:\/\/secure.gravatar.com\/avatar\/8a889b8db3dbd227a1a78627357ec8fe64f5e99189d1889a270127828ab372ac?s=96&d=mm&r=g","url":"https:\/\/secure.gravatar.com\/avatar\/8a889b8db3dbd227a1a78627357ec8fe64f5e99189d1889a270127828ab372ac?s=96&d=mm&r=g","contentUrl":"https:\/\/secure.gravatar.com\/avatar\/8a889b8db3dbd227a1a78627357ec8fe64f5e99189d1889a270127828ab372ac?s=96&d=mm&r=g","caption":"Nat\u00e1lia Scarano"},"description":"Jornalista, formada e p\u00f3s graduada pelo IESB, faz parte do time de jornalistas do Estrat\u00e9gia desde 2017. Possui familiaridade com as \u00e1reas de Tribunais, Defensorias, Procuradorias, Minist\u00e9rios P\u00fablicos, Conselhos, Educa\u00e7\u00e3o, \u00c1rea de Seguran\u00e7a, concursos de Carreiras Jur\u00eddicas e OAB. Experi\u00eancia em marketing digital, assessoria de comunica\u00e7\u00e3o e institucional na \u00e1rea privada e p\u00fablica, com atua\u00e7\u00e3o em \u00f3rg\u00e3os como CGU, Cofen e CNM.","url":"https:\/\/www.estrategiaconcursos.com.br\/blog\/author\/natalia-scaranoestrategiaconcursos-com-br\/"}]}},"_links":{"self":[{"href":"https:\/\/www.estrategiaconcursos.com.br\/blog\/wp-json\/wp\/v2\/posts\/615890","targetHints":{"allow":["GET"]}}],"collection":[{"href":"https:\/\/www.estrategiaconcursos.com.br\/blog\/wp-json\/wp\/v2\/posts"}],"about":[{"href":"https:\/\/www.estrategiaconcursos.com.br\/blog\/wp-json\/wp\/v2\/types\/post"}],"author":[{"embeddable":true,"href":"https:\/\/www.estrategiaconcursos.com.br\/blog\/wp-json\/wp\/v2\/users\/657"}],"replies":[{"embeddable":true,"href":"https:\/\/www.estrategiaconcursos.com.br\/blog\/wp-json\/wp\/v2\/comments?post=615890"}],"version-history":[{"count":7,"href":"https:\/\/www.estrategiaconcursos.com.br\/blog\/wp-json\/wp\/v2\/posts\/615890\/revisions"}],"predecessor-version":[{"id":1246115,"href":"https:\/\/www.estrategiaconcursos.com.br\/blog\/wp-json\/wp\/v2\/posts\/615890\/revisions\/1246115"}],"wp:attachment":[{"href":"https:\/\/www.estrategiaconcursos.com.br\/blog\/wp-json\/wp\/v2\/media?parent=615890"}],"wp:term":[{"taxonomy":"category","embeddable":true,"href":"https:\/\/www.estrategiaconcursos.com.br\/blog\/wp-json\/wp\/v2\/categories?post=615890"},{"taxonomy":"post_tag","embeddable":true,"href":"https:\/\/www.estrategiaconcursos.com.br\/blog\/wp-json\/wp\/v2\/tags?post=615890"},{"taxonomy":"tax_estado","embeddable":true,"href":"https:\/\/www.estrategiaconcursos.com.br\/blog\/wp-json\/wp\/v2\/tax_estado?post=615890"}],"curies":[{"name":"wp","href":"https:\/\/api.w.org\/{rel}","templated":true}]}}