{"id":615660,"date":"2020-11-24T09:20:12","date_gmt":"2020-11-24T12:20:12","guid":{"rendered":"https:\/\/www.estrategiaconcursos.com.br\/blog\/?p=615660"},"modified":"2023-06-29T09:38:38","modified_gmt":"2023-06-29T12:38:38","slug":"mpt-criterios-da-avaliacao-de-titulos","status":"publish","type":"post","link":"https:\/\/www.estrategiaconcursos.com.br\/blog\/mpt-criterios-da-avaliacao-de-titulos\/","title":{"rendered":"MPT: confira aqui os crit\u00e9rios da avalia\u00e7\u00e3o de t\u00edtulos"},"content":{"rendered":"\n<p>Foram divulgados nesta ter\u00e7a-feira (24), no Di\u00e1rio Oficial da Uni\u00e3o, os <strong>crit\u00e9rios<\/strong> que ser\u00e3o utilizados para aferi\u00e7\u00e3o dos <strong>exames de t\u00edtulos<\/strong> do concurso MPT. Confira abaixo: <\/p>\n\n\n\n<h3 class=\"wp-block-heading\" id=\"h-avaliacao-de-titulos\">Avalia\u00e7\u00e3o de T\u00edtulos<\/h3>\n\n\n\n<p>I \u2013 PRODU\u00c7\u00c3O CULTURAL DE AUTORIA INDIVIDUAL, NO \u00c2MBITO DA CI\u00caNCIA JUR\u00cdDICA, REALIZADA AP\u00d3S A CONCLUS\u00c3O DO CURSO DE BACHARELADO EM DIREITO (artigos, ensaios, monografias, teses e livros):<\/p>\n\n\n\n<ul class=\"wp-block-list\">\n<li>Artigos em peri\u00f3dicos ou em obras coletivas: 00 a 04 pontos por artigo (conforme conte\u00fado, extens\u00e3o e fonte), at\u00e9 o m\u00e1ximo de 10 pontos;<\/li>\n\n\n\n<li>Artigos em s\u00edtio especializado da Internet: 00 a 02 pontos por artigo (conforme conte\u00fado, extens\u00e3o e fonte), at\u00e9 o m\u00e1ximo de 05 pontos;<\/li>\n\n\n\n<li>Livros jur\u00eddicos: 00 a 15 pontos por livro (conforme conte\u00fado, extens\u00e3o e<\/li>\n\n\n\n<li>fonte), at\u00e9 o m\u00e1ximo de 30 pontos;<\/li>\n<\/ul>\n\n\n\n<p>II \u2013 DIPLOMA DE MESTRE OU DOUTOR EM DIREITO OU EM CI\u00caNCIAS SOCIAIS OU HUMANAS, devidamente registrado e, se obtido no exterior, revalidado junto ao \u00f3rg\u00e3o competente:<\/p>\n\n\n\n<ul class=\"wp-block-list\">\n<li>Mestrado: 15 pontos;<\/li>\n\n\n\n<li>Doutorado: 30 pontos;<\/li>\n<\/ul>\n\n\n\n<p>II \u2013 DIPLOMA UNIVERSIT\u00c1RIO EM CURSO DE P\u00d3S-GRADUA\u00c7\u00c3O, nacional ou<br \/>estrangeiro, em n\u00edvel de especializa\u00e7\u00e3o na \u00e1rea jur\u00eddica, de no m\u00ednimo 360 (trezentos e sessenta) horas, conferido ap\u00f3s atribui\u00e7\u00e3o de nota de aproveitamento, desde que devidamente reconhecido ou autorizado pelo Minist\u00e9rio da Educa\u00e7\u00e3o, constando tal aspecto, necessariamente, da certid\u00e3o expedida pela institui\u00e7\u00e3o de ensino, ou conforme legisla\u00e7\u00e3o federal espec\u00edfica, e, se obtido no exterior, revalidado junto ao \u00f3rg\u00e3o competente:<\/p>\n\n\n\n<ul class=\"wp-block-list\">\n<li>P\u00f3s-gradua\u00e7\u00e3o \u201clato sensu\u201d ou especializa\u00e7\u00e3o, sem monografia: 03 pontos;<\/li>\n\n\n\n<li>P\u00f3s-gradua\u00e7\u00e3o \u201clato sensu\u201d ou especializa\u00e7\u00e3o, com monografia: 07 pontos;<\/li>\n<\/ul>\n\n\n\n<p>IV \u2013 certificado expedido por Escola Superior do Minist\u00e9rio P\u00fablico, da<br \/>Magistratura ou da Ordem dos Advogados do Brasil, de haver o(a) candidato(a) frequentado curso de p\u00f3s-gradua\u00e7\u00e3o por elas ministrado, de no m\u00ednimo 360 (trezentos e sessenta) horas, comprovada a aprova\u00e7\u00e3o do(a) aluno(a), desde que devidamente reconhecido pelo Minist\u00e9rio da Educa\u00e7\u00e3o ou pelo \u00f3rg\u00e3o competente:<\/p>\n\n\n\n<ul class=\"wp-block-list\">\n<li>P\u00f3s-gradua\u00e7\u00e3o \u201clato sensu\u201d ou especializa\u00e7\u00e3o, sem monografia: 03 pontos;<\/li>\n\n\n\n<li>P\u00f3s-gradua\u00e7\u00e3o \u201clato sensu\u201d ou especializa\u00e7\u00e3o, com monografia: 07 pontos;<\/li>\n<\/ul>\n\n\n\n<p>V \u2013 EXERC\u00cdCIO DE MAGIST\u00c9RIO SUPERIOR EM DISCIPLINA DA \u00c1REA JUR\u00cdDICA n\u00edvel de gradua\u00e7\u00e3o, com recrutamento realizado por processo seletivo formal, em institui\u00e7\u00e3o de ensino superior p\u00fablica ou reconhecida:<\/p>\n\n\n\n<ul class=\"wp-block-list\">\n<li>02 pontos por ano completo de exerc\u00edcio, at\u00e9 o m\u00e1ximo de 20 pontos;<\/li>\n<\/ul>\n\n\n\n<p>VI \u2013 EXERC\u00cdCIO DE magist\u00e9rio superior em curso de p\u00f3s-gradua\u00e7\u00e3o<br \/>(especializa\u00e7\u00e3o lato sensu, mestrado ou doutorado) oferecido por institui\u00e7\u00e3o de ensino superior, com o devido reconhecimento:<\/p>\n\n\n\n<ul class=\"wp-block-list\">\n<li>P\u00f3s-gradua\u00e7\u00e3o \u201clato sensu\u201d ou especializa\u00e7\u00e3o: 01 ponto por ano completo de exerc\u00edcio, at\u00e9 o m\u00e1ximo de 10 pontos;<\/li>\n\n\n\n<li>Mestrado ou Doutorado: 03 pontos por ano completo de exerc\u00edcio, at\u00e9 o<\/li>\n\n\n\n<li>m\u00e1ximo de 30 pontos;<\/li>\n<\/ul>\n\n\n\n<p>VII \u2013 EXERC\u00cdCIO DE magist\u00e9rio em curso oficial de prepara\u00e7\u00e3o \u00e0 carreira,<br \/>atualiza\u00e7\u00e3o ou p\u00f3s-gradua\u00e7\u00e3o, oferecido por institui\u00e7\u00f5es de ensino e pesquisa jur\u00eddica (Escolas Superiores) integradas ao Minist\u00e9rio P\u00fablico, \u00e0 Magistratura ou \u00e0 Ordem dos Advogados do Brasil:<\/p>\n\n\n\n<ul class=\"wp-block-list\">\n<li>Prepara\u00e7\u00e3o \u00e0 carreira: 01 ponto por ano de exerc\u00edcio, at\u00e9 o m\u00e1ximo de 10<\/li>\n\n\n\n<li>pontos;<\/li>\n\n\n\n<li>Atualiza\u00e7\u00e3o: 01 ponto por ano de exerc\u00edcio, at\u00e9 o m\u00e1ximo de 10 pontos;<\/li>\n\n\n\n<li>P\u00f3s-gradua\u00e7\u00e3o: 01 a 02 pontos por ano de exerc\u00edcio, at\u00e9 o m\u00e1ximo de 20<\/li>\n\n\n\n<li>pontos;<\/li>\n<\/ul>\n\n\n\n<p>VIII \u2013 exerc\u00edcio de Cargo ou fun\u00e7\u00e3o t\u00e9cnico-jur\u00eddica, privativo de bacharel em Direito, em \u00f3rg\u00e3os do Legislativo, Executivo, Judici\u00e1rio OU do Minist\u00e9rio P\u00fablico:<\/p>\n\n\n\n<ul class=\"wp-block-list\">\n<li>Membro do Judici\u00e1rio ou do Minist\u00e9rio P\u00fablico: 03 pontos por cada per\u00edodo m\u00ednimo de seis meses, at\u00e9 o m\u00e1ximo de 30 pontos;<\/li>\n\n\n\n<li>Cargo T\u00e9cnico, privativo de Bacharel em Direito, no Judici\u00e1rio, no Minist\u00e9rio P\u00fablico, no Legislativo ou no Executivo: 01 ponto por cada per\u00edodo m\u00ednimo de seis meses, at\u00e9 o m\u00e1ximo de 10 pontos;<\/li>\n\n\n\n<li>Cargo de Advogado P\u00fablico\/Procurador P\u00fablico\/Defensor P\u00fablico: 02 pontos por cada per\u00edodo m\u00ednimo de seis meses, at\u00e9 o m\u00e1ximo de 20 pontos;<\/li>\n<\/ul>\n\n\n\n<p>IX \u2013 EXERC\u00cdCIO DE ADVOCACIA PRIVADA<\/p>\n\n\n\n<ul class=\"wp-block-list\">\n<li>02 pontos por ano completo, comprovado mediante a apresenta\u00e7\u00e3o anual<\/li>\n\n\n\n<li>m\u00ednima de 5 (cinco) atos privativos de advogado em causas ou quest\u00f5es distintas, observados os preceitos dos par\u00e1grafos 2\u00ba e 3\u00ba do artigo 58 da Resolu\u00e7\u00e3o 1432017 do \u00b7 CSMPT, n\u00e3o bastando a mera inscri\u00e7\u00e3o na Ordem dos Advogados do Brasil, at\u00e9 o m\u00e1ximo de 20 pontos;<\/li>\n<\/ul>\n\n\n\n<p>X \u2013 APROVA\u00c7\u00c3O EM CONCURSO P\u00daBLICO privativo de bacharel em Direito,<br \/>devidamente homologado: Magistratura e Minist\u00e9rio P\u00fablico: 10 pontos, at\u00e9 o m\u00e1ximo de 30 pontos;<\/p>\n\n\n\n<ul class=\"wp-block-list\">\n<li>Magist\u00e9rio Jur\u00eddico Superior: 05 pontos por concurso, at\u00e9 o m\u00e1ximo de 10 pontos;<\/li>\n\n\n\n<li>Advogado P\u00fablico\/Procurador P\u00fablico\/Defensor P\u00fablico: 05 pontos por<\/li>\n\n\n\n<li>concurso, at\u00e9 o m\u00e1ximo de 10 pontos;<\/li>\n\n\n\n<li>Outros: 01 ponto por concurso, at\u00e9 o m\u00e1ximo de 10 pontos;<\/li>\n<\/ul>\n\n\n\n<p>XI \u2013 PARTICIPA\u00c7\u00c3O COMO MEMBRO DE BANCA EXAMINADORA DE CONCURSO P\u00daBLICO para o provimento de cargo da Magistratura, Minist\u00e9rio P\u00fablico, Advocacia P\u00fablica, Defensoria P\u00fablica ou de cargo de docente em institui\u00e7\u00e3o p\u00fablica de ensino superior:<\/p>\n\n\n\n<ul class=\"wp-block-list\">\n<li>Magistratura e Minist\u00e9rio P\u00fablico: 03 pontos por concurso, at\u00e9 o m\u00e1ximo de 12 pontos;<\/li>\n\n\n\n<li>Magist\u00e9rio Jur\u00eddico Superior: 02 pontos por concurso, at\u00e9 o m\u00e1ximo de 08 pontos;<\/li>\n\n\n\n<li>Advogado P\u00fablico\/Procurador P\u00fablico\/Defensor P\u00fablico: 02 pontos por<\/li>\n\n\n\n<li>concurso, at\u00e9 o m\u00e1ximo de 08 pontos;<\/li>\n<\/ul>\n\n\n\n<p>XII \u2013 exerc\u00edcio das atribui\u00e7\u00f5es de conciliador nos juizados especiais, ou das<br \/>atribui\u00e7\u00f5es inerentes \u00e0 assist\u00eancia jur\u00eddica volunt\u00e1ria:<\/p>\n\n\n\n<ul class=\"wp-block-list\">\n<li>01 ponto por per\u00edodo m\u00ednimo de um ano, at\u00e9 o m\u00e1ximo de 03 pontos;<\/li>\n\n\n\n<li>NOTA GLOBAL DA PROVA DE T\u00cdTULOS: M\u00c1XIMO DE 100 PONTOS, AINDA QUE A PONTUA\u00c7\u00c3O OBTIDA SEJA SUPERIOR.<\/li>\n<\/ul>\n\n\n\n<p>A sele\u00e7\u00e3o oferta aos candidatos <strong>4 vagas imediatas mais cadastro de reserva para o cargo de Procurador do Trabalho<\/strong>. A remunera\u00e7\u00e3o do cargo passa dos <strong>R$ 30 mil<\/strong>.<\/p>\n\n\n\n<p class=\"has-text-align-center has-light-green-cyan-background-color has-background has-medium-font-size\"><strong>Saiba mais: <a rel=\"noreferrer noopener\" href=\"https:\/\/www.estrategiaconcursos.com.br\/blog\/concurso-mpt\/\" target=\"_blank\">Concurso MPT<\/a><\/strong><\/p>\n\n\n\n<p class=\"has-text-align-center has-pale-cyan-blue-background-color has-background has-medium-font-size\">MPT &#8211; <strong><a rel=\"noreferrer noopener\" href=\"https:\/\/www.youtube.com\/channel\/UClbMGuYbj2Mh1m3w144ETWQ\" target=\"_blank\">YOUTUBE &#8211; ESTRAT\u00c9GIA CARREIRAS JUR\u00cdDICAS<\/a><\/strong><\/p>\n\n\n\n<h2 class=\"wp-block-heading has-text-align-center\" id=\"h-cursos-para-o-mpt\">Cursos para o MPT<\/h2>\n\n\n\n<div class=\"container\" id=\"boxes\">\n  <div class=\"row\">\n\n    <div class=\"col-sm\">\n      <div class=\"banner-ecj\" id=\"box-assinatura\">\n        <h3 class=\"titulo-assinatura\">Curso para o concurso MPT <\/h3>\n        <p class=\"subtitulo-assinatura\">Cursos focados no edital do concurso<\/p>\n        <div class=\"box-botao\">\n          <a class=\"btn-assinatura\" target=\"_blank\" href=\"https:\/\/www.estrategiaconcursos.com.br\/cursosPorConcurso\/ministerio-publico-do-trabalho-procurador\/\" role=\"button\" rel=\"noopener noreferrer\">Conhe\u00e7a mais<\/a>\n        <\/div>\n      <\/div>\n      <p class=\"texto-auxiliar\">Prepare-se com o melhor material e com quem mais aprova em concursos\n<\/p>\n    <\/div>\n\n  <\/div>\n<\/div>\n\n\n\n<div class=\"container\" id=\"boxes\">\n  <div class=\"row\">\n\n    <div class=\"col-sm\">\n      <div class=\"banner-ecj\" id=\"box-assinatura\">\n        <h3 class=\"titulo-assinatura\">Assinatura Jur\u00eddica <\/h3>\n        <p class=\"subtitulo-assinatura\">Conhe\u00e7a os planos<\/p>\n        <div class=\"box-botao\">\n          <a class=\"btn-assinatura\" target=\"_blank\" href=\"https:\/\/www.estrategiaconcursos.com.br\/assinaturas-ecj\/\" role=\"button\" rel=\"noopener noreferrer\">Conhe\u00e7a mais<\/a>\n        <\/div>\n      <\/div>\n      <p class=\"texto-auxiliar\">Prepare-se com o melhor material e com quem mais aprova em Concursos P\u00fablicos em todo o pa\u00eds. \n<\/p>\n    <\/div>\n\n  <\/div>\n<\/div>\n\n\n\n<p><\/p>\n","protected":false},"excerpt":{"rendered":"<p>Foram divulgados nesta ter\u00e7a-feira (24), no Di\u00e1rio Oficial da Uni\u00e3o, os crit\u00e9rios que ser\u00e3o utilizados para aferi\u00e7\u00e3o dos exames de t\u00edtulos do concurso MPT. Confira abaixo: Avalia\u00e7\u00e3o de T\u00edtulos I \u2013 PRODU\u00c7\u00c3O CULTURAL DE AUTORIA INDIVIDUAL, NO \u00c2MBITO DA CI\u00caNCIA JUR\u00cdDICA, REALIZADA AP\u00d3S A CONCLUS\u00c3O DO CURSO DE BACHARELADO EM DIREITO (artigos, ensaios, monografias, teses [&hellip;]<\/p>\n","protected":false},"author":180,"featured_media":615674,"comment_status":"open","ping_status":"closed","sticky":false,"template":"","format":"standard","meta":{"post_tipo":"article","footnotes":""},"categories":[2185],"tags":[],"tax_estado":[219963],"class_list":["post-615660","post","type-post","status-publish","format-standard","has-post-thumbnail","hentry","category-carreiras-juridicas","tax_estado-concursos-federais"],"acf":[],"yoast_head":"<!-- This site is optimized with the Yoast SEO Premium plugin v27.2 (Yoast SEO v27.2) - https:\/\/yoast.com\/product\/yoast-seo-premium-wordpress\/ -->\n<title>MPT: confira aqui os crit\u00e9rios da avalia\u00e7\u00e3o de t\u00edtulos<\/title>\n<meta name=\"description\" content=\"MPT: os crit\u00e9rios para aferi\u00e7\u00e3o dos exames de t\u00edtulos foram divulgados nesta ter\u00e7a-feira (24). Confira neste artigo todas as informa\u00e7\u00f5es.\" \/>\n<meta name=\"robots\" content=\"index, follow, max-snippet:-1, max-image-preview:large, max-video-preview:-1\" \/>\n<link rel=\"canonical\" href=\"https:\/\/www.estrategiaconcursos.com.br\/blog\/mpt-criterios-da-avaliacao-de-titulos\/\" \/>\n<meta property=\"og:locale\" content=\"pt_BR\" \/>\n<meta property=\"og:type\" content=\"article\" \/>\n<meta property=\"og:title\" content=\"MPT: confira aqui os crit\u00e9rios da avalia\u00e7\u00e3o de t\u00edtulos\" \/>\n<meta property=\"og:description\" content=\"MPT: os crit\u00e9rios para aferi\u00e7\u00e3o dos exames de t\u00edtulos foram divulgados nesta ter\u00e7a-feira (24). Confira neste artigo todas as informa\u00e7\u00f5es.\" \/>\n<meta property=\"og:url\" content=\"https:\/\/www.estrategiaconcursos.com.br\/blog\/mpt-criterios-da-avaliacao-de-titulos\/\" \/>\n<meta property=\"og:site_name\" content=\"Estrat\u00e9gia Concursos\" \/>\n<meta property=\"article:author\" content=\"https:\/\/www.facebook.com\/ricardo.s.torques\" \/>\n<meta property=\"article:published_time\" content=\"2020-11-24T12:20:12+00:00\" \/>\n<meta property=\"article:modified_time\" content=\"2023-06-29T12:38:38+00:00\" \/>\n<meta property=\"og:image\" content=\"https:\/\/dhg1h5j42swfq.cloudfront.net\/2020\/11\/24091707\/mpt-selecao.jpg\" \/>\n\t<meta property=\"og:image:width\" content=\"1200\" \/>\n\t<meta property=\"og:image:height\" content=\"628\" \/>\n\t<meta property=\"og:image:type\" content=\"image\/jpeg\" \/>\n<meta name=\"author\" content=\"Ricardo Torques\" \/>\n<meta name=\"twitter:card\" content=\"summary_large_image\" \/>\n<meta name=\"twitter:creator\" content=\"@EstratConcursos\" \/>\n<meta name=\"twitter:site\" content=\"@EstratConcursos\" \/>\n<meta name=\"twitter:label1\" content=\"Escrito por\" \/>\n\t<meta name=\"twitter:data1\" content=\"Ricardo Torques\" \/>\n\t<meta name=\"twitter:label2\" content=\"Est. tempo de leitura\" \/>\n\t<meta name=\"twitter:data2\" content=\"5 minutos\" \/>\n<script type=\"application\/ld+json\" class=\"yoast-schema-graph\">{\"@context\":\"https:\/\/schema.org\",\"@graph\":[{\"@type\":\"NewsArticle\",\"@id\":\"https:\/\/www.estrategiaconcursos.com.br\/blog\/mpt-criterios-da-avaliacao-de-titulos\/#article\",\"isPartOf\":{\"@id\":\"https:\/\/www.estrategiaconcursos.com.br\/blog\/mpt-criterios-da-avaliacao-de-titulos\/\"},\"author\":{\"name\":\"Ricardo Torques\",\"@id\":\"https:\/\/www.estrategiaconcursos.com.br\/blog\/#\/schema\/person\/aa39cf5ddb518e5bdce27c35788405e2\"},\"headline\":\"MPT: confira aqui os crit\u00e9rios da avalia\u00e7\u00e3o de t\u00edtulos\",\"datePublished\":\"2020-11-24T12:20:12+00:00\",\"dateModified\":\"2023-06-29T12:38:38+00:00\",\"mainEntityOfPage\":{\"@id\":\"https:\/\/www.estrategiaconcursos.com.br\/blog\/mpt-criterios-da-avaliacao-de-titulos\/\"},\"wordCount\":1074,\"commentCount\":0,\"publisher\":{\"@id\":\"https:\/\/www.estrategiaconcursos.com.br\/blog\/#organization\"},\"image\":{\"@id\":\"https:\/\/www.estrategiaconcursos.com.br\/blog\/mpt-criterios-da-avaliacao-de-titulos\/#primaryimage\"},\"thumbnailUrl\":\"https:\/\/dhg1h5j42swfq.cloudfront.net\/2020\/11\/24091707\/mpt-selecao.jpg\",\"articleSection\":[\"Jur\u00eddico\"],\"inLanguage\":\"pt-BR\",\"potentialAction\":[{\"@type\":\"CommentAction\",\"name\":\"Comment\",\"target\":[\"https:\/\/www.estrategiaconcursos.com.br\/blog\/mpt-criterios-da-avaliacao-de-titulos\/#respond\"]}],\"copyrightYear\":\"2020\",\"copyrightHolder\":{\"@id\":\"https:\/\/www.estrategiaconcursos.com.br\/blog\/#organization\"}},{\"@type\":\"WebPage\",\"@id\":\"https:\/\/www.estrategiaconcursos.com.br\/blog\/mpt-criterios-da-avaliacao-de-titulos\/\",\"url\":\"https:\/\/www.estrategiaconcursos.com.br\/blog\/mpt-criterios-da-avaliacao-de-titulos\/\",\"name\":\"MPT: confira aqui os crit\u00e9rios da avalia\u00e7\u00e3o de t\u00edtulos\",\"isPartOf\":{\"@id\":\"https:\/\/www.estrategiaconcursos.com.br\/blog\/#website\"},\"primaryImageOfPage\":{\"@id\":\"https:\/\/www.estrategiaconcursos.com.br\/blog\/mpt-criterios-da-avaliacao-de-titulos\/#primaryimage\"},\"image\":{\"@id\":\"https:\/\/www.estrategiaconcursos.com.br\/blog\/mpt-criterios-da-avaliacao-de-titulos\/#primaryimage\"},\"thumbnailUrl\":\"https:\/\/dhg1h5j42swfq.cloudfront.net\/2020\/11\/24091707\/mpt-selecao.jpg\",\"datePublished\":\"2020-11-24T12:20:12+00:00\",\"dateModified\":\"2023-06-29T12:38:38+00:00\",\"description\":\"MPT: os crit\u00e9rios para aferi\u00e7\u00e3o dos exames de t\u00edtulos foram divulgados nesta ter\u00e7a-feira (24). Confira neste artigo todas as informa\u00e7\u00f5es.\",\"breadcrumb\":{\"@id\":\"https:\/\/www.estrategiaconcursos.com.br\/blog\/mpt-criterios-da-avaliacao-de-titulos\/#breadcrumb\"},\"inLanguage\":\"pt-BR\",\"potentialAction\":[{\"@type\":\"ReadAction\",\"target\":[\"https:\/\/www.estrategiaconcursos.com.br\/blog\/mpt-criterios-da-avaliacao-de-titulos\/\"]}]},{\"@type\":\"ImageObject\",\"inLanguage\":\"pt-BR\",\"@id\":\"https:\/\/www.estrategiaconcursos.com.br\/blog\/mpt-criterios-da-avaliacao-de-titulos\/#primaryimage\",\"url\":\"https:\/\/dhg1h5j42swfq.cloudfront.net\/2020\/11\/24091707\/mpt-selecao.jpg\",\"contentUrl\":\"https:\/\/dhg1h5j42swfq.cloudfront.net\/2020\/11\/24091707\/mpt-selecao.jpg\",\"width\":1200,\"height\":628,\"caption\":\"MPT\"},{\"@type\":\"BreadcrumbList\",\"@id\":\"https:\/\/www.estrategiaconcursos.com.br\/blog\/mpt-criterios-da-avaliacao-de-titulos\/#breadcrumb\",\"itemListElement\":[{\"@type\":\"ListItem\",\"position\":1,\"name\":\"In\u00edcio\",\"item\":\"https:\/\/www.estrategiaconcursos.com.br\/blog\/\"},{\"@type\":\"ListItem\",\"position\":2,\"name\":\"MPT: confira aqui os crit\u00e9rios da avalia\u00e7\u00e3o de t\u00edtulos\"}]},{\"@type\":\"WebSite\",\"@id\":\"https:\/\/www.estrategiaconcursos.com.br\/blog\/#website\",\"url\":\"https:\/\/www.estrategiaconcursos.com.br\/blog\/\",\"name\":\"Estrat\u00e9gia Concursos\",\"description\":\"O blog da Estrat\u00e9gia Concursos traz not\u00edcias sobre concursos e artigos de professores oferecendo cursos para concursos (pdf + videaulas) no site.\",\"publisher\":{\"@id\":\"https:\/\/www.estrategiaconcursos.com.br\/blog\/#organization\"},\"potentialAction\":[{\"@type\":\"SearchAction\",\"target\":{\"@type\":\"EntryPoint\",\"urlTemplate\":\"https:\/\/www.estrategiaconcursos.com.br\/blog\/?s={search_term_string}\"},\"query-input\":{\"@type\":\"PropertyValueSpecification\",\"valueRequired\":true,\"valueName\":\"search_term_string\"}}],\"inLanguage\":\"pt-BR\"},{\"@type\":\"Organization\",\"@id\":\"https:\/\/www.estrategiaconcursos.com.br\/blog\/#organization\",\"name\":\"Estrat\u00e9gia Concursos\",\"url\":\"https:\/\/www.estrategiaconcursos.com.br\/blog\/\",\"logo\":{\"@type\":\"ImageObject\",\"inLanguage\":\"pt-BR\",\"@id\":\"https:\/\/www.estrategiaconcursos.com.br\/blog\/#\/schema\/logo\/image\/\",\"url\":\"https:\/\/dhg1h5j42swfq.cloudfront.net\/2025\/06\/03203428\/logo_concursos-1.jpg\",\"contentUrl\":\"https:\/\/dhg1h5j42swfq.cloudfront.net\/2025\/06\/03203428\/logo_concursos-1.jpg\",\"width\":230,\"height\":60,\"caption\":\"Estrat\u00e9gia Concursos\"},\"image\":{\"@id\":\"https:\/\/www.estrategiaconcursos.com.br\/blog\/#\/schema\/logo\/image\/\"},\"sameAs\":[\"https:\/\/x.com\/EstratConcursos\"]},{\"@type\":\"Person\",\"@id\":\"https:\/\/www.estrategiaconcursos.com.br\/blog\/#\/schema\/person\/aa39cf5ddb518e5bdce27c35788405e2\",\"name\":\"Ricardo Torques\",\"image\":{\"@type\":\"ImageObject\",\"inLanguage\":\"pt-BR\",\"@id\":\"https:\/\/secure.gravatar.com\/avatar\/ce9ac6c3cff25fe86d15ed568ebc64d1724baf5c0693133bcb1f6073f712f92a?s=96&d=mm&r=g\",\"url\":\"https:\/\/secure.gravatar.com\/avatar\/ce9ac6c3cff25fe86d15ed568ebc64d1724baf5c0693133bcb1f6073f712f92a?s=96&d=mm&r=g\",\"contentUrl\":\"https:\/\/secure.gravatar.com\/avatar\/ce9ac6c3cff25fe86d15ed568ebc64d1724baf5c0693133bcb1f6073f712f92a?s=96&d=mm&r=g\",\"caption\":\"Ricardo Torques\"},\"sameAs\":[\"https:\/\/www.facebook.com\/ricardo.s.torques\"],\"url\":\"https:\/\/www.estrategiaconcursos.com.br\/blog\/author\/ricardotorquesestrategiaconcursos-com-br\/\"}]}<\/script>\n<!-- \/ Yoast SEO Premium plugin. -->","yoast_head_json":{"title":"MPT: confira aqui os crit\u00e9rios da avalia\u00e7\u00e3o de t\u00edtulos","description":"MPT: os crit\u00e9rios para aferi\u00e7\u00e3o dos exames de t\u00edtulos foram divulgados nesta ter\u00e7a-feira (24). Confira neste artigo todas as informa\u00e7\u00f5es.","robots":{"index":"index","follow":"follow","max-snippet":"max-snippet:-1","max-image-preview":"max-image-preview:large","max-video-preview":"max-video-preview:-1"},"canonical":"https:\/\/www.estrategiaconcursos.com.br\/blog\/mpt-criterios-da-avaliacao-de-titulos\/","og_locale":"pt_BR","og_type":"article","og_title":"MPT: confira aqui os crit\u00e9rios da avalia\u00e7\u00e3o de t\u00edtulos","og_description":"MPT: os crit\u00e9rios para aferi\u00e7\u00e3o dos exames de t\u00edtulos foram divulgados nesta ter\u00e7a-feira (24). Confira neste artigo todas as informa\u00e7\u00f5es.","og_url":"https:\/\/www.estrategiaconcursos.com.br\/blog\/mpt-criterios-da-avaliacao-de-titulos\/","og_site_name":"Estrat\u00e9gia Concursos","article_author":"https:\/\/www.facebook.com\/ricardo.s.torques","article_published_time":"2020-11-24T12:20:12+00:00","article_modified_time":"2023-06-29T12:38:38+00:00","og_image":[{"width":1200,"height":628,"url":"https:\/\/dhg1h5j42swfq.cloudfront.net\/2020\/11\/24091707\/mpt-selecao.jpg","type":"image\/jpeg"}],"author":"Ricardo Torques","twitter_card":"summary_large_image","twitter_creator":"@EstratConcursos","twitter_site":"@EstratConcursos","twitter_misc":{"Escrito por":"Ricardo Torques","Est. tempo de leitura":"5 minutos"},"schema":{"@context":"https:\/\/schema.org","@graph":[{"@type":"NewsArticle","@id":"https:\/\/www.estrategiaconcursos.com.br\/blog\/mpt-criterios-da-avaliacao-de-titulos\/#article","isPartOf":{"@id":"https:\/\/www.estrategiaconcursos.com.br\/blog\/mpt-criterios-da-avaliacao-de-titulos\/"},"author":{"name":"Ricardo Torques","@id":"https:\/\/www.estrategiaconcursos.com.br\/blog\/#\/schema\/person\/aa39cf5ddb518e5bdce27c35788405e2"},"headline":"MPT: confira aqui os crit\u00e9rios da avalia\u00e7\u00e3o de t\u00edtulos","datePublished":"2020-11-24T12:20:12+00:00","dateModified":"2023-06-29T12:38:38+00:00","mainEntityOfPage":{"@id":"https:\/\/www.estrategiaconcursos.com.br\/blog\/mpt-criterios-da-avaliacao-de-titulos\/"},"wordCount":1074,"commentCount":0,"publisher":{"@id":"https:\/\/www.estrategiaconcursos.com.br\/blog\/#organization"},"image":{"@id":"https:\/\/www.estrategiaconcursos.com.br\/blog\/mpt-criterios-da-avaliacao-de-titulos\/#primaryimage"},"thumbnailUrl":"https:\/\/dhg1h5j42swfq.cloudfront.net\/2020\/11\/24091707\/mpt-selecao.jpg","articleSection":["Jur\u00eddico"],"inLanguage":"pt-BR","potentialAction":[{"@type":"CommentAction","name":"Comment","target":["https:\/\/www.estrategiaconcursos.com.br\/blog\/mpt-criterios-da-avaliacao-de-titulos\/#respond"]}],"copyrightYear":"2020","copyrightHolder":{"@id":"https:\/\/www.estrategiaconcursos.com.br\/blog\/#organization"}},{"@type":"WebPage","@id":"https:\/\/www.estrategiaconcursos.com.br\/blog\/mpt-criterios-da-avaliacao-de-titulos\/","url":"https:\/\/www.estrategiaconcursos.com.br\/blog\/mpt-criterios-da-avaliacao-de-titulos\/","name":"MPT: confira aqui os crit\u00e9rios da avalia\u00e7\u00e3o de t\u00edtulos","isPartOf":{"@id":"https:\/\/www.estrategiaconcursos.com.br\/blog\/#website"},"primaryImageOfPage":{"@id":"https:\/\/www.estrategiaconcursos.com.br\/blog\/mpt-criterios-da-avaliacao-de-titulos\/#primaryimage"},"image":{"@id":"https:\/\/www.estrategiaconcursos.com.br\/blog\/mpt-criterios-da-avaliacao-de-titulos\/#primaryimage"},"thumbnailUrl":"https:\/\/dhg1h5j42swfq.cloudfront.net\/2020\/11\/24091707\/mpt-selecao.jpg","datePublished":"2020-11-24T12:20:12+00:00","dateModified":"2023-06-29T12:38:38+00:00","description":"MPT: os crit\u00e9rios para aferi\u00e7\u00e3o dos exames de t\u00edtulos foram divulgados nesta ter\u00e7a-feira (24). Confira neste artigo todas as informa\u00e7\u00f5es.","breadcrumb":{"@id":"https:\/\/www.estrategiaconcursos.com.br\/blog\/mpt-criterios-da-avaliacao-de-titulos\/#breadcrumb"},"inLanguage":"pt-BR","potentialAction":[{"@type":"ReadAction","target":["https:\/\/www.estrategiaconcursos.com.br\/blog\/mpt-criterios-da-avaliacao-de-titulos\/"]}]},{"@type":"ImageObject","inLanguage":"pt-BR","@id":"https:\/\/www.estrategiaconcursos.com.br\/blog\/mpt-criterios-da-avaliacao-de-titulos\/#primaryimage","url":"https:\/\/dhg1h5j42swfq.cloudfront.net\/2020\/11\/24091707\/mpt-selecao.jpg","contentUrl":"https:\/\/dhg1h5j42swfq.cloudfront.net\/2020\/11\/24091707\/mpt-selecao.jpg","width":1200,"height":628,"caption":"MPT"},{"@type":"BreadcrumbList","@id":"https:\/\/www.estrategiaconcursos.com.br\/blog\/mpt-criterios-da-avaliacao-de-titulos\/#breadcrumb","itemListElement":[{"@type":"ListItem","position":1,"name":"In\u00edcio","item":"https:\/\/www.estrategiaconcursos.com.br\/blog\/"},{"@type":"ListItem","position":2,"name":"MPT: confira aqui os crit\u00e9rios da avalia\u00e7\u00e3o de t\u00edtulos"}]},{"@type":"WebSite","@id":"https:\/\/www.estrategiaconcursos.com.br\/blog\/#website","url":"https:\/\/www.estrategiaconcursos.com.br\/blog\/","name":"Estrat\u00e9gia Concursos","description":"O blog da Estrat\u00e9gia Concursos traz not\u00edcias sobre concursos e artigos de professores oferecendo cursos para concursos (pdf + videaulas) no site.","publisher":{"@id":"https:\/\/www.estrategiaconcursos.com.br\/blog\/#organization"},"potentialAction":[{"@type":"SearchAction","target":{"@type":"EntryPoint","urlTemplate":"https:\/\/www.estrategiaconcursos.com.br\/blog\/?s={search_term_string}"},"query-input":{"@type":"PropertyValueSpecification","valueRequired":true,"valueName":"search_term_string"}}],"inLanguage":"pt-BR"},{"@type":"Organization","@id":"https:\/\/www.estrategiaconcursos.com.br\/blog\/#organization","name":"Estrat\u00e9gia Concursos","url":"https:\/\/www.estrategiaconcursos.com.br\/blog\/","logo":{"@type":"ImageObject","inLanguage":"pt-BR","@id":"https:\/\/www.estrategiaconcursos.com.br\/blog\/#\/schema\/logo\/image\/","url":"https:\/\/dhg1h5j42swfq.cloudfront.net\/2025\/06\/03203428\/logo_concursos-1.jpg","contentUrl":"https:\/\/dhg1h5j42swfq.cloudfront.net\/2025\/06\/03203428\/logo_concursos-1.jpg","width":230,"height":60,"caption":"Estrat\u00e9gia Concursos"},"image":{"@id":"https:\/\/www.estrategiaconcursos.com.br\/blog\/#\/schema\/logo\/image\/"},"sameAs":["https:\/\/x.com\/EstratConcursos"]},{"@type":"Person","@id":"https:\/\/www.estrategiaconcursos.com.br\/blog\/#\/schema\/person\/aa39cf5ddb518e5bdce27c35788405e2","name":"Ricardo Torques","image":{"@type":"ImageObject","inLanguage":"pt-BR","@id":"https:\/\/secure.gravatar.com\/avatar\/ce9ac6c3cff25fe86d15ed568ebc64d1724baf5c0693133bcb1f6073f712f92a?s=96&d=mm&r=g","url":"https:\/\/secure.gravatar.com\/avatar\/ce9ac6c3cff25fe86d15ed568ebc64d1724baf5c0693133bcb1f6073f712f92a?s=96&d=mm&r=g","contentUrl":"https:\/\/secure.gravatar.com\/avatar\/ce9ac6c3cff25fe86d15ed568ebc64d1724baf5c0693133bcb1f6073f712f92a?s=96&d=mm&r=g","caption":"Ricardo Torques"},"sameAs":["https:\/\/www.facebook.com\/ricardo.s.torques"],"url":"https:\/\/www.estrategiaconcursos.com.br\/blog\/author\/ricardotorquesestrategiaconcursos-com-br\/"}]}},"_links":{"self":[{"href":"https:\/\/www.estrategiaconcursos.com.br\/blog\/wp-json\/wp\/v2\/posts\/615660","targetHints":{"allow":["GET"]}}],"collection":[{"href":"https:\/\/www.estrategiaconcursos.com.br\/blog\/wp-json\/wp\/v2\/posts"}],"about":[{"href":"https:\/\/www.estrategiaconcursos.com.br\/blog\/wp-json\/wp\/v2\/types\/post"}],"author":[{"embeddable":true,"href":"https:\/\/www.estrategiaconcursos.com.br\/blog\/wp-json\/wp\/v2\/users\/180"}],"replies":[{"embeddable":true,"href":"https:\/\/www.estrategiaconcursos.com.br\/blog\/wp-json\/wp\/v2\/comments?post=615660"}],"version-history":[{"count":9,"href":"https:\/\/www.estrategiaconcursos.com.br\/blog\/wp-json\/wp\/v2\/posts\/615660\/revisions"}],"predecessor-version":[{"id":1240810,"href":"https:\/\/www.estrategiaconcursos.com.br\/blog\/wp-json\/wp\/v2\/posts\/615660\/revisions\/1240810"}],"wp:featuredmedia":[{"embeddable":true,"href":"https:\/\/www.estrategiaconcursos.com.br\/blog\/wp-json\/wp\/v2\/media\/615674"}],"wp:attachment":[{"href":"https:\/\/www.estrategiaconcursos.com.br\/blog\/wp-json\/wp\/v2\/media?parent=615660"}],"wp:term":[{"taxonomy":"category","embeddable":true,"href":"https:\/\/www.estrategiaconcursos.com.br\/blog\/wp-json\/wp\/v2\/categories?post=615660"},{"taxonomy":"post_tag","embeddable":true,"href":"https:\/\/www.estrategiaconcursos.com.br\/blog\/wp-json\/wp\/v2\/tags?post=615660"},{"taxonomy":"tax_estado","embeddable":true,"href":"https:\/\/www.estrategiaconcursos.com.br\/blog\/wp-json\/wp\/v2\/tax_estado?post=615660"}],"curies":[{"name":"wp","href":"https:\/\/api.w.org\/{rel}","templated":true}]}}