{"id":615593,"date":"2022-03-24T16:38:00","date_gmt":"2022-03-24T19:38:00","guid":{"rendered":"https:\/\/www.estrategiaconcursos.com.br\/blog\/?p=615593"},"modified":"2022-03-24T16:38:56","modified_gmt":"2022-03-24T19:38:56","slug":"concurso-jucepa","status":"publish","type":"post","link":"https:\/\/www.estrategiaconcursos.com.br\/blog\/concurso-jucepa\/","title":{"rendered":"Concurso JUCEPA: 15 aprovados s\u00e3o nomeados!"},"content":{"rendered":"\n<p>Os 15 candidatos aprovados nas vagas imediatas do <em><strong>concurso da Junta Comercial do Estado do Par\u00e1 <\/strong><\/em>(JUCEPA) j\u00e1 tomaram posse.<\/p>\n\n\n\n<p>A <a href=\"https:\/\/agenciapara.com.br\/noticia\/35767\/\" target=\"_blank\" rel=\"noreferrer noopener\">cerim\u00f4nia<\/a> de nomea\u00e7\u00e3o aconteceu no dia 23 de mar\u00e7o, no Pal\u00e1cio dos Despachos, em Bel\u00e9m. \u00a0<\/p>\n\n\n\n<blockquote class=\"wp-block-quote is-layout-flow wp-block-quote-is-layout-flow\"><p><em>\u201cN\u00f3s tomamos a decis\u00e3o de valorizar a escolha do servidor p\u00fablico efetivo como colaborador e patrim\u00f4nio estrat\u00e9gico do nosso Estado. Por isso, temos feito concursos p\u00fablicos, chamando imediatamente os aprovados(&#8230;)\u201d, <\/em>disse o governador Helder Barbalho.<\/p><\/blockquote>\n\n\n\n<div class=\"wp-block-image\"><figure class=\"aligncenter is-resized\"><img loading=\"lazy\" decoding=\"async\" src=\"https:\/\/agenciapara.com.br\/midias\/2022\/medias\/13018_5a57f1b1-fafa-3708-e653-f2eb309665c6.jpg\" alt=\"Concurso JUCEPA: 15 aprovados s\u00e3o nomeados!\n\" width=\"746\" height=\"497\"\/><figcaption>Imagem: Seplad PA<\/figcaption><\/figure><\/div>\n\n\n\n<p>A sele\u00e7\u00e3o fica <a href=\"https:\/\/dhg1h5j42swfq.cloudfront.net\/2022\/03\/14144722\/iehsh7rnx47yauckdxvq3m39ezvq2fekhl5dohhk.pdf\" target=\"_blank\" rel=\"noreferrer noopener nofollow\">v\u00e1lida por 2 anos<\/a>, <strong>at\u00e9 mar\u00e7o de 2024<\/strong>. Se necess\u00e1rio, esse prazo poder\u00e1 ser prorrogado uma \u00fanica vez, pelo mesmo per\u00edodo.<\/p>\n\n\n\n<ul id=\"block-ee678516-e9d1-48bd-b327-7b9acd55f0fd\" class=\"has-very-light-gray-to-cyan-bluish-gray-gradient-background has-background wp-block-list\"><li><strong>Junta Comercial do Estado do Par\u00e1 \u2013 JUCEPA<\/strong><\/li><li><strong>Status:<\/strong>&nbsp;Concurso homologado<\/li><li><strong>Banca:&nbsp;<\/strong>Funda\u00e7\u00e3o CETAP<\/li><li><strong>Vagas:&nbsp;<\/strong>15 + CR<\/li><li><strong>Sal\u00e1rio inicial:<\/strong>&nbsp;R$ 1.145,00 e R$ 2.809,35<\/li><li><strong>Edital: <\/strong><a href=\"https:\/\/dhg1h5j42swfq.cloudfront.net\/2021\/08\/19065510\/2021-08-19-doe-11-25.pdf\" target=\"_blank\" rel=\"noreferrer noopener nofollow\">Edital JUCEPA 2021<\/a><\/li><\/ul>\n\n\n\n<p>O edital ofertou <strong>15 vagas<\/strong>\u00a0mais forma\u00e7\u00e3o de cadastro de reserva. Foram registrados <strong><a href=\"https:\/\/dhg1h5j42swfq.cloudfront.net\/2021\/11\/17150842\/ow3tzn8k2kj1zsk9eiz58rvn5jj2we6lmgrzcsxf.pdf\" target=\"_blank\" rel=\"noreferrer noopener nofollow\">2.753 candidatos inscritos<\/a><\/strong> no concurso JUCEPA. <\/p>\n\n\n\n<p>Ao logo deste artigo, voc\u00ea confere mais informa\u00e7\u00f5es sobre o concurso JUCEPA e como se preparar. Acompanhe pelos t\u00f3picos abaixo: <\/p>\n\n\n\n<ul class=\"wp-block-list\" id=\"indice\"><li><a href=\"#sobre\">Sobre a JUCEPA<\/a><\/li><li><a href=\"#vagas\">Distribui\u00e7\u00e3o das vagas<\/a><\/li><li><a href=\"#carreira\">Carreira<\/a><ul><li><a href=\"#requisitos\">Requisitos<\/a><\/li><li><a href=\"#atribu\">Atribui\u00e7\u00f5es<\/a><\/li><\/ul><\/li><li><a href=\"#etapas\">Etapas do concurso<\/a><ul><li><a href=\"#objetiva\">Prova Objetiva<\/a><\/li><li><a href=\"#discursiva\">Prova Discursiva<\/a><\/li><li><a href=\"#titulos\">Avalia\u00e7\u00e3o de T\u00edtulos<\/a><\/li><\/ul><\/li><li><a href=\"#estrategico\">Edital Estrat\u00e9gico<\/a><\/li><li><a href=\"#cursos\">Cursos e Assinaturas<\/a><\/li><li><a href=\"#ficha-tecnica\">Ficha T\u00e9cnica<\/a><\/li><\/ul>\n\n\n\n<div class=\"container\" id=\"boxes\">\n  <div class=\"row\">\n\n    <div class=\"col-sm\">\n      <div class=\"banner-estrategia\" id=\"box-assinatura\">\n        <h3 class=\"titulo-assinatura\">Concurso JUCEPA<\/h3>\n        <p class=\"subtitulo-assinatura\">Cursos para concursos<\/p>\n        <div class=\"box-botao\">\n          <a class=\"btn-assinatura\" target=\"_blank\" href=\"https:\/\/www.estrategiaconcursos.com.br\/cursosPorConcurso\/junta-comercial-do-estado-do-para-jucepa\/\" role=\"button\" rel=\"noopener noreferrer\">Conhe\u00e7a mais<\/a>\n        <\/div>\n      <\/div>\n     \n    <\/div>\n\n  <\/div>\n<\/div>\n\n\n\n<h2 class=\"wp-block-heading\" id=\"sobre\">Sobre a JUCEPA<\/h2>\n\n\n\n<p>A Junta Comercial do Estado do Par\u00e1 (JUCEPA) \u00e9 um \u00d3rg\u00e3o P\u00fablico exercendo atividades semelhantes as que, em outros Pa\u00edses s\u00e3o exercidas pela C\u00e2maras de Com\u00e9rcio (<em>Chamber of Commerce<\/em>).<\/p>\n\n\n\n<p>Tem como objeto efetuar o registro p\u00fablico das empresas mercantis e atividades afins, garantindo a sua seguran\u00e7a e validade. <\/p>\n\n\n\n<p>Al\u00e9m disso, tem car\u00e1ter p\u00fablico podendo qualquer pessoa obter certid\u00e3o integral ou parcial de todos os atos registrados ou arquivado mediante pagamento do pre\u00e7o devido, sem necessidade de provar interesse. <\/p>\n\n\n\n<p>A Junta Comercial do Estado do Par\u00e1 mant\u00e9m v\u00ednculo administrativo com o Poder Executivo por meio da Secretaria de Estado da Fazenda (Sefa), e tecnicamente ao governo federal por meio do Departamento de Registro Empresarial e Integra\u00e7\u00e3o (DREI). <\/p>\n\n\n\n<h2 class=\"wp-block-heading\" id=\"vagas\">Concurso Jucepa: Distribui\u00e7\u00e3o das vagas <\/h2>\n\n\n\n<p>O concurso ofertou 15 vagas imediatas, sendo <strong>10 para cargos de n\u00edvel superior<\/strong> e <strong>05 para m\u00e9dio<\/strong>. Todas as vagas imediatas foram preenchidas.<\/p>\n\n\n\n<figure class=\"wp-block-table is-style-stripes\"><table class=\"has-fixed-layout\"><thead><tr><th class=\"has-text-align-center\" data-align=\"center\">Cargos<\/th><th class=\"has-text-align-center\" data-align=\"center\">Vagas<\/th><th class=\"has-text-align-center\" data-align=\"center\">Escolaridade<\/th><th class=\"has-text-align-center\" data-align=\"center\">Remunera\u00e7\u00e3o<\/th><\/tr><\/thead><tbody><tr><td class=\"has-text-align-center\" data-align=\"center\">T\u00e9cnico de Administra\u00e7\u00e3o e Finan\u00e7as<\/td><td class=\"has-text-align-center\" data-align=\"center\">03<\/td><td class=\"has-text-align-center\" data-align=\"center\">N\u00edvel superior<\/td><td class=\"has-text-align-center\" data-align=\"center\">R$ 2.809,35<\/td><\/tr><tr><td class=\"has-text-align-center\" data-align=\"center\">T\u00e9cnico do Registro Mercantil<\/td><td class=\"has-text-align-center\" data-align=\"center\">07<\/td><td class=\"has-text-align-center\" data-align=\"center\">N\u00edvel superior<\/td><td class=\"has-text-align-center\" data-align=\"center\">R$ 2.809,35<\/td><\/tr><tr><td class=\"has-text-align-center\" data-align=\"center\">Assistente do Registro Mercantil<\/td><td class=\"has-text-align-center\" data-align=\"center\">05<\/td><td class=\"has-text-align-center\" data-align=\"center\">N\u00edvel m\u00e9dio<\/td><td class=\"has-text-align-center\" data-align=\"center\">R$ 1.145,00<\/td><\/tr><\/tbody><\/table><\/figure>\n\n\n\n<ul class=\"wp-block-list\"><li><strong>T\u00e9cnico de Administra\u00e7\u00e3o e Finan\u00e7as<\/strong><ul><li>2 vagas &#8211; Administra\u00e7\u00e3o<\/li><li>1 vaga &#8211; Ci\u00eancias Cont\u00e1beis<\/li><\/ul><\/li><\/ul>\n\n\n\n<ul class=\"wp-block-list\"><li><strong>T\u00e9cnico do Registro Mercantil<\/strong><ul><li>5 vagas &#8211; Direito<\/li><li>2 vagas &#8211; T\u00e9cnico de Inform\u00e1tica do Registro Mercantil<\/li><\/ul><\/li><\/ul>\n\n\n\n<h2 class=\"wp-block-heading\" id=\"carreira\">Concurso JUCEPA: carreira<\/h2>\n\n\n\n<h3 class=\"wp-block-heading\" id=\"requisitos\">Requisitos <\/h3>\n\n\n\n<ul class=\"wp-block-list\"><li><strong>Assistente do Registro Mercantil: <\/strong>Certificado de conclus\u00e3o de curso de n\u00edvel m\u00e9dio expedido por institui\u00e7\u00e3o de ensino devidamente reconhecida por \u00f3rg\u00e3o competente.<\/li><li><strong>T\u00e9cnico de Administra\u00e7\u00e3o e Finan\u00e7as N\u00edvel I Classe A \u2013 Administra\u00e7\u00e3o: <\/strong>Diploma do curso de gradua\u00e7\u00e3o de n\u00edvel superior em Administra\u00e7\u00e3o expedido por institui\u00e7\u00e3o de ensino reconhecida pelo Minist\u00e9rio da Educa\u00e7\u00e3o. Habilita\u00e7\u00e3o Profissional: registro no \u00f3rg\u00e3o de classe.<\/li><li><strong>T\u00e9cnico de Administra\u00e7\u00e3o e Finan\u00e7as N\u00edvel I Classe A \u2013 Ci\u00eancias Cont\u00e1beis:<\/strong> Diploma do curso de gradua\u00e7\u00e3o de n\u00edvel superior em Ci\u00eancias Cont\u00e1beis expedido por institui\u00e7\u00e3o de ensino reconhecida pelo Minist\u00e9rio da Educa\u00e7\u00e3o. Habilita\u00e7\u00e3o Profissional: registro no \u00f3rg\u00e3o de classe.<\/li><li><strong>T\u00e9cnico do Registro Mercantil N\u00edvel I Classe A \u2013 Direito:<\/strong> Diploma do curso de gradua\u00e7\u00e3o de n\u00edvel superior em Direito expedido por institui\u00e7\u00e3o de ensino reconhecida pelo Minist\u00e9rio da Educa\u00e7\u00e3o. Habilita\u00e7\u00e3o Profissional: registro no \u00f3rg\u00e3o de classe.<\/li><li><strong>T\u00e9cnico em Inform\u00e1tica do Registro Mercantil N\u00edvel I Classe A:<\/strong> Diploma do curso de gradua\u00e7\u00e3o de n\u00edvel superior de Bacharel em Ci\u00eancias da Computa\u00e7\u00e3o ou Tecnologia de Processamentos de Dados expedido por institui\u00e7\u00e3o de ensino reconhecida pelo Minist\u00e9rio da Educa\u00e7\u00e3o.<\/li><\/ul>\n\n\n\n<h3 class=\"wp-block-heading\" id=\"atribu\">Atribui\u00e7\u00f5es<\/h3>\n\n\n\n<ul class=\"wp-block-list\"><li><strong>Assistente do Registro Mercantil: <\/strong>Realizar atividades de apoio nas esferas administrativa, tecnol\u00f3gica, organizacional ou de registro de empresas mercantis.<\/li><li><strong>T\u00e9cnico de Administra\u00e7\u00e3o e Finan\u00e7as N\u00edvel I Classe A \u2013 Administra\u00e7\u00e3o: <\/strong>Planejar, organizar, executar, monitorar e avaliar as atividades relacionadas \u00e0 gest\u00e3o de pessoas, material e patrim\u00f4nio, recursos log\u00edsticos, or\u00e7amento, finan\u00e7as, contabilidade, biblioteca, arquivo e dados estat\u00edsticos em conformidade com as metas de a\u00e7\u00e3o do \u00d3rg\u00e3o. Elaborar relat\u00f3rios e an\u00e1lises gerenciais; emitir pareceres sobre assuntos de sua compet\u00eancia e executar outras atividades correlatas \u00e0 sua \u00e1rea de atua\u00e7\u00e3o e de acordo com a sua forma\u00e7\u00e3o profissional. <strong>ADMINISTRA\u00c7\u00c3O<\/strong>: desenvolver atividades de supervis\u00e3o, programa\u00e7\u00e3o, coordena\u00e7\u00e3o de estudos, pesquisas, an\u00e1lise e projetos inerentes ao campo da administra\u00e7\u00e3o pessoal, material or\u00e7amento, organiza\u00e7\u00e3o e m\u00e9todos, e executar outras atividades correlatas \u00e0 sua \u00e1rea de atua\u00e7\u00e3o e de acordo com a sua forma\u00e7\u00e3o profissional.<\/li><li><strong>T\u00e9cnico de Administra\u00e7\u00e3o e Finan\u00e7as N\u00edvel I Classe A \u2013 Ci\u00eancias Cont\u00e1beis: <\/strong>Planejar, organizar, executar, monitorar e avaliar as atividades relacionadas \u00e0 gest\u00e3o de pessoas, material e patrim\u00f4nio, recursos log\u00edsticos, or\u00e7amento, finan\u00e7as, contabilidade, biblioteca, arquivo e dados estat\u00edsticos em conformidade com as metas de a\u00e7\u00e3o do \u00d3rg\u00e3o. Elaborar relat\u00f3rios e an\u00e1lises gerenciais; emitir pareceres sobre assuntos de sua compet\u00eancia e executar outras atividades correlatas \u00e0 sua \u00e1rea de atua\u00e7\u00e3o e de acordo com a sua forma\u00e7\u00e3o profissional. <\/li><li><strong>T\u00e9cnico do Registro Mercantil N\u00edvel I Classe A \u2013 Direito:<\/strong> Proferir decis\u00f5es singulares em atos do registro empresarial, realizar estudos e pesquisas sobre legisla\u00e7\u00e3o do registro empresarial e executar outras atividades correlatas \u00e0 sua \u00e1rea de atua\u00e7\u00e3o e de acordo com sua forma\u00e7\u00e3o profissional.<\/li><li><strong>T\u00e9cnico em Inform\u00e1tica do Registro Mercantil N\u00edvel I Classe A:<\/strong> Disponibilizar e sugerir recursos tecnol\u00f3gicos e conhecimento t\u00e9cnico para viabilizar e agilizar as atividades da JUCEPA; executar outras atividades correlatas \u00e0 sua \u00e1rea de atua\u00e7\u00e3o e de acordo com sua forma\u00e7\u00e3o profissional.<\/li><\/ul>\n\n\n\n<h2 class=\"wp-block-heading\" id=\"etapas\">Concurso JUCEPA: Etapas <\/h2>\n\n\n\n<ul class=\"wp-block-list\"><li><strong>1\u00aa Etapa \u2013&nbsp;<\/strong>Exame de Avalia\u00e7\u00e3o de Conhecimentos, com Prova Objetiva e Discursiva, de car\u00e1ter eliminat\u00f3rio e classificat\u00f3rio;<\/li><li><strong>2\u00aa Etapa \u2013&nbsp;<\/strong>Avalia\u00e7\u00e3o de T\u00edtulos, de car\u00e1ter classificat\u00f3rio, a ser realizada apenas para os cargos de N\u00edvel Superior.<\/li><\/ul>\n\n\n\n<h3 class=\"wp-block-heading\" id=\"objetiva\">Prova Objetiva<\/h3>\n\n\n\n<p>A Prova Objetiva e a Prova Discursiva tiveram a dura\u00e7\u00e3o de 5 horas. A etapa foi composta de 60 quest\u00f5es de m\u00faltipla escolha:<\/p>\n\n\n\n<h4 class=\"wp-block-heading\" id=\"h-cargos-de-nivel-medio\"><strong>Cargos de n\u00edvel m\u00e9dio<\/strong><\/h4>\n\n\n\n<div class=\"wp-block-image\"><figure class=\"aligncenter size-large\"><img loading=\"lazy\" decoding=\"async\" width=\"529\" height=\"183\" src=\"https:\/\/dhg1h5j42swfq.cloudfront.net\/2021\/08\/19071526\/image-391-1.png\" alt=\"provas Cargos de n\u00edvel m\u00e9dio concurso jucepa\" class=\"wp-image-840230\" srcset=\"https:\/\/dhg1h5j42swfq.cloudfront.net\/2021\/08\/19071526\/image-391-1.png 529w, https:\/\/dhg1h5j42swfq.cloudfront.net\/2021\/08\/19071526\/image-391-1-300x104.png 300w\" sizes=\"auto, (max-width: 529px) 100vw, 529px\" \/><\/figure><\/div>\n\n\n\n<h4 class=\"wp-block-heading\" id=\"h-tecnico-do-registro-mercantil-classe-a-nivel-i-direito\">T\u00e9cnico do Registro Mercantil Classe A N\u00edvel I \u2013 Direito<\/h4>\n\n\n\n<div class=\"wp-block-image\"><figure class=\"aligncenter size-large\"><img loading=\"lazy\" decoding=\"async\" width=\"532\" height=\"141\" src=\"https:\/\/dhg1h5j42swfq.cloudfront.net\/2021\/08\/19071608\/image-392-1.png\" alt=\"provas T\u00e9cnico do Registro Mercantil Classe A N\u00edvel I \u2013 Direito concurso jucepa\" class=\"wp-image-840231\" srcset=\"https:\/\/dhg1h5j42swfq.cloudfront.net\/2021\/08\/19071608\/image-392-1.png 532w, https:\/\/dhg1h5j42swfq.cloudfront.net\/2021\/08\/19071608\/image-392-1-300x80.png 300w\" sizes=\"auto, (max-width: 532px) 100vw, 532px\" \/><\/figure><\/div>\n\n\n\n<h4 class=\"wp-block-heading\" id=\"h-tecnico-de-informatica-do-registro-mercantil\">T\u00e9cnico de Inform\u00e1tica do Registro Mercantil<\/h4>\n\n\n\n<div class=\"wp-block-image\"><figure class=\"aligncenter size-large\"><img loading=\"lazy\" decoding=\"async\" width=\"532\" height=\"137\" src=\"https:\/\/dhg1h5j42swfq.cloudfront.net\/2021\/08\/19071649\/image-393-1.png\" alt=\"provas T\u00e9cnico de Inform\u00e1tica do Registro Mercantil concurso jucepa\" class=\"wp-image-840232\" srcset=\"https:\/\/dhg1h5j42swfq.cloudfront.net\/2021\/08\/19071649\/image-393-1.png 532w, https:\/\/dhg1h5j42swfq.cloudfront.net\/2021\/08\/19071649\/image-393-1-300x77.png 300w\" sizes=\"auto, (max-width: 532px) 100vw, 532px\" \/><\/figure><\/div>\n\n\n\n<p>Para cada quest\u00e3o, existiram 04 alternativas de resposta (A,B, C e D), da qual apenas uma foi a correta, de acordo com o comando da quest\u00e3o.<\/p>\n\n\n\n<ul class=\"wp-block-list\"><li><strong><em><a href=\"https:\/\/www.estrategiaconcursos.com.br\/blog\/o-que-e-nota-de-corte\/\" target=\"_blank\" rel=\"noreferrer noopener\">Voc\u00ea sabe o que \u00e9 nota de corte? Confira o que \u00e9 para que serve!<\/a><\/em><\/strong><\/li><\/ul>\n\n\n\n<h3 class=\"wp-block-heading\" id=\"discursiva\">Prova Discursiva<\/h3>\n\n\n\n<p>A Prova Discursiva foi aplicada no mesmo dia, turno e dentro dos prazos de dura\u00e7\u00e3o previstos para a realiza\u00e7\u00e3o da Prova Objetiva.<\/p>\n\n\n\n<p>Esta etapa consistiu na elabora\u00e7\u00e3o de texto dissertativo e (ou) argumentativo, com extens\u00e3o m\u00ednima de 20 linhas e m\u00e1xima de 30 linhas, com base em tema formulado pela banca examinadora.<\/p>\n\n\n\n<h3 class=\"wp-block-heading\" id=\"titulos\">Avalia\u00e7\u00e3o de T\u00edtulos<\/h3>\n\n\n\n<p>A documenta\u00e7\u00e3o comprobat\u00f3ria para obten\u00e7\u00e3o de pontos na Prova de T\u00edtulos seguiu os seguintes crit\u00e9rios:<\/p>\n\n\n\n<div class=\"wp-block-image\"><figure class=\"aligncenter size-full\"><img loading=\"lazy\" decoding=\"async\" width=\"704\" height=\"199\" src=\"https:\/\/dhg1h5j42swfq.cloudfront.net\/2022\/02\/15114227\/image-295.png\" alt=\"\" class=\"wp-image-969406\" srcset=\"https:\/\/dhg1h5j42swfq.cloudfront.net\/2022\/02\/15114227\/image-295.png 704w, https:\/\/dhg1h5j42swfq.cloudfront.net\/2022\/02\/15114227\/image-295-300x85.png 300w, https:\/\/dhg1h5j42swfq.cloudfront.net\/2022\/02\/15114227\/image-295-610x172.png 610w\" sizes=\"auto, (max-width: 704px) 100vw, 704px\" \/><\/figure><\/div>\n\n\n\n<h2 class=\"wp-block-heading\" id=\"estrategico\">Edital Estrat\u00e9gico JUCEPA: baixe gratuitamente<\/h2>\n\n\n\n<p><strong>O que \u00e9 o Edital Estrat\u00e9gico?<\/strong>&nbsp;Trata-se de uma planilha com recursos para ajud\u00e1-los no registro das diferentes tarefas de estudo: teoria, revis\u00e3o e exerc\u00edcios. O registro de cada tarefa ser\u00e1 feito para cada assunto exigido no conte\u00fado program\u00e1tico do edital.<\/p>\n\n\n\n<ul class=\"wp-block-list\"><li><a href=\"https:\/\/docs.google.com\/spreadsheets\/d\/1Otn-bhHvMRBwpKBc7fb5ZivpYSW2K4AE\/edit?usp=sharing&amp;ouid=117192946593289605908&amp;rtpof=true&amp;sd=true\" target=\"_blank\" rel=\"noreferrer noopener\">Assiste do Registro Mercantil<\/a><\/li><li><a href=\"https:\/\/docs.google.com\/spreadsheets\/d\/1xyjKLVvYR7M0kS_9ZsC-2Pc-jXrdREMy\/edit?usp=sharing&amp;ouid=117192946593289605908&amp;rtpof=true&amp;sd=true\" target=\"_blank\" rel=\"noreferrer noopener\">T\u00e9cnico de Administra\u00e7\u00e3o e Finan\u00e7as &#8211; Ci\u00eancias Cont\u00e1beis<\/a><\/li><li><a href=\"https:\/\/docs.google.com\/spreadsheets\/d\/1xkItJi7JxfJX4UakQXiVMUtR8WNxpE6X\/edit?usp=sharing&amp;ouid=117192946593289605908&amp;rtpof=true&amp;sd=true\" target=\"_blank\" rel=\"noreferrer noopener\">T\u00e9cnico de Administra\u00e7\u00e3o e Finan\u00e7as &#8211; Administra\u00e7\u00e3o<\/a><\/li><li><a href=\"https:\/\/docs.google.com\/spreadsheets\/d\/1KdKK1XN2GVak9a9kSPMsXUgN8fl_oNns\/edit?usp=sharing&amp;rtpof=true&amp;sd=true\" target=\"_blank\" rel=\"noreferrer noopener\">T\u00e9cnico do Registro Mercantil &#8211; Direito<\/a><\/li><li><a href=\"https:\/\/docs.google.com\/spreadsheets\/d\/1fky9gA_8F1dkO5M42fPa-NC0XC511hXt\/edit?usp=sharing&amp;ouid=117192946593289605908&amp;rtpof=true&amp;sd=true\" target=\"_blank\" rel=\"noreferrer noopener\">T\u00e9cnico do Registro Mercantil &#8211; Inform\u00e1tica<\/a><\/li><\/ul>\n\n\n\n<hr class=\"wp-block-separator\"\/>\n\n\n\n<h2 class=\"has-text-align-center wp-block-heading\" id=\"cursos\">Quer estudar para o concurso JUCEPA?<\/h2>\n\n\n\n<div class=\"container\" id=\"boxes\">\n  <div class=\"row\">\n\n    <div class=\"col-sm\">\n      <div class=\"banner-estrategia\" id=\"box-assinatura\">\n        <h3 class=\"titulo-assinatura\">Concurso JUCEPA<\/h3>\n        <p class=\"subtitulo-assinatura\">Cursos para concursos<\/p>\n        <div class=\"box-botao\">\n          <a class=\"btn-assinatura\" target=\"_blank\" href=\"https:\/\/www.estrategiaconcursos.com.br\/cursosPorConcurso\/junta-comercial-do-estado-do-para-jucepa\/\" role=\"button\" rel=\"noopener noreferrer\">Conhe\u00e7a mais<\/a>\n        <\/div>\n      <\/div>\n     \n    <\/div>\n\n  <\/div>\n<\/div>\n\n\n\n<div class=\"container\" id=\"boxes\">\n  <div class=\"row\">\n\n    <div class=\"col-sm\">\n      <div class=\"estrategia\" id=\"box-assinatura\">\n        <h3 class=\"titulo-assinatura\">Assinatura Concursos<\/h3>\n        <p class=\"subtitulo-assinatura\">Assinatura de 1 ano ou 2 anos<\/p>\n        <div class=\"box-botao\">\n          <a class=\"btn-assinatura\" target=\"_blank\" href=\"https:\/\/www.estrategiaconcursos.com.br\/assinaturas\/\" role=\"button\" rel=\"noopener noreferrer\">ASSINE AGORA<\/a>\n        <\/div>\n      <\/div><\/div><\/div><\/div>\n\n\n\n<h2 class=\"has-text-align-center wp-block-heading\" id=\"quer-saber-tudo-sobre-concursos-previstos-confira-nossos-artigos\">Quer saber tudo sobre concursos previstos?<br \/>Confira nossos artigos!<\/h2>\n\n\n\n<ul class=\"wp-block-list\"><li><a target=\"_blank\" href=\"https:\/\/www.estrategiaconcursos.com.br\/blog\/concursos-abertos\/\" rel=\"noreferrer noopener\">Concursos abertos<\/a><\/li><li><a target=\"_blank\" href=\"https:\/\/www.estrategiaconcursos.com.br\/blog\/concursos-2022\/\" rel=\"noreferrer noopener\">Concursos 2022<\/a><\/li><\/ul>\n\n\n\n<figure class=\"wp-block-image is-resized\"><img loading=\"lazy\" decoding=\"async\" src=\"https:\/\/dhg1h5j42swfq.cloudfront.net\/2021\/03\/29085852\/ficha-tecnica-2-1024x632.png\" alt=\"Ficha t\u00e9cnica \" width=\"265\" height=\"163\"\/><\/figure>\n\n\n\n<h3 class=\"wp-block-heading\" id=\"ficha-tecnica\"><strong>Informa\u00e7\u00f5es do pr\u00f3ximo concurso JUCEPA <\/strong><\/h3>\n\n\n\n<ul class=\"wp-block-list\"><li><strong style=\"color: initial;\">Ano: <\/strong><span style=\"color: initial;\">2021<\/span><\/li><li><strong>Vagas<\/strong>: 15 + CR<\/li><li><strong>Cargos<\/strong>: T\u00e9cnico de Administra\u00e7\u00e3o e Finan\u00e7as; T\u00e9cnico do Registro Mercantil; Assistente do Registro Mercantil<\/li><li><strong>Escolaridade<\/strong>: N\u00edveis m\u00e9dio e superior<\/li><li><strong>Banca<\/strong>: Funda\u00e7\u00e3o CETAP<\/li><li><strong>Edital: <\/strong><a href=\"https:\/\/dhg1h5j42swfq.cloudfront.net\/2021\/08\/19065510\/2021-08-19-doe-11-25.pdf\" target=\"_blank\" rel=\"noreferrer noopener nofollow\">Edital JUCEPA 2021<\/a> | <a href=\"https:\/\/dhg1h5j42swfq.cloudfront.net\/2021\/08\/26072116\/2021-08-26-doe-paginas-11-12-1.pdf\" target=\"_blank\" rel=\"noreferrer noopener nofollow\">Retifica\u00e7\u00e3o<\/a><\/li><\/ul>\n","protected":false},"excerpt":{"rendered":"<p>Os 15 candidatos aprovados nas vagas imediatas do concurso da Junta Comercial do Estado do Par\u00e1 (JUCEPA) j\u00e1 tomaram posse. A cerim\u00f4nia de nomea\u00e7\u00e3o aconteceu no dia 23 de mar\u00e7o, no Pal\u00e1cio dos Despachos, em Bel\u00e9m. \u00a0 \u201cN\u00f3s tomamos a decis\u00e3o de valorizar a escolha do servidor p\u00fablico efetivo como colaborador e patrim\u00f4nio estrat\u00e9gico do [&hellip;]<\/p>\n","protected":false},"author":1,"featured_media":704509,"comment_status":"open","ping_status":"closed","sticky":false,"template":"","format":"standard","meta":{"post_tipo":"news_page","footnotes":""},"categories":[214992],"tags":[],"tax_estado":[219977],"class_list":["post-615593","post","type-post","status-publish","format-standard","has-post-thumbnail","hentry","category-concursos-administrativos","tax_estado-pa"],"acf":[],"yoast_head":"<!-- This site is optimized with the Yoast SEO Premium plugin v27.2 (Yoast SEO v27.2) - https:\/\/yoast.com\/product\/yoast-seo-premium-wordpress\/ -->\n<title>Concurso JUCEPA: 15 aprovados s\u00e3o nomeados!<\/title>\n<meta name=\"description\" content=\"Concurso JUCEPA: Sele\u00e7\u00e3o \u00e9 homologada e segue v\u00e1lida at\u00e9 mar\u00e7o de 2024. Foram ofertadas 15 vagas + CR. Veja os detalhes!\" \/>\n<meta name=\"robots\" content=\"index, follow, max-snippet:-1, max-image-preview:large, max-video-preview:-1\" \/>\n<link rel=\"canonical\" href=\"https:\/\/www.estrategiaconcursos.com.br\/blog\/concurso-jucepa\/\" \/>\n<meta property=\"og:locale\" content=\"pt_BR\" \/>\n<meta property=\"og:type\" content=\"article\" \/>\n<meta property=\"og:title\" content=\"Concurso JUCEPA: 15 aprovados s\u00e3o nomeados!\" \/>\n<meta property=\"og:description\" content=\"Concurso JUCEPA: Sele\u00e7\u00e3o \u00e9 homologada e segue v\u00e1lida at\u00e9 mar\u00e7o de 2024. Foram ofertadas 15 vagas + CR. Veja os detalhes!\" \/>\n<meta property=\"og:url\" content=\"https:\/\/www.estrategiaconcursos.com.br\/blog\/concurso-jucepa\/\" \/>\n<meta property=\"og:site_name\" content=\"Estrat\u00e9gia Concursos\" \/>\n<meta property=\"article:author\" content=\"https:\/\/www.facebook.com\/EstrategiaConcursos\" \/>\n<meta property=\"article:published_time\" content=\"2022-03-24T19:38:00+00:00\" \/>\n<meta property=\"article:modified_time\" content=\"2022-03-24T19:38:56+00:00\" \/>\n<meta property=\"og:image\" content=\"https:\/\/dhg1h5j42swfq.cloudfront.net\/2021\/03\/30113547\/jucepa.jpg\" \/>\n\t<meta property=\"og:image:width\" content=\"1200\" \/>\n\t<meta property=\"og:image:height\" content=\"628\" \/>\n\t<meta property=\"og:image:type\" content=\"image\/jpeg\" \/>\n<meta name=\"author\" content=\"Coordena\u00e7\u00e3o\" \/>\n<meta name=\"twitter:card\" content=\"summary_large_image\" \/>\n<meta name=\"twitter:creator\" content=\"@EstratConcursos\" \/>\n<meta name=\"twitter:site\" content=\"@EstratConcursos\" \/>\n<meta name=\"twitter:label1\" content=\"Escrito por\" \/>\n\t<meta name=\"twitter:data1\" content=\"Coordena\u00e7\u00e3o\" \/>\n\t<meta name=\"twitter:label2\" content=\"Est. tempo de leitura\" \/>\n\t<meta name=\"twitter:data2\" content=\"8 minutos\" \/>\n<script type=\"application\/ld+json\" class=\"yoast-schema-graph\">{\"@context\":\"https:\/\/schema.org\",\"@graph\":[{\"@type\":\"NewsArticle\",\"@id\":\"https:\/\/www.estrategiaconcursos.com.br\/blog\/concurso-jucepa\/#article\",\"isPartOf\":{\"@id\":\"https:\/\/www.estrategiaconcursos.com.br\/blog\/concurso-jucepa\/\"},\"author\":{\"name\":\"Coordena\u00e7\u00e3o\",\"@id\":\"https:\/\/www.estrategiaconcursos.com.br\/blog\/#\/schema\/person\/b4a388c97673c5f483d72185668afa1f\"},\"headline\":\"Concurso JUCEPA: 15 aprovados s\u00e3o nomeados!\",\"datePublished\":\"2022-03-24T19:38:00+00:00\",\"dateModified\":\"2022-03-24T19:38:56+00:00\",\"mainEntityOfPage\":{\"@id\":\"https:\/\/www.estrategiaconcursos.com.br\/blog\/concurso-jucepa\/\"},\"wordCount\":1439,\"commentCount\":0,\"publisher\":{\"@id\":\"https:\/\/www.estrategiaconcursos.com.br\/blog\/#organization\"},\"image\":{\"@id\":\"https:\/\/www.estrategiaconcursos.com.br\/blog\/concurso-jucepa\/#primaryimage\"},\"thumbnailUrl\":\"https:\/\/dhg1h5j42swfq.cloudfront.net\/2021\/03\/30113547\/jucepa.jpg\",\"articleSection\":[\"Executivo (Administrativa)\"],\"inLanguage\":\"pt-BR\",\"potentialAction\":[{\"@type\":\"CommentAction\",\"name\":\"Comment\",\"target\":[\"https:\/\/www.estrategiaconcursos.com.br\/blog\/concurso-jucepa\/#respond\"]}],\"copyrightYear\":\"2022\",\"copyrightHolder\":{\"@id\":\"https:\/\/www.estrategiaconcursos.com.br\/blog\/#organization\"}},{\"@type\":\"WebPage\",\"@id\":\"https:\/\/www.estrategiaconcursos.com.br\/blog\/concurso-jucepa\/\",\"url\":\"https:\/\/www.estrategiaconcursos.com.br\/blog\/concurso-jucepa\/\",\"name\":\"Concurso JUCEPA: 15 aprovados s\u00e3o nomeados!\",\"isPartOf\":{\"@id\":\"https:\/\/www.estrategiaconcursos.com.br\/blog\/#website\"},\"primaryImageOfPage\":{\"@id\":\"https:\/\/www.estrategiaconcursos.com.br\/blog\/concurso-jucepa\/#primaryimage\"},\"image\":{\"@id\":\"https:\/\/www.estrategiaconcursos.com.br\/blog\/concurso-jucepa\/#primaryimage\"},\"thumbnailUrl\":\"https:\/\/dhg1h5j42swfq.cloudfront.net\/2021\/03\/30113547\/jucepa.jpg\",\"datePublished\":\"2022-03-24T19:38:00+00:00\",\"dateModified\":\"2022-03-24T19:38:56+00:00\",\"description\":\"Concurso JUCEPA: Sele\u00e7\u00e3o \u00e9 homologada e segue v\u00e1lida at\u00e9 mar\u00e7o de 2024. Foram ofertadas 15 vagas + CR. Veja os detalhes!\",\"breadcrumb\":{\"@id\":\"https:\/\/www.estrategiaconcursos.com.br\/blog\/concurso-jucepa\/#breadcrumb\"},\"inLanguage\":\"pt-BR\",\"potentialAction\":[{\"@type\":\"ReadAction\",\"target\":[\"https:\/\/www.estrategiaconcursos.com.br\/blog\/concurso-jucepa\/\"]}]},{\"@type\":\"ImageObject\",\"inLanguage\":\"pt-BR\",\"@id\":\"https:\/\/www.estrategiaconcursos.com.br\/blog\/concurso-jucepa\/#primaryimage\",\"url\":\"https:\/\/dhg1h5j42swfq.cloudfront.net\/2021\/03\/30113547\/jucepa.jpg\",\"contentUrl\":\"https:\/\/dhg1h5j42swfq.cloudfront.net\/2021\/03\/30113547\/jucepa.jpg\",\"width\":1200,\"height\":628,\"caption\":\"Concurso JUCEPA t\u00edtulos\"},{\"@type\":\"BreadcrumbList\",\"@id\":\"https:\/\/www.estrategiaconcursos.com.br\/blog\/concurso-jucepa\/#breadcrumb\",\"itemListElement\":[{\"@type\":\"ListItem\",\"position\":1,\"name\":\"In\u00edcio\",\"item\":\"https:\/\/www.estrategiaconcursos.com.br\/blog\/\"},{\"@type\":\"ListItem\",\"position\":2,\"name\":\"Concurso JUCEPA: 15 aprovados s\u00e3o nomeados!\"}]},{\"@type\":\"WebSite\",\"@id\":\"https:\/\/www.estrategiaconcursos.com.br\/blog\/#website\",\"url\":\"https:\/\/www.estrategiaconcursos.com.br\/blog\/\",\"name\":\"Estrat\u00e9gia Concursos\",\"description\":\"O blog da Estrat\u00e9gia Concursos traz not\u00edcias sobre concursos e artigos de professores oferecendo cursos para concursos (pdf + videaulas) no site.\",\"publisher\":{\"@id\":\"https:\/\/www.estrategiaconcursos.com.br\/blog\/#organization\"},\"potentialAction\":[{\"@type\":\"SearchAction\",\"target\":{\"@type\":\"EntryPoint\",\"urlTemplate\":\"https:\/\/www.estrategiaconcursos.com.br\/blog\/?s={search_term_string}\"},\"query-input\":{\"@type\":\"PropertyValueSpecification\",\"valueRequired\":true,\"valueName\":\"search_term_string\"}}],\"inLanguage\":\"pt-BR\"},{\"@type\":\"Organization\",\"@id\":\"https:\/\/www.estrategiaconcursos.com.br\/blog\/#organization\",\"name\":\"Estrat\u00e9gia Concursos\",\"url\":\"https:\/\/www.estrategiaconcursos.com.br\/blog\/\",\"logo\":{\"@type\":\"ImageObject\",\"inLanguage\":\"pt-BR\",\"@id\":\"https:\/\/www.estrategiaconcursos.com.br\/blog\/#\/schema\/logo\/image\/\",\"url\":\"https:\/\/dhg1h5j42swfq.cloudfront.net\/2025\/06\/03203428\/logo_concursos-1.jpg\",\"contentUrl\":\"https:\/\/dhg1h5j42swfq.cloudfront.net\/2025\/06\/03203428\/logo_concursos-1.jpg\",\"width\":230,\"height\":60,\"caption\":\"Estrat\u00e9gia Concursos\"},\"image\":{\"@id\":\"https:\/\/www.estrategiaconcursos.com.br\/blog\/#\/schema\/logo\/image\/\"},\"sameAs\":[\"https:\/\/x.com\/EstratConcursos\"]},{\"@type\":\"Person\",\"@id\":\"https:\/\/www.estrategiaconcursos.com.br\/blog\/#\/schema\/person\/b4a388c97673c5f483d72185668afa1f\",\"name\":\"Coordena\u00e7\u00e3o\",\"image\":{\"@type\":\"ImageObject\",\"inLanguage\":\"pt-BR\",\"@id\":\"https:\/\/secure.gravatar.com\/avatar\/b720319e4c9a967eb58678d110f4fe35452fc5d5f97b202bac7b8acceb18c6ad?s=96&d=mm&r=g\",\"url\":\"https:\/\/secure.gravatar.com\/avatar\/b720319e4c9a967eb58678d110f4fe35452fc5d5f97b202bac7b8acceb18c6ad?s=96&d=mm&r=g\",\"contentUrl\":\"https:\/\/secure.gravatar.com\/avatar\/b720319e4c9a967eb58678d110f4fe35452fc5d5f97b202bac7b8acceb18c6ad?s=96&d=mm&r=g\",\"caption\":\"Coordena\u00e7\u00e3o\"},\"sameAs\":[\"https:\/\/www.facebook.com\/EstrategiaConcursos\",\"https:\/\/x.com\/EstratConcursos\"],\"url\":\"https:\/\/www.estrategiaconcursos.com.br\/blog\/author\/estrategia2013\/\"}]}<\/script>\n<!-- \/ Yoast SEO Premium plugin. -->","yoast_head_json":{"title":"Concurso JUCEPA: 15 aprovados s\u00e3o nomeados!","description":"Concurso JUCEPA: Sele\u00e7\u00e3o \u00e9 homologada e segue v\u00e1lida at\u00e9 mar\u00e7o de 2024. Foram ofertadas 15 vagas + CR. Veja os detalhes!","robots":{"index":"index","follow":"follow","max-snippet":"max-snippet:-1","max-image-preview":"max-image-preview:large","max-video-preview":"max-video-preview:-1"},"canonical":"https:\/\/www.estrategiaconcursos.com.br\/blog\/concurso-jucepa\/","og_locale":"pt_BR","og_type":"article","og_title":"Concurso JUCEPA: 15 aprovados s\u00e3o nomeados!","og_description":"Concurso JUCEPA: Sele\u00e7\u00e3o \u00e9 homologada e segue v\u00e1lida at\u00e9 mar\u00e7o de 2024. Foram ofertadas 15 vagas + CR. Veja os detalhes!","og_url":"https:\/\/www.estrategiaconcursos.com.br\/blog\/concurso-jucepa\/","og_site_name":"Estrat\u00e9gia Concursos","article_author":"https:\/\/www.facebook.com\/EstrategiaConcursos","article_published_time":"2022-03-24T19:38:00+00:00","article_modified_time":"2022-03-24T19:38:56+00:00","og_image":[{"width":1200,"height":628,"url":"https:\/\/dhg1h5j42swfq.cloudfront.net\/2021\/03\/30113547\/jucepa.jpg","type":"image\/jpeg"}],"author":"Coordena\u00e7\u00e3o","twitter_card":"summary_large_image","twitter_creator":"@EstratConcursos","twitter_site":"@EstratConcursos","twitter_misc":{"Escrito por":"Coordena\u00e7\u00e3o","Est. tempo de leitura":"8 minutos"},"schema":{"@context":"https:\/\/schema.org","@graph":[{"@type":"NewsArticle","@id":"https:\/\/www.estrategiaconcursos.com.br\/blog\/concurso-jucepa\/#article","isPartOf":{"@id":"https:\/\/www.estrategiaconcursos.com.br\/blog\/concurso-jucepa\/"},"author":{"name":"Coordena\u00e7\u00e3o","@id":"https:\/\/www.estrategiaconcursos.com.br\/blog\/#\/schema\/person\/b4a388c97673c5f483d72185668afa1f"},"headline":"Concurso JUCEPA: 15 aprovados s\u00e3o nomeados!","datePublished":"2022-03-24T19:38:00+00:00","dateModified":"2022-03-24T19:38:56+00:00","mainEntityOfPage":{"@id":"https:\/\/www.estrategiaconcursos.com.br\/blog\/concurso-jucepa\/"},"wordCount":1439,"commentCount":0,"publisher":{"@id":"https:\/\/www.estrategiaconcursos.com.br\/blog\/#organization"},"image":{"@id":"https:\/\/www.estrategiaconcursos.com.br\/blog\/concurso-jucepa\/#primaryimage"},"thumbnailUrl":"https:\/\/dhg1h5j42swfq.cloudfront.net\/2021\/03\/30113547\/jucepa.jpg","articleSection":["Executivo (Administrativa)"],"inLanguage":"pt-BR","potentialAction":[{"@type":"CommentAction","name":"Comment","target":["https:\/\/www.estrategiaconcursos.com.br\/blog\/concurso-jucepa\/#respond"]}],"copyrightYear":"2022","copyrightHolder":{"@id":"https:\/\/www.estrategiaconcursos.com.br\/blog\/#organization"}},{"@type":"WebPage","@id":"https:\/\/www.estrategiaconcursos.com.br\/blog\/concurso-jucepa\/","url":"https:\/\/www.estrategiaconcursos.com.br\/blog\/concurso-jucepa\/","name":"Concurso JUCEPA: 15 aprovados s\u00e3o nomeados!","isPartOf":{"@id":"https:\/\/www.estrategiaconcursos.com.br\/blog\/#website"},"primaryImageOfPage":{"@id":"https:\/\/www.estrategiaconcursos.com.br\/blog\/concurso-jucepa\/#primaryimage"},"image":{"@id":"https:\/\/www.estrategiaconcursos.com.br\/blog\/concurso-jucepa\/#primaryimage"},"thumbnailUrl":"https:\/\/dhg1h5j42swfq.cloudfront.net\/2021\/03\/30113547\/jucepa.jpg","datePublished":"2022-03-24T19:38:00+00:00","dateModified":"2022-03-24T19:38:56+00:00","description":"Concurso JUCEPA: Sele\u00e7\u00e3o \u00e9 homologada e segue v\u00e1lida at\u00e9 mar\u00e7o de 2024. Foram ofertadas 15 vagas + CR. Veja os detalhes!","breadcrumb":{"@id":"https:\/\/www.estrategiaconcursos.com.br\/blog\/concurso-jucepa\/#breadcrumb"},"inLanguage":"pt-BR","potentialAction":[{"@type":"ReadAction","target":["https:\/\/www.estrategiaconcursos.com.br\/blog\/concurso-jucepa\/"]}]},{"@type":"ImageObject","inLanguage":"pt-BR","@id":"https:\/\/www.estrategiaconcursos.com.br\/blog\/concurso-jucepa\/#primaryimage","url":"https:\/\/dhg1h5j42swfq.cloudfront.net\/2021\/03\/30113547\/jucepa.jpg","contentUrl":"https:\/\/dhg1h5j42swfq.cloudfront.net\/2021\/03\/30113547\/jucepa.jpg","width":1200,"height":628,"caption":"Concurso JUCEPA t\u00edtulos"},{"@type":"BreadcrumbList","@id":"https:\/\/www.estrategiaconcursos.com.br\/blog\/concurso-jucepa\/#breadcrumb","itemListElement":[{"@type":"ListItem","position":1,"name":"In\u00edcio","item":"https:\/\/www.estrategiaconcursos.com.br\/blog\/"},{"@type":"ListItem","position":2,"name":"Concurso JUCEPA: 15 aprovados s\u00e3o nomeados!"}]},{"@type":"WebSite","@id":"https:\/\/www.estrategiaconcursos.com.br\/blog\/#website","url":"https:\/\/www.estrategiaconcursos.com.br\/blog\/","name":"Estrat\u00e9gia Concursos","description":"O blog da Estrat\u00e9gia Concursos traz not\u00edcias sobre concursos e artigos de professores oferecendo cursos para concursos (pdf + videaulas) no site.","publisher":{"@id":"https:\/\/www.estrategiaconcursos.com.br\/blog\/#organization"},"potentialAction":[{"@type":"SearchAction","target":{"@type":"EntryPoint","urlTemplate":"https:\/\/www.estrategiaconcursos.com.br\/blog\/?s={search_term_string}"},"query-input":{"@type":"PropertyValueSpecification","valueRequired":true,"valueName":"search_term_string"}}],"inLanguage":"pt-BR"},{"@type":"Organization","@id":"https:\/\/www.estrategiaconcursos.com.br\/blog\/#organization","name":"Estrat\u00e9gia Concursos","url":"https:\/\/www.estrategiaconcursos.com.br\/blog\/","logo":{"@type":"ImageObject","inLanguage":"pt-BR","@id":"https:\/\/www.estrategiaconcursos.com.br\/blog\/#\/schema\/logo\/image\/","url":"https:\/\/dhg1h5j42swfq.cloudfront.net\/2025\/06\/03203428\/logo_concursos-1.jpg","contentUrl":"https:\/\/dhg1h5j42swfq.cloudfront.net\/2025\/06\/03203428\/logo_concursos-1.jpg","width":230,"height":60,"caption":"Estrat\u00e9gia Concursos"},"image":{"@id":"https:\/\/www.estrategiaconcursos.com.br\/blog\/#\/schema\/logo\/image\/"},"sameAs":["https:\/\/x.com\/EstratConcursos"]},{"@type":"Person","@id":"https:\/\/www.estrategiaconcursos.com.br\/blog\/#\/schema\/person\/b4a388c97673c5f483d72185668afa1f","name":"Coordena\u00e7\u00e3o","image":{"@type":"ImageObject","inLanguage":"pt-BR","@id":"https:\/\/secure.gravatar.com\/avatar\/b720319e4c9a967eb58678d110f4fe35452fc5d5f97b202bac7b8acceb18c6ad?s=96&d=mm&r=g","url":"https:\/\/secure.gravatar.com\/avatar\/b720319e4c9a967eb58678d110f4fe35452fc5d5f97b202bac7b8acceb18c6ad?s=96&d=mm&r=g","contentUrl":"https:\/\/secure.gravatar.com\/avatar\/b720319e4c9a967eb58678d110f4fe35452fc5d5f97b202bac7b8acceb18c6ad?s=96&d=mm&r=g","caption":"Coordena\u00e7\u00e3o"},"sameAs":["https:\/\/www.facebook.com\/EstrategiaConcursos","https:\/\/x.com\/EstratConcursos"],"url":"https:\/\/www.estrategiaconcursos.com.br\/blog\/author\/estrategia2013\/"}]}},"_links":{"self":[{"href":"https:\/\/www.estrategiaconcursos.com.br\/blog\/wp-json\/wp\/v2\/posts\/615593","targetHints":{"allow":["GET"]}}],"collection":[{"href":"https:\/\/www.estrategiaconcursos.com.br\/blog\/wp-json\/wp\/v2\/posts"}],"about":[{"href":"https:\/\/www.estrategiaconcursos.com.br\/blog\/wp-json\/wp\/v2\/types\/post"}],"author":[{"embeddable":true,"href":"https:\/\/www.estrategiaconcursos.com.br\/blog\/wp-json\/wp\/v2\/users\/1"}],"replies":[{"embeddable":true,"href":"https:\/\/www.estrategiaconcursos.com.br\/blog\/wp-json\/wp\/v2\/comments?post=615593"}],"version-history":[{"count":138,"href":"https:\/\/www.estrategiaconcursos.com.br\/blog\/wp-json\/wp\/v2\/posts\/615593\/revisions"}],"predecessor-version":[{"id":994270,"href":"https:\/\/www.estrategiaconcursos.com.br\/blog\/wp-json\/wp\/v2\/posts\/615593\/revisions\/994270"}],"wp:featuredmedia":[{"embeddable":true,"href":"https:\/\/www.estrategiaconcursos.com.br\/blog\/wp-json\/wp\/v2\/media\/704509"}],"wp:attachment":[{"href":"https:\/\/www.estrategiaconcursos.com.br\/blog\/wp-json\/wp\/v2\/media?parent=615593"}],"wp:term":[{"taxonomy":"category","embeddable":true,"href":"https:\/\/www.estrategiaconcursos.com.br\/blog\/wp-json\/wp\/v2\/categories?post=615593"},{"taxonomy":"post_tag","embeddable":true,"href":"https:\/\/www.estrategiaconcursos.com.br\/blog\/wp-json\/wp\/v2\/tags?post=615593"},{"taxonomy":"tax_estado","embeddable":true,"href":"https:\/\/www.estrategiaconcursos.com.br\/blog\/wp-json\/wp\/v2\/tax_estado?post=615593"}],"curies":[{"name":"wp","href":"https:\/\/api.w.org\/{rel}","templated":true}]}}