{"id":61548,"date":"2017-02-11T12:45:07","date_gmt":"2017-02-11T15:45:07","guid":{"rendered":"https:\/\/www.estrategiaconcursos.com.br\/blog\/?p=61548"},"modified":"2022-01-22T10:34:04","modified_gmt":"2022-01-22T13:34:04","slug":"edital-susepe-rs","status":"publish","type":"post","link":"https:\/\/www.estrategiaconcursos.com.br\/blog\/edital-susepe-rs\/","title":{"rendered":"Edital SUSEPE RS publicado! Saiba todas as informa\u00e7\u00f5es sobre o concurso"},"content":{"rendered":"<p style=\"text-align: justify\">\n\t<img loading=\"lazy\" decoding=\"async\" width=\"316\" height=\"164\" alt=\"edital SUSEPE RS\" class=\"size-full wp-image-61550 alignleft\" src=\"https:\/\/dhg1h5j42swfq.cloudfront.net\/2017\/01\/17125131\/Adinoel-SUSEPER_RS-logo.png\" style=\"width: 200px;height: 104px\" title=\"\" srcset=\"https:\/\/dhg1h5j42swfq.cloudfront.net\/2017\/01\/17125131\/Adinoel-SUSEPER_RS-logo.png 316w, https:\/\/dhg1h5j42swfq.cloudfront.net\/2017\/01\/17125131\/Adinoel-SUSEPER_RS-logo.png 300w\" sizes=\"auto, (max-width: 316px) 100vw, 316px\" \/>O <em><span style=\"color:#0000FF\"><strong>edital&nbsp;SUSEPE RS<\/strong><\/span><\/em>&nbsp;j\u00e1 publicado prev\u00ea a <span style=\"color:#0000FF\">contrata\u00e7\u00e3o de centenas de servidores<\/span>. Neste artigo, voc\u00ea encontrar\u00e1 informa\u00e7\u00f5es sobre n\u00famero de vagas, remunera\u00e7\u00e3o, requisitos, etc.<\/p>\n<p style=\"text-align: justify\">\n\tA Superintend\u00eancia dos Servi\u00e7os Penitenci\u00e1rios do Rio Grande do Sul (SUSEPE RS), al\u00e9m da contrata\u00e7\u00e3o de servidores, tamb\u00e9m est\u00e1 prevendo em seu edital <span style=\"color:#0000FF\">Cadastro de Reservas<\/span>.<\/p>\n<p style=\"text-align: justify\">\n\tA SUSEPE RS,&nbsp; subordinada \u00e0 Secretaria da Seguran\u00e7a P\u00fablica do Rio Grande do Sul, \u00e9 o \u00f3rg\u00e3o estadual respons\u00e1vel pela execu\u00e7\u00e3o administrativa das penas privativas de liberdade e das medidas de seguran\u00e7a.<\/p>\n<hr \/>\n<h3>\n\t&nbsp;<\/h3>\n<h3>\n\tEdital SUSEPE RS 2017 &#8211; Banca Organizadora do Concurso<\/h3>\n<p>O concurso SUSEPE RS 2017 vai ser organizado pela Funda\u00e7\u00e3o La Salle.<\/p>\n<hr \/>\n<h3>\n\tEdital SUSEPE RS 2017 &#8211; Inscri\u00e7\u00f5es<\/h3>\n<p>O per\u00edodo de inscri\u00e7\u00e3o vai do dia 18\/01\/2017 at\u00e9 o dia 09\/02\/2017.<\/p>\n<p>As inscri\u00e7\u00f5es devem ser realizadas nesse endere\u00e7o da internet:&nbsp;<a href=\"http:\/\/www.fundacaolasalle.org.br\/concursos\" target=\"_blank\" rel=\"noopener\">http:\/\/www.fundacaolasalle.org.br\/concursos<\/a>.<\/p>\n<p>O valor da taxa de inscri\u00e7\u00e3o para <span style=\"color:#0000FF\">Agente Penitenci\u00e1rio<\/span> \u00e9 de:<\/p>\n<p>\u2666 R$ 171,15 (cento e setenta e um reais e quinze centavos) at\u00e9 31\/01\/2017;<\/p>\n<p>\u2666 R$ 182,41 (cento e oitenta e dois reais e quarenta e um centavos) do dia 01\/02\/2017 at\u00e9 09\/02\/2017.<\/p>\n<p>O valor da taxa de inscri\u00e7\u00e3o para <span style=\"color:#0000FF\">Agente Penitenci\u00e1rio Administrativo<\/span> \u00e9 de:<\/p>\n<p>\u2666 R$ 75,06 (setenta e cinco reais e seis centavos) at\u00e9 31\/01\/2017;<\/p>\n<p>\u2666 R$ 80,00 (oitenta reais) do dia 01\/02\/2017 at\u00e9 09\/02\/2017.<\/p>\n<hr \/>\n<p>Edital SUSEPE RS 2017 &#8211; N\u00famero de Vagas<\/p>\n<p style=\"text-align: justify\">\n\tO edital SUSEPE RS de n\u00famero 1\/2017 e de 2\/2017 oferece <span style=\"color:#0000FF\"><strong>720 vagas<\/strong><\/span>. S\u00e3o 100 vagas para Agente Penitenci\u00e1rio Administrativo e 620 vagas para Agente Penitenci\u00e1rio (549 vagas para homens e 71 vagas para mulheres. Al\u00e9m dessa oferta, os editais tamb\u00e9m preveem o Cadastro de Reserva. Adiante, voc\u00ea encontrar\u00e1 mais detalhes sobre as vagas.<\/p>\n<hr \/>\n<h3>\n\tEdital SUSEPE RS 2017 &#8211; Vagas para Agente Penitenci\u00e1rio (n\u00edvel superior)<\/h3>\n<p style=\"text-align: justify\">\n\tO <strong>edital SUSEPE RS<\/strong> 1\/2017 traz <span style=\"color:#0000FF\"><strong>620 vagas<\/strong><\/span> para Agente Penitenci\u00e1rio, S\u00e3o 549 vagas (mais Cadastro de Reserva) para homens e 71 vagas (mais Cadastro de Reserva)&nbsp;para mulheres.<\/p>\n<p style=\"text-align: justify\">\n\tAs vagas para o sexo masculino est\u00e3o assim distribu\u00eddas: 417 vagas para ampla concorr\u00eancia (acesso universal); 55 vagas para pessoas com defici\u00eancias (PCD); 88 vagas para pessoas negras ou pardas (PNP).<\/p>\n<p style=\"text-align: justify\">\n\tAs vagas para o sexo masculino est\u00e3o assim distribu\u00eddas: 53&nbsp;vagas para ampla concorr\u00eancia (acesso universal); 7&nbsp;vagas para pessoas com defici\u00eancias (PCD); 11&nbsp;vagas para pessoas negras ou pardas (PNP).<\/p>\n<p style=\"text-align: center\">\n\t<img decoding=\"async\" alt=\"edital SUSEPE RS\" class=\"size-full wp-image-61559 aligncenter\" src=\"https:\/\/dhg1h5j42swfq.cloudfront.net\/2017\/01\/17131332\/Adinoel-SUSEPER_RS-vagas-agente-penitenci%C3%A1rio.jpg\" style=\"width: 550px;height: 200px\" title=\"\"\/><\/p>\n<p style=\"text-align: justify\">\n\tO candidato que concorrer pela cota de PCD ou cota de PNP dever\u00e1 comprovar sua condi\u00e7\u00e3o conforme as normas descritas no edital.<\/p>\n<hr \/>\n<h3 style=\"text-align: justify\">\n\tEdital SUSEPE RS &#8211; Vagas para Agente Penitenci\u00e1rio Administrativo&nbsp;(n\u00edvel m\u00e9dio)<\/h3>\n<p style=\"text-align: justify\">\n\tO edital SUSEPE RS 2\/2017 traz <span style=\"color:#0000FF\"><strong>100&nbsp;vagas<\/strong><\/span>&nbsp;(mais Cadastro de Reserva) para Agente Penitenci\u00e1rio Administrativo.<\/p>\n<p style=\"text-align: justify\">\n\tAs vagas est\u00e3o assim distribu\u00eddas: 74&nbsp;vagas para ampla concorr\u00eancia (acesso universal); 10&nbsp;vagas para pessoas com defici\u00eancias (PCD); 16&nbsp;vagas para pessoas negras ou pardas (PNP).<\/p>\n<p style=\"text-align: center\">\n\t<img decoding=\"async\" alt=\"edital SUSEPE RS\" class=\"size-full wp-image-61563 aligncenter\" src=\"https:\/\/dhg1h5j42swfq.cloudfront.net\/2017\/01\/17131723\/Adinoel-SUSEPER_RS-vagas-agente-penitenci%C3%A1rio-administrativo.jpg\" style=\"width: 450px;height: 122px\" title=\"\"\/><\/p>\n<p style=\"text-align: justify\">\n\tO candidato que concorrer pela cota de PCD ou cota de PNP dever\u00e1 comprovar sua condi\u00e7\u00e3o conforme as normas descritas no edital.<\/p>\n<hr \/>\n<h3 style=\"text-align: justify\">\n\t<img loading=\"lazy\" decoding=\"async\" alt=\"\" class=\"size-full wp-image-38041 alignleft\" height=\"430\" src=\"https:\/\/dhg1h5j42swfq.cloudfront.net\/2016\/04\/29054709\/Diploma.png\" style=\"width: 100px;height: 78px\" title=\"\" width=\"551\" srcset=\"https:\/\/dhg1h5j42swfq.cloudfront.net\/2016\/04\/29054709\/Diploma.png 551w, https:\/\/dhg1h5j42swfq.cloudfront.net\/2016\/04\/29054709\/Diploma.png 300w, https:\/\/dhg1h5j42swfq.cloudfront.net\/2016\/04\/29054709\/Diploma.png 384w\" sizes=\"auto, (max-width: 551px) 100vw, 551px\" \/>Edital SUSEPE RS 2017 &#8211; Escolaridade Exigida<\/h3>\n<p style=\"text-align: justify\">\n\tO&nbsp;candidato&nbsp;ao cargo de Agente Penitenci\u00e1rio deve possuir <span style=\"color:#0000FF\"><strong>n\u00edvel escolar superior<\/strong><\/span>.<\/p>\n<p style=\"text-align: justify\">\n\tO&nbsp;candidato&nbsp;ao cargo de Agente Penitenci\u00e1rio Administrativo deve&nbsp;possuir <span style=\"color:#0000FF\"><strong>n\u00edvel escolar m\u00e9dio<\/strong><\/span>.<\/p>\n<hr \/>\n<h3 style=\"text-align: justify\">\n\tEdital SUSEPE RS &#8211; Requisitos Agente Penitenci\u00e1rio&nbsp;(n\u00edvel superior)<\/h3>\n<p style=\"text-align: justify\">\n\tO candidato ao cargo de Agente Penitenciario deve possuir os seguintes requisitos:<\/p>\n<p style=\"text-align: justify;margin-left: 40px\">\n\t\u2666 ser brasileiro nato ou naturalizado;<\/p>\n<p style=\"text-align: justify;margin-left: 40px\">\n\t\u2666 ter, no m\u00ednimo, 18 anos de idade at\u00e9 a data da posse;<\/p>\n<p style=\"text-align: justify;margin-left: 40px\">\n\t\u2666 encontrar-se no gozo e exerc\u00edcio de seus direitos civis;<\/p>\n<p style=\"text-align: justify;margin-left: 40px\">\n\t\u2666 estar em dia com as obriga\u00e7\u00f5es militares e eleitorais;<\/p>\n<p style=\"text-align: justify;margin-left: 40px\">\n\t\u2666 possuir carteira de habilita\u00e7\u00e3o, no m\u00ednimo, Categoria \u201cB\u201d, at\u00e9 a data da posse;<\/p>\n<p style=\"text-align: justify;margin-left: 40px\">\n\t\u2666 &nbsp;diploma de n\u00edvel superior;<\/p>\n<p style=\"text-align: justify;margin-left: 40px\">\n\t\u2666 ter ilibada conduta social, profissional ou funcional e n\u00e3o registrar antecedentes criminais;<\/p>\n<p style=\"text-align: justify;margin-left: 40px\">\n\t\u2666 possuir sa\u00fade f\u00edsica e aptid\u00e3o psicol\u00f3gica adequados \u00e0 fun\u00e7\u00e3o;<\/p>\n<p style=\"text-align: justify;margin-left: 40px\">\n\t\u2666 n\u00e3o ser usu\u00e1rio ou dependente de drogas il\u00edcitas.<\/p>\n<hr \/>\n<h3 style=\"text-align: justify\">\n\tEdital SUSEPE RS 2017&nbsp;&#8211; Requisitos Agente Penitenci\u00e1rio Administrativo&nbsp;(n\u00edvel m\u00e9dio)<\/h3>\n<p style=\"text-align: justify\">\n\tO candidato ao cargo de Agente Penitenciario Administrativo deve possuir os seguintes requisitos:<\/p>\n<p style=\"text-align: justify;margin-left: 40px\">\n\t\u2666&nbsp;ser brasileiro nato ou naturalizado;<\/p>\n<p style=\"text-align: justify;margin-left: 40px\">\n\t\u2666&nbsp;ter, no m\u00ednimo, 18 anos de idade at\u00e9 a data da posse;<\/p>\n<p style=\"text-align: justify;margin-left: 40px\">\n\t\u2666&nbsp;encontrar-se no gozo e exerc\u00edcio de seus direitos civis;<\/p>\n<p style=\"text-align: justify;margin-left: 40px\">\n\t\u2666&nbsp;estar em dia com as obriga\u00e7\u00f5es militares e eleitorais;<\/p>\n<p style=\"text-align: justify;margin-left: 40px\">\n\t\u2666&nbsp;possuir carteira de habilita\u00e7\u00e3o, no m\u00ednimo, Categoria \u201cB\u201d, at\u00e9 a data da posse;<\/p>\n<p style=\"text-align: justify;margin-left: 40px\">\n\t\u2666&nbsp;curso de n\u00edvel m\u00e9dio;<\/p>\n<p style=\"text-align: justify;margin-left: 40px\">\n\t\u2666&nbsp;ter ilibada conduta social, profissional ou funcional e n\u00e3o registrar antecedentes criminais;<\/p>\n<p style=\"text-align: justify;margin-left: 40px\">\n\t\u2666&nbsp;possuir sa\u00fade f\u00edsica e aptid\u00e3o psicol\u00f3gica adequados \u00e0 fun\u00e7\u00e3o;<\/p>\n<p style=\"text-align: justify;margin-left: 40px\">\n\t\u2666&nbsp;n\u00e3o ser usu\u00e1rio ou dependente de drogas il\u00edcitas.<\/p>\n<hr \/>\n<p style=\"text-align: center\">\n\t<img loading=\"lazy\" decoding=\"async\" alt=\"\" class=\"size-full wp-image-61576 aligncenter\" height=\"170\" src=\"https:\/\/dhg1h5j42swfq.cloudfront.net\/2017\/01\/17134243\/Adinoel-SUSEPER_RS-imagem-institui%C3%A7%C3%A3o.jpg\" style=\"width: 500px;height: 331px\" title=\"\" width=\"257\"\/><\/p>\n<h3>\n\tEdital SUSEPE RS 2017 &#8211; Lota\u00e7\u00f5es<\/h3>\n<p style=\"text-align: justify\">\n\tA lota\u00e7\u00e3o dos aprovados (cargo Agente Penitenciario e cargo Agente Penitenc\u00e1rio Administrativo) no concurso SUSEPE RS 2017&nbsp;dar-se-\u00e1 no \u00e2mbito da Superintend\u00eancia dos Servi\u00e7os Penitenci\u00e1rios, conforme necessidade da Administra\u00e7\u00e3o.<\/p>\n<p style=\"text-align: justify\">\n\tOs candidatos aprovados ser\u00e3o, inicialmente, <span style=\"color:#0000FF\"><strong>lotados na Escola do Servi\u00e7o Penitenci\u00e1rio.<\/strong><\/span><\/p>\n<p style=\"text-align: justify\">\n\tAp\u00f3s homologa\u00e7\u00e3o da aprova\u00e7\u00e3o final do Curso de Forma\u00e7\u00e3o, ser\u00e3o removidos para exercer suas atribui\u00e7\u00f5es preferencialmente em quaisquer das unidades organizacionais situadas nas cidades de Canoas, Gua\u00edba e Porto Alegre, bem como em qualquer outra unidade organizacional das nove Regi\u00f5es Penitenci\u00e1rias a crit\u00e9rio da administra\u00e7\u00e3o e demais Unidades Organizacionais que poder\u00e3o ser criadas.<\/p>\n<hr \/>\n<p style=\"text-align: center\">\n\t&nbsp;<\/p>\n<h3 style=\"text-align: justify\">\n\tEdital SUSEPE RS 2017 &#8211; Remunera\u00e7\u00e3o<\/h3>\n<p style=\"text-align: justify\">\n\tA remunera\u00e7\u00e3o inicial no concuros SUSEPE RS 2017 ser\u00e1 de:<\/p>\n<p style=\"text-align: justify;margin-left: 40px\">\n\t\u2666 <span style=\"color:#0000FF\"><strong>R$ 4.317,87<\/strong><\/span> para Agente Penitenci\u00e1rio (n\u00edvel superior);<\/p>\n<p style=\"text-align: justify;margin-left: 40px\">\n\t\u2666 <span style=\"color:#0000FF\"><strong>R$ 3.483,63<\/strong><\/span> para Agente Penitenci\u00e1rio Administrativo (n\u00edvel m\u00e9dio).<\/p>\n<hr \/>\n<h3 style=\"text-align: justify\">\n\t<img decoding=\"async\" alt=\"edital SUSEPE RS\" class=\"size-full wp-image-61590 alignleft\" src=\"https:\/\/dhg1h5j42swfq.cloudfront.net\/2017\/01\/17143513\/Adinoel-SUSEPER_RS-atribui%C3%A7%C3%B5es.jpg\" style=\"width: 300px;height: 225px\" title=\"\"\/>Edital SUSEPE RS 2017 &#8211; Atribui\u00e7\u00f5es dos Cargos<\/h3>\n<p style=\"text-align: justify\">\n\tAs atribui\u00e7\u00f5es do cargo de <span style=\"color:#0000FF\"><strong>Agente Penitenci\u00e1rio<\/strong><\/span> de forma sint\u00e9tica s\u00e3o:<\/p>\n<p style=\"text-align: justify\">\n\t\u2666 realizar atividades de m\u00e9dia complexidade, envolvendo planejamento, organiza\u00e7\u00e3o e execu\u00e7\u00e3o de servi\u00e7os de vigil\u00e2ncia, cust\u00f3dia e seguran\u00e7a de presos recolhidos nos estabelecimentos prisionais na execu\u00e7\u00e3o das penas privativas de liberdade, das medidas de seguran\u00e7a e restritivas de direitos;<\/p>\n<p style=\"text-align: justify\">\n\t\u2666 &nbsp;executar programas e a\u00e7\u00f5es de apoio ao tratamento penal para socializa\u00e7\u00e3o do preso.<\/p>\n<p style=\"text-align: justify\">\n\tO trabalho do Agente Penitenci\u00e1rio \u00e9 realizado com risco de vida.<\/p>\n<p style=\"text-align: justify\">\n\tAs atribui\u00e7\u00f5es do cargo de <span style=\"color:#0000FF\"><strong>Agente Penitenci\u00e1rio Administrativo<\/strong><\/span>&nbsp;de forma sint\u00e9tica s\u00e3o:<\/p>\n<p style=\"text-align: justify;margin-left: 40px\">\n\t\u2666 realizar atividades de m\u00e9dia complexidade, envolvendo planejamento, organiza\u00e7\u00e3o e execu\u00e7\u00e3o de atividades e servi\u00e7os administrativos;<\/p>\n<p style=\"text-align: justify;margin-left: 40px\">\n\t\u2666 executar procedimentos de apoio administrativo \u00e0s atividades de tratamento penal, entre outras, para socializa\u00e7\u00e3o do preso.<\/p>\n<p style=\"text-align: justify\">\n\tO trabalho do Agente Penitenci\u00e1rio Administrativo \u00e9 realizado com risco de vida.<\/p>\n<hr \/>\n<h3 style=\"text-align: justify\">\n\tEdital SUSEPE RS 2017 &#8211; Fases do Concurso para Agente Penitenci\u00e1rio&nbsp;(n\u00edvel superior)<\/h3>\n<p style=\"text-align: justify\">\n\tO concurso SUSEPE RS 2017 para o cargo de Agente Penitenci\u00e1rio ser\u00e1 composto de 4 (quatro) fases:<\/p>\n<p style=\"text-align: justify\">\n\t\u2666 Fase I: prova&nbsp;objetiva;<\/p>\n<p style=\"text-align: justify\">\n\t\u2666 Fase II: prova de aptid\u00e3o f\u00edsica;<\/p>\n<p style=\"text-align: justify\">\n\t\u2666 Fase III: avalia\u00e7\u00e3o psicol\u00f3gica;<\/p>\n<p style=\"text-align: justify\">\n\t\u2666 Fase IV: investiga\u00e7\u00e3o social e funcional do candidato.<\/p>\n<hr \/>\n<h3 style=\"text-align: justify\">\n\tEdital SUSEPE 2017 RS &#8211; Agente Penitenci\u00e1rio (n\u00edvel superior) &#8211; Prova Objetiva<\/h3>\n<p style=\"text-align: justify\">\n\tA prova objetiva ter\u00e1 car\u00e1ter eliminat\u00f3rio e classificat\u00f3rio, e ser\u00e1 composta por 80 (oitenta) quest\u00f5es de m\u00faltipla escolha, com 05 (cinco) alternativas de resposta (A, B, C, D, E), sendo apenas uma considerada correta.<\/p>\n<p style=\"text-align: justify\">\n\tA avalia\u00e7\u00e3o da prova objetiva ser\u00e1 dividida de acordo com o descrito abaixo:<\/p>\n<p style=\"text-align: center\">\n\t<img loading=\"lazy\" decoding=\"async\" alt=\"edital SUSEPE RS\" class=\"size-full wp-image-61606 aligncenter\" height=\"312\" src=\"https:\/\/dhg1h5j42swfq.cloudfront.net\/2017\/01\/17152741\/Adinoel-SUSEPER_RS-convocados-fase-1.jpg\" style=\"width: 600px;height: 219px\" title=\"\" width=\"854\" srcset=\"https:\/\/dhg1h5j42swfq.cloudfront.net\/2017\/01\/17152741\/Adinoel-SUSEPER_RS-convocados-fase-1.jpg 854w, https:\/\/dhg1h5j42swfq.cloudfront.net\/2017\/01\/17152741\/Adinoel-SUSEPER_RS-convocados-fase-1.jpg 300w, https:\/\/dhg1h5j42swfq.cloudfront.net\/2017\/01\/17152741\/Adinoel-SUSEPER_RS-convocados-fase-1.jpg 768w, https:\/\/dhg1h5j42swfq.cloudfront.net\/2017\/01\/17152741\/Adinoel-SUSEPER_RS-convocados-fase-1.jpg 500w\" sizes=\"auto, (max-width: 854px) 100vw, 854px\" \/><\/p>\n<p style=\"text-align: justify\">\n\tA prova objetiva tem data prov\u00e1vel de <span style=\"color:#0000FF\"><strong>09\/04\/2017<\/strong><\/span>.<\/p>\n<p style=\"text-align: justify\">\n\tA&nbsp;prova&nbsp;objetiva&nbsp;\u00e9 de car\u00e1ter eliminat\u00f3rio e classificat\u00f3rio.<\/p>\n<p style=\"text-align: justify\">\n\t<span style=\"color:#0000FF\"><strong>Ser\u00e1&nbsp;eliminado<\/strong><\/span> o candidato que n\u00e3o atingir, considerando a soma total dos pontos das quest\u00f5es das provas objetivas, desempenho geral igual ou superior a 40 (quarenta) pontos e, simultaneamente, atingir os pontos m\u00ednimos nas disciplinas das provas objetivas, bem como obter a classifica\u00e7\u00e3o m\u00ednima.<\/p>\n<hr \/>\n<h3 style=\"text-align: justify\">\n\tEdital SUSEPE 2017 RS &#8211; Agente Penitenci\u00e1rio (n\u00edvel superior) &#8211; Prova de Aptid\u00e3o F\u00edsica<\/h3>\n<p style=\"text-align: justify\">\n\tOs candidatos ao cargo de Agente Penitenci\u00e1rio aprovados na prova objetiva ser\u00e3o convocados a prestar prova de aptid\u00e3o f\u00edsica. Essa prova ter\u00e1 car\u00e1ter eliminat\u00f3rio.&nbsp;<\/p>\n<p style=\"text-align: justify\">\n\tDe acordo com a ordem de classifica\u00e7\u00e3o obtida na prova objetiva, ser\u00e3o convocados para&nbsp;a prova de aptid\u00e3o f\u00edsica <span style=\"color:#0000FF\">3.000 candidatos<\/span> do sexo masculino e <span style=\"color:#0000FF\">1.000 candidatas<\/span> do sexo feminino, conforme a seguir:<\/p>\n<p style=\"text-align: center\">\n\t<img loading=\"lazy\" decoding=\"async\" alt=\"\" class=\"size-full wp-image-61598 aligncenter\" height=\"244\" src=\"https:\/\/dhg1h5j42swfq.cloudfront.net\/2017\/01\/17150309\/Adinoel-SUSEPER_RS-convocados-fase-2.jpg\" style=\"width: 600px;height: 172px\" title=\"\" width=\"852\" srcset=\"https:\/\/dhg1h5j42swfq.cloudfront.net\/2017\/01\/17150309\/Adinoel-SUSEPER_RS-convocados-fase-2.jpg 852w, https:\/\/dhg1h5j42swfq.cloudfront.net\/2017\/01\/17150309\/Adinoel-SUSEPER_RS-convocados-fase-2.jpg 300w, https:\/\/dhg1h5j42swfq.cloudfront.net\/2017\/01\/17150309\/Adinoel-SUSEPER_RS-convocados-fase-2.jpg 768w, https:\/\/dhg1h5j42swfq.cloudfront.net\/2017\/01\/17150309\/Adinoel-SUSEPER_RS-convocados-fase-2.jpg 500w\" sizes=\"auto, (max-width: 852px) 100vw, 852px\" \/><\/p>\n<p style=\"text-align: justify\">\n\tA prova de aptid\u00e3o f\u00edsica ser\u00e1 composta de:<\/p>\n<p style=\"text-align: justify;margin-left: 40px\">\n\t\u2666 Teste de Resist\u00eancia Abdominal em Um Minuto (fazer abdominais): ser\u00e1 exigido no m\u00ednimo <span style=\"color:#0000FF\">30 (trinta) repeti\u00e7\u00f5es<\/span>&nbsp;para homens e <span style=\"color:#0000FF\">20 repeti\u00e7\u00f5es<\/span>&nbsp;para mulheres;<\/p>\n<p style=\"text-align: justify;margin-left: 40px\">\n\t\u2666 Teste de Corrida de 12 Minutos: os homens dever\u00e3o percorrer no m\u00ednimo <span style=\"color:#0000FF\">2.400 metros<\/span> em 12 minutos; as&nbsp;mulheres dever\u00e3o percorrer no m\u00ednimo <span style=\"color:#0000FF\">2.000 metros<\/span> em 12 minutos;<\/p>\n<p style=\"text-align: justify;margin-left: 40px\">\n\t\u2666 Teste de Flex\u00e3o de Bra\u00e7o (apoio): os candidatos (homens e mulheres) dever\u00e3o realizar <span style=\"color:#0000FF\">10 flex\u00f5es<\/span> de bra\u00e7o em 1 (um) minuto.<\/p>\n<p style=\"text-align: justify\">\n\tA prova de aptid\u00e3o f\u00edsica tem as seguintes datas prov\u00e1veis:&nbsp;<span style=\"color:#0000FF\"><strong>20 a 31\/05\/2017<\/strong><\/span>.<\/p>\n<hr \/>\n<h3 style=\"text-align: justify\">\n\tEdital SUSEPE 2017 RS &#8211; Agente Penitenci\u00e1rio (n\u00edvel superior) &#8211; Avalia\u00e7\u00e3o Psicol\u00f3gica<\/h3>\n<p style=\"text-align: justify\">\n\tSeguindo ordem de classifica\u00e7\u00e3o obtida nas provas objetiva e de aptid\u00e3o f\u00edsica, ser\u00e3o convocados 2.700 candidatos para avalia\u00e7\u00e3o psicol\u00f3gica. Ser\u00e3o convocados <span style=\"color:#0000FF\">2.000 candidatos<\/span> do sexo masculino e <span style=\"color:#0000FF\">700 candidatas<\/span> do sexo feminino, conforme a seguir:<\/p>\n<p style=\"text-align: center\">\n\t<img loading=\"lazy\" decoding=\"async\" alt=\"edital SUSEPE RS\" class=\"size-full wp-image-61603 aligncenter\" height=\"266\" src=\"https:\/\/dhg1h5j42swfq.cloudfront.net\/2017\/01\/17151120\/Adinoel-SUSEPER_RS-convocados-fase-3.jpg\" style=\"width: 600px;height: 187px\" title=\"\" width=\"853\" srcset=\"https:\/\/dhg1h5j42swfq.cloudfront.net\/2017\/01\/17151120\/Adinoel-SUSEPER_RS-convocados-fase-3.jpg 853w, https:\/\/dhg1h5j42swfq.cloudfront.net\/2017\/01\/17151120\/Adinoel-SUSEPER_RS-convocados-fase-3.jpg 300w, https:\/\/dhg1h5j42swfq.cloudfront.net\/2017\/01\/17151120\/Adinoel-SUSEPER_RS-convocados-fase-3.jpg 768w, https:\/\/dhg1h5j42swfq.cloudfront.net\/2017\/01\/17151120\/Adinoel-SUSEPER_RS-convocados-fase-3.jpg 500w\" sizes=\"auto, (max-width: 853px) 100vw, 853px\" \/><\/p>\n<hr \/>\n<h3 style=\"text-align: justify\">\n\tEdital SUSEPE 2017 RS &#8211; Agente Penitenci\u00e1rio (n\u00edvel superior) &#8211; Investiga\u00e7\u00e3o Social e Funcional<\/h3>\n<p style=\"text-align: justify\">\n\tSer\u00e3o convocados, por rigorosa ordem de classifica\u00e7\u00e3o, de acordo com a necessidade para o preenchimento das vagas, para a fase de Investiga\u00e7\u00e3o Social e Funcional os candidatos aprovados nas fases de provas objetivas, aptid\u00e3o f\u00edsica e na avalia\u00e7\u00e3o psicol\u00f3gica.<\/p>\n<p style=\"text-align: justify\">\n\tA Investiga\u00e7\u00e3o Social e Funcional do candidato ser\u00e1 feita atrav\u00e9s da an\u00e1lise dos dados dos candidatos no Poder Judici\u00e1rio, na Pol\u00edcia Civil, na Procuradoria-Geral do Estado e em outros \u00f3rg\u00e3os\/entidades que se julgar necess\u00e1rio pesquisar.<\/p>\n<p style=\"text-align: justify\">\n\tA sindic\u00e2ncia consistir\u00e1 na coleta de informa\u00e7\u00f5es sobre a vida pregressa e atual e a conduta individual, social e profissional do candidato.<\/p>\n<hr \/>\n<h3 style=\"text-align: justify\">\n\tEdital SUSEPE RS 2017 &#8211; Fases do Concurso para Agente Penitenci\u00e1rio Administrativo&nbsp;(n\u00edvel m\u00e9dio)<\/h3>\n<p style=\"text-align: justify\">\n\tO concurso SUSEPE RS 2017 para o cargo de Agente Penitenci\u00e1rio Administrativo ser\u00e1 compostos de 4 (quatro) fases:<\/p>\n<p style=\"text-align: justify\">\n\t\u2666 Fase I: prova&nbsp;objetiva;<\/p>\n<p style=\"text-align: justify\">\n\t\u2666 Fase II: prova de aptid\u00e3o f\u00edsica;<\/p>\n<p style=\"text-align: justify\">\n\t\u2666 Fase III: avalia\u00e7\u00e3o psicol\u00f3gica;<\/p>\n<p style=\"text-align: justify\">\n\t\u2666 Fase IV: investiga\u00e7\u00e3o social e funcional do candidato.<\/p>\n<hr \/>\n<h3 style=\"text-align: justify\">\n\tEdital SUSEPE 2017 RS &#8211; Agente Penitenci\u00e1rio Administrativo (n\u00edvel m\u00e9dio) &#8211; Prova Objetiva<\/h3>\n<p style=\"text-align: justify\">\n\tA prova objetiva ter\u00e1 car\u00e1ter eliminat\u00f3rio e classificat\u00f3rio, e ser\u00e1 composta por 80 (oitenta) quest\u00f5es de m\u00faltipla escolha, com 05 (cinco) alternativas de resposta (A, B, C, D, E), sendo apenas uma considerada correta.<\/p>\n<p style=\"text-align: justify\">\n\tA avalia\u00e7\u00e3o da prova objetiva ser\u00e1 dividida de acordo com o descrito abaixo:<\/p>\n<p style=\"text-align: center\">\n\t<img loading=\"lazy\" decoding=\"async\" alt=\"edital SUSEPE RS\" class=\"size-full wp-image-61609 aligncenter\" height=\"312\" src=\"https:\/\/dhg1h5j42swfq.cloudfront.net\/2017\/01\/17153350\/Adinoel-SUSEPER_RS-convocados-fase-1-adm.jpg\" style=\"width: 600px;height: 220px\" title=\"\" width=\"852\" srcset=\"https:\/\/dhg1h5j42swfq.cloudfront.net\/2017\/01\/17153350\/Adinoel-SUSEPER_RS-convocados-fase-1-adm.jpg 852w, https:\/\/dhg1h5j42swfq.cloudfront.net\/2017\/01\/17153350\/Adinoel-SUSEPER_RS-convocados-fase-1-adm.jpg 300w, https:\/\/dhg1h5j42swfq.cloudfront.net\/2017\/01\/17153350\/Adinoel-SUSEPER_RS-convocados-fase-1-adm.jpg 768w, https:\/\/dhg1h5j42swfq.cloudfront.net\/2017\/01\/17153350\/Adinoel-SUSEPER_RS-convocados-fase-1-adm.jpg 500w\" sizes=\"auto, (max-width: 852px) 100vw, 852px\" \/><\/p>\n<p style=\"text-align: justify\">\n\tA prova objetiva tem data prov\u00e1vel de <span style=\"color:#0000FF\"><strong>23\/04\/2017<\/strong><\/span>.<\/p>\n<p style=\"text-align: justify\">\n\tA&nbsp;prova&nbsp;objetiva&nbsp;\u00e9 de car\u00e1ter eliminat\u00f3rio e classificat\u00f3rio.<\/p>\n<p style=\"text-align: justify\">\n\t<span style=\"color:#0000FF\"><strong>Ser\u00e1&nbsp;eliminado<\/strong><\/span> o candidato que n\u00e3o atingir, considerando a soma total dos pontos das quest\u00f5es da&nbsp;prova&nbsp;objetiva, desempenho geral igual ou superior a 40 (quarenta) pontos e, simultaneamente, atingir os pontos m\u00ednimos nas disciplinas das provas objetivas, bem como obter a classifica\u00e7\u00e3o m\u00ednima.<\/p>\n<hr \/>\n<h3 style=\"text-align: justify\">\n\tEdital SUSEPE 2017 RS &#8211; Agente Penitenci\u00e1rio Administrativo (n\u00edvel m\u00e9dio) &#8211; Prova de Aptid\u00e3o F\u00edsica<\/h3>\n<p style=\"text-align: justify\">\n\tOs candidatos ao cargo de Agente Penitenci\u00e1rio Administrativo aprovados na prova objetiva ser\u00e3o convocados a prestar prova de aptid\u00e3o f\u00edsica. Essa prova ter\u00e1 car\u00e1ter eliminat\u00f3rio.&nbsp;<\/p>\n<p style=\"text-align: justify\">\n\tDe acordo com a ordem de classifica\u00e7\u00e3o obtida&nbsp;na prova objetiva, ser\u00e3o convocados para&nbsp;a prova de aptid\u00e3o f\u00edsica <span style=\"color:#0000FF\">1.500 candidatos<\/span>, conforme a seguir:<\/p>\n<p style=\"text-align: center\">\n\t<img loading=\"lazy\" decoding=\"async\" alt=\"edital SUSEPE RS\" class=\"size-full wp-image-61613 aligncenter\" height=\"156\" src=\"https:\/\/dhg1h5j42swfq.cloudfront.net\/2017\/01\/17154318\/Adinoel-SUSEPER_RS-convocados-fase-2-adm.jpg\" style=\"width: 600px;height: 110px\" title=\"\" width=\"848\" srcset=\"https:\/\/dhg1h5j42swfq.cloudfront.net\/2017\/01\/17154318\/Adinoel-SUSEPER_RS-convocados-fase-2-adm.jpg 848w, https:\/\/dhg1h5j42swfq.cloudfront.net\/2017\/01\/17154318\/Adinoel-SUSEPER_RS-convocados-fase-2-adm.jpg 300w, https:\/\/dhg1h5j42swfq.cloudfront.net\/2017\/01\/17154318\/Adinoel-SUSEPER_RS-convocados-fase-2-adm.jpg 768w, https:\/\/dhg1h5j42swfq.cloudfront.net\/2017\/01\/17154318\/Adinoel-SUSEPER_RS-convocados-fase-2-adm.jpg 500w\" sizes=\"auto, (max-width: 848px) 100vw, 848px\" \/><\/p>\n<p style=\"text-align: justify\">\n\tA prova de aptid\u00e3o f\u00edsica ser\u00e1 composta de:<\/p>\n<p style=\"text-align: justify;margin-left: 40px\">\n\t\u2666 Teste de Resist\u00eancia Abdominal em Um Minuto (fazer abdominais): ser\u00e1 exigido no m\u00ednimo <span style=\"color:#0000FF\">30 (trinta) repeti\u00e7\u00f5es<\/span>&nbsp;para homens e <span style=\"color:#0000FF\">20 repeti\u00e7\u00f5es<\/span>&nbsp;para mulheres;<\/p>\n<p style=\"text-align: justify;margin-left: 40px\">\n\t\u2666 Teste de Corrida de 12 Minutos: os homens dever\u00e3o percorrer no m\u00ednimo <span style=\"color:#0000FF\">2.400 metros<\/span> em 12 minutos; as&nbsp;mulheres dever\u00e3o percorrer no m\u00ednimo <span style=\"color:#0000FF\">2.000 metros<\/span> em 12 minutos;<\/p>\n<p style=\"text-align: justify;margin-left: 40px\">\n\t\u2666 Teste de Flex\u00e3o de Bra\u00e7o (apoio): os candidatos (homens e mulheres) dever\u00e3o realizar <span style=\"color:#0000FF\">10 flex\u00f5es<\/span> de bra\u00e7o em 1 (um) minuto.<\/p>\n<p style=\"text-align: justify\">\n\tA prova de aptid\u00e3o f\u00edsica tem as seguintes datas prov\u00e1veis:&nbsp;<span style=\"color:#0000FF\"><strong>03 a 08\/06\/2017<\/strong><\/span>.<\/p>\n<hr \/>\n<h3 style=\"text-align: justify\">\n\tEdital SUSEPE 2017 RS &#8211; Agente Penitenci\u00e1rio Administrativo (n\u00edvel m\u00e9dio) &#8211; Avalia\u00e7\u00e3o Psicol\u00f3gica<\/h3>\n<p style=\"text-align: justify\">\n\tSeguindo ordem de classifica\u00e7\u00e3o obtida nas provas objetiva e de aptid\u00e3o f\u00edsica, ser\u00e3o convocados <span style=\"color:#0000FF\">1.200 candidatos<\/span> para avalia\u00e7\u00e3o psicol\u00f3gica, conforme a seguir:<\/p>\n<p style=\"text-align: center\">\n\t<img loading=\"lazy\" decoding=\"async\" alt=\"edital SUSEPE RS\" class=\"size-full wp-image-61617 aligncenter\" height=\"154\" src=\"https:\/\/dhg1h5j42swfq.cloudfront.net\/2017\/01\/17154816\/Adinoel-SUSEPER_RS-convocados-fase-3-adm.jpg\" style=\"width: 600px;height: 109px\" title=\"\" width=\"851\" srcset=\"https:\/\/dhg1h5j42swfq.cloudfront.net\/2017\/01\/17154816\/Adinoel-SUSEPER_RS-convocados-fase-3-adm.jpg 851w, https:\/\/dhg1h5j42swfq.cloudfront.net\/2017\/01\/17154816\/Adinoel-SUSEPER_RS-convocados-fase-3-adm.jpg 300w, https:\/\/dhg1h5j42swfq.cloudfront.net\/2017\/01\/17154816\/Adinoel-SUSEPER_RS-convocados-fase-3-adm.jpg 768w, https:\/\/dhg1h5j42swfq.cloudfront.net\/2017\/01\/17154816\/Adinoel-SUSEPER_RS-convocados-fase-3-adm.jpg 500w\" sizes=\"auto, (max-width: 851px) 100vw, 851px\" \/><\/p>\n<hr \/>\n<h3 style=\"text-align: justify\">\n\tEdital SUSEPE 2017 RS &#8211; Agente Penitenci\u00e1rio Administrativo (n\u00edvel m\u00e9dio) &#8211; Investiga\u00e7\u00e3o Social e Funcional<\/h3>\n<p style=\"text-align: justify\">\n\tSer\u00e3o convocados, por rigorosa ordem de classifica\u00e7\u00e3o, de acordo com a necessidade para o preenchimento das vagas, para a fase de Investiga\u00e7\u00e3o Social e Funcional os candidatos aprovados nas fases de provas objetivas, aptid\u00e3o f\u00edsica e na avalia\u00e7\u00e3o psicol\u00f3gica.<\/p>\n<p style=\"text-align: justify\">\n\tA Investiga\u00e7\u00e3o Social e Funcional do candidato ser\u00e1 feita atrav\u00e9s da an\u00e1lise dos dados dos candidatos no Poder Judici\u00e1rio, na Pol\u00edcia Civil, na Procuradoria-Geral do Estado e em outros \u00f3rg\u00e3os\/entidades que se julgar necess\u00e1rio pesquisar.<\/p>\n<p style=\"text-align: justify\">\n\tA sindic\u00e2ncia consistir\u00e1 na coleta de informa\u00e7\u00f5es sobre a vida pregressa e atual e a conduta individual, social e profissional do candidato.<\/p>\n<hr \/>\n<h3 style=\"text-align: justify\">\n\tSUSEPE RS 2017 &#8211; Local de Aplica\u00e7\u00e3o das Provas<\/h3>\n<p style=\"text-align: justify\">\n\tAs provas ser\u00e3o aplicadas na cidade de <span style=\"color:#0000FF\"><strong>Porto Alegre-RS<\/strong><\/span>.<\/p>\n<hr \/>\n<h3 style=\"text-align: justify\">\n\tSUSEPE RS 2017 &#8211; Curso de Forma\u00e7\u00e3o<\/h3>\n<p style=\"text-align: justify\">\n\tOs candidatos aprovados e empossados (Agente Penitenci\u00e1rio e Agente Penitenci\u00e1rio Administrativo) iniciar\u00e3o Curso de Forma\u00e7\u00e3o Profissional. Esses candidatos ser\u00e3o lotados na Escola do Servi\u00e7o Penitenci\u00e1rio.<\/p>\n<p style=\"text-align: justify\">\n\tO Curso de Forma\u00e7\u00e3o Profissional ser\u00e1 realizado em <strong><span style=\"color:#0000FF\">Porto Alegre\/RS<\/span><\/strong> e ter\u00e1 a dura\u00e7\u00e3o de, no m\u00ednimo, <strong>360 horas-aula<\/strong>.<\/p>\n<p style=\"text-align: justify\">\n\tAs aulas ser\u00e3o ministradas de segunda-feira \u00e0 sexta-feira, sendo 5 (cinco) per\u00edodos di\u00e1rios de 40 (quarenta) minutos pelo turno da manh\u00e3 e 5 (cinco) per\u00edodos di\u00e1rios de 40 (quarenta) minutos pelo turno da tarde.<\/p>\n<p style=\"text-align: justify\">\n\tDentro do curso de forma\u00e7\u00e3o&nbsp;haver\u00e1, <span style=\"color:#0000FF\"><strong>est\u00e1gio supervisionado<\/strong><\/span> a ser realizado nos estabelecimentos penitenci\u00e1rios sob a coordena\u00e7\u00e3o da Escola do Servi\u00e7o Penitenci\u00e1rio.<\/p>\n<hr \/>\n<p style=\"text-align: justify\">\n\t&nbsp;<\/p>\n<h3 style=\"text-align: justify\">\n\tCursos para Concurso Susepe RS<\/h3>\n<p style=\"text-align: justify\">\n\t<span style=\"color:#008000\">O Estrat\u00e9gia Concursos j\u00e1 lan\u00e7ou <a href=\"http:\/\/www.estrategiaconcursos.com.br\/cursosPorConcurso\/susepe-rs-agente-penitenciario-do-rs\/\" target=\"_blank\" rel=\"noopener\">cursos para concurso&nbsp;<\/a><\/span><strong><a href=\"http:\/\/www.estrategiaconcursos.com.br\/cursosPorConcurso\/susepe-rs-agente-penitenciario-do-rs\/\" target=\"_blank\" rel=\"noopener\"><span style=\"color:#0000FF\">SUSEPE RS<\/span><\/a><\/strong><span style=\"color:#008000\">. Nossos cursos cont\u00eam o conte\u00fado completo que ser\u00e1 cobrado na sua prova. S\u00e3o PDF\u00b4s e videoaulas, al\u00e9m de um f\u00f3rum de d\u00favidas exclusivo na \u00e1rea do aluno para voc\u00ea esclarecer pontos com seus professores. Confiamos tanto na qualidade da nossa equipe e dos nossos materiais que n\u00f3s temos uma pol\u00edtica de satisfa\u00e7\u00e3o garantida ou seu dinheiro de volta, em at\u00e9 30 dias e sem burocracia.&nbsp;Voc\u00ea n\u00e3o tem nada a perder, conhe\u00e7a nossos cursos!<\/span><\/p>\n<hr \/>\n<p style=\"text-align: center\">\n\t<img loading=\"lazy\" decoding=\"async\" alt=\"\" class=\"size-full wp-image-34129 aligncenter\" height=\"395\" src=\"https:\/\/dhg1h5j42swfq.cloudfront.net\/2016\/02\/29100122\/coruja.png\" style=\"width: 200px;height: 191px\" title=\"\" width=\"413\" srcset=\"https:\/\/dhg1h5j42swfq.cloudfront.net\/2016\/02\/29100122\/coruja.png 413w, https:\/\/dhg1h5j42swfq.cloudfront.net\/2016\/02\/29100122\/coruja.png 300w, https:\/\/dhg1h5j42swfq.cloudfront.net\/2016\/02\/29100122\/coruja.png 314w\" sizes=\"auto, (max-width: 413px) 100vw, 413px\" \/><\/p>\n<h3 style=\"text-align: justify\">\n\tEdital Esquematizado SUSEPE RS<\/h3>\n<p style=\"text-align: justify\">\n\tAbaixo, voc\u00ea tem o edital&nbsp;esquematizado item a item das disciplinas cobradas no edital SUSEPE RS 2017. Al\u00e9m disso, voc\u00ea tem a <span style=\"color:#0000FF\"><strong>bibliografia sugerida<\/strong><\/span> pela banca.<\/p>\n<p style=\"text-align: justify\">\n\tMais adiante, voc\u00ea encontrar\u00e1 links para baixar tabela em EXCEL com o edital esquematizado que poder\u00e1 ajud\u00e1-lo no controle dos estudos.<\/p>\n<hr \/>\n<h3 style=\"text-align: justify\">\n\tSUSEPE RS &#8211; Edital Esquematizado &#8211; Agente Penitenci\u00e1rio (n\u00edvel superior)<\/h3>\n<h4>\n\t<strong>L\u00cdNGUA PORTUGUESA<\/strong><\/h4>\n<p><strong>Conte\u00fados Program\u00e1ticos:<\/strong><\/p>\n<p style=\"margin-left: 40px\">\n\t\u2666 An\u00e1lise global do texto.<\/p>\n<p style=\"margin-left: 40px\">\n\t\u2666 Ortografia.<\/p>\n<p style=\"margin-left: 40px\">\n\t\u2666 Rela\u00e7\u00f5es entre fonemas e grafias.<\/p>\n<p style=\"margin-left: 40px\">\n\t\u2666 Acentua\u00e7\u00e3o gr\u00e1fica.<\/p>\n<p style=\"margin-left: 40px\">\n\t\u2666 Morfologia: estrutura e forma\u00e7\u00e3o de palavras.<\/p>\n<p style=\"margin-left: 40px\">\n\t\u2666 Classes de palavras e seu emprego.<\/p>\n<p style=\"margin-left: 40px\">\n\t\u2666 Flex\u00f5es: g\u00eanero, n\u00famero e grau do substantivo e adjetivo.<\/p>\n<p style=\"margin-left: 40px\">\n\t\u2666 Sintaxe: processos de coordena\u00e7\u00e3o e subordina\u00e7\u00e3o.<\/p>\n<p style=\"margin-left: 40px\">\n\t\u2666 Equival\u00eancia e transforma\u00e7\u00e3o de estruturas.<\/p>\n<p style=\"margin-left: 40px\">\n\t\u2666 Discurso direto e indireto.<\/p>\n<p style=\"margin-left: 40px\">\n\t\u2666 Concord\u00e2ncia nominal e verbal.<\/p>\n<p style=\"margin-left: 40px\">\n\t\u2666 Reg\u00eancia verbal e nominal.<\/p>\n<p style=\"margin-left: 40px\">\n\t\u2666 Crase.<\/p>\n<p style=\"margin-left: 40px\">\n\t\u2666 Pontua\u00e7\u00e3o.<\/p>\n<p style=\"margin-left: 40px\">\n\t\u2666 Interpreta\u00e7\u00e3o de textos: variedade de textos e adequa\u00e7\u00e3o de linguagem.<\/p>\n<p style=\"margin-left: 40px\">\n\t\u2666 Estrutura\u00e7\u00e3o do texto e dos par\u00e1grafos.<\/p>\n<p style=\"margin-left: 40px\">\n\t\u2666 Informa\u00e7\u00f5es literais e infer\u00eancias.<\/p>\n<p style=\"margin-left: 40px\">\n\t\u2666 Estrutura\u00e7\u00e3o do texto: recursos de coes\u00e3o.<\/p>\n<p style=\"margin-left: 40px\">\n\t\u2666 Significa\u00e7\u00e3o contextual de palavras e express\u00f5es.<\/p>\n<p>\t&nbsp;<\/p>\n<p><strong>Bibliografia Sugerida: <\/strong><\/p>\n<p>\u2022 BECHARA, Evanildo. Moderna gram\u00e1tica portuguesa. Rio de Janeiro: Nova Fronteira, 2001.<\/p>\n<p>\u2022 CEGALLA, Domingos Paschoal. Nov\u00edssima gram\u00e1tica da l\u00edngua portuguesa. S\u00e3o Paulo: Nacional, 2010.<\/p>\n<p>\u2022 FERREIRA, Aur\u00e9lio B. de Holanda. Novo dicion\u00e1rio da l\u00edngua portuguesa. Curitiba: Positivo-Livros, 2004.<\/p>\n<p>\u2022 FIORIN, Jos\u00e9 L.; SAVIOLI, Francisco Plat\u00e3o. Para entender o texto: leitura e reda\u00e7\u00e3o. S\u00e3o Paulo: \u00c1tica, 2007.<\/p>\n<p>\u2022 KOCH, I. Villa\u00e7a; ELIAS, Vanda Maria. Ler e compreender: os sentidos do texto. S\u00e3o Paulo: Contexto, 2006.<\/p>\n<p>\u2022 MARTINS, Dileta; ZILBERKNOP, L\u00fabia Scliar. Portugu\u00eas instrumental \u2013 De acordo com as atuais normas da ABNT. S\u00e3o Paulo: Atlas, 2009.<\/p>\n<p>&nbsp;<\/p>\n<p>&nbsp;<\/p>\n<h4>\n\t<strong>RACIOC\u00cdNIO L\u00d3GICO<\/strong><\/h4>\n<p><strong>Conte\u00fados Program\u00e1ticos: <\/strong><\/p>\n<p style=\"margin-left: 40px\">\n\t\u2666 Conceitos b\u00e1sicos de racioc\u00ednio l\u00f3gico: senten\u00e7as abertas; proposi\u00e7\u00f5es simples e compostas; conectivos (conjun\u00e7\u00e3o, disjun\u00e7\u00e3o, disjun\u00e7\u00e3o exclusiva, condicional e bicondicional); nega\u00e7\u00f5es; n\u00famero de linhas de uma tabela-verdade; valores l\u00f3gicos das proposi\u00e7\u00f5es e constru\u00e7\u00e3o de tabelas-verdade; Equival\u00eancias l\u00f3gicas; tautologia; contradi\u00e7\u00e3o; conting\u00eancia; Opera\u00e7\u00f5es l\u00f3gicas sobre senten\u00e7as abertas; quantificadores l\u00f3gicos e suas nega\u00e7\u00f5es; L\u00f3gica de argumenta\u00e7\u00e3o; Opera\u00e7\u00f5es entre n\u00fameros reais (adi\u00e7\u00e3o, subtra\u00e7\u00e3o, multiplica\u00e7\u00e3o e divis\u00e3o).<\/p>\n<p style=\"margin-left: 40px\">\n\t\u2666 Teoria dos conjuntos: opera\u00e7\u00f5es entre conjuntos e Diagrama de Venn.<\/p>\n<p style=\"margin-left: 40px\">\n\t\u2666 Regra de tr\u00eas simples (direta e inversa) e composta.<\/p>\n<p style=\"margin-left: 40px\">\n\t\u2666 Porcentagem.<\/p>\n<p style=\"margin-left: 40px\">\n\t\u2666 Sistema monet\u00e1rio brasileiro.<\/p>\n<p style=\"margin-left: 40px\">\n\t\u2666 Sistema de medidas: comprimento, capacidade, superf\u00edcie, massa e tempo (unidades e transforma\u00e7\u00f5es de unidades).<\/p>\n<p style=\"margin-left: 40px\">\n\t\u2666 Equa\u00e7\u00f5es e sistema de equa\u00e7\u00f5es do primeiro grau.<\/p>\n<p style=\"margin-left: 40px\">\n\t\u2666 Matem\u00e1tica Financeira: Juros simples e compostos; Taxas proporcionais e equivalentes. Estat\u00edstica: Interpreta\u00e7\u00e3o de dados (gr\u00e1ficos e tabelas); c\u00e1lculo de medidas de tend\u00eancia central: m\u00e9dia, mediana e moda.<\/p>\n<p style=\"margin-left: 40px\">\n\t\u2666 An\u00e1lise Combinat\u00f3ria e Probabilidade.<\/p>\n<p style=\"margin-left: 40px\">\n\t\u2666 Aplica\u00e7\u00e3o dos conte\u00fados acima listados em resolu\u00e7\u00e3o de problemas.<\/p>\n<p>\t&nbsp;<\/p>\n<p><strong>Bibliografia Sugerida: <\/strong><\/p>\n<p>\u2022 &nbsp;DANTE, Luiz Roberto. Projeto Tel\u00e1ris Matem\u00e1tica \u2013 Fundamental II \u2013 6\u00ba ao 9\u00ba ano. 2\u00aa Ed. Editora \u00c1tica. 2015.<\/p>\n<p>\u2022 &nbsp;DANTE, Luiz Roberto. Matem\u00e1tica: Contexto e aplica\u00e7\u00f5es (1\u00ba ao 3\u00ba ano ou volume \u00fanico). 5\u00aa Ed. Editora \u00c1tica. 2015.<\/p>\n<p>\u2022 S\u00c9RATES, Jonofon. Racioc\u00ednio l\u00f3gico \u2013 volumes I e II. Editora: JonofonS\u00e9rates.<\/p>\n<p>\u2022 IEZZI, Gelson; HAZZAN, Samuel et al. Fundamentos de matem\u00e1ticaelementar \u2013 volumes 1, 5 e 11. S\u00e3o Paulo: Atual, 2013.<\/p>\n<p>&nbsp;<\/p>\n<p>&nbsp;<\/p>\n<h4>\n\t<strong>INFORM\u00c1TICA<\/strong><\/h4>\n<p><strong>Conte\u00fados Program\u00e1ticos: <\/strong><\/p>\n<p style=\"margin-left: 40px\">\n\t\u2666 Fundamentos da Computa\u00e7\u00e3o: conceitos b\u00e1sicos de inform\u00e1tica, componentes funcionais de computadores (hardware e software), perif\u00e9ricos, dispositivos de entrada, sa\u00edda e armazenamento de dados.<\/p>\n<p style=\"margin-left: 40px\">\n\t\u2666 Conceitos b\u00e1sicos e caracter\u00edsticas de sistemas operacionais, de organiza\u00e7\u00e3o e de gerenciamento de arquivos e pastas, diret\u00f3rios, arquivos e atalhos, Windows Explorer, \u00e1rea de trabalho, \u00e1rea de transfer\u00eancia, manipula\u00e7\u00e3o de arquivos e pastas, uso dos menus, programas e aplicativos no Windows XP.<\/p>\n<p style=\"margin-left: 40px\">\n\t\u2666 &nbsp;Conceitos e fun\u00e7\u00f5es de aplicativos das vers\u00f5es do MS Office: editores de texto, planilhas eletr\u00f4nicas, apresenta\u00e7\u00f5es de slides.<\/p>\n<p style=\"margin-left: 40px\">\n\t\u2666 &nbsp;Aplicativos associados \u00e0 internet: navega\u00e7\u00e3o e correio eletr\u00f4nico (Internet Explorer, Outlook Express, Firefox).<\/p>\n<p style=\"margin-left: 40px\">\n\t\u2666 Conceitos b\u00e1sicos de intranet, internet, rede, esta\u00e7\u00e3o e servidor.<\/p>\n<p style=\"margin-left: 40px\">\n\t\u2666 E-mail: envio e recep\u00e7\u00e3o de mensagens, atrav\u00e9s de interface webmail ou do software Outlook Express; anexar arquivos em mensagens.<\/p>\n<p style=\"margin-left: 40px\">\n\t\u2666 No\u00e7\u00f5es de seguran\u00e7a das mensagens.<\/p>\n<p style=\"margin-left: 40px\">\n\t\u2666 Internet: conceitos baseados no Internet Explorer 6 ou superior, navega\u00e7\u00e3o, URLs, links.<\/p>\n<p style=\"margin-left: 40px\">\n\t\u2666 Microsoft Office 2007 e BrOffice 3.1: Editor de Texto &#8211; estrutura b\u00e1sica dos documentos, edi\u00e7\u00e3o e formata\u00e7\u00e3o de textos, cabe\u00e7alhos, par\u00e1grafos, fontes, colunas, marcadores simb\u00f3licos e num\u00e9ricos, tabelas, impress\u00e3o, ortografia e gram\u00e1tica, controle de quebras, numera\u00e7\u00e3o de p\u00e1ginas, legendas, \u00edndices, inser\u00e7\u00e3o de objetos, campos pr\u00e9-definidos, caixas de texto.<\/p>\n<p style=\"margin-left: 40px\">\n\t\u2666 Planilhas Eletr\u00f4nicas &#8211; estrutura b\u00e1sica das planilhas, conceitos de c\u00e9lulas, linhas, colunas, pastas e gr\u00e1ficos, elabora\u00e7\u00e3o de tabelas e gr\u00e1ficos, uso de f\u00f3rmulas, fun\u00e7\u00f5es e macros, impress\u00e3o, inser\u00e7\u00e3o de objetos, campos pr\u00e9-definidos, controle de quebras, numera\u00e7\u00e3o de p\u00e1ginas, obten\u00e7\u00e3o de dados externos, classifica\u00e7\u00e3o.<\/p>\n<p style=\"margin-left: 40px\">\n\t\u2666 Trabalho em Rede: compartilhamento de pastas e arquivos, localiza\u00e7\u00e3o e utiliza\u00e7\u00e3o de computadores e pastas remotas, mapeamento de unidades da rede.<\/p>\n<p>\t&nbsp;<\/p>\n<p><strong>Bibliografia Sugerida: <\/strong><\/p>\n<p>\u2022 BATTISTI, J\u00falio. Windows XP \u2013 Home &amp; professional para usu\u00e1rios e administradores. Rio de Janeiro: Axcel Books do Brasil, 2002.<\/p>\n<p>\u2022 BROFFICE. Ajuda online. (Ajuda eletr\u00f4nica integrada ao Programa).<\/p>\n<p>\u2022 CAPRON, H. L.; JOHNSON, J. A. Introdu\u00e7\u00e3o \u00e0 Inform\u00e1tica. S\u00e3o Paulo: Prentice-Hall, 2008.<\/p>\n<p>\u2022 COMIT\u00ca GESTOR DA INTERNET NO BRASIL.<\/p>\n<p>\u2022 TIC Domic\u00edlios.<\/p>\n<p>\u2022 Uso e posse de computador e internet, barreiras de acesso, uso do celular, inten\u00e7\u00e3o de aquisi\u00e7\u00e3o. Dispon\u00edvel em: &lt;http:\/\/ www.cetic.br\/palestras\/pdf\/2008\/pal2008fisl-04.pdf&gt;.<\/p>\n<p>\u2022 FIREFOX. Ajuda. Dispon\u00edvel em: &lt;http:\/\/br.mozdev.org\/ajuda\/&gt;.<\/p>\n<p>\u2022 MEYER, Marilyn; BABER, Roberta; PFAFFENBERGER, Bryan. Nosso futuro e o computador. Porto Alegre: Bookman, 2000.<\/p>\n<p>\u2022 MICROSOFT CORPORATION.<\/p>\n<p>&#8211; Ajuda do Internet Explorer 8. (Ajuda eletr\u00f4nica integrada ao Programa).<\/p>\n<p>&#8211; Ajuda do Microsoft Excel 2007. (Ajuda eletr\u00f4nica integrada ao Programa).<\/p>\n<p>&#8211; Ajuda do Microsoft, Windows 2000 Professional, Windows XP, Windows Vista e Seven. (Ajuda eletr\u00f4nica integrada aos Programas).<\/p>\n<p>&#8211; Ajuda do Outlook Express 6 ou superior (Ajuda eletr\u00f4nica integrada aos Programas).<\/p>\n<p>&nbsp;<\/p>\n<h4>\n\t<strong>CONHECIMENTOS GERAIS<\/strong><\/h4>\n<p><strong>Conte\u00fados Program\u00e1ticos: <\/strong><\/p>\n<p style=\"margin-left: 40px\">\n\t\u2666 Dados hist\u00f3ricos, geopol\u00edticos e socioecon\u00f4micos do estado do RS.<\/p>\n<p style=\"margin-left: 40px\">\n\t\u2666 Fatos relevantes da atualidade no Brasil e suas vincula\u00e7\u00f5es hist\u00f3ricas.<\/p>\n<p style=\"margin-left: 40px\">\n\t\u2666 Informa\u00e7\u00f5es atuais sobre artes, esportes e cultura, lazer, no Brasil.<\/p>\n<p style=\"margin-left: 40px\">\n\t\u2666 Meio Ambiente.<\/p>\n<p style=\"margin-left: 40px\">\n\t\u2666 Sustentabilidade.<\/p>\n<p style=\"margin-left: 40px\">\n\t\u2666 Coleta e reciclagem do lixo.<\/p>\n<p style=\"margin-left: 40px\">\n\t\u2666 Saneamento B\u00e1sico.<\/p>\n<p style=\"margin-left: 40px\">\n\t\u2666 ISO\u00b4s.<\/p>\n<p style=\"margin-left: 40px\">\n\t\u2666 Pol\u00edtica e cidadania no Estado do RS.<\/p>\n<p style=\"margin-left: 40px\">\n\t\u2666 Dados da SUSEPE.<\/p>\n<p>\t&nbsp;<\/p>\n<p><strong>Bibliografia Sugerida: <\/strong><\/p>\n<p>\u2022 Jornais, revistas, sites da atualidade.<\/p>\n<p>\u2022 Revista da Susepe &#8211; Balan\u00e7o 2011. Dispon\u00edvel em: http:\/\/www.susepe.rs.gov.br\/conteudo.php?cod_menu=213<\/p>\n<p>\u2022 Revista da Susepe &#8211; Balan\u00e7o 12\/13. Dispon\u00edvel em: http:\/\/www.susepe.rs.gov.br\/conteudo.php?cod_menu=244<\/p>\n<p>&nbsp;<\/p>\n<h4>\n\t<strong>LEGISLA\u00c7\u00c3O APLICADA<\/strong><\/h4>\n<p><strong>Conte\u00fados Program\u00e1ticos: <\/strong><\/p>\n<p style=\"margin-left: 40px\">\n\t\u2666 Lei Maria da Penha.<\/p>\n<p style=\"margin-left: 40px\">\n\t\u2666 Estatuto Nacional da Igualdade Racial.<\/p>\n<p style=\"margin-left: 40px\">\n\t\u2666 Estatuto Estadual da Igualdade Racial.<\/p>\n<p style=\"margin-left: 40px\">\n\t\u2666 Constitui\u00e7\u00e3o Federal de 1988.<\/p>\n<p style=\"margin-left: 40px\">\n\t\u2666 Direito de Representa\u00e7\u00e3o e o processo de Responsabilidade Administrativa Civil e Penal, nos casos de abuso de autoridade. Lei de Execu\u00e7\u00e3o Penal.<\/p>\n<p style=\"margin-left: 40px\">\n\t\u2666 Lei de apoio \u00e0s pessoas portadoras de defici\u00eancia, sua integra\u00e7\u00e3o social, sobre a coordenadoria nacional para integra\u00e7\u00e3o da pessoa portadora de defici\u00eancia \u2013 Corde, institui a tutela jurisdicional de interesses coletivos ou difusos dessas pessoas, disciplina a atua\u00e7\u00e3o do Minist\u00e9rio P\u00fablico, define crimes.<\/p>\n<p style=\"margin-left: 40px\">\n\t\u2666 Estatuto da Crian\u00e7a e do Adolescente.<\/p>\n<p style=\"margin-left: 40px\">\n\t\u2666 Lei dos Crimes Hediondos.<\/p>\n<p style=\"margin-left: 40px\">\n\t\u2666 San\u00e7\u00f5es aplic\u00e1veis aos agentes p\u00fablicos nos casos de enriquecimento il\u00edcito no exerc\u00edcio de mandato, cargo, emprego ou fun\u00e7\u00e3o na administra\u00e7\u00e3o p\u00fablica direta, indireta ou fundacional.<\/p>\n<p style=\"margin-left: 40px\">\n\t\u2666 Normas para licita\u00e7\u00f5es e contratos da Administra\u00e7\u00e3o P\u00fablica (Lei de Licita\u00e7\u00f5es).<\/p>\n<p style=\"margin-left: 40px\">\n\t\u2666 Crimes de Tortura.<\/p>\n<p style=\"margin-left: 40px\">\n\t\u2666 Estatuto e Regime Jur\u00eddico \u00danico dos Servidores P\u00fablicos Civis do Estado do Rio Grande do Sul.<\/p>\n<p style=\"margin-left: 40px\">\n\t\u2666 A prote\u00e7\u00e3o e os direitos das pessoas portadoras de transtornos mentais e redireciona o modelo assistencial em sa\u00fade mental.<\/p>\n<p style=\"margin-left: 40px\">\n\t\u2666 Estatuto do Idoso.<\/p>\n<p style=\"margin-left: 40px\">\n\t\u2666 Registro, posse e comercializa\u00e7\u00e3o de armas de fogo e muni\u00e7\u00e3o, sobre o Sistema Nacional de Armas \u2013 Sinarm.<\/p>\n<p style=\"margin-left: 40px\">\n\t\u2666 O Sistema Nacional de Pol\u00edticas P\u00fablicas sobre Drogas &#8211; Sisnad; prescreve medidas para preven\u00e7\u00e3o do uso indevido, aten\u00e7\u00e3o e reinser\u00e7\u00e3o social de usu\u00e1rios e dependentes de drogas; estabelece normas para repress\u00e3o \u00e0 produ\u00e7\u00e3o n\u00e3o autorizada e ao tr\u00e1fico il\u00edcito de drogas.<\/p>\n<p style=\"margin-left: 40px\">\n\t\u2666 Quadro Especial de Servidores Penitenci\u00e1rios do Estado do Rio Grande do Sul, da Superintend\u00eancia dos Servi\u00e7os Penitenci\u00e1rios \u2013 SUSEPE.<\/p>\n<p style=\"margin-left: 40px\">\n\t\u2666 Declara\u00e7\u00e3o Universal Dos Direitos Humanos.<\/p>\n<p style=\"margin-left: 40px\">\n\t\u2666 C\u00f3digo Penal.<\/p>\n<p style=\"margin-left: 40px\">\n\t\u2666 C\u00f3digo de Processo Penal.<\/p>\n<p style=\"margin-left: 40px\">\n\t\u2666 Promulga a Conven\u00e7\u00e3o Americana sobre Direitos Humanos (Pacto de S\u00e3o Jos\u00e9 da Costa Rica).<\/p>\n<p style=\"margin-left: 40px\">\n\t\u2666 Regimento Disciplinar Penitenci\u00e1rio do Estado do Rio Grande do Sul.<\/p>\n<p style=\"margin-left: 40px\">\n\t\u2666 Regras M\u00ednimas para o Tratamento do Preso no Brasil.<\/p>\n<p style=\"margin-left: 40px\">\n\t\u2666 Constitui\u00e7\u00e3o do Estado do Rio Grande do Sul.<\/p>\n<p>\t&nbsp;<\/p>\n<p><strong>Bibliografia Sugerida: <\/strong><\/p>\n<p>\u2022 Lei Federal n\u00ba 11.340, de 07 de agosto de 2006 \u2013 Cria mecanismos para coibir a viol\u00eancia dom\u00e9stica e familiar contra a mulher, nos termos do \u00a7 8\u00ba do art. 226 da Constitui\u00e7\u00e3o Federal, da Conven\u00e7\u00e3o sobre a Elimina\u00e7\u00e3o de Todas as Formas de Discrimina\u00e7\u00e3o contra as Mulheres e da Conven\u00e7\u00e3o Interamericana para Prevenir, Punir e Erradicar a Viol\u00eancia contra a Mulher; disp\u00f5e sobre a cria\u00e7\u00e3o dos Juizados de Viol\u00eancia Dom\u00e9stica e Familiar contra a Mulher; altera o C\u00f3digo de Processo Penal, o C\u00f3digo Penal e a Lei de Execu\u00e7\u00e3o Penal; e d\u00e1 outras provid\u00eancias.<\/p>\n<p>\u2022 Lei Federal n\u00ba 12.288, de 20 de julho de 2010 \u2013 Estatuto Nacional da Igualdade Racial.<\/p>\n<p>\u2022 Lei Estadual n\u00ba 13.694, de 19 de janeiro de 2011 \u2013 Estatuto Estadual da Igualdade Racial e d\u00e1 outras provid\u00eancias.<\/p>\n<p>\u2022 BRASIL. Constitui\u00e7\u00e3o da Rep\u00fablica Federativa do Brasil. Bras\u00edlia: Senado Federal, 1988.<\/p>\n<p>\u2022 Lei Federal n\u00ba 4.898, de 09 de dezembro de 1965. Regula o Direito de Representa\u00e7\u00e3o e o processo de Responsabilidade Administrativa Civil e Penal, nos casos de abuso de autoridade.<\/p>\n<p>\u2022 Lei Federal n\u00ba 7.210, de 11 de julho de 1984. Institui a Lei de Execu\u00e7\u00e3o Penal \u2013 LEP. Bras\u00edlia: Senado Federal, 1984.<\/p>\n<p>\u2022 Lei Federal n\u00b0. 7.853, de 24 de outubro de 1989 &#8211; disp\u00f5e sobre o apoio \u00e0s pessoas portadoras de defici\u00eancia, sua integra\u00e7\u00e3o social, sobre a coordenadoria nacional para integra\u00e7\u00e3o da pessoa portadora de defici\u00eancia \u2013 Corde, institui a tutela jurisdicional de interesses coletivos ou difusos dessas pessoas, disciplina a atua\u00e7\u00e3o do Minist\u00e9rio P\u00fablico, define crimes, e d\u00e1 outras provid\u00eancias.<\/p>\n<p>\u2022 Lei Federal n\u00ba 8.069, de 13 de julho de 1990. Disp\u00f5e sobre o Estatuto da Crian\u00e7a e do Adolescente e d\u00e1 outras provid\u00eancias.<\/p>\n<p>\u2022 Lei Federal n\u00ba 8.072, de 25 de julho de 1990. Disp\u00f5e sobre os crimes hediondos, nos termos do art. 5\u00ba, inciso XLIII, da Constitui\u00e7\u00e3o Federal, e determina outras provid\u00eancias.<\/p>\n<p>\u2022 Lei Federal n\u00ba 8.429, de 2 de junho de 1992. Disp\u00f5e sobre as san\u00e7\u00f5es aplic\u00e1veis aos agentes p\u00fablicos nos casos de enriquecimento il\u00edcito no exerc\u00edcio de mandato, cargo, emprego ou fun\u00e7\u00e3o na administra\u00e7\u00e3o p\u00fablica direta, indireta ou fundacional e d\u00e1 outras provid\u00eancias.<\/p>\n<p>\u2022 Lei Federal n\u00ba 8.666, de 21 de junho de 1993. Regulamenta o art. 37, inciso XXI, da Constitui\u00e7\u00e3o Federal, institui normas para licita\u00e7\u00f5es e contratos da Administra\u00e7\u00e3o P\u00fablica e d\u00e1 outras provid\u00eancias.<\/p>\n<p>\u2022 Lei Federal n\u00ba 8.930, de 06 de setembro de 1994. D\u00e1 nova reda\u00e7\u00e3o ao art. 1\u00ba da Lei no 8.072, de 25 de julho de 1990, que disp\u00f5e sobre os crimes hediondos, nos termos do art. 5o, inciso XLIII, da Constitui\u00e7\u00e3o Federal, e determina outras provid\u00eancias.<\/p>\n<p>\u2022 Lei Federal n\u00ba 9.455, de 7 de abril de 1997. Define os crimes de tortura e d\u00e1 outras provid\u00eancias.<\/p>\n<p>\u2022 Lei Estadual n.\u00ba 10.098, de 03 de fevereiro de 1994. Disp\u00f5e sobre o Estatuto e Regime Jur\u00eddico \u00danico dos Servidores P\u00fablicos Civis do Estado do Rio Grande do Sul.<\/p>\n<p>\u2022 Lei Federal n\u00ba 10.216, de 6 de abril de 2001. Disp\u00f5e sobre a prote\u00e7\u00e3o e os direitos das pessoas portadoras de transtornos mentais e redireciona o modelo assistencial em sa\u00fade mental.<\/p>\n<p>\u2022 Lei Federal n\u00ba 10.741, de 1\u00ba de outubro de 2003. Disp\u00f5e sobre o Estatuto do Idoso e d\u00e1 outras provid\u00eancias.<\/p>\n<p>\u2022 Lei Federal n\u00ba 10.826, de 22 de dezembro de 2003. Disp\u00f5e sobre registro, posse e comercializa\u00e7\u00e3o de armas de fogo e muni\u00e7\u00e3o, sobre o Sistema Nacional de Armas \u2013 Sinarm, define crimes e d\u00e1 outras provid\u00eancias.<\/p>\n<p>\u2022 Lei Federal n\u00ba 11.343, de 23 de agosto de 2006 &#8211; Institui o Sistema Nacional de Pol\u00edticas P\u00fablicas sobre Drogas &#8211; Sisnad; prescreve medidas para preven\u00e7\u00e3o do uso indevido, aten\u00e7\u00e3o e reinser\u00e7\u00e3o social de usu\u00e1rios e dependentes de drogas; estabelece normas para repress\u00e3o \u00e0 produ\u00e7\u00e3o n\u00e3o autorizada e ao tr\u00e1fico il\u00edcito de drogas; define crimes e d\u00e1 outras provid\u00eancias.<\/p>\n<p>\u2022 Lei Federal n\u00ba 11.464, de 28 de mar\u00e7o de 2007- D\u00e1 nova reda\u00e7\u00e3o ao art. 2o da Lei no 8.072, de 25 de julho de 1990, que disp\u00f5e sobre os crimes hediondos, nos termos do inciso XLIII do art. 5o da Constitui\u00e7\u00e3o Federal.<\/p>\n<p>\u2022 Lei Federal n\u00ba 12.403, de 4 de maio de 2011. Altera dispositivos do Decreto-Lei no 3.689, de 3 de outubro de 1941 &#8211; C\u00f3digo de Processo Penal, relativos \u00e0 pris\u00e3o processual, fian\u00e7a, liberdade provis\u00f3ria, demais medidas cautelares, e d\u00e1 outras provid\u00eancias.<\/p>\n<p>\u2022 Lei Estadual n.\u00ba 13.259, de 20 de outubro de 2009. Disp\u00f5e sobre o Quadro Especial de Servidores Penitenci\u00e1rios do Estado do Rio Grande do Sul, da Superintend\u00eancia dos Servi\u00e7os Penitenci\u00e1rios \u2013 SUSEPE \u2013 criado pela Lei n\u00ba 9.228, de 1\u00ba de fevereiro de 1991, e d\u00e1 outras provid\u00eancias, e suas altera\u00e7\u00f5es.<\/p>\n<p>\u2022 Declara\u00e7\u00e3o Universal Dos Direitos Humanos. Adotada e proclamada pela resolu\u00e7\u00e3o 217 A (III) da Assembleia Geral das Na\u00e7\u00f5es Unidas em 10 de dezembro de 1948.<\/p>\n<p>\u2022 Decreto-Lei no 2.848, de 7 de dezembro De 1940. C\u00f3digo Penal.<\/p>\n<p>\u2022 Decreto-Lei no 3.689, de 3 de outubro de 1941. C\u00f3digo de Processo Penal.<\/p>\n<p>\u2022 Decreto n\u00b0 678, de 6 de novembro de 1992. Promulga a Conven\u00e7\u00e3o Americana sobre Direitos Humanos (Pacto de S\u00e3o Jos\u00e9 da Costa Rica), de 22 de novembro de 1969.<\/p>\n<p>\u2022 Decreto n\u00ba 46.534, de 04 de agosto de 2009. Disp\u00f5e sobre o Regimento Disciplinar Penitenci\u00e1rio do Estado do Rio Grande do Sul.<\/p>\n<p>\u2022 Resolu\u00e7\u00e3o n\u00ba 14, de 11 de novembro de 1994. Regras M\u00ednimas para o Tratamento do Preso no Brasil.<\/p>\n<p>\u2022 Constitui\u00e7\u00e3o do Estado do Rio Grande do Sul, texto constitucional de 3 de outubro de 1989.<\/p>\n<hr \/>\n<h3 style=\"text-align: justify\">\n\tSUSEPE RS &#8211; Edital Esquematizado &#8211; Agente Penitenci\u00e1rio Administrativo (n\u00edvel m\u00e9dio)<\/h3>\n<h4>\n\t<strong>L\u00cdNGUA PORTUGUESA<\/strong><\/h4>\n<p><strong>Conte\u00fados Program\u00e1ticos: <\/strong><\/p>\n<p style=\"margin-left: 40px\">\n\t\u2666 An\u00e1lise global do texto.<\/p>\n<p style=\"margin-left: 40px\">\n\t\u2666 Ortografia.<\/p>\n<p style=\"margin-left: 40px\">\n\t\u2666 Rela\u00e7\u00f5es entre fonemas e grafias.<\/p>\n<p style=\"margin-left: 40px\">\n\t\u2666 Acentua\u00e7\u00e3o gr\u00e1fica.<\/p>\n<p style=\"margin-left: 40px\">\n\t\u2666 Morfologia: estrutura e forma\u00e7\u00e3o de palavras.<\/p>\n<p style=\"margin-left: 40px\">\n\t\u2666 Classes de palavras e seu emprego.<\/p>\n<p style=\"margin-left: 40px\">\n\t\u2666 Flex\u00f5es: g\u00eanero, n\u00famero e grau do substantivo e adjetivo.<\/p>\n<p style=\"margin-left: 40px\">\n\t\u2666 Sintaxe: processos de coordena\u00e7\u00e3o e subordina\u00e7\u00e3o.<\/p>\n<p style=\"margin-left: 40px\">\n\t\u2666 Equival\u00eancia e transforma\u00e7\u00e3o de estruturas.<\/p>\n<p style=\"margin-left: 40px\">\n\t\u2666 Discurso direto e indireto.<\/p>\n<p style=\"margin-left: 40px\">\n\t\u2666 Concord\u00e2ncia nominal e verbal.<\/p>\n<p style=\"margin-left: 40px\">\n\t\u2666 Reg\u00eancia verbal e nominal.<\/p>\n<p style=\"margin-left: 40px\">\n\t\u2666 Crase.<\/p>\n<p style=\"margin-left: 40px\">\n\t\u2666 Pontua\u00e7\u00e3o.<\/p>\n<p style=\"margin-left: 40px\">\n\t\u2666 Interpreta\u00e7\u00e3o de textos: variedade de textos e adequa\u00e7\u00e3o de linguagem.<\/p>\n<p style=\"margin-left: 40px\">\n\t\u2666 Estrutura\u00e7\u00e3o do texto e dos par\u00e1grafos.<\/p>\n<p style=\"margin-left: 40px\">\n\t\u2666 Informa\u00e7\u00f5es literais e infer\u00eancias.<\/p>\n<p style=\"margin-left: 40px\">\n\t\u2666 Estrutura\u00e7\u00e3o do texto: recursos de coes\u00e3o.<\/p>\n<p style=\"margin-left: 40px\">\n\t\u2666 Significa\u00e7\u00e3o contextual de palavras e express\u00f5es.<\/p>\n<p>\t&nbsp;<\/p>\n<p><strong>Bibliografia Sugerida: <\/strong><\/p>\n<p>\u2022 BECHARA, Evanildo. Moderna gram\u00e1tica portuguesa. Rio de Janeiro: Nova Fronteira, 2001.<\/p>\n<p>\u2022 CEGALLA, Domingos Paschoal. Nov\u00edssima gram\u00e1tica da l\u00edngua portuguesa. S\u00e3o Paulo: Nacional, 2010.<\/p>\n<p>\u2022 FERREIRA, Aur\u00e9lio B. de Holanda. Novo dicion\u00e1rio da l\u00edngua portuguesa. Curitiba: Positivo-Livros, 2004.<\/p>\n<p>\u2022 FIORIN, Jos\u00e9 L.; SAVIOLI, Francisco Plat\u00e3o. Para entender o texto: leitura e reda\u00e7\u00e3o. S\u00e3o Paulo: \u00c1tica, 2007.<\/p>\n<p>\u2022 KOCH, I. Villa\u00e7a; ELIAS, Vanda Maria. Ler e compreender: os sentidos do texto. S\u00e3o Paulo: Contexto, 2006.<\/p>\n<p>\u2022 MARTINS, Dileta; ZILBERKNOP, L\u00fabia Scliar. Portugu\u00eas instrumental \u2013 De acordo com as atuais normas da ABNT. S\u00e3o Paulo: Atlas, 2009.<\/p>\n<p>&nbsp;<\/p>\n<h4>\n\tRACIOC\u00cdNIO L\u00d3GICO<\/h4>\n<p><strong>Conte\u00fados Program\u00e1ticos: <\/strong><\/p>\n<p style=\"margin-left: 40px\">\n\t\u2666 Conceitos b\u00e1sicos de racioc\u00ednio l\u00f3gico: senten\u00e7as abertas; proposi\u00e7\u00f5es simples e compostas; conectivos (conjun\u00e7\u00e3o, disjun\u00e7\u00e3o, disjun\u00e7\u00e3o exclusiva, condicional e bicondicional); nega\u00e7\u00f5es; n\u00famero de linhas de uma tabela-verdade; valores l\u00f3gicos das proposi\u00e7\u00f5es e constru\u00e7\u00e3o de tabelas-verdade; Equival\u00eancias l\u00f3gicas; tautologia; contradi\u00e7\u00e3o; conting\u00eancia; Opera\u00e7\u00f5es l\u00f3gicas sobre senten\u00e7as abertas; quantificadores l\u00f3gicos e suas nega\u00e7\u00f5es; L\u00f3gica de argumenta\u00e7\u00e3o; Opera\u00e7\u00f5es entre n\u00fameros reais (adi\u00e7\u00e3o, subtra\u00e7\u00e3o, multiplica\u00e7\u00e3o e divis\u00e3o).<\/p>\n<p style=\"margin-left: 40px\">\n\t\u2666 Teoria dos conjuntos: opera\u00e7\u00f5es entre conjuntos e Diagrama de Venn.<\/p>\n<p style=\"margin-left: 40px\">\n\t\u2666 Regra de tr\u00eas simples (direta e inversa) e composta.<\/p>\n<p style=\"margin-left: 40px\">\n\t\u2666 Porcentagem.<\/p>\n<p style=\"margin-left: 40px\">\n\t\u2666 Sistema monet\u00e1rio brasileiro.<\/p>\n<p style=\"margin-left: 40px\">\n\t\u2666 Sistema de medidas: comprimento, capacidade, superf\u00edcie, massa e tempo (unidades e transforma\u00e7\u00f5es de unidades).<\/p>\n<p style=\"margin-left: 40px\">\n\t\u2666 Equa\u00e7\u00f5es e sistema de equa\u00e7\u00f5es do primeiro grau.<\/p>\n<p style=\"margin-left: 40px\">\n\t\u2666 Matem\u00e1tica Financeira: Juros simples e compostos; Taxas proporcionais e equivalentes.<\/p>\n<p style=\"margin-left: 40px\">\n\t\u2666 Estat\u00edstica: Interpreta\u00e7\u00e3o de dados (gr\u00e1ficos e tabelas); c\u00e1lculo de medidas de tend\u00eancia central: m\u00e9dia, mediana e moda.<\/p>\n<p style=\"margin-left: 40px\">\n\t\u2666 An\u00e1lise Combinat\u00f3ria e Probabilidade.<\/p>\n<p style=\"margin-left: 40px\">\n\t\u2666 Aplica\u00e7\u00e3o dos conte\u00fados acima listados em resolu\u00e7\u00e3o de problemas.<\/p>\n<p>\t&nbsp;<\/p>\n<p><strong>Bibliografia Sugerida: <\/strong><\/p>\n<p>\u2022 DANTE, Luiz Roberto. Projeto Tel\u00e1ris Matem\u00e1tica \u2013 Fundamental II \u2013 6\u00ba ao 9\u00ba ano. 2\u00aa Ed. Editora \u00c1tica. 2015.<\/p>\n<p>\u2022 DANTE, Luiz Roberto. Matem\u00e1tica: Contexto e aplica\u00e7\u00f5es (1\u00ba ao 3\u00ba ano ou volume \u00fanico). 5\u00aa Ed. Editora \u00c1tica. 2015.<\/p>\n<p>\u2022 S\u00c9RATES, Jonofon. Racioc\u00ednio l\u00f3gico \u2013 volumes I e II. Editora: JonofonS\u00e9rates. IEZZI, Gelson;<\/p>\n<p>\u2022 HAZZAN, Samuel et al. Fundamentos de matem\u00e1ticaelementar \u2013 volumes 1, 5 e 11. S\u00e3o Paulo: Atual, 2013.<\/p>\n<p>&nbsp;<\/p>\n<h4>\n\t<strong>INFORM\u00c1TICA<\/strong><\/h4>\n<p><strong>Conte\u00fados Program\u00e1ticos: <\/strong><\/p>\n<p style=\"margin-left: 40px\">\n\t\u2666 Fundamentos da Computa\u00e7\u00e3o: conceitos b\u00e1sicos de inform\u00e1tica, componentes funcionais de computadores (hardware e software), perif\u00e9ricos, dispositivos de entrada, sa\u00edda e armazenamento de dados.<\/p>\n<p style=\"margin-left: 40px\">\n\t\u2666 Conceitos b\u00e1sicos e caracter\u00edsticas de sistemas operacionais, de organiza\u00e7\u00e3o e de gerenciamento de arquivos e pastas, diret\u00f3rios, arquivos e atalhos, Windows Explorer, \u00e1rea de trabalho, \u00e1rea de transfer\u00eancia, manipula\u00e7\u00e3o de arquivos e pastas,<\/p>\n<p style=\"margin-left: 40px\">\n\tuso dos menus, programas e aplicativos no Windows XP.<\/p>\n<p style=\"margin-left: 40px\">\n\t\u2666 Conceitos e fun\u00e7\u00f5es de aplicativos das vers\u00f5es do MS Office: editores de texto, planilhas eletr\u00f4nicas, apresenta\u00e7\u00f5es de slides.<\/p>\n<p style=\"margin-left: 40px\">\n\t\u2666 Aplicativos associados \u00e0 internet: navega\u00e7\u00e3o e correio eletr\u00f4nico (Internet Explorer, Outlook Express, Firefox).<\/p>\n<p style=\"margin-left: 40px\">\n\t\u2666 Conceitos b\u00e1sicos de intranet, internet, rede, esta\u00e7\u00e3o e servidor.<\/p>\n<p style=\"margin-left: 40px\">\n\t\u2666 E-mail: envio e recep\u00e7\u00e3o de mensagens, atrav\u00e9s de interface webmail ou do software Outlook Express; anexar arquivos em mensagens.<\/p>\n<p style=\"margin-left: 40px\">\n\t\u2666 No\u00e7\u00f5es de seguran\u00e7a das mensagens.<\/p>\n<p style=\"margin-left: 40px\">\n\t\u2666 Internet: conceitos baseados no Internet Explorer 6 ou superior, navega\u00e7\u00e3o, URLs, links.<\/p>\n<p style=\"margin-left: 40px\">\n\t\u2666 Microsoft Office 2007 e BrOffice 3.1: Editor de Texto &#8211; estrutura b\u00e1sica dos documentos, edi\u00e7\u00e3o e formata\u00e7\u00e3o de textos, cabe\u00e7alhos, par\u00e1grafos, fontes, colunas, marcadores simb\u00f3licos e num\u00e9ricos, tabelas, impress\u00e3o, ortografia e gram\u00e1tica, controle de quebras, numera\u00e7\u00e3o de p\u00e1ginas, legendas, \u00edndices, inser\u00e7\u00e3o de objetos, campos pr\u00e9-definidos, caixas de texto.<\/p>\n<p style=\"margin-left: 40px\">\n\t\u2666 Planilhas Eletr\u00f4nicas &#8211; estrutura b\u00e1sica das planilhas, conceitos de c\u00e9lulas, linhas, colunas, pastas e gr\u00e1ficos, elabora\u00e7\u00e3o de tabelas e gr\u00e1ficos, uso de f\u00f3rmulas, fun\u00e7\u00f5es e macros, impress\u00e3o, inser\u00e7\u00e3o de objetos, campos pr\u00e9-definidos, controle de quebras, numera\u00e7\u00e3o de p\u00e1ginas, obten\u00e7\u00e3o de dados externos, classifica\u00e7\u00e3o.<\/p>\n<p style=\"margin-left: 40px\">\n\t\u2666 Trabalho em Rede: compartilhamento de pastas e arquivos, localiza\u00e7\u00e3o e utiliza\u00e7\u00e3o de computadores e pastas remotas, mapeamento de unidades da rede.<\/p>\n<p>\t&nbsp;<\/p>\n<p><strong>Bibliografia Sugerida: <\/strong><\/p>\n<p>\u2022 BATTISTI, J\u00falio. Windows XP \u2013 Home &amp; professional para usu\u00e1rios e administradores. Rio de Janeiro: Axcel Books do Brasil, 2002.<\/p>\n<p>\u2022 BROFFICE. Ajuda online. (Ajuda eletr\u00f4nica integrada ao Programa).<\/p>\n<p>\u2022 CAPRON, H. L.; JOHNSON, J. A. Introdu\u00e7\u00e3o \u00e0 Inform\u00e1tica. S\u00e3o Paulo: Prentice-Hall, 2008.<\/p>\n<p>\u2022 COMIT\u00ca GESTOR DA INTERNET NO BRASIL.<\/p>\n<p>\u2022 TIC Domic\u00edlios.<\/p>\n<p>\u2022 Uso e posse de computador e internet, barreiras de acesso, uso do celular, inten\u00e7\u00e3o de aquisi\u00e7\u00e3o. Dispon\u00edvel em: &lt;http:\/\/ www.cetic.br\/palestras\/pdf\/2008\/pal2008fisl-04.pdf&gt;.<\/p>\n<p>\u2022 FIREFOX. Ajuda. Dispon\u00edvel em: &lt;http:\/\/br.mozdev.org\/ajuda\/&gt;.<\/p>\n<p>\u2022 MEYER, Marilyn; BABER, Roberta; PFAFFENBERGER, Bryan. Nosso futuro e o computador. Porto Alegre: Bookman, 2000.<\/p>\n<p>\u2022 MICROSOFT CORPORATION.<\/p>\n<p>&#8211; Ajuda do Internet Explorer 8. (Ajuda eletr\u00f4nica integrada ao Programa).<\/p>\n<p>&#8211; Ajuda do Microsoft Excel 2007. (Ajuda eletr\u00f4nica integrada ao Programa).<\/p>\n<p>&#8211; Ajuda do Microsoft, Windows 2000 Professional, Windows XP, Windows Vista e Seven. (Ajuda eletr\u00f4nica integrada aos Programas).<\/p>\n<p>&#8211; Ajuda do Outlook Express 6 ou superior (Ajuda eletr\u00f4nica integrada aos Programas).<\/p>\n<p>&nbsp;<\/p>\n<h4>\n\t<strong>CONHECIMENTOS GERAIS<\/strong><\/h4>\n<p><strong>Conte\u00fados Program\u00e1ticos: <\/strong><\/p>\n<p style=\"margin-left: 40px\">\n\t\u2666 Dados hist\u00f3ricos, geopol\u00edticos e socioecon\u00f4micos do estado do RS.<\/p>\n<p style=\"margin-left: 40px\">\n\t\u2666 Fatos relevantes da atualidade no Brasil e suas vincula\u00e7\u00f5es hist\u00f3ricas.<\/p>\n<p style=\"margin-left: 40px\">\n\t\u2666 Informa\u00e7\u00f5es atuais sobre artes, esportes e cultura, lazer, no Brasil.<\/p>\n<p style=\"margin-left: 40px\">\n\t\u2666 Meio Ambiente.<\/p>\n<p style=\"margin-left: 40px\">\n\t\u2666 Sustentabilidade.<\/p>\n<p style=\"margin-left: 40px\">\n\t\u2666 Coleta e reciclagem do lixo.<\/p>\n<p style=\"margin-left: 40px\">\n\t\u2666 Saneamento B\u00e1sico.<\/p>\n<p style=\"margin-left: 40px\">\n\t\u2666 ISO\u00b4s.<\/p>\n<p style=\"margin-left: 40px\">\n\t\u2666 Pol\u00edtica e cidadania no Estado do RS. Dados da SUSEPE.<\/p>\n<p>\t&nbsp;<\/p>\n<p><strong>Bibliografia Sugerida: <\/strong><\/p>\n<p>\u2022 Jornais, revistas, sites da atualidade.<\/p>\n<p>\u2022 Revista da Susepe &#8211; Balan\u00e7o 2011. Dispon\u00edvel em: http:\/\/www.susepe.rs.gov.br\/conteudo.php?cod_menu=213<\/p>\n<p>\u2022 Revista da Susepe &#8211; Balan\u00e7o 12\/13. Dispon\u00edvel em: http:\/\/www.susepe.rs.gov.br\/conteudo.php?cod_menu=244<\/p>\n<p>&nbsp;<\/p>\n<h4>\n\t<strong>LEGISLA\u00c7\u00c3O APLICADA<\/strong><\/h4>\n<p><strong>Conte\u00fados Program\u00e1ticos: <\/strong><\/p>\n<p style=\"margin-left: 40px\">\n\t\u2666 Lei Maria da Penha.<\/p>\n<p style=\"margin-left: 40px\">\n\t\u2666 Estatuto Nacional da Igualdade Racial.<\/p>\n<p style=\"margin-left: 40px\">\n\t\u2666 Estatuto Estadual da Igualdade Racial.<\/p>\n<p style=\"margin-left: 40px\">\n\t\u2666 Constitui\u00e7\u00e3o Federal de 1988.<\/p>\n<p style=\"margin-left: 40px\">\n\t\u2666 Direito de Representa\u00e7\u00e3o e o processo de Responsabilidade Administrativa Civil e Penal, nos casos de abuso de autoridade.<\/p>\n<p style=\"margin-left: 40px\">\n\t\u2666 &nbsp;Lei de Execu\u00e7\u00e3o Penal.<\/p>\n<p style=\"margin-left: 40px\">\n\t\u2666 Lei de apoio \u00e0s pessoas portadoras de defici\u00eancia, sua integra\u00e7\u00e3o social, sobre a coordenadoria nacional para integra\u00e7\u00e3o da pessoa portadora de defici\u00eancia \u2013 Corde, institui a tutela jurisdicional de interesses coletivos ou difusos dessas pessoas, disciplina a atua\u00e7\u00e3o do Minist\u00e9rio P\u00fablico, define crimes. Estatuto da Crian\u00e7a e do Adolescente.<\/p>\n<p style=\"margin-left: 40px\">\n\t\u2666 Lei dos Crimes Hediondos.<\/p>\n<p style=\"margin-left: 40px\">\n\t\u2666 San\u00e7\u00f5es aplic\u00e1veis aos agentes p\u00fablicos nos casos de enriquecimento il\u00edcito no exerc\u00edcio de mandato, cargo, emprego ou fun\u00e7\u00e3o na administra\u00e7\u00e3o p\u00fablica direta, indireta ou fundacional. Normas para licita\u00e7\u00f5es e contratos da Administra\u00e7\u00e3o P\u00fablica (Lei de Licita\u00e7\u00f5es).<\/p>\n<p style=\"margin-left: 40px\">\n\t\u2666 Crimes de Tortura.<\/p>\n<p style=\"margin-left: 40px\">\n\t\u2666 Estatuto e Regime Jur\u00eddico \u00danico dos Servidores P\u00fablicos Civis do Estado do Rio Grande do Sul.<\/p>\n<p style=\"margin-left: 40px\">\n\t\u2666 A prote\u00e7\u00e3o e os direitos das pessoas portadoras de transtornos mentais e redireciona o modelo assistencial em sa\u00fade mental.<\/p>\n<p style=\"margin-left: 40px\">\n\t\u2666 Estatuto do Idoso.<\/p>\n<p style=\"margin-left: 40px\">\n\t\u2666 Registro, posse e comercializa\u00e7\u00e3o de armas de fogo e muni\u00e7\u00e3o, sobre o Sistema Nacional de Armas \u2013 Sinarm.<\/p>\n<p style=\"margin-left: 40px\">\n\t\u2666 O Sistema Nacional de Pol\u00edticas P\u00fablicas sobre Drogas &#8211; Sisnad; prescreve medidas para preven\u00e7\u00e3o do uso indevido, aten\u00e7\u00e3o e reinser\u00e7\u00e3o social de usu\u00e1rios e dependentes de drogas; estabelece normas para repress\u00e3o \u00e0 produ\u00e7\u00e3o n\u00e3o autorizada e ao tr\u00e1fico il\u00edcito de drogas.<\/p>\n<p style=\"margin-left: 40px\">\n\t\u2666 Quadro Especial de Servidores Penitenci\u00e1rios do Estado do Rio Grande do Sul, da Superintend\u00eancia dos Servi\u00e7os Penitenci\u00e1rios \u2013 SUSEPE.<\/p>\n<p style=\"margin-left: 40px\">\n\t\u2666 Declara\u00e7\u00e3o Universal Dos Direitos Humanos.<\/p>\n<p style=\"margin-left: 40px\">\n\t\u2666 C\u00f3digo Penal.<\/p>\n<p style=\"margin-left: 40px\">\n\t\u2666 C\u00f3digo de Processo Penal.<\/p>\n<p style=\"margin-left: 40px\">\n\t\u2666 Promulga a Conven\u00e7\u00e3o Americana sobre Direitos Humanos (Pacto de S\u00e3o Jos\u00e9 da Costa Rica).<\/p>\n<p style=\"margin-left: 40px\">\n\t\u2666 Regimento Disciplinar Penitenci\u00e1rio do Estado do Rio Grande do Sul.<\/p>\n<p style=\"margin-left: 40px\">\n\t\u2666 Regras M\u00ednimas para o Tratamento do Preso no Brasil.<\/p>\n<p style=\"margin-left: 40px\">\n\t\u2666 Constitui\u00e7\u00e3o do Estado do Rio Grande do Sul.<\/p>\n<p>\t&nbsp;<\/p>\n<p><strong>Bibliografia Sugerida: <\/strong><\/p>\n<p>\u2022 Lei Federal n\u00ba 11.340, de 07 de agosto de 2006 \u2013 Cria mecanismos para coibir a viol\u00eancia dom\u00e9stica e familiar contra a mulher, nos termos do \u00a7 8\u00ba do art. 226 da Constitui\u00e7\u00e3o Federal, da Conven\u00e7\u00e3o sobre a Elimina\u00e7\u00e3o de Todas as Formas de Discrimina\u00e7\u00e3o contra as Mulheres e da Conven\u00e7\u00e3o Interamericana para Prevenir, Punir e Erradicar a Viol\u00eancia contra a Mulher; disp\u00f5e sobre a cria\u00e7\u00e3o dos Juizados de Viol\u00eancia Dom\u00e9stica e Familiar contra a Mulher; altera o C\u00f3digo de Processo Penal, o C\u00f3digo Penal e a Lei de Execu\u00e7\u00e3o Penal; e d\u00e1 outras provid\u00eancias.<\/p>\n<p>\u2022 Lei Federal n\u00ba 12.288, de 20 de julho de 2010 \u2013 Estatuto Nacional da Igualdade Racial.<\/p>\n<p>\u2022 Lei Estadual n\u00ba 13.694, de 19 de janeiro de 2011 \u2013 Estatuto Estadual da Igualdade Racial e d\u00e1 outras provid\u00eancias.<\/p>\n<p>\u2022 BRASIL. Constitui\u00e7\u00e3o da Rep\u00fablica Federativa do Brasil. Bras\u00edlia: Senado Federal, 1988.<\/p>\n<p>\u2022 Lei Federal n\u00ba 4.898, de 09 de dezembro de 1965. Regula o Direito de Representa\u00e7\u00e3o e o processo de Responsabilidade Administrativa Civil e Penal, nos casos de abuso de autoridade.<\/p>\n<p>\u2022 Lei Federal n\u00ba 7.210, de 11 de julho de 1984. Institui a Lei de Execu\u00e7\u00e3o Penal \u2013 LEP. Bras\u00edlia: Senado Federal, 1984.<\/p>\n<p>\u2022 Lei Federal n\u00b0. 7.853, de 24 de outubro de 1989 &#8211; disp\u00f5e sobre o apoio \u00e0s pessoas portadoras de defici\u00eancia, sua integra\u00e7\u00e3o social, sobre a coordenadoria nacional para integra\u00e7\u00e3o da pessoa portadora de defici\u00eancia \u2013 Corde, institui a tutela jurisdicional de interesses coletivos ou difusos dessas pessoas, disciplina a atua\u00e7\u00e3o do Minist\u00e9rio P\u00fablico, define crimes, e d\u00e1 outras provid\u00eancias.<\/p>\n<p>\u2022 Lei Federal n\u00ba 8.069, de 13 de julho de 1990. Disp\u00f5e sobre o Estatuto da Crian\u00e7a e do Adolescente e d\u00e1 outras provid\u00eancias.<\/p>\n<p>\u2022 Lei Federal n\u00ba 8.072, de 25 de julho de 1990. Disp\u00f5e sobre os crimes hediondos, nos termos do art. 5\u00ba, inciso XLIII, da Constitui\u00e7\u00e3o Federal, e determina outras provid\u00eancias.<\/p>\n<p>\u2022 Lei Federal n\u00ba 8.429, de 2 de junho de 1992. Disp\u00f5e sobre as san\u00e7\u00f5es aplic\u00e1veis aos agentes p\u00fablicos nos casos de enriquecimento il\u00edcito no exerc\u00edcio de mandato, cargo, emprego ou fun\u00e7\u00e3o na administra\u00e7\u00e3o p\u00fablica direta, indireta ou fundacional e d\u00e1 outras provid\u00eancias.<\/p>\n<p>\u2022 Lei Federal n\u00ba 8.666, de 21 de junho de 1993. Regulamenta o art. 37, inciso XXI, da Constitui\u00e7\u00e3o Federal, institui normas para licita\u00e7\u00f5es e contratos da Administra\u00e7\u00e3o P\u00fablica e d\u00e1 outras provid\u00eancias.<\/p>\n<p>\u2022 Lei Federal n\u00ba 8.930, de 06 de setembro de 1994. D\u00e1 nova reda\u00e7\u00e3o ao art. 1\u00ba da Lei no 8.072, de 25 de julho de 1990, que disp\u00f5e sobre os crimes hediondos, nos termos do art. 5o, inciso XLIII, da Constitui\u00e7\u00e3o Federal, e determina outras provid\u00eancias.<\/p>\n<p>\u2022 Lei Federal n\u00ba 9.455, de 7 de abril de 1997. Define os crimes de tortura e d\u00e1 outras provid\u00eancias. Lei Estadual n.\u00ba 10.098, de 03 de fevereiro de 1994. Disp\u00f5e sobre o Estatuto e Regime Jur\u00eddico \u00danico dos Servidores P\u00fablicos Civis do Estado do Rio Grande do Sul.<\/p>\n<p>\u2022 Lei Federal n\u00ba 10.216, de 6 de abril de 2001. Disp\u00f5e sobre a prote\u00e7\u00e3o e os direitos das pessoas portadoras de transtornos mentais e redireciona o modelo assistencial em sa\u00fade mental.<\/p>\n<p>\u2022 Lei Federal n\u00ba 10.741, de 1\u00ba de outubro de 2003. Disp\u00f5e sobre o Estatuto do Idoso e d\u00e1 outras provid\u00eancias.<\/p>\n<p>\u2022 Lei Federal n\u00ba 10.826, de 22 de dezembro de 2003. Disp\u00f5e sobre registro, posse e comercializa\u00e7\u00e3o de armas de fogo e muni\u00e7\u00e3o, sobre o Sistema Nacional de Armas \u2013 Sinarm, define crimes e d\u00e1 outras provid\u00eancias. \u2022 Lei Federal n\u00ba 11.343, de 23 de agosto de 2006 &#8211; Institui o Sistema Nacional de Pol\u00edticas P\u00fablicas sobre Drogas &#8211; Sisnad; prescreve medidas para preven\u00e7\u00e3o do uso indevido, aten\u00e7\u00e3o e reinser\u00e7\u00e3o social de usu\u00e1rios e dependentes de drogas; estabelece normas para repress\u00e3o \u00e0 produ\u00e7\u00e3o n\u00e3o autorizada e ao tr\u00e1fico il\u00edcito de drogas; define crimes e d\u00e1 outras provid\u00eancias.<\/p>\n<p>\u2022 Lei Federal n\u00ba 11.464, de 28 de mar\u00e7o de 2007- D\u00e1 nova reda\u00e7\u00e3o ao art. 2o da Lei no 8.072, de 25 de julho de 1990, que disp\u00f5e sobre os crimes hediondos, nos termos do inciso XLIII do art. 5o da Constitui\u00e7\u00e3o Federal.<\/p>\n<p>\u2022 Lei Federal n\u00ba 12.403, de 4 de maio de 2011. Altera dispositivos do Decreto-Lei no 3.689, de 3 de outubro de 1941 &#8211; C\u00f3digo de Processo Penal, relativos \u00e0 pris\u00e3o processual, fian\u00e7a, liberdade provis\u00f3ria, demais medidas cautelares, e d\u00e1 outras provid\u00eancias.<\/p>\n<p>\u2022 Lei Estadual n.\u00ba 13.259, de 20 de outubro de 2009. Disp\u00f5e sobre o Quadro Especial de Servidores Penitenci\u00e1rios do Estado do Rio Grande do Sul, da Superintend\u00eancia dos Servi\u00e7os Penitenci\u00e1rios \u2013 SUSEPE \u2013 criado pela Lei n\u00ba 9.228, de 1\u00ba de fevereiro de 1991, e d\u00e1 outras provid\u00eancias, e suas altera\u00e7\u00f5es.<\/p>\n<p>\u2022 Declara\u00e7\u00e3o Universal Dos Direitos Humanos. Adotada e proclamada pela resolu\u00e7\u00e3o 217 A (III) da Assembleia Geral das Na\u00e7\u00f5es Unidas em 10 de dezembro de 1948.<\/p>\n<p>\u2022 Decreto-Lei no 2.848, de 7 de dezembro De 1940. C\u00f3digo Penal.<\/p>\n<p>\u2022 Decreto-Lei no 3.689, de 3 de outubro de 1941. C\u00f3digo de Processo Penal.<\/p>\n<p>\u2022 Decreto n\u00b0 678, de 6 de novembro de 1992. Promulga a Conven\u00e7\u00e3o Americana sobre Direitos Humanos (Pacto de S\u00e3o Jos\u00e9 da Costa Rica), de 22 de novembro de 1969.<\/p>\n<p>\u2022 Decreto n\u00ba 46.534, de 04 de agosto de 2009. Disp\u00f5e sobre o Regimento Disciplinar Penitenci\u00e1rio do Estado do Rio Grande do Sul.<\/p>\n<p>\u2022 Resolu\u00e7\u00e3o n\u00ba 14, de 11 de novembro de 1994. Regras M\u00ednimas para o Tratamento do Preso no Brasil.<\/p>\n<p>\u2022 Constitui\u00e7\u00e3o do Estado do Rio Grande do Sul, texto constitucional de 3 de outubro de 1989.<\/p>\n<hr \/>\n<h3 style=\"text-align: justify\">\n\t<img loading=\"lazy\" decoding=\"async\" alt=\"edital SUSEPE RS\" class=\"size-full wp-image-59054 aligncenter\" height=\"386\" src=\"https:\/\/dhg1h5j42swfq.cloudfront.net\/2016\/12\/21131616\/Adinoel-PM-RJ-foto-tabela-edital-esquematizado.jpg\" style=\"width: 500px;height: 205px\" title=\"\" width=\"940\" srcset=\"https:\/\/dhg1h5j42swfq.cloudfront.net\/2016\/12\/21131616\/Adinoel-PM-RJ-foto-tabela-edital-esquematizado.jpg 940w, https:\/\/dhg1h5j42swfq.cloudfront.net\/2016\/12\/21131616\/Adinoel-PM-RJ-foto-tabela-edital-esquematizado.jpg 300w, https:\/\/dhg1h5j42swfq.cloudfront.net\/2016\/12\/21131616\/Adinoel-PM-RJ-foto-tabela-edital-esquematizado.jpg 768w, https:\/\/dhg1h5j42swfq.cloudfront.net\/2016\/12\/21131616\/Adinoel-PM-RJ-foto-tabela-edital-esquematizado.jpg 500w\" sizes=\"auto, (max-width: 940px) 100vw, 940px\" \/><\/h3>\n<h3 style=\"text-align: justify\">\n\tSUSEPE RS &#8211; Edital Esquematizado &#8211; baixar tabelas<\/h3>\n<p style=\"text-align: justify\">\n\tAdiante, segue links de tabelas em EXCEL (edit\u00e1vel) com o edital esquematizado item a item das disciplinas cobradas no concurso SUSEPE RS 2017.<\/p>\n<p style=\"text-align: justify;margin-left: 40px\">\n\t\u2666 <a href=\"https:\/\/dhg1h5j42swfq.cloudfront.net\/2017\/01\/17173001\/Adinoel-tabela-SUSEPRE_RS-edital-esquematizado-agente-penitenci%C3%A1rio-nivel-superior.xlsx\">SUSEPE RS 2017 &#8211; Edital Esquematizado &#8211; Agente Penitenci\u00e1rio (n\u00edvel superior)<\/a><\/p>\n<p style=\"text-align: justify;margin-left: 40px\">\n\t\u2666 &nbsp;<a href=\"https:\/\/dhg1h5j42swfq.cloudfront.net\/2017\/01\/17173046\/Adinoel-tabela-SUSEPRE_RS-edital-esquematizado-agente-penitenci%C3%A1rio-nivel-medio.xlsx\">SUSEPE RS 2017 &#8211; Edital Esquematizado &#8211; Agente Penitenci\u00e1rio Administrativo (n\u00edvel m\u00e9dio)<\/a><\/p>\n<hr \/>\n<p><img decoding=\"async\" alt=\"\" class=\"alignnone size-full wp-image-60957\" src=\"https:\/\/www.estrategiaconcursos.com.br\/blog\/wp-content\/uploads\/2017\/01\/coruja-ficha-tecnica.png\" style=\"width: 300px;height: 102px\"\/><\/p>\n<h2>\n\tFicha T\u00e9cnica \u2013 Edital SUSEPE RS<\/h2>\n<h4>\n\t<strong>\u2666 Informa\u00e7\u00f5es do Concurso 2017<\/strong><\/h4>\n<p style=\"margin-left: 40px\">\n\t\u25baData prevista: <span style=\"color:#0000FF\">edital lan\u00e7ado<\/span><\/p>\n<p style=\"margin-left: 40px\">\n\t\u25baVagas: <span style=\"color:#0000FF\">720 vagas<\/span><\/p>\n<p style=\"margin-left: 40px\">\n\t\u25baLota\u00e7\u00f5es:&nbsp;<span style=\"color:#0000FF\">Estado do Rio Grande do Sul<\/span><\/p>\n<p style=\"margin-left: 40px\">\n\t\u25baRemunera\u00e7\u00e3o inicial:&nbsp;<span style=\"color:#0000FF\"><strong>R$ 4.317,87<\/strong>&nbsp;para Agente Penitenci\u00e1rio (n\u00edvel superior) e&nbsp;<strong>R$ 3.483,63<\/strong>&nbsp;para Agente Penitenci\u00e1rio Administrativo (n\u00edvel m\u00e9dio).<\/span><\/p>\n<p style=\"margin-left: 40px\">\n\t\u25baEscolaridade:&nbsp;<span style=\"color:#0000FF\">Agente Penitenci\u00e1rio (n\u00edvel superior) \/ Agente Penitenci\u00e1rio Administrativo (n\u00edvel m\u00e9dio)<\/span><\/p>\n<p style=\"margin-left: 40px\">\n\t\u25baLink: <a href=\"https:\/\/dhg1h5j42swfq.cloudfront.net\/2017\/01\/17174803\/ed_abert_susepe0117.pdf\">Edital Agente Penitenci\u00e1rio (n\u00edvel superior)<\/a><\/p>\n<p style=\"text-align: justify;margin-left: 40px\">\n\t\u25baLink: <a href=\"https:\/\/dhg1h5j42swfq.cloudfront.net\/2017\/01\/17174847\/ed_abert_susepe0217.pdf\">Edital Agente Penitenci\u00e1rio Administrativo (n\u00edvel m\u00e9dio)<\/a><\/p>\n<hr \/>\n<p style=\"text-align: justify\">\n\tBons estudos!<\/p>\n<p style=\"text-align: justify\">\n\t&nbsp;<\/p>\n","protected":false},"excerpt":{"rendered":"<p>O edital&nbsp;SUSEPE RS&nbsp;j\u00e1 publicado prev\u00ea a contrata\u00e7\u00e3o de centenas de servidores. Neste artigo, voc\u00ea encontrar\u00e1 informa\u00e7\u00f5es sobre n\u00famero de vagas, remunera\u00e7\u00e3o, requisitos, etc. A Superintend\u00eancia dos Servi\u00e7os Penitenci\u00e1rios do Rio Grande do Sul (SUSEPE RS), al\u00e9m da contrata\u00e7\u00e3o de servidores, tamb\u00e9m est\u00e1 prevendo em seu edital Cadastro de Reservas. A SUSEPE RS,&nbsp; subordinada \u00e0 Secretaria [&hellip;]<\/p>\n","protected":false},"author":248,"featured_media":0,"comment_status":"open","ping_status":"open","sticky":false,"template":"","format":"standard","meta":{"post_tipo":"article","footnotes":""},"categories":[1,1988],"tags":[2424],"tax_estado":[219986],"class_list":["post-61548","post","type-post","status-publish","format-standard","hentry","category-cursos-e-concursos","category-policia","tag-susepe-rs","tax_estado-rs"],"acf":[],"yoast_head":"<!-- This site is optimized with the Yoast SEO Premium plugin v27.2 (Yoast SEO v27.2) - https:\/\/yoast.com\/product\/yoast-seo-premium-wordpress\/ -->\n<title>Edital SUSEPE RS 2017 - todas as informa\u00e7\u00f5es do concurso<\/title>\n<meta name=\"description\" content=\"Artigo com todas as informa\u00e7\u00f5es referente ao edital SUSEPE RS 2017 (remunera\u00e7\u00e3o, vagas, lota\u00e7\u00f5es, escolaridade, requisitos, atribui\u00e7\u00f5es, etc).\" \/>\n<meta name=\"robots\" content=\"index, follow, max-snippet:-1, max-image-preview:large, max-video-preview:-1\" \/>\n<link rel=\"canonical\" href=\"https:\/\/www.estrategiaconcursos.com.br\/blog\/edital-susepe-rs\/\" \/>\n<meta property=\"og:locale\" content=\"pt_BR\" \/>\n<meta property=\"og:type\" content=\"article\" \/>\n<meta property=\"og:title\" content=\"Edital SUSEPE RS publicado! Saiba todas as informa\u00e7\u00f5es sobre o concurso\" \/>\n<meta property=\"og:description\" content=\"Artigo com todas as informa\u00e7\u00f5es referente ao edital SUSEPE RS 2017 (remunera\u00e7\u00e3o, vagas, lota\u00e7\u00f5es, escolaridade, requisitos, atribui\u00e7\u00f5es, etc).\" \/>\n<meta property=\"og:url\" content=\"https:\/\/www.estrategiaconcursos.com.br\/blog\/edital-susepe-rs\/\" \/>\n<meta property=\"og:site_name\" content=\"Estrat\u00e9gia Concursos\" \/>\n<meta property=\"article:published_time\" content=\"2017-02-11T15:45:07+00:00\" \/>\n<meta property=\"article:modified_time\" content=\"2022-01-22T13:34:04+00:00\" \/>\n<meta property=\"og:image\" content=\"https:\/\/www.estrategiaconcursos.com.br\/blog\/wp-content\/uploads\/2017\/01\/Adinoel-SUSEPER_RS-logo.png\" \/>\n<meta name=\"author\" content=\"Marcos Gir\u00e3o\" \/>\n<meta name=\"twitter:card\" content=\"summary_large_image\" \/>\n<meta name=\"twitter:creator\" content=\"@EstratConcursos\" \/>\n<meta name=\"twitter:site\" content=\"@EstratConcursos\" \/>\n<meta name=\"twitter:label1\" content=\"Escrito por\" \/>\n\t<meta name=\"twitter:data1\" content=\"Marcos Gir\u00e3o\" \/>\n\t<meta name=\"twitter:label2\" content=\"Est. tempo de leitura\" \/>\n\t<meta name=\"twitter:data2\" content=\"40 minutos\" \/>\n<script type=\"application\/ld+json\" class=\"yoast-schema-graph\">{\"@context\":\"https:\/\/schema.org\",\"@graph\":[{\"@type\":\"NewsArticle\",\"@id\":\"https:\/\/www.estrategiaconcursos.com.br\/blog\/edital-susepe-rs\/#article\",\"isPartOf\":{\"@id\":\"https:\/\/www.estrategiaconcursos.com.br\/blog\/edital-susepe-rs\/\"},\"author\":{\"name\":\"Marcos Gir\u00e3o\",\"@id\":\"https:\/\/www.estrategiaconcursos.com.br\/blog\/#\/schema\/person\/6be195b7a02a8ca214472b848686bb37\"},\"headline\":\"Edital SUSEPE RS publicado! Saiba todas as informa\u00e7\u00f5es sobre o concurso\",\"datePublished\":\"2017-02-11T15:45:07+00:00\",\"dateModified\":\"2022-01-22T13:34:04+00:00\",\"mainEntityOfPage\":{\"@id\":\"https:\/\/www.estrategiaconcursos.com.br\/blog\/edital-susepe-rs\/\"},\"wordCount\":7383,\"commentCount\":3,\"publisher\":{\"@id\":\"https:\/\/www.estrategiaconcursos.com.br\/blog\/#organization\"},\"image\":{\"@id\":\"https:\/\/www.estrategiaconcursos.com.br\/blog\/edital-susepe-rs\/#primaryimage\"},\"thumbnailUrl\":\"https:\/\/www.estrategiaconcursos.com.br\/blog\/wp-content\/uploads\/2017\/01\/Adinoel-SUSEPER_RS-logo.png\",\"keywords\":[\"SUSEPE-RS\"],\"articleSection\":[\"Concursos P\u00fablicos\",\"Policial (Agente, Escriv\u00e3o e Investigador)\"],\"inLanguage\":\"pt-BR\",\"potentialAction\":[{\"@type\":\"CommentAction\",\"name\":\"Comment\",\"target\":[\"https:\/\/www.estrategiaconcursos.com.br\/blog\/edital-susepe-rs\/#respond\"]}],\"copyrightYear\":\"2017\",\"copyrightHolder\":{\"@id\":\"https:\/\/www.estrategiaconcursos.com.br\/blog\/#organization\"}},{\"@type\":\"WebPage\",\"@id\":\"https:\/\/www.estrategiaconcursos.com.br\/blog\/edital-susepe-rs\/\",\"url\":\"https:\/\/www.estrategiaconcursos.com.br\/blog\/edital-susepe-rs\/\",\"name\":\"Edital SUSEPE RS 2017 - todas as informa\u00e7\u00f5es do concurso\",\"isPartOf\":{\"@id\":\"https:\/\/www.estrategiaconcursos.com.br\/blog\/#website\"},\"primaryImageOfPage\":{\"@id\":\"https:\/\/www.estrategiaconcursos.com.br\/blog\/edital-susepe-rs\/#primaryimage\"},\"image\":{\"@id\":\"https:\/\/www.estrategiaconcursos.com.br\/blog\/edital-susepe-rs\/#primaryimage\"},\"thumbnailUrl\":\"https:\/\/www.estrategiaconcursos.com.br\/blog\/wp-content\/uploads\/2017\/01\/Adinoel-SUSEPER_RS-logo.png\",\"datePublished\":\"2017-02-11T15:45:07+00:00\",\"dateModified\":\"2022-01-22T13:34:04+00:00\",\"description\":\"Artigo com todas as informa\u00e7\u00f5es referente ao edital SUSEPE RS 2017 (remunera\u00e7\u00e3o, vagas, lota\u00e7\u00f5es, escolaridade, requisitos, atribui\u00e7\u00f5es, etc).\",\"breadcrumb\":{\"@id\":\"https:\/\/www.estrategiaconcursos.com.br\/blog\/edital-susepe-rs\/#breadcrumb\"},\"inLanguage\":\"pt-BR\",\"potentialAction\":[{\"@type\":\"ReadAction\",\"target\":[\"https:\/\/www.estrategiaconcursos.com.br\/blog\/edital-susepe-rs\/\"]}]},{\"@type\":\"ImageObject\",\"inLanguage\":\"pt-BR\",\"@id\":\"https:\/\/www.estrategiaconcursos.com.br\/blog\/edital-susepe-rs\/#primaryimage\",\"url\":\"https:\/\/dhg1h5j42swfq.cloudfront.net\/2017\/01\/17125131\/Adinoel-SUSEPER_RS-logo.png\",\"contentUrl\":\"https:\/\/dhg1h5j42swfq.cloudfront.net\/2017\/01\/17125131\/Adinoel-SUSEPER_RS-logo.png\",\"width\":316,\"height\":164},{\"@type\":\"BreadcrumbList\",\"@id\":\"https:\/\/www.estrategiaconcursos.com.br\/blog\/edital-susepe-rs\/#breadcrumb\",\"itemListElement\":[{\"@type\":\"ListItem\",\"position\":1,\"name\":\"In\u00edcio\",\"item\":\"https:\/\/www.estrategiaconcursos.com.br\/blog\/\"},{\"@type\":\"ListItem\",\"position\":2,\"name\":\"Edital SUSEPE RS publicado! Saiba todas as informa\u00e7\u00f5es sobre o concurso\"}]},{\"@type\":\"WebSite\",\"@id\":\"https:\/\/www.estrategiaconcursos.com.br\/blog\/#website\",\"url\":\"https:\/\/www.estrategiaconcursos.com.br\/blog\/\",\"name\":\"Estrat\u00e9gia Concursos\",\"description\":\"O blog da Estrat\u00e9gia Concursos traz not\u00edcias sobre concursos e artigos de professores oferecendo cursos para concursos (pdf + videaulas) no site.\",\"publisher\":{\"@id\":\"https:\/\/www.estrategiaconcursos.com.br\/blog\/#organization\"},\"potentialAction\":[{\"@type\":\"SearchAction\",\"target\":{\"@type\":\"EntryPoint\",\"urlTemplate\":\"https:\/\/www.estrategiaconcursos.com.br\/blog\/?s={search_term_string}\"},\"query-input\":{\"@type\":\"PropertyValueSpecification\",\"valueRequired\":true,\"valueName\":\"search_term_string\"}}],\"inLanguage\":\"pt-BR\"},{\"@type\":\"Organization\",\"@id\":\"https:\/\/www.estrategiaconcursos.com.br\/blog\/#organization\",\"name\":\"Estrat\u00e9gia Concursos\",\"url\":\"https:\/\/www.estrategiaconcursos.com.br\/blog\/\",\"logo\":{\"@type\":\"ImageObject\",\"inLanguage\":\"pt-BR\",\"@id\":\"https:\/\/www.estrategiaconcursos.com.br\/blog\/#\/schema\/logo\/image\/\",\"url\":\"https:\/\/dhg1h5j42swfq.cloudfront.net\/2025\/06\/03203428\/logo_concursos-1.jpg\",\"contentUrl\":\"https:\/\/dhg1h5j42swfq.cloudfront.net\/2025\/06\/03203428\/logo_concursos-1.jpg\",\"width\":230,\"height\":60,\"caption\":\"Estrat\u00e9gia Concursos\"},\"image\":{\"@id\":\"https:\/\/www.estrategiaconcursos.com.br\/blog\/#\/schema\/logo\/image\/\"},\"sameAs\":[\"https:\/\/x.com\/EstratConcursos\"]},{\"@type\":\"Person\",\"@id\":\"https:\/\/www.estrategiaconcursos.com.br\/blog\/#\/schema\/person\/6be195b7a02a8ca214472b848686bb37\",\"name\":\"Marcos Gir\u00e3o\",\"image\":{\"@type\":\"ImageObject\",\"inLanguage\":\"pt-BR\",\"@id\":\"https:\/\/secure.gravatar.com\/avatar\/ac5b9a36e2c99a8280e07b5763e3b764471d5b861c47521bfd2edffdfbb06fbd?s=96&d=mm&r=g\",\"url\":\"https:\/\/secure.gravatar.com\/avatar\/ac5b9a36e2c99a8280e07b5763e3b764471d5b861c47521bfd2edffdfbb06fbd?s=96&d=mm&r=g\",\"contentUrl\":\"https:\/\/secure.gravatar.com\/avatar\/ac5b9a36e2c99a8280e07b5763e3b764471d5b861c47521bfd2edffdfbb06fbd?s=96&d=mm&r=g\",\"caption\":\"Marcos Gir\u00e3o\"},\"url\":\"https:\/\/www.estrategiaconcursos.com.br\/blog\/author\/marcosgiraoestrategiaconcursos-com-br\/\"}]}<\/script>\n<!-- \/ Yoast SEO Premium plugin. -->","yoast_head_json":{"title":"Edital SUSEPE RS 2017 - todas as informa\u00e7\u00f5es do concurso","description":"Artigo com todas as informa\u00e7\u00f5es referente ao edital SUSEPE RS 2017 (remunera\u00e7\u00e3o, vagas, lota\u00e7\u00f5es, escolaridade, requisitos, atribui\u00e7\u00f5es, etc).","robots":{"index":"index","follow":"follow","max-snippet":"max-snippet:-1","max-image-preview":"max-image-preview:large","max-video-preview":"max-video-preview:-1"},"canonical":"https:\/\/www.estrategiaconcursos.com.br\/blog\/edital-susepe-rs\/","og_locale":"pt_BR","og_type":"article","og_title":"Edital SUSEPE RS publicado! Saiba todas as informa\u00e7\u00f5es sobre o concurso","og_description":"Artigo com todas as informa\u00e7\u00f5es referente ao edital SUSEPE RS 2017 (remunera\u00e7\u00e3o, vagas, lota\u00e7\u00f5es, escolaridade, requisitos, atribui\u00e7\u00f5es, etc).","og_url":"https:\/\/www.estrategiaconcursos.com.br\/blog\/edital-susepe-rs\/","og_site_name":"Estrat\u00e9gia Concursos","article_published_time":"2017-02-11T15:45:07+00:00","article_modified_time":"2022-01-22T13:34:04+00:00","og_image":[{"url":"https:\/\/www.estrategiaconcursos.com.br\/blog\/wp-content\/uploads\/2017\/01\/Adinoel-SUSEPER_RS-logo.png","type":"","width":"","height":""}],"author":"Marcos Gir\u00e3o","twitter_card":"summary_large_image","twitter_creator":"@EstratConcursos","twitter_site":"@EstratConcursos","twitter_misc":{"Escrito por":"Marcos Gir\u00e3o","Est. tempo de leitura":"40 minutos"},"schema":{"@context":"https:\/\/schema.org","@graph":[{"@type":"NewsArticle","@id":"https:\/\/www.estrategiaconcursos.com.br\/blog\/edital-susepe-rs\/#article","isPartOf":{"@id":"https:\/\/www.estrategiaconcursos.com.br\/blog\/edital-susepe-rs\/"},"author":{"name":"Marcos Gir\u00e3o","@id":"https:\/\/www.estrategiaconcursos.com.br\/blog\/#\/schema\/person\/6be195b7a02a8ca214472b848686bb37"},"headline":"Edital SUSEPE RS publicado! Saiba todas as informa\u00e7\u00f5es sobre o concurso","datePublished":"2017-02-11T15:45:07+00:00","dateModified":"2022-01-22T13:34:04+00:00","mainEntityOfPage":{"@id":"https:\/\/www.estrategiaconcursos.com.br\/blog\/edital-susepe-rs\/"},"wordCount":7383,"commentCount":3,"publisher":{"@id":"https:\/\/www.estrategiaconcursos.com.br\/blog\/#organization"},"image":{"@id":"https:\/\/www.estrategiaconcursos.com.br\/blog\/edital-susepe-rs\/#primaryimage"},"thumbnailUrl":"https:\/\/www.estrategiaconcursos.com.br\/blog\/wp-content\/uploads\/2017\/01\/Adinoel-SUSEPER_RS-logo.png","keywords":["SUSEPE-RS"],"articleSection":["Concursos P\u00fablicos","Policial (Agente, Escriv\u00e3o e Investigador)"],"inLanguage":"pt-BR","potentialAction":[{"@type":"CommentAction","name":"Comment","target":["https:\/\/www.estrategiaconcursos.com.br\/blog\/edital-susepe-rs\/#respond"]}],"copyrightYear":"2017","copyrightHolder":{"@id":"https:\/\/www.estrategiaconcursos.com.br\/blog\/#organization"}},{"@type":"WebPage","@id":"https:\/\/www.estrategiaconcursos.com.br\/blog\/edital-susepe-rs\/","url":"https:\/\/www.estrategiaconcursos.com.br\/blog\/edital-susepe-rs\/","name":"Edital SUSEPE RS 2017 - todas as informa\u00e7\u00f5es do concurso","isPartOf":{"@id":"https:\/\/www.estrategiaconcursos.com.br\/blog\/#website"},"primaryImageOfPage":{"@id":"https:\/\/www.estrategiaconcursos.com.br\/blog\/edital-susepe-rs\/#primaryimage"},"image":{"@id":"https:\/\/www.estrategiaconcursos.com.br\/blog\/edital-susepe-rs\/#primaryimage"},"thumbnailUrl":"https:\/\/www.estrategiaconcursos.com.br\/blog\/wp-content\/uploads\/2017\/01\/Adinoel-SUSEPER_RS-logo.png","datePublished":"2017-02-11T15:45:07+00:00","dateModified":"2022-01-22T13:34:04+00:00","description":"Artigo com todas as informa\u00e7\u00f5es referente ao edital SUSEPE RS 2017 (remunera\u00e7\u00e3o, vagas, lota\u00e7\u00f5es, escolaridade, requisitos, atribui\u00e7\u00f5es, etc).","breadcrumb":{"@id":"https:\/\/www.estrategiaconcursos.com.br\/blog\/edital-susepe-rs\/#breadcrumb"},"inLanguage":"pt-BR","potentialAction":[{"@type":"ReadAction","target":["https:\/\/www.estrategiaconcursos.com.br\/blog\/edital-susepe-rs\/"]}]},{"@type":"ImageObject","inLanguage":"pt-BR","@id":"https:\/\/www.estrategiaconcursos.com.br\/blog\/edital-susepe-rs\/#primaryimage","url":"https:\/\/dhg1h5j42swfq.cloudfront.net\/2017\/01\/17125131\/Adinoel-SUSEPER_RS-logo.png","contentUrl":"https:\/\/dhg1h5j42swfq.cloudfront.net\/2017\/01\/17125131\/Adinoel-SUSEPER_RS-logo.png","width":316,"height":164},{"@type":"BreadcrumbList","@id":"https:\/\/www.estrategiaconcursos.com.br\/blog\/edital-susepe-rs\/#breadcrumb","itemListElement":[{"@type":"ListItem","position":1,"name":"In\u00edcio","item":"https:\/\/www.estrategiaconcursos.com.br\/blog\/"},{"@type":"ListItem","position":2,"name":"Edital SUSEPE RS publicado! Saiba todas as informa\u00e7\u00f5es sobre o concurso"}]},{"@type":"WebSite","@id":"https:\/\/www.estrategiaconcursos.com.br\/blog\/#website","url":"https:\/\/www.estrategiaconcursos.com.br\/blog\/","name":"Estrat\u00e9gia Concursos","description":"O blog da Estrat\u00e9gia Concursos traz not\u00edcias sobre concursos e artigos de professores oferecendo cursos para concursos (pdf + videaulas) no site.","publisher":{"@id":"https:\/\/www.estrategiaconcursos.com.br\/blog\/#organization"},"potentialAction":[{"@type":"SearchAction","target":{"@type":"EntryPoint","urlTemplate":"https:\/\/www.estrategiaconcursos.com.br\/blog\/?s={search_term_string}"},"query-input":{"@type":"PropertyValueSpecification","valueRequired":true,"valueName":"search_term_string"}}],"inLanguage":"pt-BR"},{"@type":"Organization","@id":"https:\/\/www.estrategiaconcursos.com.br\/blog\/#organization","name":"Estrat\u00e9gia Concursos","url":"https:\/\/www.estrategiaconcursos.com.br\/blog\/","logo":{"@type":"ImageObject","inLanguage":"pt-BR","@id":"https:\/\/www.estrategiaconcursos.com.br\/blog\/#\/schema\/logo\/image\/","url":"https:\/\/dhg1h5j42swfq.cloudfront.net\/2025\/06\/03203428\/logo_concursos-1.jpg","contentUrl":"https:\/\/dhg1h5j42swfq.cloudfront.net\/2025\/06\/03203428\/logo_concursos-1.jpg","width":230,"height":60,"caption":"Estrat\u00e9gia Concursos"},"image":{"@id":"https:\/\/www.estrategiaconcursos.com.br\/blog\/#\/schema\/logo\/image\/"},"sameAs":["https:\/\/x.com\/EstratConcursos"]},{"@type":"Person","@id":"https:\/\/www.estrategiaconcursos.com.br\/blog\/#\/schema\/person\/6be195b7a02a8ca214472b848686bb37","name":"Marcos Gir\u00e3o","image":{"@type":"ImageObject","inLanguage":"pt-BR","@id":"https:\/\/secure.gravatar.com\/avatar\/ac5b9a36e2c99a8280e07b5763e3b764471d5b861c47521bfd2edffdfbb06fbd?s=96&d=mm&r=g","url":"https:\/\/secure.gravatar.com\/avatar\/ac5b9a36e2c99a8280e07b5763e3b764471d5b861c47521bfd2edffdfbb06fbd?s=96&d=mm&r=g","contentUrl":"https:\/\/secure.gravatar.com\/avatar\/ac5b9a36e2c99a8280e07b5763e3b764471d5b861c47521bfd2edffdfbb06fbd?s=96&d=mm&r=g","caption":"Marcos Gir\u00e3o"},"url":"https:\/\/www.estrategiaconcursos.com.br\/blog\/author\/marcosgiraoestrategiaconcursos-com-br\/"}]}},"_links":{"self":[{"href":"https:\/\/www.estrategiaconcursos.com.br\/blog\/wp-json\/wp\/v2\/posts\/61548","targetHints":{"allow":["GET"]}}],"collection":[{"href":"https:\/\/www.estrategiaconcursos.com.br\/blog\/wp-json\/wp\/v2\/posts"}],"about":[{"href":"https:\/\/www.estrategiaconcursos.com.br\/blog\/wp-json\/wp\/v2\/types\/post"}],"author":[{"embeddable":true,"href":"https:\/\/www.estrategiaconcursos.com.br\/blog\/wp-json\/wp\/v2\/users\/248"}],"replies":[{"embeddable":true,"href":"https:\/\/www.estrategiaconcursos.com.br\/blog\/wp-json\/wp\/v2\/comments?post=61548"}],"version-history":[{"count":67,"href":"https:\/\/www.estrategiaconcursos.com.br\/blog\/wp-json\/wp\/v2\/posts\/61548\/revisions"}],"predecessor-version":[{"id":952520,"href":"https:\/\/www.estrategiaconcursos.com.br\/blog\/wp-json\/wp\/v2\/posts\/61548\/revisions\/952520"}],"wp:attachment":[{"href":"https:\/\/www.estrategiaconcursos.com.br\/blog\/wp-json\/wp\/v2\/media?parent=61548"}],"wp:term":[{"taxonomy":"category","embeddable":true,"href":"https:\/\/www.estrategiaconcursos.com.br\/blog\/wp-json\/wp\/v2\/categories?post=61548"},{"taxonomy":"post_tag","embeddable":true,"href":"https:\/\/www.estrategiaconcursos.com.br\/blog\/wp-json\/wp\/v2\/tags?post=61548"},{"taxonomy":"tax_estado","embeddable":true,"href":"https:\/\/www.estrategiaconcursos.com.br\/blog\/wp-json\/wp\/v2\/tax_estado?post=61548"}],"curies":[{"name":"wp","href":"https:\/\/api.w.org\/{rel}","templated":true}]}}