{"id":614470,"date":"2020-12-02T15:18:00","date_gmt":"2020-12-02T18:18:00","guid":{"rendered":"https:\/\/www.estrategiaconcursos.com.br\/blog\/?p=614470"},"modified":"2023-06-27T10:44:46","modified_gmt":"2023-06-27T13:44:46","slug":"fiscalizacao-contabil-financeira-e-orcamentaria-na-cf-resumo","status":"publish","type":"post","link":"https:\/\/www.estrategiaconcursos.com.br\/blog\/fiscalizacao-contabil-financeira-e-orcamentaria-na-cf-resumo\/","title":{"rendered":"Fiscaliza\u00e7\u00e3o cont\u00e1bil, financeira e or\u00e7ament\u00e1ria na CF &#8211; Resumo"},"content":{"rendered":"\n<p>Ol\u00e1, pessoal. Tudo certo? Hoje trataremos sobre a fiscaliza\u00e7\u00e3o cont\u00e1bil, financeira e or\u00e7ament\u00e1ria na <a href=\"http:\/\/www.planalto.gov.br\/ccivil_03\/constituicao\/constituicaocompilado.htm\" data-type=\"URL\" data-id=\"http:\/\/www.planalto.gov.br\/ccivil_03\/constituicao\/constituicaocompilado.htm\">Constitui\u00e7\u00e3o Federal<\/a>.<\/p>\n\n\n\n<p>O assunto \u00e9 correlacionado com o Poder Legislativo, uma vez que o Legislativo tem duas fun\u00e7\u00f5es t\u00edpicas, a fun\u00e7\u00e3o legislativa e a <strong>fun\u00e7\u00e3o fiscalizadora<\/strong>. Veremos que o Congresso Nacional \u00e9 o titular do Controle Externo no \u00e2mbito federal.<\/p>\n\n\n\n<p>Sem mais delongas, vamos l\u00e1.<\/p>\n\n\n\n<figure class=\"wp-block-image aligncenter size-large is-resized\"><img loading=\"lazy\" decoding=\"async\" src=\"https:\/\/dhg1h5j42swfq.cloudfront.net\/2020\/11\/20194823\/image-288-1024x613.png\" alt=\"TCU - Fiscaliza\u00e7\u00e3o cont\u00e1bil, financeira\" class=\"wp-image-614473\" width=\"481\" height=\"288\" srcset=\"https:\/\/dhg1h5j42swfq.cloudfront.net\/2020\/11\/20194823\/image-288-1024x613.png 1024w, https:\/\/dhg1h5j42swfq.cloudfront.net\/2020\/11\/20194823\/image-288-300x179.png 300w, https:\/\/dhg1h5j42swfq.cloudfront.net\/2020\/11\/20194823\/image-288-768x459.png 768w, https:\/\/dhg1h5j42swfq.cloudfront.net\/2020\/11\/20194823\/image-288-610x365.png 610w, https:\/\/dhg1h5j42swfq.cloudfront.net\/2020\/11\/20194823\/image-288.png 1170w\" sizes=\"auto, (max-width: 481px) 100vw, 481px\" \/><figcaption class=\"wp-element-caption\">TCU &#8211; Fiscaliza\u00e7\u00e3o cont\u00e1bil, financeira<\/figcaption><\/figure>\n\n\n\n<h2 class=\"wp-block-heading\" id=\"h-aspectos-gerais\">Aspectos Gerais<\/h2>\n\n\n\n<p>Iniciemos pelo primeiro artigo da se\u00e7\u00e3o da fiscaliza\u00e7\u00e3o cont\u00e1bil, financeira e or\u00e7ament\u00e1rio.<\/p>\n\n\n\n<p><em>&nbsp;Art. 70. A <\/em><strong><em><span class=\"has-inline-color has-vivid-cyan-blue-color\">fiscaliza\u00e7\u00e3o cont\u00e1bil, financeira, or\u00e7ament\u00e1ria, operacional e patrimonial<\/span><\/em><\/strong><em> <\/em><strong><em>da Uni\u00e3o<\/em><\/strong><em> e das entidades da administra\u00e7\u00e3o direta e indireta, <strong>quanto \u00e0<\/strong><span class=\"has-inline-color has-vivid-green-cyan-color\"><strong> <\/strong><\/span><\/em><strong><span class=\"has-inline-color has-vivid-green-cyan-color\"><em>legalidade, legitimidade, economicidade<\/em><\/span><\/strong><em><span class=\"has-inline-color has-vivid-green-cyan-color\">, <\/span><\/em><strong><span class=\"has-inline-color has-vivid-green-cyan-color\"><em>aplica\u00e7\u00e3o das subven\u00e7\u00f5es e ren\u00fancia de receitas<\/em><\/span><\/strong><em>, <strong>ser\u00e1 exercida pelo Congresso Nacional<\/strong>, <\/em><strong><em>mediante <span class=\"has-inline-color has-vivid-purple-color\">controle externo<\/span><\/em><\/strong><em>, <strong>e pelo<\/strong> <\/em><strong><em>sistema de<span class=\"has-inline-color has-vivid-purple-color\"> controle interno <\/span>de cada Poder.<\/em><\/strong><\/p>\n\n\n\n<p>Da literalidade podemos notar que h\u00e1 dois tipos de controle, o controle externo e o interno.<\/p>\n\n\n\n<ul class=\"wp-block-list\">\n<li><strong><span class=\"has-inline-color has-vivid-purple-color\">Controle externo:<\/span><\/strong> Ocorre quando <strong>um poder fiscaliza o outro<\/strong>. O controle externo \u00e9 exercido pelo Poder Legislativo e no \u00e2mbito federal \u00e9 exercido pelo Congresso Nacional, com aux\u00edlio do Tribunal de Contas da Uni\u00e3o.<\/li>\n\n\n\n<li><strong><span class=\"has-inline-color has-vivid-purple-color\">Controle interno:<\/span><\/strong> Ocorre quando o <strong>pr\u00f3prio poder fiscaliza suas respectivas contas<\/strong>. Todos os poderes devem por meio de sua pr\u00f3pria estrutura interna fazer este \u201cautocontrole\u201d.<\/li>\n<\/ul>\n\n\n\n<p>Ainda, a fiscaliza\u00e7\u00e3o cont\u00e1bil, financeira e or\u00e7ament\u00e1rio ocorre quanto \u00e0:<\/p>\n\n\n\n<ul class=\"wp-block-list\">\n<li><strong><span class=\"has-inline-color has-vivid-green-cyan-color\">Legalidade:<\/span> <\/strong>an\u00e1lise de obedi\u00eancia \u00e0 Lei.<\/li>\n\n\n\n<li><strong><span class=\"has-inline-color has-vivid-green-cyan-color\">Legitimidade:<\/span> <\/strong>an\u00e1lise pela percep\u00e7\u00e3o da popula\u00e7\u00e3o quanto a gest\u00e3o p\u00fablica.<\/li>\n\n\n\n<li><mark style=\"background-color:rgba(0, 0, 0, 0)\" class=\"has-inline-color has-vivid-green-cyan-color\"><strong>Economicidade<\/strong>:<\/mark> an\u00e1lise do custo\/benef\u00edcio das a\u00e7\u00f5es p\u00fablicas. Nesse sentido temos uma an\u00e1lise do <strong>m\u00e9rito administrativo<mark style=\"background-color:rgba(0, 0, 0, 0)\" class=\"has-inline-color has-vivid-red-color\">*<\/mark><\/strong>.<\/li>\n\n\n\n<li><strong><span class=\"has-inline-color has-vivid-green-cyan-color\">Aplica\u00e7\u00e3o das subven\u00e7\u00f5es e ren\u00fancia de receitas<\/span> (financeira):<\/strong> an\u00e1lise dos incentivos oferecidos pela administra\u00e7\u00e3o p\u00fablica.<\/li>\n<\/ul>\n\n\n\n<p><strong><span class=\"has-inline-color has-vivid-red-color\">*<\/span><\/strong>Ainda que haja uma an\u00e1lise de m\u00e9rito administrativo \u00e9 importante entender que n\u00e3o h\u00e1 por partes dos \u00f3rg\u00e3os regulares uma an\u00e1lise dos atos discricion\u00e1rios, ou seja, atos que por mera conveniente e oportunidade foram (ou n\u00e3o) realizados.<\/p>\n\n\n\n<p>Frisa-se que a <span class=\"has-inline-color has-vivid-cyan-blue-color\"><strong>abrang\u00eancia<\/strong> <\/span>do Controle externo \u00e9 bem ampla, pois atingir\u00e1 \u201cqualquer um\u201d que utilizar recursos p\u00fablicos.<\/p>\n\n\n\n<p><em>Art. 70, Par\u00e1grafo \u00fanico. <\/em><strong><span class=\"has-inline-color has-vivid-green-cyan-color\"><em>Prestar\u00e1 contas<\/em><\/span><\/strong><em><span class=\"has-inline-color has-vivid-green-cyan-color\"> <\/span><\/em><strong><span class=\"has-inline-color has-vivid-green-cyan-color\"><em>qualquer pessoa<\/em><\/span><em> f\u00edsica ou jur\u00eddica<\/em><\/strong><em>, p\u00fablica ou privada, <strong>que utilize,<\/strong> arrecade, guarde, gerencie ou administre dinheiros, <strong>bens e valores p\u00fablicos<\/strong> ou <u>pelos quais a Uni\u00e3o responda, ou que, em nome desta, assuma obriga\u00e7\u00f5es de natureza pecuni\u00e1ria<\/u>.&nbsp;&nbsp;&nbsp;<\/em><\/p>\n\n\n\n<h2 class=\"wp-block-heading\" id=\"h-controle-externo-competencias-do-tcu\">Controle externo \u2013 Compet\u00eancias do TCU<\/h2>\n\n\n\n<p>Agora adentraremos no artigo mais importante do tema, pois nele \u00e9 concentrado a <strong>grande maioria das quest\u00f5es de concurso<\/strong>.<\/p>\n\n\n\n<p>Como foi dito, o TCU tem um importante papel no controle externo, pois ele auxilia o Congresso Nacional no aspecto t\u00e9cnico do controle, entretanto lembre-se que o <span style=\"text-decoration: underline\">TCU n\u00e3o \u00e9 subordinado ao poder legislativo<\/span>, tendo total autonomia para exercer suas fun\u00e7\u00f5es constitucionalmente previstas.<\/p>\n\n\n\n<p><em>&nbsp;Art. 71. O <\/em><strong><em><span class=\"has-inline-color has-vivid-cyan-blue-color\">controle externo<\/span><\/em><\/strong><em>, <strong>a cargo do Congresso Nacional, ser\u00e1 exercido<\/strong> com o <strong>aux\u00edlio<\/strong> do <\/em><strong><em><span class=\"has-inline-color has-vivid-green-cyan-color\">Tribunal de Contas da Uni\u00e3o<\/span><\/em><\/strong><em>, <strong>ao qual <\/strong><\/em><strong><em><span class=\"has-inline-color has-vivid-green-cyan-color\">compete<\/span><\/em><\/strong><em>:<\/em><\/p>\n\n\n\n<h3 class=\"wp-block-heading\" id=\"h-apreciar-as-contas-do-presidente\">Apreciar as contas do Presidente<\/h3>\n\n\n\n<p><em>I &#8211;<span class=\"has-inline-color has-vivid-cyan-blue-color\"> <\/span><\/em><strong><span class=\"has-inline-color has-vivid-cyan-blue-color\"><em>apreciar as contas<\/em><\/span><\/strong><em> prestadas <\/em><strong><span class=\"has-inline-color has-vivid-red-color\"><em>anualmente<\/em><\/span><\/strong><em><span class=\"has-inline-color has-vivid-red-color\"> <\/span>pelo <\/em><strong><em>Presidente<\/em><\/strong><em> da Rep\u00fablica, mediante <strong><span class=\"has-inline-color has-vivid-cyan-blue-color\">parecer pr\u00e9vio<\/span><\/strong> que <strong>dever\u00e1 ser elaborado em <\/strong><\/em><strong><em><span class=\"has-inline-color has-vivid-red-color\">sessenta dias<\/span><\/em><\/strong><em> a contar de seu recebimento;<\/em><\/p>\n\n\n\n<p>Aqui se deve ter em mente uma distin\u00e7\u00e3o muito importante, pois quem julga as contas do Presidente da Rep\u00fablica \u00e9 o Congresso Nacional, enquanto que o TCU apenas aprecia via parecer.<\/p>\n\n\n\n<ul class=\"wp-block-list\">\n<li><strong><span class=\"has-inline-color has-vivid-purple-color\">Julgamento das contas do PR<\/span> <\/strong>-&gt; CN<\/li>\n\n\n\n<li><strong><span class=\"has-inline-color has-vivid-purple-color\">Aprecias as contas do PR<\/span><\/strong> -&gt; TCU<\/li>\n<\/ul>\n\n\n\n<h3 class=\"wp-block-heading\" id=\"h-julgar-as-contas-dos-administradores\">Julgar as contas dos administradores<\/h3>\n\n\n\n<p><em>II &#8211;<span class=\"has-inline-color has-vivid-cyan-blue-color\"> <\/span><\/em><strong><span class=\"has-inline-color has-vivid-cyan-blue-color\"><em>julgar as contas dos administradores e demais respons\u00e1veis<\/em><\/span><\/strong><em><span class=\"has-inline-color has-vivid-cyan-blue-color\"> <\/span>por dinheiros, bens e <strong>valores p\u00fablicos<\/strong> da administra\u00e7\u00e3o direta e indireta, inclu\u00eddas as funda\u00e7\u00f5es e sociedades institu\u00eddas e mantidas pelo Poder P\u00fablico federal, e as <strong>contas daqueles que derem causa a perda, extravio ou outra irregularidade de que resulte preju\u00edzo ao er\u00e1rio p\u00fablico<\/strong>;<\/em><\/p>\n\n\n\n<p>Se o TCU n\u00e3o \u00e9 compet\u00eancia para julgar as contas do Presidente, n\u00e3o podemos dizer o mesmo para as contas dos \u201cdemais respons\u00e1veis\u201d por bens p\u00fablicos.<\/p>\n\n\n\n<p><strong><span class=\"has-inline-color has-cyan-bluish-gray-color\">Julgamento do TCU<\/span><\/strong><\/p>\n\n\n\n<ul class=\"wp-block-list\">\n<li><strong><span class=\"has-inline-color has-vivid-purple-color\">Contas do PR<\/span><\/strong> -&gt; <strong>TCU<\/strong> apenas <strong>aprecia<\/strong><\/li>\n\n\n\n<li><strong><span class=\"has-inline-color has-vivid-purple-color\">Demais administradores<\/span> <\/strong>-&gt; <strong>TCU julga<\/strong><\/li>\n<\/ul>\n\n\n\n<h3 class=\"wp-block-heading\" id=\"h-apreciar-a-legalidade-dos-atos-de-admissao-de-pessoal\">Apreciar a legalidade dos atos de admiss\u00e3o de pessoal<\/h3>\n\n\n\n<p><em>III &#8211; <\/em><strong><em><span class=\"has-inline-color has-vivid-cyan-blue-color\">apreciar<\/span><\/em><\/strong><em>, <u>para fins de registro<\/u>, a <\/em><strong><em><span class=\"has-inline-color has-vivid-cyan-blue-color\">legalidade dos atos de admiss\u00e3o de pessoal<\/span><\/em><\/strong><em>, a qualquer t\u00edtulo, na administra\u00e7\u00e3o direta e indireta, inclu\u00eddas as funda\u00e7\u00f5es institu\u00eddas e mantidas pelo Poder P\u00fablico, <strong><span class=\"has-inline-color has-vivid-green-cyan-color\">excetuadas <\/span><\/strong>as <\/em><strong><em><span class=\"has-inline-color has-vivid-green-cyan-color\">nomea\u00e7\u00f5es para cargo de provimento em comiss\u00e3o<\/span><\/em><\/strong><em>, bem como a das <\/em><strong><span class=\"has-inline-color has-vivid-cyan-blue-color\"><em>concess\u00f5es de aposentadorias, reformas e pens\u00f5es<\/em><\/span><\/strong><em><span class=\"has-inline-color has-vivid-cyan-blue-color\">, <\/span><\/em><strong><span class=\"has-inline-color has-vivid-green-cyan-color\"><em>ressalvadas<\/em><\/span><\/strong><em><span class=\"has-inline-color has-vivid-green-cyan-color\"> <\/span>as <\/em><strong><em><span class=\"has-inline-color has-vivid-green-cyan-color\">melhorias posteriores que n\u00e3o alterem o fundamento legal do ato concess\u00f3rio<\/span><\/em><\/strong><em>;<\/em><\/p>\n\n\n\n<p>Assim, vamos esquematizar:<\/p>\n\n\n\n<p><strong><span class=\"has-inline-color has-cyan-bluish-gray-color\">TCU aprecia:<\/span><\/strong><\/p>\n\n\n\n<ul class=\"wp-block-list\">\n<li><strong><em>legalidade<\/em><\/strong><em> dos atos de <\/em><strong><em><span class=\"has-inline-color has-vivid-purple-color\">admiss\u00e3o de pessoal<\/span><\/em><\/strong><\/li>\n\n\n\n<li><strong><em>concess\u00f5es<\/em><\/strong><em> de <\/em><strong><em><span class=\"has-inline-color has-vivid-purple-color\">aposentadorias<\/span><\/em><\/strong><em>, reformas e pens\u00f5es,<\/em><\/li>\n<\/ul>\n\n\n\n<p><strong><span class=\"has-inline-color has-cyan-bluish-gray-color\">TCU <\/span><span class=\"has-inline-color has-vivid-red-color\">n\u00e3o <\/span><span class=\"has-inline-color has-cyan-bluish-gray-color\">aprecia:<\/span><\/strong><\/p>\n\n\n\n<ul class=\"wp-block-list\">\n<li><strong><span class=\"has-inline-color has-vivid-purple-color\"><em>nomea\u00e7\u00f5es<\/em><\/span><\/strong><em><span class=\"has-inline-color has-vivid-purple-color\"> <\/span>para cargo de provimento <\/em><strong><em><span class=\"has-inline-color has-vivid-purple-color\">em comiss\u00e3o<\/span><\/em><\/strong><\/li>\n\n\n\n<li><strong><em><span class=\"has-inline-color has-vivid-purple-color\">melhorias posteriores das aposentadorias<\/span><\/em><\/strong><em> que n\u00e3o alterem o fundamento legal do ato concess\u00f3rio<\/em><\/li>\n<\/ul>\n\n\n\n<p>Frisa-se que a an\u00e1lise do TCU nas aposentadorias, reforma se pens\u00f5es \u00e9 apenas nos <strong>aspectos de legalidade do ato<\/strong>, al\u00e9m disso essa an\u00e1lise <strong>n\u00e3o se aplica aos benef\u00edcios do RGPS<\/strong>.<\/p>\n\n\n\n<p>Pessoal, houve uma mudan\u00e7a recente no entendimento em rela\u00e7\u00e3o a concess\u00e3o de aposentadorias, n\u00e3o deixem de ler o artigo do professor Herbert Almeida.<\/p>\n\n\n\n<p class=\"has-text-align-center\"><a href=\"https:\/\/www.estrategiaconcursos.com.br\/blog\/tribunais-de-contas-tem-cinco-anos-para-apreciar-concessao-de-aposentadoria\/\">Tribunais de Contas t\u00eam cinco anos para apreciar concess\u00e3o de aposentadoria<\/a><\/p>\n\n\n\n<h3 class=\"wp-block-heading\" id=\"h-realizar-inspecoes-e-auditorias\">Realizar inspe\u00e7\u00f5es e auditorias<\/h3>\n\n\n\n<p><em>IV &#8211; <\/em><strong><em><span class=\"has-inline-color has-vivid-cyan-blue-color\">realizar<\/span><\/em><\/strong><em>, <strong>por iniciativa <\/strong><\/em><strong><em><span class=\"has-inline-color has-vivid-green-cyan-color\">pr\u00f3pria<\/span><\/em><\/strong><em>, da <\/em><strong><span class=\"has-inline-color has-vivid-green-cyan-color\"><em>C\u00e2mara<\/em><\/span><\/strong><em><span class=\"has-inline-color has-vivid-green-cyan-color\"> <\/span>dos Deputados, do <\/em><strong><em><span class=\"has-inline-color has-vivid-green-cyan-color\">Senado <\/span>Federal<\/em><\/strong><em>, de <\/em><strong><em><span class=\"has-inline-color has-vivid-green-cyan-color\">Comiss\u00e3o t\u00e9cnica ou de inqu\u00e9rito<\/span><\/em><\/strong><em>, <\/em><strong><em><span class=\"has-inline-color has-vivid-cyan-blue-color\">inspe\u00e7\u00f5es e auditorias<\/span><\/em><\/strong><em> de natureza cont\u00e1bil, financeira, or\u00e7ament\u00e1ria, operacional e patrimonial, <strong>nas unidades administrativas<\/strong> dos Poderes <\/em><strong><em><span class=\"has-inline-color has-vivid-purple-color\">Legislativo<\/span><\/em><\/strong><em>, <\/em><strong><span class=\"has-inline-color has-vivid-purple-color\"><em>Executivo<\/em><\/span><\/strong><em><span class=\"has-inline-color has-vivid-purple-color\"> <\/span>e <\/em><strong><em><span class=\"has-inline-color has-vivid-purple-color\">Judici\u00e1rio<\/span><\/em><\/strong><em>, e<span class=\"has-inline-color has-vivid-purple-color\"> <\/span><\/em><strong><span class=\"has-inline-color has-vivid-purple-color\"><em>demais entidades<\/em><\/span><\/strong><em> referidas no inciso II;<\/em><\/p>\n\n\n\n<p>Veja que as<span class=\"has-inline-color has-vivid-cyan-blue-color\"> <strong>inspe\u00e7\u00f5es e auditorias<\/strong><\/span> nos demais poderes e administradores<strong><em> <\/em><\/strong>podem se iniciar <strong>de <\/strong><span class=\"has-inline-color has-vivid-red-color\"><strong>of\u00edcio<\/strong> <\/span>ou de <strong>forma provocada<\/strong>, sem excluir a possibilidade de <strong>qualquer cidad\u00e3o<\/strong>, partido pol\u00edtico, associa\u00e7\u00e3o ou sindicato <strong>denunciar irregularidades ou ilegalidades perante o TCU<\/strong> (Art. 74, \u00a72\u00ba).<\/p>\n\n\n\n<h3 class=\"wp-block-heading\" id=\"h-fiscalizar-as-empresas-supranacionais-que-a-uniao-tenha-participacao\">Fiscalizar as empresas supranacionais que a Uni\u00e3o tenha participa\u00e7\u00e3o<\/h3>\n\n\n\n<p><em>V &#8211; <\/em><strong><span class=\"has-inline-color has-vivid-cyan-blue-color\"><em>fiscalizar<\/em><\/span><\/strong><em><span class=\"has-inline-color has-vivid-cyan-blue-color\"> <\/span>as <strong>contas nacionais<\/strong> das <\/em><strong><em><span class=\"has-inline-color has-vivid-cyan-blue-color\">empresas supranacionais<\/span><\/em><\/strong><em> de <strong>cujo capital social a Uni\u00e3o participe<\/strong>, de forma direta ou indireta, nos termos do tratado constitutivo;<\/em><\/p>\n\n\n\n<p>Trata-se de um inciso capcioso, pois cabe ao TCU fiscalizar <strong>apenas<\/strong> <strong>as contas nacionais<\/strong> das empresas supranacionais (aquelas que operam em v\u00e1rios pa\u00edses) em que a <strong>Uni\u00e3o participe do capital social<\/strong>, direita ou <strong>indiretamente<\/strong>.<\/p>\n\n\n\n<h3 class=\"wp-block-heading\" id=\"h-fiscalizar-convenio-da-uniao-com-demais-entes\">Fiscalizar conv\u00eanio da Uni\u00e3o com demais entes<\/h3>\n\n\n\n<p><em>VI &#8211; <\/em><strong><em><span class=\"has-inline-color has-vivid-cyan-blue-color\">fiscalizar a aplica\u00e7\u00e3o<\/span><\/em><\/strong><em> de <\/em><strong><span class=\"has-inline-color has-vivid-red-color\"><em>quaisquer<\/em><\/span><\/strong><em><span class=\"has-inline-color has-vivid-red-color\"> <\/span><\/em><strong><span class=\"has-inline-color has-vivid-cyan-blue-color\"><em>recursos repassados<\/em><\/span><\/strong><em><span class=\"has-inline-color has-vivid-cyan-blue-color\"> <\/span><\/em><strong><em>pela Uni\u00e3o<\/em><\/strong><em> mediante conv\u00eanio, acordo, ajuste ou outros instrumentos cong\u00eaneres, <strong>a Estado, ao Distrito Federal ou a Munic\u00edpio<\/strong>;<\/em><\/p>\n\n\n\n<p>Aqui \u00e9 importante conhecer o posicionamento do STF (MS 24.312-RJ, Rel. Min. Ellen Gracie, 19.02.2003) que entendeu que o <strong>TCU n\u00e3o tem compet\u00eancia <\/strong>para fiscalizar a aplica\u00e7\u00e3o dos recursos recebidos a t\u00edtulos de \u201croyalties&#8221; decorrentes da extra\u00e7\u00e3o de petr\u00f3leo, xisto betuminoso e g\u00e1s natural, pelos Estados e Munic\u00edpios, pois estes recursos s\u00e3o receitas origin\u00e1rias (CF, Art. 20, \u00a7 1\u00ba), dessa forma, n\u00e3o h\u00e1 que se falar em \u201crepasse\u201d.<\/p>\n\n\n\n<h3 class=\"wp-block-heading\" id=\"h-prestar-informacoes-ao-congresso-nacional\">Prestar informa\u00e7\u00f5es ao Congresso Nacional<\/h3>\n\n\n\n<p><em>VII &#8211; <\/em><strong><em><span class=\"has-inline-color has-vivid-cyan-blue-color\">prestar as informa\u00e7\u00f5es solicitadas pelo Congresso Nacional<\/span><\/em><\/strong><em>, por <strong>qualquer de suas Casas<\/strong>, ou por qualquer das respectivas <strong>Comiss\u00f5es<\/strong>, sobre a fiscaliza\u00e7\u00e3o cont\u00e1bil, financeira, or\u00e7ament\u00e1ria, operacional e patrimonial e sobre resultados de auditorias e inspe\u00e7\u00f5es realizadas;<\/em><\/p>\n\n\n\n<p><em>\u00a7 4\u00ba O Tribunal <\/em><strong><em><span class=\"has-inline-color has-vivid-green-cyan-color\">encaminhar\u00e1 <\/span><\/em><\/strong><em><strong>ao Congresso Nacional<\/strong>, <\/em><strong><span class=\"has-inline-color has-vivid-red-color\"><em>trimestral<\/em><\/span><\/strong><em><span class=\"has-inline-color has-vivid-red-color\"> <\/span>e <strong>anualmente<\/strong><\/em><strong><em>, <span class=\"has-inline-color has-vivid-green-cyan-color\">relat\u00f3rio de suas atividades<\/span><\/em><\/strong><em>.<\/em><\/p>\n\n\n\n<h3 class=\"wp-block-heading\" id=\"h-aplicar-sancoes\">Aplicar san\u00e7\u00f5es<\/h3>\n\n\n\n<p><em>VIII &#8211; <\/em><strong><em><span class=\"has-inline-color has-vivid-cyan-blue-color\">aplicar aos respons\u00e1veis<\/span><\/em><\/strong><em>, <strong>em caso de ilegalidade de despesa ou irregularidade de contas<\/strong>, as <\/em><strong><span class=\"has-inline-color has-vivid-cyan-blue-color\"><em>san\u00e7\u00f5es<\/em><\/span><\/strong><em><span class=\"has-inline-color has-vivid-cyan-blue-color\"> <\/span>previstas em lei, que estabelecer\u00e1, entre outras comina\u00e7\u00f5es, <\/em><strong><em><span class=\"has-inline-color has-vivid-green-cyan-color\">multa proporcional ao dano causado ao er\u00e1rio<\/span><\/em><\/strong><em>;<\/em><\/p>\n\n\n\n<p>Vale ressaltar que as decis\u00f5es do TCU de que resulte imputa\u00e7\u00e3o de d\u00e9bito ou multa ter\u00e3o <strong>efic\u00e1cia de t\u00edtulo executivo<\/strong> (t\u00edtulo executivo extrajudicial), conforme Art. 71, \u00a7 3\u00ba, ou seja, o Judici\u00e1rio pode utilizar a decis\u00e3o do TCU para realizar a execu\u00e7\u00e3o da d\u00edvida.<\/p>\n\n\n\n<h3 class=\"wp-block-heading\" id=\"h-assinar-prazo-para-adocao-de-providencias\">Assinar prazo para ado\u00e7\u00e3o de provid\u00eancias<\/h3>\n\n\n\n<p><em>IX &#8211; <\/em><strong><span class=\"has-inline-color has-vivid-cyan-blue-color\"><em>assinar prazo<\/em><\/span><\/strong><em><span class=\"has-inline-color has-vivid-cyan-blue-color\"> <\/span>para que o \u00f3rg\u00e3o ou entidade <\/em><strong><span class=\"has-inline-color has-vivid-cyan-blue-color\"><em>adote as provid\u00eancias<\/em><\/span><\/strong><em><span class=\"has-inline-color has-vivid-cyan-blue-color\"> <\/span>necess\u00e1rias ao exato cumprimento da lei, <u>se verificada ilegalidade<\/u>;<\/em><\/p>\n\n\n\n<h3 class=\"wp-block-heading\" id=\"h-sustar-ato-impugnado\">Sustar ato impugnado<\/h3>\n\n\n\n<p><em>X &#8211; <\/em><strong><em><span class=\"has-inline-color has-vivid-cyan-blue-color\">sustar<\/span><\/em><\/strong><em>,<strong> se n\u00e3o atendido<\/strong>, a execu\u00e7\u00e3o do <strong><span class=\"has-inline-color has-vivid-cyan-blue-color\">ato impugnado<\/span><\/strong>, <span style=\"text-decoration: underline\">comunicando a decis\u00e3o \u00e0 C\u00e2mara dos Deputados e ao Senado Federal<\/span>;<\/em><\/p>\n\n\n\n<p>Entretanto no caso de <strong>contrato<\/strong>, o ato de susta\u00e7\u00e3o ser\u00e1 adotado diretamente <strong>pelo Congresso Nacional<\/strong>, <span style=\"text-decoration: underline\">que solicitar\u00e1, de <span class=\"has-inline-color has-vivid-red-color\"><strong>imediato<\/strong><\/span>, ao Poder Executivo as medidas cab\u00edveis<\/span> (\u00a71\u00ba).<\/p>\n\n\n\n<ul class=\"wp-block-list\">\n<li><strong><span class=\"has-inline-color has-vivid-purple-color\">Susta\u00e7\u00e3o de ato <\/span><\/strong> -&gt; TCU<\/li>\n\n\n\n<li><mark style=\"background-color:rgba(0, 0, 0, 0)\" class=\"has-inline-color has-vivid-purple-color\"><strong>Susta\u00e7\u00e3o de <\/strong><\/mark><strong><mark style=\"background-color:rgba(0, 0, 0, 0)\" class=\"has-inline-color has-vivid-red-color\">Con<\/mark><\/strong><mark style=\"background-color:rgba(0, 0, 0, 0)\" class=\"has-inline-color has-vivid-purple-color\"><strong>trato<\/strong> <\/mark>\u2013<mark style=\"background-color:rgba(0, 0, 0, 0)\" class=\"has-inline-color has-vivid-red-color\"> <strong>Con<\/strong><\/mark>gresso<\/li>\n<\/ul>\n\n\n\n<p><strong><span class=\"has-inline-color has-luminous-vivid-amber-color\">Obs.<\/span><\/strong><span class=\"has-inline-color has-black-color\"><strong> <\/strong>Caso haja inercia do Congresso Nacional ou do Poder Executivo, por mais de 90 dias, o TCU poder\u00e1 sustar o contrato (\u00a72\u00ba).<\/span><\/p>\n\n\n\n<h3 class=\"wp-block-heading\" id=\"h-representar-sobre-irregularidades\">Representar sobre irregularidades<\/h3>\n\n\n\n<p><em>XI &#8211;<span class=\"has-inline-color has-vivid-cyan-blue-color\"> <\/span><\/em><strong><span class=\"has-inline-color has-vivid-cyan-blue-color\"><em>representar ao Poder<\/em><\/span><\/strong><em> competente <\/em><strong><em><span class=\"has-inline-color has-vivid-cyan-blue-color\">sobre irregularidades<\/span><\/em><\/strong><em> ou abusos apurados.<\/em><\/p>\n\n\n\n<p>Exemplo: Comunicar ao MP sobre crime.<\/p>\n\n\n\n<h2 class=\"wp-block-heading\" id=\"h-estrutura-do-tcu\">Estrutura do TCU<\/h2>\n\n\n\n<p>O artigo 73 apresenta a estrutura do TCU, vamos esquematiz\u00e1-la.<\/p>\n\n\n\n<ul class=\"wp-block-list\">\n<li><strong><span class=\"has-inline-color has-vivid-cyan-blue-color\">Sede<\/span><\/strong>: Distrito Federal<\/li>\n\n\n\n<li><strong><span class=\"has-inline-color has-vivid-cyan-blue-color\">Jurisdi\u00e7\u00e3o<\/span><\/strong>: todo o territ\u00f3rio nacional<\/li>\n\n\n\n<li><strong><span class=\"has-inline-color has-vivid-cyan-blue-color\">Atribui\u00e7\u00f5es<\/span><\/strong>: no que couber as previstas aos Tribunais do Judici\u00e1rio (Art. 96)<\/li>\n\n\n\n<li><strong><span class=\"has-inline-color has-vivid-cyan-blue-color\">Membros<\/span><\/strong>: 9<\/li>\n<\/ul>\n\n\n\n<p><mark style=\"background-color:rgba(0, 0, 0, 0)\" class=\"has-inline-color has-cyan-bluish-gray-color\"><strong>Bizu:<\/strong> <\/mark><mark style=\"background-color:rgba(0, 0, 0, 0)\" class=\"has-inline-color has-vivid-purple-color\"><strong>TCU<\/strong> <\/mark>\u2013 <strong><mark style=\"background-color:rgba(0, 0, 0, 0)\" class=\"has-inline-color has-vivid-purple-color\">T<\/mark><\/strong>en <strong><mark style=\"background-color:rgba(0, 0, 0, 0)\" class=\"has-inline-color has-vivid-purple-color\">C<\/mark><\/strong>em <strong><mark style=\"background-color:rgba(0, 0, 0, 0)\" class=\"has-inline-color has-vivid-purple-color\">U<\/mark><\/strong>m \u2013 9 ministros<\/p>\n\n\n\n<p><strong><span class=\"has-inline-color has-vivid-green-cyan-color\">Requisitos dos Ministros do Tribunal de Contas da Uni\u00e3o<\/span> (\u00a71\u00ba):<\/strong><\/p>\n\n\n\n<ul class=\"wp-block-list\">\n<li>Brasileiro<\/li>\n\n\n\n<li>Mais de 35 e menos de 65 anos<\/li>\n\n\n\n<li>Idoneidade moral e reputa\u00e7\u00e3o ilibada;<\/li>\n\n\n\n<li>Not\u00f3rios conhecimentos jur\u00eddicos, cont\u00e1beis, econ\u00f4micos e financeiros ou de administra\u00e7\u00e3o p\u00fablica;<\/li>\n\n\n\n<li>Mais de 10 anos de exerc\u00edcio de fun\u00e7\u00e3o ou de efetiva atividade profissional <\/li>\n<\/ul>\n\n\n\n<p><strong><span class=\"has-inline-color has-vivid-green-cyan-color\">Escolha <\/span>(\u00a72\u00ba):<\/strong><\/p>\n\n\n\n<ul class=\"wp-block-list\">\n<li>1\/3 (3 membros) pelo Presidente, com aprova\u00e7\u00e3o do Senado<strong><span class=\"has-inline-color has-vivid-red-color\">*<\/span><\/strong><\/li>\n\n\n\n<li>2\/3 (6 membros) pelo Congresso Nacional<\/li>\n<\/ul>\n\n\n\n<p><em><span class=\"has-inline-color has-vivid-red-color\">*<\/span>Sendo 2 dos 3 alternadamente dentre auditores e membros do MP junto ao Tribunal, indicados em lista tr\u00edplice pelo Tribunal, segundo os crit\u00e9rios de antig<\/em>u<em>idade e merecimento;<\/em><\/p>\n\n\n\n<h3 class=\"wp-block-heading\" id=\"h-prerrogativas-dos-ministros-e-dos-auditores-do-tcu\">Prerrogativas dos Ministros e dos Auditores do TCU<\/h3>\n\n\n\n<p>Quanto a garantias, prerrogativas, impedimentos, vencimentos e vantagens:<\/p>\n\n\n\n<ul class=\"wp-block-list\">\n<li><strong><span class=\"has-inline-color has-vivid-purple-color\">Ministros do TCU<\/span><\/strong> -&gt; <strong>Ministros do STJ<\/strong> (\u00a73),<\/li>\n\n\n\n<li><strong><span class=\"has-inline-color has-vivid-purple-color\">Auditor do TCU <\/span>-&gt;&nbsp; juiz de TRF<\/strong> (\u00a74\u00ba).<strong><span class=\"has-inline-color has-vivid-red-color\">*<\/span><\/strong><\/li>\n<\/ul>\n\n\n\n<p><em><strong><span class=\"has-inline-color has-vivid-red-color\">*<\/span><\/strong>Auditor quando em substitui\u00e7\u00e3o a Ministro -&gt; <strong>Ministros do TCU<\/strong><\/em> <em>(\u00a74\u00ba).<\/em><\/p>\n\n\n\n<h2 class=\"wp-block-heading\" id=\"h-controle-interno\">Controle interno<\/h2>\n\n\n\n<p>J\u00e1 vimos que h\u00e1 tanto o controle externo, aquele realizado por outro poder, quanto o controle interno, aquele por meio de sua pr\u00f3pria estrutura interna.<\/p>\n\n\n\n<p>As disposi\u00e7\u00f5es de controle interno tamb\u00e9m caem muito em concurso, a vantagem \u00e9 que em sua grande <strong>maioria a abordagem \u00e9 meramente literal<\/strong>, assim <strong><span class=\"has-inline-color has-vivid-red-color\">decore esses dispositivos<\/span><\/strong>!<\/p>\n\n\n\n<p><em>&nbsp;Art. 74. <strong>Os Poderes<\/strong> Legislativo, Executivo e Judici\u00e1rio manter\u00e3o, <strong>de forma integrada,<\/strong> <\/em><strong><em>sistema de<\/em><span class=\"has-inline-color has-vivid-green-cyan-color\"><em> <\/em><\/span><em><span class=\"has-inline-color has-vivid-cyan-blue-color\">controle interno<\/span><\/em><\/strong><em><span class=\"has-inline-color has-vivid-green-cyan-color\"> <\/span>com a <\/em><strong><span class=\"has-inline-color has-vivid-green-cyan-color\"><em>finalidade<\/em><\/span><\/strong><em><span class=\"has-inline-color has-vivid-green-cyan-color\"> <\/span>de:<\/em><\/p>\n\n\n\n<p><em>I &#8211; <\/em><strong><em><span class=\"has-inline-color has-vivid-green-cyan-color\">avaliar o cumprimento<\/span> das <\/em><span class=\"has-inline-color has-vivid-purple-color\"><em>metas<\/em><\/span><\/strong><em><span class=\"has-inline-color has-vivid-purple-color\"> <\/span>previstas no <\/em><strong><em><span class=\"has-inline-color has-vivid-purple-color\">plano plurianual<\/span><\/em><\/strong><em>, a execu\u00e7\u00e3o dos <\/em><strong><span class=\"has-inline-color has-vivid-purple-color\"><em>programas<\/em><\/span><\/strong><em><span class=\"has-inline-color has-vivid-purple-color\"> <\/span>de governo e dos <strong><span class=\"has-inline-color has-vivid-purple-color\">or\u00e7amentos <\/span><\/strong>da Uni\u00e3o;<\/em><\/p>\n\n\n\n<p><em>II &#8211; <\/em><strong><em><span class=\"has-inline-color has-vivid-green-cyan-color\">comprovar a legalidade e avaliar os resultados<\/span><\/em><\/strong><em>, quanto \u00e0 efic\u00e1cia e efici\u00eancia, da gest\u00e3o or\u00e7ament\u00e1ria, financeira e patrimonial <\/em><strong><em>nos \u00f3rg\u00e3os e entidades da administra\u00e7\u00e3o federal<\/em><\/strong><em>, bem como da <\/em><strong><em><span class=\"has-inline-color has-vivid-purple-color\">aplica\u00e7\u00e3o de recursos p\u00fablicos por entidades de direito <\/span><span class=\"has-inline-color has-vivid-red-color\">privado<\/span><\/em><\/strong><em>;<\/em><\/p>\n\n\n\n<p><em>III &#8211; <\/em><strong><em>exercer o <\/em><span class=\"has-inline-color has-vivid-green-cyan-color\"><em>controle das opera\u00e7\u00f5es de cr\u00e9dito<\/em><\/span><\/strong><em><span class=\"has-inline-color has-vivid-green-cyan-color\">, <\/span><\/em><strong><span class=\"has-inline-color has-vivid-green-cyan-color\"><em>avais e garantias<\/em><\/span><em>,<\/em><\/strong><em> bem como dos<span class=\"has-inline-color has-vivid-purple-color\"> <\/span><\/em><strong><span class=\"has-inline-color has-vivid-purple-color\"><em>direitos e haveres <\/em><\/span><em>da Uni\u00e3o<\/em><\/strong><em>;<\/em><\/p>\n\n\n\n<p><em>IV &#8211; <\/em><strong><em><span class=\"has-inline-color has-vivid-green-cyan-color\">apoiar o controle externo<\/span><\/em><\/strong><em> no exerc\u00edcio de sua miss\u00e3o institucional.<\/em><\/p>\n\n\n\n<p>Assim, os&nbsp;<strong>respons\u00e1veis pelo controle interno<\/strong>&nbsp;ao tomarem conhecimento de qualquer irregularidade ou ilegalidade dever\u00e3o dar ci\u00eancia ao TCU,&nbsp;<strong>sob pena de responsabilidade solid\u00e1ria&nbsp;<\/strong>(\u00a71\u00ba).<\/p>\n\n\n\n<h2 class=\"wp-block-heading\" id=\"h-consideracoes-finais\">Considera\u00e7\u00f5es Finais<\/h2>\n\n\n\n<p>Chegamos ao final do artigo sobre a Fiscaliza\u00e7\u00e3o cont\u00e1bil, financeira e or\u00e7ament\u00e1ria, espero que tenha sido efetivo para seu estudo.<\/p>\n\n\n\n<p>Como voc\u00ea pode perceber, o artigo \u00e9 apenas um resumo sobre a Fiscaliza\u00e7\u00e3o cont\u00e1bil, financeira e or\u00e7ament\u00e1ria, para que se tenha a devida profundida no assunto, n\u00e3o deixe de conferir nossos cursos.<\/p>\n\n\n\n<p class=\"has-text-align-center\"><a href=\"https:\/\/www.estrategiaconcursos.com.br\/pesquisa\/?q=direito+constitucional\" data-type=\"URL\" data-id=\"https:\/\/www.estrategiaconcursos.com.br\/pesquisa\/?q=direito+constitucional\">Direito Constitucional &#8211; Fiscaliza\u00e7\u00e3o cont\u00e1bil, financeira e or\u00e7ament\u00e1ria<\/a><\/p>\n\n\n\n<p>At\u00e9 mais e bons estudos!<\/p>\n\n\n\n<p class=\"has-text-align-center\"><a href=\"https:\/\/www.instagram.com\/resumospassarin\/\">https:\/\/www.instagram.com\/resumospassarin\/<\/a><\/p>\n\n\n\n<p class=\"has-text-align-center\"><em><strong>Assinatura Anual Ilimitada*<\/strong><\/em><\/p>\n\n\n\n<p class=\"has-text-align-center\"><em>Prepare-se com o melhor material e com quem mais aprova em Concursos P\u00fablicos em todo o pa\u00eds. Assine agora a nossa Assinatura Anual e tenha acesso ilimitado* a todos os nossos cursos.<\/em><\/p>\n\n\n\n<p class=\"has-text-align-center has-light-green-cyan-background-color has-background\"><strong>ASSINE AGORA<\/strong>&nbsp;\u2013&nbsp;<strong><a rel=\"noreferrer noopener\" href=\"https:\/\/www.estrategiaconcursos.com.br\/assinaturas\" target=\"_blank\">Assinatura Ilimitada<\/a><\/strong><\/p>\n\n\n\n<p class=\"has-text-align-center\"><strong><em><strong>Sistema de Quest\u00f5es<\/strong><\/em><\/strong><\/p>\n\n\n\n<p class=\"has-text-align-center\"><em>Estrat\u00e9gia Quest\u00f5es nasceu maior do que todos os concorrentes, com mais quest\u00f5es cadastradas e mais solu\u00e7\u00f5es por professores. Ent\u00e3o, confira e aproveite os descontos e b\u00f4nus imperd\u00edveis!<\/em><\/p>\n\n\n\n<p class=\"has-text-align-center has-vivid-green-cyan-background-color has-background\"><strong>ASSINE AGORA \u2013&nbsp;<a rel=\"noreferrer noopener\" href=\"https:\/\/www.estrategiaconcursos.com.br\/cursosPorConcurso\/sistema-de-questoes\/#\/\" target=\"_blank\">Sistema de Quest\u00f5es<\/a><\/strong><\/p>\n\n\n\n<p class=\"has-text-align-center\"><strong><em>Fique por dentro dos concursos em aberto<\/em><\/strong><\/p>\n\n\n\n<p class=\"has-text-align-center has-pale-cyan-blue-background-color has-background\"><a href=\"https:\/\/www.estrategiaconcursos.com.br\/blog\/concursos-abertos\/\" target=\"_blank\" rel=\"noreferrer noopener\"><strong>CONCURSOS ABERTOS<\/strong><\/a><\/p>\n","protected":false},"excerpt":{"rendered":"<p>Ol\u00e1, pessoal. Tudo certo? Hoje trataremos sobre a fiscaliza\u00e7\u00e3o cont\u00e1bil, financeira e or\u00e7ament\u00e1ria na Constitui\u00e7\u00e3o Federal. O assunto \u00e9 correlacionado com o Poder Legislativo, uma vez que o Legislativo tem duas fun\u00e7\u00f5es t\u00edpicas, a fun\u00e7\u00e3o legislativa e a fun\u00e7\u00e3o fiscalizadora. Veremos que o Congresso Nacional \u00e9 o titular do Controle Externo no \u00e2mbito federal. Sem [&hellip;]<\/p>\n","protected":false},"author":1763,"featured_media":614471,"comment_status":"open","ping_status":"closed","sticky":false,"template":"","format":"standard","meta":{"post_tipo":"article","footnotes":""},"categories":[164300,1983,6741,2185,1988,1984,214710],"tags":[],"tax_estado":[219964,219965,219966,219967,219968,219969,219963,219970,219971,219972,219973,219974,219975,219976,219977,219978,219979,219980,219981,219982,219983,219984,219985,219986,219987,219988,219989,219990],"class_list":["post-614470","post","type-post","status-publish","format-standard","has-post-thumbnail","hentry","category-concurso-diplomacia","category-fiscal-estadual","category-forcas-armadas-oficiais","category-carreiras-juridicas","category-policia","category-tribunais","category-tribunais-de-contas","tax_estado-ac","tax_estado-al","tax_estado-am","tax_estado-ap","tax_estado-ba","tax_estado-ce","tax_estado-concursos-federais","tax_estado-df","tax_estado-es","tax_estado-go","tax_estado-ma","tax_estado-mg","tax_estado-ms","tax_estado-mt","tax_estado-pa","tax_estado-pb","tax_estado-pe","tax_estado-pi","tax_estado-pr","tax_estado-rj","tax_estado-rn","tax_estado-ro","tax_estado-rr","tax_estado-rs","tax_estado-sc","tax_estado-se","tax_estado-sp","tax_estado-to"],"acf":[],"yoast_head":"<!-- This site is optimized with the Yoast SEO Premium plugin v27.2 (Yoast SEO v27.2) - https:\/\/yoast.com\/product\/yoast-seo-premium-wordpress\/ -->\n<title>Fiscaliza\u00e7\u00e3o cont\u00e1bil, financeira e or\u00e7ament\u00e1ria na CF - Resumo<\/title>\n<meta name=\"description\" content=\"Veja nesse artigo um resumo esquem\u00e1tico sobre a fiscaliza\u00e7\u00e3o cont\u00e1bil, financeira e or\u00e7ament\u00e1ria na Constitui\u00e7\u00e3o Federal.\" \/>\n<meta name=\"robots\" content=\"index, follow, max-snippet:-1, max-image-preview:large, max-video-preview:-1\" \/>\n<link rel=\"canonical\" href=\"https:\/\/www.estrategiaconcursos.com.br\/blog\/fiscalizacao-contabil-financeira-e-orcamentaria-na-cf-resumo\/\" \/>\n<meta property=\"og:locale\" content=\"pt_BR\" \/>\n<meta property=\"og:type\" content=\"article\" \/>\n<meta property=\"og:title\" content=\"Fiscaliza\u00e7\u00e3o cont\u00e1bil, financeira e or\u00e7ament\u00e1ria na CF - Resumo\" \/>\n<meta property=\"og:description\" content=\"Veja nesse artigo um resumo esquem\u00e1tico sobre a fiscaliza\u00e7\u00e3o cont\u00e1bil, financeira e or\u00e7ament\u00e1ria na Constitui\u00e7\u00e3o Federal.\" \/>\n<meta property=\"og:url\" content=\"https:\/\/www.estrategiaconcursos.com.br\/blog\/fiscalizacao-contabil-financeira-e-orcamentaria-na-cf-resumo\/\" \/>\n<meta property=\"og:site_name\" content=\"Estrat\u00e9gia Concursos\" \/>\n<meta property=\"article:published_time\" content=\"2020-12-02T18:18:00+00:00\" \/>\n<meta property=\"article:modified_time\" content=\"2023-06-27T13:44:46+00:00\" \/>\n<meta property=\"og:image\" content=\"https:\/\/dhg1h5j42swfq.cloudfront.net\/2020\/11\/20194615\/TCU-agencia-Brasil-ebc.jpg\" \/>\n\t<meta property=\"og:image:width\" content=\"1170\" \/>\n\t<meta property=\"og:image:height\" content=\"700\" \/>\n\t<meta property=\"og:image:type\" content=\"image\/jpeg\" \/>\n<meta name=\"author\" content=\"Leonardo Menezes Passarin\" \/>\n<meta name=\"twitter:card\" content=\"summary_large_image\" \/>\n<meta name=\"twitter:creator\" content=\"@EstratConcursos\" \/>\n<meta name=\"twitter:site\" content=\"@EstratConcursos\" \/>\n<meta name=\"twitter:label1\" content=\"Escrito por\" \/>\n\t<meta name=\"twitter:data1\" content=\"Leonardo Menezes Passarin\" \/>\n\t<meta name=\"twitter:label2\" content=\"Est. tempo de leitura\" \/>\n\t<meta name=\"twitter:data2\" content=\"9 minutos\" \/>\n<script type=\"application\/ld+json\" class=\"yoast-schema-graph\">{\"@context\":\"https:\/\/schema.org\",\"@graph\":[{\"@type\":\"NewsArticle\",\"@id\":\"https:\/\/www.estrategiaconcursos.com.br\/blog\/fiscalizacao-contabil-financeira-e-orcamentaria-na-cf-resumo\/#article\",\"isPartOf\":{\"@id\":\"https:\/\/www.estrategiaconcursos.com.br\/blog\/fiscalizacao-contabil-financeira-e-orcamentaria-na-cf-resumo\/\"},\"author\":{\"name\":\"Leonardo Menezes Passarin\",\"@id\":\"https:\/\/www.estrategiaconcursos.com.br\/blog\/#\/schema\/person\/245b44e43eb13f0dbd04a7a078cd0d0d\"},\"headline\":\"Fiscaliza\u00e7\u00e3o cont\u00e1bil, financeira e or\u00e7ament\u00e1ria na CF &#8211; Resumo\",\"datePublished\":\"2020-12-02T18:18:00+00:00\",\"dateModified\":\"2023-06-27T13:44:46+00:00\",\"mainEntityOfPage\":{\"@id\":\"https:\/\/www.estrategiaconcursos.com.br\/blog\/fiscalizacao-contabil-financeira-e-orcamentaria-na-cf-resumo\/\"},\"wordCount\":2113,\"commentCount\":1,\"publisher\":{\"@id\":\"https:\/\/www.estrategiaconcursos.com.br\/blog\/#organization\"},\"image\":{\"@id\":\"https:\/\/www.estrategiaconcursos.com.br\/blog\/fiscalizacao-contabil-financeira-e-orcamentaria-na-cf-resumo\/#primaryimage\"},\"thumbnailUrl\":\"https:\/\/dhg1h5j42swfq.cloudfront.net\/2020\/11\/20194615\/TCU-agencia-Brasil-ebc.jpg\",\"articleSection\":[\"Diplomacia (CACD)\",\"Fiscal - Estadual (ICMS)\",\"For\u00e7as Armadas (Oficiais)\",\"Jur\u00eddico\",\"Policial (Agente, Escriv\u00e3o e Investigador)\",\"Tribunais\",\"Tribunais de Contas (TCU, TCE, TCM)\"],\"inLanguage\":\"pt-BR\",\"potentialAction\":[{\"@type\":\"CommentAction\",\"name\":\"Comment\",\"target\":[\"https:\/\/www.estrategiaconcursos.com.br\/blog\/fiscalizacao-contabil-financeira-e-orcamentaria-na-cf-resumo\/#respond\"]}],\"copyrightYear\":\"2020\",\"copyrightHolder\":{\"@id\":\"https:\/\/www.estrategiaconcursos.com.br\/blog\/#organization\"}},{\"@type\":\"WebPage\",\"@id\":\"https:\/\/www.estrategiaconcursos.com.br\/blog\/fiscalizacao-contabil-financeira-e-orcamentaria-na-cf-resumo\/\",\"url\":\"https:\/\/www.estrategiaconcursos.com.br\/blog\/fiscalizacao-contabil-financeira-e-orcamentaria-na-cf-resumo\/\",\"name\":\"Fiscaliza\u00e7\u00e3o cont\u00e1bil, financeira e or\u00e7ament\u00e1ria na CF - Resumo\",\"isPartOf\":{\"@id\":\"https:\/\/www.estrategiaconcursos.com.br\/blog\/#website\"},\"primaryImageOfPage\":{\"@id\":\"https:\/\/www.estrategiaconcursos.com.br\/blog\/fiscalizacao-contabil-financeira-e-orcamentaria-na-cf-resumo\/#primaryimage\"},\"image\":{\"@id\":\"https:\/\/www.estrategiaconcursos.com.br\/blog\/fiscalizacao-contabil-financeira-e-orcamentaria-na-cf-resumo\/#primaryimage\"},\"thumbnailUrl\":\"https:\/\/dhg1h5j42swfq.cloudfront.net\/2020\/11\/20194615\/TCU-agencia-Brasil-ebc.jpg\",\"datePublished\":\"2020-12-02T18:18:00+00:00\",\"dateModified\":\"2023-06-27T13:44:46+00:00\",\"description\":\"Veja nesse artigo um resumo esquem\u00e1tico sobre a fiscaliza\u00e7\u00e3o cont\u00e1bil, financeira e or\u00e7ament\u00e1ria na Constitui\u00e7\u00e3o Federal.\",\"breadcrumb\":{\"@id\":\"https:\/\/www.estrategiaconcursos.com.br\/blog\/fiscalizacao-contabil-financeira-e-orcamentaria-na-cf-resumo\/#breadcrumb\"},\"inLanguage\":\"pt-BR\",\"potentialAction\":[{\"@type\":\"ReadAction\",\"target\":[\"https:\/\/www.estrategiaconcursos.com.br\/blog\/fiscalizacao-contabil-financeira-e-orcamentaria-na-cf-resumo\/\"]}]},{\"@type\":\"ImageObject\",\"inLanguage\":\"pt-BR\",\"@id\":\"https:\/\/www.estrategiaconcursos.com.br\/blog\/fiscalizacao-contabil-financeira-e-orcamentaria-na-cf-resumo\/#primaryimage\",\"url\":\"https:\/\/dhg1h5j42swfq.cloudfront.net\/2020\/11\/20194615\/TCU-agencia-Brasil-ebc.jpg\",\"contentUrl\":\"https:\/\/dhg1h5j42swfq.cloudfront.net\/2020\/11\/20194615\/TCU-agencia-Brasil-ebc.jpg\",\"width\":1170,\"height\":700,\"caption\":\"TCU - Discursiva: Como elaboro a prova discursiva para o concurso do TCU?\"},{\"@type\":\"BreadcrumbList\",\"@id\":\"https:\/\/www.estrategiaconcursos.com.br\/blog\/fiscalizacao-contabil-financeira-e-orcamentaria-na-cf-resumo\/#breadcrumb\",\"itemListElement\":[{\"@type\":\"ListItem\",\"position\":1,\"name\":\"In\u00edcio\",\"item\":\"https:\/\/www.estrategiaconcursos.com.br\/blog\/\"},{\"@type\":\"ListItem\",\"position\":2,\"name\":\"Fiscaliza\u00e7\u00e3o cont\u00e1bil, financeira e or\u00e7ament\u00e1ria na CF &#8211; Resumo\"}]},{\"@type\":\"WebSite\",\"@id\":\"https:\/\/www.estrategiaconcursos.com.br\/blog\/#website\",\"url\":\"https:\/\/www.estrategiaconcursos.com.br\/blog\/\",\"name\":\"Estrat\u00e9gia Concursos\",\"description\":\"O blog da Estrat\u00e9gia Concursos traz not\u00edcias sobre concursos e artigos de professores oferecendo cursos para concursos (pdf + videaulas) no site.\",\"publisher\":{\"@id\":\"https:\/\/www.estrategiaconcursos.com.br\/blog\/#organization\"},\"potentialAction\":[{\"@type\":\"SearchAction\",\"target\":{\"@type\":\"EntryPoint\",\"urlTemplate\":\"https:\/\/www.estrategiaconcursos.com.br\/blog\/?s={search_term_string}\"},\"query-input\":{\"@type\":\"PropertyValueSpecification\",\"valueRequired\":true,\"valueName\":\"search_term_string\"}}],\"inLanguage\":\"pt-BR\"},{\"@type\":\"Organization\",\"@id\":\"https:\/\/www.estrategiaconcursos.com.br\/blog\/#organization\",\"name\":\"Estrat\u00e9gia Concursos\",\"url\":\"https:\/\/www.estrategiaconcursos.com.br\/blog\/\",\"logo\":{\"@type\":\"ImageObject\",\"inLanguage\":\"pt-BR\",\"@id\":\"https:\/\/www.estrategiaconcursos.com.br\/blog\/#\/schema\/logo\/image\/\",\"url\":\"https:\/\/dhg1h5j42swfq.cloudfront.net\/2025\/06\/03203428\/logo_concursos-1.jpg\",\"contentUrl\":\"https:\/\/dhg1h5j42swfq.cloudfront.net\/2025\/06\/03203428\/logo_concursos-1.jpg\",\"width\":230,\"height\":60,\"caption\":\"Estrat\u00e9gia Concursos\"},\"image\":{\"@id\":\"https:\/\/www.estrategiaconcursos.com.br\/blog\/#\/schema\/logo\/image\/\"},\"sameAs\":[\"https:\/\/x.com\/EstratConcursos\"]},{\"@type\":\"Person\",\"@id\":\"https:\/\/www.estrategiaconcursos.com.br\/blog\/#\/schema\/person\/245b44e43eb13f0dbd04a7a078cd0d0d\",\"name\":\"Leonardo Menezes Passarin\",\"image\":{\"@type\":\"ImageObject\",\"inLanguage\":\"pt-BR\",\"@id\":\"https:\/\/secure.gravatar.com\/avatar\/fc0e5714ceaa97f24e6e6a30eab74ba8a701c2b62f8cab100ffdb22c6d8f42c3?s=96&d=mm&r=g\",\"url\":\"https:\/\/secure.gravatar.com\/avatar\/fc0e5714ceaa97f24e6e6a30eab74ba8a701c2b62f8cab100ffdb22c6d8f42c3?s=96&d=mm&r=g\",\"contentUrl\":\"https:\/\/secure.gravatar.com\/avatar\/fc0e5714ceaa97f24e6e6a30eab74ba8a701c2b62f8cab100ffdb22c6d8f42c3?s=96&d=mm&r=g\",\"caption\":\"Leonardo Menezes Passarin\"},\"url\":\"https:\/\/www.estrategiaconcursos.com.br\/blog\/author\/passarin-leonardohotmail-com\/\"}]}<\/script>\n<!-- \/ Yoast SEO Premium plugin. -->","yoast_head_json":{"title":"Fiscaliza\u00e7\u00e3o cont\u00e1bil, financeira e or\u00e7ament\u00e1ria na CF - Resumo","description":"Veja nesse artigo um resumo esquem\u00e1tico sobre a fiscaliza\u00e7\u00e3o cont\u00e1bil, financeira e or\u00e7ament\u00e1ria na Constitui\u00e7\u00e3o Federal.","robots":{"index":"index","follow":"follow","max-snippet":"max-snippet:-1","max-image-preview":"max-image-preview:large","max-video-preview":"max-video-preview:-1"},"canonical":"https:\/\/www.estrategiaconcursos.com.br\/blog\/fiscalizacao-contabil-financeira-e-orcamentaria-na-cf-resumo\/","og_locale":"pt_BR","og_type":"article","og_title":"Fiscaliza\u00e7\u00e3o cont\u00e1bil, financeira e or\u00e7ament\u00e1ria na CF - Resumo","og_description":"Veja nesse artigo um resumo esquem\u00e1tico sobre a fiscaliza\u00e7\u00e3o cont\u00e1bil, financeira e or\u00e7ament\u00e1ria na Constitui\u00e7\u00e3o Federal.","og_url":"https:\/\/www.estrategiaconcursos.com.br\/blog\/fiscalizacao-contabil-financeira-e-orcamentaria-na-cf-resumo\/","og_site_name":"Estrat\u00e9gia Concursos","article_published_time":"2020-12-02T18:18:00+00:00","article_modified_time":"2023-06-27T13:44:46+00:00","og_image":[{"width":1170,"height":700,"url":"https:\/\/dhg1h5j42swfq.cloudfront.net\/2020\/11\/20194615\/TCU-agencia-Brasil-ebc.jpg","type":"image\/jpeg"}],"author":"Leonardo Menezes Passarin","twitter_card":"summary_large_image","twitter_creator":"@EstratConcursos","twitter_site":"@EstratConcursos","twitter_misc":{"Escrito por":"Leonardo Menezes Passarin","Est. tempo de leitura":"9 minutos"},"schema":{"@context":"https:\/\/schema.org","@graph":[{"@type":"NewsArticle","@id":"https:\/\/www.estrategiaconcursos.com.br\/blog\/fiscalizacao-contabil-financeira-e-orcamentaria-na-cf-resumo\/#article","isPartOf":{"@id":"https:\/\/www.estrategiaconcursos.com.br\/blog\/fiscalizacao-contabil-financeira-e-orcamentaria-na-cf-resumo\/"},"author":{"name":"Leonardo Menezes Passarin","@id":"https:\/\/www.estrategiaconcursos.com.br\/blog\/#\/schema\/person\/245b44e43eb13f0dbd04a7a078cd0d0d"},"headline":"Fiscaliza\u00e7\u00e3o cont\u00e1bil, financeira e or\u00e7ament\u00e1ria na CF &#8211; Resumo","datePublished":"2020-12-02T18:18:00+00:00","dateModified":"2023-06-27T13:44:46+00:00","mainEntityOfPage":{"@id":"https:\/\/www.estrategiaconcursos.com.br\/blog\/fiscalizacao-contabil-financeira-e-orcamentaria-na-cf-resumo\/"},"wordCount":2113,"commentCount":1,"publisher":{"@id":"https:\/\/www.estrategiaconcursos.com.br\/blog\/#organization"},"image":{"@id":"https:\/\/www.estrategiaconcursos.com.br\/blog\/fiscalizacao-contabil-financeira-e-orcamentaria-na-cf-resumo\/#primaryimage"},"thumbnailUrl":"https:\/\/dhg1h5j42swfq.cloudfront.net\/2020\/11\/20194615\/TCU-agencia-Brasil-ebc.jpg","articleSection":["Diplomacia (CACD)","Fiscal - Estadual (ICMS)","For\u00e7as Armadas (Oficiais)","Jur\u00eddico","Policial (Agente, Escriv\u00e3o e Investigador)","Tribunais","Tribunais de Contas (TCU, TCE, TCM)"],"inLanguage":"pt-BR","potentialAction":[{"@type":"CommentAction","name":"Comment","target":["https:\/\/www.estrategiaconcursos.com.br\/blog\/fiscalizacao-contabil-financeira-e-orcamentaria-na-cf-resumo\/#respond"]}],"copyrightYear":"2020","copyrightHolder":{"@id":"https:\/\/www.estrategiaconcursos.com.br\/blog\/#organization"}},{"@type":"WebPage","@id":"https:\/\/www.estrategiaconcursos.com.br\/blog\/fiscalizacao-contabil-financeira-e-orcamentaria-na-cf-resumo\/","url":"https:\/\/www.estrategiaconcursos.com.br\/blog\/fiscalizacao-contabil-financeira-e-orcamentaria-na-cf-resumo\/","name":"Fiscaliza\u00e7\u00e3o cont\u00e1bil, financeira e or\u00e7ament\u00e1ria na CF - Resumo","isPartOf":{"@id":"https:\/\/www.estrategiaconcursos.com.br\/blog\/#website"},"primaryImageOfPage":{"@id":"https:\/\/www.estrategiaconcursos.com.br\/blog\/fiscalizacao-contabil-financeira-e-orcamentaria-na-cf-resumo\/#primaryimage"},"image":{"@id":"https:\/\/www.estrategiaconcursos.com.br\/blog\/fiscalizacao-contabil-financeira-e-orcamentaria-na-cf-resumo\/#primaryimage"},"thumbnailUrl":"https:\/\/dhg1h5j42swfq.cloudfront.net\/2020\/11\/20194615\/TCU-agencia-Brasil-ebc.jpg","datePublished":"2020-12-02T18:18:00+00:00","dateModified":"2023-06-27T13:44:46+00:00","description":"Veja nesse artigo um resumo esquem\u00e1tico sobre a fiscaliza\u00e7\u00e3o cont\u00e1bil, financeira e or\u00e7ament\u00e1ria na Constitui\u00e7\u00e3o Federal.","breadcrumb":{"@id":"https:\/\/www.estrategiaconcursos.com.br\/blog\/fiscalizacao-contabil-financeira-e-orcamentaria-na-cf-resumo\/#breadcrumb"},"inLanguage":"pt-BR","potentialAction":[{"@type":"ReadAction","target":["https:\/\/www.estrategiaconcursos.com.br\/blog\/fiscalizacao-contabil-financeira-e-orcamentaria-na-cf-resumo\/"]}]},{"@type":"ImageObject","inLanguage":"pt-BR","@id":"https:\/\/www.estrategiaconcursos.com.br\/blog\/fiscalizacao-contabil-financeira-e-orcamentaria-na-cf-resumo\/#primaryimage","url":"https:\/\/dhg1h5j42swfq.cloudfront.net\/2020\/11\/20194615\/TCU-agencia-Brasil-ebc.jpg","contentUrl":"https:\/\/dhg1h5j42swfq.cloudfront.net\/2020\/11\/20194615\/TCU-agencia-Brasil-ebc.jpg","width":1170,"height":700,"caption":"TCU - Discursiva: Como elaboro a prova discursiva para o concurso do TCU?"},{"@type":"BreadcrumbList","@id":"https:\/\/www.estrategiaconcursos.com.br\/blog\/fiscalizacao-contabil-financeira-e-orcamentaria-na-cf-resumo\/#breadcrumb","itemListElement":[{"@type":"ListItem","position":1,"name":"In\u00edcio","item":"https:\/\/www.estrategiaconcursos.com.br\/blog\/"},{"@type":"ListItem","position":2,"name":"Fiscaliza\u00e7\u00e3o cont\u00e1bil, financeira e or\u00e7ament\u00e1ria na CF &#8211; Resumo"}]},{"@type":"WebSite","@id":"https:\/\/www.estrategiaconcursos.com.br\/blog\/#website","url":"https:\/\/www.estrategiaconcursos.com.br\/blog\/","name":"Estrat\u00e9gia Concursos","description":"O blog da Estrat\u00e9gia Concursos traz not\u00edcias sobre concursos e artigos de professores oferecendo cursos para concursos (pdf + videaulas) no site.","publisher":{"@id":"https:\/\/www.estrategiaconcursos.com.br\/blog\/#organization"},"potentialAction":[{"@type":"SearchAction","target":{"@type":"EntryPoint","urlTemplate":"https:\/\/www.estrategiaconcursos.com.br\/blog\/?s={search_term_string}"},"query-input":{"@type":"PropertyValueSpecification","valueRequired":true,"valueName":"search_term_string"}}],"inLanguage":"pt-BR"},{"@type":"Organization","@id":"https:\/\/www.estrategiaconcursos.com.br\/blog\/#organization","name":"Estrat\u00e9gia Concursos","url":"https:\/\/www.estrategiaconcursos.com.br\/blog\/","logo":{"@type":"ImageObject","inLanguage":"pt-BR","@id":"https:\/\/www.estrategiaconcursos.com.br\/blog\/#\/schema\/logo\/image\/","url":"https:\/\/dhg1h5j42swfq.cloudfront.net\/2025\/06\/03203428\/logo_concursos-1.jpg","contentUrl":"https:\/\/dhg1h5j42swfq.cloudfront.net\/2025\/06\/03203428\/logo_concursos-1.jpg","width":230,"height":60,"caption":"Estrat\u00e9gia Concursos"},"image":{"@id":"https:\/\/www.estrategiaconcursos.com.br\/blog\/#\/schema\/logo\/image\/"},"sameAs":["https:\/\/x.com\/EstratConcursos"]},{"@type":"Person","@id":"https:\/\/www.estrategiaconcursos.com.br\/blog\/#\/schema\/person\/245b44e43eb13f0dbd04a7a078cd0d0d","name":"Leonardo Menezes Passarin","image":{"@type":"ImageObject","inLanguage":"pt-BR","@id":"https:\/\/secure.gravatar.com\/avatar\/fc0e5714ceaa97f24e6e6a30eab74ba8a701c2b62f8cab100ffdb22c6d8f42c3?s=96&d=mm&r=g","url":"https:\/\/secure.gravatar.com\/avatar\/fc0e5714ceaa97f24e6e6a30eab74ba8a701c2b62f8cab100ffdb22c6d8f42c3?s=96&d=mm&r=g","contentUrl":"https:\/\/secure.gravatar.com\/avatar\/fc0e5714ceaa97f24e6e6a30eab74ba8a701c2b62f8cab100ffdb22c6d8f42c3?s=96&d=mm&r=g","caption":"Leonardo Menezes Passarin"},"url":"https:\/\/www.estrategiaconcursos.com.br\/blog\/author\/passarin-leonardohotmail-com\/"}]}},"_links":{"self":[{"href":"https:\/\/www.estrategiaconcursos.com.br\/blog\/wp-json\/wp\/v2\/posts\/614470","targetHints":{"allow":["GET"]}}],"collection":[{"href":"https:\/\/www.estrategiaconcursos.com.br\/blog\/wp-json\/wp\/v2\/posts"}],"about":[{"href":"https:\/\/www.estrategiaconcursos.com.br\/blog\/wp-json\/wp\/v2\/types\/post"}],"author":[{"embeddable":true,"href":"https:\/\/www.estrategiaconcursos.com.br\/blog\/wp-json\/wp\/v2\/users\/1763"}],"replies":[{"embeddable":true,"href":"https:\/\/www.estrategiaconcursos.com.br\/blog\/wp-json\/wp\/v2\/comments?post=614470"}],"version-history":[{"count":8,"href":"https:\/\/www.estrategiaconcursos.com.br\/blog\/wp-json\/wp\/v2\/posts\/614470\/revisions"}],"predecessor-version":[{"id":1239446,"href":"https:\/\/www.estrategiaconcursos.com.br\/blog\/wp-json\/wp\/v2\/posts\/614470\/revisions\/1239446"}],"wp:featuredmedia":[{"embeddable":true,"href":"https:\/\/www.estrategiaconcursos.com.br\/blog\/wp-json\/wp\/v2\/media\/614471"}],"wp:attachment":[{"href":"https:\/\/www.estrategiaconcursos.com.br\/blog\/wp-json\/wp\/v2\/media?parent=614470"}],"wp:term":[{"taxonomy":"category","embeddable":true,"href":"https:\/\/www.estrategiaconcursos.com.br\/blog\/wp-json\/wp\/v2\/categories?post=614470"},{"taxonomy":"post_tag","embeddable":true,"href":"https:\/\/www.estrategiaconcursos.com.br\/blog\/wp-json\/wp\/v2\/tags?post=614470"},{"taxonomy":"tax_estado","embeddable":true,"href":"https:\/\/www.estrategiaconcursos.com.br\/blog\/wp-json\/wp\/v2\/tax_estado?post=614470"}],"curies":[{"name":"wp","href":"https:\/\/api.w.org\/{rel}","templated":true}]}}