{"id":613842,"date":"2023-02-15T07:25:00","date_gmt":"2023-02-15T10:25:00","guid":{"rendered":"https:\/\/www.estrategiaconcursos.com.br\/blog\/?p=613842"},"modified":"2023-03-07T14:17:35","modified_gmt":"2023-03-07T17:17:35","slug":"residencia-unicamp","status":"publish","type":"post","link":"https:\/\/www.estrategiaconcursos.com.br\/blog\/residencia-unicamp\/","title":{"rendered":"Resid\u00eancia UNICAMP: resultado final e convoca\u00e7\u00e3o"},"content":{"rendered":"\n<p>Foi divulgada a convoca\u00e7\u00e3o da 3\u00aa Chamada para matr\u00edcula na sele\u00e7\u00e3o de <strong>Resid\u00eancia UNICAMP<\/strong> (Resid\u00eancia Multiprofissional em Sa\u00fade da Universidade Estadual de Campinas). <\/p>\n\n\n\n<p>Lembrando que o resultado final j\u00e1 havia sido divulgado. Confira abaixo os documentos. <\/p>\n\n\n\n<ul class=\"wp-block-list\">\n<li><a href=\"https:\/\/dhg1h5j42swfq.cloudfront.net\/2023\/03\/07140759\/resultado-final-sujeito-a-recursos.pdf\" target=\"_blank\" rel=\"noreferrer noopener nofollow\">Resultado final<\/a><\/li>\n\n\n\n<li><a href=\"https:\/\/dhg1h5j42swfq.cloudfront.net\/2023\/03\/07140803\/texto-convocacao-3a-chamada.pdf\" target=\"_blank\" rel=\"noreferrer noopener nofollow\">Convoca\u00e7\u00e3o para matr\u00edcula &#8211; 3\u00aa Chamada<\/a><\/li>\n<\/ul>\n\n\n\n<p>Sob organiza\u00e7\u00e3o <strong><a href=\"https:\/\/www.fcm.unicamp.br\/ensino-extensao\/residencias-em-saude-residencia-multiprofissional\/processo-seletivo-2023\" target=\"_blank\" rel=\"noreferrer noopener\">pr\u00f3pria da Unicamp<\/a><\/strong>, o edital foi publicado com a oferta de 38 vagas e bolsa de R$ 4.106,09.<\/p>\n\n\n\n<p>As oportunidades foram para o Programa de Resid\u00eancia Multiprofissional e em \u00c1rea Profissional de Sa\u00fade para o ano de 2023, sendo Sa\u00fade, Sa\u00fade Mental, F\u00edsica M\u00e9dica e Cirurgia e Traumatologia Bucomaxilofacial, em diferentes \u00e1reas.<\/p>\n\n\n\n<ul class=\"wp-block-list\">\n<li><strong>Resid\u00eancia UNICAMP<\/strong><\/li>\n\n\n\n<li><strong>Status:<\/strong> resultado final e convoca\u00e7\u00e3o<\/li>\n\n\n\n<li><strong>Banca:<\/strong> FCM UNICAMP<\/li>\n\n\n\n<li><strong>Vagas:<\/strong> 38<\/li>\n\n\n\n<li><strong>Bolsa:<\/strong> R$ 4.106,09<\/li>\n\n\n\n<li><strong>Edital:<\/strong> <strong><a href=\"https:\/\/dhg1h5j42swfq.cloudfront.net\/2022\/09\/22134409\/edital-2023_1.pdf\" target=\"_blank\" rel=\"noreferrer noopener nofollow\">Resid\u00eancia Multiprofissional UNICAMP-2023<\/a><\/strong><\/li>\n<\/ul>\n\n\n\n<p>A fim de te deixar sempre bem informado, elaboramos este artigo com as principais informa\u00e7\u00f5es e novidades sobre o concurso. Acompanhe os t\u00f3picos abaixo e n\u00e3o perca nenhum detalhe:<\/p>\n\n\n\n<ul class=\"wp-block-list\">\n<li><a href=\"#cargos-vagas\">Cargos e vagas<\/a><\/li>\n\n\n\n<li><a href=\"#etapas\">Etapas e provas<\/a><\/li>\n\n\n\n<li><a href=\"#cursos\">Cursos e assinaturas<\/a><\/li>\n\n\n\n<li><a href=\"#ficha\">Ficha t\u00e9cnica<\/a><\/li>\n<\/ul>\n\n\n\n<div class=\"container\" id=\"boxes\">\n  <div class=\"row\">\n\n    <div class=\"col-sm\">\n      <div class=\"banner-medicina\" id=\"box-assinatura\">\n        <h3 class=\"titulo-assinatura\">Resid\u00eancia UNICAMP<\/h3>\n        <p class=\"subtitulo-assinatura\">Conhe\u00e7a os cursos<\/p>\n        <div class=\"box-botao\">\n          <a class=\"btn-assinatura\" target=\"_blank\" href=\"https:\/\/www.estrategiaconcursos.com.br\/cursosPorConcurso\/unicamp-universidade-estadual-de-campinas-residencias-multiprofissionais\/\" role=\"button\" rel=\"noopener noreferrer\">Conhe\u00e7a mais<\/a>\n        <\/div>\n      <\/div>\n     \n    <\/div>\n\n  <\/div>\n<\/div>\n\n\n<figure class=\"wp-block-embed-youtube wp-block-embed is-type-video is-provider-youtube wp-embed-aspect-16-9 wp-has-aspect-ratio\"><div class=\"lyte-wrapper\" style=\"width:853px;max-width:100%;margin:5px;\"><div class=\"lyMe\" id=\"WYL_t2F461sDrsI\"><div id=\"lyte_t2F461sDrsI\" data-src=\"\/\/i.ytimg.com\/vi\/t2F461sDrsI\/hqdefault.jpg\" class=\"pL\"><div class=\"tC\"><div class=\"tT\"><\/div><\/div><div class=\"play\"><\/div><div class=\"ctrl\"><div class=\"Lctrl\"><\/div><div class=\"Rctrl\"><\/div><\/div><\/div><noscript><a href=\"https:\/\/youtu.be\/t2F461sDrsI\" rel=\"nofollow\"><img loading=\"lazy\" decoding=\"async\" src=\"https:\/\/i.ytimg.com\/vi\/t2F461sDrsI\/0.jpg\" alt=\"YouTube video thumbnail\" width=\"853\" height=\"460\" \/><br \/>Assista a este v\u00eddeo no YouTube<\/a><\/noscript><\/div><\/div><div class=\"lL\" style=\"max-width:100%;width:853px;margin:5px;\"><\/div><figcaption><\/figcaption><\/figure>\n\n\n<h2 class=\"wp-block-heading\">Cargos e vagas do edital Resid\u00eancia UNICAMP<\/h2>\n\n\n\n<h3 class=\"has-medium-font-size wp-block-heading\">\u00c1rea de Concentra\u00e7\u00e3o Sa\u00fade da Crian\u00e7a e do Adolescente<\/h3>\n\n\n\n<figure id=\"tablepress-1156\" class=\"wp-block-table is-style-stripes\"><table class=\"has-pale-ocean-gradient-background has-background\"><thead><tr><th class=\"has-text-align-center\" data-align=\"center\">Cargos<\/th><th class=\"has-text-align-center\" data-align=\"center\">Vagas<\/th><th class=\"has-text-align-center\" data-align=\"center\">Bolsa<\/th><\/tr><\/thead><tbody><tr><td class=\"has-text-align-center\" data-align=\"center\">Enfermagem<\/td><td class=\"has-text-align-center\" data-align=\"center\">4<\/td><td class=\"has-text-align-center\" data-align=\"center\">R$ 4.106,09<\/td><\/tr><tr><td class=\"has-text-align-center\" data-align=\"center\">Fonoaudiologia<\/td><td class=\"has-text-align-center\" data-align=\"center\">2<\/td><td class=\"has-text-align-center\" data-align=\"center\">R$ 4.106,09<\/td><\/tr><tr><td class=\"has-text-align-center\" data-align=\"center\">Educa\u00e7\u00e3o F\u00edsica<\/td><td class=\"has-text-align-center\" data-align=\"center\">2<\/td><td class=\"has-text-align-center\" data-align=\"center\">R$ 4.106,09<\/td><\/tr><\/tbody><\/table><\/figure>\n\n\n\n<h3 class=\"has-medium-font-size wp-block-heading\">\u00c1rea de Concentra\u00e7\u00e3o Sa\u00fade do Adulto e Idoso<\/h3>\n\n\n\n<figure id=\"tablepress-1156\" class=\"wp-block-table is-style-stripes\"><table class=\"has-pale-ocean-gradient-background has-background\"><thead><tr><th class=\"has-text-align-center\" data-align=\"center\">Cargos<\/th><th class=\"has-text-align-center\" data-align=\"center\">Vagas<\/th><th class=\"has-text-align-center\" data-align=\"center\">Bolsa<\/th><\/tr><\/thead><tbody><tr><td class=\"has-text-align-center\" data-align=\"center\">Enfermagem<\/td><td class=\"has-text-align-center\" data-align=\"center\">4<\/td><td class=\"has-text-align-center\" data-align=\"center\">R$ 4.106,09<\/td><\/tr><tr><td class=\"has-text-align-center\" data-align=\"center\">Fonoaudiologia<\/td><td class=\"has-text-align-center\" data-align=\"center\">2<\/td><td class=\"has-text-align-center\" data-align=\"center\">R$ 4.106,09<\/td><\/tr><tr><td class=\"has-text-align-center\" data-align=\"center\">Educa\u00e7\u00e3o F\u00edsica<\/td><td class=\"has-text-align-center\" data-align=\"center\">2<\/td><td class=\"has-text-align-center\" data-align=\"center\">R$ 4.106,09<\/td><\/tr><\/tbody><\/table><\/figure>\n\n\n\n<h3 class=\"wp-block-heading\">Programa de Resid\u00eancia Multiprofissional em Sa\u00fade Mental<\/h3>\n\n\n\n<figure id=\"tablepress-1156\" class=\"wp-block-table is-style-stripes\"><table class=\"has-pale-ocean-gradient-background has-background\"><thead><tr><th class=\"has-text-align-center\" data-align=\"center\">Cargos<\/th><th class=\"has-text-align-center\" data-align=\"center\">Vagas<\/th><th class=\"has-text-align-center\" data-align=\"center\">Bolsa<\/th><\/tr><\/thead><tbody><tr><td class=\"has-text-align-center\" data-align=\"center\">Enfermagem<\/td><td class=\"has-text-align-center\" data-align=\"center\">2<\/td><td class=\"has-text-align-center\" data-align=\"center\">R$ 4.106,09<\/td><\/tr><tr><td class=\"has-text-align-center\" data-align=\"center\">Fonoaudiologia<\/td><td class=\"has-text-align-center\" data-align=\"center\">1<\/td><td class=\"has-text-align-center\" data-align=\"center\">R$ 4.106,09<\/td><\/tr><tr><td class=\"has-text-align-center\" data-align=\"center\">Psicologia<\/td><td class=\"has-text-align-center\" data-align=\"center\">7<\/td><td class=\"has-text-align-center\" data-align=\"center\">R$ 4.106,09<\/td><\/tr><tr><td class=\"has-text-align-center\" data-align=\"center\">Terapia<br \/>Ocupacional<\/td><td class=\"has-text-align-center\" data-align=\"center\">5<\/td><td class=\"has-text-align-center\" data-align=\"center\">R$ 4.106,09<\/td><\/tr><\/tbody><\/table><\/figure>\n\n\n\n<h3 class=\"wp-block-heading\">Programa de Resid\u00eancia em \u00c1rea Profissional da Sa\u00fade &#8211; F\u00edsica M\u00e9dica<\/h3>\n\n\n\n<figure id=\"tablepress-1156\" class=\"wp-block-table is-style-stripes\"><table class=\"has-pale-ocean-gradient-background has-background\"><thead><tr><th class=\"has-text-align-center\" data-align=\"center\">Cargos<\/th><th class=\"has-text-align-center\" data-align=\"center\">Vagas<\/th><th class=\"has-text-align-center\" data-align=\"center\">Bolsa<\/th><\/tr><\/thead><tbody><tr><td class=\"has-text-align-center\" data-align=\"center\">\u00c1rea <br \/>de Concentra\u00e7\u00e3o<\/td><td class=\"has-text-align-center\" data-align=\"center\">1<\/td><td class=\"has-text-align-center\" data-align=\"center\">R$ 4.106,09<\/td><\/tr><tr><td class=\"has-text-align-center\" data-align=\"center\">Medicina Nuclear<\/td><td class=\"has-text-align-center\" data-align=\"center\">2<\/td><td class=\"has-text-align-center\" data-align=\"center\">R$ 4.106,09<\/td><\/tr><tr><td class=\"has-text-align-center\" data-align=\"center\">Radiodiagn\u00f3stico<\/td><td class=\"has-text-align-center\" data-align=\"center\">2<\/td><td class=\"has-text-align-center\" data-align=\"center\">R$ 4.106,09<\/td><\/tr><tr><td class=\"has-text-align-center\" data-align=\"center\">Radioterapia<\/td><td class=\"has-text-align-center\" data-align=\"center\">2<\/td><td class=\"has-text-align-center\" data-align=\"center\">R$ 4.106,09<\/td><\/tr><tr><td class=\"has-text-align-center\" data-align=\"center\">Odontologia<\/td><td class=\"has-text-align-center\" data-align=\"center\">2<\/td><td class=\"has-text-align-center\" data-align=\"center\">R$ 4.106,09<\/td><\/tr><\/tbody><\/table><\/figure>\n\n\n\n<p>Os residentes regularmente matriculados ter\u00e3o direito aos seguintes benef\u00edcios:<\/p>\n\n\n\n<ul class=\"wp-block-list\">\n<li>Bolsa de estudos mensal do Minist\u00e9rio da Sa\u00fade no valor de R$ 4.106,09;<\/li>\n\n\n\n<li>Aux\u00edlio moradia da UNICAMP no valor de R$ 392,10;<\/li>\n\n\n\n<li>Alimenta\u00e7\u00e3o; e<\/li>\n\n\n\n<li>F\u00e9rias anuais de 30 dias.<\/li>\n<\/ul>\n\n\n\n<h2 class=\"wp-block-heading\" id=\"etapas\">Etapas do edital Resid\u00eancia UNICAMP<\/h2>\n\n\n\n<p>O processo seletivo foi realizado em duas fases, exclusivamente nos dias, locais e hor\u00e1rios preestabelecidos e de acordo com as normas previstas no edital.<\/p>\n\n\n\n<p><strong><span style=\"text-decoration: underline;\">1\u00aa Fase:<\/span><\/strong><\/p>\n\n\n\n<ul class=\"wp-block-list\">\n<li>Prova Escrita Objetiva; e<\/li>\n\n\n\n<li>Prova Dissertativa.<\/li>\n<\/ul>\n\n\n\n<p><strong><span style=\"text-decoration: underline;\">2\u00aa Fase<\/span><\/strong>:<\/p>\n\n\n\n<ul class=\"wp-block-list\">\n<li>An\u00e1lise de Curr\u00edculo; e<\/li>\n\n\n\n<li>Prova de Entrevista ou Prova Te\u00f3rico\/Pr\u00e1tica.<\/li>\n<\/ul>\n\n\n\n<h3 class=\"wp-block-heading\">Prova Escrita Objetiva<\/h3>\n\n\n\n<p>A etapa foi realizada na data de 13 de novembro, na cidade de Campinas\/SP, com dura\u00e7\u00e3o de 4 horas.<\/p>\n\n\n\n<h4 class=\"wp-block-heading\">\u00c1rea Multiprofissional da Sa\u00fade<\/h4>\n\n\n\n<p>De peso 3,0, pontuada de 0 a 10, composta por 40 quest\u00f5es de m\u00faltipla escolha, versou sobre a bibliografia geral e espec\u00edfica definida no edital.<\/p>\n\n\n\n<h4 class=\"wp-block-heading\">\u00c1rea Multiprofissional da Sa\u00fade Mental<\/h4>\n\n\n\n<p>De peso 2,5, pontuada de 0 a 10, composta por 40 quest\u00f5es de m\u00faltipla escolha, versou sobre a bibliografia geral e espec\u00edfica definida no edital.<\/p>\n\n\n\n<h4 class=\"wp-block-heading\">\u00c1rea da Sa\u00fade F\u00edsica-M\u00e9dica<\/h4>\n\n\n\n<p>De peso 4, pontuada de 0 a 10, composta por 40 quest\u00f5es de m\u00faltipla escolha, versou sobre a bibliografia geral e espec\u00edfica definida no edital.<\/p>\n\n\n\n<h4 class=\"wp-block-heading\">\u00c1rea da Sa\u00fade &#8211; Cirurgia e Traumatologia Bucomaxilofacial<\/h4>\n\n\n\n<p>De peso 4, pontuada de 0 a 10, composta por 40 quest\u00f5es de m\u00faltipla escolha, versou sobre a bibliografia geral e espec\u00edfica definida neste Edital.<\/p>\n\n\n\n<h3 class=\"wp-block-heading\">Prova Escrita Dissertativa<\/h3>\n\n\n\n<h4 class=\"wp-block-heading\">\u00c1rea Multiprofissional da Sa\u00fade<\/h4>\n\n\n\n<p>De peso 2,0, pontuada de 0 a 10, composta por 2 quest\u00f5es dissertativas, versou sobre a bibliografia geral e espec\u00edfica definida no edital.<\/p>\n\n\n\n<h4 class=\"wp-block-heading\">\u00c1rea Multiprofissional da Sa\u00fade Mental<\/h4>\n\n\n\n<p>De peso 2,5, pontuada de 0 a 10, composta por 2 quest\u00f5es dissertativas, versou sobre a bibliografia geral e espec\u00edfica definida no edital.<\/p>\n\n\n\n<h4 class=\"wp-block-heading\">\u00c1rea da Sa\u00fade F\u00edsica-M\u00e9dica<\/h4>\n\n\n\n<p>De peso 4,pontuada de 0 a 10, composta por 4 quest\u00f5es dissertativas, versou sobre a bibliografia geral e espec\u00edfica definida no edital.<\/p>\n\n\n\n<h4 class=\"wp-block-heading\">\u00c1rea da Sa\u00fade &#8211; Cirurgia e Traumatologia Bucomaxilofacial<\/h4>\n\n\n\n<p>De peso 5, pontuada de 0 a 10, composta por 03 quest\u00f5es de dissertativas, versou sobre a bibliografia geral e espec\u00edfica definida no edital.<\/p>\n\n\n\n<h3 class=\"wp-block-heading\">An\u00e1lise de Curr\u00edculo do edital Resid\u00eancia UNICAMP<\/h3>\n\n\n\n<p>A etapa foi realizada na data de 29 a 30 de novembro, em que o candidato teve que encaminhar a documenta\u00e7\u00e3o exigida no edital.<\/p>\n\n\n\n<p>Os documentos tiveram que ser organizados, impreterivelmente, seguindo-se a ordem da descri\u00e7\u00e3o abaixo:<\/p>\n\n\n\n<h4 class=\"wp-block-heading\">\u00c1rea Multiprofissional da Sa\u00fade<\/h4>\n\n\n\n<ul class=\"wp-block-list\">\n<li>C\u00f3pia do diploma de gradua\u00e7\u00e3o ou declara\u00e7\u00e3o de conclus\u00e3o do curso;<\/li>\n\n\n\n<li>C\u00f3pia do hist\u00f3rico escolar do curso de gradua\u00e7\u00e3o;<\/li>\n\n\n\n<li>Curr\u00edculo gerado pela Plataforma Lattes\/CNPq atualizado; e<\/li>\n\n\n\n<li>C\u00f3pias dos documentos comprobat\u00f3rios, na ordem que s\u00e3o apresentados no curr\u00edculo Lattes.<\/li>\n<\/ul>\n\n\n\n<h4 class=\"wp-block-heading\">\u00c1rea Multiprofissional da Sa\u00fade Mental<\/h4>\n\n\n\n<ul class=\"wp-block-list\">\n<li>C\u00f3pia do diploma de gradua\u00e7\u00e3o ou declara\u00e7\u00e3o de conclus\u00e3o do curso;<\/li>\n\n\n\n<li>C\u00f3pia do hist\u00f3rico escolar do curso de gradua\u00e7\u00e3o;<\/li>\n\n\n\n<li>Formul\u00e1rio de Avalia\u00e7\u00e3o de Curr\u00edculo (a ser disponibilizado no site do Processo Seletivo);e <\/li>\n\n\n\n<li>C\u00f3pias dos documentos comprobat\u00f3rios relacionados aos itens constantes no Formul\u00e1rio de Avalia\u00e7\u00e3o de Curr\u00edculo.<\/li>\n<\/ul>\n\n\n\n<h4 class=\"wp-block-heading\">\u00c1rea da Sa\u00fade F\u00edsica-M\u00e9dica<\/h4>\n\n\n\n<ul class=\"wp-block-list\">\n<li>Formul\u00e1rio de Avalia\u00e7\u00e3o de Curr\u00edculo (a ser disponibilizado no site do Processo Seletivo); <\/li>\n\n\n\n<li>C\u00f3pia do diploma de gradua\u00e7\u00e3o ou declara\u00e7\u00e3o de conclus\u00e3o do curso;<\/li>\n\n\n\n<li>C\u00f3pia do hist\u00f3rico escolar do curso de gradua\u00e7\u00e3o; e<\/li>\n\n\n\n<li>C\u00f3pias dos documentos comprobat\u00f3rios relacionados aos itens constantes no Formul\u00e1rio de Avalia\u00e7\u00e3o de Curr\u00edculo.<\/li>\n<\/ul>\n\n\n\n<h4 class=\"wp-block-heading\">\u00c1rea da Sa\u00fade &#8211; Cirurgia e Traumatologia Bucomaxilofacial<\/h4>\n\n\n\n<ul class=\"wp-block-list\">\n<li>C\u00f3pia do diploma de gradua\u00e7\u00e3o ou declara\u00e7\u00e3o de conclus\u00e3o do curso;<\/li>\n\n\n\n<li>C\u00f3pia do hist\u00f3rico escolar do curso de gradua\u00e7\u00e3o;<\/li>\n\n\n\n<li>Formul\u00e1rio de Avalia\u00e7\u00e3o de Curr\u00edculo (disponibilizado no site do Processo Seletivo); e<\/li>\n\n\n\n<li>C\u00f3pias dos documentos comprobat\u00f3rios relacionados aos itens constantes no Formul\u00e1rio de Avalia\u00e7\u00e3o de Curr\u00edculo.<\/li>\n<\/ul>\n\n\n\n<h3 class=\"wp-block-heading\">Prova de entrevista ou Te\u00f3rico\/Pr\u00e1tica do edital Resid\u00eancia UNICAMP<\/h3>\n\n\n\n<p>Com exce\u00e7\u00e3o da entrevista do Programa de Resid\u00eancia em \u00c1rea Profissional em Sa\u00fade \u2013 Cirurgia e Traumatologia Bucomaxilofacial, cuja realiza\u00e7\u00e3o foi on-line e de forma presencial. <\/p>\n\n\n\n<p>A prova de entrevista ou prova te\u00f3rico\/pr\u00e1tica foi realizada no per\u00edodo de 05 a 07 de dezembro, nas datas e hor\u00e1rios espec\u00edficos publicados no site do Processo Seletivo no dia 23 de novembro, a partir das 17h.<\/p>\n\n\n\n<h4 class=\"wp-block-heading\">\u00c1rea Multiprofissional da Sa\u00fade<\/h4>\n\n\n\n<ul class=\"wp-block-list\">\n<li>Prova te\u00f3rico\/pr\u00e1tica, de peso 3, pontuada de 0 a 10, em pequeno grupo, baseada em caso cl\u00ednico, sendo considerados os posicionamentos dos candidatos em rela\u00e7\u00e3o \u00e0:\n<ul class=\"wp-block-list\">\n<li>a. Resposta \u00e0(s) pergunta(s) espec\u00edficas da profiss\u00e3o e propostas de interven\u00e7\u00e3o: at\u00e9 6 pts; e<\/li>\n\n\n\n<li>b. Avalia\u00e7\u00e3o da desenvoltura, objetividade, postura e flu\u00eancia verbal: at\u00e9 4 pts.<\/li>\n<\/ul>\n<\/li>\n<\/ul>\n\n\n\n<h4 class=\"wp-block-heading\">\u00c1rea Multiprofissional da Sa\u00fade Mental<\/h4>\n\n\n\n<ul class=\"wp-block-list\">\n<li>Prova te\u00f3rico\/pr\u00e1tica, de peso 4, pontuada de 0 a 10, em grupo, versando sobre diagn\u00f3stico psicossocial, manejo terap\u00eautico e sustenta\u00e7\u00e3o de proposi\u00e7\u00f5es em pequeno grupo multiprofissional, avaliada de acordo com os seguintes crit\u00e9rios:\n<ul class=\"wp-block-list\">\n<li>a. Discuss\u00e3o de n\u00facleo profissional: at\u00e9 2 pts;<\/li>\n\n\n\n<li>b. Discuss\u00e3o de campos de saberes e pr\u00e1ticas: at\u00e9 2 pt;<\/li>\n\n\n\n<li>c. Trabalho interprofissional: at\u00e9 3 pts; e<\/li>\n\n\n\n<li>d. Discuss\u00e3o em rede: at\u00e9 3 pts.<\/li>\n<\/ul>\n<\/li>\n<\/ul>\n\n\n\n<h4 class=\"wp-block-heading\">\u00c1rea da Sa\u00fade F\u00edsica-M\u00e9dica<\/h4>\n\n\n\n<ul class=\"wp-block-list\">\n<li>Prova de entrevista, de peso 1, pontuada de 0 a 10, individual, sendo o candidato interpelado acerca do curr\u00edculo:\n<ul class=\"wp-block-list\">\n<li>a. Avalia\u00e7\u00e3o do conhecimento e resultados obtidos: At\u00e9 8 pts; e<\/li>\n\n\n\n<li>b. Avalia\u00e7\u00e3o da desenvoltura, objetividade, postura, flu\u00eancia verbal, conhecimento e expectativas profissionais do candidato: at\u00e9 2 pts.<\/li>\n<\/ul>\n<\/li>\n<\/ul>\n\n\n\n<h4 class=\"wp-block-heading\">\u00c1rea da Sa\u00fade &#8211; Cirurgia e Traumatologia Bucomaxilofacial<\/h4>\n\n\n\n<ul class=\"wp-block-list\">\n<li>Entrevista, que ser\u00e1 realizada pela plataforma Google Meet, n\u00e3o possuir\u00e1 peso e nota.<\/li>\n<\/ul>\n\n\n\n<hr class=\"wp-block-separator has-alpha-channel-opacity\"\/>\n\n\n\n<h2 class=\"has-text-align-center wp-block-heading\" id=\"h-quer-saber-tudo-sobre-concursos-previstos-confira-nossos-artigos\">Quer saber tudo sobre concursos previstos?<br \/>Confira nossos artigos!<\/h2>\n\n\n\n<ul class=\"wp-block-list\">\n<li><a href=\"https:\/\/www.estrategiaconcursos.com.br\/blog\/concursos-abertos\/\" target=\"_blank\" rel=\"noreferrer noopener\">Concursos abertos<\/a><\/li>\n\n\n\n<li><a href=\"https:\/\/www.estrategiaconcursos.com.br\/blog\/concursos-2023\/\" target=\"_blank\" rel=\"noreferrer noopener\">Concursos 2023<\/a><\/li>\n<\/ul>\n\n\n\n<h2 class=\"has-text-align-center wp-block-heading\" id=\"cursos-assinatura\">Quer estudar para o edital Resid\u00eancia UNICAMP?<\/h2>\n\n\n\n<div class=\"container\" id=\"boxes\">\n  <div class=\"row\">\n\n    <div class=\"col-sm\">\n      <div class=\"banner-medicina\" id=\"box-assinatura\">\n        <h3 class=\"titulo-assinatura\">Resid\u00eancia UNICAMP<\/h3>\n        <p class=\"subtitulo-assinatura\">Conhe\u00e7a os cursos<\/p>\n        <div class=\"box-botao\">\n          <a class=\"btn-assinatura\" target=\"_blank\" href=\"https:\/\/www.estrategiaconcursos.com.br\/cursosPorConcurso\/unicamp-universidade-estadual-de-campinas-residencias-multiprofissionais\/\" role=\"button\" rel=\"noopener noreferrer\">Conhe\u00e7a mais<\/a>\n        <\/div>\n      <\/div>\n     \n    <\/div>\n\n  <\/div>\n<\/div>\n\n\n\n<div class=\"container\" id=\"boxes\">\n  <div class=\"row\">\n\n    <div class=\"col-sm\">\n      <div class=\"estrategia\" id=\"box-assinatura\">\n        <h3 class=\"titulo-assinatura\">Assinatura Concursos<\/h3>\n        <p class=\"subtitulo-assinatura\">Assinatura de 1 ano ou 2 anos<\/p>\n        <div class=\"box-botao\">\n          <a class=\"btn-assinatura\" target=\"_blank\" href=\"https:\/\/www.estrategiaconcursos.com.br\/assinaturas\/\" role=\"button\" rel=\"noopener noreferrer\">ASSINE AGORA<\/a>\n        <\/div>\n      <\/div><\/div><\/div><\/div>\n\n\n\n<figure class=\"wp-block-image size-large is-resized\"><img loading=\"lazy\" decoding=\"async\" src=\"https:\/\/dhg1h5j42swfq.cloudfront.net\/2025\/06\/27101122\/ficha-tecnica-1-1024x632.png\" alt=\"Ficha t\u00e9cnica resid\u00eancia UNICAMP\" class=\"wp-image-702728\" width=\"269\" height=\"166\" srcset=\"https:\/\/dhg1h5j42swfq.cloudfront.net\/2025\/06\/27101122\/ficha-tecnica-1-1024x632.png 1024w, https:\/\/dhg1h5j42swfq.cloudfront.net\/2025\/06\/27101122\/ficha-tecnica-1-300x185.png 300w, https:\/\/dhg1h5j42swfq.cloudfront.net\/2025\/06\/27101122\/ficha-tecnica-1-768x474.png 768w, https:\/\/dhg1h5j42swfq.cloudfront.net\/2025\/06\/27101122\/ficha-tecnica-1-1536x948.png 1536w, https:\/\/dhg1h5j42swfq.cloudfront.net\/2025\/06\/27101122\/ficha-tecnica-1-610x377.png 610w, https:\/\/dhg1h5j42swfq.cloudfront.net\/2025\/06\/27101122\/ficha-tecnica-1.png 1571w\" sizes=\"auto, (max-width: 269px) 100vw, 269px\" \/><\/figure>\n\n\n\n<h3 class=\"wp-block-heading\">Informa\u00e7\u00f5es do edital Resid\u00eancia UNICAMP<\/h3>\n\n\n\n<ul class=\"wp-block-list\">\n<li><strong>Provas<\/strong>: 13\/11\/2022<\/li>\n\n\n\n<li><strong>Vagas<\/strong>: 38<\/li>\n\n\n\n<li><strong>Cargos<\/strong>: Diversos<\/li>\n\n\n\n<li><strong>Banca<\/strong>: Unicamp<\/li>\n\n\n\n<li><strong>Escolaridade<\/strong>: N\u00edvel Superior<\/li>\n\n\n\n<li><strong>Edital<\/strong>: <strong><a href=\"https:\/\/dhg1h5j42swfq.cloudfront.net\/2022\/09\/22134409\/edital-2023_1.pdf\" target=\"_blank\" rel=\"noreferrer noopener nofollow\">Resid\u00eancia Multiprofissional UNICAMP-2023<\/a><\/strong><\/li>\n<\/ul>\n","protected":false},"excerpt":{"rendered":"<p>Foi divulgada a convoca\u00e7\u00e3o da 3\u00aa Chamada para matr\u00edcula na sele\u00e7\u00e3o de Resid\u00eancia UNICAMP (Resid\u00eancia Multiprofissional em Sa\u00fade da Universidade Estadual de Campinas). Lembrando que o resultado final j\u00e1 havia sido divulgado. Confira abaixo os documentos. Sob organiza\u00e7\u00e3o pr\u00f3pria da Unicamp, o edital foi publicado com a oferta de 38 vagas e bolsa de R$ [&hellip;]<\/p>\n","protected":false},"author":1,"featured_media":1007295,"comment_status":"open","ping_status":"closed","sticky":false,"template":"","format":"standard","meta":{"post_tipo":"news_page","footnotes":""},"categories":[1981],"tags":[],"tax_estado":[219989],"class_list":["post-613842","post","type-post","status-publish","format-standard","has-post-thumbnail","hentry","category-saude","tax_estado-sp"],"acf":[],"yoast_head":"<!-- This site is optimized with the Yoast SEO Premium plugin v27.2 (Yoast SEO v27.2) - https:\/\/yoast.com\/product\/yoast-seo-premium-wordpress\/ -->\n<title>Resid\u00eancia UNICAMP: resultado final e convoca\u00e7\u00e3o<\/title>\n<meta name=\"description\" content=\"Resid\u00eancia UNICAMP: Universidade Estadual de Campinas oferta 38 vagas. Resultado final e convoca\u00e7\u00e3o dispon\u00edveis! Confira os detalhes!\" \/>\n<meta name=\"robots\" content=\"index, follow, max-snippet:-1, max-image-preview:large, max-video-preview:-1\" \/>\n<link rel=\"canonical\" href=\"https:\/\/www.estrategiaconcursos.com.br\/blog\/residencia-unicamp\/\" \/>\n<meta property=\"og:locale\" content=\"pt_BR\" \/>\n<meta property=\"og:type\" content=\"article\" \/>\n<meta property=\"og:title\" content=\"Resid\u00eancia UNICAMP: resultado final e convoca\u00e7\u00e3o\" \/>\n<meta property=\"og:description\" content=\"Resid\u00eancia UNICAMP: Universidade Estadual de Campinas oferta 38 vagas. Resultado final e convoca\u00e7\u00e3o dispon\u00edveis! Confira os detalhes!\" \/>\n<meta property=\"og:url\" content=\"https:\/\/www.estrategiaconcursos.com.br\/blog\/residencia-unicamp\/\" \/>\n<meta property=\"og:site_name\" content=\"Estrat\u00e9gia Concursos\" \/>\n<meta property=\"article:author\" content=\"https:\/\/www.facebook.com\/EstrategiaConcursos\" \/>\n<meta property=\"article:published_time\" content=\"2023-02-15T10:25:00+00:00\" \/>\n<meta property=\"article:modified_time\" content=\"2023-03-07T17:17:35+00:00\" \/>\n<meta property=\"og:image\" content=\"https:\/\/dhg1h5j42swfq.cloudfront.net\/2022\/04\/12140104\/residencias_em_saude.jpg\" \/>\n\t<meta property=\"og:image:width\" content=\"768\" \/>\n\t<meta property=\"og:image:height\" content=\"432\" \/>\n\t<meta property=\"og:image:type\" content=\"image\/jpeg\" \/>\n<meta name=\"author\" content=\"Coordena\u00e7\u00e3o\" \/>\n<meta name=\"twitter:card\" content=\"summary_large_image\" \/>\n<meta name=\"twitter:creator\" content=\"@EstratConcursos\" \/>\n<meta name=\"twitter:site\" content=\"@EstratConcursos\" \/>\n<meta name=\"twitter:label1\" content=\"Escrito por\" \/>\n\t<meta name=\"twitter:data1\" content=\"Coordena\u00e7\u00e3o\" \/>\n\t<meta name=\"twitter:label2\" content=\"Est. tempo de leitura\" \/>\n\t<meta name=\"twitter:data2\" content=\"7 minutos\" \/>\n<script type=\"application\/ld+json\" class=\"yoast-schema-graph\">{\"@context\":\"https:\/\/schema.org\",\"@graph\":[{\"@type\":\"NewsArticle\",\"@id\":\"https:\/\/www.estrategiaconcursos.com.br\/blog\/residencia-unicamp\/#article\",\"isPartOf\":{\"@id\":\"https:\/\/www.estrategiaconcursos.com.br\/blog\/residencia-unicamp\/\"},\"author\":{\"name\":\"Coordena\u00e7\u00e3o\",\"@id\":\"https:\/\/www.estrategiaconcursos.com.br\/blog\/#\/schema\/person\/b4a388c97673c5f483d72185668afa1f\"},\"headline\":\"Resid\u00eancia UNICAMP: resultado final e convoca\u00e7\u00e3o\",\"datePublished\":\"2023-02-15T10:25:00+00:00\",\"dateModified\":\"2023-03-07T17:17:35+00:00\",\"mainEntityOfPage\":{\"@id\":\"https:\/\/www.estrategiaconcursos.com.br\/blog\/residencia-unicamp\/\"},\"wordCount\":1329,\"commentCount\":0,\"publisher\":{\"@id\":\"https:\/\/www.estrategiaconcursos.com.br\/blog\/#organization\"},\"image\":{\"@id\":\"https:\/\/www.estrategiaconcursos.com.br\/blog\/residencia-unicamp\/#primaryimage\"},\"thumbnailUrl\":\"https:\/\/dhg1h5j42swfq.cloudfront.net\/2022\/04\/12140104\/residencias_em_saude.jpg\",\"articleSection\":[\"Sa\u00fade\"],\"inLanguage\":\"pt-BR\",\"potentialAction\":[{\"@type\":\"CommentAction\",\"name\":\"Comment\",\"target\":[\"https:\/\/www.estrategiaconcursos.com.br\/blog\/residencia-unicamp\/#respond\"]}],\"copyrightYear\":\"2023\",\"copyrightHolder\":{\"@id\":\"https:\/\/www.estrategiaconcursos.com.br\/blog\/#organization\"}},{\"@type\":\"WebPage\",\"@id\":\"https:\/\/www.estrategiaconcursos.com.br\/blog\/residencia-unicamp\/\",\"url\":\"https:\/\/www.estrategiaconcursos.com.br\/blog\/residencia-unicamp\/\",\"name\":\"Resid\u00eancia UNICAMP: resultado final e convoca\u00e7\u00e3o\",\"isPartOf\":{\"@id\":\"https:\/\/www.estrategiaconcursos.com.br\/blog\/#website\"},\"primaryImageOfPage\":{\"@id\":\"https:\/\/www.estrategiaconcursos.com.br\/blog\/residencia-unicamp\/#primaryimage\"},\"image\":{\"@id\":\"https:\/\/www.estrategiaconcursos.com.br\/blog\/residencia-unicamp\/#primaryimage\"},\"thumbnailUrl\":\"https:\/\/dhg1h5j42swfq.cloudfront.net\/2022\/04\/12140104\/residencias_em_saude.jpg\",\"datePublished\":\"2023-02-15T10:25:00+00:00\",\"dateModified\":\"2023-03-07T17:17:35+00:00\",\"description\":\"Resid\u00eancia UNICAMP: Universidade Estadual de Campinas oferta 38 vagas. Resultado final e convoca\u00e7\u00e3o dispon\u00edveis! Confira os detalhes!\",\"breadcrumb\":{\"@id\":\"https:\/\/www.estrategiaconcursos.com.br\/blog\/residencia-unicamp\/#breadcrumb\"},\"inLanguage\":\"pt-BR\",\"potentialAction\":[{\"@type\":\"ReadAction\",\"target\":[\"https:\/\/www.estrategiaconcursos.com.br\/blog\/residencia-unicamp\/\"]}]},{\"@type\":\"ImageObject\",\"inLanguage\":\"pt-BR\",\"@id\":\"https:\/\/www.estrategiaconcursos.com.br\/blog\/residencia-unicamp\/#primaryimage\",\"url\":\"https:\/\/dhg1h5j42swfq.cloudfront.net\/2022\/04\/12140104\/residencias_em_saude.jpg\",\"contentUrl\":\"https:\/\/dhg1h5j42swfq.cloudfront.net\/2022\/04\/12140104\/residencias_em_saude.jpg\",\"width\":768,\"height\":432,\"caption\":\"Resid\u00eancias em Sa\u00fade\"},{\"@type\":\"BreadcrumbList\",\"@id\":\"https:\/\/www.estrategiaconcursos.com.br\/blog\/residencia-unicamp\/#breadcrumb\",\"itemListElement\":[{\"@type\":\"ListItem\",\"position\":1,\"name\":\"In\u00edcio\",\"item\":\"https:\/\/www.estrategiaconcursos.com.br\/blog\/\"},{\"@type\":\"ListItem\",\"position\":2,\"name\":\"Resid\u00eancia UNICAMP: resultado final e convoca\u00e7\u00e3o\"}]},{\"@type\":\"WebSite\",\"@id\":\"https:\/\/www.estrategiaconcursos.com.br\/blog\/#website\",\"url\":\"https:\/\/www.estrategiaconcursos.com.br\/blog\/\",\"name\":\"Estrat\u00e9gia Concursos\",\"description\":\"O blog da Estrat\u00e9gia Concursos traz not\u00edcias sobre concursos e artigos de professores oferecendo cursos para concursos (pdf + videaulas) no site.\",\"publisher\":{\"@id\":\"https:\/\/www.estrategiaconcursos.com.br\/blog\/#organization\"},\"potentialAction\":[{\"@type\":\"SearchAction\",\"target\":{\"@type\":\"EntryPoint\",\"urlTemplate\":\"https:\/\/www.estrategiaconcursos.com.br\/blog\/?s={search_term_string}\"},\"query-input\":{\"@type\":\"PropertyValueSpecification\",\"valueRequired\":true,\"valueName\":\"search_term_string\"}}],\"inLanguage\":\"pt-BR\"},{\"@type\":\"Organization\",\"@id\":\"https:\/\/www.estrategiaconcursos.com.br\/blog\/#organization\",\"name\":\"Estrat\u00e9gia Concursos\",\"url\":\"https:\/\/www.estrategiaconcursos.com.br\/blog\/\",\"logo\":{\"@type\":\"ImageObject\",\"inLanguage\":\"pt-BR\",\"@id\":\"https:\/\/www.estrategiaconcursos.com.br\/blog\/#\/schema\/logo\/image\/\",\"url\":\"https:\/\/dhg1h5j42swfq.cloudfront.net\/2025\/06\/03203428\/logo_concursos-1.jpg\",\"contentUrl\":\"https:\/\/dhg1h5j42swfq.cloudfront.net\/2025\/06\/03203428\/logo_concursos-1.jpg\",\"width\":230,\"height\":60,\"caption\":\"Estrat\u00e9gia Concursos\"},\"image\":{\"@id\":\"https:\/\/www.estrategiaconcursos.com.br\/blog\/#\/schema\/logo\/image\/\"},\"sameAs\":[\"https:\/\/x.com\/EstratConcursos\"]},{\"@type\":\"Person\",\"@id\":\"https:\/\/www.estrategiaconcursos.com.br\/blog\/#\/schema\/person\/b4a388c97673c5f483d72185668afa1f\",\"name\":\"Coordena\u00e7\u00e3o\",\"image\":{\"@type\":\"ImageObject\",\"inLanguage\":\"pt-BR\",\"@id\":\"https:\/\/secure.gravatar.com\/avatar\/b720319e4c9a967eb58678d110f4fe35452fc5d5f97b202bac7b8acceb18c6ad?s=96&d=mm&r=g\",\"url\":\"https:\/\/secure.gravatar.com\/avatar\/b720319e4c9a967eb58678d110f4fe35452fc5d5f97b202bac7b8acceb18c6ad?s=96&d=mm&r=g\",\"contentUrl\":\"https:\/\/secure.gravatar.com\/avatar\/b720319e4c9a967eb58678d110f4fe35452fc5d5f97b202bac7b8acceb18c6ad?s=96&d=mm&r=g\",\"caption\":\"Coordena\u00e7\u00e3o\"},\"sameAs\":[\"https:\/\/www.facebook.com\/EstrategiaConcursos\",\"https:\/\/x.com\/EstratConcursos\"],\"url\":\"https:\/\/www.estrategiaconcursos.com.br\/blog\/author\/estrategia2013\/\"}]}<\/script>\n<!-- \/ Yoast SEO Premium plugin. -->","yoast_head_json":{"title":"Resid\u00eancia UNICAMP: resultado final e convoca\u00e7\u00e3o","description":"Resid\u00eancia UNICAMP: Universidade Estadual de Campinas oferta 38 vagas. Resultado final e convoca\u00e7\u00e3o dispon\u00edveis! Confira os detalhes!","robots":{"index":"index","follow":"follow","max-snippet":"max-snippet:-1","max-image-preview":"max-image-preview:large","max-video-preview":"max-video-preview:-1"},"canonical":"https:\/\/www.estrategiaconcursos.com.br\/blog\/residencia-unicamp\/","og_locale":"pt_BR","og_type":"article","og_title":"Resid\u00eancia UNICAMP: resultado final e convoca\u00e7\u00e3o","og_description":"Resid\u00eancia UNICAMP: Universidade Estadual de Campinas oferta 38 vagas. Resultado final e convoca\u00e7\u00e3o dispon\u00edveis! Confira os detalhes!","og_url":"https:\/\/www.estrategiaconcursos.com.br\/blog\/residencia-unicamp\/","og_site_name":"Estrat\u00e9gia Concursos","article_author":"https:\/\/www.facebook.com\/EstrategiaConcursos","article_published_time":"2023-02-15T10:25:00+00:00","article_modified_time":"2023-03-07T17:17:35+00:00","og_image":[{"width":768,"height":432,"url":"https:\/\/dhg1h5j42swfq.cloudfront.net\/2022\/04\/12140104\/residencias_em_saude.jpg","type":"image\/jpeg"}],"author":"Coordena\u00e7\u00e3o","twitter_card":"summary_large_image","twitter_creator":"@EstratConcursos","twitter_site":"@EstratConcursos","twitter_misc":{"Escrito por":"Coordena\u00e7\u00e3o","Est. tempo de leitura":"7 minutos"},"schema":{"@context":"https:\/\/schema.org","@graph":[{"@type":"NewsArticle","@id":"https:\/\/www.estrategiaconcursos.com.br\/blog\/residencia-unicamp\/#article","isPartOf":{"@id":"https:\/\/www.estrategiaconcursos.com.br\/blog\/residencia-unicamp\/"},"author":{"name":"Coordena\u00e7\u00e3o","@id":"https:\/\/www.estrategiaconcursos.com.br\/blog\/#\/schema\/person\/b4a388c97673c5f483d72185668afa1f"},"headline":"Resid\u00eancia UNICAMP: resultado final e convoca\u00e7\u00e3o","datePublished":"2023-02-15T10:25:00+00:00","dateModified":"2023-03-07T17:17:35+00:00","mainEntityOfPage":{"@id":"https:\/\/www.estrategiaconcursos.com.br\/blog\/residencia-unicamp\/"},"wordCount":1329,"commentCount":0,"publisher":{"@id":"https:\/\/www.estrategiaconcursos.com.br\/blog\/#organization"},"image":{"@id":"https:\/\/www.estrategiaconcursos.com.br\/blog\/residencia-unicamp\/#primaryimage"},"thumbnailUrl":"https:\/\/dhg1h5j42swfq.cloudfront.net\/2022\/04\/12140104\/residencias_em_saude.jpg","articleSection":["Sa\u00fade"],"inLanguage":"pt-BR","potentialAction":[{"@type":"CommentAction","name":"Comment","target":["https:\/\/www.estrategiaconcursos.com.br\/blog\/residencia-unicamp\/#respond"]}],"copyrightYear":"2023","copyrightHolder":{"@id":"https:\/\/www.estrategiaconcursos.com.br\/blog\/#organization"}},{"@type":"WebPage","@id":"https:\/\/www.estrategiaconcursos.com.br\/blog\/residencia-unicamp\/","url":"https:\/\/www.estrategiaconcursos.com.br\/blog\/residencia-unicamp\/","name":"Resid\u00eancia UNICAMP: resultado final e convoca\u00e7\u00e3o","isPartOf":{"@id":"https:\/\/www.estrategiaconcursos.com.br\/blog\/#website"},"primaryImageOfPage":{"@id":"https:\/\/www.estrategiaconcursos.com.br\/blog\/residencia-unicamp\/#primaryimage"},"image":{"@id":"https:\/\/www.estrategiaconcursos.com.br\/blog\/residencia-unicamp\/#primaryimage"},"thumbnailUrl":"https:\/\/dhg1h5j42swfq.cloudfront.net\/2022\/04\/12140104\/residencias_em_saude.jpg","datePublished":"2023-02-15T10:25:00+00:00","dateModified":"2023-03-07T17:17:35+00:00","description":"Resid\u00eancia UNICAMP: Universidade Estadual de Campinas oferta 38 vagas. Resultado final e convoca\u00e7\u00e3o dispon\u00edveis! Confira os detalhes!","breadcrumb":{"@id":"https:\/\/www.estrategiaconcursos.com.br\/blog\/residencia-unicamp\/#breadcrumb"},"inLanguage":"pt-BR","potentialAction":[{"@type":"ReadAction","target":["https:\/\/www.estrategiaconcursos.com.br\/blog\/residencia-unicamp\/"]}]},{"@type":"ImageObject","inLanguage":"pt-BR","@id":"https:\/\/www.estrategiaconcursos.com.br\/blog\/residencia-unicamp\/#primaryimage","url":"https:\/\/dhg1h5j42swfq.cloudfront.net\/2022\/04\/12140104\/residencias_em_saude.jpg","contentUrl":"https:\/\/dhg1h5j42swfq.cloudfront.net\/2022\/04\/12140104\/residencias_em_saude.jpg","width":768,"height":432,"caption":"Resid\u00eancias em Sa\u00fade"},{"@type":"BreadcrumbList","@id":"https:\/\/www.estrategiaconcursos.com.br\/blog\/residencia-unicamp\/#breadcrumb","itemListElement":[{"@type":"ListItem","position":1,"name":"In\u00edcio","item":"https:\/\/www.estrategiaconcursos.com.br\/blog\/"},{"@type":"ListItem","position":2,"name":"Resid\u00eancia UNICAMP: resultado final e convoca\u00e7\u00e3o"}]},{"@type":"WebSite","@id":"https:\/\/www.estrategiaconcursos.com.br\/blog\/#website","url":"https:\/\/www.estrategiaconcursos.com.br\/blog\/","name":"Estrat\u00e9gia Concursos","description":"O blog da Estrat\u00e9gia Concursos traz not\u00edcias sobre concursos e artigos de professores oferecendo cursos para concursos (pdf + videaulas) no site.","publisher":{"@id":"https:\/\/www.estrategiaconcursos.com.br\/blog\/#organization"},"potentialAction":[{"@type":"SearchAction","target":{"@type":"EntryPoint","urlTemplate":"https:\/\/www.estrategiaconcursos.com.br\/blog\/?s={search_term_string}"},"query-input":{"@type":"PropertyValueSpecification","valueRequired":true,"valueName":"search_term_string"}}],"inLanguage":"pt-BR"},{"@type":"Organization","@id":"https:\/\/www.estrategiaconcursos.com.br\/blog\/#organization","name":"Estrat\u00e9gia Concursos","url":"https:\/\/www.estrategiaconcursos.com.br\/blog\/","logo":{"@type":"ImageObject","inLanguage":"pt-BR","@id":"https:\/\/www.estrategiaconcursos.com.br\/blog\/#\/schema\/logo\/image\/","url":"https:\/\/dhg1h5j42swfq.cloudfront.net\/2025\/06\/03203428\/logo_concursos-1.jpg","contentUrl":"https:\/\/dhg1h5j42swfq.cloudfront.net\/2025\/06\/03203428\/logo_concursos-1.jpg","width":230,"height":60,"caption":"Estrat\u00e9gia Concursos"},"image":{"@id":"https:\/\/www.estrategiaconcursos.com.br\/blog\/#\/schema\/logo\/image\/"},"sameAs":["https:\/\/x.com\/EstratConcursos"]},{"@type":"Person","@id":"https:\/\/www.estrategiaconcursos.com.br\/blog\/#\/schema\/person\/b4a388c97673c5f483d72185668afa1f","name":"Coordena\u00e7\u00e3o","image":{"@type":"ImageObject","inLanguage":"pt-BR","@id":"https:\/\/secure.gravatar.com\/avatar\/b720319e4c9a967eb58678d110f4fe35452fc5d5f97b202bac7b8acceb18c6ad?s=96&d=mm&r=g","url":"https:\/\/secure.gravatar.com\/avatar\/b720319e4c9a967eb58678d110f4fe35452fc5d5f97b202bac7b8acceb18c6ad?s=96&d=mm&r=g","contentUrl":"https:\/\/secure.gravatar.com\/avatar\/b720319e4c9a967eb58678d110f4fe35452fc5d5f97b202bac7b8acceb18c6ad?s=96&d=mm&r=g","caption":"Coordena\u00e7\u00e3o"},"sameAs":["https:\/\/www.facebook.com\/EstrategiaConcursos","https:\/\/x.com\/EstratConcursos"],"url":"https:\/\/www.estrategiaconcursos.com.br\/blog\/author\/estrategia2013\/"}]}},"_links":{"self":[{"href":"https:\/\/www.estrategiaconcursos.com.br\/blog\/wp-json\/wp\/v2\/posts\/613842","targetHints":{"allow":["GET"]}}],"collection":[{"href":"https:\/\/www.estrategiaconcursos.com.br\/blog\/wp-json\/wp\/v2\/posts"}],"about":[{"href":"https:\/\/www.estrategiaconcursos.com.br\/blog\/wp-json\/wp\/v2\/types\/post"}],"author":[{"embeddable":true,"href":"https:\/\/www.estrategiaconcursos.com.br\/blog\/wp-json\/wp\/v2\/users\/1"}],"replies":[{"embeddable":true,"href":"https:\/\/www.estrategiaconcursos.com.br\/blog\/wp-json\/wp\/v2\/comments?post=613842"}],"version-history":[{"count":29,"href":"https:\/\/www.estrategiaconcursos.com.br\/blog\/wp-json\/wp\/v2\/posts\/613842\/revisions"}],"predecessor-version":[{"id":1183008,"href":"https:\/\/www.estrategiaconcursos.com.br\/blog\/wp-json\/wp\/v2\/posts\/613842\/revisions\/1183008"}],"wp:featuredmedia":[{"embeddable":true,"href":"https:\/\/www.estrategiaconcursos.com.br\/blog\/wp-json\/wp\/v2\/media\/1007295"}],"wp:attachment":[{"href":"https:\/\/www.estrategiaconcursos.com.br\/blog\/wp-json\/wp\/v2\/media?parent=613842"}],"wp:term":[{"taxonomy":"category","embeddable":true,"href":"https:\/\/www.estrategiaconcursos.com.br\/blog\/wp-json\/wp\/v2\/categories?post=613842"},{"taxonomy":"post_tag","embeddable":true,"href":"https:\/\/www.estrategiaconcursos.com.br\/blog\/wp-json\/wp\/v2\/tags?post=613842"},{"taxonomy":"tax_estado","embeddable":true,"href":"https:\/\/www.estrategiaconcursos.com.br\/blog\/wp-json\/wp\/v2\/tax_estado?post=613842"}],"curies":[{"name":"wp","href":"https:\/\/api.w.org\/{rel}","templated":true}]}}