{"id":613747,"date":"2020-11-19T19:17:40","date_gmt":"2020-11-19T22:17:40","guid":{"rendered":"https:\/\/www.estrategiaconcursos.com.br\/blog\/?p=613747"},"modified":"2023-07-07T10:41:26","modified_gmt":"2023-07-07T13:41:26","slug":"sefaz-acre","status":"publish","type":"post","link":"https:\/\/www.estrategiaconcursos.com.br\/blog\/sefaz-acre\/","title":{"rendered":"Sefaz Acre: \u00f3rg\u00e3o apresenta proposta para novo concurso p\u00fablico"},"content":{"rendered":"\n<p>Mais uma \u00f3tima oportunidade para os concurseiros interessados na \u00e1rea fiscal. Isso porque, de acordo com o Governo Acre, a Secretaria de Estado da Fazenda (Sefaz AC) apresentou nesta semana uma proposta para realiza\u00e7\u00e3o do <strong>seu novo concurso p\u00fablico<\/strong>.<strong> <\/strong><\/p>\n\n\n\n<p>Agora, est\u00e3o sendo feitos estudos a respeito da proposta apresentada, bem como o levantamento no n\u00famero de vagas que o concurso Sefaz Acre poder\u00e1 ofertar. A expectativa \u00e9 que o certame tenha o provimento de vagas para Auditor da Receita Estadual, Auditor do Tesouro Estadual, Especialista da Fazenda Estadual e T\u00e9cnico da Fazenda Estadual.<\/p>\n\n\n\n<p>Vale frisar que a equipe de jornalismo do Estrat\u00e9gia permanece em contato com o \u00f3rg\u00e3o, a fim de obter maiores detalhes sobre o concurso. Por isso, fique sempre atento ao nosso site para n\u00e3o perder nenhuma atualiza\u00e7\u00e3o!<\/p>\n\n\n\n<p>Lembrando que o \u00faltimo concurso Sefaz Acre ocorreu no ano de 2009, ou seja, h\u00e1 11 anos atr\u00e1s. Na \u00e9poca, o certame foi organizado pelo Cespe, atual Cebraspe. O <a rel=\"noreferrer noopener\" href=\"https:\/\/dhg1h5j42swfq.cloudfront.net\/2020\/11\/19191652\/ED_1_2009_SGA_AC_SEFAZ_ABT_FINAL_16_61.pdf\" target=\"_blank\">edital<\/a> ofertou 20 vagas para o cargo de Auditor Fiscal e registrou um total de 4.078 inscritos. Ou seja, uma m\u00e9dia de 203,9 candidatos por vaga.<\/p>\n\n\n\n<p>Al\u00e9m disso, as provas do \u00faltimo concurso p\u00fablico foram realizadas nas cidades de Brasil\u00e9ia, Cruzeiro do Sul, Feij\u00f3, Rio Branco, Sena Madureira e Tarauac\u00e1.<\/p>\n\n\n\n<p>Para saber mais detalhes sobre o \u00faltimo concurso Sefaz Acre e, tamb\u00e9m, acompanhar de perto as not\u00edcias do pr\u00f3ximo edital, basta acessar o link abaixo!!<\/p>\n\n\n\n<p class=\"has-text-align-center has-cyan-bluish-gray-background-color has-background\" style=\"font-size:clamp(14.642px, 0.915rem + ((1vw - 3.2px) * 0.721), 22px);px\"><strong>Saiba mais: <a rel=\"noreferrer noopener\" href=\"https:\/\/www.estrategiaconcursos.com.br\/blog\/concurso-sefaz-ac\/\" target=\"_blank\">Concurso Sefaz AC<\/a><\/strong><\/p>\n\n\n\n<h2 class=\"wp-block-heading has-text-align-center\" id=\"h-quer-estudar-para-o-concurso-sefaz-ac\"><strong><em>Quer estudar para o concurso Sefaz AC?<\/em><\/strong><\/h2>\n\n\n\n<div class=\"container\" id=\"boxes\">\n  <div class=\"row\">\n\n    <div class=\"col-sm\">\n      <div class=\"banner-fiscal-01\" id=\"box-assinatura\">\n        <h3 class=\"titulo-assinatura\">Carreiras Fiscais<\/h3>\n        <p class=\"subtitulo-assinatura\">Conhe\u00e7a os cursos para Sefaz AC<\/p>\n        <div class=\"box-botao\">\n          <a class=\"btn-assinatura\" target=\"_blank\" href=\"https:\/\/www.estrategiaconcursos.com.br\/cursosPorConcurso\/cursos-para-concursos-fiscais\/\" role=\"button\" rel=\"noopener noreferrer\">Conhe\u00e7a mais<\/a>\n        <\/div>\n      <\/div>\n      <p class=\"texto-auxiliar\">Prepare-se com o melhor material e com quem mais aprova em Concursos P\u00fablicos em todo o pa\u00eds!<\/p>\n    <\/div>\n\n  <\/div>\n<\/div>\n\n\n\n<div class=\"container\" id=\"boxes\">\n  <div class=\"row\">\n\n    <div class=\"col-sm\">\n      <div class=\"estrategia\" id=\"box-assinatura\">\n        <h3 class=\"titulo-assinatura\">Assinatura Ilimitada<\/h3>\n        <p class=\"subtitulo-assinatura\">Assinatura Anual Ilimitada*<\/p>\n        <div class=\"box-botao\">\n          <a class=\"btn-assinatura\" target=\"_blank\" href=\"https:\/\/www.estrategiaconcursos.com.br\/assinaturas\/\" role=\"button\" rel=\"noopener noreferrer\">ASSINE AGORA<\/a>\n        <\/div>\n      <\/div>\n      <p class=\"texto-auxiliar\">Prepare-se com o melhor material e com quem mais aprova em Concursos P\u00fablicos em todo o pa\u00eds. Assine agora a nossa Assinatura Anual e tenha acesso ilimitado* a todos os nossos cursos.<\/p>\n    <\/div>\n\n    <div class=\"col-sm\">\n      <div class=\"questoes\" id=\"box-assinatura\">\n        <h3 class=\"titulo-assinatura\">Sistema de Quest\u00f5es<\/h3>\n        <p class=\"subtitulo-assinatura\">Assinatura Anual Ilimitada*<\/p>\n        <div class=\"box-botao\">\n          <a class=\"btn-assinatura\" target=\"_blank\" href=\"https:\/\/www.estrategiaconcursos.com.br\/cursosPorConcurso\/sistema-de-questoes\/#\/\" role=\"button\" rel=\"noopener noreferrer\">ASSINE AGORA<\/a>\n        <\/div>\n      <\/div>\n      <p class=\"texto-auxiliar\">Estrat\u00e9gia Quest\u00f5es nasceu maior do que todos os concorrentes, com mais quest\u00f5es cadastradas e mais solu\u00e7\u00f5es por professores. Clique no link e aproveite os descontos e b\u00f4nus imperd\u00edveis!<\/p>\n    <\/div>\n  <\/div>\n<\/div>\n\n\n\n<p><\/p>\n","protected":false},"excerpt":{"rendered":"<p>Mais uma \u00f3tima oportunidade para os concurseiros interessados na \u00e1rea fiscal. Isso porque, de acordo com o Governo Acre, a Secretaria de Estado da Fazenda (Sefaz AC) apresentou nesta semana uma proposta para realiza\u00e7\u00e3o do seu novo concurso p\u00fablico. Agora, est\u00e3o sendo feitos estudos a respeito da proposta apresentada, bem como o levantamento no n\u00famero [&hellip;]<\/p>\n","protected":false},"author":442,"featured_media":613756,"comment_status":"open","ping_status":"closed","sticky":false,"template":"","format":"standard","meta":{"post_tipo":"article","footnotes":""},"categories":[1,1983],"tags":[],"tax_estado":[],"class_list":["post-613747","post","type-post","status-publish","format-standard","has-post-thumbnail","hentry","category-cursos-e-concursos","category-fiscal-estadual"],"acf":[],"yoast_head":"<!-- This site is optimized with the Yoast SEO Premium plugin v27.2 (Yoast SEO v27.2) - https:\/\/yoast.com\/product\/yoast-seo-premium-wordpress\/ -->\n<title>Sefaz Acre: \u00f3rg\u00e3o apresenta proposta para novo concurso p\u00fablico<\/title>\n<meta name=\"description\" content=\"Sefaz Acre: \u00f3rg\u00e3o apresenta proposta para realiza\u00e7\u00e3o de novo concurso p\u00fablico. S\u00e3o previstas vagas para Auditor e T\u00e9cnico. Confira!\" \/>\n<meta name=\"robots\" content=\"index, follow, max-snippet:-1, max-image-preview:large, max-video-preview:-1\" \/>\n<link rel=\"canonical\" href=\"https:\/\/www.estrategiaconcursos.com.br\/blog\/sefaz-acre\/\" \/>\n<meta property=\"og:locale\" content=\"pt_BR\" \/>\n<meta property=\"og:type\" content=\"article\" \/>\n<meta property=\"og:title\" content=\"Sefaz Acre: \u00f3rg\u00e3o apresenta proposta para novo concurso p\u00fablico\" \/>\n<meta property=\"og:description\" content=\"Sefaz Acre: \u00f3rg\u00e3o apresenta proposta para realiza\u00e7\u00e3o de novo concurso p\u00fablico. S\u00e3o previstas vagas para Auditor e T\u00e9cnico. Confira!\" \/>\n<meta property=\"og:url\" content=\"https:\/\/www.estrategiaconcursos.com.br\/blog\/sefaz-acre\/\" \/>\n<meta property=\"og:site_name\" content=\"Estrat\u00e9gia Concursos\" \/>\n<meta property=\"article:published_time\" content=\"2020-11-19T22:17:40+00:00\" \/>\n<meta property=\"article:modified_time\" content=\"2023-07-07T13:41:26+00:00\" \/>\n<meta property=\"og:image\" content=\"https:\/\/dhg1h5j42swfq.cloudfront.net\/2020\/11\/19191619\/sefaz-ac.jpg\" \/>\n\t<meta property=\"og:image:width\" content=\"1200\" \/>\n\t<meta property=\"og:image:height\" content=\"628\" \/>\n\t<meta property=\"og:image:type\" content=\"image\/jpeg\" \/>\n<meta name=\"author\" content=\"Eduardo Da Rocha\" \/>\n<meta name=\"twitter:card\" content=\"summary_large_image\" \/>\n<meta name=\"twitter:creator\" content=\"@EstratConcursos\" \/>\n<meta name=\"twitter:site\" content=\"@EstratConcursos\" \/>\n<meta name=\"twitter:label1\" content=\"Escrito por\" \/>\n\t<meta name=\"twitter:data1\" content=\"Eduardo Da Rocha\" \/>\n\t<meta name=\"twitter:label2\" content=\"Est. tempo de leitura\" \/>\n\t<meta name=\"twitter:data2\" content=\"2 minutos\" \/>\n<script type=\"application\/ld+json\" class=\"yoast-schema-graph\">{\"@context\":\"https:\/\/schema.org\",\"@graph\":[{\"@type\":\"NewsArticle\",\"@id\":\"https:\/\/www.estrategiaconcursos.com.br\/blog\/sefaz-acre\/#article\",\"isPartOf\":{\"@id\":\"https:\/\/www.estrategiaconcursos.com.br\/blog\/sefaz-acre\/\"},\"author\":{\"name\":\"Eduardo Da Rocha\",\"@id\":\"https:\/\/www.estrategiaconcursos.com.br\/blog\/#\/schema\/person\/72dcc3ee857256affea7a386e5ab8d95\"},\"headline\":\"Sefaz Acre: \u00f3rg\u00e3o apresenta proposta para novo concurso p\u00fablico\",\"datePublished\":\"2020-11-19T22:17:40+00:00\",\"dateModified\":\"2023-07-07T13:41:26+00:00\",\"mainEntityOfPage\":{\"@id\":\"https:\/\/www.estrategiaconcursos.com.br\/blog\/sefaz-acre\/\"},\"wordCount\":383,\"commentCount\":0,\"publisher\":{\"@id\":\"https:\/\/www.estrategiaconcursos.com.br\/blog\/#organization\"},\"image\":{\"@id\":\"https:\/\/www.estrategiaconcursos.com.br\/blog\/sefaz-acre\/#primaryimage\"},\"thumbnailUrl\":\"https:\/\/dhg1h5j42swfq.cloudfront.net\/2020\/11\/19191619\/sefaz-ac.jpg\",\"articleSection\":[\"Concursos P\u00fablicos\",\"Fiscal - Estadual (ICMS)\"],\"inLanguage\":\"pt-BR\",\"potentialAction\":[{\"@type\":\"CommentAction\",\"name\":\"Comment\",\"target\":[\"https:\/\/www.estrategiaconcursos.com.br\/blog\/sefaz-acre\/#respond\"]}],\"copyrightYear\":\"2020\",\"copyrightHolder\":{\"@id\":\"https:\/\/www.estrategiaconcursos.com.br\/blog\/#organization\"}},{\"@type\":\"WebPage\",\"@id\":\"https:\/\/www.estrategiaconcursos.com.br\/blog\/sefaz-acre\/\",\"url\":\"https:\/\/www.estrategiaconcursos.com.br\/blog\/sefaz-acre\/\",\"name\":\"Sefaz Acre: \u00f3rg\u00e3o apresenta proposta para novo concurso p\u00fablico\",\"isPartOf\":{\"@id\":\"https:\/\/www.estrategiaconcursos.com.br\/blog\/#website\"},\"primaryImageOfPage\":{\"@id\":\"https:\/\/www.estrategiaconcursos.com.br\/blog\/sefaz-acre\/#primaryimage\"},\"image\":{\"@id\":\"https:\/\/www.estrategiaconcursos.com.br\/blog\/sefaz-acre\/#primaryimage\"},\"thumbnailUrl\":\"https:\/\/dhg1h5j42swfq.cloudfront.net\/2020\/11\/19191619\/sefaz-ac.jpg\",\"datePublished\":\"2020-11-19T22:17:40+00:00\",\"dateModified\":\"2023-07-07T13:41:26+00:00\",\"description\":\"Sefaz Acre: \u00f3rg\u00e3o apresenta proposta para realiza\u00e7\u00e3o de novo concurso p\u00fablico. S\u00e3o previstas vagas para Auditor e T\u00e9cnico. Confira!\",\"breadcrumb\":{\"@id\":\"https:\/\/www.estrategiaconcursos.com.br\/blog\/sefaz-acre\/#breadcrumb\"},\"inLanguage\":\"pt-BR\",\"potentialAction\":[{\"@type\":\"ReadAction\",\"target\":[\"https:\/\/www.estrategiaconcursos.com.br\/blog\/sefaz-acre\/\"]}]},{\"@type\":\"ImageObject\",\"inLanguage\":\"pt-BR\",\"@id\":\"https:\/\/www.estrategiaconcursos.com.br\/blog\/sefaz-acre\/#primaryimage\",\"url\":\"https:\/\/dhg1h5j42swfq.cloudfront.net\/2020\/11\/19191619\/sefaz-ac.jpg\",\"contentUrl\":\"https:\/\/dhg1h5j42swfq.cloudfront.net\/2020\/11\/19191619\/sefaz-ac.jpg\",\"width\":1200,\"height\":628,\"caption\":\"Sefaz AC\"},{\"@type\":\"BreadcrumbList\",\"@id\":\"https:\/\/www.estrategiaconcursos.com.br\/blog\/sefaz-acre\/#breadcrumb\",\"itemListElement\":[{\"@type\":\"ListItem\",\"position\":1,\"name\":\"In\u00edcio\",\"item\":\"https:\/\/www.estrategiaconcursos.com.br\/blog\/\"},{\"@type\":\"ListItem\",\"position\":2,\"name\":\"Sefaz Acre: \u00f3rg\u00e3o apresenta proposta para novo concurso p\u00fablico\"}]},{\"@type\":\"WebSite\",\"@id\":\"https:\/\/www.estrategiaconcursos.com.br\/blog\/#website\",\"url\":\"https:\/\/www.estrategiaconcursos.com.br\/blog\/\",\"name\":\"Estrat\u00e9gia Concursos\",\"description\":\"O blog da Estrat\u00e9gia Concursos traz not\u00edcias sobre concursos e artigos de professores oferecendo cursos para concursos (pdf + videaulas) no site.\",\"publisher\":{\"@id\":\"https:\/\/www.estrategiaconcursos.com.br\/blog\/#organization\"},\"potentialAction\":[{\"@type\":\"SearchAction\",\"target\":{\"@type\":\"EntryPoint\",\"urlTemplate\":\"https:\/\/www.estrategiaconcursos.com.br\/blog\/?s={search_term_string}\"},\"query-input\":{\"@type\":\"PropertyValueSpecification\",\"valueRequired\":true,\"valueName\":\"search_term_string\"}}],\"inLanguage\":\"pt-BR\"},{\"@type\":\"Organization\",\"@id\":\"https:\/\/www.estrategiaconcursos.com.br\/blog\/#organization\",\"name\":\"Estrat\u00e9gia Concursos\",\"url\":\"https:\/\/www.estrategiaconcursos.com.br\/blog\/\",\"logo\":{\"@type\":\"ImageObject\",\"inLanguage\":\"pt-BR\",\"@id\":\"https:\/\/www.estrategiaconcursos.com.br\/blog\/#\/schema\/logo\/image\/\",\"url\":\"https:\/\/dhg1h5j42swfq.cloudfront.net\/2025\/06\/03203428\/logo_concursos-1.jpg\",\"contentUrl\":\"https:\/\/dhg1h5j42swfq.cloudfront.net\/2025\/06\/03203428\/logo_concursos-1.jpg\",\"width\":230,\"height\":60,\"caption\":\"Estrat\u00e9gia Concursos\"},\"image\":{\"@id\":\"https:\/\/www.estrategiaconcursos.com.br\/blog\/#\/schema\/logo\/image\/\"},\"sameAs\":[\"https:\/\/x.com\/EstratConcursos\"]},{\"@type\":\"Person\",\"@id\":\"https:\/\/www.estrategiaconcursos.com.br\/blog\/#\/schema\/person\/72dcc3ee857256affea7a386e5ab8d95\",\"name\":\"Eduardo Da Rocha\",\"image\":{\"@type\":\"ImageObject\",\"inLanguage\":\"pt-BR\",\"@id\":\"https:\/\/secure.gravatar.com\/avatar\/dc38a9509db389e7f37ec942aa45a2cdcc18df4d080e47bc2e407cc634ca1a14?s=96&d=mm&r=g\",\"url\":\"https:\/\/secure.gravatar.com\/avatar\/dc38a9509db389e7f37ec942aa45a2cdcc18df4d080e47bc2e407cc634ca1a14?s=96&d=mm&r=g\",\"contentUrl\":\"https:\/\/secure.gravatar.com\/avatar\/dc38a9509db389e7f37ec942aa45a2cdcc18df4d080e47bc2e407cc634ca1a14?s=96&d=mm&r=g\",\"caption\":\"Eduardo Da Rocha\"},\"url\":\"https:\/\/www.estrategiaconcursos.com.br\/blog\/author\/eduardodarochaestrategiaconcursos-com-br\/\"}]}<\/script>\n<!-- \/ Yoast SEO Premium plugin. -->","yoast_head_json":{"title":"Sefaz Acre: \u00f3rg\u00e3o apresenta proposta para novo concurso p\u00fablico","description":"Sefaz Acre: \u00f3rg\u00e3o apresenta proposta para realiza\u00e7\u00e3o de novo concurso p\u00fablico. S\u00e3o previstas vagas para Auditor e T\u00e9cnico. Confira!","robots":{"index":"index","follow":"follow","max-snippet":"max-snippet:-1","max-image-preview":"max-image-preview:large","max-video-preview":"max-video-preview:-1"},"canonical":"https:\/\/www.estrategiaconcursos.com.br\/blog\/sefaz-acre\/","og_locale":"pt_BR","og_type":"article","og_title":"Sefaz Acre: \u00f3rg\u00e3o apresenta proposta para novo concurso p\u00fablico","og_description":"Sefaz Acre: \u00f3rg\u00e3o apresenta proposta para realiza\u00e7\u00e3o de novo concurso p\u00fablico. S\u00e3o previstas vagas para Auditor e T\u00e9cnico. Confira!","og_url":"https:\/\/www.estrategiaconcursos.com.br\/blog\/sefaz-acre\/","og_site_name":"Estrat\u00e9gia Concursos","article_published_time":"2020-11-19T22:17:40+00:00","article_modified_time":"2023-07-07T13:41:26+00:00","og_image":[{"width":1200,"height":628,"url":"https:\/\/dhg1h5j42swfq.cloudfront.net\/2020\/11\/19191619\/sefaz-ac.jpg","type":"image\/jpeg"}],"author":"Eduardo Da Rocha","twitter_card":"summary_large_image","twitter_creator":"@EstratConcursos","twitter_site":"@EstratConcursos","twitter_misc":{"Escrito por":"Eduardo Da Rocha","Est. tempo de leitura":"2 minutos"},"schema":{"@context":"https:\/\/schema.org","@graph":[{"@type":"NewsArticle","@id":"https:\/\/www.estrategiaconcursos.com.br\/blog\/sefaz-acre\/#article","isPartOf":{"@id":"https:\/\/www.estrategiaconcursos.com.br\/blog\/sefaz-acre\/"},"author":{"name":"Eduardo Da Rocha","@id":"https:\/\/www.estrategiaconcursos.com.br\/blog\/#\/schema\/person\/72dcc3ee857256affea7a386e5ab8d95"},"headline":"Sefaz Acre: \u00f3rg\u00e3o apresenta proposta para novo concurso p\u00fablico","datePublished":"2020-11-19T22:17:40+00:00","dateModified":"2023-07-07T13:41:26+00:00","mainEntityOfPage":{"@id":"https:\/\/www.estrategiaconcursos.com.br\/blog\/sefaz-acre\/"},"wordCount":383,"commentCount":0,"publisher":{"@id":"https:\/\/www.estrategiaconcursos.com.br\/blog\/#organization"},"image":{"@id":"https:\/\/www.estrategiaconcursos.com.br\/blog\/sefaz-acre\/#primaryimage"},"thumbnailUrl":"https:\/\/dhg1h5j42swfq.cloudfront.net\/2020\/11\/19191619\/sefaz-ac.jpg","articleSection":["Concursos P\u00fablicos","Fiscal - Estadual (ICMS)"],"inLanguage":"pt-BR","potentialAction":[{"@type":"CommentAction","name":"Comment","target":["https:\/\/www.estrategiaconcursos.com.br\/blog\/sefaz-acre\/#respond"]}],"copyrightYear":"2020","copyrightHolder":{"@id":"https:\/\/www.estrategiaconcursos.com.br\/blog\/#organization"}},{"@type":"WebPage","@id":"https:\/\/www.estrategiaconcursos.com.br\/blog\/sefaz-acre\/","url":"https:\/\/www.estrategiaconcursos.com.br\/blog\/sefaz-acre\/","name":"Sefaz Acre: \u00f3rg\u00e3o apresenta proposta para novo concurso p\u00fablico","isPartOf":{"@id":"https:\/\/www.estrategiaconcursos.com.br\/blog\/#website"},"primaryImageOfPage":{"@id":"https:\/\/www.estrategiaconcursos.com.br\/blog\/sefaz-acre\/#primaryimage"},"image":{"@id":"https:\/\/www.estrategiaconcursos.com.br\/blog\/sefaz-acre\/#primaryimage"},"thumbnailUrl":"https:\/\/dhg1h5j42swfq.cloudfront.net\/2020\/11\/19191619\/sefaz-ac.jpg","datePublished":"2020-11-19T22:17:40+00:00","dateModified":"2023-07-07T13:41:26+00:00","description":"Sefaz Acre: \u00f3rg\u00e3o apresenta proposta para realiza\u00e7\u00e3o de novo concurso p\u00fablico. S\u00e3o previstas vagas para Auditor e T\u00e9cnico. Confira!","breadcrumb":{"@id":"https:\/\/www.estrategiaconcursos.com.br\/blog\/sefaz-acre\/#breadcrumb"},"inLanguage":"pt-BR","potentialAction":[{"@type":"ReadAction","target":["https:\/\/www.estrategiaconcursos.com.br\/blog\/sefaz-acre\/"]}]},{"@type":"ImageObject","inLanguage":"pt-BR","@id":"https:\/\/www.estrategiaconcursos.com.br\/blog\/sefaz-acre\/#primaryimage","url":"https:\/\/dhg1h5j42swfq.cloudfront.net\/2020\/11\/19191619\/sefaz-ac.jpg","contentUrl":"https:\/\/dhg1h5j42swfq.cloudfront.net\/2020\/11\/19191619\/sefaz-ac.jpg","width":1200,"height":628,"caption":"Sefaz AC"},{"@type":"BreadcrumbList","@id":"https:\/\/www.estrategiaconcursos.com.br\/blog\/sefaz-acre\/#breadcrumb","itemListElement":[{"@type":"ListItem","position":1,"name":"In\u00edcio","item":"https:\/\/www.estrategiaconcursos.com.br\/blog\/"},{"@type":"ListItem","position":2,"name":"Sefaz Acre: \u00f3rg\u00e3o apresenta proposta para novo concurso p\u00fablico"}]},{"@type":"WebSite","@id":"https:\/\/www.estrategiaconcursos.com.br\/blog\/#website","url":"https:\/\/www.estrategiaconcursos.com.br\/blog\/","name":"Estrat\u00e9gia Concursos","description":"O blog da Estrat\u00e9gia Concursos traz not\u00edcias sobre concursos e artigos de professores oferecendo cursos para concursos (pdf + videaulas) no site.","publisher":{"@id":"https:\/\/www.estrategiaconcursos.com.br\/blog\/#organization"},"potentialAction":[{"@type":"SearchAction","target":{"@type":"EntryPoint","urlTemplate":"https:\/\/www.estrategiaconcursos.com.br\/blog\/?s={search_term_string}"},"query-input":{"@type":"PropertyValueSpecification","valueRequired":true,"valueName":"search_term_string"}}],"inLanguage":"pt-BR"},{"@type":"Organization","@id":"https:\/\/www.estrategiaconcursos.com.br\/blog\/#organization","name":"Estrat\u00e9gia Concursos","url":"https:\/\/www.estrategiaconcursos.com.br\/blog\/","logo":{"@type":"ImageObject","inLanguage":"pt-BR","@id":"https:\/\/www.estrategiaconcursos.com.br\/blog\/#\/schema\/logo\/image\/","url":"https:\/\/dhg1h5j42swfq.cloudfront.net\/2025\/06\/03203428\/logo_concursos-1.jpg","contentUrl":"https:\/\/dhg1h5j42swfq.cloudfront.net\/2025\/06\/03203428\/logo_concursos-1.jpg","width":230,"height":60,"caption":"Estrat\u00e9gia Concursos"},"image":{"@id":"https:\/\/www.estrategiaconcursos.com.br\/blog\/#\/schema\/logo\/image\/"},"sameAs":["https:\/\/x.com\/EstratConcursos"]},{"@type":"Person","@id":"https:\/\/www.estrategiaconcursos.com.br\/blog\/#\/schema\/person\/72dcc3ee857256affea7a386e5ab8d95","name":"Eduardo Da Rocha","image":{"@type":"ImageObject","inLanguage":"pt-BR","@id":"https:\/\/secure.gravatar.com\/avatar\/dc38a9509db389e7f37ec942aa45a2cdcc18df4d080e47bc2e407cc634ca1a14?s=96&d=mm&r=g","url":"https:\/\/secure.gravatar.com\/avatar\/dc38a9509db389e7f37ec942aa45a2cdcc18df4d080e47bc2e407cc634ca1a14?s=96&d=mm&r=g","contentUrl":"https:\/\/secure.gravatar.com\/avatar\/dc38a9509db389e7f37ec942aa45a2cdcc18df4d080e47bc2e407cc634ca1a14?s=96&d=mm&r=g","caption":"Eduardo Da Rocha"},"url":"https:\/\/www.estrategiaconcursos.com.br\/blog\/author\/eduardodarochaestrategiaconcursos-com-br\/"}]}},"_links":{"self":[{"href":"https:\/\/www.estrategiaconcursos.com.br\/blog\/wp-json\/wp\/v2\/posts\/613747","targetHints":{"allow":["GET"]}}],"collection":[{"href":"https:\/\/www.estrategiaconcursos.com.br\/blog\/wp-json\/wp\/v2\/posts"}],"about":[{"href":"https:\/\/www.estrategiaconcursos.com.br\/blog\/wp-json\/wp\/v2\/types\/post"}],"author":[{"embeddable":true,"href":"https:\/\/www.estrategiaconcursos.com.br\/blog\/wp-json\/wp\/v2\/users\/442"}],"replies":[{"embeddable":true,"href":"https:\/\/www.estrategiaconcursos.com.br\/blog\/wp-json\/wp\/v2\/comments?post=613747"}],"version-history":[{"count":8,"href":"https:\/\/www.estrategiaconcursos.com.br\/blog\/wp-json\/wp\/v2\/posts\/613747\/revisions"}],"predecessor-version":[{"id":1244898,"href":"https:\/\/www.estrategiaconcursos.com.br\/blog\/wp-json\/wp\/v2\/posts\/613747\/revisions\/1244898"}],"wp:featuredmedia":[{"embeddable":true,"href":"https:\/\/www.estrategiaconcursos.com.br\/blog\/wp-json\/wp\/v2\/media\/613756"}],"wp:attachment":[{"href":"https:\/\/www.estrategiaconcursos.com.br\/blog\/wp-json\/wp\/v2\/media?parent=613747"}],"wp:term":[{"taxonomy":"category","embeddable":true,"href":"https:\/\/www.estrategiaconcursos.com.br\/blog\/wp-json\/wp\/v2\/categories?post=613747"},{"taxonomy":"post_tag","embeddable":true,"href":"https:\/\/www.estrategiaconcursos.com.br\/blog\/wp-json\/wp\/v2\/tags?post=613747"},{"taxonomy":"tax_estado","embeddable":true,"href":"https:\/\/www.estrategiaconcursos.com.br\/blog\/wp-json\/wp\/v2\/tax_estado?post=613747"}],"curies":[{"name":"wp","href":"https:\/\/api.w.org\/{rel}","templated":true}]}}