{"id":613585,"date":"2020-11-18T00:00:00","date_gmt":"2020-11-18T03:00:00","guid":{"rendered":"https:\/\/www.estrategiaconcursos.com.br\/blog\/?p=613585"},"modified":"2023-07-06T09:46:37","modified_gmt":"2023-07-06T12:46:37","slug":"residencia-multiprofissional-em-saude","status":"publish","type":"post","link":"https:\/\/www.estrategiaconcursos.com.br\/blog\/residencia-multiprofissional-em-saude\/","title":{"rendered":"Resid\u00eancia Multiprofissional em Sa\u00fade: editais abertos e previstos"},"content":{"rendered":"\n<p>Saiba quais s\u00e3o os concursos para Resid\u00eancia Multiprofissional em Sa\u00fade que est\u00e3o abertos ou previstos para o ano de 2020. S\u00e3o diversas oportunidades pelo pa\u00eds, de n\u00edveis t\u00e9cnico a superior.<\/p>\n\n\n\n<p>Aqui, voc\u00ea confere e decide em qual oportunidade investir\u00e1 seu<strong>&nbsp;futuro<\/strong>. Tamb\u00e9m conhecer\u00e1 nossos cursos focados na carreira que deseja seguir no servi\u00e7o p\u00fablico. O&nbsp;<strong>Estrat\u00e9gia Concursos<\/strong> listou&nbsp;os principais concursos em todas as regi\u00f5es do Brasil. Confira abaixo!<\/p>\n\n\n\n<div class=\"container\" id=\"boxes\">\n  <div class=\"row\">\n\n    <div class=\"col-sm\">\n      <div class=\"estrategia\" id=\"box-assinatura\">\n        <h3 class=\"titulo-assinatura\">Assinatura Ilimitada<\/h3>\n        <p class=\"subtitulo-assinatura\">Assinatura Anual Ilimitada*<\/p>\n        <div class=\"box-botao\">\n          <a class=\"btn-assinatura\" target=\"_blank\" href=\"https:\/\/www.estrategiaconcursos.com.br\/assinaturas\/\" role=\"button\" rel=\"noopener noreferrer\">ASSINE AGORA<\/a>\n        <\/div>\n      <\/div>\n      <p class=\"texto-auxiliar\">Prepare-se com o melhor material e com quem mais aprova em Concursos P\u00fablicos em todo o pa\u00eds. Assine agora a nossa Assinatura Anual e tenha acesso ilimitado* a todos os nossos cursos.<\/p>\n    <\/div>\n\n    <div class=\"col-sm\">\n      <div class=\"questoes\" id=\"box-assinatura\">\n        <h3 class=\"titulo-assinatura\">Sistema de Quest\u00f5es<\/h3>\n        <p class=\"subtitulo-assinatura\">Assinatura Ilimitada*\n<\/p>\n        <div class=\"box-botao\">\n          <a class=\"btn-assinatura\" target=\"_blank\" href=\"https:\/\/www.estrategiaconcursos.com.br\/cursosPorConcurso\/sistema-de-questoes\/#\/\" role=\"button\" rel=\"noopener noreferrer\">ASSINE AGORA<\/a>\n        <\/div>\n      <\/div>\n      <p class=\"texto-auxiliar\">Estrat\u00e9gia Quest\u00f5es nasceu maior do que todos os concorrentes, com mais quest\u00f5es cadastradas e mais solu\u00e7\u00f5es por professores. Clique no link e aproveite os descontos e b\u00f4nus imperd\u00edveis!<\/p>\n    <\/div>\n  <\/div>\n<\/div>\n\n\n\n<p style=\"font-size:clamp(14.082px, 0.88rem + ((1vw - 3.2px) * 0.678), 21px);px\"><em>Veja a seguir a rela\u00e7\u00e3o das oportunidades dispon\u00edveis:<\/em><\/p>\n\n\n\n<h2 class=\"wp-block-heading\" id=\"h-residencia-multiprofissional-em-saude-abertos\"><em>Resid\u00eancia Multiprofissional em Sa\u00fade<\/em> <em>&#8211; abertos<\/em><\/h2>\n\n\n\n<p style=\"font-size:clamp(14.082px, 0.88rem + ((1vw - 3.2px) * 0.678), 21px);px\"><strong>HUPES UFBA<\/strong><\/p>\n\n\n\n<p>Edital publicado com 23 vagas de n\u00edvel superior. <\/p>\n\n\n\n<ul class=\"wp-block-list\" id=\"block-68e93e3b-f9be-4516-8f1a-946a7b53c15b\">\n<li><strong>Per\u00edodo de inscri\u00e7\u00f5es<\/strong>: 23\/11 a 14\/12\/2020<\/li>\n\n\n\n<li><strong>Data da prova<\/strong>: 10\/01\/2021<\/li>\n\n\n\n<li><strong>Taxa de inscri\u00e7\u00e3o<\/strong>: R$ 190,00<\/li>\n\n\n\n<li><strong>Vagas:<\/strong>&nbsp;23<\/li>\n\n\n\n<li><strong>Cargo:<\/strong>&nbsp;Diversos<\/li>\n\n\n\n<li><strong>Sal\u00e1rio:<\/strong>&nbsp;R$ 3.330,43<\/li>\n\n\n\n<li><strong>Mais informa\u00e7\u00f5es<\/strong>:&nbsp;<a rel=\"noreferrer noopener\" href=\"https:\/\/dhg1h5j42swfq.cloudfront.net\/2020\/11\/23152344\/ed_04_enare_ebserh_multi-1.pdf\" target=\"_blank\">HUPES UFBA<\/a><\/li>\n\n\n\n<li><strong>Curso:<\/strong>&nbsp;<a rel=\"noreferrer noopener\" href=\"https:\/\/www.estrategiaconcursos.com.br\/cursosPorConcurso\/promocao-cursos-para-residencia-hospital-sirio-libanes-residencias-multiprofissionais\/\" target=\"_blank\">HU UFS<\/a><\/li>\n<\/ul>\n\n\n\n<p style=\"font-size:clamp(14.082px, 0.88rem + ((1vw - 3.2px) * 0.678), 21px);px\"><strong>HU UFS<\/strong><\/p>\n\n\n\n<p>Edital publicado com 48 vagas de n\u00edvel superior. <\/p>\n\n\n\n<ul class=\"wp-block-list\" id=\"block-68e93e3b-f9be-4516-8f1a-946a7b53c15b\">\n<li><strong>Per\u00edodo de inscri\u00e7\u00f5es<\/strong>: 23\/11 a 14\/12\/2020<\/li>\n\n\n\n<li><strong>Data da prova<\/strong>: 10\/01\/2021<\/li>\n\n\n\n<li><strong>Taxa de inscri\u00e7\u00e3o<\/strong>: R$ 190,00<\/li>\n\n\n\n<li><strong>Vagas:<\/strong>&nbsp;48<\/li>\n\n\n\n<li><strong>Cargo:<\/strong>&nbsp;Diversos<\/li>\n\n\n\n<li><strong>Sal\u00e1rio:<\/strong>&nbsp;R$ 3.330,43<\/li>\n\n\n\n<li><strong>Mais informa\u00e7\u00f5es<\/strong>:&nbsp;<a rel=\"noreferrer noopener\" href=\"https:\/\/dhg1h5j42swfq.cloudfront.net\/2020\/11\/23152344\/ed_04_enare_ebserh_multi-1.pdf\" target=\"_blank\">HU UFS<\/a><\/li>\n\n\n\n<li><strong>Curso:<\/strong>&nbsp;<a rel=\"noreferrer noopener\" href=\"https:\/\/www.estrategiaconcursos.com.br\/cursosPorConcurso\/promocao-cursos-para-residencia-hospital-sirio-libanes-residencias-multiprofissionais\/\" target=\"_blank\">HU UFS<\/a><\/li>\n<\/ul>\n\n\n\n<p style=\"font-size:clamp(14.082px, 0.88rem + ((1vw - 3.2px) * 0.678), 21px);px\"><strong>FCMPB\/SMS\/PMJP &#8211; PB<\/strong><\/p>\n\n\n\n<p>Edital publicado com 37 vagas de n\u00edvel superior. <\/p>\n\n\n\n<ul class=\"wp-block-list\" id=\"block-68e93e3b-f9be-4516-8f1a-946a7b53c15b\">\n<li><strong>Per\u00edodo de inscri\u00e7\u00f5es<\/strong>: 07\/10 a 02\/12\/2020<\/li>\n\n\n\n<li><strong>Data da prova<\/strong>: 06\/12\/2020<\/li>\n\n\n\n<li><strong>Taxa de inscri\u00e7\u00e3o<\/strong>: R$ 300,00<\/li>\n\n\n\n<li><strong>Vagas:<\/strong>&nbsp;37<\/li>\n\n\n\n<li><strong>Cargo:<\/strong>&nbsp;Diversos<\/li>\n\n\n\n<li><strong>Sal\u00e1rio:<\/strong>&nbsp;R$ 3.330,43<\/li>\n\n\n\n<li><strong>Mais informa\u00e7\u00f5es<\/strong>:&nbsp;<a rel=\"noreferrer noopener\" href=\"https:\/\/dhg1h5j42swfq.cloudfront.net\/2020\/11\/23144947\/Edital-Residencia-Multiprofissional-2021-Versao-Final.pdf\" target=\"_blank\">FCMPB\/SMS\/PMJP &#8211; PB<\/a><\/li>\n\n\n\n<li><strong>Curso:<\/strong>&nbsp;<a rel=\"noreferrer noopener\" href=\"https:\/\/www.estrategiaconcursos.com.br\/cursosPorConcurso\/promocao-cursos-para-residencia-hospital-sirio-libanes-residencias-multiprofissionais\/\" target=\"_blank\">FCMPB\/SMS\/PMJP &#8211; PB<\/a><\/li>\n<\/ul>\n\n\n\n<p style=\"font-size:clamp(14.082px, 0.88rem + ((1vw - 3.2px) * 0.678), 21px);px\"><strong>S\u00edrio-Liban\u00eas<\/strong><\/p>\n\n\n\n<p>Edital publicado com 74 vagas de n\u00edvel superior. <\/p>\n\n\n\n<ul class=\"wp-block-list\" id=\"block-68e93e3b-f9be-4516-8f1a-946a7b53c15b\">\n<li><strong>Per\u00edodo de inscri\u00e7\u00f5es<\/strong>: 24\/11 a 09\/12\/2020<\/li>\n\n\n\n<li><strong>Data da prova<\/strong>: 04\/01\/2021<\/li>\n\n\n\n<li><strong>Taxa de inscri\u00e7\u00e3o<\/strong>: R$ 207,00<\/li>\n\n\n\n<li><strong>Vagas:<\/strong>&nbsp;74<\/li>\n\n\n\n<li><strong>Cargo:<\/strong>&nbsp;Diversos<\/li>\n\n\n\n<li><strong>Sal\u00e1rio:<\/strong>&nbsp;R$ 3.330,43<\/li>\n\n\n\n<li><strong>Mais informa\u00e7\u00f5es<\/strong>:&nbsp;<a rel=\"noreferrer noopener\" href=\"https:\/\/www.estrategiaconcursos.com.br\/blog\/residencia-hospital-sirio-libanes\/\" target=\"_blank\">S\u00edrio-Liban\u00eas<\/a><\/li>\n\n\n\n<li><strong>Curso:<\/strong>&nbsp;<a rel=\"noreferrer noopener\" href=\"https:\/\/www.estrategiaconcursos.com.br\/cursosPorConcurso\/promocao-cursos-para-residencia-hospital-sirio-libanes-residencias-multiprofissionais\/\" target=\"_blank\">S\u00edrio-Liban\u00eas<\/a><\/li>\n<\/ul>\n\n\n\n<p style=\"font-size:clamp(14.082px, 0.88rem + ((1vw - 3.2px) * 0.678), 21px);px\"><strong><\/strong><strong>USF SP<\/strong><\/p>\n\n\n\n<p>Edital publicado com 10 vagas de n\u00edvel superior. <\/p>\n\n\n\n<ul class=\"wp-block-list\" id=\"block-68e93e3b-f9be-4516-8f1a-946a7b53c15b\">\n<li><strong>Per\u00edodo de inscri\u00e7\u00f5es<\/strong>: 28\/09 a 21\/01\/2021<\/li>\n\n\n\n<li><strong>Data da prova<\/strong>: 27\/01\/2021<\/li>\n\n\n\n<li><strong>Taxa de inscri\u00e7\u00e3o<\/strong>: R$ 300,00<\/li>\n\n\n\n<li><strong>Vagas:<\/strong>&nbsp;10<\/li>\n\n\n\n<li><strong>Cargo:<\/strong>&nbsp;Diversos<\/li>\n\n\n\n<li><strong>Sal\u00e1rio:<\/strong>&nbsp;R$ 3.330,43<\/li>\n\n\n\n<li><strong>Mais informa\u00e7\u00f5es<\/strong>:&nbsp;<a rel=\"noreferrer noopener\" href=\"https:\/\/dhg1h5j42swfq.cloudfront.net\/2020\/11\/19175841\/4932990933738520.pdf\" target=\"_blank\">USF SP 1<\/a> | <a rel=\"noreferrer noopener\" href=\"https:\/\/dhg1h5j42swfq.cloudfront.net\/2020\/11\/19175856\/4933057686796080.pdf\" target=\"_blank\">USF SP 2<\/a><\/li>\n\n\n\n<li><strong>Curso:<\/strong>&nbsp;<a rel=\"noreferrer noopener\" href=\"https:\/\/www.estrategiaconcursos.com.br\/cursosPorConcurso\/preparatorios-para-residencias\/\" target=\"_blank\">Unicamp<\/a><\/li>\n<\/ul>\n\n\n\n<p class=\"has-medium-font-size\"><strong>Resid\u00eancia Profissional UniRio<\/strong><\/p>\n\n\n\n<p>Edital oferta 14 vagas para n\u00edvel superior. <\/p>\n\n\n\n<ul class=\"wp-block-list\" id=\"block-a7478893-2d95-4306-92fd-e5ce3ae2bf2c\">\n<li><strong>Per\u00edodo de inscri\u00e7\u00f5es<\/strong>: 09\/11 a 11\/12<\/li>\n\n\n\n<li><strong>Data da prova<\/strong>: 10\/01\/2021<\/li>\n\n\n\n<li><strong>Taxa de inscri\u00e7\u00e3o<\/strong>: R$ 190,00<\/li>\n\n\n\n<li><strong>Vagas:<\/strong> 14<\/li>\n\n\n\n<li><strong><\/strong><strong>\u00c1reas<\/strong>: Enfermagem, Fisioterapia, Fonoaudiologia e Nutri\u00e7\u00e3o<\/li>\n\n\n\n<li><strong>Bolsa:<\/strong> R$ 3.330,43<\/li>\n\n\n\n<li><strong>Mais informa\u00e7\u00f5es<\/strong>: <a href=\"https:\/\/www.estrategiaconcursos.com.br\/blog\/residencia-profissional-unirio\/\" target=\"_blank\" rel=\"noreferrer noopener\">Resid\u00eancia UniRio<\/a><\/li>\n\n\n\n<li><strong>Curso:<\/strong> <a href=\"https:\/\/www.estrategiaconcursos.com.br\/cursosPorConcurso\/universidade-federal-do-estado-do-rio-de-janeiro-unirio-residencia-multiprofissional\/\" target=\"_blank\" rel=\"noreferrer noopener\">Resid\u00eancia Unirio<\/a><\/li>\n<\/ul>\n\n\n\n<h2 class=\"wp-block-heading\" id=\"h-residencia-multiprofissional-em-saude-inscricoes-encerradas\"><em>Resid\u00eancia Multiprofissional em Sa\u00fade<\/em> <em>&#8211; inscri\u00e7\u00f5es encerradas<\/em><\/h2>\n\n\n\n<p style=\"font-size:clamp(14.082px, 0.88rem + ((1vw - 3.2px) * 0.678), 21px);px\"><strong>UFPA<\/strong><\/p>\n\n\n\n<p>Edital publicado com 90 vagas de n\u00edvel superior. <\/p>\n\n\n\n<ul class=\"wp-block-list\" id=\"block-68e93e3b-f9be-4516-8f1a-946a7b53c15b\">\n<li><strong>Per\u00edodo de inscri\u00e7\u00f5es<\/strong>: 05\/11 a 06\/12\/2020<\/li>\n\n\n\n<li><strong>Data da prova<\/strong>: 10\/01\/2021<\/li>\n\n\n\n<li><strong>Taxa de inscri\u00e7\u00e3o<\/strong>: R$ 300,00<\/li>\n\n\n\n<li><strong>Vagas:<\/strong>&nbsp;90<\/li>\n\n\n\n<li><strong>Cargo:<\/strong>&nbsp;Diversos<\/li>\n\n\n\n<li><strong>Sal\u00e1rio:<\/strong>&nbsp;R$ 3.330,43<\/li>\n\n\n\n<li><strong>Mais informa\u00e7\u00f5es<\/strong>:&nbsp;<a rel=\"noreferrer noopener\" href=\"https:\/\/www.estrategiaconcursos.com.br\/blog\/edital-residencia-ufpa\/\" target=\"_blank\">UFPA<\/a><\/li>\n\n\n\n<li><strong>Curso:<\/strong>&nbsp;<a rel=\"noreferrer noopener\" href=\"https:\/\/www.estrategiaconcursos.com.br\/cursosPorConcurso\/preparatorios-para-residencias\/\" target=\"_blank\">UFPA<\/a><\/li>\n<\/ul>\n\n\n\n<p style=\"font-size:clamp(14.082px, 0.88rem + ((1vw - 3.2px) * 0.678), 21px);px\"><strong><\/strong><strong>Unicamp<\/strong><\/p>\n\n\n\n<p>Edital publicado com 38 vagas de n\u00edvel superior. <\/p>\n\n\n\n<ul class=\"wp-block-list\" id=\"block-68e93e3b-f9be-4516-8f1a-946a7b53c15b\">\n<li><strong>Per\u00edodo de inscri\u00e7\u00f5es<\/strong>: 10 a 24\/11\/2020<\/li>\n\n\n\n<li><strong>Data da prova<\/strong>: 17\/01\/2021<\/li>\n\n\n\n<li><strong>Taxa de inscri\u00e7\u00e3o<\/strong>: R$ 290,00<\/li>\n\n\n\n<li><strong>Vagas:<\/strong>&nbsp;38<\/li>\n\n\n\n<li><strong>Cargo:<\/strong>&nbsp;Diversos<\/li>\n\n\n\n<li><strong>Sal\u00e1rio:<\/strong>&nbsp;R$ 3.330,43<\/li>\n\n\n\n<li><strong>Mais informa\u00e7\u00f5es<\/strong>:&nbsp;<a href=\"https:\/\/www.estrategiaconcursos.com.br\/blog\/residencia-multiprofissional-unicamp\/\" target=\"_blank\" rel=\"noreferrer noopener\">Unicamp<\/a><\/li>\n\n\n\n<li><strong>Curso:<\/strong>&nbsp;<a rel=\"noreferrer noopener\" href=\"https:\/\/www.estrategiaconcursos.com.br\/cursosPorConcurso\/preparatorios-para-residencias\/\" target=\"_blank\">Unicamp<\/a><\/li>\n<\/ul>\n\n\n\n<p style=\"font-size:clamp(14.082px, 0.88rem + ((1vw - 3.2px) * 0.678), 21px);px\"><strong>SES PB<\/strong><\/p>\n\n\n\n<p>Edital publicado com 34 vagas de n\u00edvel superior. <\/p>\n\n\n\n<ul class=\"wp-block-list\" id=\"block-68e93e3b-f9be-4516-8f1a-946a7b53c15b\">\n<li><strong>Per\u00edodo de inscri\u00e7\u00f5es<\/strong>: 13\/11 a 03\/12\/2020<\/li>\n\n\n\n<li><strong>Data da prova<\/strong>: 10\/01\/2021<\/li>\n\n\n\n<li><strong>Taxa de inscri\u00e7\u00e3o<\/strong>: R$ 300,00<\/li>\n\n\n\n<li><strong>Vagas:<\/strong>&nbsp;34<\/li>\n\n\n\n<li><strong>Cargo:<\/strong>&nbsp;Diversos<\/li>\n\n\n\n<li><strong>Sal\u00e1rio:<\/strong>&nbsp;R$ 3.330,43<\/li>\n\n\n\n<li><strong>Mais informa\u00e7\u00f5es<\/strong>:&nbsp;<a href=\"https:\/\/dhg1h5j42swfq.cloudfront.net\/2020\/11\/23150404\/uniprofissional-e-multiprofissional_edital-coremu-ses-pb-2021.pdf\" target=\"_blank\" rel=\"noreferrer noopener\">SES PB<\/a><\/li>\n\n\n\n<li><strong>Curso:<\/strong>&nbsp;<a rel=\"noreferrer noopener\" href=\"https:\/\/www.estrategiaconcursos.com.br\/cursosPorConcurso\/promocao-cursos-para-residencia-hospital-sirio-libanes-residencias-multiprofissionais\/\" target=\"_blank\">SES PB<\/a><\/li>\n<\/ul>\n\n\n\n<p style=\"font-size:clamp(14.082px, 0.88rem + ((1vw - 3.2px) * 0.678), 21px);px\"><strong><\/strong><strong>HUB DF<\/strong><\/p>\n\n\n\n<p>Edital publicado com 27 vagas de n\u00edvel superior. <\/p>\n\n\n\n<ul class=\"wp-block-list\" id=\"block-68e93e3b-f9be-4516-8f1a-946a7b53c15b\">\n<li><strong>Per\u00edodo de inscri\u00e7\u00f5es<\/strong>: 29\/10 a 15\/11\/2020<\/li>\n\n\n\n<li><strong>Data da prova<\/strong>: 13\/12\/2020<\/li>\n\n\n\n<li><strong>Taxa de inscri\u00e7\u00e3o<\/strong>: R$ 325,00<\/li>\n\n\n\n<li><strong>Vagas:<\/strong>&nbsp;27<\/li>\n\n\n\n<li><strong>Cargo:<\/strong>&nbsp;Diversos<\/li>\n\n\n\n<li><strong>Sal\u00e1rio:<\/strong>&nbsp;R$ 3.330,43<\/li>\n\n\n\n<li><strong>Mais informa\u00e7\u00f5es<\/strong>:&nbsp;<a rel=\"noreferrer noopener\" href=\"https:\/\/www.estrategiaconcursos.com.br\/blog\/processo-seletivo-hub-unb-residencia\/\" target=\"_blank\">HUB DF<\/a><\/li>\n\n\n\n<li><strong>Curso:<\/strong>&nbsp;<a rel=\"noreferrer noopener\" href=\"https:\/\/www.estrategiaconcursos.com.br\/cursosPorConcurso\/preparatorios-para-residencias\/\" target=\"_blank\">HUB DF<\/a><\/li>\n<\/ul>\n\n\n\n<p style=\"font-size:clamp(14.082px, 0.88rem + ((1vw - 3.2px) * 0.678), 21px);px\"><strong><\/strong><strong>SES DF<\/strong><\/p>\n\n\n\n<p>Edital publicado com 289 vagas de n\u00edvel superior. <\/p>\n\n\n\n<ul class=\"wp-block-list\" id=\"block-68e93e3b-f9be-4516-8f1a-946a7b53c15b\">\n<li><strong>Per\u00edodo de inscri\u00e7\u00f5es<\/strong>: 17\/10 a 18\/11\/2020<\/li>\n\n\n\n<li><strong>Data da prova<\/strong>: 06\/12\/2020<\/li>\n\n\n\n<li><strong>Taxa de inscri\u00e7\u00e3o<\/strong>: R$ 246,00<\/li>\n\n\n\n<li><strong>Vagas:<\/strong>&nbsp;289<\/li>\n\n\n\n<li><strong>Cargo:<\/strong>&nbsp;Diversos<\/li>\n\n\n\n<li><strong>Sal\u00e1rio:<\/strong>&nbsp;R$ 3.330,43<\/li>\n\n\n\n<li><strong>Mais informa\u00e7\u00f5es<\/strong>:&nbsp;<a href=\"https:\/\/dhg1h5j42swfq.cloudfront.net\/2020\/11\/19172028\/20201016182219179.pdf\" target=\"_blank\" rel=\"noreferrer noopener\">SES DF<\/a><\/li>\n\n\n\n<li><strong>Curso:<\/strong>&nbsp;<a rel=\"noreferrer noopener\" href=\"https:\/\/www.estrategiaconcursos.com.br\/cursosPorConcurso\/preparatorios-para-residencias\/\" target=\"_blank\">SES DF<\/a><\/li>\n<\/ul>\n\n\n\n<p style=\"font-size:clamp(14.082px, 0.88rem + ((1vw - 3.2px) * 0.678), 21px);px\"><strong><\/strong><strong>UERJ<\/strong><\/p>\n\n\n\n<p>Edital publicado com 61 vagas de n\u00edvel superior. <\/p>\n\n\n\n<ul class=\"wp-block-list\" id=\"block-68e93e3b-f9be-4516-8f1a-946a7b53c15b\">\n<li><strong>Per\u00edodo de inscri\u00e7\u00f5es<\/strong>: 20\/10 a 18\/11\/2020<\/li>\n\n\n\n<li><strong>Data da prova<\/strong>: 03\/01\/2021<\/li>\n\n\n\n<li><strong>Taxa de inscri\u00e7\u00e3o<\/strong>: R$ 160,00<\/li>\n\n\n\n<li><strong>Vagas:<\/strong>&nbsp;61<\/li>\n\n\n\n<li><strong>Cargo:<\/strong>&nbsp;Diversos<\/li>\n\n\n\n<li><strong>Sal\u00e1rio:<\/strong>&nbsp;R$ 3.330,43<\/li>\n\n\n\n<li><strong>Mais informa\u00e7\u00f5es<\/strong>:&nbsp;<a href=\"https:\/\/www.estrategiaconcursos.com.br\/blog\/pss-residencia-uerj\/\" target=\"_blank\" rel=\"noreferrer noopener\">UERJ<\/a><\/li>\n\n\n\n<li><strong>Curso:<\/strong>&nbsp;<a rel=\"noreferrer noopener\" href=\"https:\/\/www.estrategiaconcursos.com.br\/cursosPorConcurso\/preparatorios-para-residencias\/\" target=\"_blank\">UERJ<\/a><\/li>\n<\/ul>\n\n\n\n<div class=\"container\" id=\"boxes\">\n  <div class=\"row\">\n\n    <div class=\"col-sm\">\n      <div class=\"estrategia\" id=\"box-assinatura\">\n        <h3 class=\"titulo-assinatura\">Assinatura Ilimitada<\/h3>\n        <p class=\"subtitulo-assinatura\">Assinatura Anual Ilimitada*<\/p>\n        <div class=\"box-botao\">\n          <a class=\"btn-assinatura\" target=\"_blank\" href=\"https:\/\/www.estrategiaconcursos.com.br\/assinaturas\/\" role=\"button\" rel=\"noopener noreferrer\">ASSINE AGORA<\/a>\n        <\/div>\n      <\/div>\n      <p class=\"texto-auxiliar\">Prepare-se com o melhor material e com quem mais aprova em Concursos P\u00fablicos em todo o pa\u00eds. Assine agora a nossa Assinatura Anual e tenha acesso ilimitado* a todos os nossos cursos.<\/p>\n    <\/div>\n\n    <div class=\"col-sm\">\n      <div class=\"questoes\" id=\"box-assinatura\">\n        <h3 class=\"titulo-assinatura\">Sistema de Quest\u00f5es<\/h3>\n        <p class=\"subtitulo-assinatura\">Assinatura Ilimitada*\n<\/p>\n        <div class=\"box-botao\">\n          <a class=\"btn-assinatura\" target=\"_blank\" href=\"https:\/\/www.estrategiaconcursos.com.br\/cursosPorConcurso\/sistema-de-questoes\/#\/\" role=\"button\" rel=\"noopener noreferrer\">ASSINE AGORA<\/a>\n        <\/div>\n      <\/div>\n      <p class=\"texto-auxiliar\">Estrat\u00e9gia Quest\u00f5es nasceu maior do que todos os concorrentes, com mais quest\u00f5es cadastradas e mais solu\u00e7\u00f5es por professores. Clique no link e aproveite os descontos e b\u00f4nus imperd\u00edveis!<\/p>\n    <\/div>\n  <\/div>\n<\/div>\n","protected":false},"excerpt":{"rendered":"<p>Saiba quais s\u00e3o os concursos para Resid\u00eancia Multiprofissional em Sa\u00fade que est\u00e3o abertos ou previstos para o ano de 2020. S\u00e3o diversas oportunidades pelo pa\u00eds, de n\u00edveis t\u00e9cnico a superior. Aqui, voc\u00ea confere e decide em qual oportunidade investir\u00e1 seu&nbsp;futuro. Tamb\u00e9m conhecer\u00e1 nossos cursos focados na carreira que deseja seguir no servi\u00e7o p\u00fablico. O&nbsp;Estrat\u00e9gia Concursos [&hellip;]<\/p>\n","protected":false},"author":1,"featured_media":572442,"comment_status":"open","ping_status":"closed","sticky":false,"template":"","format":"standard","meta":{"post_tipo":"news","footnotes":""},"categories":[1981],"tags":[],"tax_estado":[219964,219965,219966,219967,219968,219969,219963,219970,219971,219972,219973,219974,219975,219976,219977,219978,219979,219980,219981,219982,219983,219984,219985,219986,219987,219988,219989,219990],"class_list":["post-613585","post","type-post","status-publish","format-standard","has-post-thumbnail","hentry","category-saude","tax_estado-ac","tax_estado-al","tax_estado-am","tax_estado-ap","tax_estado-ba","tax_estado-ce","tax_estado-concursos-federais","tax_estado-df","tax_estado-es","tax_estado-go","tax_estado-ma","tax_estado-mg","tax_estado-ms","tax_estado-mt","tax_estado-pa","tax_estado-pb","tax_estado-pe","tax_estado-pi","tax_estado-pr","tax_estado-rj","tax_estado-rn","tax_estado-ro","tax_estado-rr","tax_estado-rs","tax_estado-sc","tax_estado-se","tax_estado-sp","tax_estado-to"],"acf":[],"yoast_head":"<!-- This site is optimized with the Yoast SEO Premium plugin v27.2 (Yoast SEO v27.2) - https:\/\/yoast.com\/product\/yoast-seo-premium-wordpress\/ -->\n<title>Resid\u00eancia Multiprofissional em Sa\u00fade: editais abertos e previstos<\/title>\n<meta name=\"description\" content=\"Diversos concursos para Resid\u00eancia Multiprofissional em sa\u00fade abertos ou em processo de abertura ofertam centenas de oportunidades. Confira!\" \/>\n<meta name=\"robots\" content=\"index, follow, max-snippet:-1, max-image-preview:large, max-video-preview:-1\" \/>\n<link rel=\"canonical\" href=\"https:\/\/www.estrategiaconcursos.com.br\/blog\/residencia-multiprofissional-em-saude\/\" \/>\n<meta property=\"og:locale\" content=\"pt_BR\" \/>\n<meta property=\"og:type\" content=\"article\" \/>\n<meta property=\"og:title\" content=\"Resid\u00eancia Multiprofissional em Sa\u00fade: editais abertos e previstos\" \/>\n<meta property=\"og:description\" content=\"Diversos concursos para Resid\u00eancia Multiprofissional em sa\u00fade abertos ou em processo de abertura ofertam centenas de oportunidades. Confira!\" \/>\n<meta property=\"og:url\" content=\"https:\/\/www.estrategiaconcursos.com.br\/blog\/residencia-multiprofissional-em-saude\/\" \/>\n<meta property=\"og:site_name\" content=\"Estrat\u00e9gia Concursos\" \/>\n<meta property=\"article:author\" content=\"https:\/\/www.facebook.com\/EstrategiaConcursos\" \/>\n<meta property=\"article:published_time\" content=\"2020-11-18T03:00:00+00:00\" \/>\n<meta property=\"article:modified_time\" content=\"2023-07-06T12:46:37+00:00\" \/>\n<meta property=\"og:image\" content=\"https:\/\/dhg1h5j42swfq.cloudfront.net\/2020\/09\/15154244\/estrategia-concursos.png\" \/>\n\t<meta property=\"og:image:width\" content=\"400\" \/>\n\t<meta property=\"og:image:height\" content=\"208\" \/>\n\t<meta property=\"og:image:type\" content=\"image\/png\" \/>\n<meta name=\"author\" content=\"Coordena\u00e7\u00e3o\" \/>\n<meta name=\"twitter:card\" content=\"summary_large_image\" \/>\n<meta name=\"twitter:creator\" content=\"@EstratConcursos\" \/>\n<meta name=\"twitter:site\" content=\"@EstratConcursos\" \/>\n<meta name=\"twitter:label1\" content=\"Escrito por\" \/>\n\t<meta name=\"twitter:data1\" content=\"Coordena\u00e7\u00e3o\" \/>\n\t<meta name=\"twitter:label2\" content=\"Est. tempo de leitura\" \/>\n\t<meta name=\"twitter:data2\" content=\"4 minutos\" \/>\n<script type=\"application\/ld+json\" class=\"yoast-schema-graph\">{\"@context\":\"https:\/\/schema.org\",\"@graph\":[{\"@type\":\"NewsArticle\",\"@id\":\"https:\/\/www.estrategiaconcursos.com.br\/blog\/residencia-multiprofissional-em-saude\/#article\",\"isPartOf\":{\"@id\":\"https:\/\/www.estrategiaconcursos.com.br\/blog\/residencia-multiprofissional-em-saude\/\"},\"author\":{\"name\":\"Coordena\u00e7\u00e3o\",\"@id\":\"https:\/\/www.estrategiaconcursos.com.br\/blog\/#\/schema\/person\/b4a388c97673c5f483d72185668afa1f\"},\"headline\":\"Resid\u00eancia Multiprofissional em Sa\u00fade: editais abertos e previstos\",\"datePublished\":\"2020-11-18T03:00:00+00:00\",\"dateModified\":\"2023-07-06T12:46:37+00:00\",\"mainEntityOfPage\":{\"@id\":\"https:\/\/www.estrategiaconcursos.com.br\/blog\/residencia-multiprofissional-em-saude\/\"},\"wordCount\":810,\"commentCount\":0,\"publisher\":{\"@id\":\"https:\/\/www.estrategiaconcursos.com.br\/blog\/#organization\"},\"image\":{\"@id\":\"https:\/\/www.estrategiaconcursos.com.br\/blog\/residencia-multiprofissional-em-saude\/#primaryimage\"},\"thumbnailUrl\":\"https:\/\/dhg1h5j42swfq.cloudfront.net\/2020\/09\/15154244\/estrategia-concursos.png\",\"articleSection\":[\"Sa\u00fade\"],\"inLanguage\":\"pt-BR\",\"potentialAction\":[{\"@type\":\"CommentAction\",\"name\":\"Comment\",\"target\":[\"https:\/\/www.estrategiaconcursos.com.br\/blog\/residencia-multiprofissional-em-saude\/#respond\"]}],\"copyrightYear\":\"2020\",\"copyrightHolder\":{\"@id\":\"https:\/\/www.estrategiaconcursos.com.br\/blog\/#organization\"}},{\"@type\":\"WebPage\",\"@id\":\"https:\/\/www.estrategiaconcursos.com.br\/blog\/residencia-multiprofissional-em-saude\/\",\"url\":\"https:\/\/www.estrategiaconcursos.com.br\/blog\/residencia-multiprofissional-em-saude\/\",\"name\":\"Resid\u00eancia Multiprofissional em Sa\u00fade: editais abertos e previstos\",\"isPartOf\":{\"@id\":\"https:\/\/www.estrategiaconcursos.com.br\/blog\/#website\"},\"primaryImageOfPage\":{\"@id\":\"https:\/\/www.estrategiaconcursos.com.br\/blog\/residencia-multiprofissional-em-saude\/#primaryimage\"},\"image\":{\"@id\":\"https:\/\/www.estrategiaconcursos.com.br\/blog\/residencia-multiprofissional-em-saude\/#primaryimage\"},\"thumbnailUrl\":\"https:\/\/dhg1h5j42swfq.cloudfront.net\/2020\/09\/15154244\/estrategia-concursos.png\",\"datePublished\":\"2020-11-18T03:00:00+00:00\",\"dateModified\":\"2023-07-06T12:46:37+00:00\",\"description\":\"Diversos concursos para Resid\u00eancia Multiprofissional em sa\u00fade abertos ou em processo de abertura ofertam centenas de oportunidades. Confira!\",\"breadcrumb\":{\"@id\":\"https:\/\/www.estrategiaconcursos.com.br\/blog\/residencia-multiprofissional-em-saude\/#breadcrumb\"},\"inLanguage\":\"pt-BR\",\"potentialAction\":[{\"@type\":\"ReadAction\",\"target\":[\"https:\/\/www.estrategiaconcursos.com.br\/blog\/residencia-multiprofissional-em-saude\/\"]}]},{\"@type\":\"ImageObject\",\"inLanguage\":\"pt-BR\",\"@id\":\"https:\/\/www.estrategiaconcursos.com.br\/blog\/residencia-multiprofissional-em-saude\/#primaryimage\",\"url\":\"https:\/\/dhg1h5j42swfq.cloudfront.net\/2020\/09\/15154244\/estrategia-concursos.png\",\"contentUrl\":\"https:\/\/dhg1h5j42swfq.cloudfront.net\/2020\/09\/15154244\/estrategia-concursos.png\",\"width\":400,\"height\":208},{\"@type\":\"BreadcrumbList\",\"@id\":\"https:\/\/www.estrategiaconcursos.com.br\/blog\/residencia-multiprofissional-em-saude\/#breadcrumb\",\"itemListElement\":[{\"@type\":\"ListItem\",\"position\":1,\"name\":\"In\u00edcio\",\"item\":\"https:\/\/www.estrategiaconcursos.com.br\/blog\/\"},{\"@type\":\"ListItem\",\"position\":2,\"name\":\"Resid\u00eancia Multiprofissional em Sa\u00fade: editais abertos e previstos\"}]},{\"@type\":\"WebSite\",\"@id\":\"https:\/\/www.estrategiaconcursos.com.br\/blog\/#website\",\"url\":\"https:\/\/www.estrategiaconcursos.com.br\/blog\/\",\"name\":\"Estrat\u00e9gia Concursos\",\"description\":\"O blog da Estrat\u00e9gia Concursos traz not\u00edcias sobre concursos e artigos de professores oferecendo cursos para concursos (pdf + videaulas) no site.\",\"publisher\":{\"@id\":\"https:\/\/www.estrategiaconcursos.com.br\/blog\/#organization\"},\"potentialAction\":[{\"@type\":\"SearchAction\",\"target\":{\"@type\":\"EntryPoint\",\"urlTemplate\":\"https:\/\/www.estrategiaconcursos.com.br\/blog\/?s={search_term_string}\"},\"query-input\":{\"@type\":\"PropertyValueSpecification\",\"valueRequired\":true,\"valueName\":\"search_term_string\"}}],\"inLanguage\":\"pt-BR\"},{\"@type\":\"Organization\",\"@id\":\"https:\/\/www.estrategiaconcursos.com.br\/blog\/#organization\",\"name\":\"Estrat\u00e9gia Concursos\",\"url\":\"https:\/\/www.estrategiaconcursos.com.br\/blog\/\",\"logo\":{\"@type\":\"ImageObject\",\"inLanguage\":\"pt-BR\",\"@id\":\"https:\/\/www.estrategiaconcursos.com.br\/blog\/#\/schema\/logo\/image\/\",\"url\":\"https:\/\/dhg1h5j42swfq.cloudfront.net\/2025\/06\/03203428\/logo_concursos-1.jpg\",\"contentUrl\":\"https:\/\/dhg1h5j42swfq.cloudfront.net\/2025\/06\/03203428\/logo_concursos-1.jpg\",\"width\":230,\"height\":60,\"caption\":\"Estrat\u00e9gia Concursos\"},\"image\":{\"@id\":\"https:\/\/www.estrategiaconcursos.com.br\/blog\/#\/schema\/logo\/image\/\"},\"sameAs\":[\"https:\/\/x.com\/EstratConcursos\"]},{\"@type\":\"Person\",\"@id\":\"https:\/\/www.estrategiaconcursos.com.br\/blog\/#\/schema\/person\/b4a388c97673c5f483d72185668afa1f\",\"name\":\"Coordena\u00e7\u00e3o\",\"image\":{\"@type\":\"ImageObject\",\"inLanguage\":\"pt-BR\",\"@id\":\"https:\/\/secure.gravatar.com\/avatar\/b720319e4c9a967eb58678d110f4fe35452fc5d5f97b202bac7b8acceb18c6ad?s=96&d=mm&r=g\",\"url\":\"https:\/\/secure.gravatar.com\/avatar\/b720319e4c9a967eb58678d110f4fe35452fc5d5f97b202bac7b8acceb18c6ad?s=96&d=mm&r=g\",\"contentUrl\":\"https:\/\/secure.gravatar.com\/avatar\/b720319e4c9a967eb58678d110f4fe35452fc5d5f97b202bac7b8acceb18c6ad?s=96&d=mm&r=g\",\"caption\":\"Coordena\u00e7\u00e3o\"},\"sameAs\":[\"https:\/\/www.facebook.com\/EstrategiaConcursos\",\"https:\/\/x.com\/EstratConcursos\"],\"url\":\"https:\/\/www.estrategiaconcursos.com.br\/blog\/author\/estrategia2013\/\"}]}<\/script>\n<!-- \/ Yoast SEO Premium plugin. -->","yoast_head_json":{"title":"Resid\u00eancia Multiprofissional em Sa\u00fade: editais abertos e previstos","description":"Diversos concursos para Resid\u00eancia Multiprofissional em sa\u00fade abertos ou em processo de abertura ofertam centenas de oportunidades. Confira!","robots":{"index":"index","follow":"follow","max-snippet":"max-snippet:-1","max-image-preview":"max-image-preview:large","max-video-preview":"max-video-preview:-1"},"canonical":"https:\/\/www.estrategiaconcursos.com.br\/blog\/residencia-multiprofissional-em-saude\/","og_locale":"pt_BR","og_type":"article","og_title":"Resid\u00eancia Multiprofissional em Sa\u00fade: editais abertos e previstos","og_description":"Diversos concursos para Resid\u00eancia Multiprofissional em sa\u00fade abertos ou em processo de abertura ofertam centenas de oportunidades. Confira!","og_url":"https:\/\/www.estrategiaconcursos.com.br\/blog\/residencia-multiprofissional-em-saude\/","og_site_name":"Estrat\u00e9gia Concursos","article_author":"https:\/\/www.facebook.com\/EstrategiaConcursos","article_published_time":"2020-11-18T03:00:00+00:00","article_modified_time":"2023-07-06T12:46:37+00:00","og_image":[{"width":400,"height":208,"url":"https:\/\/dhg1h5j42swfq.cloudfront.net\/2020\/09\/15154244\/estrategia-concursos.png","type":"image\/png"}],"author":"Coordena\u00e7\u00e3o","twitter_card":"summary_large_image","twitter_creator":"@EstratConcursos","twitter_site":"@EstratConcursos","twitter_misc":{"Escrito por":"Coordena\u00e7\u00e3o","Est. tempo de leitura":"4 minutos"},"schema":{"@context":"https:\/\/schema.org","@graph":[{"@type":"NewsArticle","@id":"https:\/\/www.estrategiaconcursos.com.br\/blog\/residencia-multiprofissional-em-saude\/#article","isPartOf":{"@id":"https:\/\/www.estrategiaconcursos.com.br\/blog\/residencia-multiprofissional-em-saude\/"},"author":{"name":"Coordena\u00e7\u00e3o","@id":"https:\/\/www.estrategiaconcursos.com.br\/blog\/#\/schema\/person\/b4a388c97673c5f483d72185668afa1f"},"headline":"Resid\u00eancia Multiprofissional em Sa\u00fade: editais abertos e previstos","datePublished":"2020-11-18T03:00:00+00:00","dateModified":"2023-07-06T12:46:37+00:00","mainEntityOfPage":{"@id":"https:\/\/www.estrategiaconcursos.com.br\/blog\/residencia-multiprofissional-em-saude\/"},"wordCount":810,"commentCount":0,"publisher":{"@id":"https:\/\/www.estrategiaconcursos.com.br\/blog\/#organization"},"image":{"@id":"https:\/\/www.estrategiaconcursos.com.br\/blog\/residencia-multiprofissional-em-saude\/#primaryimage"},"thumbnailUrl":"https:\/\/dhg1h5j42swfq.cloudfront.net\/2020\/09\/15154244\/estrategia-concursos.png","articleSection":["Sa\u00fade"],"inLanguage":"pt-BR","potentialAction":[{"@type":"CommentAction","name":"Comment","target":["https:\/\/www.estrategiaconcursos.com.br\/blog\/residencia-multiprofissional-em-saude\/#respond"]}],"copyrightYear":"2020","copyrightHolder":{"@id":"https:\/\/www.estrategiaconcursos.com.br\/blog\/#organization"}},{"@type":"WebPage","@id":"https:\/\/www.estrategiaconcursos.com.br\/blog\/residencia-multiprofissional-em-saude\/","url":"https:\/\/www.estrategiaconcursos.com.br\/blog\/residencia-multiprofissional-em-saude\/","name":"Resid\u00eancia Multiprofissional em Sa\u00fade: editais abertos e previstos","isPartOf":{"@id":"https:\/\/www.estrategiaconcursos.com.br\/blog\/#website"},"primaryImageOfPage":{"@id":"https:\/\/www.estrategiaconcursos.com.br\/blog\/residencia-multiprofissional-em-saude\/#primaryimage"},"image":{"@id":"https:\/\/www.estrategiaconcursos.com.br\/blog\/residencia-multiprofissional-em-saude\/#primaryimage"},"thumbnailUrl":"https:\/\/dhg1h5j42swfq.cloudfront.net\/2020\/09\/15154244\/estrategia-concursos.png","datePublished":"2020-11-18T03:00:00+00:00","dateModified":"2023-07-06T12:46:37+00:00","description":"Diversos concursos para Resid\u00eancia Multiprofissional em sa\u00fade abertos ou em processo de abertura ofertam centenas de oportunidades. Confira!","breadcrumb":{"@id":"https:\/\/www.estrategiaconcursos.com.br\/blog\/residencia-multiprofissional-em-saude\/#breadcrumb"},"inLanguage":"pt-BR","potentialAction":[{"@type":"ReadAction","target":["https:\/\/www.estrategiaconcursos.com.br\/blog\/residencia-multiprofissional-em-saude\/"]}]},{"@type":"ImageObject","inLanguage":"pt-BR","@id":"https:\/\/www.estrategiaconcursos.com.br\/blog\/residencia-multiprofissional-em-saude\/#primaryimage","url":"https:\/\/dhg1h5j42swfq.cloudfront.net\/2020\/09\/15154244\/estrategia-concursos.png","contentUrl":"https:\/\/dhg1h5j42swfq.cloudfront.net\/2020\/09\/15154244\/estrategia-concursos.png","width":400,"height":208},{"@type":"BreadcrumbList","@id":"https:\/\/www.estrategiaconcursos.com.br\/blog\/residencia-multiprofissional-em-saude\/#breadcrumb","itemListElement":[{"@type":"ListItem","position":1,"name":"In\u00edcio","item":"https:\/\/www.estrategiaconcursos.com.br\/blog\/"},{"@type":"ListItem","position":2,"name":"Resid\u00eancia Multiprofissional em Sa\u00fade: editais abertos e previstos"}]},{"@type":"WebSite","@id":"https:\/\/www.estrategiaconcursos.com.br\/blog\/#website","url":"https:\/\/www.estrategiaconcursos.com.br\/blog\/","name":"Estrat\u00e9gia Concursos","description":"O blog da Estrat\u00e9gia Concursos traz not\u00edcias sobre concursos e artigos de professores oferecendo cursos para concursos (pdf + videaulas) no site.","publisher":{"@id":"https:\/\/www.estrategiaconcursos.com.br\/blog\/#organization"},"potentialAction":[{"@type":"SearchAction","target":{"@type":"EntryPoint","urlTemplate":"https:\/\/www.estrategiaconcursos.com.br\/blog\/?s={search_term_string}"},"query-input":{"@type":"PropertyValueSpecification","valueRequired":true,"valueName":"search_term_string"}}],"inLanguage":"pt-BR"},{"@type":"Organization","@id":"https:\/\/www.estrategiaconcursos.com.br\/blog\/#organization","name":"Estrat\u00e9gia Concursos","url":"https:\/\/www.estrategiaconcursos.com.br\/blog\/","logo":{"@type":"ImageObject","inLanguage":"pt-BR","@id":"https:\/\/www.estrategiaconcursos.com.br\/blog\/#\/schema\/logo\/image\/","url":"https:\/\/dhg1h5j42swfq.cloudfront.net\/2025\/06\/03203428\/logo_concursos-1.jpg","contentUrl":"https:\/\/dhg1h5j42swfq.cloudfront.net\/2025\/06\/03203428\/logo_concursos-1.jpg","width":230,"height":60,"caption":"Estrat\u00e9gia Concursos"},"image":{"@id":"https:\/\/www.estrategiaconcursos.com.br\/blog\/#\/schema\/logo\/image\/"},"sameAs":["https:\/\/x.com\/EstratConcursos"]},{"@type":"Person","@id":"https:\/\/www.estrategiaconcursos.com.br\/blog\/#\/schema\/person\/b4a388c97673c5f483d72185668afa1f","name":"Coordena\u00e7\u00e3o","image":{"@type":"ImageObject","inLanguage":"pt-BR","@id":"https:\/\/secure.gravatar.com\/avatar\/b720319e4c9a967eb58678d110f4fe35452fc5d5f97b202bac7b8acceb18c6ad?s=96&d=mm&r=g","url":"https:\/\/secure.gravatar.com\/avatar\/b720319e4c9a967eb58678d110f4fe35452fc5d5f97b202bac7b8acceb18c6ad?s=96&d=mm&r=g","contentUrl":"https:\/\/secure.gravatar.com\/avatar\/b720319e4c9a967eb58678d110f4fe35452fc5d5f97b202bac7b8acceb18c6ad?s=96&d=mm&r=g","caption":"Coordena\u00e7\u00e3o"},"sameAs":["https:\/\/www.facebook.com\/EstrategiaConcursos","https:\/\/x.com\/EstratConcursos"],"url":"https:\/\/www.estrategiaconcursos.com.br\/blog\/author\/estrategia2013\/"}]}},"_links":{"self":[{"href":"https:\/\/www.estrategiaconcursos.com.br\/blog\/wp-json\/wp\/v2\/posts\/613585","targetHints":{"allow":["GET"]}}],"collection":[{"href":"https:\/\/www.estrategiaconcursos.com.br\/blog\/wp-json\/wp\/v2\/posts"}],"about":[{"href":"https:\/\/www.estrategiaconcursos.com.br\/blog\/wp-json\/wp\/v2\/types\/post"}],"author":[{"embeddable":true,"href":"https:\/\/www.estrategiaconcursos.com.br\/blog\/wp-json\/wp\/v2\/users\/1"}],"replies":[{"embeddable":true,"href":"https:\/\/www.estrategiaconcursos.com.br\/blog\/wp-json\/wp\/v2\/comments?post=613585"}],"version-history":[{"count":26,"href":"https:\/\/www.estrategiaconcursos.com.br\/blog\/wp-json\/wp\/v2\/posts\/613585\/revisions"}],"predecessor-version":[{"id":1244142,"href":"https:\/\/www.estrategiaconcursos.com.br\/blog\/wp-json\/wp\/v2\/posts\/613585\/revisions\/1244142"}],"wp:featuredmedia":[{"embeddable":true,"href":"https:\/\/www.estrategiaconcursos.com.br\/blog\/wp-json\/wp\/v2\/media\/572442"}],"wp:attachment":[{"href":"https:\/\/www.estrategiaconcursos.com.br\/blog\/wp-json\/wp\/v2\/media?parent=613585"}],"wp:term":[{"taxonomy":"category","embeddable":true,"href":"https:\/\/www.estrategiaconcursos.com.br\/blog\/wp-json\/wp\/v2\/categories?post=613585"},{"taxonomy":"post_tag","embeddable":true,"href":"https:\/\/www.estrategiaconcursos.com.br\/blog\/wp-json\/wp\/v2\/tags?post=613585"},{"taxonomy":"tax_estado","embeddable":true,"href":"https:\/\/www.estrategiaconcursos.com.br\/blog\/wp-json\/wp\/v2\/tax_estado?post=613585"}],"curies":[{"name":"wp","href":"https:\/\/api.w.org\/{rel}","templated":true}]}}