{"id":613039,"date":"2020-11-19T08:33:43","date_gmt":"2020-11-19T11:33:43","guid":{"rendered":"https:\/\/www.estrategiaconcursos.com.br\/blog\/?p=613039"},"modified":"2023-06-29T09:39:46","modified_gmt":"2023-06-29T12:39:46","slug":"mpt-procurador-inscricao-definitiva","status":"publish","type":"post","link":"https:\/\/www.estrategiaconcursos.com.br\/blog\/mpt-procurador-inscricao-definitiva\/","title":{"rendered":"MPT Procurador: saiu a convoca\u00e7\u00e3o para a inscri\u00e7\u00e3o definitiva"},"content":{"rendered":"\n<p>O Procurador-Geral do Trabalho e Presidente da Comiss\u00e3o do concurso MPT Procurador, Alberto Bastos Balazeiro, decidiu <strong>convocar os aprovados na prova Pr\u00e1tica para efetuarem a inscri\u00e7\u00e3o definitiva<\/strong>. <\/p>\n\n\n\n<p>A <strong>inscri\u00e7\u00e3o definitiva<\/strong> deve ser requerida ao Presidente da Comiss\u00e3o de Concurso no per\u00edodo de <strong>20 a 27 de novembro de 2020<\/strong>, da seguinte forma:<\/p>\n\n\n\n<p>1) Realiza\u00e7\u00e3o de Pr\u00e9-cadastro no protocolo administrativo eletr\u00f4nico do MPT, no per\u00edodo de 19 de novembro de 2020 at\u00e9 as 18 horas do dia 20 de novembro de 2020, com envio de e-mail para&nbsp;concurso@mpt.mp.br, conforme instru\u00e7\u00f5es dispon\u00edveis na p\u00e1gina do concurso (https:\/\/mpt.mp.br\/pgt\/trabalho-mpt\/procurador);<\/p>\n\n\n\n<p><br \/>2) Realiza\u00e7\u00e3o de Inscri\u00e7\u00e3o Definitiva, no per\u00edodo de 20 a 27 de novembro de 2020, com envio de arquivos por peticionamento via protocolo administrativo eletr\u00f4nico, de acordo com as instru\u00e7\u00f5es dispon\u00edveis na p\u00e1gina do concurso (https:\/\/mpt.mp.br\/pgt\/trabalho-mpt\/procurador), devendo juntar os seguintes documentos:<br \/>I \u2013 Fotoc\u00f3pia aut\u00eantica da carteira de identidade;<br \/>II \u2013 Fotoc\u00f3pia aut\u00eantica do diploma de bacharel em Direito, devidamente registrado pelo Minist\u00e9rio da Educa\u00e7\u00e3o;<br \/>III \u2013 Fotoc\u00f3pia aut\u00eantica do t\u00edtulo eleitoral e do comprovante de quita\u00e7\u00e3o com os deveres pol\u00edticos;<br \/>IV \u2013 Fotoc\u00f3pia aut\u00eantica do certificado de reservista ou de dispensa de incorpora\u00e7\u00e3o ou carta-patente;<br \/>V \u2013 Declara\u00e7\u00f5es acerca da idoneidade moral do(a) candidato(a), firmadas por membros do Minist\u00e9rio P\u00fablico, magistrado(a)s, professore(a)s universit\u00e1rio(a)s, dirigentes de \u00f3rg\u00e3os da Administra\u00e7\u00e3o P\u00fablica ou de advogado(a)s, no total de 3 (tr\u00eas);<br \/>VI \u2013 Certid\u00f5es c\u00edveis e criminais dos setores de distribui\u00e7\u00e3o dos lugares em que tenha residido nos \u00faltimos 5 (cinco) anos, das Justi\u00e7as Federal, Estadual, Eleitoral e Militar, emitidas, no m\u00e1ximo, 30 (trinta) dias antes do in\u00edcio do per\u00edodo das inscri\u00e7\u00f5es definitivas;<br \/>VII \u2013 Curriculum vitae do(a) candidato(a), indicando-se: A) todos os locais de seu domic\u00edlio nos \u00faltimos 5 (cinco) anos; B) todos os cargos ou empregos exercidos nesse per\u00edodo, acrescido dos nomes e endere\u00e7os das autoridades ou empregador(a)s com os quais manteve v\u00ednculo, e dos dados atualizados para contato;<br \/>VIII \u2013 Certid\u00e3o da Ordem dos Advogados do Brasil \u2013 OAB, contendo informa\u00e7\u00e3o sobre a situa\u00e7\u00e3o do candidato(a) advogado(a), emitida, no m\u00e1ximo, 30 (trinta) dias antes do in\u00edcio da data das inscri\u00e7\u00f5es definitivas;<br \/>IX \u2013 Certid\u00e3o do \u00f3rg\u00e3o p\u00fablico a que esteja vinculado, se for o caso, registrando que o(a) candidato(a) nunca sofreu puni\u00e7\u00e3o disciplinar, emitida, no m\u00e1ximo, 30 (trinta) dias antes do in\u00edcio do per\u00edodo das inscri\u00e7\u00f5es definitivas;<br \/>X \u2013 Comprova\u00e7\u00e3o do requisito relativo ao exerc\u00edcio de atividade jur\u00eddica, por prazo n\u00e3o inferior a tr\u00eas anos (CF, artigo 129, \u00a7 3\u00ba), observados o inciso II do par\u00e1grafo \u00fanico do artigo 28 e o artigo 58 da Resolu\u00e7\u00e3o n\u00ba 143\/2017, do Conselho Superior do Minist\u00e9rio P\u00fablico do Trabalho, e Resolu\u00e7\u00e3o n\u00ba 40\/2009 do Conselho Nacional do Minist\u00e9rio P\u00fablico;<br \/>XI \u2013 T\u00edtulos que comprovem a capacita\u00e7\u00e3o do(a) candidato(a), para avalia\u00e7\u00e3o pela Comiss\u00e3o do Concurso, nos termos do artigo 64 da Resolu\u00e7\u00e3o n\u00ba 143\/2017, do Conselho Superior do Minist\u00e9rio P\u00fablico do Trabalho, observando-se as instru\u00e7\u00f5es complementares dispon\u00edveis na p\u00e1gina do concurso quanto ao envio de livros.<\/p>\n\n\n\n<p><br \/>3) Remessa via SEDEX dos exames de sa\u00fade, cuja rela\u00e7\u00e3o encontra-se dispon\u00edvel na p\u00e1gina do concurso (https:\/\/mpt.mp.br\/pgt\/trabalho-mpt\/procurador) \u00e0 Secretaria do Concurso em Bras\u00edlia, no seguinte endere\u00e7o: SAUN Quadra 5, Lote C, Torre A, Sala 1507 \u2013 Bras\u00edlia\/DF \u2013 CEP: 70040-250. Ser\u00e3o recusados os documentos remetidos, tanto no peticionamento eletr\u00f4nico como por SEDEX, ap\u00f3s o encerramento do prazo estipulado para a Inscri\u00e7\u00e3o Definitiva.<br \/>IV \u2013 Divulgar, na forma do Anexo I, o novo cronograma b\u00e1sico com as datas previstas para a realiza\u00e7\u00e3o das diversas etapas do processo seletivo, admitidas eventuais modifica\u00e7\u00f5es (antecipa\u00e7\u00e3o ou adiamento), se necess\u00e1rio, que ser\u00e3o divulgadas no Di\u00e1rio Oficial da Uni\u00e3o, bem como na p\u00e1gina do concurso na internet, com adequada anteced\u00eancia.<\/p>\n\n\n\n<p><strong><em>Al\u00e9m disso, o \u00f3rg\u00e3o disponibilizou um novo cronograma para a realiza\u00e7\u00e3o das atividades. Confira: <\/em><\/strong><\/p>\n\n\n\n<figure class=\"wp-block-table is-style-stripes\"><table class=\"has-background\" style=\"background-color:#e7f5fe\"><tbody><tr><td>ETAPA \u2013 ATIVIDADE<\/td><td>DATA<\/td><\/tr><tr><td>INSCRI\u00c7\u00c3O DEFINITIVA<br \/>Per\u00edodo para inscri\u00e7\u00e3o definitiva e apresenta\u00e7\u00e3o de documentos<\/td><td>20 a 27\/11\/2020<\/td><\/tr><tr><td>Publica\u00e7\u00e3o do edital contendo as inscri\u00e7\u00f5es definitivas deferidas e convoca\u00e7\u00e3o para a prova oral<\/td><td>3\/12\/2020<\/td><\/tr><tr><td>Publica\u00e7\u00e3o do edital contendo a aprecia\u00e7\u00e3o dos recursos interpostos contra o indeferimento de inscri\u00e7\u00e3o definitiva e convoca\u00e7\u00e3o suplementar para a prova<br \/>oral, se for o caso<\/td><td>11\/12\/2020<\/td><\/tr><tr><td>PROVA ORAL<br \/>Per\u00edodo de realiza\u00e7\u00e3o<\/td><td>14 a 18\/12\/2020<\/td><\/tr><tr><td>Publica\u00e7\u00e3o do edital contendo os resultados da prova oral, aferi\u00e7\u00e3o de t\u00edtulos, nota final de aprova\u00e7\u00e3o e classifica\u00e7\u00e3o final<\/td><td>21\/12\/2020<\/td><\/tr><tr><td>Publica\u00e7\u00e3o do edital com a aprecia\u00e7\u00e3o dos recursos interpostos<\/td><td>29\/12\/2020<\/td><\/tr><tr><td>RESULTADO FINAL<\/td><td>29\/12\/2020<\/td><\/tr><\/tbody><\/table><\/figure>\n\n\n\n<p>O concurso oferta aos candidatos 4 vagas imediatas mais cadastro de reserva para o cargo de Procurador do Trabalho. A remunera\u00e7\u00e3o do cargo passa dos R$ 30 mil.<\/p>\n\n\n\n<p class=\"has-text-align-center has-light-green-cyan-background-color has-background has-medium-font-size\"><strong>Saiba mais: <a rel=\"noreferrer noopener\" href=\"https:\/\/www.estrategiaconcursos.com.br\/blog\/concurso-mpt\/\" target=\"_blank\">Concurso MPT <\/a><\/strong><\/p>\n\n\n\n<p class=\"has-text-align-center has-pale-cyan-blue-background-color has-background has-medium-font-size\"><a rel=\"noreferrer noopener\" href=\"https:\/\/www.youtube.com\/channel\/UClbMGuYbj2Mh1m3w144ETWQ\" target=\"_blank\"><strong>YOUTUBE: Estrat\u00e9gia Carreiras Jur\u00eddicas<\/strong><\/a><\/p>\n\n\n\n<h2 class=\"wp-block-heading has-text-align-center\" id=\"h-cursos-e-assinaturas-para-o-mpt\">Cursos e Assinaturas para o MPT<\/h2>\n\n\n\n<div class=\"container\" id=\"boxes\">\n  <div class=\"row\">\n\n    <div class=\"col-sm\">\n      <div class=\"banner-ecj\" id=\"box-assinatura\">\n        <h3 class=\"titulo-assinatura\">Curso para o concurso MPT <\/h3>\n        <p class=\"subtitulo-assinatura\">Cursos focados no edital do concurso<\/p>\n        <div class=\"box-botao\">\n          <a class=\"btn-assinatura\" target=\"_blank\" href=\"https:\/\/www.estrategiaconcursos.com.br\/cursosPorConcurso\/ministerio-publico-do-trabalho-procurador\/\" role=\"button\" rel=\"noopener noreferrer\">Conhe\u00e7a mais<\/a>\n        <\/div>\n      <\/div>\n      <p class=\"texto-auxiliar\">Prepare-se com o melhor material e com quem mais aprova em concursos\n<\/p>\n    <\/div>\n\n  <\/div>\n<\/div>\n\n\n\n<div class=\"container\" id=\"boxes\">\n  <div class=\"row\">\n\n    <div class=\"col-sm\">\n      <div class=\"banner-ecj\" id=\"box-assinatura\">\n        <h3 class=\"titulo-assinatura\">Assinatura Jur\u00eddica <\/h3>\n        <p class=\"subtitulo-assinatura\">Conhe\u00e7a os planos<\/p>\n        <div class=\"box-botao\">\n          <a class=\"btn-assinatura\" target=\"_blank\" href=\"https:\/\/www.estrategiaconcursos.com.br\/assinaturas-ecj\/\" role=\"button\" rel=\"noopener noreferrer\">Conhe\u00e7a mais<\/a>\n        <\/div>\n      <\/div>\n      <p class=\"texto-auxiliar\">Prepare-se com o melhor material e com quem mais aprova em Concursos P\u00fablicos em todo o pa\u00eds. \n<\/p>\n    <\/div>\n\n  <\/div>\n<\/div>\n","protected":false},"excerpt":{"rendered":"<p>O Procurador-Geral do Trabalho e Presidente da Comiss\u00e3o do concurso MPT Procurador, Alberto Bastos Balazeiro, decidiu convocar os aprovados na prova Pr\u00e1tica para efetuarem a inscri\u00e7\u00e3o definitiva. A inscri\u00e7\u00e3o definitiva deve ser requerida ao Presidente da Comiss\u00e3o de Concurso no per\u00edodo de 20 a 27 de novembro de 2020, da seguinte forma: 1) Realiza\u00e7\u00e3o de [&hellip;]<\/p>\n","protected":false},"author":180,"featured_media":0,"comment_status":"open","ping_status":"closed","sticky":false,"template":"","format":"standard","meta":{"post_tipo":"article","footnotes":""},"categories":[1,2185],"tags":[],"tax_estado":[],"class_list":["post-613039","post","type-post","status-publish","format-standard","hentry","category-cursos-e-concursos","category-carreiras-juridicas"],"acf":[],"yoast_head":"<!-- This site is optimized with the Yoast SEO Premium plugin v27.2 (Yoast SEO v27.2) - https:\/\/yoast.com\/product\/yoast-seo-premium-wordpress\/ -->\n<title>MPT Procurador: saiu a convoca\u00e7\u00e3o para a inscri\u00e7\u00e3o definitiva<\/title>\n<meta name=\"description\" content=\"Os candidatos aprovados na prova pr\u00e1tica do concurso MPT Procurador foram convocados para realizarem a inscri\u00e7\u00e3o definitiva. Saiba mais!\" \/>\n<meta name=\"robots\" content=\"index, follow, max-snippet:-1, max-image-preview:large, max-video-preview:-1\" \/>\n<link rel=\"canonical\" href=\"https:\/\/www.estrategiaconcursos.com.br\/blog\/mpt-procurador-inscricao-definitiva\/\" \/>\n<meta property=\"og:locale\" content=\"pt_BR\" \/>\n<meta property=\"og:type\" content=\"article\" \/>\n<meta property=\"og:title\" content=\"MPT Procurador: saiu a convoca\u00e7\u00e3o para a inscri\u00e7\u00e3o definitiva\" \/>\n<meta property=\"og:description\" content=\"Os candidatos aprovados na prova pr\u00e1tica do concurso MPT Procurador foram convocados para realizarem a inscri\u00e7\u00e3o definitiva. Saiba mais!\" \/>\n<meta property=\"og:url\" content=\"https:\/\/www.estrategiaconcursos.com.br\/blog\/mpt-procurador-inscricao-definitiva\/\" \/>\n<meta property=\"og:site_name\" content=\"Estrat\u00e9gia Concursos\" \/>\n<meta property=\"article:author\" content=\"https:\/\/www.facebook.com\/ricardo.s.torques\" \/>\n<meta property=\"article:published_time\" content=\"2020-11-19T11:33:43+00:00\" \/>\n<meta property=\"article:modified_time\" content=\"2023-06-29T12:39:46+00:00\" \/>\n<meta name=\"author\" content=\"Ricardo Torques\" \/>\n<meta name=\"twitter:card\" content=\"summary_large_image\" \/>\n<meta name=\"twitter:creator\" content=\"@EstratConcursos\" \/>\n<meta name=\"twitter:site\" content=\"@EstratConcursos\" \/>\n<meta name=\"twitter:label1\" content=\"Escrito por\" \/>\n\t<meta name=\"twitter:data1\" content=\"Ricardo Torques\" \/>\n\t<meta name=\"twitter:label2\" content=\"Est. tempo de leitura\" \/>\n\t<meta name=\"twitter:data2\" content=\"5 minutos\" \/>\n<script type=\"application\/ld+json\" class=\"yoast-schema-graph\">{\"@context\":\"https:\/\/schema.org\",\"@graph\":[{\"@type\":\"NewsArticle\",\"@id\":\"https:\/\/www.estrategiaconcursos.com.br\/blog\/mpt-procurador-inscricao-definitiva\/#article\",\"isPartOf\":{\"@id\":\"https:\/\/www.estrategiaconcursos.com.br\/blog\/mpt-procurador-inscricao-definitiva\/\"},\"author\":{\"name\":\"Ricardo Torques\",\"@id\":\"https:\/\/www.estrategiaconcursos.com.br\/blog\/#\/schema\/person\/aa39cf5ddb518e5bdce27c35788405e2\"},\"headline\":\"MPT Procurador: saiu a convoca\u00e7\u00e3o para a inscri\u00e7\u00e3o definitiva\",\"datePublished\":\"2020-11-19T11:33:43+00:00\",\"dateModified\":\"2023-06-29T12:39:46+00:00\",\"mainEntityOfPage\":{\"@id\":\"https:\/\/www.estrategiaconcursos.com.br\/blog\/mpt-procurador-inscricao-definitiva\/\"},\"wordCount\":941,\"commentCount\":0,\"publisher\":{\"@id\":\"https:\/\/www.estrategiaconcursos.com.br\/blog\/#organization\"},\"articleSection\":[\"Concursos P\u00fablicos\",\"Jur\u00eddico\"],\"inLanguage\":\"pt-BR\",\"potentialAction\":[{\"@type\":\"CommentAction\",\"name\":\"Comment\",\"target\":[\"https:\/\/www.estrategiaconcursos.com.br\/blog\/mpt-procurador-inscricao-definitiva\/#respond\"]}],\"copyrightYear\":\"2020\",\"copyrightHolder\":{\"@id\":\"https:\/\/www.estrategiaconcursos.com.br\/blog\/#organization\"}},{\"@type\":\"WebPage\",\"@id\":\"https:\/\/www.estrategiaconcursos.com.br\/blog\/mpt-procurador-inscricao-definitiva\/\",\"url\":\"https:\/\/www.estrategiaconcursos.com.br\/blog\/mpt-procurador-inscricao-definitiva\/\",\"name\":\"MPT Procurador: saiu a convoca\u00e7\u00e3o para a inscri\u00e7\u00e3o definitiva\",\"isPartOf\":{\"@id\":\"https:\/\/www.estrategiaconcursos.com.br\/blog\/#website\"},\"datePublished\":\"2020-11-19T11:33:43+00:00\",\"dateModified\":\"2023-06-29T12:39:46+00:00\",\"description\":\"Os candidatos aprovados na prova pr\u00e1tica do concurso MPT Procurador foram convocados para realizarem a inscri\u00e7\u00e3o definitiva. Saiba mais!\",\"breadcrumb\":{\"@id\":\"https:\/\/www.estrategiaconcursos.com.br\/blog\/mpt-procurador-inscricao-definitiva\/#breadcrumb\"},\"inLanguage\":\"pt-BR\",\"potentialAction\":[{\"@type\":\"ReadAction\",\"target\":[\"https:\/\/www.estrategiaconcursos.com.br\/blog\/mpt-procurador-inscricao-definitiva\/\"]}]},{\"@type\":\"BreadcrumbList\",\"@id\":\"https:\/\/www.estrategiaconcursos.com.br\/blog\/mpt-procurador-inscricao-definitiva\/#breadcrumb\",\"itemListElement\":[{\"@type\":\"ListItem\",\"position\":1,\"name\":\"In\u00edcio\",\"item\":\"https:\/\/www.estrategiaconcursos.com.br\/blog\/\"},{\"@type\":\"ListItem\",\"position\":2,\"name\":\"MPT Procurador: saiu a convoca\u00e7\u00e3o para a inscri\u00e7\u00e3o definitiva\"}]},{\"@type\":\"WebSite\",\"@id\":\"https:\/\/www.estrategiaconcursos.com.br\/blog\/#website\",\"url\":\"https:\/\/www.estrategiaconcursos.com.br\/blog\/\",\"name\":\"Estrat\u00e9gia Concursos\",\"description\":\"O blog da Estrat\u00e9gia Concursos traz not\u00edcias sobre concursos e artigos de professores oferecendo cursos para concursos (pdf + videaulas) no site.\",\"publisher\":{\"@id\":\"https:\/\/www.estrategiaconcursos.com.br\/blog\/#organization\"},\"potentialAction\":[{\"@type\":\"SearchAction\",\"target\":{\"@type\":\"EntryPoint\",\"urlTemplate\":\"https:\/\/www.estrategiaconcursos.com.br\/blog\/?s={search_term_string}\"},\"query-input\":{\"@type\":\"PropertyValueSpecification\",\"valueRequired\":true,\"valueName\":\"search_term_string\"}}],\"inLanguage\":\"pt-BR\"},{\"@type\":\"Organization\",\"@id\":\"https:\/\/www.estrategiaconcursos.com.br\/blog\/#organization\",\"name\":\"Estrat\u00e9gia Concursos\",\"url\":\"https:\/\/www.estrategiaconcursos.com.br\/blog\/\",\"logo\":{\"@type\":\"ImageObject\",\"inLanguage\":\"pt-BR\",\"@id\":\"https:\/\/www.estrategiaconcursos.com.br\/blog\/#\/schema\/logo\/image\/\",\"url\":\"https:\/\/dhg1h5j42swfq.cloudfront.net\/2025\/06\/03203428\/logo_concursos-1.jpg\",\"contentUrl\":\"https:\/\/dhg1h5j42swfq.cloudfront.net\/2025\/06\/03203428\/logo_concursos-1.jpg\",\"width\":230,\"height\":60,\"caption\":\"Estrat\u00e9gia Concursos\"},\"image\":{\"@id\":\"https:\/\/www.estrategiaconcursos.com.br\/blog\/#\/schema\/logo\/image\/\"},\"sameAs\":[\"https:\/\/x.com\/EstratConcursos\"]},{\"@type\":\"Person\",\"@id\":\"https:\/\/www.estrategiaconcursos.com.br\/blog\/#\/schema\/person\/aa39cf5ddb518e5bdce27c35788405e2\",\"name\":\"Ricardo Torques\",\"image\":{\"@type\":\"ImageObject\",\"inLanguage\":\"pt-BR\",\"@id\":\"https:\/\/secure.gravatar.com\/avatar\/ce9ac6c3cff25fe86d15ed568ebc64d1724baf5c0693133bcb1f6073f712f92a?s=96&d=mm&r=g\",\"url\":\"https:\/\/secure.gravatar.com\/avatar\/ce9ac6c3cff25fe86d15ed568ebc64d1724baf5c0693133bcb1f6073f712f92a?s=96&d=mm&r=g\",\"contentUrl\":\"https:\/\/secure.gravatar.com\/avatar\/ce9ac6c3cff25fe86d15ed568ebc64d1724baf5c0693133bcb1f6073f712f92a?s=96&d=mm&r=g\",\"caption\":\"Ricardo Torques\"},\"sameAs\":[\"https:\/\/www.facebook.com\/ricardo.s.torques\"],\"url\":\"https:\/\/www.estrategiaconcursos.com.br\/blog\/author\/ricardotorquesestrategiaconcursos-com-br\/\"}]}<\/script>\n<!-- \/ Yoast SEO Premium plugin. -->","yoast_head_json":{"title":"MPT Procurador: saiu a convoca\u00e7\u00e3o para a inscri\u00e7\u00e3o definitiva","description":"Os candidatos aprovados na prova pr\u00e1tica do concurso MPT Procurador foram convocados para realizarem a inscri\u00e7\u00e3o definitiva. Saiba mais!","robots":{"index":"index","follow":"follow","max-snippet":"max-snippet:-1","max-image-preview":"max-image-preview:large","max-video-preview":"max-video-preview:-1"},"canonical":"https:\/\/www.estrategiaconcursos.com.br\/blog\/mpt-procurador-inscricao-definitiva\/","og_locale":"pt_BR","og_type":"article","og_title":"MPT Procurador: saiu a convoca\u00e7\u00e3o para a inscri\u00e7\u00e3o definitiva","og_description":"Os candidatos aprovados na prova pr\u00e1tica do concurso MPT Procurador foram convocados para realizarem a inscri\u00e7\u00e3o definitiva. Saiba mais!","og_url":"https:\/\/www.estrategiaconcursos.com.br\/blog\/mpt-procurador-inscricao-definitiva\/","og_site_name":"Estrat\u00e9gia Concursos","article_author":"https:\/\/www.facebook.com\/ricardo.s.torques","article_published_time":"2020-11-19T11:33:43+00:00","article_modified_time":"2023-06-29T12:39:46+00:00","author":"Ricardo Torques","twitter_card":"summary_large_image","twitter_creator":"@EstratConcursos","twitter_site":"@EstratConcursos","twitter_misc":{"Escrito por":"Ricardo Torques","Est. tempo de leitura":"5 minutos"},"schema":{"@context":"https:\/\/schema.org","@graph":[{"@type":"NewsArticle","@id":"https:\/\/www.estrategiaconcursos.com.br\/blog\/mpt-procurador-inscricao-definitiva\/#article","isPartOf":{"@id":"https:\/\/www.estrategiaconcursos.com.br\/blog\/mpt-procurador-inscricao-definitiva\/"},"author":{"name":"Ricardo Torques","@id":"https:\/\/www.estrategiaconcursos.com.br\/blog\/#\/schema\/person\/aa39cf5ddb518e5bdce27c35788405e2"},"headline":"MPT Procurador: saiu a convoca\u00e7\u00e3o para a inscri\u00e7\u00e3o definitiva","datePublished":"2020-11-19T11:33:43+00:00","dateModified":"2023-06-29T12:39:46+00:00","mainEntityOfPage":{"@id":"https:\/\/www.estrategiaconcursos.com.br\/blog\/mpt-procurador-inscricao-definitiva\/"},"wordCount":941,"commentCount":0,"publisher":{"@id":"https:\/\/www.estrategiaconcursos.com.br\/blog\/#organization"},"articleSection":["Concursos P\u00fablicos","Jur\u00eddico"],"inLanguage":"pt-BR","potentialAction":[{"@type":"CommentAction","name":"Comment","target":["https:\/\/www.estrategiaconcursos.com.br\/blog\/mpt-procurador-inscricao-definitiva\/#respond"]}],"copyrightYear":"2020","copyrightHolder":{"@id":"https:\/\/www.estrategiaconcursos.com.br\/blog\/#organization"}},{"@type":"WebPage","@id":"https:\/\/www.estrategiaconcursos.com.br\/blog\/mpt-procurador-inscricao-definitiva\/","url":"https:\/\/www.estrategiaconcursos.com.br\/blog\/mpt-procurador-inscricao-definitiva\/","name":"MPT Procurador: saiu a convoca\u00e7\u00e3o para a inscri\u00e7\u00e3o definitiva","isPartOf":{"@id":"https:\/\/www.estrategiaconcursos.com.br\/blog\/#website"},"datePublished":"2020-11-19T11:33:43+00:00","dateModified":"2023-06-29T12:39:46+00:00","description":"Os candidatos aprovados na prova pr\u00e1tica do concurso MPT Procurador foram convocados para realizarem a inscri\u00e7\u00e3o definitiva. Saiba mais!","breadcrumb":{"@id":"https:\/\/www.estrategiaconcursos.com.br\/blog\/mpt-procurador-inscricao-definitiva\/#breadcrumb"},"inLanguage":"pt-BR","potentialAction":[{"@type":"ReadAction","target":["https:\/\/www.estrategiaconcursos.com.br\/blog\/mpt-procurador-inscricao-definitiva\/"]}]},{"@type":"BreadcrumbList","@id":"https:\/\/www.estrategiaconcursos.com.br\/blog\/mpt-procurador-inscricao-definitiva\/#breadcrumb","itemListElement":[{"@type":"ListItem","position":1,"name":"In\u00edcio","item":"https:\/\/www.estrategiaconcursos.com.br\/blog\/"},{"@type":"ListItem","position":2,"name":"MPT Procurador: saiu a convoca\u00e7\u00e3o para a inscri\u00e7\u00e3o definitiva"}]},{"@type":"WebSite","@id":"https:\/\/www.estrategiaconcursos.com.br\/blog\/#website","url":"https:\/\/www.estrategiaconcursos.com.br\/blog\/","name":"Estrat\u00e9gia Concursos","description":"O blog da Estrat\u00e9gia Concursos traz not\u00edcias sobre concursos e artigos de professores oferecendo cursos para concursos (pdf + videaulas) no site.","publisher":{"@id":"https:\/\/www.estrategiaconcursos.com.br\/blog\/#organization"},"potentialAction":[{"@type":"SearchAction","target":{"@type":"EntryPoint","urlTemplate":"https:\/\/www.estrategiaconcursos.com.br\/blog\/?s={search_term_string}"},"query-input":{"@type":"PropertyValueSpecification","valueRequired":true,"valueName":"search_term_string"}}],"inLanguage":"pt-BR"},{"@type":"Organization","@id":"https:\/\/www.estrategiaconcursos.com.br\/blog\/#organization","name":"Estrat\u00e9gia Concursos","url":"https:\/\/www.estrategiaconcursos.com.br\/blog\/","logo":{"@type":"ImageObject","inLanguage":"pt-BR","@id":"https:\/\/www.estrategiaconcursos.com.br\/blog\/#\/schema\/logo\/image\/","url":"https:\/\/dhg1h5j42swfq.cloudfront.net\/2025\/06\/03203428\/logo_concursos-1.jpg","contentUrl":"https:\/\/dhg1h5j42swfq.cloudfront.net\/2025\/06\/03203428\/logo_concursos-1.jpg","width":230,"height":60,"caption":"Estrat\u00e9gia Concursos"},"image":{"@id":"https:\/\/www.estrategiaconcursos.com.br\/blog\/#\/schema\/logo\/image\/"},"sameAs":["https:\/\/x.com\/EstratConcursos"]},{"@type":"Person","@id":"https:\/\/www.estrategiaconcursos.com.br\/blog\/#\/schema\/person\/aa39cf5ddb518e5bdce27c35788405e2","name":"Ricardo Torques","image":{"@type":"ImageObject","inLanguage":"pt-BR","@id":"https:\/\/secure.gravatar.com\/avatar\/ce9ac6c3cff25fe86d15ed568ebc64d1724baf5c0693133bcb1f6073f712f92a?s=96&d=mm&r=g","url":"https:\/\/secure.gravatar.com\/avatar\/ce9ac6c3cff25fe86d15ed568ebc64d1724baf5c0693133bcb1f6073f712f92a?s=96&d=mm&r=g","contentUrl":"https:\/\/secure.gravatar.com\/avatar\/ce9ac6c3cff25fe86d15ed568ebc64d1724baf5c0693133bcb1f6073f712f92a?s=96&d=mm&r=g","caption":"Ricardo Torques"},"sameAs":["https:\/\/www.facebook.com\/ricardo.s.torques"],"url":"https:\/\/www.estrategiaconcursos.com.br\/blog\/author\/ricardotorquesestrategiaconcursos-com-br\/"}]}},"_links":{"self":[{"href":"https:\/\/www.estrategiaconcursos.com.br\/blog\/wp-json\/wp\/v2\/posts\/613039","targetHints":{"allow":["GET"]}}],"collection":[{"href":"https:\/\/www.estrategiaconcursos.com.br\/blog\/wp-json\/wp\/v2\/posts"}],"about":[{"href":"https:\/\/www.estrategiaconcursos.com.br\/blog\/wp-json\/wp\/v2\/types\/post"}],"author":[{"embeddable":true,"href":"https:\/\/www.estrategiaconcursos.com.br\/blog\/wp-json\/wp\/v2\/users\/180"}],"replies":[{"embeddable":true,"href":"https:\/\/www.estrategiaconcursos.com.br\/blog\/wp-json\/wp\/v2\/comments?post=613039"}],"version-history":[{"count":7,"href":"https:\/\/www.estrategiaconcursos.com.br\/blog\/wp-json\/wp\/v2\/posts\/613039\/revisions"}],"predecessor-version":[{"id":1240812,"href":"https:\/\/www.estrategiaconcursos.com.br\/blog\/wp-json\/wp\/v2\/posts\/613039\/revisions\/1240812"}],"wp:attachment":[{"href":"https:\/\/www.estrategiaconcursos.com.br\/blog\/wp-json\/wp\/v2\/media?parent=613039"}],"wp:term":[{"taxonomy":"category","embeddable":true,"href":"https:\/\/www.estrategiaconcursos.com.br\/blog\/wp-json\/wp\/v2\/categories?post=613039"},{"taxonomy":"post_tag","embeddable":true,"href":"https:\/\/www.estrategiaconcursos.com.br\/blog\/wp-json\/wp\/v2\/tags?post=613039"},{"taxonomy":"tax_estado","embeddable":true,"href":"https:\/\/www.estrategiaconcursos.com.br\/blog\/wp-json\/wp\/v2\/tax_estado?post=613039"}],"curies":[{"name":"wp","href":"https:\/\/api.w.org\/{rel}","templated":true}]}}