{"id":612912,"date":"2020-11-23T17:54:06","date_gmt":"2020-11-23T20:54:06","guid":{"rendered":"https:\/\/www.estrategiaconcursos.com.br\/blog\/?p=612912"},"modified":"2020-11-19T11:46:22","modified_gmt":"2020-11-19T14:46:22","slug":"black-friday-pos-graduacao-estrategica","status":"publish","type":"post","link":"https:\/\/www.estrategiaconcursos.com.br\/blog\/black-friday-pos-graduacao-estrategica\/","title":{"rendered":"Black Friday P\u00f3s-Gradua\u00e7\u00e3o Estrat\u00e9gica: n\u00e3o perca nesta segunda!"},"content":{"rendered":"\n<p>Nesta segunda-feira, 23 de dezembro de 2020, \u00e0s 19:00, os professores <strong>Carlos Guerra e Nick Simonek<\/strong> apresentar\u00e3o evento &#8220;<em>Black Friday P\u00f3s-Gradua\u00e7\u00e3o Estrat\u00e9gica<\/em>&#8220;. Acompanhe ao vivo e gratuitamente pelo canal do Estrat\u00e9gia Concursos no Youtube. <\/p>\n\n\n\n<h3 class=\"wp-block-heading\">Black Friday P\u00f3s-Gradua\u00e7\u00e3o Estrat\u00e9gica &#8211; Cronograma<\/h3>\n\n\n\n<ul class=\"wp-block-list\"><li><strong>Data:<\/strong> 23 de dezembro de 2020<\/li><li><strong>Hor\u00e1rio:<\/strong> 19:00<\/li><li><strong>Onde: <\/strong><a rel=\"noreferrer noopener\" href=\"https:\/\/www.youtube.com\/channel\/UChvwkhC3eHxJsVxW_ItDjdA\" target=\"_blank\">Canal do Estrat\u00e9gia Concursos no Youtube<\/a><\/li><li><strong>Professor:<\/strong> Carlos Guerra e Nick Simonek<\/li><\/ul>\n\n\n<figure class=\"wp-block-embed-youtube wp-block-embed is-type-video is-provider-youtube wp-embed-aspect-16-9 wp-has-aspect-ratio\"><div class=\"lyte-wrapper\" style=\"width:853px;max-width:100%;margin:5px;\"><div class=\"lyMe\" id=\"WYL_8sM74OBWHTE\"><div id=\"lyte_8sM74OBWHTE\" data-src=\"\/\/i.ytimg.com\/vi\/8sM74OBWHTE\/hqdefault.jpg\" class=\"pL\"><div class=\"tC\"><div class=\"tT\"><\/div><\/div><div class=\"play\"><\/div><div class=\"ctrl\"><div class=\"Lctrl\"><\/div><div class=\"Rctrl\"><\/div><\/div><\/div><noscript><a href=\"https:\/\/youtu.be\/8sM74OBWHTE\" rel=\"nofollow\"><img loading=\"lazy\" decoding=\"async\" src=\"https:\/\/i.ytimg.com\/vi\/8sM74OBWHTE\/0.jpg\" alt=\"YouTube video thumbnail\" width=\"853\" height=\"460\" \/><br \/>Assista a este v\u00eddeo no YouTube<\/a><\/noscript><\/div><\/div><div class=\"lL\" style=\"max-width:100%;width:853px;margin:5px;\"><\/div><figcaption><\/figcaption><\/figure>\n\n\n<h3 class=\"wp-block-heading\">Black Friday P\u00f3s-Gradua\u00e7\u00e3o Estrat\u00e9gica &#8211; Curiosidades<\/h3>\n\n\n\n<p>Os cursos de p\u00f3s-gradua\u00e7\u00e3o Estrat\u00e9gica possuem dura\u00e7\u00e3o de 360 horas em 9 meses, podendo ser usados como t\u00edtulos em certames p\u00fablicos, al\u00e9m de abordarem temas preparat\u00f3rios para as Carreiras P\u00fablicas. Al\u00e9m disso, contam com os seguintes diferenciais: <br \/><br \/>&#8211; Disponibiliza\u00e7\u00e3o, na plataforma de estudos, uma disciplina por m\u00eas para estudo;<br \/>&#8211; O aluno ter\u00e1 aulas em v\u00eddeos, livros digitais e f\u00f3rum de d\u00favidas \u00e0 sua disposi\u00e7\u00e3o, em cada disciplina;<br \/>&#8211; Cada disciplina possui atividades avaliativas que obedecem a prazos de respostas (prova online de quest\u00f5es objetivas de m\u00faltipla escolha ou julgamento de itens certo\/erro, envio de texto dissertativo e resposta a atividades no f\u00f3rum de d\u00favidas);<br \/>&#8211; N\u00e3o h\u00e1 exig\u00eancia de TCC &#8211; Trabalho de Conclus\u00e3o de Curso, pois n\u00e3o \u00e9 mais obrigat\u00f3rio para os cursos de P\u00f3s-gradua\u00e7\u00e3o&nbsp;<em>Lato Sensu; e<\/em><br \/>&#8211; O curso \u00e9 totalmente ministrado \u00e0 dist\u00e2ncia e a plataforma de estudos pode, ainda, ser acessada facilmente atrav\u00e9s de&nbsp;<em>tablets<\/em>&nbsp;e celulares.<\/p>\n\n\n\n<h2 class=\"has-text-align-center wp-block-heading\">Cursos de P\u00f3s Gradua\u00e7\u00e3o Estrat\u00e9gica<\/h2>\n\n\n\n<div class=\"container\" id=\"boxes\">\n  <div class=\"row\">\n\n    <div class=\"col-sm\">\n      <div class=\"banner-ecj\" id=\"box-assinatura\">\n        <h3 class=\"titulo-assinatura\">Cursos P\u00f3s Gradua\u00e7\u00e3o <\/h3>\n        <p class=\"subtitulo-assinatura\">Cursos focados no edital do concurso<\/p>\n        <div class=\"box-botao\">\n          <a class=\"btn-assinatura\" target=\"_blank\" href=\"https:\/\/www.estrategiaconcursos.com.br\/cursosPorConcurso\/pos-graduacao\/\" role=\"button\" rel=\"noopener noreferrer\">Conhe\u00e7a mais<\/a>\n        <\/div>\n      <\/div>\n      <p class=\"texto-auxiliar\">Prepare-se com o melhor material e com quem mais aprova em concursos em todo o pa\u00eds. \n<\/p>\n    <\/div>\n\n  <\/div>\n<\/div>\n\n\n\n<div class=\"container\" id=\"boxes\">\n  <div class=\"row\">\n\n    <div class=\"col-sm\">\n      <div class=\"banner-ecj\" id=\"box-assinatura\">\n        <h3 class=\"titulo-assinatura\">Curso para Concurso <\/h3>\n        <p class=\"subtitulo-assinatura\">Cursos focados no edital do concurso<\/p>\n        <div class=\"box-botao\">\n          <a class=\"btn-assinatura\" target=\"_blank\" href=\"https:\/\/www.estrategiaconcursos.com.br\/cursos\/concurso\/\" role=\"button\" rel=\"noopener noreferrer\">Conhe\u00e7a mais<\/a>\n        <\/div>\n      <\/div>\n      <p class=\"texto-auxiliar\">Prepare-se com o melhor material e com quem mais aprova em concursos em todo o pa\u00eds. \n<\/p>\n    <\/div>\n\n  <\/div>\n<\/div>\n\n\n\n<div class=\"container\" id=\"boxes\">\n  <div class=\"row\">\n\n    <div class=\"col-sm\">\n      <div class=\"questoes\" id=\"box-assinatura\">\n        <h3 class=\"titulo-assinatura\">Sistema de Quest\u00f5es<\/h3>\n        <p class=\"subtitulo-assinatura\">Assinatura Ilimitada*\n<\/p>\n        <div class=\"box-botao\">\n          <a class=\"btn-assinatura\" target=\"_blank\" href=\"https:\/\/www.estrategiaconcursos.com.br\/cursosPorConcurso\/sistema-de-questoes\/#\/\" role=\"button\" rel=\"noopener noreferrer\">ASSINE AGORA<\/a>\n        <\/div>\n      <\/div>\n      <p class=\"texto-auxiliar\">Estrat\u00e9gia Quest\u00f5es nasceu maior do que todos os concorrentes, com mais quest\u00f5es cadastradas e mais solu\u00e7\u00f5es por professores. Clique no link e aproveite os descontos e b\u00f4nus imperd\u00edveis!<\/p>\n    <\/div>\n  <\/div>\n<\/div>\n\n\n\n<div class=\"container\" id=\"boxes\">\n  <div class=\"row\">\n\n    <div class=\"col-sm\">\n      <div class=\"banner-ecj\" id=\"box-assinatura\">\n        <h3 class=\"titulo-assinatura\">Assinatura Jur\u00eddica <\/h3>\n        <p class=\"subtitulo-assinatura\">Conhe\u00e7a os planos<\/p>\n        <div class=\"box-botao\">\n          <a class=\"btn-assinatura\" target=\"_blank\" href=\"https:\/\/www.estrategiaconcursos.com.br\/assinaturas-ecj\/\" role=\"button\" rel=\"noopener noreferrer\">Conhe\u00e7a mais<\/a>\n        <\/div>\n      <\/div>\n      <p class=\"texto-auxiliar\">Prepare-se com o melhor material e com quem mais aprova em Concursos P\u00fablicos em todo o pa\u00eds. \n<\/p>\n    <\/div>\n\n  <\/div>\n<\/div>\n\n\n\n<div class=\"container\" id=\"boxes\">\n  <div class=\"row\">\n\n    <div class=\"col-sm\" id=\"boxes-concursos\">\n      <div style=\"background-color: #005DAD;\" class=\"conteudo-concursos\" id=\"box-concursos\">\n        <h3 class=\"titulo-assinatura\">Concursos Abertos<\/h3>\n        <p class=\"subtitulo-assinatura\">mais de 15 mil vagas<\/p>\n        <div class=\"box-botao\">\n          <a class=\"btn-assinatura\" target=\"_blank\" href=\"https:\/\/www.estrategiaconcursos.com.br\/blog\/concursos-abertos\/\" role=\"button\" rel=\"noopener noreferrer\">Conhe\u00e7a Agora<\/a>\n        <\/div>\n      <\/div>\n    <\/div>\n\n    <div class=\"col-sm\" id=\"boxes-concursos\">\n      <div style=\"background-color: #1A7ED5;\" class=\"conteudo-concursos\" id=\"box-concursos\">\n        <h3 class=\"titulo-assinatura\">Concursos 2020<\/h3>\n        <p class=\"subtitulo-assinatura\">mais de 11 mil vagas<\/p>\n        <div class=\"box-botao\">\n          <a class=\"btn-assinatura\" target=\"_blank\" href=\"https:\/\/www.estrategiaconcursos.com.br\/blog\/concursos-2020\/\" role=\"button\" rel=\"noopener noreferrer\">Conhe\u00e7a Agora<\/a>\n        <\/div>\n      <\/div>\n    <\/div>\n\n    <div class=\"col-sm\" id=\"boxes-concursos\">\n      <div style=\"background-color: #419FF0;\" class=\"conteudo-concursos\" id=\"box-concursos\">\n        <h3 class=\"titulo-assinatura\">Concursos 2021<\/h3>\n        <p class=\"subtitulo-assinatura\">mais de 17 mil vagas<\/p>\n        <div class=\"box-botao\">\n          <a class=\"btn-assinatura\" target=\"_blank\" href=\"https:\/\/www.estrategiaconcursos.com.br\/blog\/concursos-2021\/\" role=\"button\" rel=\"noopener noreferrer\">Conhe\u00e7a Agora<\/a>\n        <\/div>\n      <\/div>\n    <\/div>\n\n<div class=\"col-sm\" id=\"boxes-concursos\">\n      <div style=\"background-color: #1A7ED5;\" class=\"conteudo-concursos\" id=\"box-concursos\">\n        <h3 class=\"titulo-assinatura\">Concursos de Direito<\/h3>\n        <p class=\"subtitulo-assinatura\">Vagas para a \u00e1rea jur\u00eddica<\/p>\n        <div class=\"box-botao\">\n          <a class=\"btn-assinatura\" target=\"_blank\" href=\"https:\/\/www.estrategiaconcursos.com.br\/blog\/concursos-de-direito\/\" role=\"button\" rel=\"noopener noreferrer\">Conhe\u00e7a Agora<\/a>\n        <\/div>\n      <\/div>\n    <\/div>\n\n  <\/div>\n<\/div>\n","protected":false},"excerpt":{"rendered":"<p>Nesta segunda-feira, 23 de dezembro de 2020, \u00e0s 19:00, os professores Carlos Guerra e Nick Simonek apresentar\u00e3o evento &#8220;Black Friday P\u00f3s-Gradua\u00e7\u00e3o Estrat\u00e9gica&#8220;. Acompanhe ao vivo e gratuitamente pelo canal do Estrat\u00e9gia Concursos no Youtube. Black Friday P\u00f3s-Gradua\u00e7\u00e3o Estrat\u00e9gica &#8211; Cronograma Data: 23 de dezembro de 2020 Hor\u00e1rio: 19:00 Onde: Canal do Estrat\u00e9gia Concursos no Youtube [&hellip;]<\/p>\n","protected":false},"author":1094,"featured_media":613231,"comment_status":"open","ping_status":"closed","sticky":false,"template":"","format":"standard","meta":{"post_tipo":"article","footnotes":""},"categories":[1],"tags":[],"tax_estado":[],"class_list":["post-612912","post","type-post","status-publish","format-standard","has-post-thumbnail","hentry","category-cursos-e-concursos"],"acf":[],"yoast_head":"<!-- This site is optimized with the Yoast SEO Premium plugin v27.2 (Yoast SEO v27.2) - https:\/\/yoast.com\/product\/yoast-seo-premium-wordpress\/ -->\n<title>Black Friday P\u00f3s-Gradua\u00e7\u00e3o Estrat\u00e9gica: n\u00e3o perca nesta segunda!<\/title>\n<meta name=\"description\" content=\"N\u00e3o perca o evento Black Friday P\u00f3s-Gradua\u00e7\u00e3o Estrat\u00e9gica que ser\u00e1 apresentado pelos professores Carlos Guerra e Nick Simonek nesta segunda-feira!\" \/>\n<meta name=\"robots\" content=\"index, follow, max-snippet:-1, max-image-preview:large, max-video-preview:-1\" \/>\n<link rel=\"canonical\" href=\"https:\/\/www.estrategiaconcursos.com.br\/blog\/black-friday-pos-graduacao-estrategica\/\" \/>\n<meta property=\"og:locale\" content=\"pt_BR\" \/>\n<meta property=\"og:type\" content=\"article\" \/>\n<meta property=\"og:title\" content=\"Black Friday P\u00f3s-Gradua\u00e7\u00e3o Estrat\u00e9gica: n\u00e3o perca nesta segunda!\" \/>\n<meta property=\"og:description\" content=\"N\u00e3o perca o evento Black Friday P\u00f3s-Gradua\u00e7\u00e3o Estrat\u00e9gica que ser\u00e1 apresentado pelos professores Carlos Guerra e Nick Simonek nesta segunda-feira!\" \/>\n<meta property=\"og:url\" content=\"https:\/\/www.estrategiaconcursos.com.br\/blog\/black-friday-pos-graduacao-estrategica\/\" \/>\n<meta property=\"og:site_name\" content=\"Estrat\u00e9gia Concursos\" \/>\n<meta property=\"article:published_time\" content=\"2020-11-23T20:54:06+00:00\" \/>\n<meta property=\"og:image\" content=\"https:\/\/dhg1h5j42swfq.cloudfront.net\/2020\/11\/19113617\/email_black-friday-pos-graduacao-estrategica.jpg\" \/>\n\t<meta property=\"og:image:width\" content=\"800\" \/>\n\t<meta property=\"og:image:height\" content=\"450\" \/>\n\t<meta property=\"og:image:type\" content=\"image\/jpeg\" \/>\n<meta name=\"author\" content=\"Paulo Sousa (Coord.)\" \/>\n<meta name=\"twitter:card\" content=\"summary_large_image\" \/>\n<meta name=\"twitter:creator\" content=\"@EstratConcursos\" \/>\n<meta name=\"twitter:site\" content=\"@EstratConcursos\" \/>\n<meta name=\"twitter:label1\" content=\"Escrito por\" \/>\n\t<meta name=\"twitter:data1\" content=\"Paulo Sousa (Coord.)\" \/>\n\t<meta name=\"twitter:label2\" content=\"Est. tempo de leitura\" \/>\n\t<meta name=\"twitter:data2\" content=\"2 minutos\" \/>\n<script type=\"application\/ld+json\" class=\"yoast-schema-graph\">{\"@context\":\"https:\/\/schema.org\",\"@graph\":[{\"@type\":\"NewsArticle\",\"@id\":\"https:\/\/www.estrategiaconcursos.com.br\/blog\/black-friday-pos-graduacao-estrategica\/#article\",\"isPartOf\":{\"@id\":\"https:\/\/www.estrategiaconcursos.com.br\/blog\/black-friday-pos-graduacao-estrategica\/\"},\"author\":{\"name\":\"Paulo Sousa (Coord.)\",\"@id\":\"https:\/\/www.estrategiaconcursos.com.br\/blog\/#\/schema\/person\/f6cf94f3aa8ed75620a4506ad577b88a\"},\"headline\":\"Black Friday P\u00f3s-Gradua\u00e7\u00e3o Estrat\u00e9gica: n\u00e3o perca nesta segunda!\",\"datePublished\":\"2020-11-23T20:54:06+00:00\",\"mainEntityOfPage\":{\"@id\":\"https:\/\/www.estrategiaconcursos.com.br\/blog\/black-friday-pos-graduacao-estrategica\/\"},\"wordCount\":454,\"commentCount\":0,\"publisher\":{\"@id\":\"https:\/\/www.estrategiaconcursos.com.br\/blog\/#organization\"},\"image\":{\"@id\":\"https:\/\/www.estrategiaconcursos.com.br\/blog\/black-friday-pos-graduacao-estrategica\/#primaryimage\"},\"thumbnailUrl\":\"https:\/\/dhg1h5j42swfq.cloudfront.net\/2020\/11\/19113617\/email_black-friday-pos-graduacao-estrategica.jpg\",\"articleSection\":[\"Concursos P\u00fablicos\"],\"inLanguage\":\"pt-BR\",\"potentialAction\":[{\"@type\":\"CommentAction\",\"name\":\"Comment\",\"target\":[\"https:\/\/www.estrategiaconcursos.com.br\/blog\/black-friday-pos-graduacao-estrategica\/#respond\"]}],\"copyrightYear\":\"2020\",\"copyrightHolder\":{\"@id\":\"https:\/\/www.estrategiaconcursos.com.br\/blog\/#organization\"}},{\"@type\":\"WebPage\",\"@id\":\"https:\/\/www.estrategiaconcursos.com.br\/blog\/black-friday-pos-graduacao-estrategica\/\",\"url\":\"https:\/\/www.estrategiaconcursos.com.br\/blog\/black-friday-pos-graduacao-estrategica\/\",\"name\":\"Black Friday P\u00f3s-Gradua\u00e7\u00e3o Estrat\u00e9gica: n\u00e3o perca nesta segunda!\",\"isPartOf\":{\"@id\":\"https:\/\/www.estrategiaconcursos.com.br\/blog\/#website\"},\"primaryImageOfPage\":{\"@id\":\"https:\/\/www.estrategiaconcursos.com.br\/blog\/black-friday-pos-graduacao-estrategica\/#primaryimage\"},\"image\":{\"@id\":\"https:\/\/www.estrategiaconcursos.com.br\/blog\/black-friday-pos-graduacao-estrategica\/#primaryimage\"},\"thumbnailUrl\":\"https:\/\/dhg1h5j42swfq.cloudfront.net\/2020\/11\/19113617\/email_black-friday-pos-graduacao-estrategica.jpg\",\"datePublished\":\"2020-11-23T20:54:06+00:00\",\"description\":\"N\u00e3o perca o evento Black Friday P\u00f3s-Gradua\u00e7\u00e3o Estrat\u00e9gica que ser\u00e1 apresentado pelos professores Carlos Guerra e Nick Simonek nesta segunda-feira!\",\"breadcrumb\":{\"@id\":\"https:\/\/www.estrategiaconcursos.com.br\/blog\/black-friday-pos-graduacao-estrategica\/#breadcrumb\"},\"inLanguage\":\"pt-BR\",\"potentialAction\":[{\"@type\":\"ReadAction\",\"target\":[\"https:\/\/www.estrategiaconcursos.com.br\/blog\/black-friday-pos-graduacao-estrategica\/\"]}]},{\"@type\":\"ImageObject\",\"inLanguage\":\"pt-BR\",\"@id\":\"https:\/\/www.estrategiaconcursos.com.br\/blog\/black-friday-pos-graduacao-estrategica\/#primaryimage\",\"url\":\"https:\/\/dhg1h5j42swfq.cloudfront.net\/2020\/11\/19113617\/email_black-friday-pos-graduacao-estrategica.jpg\",\"contentUrl\":\"https:\/\/dhg1h5j42swfq.cloudfront.net\/2020\/11\/19113617\/email_black-friday-pos-graduacao-estrategica.jpg\",\"width\":800,\"height\":450,\"caption\":\"Cursos de P\u00f3s-Gradua\u00e7\u00e3o Estrat\u00e9gica\"},{\"@type\":\"BreadcrumbList\",\"@id\":\"https:\/\/www.estrategiaconcursos.com.br\/blog\/black-friday-pos-graduacao-estrategica\/#breadcrumb\",\"itemListElement\":[{\"@type\":\"ListItem\",\"position\":1,\"name\":\"In\u00edcio\",\"item\":\"https:\/\/www.estrategiaconcursos.com.br\/blog\/\"},{\"@type\":\"ListItem\",\"position\":2,\"name\":\"Black Friday P\u00f3s-Gradua\u00e7\u00e3o Estrat\u00e9gica: n\u00e3o perca nesta segunda!\"}]},{\"@type\":\"WebSite\",\"@id\":\"https:\/\/www.estrategiaconcursos.com.br\/blog\/#website\",\"url\":\"https:\/\/www.estrategiaconcursos.com.br\/blog\/\",\"name\":\"Estrat\u00e9gia Concursos\",\"description\":\"O blog da Estrat\u00e9gia Concursos traz not\u00edcias sobre concursos e artigos de professores oferecendo cursos para concursos (pdf + videaulas) no site.\",\"publisher\":{\"@id\":\"https:\/\/www.estrategiaconcursos.com.br\/blog\/#organization\"},\"potentialAction\":[{\"@type\":\"SearchAction\",\"target\":{\"@type\":\"EntryPoint\",\"urlTemplate\":\"https:\/\/www.estrategiaconcursos.com.br\/blog\/?s={search_term_string}\"},\"query-input\":{\"@type\":\"PropertyValueSpecification\",\"valueRequired\":true,\"valueName\":\"search_term_string\"}}],\"inLanguage\":\"pt-BR\"},{\"@type\":\"Organization\",\"@id\":\"https:\/\/www.estrategiaconcursos.com.br\/blog\/#organization\",\"name\":\"Estrat\u00e9gia Concursos\",\"url\":\"https:\/\/www.estrategiaconcursos.com.br\/blog\/\",\"logo\":{\"@type\":\"ImageObject\",\"inLanguage\":\"pt-BR\",\"@id\":\"https:\/\/www.estrategiaconcursos.com.br\/blog\/#\/schema\/logo\/image\/\",\"url\":\"https:\/\/dhg1h5j42swfq.cloudfront.net\/2025\/06\/03203428\/logo_concursos-1.jpg\",\"contentUrl\":\"https:\/\/dhg1h5j42swfq.cloudfront.net\/2025\/06\/03203428\/logo_concursos-1.jpg\",\"width\":230,\"height\":60,\"caption\":\"Estrat\u00e9gia Concursos\"},\"image\":{\"@id\":\"https:\/\/www.estrategiaconcursos.com.br\/blog\/#\/schema\/logo\/image\/\"},\"sameAs\":[\"https:\/\/x.com\/EstratConcursos\"]},{\"@type\":\"Person\",\"@id\":\"https:\/\/www.estrategiaconcursos.com.br\/blog\/#\/schema\/person\/f6cf94f3aa8ed75620a4506ad577b88a\",\"name\":\"Paulo Sousa (Coord.)\",\"image\":{\"@type\":\"ImageObject\",\"inLanguage\":\"pt-BR\",\"@id\":\"https:\/\/secure.gravatar.com\/avatar\/29f9e2d4ed868d929b68f3762e3577b9db519beed74b347b76e194f9a3293cf1?s=96&d=mm&r=g\",\"url\":\"https:\/\/secure.gravatar.com\/avatar\/29f9e2d4ed868d929b68f3762e3577b9db519beed74b347b76e194f9a3293cf1?s=96&d=mm&r=g\",\"contentUrl\":\"https:\/\/secure.gravatar.com\/avatar\/29f9e2d4ed868d929b68f3762e3577b9db519beed74b347b76e194f9a3293cf1?s=96&d=mm&r=g\",\"caption\":\"Paulo Sousa (Coord.)\"},\"url\":\"https:\/\/www.estrategiaconcursos.com.br\/blog\/author\/prof-phmsestrategiaconcursos-com-br\/\"}]}<\/script>\n<!-- \/ Yoast SEO Premium plugin. -->","yoast_head_json":{"title":"Black Friday P\u00f3s-Gradua\u00e7\u00e3o Estrat\u00e9gica: n\u00e3o perca nesta segunda!","description":"N\u00e3o perca o evento Black Friday P\u00f3s-Gradua\u00e7\u00e3o Estrat\u00e9gica que ser\u00e1 apresentado pelos professores Carlos Guerra e Nick Simonek nesta segunda-feira!","robots":{"index":"index","follow":"follow","max-snippet":"max-snippet:-1","max-image-preview":"max-image-preview:large","max-video-preview":"max-video-preview:-1"},"canonical":"https:\/\/www.estrategiaconcursos.com.br\/blog\/black-friday-pos-graduacao-estrategica\/","og_locale":"pt_BR","og_type":"article","og_title":"Black Friday P\u00f3s-Gradua\u00e7\u00e3o Estrat\u00e9gica: n\u00e3o perca nesta segunda!","og_description":"N\u00e3o perca o evento Black Friday P\u00f3s-Gradua\u00e7\u00e3o Estrat\u00e9gica que ser\u00e1 apresentado pelos professores Carlos Guerra e Nick Simonek nesta segunda-feira!","og_url":"https:\/\/www.estrategiaconcursos.com.br\/blog\/black-friday-pos-graduacao-estrategica\/","og_site_name":"Estrat\u00e9gia Concursos","article_published_time":"2020-11-23T20:54:06+00:00","og_image":[{"width":800,"height":450,"url":"https:\/\/dhg1h5j42swfq.cloudfront.net\/2020\/11\/19113617\/email_black-friday-pos-graduacao-estrategica.jpg","type":"image\/jpeg"}],"author":"Paulo Sousa (Coord.)","twitter_card":"summary_large_image","twitter_creator":"@EstratConcursos","twitter_site":"@EstratConcursos","twitter_misc":{"Escrito por":"Paulo Sousa (Coord.)","Est. tempo de leitura":"2 minutos"},"schema":{"@context":"https:\/\/schema.org","@graph":[{"@type":"NewsArticle","@id":"https:\/\/www.estrategiaconcursos.com.br\/blog\/black-friday-pos-graduacao-estrategica\/#article","isPartOf":{"@id":"https:\/\/www.estrategiaconcursos.com.br\/blog\/black-friday-pos-graduacao-estrategica\/"},"author":{"name":"Paulo Sousa (Coord.)","@id":"https:\/\/www.estrategiaconcursos.com.br\/blog\/#\/schema\/person\/f6cf94f3aa8ed75620a4506ad577b88a"},"headline":"Black Friday P\u00f3s-Gradua\u00e7\u00e3o Estrat\u00e9gica: n\u00e3o perca nesta segunda!","datePublished":"2020-11-23T20:54:06+00:00","mainEntityOfPage":{"@id":"https:\/\/www.estrategiaconcursos.com.br\/blog\/black-friday-pos-graduacao-estrategica\/"},"wordCount":454,"commentCount":0,"publisher":{"@id":"https:\/\/www.estrategiaconcursos.com.br\/blog\/#organization"},"image":{"@id":"https:\/\/www.estrategiaconcursos.com.br\/blog\/black-friday-pos-graduacao-estrategica\/#primaryimage"},"thumbnailUrl":"https:\/\/dhg1h5j42swfq.cloudfront.net\/2020\/11\/19113617\/email_black-friday-pos-graduacao-estrategica.jpg","articleSection":["Concursos P\u00fablicos"],"inLanguage":"pt-BR","potentialAction":[{"@type":"CommentAction","name":"Comment","target":["https:\/\/www.estrategiaconcursos.com.br\/blog\/black-friday-pos-graduacao-estrategica\/#respond"]}],"copyrightYear":"2020","copyrightHolder":{"@id":"https:\/\/www.estrategiaconcursos.com.br\/blog\/#organization"}},{"@type":"WebPage","@id":"https:\/\/www.estrategiaconcursos.com.br\/blog\/black-friday-pos-graduacao-estrategica\/","url":"https:\/\/www.estrategiaconcursos.com.br\/blog\/black-friday-pos-graduacao-estrategica\/","name":"Black Friday P\u00f3s-Gradua\u00e7\u00e3o Estrat\u00e9gica: n\u00e3o perca nesta segunda!","isPartOf":{"@id":"https:\/\/www.estrategiaconcursos.com.br\/blog\/#website"},"primaryImageOfPage":{"@id":"https:\/\/www.estrategiaconcursos.com.br\/blog\/black-friday-pos-graduacao-estrategica\/#primaryimage"},"image":{"@id":"https:\/\/www.estrategiaconcursos.com.br\/blog\/black-friday-pos-graduacao-estrategica\/#primaryimage"},"thumbnailUrl":"https:\/\/dhg1h5j42swfq.cloudfront.net\/2020\/11\/19113617\/email_black-friday-pos-graduacao-estrategica.jpg","datePublished":"2020-11-23T20:54:06+00:00","description":"N\u00e3o perca o evento Black Friday P\u00f3s-Gradua\u00e7\u00e3o Estrat\u00e9gica que ser\u00e1 apresentado pelos professores Carlos Guerra e Nick Simonek nesta segunda-feira!","breadcrumb":{"@id":"https:\/\/www.estrategiaconcursos.com.br\/blog\/black-friday-pos-graduacao-estrategica\/#breadcrumb"},"inLanguage":"pt-BR","potentialAction":[{"@type":"ReadAction","target":["https:\/\/www.estrategiaconcursos.com.br\/blog\/black-friday-pos-graduacao-estrategica\/"]}]},{"@type":"ImageObject","inLanguage":"pt-BR","@id":"https:\/\/www.estrategiaconcursos.com.br\/blog\/black-friday-pos-graduacao-estrategica\/#primaryimage","url":"https:\/\/dhg1h5j42swfq.cloudfront.net\/2020\/11\/19113617\/email_black-friday-pos-graduacao-estrategica.jpg","contentUrl":"https:\/\/dhg1h5j42swfq.cloudfront.net\/2020\/11\/19113617\/email_black-friday-pos-graduacao-estrategica.jpg","width":800,"height":450,"caption":"Cursos de P\u00f3s-Gradua\u00e7\u00e3o Estrat\u00e9gica"},{"@type":"BreadcrumbList","@id":"https:\/\/www.estrategiaconcursos.com.br\/blog\/black-friday-pos-graduacao-estrategica\/#breadcrumb","itemListElement":[{"@type":"ListItem","position":1,"name":"In\u00edcio","item":"https:\/\/www.estrategiaconcursos.com.br\/blog\/"},{"@type":"ListItem","position":2,"name":"Black Friday P\u00f3s-Gradua\u00e7\u00e3o Estrat\u00e9gica: n\u00e3o perca nesta segunda!"}]},{"@type":"WebSite","@id":"https:\/\/www.estrategiaconcursos.com.br\/blog\/#website","url":"https:\/\/www.estrategiaconcursos.com.br\/blog\/","name":"Estrat\u00e9gia Concursos","description":"O blog da Estrat\u00e9gia Concursos traz not\u00edcias sobre concursos e artigos de professores oferecendo cursos para concursos (pdf + videaulas) no site.","publisher":{"@id":"https:\/\/www.estrategiaconcursos.com.br\/blog\/#organization"},"potentialAction":[{"@type":"SearchAction","target":{"@type":"EntryPoint","urlTemplate":"https:\/\/www.estrategiaconcursos.com.br\/blog\/?s={search_term_string}"},"query-input":{"@type":"PropertyValueSpecification","valueRequired":true,"valueName":"search_term_string"}}],"inLanguage":"pt-BR"},{"@type":"Organization","@id":"https:\/\/www.estrategiaconcursos.com.br\/blog\/#organization","name":"Estrat\u00e9gia Concursos","url":"https:\/\/www.estrategiaconcursos.com.br\/blog\/","logo":{"@type":"ImageObject","inLanguage":"pt-BR","@id":"https:\/\/www.estrategiaconcursos.com.br\/blog\/#\/schema\/logo\/image\/","url":"https:\/\/dhg1h5j42swfq.cloudfront.net\/2025\/06\/03203428\/logo_concursos-1.jpg","contentUrl":"https:\/\/dhg1h5j42swfq.cloudfront.net\/2025\/06\/03203428\/logo_concursos-1.jpg","width":230,"height":60,"caption":"Estrat\u00e9gia Concursos"},"image":{"@id":"https:\/\/www.estrategiaconcursos.com.br\/blog\/#\/schema\/logo\/image\/"},"sameAs":["https:\/\/x.com\/EstratConcursos"]},{"@type":"Person","@id":"https:\/\/www.estrategiaconcursos.com.br\/blog\/#\/schema\/person\/f6cf94f3aa8ed75620a4506ad577b88a","name":"Paulo Sousa (Coord.)","image":{"@type":"ImageObject","inLanguage":"pt-BR","@id":"https:\/\/secure.gravatar.com\/avatar\/29f9e2d4ed868d929b68f3762e3577b9db519beed74b347b76e194f9a3293cf1?s=96&d=mm&r=g","url":"https:\/\/secure.gravatar.com\/avatar\/29f9e2d4ed868d929b68f3762e3577b9db519beed74b347b76e194f9a3293cf1?s=96&d=mm&r=g","contentUrl":"https:\/\/secure.gravatar.com\/avatar\/29f9e2d4ed868d929b68f3762e3577b9db519beed74b347b76e194f9a3293cf1?s=96&d=mm&r=g","caption":"Paulo Sousa (Coord.)"},"url":"https:\/\/www.estrategiaconcursos.com.br\/blog\/author\/prof-phmsestrategiaconcursos-com-br\/"}]}},"_links":{"self":[{"href":"https:\/\/www.estrategiaconcursos.com.br\/blog\/wp-json\/wp\/v2\/posts\/612912","targetHints":{"allow":["GET"]}}],"collection":[{"href":"https:\/\/www.estrategiaconcursos.com.br\/blog\/wp-json\/wp\/v2\/posts"}],"about":[{"href":"https:\/\/www.estrategiaconcursos.com.br\/blog\/wp-json\/wp\/v2\/types\/post"}],"author":[{"embeddable":true,"href":"https:\/\/www.estrategiaconcursos.com.br\/blog\/wp-json\/wp\/v2\/users\/1094"}],"replies":[{"embeddable":true,"href":"https:\/\/www.estrategiaconcursos.com.br\/blog\/wp-json\/wp\/v2\/comments?post=612912"}],"version-history":[{"count":10,"href":"https:\/\/www.estrategiaconcursos.com.br\/blog\/wp-json\/wp\/v2\/posts\/612912\/revisions"}],"predecessor-version":[{"id":613240,"href":"https:\/\/www.estrategiaconcursos.com.br\/blog\/wp-json\/wp\/v2\/posts\/612912\/revisions\/613240"}],"wp:featuredmedia":[{"embeddable":true,"href":"https:\/\/www.estrategiaconcursos.com.br\/blog\/wp-json\/wp\/v2\/media\/613231"}],"wp:attachment":[{"href":"https:\/\/www.estrategiaconcursos.com.br\/blog\/wp-json\/wp\/v2\/media?parent=612912"}],"wp:term":[{"taxonomy":"category","embeddable":true,"href":"https:\/\/www.estrategiaconcursos.com.br\/blog\/wp-json\/wp\/v2\/categories?post=612912"},{"taxonomy":"post_tag","embeddable":true,"href":"https:\/\/www.estrategiaconcursos.com.br\/blog\/wp-json\/wp\/v2\/tags?post=612912"},{"taxonomy":"tax_estado","embeddable":true,"href":"https:\/\/www.estrategiaconcursos.com.br\/blog\/wp-json\/wp\/v2\/tax_estado?post=612912"}],"curies":[{"name":"wp","href":"https:\/\/api.w.org\/{rel}","templated":true}]}}