{"id":612621,"date":"2020-11-18T14:05:48","date_gmt":"2020-11-18T17:05:48","guid":{"rendered":"https:\/\/www.estrategiaconcursos.com.br\/blog\/?p=612621"},"modified":"2023-07-10T13:56:27","modified_gmt":"2023-07-10T16:56:27","slug":"tj-rj-alteracoes-na-comissao-foram-revogadas","status":"publish","type":"post","link":"https:\/\/www.estrategiaconcursos.com.br\/blog\/tj-rj-alteracoes-na-comissao-foram-revogadas\/","title":{"rendered":"TJ RJ: altera\u00e7\u00f5es na comiss\u00e3o foram revogadas! VEJA"},"content":{"rendered":"\n<p>No \u00faltimo dia 11\/11\/2020, o Presidente do Tribunal de Justi\u00e7a do Rio de Janeiro, Desembargador Claudio de Mello Tavares, havia realizado altera\u00e7\u00f5es na comiss\u00e3o do concurso TJ-RJ.<\/p>\n\n\n\n<p>Anteriormente o documento divulgava a troca de um Juiz por outro. Agora essa portaria n\u00e3o possui mais validade. Confira abaixo a composi\u00e7\u00e3o da comiss\u00e3o:<\/p>\n\n\n\n<h4 class=\"wp-block-heading\" id=\"comissao-tj-rj\">A&nbsp;<a href=\"https:\/\/dhg1h5j42swfq.cloudfront.net\/2020\/11\/18132602\/tj-rj.pdf\" target=\"_blank\" rel=\"noreferrer noopener\">comiss\u00e3o<\/a>&nbsp;do concurso TJ RJ<\/h4>\n\n\n\n<p>I \u2013&nbsp;<strong>Desembargador PETERSON BARROSO SIM\u00c3O<\/strong>&nbsp;\u2013 Presidente da Comiss\u00e3o;<br \/>II \u2013&nbsp;<strong>Doutora EUNICE BITENCOURT HADDAD \u2013<\/strong>&nbsp;Auxiliar da Presid\u00eancia;<br \/>III \u2013&nbsp;<strong>Doutor GUSTAVO QUINTANILHA TELLES DE MENEZES<\/strong>, Juiz de Direito Auxiliar da Corregedoria-Geral da Justi\u00e7a;<br \/>IV \u2013&nbsp;<strong>Senhor GABRIEL ALBUQUERQUE PINTO<\/strong>, Diretor-Geral da Diretoria-Geral de Gest\u00e3o de Pessoas;<br \/>V \u2013&nbsp;<strong>Senhor ALESSANDRO BORGES VALENTE<\/strong>, Diretor da Divis\u00e3o de Capta\u00e7\u00e3o do Departamento de Desenvolvimento de Pessoas da Diretoria-Geral de Gest\u00e3o de Pessoas.<\/p>\n\n\n\n<p>Por causa da pandemia de Covid-19, o concurso TJ-RJ deve ocorrer somente em 2021. O \u00f3rg\u00e3o planeja divulgar o novo cronograma no fim deste ano, com previs\u00e3o de&nbsp;<strong>reabertura das inscri\u00e7\u00f5es<\/strong>.<\/p>\n\n\n\n<p>O edital oferece aos candidatos 160 vagas imediatas, sendo 85 para T\u00e9cnico Judici\u00e1rio de n\u00edvel m\u00e9dio e 75 vagas para Analista Judici\u00e1rio de n\u00edvel&nbsp;superior.<\/p>\n\n\n\n<p class=\"has-text-align-center\"><strong>Quer saber mais sobre o concurso TJ RJ? Clique no link abaixo e fique por dentro de tudo!<\/strong><\/p>\n\n\n\n<p class=\"has-text-align-center has-light-green-cyan-background-color has-background has-medium-font-size\"><strong>Saiba mais: <a href=\"https:\/\/www.estrategiaconcursos.com.br\/blog\/concurso-tj-rj\/\" target=\"_blank\" rel=\"noreferrer noopener\">Concurso TJ RJ<\/a><\/strong><\/p>\n\n\n\n<h2 class=\"wp-block-heading has-text-align-center\">Cursos e Assinaturas<\/h2>\n\n\n\n<div class=\"container\" id=\"boxes\">\n  <div class=\"row\">\n\n    <div class=\"col-sm\">\n      <div class=\"banner-tribunal\" id=\"box-assinatura\">\n        <h3 class=\"titulo-assinatura\">Curso TJ RJ<\/h3>\n        <p class=\"subtitulo-assinatura\">Conhe\u00e7a os cursos<\/p>\n        <div class=\"box-botao\">\n          <a class=\"btn-assinatura\" target=\"_blank\" href=\"https:\/\/www.estrategiaconcursos.com.br\/cursosPorConcurso\/tj-rj\/\" role=\"button\" rel=\"noopener noreferrer\">Conhe\u00e7a mais<\/a>\n        <\/div>\n      <\/div>\n      <p class=\"texto-auxiliar\">Prepare-se com o melhor material e com quem mais aprova em Concursos P\u00fablicos em todo o pa\u00eds.<\/p>\n    <\/div>\n\n  <\/div>\n<\/div>\n\n\n\n<div class=\"container\" id=\"boxes\">\n  <div class=\"row\">\n\n    <div class=\"col-sm\">\n      <div class=\"estrategia\" id=\"box-assinatura\">\n        <h3 class=\"titulo-assinatura\">Assinatura Ilimitada<\/h3>\n        <p class=\"subtitulo-assinatura\">Assinatura Anual Ilimitada*<\/p>\n        <div class=\"box-botao\">\n          <a class=\"btn-assinatura\" target=\"_blank\" href=\"https:\/\/www.estrategiaconcursos.com.br\/assinaturas\/\" role=\"button\" rel=\"noopener noreferrer\">ASSINE AGORA<\/a>\n        <\/div>\n      <\/div>\n      <p class=\"texto-auxiliar\">Prepare-se com o melhor material e com quem mais aprova em Concursos P\u00fablicos em todo o pa\u00eds. Assine agora a nossa Assinatura Anual e tenha acesso ilimitado* a todos os nossos cursos.<\/p>\n    <\/div>\n\n    <div class=\"col-sm\">\n      <div class=\"questoes\" id=\"box-assinatura\">\n        <h3 class=\"titulo-assinatura\">Sistema de Quest\u00f5es<\/h3>\n        <p class=\"subtitulo-assinatura\">Assinatura Anual Ilimitada*<\/p>\n        <div class=\"box-botao\">\n          <a class=\"btn-assinatura\" target=\"_blank\" href=\"https:\/\/www.estrategiaconcursos.com.br\/cursosPorConcurso\/sistema-de-questoes\/#\/\" role=\"button\" rel=\"noopener noreferrer\">ASSINE AGORA<\/a>\n        <\/div>\n      <\/div>\n      <p class=\"texto-auxiliar\">Estrat\u00e9gia Quest\u00f5es nasceu maior do que todos os concorrentes, com mais quest\u00f5es cadastradas e mais solu\u00e7\u00f5es por professores. Clique no link e aproveite os descontos e b\u00f4nus imperd\u00edveis!<\/p>\n    <\/div>\n  <\/div>\n<\/div>\n\n\n\n<figure class=\"wp-block-image\"><img loading=\"lazy\" decoding=\"async\" width=\"300\" height=\"102\" src=\"https:\/\/dhg1h5j42swfq.cloudfront.net\/2017\/03\/28152500\/coruja-ficha-tecnica-300x102.png\" alt=\"Ficha t\u00e9cnica \" class=\"wp-image-68542\"\/><\/figure>\n\n\n\n<h4 class=\"wp-block-heading\" id=\"ficha-tecnica-concurso-tj-sc\"><strong>Informa\u00e7\u00f5es do concurso <\/strong><\/h4>\n\n\n\n<p>\u25ba<strong>Data: <\/strong>adiada<strong><br \/>\u25baVagas:&nbsp;<\/strong>160 <strong><br \/>\u25baLota\u00e7\u00f5es:&nbsp;<\/strong>Rio de Janeiro <strong><br \/>\u25baBanca:&nbsp;<\/strong>Cebraspe<strong><br \/>\u25baEscolaridade:&nbsp;<\/strong>N\u00edvel M\u00e9dio e N\u00edvel Superior<br \/>\u25ba<strong>Editais<\/strong>: <a aria-label=\"Edital TJ RJ 2020 (abre numa nova aba)\" href=\"https:\/\/dhg1h5j42swfq.cloudfront.net\/2020\/03\/06201004\/ED_1_TJRJ_SERVIDOR_ANALISTA.pdf\" target=\"_blank\" rel=\"noreferrer noopener\">Edital Analista TJ RJ 2020<\/a> \/ <a href=\"https:\/\/dhg1h5j42swfq.cloudfront.net\/2020\/04\/20204636\/ED_1_TJRJ_SERVIDOR_TECNICO_ABT.pdf\" target=\"_blank\" rel=\"noreferrer noopener\">Edital T\u00e9cnico TJ RJ 2020<\/a><br \/>\u25ba<strong>Retifica\u00e7\u00f5es: <\/strong><a href=\"https:\/\/dhg1h5j42swfq.cloudfront.net\/2020\/03\/06203419\/ED_2_TJRJ_SERVIDOR_ANALISTA_RETIFICACAO-1.pdf\">Retifica\u00e7\u00e3o Analista 2020<\/a> \/<a href=\"https:\/\/dhg1h5j42swfq.cloudfront.net\/2020\/04\/20204801\/ED_2_TJRJ_SERVIDOR_TECNICO_RETIFICACAO.pdf\" target=\"_blank\" rel=\"noreferrer noopener\"> Retifica\u00e7\u00e3o T\u00e9cnico 2020<\/a><\/p>\n","protected":false},"excerpt":{"rendered":"<p>No \u00faltimo dia 11\/11\/2020, o Presidente do Tribunal de Justi\u00e7a do Rio de Janeiro, Desembargador Claudio de Mello Tavares, havia realizado altera\u00e7\u00f5es na comiss\u00e3o do concurso TJ-RJ. Anteriormente o documento divulgava a troca de um Juiz por outro. Agora essa portaria n\u00e3o possui mais validade. Confira abaixo a composi\u00e7\u00e3o da comiss\u00e3o: A&nbsp;comiss\u00e3o&nbsp;do concurso TJ RJ [&hellip;]<\/p>\n","protected":false},"author":317,"featured_media":612661,"comment_status":"open","ping_status":"closed","sticky":false,"template":"","format":"standard","meta":{"post_tipo":"article","footnotes":""},"categories":[1,1984],"tags":[],"tax_estado":[219982],"class_list":["post-612621","post","type-post","status-publish","format-standard","has-post-thumbnail","hentry","category-cursos-e-concursos","category-tribunais","tax_estado-rj"],"acf":[],"yoast_head":"<!-- This site is optimized with the Yoast SEO Premium plugin v27.2 (Yoast SEO v27.2) - https:\/\/yoast.com\/product\/yoast-seo-premium-wordpress\/ -->\n<title>TJ RJ: altera\u00e7\u00f5es na comiss\u00e3o foram revogadas! VEJA<\/title>\n<meta name=\"description\" content=\"As portarias instauradas no dia 11\/11\/2020 que mudavam a comiss\u00e3o foram revogadas. Confira neste artigo a composi\u00e7\u00e3o da comiss\u00e3o do TJ RJ.\" \/>\n<meta name=\"robots\" content=\"index, follow, max-snippet:-1, max-image-preview:large, max-video-preview:-1\" \/>\n<link rel=\"canonical\" href=\"https:\/\/www.estrategiaconcursos.com.br\/blog\/tj-rj-alteracoes-na-comissao-foram-revogadas\/\" \/>\n<meta property=\"og:locale\" content=\"pt_BR\" \/>\n<meta property=\"og:type\" content=\"article\" \/>\n<meta property=\"og:title\" content=\"TJ RJ: altera\u00e7\u00f5es na comiss\u00e3o foram revogadas! VEJA\" \/>\n<meta property=\"og:description\" content=\"As portarias instauradas no dia 11\/11\/2020 que mudavam a comiss\u00e3o foram revogadas. Confira neste artigo a composi\u00e7\u00e3o da comiss\u00e3o do TJ RJ.\" \/>\n<meta property=\"og:url\" content=\"https:\/\/www.estrategiaconcursos.com.br\/blog\/tj-rj-alteracoes-na-comissao-foram-revogadas\/\" \/>\n<meta property=\"og:site_name\" content=\"Estrat\u00e9gia Concursos\" \/>\n<meta property=\"article:author\" content=\"https:\/\/www.facebook.com\/igor.maciel.1420\" \/>\n<meta property=\"article:published_time\" content=\"2020-11-18T17:05:48+00:00\" \/>\n<meta property=\"article:modified_time\" content=\"2023-07-10T16:56:27+00:00\" \/>\n<meta property=\"og:image\" content=\"https:\/\/dhg1h5j42swfq.cloudfront.net\/2020\/11\/18140912\/tjrj_diego_santos-1280x720-1.jpg\" \/>\n\t<meta property=\"og:image:width\" content=\"1280\" \/>\n\t<meta property=\"og:image:height\" content=\"720\" \/>\n\t<meta property=\"og:image:type\" content=\"image\/jpeg\" \/>\n<meta name=\"author\" content=\"Igor Maciel\" \/>\n<meta name=\"twitter:card\" content=\"summary_large_image\" \/>\n<meta name=\"twitter:creator\" content=\"@EstratConcursos\" \/>\n<meta name=\"twitter:site\" content=\"@EstratConcursos\" \/>\n<meta name=\"twitter:label1\" content=\"Escrito por\" \/>\n\t<meta name=\"twitter:data1\" content=\"Igor Maciel\" \/>\n\t<meta name=\"twitter:label2\" content=\"Est. tempo de leitura\" \/>\n\t<meta name=\"twitter:data2\" content=\"2 minutos\" \/>\n<script type=\"application\/ld+json\" class=\"yoast-schema-graph\">{\"@context\":\"https:\/\/schema.org\",\"@graph\":[{\"@type\":\"NewsArticle\",\"@id\":\"https:\/\/www.estrategiaconcursos.com.br\/blog\/tj-rj-alteracoes-na-comissao-foram-revogadas\/#article\",\"isPartOf\":{\"@id\":\"https:\/\/www.estrategiaconcursos.com.br\/blog\/tj-rj-alteracoes-na-comissao-foram-revogadas\/\"},\"author\":{\"name\":\"Igor Maciel\",\"@id\":\"https:\/\/www.estrategiaconcursos.com.br\/blog\/#\/schema\/person\/024d26d5efb06d95dfc04025d7301591\"},\"headline\":\"TJ RJ: altera\u00e7\u00f5es na comiss\u00e3o foram revogadas! VEJA\",\"datePublished\":\"2020-11-18T17:05:48+00:00\",\"dateModified\":\"2023-07-10T16:56:27+00:00\",\"mainEntityOfPage\":{\"@id\":\"https:\/\/www.estrategiaconcursos.com.br\/blog\/tj-rj-alteracoes-na-comissao-foram-revogadas\/\"},\"wordCount\":403,\"commentCount\":0,\"publisher\":{\"@id\":\"https:\/\/www.estrategiaconcursos.com.br\/blog\/#organization\"},\"image\":{\"@id\":\"https:\/\/www.estrategiaconcursos.com.br\/blog\/tj-rj-alteracoes-na-comissao-foram-revogadas\/#primaryimage\"},\"thumbnailUrl\":\"https:\/\/dhg1h5j42swfq.cloudfront.net\/2020\/11\/18140912\/tjrj_diego_santos-1280x720-1.jpg\",\"articleSection\":[\"Concursos P\u00fablicos\",\"Tribunais\"],\"inLanguage\":\"pt-BR\",\"potentialAction\":[{\"@type\":\"CommentAction\",\"name\":\"Comment\",\"target\":[\"https:\/\/www.estrategiaconcursos.com.br\/blog\/tj-rj-alteracoes-na-comissao-foram-revogadas\/#respond\"]}],\"copyrightYear\":\"2020\",\"copyrightHolder\":{\"@id\":\"https:\/\/www.estrategiaconcursos.com.br\/blog\/#organization\"}},{\"@type\":\"WebPage\",\"@id\":\"https:\/\/www.estrategiaconcursos.com.br\/blog\/tj-rj-alteracoes-na-comissao-foram-revogadas\/\",\"url\":\"https:\/\/www.estrategiaconcursos.com.br\/blog\/tj-rj-alteracoes-na-comissao-foram-revogadas\/\",\"name\":\"TJ RJ: altera\u00e7\u00f5es na comiss\u00e3o foram revogadas! VEJA\",\"isPartOf\":{\"@id\":\"https:\/\/www.estrategiaconcursos.com.br\/blog\/#website\"},\"primaryImageOfPage\":{\"@id\":\"https:\/\/www.estrategiaconcursos.com.br\/blog\/tj-rj-alteracoes-na-comissao-foram-revogadas\/#primaryimage\"},\"image\":{\"@id\":\"https:\/\/www.estrategiaconcursos.com.br\/blog\/tj-rj-alteracoes-na-comissao-foram-revogadas\/#primaryimage\"},\"thumbnailUrl\":\"https:\/\/dhg1h5j42swfq.cloudfront.net\/2020\/11\/18140912\/tjrj_diego_santos-1280x720-1.jpg\",\"datePublished\":\"2020-11-18T17:05:48+00:00\",\"dateModified\":\"2023-07-10T16:56:27+00:00\",\"description\":\"As portarias instauradas no dia 11\/11\/2020 que mudavam a comiss\u00e3o foram revogadas. Confira neste artigo a composi\u00e7\u00e3o da comiss\u00e3o do TJ RJ.\",\"breadcrumb\":{\"@id\":\"https:\/\/www.estrategiaconcursos.com.br\/blog\/tj-rj-alteracoes-na-comissao-foram-revogadas\/#breadcrumb\"},\"inLanguage\":\"pt-BR\",\"potentialAction\":[{\"@type\":\"ReadAction\",\"target\":[\"https:\/\/www.estrategiaconcursos.com.br\/blog\/tj-rj-alteracoes-na-comissao-foram-revogadas\/\"]}]},{\"@type\":\"ImageObject\",\"inLanguage\":\"pt-BR\",\"@id\":\"https:\/\/www.estrategiaconcursos.com.br\/blog\/tj-rj-alteracoes-na-comissao-foram-revogadas\/#primaryimage\",\"url\":\"https:\/\/dhg1h5j42swfq.cloudfront.net\/2020\/11\/18140912\/tjrj_diego_santos-1280x720-1.jpg\",\"contentUrl\":\"https:\/\/dhg1h5j42swfq.cloudfront.net\/2020\/11\/18140912\/tjrj_diego_santos-1280x720-1.jpg\",\"width\":1280,\"height\":720},{\"@type\":\"BreadcrumbList\",\"@id\":\"https:\/\/www.estrategiaconcursos.com.br\/blog\/tj-rj-alteracoes-na-comissao-foram-revogadas\/#breadcrumb\",\"itemListElement\":[{\"@type\":\"ListItem\",\"position\":1,\"name\":\"In\u00edcio\",\"item\":\"https:\/\/www.estrategiaconcursos.com.br\/blog\/\"},{\"@type\":\"ListItem\",\"position\":2,\"name\":\"TJ RJ: altera\u00e7\u00f5es na comiss\u00e3o foram revogadas! VEJA\"}]},{\"@type\":\"WebSite\",\"@id\":\"https:\/\/www.estrategiaconcursos.com.br\/blog\/#website\",\"url\":\"https:\/\/www.estrategiaconcursos.com.br\/blog\/\",\"name\":\"Estrat\u00e9gia Concursos\",\"description\":\"O blog da Estrat\u00e9gia Concursos traz not\u00edcias sobre concursos e artigos de professores oferecendo cursos para concursos (pdf + videaulas) no site.\",\"publisher\":{\"@id\":\"https:\/\/www.estrategiaconcursos.com.br\/blog\/#organization\"},\"potentialAction\":[{\"@type\":\"SearchAction\",\"target\":{\"@type\":\"EntryPoint\",\"urlTemplate\":\"https:\/\/www.estrategiaconcursos.com.br\/blog\/?s={search_term_string}\"},\"query-input\":{\"@type\":\"PropertyValueSpecification\",\"valueRequired\":true,\"valueName\":\"search_term_string\"}}],\"inLanguage\":\"pt-BR\"},{\"@type\":\"Organization\",\"@id\":\"https:\/\/www.estrategiaconcursos.com.br\/blog\/#organization\",\"name\":\"Estrat\u00e9gia Concursos\",\"url\":\"https:\/\/www.estrategiaconcursos.com.br\/blog\/\",\"logo\":{\"@type\":\"ImageObject\",\"inLanguage\":\"pt-BR\",\"@id\":\"https:\/\/www.estrategiaconcursos.com.br\/blog\/#\/schema\/logo\/image\/\",\"url\":\"https:\/\/dhg1h5j42swfq.cloudfront.net\/2025\/06\/03203428\/logo_concursos-1.jpg\",\"contentUrl\":\"https:\/\/dhg1h5j42swfq.cloudfront.net\/2025\/06\/03203428\/logo_concursos-1.jpg\",\"width\":230,\"height\":60,\"caption\":\"Estrat\u00e9gia Concursos\"},\"image\":{\"@id\":\"https:\/\/www.estrategiaconcursos.com.br\/blog\/#\/schema\/logo\/image\/\"},\"sameAs\":[\"https:\/\/x.com\/EstratConcursos\"]},{\"@type\":\"Person\",\"@id\":\"https:\/\/www.estrategiaconcursos.com.br\/blog\/#\/schema\/person\/024d26d5efb06d95dfc04025d7301591\",\"name\":\"Igor Maciel\",\"image\":{\"@type\":\"ImageObject\",\"inLanguage\":\"pt-BR\",\"@id\":\"https:\/\/secure.gravatar.com\/avatar\/e983a676af6facf4aebcb2989d49e3bf61b718712d5e7a4b3f355b7fe651bc2f?s=96&d=mm&r=g\",\"url\":\"https:\/\/secure.gravatar.com\/avatar\/e983a676af6facf4aebcb2989d49e3bf61b718712d5e7a4b3f355b7fe651bc2f?s=96&d=mm&r=g\",\"contentUrl\":\"https:\/\/secure.gravatar.com\/avatar\/e983a676af6facf4aebcb2989d49e3bf61b718712d5e7a4b3f355b7fe651bc2f?s=96&d=mm&r=g\",\"caption\":\"Igor Maciel\"},\"description\":\"Graduado na Universidade Federal de Pernambuco, com extens\u00e3o na Universidade de Coimbra\/Portugal. Especialista LLM em Direito Corporativo pelo IBMEC\/RJ. Mestrando em Direito e Pol\u00edticas P\u00fablicas pelo UNICEUB\/DF. Advogado com atua\u00e7\u00e3o profissional centrada no Direito Tribut\u00e1rio e no Direito Administrativo, especialmente na defesa de servidores p\u00fablicos.\",\"sameAs\":[\"http:\/\/www.imaciel.com.br\",\"https:\/\/www.facebook.com\/igor.maciel.1420\"],\"url\":\"https:\/\/www.estrategiaconcursos.com.br\/blog\/author\/contatoimaciel-com-br\/\"}]}<\/script>\n<!-- \/ Yoast SEO Premium plugin. -->","yoast_head_json":{"title":"TJ RJ: altera\u00e7\u00f5es na comiss\u00e3o foram revogadas! VEJA","description":"As portarias instauradas no dia 11\/11\/2020 que mudavam a comiss\u00e3o foram revogadas. Confira neste artigo a composi\u00e7\u00e3o da comiss\u00e3o do TJ RJ.","robots":{"index":"index","follow":"follow","max-snippet":"max-snippet:-1","max-image-preview":"max-image-preview:large","max-video-preview":"max-video-preview:-1"},"canonical":"https:\/\/www.estrategiaconcursos.com.br\/blog\/tj-rj-alteracoes-na-comissao-foram-revogadas\/","og_locale":"pt_BR","og_type":"article","og_title":"TJ RJ: altera\u00e7\u00f5es na comiss\u00e3o foram revogadas! VEJA","og_description":"As portarias instauradas no dia 11\/11\/2020 que mudavam a comiss\u00e3o foram revogadas. Confira neste artigo a composi\u00e7\u00e3o da comiss\u00e3o do TJ RJ.","og_url":"https:\/\/www.estrategiaconcursos.com.br\/blog\/tj-rj-alteracoes-na-comissao-foram-revogadas\/","og_site_name":"Estrat\u00e9gia Concursos","article_author":"https:\/\/www.facebook.com\/igor.maciel.1420","article_published_time":"2020-11-18T17:05:48+00:00","article_modified_time":"2023-07-10T16:56:27+00:00","og_image":[{"width":1280,"height":720,"url":"https:\/\/dhg1h5j42swfq.cloudfront.net\/2020\/11\/18140912\/tjrj_diego_santos-1280x720-1.jpg","type":"image\/jpeg"}],"author":"Igor Maciel","twitter_card":"summary_large_image","twitter_creator":"@EstratConcursos","twitter_site":"@EstratConcursos","twitter_misc":{"Escrito por":"Igor Maciel","Est. tempo de leitura":"2 minutos"},"schema":{"@context":"https:\/\/schema.org","@graph":[{"@type":"NewsArticle","@id":"https:\/\/www.estrategiaconcursos.com.br\/blog\/tj-rj-alteracoes-na-comissao-foram-revogadas\/#article","isPartOf":{"@id":"https:\/\/www.estrategiaconcursos.com.br\/blog\/tj-rj-alteracoes-na-comissao-foram-revogadas\/"},"author":{"name":"Igor Maciel","@id":"https:\/\/www.estrategiaconcursos.com.br\/blog\/#\/schema\/person\/024d26d5efb06d95dfc04025d7301591"},"headline":"TJ RJ: altera\u00e7\u00f5es na comiss\u00e3o foram revogadas! VEJA","datePublished":"2020-11-18T17:05:48+00:00","dateModified":"2023-07-10T16:56:27+00:00","mainEntityOfPage":{"@id":"https:\/\/www.estrategiaconcursos.com.br\/blog\/tj-rj-alteracoes-na-comissao-foram-revogadas\/"},"wordCount":403,"commentCount":0,"publisher":{"@id":"https:\/\/www.estrategiaconcursos.com.br\/blog\/#organization"},"image":{"@id":"https:\/\/www.estrategiaconcursos.com.br\/blog\/tj-rj-alteracoes-na-comissao-foram-revogadas\/#primaryimage"},"thumbnailUrl":"https:\/\/dhg1h5j42swfq.cloudfront.net\/2020\/11\/18140912\/tjrj_diego_santos-1280x720-1.jpg","articleSection":["Concursos P\u00fablicos","Tribunais"],"inLanguage":"pt-BR","potentialAction":[{"@type":"CommentAction","name":"Comment","target":["https:\/\/www.estrategiaconcursos.com.br\/blog\/tj-rj-alteracoes-na-comissao-foram-revogadas\/#respond"]}],"copyrightYear":"2020","copyrightHolder":{"@id":"https:\/\/www.estrategiaconcursos.com.br\/blog\/#organization"}},{"@type":"WebPage","@id":"https:\/\/www.estrategiaconcursos.com.br\/blog\/tj-rj-alteracoes-na-comissao-foram-revogadas\/","url":"https:\/\/www.estrategiaconcursos.com.br\/blog\/tj-rj-alteracoes-na-comissao-foram-revogadas\/","name":"TJ RJ: altera\u00e7\u00f5es na comiss\u00e3o foram revogadas! VEJA","isPartOf":{"@id":"https:\/\/www.estrategiaconcursos.com.br\/blog\/#website"},"primaryImageOfPage":{"@id":"https:\/\/www.estrategiaconcursos.com.br\/blog\/tj-rj-alteracoes-na-comissao-foram-revogadas\/#primaryimage"},"image":{"@id":"https:\/\/www.estrategiaconcursos.com.br\/blog\/tj-rj-alteracoes-na-comissao-foram-revogadas\/#primaryimage"},"thumbnailUrl":"https:\/\/dhg1h5j42swfq.cloudfront.net\/2020\/11\/18140912\/tjrj_diego_santos-1280x720-1.jpg","datePublished":"2020-11-18T17:05:48+00:00","dateModified":"2023-07-10T16:56:27+00:00","description":"As portarias instauradas no dia 11\/11\/2020 que mudavam a comiss\u00e3o foram revogadas. Confira neste artigo a composi\u00e7\u00e3o da comiss\u00e3o do TJ RJ.","breadcrumb":{"@id":"https:\/\/www.estrategiaconcursos.com.br\/blog\/tj-rj-alteracoes-na-comissao-foram-revogadas\/#breadcrumb"},"inLanguage":"pt-BR","potentialAction":[{"@type":"ReadAction","target":["https:\/\/www.estrategiaconcursos.com.br\/blog\/tj-rj-alteracoes-na-comissao-foram-revogadas\/"]}]},{"@type":"ImageObject","inLanguage":"pt-BR","@id":"https:\/\/www.estrategiaconcursos.com.br\/blog\/tj-rj-alteracoes-na-comissao-foram-revogadas\/#primaryimage","url":"https:\/\/dhg1h5j42swfq.cloudfront.net\/2020\/11\/18140912\/tjrj_diego_santos-1280x720-1.jpg","contentUrl":"https:\/\/dhg1h5j42swfq.cloudfront.net\/2020\/11\/18140912\/tjrj_diego_santos-1280x720-1.jpg","width":1280,"height":720},{"@type":"BreadcrumbList","@id":"https:\/\/www.estrategiaconcursos.com.br\/blog\/tj-rj-alteracoes-na-comissao-foram-revogadas\/#breadcrumb","itemListElement":[{"@type":"ListItem","position":1,"name":"In\u00edcio","item":"https:\/\/www.estrategiaconcursos.com.br\/blog\/"},{"@type":"ListItem","position":2,"name":"TJ RJ: altera\u00e7\u00f5es na comiss\u00e3o foram revogadas! VEJA"}]},{"@type":"WebSite","@id":"https:\/\/www.estrategiaconcursos.com.br\/blog\/#website","url":"https:\/\/www.estrategiaconcursos.com.br\/blog\/","name":"Estrat\u00e9gia Concursos","description":"O blog da Estrat\u00e9gia Concursos traz not\u00edcias sobre concursos e artigos de professores oferecendo cursos para concursos (pdf + videaulas) no site.","publisher":{"@id":"https:\/\/www.estrategiaconcursos.com.br\/blog\/#organization"},"potentialAction":[{"@type":"SearchAction","target":{"@type":"EntryPoint","urlTemplate":"https:\/\/www.estrategiaconcursos.com.br\/blog\/?s={search_term_string}"},"query-input":{"@type":"PropertyValueSpecification","valueRequired":true,"valueName":"search_term_string"}}],"inLanguage":"pt-BR"},{"@type":"Organization","@id":"https:\/\/www.estrategiaconcursos.com.br\/blog\/#organization","name":"Estrat\u00e9gia Concursos","url":"https:\/\/www.estrategiaconcursos.com.br\/blog\/","logo":{"@type":"ImageObject","inLanguage":"pt-BR","@id":"https:\/\/www.estrategiaconcursos.com.br\/blog\/#\/schema\/logo\/image\/","url":"https:\/\/dhg1h5j42swfq.cloudfront.net\/2025\/06\/03203428\/logo_concursos-1.jpg","contentUrl":"https:\/\/dhg1h5j42swfq.cloudfront.net\/2025\/06\/03203428\/logo_concursos-1.jpg","width":230,"height":60,"caption":"Estrat\u00e9gia Concursos"},"image":{"@id":"https:\/\/www.estrategiaconcursos.com.br\/blog\/#\/schema\/logo\/image\/"},"sameAs":["https:\/\/x.com\/EstratConcursos"]},{"@type":"Person","@id":"https:\/\/www.estrategiaconcursos.com.br\/blog\/#\/schema\/person\/024d26d5efb06d95dfc04025d7301591","name":"Igor Maciel","image":{"@type":"ImageObject","inLanguage":"pt-BR","@id":"https:\/\/secure.gravatar.com\/avatar\/e983a676af6facf4aebcb2989d49e3bf61b718712d5e7a4b3f355b7fe651bc2f?s=96&d=mm&r=g","url":"https:\/\/secure.gravatar.com\/avatar\/e983a676af6facf4aebcb2989d49e3bf61b718712d5e7a4b3f355b7fe651bc2f?s=96&d=mm&r=g","contentUrl":"https:\/\/secure.gravatar.com\/avatar\/e983a676af6facf4aebcb2989d49e3bf61b718712d5e7a4b3f355b7fe651bc2f?s=96&d=mm&r=g","caption":"Igor Maciel"},"description":"Graduado na Universidade Federal de Pernambuco, com extens\u00e3o na Universidade de Coimbra\/Portugal. Especialista LLM em Direito Corporativo pelo IBMEC\/RJ. Mestrando em Direito e Pol\u00edticas P\u00fablicas pelo UNICEUB\/DF. Advogado com atua\u00e7\u00e3o profissional centrada no Direito Tribut\u00e1rio e no Direito Administrativo, especialmente na defesa de servidores p\u00fablicos.","sameAs":["http:\/\/www.imaciel.com.br","https:\/\/www.facebook.com\/igor.maciel.1420"],"url":"https:\/\/www.estrategiaconcursos.com.br\/blog\/author\/contatoimaciel-com-br\/"}]}},"_links":{"self":[{"href":"https:\/\/www.estrategiaconcursos.com.br\/blog\/wp-json\/wp\/v2\/posts\/612621","targetHints":{"allow":["GET"]}}],"collection":[{"href":"https:\/\/www.estrategiaconcursos.com.br\/blog\/wp-json\/wp\/v2\/posts"}],"about":[{"href":"https:\/\/www.estrategiaconcursos.com.br\/blog\/wp-json\/wp\/v2\/types\/post"}],"author":[{"embeddable":true,"href":"https:\/\/www.estrategiaconcursos.com.br\/blog\/wp-json\/wp\/v2\/users\/317"}],"replies":[{"embeddable":true,"href":"https:\/\/www.estrategiaconcursos.com.br\/blog\/wp-json\/wp\/v2\/comments?post=612621"}],"version-history":[{"count":11,"href":"https:\/\/www.estrategiaconcursos.com.br\/blog\/wp-json\/wp\/v2\/posts\/612621\/revisions"}],"predecessor-version":[{"id":1245969,"href":"https:\/\/www.estrategiaconcursos.com.br\/blog\/wp-json\/wp\/v2\/posts\/612621\/revisions\/1245969"}],"wp:featuredmedia":[{"embeddable":true,"href":"https:\/\/www.estrategiaconcursos.com.br\/blog\/wp-json\/wp\/v2\/media\/612661"}],"wp:attachment":[{"href":"https:\/\/www.estrategiaconcursos.com.br\/blog\/wp-json\/wp\/v2\/media?parent=612621"}],"wp:term":[{"taxonomy":"category","embeddable":true,"href":"https:\/\/www.estrategiaconcursos.com.br\/blog\/wp-json\/wp\/v2\/categories?post=612621"},{"taxonomy":"post_tag","embeddable":true,"href":"https:\/\/www.estrategiaconcursos.com.br\/blog\/wp-json\/wp\/v2\/tags?post=612621"},{"taxonomy":"tax_estado","embeddable":true,"href":"https:\/\/www.estrategiaconcursos.com.br\/blog\/wp-json\/wp\/v2\/tax_estado?post=612621"}],"curies":[{"name":"wp","href":"https:\/\/api.w.org\/{rel}","templated":true}]}}