{"id":612374,"date":"2021-01-11T08:30:00","date_gmt":"2021-01-11T11:30:00","guid":{"rendered":"https:\/\/www.estrategiaconcursos.com.br\/blog\/?p=612374"},"modified":"2024-01-16T16:18:58","modified_gmt":"2024-01-16T19:18:58","slug":"concurso-prefeitura-canta","status":"publish","type":"post","link":"https:\/\/www.estrategiaconcursos.com.br\/blog\/concurso-prefeitura-canta\/","title":{"rendered":"Concurso Prefeitura de Cant\u00e1: Sele\u00e7\u00e3o \u00e9 suspensa! Entenda"},"content":{"rendered":"\n<p>O <strong>concurso p\u00fablico da Prefeitura de Cant\u00e1<\/strong>, munic\u00edpio localizado no estado de Roraima, foi suspenso por tempo indeterminado. Com isso, a aplica\u00e7\u00e3o da provas objetivas, previstas para o dia 10 de janeiro, foi cancelada um dia antes.<\/p>\n\n\n\n<p>Tal medida se deu por conta de apura\u00e7\u00f5es no<strong> limite legal de despesa de pessoal<\/strong> dispostos na Lei de Responsabilidade Fiscal, bem como poss\u00edveis irregularidades apontadas no processo SEI\/TCERR n\u00ba 0097\/2021.<\/p>\n\n\n\n<p>Al\u00e9m disso, autoriza\u00e7\u00f5es e homologa\u00e7\u00f5es de concursos tamb\u00e9m seguem suspensas.<\/p>\n\n\n\n<p id=\"block-5a29e5f7-bba2-4133-9add-271b6b423b79\">A sele\u00e7\u00e3o em andamento oferta <strong>68 vagas <\/strong>distribu\u00eddas entre cargos de n\u00edveis fundamental, m\u00e9dio e superior, mais cadastro de reserva, para atua\u00e7\u00e3o <strong>na Secretaria Municipal de Educa\u00e7\u00e3o<\/strong>.<\/p>\n\n\n\n<p id=\"block-20523980-a74c-499f-8ff6-9af03705a0c4\">A fim de te deixar sempre bem informado, elaboramos este artigo com as principais informa\u00e7\u00f5es e novidades sobre o <strong>concurso Prefeitura de Cant\u00e1<\/strong>. Acompanhe os t\u00f3picos abaixo e n\u00e3o perca nenhum detalhe:<\/p>\n\n\n\n<ul class=\"wp-block-list\" id=\"block-42e78219-743e-4778-b2de-addfff759f61\"><li><a href=\"#situacao\">Situa\u00e7\u00e3o atual do concurso<\/a><ul><li><a href=\"#suspensao\">Suspens\u00e3o<\/a><\/li><\/ul><ul><li><a href=\"#datas\">Principais datas<\/a><\/li><\/ul><\/li><li><a href=\"#cargos\">Cargos e vagas<\/a><ul><li><a href=\"#fundamental\">Fundamental<\/a><\/li><li><a href=\"#medio\">M\u00e9dio<\/a><\/li><li><a href=\"#superior\">Superior<\/a><\/li><\/ul><\/li><li><a href=\"#etapas\">Etapas e provas<\/a><\/li><li><a href=\"#cursos\">Cursos e assinaturas<\/a><\/li><li><a href=\"#ficha\">Ficha t\u00e9cnica<\/a><\/li><\/ul>\n\n\n\n<h2 class=\"wp-block-heading\" id=\"situacao\">Situa\u00e7\u00e3o atual do Concurso Prefeitura de Cant\u00e1<\/h2>\n\n\n\n<h3 class=\"wp-block-heading\" id=\"suspensao\">Suspens\u00e3o<\/h3>\n\n\n\n<p>Confira o comunicado de suspens\u00e3o dos concursos em andamento no munic\u00edpio de Cant\u00e1, publicado no Di\u00e1rio Oficial dos Munic\u00edpios de Roraima:<\/p>\n\n\n\n<div class=\"wp-block-image\"><figure class=\"aligncenter size-large\"><img loading=\"lazy\" decoding=\"async\" width=\"442\" height=\"659\" src=\"https:\/\/dhg1h5j42swfq.cloudfront.net\/2021\/01\/11084241\/image-89.png\" alt=\"comunicado de suspens\u00e3o dos concursos em andamento no munic\u00edpio de Cant\u00e1\" class=\"wp-image-646999\" srcset=\"https:\/\/dhg1h5j42swfq.cloudfront.net\/2021\/01\/11084241\/image-89.png 442w, https:\/\/dhg1h5j42swfq.cloudfront.net\/2021\/01\/11084241\/image-89-201x300.png 201w\" sizes=\"auto, (max-width: 442px) 100vw, 442px\" \/><\/figure><\/div>\n\n\n\n<h3 class=\"wp-block-heading\" id=\"datas\">Principais datas<\/h3>\n\n\n\n<ul class=\"wp-block-list\"><li><strong>Inscri\u00e7\u00f5es<\/strong>: <s>20\/11 a 21\/12\/2020<\/s><\/li><li><strong>Isen\u00e7\u00e3o da taxa<\/strong>: <s>20 a 24\/11\/2020<\/s><\/li><li><strong>\u00daltimo dia para pagamento<\/strong>: <s>22\/12\/2020<\/s><\/li><li><strong>Prova<\/strong>: SUSPENSA<\/li><\/ul>\n\n\n\n<p class=\"has-text-align-center has-luminous-vivid-amber-background-color has-background\"><strong><a href=\"https:\/\/dhg1h5j42swfq.cloudfront.net\/2021\/01\/11084130\/c92305b0fbbfc78391e8372f535f7e5c.pdf\" target=\"_blank\" rel=\"noreferrer noopener\">Comunicado de suspens\u00e3o da prova<\/a><\/strong><\/p>\n\n\n\n<h2 class=\"wp-block-heading\" id=\"cargos\">Cargos e vagas do concurso Prefeitura de Cant\u00e1<\/h2>\n\n\n\n<p>O Concurso da Prefeitura de Cant\u00e1 oferta <strong>68 vagas <\/strong>mais cadastro de reserva distribu\u00eddas em diversos cargos de n\u00edveis fundamental, m\u00e9dio e superior. Os sal\u00e1rios podem variar bastante, conforme o n\u00edvel de escolaridade. <\/p>\n\n\n\n<p>Os valores iniciais s\u00e3o de R$ 1.045,00 e R$ 2.164,68 com jornadas de trabalho de 30 a 40 horas semanais. Confira abaixo mais detalhes sobre os cargos ofertados no concurso:<\/p>\n\n\n\n<h3 class=\"wp-block-heading\" id=\"fundamental\">N\u00edvel fundamental<\/h3>\n\n\n\n<figure class=\"wp-block-table is-style-stripes\"><table class=\"has-subtle-pale-blue-background-color has-fixed-layout has-background\"><thead><tr><th><strong>CARGO<\/strong>S<\/th><th><strong>VAGAS<\/strong><\/th><th><strong>SAL\u00c1RIO<\/strong><\/th><\/tr><\/thead><tbody><tr><td>Auxiliar de Servi\u00e7os<br \/>Gerais<\/td><td>10 + 20 CR<\/td><td>R$ 1.045,00<\/td><\/tr><tr><td>Merendeira<\/td><td>10 + 20 CR<\/td><td>R$ 1.045,00<\/td><\/tr><\/tbody><\/table><\/figure>\n\n\n\n<h3 class=\"wp-block-heading\" id=\"medio\">Ensino m\u00e9dio<\/h3>\n\n\n\n<figure class=\"wp-block-table is-style-stripes\"><table class=\"has-subtle-pale-blue-background-color has-fixed-layout has-background\"><thead><tr><th><strong>CARGO<\/strong>S<\/th><th><strong>VAGAS<\/strong><\/th><th><strong>SAL\u00c1RIO<\/strong><\/th><\/tr><\/thead><tbody><tr><td>Assistente de Aluno<\/td><td>10 + 20 CR<\/td><td>R$ 1.045,00<\/td><\/tr><\/tbody><\/table><\/figure>\n\n\n\n<h3 class=\"wp-block-heading\" id=\"superior\">Curso superior<\/h3>\n\n\n\n<figure class=\"wp-block-table is-style-stripes\"><table class=\"has-subtle-pale-blue-background-color has-fixed-layout has-background\"><thead><tr><th><strong>CARGO<\/strong>S<\/th><th><strong>VAGAS<\/strong><\/th><th><strong>SAL\u00c1RIO<\/strong><\/th><\/tr><\/thead><tbody><tr><td>Professor N\u00edvel I<br \/>Pedagogo<\/td><td>36 + 67 CR<\/td><td>R$ 2.164,68<\/td><\/tr><tr><td>Professor N\u00edvel I &#8211; Pedagogo L\u00edngua Materna<br \/>Macuxi<\/td><td>01 + 03 CR<\/td><td>R$ 2.164,68<\/td><\/tr><tr><td>Professor N\u00edvel I &#8211; Pedagogo L\u00edngua Materna<br \/>Wapichana<\/td><td>01 + 03 CR<\/td><td>R$ 2.164,68<\/td><\/tr><\/tbody><\/table><\/figure>\n\n\n\n<h2 class=\"wp-block-heading\" id=\"etapas\">Etapas e provas do concurso Prefeitura de Cant\u00e1<\/h2>\n\n\n\n<p>O <strong>Concurso Prefeitura de Cant\u00e1<\/strong> ser\u00e1 realizado em uma etapa para os candidatos aos cargos de n\u00edvel fundamental e m\u00e9dio, duas etapas para os candidatos ao cargo de Professor N\u00edvel I Pedagogo e em tr\u00eas etapas para os Profissionais da L\u00edngua Materna, conforme segue:<\/p>\n\n\n\n<p class=\"has-luminous-vivid-amber-background-color has-background has-medium-font-size\"><strong>CARGOS DE N\u00cdVEL SUPERIOR: Professor N\u00edvel I Pedagogo<\/strong><\/p>\n\n\n\n<p style=\"font-size:clamp(14.642px, 0.915rem + ((1vw - 3.2px) * 0.721), 22px);px\"><strong>1\u00aa Etapa<\/strong> &#8211; <strong> Prova Objetiva<\/strong><\/p>\n\n\n\n<p>A primeira etapa ser\u00e1 composta de Prova Objetiva de Conhecimentos, com quest\u00f5es de m\u00faltipla escolha &#8211; com valor total de 100 pontos.<\/p>\n\n\n\n<div class=\"wp-block-image\"><figure class=\"aligncenter size-large\"><img loading=\"lazy\" decoding=\"async\" width=\"559\" height=\"118\" src=\"https:\/\/dhg1h5j42swfq.cloudfront.net\/2020\/11\/18135541\/titulos-2.png\" alt=\"Prova Objetiva do concurso Prefeitura de Cant\u00e1\" class=\"wp-image-612648\" srcset=\"https:\/\/dhg1h5j42swfq.cloudfront.net\/2020\/11\/18135541\/titulos-2.png 559w, https:\/\/dhg1h5j42swfq.cloudfront.net\/2020\/11\/18135541\/titulos-2-300x63.png 300w\" sizes=\"auto, (max-width: 559px) 100vw, 559px\" \/><\/figure><\/div>\n\n\n\n<p style=\"font-size:clamp(14.642px, 0.915rem + ((1vw - 3.2px) * 0.721), 22px);px\"><strong>2\u00aa Etapa \u2013 Exames m\u00e9dicos, de car\u00e1ter eliminat\u00f3rio<\/strong><\/p>\n\n\n\n<p>A segunda etapa para os cargos de n\u00edvel superior <strong>Professor N\u00edvel I Pedagogo<\/strong> ser\u00e1 de apresenta\u00e7\u00e3o, na data estipulada no Cronograma, os seguintes exames:<\/p>\n\n\n\n<ul class=\"wp-block-list\"><li>Exames de sangue \u2013 Hemograma completo;<\/li><li>Audiometria;<\/li><li>Videolaringoscopia.<\/li><li>Exame de Sanidade F\u00edsica e Mental, que comprovar\u00e1 a aptid\u00e3o necess\u00e1ria para o exerc\u00edcio do cargo;<br \/><br \/><strong>OBS<\/strong>: Ser\u00e3o aceitos os exames realizados anteriores ao per\u00edodo da pandemia, dentro do prazo limite de doze meses, desde que, nos laborat\u00f3rios credenciados.<\/li><\/ul>\n\n\n\n<p class=\"has-luminous-vivid-amber-background-color has-background has-medium-font-size\"><strong>CARGOS DE N\u00cdVEL SUPERIOR: Professor N\u00edvel I Pedagogo (L\u00ednguas Maternas \u2013 Macuxi e Wapichana<\/strong>)<\/p>\n\n\n\n<p style=\"font-size:clamp(14.642px, 0.915rem + ((1vw - 3.2px) * 0.721), 22px);px\"><strong>1\u00aa Etapa &#8211; Prova Objetiva<\/strong><\/p>\n\n\n\n<p>A primeira etapa para o cargo de <strong>Professor N\u00edvel I Pedagogo (L\u00ednguas Maternas \u2013 Macuxi e Wapichana<\/strong>) tamb\u00e9m ser\u00e1 de Prova Objetiva de Conhecimentos, com quest\u00f5es de m\u00faltipla escolha &#8211; com valor total de 100 pontos. Confira abaixo mais detalhes:<\/p>\n\n\n\n<div class=\"wp-block-image\"><figure class=\"aligncenter size-large\"><img loading=\"lazy\" decoding=\"async\" width=\"603\" height=\"151\" src=\"https:\/\/dhg1h5j42swfq.cloudfront.net\/2020\/11\/18100055\/image-231.png\" alt=\"Prova Objetiva cargos de n\u00edvel superior (concurso Prefeitura de Cant\u00e1)\" class=\"wp-image-612427\" srcset=\"https:\/\/dhg1h5j42swfq.cloudfront.net\/2020\/11\/18100055\/image-231.png 603w, https:\/\/dhg1h5j42swfq.cloudfront.net\/2020\/11\/18100055\/image-231-300x75.png 300w\" sizes=\"auto, (max-width: 603px) 100vw, 603px\" \/><\/figure><\/div>\n\n\n\n<p style=\"font-size:clamp(14.642px, 0.915rem + ((1vw - 3.2px) * 0.721), 22px);px\"><strong>2\u00aa Etapa \u2013 Exames m\u00e9dicos, de car\u00e1ter eliminat\u00f3rio<\/strong><\/p>\n\n\n\n<ul class=\"wp-block-list\"><li>Exames de sangue \u2013 Hemograma completo;<\/li><li>Audiometria;<\/li><li>Videolaringoscopia.<br \/><br \/><strong>OBS<\/strong>: Tamb\u00e9m ser\u00e3o aceitos os exames realizados anteriores ao per\u00edodo da pandemia, dentro do prazo limite de doze meses<\/li><\/ul>\n\n\n\n<p style=\"font-size:clamp(14.642px, 0.915rem + ((1vw - 3.2px) * 0.721), 22px);px\"><strong>3\u00aa. Etapa &#8211; Prova Oral \u2013 l\u00edngua falada &#8211; com valor total de 40 pontos:<\/strong><\/p>\n\n\n\n<div class=\"wp-block-image\"><figure class=\"aligncenter size-large\"><img loading=\"lazy\" decoding=\"async\" width=\"631\" height=\"116\" src=\"https:\/\/dhg1h5j42swfq.cloudfront.net\/2020\/11\/18100152\/image-232.png\" alt=\"Terceira Etapa - Prova Oral (concurso Prefeitura de Cant\u00e1)\" class=\"wp-image-612428\" srcset=\"https:\/\/dhg1h5j42swfq.cloudfront.net\/2020\/11\/18100152\/image-232.png 631w, https:\/\/dhg1h5j42swfq.cloudfront.net\/2020\/11\/18100152\/image-232-300x55.png 300w, https:\/\/dhg1h5j42swfq.cloudfront.net\/2020\/11\/18100152\/image-232-610x112.png 610w\" sizes=\"auto, (max-width: 631px) 100vw, 631px\" \/><\/figure><\/div>\n\n\n\n<p class=\"has-luminous-vivid-amber-background-color has-background has-medium-font-size\"><strong>CARGOS DE N\u00cdVEL M\u00c9DIO: Assistente de Aluno<\/strong><\/p>\n\n\n\n<p style=\"font-size:clamp(14.642px, 0.915rem + ((1vw - 3.2px) * 0.721), 22px);px\"><strong>1\u00aa. Etapa &#8211; Prova Objetiva (\u00fanica)<\/strong><\/p>\n\n\n\n<p>A primeira etapa para os cargos de n\u00edvel m\u00e9dio &#8211; Assistente de Aluno ser\u00e1 composta por Prova Objetiva de Conhecimentos, com quest\u00f5es de m\u00faltipla escolha &#8211; com valor total de 100 pontos.<\/p>\n\n\n\n<div class=\"wp-block-image\"><figure class=\"aligncenter size-large\"><img loading=\"lazy\" decoding=\"async\" width=\"610\" height=\"157\" src=\"https:\/\/dhg1h5j42swfq.cloudfront.net\/2020\/11\/18100237\/image-233.png\" alt=\"Prova Objetiva - (concurso Prefeitura de Cant\u00e1)\" class=\"wp-image-612429\" srcset=\"https:\/\/dhg1h5j42swfq.cloudfront.net\/2020\/11\/18100237\/image-233.png 610w, https:\/\/dhg1h5j42swfq.cloudfront.net\/2020\/11\/18100237\/image-233-300x77.png 300w\" sizes=\"auto, (max-width: 610px) 100vw, 610px\" \/><\/figure><\/div>\n\n\n\n<p class=\"has-luminous-vivid-amber-background-color has-background has-medium-font-size\"><strong>CARGOS DE N\u00cdVEL FUNDAMENTAL: Auxiliar de Servi\u00e7os Gerais e Merendeira<\/strong><\/p>\n\n\n\n<p style=\"font-size:clamp(14.642px, 0.915rem + ((1vw - 3.2px) * 0.721), 22px);px\"><strong>1\u00aa. Etapa &#8211; Prova Objetiva (\u00fanica)<\/strong><\/p>\n\n\n\n<p>Os cargos de n\u00edvel fundamental tamb\u00e9m ter\u00e3o apenas uma etapa, sendo esta de Prova Objetiva de Conhecimentos, com quest\u00f5es de m\u00faltipla escolha com valor total de 100 pontos.<\/p>\n\n\n\n<div class=\"wp-block-image\"><figure class=\"aligncenter size-large\"><img loading=\"lazy\" decoding=\"async\" width=\"609\" height=\"150\" src=\"https:\/\/dhg1h5j42swfq.cloudfront.net\/2020\/11\/18100307\/image-234.png\" alt=\"Prova Objetiva - Pref de Cant\u00e1\" class=\"wp-image-612430\" srcset=\"https:\/\/dhg1h5j42swfq.cloudfront.net\/2020\/11\/18100307\/image-234.png 609w, https:\/\/dhg1h5j42swfq.cloudfront.net\/2020\/11\/18100307\/image-234-300x74.png 300w\" sizes=\"auto, (max-width: 609px) 100vw, 609px\" \/><\/figure><\/div>\n\n\n\n<hr class=\"wp-block-separator\"\/>\n\n\n\n<h2 class=\"has-text-align-center wp-block-heading\" id=\"cursos\">Quer estudar para o concurso Prefeitura de Cant\u00e1?<\/h2>\n\n\n\n<div class=\"container\" id=\"boxes\">\n  <div class=\"row\">\n\n    <div class=\"col-sm\">\n      <div class=\"estrategia\" id=\"box-assinatura\">\n        <h3 class=\"titulo-assinatura\">Assinatura Ilimitada<\/h3>\n        <p class=\"subtitulo-assinatura\">Assinatura Anual Ilimitada*<\/p>\n        <div class=\"box-botao\">\n          <a class=\"btn-assinatura\" target=\"_blank\" href=\"https:\/\/www.estrategiaconcursos.com.br\/assinaturas\/\" role=\"button\" rel=\"noopener noreferrer\">ASSINE AGORA<\/a>\n        <\/div>\n      <\/div>\n      <p class=\"texto-auxiliar\">Prepare-se com o melhor material e com quem mais aprova em Concursos P\u00fablicos em todo o pa\u00eds. Assine agora a nossa Assinatura Anual e tenha acesso ilimitado* a todos os nossos cursos.<\/p>\n    <\/div>\n\n    <div class=\"col-sm\">\n      <div class=\"questoes\" id=\"box-assinatura\">\n        <h3 class=\"titulo-assinatura\">Sistema de Quest\u00f5es<\/h3>\n        <p class=\"subtitulo-assinatura\">Assinatura Ilimitada*\n<\/p>\n        <div class=\"box-botao\">\n          <a class=\"btn-assinatura\" target=\"_blank\" href=\"https:\/\/www.estrategiaconcursos.com.br\/cursosPorConcurso\/sistema-de-questoes\/#\/\" role=\"button\" rel=\"noopener noreferrer\">ASSINE AGORA<\/a>\n        <\/div>\n      <\/div>\n      <p class=\"texto-auxiliar\">Estrat\u00e9gia Quest\u00f5es nasceu maior do que todos os concorrentes, com mais quest\u00f5es cadastradas e mais solu\u00e7\u00f5es por professores. Clique no link e aproveite os descontos e b\u00f4nus imperd\u00edveis!<\/p>\n    <\/div>\n  <\/div>\n<\/div>\n\n\n\n<div class=\"container\" id=\"boxes\">\n  <div class=\"row\">\n\n    <div class=\"col-sm\" id=\"boxes-concursos\">\n      <div style=\"background-color: #005DAD;\" class=\"conteudo-concursos\" id=\"box-concursos\">\n        <h3 class=\"titulo-assinatura\">Concursos Abertos<\/h3>\n        <p class=\"subtitulo-assinatura\">mais de 15 mil vagas<\/p>\n        <div class=\"box-botao\">\n          <a class=\"btn-assinatura\" target=\"_blank\" href=\"https:\/\/www.estrategiaconcursos.com.br\/blog\/concursos-abertos\/\" role=\"button\" rel=\"noopener noreferrer\">Conhe\u00e7a Agora<\/a>\n        <\/div>\n      <\/div>\n    <\/div>\n\n\n    <div class=\"col-sm\" id=\"boxes-concursos\">\n      <div style=\"background-color: #419FF0;\" class=\"conteudo-concursos\" id=\"box-concursos\">\n        <h3 class=\"titulo-assinatura\">Concursos 2021<\/h3>\n        <p class=\"subtitulo-assinatura\">mais de 50 mil vagas<\/p>\n        <div class=\"box-botao\">\n          <a class=\"btn-assinatura\" target=\"_blank\" href=\"https:\/\/www.estrategiaconcursos.com.br\/blog\/concursos-2021\/\" role=\"button\" rel=\"noopener noreferrer\">Conhe\u00e7a Agora<\/a>\n        <\/div>\n      <\/div>\n    <\/div>\n\n  <\/div>\n<\/div>\n\n\n\n<figure class=\"wp-block-image\" id=\"block-bfbcc6a4-6c61-474d-b9b4-07a76d8feca1\"><img decoding=\"async\" src=\"https:\/\/dhg1h5j42swfq.cloudfront.net\/2017\/03\/28152500\/coruja-ficha-tecnica-300x102.png\" alt=\"O atributo alt desta imagem est\u00e1 vazio. O nome do arquivo \u00e9 coruja-ficha-tecnica-300x102.png\"\/><\/figure>\n\n\n\n<h3 class=\"wp-block-heading\" id=\"ficha\">Informa\u00e7\u00f5es do concurso Prefeitura de Cant\u00e1<\/h3>\n\n\n\n<ul class=\"wp-block-list\" id=\"block-c555158a-b676-4644-84c4-e169d8deb672\"><li><strong>Provas<\/strong>: SUSPENSAS<\/li><li><strong>Vagas<\/strong>: 68 + CR<\/li><li><strong>Cargos<\/strong>: diversos<\/li><li><strong>Banca<\/strong>: NTCS Consultoria e Sele\u00e7\u00f5es<\/li><li><strong>Escolaridade<\/strong>: N\u00edvel fundamental, m\u00e9dio e superior<\/li><li><strong>Edital<\/strong>:&nbsp;<a rel=\"noreferrer noopener\" href=\"https:\/\/dhg1h5j42swfq.cloudfront.net\/2020\/11\/18102926\/a33e4b37d06c196b4c2a43b2c15c898b.pdf\" target=\"_blank\">Prefeitura de Cant\u00e1<\/a><\/li><\/ul>\n","protected":false},"excerpt":{"rendered":"<p>O concurso p\u00fablico da Prefeitura de Cant\u00e1, munic\u00edpio localizado no estado de Roraima, foi suspenso por tempo indeterminado. Com isso, a aplica\u00e7\u00e3o da provas objetivas, previstas para o dia 10 de janeiro, foi cancelada um dia antes. Tal medida se deu por conta de apura\u00e7\u00f5es no limite legal de despesa de pessoal dispostos na Lei [&hellip;]<\/p>\n","protected":false},"author":1,"featured_media":647005,"comment_status":"open","ping_status":"closed","sticky":false,"template":"","format":"standard","meta":{"post_tipo":"news_page","footnotes":""},"categories":[1],"tags":[],"tax_estado":[219985],"class_list":["post-612374","post","type-post","status-publish","format-standard","has-post-thumbnail","hentry","category-cursos-e-concursos","tax_estado-rr"],"acf":[],"yoast_head":"<!-- This site is optimized with the Yoast SEO Premium plugin v27.2 (Yoast SEO v27.2) - https:\/\/yoast.com\/product\/yoast-seo-premium-wordpress\/ -->\n<title>Concurso Prefeitura de Cant\u00e1: Sele\u00e7\u00e3o \u00e9 suspensa! Entenda<\/title>\n<meta name=\"description\" content=\"Concurso Prefeitura de Cant\u00e1 RR: Sele\u00e7\u00e3o com oferta de 68 vagas \u00e9 suspensa por conta de limite de despesa com pessoal. Confira mais detalhes.\" \/>\n<meta name=\"robots\" content=\"index, follow, max-snippet:-1, max-image-preview:large, max-video-preview:-1\" \/>\n<link rel=\"canonical\" href=\"https:\/\/www.estrategiaconcursos.com.br\/blog\/concurso-prefeitura-canta\/\" \/>\n<meta property=\"og:locale\" content=\"pt_BR\" \/>\n<meta property=\"og:type\" content=\"article\" \/>\n<meta property=\"og:title\" content=\"Concurso Prefeitura de Cant\u00e1: Sele\u00e7\u00e3o \u00e9 suspensa! Entenda\" \/>\n<meta property=\"og:description\" content=\"Concurso Prefeitura de Cant\u00e1 RR: Sele\u00e7\u00e3o com oferta de 68 vagas \u00e9 suspensa por conta de limite de despesa com pessoal. Confira mais detalhes.\" \/>\n<meta property=\"og:url\" content=\"https:\/\/www.estrategiaconcursos.com.br\/blog\/concurso-prefeitura-canta\/\" \/>\n<meta property=\"og:site_name\" content=\"Estrat\u00e9gia Concursos\" \/>\n<meta property=\"article:author\" content=\"https:\/\/www.facebook.com\/EstrategiaConcursos\" \/>\n<meta property=\"article:published_time\" content=\"2021-01-11T11:30:00+00:00\" \/>\n<meta property=\"article:modified_time\" content=\"2024-01-16T19:18:58+00:00\" \/>\n<meta property=\"og:image\" content=\"https:\/\/dhg1h5j42swfq.cloudfront.net\/2020\/11\/11084602\/prefeitura_de_canta_rr.jpg\" \/>\n\t<meta property=\"og:image:width\" content=\"1200\" \/>\n\t<meta property=\"og:image:height\" content=\"628\" \/>\n\t<meta property=\"og:image:type\" content=\"image\/jpeg\" \/>\n<meta name=\"author\" content=\"Coordena\u00e7\u00e3o\" \/>\n<meta name=\"twitter:card\" content=\"summary_large_image\" \/>\n<meta name=\"twitter:creator\" content=\"@EstratConcursos\" \/>\n<meta name=\"twitter:site\" content=\"@EstratConcursos\" \/>\n<meta name=\"twitter:label1\" content=\"Escrito por\" \/>\n\t<meta name=\"twitter:data1\" content=\"Coordena\u00e7\u00e3o\" \/>\n\t<meta name=\"twitter:label2\" content=\"Est. tempo de leitura\" \/>\n\t<meta name=\"twitter:data2\" content=\"4 minutos\" \/>\n<script type=\"application\/ld+json\" class=\"yoast-schema-graph\">{\"@context\":\"https:\/\/schema.org\",\"@graph\":[{\"@type\":\"NewsArticle\",\"@id\":\"https:\/\/www.estrategiaconcursos.com.br\/blog\/concurso-prefeitura-canta\/#article\",\"isPartOf\":{\"@id\":\"https:\/\/www.estrategiaconcursos.com.br\/blog\/concurso-prefeitura-canta\/\"},\"author\":{\"name\":\"Coordena\u00e7\u00e3o\",\"@id\":\"https:\/\/www.estrategiaconcursos.com.br\/blog\/#\/schema\/person\/b4a388c97673c5f483d72185668afa1f\"},\"headline\":\"Concurso Prefeitura de Cant\u00e1: Sele\u00e7\u00e3o \u00e9 suspensa! Entenda\",\"datePublished\":\"2021-01-11T11:30:00+00:00\",\"dateModified\":\"2024-01-16T19:18:58+00:00\",\"mainEntityOfPage\":{\"@id\":\"https:\/\/www.estrategiaconcursos.com.br\/blog\/concurso-prefeitura-canta\/\"},\"wordCount\":912,\"commentCount\":0,\"publisher\":{\"@id\":\"https:\/\/www.estrategiaconcursos.com.br\/blog\/#organization\"},\"image\":{\"@id\":\"https:\/\/www.estrategiaconcursos.com.br\/blog\/concurso-prefeitura-canta\/#primaryimage\"},\"thumbnailUrl\":\"https:\/\/dhg1h5j42swfq.cloudfront.net\/2020\/11\/11084602\/prefeitura_de_canta_rr.jpg\",\"articleSection\":[\"Concursos P\u00fablicos\"],\"inLanguage\":\"pt-BR\",\"potentialAction\":[{\"@type\":\"CommentAction\",\"name\":\"Comment\",\"target\":[\"https:\/\/www.estrategiaconcursos.com.br\/blog\/concurso-prefeitura-canta\/#respond\"]}],\"copyrightYear\":\"2021\",\"copyrightHolder\":{\"@id\":\"https:\/\/www.estrategiaconcursos.com.br\/blog\/#organization\"}},{\"@type\":\"WebPage\",\"@id\":\"https:\/\/www.estrategiaconcursos.com.br\/blog\/concurso-prefeitura-canta\/\",\"url\":\"https:\/\/www.estrategiaconcursos.com.br\/blog\/concurso-prefeitura-canta\/\",\"name\":\"Concurso Prefeitura de Cant\u00e1: Sele\u00e7\u00e3o \u00e9 suspensa! Entenda\",\"isPartOf\":{\"@id\":\"https:\/\/www.estrategiaconcursos.com.br\/blog\/#website\"},\"primaryImageOfPage\":{\"@id\":\"https:\/\/www.estrategiaconcursos.com.br\/blog\/concurso-prefeitura-canta\/#primaryimage\"},\"image\":{\"@id\":\"https:\/\/www.estrategiaconcursos.com.br\/blog\/concurso-prefeitura-canta\/#primaryimage\"},\"thumbnailUrl\":\"https:\/\/dhg1h5j42swfq.cloudfront.net\/2020\/11\/11084602\/prefeitura_de_canta_rr.jpg\",\"datePublished\":\"2021-01-11T11:30:00+00:00\",\"dateModified\":\"2024-01-16T19:18:58+00:00\",\"description\":\"Concurso Prefeitura de Cant\u00e1 RR: Sele\u00e7\u00e3o com oferta de 68 vagas \u00e9 suspensa por conta de limite de despesa com pessoal. Confira mais detalhes.\",\"breadcrumb\":{\"@id\":\"https:\/\/www.estrategiaconcursos.com.br\/blog\/concurso-prefeitura-canta\/#breadcrumb\"},\"inLanguage\":\"pt-BR\",\"potentialAction\":[{\"@type\":\"ReadAction\",\"target\":[\"https:\/\/www.estrategiaconcursos.com.br\/blog\/concurso-prefeitura-canta\/\"]}]},{\"@type\":\"ImageObject\",\"inLanguage\":\"pt-BR\",\"@id\":\"https:\/\/www.estrategiaconcursos.com.br\/blog\/concurso-prefeitura-canta\/#primaryimage\",\"url\":\"https:\/\/dhg1h5j42swfq.cloudfront.net\/2020\/11\/11084602\/prefeitura_de_canta_rr.jpg\",\"contentUrl\":\"https:\/\/dhg1h5j42swfq.cloudfront.net\/2020\/11\/11084602\/prefeitura_de_canta_rr.jpg\",\"width\":1200,\"height\":628},{\"@type\":\"BreadcrumbList\",\"@id\":\"https:\/\/www.estrategiaconcursos.com.br\/blog\/concurso-prefeitura-canta\/#breadcrumb\",\"itemListElement\":[{\"@type\":\"ListItem\",\"position\":1,\"name\":\"In\u00edcio\",\"item\":\"https:\/\/www.estrategiaconcursos.com.br\/blog\/\"},{\"@type\":\"ListItem\",\"position\":2,\"name\":\"Concurso Prefeitura de Cant\u00e1: Sele\u00e7\u00e3o \u00e9 suspensa! Entenda\"}]},{\"@type\":\"WebSite\",\"@id\":\"https:\/\/www.estrategiaconcursos.com.br\/blog\/#website\",\"url\":\"https:\/\/www.estrategiaconcursos.com.br\/blog\/\",\"name\":\"Estrat\u00e9gia Concursos\",\"description\":\"O blog da Estrat\u00e9gia Concursos traz not\u00edcias sobre concursos e artigos de professores oferecendo cursos para concursos (pdf + videaulas) no site.\",\"publisher\":{\"@id\":\"https:\/\/www.estrategiaconcursos.com.br\/blog\/#organization\"},\"potentialAction\":[{\"@type\":\"SearchAction\",\"target\":{\"@type\":\"EntryPoint\",\"urlTemplate\":\"https:\/\/www.estrategiaconcursos.com.br\/blog\/?s={search_term_string}\"},\"query-input\":{\"@type\":\"PropertyValueSpecification\",\"valueRequired\":true,\"valueName\":\"search_term_string\"}}],\"inLanguage\":\"pt-BR\"},{\"@type\":\"Organization\",\"@id\":\"https:\/\/www.estrategiaconcursos.com.br\/blog\/#organization\",\"name\":\"Estrat\u00e9gia Concursos\",\"url\":\"https:\/\/www.estrategiaconcursos.com.br\/blog\/\",\"logo\":{\"@type\":\"ImageObject\",\"inLanguage\":\"pt-BR\",\"@id\":\"https:\/\/www.estrategiaconcursos.com.br\/blog\/#\/schema\/logo\/image\/\",\"url\":\"https:\/\/dhg1h5j42swfq.cloudfront.net\/2025\/06\/03203428\/logo_concursos-1.jpg\",\"contentUrl\":\"https:\/\/dhg1h5j42swfq.cloudfront.net\/2025\/06\/03203428\/logo_concursos-1.jpg\",\"width\":230,\"height\":60,\"caption\":\"Estrat\u00e9gia Concursos\"},\"image\":{\"@id\":\"https:\/\/www.estrategiaconcursos.com.br\/blog\/#\/schema\/logo\/image\/\"},\"sameAs\":[\"https:\/\/x.com\/EstratConcursos\"]},{\"@type\":\"Person\",\"@id\":\"https:\/\/www.estrategiaconcursos.com.br\/blog\/#\/schema\/person\/b4a388c97673c5f483d72185668afa1f\",\"name\":\"Coordena\u00e7\u00e3o\",\"image\":{\"@type\":\"ImageObject\",\"inLanguage\":\"pt-BR\",\"@id\":\"https:\/\/secure.gravatar.com\/avatar\/b720319e4c9a967eb58678d110f4fe35452fc5d5f97b202bac7b8acceb18c6ad?s=96&d=mm&r=g\",\"url\":\"https:\/\/secure.gravatar.com\/avatar\/b720319e4c9a967eb58678d110f4fe35452fc5d5f97b202bac7b8acceb18c6ad?s=96&d=mm&r=g\",\"contentUrl\":\"https:\/\/secure.gravatar.com\/avatar\/b720319e4c9a967eb58678d110f4fe35452fc5d5f97b202bac7b8acceb18c6ad?s=96&d=mm&r=g\",\"caption\":\"Coordena\u00e7\u00e3o\"},\"sameAs\":[\"https:\/\/www.facebook.com\/EstrategiaConcursos\",\"https:\/\/x.com\/EstratConcursos\"],\"url\":\"https:\/\/www.estrategiaconcursos.com.br\/blog\/author\/estrategia2013\/\"}]}<\/script>\n<!-- \/ Yoast SEO Premium plugin. -->","yoast_head_json":{"title":"Concurso Prefeitura de Cant\u00e1: Sele\u00e7\u00e3o \u00e9 suspensa! Entenda","description":"Concurso Prefeitura de Cant\u00e1 RR: Sele\u00e7\u00e3o com oferta de 68 vagas \u00e9 suspensa por conta de limite de despesa com pessoal. Confira mais detalhes.","robots":{"index":"index","follow":"follow","max-snippet":"max-snippet:-1","max-image-preview":"max-image-preview:large","max-video-preview":"max-video-preview:-1"},"canonical":"https:\/\/www.estrategiaconcursos.com.br\/blog\/concurso-prefeitura-canta\/","og_locale":"pt_BR","og_type":"article","og_title":"Concurso Prefeitura de Cant\u00e1: Sele\u00e7\u00e3o \u00e9 suspensa! Entenda","og_description":"Concurso Prefeitura de Cant\u00e1 RR: Sele\u00e7\u00e3o com oferta de 68 vagas \u00e9 suspensa por conta de limite de despesa com pessoal. Confira mais detalhes.","og_url":"https:\/\/www.estrategiaconcursos.com.br\/blog\/concurso-prefeitura-canta\/","og_site_name":"Estrat\u00e9gia Concursos","article_author":"https:\/\/www.facebook.com\/EstrategiaConcursos","article_published_time":"2021-01-11T11:30:00+00:00","article_modified_time":"2024-01-16T19:18:58+00:00","og_image":[{"width":1200,"height":628,"url":"https:\/\/dhg1h5j42swfq.cloudfront.net\/2020\/11\/11084602\/prefeitura_de_canta_rr.jpg","type":"image\/jpeg"}],"author":"Coordena\u00e7\u00e3o","twitter_card":"summary_large_image","twitter_creator":"@EstratConcursos","twitter_site":"@EstratConcursos","twitter_misc":{"Escrito por":"Coordena\u00e7\u00e3o","Est. tempo de leitura":"4 minutos"},"schema":{"@context":"https:\/\/schema.org","@graph":[{"@type":"NewsArticle","@id":"https:\/\/www.estrategiaconcursos.com.br\/blog\/concurso-prefeitura-canta\/#article","isPartOf":{"@id":"https:\/\/www.estrategiaconcursos.com.br\/blog\/concurso-prefeitura-canta\/"},"author":{"name":"Coordena\u00e7\u00e3o","@id":"https:\/\/www.estrategiaconcursos.com.br\/blog\/#\/schema\/person\/b4a388c97673c5f483d72185668afa1f"},"headline":"Concurso Prefeitura de Cant\u00e1: Sele\u00e7\u00e3o \u00e9 suspensa! Entenda","datePublished":"2021-01-11T11:30:00+00:00","dateModified":"2024-01-16T19:18:58+00:00","mainEntityOfPage":{"@id":"https:\/\/www.estrategiaconcursos.com.br\/blog\/concurso-prefeitura-canta\/"},"wordCount":912,"commentCount":0,"publisher":{"@id":"https:\/\/www.estrategiaconcursos.com.br\/blog\/#organization"},"image":{"@id":"https:\/\/www.estrategiaconcursos.com.br\/blog\/concurso-prefeitura-canta\/#primaryimage"},"thumbnailUrl":"https:\/\/dhg1h5j42swfq.cloudfront.net\/2020\/11\/11084602\/prefeitura_de_canta_rr.jpg","articleSection":["Concursos P\u00fablicos"],"inLanguage":"pt-BR","potentialAction":[{"@type":"CommentAction","name":"Comment","target":["https:\/\/www.estrategiaconcursos.com.br\/blog\/concurso-prefeitura-canta\/#respond"]}],"copyrightYear":"2021","copyrightHolder":{"@id":"https:\/\/www.estrategiaconcursos.com.br\/blog\/#organization"}},{"@type":"WebPage","@id":"https:\/\/www.estrategiaconcursos.com.br\/blog\/concurso-prefeitura-canta\/","url":"https:\/\/www.estrategiaconcursos.com.br\/blog\/concurso-prefeitura-canta\/","name":"Concurso Prefeitura de Cant\u00e1: Sele\u00e7\u00e3o \u00e9 suspensa! Entenda","isPartOf":{"@id":"https:\/\/www.estrategiaconcursos.com.br\/blog\/#website"},"primaryImageOfPage":{"@id":"https:\/\/www.estrategiaconcursos.com.br\/blog\/concurso-prefeitura-canta\/#primaryimage"},"image":{"@id":"https:\/\/www.estrategiaconcursos.com.br\/blog\/concurso-prefeitura-canta\/#primaryimage"},"thumbnailUrl":"https:\/\/dhg1h5j42swfq.cloudfront.net\/2020\/11\/11084602\/prefeitura_de_canta_rr.jpg","datePublished":"2021-01-11T11:30:00+00:00","dateModified":"2024-01-16T19:18:58+00:00","description":"Concurso Prefeitura de Cant\u00e1 RR: Sele\u00e7\u00e3o com oferta de 68 vagas \u00e9 suspensa por conta de limite de despesa com pessoal. Confira mais detalhes.","breadcrumb":{"@id":"https:\/\/www.estrategiaconcursos.com.br\/blog\/concurso-prefeitura-canta\/#breadcrumb"},"inLanguage":"pt-BR","potentialAction":[{"@type":"ReadAction","target":["https:\/\/www.estrategiaconcursos.com.br\/blog\/concurso-prefeitura-canta\/"]}]},{"@type":"ImageObject","inLanguage":"pt-BR","@id":"https:\/\/www.estrategiaconcursos.com.br\/blog\/concurso-prefeitura-canta\/#primaryimage","url":"https:\/\/dhg1h5j42swfq.cloudfront.net\/2020\/11\/11084602\/prefeitura_de_canta_rr.jpg","contentUrl":"https:\/\/dhg1h5j42swfq.cloudfront.net\/2020\/11\/11084602\/prefeitura_de_canta_rr.jpg","width":1200,"height":628},{"@type":"BreadcrumbList","@id":"https:\/\/www.estrategiaconcursos.com.br\/blog\/concurso-prefeitura-canta\/#breadcrumb","itemListElement":[{"@type":"ListItem","position":1,"name":"In\u00edcio","item":"https:\/\/www.estrategiaconcursos.com.br\/blog\/"},{"@type":"ListItem","position":2,"name":"Concurso Prefeitura de Cant\u00e1: Sele\u00e7\u00e3o \u00e9 suspensa! Entenda"}]},{"@type":"WebSite","@id":"https:\/\/www.estrategiaconcursos.com.br\/blog\/#website","url":"https:\/\/www.estrategiaconcursos.com.br\/blog\/","name":"Estrat\u00e9gia Concursos","description":"O blog da Estrat\u00e9gia Concursos traz not\u00edcias sobre concursos e artigos de professores oferecendo cursos para concursos (pdf + videaulas) no site.","publisher":{"@id":"https:\/\/www.estrategiaconcursos.com.br\/blog\/#organization"},"potentialAction":[{"@type":"SearchAction","target":{"@type":"EntryPoint","urlTemplate":"https:\/\/www.estrategiaconcursos.com.br\/blog\/?s={search_term_string}"},"query-input":{"@type":"PropertyValueSpecification","valueRequired":true,"valueName":"search_term_string"}}],"inLanguage":"pt-BR"},{"@type":"Organization","@id":"https:\/\/www.estrategiaconcursos.com.br\/blog\/#organization","name":"Estrat\u00e9gia Concursos","url":"https:\/\/www.estrategiaconcursos.com.br\/blog\/","logo":{"@type":"ImageObject","inLanguage":"pt-BR","@id":"https:\/\/www.estrategiaconcursos.com.br\/blog\/#\/schema\/logo\/image\/","url":"https:\/\/dhg1h5j42swfq.cloudfront.net\/2025\/06\/03203428\/logo_concursos-1.jpg","contentUrl":"https:\/\/dhg1h5j42swfq.cloudfront.net\/2025\/06\/03203428\/logo_concursos-1.jpg","width":230,"height":60,"caption":"Estrat\u00e9gia Concursos"},"image":{"@id":"https:\/\/www.estrategiaconcursos.com.br\/blog\/#\/schema\/logo\/image\/"},"sameAs":["https:\/\/x.com\/EstratConcursos"]},{"@type":"Person","@id":"https:\/\/www.estrategiaconcursos.com.br\/blog\/#\/schema\/person\/b4a388c97673c5f483d72185668afa1f","name":"Coordena\u00e7\u00e3o","image":{"@type":"ImageObject","inLanguage":"pt-BR","@id":"https:\/\/secure.gravatar.com\/avatar\/b720319e4c9a967eb58678d110f4fe35452fc5d5f97b202bac7b8acceb18c6ad?s=96&d=mm&r=g","url":"https:\/\/secure.gravatar.com\/avatar\/b720319e4c9a967eb58678d110f4fe35452fc5d5f97b202bac7b8acceb18c6ad?s=96&d=mm&r=g","contentUrl":"https:\/\/secure.gravatar.com\/avatar\/b720319e4c9a967eb58678d110f4fe35452fc5d5f97b202bac7b8acceb18c6ad?s=96&d=mm&r=g","caption":"Coordena\u00e7\u00e3o"},"sameAs":["https:\/\/www.facebook.com\/EstrategiaConcursos","https:\/\/x.com\/EstratConcursos"],"url":"https:\/\/www.estrategiaconcursos.com.br\/blog\/author\/estrategia2013\/"}]}},"_links":{"self":[{"href":"https:\/\/www.estrategiaconcursos.com.br\/blog\/wp-json\/wp\/v2\/posts\/612374","targetHints":{"allow":["GET"]}}],"collection":[{"href":"https:\/\/www.estrategiaconcursos.com.br\/blog\/wp-json\/wp\/v2\/posts"}],"about":[{"href":"https:\/\/www.estrategiaconcursos.com.br\/blog\/wp-json\/wp\/v2\/types\/post"}],"author":[{"embeddable":true,"href":"https:\/\/www.estrategiaconcursos.com.br\/blog\/wp-json\/wp\/v2\/users\/1"}],"replies":[{"embeddable":true,"href":"https:\/\/www.estrategiaconcursos.com.br\/blog\/wp-json\/wp\/v2\/comments?post=612374"}],"version-history":[{"count":18,"href":"https:\/\/www.estrategiaconcursos.com.br\/blog\/wp-json\/wp\/v2\/posts\/612374\/revisions"}],"predecessor-version":[{"id":647156,"href":"https:\/\/www.estrategiaconcursos.com.br\/blog\/wp-json\/wp\/v2\/posts\/612374\/revisions\/647156"}],"wp:featuredmedia":[{"embeddable":true,"href":"https:\/\/www.estrategiaconcursos.com.br\/blog\/wp-json\/wp\/v2\/media\/647005"}],"wp:attachment":[{"href":"https:\/\/www.estrategiaconcursos.com.br\/blog\/wp-json\/wp\/v2\/media?parent=612374"}],"wp:term":[{"taxonomy":"category","embeddable":true,"href":"https:\/\/www.estrategiaconcursos.com.br\/blog\/wp-json\/wp\/v2\/categories?post=612374"},{"taxonomy":"post_tag","embeddable":true,"href":"https:\/\/www.estrategiaconcursos.com.br\/blog\/wp-json\/wp\/v2\/tags?post=612374"},{"taxonomy":"tax_estado","embeddable":true,"href":"https:\/\/www.estrategiaconcursos.com.br\/blog\/wp-json\/wp\/v2\/tax_estado?post=612374"}],"curies":[{"name":"wp","href":"https:\/\/api.w.org\/{rel}","templated":true}]}}