{"id":611907,"date":"2020-11-24T15:42:57","date_gmt":"2020-11-24T18:42:57","guid":{"rendered":"https:\/\/www.estrategiaconcursos.com.br\/blog\/?p=611907"},"modified":"2020-11-24T15:42:59","modified_gmt":"2020-11-24T18:42:59","slug":"pontos-que-merecem-atencao-ctm-de-aracaju-parte-3","status":"publish","type":"post","link":"https:\/\/www.estrategiaconcursos.com.br\/blog\/pontos-que-merecem-atencao-ctm-de-aracaju-parte-3\/","title":{"rendered":"Pontos que merecem aten\u00e7\u00e3o &#8211; CTM de Aracaju \u2013 parte 3"},"content":{"rendered":"\n<p>Ol\u00e1, pessoal. Tudo certo? Hoje voltemos a falar sobre os pontos que merecem aten\u00e7\u00e3o no CTM de Aracaju. Focaremos nossa aten\u00e7\u00e3o nas normas gerais.<\/p>\n\n\n\n<p>As normas gerais s\u00e3o praticamente reprodu\u00e7\u00f5es do CTN, entretanto h\u00e1 alguns pontos que merecem aten\u00e7\u00e3o na <a href=\"https:\/\/fazenda.aracaju.se.gov.br\/app-semfaz\/\" data-type=\"URL\" data-id=\"https:\/\/fazenda.aracaju.se.gov.br\/app-semfaz\/\">Legisla\u00e7\u00e3o de Aracaju<\/a>, partes que podem te confundir e \u00e9 exatamente isso que trataremos nesse artigo.<\/p>\n\n\n\n<div class=\"wp-block-image\"><figure class=\"aligncenter size-large is-resized\"><img loading=\"lazy\" decoding=\"async\" src=\"https:\/\/dhg1h5j42swfq.cloudfront.net\/2020\/11\/17131700\/image-226.png\" alt=\"Pontos que merecem aten\u00e7\u00e3o - CTM de AJU \u2013 parte 3\" class=\"wp-image-611909\" width=\"199\" height=\"243\" srcset=\"https:\/\/dhg1h5j42swfq.cloudfront.net\/2020\/11\/17131700\/image-226.png 281w, https:\/\/dhg1h5j42swfq.cloudfront.net\/2020\/11\/17131700\/image-226-246x300.png 246w\" sizes=\"auto, (max-width: 199px) 100vw, 199px\" \/><figcaption>CTM de AJU &#8211; <mark>pontos<\/mark> que <mark>merecem<\/mark> aten\u00e7\u00e3o no CTM<\/figcaption><\/figure><\/div>\n\n\n\n<h2 class=\"wp-block-heading\">Disposi\u00e7\u00f5es preliminares<\/h2>\n\n\n\n<p>Iniciemos o artigo sobre os pontos que merecem aten\u00e7\u00e3o no CTM de Aracaju.<\/p>\n\n\n\n<p>No in\u00edcio do C\u00f3digo Tribut\u00e1rio Municipal temos a disposi\u00e7\u00e3o que apresenta as leis, em sentido amplo, em que o CTM se subordina, vejamos.<\/p>\n\n\n\n<p><em>Art. 3\u00ba \u2013 O C\u00f3digo Tribut\u00e1rio \u00e9 <strong><span class=\"has-inline-color has-vivid-cyan-blue-color\">subordinado<\/span><\/strong>:<\/em><\/p>\n\n\n\n<p><em>I &#8211; \u00e0<span class=\"has-inline-color has-vivid-green-cyan-color\"> <strong>Constitui\u00e7\u00e3o Federal<\/strong><\/span>;<\/em><\/p>\n\n\n\n<p><em>II &#8211; ao <strong><span class=\"has-inline-color has-vivid-green-cyan-color\">C\u00f3digo Tribut\u00e1rio Nacional<\/span><\/strong> e <strong><span class=\"has-inline-color has-vivid-green-cyan-color\">demais Leis<\/span><span class=\"has-inline-color has-vivid-cyan-blue-color\"> <\/span><span class=\"has-inline-color has-vivid-red-color\">Complementares<\/span><\/strong>.<\/em><\/p>\n\n\n\n<p>Devemos observar que <strong><span class=\"has-inline-color has-vivid-red-color\">n\u00e3o h\u00e1<\/span> men\u00e7\u00e3o expressa a Constitui\u00e7\u00e3o Estadual<\/strong> de Sergipe.<\/p>\n\n\n\n<h2 class=\"wp-block-heading\">Normas complementares<\/h2>\n\n\n\n<p>Assim como o CTN, o CTM tamb\u00e9m apresenta as normas complementares das Leis e dos Decretos.<\/p>\n\n\n\n<p><em><strong>Art. 5\u00ba<\/strong>&nbsp;Par\u00e1grafo \u00danico \u2013 S\u00e3o <strong><span class=\"has-inline-color has-vivid-cyan-blue-color\">normas complementares<\/span><\/strong> das Leis e dos Decretos:<\/em><\/p>\n\n\n\n<p><em>I &#8211; as portarias, as instru\u00e7\u00f5es, avisos, ordens de servi\u00e7os e outros <strong><span class=\"has-inline-color has-vivid-green-cyan-color\">atos normativos<\/span><\/strong> expedidos pelas autoridades administrativas;<\/em><\/p>\n\n\n\n<p><em>II &#8211; as <strong><span class=\"has-inline-color has-vivid-green-cyan-color\">decis\u00f5es <\/span><\/strong><span class=\"has-inline-color has-black-color\">dos \u00f3rg\u00e3os competentes <\/span><strong>das <span class=\"has-inline-color has-vivid-green-cyan-color\">inst\u00e2ncias administrativas<\/span><\/strong>;<\/em><\/p>\n\n\n\n<p><em>III &#8211; as <strong><span class=\"has-inline-color has-vivid-green-cyan-color\">pr\u00e1ticas reiteradamente<\/span><\/strong> observadas<strong> pelas autoridades administrativas;<\/strong><\/em><\/p>\n\n\n\n<p><em>IV &#8211; os <span class=\"has-inline-color has-vivid-green-cyan-color\"><strong>conv\u00eanios<\/strong> <\/span>que o <strong>Munic\u00edpio celebra<\/strong> <strong>com <\/strong>autoridades da administra\u00e7\u00e3o direta ou indireta da<strong> Uni\u00e3o, Estado ou Munic\u00edpios<\/strong>.<\/em><\/p>\n\n\n\n<p>Entretanto comparemos com o CTN.<\/p>\n\n\n\n<p><strong><span class=\"has-inline-color has-cyan-bluish-gray-color\">Normas complementares CTN<\/span><\/strong><\/p>\n\n\n\n<p><em>&nbsp;Art. 100. S\u00e3o <strong><span class=\"has-inline-color has-vivid-cyan-blue-color\">normas complementares<\/span><\/strong> das leis, dos tratados e das conven\u00e7\u00f5es internacionais e dos decretos:<\/em><\/p>\n\n\n\n<p><em>&nbsp;&nbsp;&nbsp;&nbsp;&nbsp;&nbsp;&nbsp; II &#8211; as <span class=\"has-inline-color has-vivid-green-cyan-color\"><strong>decis\u00f5es<\/strong> <\/span>dos \u00f3rg\u00e3os singulares ou coletivos <strong><span class=\"has-inline-color has-vivid-green-cyan-color\">de jurisdi\u00e7\u00e3o administrativa<\/span><\/strong>, <strong>a que a <span class=\"has-inline-color has-vivid-purple-color\">lei atribua efic\u00e1cia normativa<\/span><\/strong>;<\/em><\/p>\n\n\n\n<p>Perceberam? Para o CTM de Aracaju todas decis\u00f5es dos \u00f3rg\u00e3os administrativos podem ser normas complementares, enquanto que para o CTN apenas as que a lei atribua efic\u00e1cia normativa.<\/p>\n\n\n\n<p><strong><span class=\"has-inline-color has-cyan-bluish-gray-color\">Decis\u00f5es dos \u00f3rg\u00e3os administrativos<\/span><\/strong><\/p>\n\n\n\n<ul class=\"wp-block-list\"><li><span class=\"has-inline-color has-vivid-purple-color\"><strong>CTM<\/strong> <\/span>\u2013 toda decis\u00e3o administrativa ser\u00e1 uma norma complementar<\/li><li><span class=\"has-inline-color has-vivid-purple-color\"><strong>CTN<\/strong> <\/span>\u2013 apenas as que a lei atribua efic\u00e1cia normativa<\/li><\/ul>\n\n\n\n<h2 class=\"wp-block-heading\">Desconsidera\u00e7\u00e3o do Neg\u00f3cio Jur\u00eddico<\/h2>\n\n\n\n<p>Sabemos que a autoridade administrativa (Auditor Fiscal) poder\u00e1 <span class=\"has-inline-color has-vivid-cyan-blue-color\"><strong>desconsiderar atos ou neg\u00f3cios jur\u00eddicos<\/strong> <\/span>praticados com a finalidade de dissimular a ocorr\u00eancia do fato gerador do tributo ou a natureza dos elementos constitutivos da obriga\u00e7\u00e3o tribut\u00e1ria, desde que observados os procedimentos estabelecidos no pr\u00f3prio <strong>CTM<\/strong> ou em <strong>lei ordin\u00e1ria<\/strong>.<\/p>\n\n\n\n<p>Nesse sentido temos que:<\/p>\n\n\n\n<p><em>Art. 13 \u00a7 2\u00b0 \u2013 Para <strong><span class=\"has-inline-color has-vivid-cyan-blue-color\">desconsiderar ato ou neg\u00f3cio jur\u00eddico simulado<\/span><\/strong> que visem <strong>reduzir o valor do tributo, evitar ou postergar seu pagamento ou ocultar os verdadeiros aspectos do fato gerador <\/strong>ou a real natureza dos elementos constitutivos da obriga\u00e7\u00e3o tribut\u00e1ria, <strong>dever-se-\u00e1<\/strong> <strong>levar em conta<\/strong>, entre outras, a ocorr\u00eancia de:<\/em><\/p>\n\n\n\n<p><em>a) <strong><span class=\"has-inline-color has-vivid-green-cyan-color\">falta de prop\u00f3sito negocial<\/span><\/strong>;<\/em><\/p>\n\n\n\n<p><em>b) <span class=\"has-inline-color has-vivid-purple-color\"><strong>abuso de<\/strong> <strong>forma<\/strong><\/span>.<\/em><\/p>\n\n\n\n<p>Trata-se de uma disposi\u00e7\u00e3o que n\u00e3o est\u00e1 expressa no CTN, assim <span style=\"text-decoration: underline\">h\u00e1 uma grande probabilidade de ser cobrada<\/span>.&nbsp; Vejamos o que o CTM considerou como <strong><span class=\"has-inline-color has-vivid-green-cyan-color\">falta de prop\u00f3sito negocial<\/span><\/strong> e<strong> <span class=\"has-inline-color has-vivid-purple-color\">abuso de forma<\/span><\/strong>.<\/p>\n\n\n\n<p><em>3\u00b0 \u2013 Considera-se indicativo de<span class=\"has-inline-color has-vivid-green-cyan-color\"> <strong>falta de prop\u00f3sito negocial<\/strong> <\/span>a <strong>op\u00e7\u00e3o pela <span class=\"has-inline-color has-vivid-red-color\">forma <\/span>mais complexa ou mais onerosa <\/strong>para os envolvidos, entre duas ou mais formas para a pr\u00e1tica de determinado ato.<\/em><\/p>\n\n\n\n<p><em>\u00a7 4\u00b0 \u2013 Para efeito da al\u00ednea \u201cb\u201d do \u00a72\u00b0, considera-se<span class=\"has-inline-color has-vivid-purple-color\"> <strong>abuso de forma<\/strong><\/span> a pr\u00e1tica de ato ou <strong><span class=\"has-inline-color has-vivid-red-color\">neg\u00f3cio <\/span>jur\u00eddico indireto<\/strong> que produza o mesmo resultado econ\u00f4mico do ato ou neg\u00f3cio jur\u00eddico dissimulado.<\/em><\/p>\n\n\n\n<p>Essas disposi\u00e7\u00f5es <strong>devem ser decoradas<\/strong>, mas para facilitar a memoriza\u00e7\u00e3o vamos pensar o seguinte, o <strong><span class=\"has-inline-color has-vivid-green-cyan-color\">prop\u00f3sito negocial <\/span><\/strong>de \u201ctoda\u201d opera\u00e7\u00e3o \u00e9 o lucro, assim se as partes optarem pela forma mais complexa\/onerosa h\u00e1 um claro indicativo de <strong><span class=\"has-inline-color has-vivid-green-cyan-color\">falta de prop\u00f3sito negocial<\/span>.<\/strong><\/p>\n\n\n\n<p>Da mesma forma que ao realizar um neg\u00f3cio jur\u00eddico busca-se, em regra, a op\u00e7\u00e3o mais simples, ou seja, o neg\u00f3cio jur\u00eddico de forma direta, logo se h\u00e1 um neg\u00f3cio jur\u00eddico indireto para produzir os mesmos efeitos, h\u00e1 indicativo de <strong><span class=\"has-inline-color has-vivid-purple-color\">abuso de forma<\/span>.<\/strong><\/p>\n\n\n\n<h3 class=\"wp-block-heading\">Bizu &#8211; Desconsidera\u00e7\u00e3o da Pessoa Jur\u00eddica<\/h3>\n\n\n\n<p>Acredito que tenha ficado claro, mas ainda h\u00e1 um bizu para n\u00e3o confundir a literalidade<\/p>\n\n\n\n<p><strong><span class=\"has-inline-color has-cyan-bluish-gray-color\">Abuso de forma <\/span><span class=\"has-inline-color has-vivid-red-color\">X<\/span><span class=\"has-inline-color has-cyan-bluish-gray-color\"> falta de prop\u00f3sito negocial<\/span><\/strong><\/p>\n\n\n\n<p>Se h\u00e1 <strong><span class=\"has-inline-color has-vivid-red-color\">forma <\/span><\/strong>-&gt; N\u00e3o h\u00e1<strong> <\/strong><span class=\"has-inline-color has-vivid-purple-color\"><strong>abuso de<\/strong> <strong>forma<\/strong><\/span><\/p>\n\n\n\n<p>Se<strong> <\/strong>h\u00e1<strong> <span class=\"has-inline-color has-vivid-red-color\">neg\u00f3cio<\/span> <\/strong>-&gt; -&gt; N\u00e3o h\u00e1<strong><span class=\"has-inline-color has-vivid-green-cyan-color\"> falta de prop\u00f3sito negocial<\/span><\/strong><\/p>\n\n\n\n<p><strong><span class=\"has-inline-color has-luminous-vivid-amber-color\">Obs.<\/span> <\/strong>Observe as palavras \u201cforma\u201d e \u201cneg\u00f3cio\u201d em destaque na literalidade do par\u00e1grafo 3\u00ba e 4\u00ba para compreender o bizu.<\/p>\n\n\n\n<h2 class=\"wp-block-heading\">Modalidades de lan\u00e7amento<\/h2>\n\n\n\n<p>Assim como o CTN, o C\u00f3digo Tribut\u00e1rio Municipal disp\u00f4s sobre as modalidades de lan\u00e7amento.<\/p>\n\n\n\n<ul class=\"wp-block-list\"><li><strong><span class=\"has-inline-color has-vivid-cyan-blue-color\">Lan\u00e7amento de of\u00edcio<\/span><\/strong><\/li><\/ul>\n\n\n\n<p><em>Art. 25 \u2013 O lan\u00e7amento dever\u00e1 ser efetuado e revisto de of\u00edcio pela autoridade competente, nos seguintes casos (&#8230;.)<\/em><\/p>\n\n\n\n<ul class=\"wp-block-list\"><li><strong><span class=\"has-inline-color has-vivid-cyan-blue-color\">Lan\u00e7amento por homologa\u00e7\u00e3o<\/span><\/strong><\/li><\/ul>\n\n\n\n<p><em>Art. 26 \u2013 Poder\u00e1 a administra\u00e7\u00e3o tribut\u00e1ria atribuir ao sujeito passivo o dever de antecipar o pagamento sem pr\u00e9vio exame da autoridade competente.<\/em><\/p>\n\n\n\n<p>Entretanto <strong><span class=\"has-inline-color has-vivid-red-color\">n\u00e3o h\u00e1 <\/span>disposi\u00e7\u00e3o expressa da Modalidade por Declara\u00e7\u00e3o<\/strong> na se\u00e7\u00e3o das modalidades de lan\u00e7amento no CTM de Aracaju.<\/p>\n\n\n\n<p>Lembremos do C\u00f3digo Tribut\u00e1rio Nacional<\/p>\n\n\n\n<p><em>&nbsp;&nbsp;&nbsp;&nbsp;&nbsp;&nbsp;&nbsp; Art. 147. O <\/em><strong><span class=\"has-inline-color has-vivid-green-cyan-color\"><em>lan\u00e7amento<\/em><\/span><\/strong><em><span class=\"has-inline-color has-vivid-green-cyan-color\"> <\/span>\u00e9 efetuado com<span class=\"has-inline-color has-vivid-green-cyan-color\"> <strong>base na declara\u00e7\u00e3o do sujeito passivo ou de terceiro<\/strong><\/span>, quando um ou outro, na forma da legisla\u00e7\u00e3o tribut\u00e1ria, presta \u00e0 autoridade administrativa infor<strong>ma\u00e7\u00f5es sobre mat\u00e9ria de fato, indispens\u00e1veis \u00e0 sua efetiva\u00e7\u00e3o<\/strong>.<\/em><\/p>\n\n\n\n<h2 class=\"wp-block-heading\">Atualiza\u00e7\u00e3o monet\u00e1ria<\/h2>\n\n\n\n<p>Pessoal, aten\u00e7\u00e3o as disposi\u00e7\u00f5es do CTM quanto a atualiza\u00e7\u00e3o monet\u00e1ria para os casos em pagamento em destempo e no caso de restitui\u00e7\u00e3o (ind\u00e9bito tribut\u00e1rio), pois o termo inicial \u00e9 diferente.<\/p>\n\n\n\n<p><em>Art. 33&nbsp; \u00a7 2\u00ba \u2013 A <\/em><strong><em><span class=\"has-inline-color has-vivid-cyan-blue-color\">atualiza\u00e7\u00e3o monet\u00e1ria<\/span><\/em><\/strong><em>, fixada pelo Secret\u00e1rio Municipal de Finan\u00e7as com base em \u00edndices oficiais, ser\u00e1 devida a <strong>partir do dia seguinte<\/strong> em que o <strong><span class=\"has-inline-color has-vivid-green-cyan-color\">recolhimento do tributo<\/span><\/strong> e multas fiscais <strong><span class=\"has-inline-color has-vivid-green-cyan-color\">deveriam ter sido efetuados,<\/span><\/strong> e a estes acrescidos para todos os efeitos legais.<\/em><\/p>\n\n\n\n<p><em>Art. 36 \u00a7 2\u00ba \u2013 A incid\u00eancia da <\/em><strong><em><span class=\"has-inline-color has-vivid-cyan-blue-color\">atualiza\u00e7\u00e3o monet\u00e1ria<\/span><\/em><\/strong><em> observar\u00e1 como <strong>termo inicial<\/strong>, para fins de c\u00e1lculo, a <strong>data de ingresso do <span class=\"has-inline-color has-vivid-green-cyan-color\">pedido da <\/span><\/strong><span class=\"has-inline-color has-vivid-green-cyan-color\"><strong>restitui\u00e7\u00e3o<\/strong> <\/span>na Secretaria Municipal de Finan\u00e7as.<\/em><\/p>\n\n\n\n<p><strong><span class=\"has-inline-color has-cyan-bluish-gray-color\">Atualiza\u00e7\u00e3o monet\u00e1ria<\/span><\/strong><\/p>\n\n\n\n<ul class=\"wp-block-list\"><li><strong><span class=\"has-inline-color has-vivid-purple-color\">Pagamento em destempo<\/span><\/strong> (Art. 33, \u00a72\u00ba) -&gt;&nbsp; <strong>dia seguinte<\/strong> em que o recolhimento deveria ter sido efetuado<\/li><li><strong><span class=\"has-inline-color has-vivid-purple-color\">Ind\u00e9bito tribut\u00e1rio<\/span><\/strong> (Art. 36, \u00a72\u00ba) -&gt; <strong>data de ingresso<\/strong> do pedido da restitui\u00e7\u00e3o<strong><span class=\"has-inline-color has-vivid-red-color\">*<\/span><\/strong><\/li><\/ul>\n\n\n\n<p>Apenas para aprofundar no assunto, a disposi\u00e7\u00e3o referente \u00e0 atualiza\u00e7\u00e3o no ind\u00e9bito tribut\u00e1rio contraria a S\u00famula 162 do STJ.<\/p>\n\n\n\n<p><span class=\"has-inline-color has-vivid-red-color\">*<\/span><em>STJ, S\u00famula 162 &#8211; Na repeti\u00e7\u00e3o de ind\u00e9bito tribut\u00e1rio, a corre\u00e7\u00e3o monet\u00e1ria incide a <strong>partir do pagamento indevido<\/strong>.<\/em><\/p>\n\n\n\n<h2 class=\"wp-block-heading\">Anistia<\/h2>\n\n\n\n<p>A anistia \u00e9 uma hip\u00f3tese de exclus\u00e3o do cr\u00e9dito que tem por consequ\u00eancia o perd\u00e3o legal das penalidades pecuni\u00e1rias.<\/p>\n\n\n\n<p><em>Art. 52 \u2013 A <\/em><strong><span class=\"has-inline-color has-vivid-cyan-blue-color\"><em>anistia<\/em><\/span><\/strong><em><span class=\"has-inline-color has-vivid-cyan-blue-color\"> <\/span>abrange, exclusivamente, as <strong>infra\u00e7\u00f5es<\/strong> cometidas anteriormente \u00e0 vig\u00eancia da lei que a concede, n\u00e3o se aplicando (&#8230;)<\/em><\/p>\n\n\n\n<p>E sabemos que qualquer benef\u00edcio fiscal dever\u00e1 ser concedido mediante Lei especifica do respectivo ente federativo que regule exclusivamente a mat\u00e9ria (CF, Art. 150, \u00a76 \u00ba), mas o CTM disciplinou de forma expressa que apesar da lei, a <strong>iniciativa (compet\u00eancia) para conceder anistia deve ser do Executivo (Prefeito)<\/strong>.<\/p>\n\n\n\n<p><em>Art. 52, Par\u00e1grafo \u00danico \u2013 Qualquer <\/em><strong><em><span class=\"has-inline-color has-vivid-cyan-blue-color\">anistia <\/span>s\u00f3 poder\u00e1 ser concedida<\/em><\/strong><em> <\/em><strong>atrav\u00e9s de lei municipal<\/strong><em> <strong>por <span class=\"has-inline-color has-vivid-green-cyan-color\">iniciativa do Poder <\/span><\/strong><\/em><strong><em><span class=\"has-inline-color has-vivid-red-color\">Executivo<\/span><\/em><\/strong><em>.<\/em><\/p>\n\n\n\n<h2 class=\"wp-block-heading\">Fiscaliza\u00e7\u00e3o \u2013 Obriga\u00e7\u00f5es acess\u00f3rias<\/h2>\n\n\n\n<p>Para efetiva\u00e7\u00e3o da fiscaliza\u00e7\u00e3o, o CTM de AJU disciplinou obriga\u00e7\u00f5es acess\u00f3rias espec\u00edficas para algumas pessoas dependendo do ramo de sua atividade. Vejamos duas.<\/p>\n\n\n\n<ul class=\"wp-block-list\"><li><strong><span class=\"has-inline-color has-cyan-bluish-gray-color\">Imobili\u00e1rias<\/span><\/strong><\/li><\/ul>\n\n\n\n<p><em>Art. 60-C.&nbsp;As <strong><span class=\"has-inline-color has-vivid-cyan-blue-color\">pessoas jur\u00eddicas<\/span><\/strong> e equiparadas, especificamente as <strong>nomeadas por ato do Secret\u00e1rio<\/strong> Municipal da Fazenda, a partir do ano-calend\u00e1rio de 2017, ficam <strong>obrigadas<\/strong> a <strong>apresentar<\/strong> ao Fisco Municipal os arquivos digitais da <span class=\"has-inline-color has-vivid-green-cyan-color\"><strong>Declara\u00e7\u00e3o de Informa\u00e7\u00f5es sobre Atividades Imobili\u00e1rias (DIMOB)<\/strong> <\/span>entregues \u00e0 Receita Federal do Brasil, devidamente assinados e validados digitalmente, nos prazos e condi\u00e7\u00f5es estabelecidos em legisla\u00e7\u00e3o tribut\u00e1ria municipal ou quando solicitados.<\/em><\/p>\n\n\n\n<ul class=\"wp-block-list\"><li><strong><span class=\"has-inline-color has-cyan-bluish-gray-color\">Cart\u00f3rios<\/span><\/strong><\/li><\/ul>\n\n\n\n<p><em>Art. 60-D.&nbsp;Os<span class=\"has-inline-color has-vivid-cyan-blue-color\"> <strong>Serventu\u00e1rios da Justi\u00e7a<\/strong>,<\/span> respons\u00e1veis por <span class=\"has-inline-color has-vivid-cyan-blue-color\"><strong>Cart\u00f3rios<\/strong> <\/span>de Notas, de Registro de Im\u00f3veis e de T\u00edtulos e Documentos, a partir do ano-calend\u00e1rio 2017, <strong>dever\u00e3o apresentar \u00e0 <\/strong>Secretaria Municipal da Fazenda a <span class=\"has-inline-color has-vivid-green-cyan-color\"><strong>Declara\u00e7\u00e3o sobre Opera\u00e7\u00f5es Imobili\u00e1rias (DOI)<\/strong> <\/span>relativa \u00e0s <strong>opera\u00e7\u00f5es imobili\u00e1rias<\/strong> anotadas, averbadas, lavradas, matriculadas ou registradas, no mesmo padr\u00e3o entregue \u00e0 Receita Federal do Brasil, sendo sua omiss\u00e3o sujeita \u00e0s multas do art. 132 desta Lei, sem preju\u00edzo de outras penalidades previstas na legisla\u00e7\u00e3o tribut\u00e1ria municipal.&nbsp;<\/em><\/p>\n\n\n\n<p>S\u00e3o duas declara\u00e7\u00f5es diferentes para ramos bem parecidos, assim n\u00e3o confunda:<\/p>\n\n\n\n<p><strong><span class=\"has-inline-color has-cyan-bluish-gray-color\">Obriga\u00e7\u00e3o acess\u00f3ria \u2013 Im\u00f3veis<\/span><\/strong><\/p>\n\n\n\n<p><span class=\"has-inline-color has-vivid-purple-color\"><strong>I<\/strong><\/span><strong><span class=\"has-inline-color has-vivid-red-color\">mob<\/span><\/strong><span class=\"has-inline-color has-vivid-purple-color\"><strong>ili\u00e1rias<\/strong> <\/span>-&gt; Declara\u00e7\u00e3o de Informa\u00e7\u00f5es sobre Atividades Imobili\u00e1rias (<strong>DI<span class=\"has-inline-color has-vivid-red-color\">MOB<\/span><\/strong>)<br \/><strong><span class=\"has-inline-color has-vivid-purple-color\">Serventu\u00e1rios da Justi\u00e7a<\/span><\/strong> (cart<strong><span class=\"has-inline-color has-vivid-red-color\">\u00f3<\/span><\/strong>r<strong><span class=\"has-inline-color has-vivid-red-color\">i<\/span><\/strong>o) -&gt; Declara\u00e7\u00e3o sobre Opera\u00e7\u00f5es Imobili\u00e1rias (<strong>D<span class=\"has-inline-color has-vivid-red-color\">OI<\/span><\/strong>)<\/p>\n\n\n\n<h2 class=\"wp-block-heading\">Denuncia espont\u00e2nea<\/h2>\n\n\n\n<p>A&nbsp;<strong><span class=\"has-inline-color has-vivid-cyan-blue-color\">den\u00fancia espont\u00e2nea<\/span><\/strong>&nbsp;ocorre quando o contribuinte que est\u00e1 irregular com suas obriga\u00e7\u00f5es tribut\u00e1rias&nbsp;confessa os il\u00edcitos cometidos em troca de n\u00e3o ser punido.<\/p>\n\n\n\n<p>A doutrina elenca dois requisitos para valida\u00e7\u00e3o da den\u00fancia espont\u00e2nea.<\/p>\n\n\n\n<ul class=\"wp-block-list\"><li><strong><span class=\"has-inline-color has-vivid-green-cyan-color\">Pagamento integral do tributo devido com os respectivos juros morat\u00f3rios<\/span><\/strong> (ou do deposito do valor arbitrado em caso de impossibilidade de se apurar o cr\u00e9dito).<\/li><li><span class=\"has-inline-color has-vivid-green-cyan-color\"><strong>Espontaneidade<\/strong> <\/span>(confiss\u00e3o e pagamento devem ocorrer <strong>ANTES<\/strong> do in\u00edcio de qualquer procedimento administrativo ou medida de fiscaliza\u00e7\u00e3o, relacionados com a infra\u00e7\u00e3o)<\/li><\/ul>\n\n\n\n<p>Entretanto o CTM de AJU prev\u00ea a possibilidade de a<span style=\"text-decoration: underline\"> falta ser corrigida imediatamente sem qualquer tipo de pagamento<\/span>, muito provavelmente quando n\u00e3o esteja relacionada a obriga\u00e7\u00f5es principais.<\/p>\n\n\n\n<p><em>Art. 67 \u2013 O contribuinte, <strong>o respons\u00e1vel ou demais pessoas envolvidas em infra\u00e7\u00f5es<\/strong>, <strong>poder\u00e3o<\/strong> apresentar <strong><span class=\"has-inline-color has-vivid-cyan-blue-color\">den\u00fancia espont\u00e2nea<\/span><\/strong> de infra\u00e7\u00e3o de obriga\u00e7\u00e3o tribut\u00e1ria, ficando exclu\u00edda a respectiva penalidade<strong>, desde que a <span class=\"has-inline-color has-vivid-green-cyan-color\">falta seja corrigida imediatamente<\/span><\/strong> <strong><span class=\"has-inline-color has-vivid-red-color\">ou, se for o caso<\/span><\/strong>, efetuado o <strong>pagamento<\/strong> do tributo devido, com os acr\u00e9scimos legais cab\u00edveis ou depositada a import\u00e2ncia arbitrada pela autoridade administrativa, quando o montante do tributo depende da apura\u00e7\u00e3o.<\/em><\/p>\n\n\n\n<p>Al\u00e9m disso, h\u00e1 de forma expressa a possibilidade de a den\u00fancia espont\u00e2nea ser <span style=\"text-decoration: underline\">realizada pelo respons\u00e1vel ou demais pessoas envolvidas em infra\u00e7\u00f5es<\/span>, reda\u00e7\u00e3o que n\u00e3o vemos no artigo 138 do CTN.<\/p>\n\n\n\n<h2 class=\"wp-block-heading\">Certid\u00f5es Negativas<\/h2>\n\n\n\n<p>Temos na certid\u00e3o negativa um documento que demonstra a regularidade fiscal do contribuinte, esse deve requerer na reparti\u00e7\u00e3o competente e conforme o CTM deve ser fornecida em at\u00e9 05 dias.<\/p>\n\n\n\n<p><em>Art. 83.&nbsp;\u00a7 1\u00ba \u2013 A <strong><span class=\"has-inline-color has-vivid-cyan-blue-color\">certid\u00e3o negativa de d\u00e9bitos<\/span><\/strong> ser\u00e1 fornecida dentro do prazo de <strong>05 (cinco) dias<\/strong>, contados da data de <u>entrada do requerimento<\/u>.<\/em><\/p>\n\n\n\n<p>O \u201cproblema\u201d \u00e9 que o CTN traz como regra 10 dias (Art. 205, \u00a7u), o que pode gerar confus\u00e3o.<\/p>\n\n\n\n<p><strong><em><span class=\"has-inline-color has-cyan-bluish-gray-color\">N\u00e3o confunda:<\/span><\/em><\/strong><\/p>\n\n\n\n<ul class=\"wp-block-list\"><li><span class=\"has-inline-color has-vivid-purple-color\"><strong>CTN<\/strong>&nbsp;<\/span>-&gt; <strong>10 dias<\/strong> <\/li><li><span class=\"has-inline-color has-vivid-purple-color\"><strong>CTM<\/strong>&nbsp;<\/span>-&gt; <strong>05 dias<\/strong><\/li><\/ul>\n\n\n\n<p>Pense assim, o CTN \u00e9 a norma geral que &#8220;um CTM\u201d deve respeitar, nesse sentido o prazo do CTM n\u00e3o poderia ser maior do que o prazo do CTN.<\/p>\n\n\n\n<h2 class=\"wp-block-heading\">Limita\u00e7\u00f5es da compet\u00eancia tribut\u00e1ria<\/h2>\n\n\n\n<p>Para finalizar o artigo dos pontos que merecem aten\u00e7\u00e3o, vejamos sobre a reten\u00e7\u00e3o na fonte.<\/p>\n\n\n\n<p>Sabemos do conhecimento do Direito Tribut\u00e1rio que a imunidade e\/ou isen\u00e7\u00e3o n\u00e3o exclui o cumprimento de obriga\u00e7\u00f5es acess\u00f3rias (ex.: escritura\u00e7\u00e3o cont\u00e1bil), reten\u00e7\u00e3o na fonte entre outros.<\/p>\n\n\n\n<p>Esse entendimento realmente \u00e9 a regra geral, mas o CTM de AJU disciplinou uma regra bem particular para os tempos religiosos.<\/p>\n\n\n\n<p><em>Art. 92 (&#8230;)<\/em><\/p>\n\n\n\n<p><em>\u00a7 5\u00ba \u2013 O disposto no inciso VI deste artigo <\/em><strong><span class=\"has-inline-color has-vivid-purple-color\">[reprodu\u00e7\u00e3o das imunidades]<\/span><\/strong><em>, <span class=\"has-inline-color has-vivid-cyan-blue-color\"><strong>n\u00e3o exclui as entidades<\/strong> <\/span>nele referido, <strong><span class=\"has-inline-color has-vivid-green-cyan-color\">com exce\u00e7\u00e3o dos templos religiosos<\/span> <\/strong>de qualquer culto, da <strong><span class=\"has-inline-color has-vivid-cyan-blue-color\">condi\u00e7\u00e3o de respons\u00e1veis pelos tributos que lhes couber reter na fonte<\/span><\/strong>, bem como, <strong>n\u00e3o a dispensam da pr\u00e1tica de atos assecurat\u00f3rios do cumprimento de obriga\u00e7\u00f5es tribut\u00e1rias por terceiros<\/strong>, na forma da Lei. <\/em><\/p>\n\n\n\n<p>Assim, as <strong><em>igrejas est\u00e3o liberadas da necessidade de reten\u00e7\u00e3o na fonte.<\/em><\/strong><\/p>\n\n\n\n<h2 class=\"wp-block-heading\">Considera\u00e7\u00f5es Finais<\/h2>\n\n\n\n<p>Pessoal, chegamos ao final de mais um artigo sobre os pontos que merecem aten\u00e7\u00e3o no CTM de AJU, espero que tenham gostado.<\/p>\n\n\n\n<p>No pr\u00f3ximo artigo sobre os pontos que merecem aten\u00e7\u00e3o, veremos sobre as taxas e o PAT.<\/p>\n\n\n\n<p>At\u00e9 mais e bons estudos!<\/p>\n\n\n\n<h2 class=\"has-text-align-center wp-block-heading\" id=\"cursos-assinatura\">Quer estudar para o concurso ISS Aracaju?<\/h2>\n\n\n\n<p class=\"has-text-align-center\"><em>Gostou desta oportunidade e deseja come\u00e7ar se preparar agora mesmo? Ent\u00e3o, confira os nossos cursos e comece a estudar:<\/em><\/p>\n\n\n\n<p class=\"has-text-align-center has-luminous-vivid-amber-background-color has-background\"><strong><a rel=\"noreferrer noopener\" href=\"https:\/\/www.estrategiaconcursos.com.br\/cursos\/concurso\/\" target=\"_blank\">Curso para concurso<\/a><\/strong><\/p>\n\n\n\n<p class=\"has-text-align-center\"><em><strong>Assinatura Anual Ilimitada*<\/strong><\/em><\/p>\n\n\n\n<p class=\"has-text-align-center\"><em>Prepare-se com o melhor material e com quem mais aprova em Concursos P\u00fablicos em todo o pa\u00eds. Assine agora a nossa Assinatura Anual e tenha acesso ilimitado* a todos os nossos cursos.<\/em><\/p>\n\n\n\n<p class=\"has-text-align-center has-light-green-cyan-background-color has-background\"><strong>ASSINE AGORA<\/strong>&nbsp;\u2013&nbsp;<strong><a rel=\"noreferrer noopener\" href=\"https:\/\/www.estrategiaconcursos.com.br\/assinaturas\" target=\"_blank\">Assinatura Ilimitada<\/a><\/strong><\/p>\n\n\n\n<p class=\"has-text-align-center\"><strong><em><strong>Sistema de Quest\u00f5es<\/strong><\/em><\/strong><\/p>\n\n\n\n<p class=\"has-text-align-center\"><em>Estrat\u00e9gia Quest\u00f5es nasceu maior do que todos os concorrentes, com mais quest\u00f5es cadastradas e mais solu\u00e7\u00f5es por professores. Ent\u00e3o, confira e aproveite os descontos e b\u00f4nus imperd\u00edveis!<\/em><\/p>\n\n\n\n<p class=\"has-text-align-center has-vivid-green-cyan-background-color has-background\"><strong>ASSINE AGORA \u2013&nbsp;<a rel=\"noreferrer noopener\" href=\"https:\/\/www.estrategiaconcursos.com.br\/cursosPorConcurso\/sistema-de-questoes\/#\/\" target=\"_blank\">Sistema de Quest\u00f5es<\/a><\/strong><\/p>\n\n\n\n<p class=\"has-text-align-center\"><strong><em>Fique por dentro dos concursos em aberto<\/em><\/strong><\/p>\n\n\n\n<p class=\"has-text-align-center has-pale-cyan-blue-background-color has-background\"><a rel=\"noreferrer noopener\" href=\"https:\/\/www.estrategiaconcursos.com.br\/blog\/concursos-abertos\/\" target=\"_blank\"><strong>CONCURSOS ABERTOS<\/strong><\/a><\/p>\n\n\n\n<p class=\"has-text-align-center\"><strong><em>As oportunidades previstas<\/em><\/strong><\/p>\n\n\n\n<p class=\"has-text-align-center has-pale-cyan-blue-background-color has-background\"><a rel=\"noreferrer noopener\" href=\"https:\/\/www.estrategiaconcursos.com.br\/blog\/concursos-2020\/\" target=\"_blank\"><strong>CONCURSOS&nbsp;2020<\/strong><\/a><\/p>\n\n\n\n<p class=\"has-text-align-center has-pale-cyan-blue-background-color has-background\"><a rel=\"noreferrer noopener\" href=\"https:\/\/www.estrategiaconcursos.com.br\/blog\/concursos-2021\/\" target=\"_blank\"><strong>CONCURSOS 2021<\/strong><\/a><\/p>\n","protected":false},"excerpt":{"rendered":"<p>Ol\u00e1, pessoal. Tudo certo? Hoje voltemos a falar sobre os pontos que merecem aten\u00e7\u00e3o no CTM de Aracaju. Focaremos nossa aten\u00e7\u00e3o nas normas gerais. As normas gerais s\u00e3o praticamente reprodu\u00e7\u00f5es do CTN, entretanto h\u00e1 alguns pontos que merecem aten\u00e7\u00e3o na Legisla\u00e7\u00e3o de Aracaju, partes que podem te confundir e \u00e9 exatamente isso que trataremos nesse [&hellip;]<\/p>\n","protected":false},"author":1763,"featured_media":611909,"comment_status":"open","ping_status":"closed","sticky":false,"template":"","format":"standard","meta":{"post_tipo":"article","footnotes":""},"categories":[1983],"tags":[],"tax_estado":[],"class_list":["post-611907","post","type-post","status-publish","format-standard","has-post-thumbnail","hentry","category-fiscal-estadual"],"acf":[],"yoast_head":"<!-- This site is optimized with the Yoast SEO Premium plugin v27.2 (Yoast SEO v27.2) - https:\/\/yoast.com\/product\/yoast-seo-premium-wordpress\/ -->\n<title>Pontos que merecem aten\u00e7\u00e3o - CTM de Aracaju \u2013 parte 3<\/title>\n<meta name=\"description\" content=\"Veja nesse artigo sobre os pontos que merecem aten\u00e7\u00e3o no C\u00f3digo Tribut\u00e1rio Municipal de Aracaju, principalmente sobre as normas gerais.\" \/>\n<meta name=\"robots\" content=\"index, follow, max-snippet:-1, max-image-preview:large, max-video-preview:-1\" \/>\n<link rel=\"canonical\" href=\"https:\/\/www.estrategiaconcursos.com.br\/blog\/pontos-que-merecem-atencao-ctm-de-aracaju-parte-3\/\" \/>\n<meta property=\"og:locale\" content=\"pt_BR\" \/>\n<meta property=\"og:type\" content=\"article\" \/>\n<meta property=\"og:title\" content=\"Pontos que merecem aten\u00e7\u00e3o - CTM de Aracaju \u2013 parte 3\" \/>\n<meta property=\"og:description\" content=\"Veja nesse artigo sobre os pontos que merecem aten\u00e7\u00e3o no C\u00f3digo Tribut\u00e1rio Municipal de Aracaju, principalmente sobre as normas gerais.\" \/>\n<meta property=\"og:url\" content=\"https:\/\/www.estrategiaconcursos.com.br\/blog\/pontos-que-merecem-atencao-ctm-de-aracaju-parte-3\/\" \/>\n<meta property=\"og:site_name\" content=\"Estrat\u00e9gia Concursos\" \/>\n<meta property=\"article:published_time\" content=\"2020-11-24T18:42:57+00:00\" \/>\n<meta property=\"article:modified_time\" content=\"2020-11-24T18:42:59+00:00\" \/>\n<meta property=\"og:image\" content=\"https:\/\/dhg1h5j42swfq.cloudfront.net\/2020\/11\/17131700\/image-226.png\" \/>\n\t<meta property=\"og:image:width\" content=\"281\" \/>\n\t<meta property=\"og:image:height\" content=\"343\" \/>\n\t<meta property=\"og:image:type\" content=\"image\/png\" \/>\n<meta name=\"author\" content=\"Leonardo Menezes Passarin\" \/>\n<meta name=\"twitter:card\" content=\"summary_large_image\" \/>\n<meta name=\"twitter:creator\" content=\"@EstratConcursos\" \/>\n<meta name=\"twitter:site\" content=\"@EstratConcursos\" \/>\n<meta name=\"twitter:label1\" content=\"Escrito por\" \/>\n\t<meta name=\"twitter:data1\" content=\"Leonardo Menezes Passarin\" \/>\n\t<meta name=\"twitter:label2\" content=\"Est. tempo de leitura\" \/>\n\t<meta name=\"twitter:data2\" content=\"11 minutos\" \/>\n<script type=\"application\/ld+json\" class=\"yoast-schema-graph\">{\"@context\":\"https:\/\/schema.org\",\"@graph\":[{\"@type\":\"NewsArticle\",\"@id\":\"https:\/\/www.estrategiaconcursos.com.br\/blog\/pontos-que-merecem-atencao-ctm-de-aracaju-parte-3\/#article\",\"isPartOf\":{\"@id\":\"https:\/\/www.estrategiaconcursos.com.br\/blog\/pontos-que-merecem-atencao-ctm-de-aracaju-parte-3\/\"},\"author\":{\"name\":\"Leonardo Menezes Passarin\",\"@id\":\"https:\/\/www.estrategiaconcursos.com.br\/blog\/#\/schema\/person\/245b44e43eb13f0dbd04a7a078cd0d0d\"},\"headline\":\"Pontos que merecem aten\u00e7\u00e3o &#8211; CTM de Aracaju \u2013 parte 3\",\"datePublished\":\"2020-11-24T18:42:57+00:00\",\"dateModified\":\"2020-11-24T18:42:59+00:00\",\"mainEntityOfPage\":{\"@id\":\"https:\/\/www.estrategiaconcursos.com.br\/blog\/pontos-que-merecem-atencao-ctm-de-aracaju-parte-3\/\"},\"wordCount\":2223,\"commentCount\":2,\"publisher\":{\"@id\":\"https:\/\/www.estrategiaconcursos.com.br\/blog\/#organization\"},\"image\":{\"@id\":\"https:\/\/www.estrategiaconcursos.com.br\/blog\/pontos-que-merecem-atencao-ctm-de-aracaju-parte-3\/#primaryimage\"},\"thumbnailUrl\":\"https:\/\/dhg1h5j42swfq.cloudfront.net\/2020\/11\/17131700\/image-226.png\",\"articleSection\":[\"Fiscal - Estadual (ICMS)\"],\"inLanguage\":\"pt-BR\",\"potentialAction\":[{\"@type\":\"CommentAction\",\"name\":\"Comment\",\"target\":[\"https:\/\/www.estrategiaconcursos.com.br\/blog\/pontos-que-merecem-atencao-ctm-de-aracaju-parte-3\/#respond\"]}],\"copyrightYear\":\"2020\",\"copyrightHolder\":{\"@id\":\"https:\/\/www.estrategiaconcursos.com.br\/blog\/#organization\"}},{\"@type\":\"WebPage\",\"@id\":\"https:\/\/www.estrategiaconcursos.com.br\/blog\/pontos-que-merecem-atencao-ctm-de-aracaju-parte-3\/\",\"url\":\"https:\/\/www.estrategiaconcursos.com.br\/blog\/pontos-que-merecem-atencao-ctm-de-aracaju-parte-3\/\",\"name\":\"Pontos que merecem aten\u00e7\u00e3o - CTM de Aracaju \u2013 parte 3\",\"isPartOf\":{\"@id\":\"https:\/\/www.estrategiaconcursos.com.br\/blog\/#website\"},\"primaryImageOfPage\":{\"@id\":\"https:\/\/www.estrategiaconcursos.com.br\/blog\/pontos-que-merecem-atencao-ctm-de-aracaju-parte-3\/#primaryimage\"},\"image\":{\"@id\":\"https:\/\/www.estrategiaconcursos.com.br\/blog\/pontos-que-merecem-atencao-ctm-de-aracaju-parte-3\/#primaryimage\"},\"thumbnailUrl\":\"https:\/\/dhg1h5j42swfq.cloudfront.net\/2020\/11\/17131700\/image-226.png\",\"datePublished\":\"2020-11-24T18:42:57+00:00\",\"dateModified\":\"2020-11-24T18:42:59+00:00\",\"description\":\"Veja nesse artigo sobre os pontos que merecem aten\u00e7\u00e3o no C\u00f3digo Tribut\u00e1rio Municipal de Aracaju, principalmente sobre as normas gerais.\",\"breadcrumb\":{\"@id\":\"https:\/\/www.estrategiaconcursos.com.br\/blog\/pontos-que-merecem-atencao-ctm-de-aracaju-parte-3\/#breadcrumb\"},\"inLanguage\":\"pt-BR\",\"potentialAction\":[{\"@type\":\"ReadAction\",\"target\":[\"https:\/\/www.estrategiaconcursos.com.br\/blog\/pontos-que-merecem-atencao-ctm-de-aracaju-parte-3\/\"]}]},{\"@type\":\"ImageObject\",\"inLanguage\":\"pt-BR\",\"@id\":\"https:\/\/www.estrategiaconcursos.com.br\/blog\/pontos-que-merecem-atencao-ctm-de-aracaju-parte-3\/#primaryimage\",\"url\":\"https:\/\/dhg1h5j42swfq.cloudfront.net\/2020\/11\/17131700\/image-226.png\",\"contentUrl\":\"https:\/\/dhg1h5j42swfq.cloudfront.net\/2020\/11\/17131700\/image-226.png\",\"width\":281,\"height\":343},{\"@type\":\"BreadcrumbList\",\"@id\":\"https:\/\/www.estrategiaconcursos.com.br\/blog\/pontos-que-merecem-atencao-ctm-de-aracaju-parte-3\/#breadcrumb\",\"itemListElement\":[{\"@type\":\"ListItem\",\"position\":1,\"name\":\"In\u00edcio\",\"item\":\"https:\/\/www.estrategiaconcursos.com.br\/blog\/\"},{\"@type\":\"ListItem\",\"position\":2,\"name\":\"Pontos que merecem aten\u00e7\u00e3o &#8211; CTM de Aracaju \u2013 parte 3\"}]},{\"@type\":\"WebSite\",\"@id\":\"https:\/\/www.estrategiaconcursos.com.br\/blog\/#website\",\"url\":\"https:\/\/www.estrategiaconcursos.com.br\/blog\/\",\"name\":\"Estrat\u00e9gia Concursos\",\"description\":\"O blog da Estrat\u00e9gia Concursos traz not\u00edcias sobre concursos e artigos de professores oferecendo cursos para concursos (pdf + videaulas) no site.\",\"publisher\":{\"@id\":\"https:\/\/www.estrategiaconcursos.com.br\/blog\/#organization\"},\"potentialAction\":[{\"@type\":\"SearchAction\",\"target\":{\"@type\":\"EntryPoint\",\"urlTemplate\":\"https:\/\/www.estrategiaconcursos.com.br\/blog\/?s={search_term_string}\"},\"query-input\":{\"@type\":\"PropertyValueSpecification\",\"valueRequired\":true,\"valueName\":\"search_term_string\"}}],\"inLanguage\":\"pt-BR\"},{\"@type\":\"Organization\",\"@id\":\"https:\/\/www.estrategiaconcursos.com.br\/blog\/#organization\",\"name\":\"Estrat\u00e9gia Concursos\",\"url\":\"https:\/\/www.estrategiaconcursos.com.br\/blog\/\",\"logo\":{\"@type\":\"ImageObject\",\"inLanguage\":\"pt-BR\",\"@id\":\"https:\/\/www.estrategiaconcursos.com.br\/blog\/#\/schema\/logo\/image\/\",\"url\":\"https:\/\/dhg1h5j42swfq.cloudfront.net\/2025\/06\/03203428\/logo_concursos-1.jpg\",\"contentUrl\":\"https:\/\/dhg1h5j42swfq.cloudfront.net\/2025\/06\/03203428\/logo_concursos-1.jpg\",\"width\":230,\"height\":60,\"caption\":\"Estrat\u00e9gia Concursos\"},\"image\":{\"@id\":\"https:\/\/www.estrategiaconcursos.com.br\/blog\/#\/schema\/logo\/image\/\"},\"sameAs\":[\"https:\/\/x.com\/EstratConcursos\"]},{\"@type\":\"Person\",\"@id\":\"https:\/\/www.estrategiaconcursos.com.br\/blog\/#\/schema\/person\/245b44e43eb13f0dbd04a7a078cd0d0d\",\"name\":\"Leonardo Menezes Passarin\",\"image\":{\"@type\":\"ImageObject\",\"inLanguage\":\"pt-BR\",\"@id\":\"https:\/\/secure.gravatar.com\/avatar\/fc0e5714ceaa97f24e6e6a30eab74ba8a701c2b62f8cab100ffdb22c6d8f42c3?s=96&d=mm&r=g\",\"url\":\"https:\/\/secure.gravatar.com\/avatar\/fc0e5714ceaa97f24e6e6a30eab74ba8a701c2b62f8cab100ffdb22c6d8f42c3?s=96&d=mm&r=g\",\"contentUrl\":\"https:\/\/secure.gravatar.com\/avatar\/fc0e5714ceaa97f24e6e6a30eab74ba8a701c2b62f8cab100ffdb22c6d8f42c3?s=96&d=mm&r=g\",\"caption\":\"Leonardo Menezes Passarin\"},\"url\":\"https:\/\/www.estrategiaconcursos.com.br\/blog\/author\/passarin-leonardohotmail-com\/\"}]}<\/script>\n<!-- \/ Yoast SEO Premium plugin. -->","yoast_head_json":{"title":"Pontos que merecem aten\u00e7\u00e3o - CTM de Aracaju \u2013 parte 3","description":"Veja nesse artigo sobre os pontos que merecem aten\u00e7\u00e3o no C\u00f3digo Tribut\u00e1rio Municipal de Aracaju, principalmente sobre as normas gerais.","robots":{"index":"index","follow":"follow","max-snippet":"max-snippet:-1","max-image-preview":"max-image-preview:large","max-video-preview":"max-video-preview:-1"},"canonical":"https:\/\/www.estrategiaconcursos.com.br\/blog\/pontos-que-merecem-atencao-ctm-de-aracaju-parte-3\/","og_locale":"pt_BR","og_type":"article","og_title":"Pontos que merecem aten\u00e7\u00e3o - CTM de Aracaju \u2013 parte 3","og_description":"Veja nesse artigo sobre os pontos que merecem aten\u00e7\u00e3o no C\u00f3digo Tribut\u00e1rio Municipal de Aracaju, principalmente sobre as normas gerais.","og_url":"https:\/\/www.estrategiaconcursos.com.br\/blog\/pontos-que-merecem-atencao-ctm-de-aracaju-parte-3\/","og_site_name":"Estrat\u00e9gia Concursos","article_published_time":"2020-11-24T18:42:57+00:00","article_modified_time":"2020-11-24T18:42:59+00:00","og_image":[{"width":281,"height":343,"url":"https:\/\/dhg1h5j42swfq.cloudfront.net\/2020\/11\/17131700\/image-226.png","type":"image\/png"}],"author":"Leonardo Menezes Passarin","twitter_card":"summary_large_image","twitter_creator":"@EstratConcursos","twitter_site":"@EstratConcursos","twitter_misc":{"Escrito por":"Leonardo Menezes Passarin","Est. tempo de leitura":"11 minutos"},"schema":{"@context":"https:\/\/schema.org","@graph":[{"@type":"NewsArticle","@id":"https:\/\/www.estrategiaconcursos.com.br\/blog\/pontos-que-merecem-atencao-ctm-de-aracaju-parte-3\/#article","isPartOf":{"@id":"https:\/\/www.estrategiaconcursos.com.br\/blog\/pontos-que-merecem-atencao-ctm-de-aracaju-parte-3\/"},"author":{"name":"Leonardo Menezes Passarin","@id":"https:\/\/www.estrategiaconcursos.com.br\/blog\/#\/schema\/person\/245b44e43eb13f0dbd04a7a078cd0d0d"},"headline":"Pontos que merecem aten\u00e7\u00e3o &#8211; CTM de Aracaju \u2013 parte 3","datePublished":"2020-11-24T18:42:57+00:00","dateModified":"2020-11-24T18:42:59+00:00","mainEntityOfPage":{"@id":"https:\/\/www.estrategiaconcursos.com.br\/blog\/pontos-que-merecem-atencao-ctm-de-aracaju-parte-3\/"},"wordCount":2223,"commentCount":2,"publisher":{"@id":"https:\/\/www.estrategiaconcursos.com.br\/blog\/#organization"},"image":{"@id":"https:\/\/www.estrategiaconcursos.com.br\/blog\/pontos-que-merecem-atencao-ctm-de-aracaju-parte-3\/#primaryimage"},"thumbnailUrl":"https:\/\/dhg1h5j42swfq.cloudfront.net\/2020\/11\/17131700\/image-226.png","articleSection":["Fiscal - Estadual (ICMS)"],"inLanguage":"pt-BR","potentialAction":[{"@type":"CommentAction","name":"Comment","target":["https:\/\/www.estrategiaconcursos.com.br\/blog\/pontos-que-merecem-atencao-ctm-de-aracaju-parte-3\/#respond"]}],"copyrightYear":"2020","copyrightHolder":{"@id":"https:\/\/www.estrategiaconcursos.com.br\/blog\/#organization"}},{"@type":"WebPage","@id":"https:\/\/www.estrategiaconcursos.com.br\/blog\/pontos-que-merecem-atencao-ctm-de-aracaju-parte-3\/","url":"https:\/\/www.estrategiaconcursos.com.br\/blog\/pontos-que-merecem-atencao-ctm-de-aracaju-parte-3\/","name":"Pontos que merecem aten\u00e7\u00e3o - CTM de Aracaju \u2013 parte 3","isPartOf":{"@id":"https:\/\/www.estrategiaconcursos.com.br\/blog\/#website"},"primaryImageOfPage":{"@id":"https:\/\/www.estrategiaconcursos.com.br\/blog\/pontos-que-merecem-atencao-ctm-de-aracaju-parte-3\/#primaryimage"},"image":{"@id":"https:\/\/www.estrategiaconcursos.com.br\/blog\/pontos-que-merecem-atencao-ctm-de-aracaju-parte-3\/#primaryimage"},"thumbnailUrl":"https:\/\/dhg1h5j42swfq.cloudfront.net\/2020\/11\/17131700\/image-226.png","datePublished":"2020-11-24T18:42:57+00:00","dateModified":"2020-11-24T18:42:59+00:00","description":"Veja nesse artigo sobre os pontos que merecem aten\u00e7\u00e3o no C\u00f3digo Tribut\u00e1rio Municipal de Aracaju, principalmente sobre as normas gerais.","breadcrumb":{"@id":"https:\/\/www.estrategiaconcursos.com.br\/blog\/pontos-que-merecem-atencao-ctm-de-aracaju-parte-3\/#breadcrumb"},"inLanguage":"pt-BR","potentialAction":[{"@type":"ReadAction","target":["https:\/\/www.estrategiaconcursos.com.br\/blog\/pontos-que-merecem-atencao-ctm-de-aracaju-parte-3\/"]}]},{"@type":"ImageObject","inLanguage":"pt-BR","@id":"https:\/\/www.estrategiaconcursos.com.br\/blog\/pontos-que-merecem-atencao-ctm-de-aracaju-parte-3\/#primaryimage","url":"https:\/\/dhg1h5j42swfq.cloudfront.net\/2020\/11\/17131700\/image-226.png","contentUrl":"https:\/\/dhg1h5j42swfq.cloudfront.net\/2020\/11\/17131700\/image-226.png","width":281,"height":343},{"@type":"BreadcrumbList","@id":"https:\/\/www.estrategiaconcursos.com.br\/blog\/pontos-que-merecem-atencao-ctm-de-aracaju-parte-3\/#breadcrumb","itemListElement":[{"@type":"ListItem","position":1,"name":"In\u00edcio","item":"https:\/\/www.estrategiaconcursos.com.br\/blog\/"},{"@type":"ListItem","position":2,"name":"Pontos que merecem aten\u00e7\u00e3o &#8211; CTM de Aracaju \u2013 parte 3"}]},{"@type":"WebSite","@id":"https:\/\/www.estrategiaconcursos.com.br\/blog\/#website","url":"https:\/\/www.estrategiaconcursos.com.br\/blog\/","name":"Estrat\u00e9gia Concursos","description":"O blog da Estrat\u00e9gia Concursos traz not\u00edcias sobre concursos e artigos de professores oferecendo cursos para concursos (pdf + videaulas) no site.","publisher":{"@id":"https:\/\/www.estrategiaconcursos.com.br\/blog\/#organization"},"potentialAction":[{"@type":"SearchAction","target":{"@type":"EntryPoint","urlTemplate":"https:\/\/www.estrategiaconcursos.com.br\/blog\/?s={search_term_string}"},"query-input":{"@type":"PropertyValueSpecification","valueRequired":true,"valueName":"search_term_string"}}],"inLanguage":"pt-BR"},{"@type":"Organization","@id":"https:\/\/www.estrategiaconcursos.com.br\/blog\/#organization","name":"Estrat\u00e9gia Concursos","url":"https:\/\/www.estrategiaconcursos.com.br\/blog\/","logo":{"@type":"ImageObject","inLanguage":"pt-BR","@id":"https:\/\/www.estrategiaconcursos.com.br\/blog\/#\/schema\/logo\/image\/","url":"https:\/\/dhg1h5j42swfq.cloudfront.net\/2025\/06\/03203428\/logo_concursos-1.jpg","contentUrl":"https:\/\/dhg1h5j42swfq.cloudfront.net\/2025\/06\/03203428\/logo_concursos-1.jpg","width":230,"height":60,"caption":"Estrat\u00e9gia Concursos"},"image":{"@id":"https:\/\/www.estrategiaconcursos.com.br\/blog\/#\/schema\/logo\/image\/"},"sameAs":["https:\/\/x.com\/EstratConcursos"]},{"@type":"Person","@id":"https:\/\/www.estrategiaconcursos.com.br\/blog\/#\/schema\/person\/245b44e43eb13f0dbd04a7a078cd0d0d","name":"Leonardo Menezes Passarin","image":{"@type":"ImageObject","inLanguage":"pt-BR","@id":"https:\/\/secure.gravatar.com\/avatar\/fc0e5714ceaa97f24e6e6a30eab74ba8a701c2b62f8cab100ffdb22c6d8f42c3?s=96&d=mm&r=g","url":"https:\/\/secure.gravatar.com\/avatar\/fc0e5714ceaa97f24e6e6a30eab74ba8a701c2b62f8cab100ffdb22c6d8f42c3?s=96&d=mm&r=g","contentUrl":"https:\/\/secure.gravatar.com\/avatar\/fc0e5714ceaa97f24e6e6a30eab74ba8a701c2b62f8cab100ffdb22c6d8f42c3?s=96&d=mm&r=g","caption":"Leonardo Menezes Passarin"},"url":"https:\/\/www.estrategiaconcursos.com.br\/blog\/author\/passarin-leonardohotmail-com\/"}]}},"_links":{"self":[{"href":"https:\/\/www.estrategiaconcursos.com.br\/blog\/wp-json\/wp\/v2\/posts\/611907","targetHints":{"allow":["GET"]}}],"collection":[{"href":"https:\/\/www.estrategiaconcursos.com.br\/blog\/wp-json\/wp\/v2\/posts"}],"about":[{"href":"https:\/\/www.estrategiaconcursos.com.br\/blog\/wp-json\/wp\/v2\/types\/post"}],"author":[{"embeddable":true,"href":"https:\/\/www.estrategiaconcursos.com.br\/blog\/wp-json\/wp\/v2\/users\/1763"}],"replies":[{"embeddable":true,"href":"https:\/\/www.estrategiaconcursos.com.br\/blog\/wp-json\/wp\/v2\/comments?post=611907"}],"version-history":[{"count":4,"href":"https:\/\/www.estrategiaconcursos.com.br\/blog\/wp-json\/wp\/v2\/posts\/611907\/revisions"}],"predecessor-version":[{"id":616163,"href":"https:\/\/www.estrategiaconcursos.com.br\/blog\/wp-json\/wp\/v2\/posts\/611907\/revisions\/616163"}],"wp:featuredmedia":[{"embeddable":true,"href":"https:\/\/www.estrategiaconcursos.com.br\/blog\/wp-json\/wp\/v2\/media\/611909"}],"wp:attachment":[{"href":"https:\/\/www.estrategiaconcursos.com.br\/blog\/wp-json\/wp\/v2\/media?parent=611907"}],"wp:term":[{"taxonomy":"category","embeddable":true,"href":"https:\/\/www.estrategiaconcursos.com.br\/blog\/wp-json\/wp\/v2\/categories?post=611907"},{"taxonomy":"post_tag","embeddable":true,"href":"https:\/\/www.estrategiaconcursos.com.br\/blog\/wp-json\/wp\/v2\/tags?post=611907"},{"taxonomy":"tax_estado","embeddable":true,"href":"https:\/\/www.estrategiaconcursos.com.br\/blog\/wp-json\/wp\/v2\/tax_estado?post=611907"}],"curies":[{"name":"wp","href":"https:\/\/api.w.org\/{rel}","templated":true}]}}