{"id":611889,"date":"2020-11-22T14:49:00","date_gmt":"2020-11-22T17:49:00","guid":{"rendered":"https:\/\/www.estrategiaconcursos.com.br\/blog\/?p=611889"},"modified":"2020-11-20T14:50:07","modified_gmt":"2020-11-20T17:50:07","slug":"veja-as-disposicoes-do-gatt-e-a-protecao-a-industria-nascente","status":"publish","type":"post","link":"https:\/\/www.estrategiaconcursos.com.br\/blog\/veja-as-disposicoes-do-gatt-e-a-protecao-a-industria-nascente\/","title":{"rendered":"Veja as disposi\u00e7\u00f5es do GATT e a Prote\u00e7\u00e3o \u00e0 Ind\u00fastria Nascente"},"content":{"rendered":"\n<p class=\"has-medium-font-size\">Vejas as disposi\u00e7\u00f5es do Acordo Geral de Tarifas e Com\u00e9rcio (GATT) sobre prote\u00e7\u00e3o \u00e0 ind\u00fastria nascente<\/p>\n\n\n\n<div class=\"wp-block-image\"><figure class=\"aligncenter size-medium\"><img loading=\"lazy\" decoding=\"async\" width=\"300\" height=\"213\" src=\"https:\/\/dhg1h5j42swfq.cloudfront.net\/2020\/11\/17125417\/Industrializacao-Rafael-Fernandes-1-ano-manha-1-300x213.jpg\" alt=\"GATT e a Prote\u00e7\u00e3o \u00e0 Ind\u00fastria Nascente\" class=\"wp-image-611891\" srcset=\"https:\/\/dhg1h5j42swfq.cloudfront.net\/2020\/11\/17125417\/Industrializacao-Rafael-Fernandes-1-ano-manha-1-300x213.jpg 300w, https:\/\/dhg1h5j42swfq.cloudfront.net\/2020\/11\/17125417\/Industrializacao-Rafael-Fernandes-1-ano-manha-1.jpg 500w\" sizes=\"auto, (max-width: 300px) 100vw, 300px\" \/><figcaption>GATT e a Prote\u00e7\u00e3o \u00e0 Ind\u00fastria Nascente<\/figcaption><\/figure><\/div>\n\n\n\n<p>Ol\u00e1, Estrategista. Tudo joia?<\/p>\n\n\n\n<p>O Acordo Geral sobre Tarifas e Com\u00e9rcio (GATT) foi um acordo internacional estabelecido em 1947, com a miss\u00e3o de promover o com\u00e9rcio internacional e remover\/reduzir barreiras comerciais,<\/p>\n\n\n\n<p>Isto \u00e9, trata-se de um conjunto de normas tarif\u00e1rias destinadas a impulsionar o livre com\u00e9rcio e a combater pr\u00e1ticas protecionistas nas rela\u00e7\u00f5es comerciais internacionais.<\/p>\n\n\n\n<p>Contudo, a consecu\u00e7\u00e3o desses objetivos n\u00e3o se deve dar a custas de qualquer pre\u00e7o. Muito pelo contr\u00e1rio, o Acordo, apesar de se esfor\u00e7ar pela progressiva redu\u00e7\u00e3o de entraves ao com\u00e9rcio internacional, tem plena consci\u00eancia da situa\u00e7\u00e3o fr\u00e1gil de pa\u00edses menos desenvolvidos.<\/p>\n\n\n\n<p>N\u00e3o se deve esquecer que a principal fonte de riqueza de qualquer pa\u00eds \u00e9 o trabalho, e que a ind\u00fastria \u00e9 uma das mais importantes formas de gera\u00e7\u00e3o de emprego e rende.<\/p>\n\n\n\n<p>Por conta disso, se os objetivos do GATT devessem ser cumpridos a todo pre\u00e7o, pa\u00edses menos desenvolvidos provavelmente teriam suas ind\u00fastrias nacionais destru\u00eddas, por n\u00e3o conseguirem competir com o mercado internacional, principalmente com mercadorias advindas de pa\u00edses desenvolvidos, que sem beneficiam da produ\u00e7\u00e3o em escala.<\/p>\n\n\n\n<p>Vejamos ent\u00e3o as principais disposi\u00e7\u00f5es do GATT sobre a prote\u00e7\u00e3o \u00e0 ind\u00fastria nascente e prote\u00e7\u00e3o dos mercados de pa\u00edses em desenvolvimento.<\/p>\n\n\n\n<h2 class=\"wp-block-heading\">AJUDA DO ESTADO EM FAVOR DE DESENVOLVIMENTO ECON\u00d4MICO<\/h2>\n\n\n\n<p>Uma das justificativas admitidas pelo GATT para que sejam adotadas pr\u00e1ticas protecionistas \u00e9 a prote\u00e7\u00e3o \u00e0 ind\u00fastria nascente. Segundo o referido Friedrich List, <strong>o livre com\u00e9rcio n\u00e3o \u00e9 ben\u00e9fico para todos os pa\u00edses, mas t\u00e3o somente para aqueles que chegaram ao \u00faltimo n\u00edvel de desenvolvimento.<\/strong><\/p>\n\n\n\n<p>Nesse sentido, o Acordo prev\u00ea que as Partes Contratantes devam reconhecer que a realiza\u00e7\u00e3o dos objetivos ser\u00e1 facilitada pelo desenvolvimento progressivo das economias dos pa\u00edses, em particular nos casos de pa\u00edses cuja economia n\u00e3o assegure \u00e0 popula\u00e7\u00e3o sen\u00e3o um baixo n\u00edvel de vida e que est\u00e1 nos primeiros est\u00e1gios de seu desenvolvimento.<\/p>\n\n\n\n<p>Em outras palavras, a consecu\u00e7\u00e3o dos objetivos do GATT est\u00e1 vinculada ao desenvolvimento econ\u00f4mico dos pa\u00edses, especialmente dos pa\u00edses mais pobres.<\/p>\n\n\n\n<p>Al\u00e9m disso, fica estabelecido que os Pa\u00edses membros do GATT reconhecem que pode ser necess\u00e1rio <strong>para os pa\u00edses em desenvolvimento<\/strong>, com o objetivo de executar seus programas e suas pol\u00edticas de desenvolvimento econ\u00f4mico orientados para a eleva\u00e7\u00e3o do n\u00edvel geral de vida de suas popula\u00e7\u00f5es, <strong>tomar medidas de prote\u00e7\u00e3o ou outras medidas que afetem as importa\u00e7\u00f5es e que tais medidas s\u00e3o justificadas na medida em que elas facilitem a obten\u00e7\u00e3o dos objetivos desse Acordo<\/strong>.<\/p>\n\n\n\n<p>Com base nisso, os pa\u00edses em desenvolvimento devem usufruir facilidades adicionais que as possibilitem:<\/p>\n\n\n\n<ul class=\"wp-block-list\"><li>conservar na estrutura de suas tarifas aduaneiras suficiente flexibilidade para que elas possam fornecer a prote\u00e7\u00e3o tarif\u00e1ria necess\u00e1ria \u00e0 cria\u00e7\u00e3o de um ramo de produ\u00e7\u00e3o determinado, e<\/li><li>instituir <strong>RESTRI\u00c7\u00d5ES QUANTITATIVAS<\/strong> destinadas a proteger o equil\u00edbrio de suas balan\u00e7as de pagamento de uma maneira que leve plenamente em conta o n\u00edvel elevado e permanente da procura de importa\u00e7\u00e3o suscet\u00edvel de ser criada pela realiza\u00e7\u00e3o de seus programas de desenvolvimento econ\u00f4mico.<\/li><\/ul>\n\n\n\n<p>Perceba que se torna poss\u00edvel, inclusive, a implementa\u00e7\u00e3o de restri\u00e7\u00f5es quantitativas, o mais severo dos entraves ao com\u00e9rcio internacional.<\/p>\n\n\n\n<h2 class=\"wp-block-heading\">Desobedi\u00eancia ao GATT<\/h2>\n\n\n\n<p>De modo a proteger e assegurar o devido desenvolvimento dos pa\u00edses mais pobres sem que, contudo, estes sejam penalizados ou discriminados, o Acordo estabelece que qualquer Parte Contratante cuja economia n\u00e3o pode assegurar \u00e0 popula\u00e7\u00e3o sen\u00e3o um baixo n\u00edvel de vida e que se encontra nos primeiros est\u00e1gios de seu desenvolvimento, <strong>ter\u00e1 a faculdade de dispensar-se, TEMPORARIAMENTE, das disposi\u00e7\u00f5es do GATT.<\/strong><\/p>\n\n\n\n<p>J\u00e1 para as Partes Contratantes cuja economia est\u00e1 em via de desenvolvimento, mas que n\u00e3o se enquadra nos primeiros est\u00e1gios de desenvolvimento, podem encaminhar pedidos \u00e0s demais Partes Contratantes para dispensar-se <strong>temporariamente<\/strong> das disposi\u00e7\u00f5es do GATT.<\/p>\n\n\n\n<h2 class=\"wp-block-heading\">MEDIDAS DE EMERG\u00caNCIA PARA OS CASOS DE IMPORTA\u00c7\u00c3O DE PRODUTOS ESPECIAIS<\/h2>\n\n\n\n<p>Se, em consequ\u00eancia da evolu\u00e7\u00e3o imprevista das circunst\u00e2ncias e por efeito dos compromissos que uma Parte Contratante tenha contra\u00eddo em virtude do GATT, &nbsp;um produto for importado no territ\u00f3rio da referida Parte Contratante em quantidade por tal forma que tra<strong>ga ou ameace trazer um preju\u00edzo s\u00e9rio aos produtores nacionais de produtos similares ou diretamente concorrentes<\/strong>, ser\u00e1 facultado a essa Parte Contratante, na medida e durante o tempo que forem necess\u00e1rios para prevenir ou reparar esse preju\u00edzo, <strong>suspender<\/strong>, no todo ou em parte, o compromisso assumido em rela\u00e7\u00e3o a esse produto, ou retirar ou modificar a concess\u00e3o.<\/p>\n\n\n\n<p>Esse dispositivo mais uma vez demonstra que o GATT n\u00e3o foi elaborado com vistas a promover a flexibiliza\u00e7\u00e3o do com\u00e9rcio internacional a qualquer custo. Muito pelo contr\u00e1rio, mais uma vez o Acordo demonstra sua preocupa\u00e7\u00e3o em que, para haver um desenvolvimento sustent\u00e1vel e ben\u00e9fico a todas as partes, primeiro deve-se desenvolver os pa\u00edses. S\u00f3 assim ser\u00e1 poss\u00edvel um com\u00e9rcio com caracter\u00edsticas n\u00e3o predat\u00f3rias.<\/p>\n\n\n\n<p>Todavia, antes que uma Parte Contratante tome as medidas previstas acima, ela avisar\u00e1 <strong>por escrito<\/strong> \u00e0s Partes Contratantes <strong>com a maior anteced\u00eancia poss\u00edvel<\/strong>.<\/p>\n\n\n\n<p>Apenas em circunst\u00e2ncias cr\u00edticas, em que qualquer prazo acarrete um preju\u00edzo dif\u00edcil de reparar, a suspens\u00e3o poder\u00e1 ser tomada a <strong>T\u00cdTULO PROVIS\u00d3RIO<\/strong>, <strong>sem consulta pr\u00e9via<\/strong>, com a condi\u00e7\u00e3o de que essa consulta tenha lugar imediatamente ap\u00f3s a sua aplica\u00e7\u00e3o.<\/p>\n\n\n\n<p>Muito bem, mas e com rela\u00e7\u00e3o aos outros Pa\u00edses, sejam desenvolvidos ou menos desenvolvidos, que foram prejudicados por essas decis\u00f5es? Nesse caso, o acordo tamb\u00e9m n\u00e3o \u00e9 omisso. Veja.<\/p>\n\n\n\n<h3 class=\"wp-block-heading\">Partes Prejudicadas<\/h3>\n\n\n\n<p>Nesse caso, ser\u00e1 facultado \u00e0s Partes Contratantes <strong>lesadas<\/strong> <strong>por essas medidas<\/strong>, se num prazo de <strong>90 dias<\/strong>, a contar de sua aplica\u00e7\u00e3o, suspender, ap\u00f3s pr\u00e9vio aviso de 30 dias, a aplica\u00e7\u00e3o ao com\u00e9rcio da Parte Contratante que tomou essas medidas.<\/p>\n\n\n\n<h2 class=\"wp-block-heading\">Consultas e a Solu\u00e7\u00e3o de Controv\u00e9rsias<\/h2>\n\n\n\n<p>Como podemos imaginar, a partir das exce\u00e7\u00f5es acima, muitas controv\u00e9rsias podem surgir entre os pa\u00edses signat\u00e1rios do GATT. Desse modo, o acordo j\u00e1 adianta ao estabelecer alguns mecanismos para solu\u00e7\u00e3o de controv\u00e9rsias.<\/p>\n\n\n\n<p>Um desses mecanismos \u00e9 a consulta, em que um Pa\u00eds membro poder\u00e1 enviar a outro representa\u00e7\u00f5es sobre a aplica\u00e7\u00e3o das normas desse Acordo.<\/p>\n\n\n\n<p>Al\u00e9m disso, as Partes Contratantes poder\u00e3o, a pedido de uma das Partes Contratantes, entrar em entendimentos com uma ou v\u00e1rias Partes Contratantes sobre quest\u00f5es para as quais a solu\u00e7\u00e3o satisfat\u00f3ria n\u00e3o poderia ser alcan\u00e7ada atrav\u00e9s das consultas.<\/p>\n\n\n\n<h2 class=\"wp-block-heading\">Finalizando<\/h2>\n\n\n\n<p>Veremos com mais detalhes os mecanismos de solu\u00e7\u00e3o de controv\u00e9rsias quando estudarmos com mais profundidade a Organiza\u00e7\u00e3o Mundial do Com\u00e9rcio (OMC) que, embora tamb\u00e9m use o GATT 47 como uma de suas bases, tamb\u00e9m apresenta outros dispositivos mais eficazes no que diz respeito \u00e0 solu\u00e7\u00e3o de controv\u00e9rsias.<\/p>\n\n\n\n<p>Por sinal, cumpre relembrar que o GATT 47 n\u00e3o era uma organiza\u00e7\u00e3o, muito menos que apresentava Conselhos capazes de realizar decis\u00f5es com base em um caso concreto e que devessem ser obedecidas. O GATT 47 tratava de apenas um acordo em que v\u00e1rios pa\u00edses se comprometeram a observar no intuito de promover o com\u00e9rcio internacional sustent\u00e1vel e ben\u00e9fico.<\/p>\n\n\n\n<p>Caso queira saber mais detalhes desse e de outros assuntos sobre Com\u00e9rcio Internacional, com milhares de exerc\u00edcios resolvidos e muitos exemplos pr\u00e1ticos, n\u00e3o hesite em ver nossos materiais sobre o tema (<a href=\"https:\/\/www.estrategiaconcursos.com.br\/cursosPorMateria\/comercio-internacional-26\/\">acesse aqui<\/a>). Nossos materiais s\u00e3o elaborados pelos melhores professores da \u00e1rea. S\u00e3o justamente esses materiais que fazem do Estrat\u00e9gia o l\u00edder em aprova\u00e7\u00f5es em concursos p\u00fablicos.<\/p>\n\n\n\n<p>Forte abra\u00e7o<\/p>\n\n\n\n<p>Leandro Ricardo M. Silveira<\/p>\n\n\n\n<p><strong>Instagram: <\/strong><a href=\"https:\/\/www.instagram.com\/leandro.rms12\/\">https:\/\/www.instagram.com\/leandro.rms12\/<\/a><\/p>\n\n\n\n<p class=\"has-text-align-center has-medium-font-size\"><em><strong>Assinatura Anual Ilimitada*<\/strong><\/em><\/p>\n\n\n\n<p class=\"has-text-align-center\"><em>Prepare-se com o melhor material e com quem mais aprova em Concursos P\u00fablicos em todo o pa\u00eds. Assine agora a nossa Assinatura Anual e tenha acesso ilimitado* a todos os nossos cursos.<\/em><\/p>\n\n\n\n<p class=\"has-text-align-center has-light-green-cyan-background-color has-background\" style=\"font-size:clamp(14.642px, 0.915rem + ((1vw - 3.2px) * 0.721), 22px);px\"><strong>ASSINE AGORA<\/strong>&nbsp;\u2013&nbsp;<strong><a rel=\"noreferrer noopener\" href=\"https:\/\/www.estrategiaconcursos.com.br\/assinaturas\" target=\"_blank\">Assinatura Ilimitada<\/a><\/strong><\/p>\n\n\n\n<p class=\"has-text-align-center has-medium-font-size\"><strong><em><strong>Sistema de Quest\u00f5es<\/strong><\/em><\/strong><\/p>\n\n\n\n<p class=\"has-text-align-center\"><em>Estrat\u00e9gia Quest\u00f5es nasceu maior do que todos os concorrentes, com mais quest\u00f5es cadastradas e mais solu\u00e7\u00f5es por professores. Ent\u00e3o, confira e aproveite os descontos e b\u00f4nus imperd\u00edveis!<\/em><\/p>\n\n\n\n<p class=\"has-text-align-center has-vivid-green-cyan-background-color has-background\" style=\"font-size:clamp(14.642px, 0.915rem + ((1vw - 3.2px) * 0.721), 22px);px\"><strong>ASSINE AGORA \u2013&nbsp;<a href=\"https:\/\/questoes.estrategiaconcursos.com.br\/\" target=\"_blank\" rel=\"noreferrer noopener\">Sistema de Quest\u00f5es<\/a><\/strong><\/p>\n\n\n\n<p class=\"has-text-align-center has-medium-font-size\"><strong><em>Fique por dentro dos concursos em aberto<\/em><\/strong><\/p>\n\n\n\n<p class=\"has-text-align-center has-pale-cyan-blue-background-color has-background\" style=\"font-size:clamp(14.642px, 0.915rem + ((1vw - 3.2px) * 0.721), 22px);px\"><a rel=\"noreferrer noopener\" href=\"https:\/\/www.estrategiaconcursos.com.br\/blog\/concursos-abertos\/\" target=\"_blank\"><strong>CONCURSOS ABERTOS<\/strong><\/a><\/p>\n\n\n\n<p class=\"has-text-align-center has-medium-font-size\"><strong><em>As oportunidades previstas<\/em><\/strong><\/p>\n\n\n\n<p class=\"has-text-align-center has-pale-cyan-blue-background-color has-background\" style=\"font-size:clamp(14.642px, 0.915rem + ((1vw - 3.2px) * 0.721), 22px);px\"><a rel=\"noreferrer noopener\" href=\"https:\/\/www.estrategiaconcursos.com.br\/blog\/concursos-2020\/\" target=\"_blank\"><strong>CONCURSOS&nbsp;2020<\/strong><\/a><\/p>\n\n\n\n<p class=\"has-text-align-center has-pale-cyan-blue-background-color has-background\" style=\"font-size:clamp(14.642px, 0.915rem + ((1vw - 3.2px) * 0.721), 22px);px\"><a rel=\"noreferrer noopener\" href=\"https:\/\/www.estrategiaconcursos.com.br\/blog\/concursos-2021\/\" target=\"_blank\"><strong>CONCURSOS 2021<\/strong><\/a><\/p>\n","protected":false},"excerpt":{"rendered":"<p>Vejas as disposi\u00e7\u00f5es do Acordo Geral de Tarifas e Com\u00e9rcio (GATT) sobre prote\u00e7\u00e3o \u00e0 ind\u00fastria nascente Ol\u00e1, Estrategista. Tudo joia? O Acordo Geral sobre Tarifas e Com\u00e9rcio (GATT) foi um acordo internacional estabelecido em 1947, com a miss\u00e3o de promover o com\u00e9rcio internacional e remover\/reduzir barreiras comerciais, Isto \u00e9, trata-se de um conjunto de normas [&hellip;]<\/p>\n","protected":false},"author":1668,"featured_media":611891,"comment_status":"open","ping_status":"closed","sticky":false,"template":"","format":"standard","meta":{"post_tipo":"article","footnotes":""},"categories":[1983],"tags":[219959,219991],"tax_estado":[],"class_list":["post-611889","post","type-post","status-publish","format-standard","has-post-thumbnail","hentry","category-fiscal-estadual","tag-gatt","tag-industria-nascente"],"acf":[],"yoast_head":"<!-- This site is optimized with the Yoast SEO Premium plugin v27.2 (Yoast SEO v27.2) - https:\/\/yoast.com\/product\/yoast-seo-premium-wordpress\/ -->\n<title>Veja as disposi\u00e7\u00f5es do GATT e a Prote\u00e7\u00e3o \u00e0 Ind\u00fastria Nascente<\/title>\n<meta name=\"description\" content=\"Vejas as disposi\u00e7\u00f5es do Acordo Geral de Tarifas e Com\u00e9rcio (GATT) sobre prote\u00e7\u00e3o \u00e0 ind\u00fastria nascente - concurso Receita Federal e MDIC\" \/>\n<meta name=\"robots\" content=\"index, follow, max-snippet:-1, max-image-preview:large, max-video-preview:-1\" \/>\n<link rel=\"canonical\" href=\"https:\/\/www.estrategiaconcursos.com.br\/blog\/veja-as-disposicoes-do-gatt-e-a-protecao-a-industria-nascente\/\" \/>\n<meta property=\"og:locale\" content=\"pt_BR\" \/>\n<meta property=\"og:type\" content=\"article\" \/>\n<meta property=\"og:title\" content=\"Veja as disposi\u00e7\u00f5es do GATT e a Prote\u00e7\u00e3o \u00e0 Ind\u00fastria Nascente\" \/>\n<meta property=\"og:description\" content=\"Vejas as disposi\u00e7\u00f5es do Acordo Geral de Tarifas e Com\u00e9rcio (GATT) sobre prote\u00e7\u00e3o \u00e0 ind\u00fastria nascente - concurso Receita Federal e MDIC\" \/>\n<meta property=\"og:url\" content=\"https:\/\/www.estrategiaconcursos.com.br\/blog\/veja-as-disposicoes-do-gatt-e-a-protecao-a-industria-nascente\/\" \/>\n<meta property=\"og:site_name\" content=\"Estrat\u00e9gia Concursos\" \/>\n<meta property=\"article:published_time\" content=\"2020-11-22T17:49:00+00:00\" \/>\n<meta property=\"og:image\" content=\"https:\/\/dhg1h5j42swfq.cloudfront.net\/2020\/11\/17125417\/Industrializacao-Rafael-Fernandes-1-ano-manha-1.jpg\" \/>\n\t<meta property=\"og:image:width\" content=\"500\" \/>\n\t<meta property=\"og:image:height\" content=\"355\" \/>\n\t<meta property=\"og:image:type\" content=\"image\/jpeg\" \/>\n<meta name=\"author\" content=\"Leandro Ricardo Machado da Silveira\" \/>\n<meta name=\"twitter:card\" content=\"summary_large_image\" \/>\n<meta name=\"twitter:creator\" content=\"@EstratConcursos\" \/>\n<meta name=\"twitter:site\" content=\"@EstratConcursos\" \/>\n<meta name=\"twitter:label1\" content=\"Escrito por\" \/>\n\t<meta name=\"twitter:data1\" content=\"Leandro Ricardo Machado da Silveira\" \/>\n\t<meta name=\"twitter:label2\" content=\"Est. tempo de leitura\" \/>\n\t<meta name=\"twitter:data2\" content=\"7 minutos\" \/>\n<script type=\"application\/ld+json\" class=\"yoast-schema-graph\">{\"@context\":\"https:\/\/schema.org\",\"@graph\":[{\"@type\":\"NewsArticle\",\"@id\":\"https:\/\/www.estrategiaconcursos.com.br\/blog\/veja-as-disposicoes-do-gatt-e-a-protecao-a-industria-nascente\/#article\",\"isPartOf\":{\"@id\":\"https:\/\/www.estrategiaconcursos.com.br\/blog\/veja-as-disposicoes-do-gatt-e-a-protecao-a-industria-nascente\/\"},\"author\":{\"name\":\"Leandro Ricardo Machado da Silveira\",\"@id\":\"https:\/\/www.estrategiaconcursos.com.br\/blog\/#\/schema\/person\/c666a44fbce7e2e70009a9c13549267a\"},\"headline\":\"Veja as disposi\u00e7\u00f5es do GATT e a Prote\u00e7\u00e3o \u00e0 Ind\u00fastria Nascente\",\"datePublished\":\"2020-11-22T17:49:00+00:00\",\"mainEntityOfPage\":{\"@id\":\"https:\/\/www.estrategiaconcursos.com.br\/blog\/veja-as-disposicoes-do-gatt-e-a-protecao-a-industria-nascente\/\"},\"wordCount\":1494,\"commentCount\":0,\"publisher\":{\"@id\":\"https:\/\/www.estrategiaconcursos.com.br\/blog\/#organization\"},\"image\":{\"@id\":\"https:\/\/www.estrategiaconcursos.com.br\/blog\/veja-as-disposicoes-do-gatt-e-a-protecao-a-industria-nascente\/#primaryimage\"},\"thumbnailUrl\":\"https:\/\/dhg1h5j42swfq.cloudfront.net\/2020\/11\/17125417\/Industrializacao-Rafael-Fernandes-1-ano-manha-1.jpg\",\"keywords\":[\"GATT\",\"ind\u00fastria nascente\"],\"articleSection\":[\"Fiscal - Estadual (ICMS)\"],\"inLanguage\":\"pt-BR\",\"potentialAction\":[{\"@type\":\"CommentAction\",\"name\":\"Comment\",\"target\":[\"https:\/\/www.estrategiaconcursos.com.br\/blog\/veja-as-disposicoes-do-gatt-e-a-protecao-a-industria-nascente\/#respond\"]}],\"copyrightYear\":\"2020\",\"copyrightHolder\":{\"@id\":\"https:\/\/www.estrategiaconcursos.com.br\/blog\/#organization\"}},{\"@type\":\"WebPage\",\"@id\":\"https:\/\/www.estrategiaconcursos.com.br\/blog\/veja-as-disposicoes-do-gatt-e-a-protecao-a-industria-nascente\/\",\"url\":\"https:\/\/www.estrategiaconcursos.com.br\/blog\/veja-as-disposicoes-do-gatt-e-a-protecao-a-industria-nascente\/\",\"name\":\"Veja as disposi\u00e7\u00f5es do GATT e a Prote\u00e7\u00e3o \u00e0 Ind\u00fastria Nascente\",\"isPartOf\":{\"@id\":\"https:\/\/www.estrategiaconcursos.com.br\/blog\/#website\"},\"primaryImageOfPage\":{\"@id\":\"https:\/\/www.estrategiaconcursos.com.br\/blog\/veja-as-disposicoes-do-gatt-e-a-protecao-a-industria-nascente\/#primaryimage\"},\"image\":{\"@id\":\"https:\/\/www.estrategiaconcursos.com.br\/blog\/veja-as-disposicoes-do-gatt-e-a-protecao-a-industria-nascente\/#primaryimage\"},\"thumbnailUrl\":\"https:\/\/dhg1h5j42swfq.cloudfront.net\/2020\/11\/17125417\/Industrializacao-Rafael-Fernandes-1-ano-manha-1.jpg\",\"datePublished\":\"2020-11-22T17:49:00+00:00\",\"description\":\"Vejas as disposi\u00e7\u00f5es do Acordo Geral de Tarifas e Com\u00e9rcio (GATT) sobre prote\u00e7\u00e3o \u00e0 ind\u00fastria nascente - concurso Receita Federal e MDIC\",\"breadcrumb\":{\"@id\":\"https:\/\/www.estrategiaconcursos.com.br\/blog\/veja-as-disposicoes-do-gatt-e-a-protecao-a-industria-nascente\/#breadcrumb\"},\"inLanguage\":\"pt-BR\",\"potentialAction\":[{\"@type\":\"ReadAction\",\"target\":[\"https:\/\/www.estrategiaconcursos.com.br\/blog\/veja-as-disposicoes-do-gatt-e-a-protecao-a-industria-nascente\/\"]}]},{\"@type\":\"ImageObject\",\"inLanguage\":\"pt-BR\",\"@id\":\"https:\/\/www.estrategiaconcursos.com.br\/blog\/veja-as-disposicoes-do-gatt-e-a-protecao-a-industria-nascente\/#primaryimage\",\"url\":\"https:\/\/dhg1h5j42swfq.cloudfront.net\/2020\/11\/17125417\/Industrializacao-Rafael-Fernandes-1-ano-manha-1.jpg\",\"contentUrl\":\"https:\/\/dhg1h5j42swfq.cloudfront.net\/2020\/11\/17125417\/Industrializacao-Rafael-Fernandes-1-ano-manha-1.jpg\",\"width\":500,\"height\":355},{\"@type\":\"BreadcrumbList\",\"@id\":\"https:\/\/www.estrategiaconcursos.com.br\/blog\/veja-as-disposicoes-do-gatt-e-a-protecao-a-industria-nascente\/#breadcrumb\",\"itemListElement\":[{\"@type\":\"ListItem\",\"position\":1,\"name\":\"In\u00edcio\",\"item\":\"https:\/\/www.estrategiaconcursos.com.br\/blog\/\"},{\"@type\":\"ListItem\",\"position\":2,\"name\":\"Veja as disposi\u00e7\u00f5es do GATT e a Prote\u00e7\u00e3o \u00e0 Ind\u00fastria Nascente\"}]},{\"@type\":\"WebSite\",\"@id\":\"https:\/\/www.estrategiaconcursos.com.br\/blog\/#website\",\"url\":\"https:\/\/www.estrategiaconcursos.com.br\/blog\/\",\"name\":\"Estrat\u00e9gia Concursos\",\"description\":\"O blog da Estrat\u00e9gia Concursos traz not\u00edcias sobre concursos e artigos de professores oferecendo cursos para concursos (pdf + videaulas) no site.\",\"publisher\":{\"@id\":\"https:\/\/www.estrategiaconcursos.com.br\/blog\/#organization\"},\"potentialAction\":[{\"@type\":\"SearchAction\",\"target\":{\"@type\":\"EntryPoint\",\"urlTemplate\":\"https:\/\/www.estrategiaconcursos.com.br\/blog\/?s={search_term_string}\"},\"query-input\":{\"@type\":\"PropertyValueSpecification\",\"valueRequired\":true,\"valueName\":\"search_term_string\"}}],\"inLanguage\":\"pt-BR\"},{\"@type\":\"Organization\",\"@id\":\"https:\/\/www.estrategiaconcursos.com.br\/blog\/#organization\",\"name\":\"Estrat\u00e9gia Concursos\",\"url\":\"https:\/\/www.estrategiaconcursos.com.br\/blog\/\",\"logo\":{\"@type\":\"ImageObject\",\"inLanguage\":\"pt-BR\",\"@id\":\"https:\/\/www.estrategiaconcursos.com.br\/blog\/#\/schema\/logo\/image\/\",\"url\":\"https:\/\/dhg1h5j42swfq.cloudfront.net\/2025\/06\/03203428\/logo_concursos-1.jpg\",\"contentUrl\":\"https:\/\/dhg1h5j42swfq.cloudfront.net\/2025\/06\/03203428\/logo_concursos-1.jpg\",\"width\":230,\"height\":60,\"caption\":\"Estrat\u00e9gia Concursos\"},\"image\":{\"@id\":\"https:\/\/www.estrategiaconcursos.com.br\/blog\/#\/schema\/logo\/image\/\"},\"sameAs\":[\"https:\/\/x.com\/EstratConcursos\"]},{\"@type\":\"Person\",\"@id\":\"https:\/\/www.estrategiaconcursos.com.br\/blog\/#\/schema\/person\/c666a44fbce7e2e70009a9c13549267a\",\"name\":\"Leandro Ricardo Machado da Silveira\",\"image\":{\"@type\":\"ImageObject\",\"inLanguage\":\"pt-BR\",\"@id\":\"https:\/\/secure.gravatar.com\/avatar\/6fb25994d16b9649838400aa459b16c1c83f558e0fd6ebebd16da0473908b291?s=96&d=mm&r=g\",\"url\":\"https:\/\/secure.gravatar.com\/avatar\/6fb25994d16b9649838400aa459b16c1c83f558e0fd6ebebd16da0473908b291?s=96&d=mm&r=g\",\"contentUrl\":\"https:\/\/secure.gravatar.com\/avatar\/6fb25994d16b9649838400aa459b16c1c83f558e0fd6ebebd16da0473908b291?s=96&d=mm&r=g\",\"caption\":\"Leandro Ricardo Machado da Silveira\"},\"description\":\"Engenheiro Aeron\u00e1utico, formado pela Universidade Federal de Uberl\u00e2ndia, possui MBA em Administra\u00e7\u00e3o e Finan\u00e7as Corporativas e aprovado nos concursos de Auditor Fiscal SEFAZ-SC e SEFAZ-GO.\",\"url\":\"https:\/\/www.estrategiaconcursos.com.br\/blog\/author\/leandro_vzthotmail-com\/\"}]}<\/script>\n<!-- \/ Yoast SEO Premium plugin. -->","yoast_head_json":{"title":"Veja as disposi\u00e7\u00f5es do GATT e a Prote\u00e7\u00e3o \u00e0 Ind\u00fastria Nascente","description":"Vejas as disposi\u00e7\u00f5es do Acordo Geral de Tarifas e Com\u00e9rcio (GATT) sobre prote\u00e7\u00e3o \u00e0 ind\u00fastria nascente - concurso Receita Federal e MDIC","robots":{"index":"index","follow":"follow","max-snippet":"max-snippet:-1","max-image-preview":"max-image-preview:large","max-video-preview":"max-video-preview:-1"},"canonical":"https:\/\/www.estrategiaconcursos.com.br\/blog\/veja-as-disposicoes-do-gatt-e-a-protecao-a-industria-nascente\/","og_locale":"pt_BR","og_type":"article","og_title":"Veja as disposi\u00e7\u00f5es do GATT e a Prote\u00e7\u00e3o \u00e0 Ind\u00fastria Nascente","og_description":"Vejas as disposi\u00e7\u00f5es do Acordo Geral de Tarifas e Com\u00e9rcio (GATT) sobre prote\u00e7\u00e3o \u00e0 ind\u00fastria nascente - concurso Receita Federal e MDIC","og_url":"https:\/\/www.estrategiaconcursos.com.br\/blog\/veja-as-disposicoes-do-gatt-e-a-protecao-a-industria-nascente\/","og_site_name":"Estrat\u00e9gia Concursos","article_published_time":"2020-11-22T17:49:00+00:00","og_image":[{"width":500,"height":355,"url":"https:\/\/dhg1h5j42swfq.cloudfront.net\/2020\/11\/17125417\/Industrializacao-Rafael-Fernandes-1-ano-manha-1.jpg","type":"image\/jpeg"}],"author":"Leandro Ricardo Machado da Silveira","twitter_card":"summary_large_image","twitter_creator":"@EstratConcursos","twitter_site":"@EstratConcursos","twitter_misc":{"Escrito por":"Leandro Ricardo Machado da Silveira","Est. tempo de leitura":"7 minutos"},"schema":{"@context":"https:\/\/schema.org","@graph":[{"@type":"NewsArticle","@id":"https:\/\/www.estrategiaconcursos.com.br\/blog\/veja-as-disposicoes-do-gatt-e-a-protecao-a-industria-nascente\/#article","isPartOf":{"@id":"https:\/\/www.estrategiaconcursos.com.br\/blog\/veja-as-disposicoes-do-gatt-e-a-protecao-a-industria-nascente\/"},"author":{"name":"Leandro Ricardo Machado da Silveira","@id":"https:\/\/www.estrategiaconcursos.com.br\/blog\/#\/schema\/person\/c666a44fbce7e2e70009a9c13549267a"},"headline":"Veja as disposi\u00e7\u00f5es do GATT e a Prote\u00e7\u00e3o \u00e0 Ind\u00fastria Nascente","datePublished":"2020-11-22T17:49:00+00:00","mainEntityOfPage":{"@id":"https:\/\/www.estrategiaconcursos.com.br\/blog\/veja-as-disposicoes-do-gatt-e-a-protecao-a-industria-nascente\/"},"wordCount":1494,"commentCount":0,"publisher":{"@id":"https:\/\/www.estrategiaconcursos.com.br\/blog\/#organization"},"image":{"@id":"https:\/\/www.estrategiaconcursos.com.br\/blog\/veja-as-disposicoes-do-gatt-e-a-protecao-a-industria-nascente\/#primaryimage"},"thumbnailUrl":"https:\/\/dhg1h5j42swfq.cloudfront.net\/2020\/11\/17125417\/Industrializacao-Rafael-Fernandes-1-ano-manha-1.jpg","keywords":["GATT","ind\u00fastria nascente"],"articleSection":["Fiscal - Estadual (ICMS)"],"inLanguage":"pt-BR","potentialAction":[{"@type":"CommentAction","name":"Comment","target":["https:\/\/www.estrategiaconcursos.com.br\/blog\/veja-as-disposicoes-do-gatt-e-a-protecao-a-industria-nascente\/#respond"]}],"copyrightYear":"2020","copyrightHolder":{"@id":"https:\/\/www.estrategiaconcursos.com.br\/blog\/#organization"}},{"@type":"WebPage","@id":"https:\/\/www.estrategiaconcursos.com.br\/blog\/veja-as-disposicoes-do-gatt-e-a-protecao-a-industria-nascente\/","url":"https:\/\/www.estrategiaconcursos.com.br\/blog\/veja-as-disposicoes-do-gatt-e-a-protecao-a-industria-nascente\/","name":"Veja as disposi\u00e7\u00f5es do GATT e a Prote\u00e7\u00e3o \u00e0 Ind\u00fastria Nascente","isPartOf":{"@id":"https:\/\/www.estrategiaconcursos.com.br\/blog\/#website"},"primaryImageOfPage":{"@id":"https:\/\/www.estrategiaconcursos.com.br\/blog\/veja-as-disposicoes-do-gatt-e-a-protecao-a-industria-nascente\/#primaryimage"},"image":{"@id":"https:\/\/www.estrategiaconcursos.com.br\/blog\/veja-as-disposicoes-do-gatt-e-a-protecao-a-industria-nascente\/#primaryimage"},"thumbnailUrl":"https:\/\/dhg1h5j42swfq.cloudfront.net\/2020\/11\/17125417\/Industrializacao-Rafael-Fernandes-1-ano-manha-1.jpg","datePublished":"2020-11-22T17:49:00+00:00","description":"Vejas as disposi\u00e7\u00f5es do Acordo Geral de Tarifas e Com\u00e9rcio (GATT) sobre prote\u00e7\u00e3o \u00e0 ind\u00fastria nascente - concurso Receita Federal e MDIC","breadcrumb":{"@id":"https:\/\/www.estrategiaconcursos.com.br\/blog\/veja-as-disposicoes-do-gatt-e-a-protecao-a-industria-nascente\/#breadcrumb"},"inLanguage":"pt-BR","potentialAction":[{"@type":"ReadAction","target":["https:\/\/www.estrategiaconcursos.com.br\/blog\/veja-as-disposicoes-do-gatt-e-a-protecao-a-industria-nascente\/"]}]},{"@type":"ImageObject","inLanguage":"pt-BR","@id":"https:\/\/www.estrategiaconcursos.com.br\/blog\/veja-as-disposicoes-do-gatt-e-a-protecao-a-industria-nascente\/#primaryimage","url":"https:\/\/dhg1h5j42swfq.cloudfront.net\/2020\/11\/17125417\/Industrializacao-Rafael-Fernandes-1-ano-manha-1.jpg","contentUrl":"https:\/\/dhg1h5j42swfq.cloudfront.net\/2020\/11\/17125417\/Industrializacao-Rafael-Fernandes-1-ano-manha-1.jpg","width":500,"height":355},{"@type":"BreadcrumbList","@id":"https:\/\/www.estrategiaconcursos.com.br\/blog\/veja-as-disposicoes-do-gatt-e-a-protecao-a-industria-nascente\/#breadcrumb","itemListElement":[{"@type":"ListItem","position":1,"name":"In\u00edcio","item":"https:\/\/www.estrategiaconcursos.com.br\/blog\/"},{"@type":"ListItem","position":2,"name":"Veja as disposi\u00e7\u00f5es do GATT e a Prote\u00e7\u00e3o \u00e0 Ind\u00fastria Nascente"}]},{"@type":"WebSite","@id":"https:\/\/www.estrategiaconcursos.com.br\/blog\/#website","url":"https:\/\/www.estrategiaconcursos.com.br\/blog\/","name":"Estrat\u00e9gia Concursos","description":"O blog da Estrat\u00e9gia Concursos traz not\u00edcias sobre concursos e artigos de professores oferecendo cursos para concursos (pdf + videaulas) no site.","publisher":{"@id":"https:\/\/www.estrategiaconcursos.com.br\/blog\/#organization"},"potentialAction":[{"@type":"SearchAction","target":{"@type":"EntryPoint","urlTemplate":"https:\/\/www.estrategiaconcursos.com.br\/blog\/?s={search_term_string}"},"query-input":{"@type":"PropertyValueSpecification","valueRequired":true,"valueName":"search_term_string"}}],"inLanguage":"pt-BR"},{"@type":"Organization","@id":"https:\/\/www.estrategiaconcursos.com.br\/blog\/#organization","name":"Estrat\u00e9gia Concursos","url":"https:\/\/www.estrategiaconcursos.com.br\/blog\/","logo":{"@type":"ImageObject","inLanguage":"pt-BR","@id":"https:\/\/www.estrategiaconcursos.com.br\/blog\/#\/schema\/logo\/image\/","url":"https:\/\/dhg1h5j42swfq.cloudfront.net\/2025\/06\/03203428\/logo_concursos-1.jpg","contentUrl":"https:\/\/dhg1h5j42swfq.cloudfront.net\/2025\/06\/03203428\/logo_concursos-1.jpg","width":230,"height":60,"caption":"Estrat\u00e9gia Concursos"},"image":{"@id":"https:\/\/www.estrategiaconcursos.com.br\/blog\/#\/schema\/logo\/image\/"},"sameAs":["https:\/\/x.com\/EstratConcursos"]},{"@type":"Person","@id":"https:\/\/www.estrategiaconcursos.com.br\/blog\/#\/schema\/person\/c666a44fbce7e2e70009a9c13549267a","name":"Leandro Ricardo Machado da Silveira","image":{"@type":"ImageObject","inLanguage":"pt-BR","@id":"https:\/\/secure.gravatar.com\/avatar\/6fb25994d16b9649838400aa459b16c1c83f558e0fd6ebebd16da0473908b291?s=96&d=mm&r=g","url":"https:\/\/secure.gravatar.com\/avatar\/6fb25994d16b9649838400aa459b16c1c83f558e0fd6ebebd16da0473908b291?s=96&d=mm&r=g","contentUrl":"https:\/\/secure.gravatar.com\/avatar\/6fb25994d16b9649838400aa459b16c1c83f558e0fd6ebebd16da0473908b291?s=96&d=mm&r=g","caption":"Leandro Ricardo Machado da Silveira"},"description":"Engenheiro Aeron\u00e1utico, formado pela Universidade Federal de Uberl\u00e2ndia, possui MBA em Administra\u00e7\u00e3o e Finan\u00e7as Corporativas e aprovado nos concursos de Auditor Fiscal SEFAZ-SC e SEFAZ-GO.","url":"https:\/\/www.estrategiaconcursos.com.br\/blog\/author\/leandro_vzthotmail-com\/"}]}},"_links":{"self":[{"href":"https:\/\/www.estrategiaconcursos.com.br\/blog\/wp-json\/wp\/v2\/posts\/611889","targetHints":{"allow":["GET"]}}],"collection":[{"href":"https:\/\/www.estrategiaconcursos.com.br\/blog\/wp-json\/wp\/v2\/posts"}],"about":[{"href":"https:\/\/www.estrategiaconcursos.com.br\/blog\/wp-json\/wp\/v2\/types\/post"}],"author":[{"embeddable":true,"href":"https:\/\/www.estrategiaconcursos.com.br\/blog\/wp-json\/wp\/v2\/users\/1668"}],"replies":[{"embeddable":true,"href":"https:\/\/www.estrategiaconcursos.com.br\/blog\/wp-json\/wp\/v2\/comments?post=611889"}],"version-history":[{"count":2,"href":"https:\/\/www.estrategiaconcursos.com.br\/blog\/wp-json\/wp\/v2\/posts\/611889\/revisions"}],"predecessor-version":[{"id":611896,"href":"https:\/\/www.estrategiaconcursos.com.br\/blog\/wp-json\/wp\/v2\/posts\/611889\/revisions\/611896"}],"wp:featuredmedia":[{"embeddable":true,"href":"https:\/\/www.estrategiaconcursos.com.br\/blog\/wp-json\/wp\/v2\/media\/611891"}],"wp:attachment":[{"href":"https:\/\/www.estrategiaconcursos.com.br\/blog\/wp-json\/wp\/v2\/media?parent=611889"}],"wp:term":[{"taxonomy":"category","embeddable":true,"href":"https:\/\/www.estrategiaconcursos.com.br\/blog\/wp-json\/wp\/v2\/categories?post=611889"},{"taxonomy":"post_tag","embeddable":true,"href":"https:\/\/www.estrategiaconcursos.com.br\/blog\/wp-json\/wp\/v2\/tags?post=611889"},{"taxonomy":"tax_estado","embeddable":true,"href":"https:\/\/www.estrategiaconcursos.com.br\/blog\/wp-json\/wp\/v2\/tax_estado?post=611889"}],"curies":[{"name":"wp","href":"https:\/\/api.w.org\/{rel}","templated":true}]}}