{"id":611869,"date":"2020-11-20T05:00:54","date_gmt":"2020-11-20T08:00:54","guid":{"rendered":"https:\/\/www.estrategiaconcursos.com.br\/blog\/?p=611869"},"modified":"2020-11-23T06:41:54","modified_gmt":"2020-11-23T09:41:54","slug":"dia-da-consciencia-negra","status":"publish","type":"post","link":"https:\/\/www.estrategiaconcursos.com.br\/blog\/dia-da-consciencia-negra\/","title":{"rendered":"Dia da Consci\u00eancia Negra, Representatividade social e Cotas"},"content":{"rendered":"\n<p><strong><em>A representatividade dos grupos sociais e o dia da Consci\u00eancia Negra s\u00e3o temas que precisam ser encarados com seriedade em qualquer lugar do mundo, mas devem, especialmente, ser levados ainda mais a s\u00e9rio em um pa\u00eds em que a desigualdade \u00e9 a regra<\/em><\/strong><strong>.<\/strong><\/p>\n\n\n\n<p>A Legisla\u00e7\u00e3o brasileira e os costumes sociais t\u00eam caminhado no sentido de diminuir a diferen\u00e7a que existe entre a parcela privilegiada da sociedade e aquela que ainda t\u00eam muito a conquistar. Entretanto, \u00e9 sabido que, no Brasil, ainda h\u00e1 bastante trabalho a ser feito para que se diminua essa dist\u00e2ncia!<\/p>\n\n\n\n<p>Nesse sentido, entendemos que o servi\u00e7o p\u00fablico \u00e9 um \u00f3timo caminho para preenchimento de parte dessas lacunas. Afinal, termos representantes de todos os grupos sociais em posi\u00e7\u00f5es de autoridade &#8211; policiais, ju\u00edzes, fiscais, militares, etc. \u2013 traz, al\u00e9m do benef\u00edcio espec\u00edfico para as fam\u00edlias dos que conquistaram essas posi\u00e7\u00f5es, uma refer\u00eancia aos que, muitas vezes, nem cogitavam a possibilidade desse sucesso profissional.<\/p>\n\n\n\n<p>Quanto mais pardos e negros ocuparem cargos do alto escal\u00e3o, mais comumente uma crian\u00e7a negra, ou at\u00e9 um adulto, se sentir\u00e1 capaz de tamb\u00e9m chegar \u00e1.<\/p>\n\n\n\n<p>O <strong>Estrat\u00e9gia Concursos<\/strong>, no intuito auxiliar nesse processo de constru\u00e7\u00e3o de uma sociedade mais igualit\u00e1ria, quebrando barreiras impostas pela hist\u00f3ria, trabalha diariamente para transformar sonhos em realidade!<\/p>\n\n\n\n<p>Assim, para comemorarmos e refor\u00e7armos ainda mais o <strong>Dia da Consci\u00eancia Negra<\/strong> decidimos trazer uma <strong>promo\u00e7\u00e3o muito especial<\/strong>! Facilitaremos o acesso de mais pessoas a um material de alta qualidade, almejando seu ingresso no servi\u00e7o p\u00fablico. Concederemos <strong>20% de desconto em todos os nossos cursos<\/strong>, atrav\u00e9s do <strong>cupom<\/strong> <strong>#CONSCIENCIA20<\/strong>, que estar\u00e1 vigente durante todo o <strong>dia 20 de novembro (sexta-feira)<\/strong>!<\/p>\n\n\n\n<p>Aproveite para come\u00e7ar seus estudos com o melhor material do Brasil!<\/p>\n\n\n\n<p class=\"has-text-align-center has-cyan-bluish-gray-background-color has-background\" style=\"font-size:clamp(16.293px, 1.018rem + ((1vw - 3.2px) * 0.854), 25px);px\"><span style=\"text-decoration: underline;\">Cupom:<\/span><strong> #CONSCIENCIA20<\/strong><\/p>\n\n\n\n<p><span style=\"text-decoration: underline;\">Observa\u00e7\u00e3o:<\/span> <strong>cupom v\u00e1lido APENAS durante o dia 20 de novembro!<\/strong><\/p>\n\n\n\n<p>Ademais, entendemos que uma das melhores maneiras de mudar o <em>status quo<\/em> \u00e9 atrav\u00e9s do estudo. Portanto, a partir de agora, decidimos apresentar uma explica\u00e7\u00e3o de parte das legisla\u00e7\u00f5es brasileiras sobre cotas e como elas podem ajudar os jovens e adultos a conhecerem seus direitos e usufru\u00edrem deles da melhor forma poss\u00edvel. Aproveitem!<\/p>\n\n\n\n<h2 class=\"wp-block-heading\"><strong>Lei n\u00ba 12.990\/14 \u2013 Cotas para negros e pardos em concursos federais<\/strong><\/h2>\n\n\n\n<p>Agora, vamos entender melhor a lei das cotas para negros e pardos em concursos federais! Segundo a&nbsp;<a href=\"http:\/\/www.planalto.gov.br\/ccivil_03\/_Ato2011-2014\/2014\/Lei\/L12990.htm\">Lei n\u00ba 12.990\/2014<\/a>:<\/p>\n\n\n\n<p><em>Art. 1\u00ba&nbsp;Ficam reservadas aos negros&nbsp;20% das vagas oferecidas nos concursos p\u00fablicos para provimento de cargos efetivos e empregos p\u00fablicos no \u00e2mbito&nbsp;da administra\u00e7\u00e3o p\u00fablica&nbsp;<strong>federal<\/strong>, das autarquias, das funda\u00e7\u00f5es p\u00fablicas, das empresas p\u00fablicas e das sociedades de economia mista controladas pela&nbsp;<strong>Uni\u00e3o<\/strong>, na forma desta Lei.<\/em><\/p>\n\n\n\n<p>Ou seja, existe uma reserva de 20% dos cargos, mas essa reserva \u00e9 apenas na esfera federal. Essa legisla\u00e7\u00e3o n\u00e3o se aplica automaticamente aos concursos estaduais e municipais. Por\u00e9m, diversos estados j\u00e1 exerceram seu poder e legislaram sobre o assunto criando tamb\u00e9m suas pr\u00f3prias cotas.<\/p>\n\n\n\n<p>Existe uma ressalva quanto \u00e0 porcentagem citada:<\/p>\n\n\n\n<p><em>\u00a7 1\u00ba A reserva de vagas ser\u00e1 aplicada sempre que o n\u00famero de vagas oferecidas no concurso p\u00fablico for&nbsp;<strong>igual ou superior a 3<\/strong>.<\/em><\/p>\n\n\n\n<p>Nos poderes Judici\u00e1rio e Legislativo, da mesma maneira como nos estados e munic\u00edpios, h\u00e1 a necessidade de legisla\u00e7\u00e3o para a cria\u00e7\u00e3o da reserva de vagas.<\/p>\n\n\n\n<h2 class=\"wp-block-heading\"><strong>Autodeclara\u00e7\u00e3o dos Candidatos Negros e Pardos<\/strong><\/h2>\n\n\n\n<p>Sobre a autodeclara\u00e7\u00e3o dos candidatos negros e pardos, observe o Art. 2\u00ba da Lei 12.990\/14:<\/p>\n\n\n\n<p><em>Art. 2\u00ba Poder\u00e3o concorrer \u00e0s vagas reservadas a candidatos negros aqueles que se autodeclararem pretos ou pardos no ato da inscri\u00e7\u00e3o no concurso p\u00fablico, conforme o quesito cor ou ra\u00e7a utilizado pela Funda\u00e7\u00e3o Instituto Brasileiro de Geografia e Estat\u00edstica \u2013 IBGE.<\/em><\/p>\n\n\n\n<p>O primeiro ponto que nos chama a aten\u00e7\u00e3o \u00e9 que a Lei n\u00e3o especifica ou traz detalhes sobre o crit\u00e9rio de avalia\u00e7\u00e3o para ser considerado negro ou pardo. Ela apenas exige a autodeclara\u00e7\u00e3o do candidato no ato da inscri\u00e7\u00e3o do concurso. Se assim for feito pelo candidato, ele poder\u00e1 concorrer como cotista no certame.<\/p>\n\n\n\n<p>Al\u00e9m do mais, O STF decidiu pela constitucionalidade da Lei n\u00ba 12.990\/14, assim como considerou leg\u00edtima a utiliza\u00e7\u00e3o,&nbsp;<strong>al\u00e9m da autodeclara\u00e7\u00e3o, de crit\u00e9rios subsidi\u00e1rios de heteroidentifica\u00e7\u00e3o<\/strong>, desde que respeitada a dignidade da pessoa humana e garantidos o contradit\u00f3rio e a ampla defesa.<\/p>\n\n\n\n<p>Ou seja, o STF permite a autodeclara\u00e7\u00e3o, mas permite tamb\u00e9m que haja avalia\u00e7\u00e3o&nbsp;<em>a posteriori<\/em>. \u00c9 o caso de uma comiss\u00e3o que verifica se a autodeclara\u00e7\u00e3o do candidato condiz com a realidade. Isso diminui consideravelmente o n\u00famero de fraudes.<\/p>\n\n\n\n<p>Ainda, o STF entendeu que&nbsp;<strong>as cotas para negros e pardos n\u00e3o viola o princ\u00edpio da efici\u00eancia<\/strong>, uma vez que os candidatos cotistas dever\u00e3o, assim como os demais, fazer concurso p\u00fablico.<\/p>\n\n\n\n<h2 class=\"wp-block-heading\"><strong>Documenta\u00e7\u00e3o Comprobat\u00f3ria e Avalia\u00e7\u00e3o do Fen\u00f3tipo<\/strong><\/h2>\n\n\n\n<p>Para candidatos negros ou pardos, em geral, a pr\u00f3pria&nbsp;<strong>certid\u00e3o de nascimento<\/strong>&nbsp;(do candidato ou dos seus antepassados) \u00e9 usada como documento legal para a checagem do direito \u00e0 cota.<\/p>\n\n\n\n<p>Ademais, as autodeclara\u00e7\u00f5es s\u00e3o conferidas na etapa de&nbsp;<strong>investiga\u00e7\u00e3o social<\/strong>.<\/p>\n\n\n\n<p>Os m\u00e9todos da avalia\u00e7\u00e3o de fen\u00f3tipo variam conforme as regras do edital do certame e utilizam, al\u00e9m de documentos f\u00edsicos, an\u00e1lise por uma comiss\u00e3o criada para este fim.<\/p>\n\n\n\n<p>Veja um exemplo retirado do edital do TRT 15 de 2019:<\/p>\n\n\n\n<p><em>6.15.2 A Comiss\u00e3o de Avalia\u00e7\u00e3o ser\u00e1 composta por 3 membros.<\/em><\/p>\n\n\n\n<p><em>6.15.5 Ser\u00e1 considerado negro o candidato que assim for reconhecido por&nbsp;<strong>pelo menos um<\/strong>&nbsp;dos membros da comiss\u00e3o avaliadora.<\/em><\/p>\n\n\n\n<p>Observe que basta que&nbsp;<strong>um&nbsp;<\/strong>dos membros o reconhe\u00e7a como negro para que seja aprovada sua declara\u00e7\u00e3o.<\/p>\n\n\n\n<h2 class=\"wp-block-heading\"><strong>Aproveite ao m\u00e1ximo as oportunidades que s\u00e3o entregues a voc\u00ea!<\/strong><\/h2>\n\n\n\n<p>Sabemos que, apesar da vit\u00f3ria que foi a edi\u00e7\u00e3o da Lei 12.990\/2014, ainda falta a concreta regulamenta\u00e7\u00e3o dela, que protegeria ainda mais o direito das pessoas que efetivamente deveriam utilizar as vagas explicitadas pela legisla\u00e7\u00e3o.<\/p>\n\n\n\n<p>Por essa exata raz\u00e3o, n\u00f3s devemos continuar cobrando a inclus\u00e3o de legisla\u00e7\u00e3o similar em estados e munic\u00edpios, al\u00e9m de cobrarmos uma regulamenta\u00e7\u00e3o federal.<\/p>\n\n\n\n<h2 class=\"wp-block-heading\"><strong>Cotas raciais: a revolu\u00e7\u00e3o silenciosa e necess\u00e1ria em busca da igualdade racial<\/strong><\/h2>\n\n\n\n<p>Em entrevista \u00e0 <a href=\"https:\/\/agenciabrasil.ebc.com.br\/educacao\/noticia\/2018-05\/cotas-foram-revolucao-silenciosa-no-brasil-afirma-especialista\" target=\"_blank\" rel=\"noreferrer noopener\">Ag\u00eancia Brasil<\/a>, o frei David Santos, diretor da Educafro &#8211; organiza\u00e7\u00e3o que promove a inclus\u00e3o de negros e pobres nas universidades por meio de bolsas de estudo, declarou que a pol\u00edtica de cotas foi a grande revolu\u00e7\u00e3o silenciosa implementada no Brasil e que beneficia toda a sociedade por, em 17 anos, quadruplicar o ingresso de negros nas universidades.<\/p>\n\n\n\n<p>J\u00e1 o professor Nelson Inoc\u00eancio, que integra o N\u00facleo de Estudos Afro-brasileiros da Universidade de Bras\u00edlia (UnB), admite que \u00e9 preciso avan\u00e7ar ainda mais, por meio de mais pol\u00edticas para garantir uma aproxima\u00e7\u00e3o real entre o n\u00edvel de educa\u00e7\u00e3o de negros e brancos.<\/p>\n\n\n\n<p>\u201cAntes de falar em igualdade racial, temos que pensar em equidade racial, que exige pol\u00edticas diferenciadas. Se a pol\u00edtica de cotas n\u00e3o for suficiente, ainda que diminua o abismo entre brancos e negros, a gente vai ter que ter outras pol\u00edticas. N\u00e3o \u00e9 poss\u00edvel que esse pa\u00eds continue,&nbsp;depois de 130 anos de aboli\u00e7\u00e3o da escravatura, com essa imensa lacuna entre negros e brancos\u201d, pontuou.<\/p>\n\n\n\n<p>Como notamos, cada um de n\u00f3s tem a responsabilidade de fazer valer a igualdade prevista na nossa Constitui\u00e7\u00e3o Federal. Por isso, n\u00f3s, do Estrat\u00e9gia Concursos, como empresa, tamb\u00e9m temos a responsabilidade de trabalhar para<strong> reduzir as discrep\u00e2ncias<\/strong> que ainda encontramos na nossa sociedade.<\/p>\n\n\n\n<h2 class=\"wp-block-heading\">Mudan\u00e7as de paradigmas<\/h2>\n\n\n\n<p>Por meio dos concursos p\u00fablicos, muitas pessoas t\u00eam a possibilidade de transformar, de uma vez por todas, o rumo de suas vidas. Assim como aconteceu com o <strong>Elder Cantanhede<\/strong>, nosso aluno que foi aprovado em 1\u00ba lugar no concurso da Pol\u00edcia Rodovi\u00e1ria Federal no Maranh\u00e3o nas vagas reservadas para cotistas negros e em 23\u00ba nas vagas para ampla concorr\u00eancia:<\/p>\n\n\n\n<div class=\"wp-block-image\"><figure class=\"aligncenter size-large\"><img loading=\"lazy\" decoding=\"async\" width=\"106\" height=\"105\" src=\"https:\/\/dhg1h5j42swfq.cloudfront.net\/2020\/10\/02163313\/image-11.png\" alt=\"Elder Cantanhede, aprovado por cotas raciais no concurso Pol\u00edcia Rodovi\u00e1ria Federal\" class=\"wp-image-582208\"\/><\/figure><\/div>\n\n\n\n<p><em>\u201cMinha principal motiva\u00e7\u00e3o era dar condi\u00e7\u00f5es de vida melhores para a minha fam\u00edlia.<\/em><\/p>\n\n\n\n<p><em>Concurso p\u00fablico \u00e9 uma escada, hoje voc\u00ea est\u00e1 iniciando, assim como iniciei no in\u00edcio de 2016, daqui a pouco voc\u00ea estar\u00e1 no topo. [..] Mais cedo ou mais tarde sua hora vai chegar! Assim como chegou a minha.\u201d<\/em><\/p>\n\n\n\n<h2 class=\"wp-block-heading\"><strong>Estados e capitais que introduziram as cotas raciais<\/strong><\/h2>\n\n\n\n<p>Atualmente, 12 estados brasileiros e 13 capitais j\u00e1 adotam, por meio de Lei, as cotas raciais para concursos p\u00fablicos. Al\u00e9m disso, em outros tr\u00eas estados e uma capital, a tramita\u00e7\u00e3o para a ado\u00e7\u00e3o das cotas est\u00e1 em est\u00e1gio avan\u00e7ado. Na tabela abaixo voc\u00ea confere a situa\u00e7\u00e3o de cada ente da federa\u00e7\u00e3o e sua respectiva capital.&nbsp;<\/p>\n\n\n\n<p><strong>\u2713 H\u00e1 cotas | X N\u00e3o h\u00e1 cotas | &#8211; Em discuss\u00e3o<\/strong><\/p>\n\n\n\n<figure class=\"wp-block-table is-style-regular\"><table class=\"has-subtle-pale-blue-background-color has-background\"><tbody><tr><td class=\"has-text-align-center\" data-align=\"center\"><strong>Estado<\/strong><\/td><td class=\"has-text-align-center\" data-align=\"center\"><strong>Capital<\/strong><\/td><td class=\"has-text-align-center\" data-align=\"center\"><strong>Status<\/strong><\/td><\/tr><tr><td class=\"has-text-align-center\" data-align=\"center\">Acre<\/td><td class=\"has-text-align-center\" data-align=\"center\"><\/td><td class=\"has-text-align-center\" data-align=\"center\"><strong>X<\/strong><\/td><\/tr><tr><td class=\"has-text-align-center\" data-align=\"center\"><\/td><td class=\"has-text-align-center\" data-align=\"center\">Rio Branco<\/td><td class=\"has-text-align-center\" data-align=\"center\"><strong>\u2713<\/strong><\/td><\/tr><tr><td class=\"has-text-align-center\" data-align=\"center\">Amap\u00e1<\/td><td class=\"has-text-align-center\" data-align=\"center\">Macap\u00e1<\/td><td class=\"has-text-align-center\" data-align=\"center\"><strong>\u2713<\/strong><\/td><\/tr><tr><td class=\"has-text-align-center\" data-align=\"center\">Amazonas<\/td><td class=\"has-text-align-center\" data-align=\"center\">Manaus<\/td><td class=\"has-text-align-center\" data-align=\"center\"><strong>X<\/strong><\/td><\/tr><tr><td class=\"has-text-align-center\" data-align=\"center\">Alagoas<\/td><td class=\"has-text-align-center\" data-align=\"center\">Macei\u00f3<\/td><td class=\"has-text-align-center\" data-align=\"center\"><strong>X<\/strong><\/td><\/tr><tr><td class=\"has-text-align-center\" data-align=\"center\">Bahia<\/td><td class=\"has-text-align-center\" data-align=\"center\">Salvador<\/td><td class=\"has-text-align-center\" data-align=\"center\"><strong>\u2713<\/strong><\/td><\/tr><tr><td class=\"has-text-align-center\" data-align=\"center\">Cear\u00e1<\/td><td class=\"has-text-align-center\" data-align=\"center\"><\/td><td class=\"has-text-align-center\" data-align=\"center\"><strong>&#8211;<\/strong><\/td><\/tr><tr><td class=\"has-text-align-center\" data-align=\"center\"><\/td><td class=\"has-text-align-center\" data-align=\"center\">Fortaleza<\/td><td class=\"has-text-align-center\" data-align=\"center\"><strong>X<\/strong><\/td><\/tr><tr><td class=\"has-text-align-center\" data-align=\"center\">Distrito Federal<\/td><td class=\"has-text-align-center\" data-align=\"center\"><\/td><td class=\"has-text-align-center\" data-align=\"center\"><strong>\u2713<\/strong><\/td><\/tr><tr><td class=\"has-text-align-center\" data-align=\"center\">Esp\u00edrito Santo<\/td><td class=\"has-text-align-center\" data-align=\"center\">Vit\u00f3ria<\/td><td class=\"has-text-align-center\" data-align=\"center\"><strong>\u2713<\/strong><\/td><\/tr><tr><td class=\"has-text-align-center\" data-align=\"center\">Goi\u00e1s<\/td><td class=\"has-text-align-center\" data-align=\"center\"><\/td><td class=\"has-text-align-center\" data-align=\"center\"><strong>X<\/strong><\/td><\/tr><tr><td class=\"has-text-align-center\" data-align=\"center\"><\/td><td class=\"has-text-align-center\" data-align=\"center\">Goi\u00e2nia<\/td><td class=\"has-text-align-center\" data-align=\"center\"><strong>\u2713<\/strong><\/td><\/tr><tr><td class=\"has-text-align-center\" data-align=\"center\">Maranh\u00e3o<\/td><td class=\"has-text-align-center\" data-align=\"center\"><\/td><td class=\"has-text-align-center\" data-align=\"center\"><strong><\/strong><strong>\u2713<\/strong><\/td><\/tr><tr><td class=\"has-text-align-center\" data-align=\"center\"><\/td><td class=\"has-text-align-center\" data-align=\"center\">S\u00e3o Lu\u00eds<\/td><td class=\"has-text-align-center\" data-align=\"center\"><strong>X<\/strong><\/td><\/tr><tr><td class=\"has-text-align-center\" data-align=\"center\">Minas Gerais<\/td><td class=\"has-text-align-center\" data-align=\"center\"><\/td><td class=\"has-text-align-center\" data-align=\"center\"><strong>X<\/strong><\/td><\/tr><tr><td class=\"has-text-align-center\" data-align=\"center\"><\/td><td class=\"has-text-align-center\" data-align=\"center\">Belo Horizonte<\/td><td class=\"has-text-align-center\" data-align=\"center\"><strong><\/strong><strong>\u2713<\/strong><\/td><\/tr><tr><td class=\"has-text-align-center\" data-align=\"center\">Mato Grosso<\/td><td class=\"has-text-align-center\" data-align=\"center\">Cuiab\u00e1<\/td><td class=\"has-text-align-center\" data-align=\"center\"><strong><\/strong><strong>\u2713<\/strong><\/td><\/tr><tr><td class=\"has-text-align-center\" data-align=\"center\">Mato Grosso do Sul<\/td><td class=\"has-text-align-center\" data-align=\"center\"><\/td><td class=\"has-text-align-center\" data-align=\"center\"><strong><\/strong><strong>\u2713<\/strong><\/td><\/tr><tr><td class=\"has-text-align-center\" data-align=\"center\"><\/td><td class=\"has-text-align-center\" data-align=\"center\">Campo Grande<\/td><td class=\"has-text-align-center\" data-align=\"center\"><strong>X<\/strong><\/td><\/tr><tr><td class=\"has-text-align-center\" data-align=\"center\">Par\u00e1<\/td><td class=\"has-text-align-center\" data-align=\"center\"><\/td><td class=\"has-text-align-center\" data-align=\"center\"><strong>X<\/strong><\/td><\/tr><tr><td class=\"has-text-align-center\" data-align=\"center\"><\/td><td class=\"has-text-align-center\" data-align=\"center\">Bel\u00e9m<\/td><td class=\"has-text-align-center\" data-align=\"center\"><strong>&#8211;<\/strong><\/td><\/tr><tr><td class=\"has-text-align-center\" data-align=\"center\">Para\u00edba<\/td><td class=\"has-text-align-center\" data-align=\"center\">Jo\u00e3o Pessoa<\/td><td class=\"has-text-align-center\" data-align=\"center\"><strong>X<\/strong><\/td><\/tr><tr><td class=\"has-text-align-center\" data-align=\"center\">Pernambuco<\/td><td class=\"has-text-align-center\" data-align=\"center\">Recife<\/td><td class=\"has-text-align-center\" data-align=\"center\"><strong>X<\/strong><\/td><\/tr><tr><td class=\"has-text-align-center\" data-align=\"center\">Piau\u00ed<\/td><td class=\"has-text-align-center\" data-align=\"center\"><\/td><td class=\"has-text-align-center\" data-align=\"center\"><strong>&#8211;<\/strong><\/td><\/tr><tr><td class=\"has-text-align-center\" data-align=\"center\"><\/td><td class=\"has-text-align-center\" data-align=\"center\">Teresina<\/td><td class=\"has-text-align-center\" data-align=\"center\"><strong>X<\/strong><\/td><\/tr><tr><td class=\"has-text-align-center\" data-align=\"center\">Paran\u00e1<\/td><td class=\"has-text-align-center\" data-align=\"center\"><\/td><td class=\"has-text-align-center\" data-align=\"center\"><strong><\/strong><strong>\u2713<\/strong><\/td><\/tr><tr><td class=\"has-text-align-center\" data-align=\"center\"><\/td><td class=\"has-text-align-center\" data-align=\"center\">Curitiba<\/td><td class=\"has-text-align-center\" data-align=\"center\"><strong>X<\/strong><\/td><\/tr><tr><td class=\"has-text-align-center\" data-align=\"center\">Rio de Janeiro<\/td><td class=\"has-text-align-center\" data-align=\"center\">Rio de Janeiro<\/td><td class=\"has-text-align-center\" data-align=\"center\"><strong><\/strong><strong>\u2713<\/strong><\/td><\/tr><tr><td class=\"has-text-align-center\" data-align=\"center\">Rio Grande do Norte<\/td><td class=\"has-text-align-center\" data-align=\"center\"><\/td><td class=\"has-text-align-center\" data-align=\"center\"><strong>&#8211;<\/strong><\/td><\/tr><tr><td class=\"has-text-align-center\" data-align=\"center\"><\/td><td class=\"has-text-align-center\" data-align=\"center\">Natal<\/td><td class=\"has-text-align-center\" data-align=\"center\"><strong><\/strong><strong>\u2713<\/strong><\/td><\/tr><tr><td class=\"has-text-align-center\" data-align=\"center\">Rond\u00f4nia<\/td><td class=\"has-text-align-center\" data-align=\"center\">Porto Velho<\/td><td class=\"has-text-align-center\" data-align=\"center\"><strong>X<\/strong><\/td><\/tr><tr><td class=\"has-text-align-center\" data-align=\"center\">Roraima<\/td><td class=\"has-text-align-center\" data-align=\"center\">Boa Vista<\/td><td class=\"has-text-align-center\" data-align=\"center\"><strong>X<\/strong><\/td><\/tr><tr><td class=\"has-text-align-center\" data-align=\"center\">Rio Grande do Sul<\/td><td class=\"has-text-align-center\" data-align=\"center\">Porto Alegre<\/td><td class=\"has-text-align-center\" data-align=\"center\"><strong><\/strong><strong>\u2713<\/strong><\/td><\/tr><tr><td class=\"has-text-align-center\" data-align=\"center\">Santa Catarina<\/td><td class=\"has-text-align-center\" data-align=\"center\"><\/td><td class=\"has-text-align-center\" data-align=\"center\"><strong>X<\/strong><\/td><\/tr><tr><td class=\"has-text-align-center\" data-align=\"center\"><\/td><td class=\"has-text-align-center\" data-align=\"center\">Florian\u00f3polis<\/td><td class=\"has-text-align-center\" data-align=\"center\"><strong><\/strong><strong>\u2713<\/strong><\/td><\/tr><tr><td class=\"has-text-align-center\" data-align=\"center\">Sergipe<\/td><td class=\"has-text-align-center\" data-align=\"center\">Aracaj\u00fa<\/td><td class=\"has-text-align-center\" data-align=\"center\"><strong><\/strong><strong>\u2713<\/strong><\/td><\/tr><tr><td class=\"has-text-align-center\" data-align=\"center\">S\u00e3o Paulo<\/td><td class=\"has-text-align-center\" data-align=\"center\">S\u00e3o Paulo<\/td><td class=\"has-text-align-center\" data-align=\"center\"><strong><\/strong><strong>\u2713<\/strong><\/td><\/tr><tr><td class=\"has-text-align-center\" data-align=\"center\">Tocantins<\/td><td class=\"has-text-align-center\" data-align=\"center\">Palmas<\/td><td class=\"has-text-align-center\" data-align=\"center\"><strong>X<\/strong><\/td><\/tr><\/tbody><\/table><\/figure>\n\n\n\n<h2 class=\"wp-block-heading\"><strong>A luta n\u00e3o para!<\/strong><\/h2>\n\n\n\n<p>Atualmente, correntes pol\u00edticas e movimentos contr\u00e1rios buscam alterar ou mesmo extinguir a pol\u00edtica de cotas raciais em concursos p\u00fablicos e universidades, que \u00e9 fundamental para ampliar as oportunidades para a popula\u00e7\u00e3o negra e parda, em busca da igualdade racial. Por isso, a mobiliza\u00e7\u00e3o do movimento negro deve ser cont\u00ednua, para que esta importante vit\u00f3ria n\u00e3o seja perdida. <\/p>\n\n\n\n<p>Cumprindo a nossa miss\u00e3o, queremos cada vez mais democratizar o acesso de cotistas aos mais altos cargos p\u00fablicos em nosso pa\u00eds, oferecendo uma prepara\u00e7\u00e3o on-line de qualidade por valores acess\u00edveis. Por isso, acompanhe nosso blog, acesse nossos conte\u00fados gratuitos e conhe\u00e7a nossos cursos!<\/p>\n\n\n\n<h2 class=\"has-text-align-center wp-block-heading\">Quer estudar para concursos?<\/h2>\n\n\n\n<div class=\"container\" id=\"boxes\">\n  <div class=\"row\">\n\n    <div class=\"col-sm\">\n      <div class=\"banner-estrategia\" id=\"box-assinatura\">\n        <h3 class=\"titulo-assinatura\">Cursos para concursos<\/h3>\n        <p class=\"subtitulo-assinatura\">Conhe\u00e7a os cursos<\/p>\n        <div class=\"box-botao\">\n          <a class=\"btn-assinatura\" target=\"_blank\" href=\"https:\/\/www.estrategiaconcursos.com.br\/cursos\/\" role=\"button\" rel=\"noopener noreferrer\">Conhe\u00e7a mais<\/a>\n        <\/div>\n      <\/div>\n      <p class=\"texto-auxiliar\">Prepare-se com o melhor material e com quem mais aprova em Concursos P\u00fablicos em todo o pa\u00eds.<\/p>\n    <\/div>\n\n  <\/div>\n<\/div>\n\n\n\n<div class=\"container\" id=\"boxes\">\n  <div class=\"row\">\n\n    <div class=\"col-sm\">\n      <div class=\"estrategia\" id=\"box-assinatura\">\n        <h3 class=\"titulo-assinatura\">Assinatura Ilimitada<\/h3>\n        <p class=\"subtitulo-assinatura\">Assinatura Anual Ilimitada*<\/p>\n        <div class=\"box-botao\">\n          <a class=\"btn-assinatura\" target=\"_blank\" href=\"https:\/\/www.estrategiaconcursos.com.br\/assinaturas\/\" role=\"button\" rel=\"noopener noreferrer\">ASSINE AGORA<\/a>\n        <\/div>\n      <\/div>\n      <p class=\"texto-auxiliar\">Prepare-se com o melhor material e com quem mais aprova em Concursos P\u00fablicos em todo o pa\u00eds. Assine agora a nossa Assinatura Anual e tenha acesso ilimitado* a todos os nossos cursos.<\/p>\n    <\/div>\n\n    <div class=\"col-sm\">\n      <div class=\"questoes\" id=\"box-assinatura\">\n        <h3 class=\"titulo-assinatura\">Sistema de Quest\u00f5es<\/h3>\n        <p class=\"subtitulo-assinatura\">Assinatura Ilimitada*<\/p>\n        <div class=\"box-botao\">\n          <a class=\"btn-assinatura\" target=\"_blank\" href=\"https:\/\/www.estrategiaconcursos.com.br\/cursosPorConcurso\/sistema-de-questoes\/#\/\" role=\"button\" rel=\"noopener noreferrer\">ASSINE AGORA<\/a>\n        <\/div>\n      <\/div>\n      <p class=\"texto-auxiliar\">Estrat\u00e9gia Quest\u00f5es nasceu maior do que todos os concorrentes, com mais quest\u00f5es cadastradas e mais solu\u00e7\u00f5es por professores. Clique no link e aproveite os descontos e b\u00f4nus imperd\u00edveis!<\/p>\n    <\/div>\n  <\/div>\n<\/div>\n\n\n\n<div class=\"container\" id=\"boxes\">\n  <div class=\"row\">\n\n    <div class=\"col-sm\" id=\"boxes-concursos\">\n      <div style=\"background-color: #005DAD;\" class=\"conteudo-concursos\" id=\"box-concursos\">\n        <h3 class=\"titulo-assinatura\">Concursos Abertos<\/h3>\n        <p class=\"subtitulo-assinatura\">mais de 15 mil vagas<\/p>\n        <div class=\"box-botao\">\n          <a class=\"btn-assinatura\" target=\"_blank\" href=\"https:\/\/www.estrategiaconcursos.com.br\/blog\/concursos-abertos\/\" role=\"button\" rel=\"noopener noreferrer\">Conhe\u00e7a Agora<\/a>\n        <\/div>\n      <\/div>\n    <\/div>\n\n    <div class=\"col-sm\" id=\"boxes-concursos\">\n      <div style=\"background-color: #1A7ED5;\" class=\"conteudo-concursos\" id=\"box-concursos\">\n        <h3 class=\"titulo-assinatura\">Concursos 2020<\/h3>\n        <p class=\"subtitulo-assinatura\">mais de 11 mil vagas<\/p>\n        <div class=\"box-botao\">\n          <a class=\"btn-assinatura\" target=\"_blank\" href=\"https:\/\/www.estrategiaconcursos.com.br\/blog\/concursos-2020\/\" role=\"button\" rel=\"noopener noreferrer\">Conhe\u00e7a Agora<\/a>\n        <\/div>\n      <\/div>\n    <\/div>\n\n    <div class=\"col-sm\" id=\"boxes-concursos\">\n      <div style=\"background-color: #419FF0;\" class=\"conteudo-concursos\" id=\"box-concursos\">\n        <h3 class=\"titulo-assinatura\">Concursos 2021<\/h3>\n        <p class=\"subtitulo-assinatura\">mais de 17 mil vagas<\/p>\n        <div class=\"box-botao\">\n          <a class=\"btn-assinatura\" target=\"_blank\" href=\"https:\/\/www.estrategiaconcursos.com.br\/blog\/concursos-2021\/\" role=\"button\" rel=\"noopener noreferrer\">Conhe\u00e7a Agora<\/a>\n        <\/div>\n      <\/div>\n    <\/div>\n\n  <\/div>\n<\/div>\n","protected":false},"excerpt":{"rendered":"<p>A representatividade dos grupos sociais e o dia da Consci\u00eancia Negra s\u00e3o temas que precisam ser encarados com seriedade em qualquer lugar do mundo, mas devem, especialmente, ser levados ainda mais a s\u00e9rio em um pa\u00eds em que a desigualdade \u00e9 a regra. A Legisla\u00e7\u00e3o brasileira e os costumes sociais t\u00eam caminhado no sentido de [&hellip;]<\/p>\n","protected":false},"author":1,"featured_media":589308,"comment_status":"open","ping_status":"closed","sticky":false,"template":"","format":"standard","meta":{"post_tipo":"news","footnotes":""},"categories":[1],"tags":[],"tax_estado":[],"class_list":["post-611869","post","type-post","status-publish","format-standard","has-post-thumbnail","hentry","category-cursos-e-concursos"],"acf":[],"yoast_head":"<!-- This site is optimized with the Yoast SEO Premium plugin v27.2 (Yoast SEO v27.2) - https:\/\/yoast.com\/product\/yoast-seo-premium-wordpress\/ -->\n<title>Dia da Consci\u00eancia Negra, Representatividade social e Cotas<\/title>\n<meta name=\"description\" content=\"No dia da Consci\u00eancia Negra, falaremos sobre a institui\u00e7\u00e3o das cotas raciais em concursos p\u00fablicos, uma conquista do movimento negro e da sociedade.\" \/>\n<meta name=\"robots\" content=\"index, follow, max-snippet:-1, max-image-preview:large, max-video-preview:-1\" \/>\n<link rel=\"canonical\" href=\"https:\/\/www.estrategiaconcursos.com.br\/blog\/dia-da-consciencia-negra\/\" \/>\n<meta property=\"og:locale\" content=\"pt_BR\" \/>\n<meta property=\"og:type\" content=\"article\" \/>\n<meta property=\"og:title\" content=\"Dia da Consci\u00eancia Negra, Representatividade social e Cotas\" \/>\n<meta property=\"og:description\" content=\"No dia da Consci\u00eancia Negra, falaremos sobre a institui\u00e7\u00e3o das cotas raciais em concursos p\u00fablicos, uma conquista do movimento negro e da sociedade.\" \/>\n<meta property=\"og:url\" content=\"https:\/\/www.estrategiaconcursos.com.br\/blog\/dia-da-consciencia-negra\/\" \/>\n<meta property=\"og:site_name\" content=\"Estrat\u00e9gia Concursos\" \/>\n<meta property=\"article:author\" content=\"https:\/\/www.facebook.com\/EstrategiaConcursos\" \/>\n<meta property=\"article:published_time\" content=\"2020-11-20T08:00:54+00:00\" \/>\n<meta property=\"article:modified_time\" content=\"2020-11-23T09:41:54+00:00\" \/>\n<meta property=\"og:image\" content=\"https:\/\/dhg1h5j42swfq.cloudfront.net\/2020\/10\/15134801\/Dia-da-Consciencia-negra.jpg\" \/>\n\t<meta property=\"og:image:width\" content=\"800\" \/>\n\t<meta property=\"og:image:height\" content=\"450\" \/>\n\t<meta property=\"og:image:type\" content=\"image\/jpeg\" \/>\n<meta name=\"author\" content=\"Coordena\u00e7\u00e3o\" \/>\n<meta name=\"twitter:card\" content=\"summary_large_image\" \/>\n<meta name=\"twitter:creator\" content=\"@EstratConcursos\" \/>\n<meta name=\"twitter:site\" content=\"@EstratConcursos\" \/>\n<meta name=\"twitter:label1\" content=\"Escrito por\" \/>\n\t<meta name=\"twitter:data1\" content=\"Coordena\u00e7\u00e3o\" \/>\n\t<meta name=\"twitter:label2\" content=\"Est. tempo de leitura\" \/>\n\t<meta name=\"twitter:data2\" content=\"9 minutos\" \/>\n<script type=\"application\/ld+json\" class=\"yoast-schema-graph\">{\"@context\":\"https:\/\/schema.org\",\"@graph\":[{\"@type\":\"NewsArticle\",\"@id\":\"https:\/\/www.estrategiaconcursos.com.br\/blog\/dia-da-consciencia-negra\/#article\",\"isPartOf\":{\"@id\":\"https:\/\/www.estrategiaconcursos.com.br\/blog\/dia-da-consciencia-negra\/\"},\"author\":{\"name\":\"Coordena\u00e7\u00e3o\",\"@id\":\"https:\/\/www.estrategiaconcursos.com.br\/blog\/#\/schema\/person\/b4a388c97673c5f483d72185668afa1f\"},\"headline\":\"Dia da Consci\u00eancia Negra, Representatividade social e Cotas\",\"datePublished\":\"2020-11-20T08:00:54+00:00\",\"dateModified\":\"2020-11-23T09:41:54+00:00\",\"mainEntityOfPage\":{\"@id\":\"https:\/\/www.estrategiaconcursos.com.br\/blog\/dia-da-consciencia-negra\/\"},\"wordCount\":1901,\"commentCount\":2,\"publisher\":{\"@id\":\"https:\/\/www.estrategiaconcursos.com.br\/blog\/#organization\"},\"image\":{\"@id\":\"https:\/\/www.estrategiaconcursos.com.br\/blog\/dia-da-consciencia-negra\/#primaryimage\"},\"thumbnailUrl\":\"https:\/\/dhg1h5j42swfq.cloudfront.net\/2020\/10\/15134801\/Dia-da-Consciencia-negra.jpg\",\"articleSection\":[\"Concursos P\u00fablicos\"],\"inLanguage\":\"pt-BR\",\"potentialAction\":[{\"@type\":\"CommentAction\",\"name\":\"Comment\",\"target\":[\"https:\/\/www.estrategiaconcursos.com.br\/blog\/dia-da-consciencia-negra\/#respond\"]}],\"copyrightYear\":\"2020\",\"copyrightHolder\":{\"@id\":\"https:\/\/www.estrategiaconcursos.com.br\/blog\/#organization\"}},{\"@type\":\"WebPage\",\"@id\":\"https:\/\/www.estrategiaconcursos.com.br\/blog\/dia-da-consciencia-negra\/\",\"url\":\"https:\/\/www.estrategiaconcursos.com.br\/blog\/dia-da-consciencia-negra\/\",\"name\":\"Dia da Consci\u00eancia Negra, Representatividade social e Cotas\",\"isPartOf\":{\"@id\":\"https:\/\/www.estrategiaconcursos.com.br\/blog\/#website\"},\"primaryImageOfPage\":{\"@id\":\"https:\/\/www.estrategiaconcursos.com.br\/blog\/dia-da-consciencia-negra\/#primaryimage\"},\"image\":{\"@id\":\"https:\/\/www.estrategiaconcursos.com.br\/blog\/dia-da-consciencia-negra\/#primaryimage\"},\"thumbnailUrl\":\"https:\/\/dhg1h5j42swfq.cloudfront.net\/2020\/10\/15134801\/Dia-da-Consciencia-negra.jpg\",\"datePublished\":\"2020-11-20T08:00:54+00:00\",\"dateModified\":\"2020-11-23T09:41:54+00:00\",\"description\":\"No dia da Consci\u00eancia Negra, falaremos sobre a institui\u00e7\u00e3o das cotas raciais em concursos p\u00fablicos, uma conquista do movimento negro e da sociedade.\",\"breadcrumb\":{\"@id\":\"https:\/\/www.estrategiaconcursos.com.br\/blog\/dia-da-consciencia-negra\/#breadcrumb\"},\"inLanguage\":\"pt-BR\",\"potentialAction\":[{\"@type\":\"ReadAction\",\"target\":[\"https:\/\/www.estrategiaconcursos.com.br\/blog\/dia-da-consciencia-negra\/\"]}]},{\"@type\":\"ImageObject\",\"inLanguage\":\"pt-BR\",\"@id\":\"https:\/\/www.estrategiaconcursos.com.br\/blog\/dia-da-consciencia-negra\/#primaryimage\",\"url\":\"https:\/\/dhg1h5j42swfq.cloudfront.net\/2020\/10\/15134801\/Dia-da-Consciencia-negra.jpg\",\"contentUrl\":\"https:\/\/dhg1h5j42swfq.cloudfront.net\/2020\/10\/15134801\/Dia-da-Consciencia-negra.jpg\",\"width\":800,\"height\":450,\"caption\":\"Dia da Consci\u00eancia Negra\"},{\"@type\":\"BreadcrumbList\",\"@id\":\"https:\/\/www.estrategiaconcursos.com.br\/blog\/dia-da-consciencia-negra\/#breadcrumb\",\"itemListElement\":[{\"@type\":\"ListItem\",\"position\":1,\"name\":\"In\u00edcio\",\"item\":\"https:\/\/www.estrategiaconcursos.com.br\/blog\/\"},{\"@type\":\"ListItem\",\"position\":2,\"name\":\"Dia da Consci\u00eancia Negra, Representatividade social e Cotas\"}]},{\"@type\":\"WebSite\",\"@id\":\"https:\/\/www.estrategiaconcursos.com.br\/blog\/#website\",\"url\":\"https:\/\/www.estrategiaconcursos.com.br\/blog\/\",\"name\":\"Estrat\u00e9gia Concursos\",\"description\":\"O blog da Estrat\u00e9gia Concursos traz not\u00edcias sobre concursos e artigos de professores oferecendo cursos para concursos (pdf + videaulas) no site.\",\"publisher\":{\"@id\":\"https:\/\/www.estrategiaconcursos.com.br\/blog\/#organization\"},\"potentialAction\":[{\"@type\":\"SearchAction\",\"target\":{\"@type\":\"EntryPoint\",\"urlTemplate\":\"https:\/\/www.estrategiaconcursos.com.br\/blog\/?s={search_term_string}\"},\"query-input\":{\"@type\":\"PropertyValueSpecification\",\"valueRequired\":true,\"valueName\":\"search_term_string\"}}],\"inLanguage\":\"pt-BR\"},{\"@type\":\"Organization\",\"@id\":\"https:\/\/www.estrategiaconcursos.com.br\/blog\/#organization\",\"name\":\"Estrat\u00e9gia Concursos\",\"url\":\"https:\/\/www.estrategiaconcursos.com.br\/blog\/\",\"logo\":{\"@type\":\"ImageObject\",\"inLanguage\":\"pt-BR\",\"@id\":\"https:\/\/www.estrategiaconcursos.com.br\/blog\/#\/schema\/logo\/image\/\",\"url\":\"https:\/\/dhg1h5j42swfq.cloudfront.net\/2025\/06\/03203428\/logo_concursos-1.jpg\",\"contentUrl\":\"https:\/\/dhg1h5j42swfq.cloudfront.net\/2025\/06\/03203428\/logo_concursos-1.jpg\",\"width\":230,\"height\":60,\"caption\":\"Estrat\u00e9gia Concursos\"},\"image\":{\"@id\":\"https:\/\/www.estrategiaconcursos.com.br\/blog\/#\/schema\/logo\/image\/\"},\"sameAs\":[\"https:\/\/x.com\/EstratConcursos\"]},{\"@type\":\"Person\",\"@id\":\"https:\/\/www.estrategiaconcursos.com.br\/blog\/#\/schema\/person\/b4a388c97673c5f483d72185668afa1f\",\"name\":\"Coordena\u00e7\u00e3o\",\"image\":{\"@type\":\"ImageObject\",\"inLanguage\":\"pt-BR\",\"@id\":\"https:\/\/secure.gravatar.com\/avatar\/b720319e4c9a967eb58678d110f4fe35452fc5d5f97b202bac7b8acceb18c6ad?s=96&d=mm&r=g\",\"url\":\"https:\/\/secure.gravatar.com\/avatar\/b720319e4c9a967eb58678d110f4fe35452fc5d5f97b202bac7b8acceb18c6ad?s=96&d=mm&r=g\",\"contentUrl\":\"https:\/\/secure.gravatar.com\/avatar\/b720319e4c9a967eb58678d110f4fe35452fc5d5f97b202bac7b8acceb18c6ad?s=96&d=mm&r=g\",\"caption\":\"Coordena\u00e7\u00e3o\"},\"sameAs\":[\"https:\/\/www.facebook.com\/EstrategiaConcursos\",\"https:\/\/x.com\/EstratConcursos\"],\"url\":\"https:\/\/www.estrategiaconcursos.com.br\/blog\/author\/estrategia2013\/\"}]}<\/script>\n<!-- \/ Yoast SEO Premium plugin. -->","yoast_head_json":{"title":"Dia da Consci\u00eancia Negra, Representatividade social e Cotas","description":"No dia da Consci\u00eancia Negra, falaremos sobre a institui\u00e7\u00e3o das cotas raciais em concursos p\u00fablicos, uma conquista do movimento negro e da sociedade.","robots":{"index":"index","follow":"follow","max-snippet":"max-snippet:-1","max-image-preview":"max-image-preview:large","max-video-preview":"max-video-preview:-1"},"canonical":"https:\/\/www.estrategiaconcursos.com.br\/blog\/dia-da-consciencia-negra\/","og_locale":"pt_BR","og_type":"article","og_title":"Dia da Consci\u00eancia Negra, Representatividade social e Cotas","og_description":"No dia da Consci\u00eancia Negra, falaremos sobre a institui\u00e7\u00e3o das cotas raciais em concursos p\u00fablicos, uma conquista do movimento negro e da sociedade.","og_url":"https:\/\/www.estrategiaconcursos.com.br\/blog\/dia-da-consciencia-negra\/","og_site_name":"Estrat\u00e9gia Concursos","article_author":"https:\/\/www.facebook.com\/EstrategiaConcursos","article_published_time":"2020-11-20T08:00:54+00:00","article_modified_time":"2020-11-23T09:41:54+00:00","og_image":[{"width":800,"height":450,"url":"https:\/\/dhg1h5j42swfq.cloudfront.net\/2020\/10\/15134801\/Dia-da-Consciencia-negra.jpg","type":"image\/jpeg"}],"author":"Coordena\u00e7\u00e3o","twitter_card":"summary_large_image","twitter_creator":"@EstratConcursos","twitter_site":"@EstratConcursos","twitter_misc":{"Escrito por":"Coordena\u00e7\u00e3o","Est. tempo de leitura":"9 minutos"},"schema":{"@context":"https:\/\/schema.org","@graph":[{"@type":"NewsArticle","@id":"https:\/\/www.estrategiaconcursos.com.br\/blog\/dia-da-consciencia-negra\/#article","isPartOf":{"@id":"https:\/\/www.estrategiaconcursos.com.br\/blog\/dia-da-consciencia-negra\/"},"author":{"name":"Coordena\u00e7\u00e3o","@id":"https:\/\/www.estrategiaconcursos.com.br\/blog\/#\/schema\/person\/b4a388c97673c5f483d72185668afa1f"},"headline":"Dia da Consci\u00eancia Negra, Representatividade social e Cotas","datePublished":"2020-11-20T08:00:54+00:00","dateModified":"2020-11-23T09:41:54+00:00","mainEntityOfPage":{"@id":"https:\/\/www.estrategiaconcursos.com.br\/blog\/dia-da-consciencia-negra\/"},"wordCount":1901,"commentCount":2,"publisher":{"@id":"https:\/\/www.estrategiaconcursos.com.br\/blog\/#organization"},"image":{"@id":"https:\/\/www.estrategiaconcursos.com.br\/blog\/dia-da-consciencia-negra\/#primaryimage"},"thumbnailUrl":"https:\/\/dhg1h5j42swfq.cloudfront.net\/2020\/10\/15134801\/Dia-da-Consciencia-negra.jpg","articleSection":["Concursos P\u00fablicos"],"inLanguage":"pt-BR","potentialAction":[{"@type":"CommentAction","name":"Comment","target":["https:\/\/www.estrategiaconcursos.com.br\/blog\/dia-da-consciencia-negra\/#respond"]}],"copyrightYear":"2020","copyrightHolder":{"@id":"https:\/\/www.estrategiaconcursos.com.br\/blog\/#organization"}},{"@type":"WebPage","@id":"https:\/\/www.estrategiaconcursos.com.br\/blog\/dia-da-consciencia-negra\/","url":"https:\/\/www.estrategiaconcursos.com.br\/blog\/dia-da-consciencia-negra\/","name":"Dia da Consci\u00eancia Negra, Representatividade social e Cotas","isPartOf":{"@id":"https:\/\/www.estrategiaconcursos.com.br\/blog\/#website"},"primaryImageOfPage":{"@id":"https:\/\/www.estrategiaconcursos.com.br\/blog\/dia-da-consciencia-negra\/#primaryimage"},"image":{"@id":"https:\/\/www.estrategiaconcursos.com.br\/blog\/dia-da-consciencia-negra\/#primaryimage"},"thumbnailUrl":"https:\/\/dhg1h5j42swfq.cloudfront.net\/2020\/10\/15134801\/Dia-da-Consciencia-negra.jpg","datePublished":"2020-11-20T08:00:54+00:00","dateModified":"2020-11-23T09:41:54+00:00","description":"No dia da Consci\u00eancia Negra, falaremos sobre a institui\u00e7\u00e3o das cotas raciais em concursos p\u00fablicos, uma conquista do movimento negro e da sociedade.","breadcrumb":{"@id":"https:\/\/www.estrategiaconcursos.com.br\/blog\/dia-da-consciencia-negra\/#breadcrumb"},"inLanguage":"pt-BR","potentialAction":[{"@type":"ReadAction","target":["https:\/\/www.estrategiaconcursos.com.br\/blog\/dia-da-consciencia-negra\/"]}]},{"@type":"ImageObject","inLanguage":"pt-BR","@id":"https:\/\/www.estrategiaconcursos.com.br\/blog\/dia-da-consciencia-negra\/#primaryimage","url":"https:\/\/dhg1h5j42swfq.cloudfront.net\/2020\/10\/15134801\/Dia-da-Consciencia-negra.jpg","contentUrl":"https:\/\/dhg1h5j42swfq.cloudfront.net\/2020\/10\/15134801\/Dia-da-Consciencia-negra.jpg","width":800,"height":450,"caption":"Dia da Consci\u00eancia Negra"},{"@type":"BreadcrumbList","@id":"https:\/\/www.estrategiaconcursos.com.br\/blog\/dia-da-consciencia-negra\/#breadcrumb","itemListElement":[{"@type":"ListItem","position":1,"name":"In\u00edcio","item":"https:\/\/www.estrategiaconcursos.com.br\/blog\/"},{"@type":"ListItem","position":2,"name":"Dia da Consci\u00eancia Negra, Representatividade social e Cotas"}]},{"@type":"WebSite","@id":"https:\/\/www.estrategiaconcursos.com.br\/blog\/#website","url":"https:\/\/www.estrategiaconcursos.com.br\/blog\/","name":"Estrat\u00e9gia Concursos","description":"O blog da Estrat\u00e9gia Concursos traz not\u00edcias sobre concursos e artigos de professores oferecendo cursos para concursos (pdf + videaulas) no site.","publisher":{"@id":"https:\/\/www.estrategiaconcursos.com.br\/blog\/#organization"},"potentialAction":[{"@type":"SearchAction","target":{"@type":"EntryPoint","urlTemplate":"https:\/\/www.estrategiaconcursos.com.br\/blog\/?s={search_term_string}"},"query-input":{"@type":"PropertyValueSpecification","valueRequired":true,"valueName":"search_term_string"}}],"inLanguage":"pt-BR"},{"@type":"Organization","@id":"https:\/\/www.estrategiaconcursos.com.br\/blog\/#organization","name":"Estrat\u00e9gia Concursos","url":"https:\/\/www.estrategiaconcursos.com.br\/blog\/","logo":{"@type":"ImageObject","inLanguage":"pt-BR","@id":"https:\/\/www.estrategiaconcursos.com.br\/blog\/#\/schema\/logo\/image\/","url":"https:\/\/dhg1h5j42swfq.cloudfront.net\/2025\/06\/03203428\/logo_concursos-1.jpg","contentUrl":"https:\/\/dhg1h5j42swfq.cloudfront.net\/2025\/06\/03203428\/logo_concursos-1.jpg","width":230,"height":60,"caption":"Estrat\u00e9gia Concursos"},"image":{"@id":"https:\/\/www.estrategiaconcursos.com.br\/blog\/#\/schema\/logo\/image\/"},"sameAs":["https:\/\/x.com\/EstratConcursos"]},{"@type":"Person","@id":"https:\/\/www.estrategiaconcursos.com.br\/blog\/#\/schema\/person\/b4a388c97673c5f483d72185668afa1f","name":"Coordena\u00e7\u00e3o","image":{"@type":"ImageObject","inLanguage":"pt-BR","@id":"https:\/\/secure.gravatar.com\/avatar\/b720319e4c9a967eb58678d110f4fe35452fc5d5f97b202bac7b8acceb18c6ad?s=96&d=mm&r=g","url":"https:\/\/secure.gravatar.com\/avatar\/b720319e4c9a967eb58678d110f4fe35452fc5d5f97b202bac7b8acceb18c6ad?s=96&d=mm&r=g","contentUrl":"https:\/\/secure.gravatar.com\/avatar\/b720319e4c9a967eb58678d110f4fe35452fc5d5f97b202bac7b8acceb18c6ad?s=96&d=mm&r=g","caption":"Coordena\u00e7\u00e3o"},"sameAs":["https:\/\/www.facebook.com\/EstrategiaConcursos","https:\/\/x.com\/EstratConcursos"],"url":"https:\/\/www.estrategiaconcursos.com.br\/blog\/author\/estrategia2013\/"}]}},"_links":{"self":[{"href":"https:\/\/www.estrategiaconcursos.com.br\/blog\/wp-json\/wp\/v2\/posts\/611869","targetHints":{"allow":["GET"]}}],"collection":[{"href":"https:\/\/www.estrategiaconcursos.com.br\/blog\/wp-json\/wp\/v2\/posts"}],"about":[{"href":"https:\/\/www.estrategiaconcursos.com.br\/blog\/wp-json\/wp\/v2\/types\/post"}],"author":[{"embeddable":true,"href":"https:\/\/www.estrategiaconcursos.com.br\/blog\/wp-json\/wp\/v2\/users\/1"}],"replies":[{"embeddable":true,"href":"https:\/\/www.estrategiaconcursos.com.br\/blog\/wp-json\/wp\/v2\/comments?post=611869"}],"version-history":[{"count":12,"href":"https:\/\/www.estrategiaconcursos.com.br\/blog\/wp-json\/wp\/v2\/posts\/611869\/revisions"}],"predecessor-version":[{"id":612256,"href":"https:\/\/www.estrategiaconcursos.com.br\/blog\/wp-json\/wp\/v2\/posts\/611869\/revisions\/612256"}],"wp:featuredmedia":[{"embeddable":true,"href":"https:\/\/www.estrategiaconcursos.com.br\/blog\/wp-json\/wp\/v2\/media\/589308"}],"wp:attachment":[{"href":"https:\/\/www.estrategiaconcursos.com.br\/blog\/wp-json\/wp\/v2\/media?parent=611869"}],"wp:term":[{"taxonomy":"category","embeddable":true,"href":"https:\/\/www.estrategiaconcursos.com.br\/blog\/wp-json\/wp\/v2\/categories?post=611869"},{"taxonomy":"post_tag","embeddable":true,"href":"https:\/\/www.estrategiaconcursos.com.br\/blog\/wp-json\/wp\/v2\/tags?post=611869"},{"taxonomy":"tax_estado","embeddable":true,"href":"https:\/\/www.estrategiaconcursos.com.br\/blog\/wp-json\/wp\/v2\/tax_estado?post=611869"}],"curies":[{"name":"wp","href":"https:\/\/api.w.org\/{rel}","templated":true}]}}