{"id":611630,"date":"2020-11-17T16:00:12","date_gmt":"2020-11-17T19:00:12","guid":{"rendered":"https:\/\/www.estrategiaconcursos.com.br\/blog\/?p=611630"},"modified":"2023-06-12T15:45:46","modified_gmt":"2023-06-12T18:45:46","slug":"black-friday-delegado-pc-pa","status":"publish","type":"post","link":"https:\/\/www.estrategiaconcursos.com.br\/blog\/black-friday-delegado-pc-pa\/","title":{"rendered":"Black Friday Delegado PC-PA: tire d\u00favidas sobre a sele\u00e7\u00e3o!"},"content":{"rendered":"\n<h2 class=\"wp-block-heading\"><em>S\u00e3o <strong>265<\/strong> <strong>vagas<\/strong> para o cargo de<strong> Delegado de Pol\u00edcia Civil<\/strong><\/em><\/h2>\n\n\n\n<p>O professor Ricardo Torques ministra nesta ter\u00e7a-feira (17), \u00e0s 19:00, uma aula completa sobre o concurso Delegado PA. Com a Black Friday Delegado PC-PA voc\u00ea poder\u00e1 tirar d\u00favidas sobre a sele\u00e7\u00e3o e ganhar dicas valiosas. <\/p>\n\n\n\n<h3 class=\"wp-block-heading\">Black Friday Delegado PC-PA &#8211; Cronograma<\/h3>\n\n\n\n<ul class=\"wp-block-list\">\n<li><strong>Data:<\/strong> 17 de novembro de 2020<\/li>\n\n\n\n<li><strong>Hor\u00e1rio:<\/strong> 19:00<\/li>\n\n\n\n<li><strong>Onde:<\/strong><a rel=\"noreferrer noopener\" href=\"https:\/\/www.youtube.com\/watch?v=1X4poR2rNqU\" target=\"_blank\"> Canal do Estrat\u00e9gia Carreiras Jur\u00eddicas no Youtube<\/a><\/li>\n\n\n\n<li><strong>Professor:<\/strong> Ricardo Torques<\/li>\n<\/ul>\n\n\n\n<h3 class=\"wp-block-heading\">Black Friday Delegado PC-PA &#8211; Evento ao vivo<\/h3>\n\n\n<figure class=\"wp-block-embed-youtube wp-block-embed is-type-video is-provider-youtube wp-embed-aspect-16-9 wp-has-aspect-ratio lyte-align aligncenter\"><div class=\"lyte-wrapper\" style=\"width:853px;max-width:100%;margin:5px;\"><div class=\"lyMe\" id=\"WYL_1X4poR2rNqU\"><div id=\"lyte_1X4poR2rNqU\" data-src=\"\/\/i.ytimg.com\/vi\/1X4poR2rNqU\/hqdefault.jpg\" class=\"pL\"><div class=\"tC\"><div class=\"tT\"><\/div><\/div><div class=\"play\"><\/div><div class=\"ctrl\"><div class=\"Lctrl\"><\/div><div class=\"Rctrl\"><\/div><\/div><\/div><noscript><a href=\"https:\/\/youtu.be\/1X4poR2rNqU\" rel=\"nofollow\"><img loading=\"lazy\" decoding=\"async\" src=\"https:\/\/i.ytimg.com\/vi\/1X4poR2rNqU\/0.jpg\" alt=\"YouTube video thumbnail\" width=\"853\" height=\"460\" \/><br \/>Assista a este v\u00eddeo no YouTube<\/a><\/noscript><\/div><\/div><div class=\"lL\" style=\"max-width:100%;width:853px;margin:5px;\"><\/div><figcaption><\/figcaption><\/figure>\n\n\n<h3 class=\"wp-block-heading\">Black Friday Delegado PC-PA &#8211; Curiosidades<\/h3>\n\n\n\n<h4 class=\"wp-block-heading\" id=\"requsitos\">Requisitos do cargo de Delegado<\/h4>\n\n\n\n<p>O cargo de Delegado da Pol\u00edcia Civil do Par\u00e1 \u00e9 privativo de <strong>bacharel em Direito<\/strong>. N\u00e3o se exige, para o ingresso na carreira, a comprova\u00e7\u00e3o do exerc\u00edcio de atividade jur\u00eddica ou policial por um tempo m\u00ednimo.<\/p>\n\n\n\n<h4 class=\"wp-block-heading\" id=\"etapa\">Etapas do concurso Delegado PA<\/h4>\n\n\n\n<ul class=\"wp-block-list\">\n<li><strong>PRIMEIRA FASE<\/strong><\/li>\n\n\n\n<li>Prova Objetiva de m\u00faltipla escolha (eliminat\u00f3rio e classificat\u00f3rio);<\/li>\n\n\n\n<li>Pe\u00e7a Processual (eliminat\u00f3rio e classificat\u00f3rio);<\/li>\n\n\n\n<li>Prova de Capacita\u00e7\u00e3o F\u00edsica (eliminat\u00f3rio);<\/li>\n\n\n\n<li>Exame M\u00e9dico (eliminat\u00f3rio);<\/li>\n\n\n\n<li>Exame Psicol\u00f3gico (eliminat\u00f3rio);<\/li>\n<\/ul>\n\n\n\n<p><strong>SEGUNDA FASE<\/strong><\/p>\n\n\n\n<ul class=\"wp-block-list\">\n<li>Investiga\u00e7\u00e3o Social e Criminal (eliminat\u00f3rio).<\/li>\n\n\n\n<li>Curso de Forma\u00e7\u00e3o, sob a responsabilidade da ACADEPOL-PA.<\/li>\n<\/ul>\n\n\n\n<p> As duas provas do certame, a&nbsp;<strong>objetiva<\/strong>&nbsp;e a&nbsp;<strong>pe\u00e7a processual<\/strong>&nbsp;(discursiva), ser\u00e3o aplicadas na mesma data, sendo a primeira com dura\u00e7\u00e3o de&nbsp;<strong>5 horas<\/strong>&nbsp;e a segunda podendo se estender por, no m\u00e1ximo,&nbsp;<strong>3 horas<\/strong>. <\/p>\n\n\n\n<p class=\"has-text-align-center\"><strong>Quer saber mais sobre o concurso PC PA DELEGADO? Clique no link abaixo e fique por dentro de tudo!<\/strong><\/p>\n\n\n\n<p class=\"has-text-align-center has-medium-font-size\"><strong>Saiba mais: <a href=\"https:\/\/www.estrategiaconcursos.com.br\/blog\/concurso-delegado-pa\/\" target=\"_blank\" rel=\"noreferrer noopener\">Concurso Delegado PA<\/a><\/strong><\/p>\n\n\n\n<h2 class=\"wp-block-heading has-text-align-center\">Quer estudar para o concurso de Delegado PC PA?<\/h2>\n\n\n\n<div class=\"container\" id=\"boxes\">\n  <div class=\"row\">\n\n    <div class=\"col-sm\">\n      <div class=\"banner-ecj\" id=\"box-assinatura\">\n        <h3 class=\"titulo-assinatura\">Curso para Delegado da PC PA <\/h3>\n        <p class=\"subtitulo-assinatura\">Cursos focados no edital do concurso<\/p>\n        <div class=\"box-botao\">\n          <a class=\"btn-assinatura\" target=\"_blank\" href=\"https:\/\/www.estrategiaconcursos.com.br\/cursosPorConcurso\/policia-civil-pa-delegado\/\" role=\"button\" rel=\"noopener noreferrer\">Conhe\u00e7a mais<\/a>\n        <\/div>\n      <\/div>\n      <p class=\"texto-auxiliar\">Prepare-se com o melhor material e com quem mais aprova em concursos de Procuradorias em todo o pa\u00eds. \n<\/p>\n    <\/div>\n\n  <\/div>\n<\/div>\n\n\n\n<div class=\"container\" id=\"boxes\">\n  <div class=\"row\">\n\n    <div class=\"col-sm\">\n      <div class=\"banner-ecj\" id=\"box-assinatura\">\n        <h3 class=\"titulo-assinatura\">Assinatura Jur\u00eddica <\/h3>\n        <p class=\"subtitulo-assinatura\">Conhe\u00e7a os planos<\/p>\n        <div class=\"box-botao\">\n          <a class=\"btn-assinatura\" target=\"_blank\" href=\"https:\/\/www.estrategiaconcursos.com.br\/assinaturas-ecj\/\" role=\"button\" rel=\"noopener noreferrer\">Conhe\u00e7a mais<\/a>\n        <\/div>\n      <\/div>\n      <p class=\"texto-auxiliar\">Prepare-se com o melhor material e com quem mais aprova em Concursos P\u00fablicos em todo o pa\u00eds. \n<\/p>\n    <\/div>\n\n  <\/div>\n<\/div>\n","protected":false},"excerpt":{"rendered":"<p>S\u00e3o 265 vagas para o cargo de Delegado de Pol\u00edcia Civil O professor Ricardo Torques ministra nesta ter\u00e7a-feira (17), \u00e0s 19:00, uma aula completa sobre o concurso Delegado PA. Com a Black Friday Delegado PC-PA voc\u00ea poder\u00e1 tirar d\u00favidas sobre a sele\u00e7\u00e3o e ganhar dicas valiosas. Black Friday Delegado PC-PA &#8211; Cronograma Black Friday Delegado [&hellip;]<\/p>\n","protected":false},"author":552,"featured_media":540202,"comment_status":"open","ping_status":"closed","sticky":false,"template":"","format":"standard","meta":{"post_tipo":"article","footnotes":""},"categories":[1,2185],"tags":[],"tax_estado":[],"class_list":["post-611630","post","type-post","status-publish","format-standard","has-post-thumbnail","hentry","category-cursos-e-concursos","category-carreiras-juridicas"],"acf":[],"yoast_head":"<!-- This site is optimized with the Yoast SEO Premium plugin v27.2 (Yoast SEO v27.2) - https:\/\/yoast.com\/product\/yoast-seo-premium-wordpress\/ -->\n<title>Black Friday Delegado PC-PA: tire d\u00favidas sobre a sele\u00e7\u00e3o!<\/title>\n<meta name=\"description\" content=\"Acompanhe nesta ter\u00e7a-feira (17), \u00e0s 19:00, a Black Friday Delegado PC-PA. Tire d\u00favidas e gahe dicas sobre a sele\u00e7\u00e3o que oferta 265 vagas pra Delegado.\" \/>\n<meta name=\"robots\" content=\"index, follow, max-snippet:-1, max-image-preview:large, max-video-preview:-1\" \/>\n<link rel=\"canonical\" href=\"https:\/\/www.estrategiaconcursos.com.br\/blog\/black-friday-delegado-pc-pa\/\" \/>\n<meta property=\"og:locale\" content=\"pt_BR\" \/>\n<meta property=\"og:type\" content=\"article\" \/>\n<meta property=\"og:title\" content=\"Black Friday Delegado PC-PA: tire d\u00favidas sobre a sele\u00e7\u00e3o!\" \/>\n<meta property=\"og:description\" content=\"Acompanhe nesta ter\u00e7a-feira (17), \u00e0s 19:00, a Black Friday Delegado PC-PA. Tire d\u00favidas e gahe dicas sobre a sele\u00e7\u00e3o que oferta 265 vagas pra Delegado.\" \/>\n<meta property=\"og:url\" content=\"https:\/\/www.estrategiaconcursos.com.br\/blog\/black-friday-delegado-pc-pa\/\" \/>\n<meta property=\"og:site_name\" content=\"Estrat\u00e9gia Concursos\" \/>\n<meta property=\"article:published_time\" content=\"2020-11-17T19:00:12+00:00\" \/>\n<meta property=\"article:modified_time\" content=\"2023-06-12T18:45:46+00:00\" \/>\n<meta property=\"og:image\" content=\"https:\/\/dhg1h5j42swfq.cloudfront.net\/2020\/07\/10084740\/DELEGADO-PA.png\" \/>\n\t<meta property=\"og:image:width\" content=\"1200\" \/>\n\t<meta property=\"og:image:height\" content=\"628\" \/>\n\t<meta property=\"og:image:type\" content=\"image\/png\" \/>\n<meta name=\"author\" content=\"Paulo Bilynskyj\" \/>\n<meta name=\"twitter:card\" content=\"summary_large_image\" \/>\n<meta name=\"twitter:creator\" content=\"@EstratConcursos\" \/>\n<meta name=\"twitter:site\" content=\"@EstratConcursos\" \/>\n<meta name=\"twitter:label1\" content=\"Escrito por\" \/>\n\t<meta name=\"twitter:data1\" content=\"Paulo Bilynskyj\" \/>\n\t<meta name=\"twitter:label2\" content=\"Est. tempo de leitura\" \/>\n\t<meta name=\"twitter:data2\" content=\"2 minutos\" \/>\n<script type=\"application\/ld+json\" class=\"yoast-schema-graph\">{\"@context\":\"https:\/\/schema.org\",\"@graph\":[{\"@type\":\"NewsArticle\",\"@id\":\"https:\/\/www.estrategiaconcursos.com.br\/blog\/black-friday-delegado-pc-pa\/#article\",\"isPartOf\":{\"@id\":\"https:\/\/www.estrategiaconcursos.com.br\/blog\/black-friday-delegado-pc-pa\/\"},\"author\":{\"name\":\"Paulo Bilynskyj\",\"@id\":\"https:\/\/www.estrategiaconcursos.com.br\/blog\/#\/schema\/person\/a630b15e36f45b4c21fed01219843cb5\"},\"headline\":\"Black Friday Delegado PC-PA: tire d\u00favidas sobre a sele\u00e7\u00e3o!\",\"datePublished\":\"2020-11-17T19:00:12+00:00\",\"dateModified\":\"2023-06-12T18:45:46+00:00\",\"mainEntityOfPage\":{\"@id\":\"https:\/\/www.estrategiaconcursos.com.br\/blog\/black-friday-delegado-pc-pa\/\"},\"wordCount\":356,\"commentCount\":0,\"publisher\":{\"@id\":\"https:\/\/www.estrategiaconcursos.com.br\/blog\/#organization\"},\"image\":{\"@id\":\"https:\/\/www.estrategiaconcursos.com.br\/blog\/black-friday-delegado-pc-pa\/#primaryimage\"},\"thumbnailUrl\":\"https:\/\/dhg1h5j42swfq.cloudfront.net\/2020\/07\/10084740\/DELEGADO-PA.png\",\"articleSection\":[\"Concursos P\u00fablicos\",\"Jur\u00eddico\"],\"inLanguage\":\"pt-BR\",\"potentialAction\":[{\"@type\":\"CommentAction\",\"name\":\"Comment\",\"target\":[\"https:\/\/www.estrategiaconcursos.com.br\/blog\/black-friday-delegado-pc-pa\/#respond\"]}],\"copyrightYear\":\"2020\",\"copyrightHolder\":{\"@id\":\"https:\/\/www.estrategiaconcursos.com.br\/blog\/#organization\"}},{\"@type\":\"WebPage\",\"@id\":\"https:\/\/www.estrategiaconcursos.com.br\/blog\/black-friday-delegado-pc-pa\/\",\"url\":\"https:\/\/www.estrategiaconcursos.com.br\/blog\/black-friday-delegado-pc-pa\/\",\"name\":\"Black Friday Delegado PC-PA: tire d\u00favidas sobre a sele\u00e7\u00e3o!\",\"isPartOf\":{\"@id\":\"https:\/\/www.estrategiaconcursos.com.br\/blog\/#website\"},\"primaryImageOfPage\":{\"@id\":\"https:\/\/www.estrategiaconcursos.com.br\/blog\/black-friday-delegado-pc-pa\/#primaryimage\"},\"image\":{\"@id\":\"https:\/\/www.estrategiaconcursos.com.br\/blog\/black-friday-delegado-pc-pa\/#primaryimage\"},\"thumbnailUrl\":\"https:\/\/dhg1h5j42swfq.cloudfront.net\/2020\/07\/10084740\/DELEGADO-PA.png\",\"datePublished\":\"2020-11-17T19:00:12+00:00\",\"dateModified\":\"2023-06-12T18:45:46+00:00\",\"description\":\"Acompanhe nesta ter\u00e7a-feira (17), \u00e0s 19:00, a Black Friday Delegado PC-PA. Tire d\u00favidas e gahe dicas sobre a sele\u00e7\u00e3o que oferta 265 vagas pra Delegado.\",\"breadcrumb\":{\"@id\":\"https:\/\/www.estrategiaconcursos.com.br\/blog\/black-friday-delegado-pc-pa\/#breadcrumb\"},\"inLanguage\":\"pt-BR\",\"potentialAction\":[{\"@type\":\"ReadAction\",\"target\":[\"https:\/\/www.estrategiaconcursos.com.br\/blog\/black-friday-delegado-pc-pa\/\"]}]},{\"@type\":\"ImageObject\",\"inLanguage\":\"pt-BR\",\"@id\":\"https:\/\/www.estrategiaconcursos.com.br\/blog\/black-friday-delegado-pc-pa\/#primaryimage\",\"url\":\"https:\/\/dhg1h5j42swfq.cloudfront.net\/2020\/07\/10084740\/DELEGADO-PA.png\",\"contentUrl\":\"https:\/\/dhg1h5j42swfq.cloudfront.net\/2020\/07\/10084740\/DELEGADO-PA.png\",\"width\":1200,\"height\":628,\"caption\":\"concurso delegado pa\"},{\"@type\":\"BreadcrumbList\",\"@id\":\"https:\/\/www.estrategiaconcursos.com.br\/blog\/black-friday-delegado-pc-pa\/#breadcrumb\",\"itemListElement\":[{\"@type\":\"ListItem\",\"position\":1,\"name\":\"In\u00edcio\",\"item\":\"https:\/\/www.estrategiaconcursos.com.br\/blog\/\"},{\"@type\":\"ListItem\",\"position\":2,\"name\":\"Black Friday Delegado PC-PA: tire d\u00favidas sobre a sele\u00e7\u00e3o!\"}]},{\"@type\":\"WebSite\",\"@id\":\"https:\/\/www.estrategiaconcursos.com.br\/blog\/#website\",\"url\":\"https:\/\/www.estrategiaconcursos.com.br\/blog\/\",\"name\":\"Estrat\u00e9gia Concursos\",\"description\":\"O blog da Estrat\u00e9gia Concursos traz not\u00edcias sobre concursos e artigos de professores oferecendo cursos para concursos (pdf + videaulas) no site.\",\"publisher\":{\"@id\":\"https:\/\/www.estrategiaconcursos.com.br\/blog\/#organization\"},\"potentialAction\":[{\"@type\":\"SearchAction\",\"target\":{\"@type\":\"EntryPoint\",\"urlTemplate\":\"https:\/\/www.estrategiaconcursos.com.br\/blog\/?s={search_term_string}\"},\"query-input\":{\"@type\":\"PropertyValueSpecification\",\"valueRequired\":true,\"valueName\":\"search_term_string\"}}],\"inLanguage\":\"pt-BR\"},{\"@type\":\"Organization\",\"@id\":\"https:\/\/www.estrategiaconcursos.com.br\/blog\/#organization\",\"name\":\"Estrat\u00e9gia Concursos\",\"url\":\"https:\/\/www.estrategiaconcursos.com.br\/blog\/\",\"logo\":{\"@type\":\"ImageObject\",\"inLanguage\":\"pt-BR\",\"@id\":\"https:\/\/www.estrategiaconcursos.com.br\/blog\/#\/schema\/logo\/image\/\",\"url\":\"https:\/\/dhg1h5j42swfq.cloudfront.net\/2025\/06\/03203428\/logo_concursos-1.jpg\",\"contentUrl\":\"https:\/\/dhg1h5j42swfq.cloudfront.net\/2025\/06\/03203428\/logo_concursos-1.jpg\",\"width\":230,\"height\":60,\"caption\":\"Estrat\u00e9gia Concursos\"},\"image\":{\"@id\":\"https:\/\/www.estrategiaconcursos.com.br\/blog\/#\/schema\/logo\/image\/\"},\"sameAs\":[\"https:\/\/x.com\/EstratConcursos\"]},{\"@type\":\"Person\",\"@id\":\"https:\/\/www.estrategiaconcursos.com.br\/blog\/#\/schema\/person\/a630b15e36f45b4c21fed01219843cb5\",\"name\":\"Paulo Bilynskyj\",\"image\":{\"@type\":\"ImageObject\",\"inLanguage\":\"pt-BR\",\"@id\":\"https:\/\/secure.gravatar.com\/avatar\/37e21f70c9042e7456beffdc6d31fe051f3f6dcbf252f69343a791b144852057?s=96&d=mm&r=g\",\"url\":\"https:\/\/secure.gravatar.com\/avatar\/37e21f70c9042e7456beffdc6d31fe051f3f6dcbf252f69343a791b144852057?s=96&d=mm&r=g\",\"contentUrl\":\"https:\/\/secure.gravatar.com\/avatar\/37e21f70c9042e7456beffdc6d31fe051f3f6dcbf252f69343a791b144852057?s=96&d=mm&r=g\",\"caption\":\"Paulo Bilynskyj\"},\"url\":\"https:\/\/www.estrategiaconcursos.com.br\/blog\/author\/pbilynskyjgmail-com\/\"}]}<\/script>\n<!-- \/ Yoast SEO Premium plugin. -->","yoast_head_json":{"title":"Black Friday Delegado PC-PA: tire d\u00favidas sobre a sele\u00e7\u00e3o!","description":"Acompanhe nesta ter\u00e7a-feira (17), \u00e0s 19:00, a Black Friday Delegado PC-PA. Tire d\u00favidas e gahe dicas sobre a sele\u00e7\u00e3o que oferta 265 vagas pra Delegado.","robots":{"index":"index","follow":"follow","max-snippet":"max-snippet:-1","max-image-preview":"max-image-preview:large","max-video-preview":"max-video-preview:-1"},"canonical":"https:\/\/www.estrategiaconcursos.com.br\/blog\/black-friday-delegado-pc-pa\/","og_locale":"pt_BR","og_type":"article","og_title":"Black Friday Delegado PC-PA: tire d\u00favidas sobre a sele\u00e7\u00e3o!","og_description":"Acompanhe nesta ter\u00e7a-feira (17), \u00e0s 19:00, a Black Friday Delegado PC-PA. Tire d\u00favidas e gahe dicas sobre a sele\u00e7\u00e3o que oferta 265 vagas pra Delegado.","og_url":"https:\/\/www.estrategiaconcursos.com.br\/blog\/black-friday-delegado-pc-pa\/","og_site_name":"Estrat\u00e9gia Concursos","article_published_time":"2020-11-17T19:00:12+00:00","article_modified_time":"2023-06-12T18:45:46+00:00","og_image":[{"width":1200,"height":628,"url":"https:\/\/dhg1h5j42swfq.cloudfront.net\/2020\/07\/10084740\/DELEGADO-PA.png","type":"image\/png"}],"author":"Paulo Bilynskyj","twitter_card":"summary_large_image","twitter_creator":"@EstratConcursos","twitter_site":"@EstratConcursos","twitter_misc":{"Escrito por":"Paulo Bilynskyj","Est. tempo de leitura":"2 minutos"},"schema":{"@context":"https:\/\/schema.org","@graph":[{"@type":"NewsArticle","@id":"https:\/\/www.estrategiaconcursos.com.br\/blog\/black-friday-delegado-pc-pa\/#article","isPartOf":{"@id":"https:\/\/www.estrategiaconcursos.com.br\/blog\/black-friday-delegado-pc-pa\/"},"author":{"name":"Paulo Bilynskyj","@id":"https:\/\/www.estrategiaconcursos.com.br\/blog\/#\/schema\/person\/a630b15e36f45b4c21fed01219843cb5"},"headline":"Black Friday Delegado PC-PA: tire d\u00favidas sobre a sele\u00e7\u00e3o!","datePublished":"2020-11-17T19:00:12+00:00","dateModified":"2023-06-12T18:45:46+00:00","mainEntityOfPage":{"@id":"https:\/\/www.estrategiaconcursos.com.br\/blog\/black-friday-delegado-pc-pa\/"},"wordCount":356,"commentCount":0,"publisher":{"@id":"https:\/\/www.estrategiaconcursos.com.br\/blog\/#organization"},"image":{"@id":"https:\/\/www.estrategiaconcursos.com.br\/blog\/black-friday-delegado-pc-pa\/#primaryimage"},"thumbnailUrl":"https:\/\/dhg1h5j42swfq.cloudfront.net\/2020\/07\/10084740\/DELEGADO-PA.png","articleSection":["Concursos P\u00fablicos","Jur\u00eddico"],"inLanguage":"pt-BR","potentialAction":[{"@type":"CommentAction","name":"Comment","target":["https:\/\/www.estrategiaconcursos.com.br\/blog\/black-friday-delegado-pc-pa\/#respond"]}],"copyrightYear":"2020","copyrightHolder":{"@id":"https:\/\/www.estrategiaconcursos.com.br\/blog\/#organization"}},{"@type":"WebPage","@id":"https:\/\/www.estrategiaconcursos.com.br\/blog\/black-friday-delegado-pc-pa\/","url":"https:\/\/www.estrategiaconcursos.com.br\/blog\/black-friday-delegado-pc-pa\/","name":"Black Friday Delegado PC-PA: tire d\u00favidas sobre a sele\u00e7\u00e3o!","isPartOf":{"@id":"https:\/\/www.estrategiaconcursos.com.br\/blog\/#website"},"primaryImageOfPage":{"@id":"https:\/\/www.estrategiaconcursos.com.br\/blog\/black-friday-delegado-pc-pa\/#primaryimage"},"image":{"@id":"https:\/\/www.estrategiaconcursos.com.br\/blog\/black-friday-delegado-pc-pa\/#primaryimage"},"thumbnailUrl":"https:\/\/dhg1h5j42swfq.cloudfront.net\/2020\/07\/10084740\/DELEGADO-PA.png","datePublished":"2020-11-17T19:00:12+00:00","dateModified":"2023-06-12T18:45:46+00:00","description":"Acompanhe nesta ter\u00e7a-feira (17), \u00e0s 19:00, a Black Friday Delegado PC-PA. Tire d\u00favidas e gahe dicas sobre a sele\u00e7\u00e3o que oferta 265 vagas pra Delegado.","breadcrumb":{"@id":"https:\/\/www.estrategiaconcursos.com.br\/blog\/black-friday-delegado-pc-pa\/#breadcrumb"},"inLanguage":"pt-BR","potentialAction":[{"@type":"ReadAction","target":["https:\/\/www.estrategiaconcursos.com.br\/blog\/black-friday-delegado-pc-pa\/"]}]},{"@type":"ImageObject","inLanguage":"pt-BR","@id":"https:\/\/www.estrategiaconcursos.com.br\/blog\/black-friday-delegado-pc-pa\/#primaryimage","url":"https:\/\/dhg1h5j42swfq.cloudfront.net\/2020\/07\/10084740\/DELEGADO-PA.png","contentUrl":"https:\/\/dhg1h5j42swfq.cloudfront.net\/2020\/07\/10084740\/DELEGADO-PA.png","width":1200,"height":628,"caption":"concurso delegado pa"},{"@type":"BreadcrumbList","@id":"https:\/\/www.estrategiaconcursos.com.br\/blog\/black-friday-delegado-pc-pa\/#breadcrumb","itemListElement":[{"@type":"ListItem","position":1,"name":"In\u00edcio","item":"https:\/\/www.estrategiaconcursos.com.br\/blog\/"},{"@type":"ListItem","position":2,"name":"Black Friday Delegado PC-PA: tire d\u00favidas sobre a sele\u00e7\u00e3o!"}]},{"@type":"WebSite","@id":"https:\/\/www.estrategiaconcursos.com.br\/blog\/#website","url":"https:\/\/www.estrategiaconcursos.com.br\/blog\/","name":"Estrat\u00e9gia Concursos","description":"O blog da Estrat\u00e9gia Concursos traz not\u00edcias sobre concursos e artigos de professores oferecendo cursos para concursos (pdf + videaulas) no site.","publisher":{"@id":"https:\/\/www.estrategiaconcursos.com.br\/blog\/#organization"},"potentialAction":[{"@type":"SearchAction","target":{"@type":"EntryPoint","urlTemplate":"https:\/\/www.estrategiaconcursos.com.br\/blog\/?s={search_term_string}"},"query-input":{"@type":"PropertyValueSpecification","valueRequired":true,"valueName":"search_term_string"}}],"inLanguage":"pt-BR"},{"@type":"Organization","@id":"https:\/\/www.estrategiaconcursos.com.br\/blog\/#organization","name":"Estrat\u00e9gia Concursos","url":"https:\/\/www.estrategiaconcursos.com.br\/blog\/","logo":{"@type":"ImageObject","inLanguage":"pt-BR","@id":"https:\/\/www.estrategiaconcursos.com.br\/blog\/#\/schema\/logo\/image\/","url":"https:\/\/dhg1h5j42swfq.cloudfront.net\/2025\/06\/03203428\/logo_concursos-1.jpg","contentUrl":"https:\/\/dhg1h5j42swfq.cloudfront.net\/2025\/06\/03203428\/logo_concursos-1.jpg","width":230,"height":60,"caption":"Estrat\u00e9gia Concursos"},"image":{"@id":"https:\/\/www.estrategiaconcursos.com.br\/blog\/#\/schema\/logo\/image\/"},"sameAs":["https:\/\/x.com\/EstratConcursos"]},{"@type":"Person","@id":"https:\/\/www.estrategiaconcursos.com.br\/blog\/#\/schema\/person\/a630b15e36f45b4c21fed01219843cb5","name":"Paulo Bilynskyj","image":{"@type":"ImageObject","inLanguage":"pt-BR","@id":"https:\/\/secure.gravatar.com\/avatar\/37e21f70c9042e7456beffdc6d31fe051f3f6dcbf252f69343a791b144852057?s=96&d=mm&r=g","url":"https:\/\/secure.gravatar.com\/avatar\/37e21f70c9042e7456beffdc6d31fe051f3f6dcbf252f69343a791b144852057?s=96&d=mm&r=g","contentUrl":"https:\/\/secure.gravatar.com\/avatar\/37e21f70c9042e7456beffdc6d31fe051f3f6dcbf252f69343a791b144852057?s=96&d=mm&r=g","caption":"Paulo Bilynskyj"},"url":"https:\/\/www.estrategiaconcursos.com.br\/blog\/author\/pbilynskyjgmail-com\/"}]}},"_links":{"self":[{"href":"https:\/\/www.estrategiaconcursos.com.br\/blog\/wp-json\/wp\/v2\/posts\/611630","targetHints":{"allow":["GET"]}}],"collection":[{"href":"https:\/\/www.estrategiaconcursos.com.br\/blog\/wp-json\/wp\/v2\/posts"}],"about":[{"href":"https:\/\/www.estrategiaconcursos.com.br\/blog\/wp-json\/wp\/v2\/types\/post"}],"author":[{"embeddable":true,"href":"https:\/\/www.estrategiaconcursos.com.br\/blog\/wp-json\/wp\/v2\/users\/552"}],"replies":[{"embeddable":true,"href":"https:\/\/www.estrategiaconcursos.com.br\/blog\/wp-json\/wp\/v2\/comments?post=611630"}],"version-history":[{"count":10,"href":"https:\/\/www.estrategiaconcursos.com.br\/blog\/wp-json\/wp\/v2\/posts\/611630\/revisions"}],"predecessor-version":[{"id":1230852,"href":"https:\/\/www.estrategiaconcursos.com.br\/blog\/wp-json\/wp\/v2\/posts\/611630\/revisions\/1230852"}],"wp:featuredmedia":[{"embeddable":true,"href":"https:\/\/www.estrategiaconcursos.com.br\/blog\/wp-json\/wp\/v2\/media\/540202"}],"wp:attachment":[{"href":"https:\/\/www.estrategiaconcursos.com.br\/blog\/wp-json\/wp\/v2\/media?parent=611630"}],"wp:term":[{"taxonomy":"category","embeddable":true,"href":"https:\/\/www.estrategiaconcursos.com.br\/blog\/wp-json\/wp\/v2\/categories?post=611630"},{"taxonomy":"post_tag","embeddable":true,"href":"https:\/\/www.estrategiaconcursos.com.br\/blog\/wp-json\/wp\/v2\/tags?post=611630"},{"taxonomy":"tax_estado","embeddable":true,"href":"https:\/\/www.estrategiaconcursos.com.br\/blog\/wp-json\/wp\/v2\/tax_estado?post=611630"}],"curies":[{"name":"wp","href":"https:\/\/api.w.org\/{rel}","templated":true}]}}