{"id":611472,"date":"2020-11-16T08:00:53","date_gmt":"2020-11-16T11:00:53","guid":{"rendered":"https:\/\/www.estrategiaconcursos.com.br\/blog\/?p=611472"},"modified":"2023-07-07T13:19:17","modified_gmt":"2023-07-07T16:19:17","slug":"semana-estrategica-pm-pa-a-aliada-da-sua-aprovacao","status":"publish","type":"post","link":"https:\/\/www.estrategiaconcursos.com.br\/blog\/semana-estrategica-pm-pa-a-aliada-da-sua-aprovacao\/","title":{"rendered":"Semana Estrat\u00e9gica PM PA: a aliada da sua aprova\u00e7\u00e3o!"},"content":{"rendered":"\n<p>O edital do <strong>Concurso PM PA <\/strong>foi PUBLICADO! O documento traz a oferta de 2.045 vagas, sendo 2.310 para <strong>Soldado <\/strong>e 95 para <strong>Oficial<\/strong>. A organiza\u00e7\u00e3o \u00e9 do<strong> IADES (Instituto Americano de Desenvolvimento)<\/strong>.  <\/p>\n\n\n\n<p>As inscri\u00e7\u00f5es estar\u00e3o abertas a partir de<strong> 30 de novembro de 2020 <\/strong>e seguir\u00e3o at\u00e9 <strong>10 de janeiro de 2021<\/strong>, nos valores de R$ 88,00 para Oficial e para Soldado R$ 76,00.<\/p>\n\n\n\n<p>E para voc\u00ea que n\u00e3o quer perder tempo para iniciar seus estudos, o Estrat\u00e9gia Concursos preparou o evento &#8216;Semana Estrat\u00e9gica PM PA&#8217;, com <strong>ONZE aulas te\u00f3ricas<\/strong> imperd\u00edveis com o conte\u00fado cobrado nas provas. <\/p>\n\n\n\n<p>O evento ter\u00e1 in\u00edcio nesta <strong>segunda-feira (16), a partir das 8h30h<\/strong>. N\u00e3o perca! <\/p>\n\n\n\n<p class=\"has-text-align-center\"><strong>Assista abaixo ou em nosso canal no YouTube:<\/strong><\/p>\n\n\n<figure class=\"wp-block-embed-youtube wp-block-embed is-type-video is-provider-youtube wp-embed-aspect-16-9 wp-has-aspect-ratio\"><div class=\"lyte-wrapper\" style=\"width:853px;max-width:100%;margin:5px;\"><div class=\"lyMe\" id=\"WYL_zRtSdLktgwE\"><div id=\"lyte_zRtSdLktgwE\" data-src=\"\/\/i.ytimg.com\/vi\/zRtSdLktgwE\/hqdefault.jpg\" class=\"pL\"><div class=\"tC\"><div class=\"tT\"><\/div><\/div><div class=\"play\"><\/div><div class=\"ctrl\"><div class=\"Lctrl\"><\/div><div class=\"Rctrl\"><\/div><\/div><\/div><noscript><a href=\"https:\/\/youtu.be\/zRtSdLktgwE\" rel=\"nofollow\"><img loading=\"lazy\" decoding=\"async\" src=\"https:\/\/i.ytimg.com\/vi\/zRtSdLktgwE\/0.jpg\" alt=\"YouTube video thumbnail\" width=\"853\" height=\"460\" \/><br \/>Assista a este v\u00eddeo no YouTube<\/a><\/noscript><\/div><\/div><div class=\"lL\" style=\"max-width:100%;width:853px;margin:5px;\"><\/div><figcaption><\/figcaption><\/figure>\n\n\n<h3 class=\"wp-block-heading\"> Confira abaixo a programa\u00e7\u00e3o:<\/h3>\n\n\n\n<figure class=\"wp-block-table is-style-stripes\"><table><tbody><tr><td><strong>Data<\/strong><\/td><td><strong>Hor\u00e1rio<\/strong><\/td><td><strong>Disciplina<\/strong><\/td><td><strong>Professor<\/strong><\/td><\/tr><tr><td><strong>16\/11<\/strong><\/td><td>08:30 \u2013 12:00<\/td><td>Direito Constitucional&nbsp;<\/td><td>Adriane Fauth<\/td><\/tr><tr><td><strong>16\/11<\/strong><\/td><td>14:00 \u2013 17:30<\/td><td>Racioc\u00ednio L\u00f3gico<\/td><td>Brunno Lima<\/td><\/tr><tr><td><strong>17\/11<\/strong><\/td><td>08:30 \u2013 12:00<\/td><td>Portugu\u00eas&nbsp;<\/td><td>Jana\u00edna Arruda<\/td><\/tr><tr><td><strong>17\/11<\/strong><\/td><td>14:00 \u2013 17:30<\/td><td>Direitos Humanos<\/td><td>Lilian Novakoski<\/td><\/tr><tr><td><strong>18\/11<\/strong><\/td><td>08:30 \u2013 12:00<\/td><td>Atualidades<\/td><td>Leandro Signori<\/td><\/tr><tr><td><strong>18\/11<\/strong><\/td><td>14:00 \u2013 17:30<\/td><td>Legisla\u00e7\u00e3o Penal Especial<\/td><td>Ant\u00f4nio Pequeno<\/td><\/tr><tr><td><strong>19\/11<\/strong><\/td><td>08:30 \u2013 12:00<\/td><td>Direito Penal<\/td><td>Renan Ara\u00fajo<\/td><\/tr><tr><td><strong>20\/11<\/strong><\/td><td>08:30 \u2013 12:00<\/td><td>Direito Penal e Processual Penal Militar<\/td><td>Paulo Guimar\u00e3es&nbsp;<\/td><\/tr><tr><td><strong>20\/11<\/strong><\/td><td>14:00 \u2013 17:30<\/td><td>Legisla\u00e7\u00e3o Institucional<\/td><td>Marcos Gir\u00e3o&nbsp;<\/td><\/tr><tr><td><strong>21\/11<\/strong><\/td><td>08:30 \u2013 12:00<\/td><td>Direito Administrativo<\/td><td>Th\u00e1llius Moraes<\/td><\/tr><tr><td><strong>21\/11<\/strong><\/td><td>14:00 \u2013 17:30<\/td><td>Direito Processual Penal<\/td><td>Priscila Silveira<\/td><\/tr><\/tbody><\/table><\/figure>\n\n\n\n<h2 class=\"wp-block-heading has-text-align-center\" id=\"cursos-assinatura\"><strong><em>Quer estudar para Concurso PM PA?<\/em><\/strong><\/h2>\n\n\n\n<p class=\"has-text-align-center\"><em>Gostou desta oportunidade e deseja come\u00e7ar se preparar agora mesmo? Ent\u00e3o, confira os nossos cursos e comece a estudar para PM PA:<\/em><\/p>\n\n\n\n<div class=\"container\" id=\"boxes\">\n  <div class=\"row\">\n\n    <div class=\"col-sm\">\n      <div class=\"banner-policial\" id=\"box-assinatura\">\n        <h3 class=\"titulo-assinatura\">Curso PMPA<\/h3>\n        <p class=\"subtitulo-assinatura\">Conhe\u00e7a os cursos<\/p>\n        <div class=\"box-botao\">\n          <a class=\"btn-assinatura\" target=\"_blank\" href=\"https:\/\/www.estrategiaconcursos.com.br\/cursosPorConcurso\/policia-militar-pa-pm-pa\/\/\" role=\"button\" rel=\"noopener noreferrer\">Conhe\u00e7a mais<\/a>\n        <\/div>\n      <\/div>\n      <p class=\"texto-auxiliar\">Prepare-se com o melhor material e com quem mais aprova em Concursos P\u00fablicos em todo o pa\u00eds. <\/p>\n    <\/div>\n\n  <\/div>\n<\/div>\n\n\n\n<div class=\"container\" id=\"boxes\">\n  <div class=\"row\">\n\n    <div class=\"col-sm\">\n      <div class=\"estrategia\" id=\"box-assinatura\">\n        <h3 class=\"titulo-assinatura\">Assinatura Ilimitada<\/h3>\n        <p class=\"subtitulo-assinatura\">Assinatura Anual Ilimitada*<\/p>\n        <div class=\"box-botao\">\n          <a class=\"btn-assinatura\" target=\"_blank\" href=\"https:\/\/www.estrategiaconcursos.com.br\/assinaturas\/\" role=\"button\" rel=\"noopener noreferrer\">ASSINE AGORA<\/a>\n        <\/div>\n      <\/div>\n      <p class=\"texto-auxiliar\">Prepare-se com o melhor material e com quem mais aprova em Concursos P\u00fablicos em todo o pa\u00eds. Assine agora a nossa Assinatura Anual e tenha acesso ilimitado* a todos os nossos cursos.<\/p>\n    <\/div>\n\n    <div class=\"col-sm\">\n      <div class=\"questoes\" id=\"box-assinatura\">\n        <h3 class=\"titulo-assinatura\">Sistema de Quest\u00f5es<\/h3>\n        <p class=\"subtitulo-assinatura\">Assinatura Ilimitada*<\/p>\n        <div class=\"box-botao\">\n          <a class=\"btn-assinatura\" target=\"_blank\" href=\"https:\/\/www.estrategiaconcursos.com.br\/cursosPorConcurso\/sistema-de-questoes\/#\/\" role=\"button\" rel=\"noopener noreferrer\">ASSINE AGORA<\/a>\n        <\/div>\n      <\/div>\n      <p class=\"texto-auxiliar\">Estrat\u00e9gia Quest\u00f5es nasceu maior do que todos os concorrentes, com mais quest\u00f5es cadastradas e mais solu\u00e7\u00f5es por professores. Clique no link e aproveite os descontos e b\u00f4nus imperd\u00edveis!<\/p>\n    <\/div>\n  <\/div>\n<\/div>\n","protected":false},"excerpt":{"rendered":"<p>O edital do Concurso PM PA foi PUBLICADO! O documento traz a oferta de 2.045 vagas, sendo 2.310 para Soldado e 95 para Oficial. A organiza\u00e7\u00e3o \u00e9 do IADES (Instituto Americano de Desenvolvimento). As inscri\u00e7\u00f5es estar\u00e3o abertas a partir de 30 de novembro de 2020 e seguir\u00e3o at\u00e9 10 de janeiro de 2021, nos valores [&hellip;]<\/p>\n","protected":false},"author":552,"featured_media":0,"comment_status":"open","ping_status":"closed","sticky":false,"template":"","format":"standard","meta":{"post_tipo":"news","footnotes":""},"categories":[1988],"tags":[],"tax_estado":[219977],"class_list":["post-611472","post","type-post","status-publish","format-standard","hentry","category-policia","tax_estado-pa"],"acf":[],"yoast_head":"<!-- This site is optimized with the Yoast SEO Premium plugin v27.2 (Yoast SEO v27.2) - https:\/\/yoast.com\/product\/yoast-seo-premium-wordpress\/ -->\n<title>Semana Estrat\u00e9gica PM PA: a aliada da sua aprova\u00e7\u00e3o!<\/title>\n<meta name=\"robots\" content=\"index, follow, max-snippet:-1, max-image-preview:large, max-video-preview:-1\" \/>\n<link rel=\"canonical\" href=\"https:\/\/www.estrategiaconcursos.com.br\/blog\/semana-estrategica-pm-pa-a-aliada-da-sua-aprovacao\/\" \/>\n<meta property=\"og:locale\" content=\"pt_BR\" \/>\n<meta property=\"og:type\" content=\"article\" \/>\n<meta property=\"og:title\" content=\"Semana Estrat\u00e9gica PM PA: a aliada da sua aprova\u00e7\u00e3o!\" \/>\n<meta property=\"og:description\" content=\"O edital do Concurso PM PA foi PUBLICADO! O documento traz a oferta de 2.045 vagas, sendo 2.310 para Soldado e 95 para Oficial. A organiza\u00e7\u00e3o \u00e9 do IADES (Instituto Americano de Desenvolvimento). As inscri\u00e7\u00f5es estar\u00e3o abertas a partir de 30 de novembro de 2020 e seguir\u00e3o at\u00e9 10 de janeiro de 2021, nos valores [&hellip;]\" \/>\n<meta property=\"og:url\" content=\"https:\/\/www.estrategiaconcursos.com.br\/blog\/semana-estrategica-pm-pa-a-aliada-da-sua-aprovacao\/\" \/>\n<meta property=\"og:site_name\" content=\"Estrat\u00e9gia Concursos\" \/>\n<meta property=\"article:published_time\" content=\"2020-11-16T11:00:53+00:00\" \/>\n<meta property=\"article:modified_time\" content=\"2023-07-07T16:19:17+00:00\" \/>\n<meta name=\"author\" content=\"Paulo Bilynskyj\" \/>\n<meta name=\"twitter:card\" content=\"summary_large_image\" \/>\n<meta name=\"twitter:creator\" content=\"@EstratConcursos\" \/>\n<meta name=\"twitter:site\" content=\"@EstratConcursos\" \/>\n<meta name=\"twitter:label1\" content=\"Escrito por\" \/>\n\t<meta name=\"twitter:data1\" content=\"Paulo Bilynskyj\" \/>\n\t<meta name=\"twitter:label2\" content=\"Est. tempo de leitura\" \/>\n\t<meta name=\"twitter:data2\" content=\"2 minutos\" \/>\n<script type=\"application\/ld+json\" class=\"yoast-schema-graph\">{\"@context\":\"https:\/\/schema.org\",\"@graph\":[{\"@type\":\"NewsArticle\",\"@id\":\"https:\/\/www.estrategiaconcursos.com.br\/blog\/semana-estrategica-pm-pa-a-aliada-da-sua-aprovacao\/#article\",\"isPartOf\":{\"@id\":\"https:\/\/www.estrategiaconcursos.com.br\/blog\/semana-estrategica-pm-pa-a-aliada-da-sua-aprovacao\/\"},\"author\":{\"name\":\"Paulo Bilynskyj\",\"@id\":\"https:\/\/www.estrategiaconcursos.com.br\/blog\/#\/schema\/person\/a630b15e36f45b4c21fed01219843cb5\"},\"headline\":\"Semana Estrat\u00e9gica PM PA: a aliada da sua aprova\u00e7\u00e3o!\",\"datePublished\":\"2020-11-16T11:00:53+00:00\",\"dateModified\":\"2023-07-07T16:19:17+00:00\",\"mainEntityOfPage\":{\"@id\":\"https:\/\/www.estrategiaconcursos.com.br\/blog\/semana-estrategica-pm-pa-a-aliada-da-sua-aprovacao\/\"},\"wordCount\":357,\"commentCount\":0,\"publisher\":{\"@id\":\"https:\/\/www.estrategiaconcursos.com.br\/blog\/#organization\"},\"articleSection\":[\"Policial (Agente, Escriv\u00e3o e Investigador)\"],\"inLanguage\":\"pt-BR\",\"potentialAction\":[{\"@type\":\"CommentAction\",\"name\":\"Comment\",\"target\":[\"https:\/\/www.estrategiaconcursos.com.br\/blog\/semana-estrategica-pm-pa-a-aliada-da-sua-aprovacao\/#respond\"]}],\"copyrightYear\":\"2020\",\"copyrightHolder\":{\"@id\":\"https:\/\/www.estrategiaconcursos.com.br\/blog\/#organization\"}},{\"@type\":\"WebPage\",\"@id\":\"https:\/\/www.estrategiaconcursos.com.br\/blog\/semana-estrategica-pm-pa-a-aliada-da-sua-aprovacao\/\",\"url\":\"https:\/\/www.estrategiaconcursos.com.br\/blog\/semana-estrategica-pm-pa-a-aliada-da-sua-aprovacao\/\",\"name\":\"Semana Estrat\u00e9gica PM PA: a aliada da sua aprova\u00e7\u00e3o!\",\"isPartOf\":{\"@id\":\"https:\/\/www.estrategiaconcursos.com.br\/blog\/#website\"},\"datePublished\":\"2020-11-16T11:00:53+00:00\",\"dateModified\":\"2023-07-07T16:19:17+00:00\",\"breadcrumb\":{\"@id\":\"https:\/\/www.estrategiaconcursos.com.br\/blog\/semana-estrategica-pm-pa-a-aliada-da-sua-aprovacao\/#breadcrumb\"},\"inLanguage\":\"pt-BR\",\"potentialAction\":[{\"@type\":\"ReadAction\",\"target\":[\"https:\/\/www.estrategiaconcursos.com.br\/blog\/semana-estrategica-pm-pa-a-aliada-da-sua-aprovacao\/\"]}]},{\"@type\":\"BreadcrumbList\",\"@id\":\"https:\/\/www.estrategiaconcursos.com.br\/blog\/semana-estrategica-pm-pa-a-aliada-da-sua-aprovacao\/#breadcrumb\",\"itemListElement\":[{\"@type\":\"ListItem\",\"position\":1,\"name\":\"In\u00edcio\",\"item\":\"https:\/\/www.estrategiaconcursos.com.br\/blog\/\"},{\"@type\":\"ListItem\",\"position\":2,\"name\":\"Semana Estrat\u00e9gica PM PA: a aliada da sua aprova\u00e7\u00e3o!\"}]},{\"@type\":\"WebSite\",\"@id\":\"https:\/\/www.estrategiaconcursos.com.br\/blog\/#website\",\"url\":\"https:\/\/www.estrategiaconcursos.com.br\/blog\/\",\"name\":\"Estrat\u00e9gia Concursos\",\"description\":\"O blog da Estrat\u00e9gia Concursos traz not\u00edcias sobre concursos e artigos de professores oferecendo cursos para concursos (pdf + videaulas) no site.\",\"publisher\":{\"@id\":\"https:\/\/www.estrategiaconcursos.com.br\/blog\/#organization\"},\"potentialAction\":[{\"@type\":\"SearchAction\",\"target\":{\"@type\":\"EntryPoint\",\"urlTemplate\":\"https:\/\/www.estrategiaconcursos.com.br\/blog\/?s={search_term_string}\"},\"query-input\":{\"@type\":\"PropertyValueSpecification\",\"valueRequired\":true,\"valueName\":\"search_term_string\"}}],\"inLanguage\":\"pt-BR\"},{\"@type\":\"Organization\",\"@id\":\"https:\/\/www.estrategiaconcursos.com.br\/blog\/#organization\",\"name\":\"Estrat\u00e9gia Concursos\",\"url\":\"https:\/\/www.estrategiaconcursos.com.br\/blog\/\",\"logo\":{\"@type\":\"ImageObject\",\"inLanguage\":\"pt-BR\",\"@id\":\"https:\/\/www.estrategiaconcursos.com.br\/blog\/#\/schema\/logo\/image\/\",\"url\":\"https:\/\/dhg1h5j42swfq.cloudfront.net\/2025\/06\/03203428\/logo_concursos-1.jpg\",\"contentUrl\":\"https:\/\/dhg1h5j42swfq.cloudfront.net\/2025\/06\/03203428\/logo_concursos-1.jpg\",\"width\":230,\"height\":60,\"caption\":\"Estrat\u00e9gia Concursos\"},\"image\":{\"@id\":\"https:\/\/www.estrategiaconcursos.com.br\/blog\/#\/schema\/logo\/image\/\"},\"sameAs\":[\"https:\/\/x.com\/EstratConcursos\"]},{\"@type\":\"Person\",\"@id\":\"https:\/\/www.estrategiaconcursos.com.br\/blog\/#\/schema\/person\/a630b15e36f45b4c21fed01219843cb5\",\"name\":\"Paulo Bilynskyj\",\"image\":{\"@type\":\"ImageObject\",\"inLanguage\":\"pt-BR\",\"@id\":\"https:\/\/secure.gravatar.com\/avatar\/37e21f70c9042e7456beffdc6d31fe051f3f6dcbf252f69343a791b144852057?s=96&d=mm&r=g\",\"url\":\"https:\/\/secure.gravatar.com\/avatar\/37e21f70c9042e7456beffdc6d31fe051f3f6dcbf252f69343a791b144852057?s=96&d=mm&r=g\",\"contentUrl\":\"https:\/\/secure.gravatar.com\/avatar\/37e21f70c9042e7456beffdc6d31fe051f3f6dcbf252f69343a791b144852057?s=96&d=mm&r=g\",\"caption\":\"Paulo Bilynskyj\"},\"url\":\"https:\/\/www.estrategiaconcursos.com.br\/blog\/author\/pbilynskyjgmail-com\/\"}]}<\/script>\n<!-- \/ Yoast SEO Premium plugin. -->","yoast_head_json":{"title":"Semana Estrat\u00e9gica PM PA: a aliada da sua aprova\u00e7\u00e3o!","robots":{"index":"index","follow":"follow","max-snippet":"max-snippet:-1","max-image-preview":"max-image-preview:large","max-video-preview":"max-video-preview:-1"},"canonical":"https:\/\/www.estrategiaconcursos.com.br\/blog\/semana-estrategica-pm-pa-a-aliada-da-sua-aprovacao\/","og_locale":"pt_BR","og_type":"article","og_title":"Semana Estrat\u00e9gica PM PA: a aliada da sua aprova\u00e7\u00e3o!","og_description":"O edital do Concurso PM PA foi PUBLICADO! O documento traz a oferta de 2.045 vagas, sendo 2.310 para Soldado e 95 para Oficial. A organiza\u00e7\u00e3o \u00e9 do IADES (Instituto Americano de Desenvolvimento). As inscri\u00e7\u00f5es estar\u00e3o abertas a partir de 30 de novembro de 2020 e seguir\u00e3o at\u00e9 10 de janeiro de 2021, nos valores [&hellip;]","og_url":"https:\/\/www.estrategiaconcursos.com.br\/blog\/semana-estrategica-pm-pa-a-aliada-da-sua-aprovacao\/","og_site_name":"Estrat\u00e9gia Concursos","article_published_time":"2020-11-16T11:00:53+00:00","article_modified_time":"2023-07-07T16:19:17+00:00","author":"Paulo Bilynskyj","twitter_card":"summary_large_image","twitter_creator":"@EstratConcursos","twitter_site":"@EstratConcursos","twitter_misc":{"Escrito por":"Paulo Bilynskyj","Est. tempo de leitura":"2 minutos"},"schema":{"@context":"https:\/\/schema.org","@graph":[{"@type":"NewsArticle","@id":"https:\/\/www.estrategiaconcursos.com.br\/blog\/semana-estrategica-pm-pa-a-aliada-da-sua-aprovacao\/#article","isPartOf":{"@id":"https:\/\/www.estrategiaconcursos.com.br\/blog\/semana-estrategica-pm-pa-a-aliada-da-sua-aprovacao\/"},"author":{"name":"Paulo Bilynskyj","@id":"https:\/\/www.estrategiaconcursos.com.br\/blog\/#\/schema\/person\/a630b15e36f45b4c21fed01219843cb5"},"headline":"Semana Estrat\u00e9gica PM PA: a aliada da sua aprova\u00e7\u00e3o!","datePublished":"2020-11-16T11:00:53+00:00","dateModified":"2023-07-07T16:19:17+00:00","mainEntityOfPage":{"@id":"https:\/\/www.estrategiaconcursos.com.br\/blog\/semana-estrategica-pm-pa-a-aliada-da-sua-aprovacao\/"},"wordCount":357,"commentCount":0,"publisher":{"@id":"https:\/\/www.estrategiaconcursos.com.br\/blog\/#organization"},"articleSection":["Policial (Agente, Escriv\u00e3o e Investigador)"],"inLanguage":"pt-BR","potentialAction":[{"@type":"CommentAction","name":"Comment","target":["https:\/\/www.estrategiaconcursos.com.br\/blog\/semana-estrategica-pm-pa-a-aliada-da-sua-aprovacao\/#respond"]}],"copyrightYear":"2020","copyrightHolder":{"@id":"https:\/\/www.estrategiaconcursos.com.br\/blog\/#organization"}},{"@type":"WebPage","@id":"https:\/\/www.estrategiaconcursos.com.br\/blog\/semana-estrategica-pm-pa-a-aliada-da-sua-aprovacao\/","url":"https:\/\/www.estrategiaconcursos.com.br\/blog\/semana-estrategica-pm-pa-a-aliada-da-sua-aprovacao\/","name":"Semana Estrat\u00e9gica PM PA: a aliada da sua aprova\u00e7\u00e3o!","isPartOf":{"@id":"https:\/\/www.estrategiaconcursos.com.br\/blog\/#website"},"datePublished":"2020-11-16T11:00:53+00:00","dateModified":"2023-07-07T16:19:17+00:00","breadcrumb":{"@id":"https:\/\/www.estrategiaconcursos.com.br\/blog\/semana-estrategica-pm-pa-a-aliada-da-sua-aprovacao\/#breadcrumb"},"inLanguage":"pt-BR","potentialAction":[{"@type":"ReadAction","target":["https:\/\/www.estrategiaconcursos.com.br\/blog\/semana-estrategica-pm-pa-a-aliada-da-sua-aprovacao\/"]}]},{"@type":"BreadcrumbList","@id":"https:\/\/www.estrategiaconcursos.com.br\/blog\/semana-estrategica-pm-pa-a-aliada-da-sua-aprovacao\/#breadcrumb","itemListElement":[{"@type":"ListItem","position":1,"name":"In\u00edcio","item":"https:\/\/www.estrategiaconcursos.com.br\/blog\/"},{"@type":"ListItem","position":2,"name":"Semana Estrat\u00e9gica PM PA: a aliada da sua aprova\u00e7\u00e3o!"}]},{"@type":"WebSite","@id":"https:\/\/www.estrategiaconcursos.com.br\/blog\/#website","url":"https:\/\/www.estrategiaconcursos.com.br\/blog\/","name":"Estrat\u00e9gia Concursos","description":"O blog da Estrat\u00e9gia Concursos traz not\u00edcias sobre concursos e artigos de professores oferecendo cursos para concursos (pdf + videaulas) no site.","publisher":{"@id":"https:\/\/www.estrategiaconcursos.com.br\/blog\/#organization"},"potentialAction":[{"@type":"SearchAction","target":{"@type":"EntryPoint","urlTemplate":"https:\/\/www.estrategiaconcursos.com.br\/blog\/?s={search_term_string}"},"query-input":{"@type":"PropertyValueSpecification","valueRequired":true,"valueName":"search_term_string"}}],"inLanguage":"pt-BR"},{"@type":"Organization","@id":"https:\/\/www.estrategiaconcursos.com.br\/blog\/#organization","name":"Estrat\u00e9gia Concursos","url":"https:\/\/www.estrategiaconcursos.com.br\/blog\/","logo":{"@type":"ImageObject","inLanguage":"pt-BR","@id":"https:\/\/www.estrategiaconcursos.com.br\/blog\/#\/schema\/logo\/image\/","url":"https:\/\/dhg1h5j42swfq.cloudfront.net\/2025\/06\/03203428\/logo_concursos-1.jpg","contentUrl":"https:\/\/dhg1h5j42swfq.cloudfront.net\/2025\/06\/03203428\/logo_concursos-1.jpg","width":230,"height":60,"caption":"Estrat\u00e9gia Concursos"},"image":{"@id":"https:\/\/www.estrategiaconcursos.com.br\/blog\/#\/schema\/logo\/image\/"},"sameAs":["https:\/\/x.com\/EstratConcursos"]},{"@type":"Person","@id":"https:\/\/www.estrategiaconcursos.com.br\/blog\/#\/schema\/person\/a630b15e36f45b4c21fed01219843cb5","name":"Paulo Bilynskyj","image":{"@type":"ImageObject","inLanguage":"pt-BR","@id":"https:\/\/secure.gravatar.com\/avatar\/37e21f70c9042e7456beffdc6d31fe051f3f6dcbf252f69343a791b144852057?s=96&d=mm&r=g","url":"https:\/\/secure.gravatar.com\/avatar\/37e21f70c9042e7456beffdc6d31fe051f3f6dcbf252f69343a791b144852057?s=96&d=mm&r=g","contentUrl":"https:\/\/secure.gravatar.com\/avatar\/37e21f70c9042e7456beffdc6d31fe051f3f6dcbf252f69343a791b144852057?s=96&d=mm&r=g","caption":"Paulo Bilynskyj"},"url":"https:\/\/www.estrategiaconcursos.com.br\/blog\/author\/pbilynskyjgmail-com\/"}]}},"_links":{"self":[{"href":"https:\/\/www.estrategiaconcursos.com.br\/blog\/wp-json\/wp\/v2\/posts\/611472","targetHints":{"allow":["GET"]}}],"collection":[{"href":"https:\/\/www.estrategiaconcursos.com.br\/blog\/wp-json\/wp\/v2\/posts"}],"about":[{"href":"https:\/\/www.estrategiaconcursos.com.br\/blog\/wp-json\/wp\/v2\/types\/post"}],"author":[{"embeddable":true,"href":"https:\/\/www.estrategiaconcursos.com.br\/blog\/wp-json\/wp\/v2\/users\/552"}],"replies":[{"embeddable":true,"href":"https:\/\/www.estrategiaconcursos.com.br\/blog\/wp-json\/wp\/v2\/comments?post=611472"}],"version-history":[{"count":4,"href":"https:\/\/www.estrategiaconcursos.com.br\/blog\/wp-json\/wp\/v2\/posts\/611472\/revisions"}],"predecessor-version":[{"id":1245024,"href":"https:\/\/www.estrategiaconcursos.com.br\/blog\/wp-json\/wp\/v2\/posts\/611472\/revisions\/1245024"}],"wp:attachment":[{"href":"https:\/\/www.estrategiaconcursos.com.br\/blog\/wp-json\/wp\/v2\/media?parent=611472"}],"wp:term":[{"taxonomy":"category","embeddable":true,"href":"https:\/\/www.estrategiaconcursos.com.br\/blog\/wp-json\/wp\/v2\/categories?post=611472"},{"taxonomy":"post_tag","embeddable":true,"href":"https:\/\/www.estrategiaconcursos.com.br\/blog\/wp-json\/wp\/v2\/tags?post=611472"},{"taxonomy":"tax_estado","embeddable":true,"href":"https:\/\/www.estrategiaconcursos.com.br\/blog\/wp-json\/wp\/v2\/tax_estado?post=611472"}],"curies":[{"name":"wp","href":"https:\/\/api.w.org\/{rel}","templated":true}]}}