{"id":611220,"date":"2020-11-26T15:16:33","date_gmt":"2020-11-26T18:16:33","guid":{"rendered":"https:\/\/www.estrategiaconcursos.com.br\/blog\/?p=611220"},"modified":"2023-06-29T14:44:44","modified_gmt":"2023-06-29T17:44:44","slug":"o-poder-legislativo-na-constituicao-federal-resumo-parte-2","status":"publish","type":"post","link":"https:\/\/www.estrategiaconcursos.com.br\/blog\/o-poder-legislativo-na-constituicao-federal-resumo-parte-2\/","title":{"rendered":"O Poder Legislativo na Constitui\u00e7\u00e3o Federal \u2013 Resumo &#8211; Parte 2"},"content":{"rendered":"\n<p>Ol\u00e1, pessoal. Tudo certo? Hoje voltaremos a falar sobre o Poder Legislativo Federal, mais precisamente sobre os Deputados e Senados, assim como as Comiss\u00f5es.<\/p>\n\n\n\n<p>Preparado (a)?<\/p>\n\n\n\n<figure class=\"wp-block-image size-large\"><img loading=\"lazy\" decoding=\"async\" width=\"1024\" height=\"372\" src=\"https:\/\/dhg1h5j42swfq.cloudfront.net\/2020\/11\/16163611\/image-218-1024x372.png\" alt=\"O Poder Legislativo na Constitui\u00e7\u00e3o Federal \" class=\"wp-image-611386\" srcset=\"https:\/\/dhg1h5j42swfq.cloudfront.net\/2020\/11\/16163611\/image-218-1024x372.png 1024w, https:\/\/dhg1h5j42swfq.cloudfront.net\/2020\/11\/16163611\/image-218-300x109.png 300w, https:\/\/dhg1h5j42swfq.cloudfront.net\/2020\/11\/16163611\/image-218-768x279.png 768w, https:\/\/dhg1h5j42swfq.cloudfront.net\/2020\/11\/16163611\/image-218-610x222.png 610w, https:\/\/dhg1h5j42swfq.cloudfront.net\/2020\/11\/16163611\/image-218.png 1170w\" sizes=\"auto, (max-width: 1024px) 100vw, 1024px\" \/><figcaption class=\"wp-element-caption\">O Poder Legislativo na Constitui\u00e7\u00e3o Federal<\/figcaption><\/figure>\n\n\n\n<h2 class=\"wp-block-heading\" id=\"h-deputados-e-senadores\">Deputados e Senadores<\/h2>\n\n\n\n<p>Iniciemos o artigo sobre o Poder Legislativo pelos Deputados e Senados.<\/p>\n\n\n\n<p>Veremos algumas disposi\u00e7\u00f5es constitucionais sobre as imunidades e as veda\u00e7\u00f5es dos parlamentares, essas regras foram estipuladas para dar maior independ\u00eancia ao poder legislativa nas suas miss\u00f5es constitucionais. A doutrina costuma denominar este capitulo da Constitui\u00e7\u00e3o como <strong>estatuto dos congressistas<\/strong>.<\/p>\n\n\n\n<h3 class=\"wp-block-heading\" id=\"h-imunidades\">Imunidades<\/h3>\n\n\n\n<p>Primeiro ponto que devemos ter em mente \u00e9 que a imunidade, apesar de eventuais cr\u00edticas,<span style=\"text-decoration: underline\"> n\u00e3o \u00e9 um privil\u00e9gio parlamentar<\/span>, mas sim uma prerrogativa que d\u00e1 maior autonomia e independ\u00eancia, de tal modo que o  poder legislativo possa exercer suas atribui\u00e7\u00f5es sem ceder a press\u00f5es, principalmente dos outros poderes.<\/p>\n\n\n\n<p>Dito isso, podemos dividir a imunidade em duas, a imunidade material e a imunidade formal.<\/p>\n\n\n\n<h4 class=\"wp-block-heading\" id=\"h-imunidade-material\">Imunidade material<\/h4>\n\n\n\n<p>A <strong><span class=\"has-inline-color has-vivid-cyan-blue-color\">imunidade material<\/span><\/strong> visa <strong>proteger <em><span class=\"has-inline-color has-vivid-green-cyan-color\">opini\u00f5es, palavras e votos<\/span> <\/em><\/strong>que o parlamentar venha a proferir no <strong>desempenho de suas fun\u00e7\u00f5es<\/strong>, assim o parlamentar n\u00e3o poder\u00e1 ser punido na esfera <span class=\"has-inline-color has-vivid-purple-color\"><strong>civil<\/strong> <\/span>e <span class=\"has-inline-color has-vivid-purple-color\"><strong>penal<\/strong> <\/span>por suas opini\u00f5es desde a posse.<\/p>\n\n\n\n<p><em>Art. 53. Os Deputados e Senadores s\u00e3o <strong>inviol\u00e1veis<\/strong>, <\/em><strong><span class=\"has-inline-color has-vivid-purple-color\"><em>civil<\/em><\/span><\/strong><em><span class=\"has-inline-color has-vivid-purple-color\"> <\/span>e <\/em><strong><em><span class=\"has-inline-color has-vivid-purple-color\">penalmente<\/span><\/em><\/strong><em>, por quaisquer de suas<span class=\"has-inline-color has-vivid-green-cyan-color\"> <\/span><\/em><strong><span class=\"has-inline-color has-vivid-green-cyan-color\"><em>opini\u00f5es, palavras e voto<\/em><\/span><em><span class=\"has-inline-color has-vivid-green-cyan-color\">s<\/span>.&nbsp;<\/em><\/strong><\/p>\n\n\n\n<p>Alguns pontos devem ser observados:<\/p>\n\n\n\n<ul class=\"wp-block-list\">\n<li>A <strong>imunidade n\u00e3o \u00e9 absoluta<\/strong>, a inviolabilidade de opini\u00f5es, palavras e votos s\u00f3 alcan\u00e7a aqueles em raz\u00e3o do exerc\u00edcio da fun\u00e7\u00e3o parlamentar.<\/li>\n\n\n\n<li>Ela <strong>n\u00e3o est\u00e1 restrita<\/strong> as manifesta\u00e7\u00f5es na <strong>tribuna parlamentar<\/strong>, protegendo eventuais entrevistas e etc.<\/li>\n\n\n\n<li>A imunidade material <strong>perdura no tempo<\/strong>, nesse sentido qualquer manifesta\u00e7\u00e3o parlamentar \u00e9 protegida mesmo depois do per\u00edodo do mandato. Ex.: Um ex-deputado n\u00e3o poder\u00e1 ser processado por uma opini\u00e3o emitida na \u00e9poca do seu mandato.<\/li>\n<\/ul>\n\n\n\n<h4 class=\"wp-block-heading\" id=\"h-imunidade-formal\">Imunidade Formal<\/h4>\n\n\n\n<p>Vimos que a imunidade material visa proteger opini\u00f5es, palavras e votos, j\u00e1 a<span class=\"has-inline-color has-vivid-cyan-blue-color\"> <strong>imunidade formal<\/strong> <\/span>est\u00e1 relacionada a processos e a prote\u00e7\u00e3o contra a pris\u00e3o. Assim, desde a expedi\u00e7\u00e3o do diploma os <strong>parlamentares passam ser julgados pelo STF<\/strong>.<\/p>\n\n\n\n<p><em>Art. 53, \u00a7 1\u00ba Os Deputados e Senadores, <u>desde a expedi\u00e7\u00e3o do diploma<\/u>, ser\u00e3o <\/em><strong><em><span class=\"has-inline-color has-vivid-green-cyan-color\">submetidos a julgamento perante o Supremo Tribunal Federal<\/span><\/em><\/strong><em>.&nbsp;<\/em><\/p>\n\n\n\n<p>Do par\u00e1grafo 2\u00ba ao 5\u00ba do artigo 53 s\u00e3o apresentadas regras relativas \u00e0 pris\u00e3o e ao processo. Vamos esquematiza-las.<\/p>\n\n\n\n<ul class=\"wp-block-list\">\n<li><strong><span class=\"has-inline-color has-vivid-cyan-blue-color\">Crime <\/span><span class=\"has-inline-color has-vivid-red-color\">antes <\/span><span class=\"has-inline-color has-vivid-cyan-blue-color\">da diploma\u00e7\u00e3o:<\/span><\/strong> Ser\u00e1 <strong>julgado no STF<\/strong> (\u00a71\u00ba), por\u00e9m o processo <strong>n\u00e3o pode ser sustado<\/strong>. Se condenado a Casa decidir\u00e1 sobre a perda do mandato (CF, Art. 55, VI).<\/li>\n<\/ul>\n\n\n\n<ul class=\"wp-block-list\">\n<li><strong><span class=\"has-inline-color has-vivid-cyan-blue-color\">Crime <\/span><span class=\"has-inline-color has-vivid-red-color\">depois <\/span><span class=\"has-inline-color has-vivid-cyan-blue-color\">da diploma\u00e7\u00e3o:<\/span><\/strong><\/li>\n<\/ul>\n\n\n\n<p>a) <span class=\"has-inline-color has-vivid-green-cyan-color\"><strong>Crime em flagrante e inafian\u00e7\u00e1vel<\/strong> <\/span>-&gt; <strong>Pode ser preso<\/strong>, mas os autos ser\u00e3o remetidos dentro de <span class=\"has-inline-color has-vivid-red-color\"><strong>24 horas<\/strong> <\/span>\u00e0 Casa respectiva, para que, pelo voto da maioria (absoluta) de seus membros, resolva sobre a pris\u00e3o (\u00a72\u00ba).<\/p>\n\n\n\n<p>b) <span class=\"has-inline-color has-vivid-green-cyan-color\"><strong>Demais<\/strong> <\/span>-&gt; <strong>N\u00e3o pode ser preso<\/strong>, mas corre o processo no STF. A Casa pode sustar o processo por iniciativa do partido pol\u00edtico e pela maioria absoluta at\u00e9 a decis\u00e3o final. Se <strong>tiver<\/strong> iniciativa tem <strong><span class=\"has-inline-color has-vivid-red-color\">45 dias<\/span><\/strong> para decidir:<\/p>\n\n\n\n<p>b.1) <strong><span class=\"has-inline-color has-vivid-purple-color\">Sustou<\/span><\/strong> -&gt; <strong>Suspende a prescri\u00e7\u00e3o<\/strong>, enquanto durar o mandato (\u00a75\u00ba).<\/p>\n\n\n\n<p>b.2) <span class=\"has-inline-color has-vivid-purple-color\"><strong>N\u00e3o sustou<\/strong> <\/span>-&gt; <strong>Processo continua<\/strong>. Se condenado a Casa decide sobre a perda do cargo.<\/p>\n\n\n\n<h4 class=\"wp-block-heading\" id=\"h-outras-prerrogativas\">Outras prerrogativas<\/h4>\n\n\n\n<p>Vejamos outras prerrogativas dos parlamentares.<\/p>\n\n\n\n<ul class=\"wp-block-list\">\n<li><strong><span class=\"has-inline-color has-vivid-cyan-blue-color\">Isen\u00e7\u00e3o do dever de testemunhar<\/span><\/strong><\/li>\n<\/ul>\n\n\n\n<p><em>Art. 53, \u00a7 6\u00ba Os Deputados e Senadores <\/em><strong><em><span class=\"has-inline-color has-vivid-green-cyan-color\">n\u00e3o ser\u00e3o obrigados a testemunhar<\/span><\/em><\/strong><em> sobre <strong>informa\u00e7\u00f5es<\/strong> recebidas ou prestadas <strong>em raz\u00e3o do exerc\u00edcio do mandato<\/strong>, nem sobre as pessoas que lhes confiaram ou deles receberam informa\u00e7\u00f5es.&nbsp;&nbsp;&nbsp;&nbsp;&nbsp;&nbsp;&nbsp;&nbsp;&nbsp;&nbsp;&nbsp;<\/em><\/p>\n\n\n\n<ul class=\"wp-block-list\">\n<li><strong><span class=\"has-inline-color has-vivid-cyan-blue-color\">Necessidade de pr\u00e9via licen\u00e7a para incorpora\u00e7\u00e3o<\/span><\/strong><\/li>\n<\/ul>\n\n\n\n<p><em>Art. 53, \u00a7 7\u00ba A <\/em><strong><span class=\"has-inline-color has-vivid-green-cyan-color\"><em>incorpora\u00e7\u00e3o \u00e0s For\u00e7as Armadas<\/em><\/span><\/strong><em><span class=\"has-inline-color has-vivid-green-cyan-color\"> <\/span>de Deputados e Senadores, <strong>embora militares e <\/strong><\/em><strong><em><span class=\"has-inline-color has-vivid-red-color\">ainda <\/span>que em tempo de guerra<\/em><\/strong><em>, <strong>depender\u00e1 de pr\u00e9via licen\u00e7a da Casa<\/strong> respectiva.&nbsp;&nbsp;&nbsp;&nbsp;&nbsp;&nbsp;&nbsp;&nbsp;&nbsp;&nbsp;&nbsp;<\/em><\/p>\n\n\n\n<ul class=\"wp-block-list\">\n<li><strong><span class=\"has-inline-color has-vivid-cyan-blue-color\">Imunidade parlamentar durante o estado de s\u00edtio.<\/span><\/strong><\/li>\n<\/ul>\n\n\n\n<p><em>Art. 53, \u00a7 8\u00ba <\/em><strong><em><span class=\"has-inline-color has-vivid-green-cyan-color\">As imunidades<\/span><\/em><\/strong><em> de Deputados ou Senadores <\/em><strong><em><span class=\"has-inline-color has-vivid-green-cyan-color\">subsistir\u00e3o durante o estado de s\u00edtio<\/span><\/em><\/strong><em>, <strong>s\u00f3 podendo ser suspensas mediante o voto de dois ter\u00e7os dos membros da Casa respectiva<\/strong>, nos casos de atos praticados fora do recinto do Congresso Nacional, que sejam incompat\u00edveis com a execu\u00e7\u00e3o da medida.<\/em><\/p>\n\n\n\n<p>Perceba que a Constitui\u00e7\u00e3o Federal buscou dar ampla autonomia ao Poder Legislativo. <\/p>\n\n\n\n<h3 class=\"wp-block-heading\" id=\"h-impedimentos\">Impedimentos<\/h3>\n\n\n\n<p>Obviamente que nem tudo s\u00e3o \u201cprivil\u00e9gios\u201d ao se tornar parlamentar, nesse sentido a Constitui\u00e7\u00e3o trouxe a\u00e7\u00f5es que podem fazer com que o parlamentar perda seu cargo.<\/p>\n\n\n\n<p>Falando sobre os impedimentos, eles foram divididos em dois grupos, um impedimento desde a <strong>expedi\u00e7\u00e3o do diploma<\/strong> (ato pelo qual a Justi\u00e7a Eleitoral atesta que o candidato foi efetivamente eleito pelo povo e, por isso, est\u00e1 apto a tomar posse no cargo, <a href=\"https:\/\/www.tse.jus.br\/eleicoes\/processo-eleitoral-brasileiro\/diplomacao-dos-eleitos\/diplomacao-dos-candidatos-eleitos\" data-type=\"URL\" data-id=\"https:\/\/www.tse.jus.br\/eleicoes\/processo-eleitoral-brasileiro\/diplomacao-dos-eleitos\/diplomacao-dos-candidatos-eleitos\">conforme o TSE<\/a>) e outro apenas <strong>com a posse<\/strong>.<\/p>\n\n\n\n<ul class=\"wp-block-list\">\n<li><span><span class=\"has-inline-color has-vivid-cyan-blue-color\"><b>Impedimento desde a expedi\u00e7\u00e3o do diploma<\/b><\/span><b> (Art. 54, I)<\/b><\/span><\/li>\n<\/ul>\n\n\n\n<p>a) <strong><span class=\"has-inline-color has-vivid-green-cyan-color\">firmar ou manter contrato<\/span><\/strong> com <strong>pessoa jur\u00eddica de direito p\u00fablico<\/strong>, autarquia, empresa p\u00fablica, sociedade de economia mista ou empresa concession\u00e1ria de servi\u00e7o p\u00fablico, <span class=\"has-inline-color has-vivid-red-color\"><strong><u>salvo<\/u><\/strong> <\/span>quando o contrato obedecer a cl\u00e1usulas uniformes; <span class=\"has-inline-color has-vivid-purple-color\">-&gt; As cl\u00e1usulas uniformes s\u00e3o contratos \u201ccomuns\u201d, como \u00e1gua, luz, telefone e etc<\/span>.<\/p>\n\n\n\n<p>b) <strong><span class=\"has-inline-color has-vivid-green-cyan-color\">aceitar ou exercer cargo<\/span><\/strong>, fun\u00e7\u00e3o ou emprego <strong><span class=\"has-inline-color has-vivid-red-color\">remunerado<\/span><\/strong>, <span class=\"has-inline-color has-vivid-red-color\"><strong>inclusive<\/strong> <\/span>os de que sejam <strong>demiss\u00edveis &#8220;ad nutum&#8221;<\/strong>, nas entidades constantes da al\u00ednea anterior; <span class=\"has-inline-color has-vivid-purple-color\">-&gt; Demiss\u00edveis \u201cad nutum\u201d s\u00e3o cargos de livre exonera\u00e7\u00e3o ex.: comissionados.<\/span><\/p>\n\n\n\n<ul class=\"wp-block-list\">\n<li><mark style=\"background-color:rgba(0, 0, 0, 0)\" class=\"has-inline-color has-vivid-cyan-blue-color\"><b>Impedimento d<\/b><\/mark><strong><mark style=\"background-color:rgba(0, 0, 0, 0)\" class=\"has-inline-color has-vivid-cyan-blue-color\">esde a posse<\/mark><\/strong><em> <\/em><strong>(Art. 54, II)<\/strong><\/li>\n<\/ul>\n\n\n\n<p>a)<span class=\"has-inline-color has-vivid-green-cyan-color\"> <strong>ser propriet\u00e1rios<\/strong><\/span>, controladores ou <span class=\"has-inline-color has-vivid-green-cyan-color\">diretores <\/span>de <strong>empresa <\/strong>que <strong>goze de favor decorrente de contrato com pessoa jur\u00eddica de direito <span class=\"has-inline-color has-vivid-red-color\">p\u00fablico<\/span><\/strong>, ou nela exercer fun\u00e7\u00e3o remunerada;<\/p>\n\n\n\n<p>b) <strong><span class=\"has-inline-color has-vivid-green-cyan-color\">ocupar cargo<\/span><\/strong> ou fun\u00e7\u00e3o de que sejam <strong>demiss\u00edveis &#8220;ad nutum<\/strong>&#8220;, nas <strong>entidades<\/strong> referidas no <strong>inciso I, &#8220;a&#8221;;<\/strong><\/p>\n\n\n\n<p>c)<span class=\"has-inline-color has-vivid-green-cyan-color\"> <strong>patrocinar causa<\/strong> <\/span>em que seja interessada qualquer das <span class=\"has-inline-color has-vivid-green-cyan-color\"><strong>entidades<\/strong> <\/span>a que se refere o <strong>inciso I, &#8220;a<\/strong>&#8220;;<\/p>\n\n\n\n<p>d) <span class=\"has-inline-color has-vivid-green-cyan-color\"><strong>ser titulares de mais de<\/strong> <strong>um cargo<\/strong><\/span> ou <strong><span class=\"has-inline-color has-vivid-green-cyan-color\">mandato p\u00fablico<\/span> <span class=\"has-inline-color has-vivid-red-color\">eletivo<\/span><\/strong>.<\/p>\n\n\n\n<p><strong><span class=\"has-inline-color has-cyan-bluish-gray-color\">Dica:<\/span> <\/strong>Memorize as hip\u00f3teses de impedimento desde a expedi\u00e7\u00e3o, pois s\u00e3o apenas duas, as demais ocorrer\u00e3o apenas depois da posse.<\/p>\n\n\n\n<h4 class=\"wp-block-heading\" id=\"h-perda-de-mandato\">Perda de mandato<\/h4>\n\n\n\n<p>As hip\u00f3teses de perda do mandato est\u00e3o previstas no art. 55, podemos separ\u00e1-las em dois grupos, uma em que a respectiva Casa ir\u00e1 votar pela perda e a outra que a Casa apenas declarar\u00e1 a perda, vejamos.<\/p>\n\n\n\n<ul class=\"wp-block-list\">\n<li><strong><span class=\"has-inline-color has-vivid-cyan-blue-color\">Perda por decis\u00e3o pol\u00edtica<\/span><\/strong><\/li>\n<\/ul>\n\n\n\n<p><em>I &#8211; que <\/em><strong><span class=\"has-inline-color has-vivid-green-cyan-color\"><em>infringir<\/em><\/span><\/strong><em><span class=\"has-inline-color has-vivid-green-cyan-color\"> <\/span>qualquer das <\/em><strong><span class=\"has-inline-color has-vivid-green-cyan-color\"><em>proibi\u00e7\u00f5es<\/em><\/span><\/strong><em><span class=\"has-inline-color has-vivid-green-cyan-color\"> <\/span>estabelecidas no <\/em><strong><em>artigo anterior <span class=\"has-inline-color has-vivid-purple-color\">[impedimentos]<\/span><\/em><\/strong><em>;<\/em><\/p>\n\n\n\n<p><em>II &#8211; cujo procedimento for declarado <\/em><strong><span class=\"has-inline-color has-vivid-green-cyan-color\"><em>incompat\u00edvel<\/em><\/span><\/strong><em><span class=\"has-inline-color has-vivid-green-cyan-color\"> <\/span>com o <\/em><strong><em><span class=\"has-inline-color has-vivid-green-cyan-color\">decoro parlamentar<\/span><\/em><\/strong><em>;&nbsp;&nbsp;&nbsp;&nbsp;&nbsp;&nbsp;&nbsp; &nbsp;&nbsp;&nbsp;&nbsp;&nbsp;&nbsp;&nbsp;&nbsp;&nbsp;&nbsp;&nbsp;&nbsp;&nbsp;&nbsp;&nbsp;<\/em><\/p>\n\n\n\n<p><em>VI &#8211; que sofrer <\/em><strong><em><span class=\"has-inline-color has-vivid-green-cyan-color\">condena\u00e7\u00e3o <\/span><span class=\"has-inline-color has-vivid-red-color\">criminal<\/span><\/em><\/strong><em> em senten\u00e7a <\/em><strong><em>transitada em julgado<\/em><\/strong><em>.<\/em><\/p>\n\n\n\n<p>A perda do mandato ser\u00e1 decidida pela C\u00e2mara dos Deputados ou pelo Senado Federal, por maioria absoluta, mediante provoca\u00e7\u00e3o da respectiva Mesa ou de partido pol\u00edtico representado no Congresso Nacional, assegurada ampla defesa (Art. 55, \u00a72\u00ba)<\/p>\n\n\n\n<ul class=\"wp-block-list\">\n<li><strong><span class=\"has-inline-color has-vivid-cyan-blue-color\">Perda por declara\u00e7\u00e3o<\/span><\/strong><\/li>\n<\/ul>\n\n\n\n<p><em>III &#8211; que <\/em><strong><em><span class=\"has-inline-color has-vivid-green-cyan-color\">deixar de comparecer<\/span><\/em><\/strong><em>, em cada sess\u00e3o legislativa, \u00e0 <strong>ter\u00e7a parte das sess\u00f5es ordin\u00e1rias<\/strong> da Casa a que pertencer, salvo licen\u00e7a ou miss\u00e3o por esta autorizada;<\/em><\/p>\n\n\n\n<p><em>IV &#8211; que <\/em><strong><span class=\"has-inline-color has-vivid-green-cyan-color\"><em>perder<\/em><\/span><\/strong><em><span class=\"has-inline-color has-vivid-green-cyan-color\"> <\/span>ou tiver <\/em><strong><span class=\"has-inline-color has-vivid-green-cyan-color\"><em>suspensos<\/em><\/span><\/strong><em><span class=\"has-inline-color has-vivid-green-cyan-color\"> <\/span>os <\/em><strong><em><span class=\"has-inline-color has-vivid-green-cyan-color\">direitos pol\u00edticos<\/span><\/em><\/strong><em>;<\/em><\/p>\n\n\n\n<p><em>V &#8211; quando o <\/em><strong><em><span class=\"has-inline-color has-vivid-green-cyan-color\">decretar a Justi\u00e7a Eleitoral<\/span><\/em><\/strong><em>, nos casos previstos nesta Constitui\u00e7\u00e3o;<\/em><\/p>\n\n\n\n<p>A perda ser\u00e1 declarada pela Mesa da Casa respectiva, de of\u00edcio ou mediante provoca\u00e7\u00e3o de qualquer de seus membros, ou de partido pol\u00edtico representado no Congresso Nacional, assegurada ampla defesa (Art. 55, \u00a73\u00ba)<\/p>\n\n\n\n<h4 class=\"wp-block-heading\" id=\"h-casos-em-que-nao-ha-perda-de-cargo\">Casos em que n\u00e3o h\u00e1 perda de cargo<\/h4>\n\n\n\n<p>A Constitui\u00e7\u00e3o tamb\u00e9m prev\u00ea casos em que mesmo havendo uma aus\u00eancia tempor\u00e1ria do cargo, o Parlamentar n\u00e3o perder\u00e1 o cargo.<\/p>\n\n\n\n<p><strong><em><span class=\"has-inline-color has-vivid-cyan-blue-color\">N\u00e3o perder\u00e1 o mandato<\/span><\/em><\/strong><em> <span class=\"has-inline-color has-vivid-cyan-blue-color\">o parlamentar<\/span> (Art. 56)<\/em><\/p>\n\n\n\n<p><strong><span class=\"has-inline-color has-vivid-green-cyan-color\">Investido no cargo<\/span> (I) <span class=\"has-inline-color has-vivid-purple-color\"><em>-&gt; <\/em><\/span><\/strong><em><span class=\"has-inline-color has-vivid-purple-color\">poder\u00e1 optar pela remunera\u00e7\u00e3o do mandato<\/span> (\u00a73\u00ba)<\/em><\/p>\n\n\n\n<ul class=\"wp-block-list\">\n<li>Ministro de Estado;<\/li>\n\n\n\n<li>Governador de Territ\u00f3rio,<\/li>\n\n\n\n<li>Secret\u00e1rio de Estado, do Distrito Federal, de Territ\u00f3rio,<\/li>\n\n\n\n<li>Secret\u00e1rio de Prefeitura de <strong><span class=\"has-inline-color has-vivid-red-color\">Capital<\/span><\/strong><\/li>\n\n\n\n<li>Chefe de miss\u00e3o diplom\u00e1tica <strong><span class=\"has-inline-color has-vivid-red-color\">tempor\u00e1ria<\/span><\/strong>;<\/li>\n<\/ul>\n\n\n\n<p><strong><span class=\"has-inline-color has-vivid-green-cyan-color\">Licenciado pela respectiva Casa<\/span> (II)<\/strong><\/p>\n\n\n\n<ul class=\"wp-block-list\">\n<li>Por motivo de doen\u00e7a,<\/li>\n\n\n\n<li>Para tratar, <strong><span class=\"has-inline-color has-vivid-red-color\">sem remunera\u00e7\u00e3o<\/span><\/strong>, de interesse particular, desde que, neste caso, o afastamento <strong><span class=\"has-inline-color has-vivid-red-color\">n\u00e3o ultrapasse 120 dias<\/span><\/strong> por sess\u00e3o legislativa.<\/li>\n<\/ul>\n\n\n\n<p>Assim, em alguns casos deve-se convocar o suplemente para substituir o parlamentar.<\/p>\n\n\n\n<p><strong><span class=\"has-inline-color has-vivid-cyan-blue-color\">Suplente ser\u00e1 convocado nos casos:<\/span> (\u00a71)<\/strong><\/p>\n\n\n\n<ul class=\"wp-block-list\">\n<li>Vaga,<\/li>\n\n\n\n<li>Investidura em fun\u00e7\u00f5es previstas (I)<\/li>\n\n\n\n<li>Licen\u00e7a superior a 120 dias.<\/li>\n<\/ul>\n\n\n\n<p>Por fim, ocorrendo vaga e <strong><span class=\"has-inline-color has-vivid-green-cyan-color\">n\u00e3o havendo suplente<\/span><\/strong>, far-se-\u00e1 elei\u00e7\u00e3o para preench\u00ea-la se faltarem mais de <strong><span class=\"has-inline-color has-vivid-red-color\">15 meses<\/span><\/strong> para o t\u00e9rmino do mandato (\u00a72\u00ba);<\/p>\n\n\n\n<h2 class=\"wp-block-heading\" id=\"h-comissoes\">Comiss\u00f5es<\/h2>\n\n\n\n<p>A Constitui\u00e7\u00e3o tamb\u00e9m disciplinou sobre as <strong><span class=\"has-inline-color has-vivid-cyan-blue-color\">Comiss\u00f5es Parlamentares<\/span><\/strong>, \u00f3rg\u00e3os de <strong>natureza t\u00e9cnica<\/strong> criados para <strong>facilitar o trabalho do poder legislativo<\/strong>. Seria invi\u00e1vel, por exemplo, se toda e qualquer mat\u00e9ria tivesse que passam por todos os parlamentares para ser analisada, por isso h\u00e1 uma esp\u00e9cie de &#8220;desconcentra\u00e7\u00e3o&#8221;.<\/p>\n\n\n\n<p>As Comiss\u00f5es podem ser <strong>criadas pelo Congresso Nacional<\/strong> (mistas) ou <strong>por cada Casa separadamente<\/strong>, ainda as comiss\u00f5es poder\u00e3o ser <strong>permanentes<\/strong> ou <strong>tempor\u00e1rias<\/strong> a depender do objetivo.<\/p>\n\n\n\n<p><em>&nbsp;Art. 58. O <strong>Congresso Nacional e suas Casas<\/strong> <\/em><strong><em><span class=\"has-inline-color has-vivid-cyan-blue-color\">ter\u00e3o comiss\u00f5es permanentes e tempor\u00e1rias<\/span><\/em><\/strong><em>, constitu\u00eddas na forma e com as atribui\u00e7\u00f5es previstas no respectivo regimento ou no ato de que resultar sua cria\u00e7\u00e3o.<\/em><\/p>\n\n\n\n<p><em>\u00a7 1\u00ba Na constitui\u00e7\u00e3o das Mesas e de cada Comiss\u00e3o, \u00e9 <strong><span class=\"has-inline-color has-vivid-green-cyan-color\">assegurada<\/span><\/strong>, tanto quanto poss\u00edvel, a <strong><span class=\"has-inline-color has-vivid-green-cyan-color\">representa\u00e7\u00e3o proporcional dos partidos<\/span><\/strong> ou dos blocos parlamentares que participam da respectiva Casa.<\/em><\/p>\n\n\n\n<p>Assim o \u00a7 2\u00ba disciplinou as atribui\u00e7\u00f5es poss\u00edveis para as comiss\u00f5es.<\/p>\n\n\n\n<p><em>\u00a7 2\u00ba <\/em><strong><em>\u00c0s <span class=\"has-inline-color has-vivid-green-cyan-color\">comiss\u00f5es<\/span><\/em><\/strong><em>, em raz\u00e3o da mat\u00e9ria de sua compet\u00eancia, <\/em><strong><em>cabe<\/em><\/strong><em>:<\/em><\/p>\n\n\n\n<p><em>I &#8211; discutir e votar projeto de lei que dispensar, na forma do regimento, a compet\u00eancia do Plen\u00e1rio, salvo se houver recurso de um d\u00e9cimo dos membros da Casa; <span class=\"has-inline-color has-vivid-purple-color\">-&gt; procedimento legislativo abreviado<\/span><\/em><\/p>\n\n\n\n<p><em>II &#8211; realizar audi\u00eancias p\u00fablicas com entidades da sociedade civil;<\/em><em><\/em><\/p>\n\n\n\n<p><em>III \u2013 <strong>convocar<\/strong><\/em><strong><em><span class=\"has-inline-color has-vivid-red-color\">*<\/span><\/em><\/strong><em> Ministros de Estado para prestar informa\u00e7\u00f5es sobre assuntos inerentes a suas atribui\u00e7\u00f5es*; <span class=\"has-inline-color has-vivid-purple-color\">-&gt; O Chefe do Executivo n\u00e3o!<\/span><\/em><\/p>\n\n\n\n<p><em>IV &#8211; receber peti\u00e7\u00f5es, reclama\u00e7\u00f5es, representa\u00e7\u00f5es ou queixas de qualquer pessoa contra atos ou omiss\u00f5es das autoridades ou entidades p\u00fablicas;<\/em><em><\/em><\/p>\n\n\n\n<p><em>V \u2013 <strong>solicitar<\/strong><\/em><strong><em><span class=\"has-inline-color has-vivid-red-color\">*<\/span><\/em><\/strong><em> depoimento de qualquer autoridade ou cidad\u00e3o;<\/em><\/p>\n\n\n\n<p><em>VI &#8211; apreciar programas de obras, planos nacionais, regionais e setoriais de desenvolvimento e sobre eles emitir parecer.<\/em><\/p>\n\n\n\n<p><strong><em><span class=\"has-inline-color has-vivid-red-color\">*<\/span><\/em><\/strong>Reparem na diferen\u00e7a entre os verbos convocar, no caso de Ministros de Estado, e solicitar, no caso de cidad\u00e3o. &nbsp;<\/p>\n\n\n\n<h3 class=\"wp-block-heading\" id=\"h-comissoes-parlamentares-de-inquerito\">Comiss\u00f5es parlamentares de inqu\u00e9rito<\/h3>\n\n\n\n<p>Para finalizar o artigo sobre o Poder Legislativo, vejamos sobre a CPI.<\/p>\n\n\n\n<p>Das comiss\u00f5es certamente a mais importante a n\u00edvel de concurso \u00e9 a <strong>Comiss\u00e3o parlamentar de inqu\u00e9rito<\/strong> (as famosas \u201cCPIs\u201d), disciplinada no \u00a73\u00ba.<\/p>\n\n\n\n<p><em>\u00a7 3\u00ba As <\/em><strong><em><span class=\"has-inline-color has-vivid-cyan-blue-color\">comiss\u00f5es parlamentares de inqu\u00e9rito<\/span><\/em><\/strong><em>, que ter\u00e3o <strong>poderes de investiga\u00e7\u00e3o pr\u00f3prios das autoridades judiciais<\/strong>, al\u00e9m de outros previstos nos regimentos das respectivas Casas, ser\u00e3o criadas pela C\u00e2mara dos Deputados e pelo Senado Federal, em conjunto ou separadamente, mediante <strong>requerimento de um ter\u00e7o de seus membros<\/strong>, para a <strong>apura\u00e7\u00e3o de fato determinado e por prazo certo<\/strong>, sendo suas conclus\u00f5es, se for o caso, encaminhadas ao Minist\u00e9rio P\u00fablico, para que promova a responsabilidade civil ou criminal dos infratores.<\/em><\/p>\n\n\n\n<p>Utilizando o ensinamento dos professores N\u00e1dia Carolina e Ricardo Vale, vejamos de forma esquematiza sobre a CPI.<\/p>\n\n\n\n<h4 class=\"wp-block-heading\" id=\"h-requisitos\">Requisitos<\/h4>\n\n\n\n<ul class=\"wp-block-list\">\n<li><strong><span class=\"has-inline-color has-vivid-green-cyan-color\">Requisitos Constitucionais para a cria\u00e7\u00e3o de CPIs:<\/span><\/strong><\/li>\n<\/ul>\n\n\n\n<p>a) <strong>Requerimento de 1\/3<\/strong> dos membros da Casa Legislativa<\/p>\n\n\n\n<p>b) Indica\u00e7\u00e3o de <strong>fato determinado<\/strong> a ser investigado <span class=\"has-inline-color has-vivid-purple-color\">-&gt; N\u00e3o se admite a cria\u00e7\u00e3o de CPIs para investiga\u00e7\u00f5es gen\u00e9ricas<\/span><\/p>\n\n\n\n<p>c) Fixa\u00e7\u00e3o de <strong>prazo certo<\/strong> para os trabalhos da CPI <span class=\"has-inline-color has-vivid-purple-color\">-&gt; embora n\u00e3o impe\u00e7a prorroga\u00e7\u00f5es sucessivas dentro da legislatura.<\/span><\/p>\n\n\n\n<h4 class=\"wp-block-heading\" id=\"h-poderes\">Poderes<\/h4>\n\n\n\n<ul class=\"wp-block-list\">\n<li><strong><span class=\"has-inline-color has-vivid-green-cyan-color\">Poderes de Investiga\u00e7\u00e3o das CPIs:<\/span><\/strong><\/li>\n<\/ul>\n\n\n\n<p>a) <strong>Convocar particulares e autoridades p\u00fablicas<\/strong> para depor.<\/p>\n\n\n\n<p>b) <strong>Realiza\u00e7\u00e3o de per\u00edcias<\/strong> e exames necess\u00e1rios \u00e0 dila\u00e7\u00e3o probat\u00f3ria<\/p>\n\n\n\n<p>c) Determinar a <strong>quebra dos sigilos <\/strong>banc\u00e1rio, fiscal e telef\u00f4nico do investigado &#8211;<span class=\"has-inline-color has-vivid-purple-color\">&gt; embora n\u00e3o possa determinar intercep\u00e7\u00e3o telef\u00f4nica<\/span>.<\/p>\n\n\n\n<ul class=\"wp-block-list\">\n<li><strong><span class=\"has-inline-color has-vivid-green-cyan-color\">CPI n\u00e3o tem compet\u00eancia para:<\/span><\/strong><\/li>\n<\/ul>\n\n\n\n<p>a) Decretar pris\u00f5es, exceto em flagrante delito.<\/p>\n\n\n\n<p>b) Determinar a aplica\u00e7\u00e3o de medidas cautelares ex.: indisponibilidade de bens<\/p>\n\n\n\n<p>c) Proibir ou restringir a assist\u00eancia jur\u00eddica aos investigados<\/p>\n\n\n\n<p>d) Determinar a anula\u00e7\u00e3o de atos do Poder Executivo<\/p>\n\n\n\n<p>e) Determinar a quebra do sigilo judicial<\/p>\n\n\n\n<p>f) Determinar a busca e apreens\u00e3o domiciliar de documentos<\/p>\n\n\n\n<p>h) Apreciar atos de natureza jurisdicional<\/p>\n\n\n\n<p>A CPI \u00e9 um assunto que merece a devida profundidade, assim n\u00e3o deixe de conferir nossos cursos.<\/p>\n\n\n\n<p class=\"has-text-align-center\"><a href=\"https:\/\/www.estrategiaconcursos.com.br\/pesquisa\/?q=Direito+Constitucional+\" data-type=\"URL\" data-id=\"https:\/\/www.estrategiaconcursos.com.br\/pesquisa\/?q=Direito+Constitucional+\">Direito Constitucional \u2013 O Poder Legislativo na Constitui\u00e7\u00e3o Federal<\/a><\/p>\n\n\n\n<h2 class=\"wp-block-heading\" id=\"h-consideracoes-finais\">Considera\u00e7\u00f5es Finais<\/h2>\n\n\n\n<p>Pessoal, chegamos ao final do artigo sobre o Poder Legislativo na Constitui\u00e7\u00e3o Federal, espero que tenham gostado.<\/p>\n\n\n\n<p>No pr\u00f3ximo artigo veremos sobre a Fiscaliza\u00e7\u00e3o Cont\u00e1bil, Or\u00e7ament\u00e1ria, Patrimonial e Operacional.<\/p>\n\n\n\n<p>At\u00e9 mais e bons estudos!<\/p>\n\n\n\n<p class=\"has-text-align-center\"><em><strong>Assinatura Anual Ilimitada*<\/strong><\/em><\/p>\n\n\n\n<p class=\"has-text-align-center\"><em>Prepare-se com o melhor material e com quem mais aprova em Concursos P\u00fablicos em todo o pa\u00eds. Assine agora a nossa Assinatura Anual e tenha acesso ilimitado* a todos os nossos cursos.<\/em><\/p>\n\n\n\n<p class=\"has-text-align-center has-light-green-cyan-background-color has-background\"><strong>ASSINE AGORA<\/strong>&nbsp;\u2013&nbsp;<strong><a rel=\"noreferrer noopener\" href=\"https:\/\/www.estrategiaconcursos.com.br\/assinaturas\" target=\"_blank\">Assinatura Ilimitada<\/a><\/strong><\/p>\n\n\n\n<p class=\"has-text-align-center\"><strong><em><strong>Sistema de Quest\u00f5es<\/strong><\/em><\/strong><\/p>\n\n\n\n<p class=\"has-text-align-center\"><em>Estrat\u00e9gia Quest\u00f5es nasceu maior do que todos os concorrentes, com mais quest\u00f5es cadastradas e mais solu\u00e7\u00f5es por professores. Ent\u00e3o, confira e aproveite os descontos e b\u00f4nus imperd\u00edveis!<\/em><\/p>\n\n\n\n<p class=\"has-text-align-center has-vivid-green-cyan-background-color has-background\"><strong>ASSINE AGORA \u2013&nbsp;<a rel=\"noreferrer noopener\" href=\"https:\/\/www.estrategiaconcursos.com.br\/cursosPorConcurso\/sistema-de-questoes\/#\/\" target=\"_blank\">Sistema de Quest\u00f5es<\/a><\/strong><\/p>\n\n\n\n<p class=\"has-text-align-center\"><strong><em>Fique por dentro dos concursos em aberto<\/em><\/strong><\/p>\n\n\n\n<p class=\"has-text-align-center has-pale-cyan-blue-background-color has-background\"><a href=\"https:\/\/www.estrategiaconcursos.com.br\/blog\/concursos-abertos\/\" target=\"_blank\" rel=\"noreferrer noopener\"><strong>CONCURSOS ABERTOS<\/strong><\/a><\/p>\n","protected":false},"excerpt":{"rendered":"<p>Ol\u00e1, pessoal. Tudo certo? Hoje voltaremos a falar sobre o Poder Legislativo Federal, mais precisamente sobre os Deputados e Senados, assim como as Comiss\u00f5es. Preparado (a)? Deputados e Senadores Iniciemos o artigo sobre o Poder Legislativo pelos Deputados e Senados. Veremos algumas disposi\u00e7\u00f5es constitucionais sobre as imunidades e as veda\u00e7\u00f5es dos parlamentares, essas regras foram [&hellip;]<\/p>\n","protected":false},"author":1763,"featured_media":610839,"comment_status":"open","ping_status":"closed","sticky":false,"template":"","format":"standard","meta":{"post_tipo":"article","footnotes":""},"categories":[2313,1,164300,1983,6741,2185,2017,1988,1984,214710],"tags":[],"tax_estado":[219964,219965,219966,219967,219968,219969,219963,219970,219971,219972,219973,219974,219975,219976,219977,219978,219979,219980,219981,219982,219983,219984,219985,219986,219987,219988,219989,219990],"class_list":["post-611220","post","type-post","status-publish","format-standard","has-post-thumbnail","hentry","category-carreiras-bancarias","category-cursos-e-concursos","category-concurso-diplomacia","category-fiscal-estadual","category-forcas-armadas-oficiais","category-carreiras-juridicas","category-concursos-legislativos","category-policia","category-tribunais","category-tribunais-de-contas","tax_estado-ac","tax_estado-al","tax_estado-am","tax_estado-ap","tax_estado-ba","tax_estado-ce","tax_estado-concursos-federais","tax_estado-df","tax_estado-es","tax_estado-go","tax_estado-ma","tax_estado-mg","tax_estado-ms","tax_estado-mt","tax_estado-pa","tax_estado-pb","tax_estado-pe","tax_estado-pi","tax_estado-pr","tax_estado-rj","tax_estado-rn","tax_estado-ro","tax_estado-rr","tax_estado-rs","tax_estado-sc","tax_estado-se","tax_estado-sp","tax_estado-to"],"acf":[],"yoast_head":"<!-- This site is optimized with the Yoast SEO Premium plugin v27.2 (Yoast SEO v27.2) - https:\/\/yoast.com\/product\/yoast-seo-premium-wordpress\/ -->\n<title>O Poder Legislativo na Constitui\u00e7\u00e3o Federal \u2013 Resumo - Parte 2<\/title>\n<meta name=\"description\" content=\"Veja nesse artigo sobre o Poder Legislativo Federal, mais precisamente sobre os Deputados e Senados, assim como as Comiss\u00f5es.\" \/>\n<meta name=\"robots\" content=\"index, follow, max-snippet:-1, max-image-preview:large, max-video-preview:-1\" \/>\n<link rel=\"canonical\" href=\"https:\/\/www.estrategiaconcursos.com.br\/blog\/o-poder-legislativo-na-constituicao-federal-resumo-parte-2\/\" \/>\n<meta property=\"og:locale\" content=\"pt_BR\" \/>\n<meta property=\"og:type\" content=\"article\" \/>\n<meta property=\"og:title\" content=\"O Poder Legislativo na Constitui\u00e7\u00e3o Federal \u2013 Resumo - Parte 2\" \/>\n<meta property=\"og:description\" content=\"Veja nesse artigo sobre o Poder Legislativo Federal, mais precisamente sobre os Deputados e Senados, assim como as Comiss\u00f5es.\" \/>\n<meta property=\"og:url\" content=\"https:\/\/www.estrategiaconcursos.com.br\/blog\/o-poder-legislativo-na-constituicao-federal-resumo-parte-2\/\" \/>\n<meta property=\"og:site_name\" content=\"Estrat\u00e9gia Concursos\" \/>\n<meta property=\"article:published_time\" content=\"2020-11-26T18:16:33+00:00\" \/>\n<meta property=\"article:modified_time\" content=\"2023-06-29T17:44:44+00:00\" \/>\n<meta property=\"og:image\" content=\"https:\/\/dhg1h5j42swfq.cloudfront.net\/2020\/11\/15140136\/cn-1-1.jpg\" \/>\n\t<meta property=\"og:image:width\" content=\"1200\" \/>\n\t<meta property=\"og:image:height\" content=\"800\" \/>\n\t<meta property=\"og:image:type\" content=\"image\/jpeg\" \/>\n<meta name=\"author\" content=\"Leonardo Menezes Passarin\" \/>\n<meta name=\"twitter:card\" content=\"summary_large_image\" \/>\n<meta name=\"twitter:creator\" content=\"@EstratConcursos\" \/>\n<meta name=\"twitter:site\" content=\"@EstratConcursos\" \/>\n<meta name=\"twitter:label1\" content=\"Escrito por\" \/>\n\t<meta name=\"twitter:data1\" content=\"Leonardo Menezes Passarin\" \/>\n\t<meta name=\"twitter:label2\" content=\"Est. tempo de leitura\" \/>\n\t<meta name=\"twitter:data2\" content=\"11 minutos\" \/>\n<script type=\"application\/ld+json\" class=\"yoast-schema-graph\">{\"@context\":\"https:\/\/schema.org\",\"@graph\":[{\"@type\":\"NewsArticle\",\"@id\":\"https:\/\/www.estrategiaconcursos.com.br\/blog\/o-poder-legislativo-na-constituicao-federal-resumo-parte-2\/#article\",\"isPartOf\":{\"@id\":\"https:\/\/www.estrategiaconcursos.com.br\/blog\/o-poder-legislativo-na-constituicao-federal-resumo-parte-2\/\"},\"author\":{\"name\":\"Leonardo Menezes Passarin\",\"@id\":\"https:\/\/www.estrategiaconcursos.com.br\/blog\/#\/schema\/person\/245b44e43eb13f0dbd04a7a078cd0d0d\"},\"headline\":\"O Poder Legislativo na Constitui\u00e7\u00e3o Federal \u2013 Resumo &#8211; Parte 2\",\"datePublished\":\"2020-11-26T18:16:33+00:00\",\"dateModified\":\"2023-06-29T17:44:44+00:00\",\"mainEntityOfPage\":{\"@id\":\"https:\/\/www.estrategiaconcursos.com.br\/blog\/o-poder-legislativo-na-constituicao-federal-resumo-parte-2\/\"},\"wordCount\":2291,\"commentCount\":0,\"publisher\":{\"@id\":\"https:\/\/www.estrategiaconcursos.com.br\/blog\/#organization\"},\"image\":{\"@id\":\"https:\/\/www.estrategiaconcursos.com.br\/blog\/o-poder-legislativo-na-constituicao-federal-resumo-parte-2\/#primaryimage\"},\"thumbnailUrl\":\"https:\/\/dhg1h5j42swfq.cloudfront.net\/2020\/11\/15140136\/cn-1-1.jpg\",\"articleSection\":[\"Banc\u00e1ria (BB, CEF e Bancos Estaduais)\",\"Concursos P\u00fablicos\",\"Diplomacia (CACD)\",\"Fiscal - Estadual (ICMS)\",\"For\u00e7as Armadas (Oficiais)\",\"Jur\u00eddico\",\"Legislativo\",\"Policial (Agente, Escriv\u00e3o e Investigador)\",\"Tribunais\",\"Tribunais de Contas (TCU, TCE, TCM)\"],\"inLanguage\":\"pt-BR\",\"potentialAction\":[{\"@type\":\"CommentAction\",\"name\":\"Comment\",\"target\":[\"https:\/\/www.estrategiaconcursos.com.br\/blog\/o-poder-legislativo-na-constituicao-federal-resumo-parte-2\/#respond\"]}],\"copyrightYear\":\"2020\",\"copyrightHolder\":{\"@id\":\"https:\/\/www.estrategiaconcursos.com.br\/blog\/#organization\"}},{\"@type\":\"WebPage\",\"@id\":\"https:\/\/www.estrategiaconcursos.com.br\/blog\/o-poder-legislativo-na-constituicao-federal-resumo-parte-2\/\",\"url\":\"https:\/\/www.estrategiaconcursos.com.br\/blog\/o-poder-legislativo-na-constituicao-federal-resumo-parte-2\/\",\"name\":\"O Poder Legislativo na Constitui\u00e7\u00e3o Federal \u2013 Resumo - Parte 2\",\"isPartOf\":{\"@id\":\"https:\/\/www.estrategiaconcursos.com.br\/blog\/#website\"},\"primaryImageOfPage\":{\"@id\":\"https:\/\/www.estrategiaconcursos.com.br\/blog\/o-poder-legislativo-na-constituicao-federal-resumo-parte-2\/#primaryimage\"},\"image\":{\"@id\":\"https:\/\/www.estrategiaconcursos.com.br\/blog\/o-poder-legislativo-na-constituicao-federal-resumo-parte-2\/#primaryimage\"},\"thumbnailUrl\":\"https:\/\/dhg1h5j42swfq.cloudfront.net\/2020\/11\/15140136\/cn-1-1.jpg\",\"datePublished\":\"2020-11-26T18:16:33+00:00\",\"dateModified\":\"2023-06-29T17:44:44+00:00\",\"description\":\"Veja nesse artigo sobre o Poder Legislativo Federal, mais precisamente sobre os Deputados e Senados, assim como as Comiss\u00f5es.\",\"breadcrumb\":{\"@id\":\"https:\/\/www.estrategiaconcursos.com.br\/blog\/o-poder-legislativo-na-constituicao-federal-resumo-parte-2\/#breadcrumb\"},\"inLanguage\":\"pt-BR\",\"potentialAction\":[{\"@type\":\"ReadAction\",\"target\":[\"https:\/\/www.estrategiaconcursos.com.br\/blog\/o-poder-legislativo-na-constituicao-federal-resumo-parte-2\/\"]}]},{\"@type\":\"ImageObject\",\"inLanguage\":\"pt-BR\",\"@id\":\"https:\/\/www.estrategiaconcursos.com.br\/blog\/o-poder-legislativo-na-constituicao-federal-resumo-parte-2\/#primaryimage\",\"url\":\"https:\/\/dhg1h5j42swfq.cloudfront.net\/2020\/11\/15140136\/cn-1-1.jpg\",\"contentUrl\":\"https:\/\/dhg1h5j42swfq.cloudfront.net\/2020\/11\/15140136\/cn-1-1.jpg\",\"width\":1200,\"height\":800},{\"@type\":\"BreadcrumbList\",\"@id\":\"https:\/\/www.estrategiaconcursos.com.br\/blog\/o-poder-legislativo-na-constituicao-federal-resumo-parte-2\/#breadcrumb\",\"itemListElement\":[{\"@type\":\"ListItem\",\"position\":1,\"name\":\"In\u00edcio\",\"item\":\"https:\/\/www.estrategiaconcursos.com.br\/blog\/\"},{\"@type\":\"ListItem\",\"position\":2,\"name\":\"O Poder Legislativo na Constitui\u00e7\u00e3o Federal \u2013 Resumo &#8211; Parte 2\"}]},{\"@type\":\"WebSite\",\"@id\":\"https:\/\/www.estrategiaconcursos.com.br\/blog\/#website\",\"url\":\"https:\/\/www.estrategiaconcursos.com.br\/blog\/\",\"name\":\"Estrat\u00e9gia Concursos\",\"description\":\"O blog da Estrat\u00e9gia Concursos traz not\u00edcias sobre concursos e artigos de professores oferecendo cursos para concursos (pdf + videaulas) no site.\",\"publisher\":{\"@id\":\"https:\/\/www.estrategiaconcursos.com.br\/blog\/#organization\"},\"potentialAction\":[{\"@type\":\"SearchAction\",\"target\":{\"@type\":\"EntryPoint\",\"urlTemplate\":\"https:\/\/www.estrategiaconcursos.com.br\/blog\/?s={search_term_string}\"},\"query-input\":{\"@type\":\"PropertyValueSpecification\",\"valueRequired\":true,\"valueName\":\"search_term_string\"}}],\"inLanguage\":\"pt-BR\"},{\"@type\":\"Organization\",\"@id\":\"https:\/\/www.estrategiaconcursos.com.br\/blog\/#organization\",\"name\":\"Estrat\u00e9gia Concursos\",\"url\":\"https:\/\/www.estrategiaconcursos.com.br\/blog\/\",\"logo\":{\"@type\":\"ImageObject\",\"inLanguage\":\"pt-BR\",\"@id\":\"https:\/\/www.estrategiaconcursos.com.br\/blog\/#\/schema\/logo\/image\/\",\"url\":\"https:\/\/dhg1h5j42swfq.cloudfront.net\/2025\/06\/03203428\/logo_concursos-1.jpg\",\"contentUrl\":\"https:\/\/dhg1h5j42swfq.cloudfront.net\/2025\/06\/03203428\/logo_concursos-1.jpg\",\"width\":230,\"height\":60,\"caption\":\"Estrat\u00e9gia Concursos\"},\"image\":{\"@id\":\"https:\/\/www.estrategiaconcursos.com.br\/blog\/#\/schema\/logo\/image\/\"},\"sameAs\":[\"https:\/\/x.com\/EstratConcursos\"]},{\"@type\":\"Person\",\"@id\":\"https:\/\/www.estrategiaconcursos.com.br\/blog\/#\/schema\/person\/245b44e43eb13f0dbd04a7a078cd0d0d\",\"name\":\"Leonardo Menezes Passarin\",\"image\":{\"@type\":\"ImageObject\",\"inLanguage\":\"pt-BR\",\"@id\":\"https:\/\/secure.gravatar.com\/avatar\/fc0e5714ceaa97f24e6e6a30eab74ba8a701c2b62f8cab100ffdb22c6d8f42c3?s=96&d=mm&r=g\",\"url\":\"https:\/\/secure.gravatar.com\/avatar\/fc0e5714ceaa97f24e6e6a30eab74ba8a701c2b62f8cab100ffdb22c6d8f42c3?s=96&d=mm&r=g\",\"contentUrl\":\"https:\/\/secure.gravatar.com\/avatar\/fc0e5714ceaa97f24e6e6a30eab74ba8a701c2b62f8cab100ffdb22c6d8f42c3?s=96&d=mm&r=g\",\"caption\":\"Leonardo Menezes Passarin\"},\"url\":\"https:\/\/www.estrategiaconcursos.com.br\/blog\/author\/passarin-leonardohotmail-com\/\"}]}<\/script>\n<!-- \/ Yoast SEO Premium plugin. -->","yoast_head_json":{"title":"O Poder Legislativo na Constitui\u00e7\u00e3o Federal \u2013 Resumo - Parte 2","description":"Veja nesse artigo sobre o Poder Legislativo Federal, mais precisamente sobre os Deputados e Senados, assim como as Comiss\u00f5es.","robots":{"index":"index","follow":"follow","max-snippet":"max-snippet:-1","max-image-preview":"max-image-preview:large","max-video-preview":"max-video-preview:-1"},"canonical":"https:\/\/www.estrategiaconcursos.com.br\/blog\/o-poder-legislativo-na-constituicao-federal-resumo-parte-2\/","og_locale":"pt_BR","og_type":"article","og_title":"O Poder Legislativo na Constitui\u00e7\u00e3o Federal \u2013 Resumo - Parte 2","og_description":"Veja nesse artigo sobre o Poder Legislativo Federal, mais precisamente sobre os Deputados e Senados, assim como as Comiss\u00f5es.","og_url":"https:\/\/www.estrategiaconcursos.com.br\/blog\/o-poder-legislativo-na-constituicao-federal-resumo-parte-2\/","og_site_name":"Estrat\u00e9gia Concursos","article_published_time":"2020-11-26T18:16:33+00:00","article_modified_time":"2023-06-29T17:44:44+00:00","og_image":[{"width":1200,"height":800,"url":"https:\/\/dhg1h5j42swfq.cloudfront.net\/2020\/11\/15140136\/cn-1-1.jpg","type":"image\/jpeg"}],"author":"Leonardo Menezes Passarin","twitter_card":"summary_large_image","twitter_creator":"@EstratConcursos","twitter_site":"@EstratConcursos","twitter_misc":{"Escrito por":"Leonardo Menezes Passarin","Est. tempo de leitura":"11 minutos"},"schema":{"@context":"https:\/\/schema.org","@graph":[{"@type":"NewsArticle","@id":"https:\/\/www.estrategiaconcursos.com.br\/blog\/o-poder-legislativo-na-constituicao-federal-resumo-parte-2\/#article","isPartOf":{"@id":"https:\/\/www.estrategiaconcursos.com.br\/blog\/o-poder-legislativo-na-constituicao-federal-resumo-parte-2\/"},"author":{"name":"Leonardo Menezes Passarin","@id":"https:\/\/www.estrategiaconcursos.com.br\/blog\/#\/schema\/person\/245b44e43eb13f0dbd04a7a078cd0d0d"},"headline":"O Poder Legislativo na Constitui\u00e7\u00e3o Federal \u2013 Resumo &#8211; Parte 2","datePublished":"2020-11-26T18:16:33+00:00","dateModified":"2023-06-29T17:44:44+00:00","mainEntityOfPage":{"@id":"https:\/\/www.estrategiaconcursos.com.br\/blog\/o-poder-legislativo-na-constituicao-federal-resumo-parte-2\/"},"wordCount":2291,"commentCount":0,"publisher":{"@id":"https:\/\/www.estrategiaconcursos.com.br\/blog\/#organization"},"image":{"@id":"https:\/\/www.estrategiaconcursos.com.br\/blog\/o-poder-legislativo-na-constituicao-federal-resumo-parte-2\/#primaryimage"},"thumbnailUrl":"https:\/\/dhg1h5j42swfq.cloudfront.net\/2020\/11\/15140136\/cn-1-1.jpg","articleSection":["Banc\u00e1ria (BB, CEF e Bancos Estaduais)","Concursos P\u00fablicos","Diplomacia (CACD)","Fiscal - Estadual (ICMS)","For\u00e7as Armadas (Oficiais)","Jur\u00eddico","Legislativo","Policial (Agente, Escriv\u00e3o e Investigador)","Tribunais","Tribunais de Contas (TCU, TCE, TCM)"],"inLanguage":"pt-BR","potentialAction":[{"@type":"CommentAction","name":"Comment","target":["https:\/\/www.estrategiaconcursos.com.br\/blog\/o-poder-legislativo-na-constituicao-federal-resumo-parte-2\/#respond"]}],"copyrightYear":"2020","copyrightHolder":{"@id":"https:\/\/www.estrategiaconcursos.com.br\/blog\/#organization"}},{"@type":"WebPage","@id":"https:\/\/www.estrategiaconcursos.com.br\/blog\/o-poder-legislativo-na-constituicao-federal-resumo-parte-2\/","url":"https:\/\/www.estrategiaconcursos.com.br\/blog\/o-poder-legislativo-na-constituicao-federal-resumo-parte-2\/","name":"O Poder Legislativo na Constitui\u00e7\u00e3o Federal \u2013 Resumo - Parte 2","isPartOf":{"@id":"https:\/\/www.estrategiaconcursos.com.br\/blog\/#website"},"primaryImageOfPage":{"@id":"https:\/\/www.estrategiaconcursos.com.br\/blog\/o-poder-legislativo-na-constituicao-federal-resumo-parte-2\/#primaryimage"},"image":{"@id":"https:\/\/www.estrategiaconcursos.com.br\/blog\/o-poder-legislativo-na-constituicao-federal-resumo-parte-2\/#primaryimage"},"thumbnailUrl":"https:\/\/dhg1h5j42swfq.cloudfront.net\/2020\/11\/15140136\/cn-1-1.jpg","datePublished":"2020-11-26T18:16:33+00:00","dateModified":"2023-06-29T17:44:44+00:00","description":"Veja nesse artigo sobre o Poder Legislativo Federal, mais precisamente sobre os Deputados e Senados, assim como as Comiss\u00f5es.","breadcrumb":{"@id":"https:\/\/www.estrategiaconcursos.com.br\/blog\/o-poder-legislativo-na-constituicao-federal-resumo-parte-2\/#breadcrumb"},"inLanguage":"pt-BR","potentialAction":[{"@type":"ReadAction","target":["https:\/\/www.estrategiaconcursos.com.br\/blog\/o-poder-legislativo-na-constituicao-federal-resumo-parte-2\/"]}]},{"@type":"ImageObject","inLanguage":"pt-BR","@id":"https:\/\/www.estrategiaconcursos.com.br\/blog\/o-poder-legislativo-na-constituicao-federal-resumo-parte-2\/#primaryimage","url":"https:\/\/dhg1h5j42swfq.cloudfront.net\/2020\/11\/15140136\/cn-1-1.jpg","contentUrl":"https:\/\/dhg1h5j42swfq.cloudfront.net\/2020\/11\/15140136\/cn-1-1.jpg","width":1200,"height":800},{"@type":"BreadcrumbList","@id":"https:\/\/www.estrategiaconcursos.com.br\/blog\/o-poder-legislativo-na-constituicao-federal-resumo-parte-2\/#breadcrumb","itemListElement":[{"@type":"ListItem","position":1,"name":"In\u00edcio","item":"https:\/\/www.estrategiaconcursos.com.br\/blog\/"},{"@type":"ListItem","position":2,"name":"O Poder Legislativo na Constitui\u00e7\u00e3o Federal \u2013 Resumo &#8211; Parte 2"}]},{"@type":"WebSite","@id":"https:\/\/www.estrategiaconcursos.com.br\/blog\/#website","url":"https:\/\/www.estrategiaconcursos.com.br\/blog\/","name":"Estrat\u00e9gia Concursos","description":"O blog da Estrat\u00e9gia Concursos traz not\u00edcias sobre concursos e artigos de professores oferecendo cursos para concursos (pdf + videaulas) no site.","publisher":{"@id":"https:\/\/www.estrategiaconcursos.com.br\/blog\/#organization"},"potentialAction":[{"@type":"SearchAction","target":{"@type":"EntryPoint","urlTemplate":"https:\/\/www.estrategiaconcursos.com.br\/blog\/?s={search_term_string}"},"query-input":{"@type":"PropertyValueSpecification","valueRequired":true,"valueName":"search_term_string"}}],"inLanguage":"pt-BR"},{"@type":"Organization","@id":"https:\/\/www.estrategiaconcursos.com.br\/blog\/#organization","name":"Estrat\u00e9gia Concursos","url":"https:\/\/www.estrategiaconcursos.com.br\/blog\/","logo":{"@type":"ImageObject","inLanguage":"pt-BR","@id":"https:\/\/www.estrategiaconcursos.com.br\/blog\/#\/schema\/logo\/image\/","url":"https:\/\/dhg1h5j42swfq.cloudfront.net\/2025\/06\/03203428\/logo_concursos-1.jpg","contentUrl":"https:\/\/dhg1h5j42swfq.cloudfront.net\/2025\/06\/03203428\/logo_concursos-1.jpg","width":230,"height":60,"caption":"Estrat\u00e9gia Concursos"},"image":{"@id":"https:\/\/www.estrategiaconcursos.com.br\/blog\/#\/schema\/logo\/image\/"},"sameAs":["https:\/\/x.com\/EstratConcursos"]},{"@type":"Person","@id":"https:\/\/www.estrategiaconcursos.com.br\/blog\/#\/schema\/person\/245b44e43eb13f0dbd04a7a078cd0d0d","name":"Leonardo Menezes Passarin","image":{"@type":"ImageObject","inLanguage":"pt-BR","@id":"https:\/\/secure.gravatar.com\/avatar\/fc0e5714ceaa97f24e6e6a30eab74ba8a701c2b62f8cab100ffdb22c6d8f42c3?s=96&d=mm&r=g","url":"https:\/\/secure.gravatar.com\/avatar\/fc0e5714ceaa97f24e6e6a30eab74ba8a701c2b62f8cab100ffdb22c6d8f42c3?s=96&d=mm&r=g","contentUrl":"https:\/\/secure.gravatar.com\/avatar\/fc0e5714ceaa97f24e6e6a30eab74ba8a701c2b62f8cab100ffdb22c6d8f42c3?s=96&d=mm&r=g","caption":"Leonardo Menezes Passarin"},"url":"https:\/\/www.estrategiaconcursos.com.br\/blog\/author\/passarin-leonardohotmail-com\/"}]}},"_links":{"self":[{"href":"https:\/\/www.estrategiaconcursos.com.br\/blog\/wp-json\/wp\/v2\/posts\/611220","targetHints":{"allow":["GET"]}}],"collection":[{"href":"https:\/\/www.estrategiaconcursos.com.br\/blog\/wp-json\/wp\/v2\/posts"}],"about":[{"href":"https:\/\/www.estrategiaconcursos.com.br\/blog\/wp-json\/wp\/v2\/types\/post"}],"author":[{"embeddable":true,"href":"https:\/\/www.estrategiaconcursos.com.br\/blog\/wp-json\/wp\/v2\/users\/1763"}],"replies":[{"embeddable":true,"href":"https:\/\/www.estrategiaconcursos.com.br\/blog\/wp-json\/wp\/v2\/comments?post=611220"}],"version-history":[{"count":8,"href":"https:\/\/www.estrategiaconcursos.com.br\/blog\/wp-json\/wp\/v2\/posts\/611220\/revisions"}],"predecessor-version":[{"id":1241133,"href":"https:\/\/www.estrategiaconcursos.com.br\/blog\/wp-json\/wp\/v2\/posts\/611220\/revisions\/1241133"}],"wp:featuredmedia":[{"embeddable":true,"href":"https:\/\/www.estrategiaconcursos.com.br\/blog\/wp-json\/wp\/v2\/media\/610839"}],"wp:attachment":[{"href":"https:\/\/www.estrategiaconcursos.com.br\/blog\/wp-json\/wp\/v2\/media?parent=611220"}],"wp:term":[{"taxonomy":"category","embeddable":true,"href":"https:\/\/www.estrategiaconcursos.com.br\/blog\/wp-json\/wp\/v2\/categories?post=611220"},{"taxonomy":"post_tag","embeddable":true,"href":"https:\/\/www.estrategiaconcursos.com.br\/blog\/wp-json\/wp\/v2\/tags?post=611220"},{"taxonomy":"tax_estado","embeddable":true,"href":"https:\/\/www.estrategiaconcursos.com.br\/blog\/wp-json\/wp\/v2\/tax_estado?post=611220"}],"curies":[{"name":"wp","href":"https:\/\/api.w.org\/{rel}","templated":true}]}}