{"id":611032,"date":"2020-11-16T09:41:26","date_gmt":"2020-11-16T12:41:26","guid":{"rendered":"https:\/\/www.estrategiaconcursos.com.br\/blog\/?p=611032"},"modified":"2023-07-07T09:54:06","modified_gmt":"2023-07-07T12:54:06","slug":"see-pb-nomeacao","status":"publish","type":"post","link":"https:\/\/www.estrategiaconcursos.com.br\/blog\/see-pb-nomeacao\/","title":{"rendered":"SEE PB: candidatos s\u00e3o convocados para a NOMEA\u00c7\u00c3O"},"content":{"rendered":"\n<p>A Secretaria da Educa\u00e7\u00e3o e da Ci\u00eancia e Tecnologia da Para\u00edba divulgou nesta segunda-feira, 16 de novembro de 2020, o <strong>edital de convoca\u00e7\u00e3o para a nomea\u00e7\u00e3o <\/strong>dos candidatos aprovados no concurso SEE PB.<\/p>\n\n\n\n<p>Os&nbsp;<strong>candidatos convocados&nbsp;<\/strong>ser\u00e3o&nbsp;<strong>nomeados<\/strong>&nbsp;a partir do m\u00eas de&nbsp;<strong>fevereiro<\/strong>&nbsp;do ano de<strong>&nbsp;2021<\/strong> e v\u00e3o exercer a fun\u00e7\u00e3o de&nbsp;<strong>Professor de Educa\u00e7\u00e3o B\u00e1sica 3<\/strong>.<\/p>\n\n\n\n<p class=\"has-text-align-center\"><strong><em>Confira abaixo a lista completa com os candidatos que ser\u00e3o nomeados:<\/em><\/strong><\/p>\n\n\n\n<p class=\"has-text-align-center has-light-green-cyan-background-color has-background has-medium-font-size\"><a rel=\"noreferrer noopener\" href=\"https:\/\/dhg1h5j42swfq.cloudfront.net\/2020\/11\/16092027\/SEEPB-Nomeacao-1.pdf\" target=\"_blank\">Lista dos candidatos nomeados<\/a><\/p>\n\n\n\n<p><strong>Cronograma de Nomea\u00e7\u00e3o e Posse dos Candidatos Convocados:<\/strong><\/p>\n\n\n\n<figure class=\"wp-block-table is-style-stripes\"><table class=\"has-background\" style=\"background-color:#e7f5fe\"><tbody><tr><td>Etapas<\/td><td>M\u00eas<\/td><td>Local<\/td><td>Hor\u00e1rio<\/td><\/tr><tr><td>Envios dos Documentos<br \/>para o Pr\u00e9-cadastro<\/td><td>02.01.2021 a 28.01.2021<\/td><td>GOPOS\/SEAD<br \/>e-mail:&nbsp;gopos@sead.pb.gov.br<\/td><td>8:00h \u00e0s 16:00h<\/td><\/tr><tr><td>Exame M\u00e9dico de<br \/>Aptid\u00e3o F\u00edsica<\/td><td>Fevereiro de 2021<\/td><td>Ger\u00eancia Central de Per\u00edcia M\u00e9dica \u2013 Junta M\u00e9dica do<br \/>Estado \u2013 agendar sua per\u00edcia por meio do e-mail:&nbsp;permedicacentral@sead.pb.gov.br<br \/>Para os Deficientes F\u00edsicos junto a Funda\u00e7\u00e3o Centro<br \/>Integrado de Apoio \u00e0 Pessoa com Defici\u00eancia (FUNAD).<br \/>Endere\u00e7o: Rua: Dr. R. Orestes Lisboa, s\/n \u2013 Pedro<br \/>Gondim, Jo\u00e3o Pessoa \u2013 PB<\/td><td>8:00h \u00e0s 13:00h \u2013<br \/>Junta M\u00e9dica<\/td><\/tr><tr><td>Atestado de Sanidade<br \/>Mental<\/td><td>Fevereiro de 2021<\/td><td>Instituto Juliano Moreira- Av. Pedro II \u2013 Jo\u00e3o Pessoa-PB<\/td><td>8:00h \u00e0s 12:00h<\/td><\/tr><tr><td>Nomea\u00e7\u00e3o<\/td><td>Fevereiro de 2021<\/td><td>Publica\u00e7\u00e3o dos Atos de Nomea\u00e7\u00e3o no Di\u00e1rio Oficial<br \/>do Estado<\/td><td>Fevereiro de 2021<\/td><\/tr><tr><td>Posse<\/td><td>A partir da nomea\u00e7\u00e3o<\/td><td>Ger\u00eancia Operacional de Posse \u2013 GOPOS\/SEAD Centro<br \/>Ecum\u00eanico) por tr\u00e1s do Pal\u00e1cio dos Despachos \u2013 Centro<br \/>Administrativo \u2013 Rua J\u00e3o da Mata s\/n \u2013 Jaguaribe \u2013 Jo\u00e3o<br \/>Pessoa \u2013 PB<\/td><td>8:00h \u00e0s 12:00h e<br \/>de 13h 30min \u00e0s<br \/>16h 30min<\/td><\/tr><tr><td>Declara\u00e7\u00e3o de Exerc\u00edcio<\/td><td>Fevereiro de 2021<\/td><td>Secretaria de Estado da Educa\u00e7\u00e3o e da Ci\u00eancia e Tecnologia \u2013 1\u00ba Bloco \u2013 Centro Administrativo \u2013 Rua J\u00e3o da<br \/>Mata s\/n \u2013 Jaguiaribe \u2013 Jo\u00e3o Pessoa \u2013 PB.<\/td><td>8:00h \u00e0s 12:00h e<br \/>das 13h 30min \u00e0s<br \/>16h 30min<\/td><\/tr><\/tbody><\/table><\/figure>\n\n\n\n<p>Quer saber mais sobre o concurso? Clique no link abaixo e fique por dentro de tudo: <\/p>\n\n\n\n<p class=\"has-text-align-center has-pale-pink-background-color has-background has-medium-font-size\"><strong>Saiba mais: <a href=\"https:\/\/www.estrategiaconcursos.com.br\/blog\/concurso-see-pb\/\" target=\"_blank\" rel=\"noreferrer noopener\">Concurso SEE PB<\/a><\/strong><\/p>\n\n\n\n<h2 class=\"wp-block-heading has-text-align-center\" id=\"cursos\"><strong><em>Quer estudar para Concurso SEE PB?<\/em><\/strong><\/h2>\n\n\n\n<p class=\"has-text-align-center\"><em>Gostou desta oportunidade e deseja come\u00e7ar se preparar agora mesmo? Ent\u00e3o, confira os nossos cursos e comece a estudar para o concurso SEE PB:<\/em><\/p>\n\n\n\n<div class=\"col-sm\">\n      <div class=\"banner-estrategia\" id=\"box-assinatura\">\n        <h3 class=\"titulo-assinatura\">Cursos para SEE PB<\/h3>\n        <p class=\"subtitulo-assinatura\">Conhe\u00e7a os cursos<\/p>\n        <div class=\"box-botao\">\n          <a class=\"btn-assinatura\" target=\"_blank\" href=\"https:\/\/www.estrategiaconcursos.com.br\/cursosPorConcurso\/see-pb\/\" role=\"button\" rel=\"noopener noreferrer\">Conhe\u00e7a mais<\/a>\n        <\/div>\n      <\/div>\n      <p class=\"texto-auxiliar\">Prepare-se com o melhor material e com quem mais aprova em Concursos P\u00fablicos em todo o pa\u00eds.<\/p>\n    <\/div>\n\n\n\n<div class=\"container\" id=\"boxes\">\n  <div class=\"row\">\n\n    <div class=\"col-sm\">\n      <div class=\"estrategia\" id=\"box-assinatura\">\n        <h3 class=\"titulo-assinatura\">Assinatura Ilimitada<\/h3>\n        <p class=\"subtitulo-assinatura\">Assinatura Anual Ilimitada*<\/p>\n        <div class=\"box-botao\">\n          <a class=\"btn-assinatura\" target=\"_blank\" href=\"https:\/\/www.estrategiaconcursos.com.br\/assinaturas\/\" role=\"button\" rel=\"noopener noreferrer\">ASSINE AGORA<\/a>\n        <\/div>\n      <\/div>\n      <p class=\"texto-auxiliar\">Prepare-se com o melhor material e com quem mais aprova em Concursos P\u00fablicos em todo o pa\u00eds. Assine agora a nossa Assinatura Anual e tenha acesso ilimitado* a todos os nossos cursos.<\/p>\n    <\/div>\n\n    <div class=\"col-sm\">\n      <div class=\"questoes\" id=\"box-assinatura\">\n        <h3 class=\"titulo-assinatura\">Sistema de Quest\u00f5es<\/h3>\n        <p class=\"subtitulo-assinatura\">Assinatura Ilimitada*\n<\/p>\n        <div class=\"box-botao\">\n          <a class=\"btn-assinatura\" target=\"_blank\" href=\"https:\/\/www.estrategiaconcursos.com.br\/cursosPorConcurso\/sistema-de-questoes\/#\/\" role=\"button\" rel=\"noopener noreferrer\">ASSINE AGORA<\/a>\n        <\/div>\n      <\/div>\n      <p class=\"texto-auxiliar\">Estrat\u00e9gia Quest\u00f5es nasceu maior do que todos os concorrentes, com mais quest\u00f5es cadastradas e mais solu\u00e7\u00f5es por professores. Clique no link e aproveite os descontos e b\u00f4nus imperd\u00edveis!<\/p>\n    <\/div>\n  <\/div>\n<\/div>\n","protected":false},"excerpt":{"rendered":"<p>A Secretaria da Educa\u00e7\u00e3o e da Ci\u00eancia e Tecnologia da Para\u00edba divulgou nesta segunda-feira, 16 de novembro de 2020, o edital de convoca\u00e7\u00e3o para a nomea\u00e7\u00e3o dos candidatos aprovados no concurso SEE PB. Os&nbsp;candidatos convocados&nbsp;ser\u00e3o&nbsp;nomeados&nbsp;a partir do m\u00eas de&nbsp;fevereiro&nbsp;do ano de&nbsp;2021 e v\u00e3o exercer a fun\u00e7\u00e3o de&nbsp;Professor de Educa\u00e7\u00e3o B\u00e1sica 3. Confira abaixo a lista [&hellip;]<\/p>\n","protected":false},"author":741,"featured_media":91582,"comment_status":"open","ping_status":"closed","sticky":false,"template":"","format":"standard","meta":{"post_tipo":"article","footnotes":""},"categories":[1,3766],"tags":[],"tax_estado":[],"class_list":["post-611032","post","type-post","status-publish","format-standard","has-post-thumbnail","hentry","category-cursos-e-concursos","category-educacional"],"acf":[],"yoast_head":"<!-- This site is optimized with the Yoast SEO Premium plugin v27.2 (Yoast SEO v27.2) - https:\/\/yoast.com\/product\/yoast-seo-premium-wordpress\/ -->\n<title>SEE PB: candidatos s\u00e3o convocados para a NOMEA\u00c7\u00c3O<\/title>\n<meta name=\"description\" content=\"Os candidatos aprovados no concurso SEE PB foram convocados para a etapa de nomea\u00e7\u00e3o. Confira neste artigos todas as informa\u00e7\u00f5es.\" \/>\n<meta name=\"robots\" content=\"index, follow, max-snippet:-1, max-image-preview:large, max-video-preview:-1\" \/>\n<link rel=\"canonical\" href=\"https:\/\/www.estrategiaconcursos.com.br\/blog\/see-pb-nomeacao\/\" \/>\n<meta property=\"og:locale\" content=\"pt_BR\" \/>\n<meta property=\"og:type\" content=\"article\" \/>\n<meta property=\"og:title\" content=\"SEE PB: candidatos s\u00e3o convocados para a NOMEA\u00c7\u00c3O\" \/>\n<meta property=\"og:description\" content=\"Os candidatos aprovados no concurso SEE PB foram convocados para a etapa de nomea\u00e7\u00e3o. Confira neste artigos todas as informa\u00e7\u00f5es.\" \/>\n<meta property=\"og:url\" content=\"https:\/\/www.estrategiaconcursos.com.br\/blog\/see-pb-nomeacao\/\" \/>\n<meta property=\"og:site_name\" content=\"Estrat\u00e9gia Concursos\" \/>\n<meta property=\"article:published_time\" content=\"2020-11-16T12:41:26+00:00\" \/>\n<meta property=\"article:modified_time\" content=\"2023-07-07T12:54:06+00:00\" \/>\n<meta property=\"og:image\" content=\"https:\/\/dhg1h5j42swfq.cloudfront.net\/2017\/08\/05122117\/see-pb-6-e1552493012866.jpg\" \/>\n\t<meta property=\"og:image:width\" content=\"400\" \/>\n\t<meta property=\"og:image:height\" content=\"209\" \/>\n\t<meta property=\"og:image:type\" content=\"image\/jpeg\" \/>\n<meta name=\"author\" content=\"Brunno Lima\" \/>\n<meta name=\"twitter:card\" content=\"summary_large_image\" \/>\n<meta name=\"twitter:creator\" content=\"@EstratConcursos\" \/>\n<meta name=\"twitter:site\" content=\"@EstratConcursos\" \/>\n<meta name=\"twitter:label1\" content=\"Escrito por\" \/>\n\t<meta name=\"twitter:data1\" content=\"Brunno Lima\" \/>\n\t<meta name=\"twitter:label2\" content=\"Est. tempo de leitura\" \/>\n\t<meta name=\"twitter:data2\" content=\"2 minutos\" \/>\n<script type=\"application\/ld+json\" class=\"yoast-schema-graph\">{\"@context\":\"https:\/\/schema.org\",\"@graph\":[{\"@type\":\"NewsArticle\",\"@id\":\"https:\/\/www.estrategiaconcursos.com.br\/blog\/see-pb-nomeacao\/#article\",\"isPartOf\":{\"@id\":\"https:\/\/www.estrategiaconcursos.com.br\/blog\/see-pb-nomeacao\/\"},\"author\":{\"name\":\"Brunno Lima\",\"@id\":\"https:\/\/www.estrategiaconcursos.com.br\/blog\/#\/schema\/person\/2865ec132c3404c9912015dd7a24eb1e\"},\"headline\":\"SEE PB: candidatos s\u00e3o convocados para a NOMEA\u00c7\u00c3O\",\"datePublished\":\"2020-11-16T12:41:26+00:00\",\"dateModified\":\"2023-07-07T12:54:06+00:00\",\"mainEntityOfPage\":{\"@id\":\"https:\/\/www.estrategiaconcursos.com.br\/blog\/see-pb-nomeacao\/\"},\"wordCount\":491,\"commentCount\":0,\"publisher\":{\"@id\":\"https:\/\/www.estrategiaconcursos.com.br\/blog\/#organization\"},\"image\":{\"@id\":\"https:\/\/www.estrategiaconcursos.com.br\/blog\/see-pb-nomeacao\/#primaryimage\"},\"thumbnailUrl\":\"https:\/\/dhg1h5j42swfq.cloudfront.net\/2017\/08\/05122117\/see-pb-6-e1552493012866.jpg\",\"articleSection\":[\"Concursos P\u00fablicos\",\"Educa\u00e7\u00e3o\"],\"inLanguage\":\"pt-BR\",\"potentialAction\":[{\"@type\":\"CommentAction\",\"name\":\"Comment\",\"target\":[\"https:\/\/www.estrategiaconcursos.com.br\/blog\/see-pb-nomeacao\/#respond\"]}],\"copyrightYear\":\"2020\",\"copyrightHolder\":{\"@id\":\"https:\/\/www.estrategiaconcursos.com.br\/blog\/#organization\"}},{\"@type\":\"WebPage\",\"@id\":\"https:\/\/www.estrategiaconcursos.com.br\/blog\/see-pb-nomeacao\/\",\"url\":\"https:\/\/www.estrategiaconcursos.com.br\/blog\/see-pb-nomeacao\/\",\"name\":\"SEE PB: candidatos s\u00e3o convocados para a NOMEA\u00c7\u00c3O\",\"isPartOf\":{\"@id\":\"https:\/\/www.estrategiaconcursos.com.br\/blog\/#website\"},\"primaryImageOfPage\":{\"@id\":\"https:\/\/www.estrategiaconcursos.com.br\/blog\/see-pb-nomeacao\/#primaryimage\"},\"image\":{\"@id\":\"https:\/\/www.estrategiaconcursos.com.br\/blog\/see-pb-nomeacao\/#primaryimage\"},\"thumbnailUrl\":\"https:\/\/dhg1h5j42swfq.cloudfront.net\/2017\/08\/05122117\/see-pb-6-e1552493012866.jpg\",\"datePublished\":\"2020-11-16T12:41:26+00:00\",\"dateModified\":\"2023-07-07T12:54:06+00:00\",\"description\":\"Os candidatos aprovados no concurso SEE PB foram convocados para a etapa de nomea\u00e7\u00e3o. Confira neste artigos todas as informa\u00e7\u00f5es.\",\"breadcrumb\":{\"@id\":\"https:\/\/www.estrategiaconcursos.com.br\/blog\/see-pb-nomeacao\/#breadcrumb\"},\"inLanguage\":\"pt-BR\",\"potentialAction\":[{\"@type\":\"ReadAction\",\"target\":[\"https:\/\/www.estrategiaconcursos.com.br\/blog\/see-pb-nomeacao\/\"]}]},{\"@type\":\"ImageObject\",\"inLanguage\":\"pt-BR\",\"@id\":\"https:\/\/www.estrategiaconcursos.com.br\/blog\/see-pb-nomeacao\/#primaryimage\",\"url\":\"https:\/\/dhg1h5j42swfq.cloudfront.net\/2017\/08\/05122117\/see-pb-6-e1552493012866.jpg\",\"contentUrl\":\"https:\/\/dhg1h5j42swfq.cloudfront.net\/2017\/08\/05122117\/see-pb-6-e1552493012866.jpg\",\"width\":400,\"height\":209,\"caption\":\"Concurso SEE PB\"},{\"@type\":\"BreadcrumbList\",\"@id\":\"https:\/\/www.estrategiaconcursos.com.br\/blog\/see-pb-nomeacao\/#breadcrumb\",\"itemListElement\":[{\"@type\":\"ListItem\",\"position\":1,\"name\":\"In\u00edcio\",\"item\":\"https:\/\/www.estrategiaconcursos.com.br\/blog\/\"},{\"@type\":\"ListItem\",\"position\":2,\"name\":\"SEE PB: candidatos s\u00e3o convocados para a NOMEA\u00c7\u00c3O\"}]},{\"@type\":\"WebSite\",\"@id\":\"https:\/\/www.estrategiaconcursos.com.br\/blog\/#website\",\"url\":\"https:\/\/www.estrategiaconcursos.com.br\/blog\/\",\"name\":\"Estrat\u00e9gia Concursos\",\"description\":\"O blog da Estrat\u00e9gia Concursos traz not\u00edcias sobre concursos e artigos de professores oferecendo cursos para concursos (pdf + videaulas) no site.\",\"publisher\":{\"@id\":\"https:\/\/www.estrategiaconcursos.com.br\/blog\/#organization\"},\"potentialAction\":[{\"@type\":\"SearchAction\",\"target\":{\"@type\":\"EntryPoint\",\"urlTemplate\":\"https:\/\/www.estrategiaconcursos.com.br\/blog\/?s={search_term_string}\"},\"query-input\":{\"@type\":\"PropertyValueSpecification\",\"valueRequired\":true,\"valueName\":\"search_term_string\"}}],\"inLanguage\":\"pt-BR\"},{\"@type\":\"Organization\",\"@id\":\"https:\/\/www.estrategiaconcursos.com.br\/blog\/#organization\",\"name\":\"Estrat\u00e9gia Concursos\",\"url\":\"https:\/\/www.estrategiaconcursos.com.br\/blog\/\",\"logo\":{\"@type\":\"ImageObject\",\"inLanguage\":\"pt-BR\",\"@id\":\"https:\/\/www.estrategiaconcursos.com.br\/blog\/#\/schema\/logo\/image\/\",\"url\":\"https:\/\/dhg1h5j42swfq.cloudfront.net\/2025\/06\/03203428\/logo_concursos-1.jpg\",\"contentUrl\":\"https:\/\/dhg1h5j42swfq.cloudfront.net\/2025\/06\/03203428\/logo_concursos-1.jpg\",\"width\":230,\"height\":60,\"caption\":\"Estrat\u00e9gia Concursos\"},\"image\":{\"@id\":\"https:\/\/www.estrategiaconcursos.com.br\/blog\/#\/schema\/logo\/image\/\"},\"sameAs\":[\"https:\/\/x.com\/EstratConcursos\"]},{\"@type\":\"Person\",\"@id\":\"https:\/\/www.estrategiaconcursos.com.br\/blog\/#\/schema\/person\/2865ec132c3404c9912015dd7a24eb1e\",\"name\":\"Brunno Lima\",\"image\":{\"@type\":\"ImageObject\",\"inLanguage\":\"pt-BR\",\"@id\":\"https:\/\/secure.gravatar.com\/avatar\/d40b472e5e2856222d4a4a1c3ee2189ed7d7a9f67dc3343b880cc1889a7bd6af?s=96&d=mm&r=g\",\"url\":\"https:\/\/secure.gravatar.com\/avatar\/d40b472e5e2856222d4a4a1c3ee2189ed7d7a9f67dc3343b880cc1889a7bd6af?s=96&d=mm&r=g\",\"contentUrl\":\"https:\/\/secure.gravatar.com\/avatar\/d40b472e5e2856222d4a4a1c3ee2189ed7d7a9f67dc3343b880cc1889a7bd6af?s=96&d=mm&r=g\",\"caption\":\"Brunno Lima\"},\"url\":\"https:\/\/www.estrategiaconcursos.com.br\/blog\/author\/brunnoestrategiaconcursos-com-br\/\"}]}<\/script>\n<!-- \/ Yoast SEO Premium plugin. -->","yoast_head_json":{"title":"SEE PB: candidatos s\u00e3o convocados para a NOMEA\u00c7\u00c3O","description":"Os candidatos aprovados no concurso SEE PB foram convocados para a etapa de nomea\u00e7\u00e3o. Confira neste artigos todas as informa\u00e7\u00f5es.","robots":{"index":"index","follow":"follow","max-snippet":"max-snippet:-1","max-image-preview":"max-image-preview:large","max-video-preview":"max-video-preview:-1"},"canonical":"https:\/\/www.estrategiaconcursos.com.br\/blog\/see-pb-nomeacao\/","og_locale":"pt_BR","og_type":"article","og_title":"SEE PB: candidatos s\u00e3o convocados para a NOMEA\u00c7\u00c3O","og_description":"Os candidatos aprovados no concurso SEE PB foram convocados para a etapa de nomea\u00e7\u00e3o. Confira neste artigos todas as informa\u00e7\u00f5es.","og_url":"https:\/\/www.estrategiaconcursos.com.br\/blog\/see-pb-nomeacao\/","og_site_name":"Estrat\u00e9gia Concursos","article_published_time":"2020-11-16T12:41:26+00:00","article_modified_time":"2023-07-07T12:54:06+00:00","og_image":[{"width":400,"height":209,"url":"https:\/\/dhg1h5j42swfq.cloudfront.net\/2017\/08\/05122117\/see-pb-6-e1552493012866.jpg","type":"image\/jpeg"}],"author":"Brunno Lima","twitter_card":"summary_large_image","twitter_creator":"@EstratConcursos","twitter_site":"@EstratConcursos","twitter_misc":{"Escrito por":"Brunno Lima","Est. tempo de leitura":"2 minutos"},"schema":{"@context":"https:\/\/schema.org","@graph":[{"@type":"NewsArticle","@id":"https:\/\/www.estrategiaconcursos.com.br\/blog\/see-pb-nomeacao\/#article","isPartOf":{"@id":"https:\/\/www.estrategiaconcursos.com.br\/blog\/see-pb-nomeacao\/"},"author":{"name":"Brunno Lima","@id":"https:\/\/www.estrategiaconcursos.com.br\/blog\/#\/schema\/person\/2865ec132c3404c9912015dd7a24eb1e"},"headline":"SEE PB: candidatos s\u00e3o convocados para a NOMEA\u00c7\u00c3O","datePublished":"2020-11-16T12:41:26+00:00","dateModified":"2023-07-07T12:54:06+00:00","mainEntityOfPage":{"@id":"https:\/\/www.estrategiaconcursos.com.br\/blog\/see-pb-nomeacao\/"},"wordCount":491,"commentCount":0,"publisher":{"@id":"https:\/\/www.estrategiaconcursos.com.br\/blog\/#organization"},"image":{"@id":"https:\/\/www.estrategiaconcursos.com.br\/blog\/see-pb-nomeacao\/#primaryimage"},"thumbnailUrl":"https:\/\/dhg1h5j42swfq.cloudfront.net\/2017\/08\/05122117\/see-pb-6-e1552493012866.jpg","articleSection":["Concursos P\u00fablicos","Educa\u00e7\u00e3o"],"inLanguage":"pt-BR","potentialAction":[{"@type":"CommentAction","name":"Comment","target":["https:\/\/www.estrategiaconcursos.com.br\/blog\/see-pb-nomeacao\/#respond"]}],"copyrightYear":"2020","copyrightHolder":{"@id":"https:\/\/www.estrategiaconcursos.com.br\/blog\/#organization"}},{"@type":"WebPage","@id":"https:\/\/www.estrategiaconcursos.com.br\/blog\/see-pb-nomeacao\/","url":"https:\/\/www.estrategiaconcursos.com.br\/blog\/see-pb-nomeacao\/","name":"SEE PB: candidatos s\u00e3o convocados para a NOMEA\u00c7\u00c3O","isPartOf":{"@id":"https:\/\/www.estrategiaconcursos.com.br\/blog\/#website"},"primaryImageOfPage":{"@id":"https:\/\/www.estrategiaconcursos.com.br\/blog\/see-pb-nomeacao\/#primaryimage"},"image":{"@id":"https:\/\/www.estrategiaconcursos.com.br\/blog\/see-pb-nomeacao\/#primaryimage"},"thumbnailUrl":"https:\/\/dhg1h5j42swfq.cloudfront.net\/2017\/08\/05122117\/see-pb-6-e1552493012866.jpg","datePublished":"2020-11-16T12:41:26+00:00","dateModified":"2023-07-07T12:54:06+00:00","description":"Os candidatos aprovados no concurso SEE PB foram convocados para a etapa de nomea\u00e7\u00e3o. Confira neste artigos todas as informa\u00e7\u00f5es.","breadcrumb":{"@id":"https:\/\/www.estrategiaconcursos.com.br\/blog\/see-pb-nomeacao\/#breadcrumb"},"inLanguage":"pt-BR","potentialAction":[{"@type":"ReadAction","target":["https:\/\/www.estrategiaconcursos.com.br\/blog\/see-pb-nomeacao\/"]}]},{"@type":"ImageObject","inLanguage":"pt-BR","@id":"https:\/\/www.estrategiaconcursos.com.br\/blog\/see-pb-nomeacao\/#primaryimage","url":"https:\/\/dhg1h5j42swfq.cloudfront.net\/2017\/08\/05122117\/see-pb-6-e1552493012866.jpg","contentUrl":"https:\/\/dhg1h5j42swfq.cloudfront.net\/2017\/08\/05122117\/see-pb-6-e1552493012866.jpg","width":400,"height":209,"caption":"Concurso SEE PB"},{"@type":"BreadcrumbList","@id":"https:\/\/www.estrategiaconcursos.com.br\/blog\/see-pb-nomeacao\/#breadcrumb","itemListElement":[{"@type":"ListItem","position":1,"name":"In\u00edcio","item":"https:\/\/www.estrategiaconcursos.com.br\/blog\/"},{"@type":"ListItem","position":2,"name":"SEE PB: candidatos s\u00e3o convocados para a NOMEA\u00c7\u00c3O"}]},{"@type":"WebSite","@id":"https:\/\/www.estrategiaconcursos.com.br\/blog\/#website","url":"https:\/\/www.estrategiaconcursos.com.br\/blog\/","name":"Estrat\u00e9gia Concursos","description":"O blog da Estrat\u00e9gia Concursos traz not\u00edcias sobre concursos e artigos de professores oferecendo cursos para concursos (pdf + videaulas) no site.","publisher":{"@id":"https:\/\/www.estrategiaconcursos.com.br\/blog\/#organization"},"potentialAction":[{"@type":"SearchAction","target":{"@type":"EntryPoint","urlTemplate":"https:\/\/www.estrategiaconcursos.com.br\/blog\/?s={search_term_string}"},"query-input":{"@type":"PropertyValueSpecification","valueRequired":true,"valueName":"search_term_string"}}],"inLanguage":"pt-BR"},{"@type":"Organization","@id":"https:\/\/www.estrategiaconcursos.com.br\/blog\/#organization","name":"Estrat\u00e9gia Concursos","url":"https:\/\/www.estrategiaconcursos.com.br\/blog\/","logo":{"@type":"ImageObject","inLanguage":"pt-BR","@id":"https:\/\/www.estrategiaconcursos.com.br\/blog\/#\/schema\/logo\/image\/","url":"https:\/\/dhg1h5j42swfq.cloudfront.net\/2025\/06\/03203428\/logo_concursos-1.jpg","contentUrl":"https:\/\/dhg1h5j42swfq.cloudfront.net\/2025\/06\/03203428\/logo_concursos-1.jpg","width":230,"height":60,"caption":"Estrat\u00e9gia Concursos"},"image":{"@id":"https:\/\/www.estrategiaconcursos.com.br\/blog\/#\/schema\/logo\/image\/"},"sameAs":["https:\/\/x.com\/EstratConcursos"]},{"@type":"Person","@id":"https:\/\/www.estrategiaconcursos.com.br\/blog\/#\/schema\/person\/2865ec132c3404c9912015dd7a24eb1e","name":"Brunno Lima","image":{"@type":"ImageObject","inLanguage":"pt-BR","@id":"https:\/\/secure.gravatar.com\/avatar\/d40b472e5e2856222d4a4a1c3ee2189ed7d7a9f67dc3343b880cc1889a7bd6af?s=96&d=mm&r=g","url":"https:\/\/secure.gravatar.com\/avatar\/d40b472e5e2856222d4a4a1c3ee2189ed7d7a9f67dc3343b880cc1889a7bd6af?s=96&d=mm&r=g","contentUrl":"https:\/\/secure.gravatar.com\/avatar\/d40b472e5e2856222d4a4a1c3ee2189ed7d7a9f67dc3343b880cc1889a7bd6af?s=96&d=mm&r=g","caption":"Brunno Lima"},"url":"https:\/\/www.estrategiaconcursos.com.br\/blog\/author\/brunnoestrategiaconcursos-com-br\/"}]}},"_links":{"self":[{"href":"https:\/\/www.estrategiaconcursos.com.br\/blog\/wp-json\/wp\/v2\/posts\/611032","targetHints":{"allow":["GET"]}}],"collection":[{"href":"https:\/\/www.estrategiaconcursos.com.br\/blog\/wp-json\/wp\/v2\/posts"}],"about":[{"href":"https:\/\/www.estrategiaconcursos.com.br\/blog\/wp-json\/wp\/v2\/types\/post"}],"author":[{"embeddable":true,"href":"https:\/\/www.estrategiaconcursos.com.br\/blog\/wp-json\/wp\/v2\/users\/741"}],"replies":[{"embeddable":true,"href":"https:\/\/www.estrategiaconcursos.com.br\/blog\/wp-json\/wp\/v2\/comments?post=611032"}],"version-history":[{"count":9,"href":"https:\/\/www.estrategiaconcursos.com.br\/blog\/wp-json\/wp\/v2\/posts\/611032\/revisions"}],"predecessor-version":[{"id":1244889,"href":"https:\/\/www.estrategiaconcursos.com.br\/blog\/wp-json\/wp\/v2\/posts\/611032\/revisions\/1244889"}],"wp:featuredmedia":[{"embeddable":true,"href":"https:\/\/www.estrategiaconcursos.com.br\/blog\/wp-json\/wp\/v2\/media\/91582"}],"wp:attachment":[{"href":"https:\/\/www.estrategiaconcursos.com.br\/blog\/wp-json\/wp\/v2\/media?parent=611032"}],"wp:term":[{"taxonomy":"category","embeddable":true,"href":"https:\/\/www.estrategiaconcursos.com.br\/blog\/wp-json\/wp\/v2\/categories?post=611032"},{"taxonomy":"post_tag","embeddable":true,"href":"https:\/\/www.estrategiaconcursos.com.br\/blog\/wp-json\/wp\/v2\/tags?post=611032"},{"taxonomy":"tax_estado","embeddable":true,"href":"https:\/\/www.estrategiaconcursos.com.br\/blog\/wp-json\/wp\/v2\/tax_estado?post=611032"}],"curies":[{"name":"wp","href":"https:\/\/api.w.org\/{rel}","templated":true}]}}