{"id":610214,"date":"2020-11-16T15:34:43","date_gmt":"2020-11-16T18:34:43","guid":{"rendered":"https:\/\/www.estrategiaconcursos.com.br\/blog\/?p=610214"},"modified":"2023-07-03T15:44:30","modified_gmt":"2023-07-03T18:44:30","slug":"poder-legislativo-na-constituicao-federal-resumo-parte-1","status":"publish","type":"post","link":"https:\/\/www.estrategiaconcursos.com.br\/blog\/poder-legislativo-na-constituicao-federal-resumo-parte-1\/","title":{"rendered":"Poder Legislativo na Constitui\u00e7\u00e3o Federal \u2013 resumo \u2013 parte 1"},"content":{"rendered":"\n<p>Ol\u00e1, pessoal. Tudo certo? No artigo de hoje veremos sobre o Poder Legislativo na Constitui\u00e7\u00e3o Federal, na realidade focaremos no Poder Legislativo Federal, tratando sobre o Congresso Nacional e suas respectivas Casas, principalmente nas compet\u00eancias (atribui\u00e7\u00f5es) de cada um.<\/p>\n\n\n\n<p>Bora l\u00e1?<\/p>\n\n\n\n<figure class=\"wp-block-image aligncenter size-large\"><img loading=\"lazy\" decoding=\"async\" width=\"1024\" height=\"372\" src=\"https:\/\/dhg1h5j42swfq.cloudfront.net\/2020\/11\/16133347\/image-217-1024x372.png\" alt=\"\" class=\"wp-image-611218\" srcset=\"https:\/\/dhg1h5j42swfq.cloudfront.net\/2020\/11\/16133347\/image-217-1024x372.png 1024w, https:\/\/dhg1h5j42swfq.cloudfront.net\/2020\/11\/16133347\/image-217-300x109.png 300w, https:\/\/dhg1h5j42swfq.cloudfront.net\/2020\/11\/16133347\/image-217-768x279.png 768w, https:\/\/dhg1h5j42swfq.cloudfront.net\/2020\/11\/16133347\/image-217-610x222.png 610w, https:\/\/dhg1h5j42swfq.cloudfront.net\/2020\/11\/16133347\/image-217.png 1170w\" sizes=\"auto, (max-width: 1024px) 100vw, 1024px\" \/><figcaption class=\"wp-element-caption\">Congresso Nacional<\/figcaption><\/figure>\n\n\n\n<h2 class=\"wp-block-heading\" id=\"h-o-congresso-nacional\">O Congresso Nacional<\/h2>\n\n\n\n<p>O Poder Legislativo no \u00e2mbito federal \u00e9 exerc\u00edcio pelo <strong><span class=\"has-inline-color has-vivid-cyan-blue-color\">Congresso Nacional<\/span> (Art. 44) <\/strong>e esse \u00e9 composto:<\/p>\n\n\n\n<ul class=\"wp-block-list\">\n<li><strong><span class=\"has-inline-color has-vivid-green-cyan-color\">C\u00e2mara dos Deputados<\/span>: <\/strong>comp\u00f5e-se de <strong>representantes do <span class=\"has-inline-color has-vivid-red-color\">povo<\/span><\/strong>, eleitos, pelo <strong>sistema proporcional<span class=\"has-inline-color has-luminous-vivid-amber-color\">*<\/span><\/strong>, em cada Estado, em cada Territ\u00f3rio e no Distrito Federal (Art. 45).<\/li>\n<\/ul>\n\n\n\n<p><strong><span class=\"has-inline-color has-vivid-purple-color\">N\u00ba de deputados: <\/span>513 <\/strong>(atualmente)<strong>, <\/strong>sendo o <strong>n\u00famero total de Deputados<\/strong> bem como a <strong>representa\u00e7\u00e3o <\/strong>por Estado e pelo Distrito Federal estabelecidos por <strong><span class=\"has-inline-color has-vivid-red-color\">lei complementar<\/span><\/strong>, proporcionalmente \u00e0 popula\u00e7\u00e3o (Art. 45, \u00a71\u00ba).<\/p>\n\n\n\n<p><mark style=\"background-color:rgba(0, 0, 0, 0)\" class=\"has-inline-color has-vivid-purple-color\"><strong>N\u00ba m\u00ednimo e m\u00e1ximo<\/strong>:<\/mark> cada Estado deve ter <strong>pelo menos de 8<\/strong> e no <strong>m\u00e1ximo 70<\/strong> (Art. 45, \u00a71\u00ba).<\/p>\n\n\n\n<p><strong><span class=\"has-inline-color has-vivid-purple-color\">Tempo de mandato<\/span><\/strong>: 4 anos<\/p>\n\n\n\n<ul class=\"wp-block-list\">\n<li><strong><span class=\"has-inline-color has-vivid-green-cyan-color\">Senado Federal<\/span>: representantes dos <\/strong><span class=\"has-inline-color has-vivid-red-color\"><strong>Estados<\/strong> <\/span>e do Distrito Federal, eleitos segundo o <strong>princ\u00edpio majorit\u00e1rio<span class=\"has-inline-color has-luminous-vivid-amber-color\">*<\/span> <\/strong>(Art. 46).<\/li>\n<\/ul>\n\n\n\n<p><strong><span class=\"has-inline-color has-vivid-purple-color\">N\u00ba de deputados:<\/span> <\/strong>3 Senadores por Estado (3 x 27 = <strong>81<\/strong>), tendo cada senador eleito 2 suplentes (Art. 46 \u00a73\u00ba).<\/p>\n\n\n\n<p><strong><span class=\"has-inline-color has-vivid-purple-color\">Tempo de mandato<\/span><\/strong>: <strong>8 anos<\/strong>, sendo a representa\u00e7\u00e3o de cada Estado e do Distrito Federal <strong>renovada<\/strong> de <strong>4 em 4 anos, alternadamente, <\/strong>por <strong>1\/3 e 2\/3 <\/strong>do Senado (Art. 46, \u00a72\u00ba).<\/p>\n\n\n\n<p>Ou seja, diferentemente de Munic\u00edpios (C\u00e2mara Municipal) e Estados (Assembleia Legislativa), o Poder Legislativo Federal \u00e9 <strong>bicameral<\/strong>.<\/p>\n\n\n\n<p><strong><span class=\"has-inline-color has-cyan-bluish-gray-color\">Sistema proporcional X Sistema Majorit\u00e1rio<\/span><span class=\"has-inline-color has-luminous-vivid-amber-color\">*<\/span><\/strong><\/p>\n\n\n\n<p>O <strong><span class=\"has-inline-color has-vivid-purple-color\">sistema proporcional<\/span><\/strong> \u00e9 aquele que cada partido ter\u00e1 um n\u00famero de representantes <strong>proporcional ao percentual de votos do partido,<\/strong> utiliza-se o m\u00e9todo do quociente eleitoral. Ex: Partido obteve 10% do total dos votos, ter\u00e1 10% de \u201ccadeiras\u201d.<\/p>\n\n\n\n<p>J\u00e1 o <strong><span class=\"has-inline-color has-vivid-purple-color\">sistema majorit\u00e1rio<\/span><\/strong> \u00e9 aquele que o candidato com <strong>maior n\u00famero de votos<\/strong> \u00e9 eleito.<\/p>\n\n\n\n<h2 class=\"wp-block-heading\" id=\"h-decisoes\">Decis\u00f5es<strong><\/strong><\/h2>\n\n\n\n<p>Como sabemos uma das <strong>fun\u00e7\u00f5es<\/strong> do Congresso Nacional \u00e9 a fun\u00e7\u00e3o <strong>legislativa<\/strong>, ou seja, elaborar leis, nesse sentido a CF disciplinou no artigo 47 que, salvo disposi\u00e7\u00e3o <span class=\"has-inline-color has-vivid-red-color\"><strong>constitucional<\/strong> <\/span>em contr\u00e1rio, as <span class=\"has-inline-color has-vivid-cyan-blue-color\"><strong>delibera\u00e7\u00f5es<\/strong> <\/span>de cada Casa e de suas Comiss\u00f5es <strong>ser\u00e3o tomadas por maioria<\/strong> simples dos votos, ou seja, a maioria dos presentes desde que <strong>presente a maioria absoluta<\/strong> (maioria efetiva) de seus membros.<\/p>\n\n\n\n<h3 class=\"wp-block-heading\" id=\"h-legislatura-x-sessao-legislativa\">Legislatura x Sess\u00e3o Legislativa:<\/h3>\n\n\n\n<p>Pegadinha recorrente em prova \u00e9 a mudan\u00e7as dos termos <strong>Legislatura<\/strong> e <strong>Sess\u00e3o legislativa<\/strong>, ent\u00e3o fique atento.<\/p>\n\n\n\n<ul class=\"wp-block-list\">\n<li><strong><mark style=\"background-color:rgba(0, 0, 0, 0)\" class=\"has-inline-color has-vivid-purple-color\">Legislatura<\/mark><\/strong>: <strong>Per\u00edodo de mandato dos parlamentares<\/strong> que corresponde a <strong><mark style=\"background-color:rgba(0, 0, 0, 0)\" class=\"has-inline-color has-vivid-red-color\">4 anos<\/mark> <\/strong>(o senador possui duas legislaturas). Cada legislatura cont\u00e9m quatro sess\u00f5es legislativas, conforme o site do Senado.<\/li>\n<\/ul>\n\n\n\n<ul class=\"wp-block-list\">\n<li><strong><span class=\"has-inline-color has-vivid-purple-color\">Sess\u00e3o Legislativa:<\/span> <\/strong>\u00c9 o <strong>per\u00edodo de atividade normal do Congresso<\/strong> a <strong><span class=\"has-inline-color has-vivid-red-color\">cada ano<\/span><\/strong>.&nbsp;Cada sess\u00e3o legislativa ordin\u00e1ria divide-se em&nbsp;dois&nbsp;per\u00edodos legislativos ordin\u00e1rios:&nbsp;o primeiro vai de 2 de fevereiro a 17 de julho&nbsp;e o&nbsp;segundo, de 1\u00ba de agosto a 22 de dezembro, conforme o <a href=\"https:\/\/www12.senado.leg.br\/perguntas-frequentes\/perguntas-frequentes\/canais-de-atendimento\/atividade-legislativa\/o-que-e-sessao-legislativa\" data-type=\"URL\" data-id=\"https:\/\/www12.senado.leg.br\/perguntas-frequentes\/perguntas-frequentes\/canais-de-atendimento\/atividade-legislativa\/o-que-e-sessao-legislativa\">Senado<\/a>.<\/li>\n<\/ul>\n\n\n\n<h3 class=\"wp-block-heading\" id=\"h-atribuicoes-do-congresso-nacional\">Atribui\u00e7\u00f5es do Congresso Nacional<\/h3>\n\n\n\n<p>As atribui\u00e7\u00f5es do Congresso Nacional foram previstas no artigo 48 e 49 da Constitui\u00e7\u00e3o, podemos separar em dos grupos, as que necessitam de <strong>san\u00e7\u00e3o do presidente<\/strong> (aquelas tratadas por lei) e as que <strong>n\u00e3o necessitam de san\u00e7\u00e3o<\/strong>, a\u00e7\u00f5es efetivadas por decreto legislativo.<\/p>\n\n\n\n<ul class=\"wp-block-list\">\n<li><strong><span class=\"has-inline-color has-vivid-purple-color\">Com san\u00e7\u00e3o do PR <\/span>(Art. 48):<\/strong> Quando o Congresso Nacional <strong>disp\u00f5e sobre mat\u00e9rias via lei.<\/strong><\/li>\n\n\n\n<li><strong><span class=\"has-inline-color has-vivid-purple-color\">Sem san\u00e7\u00e3o do PR<\/span> (Art. 49):<\/strong> Quando o Congresso Nacional <strong>age<\/strong> -&gt; <span class=\"has-inline-color has-luminous-vivid-amber-color\"><strong>Verbos<\/strong>&nbsp;<\/span><\/li>\n<\/ul>\n\n\n\n<p>OK, vejamos agora algumas dessas atribui\u00e7\u00f5es.<\/p>\n\n\n\n<h4 class=\"wp-block-heading\" id=\"h-competencia-privativa\">Compet\u00eancia Privativa<\/h4>\n\n\n\n<p><em>Art. 48.<span class=\"has-inline-color has-vivid-purple-color\"> <\/span><strong><span class=\"has-inline-color has-vivid-cyan-blue-color\">Cabe ao Congresso Nacional<\/span><\/strong>, <strong><span class=\"has-inline-color has-vivid-red-color\">com <\/span>a san\u00e7\u00e3o do Presidente<\/strong> da Rep\u00fablica, n\u00e3o exigida esta para o especificado nos arts. 49, 51 e 52, <strong>dispor <\/strong>sobre todas as mat\u00e9rias de compet\u00eancia da Uni\u00e3o, <strong>especialmente sobre<\/strong>:<\/em><\/p>\n\n\n\n<p><em>III &#8211; fixa\u00e7\u00e3o e modifica\u00e7\u00e3o do efetivo das <\/em><strong><em><span class=\"has-inline-color has-vivid-green-cyan-color\">For\u00e7as Armadas<\/span><\/em><\/strong><em>; &#8211;<span class=\"has-inline-color has-vivid-purple-color\">&gt; N\u00e3o confunda com a compet\u00eancia privativa do Presidente de exercer o comando supremo das For\u00e7as Armadas.<\/span><\/em><\/p>\n\n\n\n<p><em>VIII &#8211; <strong>concess\u00e3o <\/strong>de <\/em><strong><em><span class=\"has-inline-color has-vivid-green-cyan-color\">anistia<\/span><\/em><\/strong><em>; &#8211;<span class=\"has-inline-color has-vivid-purple-color\">&gt; Enquanto fica com o Presidente a compet\u00eancia de concess\u00e3o de indulto<\/span><\/em><\/p>\n\n\n\n<p><em>X \u2013 cria\u00e7\u00e3o, transforma\u00e7\u00e3o e <\/em><strong><em><span class=\"has-inline-color has-vivid-green-cyan-color\">extin\u00e7\u00e3o de cargos<\/span><\/em><\/strong><em>, empregos e fun\u00e7\u00f5es p\u00fablicas, observado o que estabelece o art. 84, VI,&nbsp;b;&nbsp; <span class=\"has-inline-color has-vivid-purple-color\">-&gt; lembre-se tamb\u00e9m da compet\u00eancia do Presidente para extin\u00e7\u00e3o dos cargos <\/span><span class=\"has-inline-color has-vivid-red-color\">vagos <\/span><span class=\"has-inline-color has-vivid-purple-color\">por decreto aut\u00f4nomo (Art. 84 XXV)<\/span><\/em><\/p>\n\n\n\n<p><em>IX &#8211; <\/em><strong><span class=\"has-inline-color has-vivid-green-cyan-color\"><em>organiza\u00e7\u00e3o<\/em><\/span><\/strong><em><span class=\"has-inline-color has-vivid-green-cyan-color\"> <\/span>administrativa, judici\u00e1ria, do <\/em><strong><em><span class=\"has-inline-color has-vivid-green-cyan-color\">Minist\u00e9rio P\u00fablico e da Defensoria P\u00fablica da Uni\u00e3o e dos Territ\u00f3rios<\/span><\/em><\/strong><em> e organiza\u00e7\u00e3o judici\u00e1ria e do Minist\u00e9rio P\u00fablico do <\/em><strong><span class=\"has-inline-color has-vivid-green-cyan-color\"><em>Distrito Federal<\/em><\/span><\/strong><em><span class=\"has-inline-color has-vivid-green-cyan-color\">;<\/span><\/em><\/p>\n\n\n\n<p><em>XIV &#8211; moeda, seus limites de emiss\u00e3o, e montante da <\/em><strong><em><span class=\"has-inline-color has-vivid-green-cyan-color\">d\u00edvida mobili\u00e1ria <\/span><span class=\"has-inline-color has-vivid-red-color\">federal<\/span><\/em><\/strong><em>.<\/em><\/p>\n\n\n\n<p><em>XV &#8211; <\/em><strong><em>fixa\u00e7\u00e3o do <span class=\"has-inline-color has-vivid-green-cyan-color\">subs\u00eddio dos Ministros do Supremo Tribunal Federal<\/span><\/em><\/strong><em>, observado o que disp\u00f5em os arts. 39, \u00a7 4\u00ba; 150, II; 153, III; e 153, \u00a7 2\u00ba, I.&nbsp;<\/em><em><span class=\"has-inline-color has-vivid-purple-color\">-&gt; a fixa\u00e7\u00e3o do subs\u00eddio dos Ministros do STF depende de lei, entretanto a iniciativa \u00e9 do pr\u00f3prio STF (Art. 96, II, b)<\/span><\/em>.<\/p>\n\n\n\n<h4 class=\"wp-block-heading\" id=\"h-competencia-exclusiva\">Compet\u00eancia Exclusiva<\/h4>\n\n\n\n<p>J\u00e1 as compet\u00eancias exclusivas podem ser observadas no artigo 49. Atente-se que por ser uma compet\u00eancia material, os incisivos sempre iniciam por <strong>verbos<\/strong>.<\/p>\n\n\n\n<p>Art. 49. \u00c9 da <strong><span class=\"has-inline-color has-vivid-cyan-blue-color\">compet\u00eancia exclusiva do Congresso Nacional<\/span><\/strong>:<\/p>\n\n\n\n<p><em>III &#8211; <strong>autorizar<\/strong> o <\/em><strong><em><span class=\"has-inline-color has-vivid-green-cyan-color\">Presidente<\/span><\/em><\/strong><em> e o <\/em><strong><em>Vice<\/em><\/strong><em>-Presidente da Rep\u00fablica a se <\/em><strong><em><span class=\"has-inline-color has-vivid-green-cyan-color\">ausentarem do Pa\u00eds<\/span><\/em><\/strong><em>, quando a aus\u00eancia <strong>exceder<\/strong> a <\/em><strong><em><span class=\"has-inline-color has-vivid-red-color\">quinze dias<\/span><\/em><\/strong><em>; <span class=\"has-inline-color has-vivid-purple-color\">-&gt; As bancas por vezes tentam confundir o candidato trocando por 10 dias, aten\u00e7\u00e3o<\/span><\/em>!<\/p>\n\n\n\n<p><em>IV &#8211; <strong>aprovar<\/strong> o <strong><span class=\"has-inline-color has-vivid-green-cyan-color\">estado de defesa<\/span><\/strong> e a <strong><span class=\"has-inline-color has-vivid-green-cyan-color\">interven\u00e7\u00e3o federal<\/span><\/strong>, <strong>autorizar<\/strong> o <strong><span class=\"has-inline-color has-vivid-green-cyan-color\">estado de s\u00edtio<\/span><\/strong>, ou <strong>suspender<\/strong> qualquer uma dessas medidas;<span class=\"has-inline-color has-vivid-purple-color\">-&gt; Estado de defesa, estado de s\u00edtio e interven\u00e7\u00e3o federal s\u00e3o decretados pelo presidente (Art. 84, IX e X).<\/span><\/em><\/p>\n\n\n\n<p><em>V &#8211; <strong>sustar<\/strong> os <strong><span class=\"has-inline-color has-vivid-green-cyan-color\">atos normativos<\/span><\/strong> do Poder <strong><span class=\"has-inline-color has-vivid-green-cyan-color\">Executivo<\/span><\/strong> que <strong><span class=\"has-inline-color has-vivid-red-color\">exorbitem <\/span>do poder regulamentar<\/strong> ou dos limites de delega\u00e7\u00e3o legislativa; <\/em><\/p>\n\n\n\n<p><em>VIII &#8211; <strong>fixar<\/strong> os <strong><span class=\"has-inline-color has-vivid-green-cyan-color\">subs\u00eddios do Presidente<\/span><\/strong> e do Vice-Presidente da Rep\u00fablica e dos <strong><span class=\"has-inline-color has-vivid-green-cyan-color\">Ministros de Estado<\/span><\/strong>, observado o que disp\u00f5em os arts. 37, XI, 39, \u00a7 4\u00ba, 150, II, 153, III, e 153, \u00a7 2\u00ba<\/em><\/p>\n\n\n\n<p><em>IX &#8211; <strong>julgar<\/strong> <span class=\"has-inline-color has-vivid-red-color\"><strong>anualmente<\/strong> <\/span>as <strong><span class=\"has-inline-color has-vivid-green-cyan-color\">contas prestadas pelo Presidente<\/span><\/strong> da Rep\u00fablica e apreciar os relat\u00f3rios sobre a execu\u00e7\u00e3o dos planos de governo; &#8211;<span class=\"has-inline-color has-vivid-purple-color\">&gt; CN julga, TCU aprecia (Art. 71, I)!<\/span><\/em><\/p>\n\n\n\n<h2 class=\"wp-block-heading\" id=\"h-competencia-da-camara-dos-deputados\">Compet\u00eancia<strong> <\/strong>da C\u00e2mara dos Deputados<\/h2>\n\n\n\n<p>Agora vejamos as compet\u00eancias constitucionais atribu\u00eddas \u00e0 C\u00e2mara dos Deputados. Podemos observar duas compet\u00eancias mais relevantes (I, II),  as demais s\u00e3o compet\u00eancias \u201cinternas\u201d.<\/p>\n\n\n\n<p><em>Art. 51. <strong><span class=\"has-inline-color has-vivid-cyan-blue-color\">Compete <\/span><\/strong><\/em><strong><em><span class=\"has-inline-color has-vivid-cyan-blue-color\">privativamente \u00e0 C\u00e2mara<\/span><\/em><\/strong><em> dos Deputados:<\/em><\/p>\n\n\n\n<p><em>I &#8211; <\/em><strong><em><span class=\"has-inline-color has-vivid-green-cyan-color\">autorizar<\/span><\/em><\/strong><em>, por <\/em><strong><em><span class=\"has-inline-color has-vivid-red-color\">dois ter\u00e7os<\/span><\/em><\/strong><em> de seus membros, a <\/em><strong><span class=\"has-inline-color has-vivid-green-cyan-color\"><em>instaura\u00e7\u00e3o de processo<\/em><\/span><\/strong><em><span class=\"has-inline-color has-vivid-green-cyan-color\"> <\/span><strong>contra <\/strong>o <strong>Presidente <\/strong>e o <strong>Vice<\/strong>-Presidente da Rep\u00fablica e os <strong>Ministros de Estado<\/strong>; &#8211;<span class=\"has-inline-color has-vivid-purple-color\">&gt; tanto para o crime comum (STF) quanto pra crime de responsabilidade (Senado)<\/span><\/em>.<span class=\"has-inline-color has-vivid-purple-color\"> <em>Trata-se do ju\u00edzo de admissibilidade.<\/em><\/span><\/p>\n\n\n\n<p><em>II &#8211; <\/em><strong><em><span class=\"has-inline-color has-vivid-green-cyan-color\">proceder \u00e0 tomada de contas<\/span><\/em><\/strong><em> do Presidente da Rep\u00fablica, <strong>quando <\/strong><\/em><strong><em>n\u00e3o apresentadas ao Congresso Nacional<\/em><\/strong><em> dentro de <\/em><strong><em><span class=\"has-inline-color has-vivid-red-color\">sessenta <\/span>dias<\/em><\/strong><em> a<span style=\"text-decoration: underline\">p\u00f3s a abertura da sess\u00e3o legislativa<\/span>;<\/em><span class=\"has-inline-color has-vivid-purple-color\"><em> -&gt; Atente-se ao prazo de 60 dias<\/em>, pois \u00e9 muito cobrado em prova<em>.<\/em><\/span><\/p>\n\n\n\n<h2 class=\"wp-block-heading\" id=\"h-competencia-do-senado-federal\">Compet\u00eancia do Senado Federal<\/h2>\n\n\n\n<p>Ap\u00f3s vermos a compet\u00eancia do Congresso Nacional, vejamos agora as principais compet\u00eancias do Senado Federal.<\/p>\n\n\n\n<h3 class=\"wp-block-heading\" id=\"h-julgador-de-autoridades\">Julgador de autoridades<\/h3>\n\n\n\n<p><em>Art. 52. <strong><span class=\"has-inline-color has-vivid-cyan-blue-color\">Compete privativamente ao Senado<\/span><\/strong> Federal:<\/em><\/p>\n\n\n\n<ul class=\"wp-block-list\">\n<li><strong><span class=\"has-inline-color has-vivid-cyan-blue-color\">Julgador de autoridades<\/span><\/strong> (<strong>aprova\u00e7\u00e3o de autoridades<\/strong> e no <strong>julgar os crimes de responsabilidade<\/strong>)<\/li>\n<\/ul>\n\n\n\n<p><em>I &#8211; <strong><span class=\"has-inline-color has-vivid-green-cyan-color\">processar e julgar <\/span><\/strong><span class=\"has-inline-color has-black-color\"><strong>o Presidente e o Vice<\/strong>&#8211;<\/span>Presidente da Rep\u00fablica nos <strong><span class=\"has-inline-color has-vivid-red-color\">crimes de responsabilidade<\/span><\/strong>, bem como os <strong>Ministros de Estado <\/strong>e os <strong>Comandantes <\/strong>da Marinha, do Ex\u00e9rcito e da Aeron\u00e1utica nos crimes da mesma natureza conexos com aqueles;&nbsp;&nbsp;&nbsp;&nbsp;&nbsp;&nbsp;&nbsp;&nbsp;&nbsp;&nbsp;&nbsp;&nbsp;&nbsp; <\/em><\/p>\n\n\n\n<p><em>II <\/em>&#8211; <em><span class=\"has-inline-color has-vivid-green-cyan-color\"><strong>processar e julgar<\/strong> <\/span>os <strong>Ministros do Supremo Tribunal Federal<\/strong>, os membros do Conselho Nacional de Justi\u00e7a e do Conselho Nacional do Minist\u00e9rio P\u00fablico, o Procurador-Geral da Rep\u00fablica e o Advogado-Geral da Uni\u00e3o nos <strong><span class=\"has-inline-color has-vivid-red-color\">crimes de responsabilidade<\/span><\/strong>;&nbsp;&nbsp;&nbsp;&nbsp;&nbsp;&nbsp;&nbsp;&nbsp;&nbsp;&nbsp; <\/em><\/p>\n\n\n\n<p><em>III &#8211; <span class=\"has-inline-color has-vivid-green-cyan-color\"><strong>aprovar<\/strong> <\/span>previamente, <strong>por voto secreto<\/strong>, ap\u00f3s arg\u00fci\u00e7\u00e3o p\u00fablica, a <strong>escolha de<\/strong> (&#8230;)<\/em><span class=\"has-inline-color has-vivid-purple-color\"><em> -&gt; Ministro do STF, Ministros do TCU, PGR e etc.<\/em><\/span><\/p>\n\n\n\n<p><em>XI &#8211; <strong><span class=\"has-inline-color has-vivid-green-cyan-color\">aprovar<\/span><\/strong>, por maioria absoluta e por voto secreto, a <strong><span class=\"has-inline-color has-vivid-green-cyan-color\">exonera\u00e7\u00e3o<\/span>, de of\u00edcio, do <span class=\"has-inline-color has-vivid-green-cyan-color\">Procurador-Geral da Rep\u00fablica<\/span><\/strong> antes do t\u00e9rmino de seu mandato;<\/em><\/p>\n\n\n\n<h3 class=\"wp-block-heading\" id=\"h-financas-publicas\">Finan\u00e7as p\u00fablicas<\/h3>\n\n\n\n<p><em>Art. 52. <strong><span class=\"has-inline-color has-vivid-cyan-blue-color\">Compete privativamente ao Senado<\/span><\/strong> Federal:<\/em><\/p>\n\n\n\n<ul class=\"wp-block-list\">\n<li><mark style=\"background-color:rgba(0, 0, 0, 0)\" class=\"has-inline-color has-vivid-cyan-blue-color\"><strong>Finan\u00e7as P\u00fablicas <\/strong>\u00a0<\/mark><\/li>\n<\/ul>\n\n\n\n<p><em>VI &#8211; <strong>fixar<\/strong>, <span style=\"text-decoration: underline\">por proposta do Presidente<\/span> da Rep\u00fablica, <span class=\"has-inline-color has-vivid-green-cyan-color\"><strong>limites globais<\/strong> <\/span>para o montante da <strong><span class=\"has-inline-color has-vivid-green-cyan-color\">d\u00edvida consolidada <\/span><\/strong>da Uni\u00e3o, dos Estados, do Distrito Federal e dos Munic\u00edpios;<\/em><\/p>\n\n\n\n<p><em>VII &#8211; <strong>dispor sobre limites<\/strong> globais e condi\u00e7\u00f5es para as <strong><span class=\"has-inline-color has-vivid-green-cyan-color\">o<\/span><\/strong><span class=\"has-inline-color has-vivid-green-cyan-color\"><strong>pera\u00e7\u00f5es de cr\u00e9dito externo e interno<\/strong> <\/span>da Uni\u00e3o, dos Estados, do Distrito Federal e dos Munic\u00edpios, de suas autarquias e demais entidades controladas pelo Poder P\u00fablico federal;<\/em><\/p>\n\n\n\n<p><em>VIII &#8211; <strong>dispor sobre limites<\/strong> e condi\u00e7\u00f5es para a <span class=\"has-inline-color has-vivid-green-cyan-color\"><strong>concess\u00e3o de garantia<\/strong> <strong>da Uni\u00e3o<\/strong><\/span> em opera\u00e7\u00f5es de cr\u00e9dito externo e interno;<\/em><\/p>\n\n\n\n<p><em>IX &#8211; <strong>estabelecer <span class=\"has-inline-color has-vivid-green-cyan-color\">limites globais<\/span><\/strong> e condi\u00e7\u00f5es para o montante da<strong> <span class=\"has-inline-color has-vivid-green-cyan-color\">d\u00edvida mobili\u00e1ria dos Estados, do Distrito Federal e dos Munic\u00edpios<\/span><\/strong>; <span class=\"has-inline-color has-vivid-purple-color\">-&gt; Perceba que n\u00e3o se fala em d\u00edvida mobili\u00e1ria da Uni\u00e3o, pois se trata de uma compet\u00eancia do Congresso Nacional (Art. 48, XI)<\/span><\/em><\/p>\n\n\n\n<p>Vamos dizer que se falou em \u201cdinheiro\u201d (<strong><span class=\"has-inline-color has-vivid-red-color\">$<\/span><\/strong>) h\u00e1 uma grande possibilidade de ser compet\u00eancia do <strong><span class=\"has-inline-color has-vivid-red-color\">$<\/span><\/strong>enado Federal.<\/p>\n\n\n\n<p><strong><span class=\"has-inline-color has-cyan-bluish-gray-color\">Finan\u00e7as P\u00fablicas<\/span><\/strong><\/p>\n\n\n\n<ul class=\"wp-block-list\">\n<li><strong><span class=\"has-inline-color has-vivid-red-color\">$<\/span><span class=\"has-inline-color has-vivid-purple-color\">enado:<\/span> <\/strong>Art. 52 V, VI, VII, VIII, IX<\/li>\n<\/ul>\n\n\n\n<p><strong><span class=\"has-inline-color has-vivid-purple-color\">Exce\u00e7\u00e3o<\/span><\/strong>: <strong>Exclusiva CN<\/strong> (art. 48):<\/p>\n\n\n\n<p><em>XIII &#8211;&nbsp;<strong><span class=\"has-inline-color has-vivid-green-cyan-color\">mat\u00e9ria financeira,<\/span><\/strong> cambial e monet\u00e1ria, <strong><span class=\"has-inline-color has-vivid-green-cyan-color\">institui\u00e7\u00f5es financeiras<\/span><\/strong> e suas opera\u00e7\u00f5es;<\/em><\/p>\n\n\n\n<p><em>XIV &#8211; moeda, seus limites de emiss\u00e3o, e&nbsp;montante da <strong><span class=\"has-inline-color has-vivid-green-cyan-color\">d\u00edvida mobili\u00e1ria <\/span><span class=\"has-inline-color has-vivid-red-color\">federal<\/span><\/strong>.<\/em><\/p>\n\n\n\n<h2 class=\"wp-block-heading\" id=\"h-competencias-em-resumo\">Compet\u00eancias \u2013 Em resumo<\/h2>\n\n\n\n<p>Realmente, as atribui\u00e7\u00f5es do Congresso Nacional e de suas respectivas casas n\u00e3o s\u00e3o f\u00e1ceis de memorizar, mas para tirar a subjetividade entenda qual foi a ideia geral para dividi-las.<\/p>\n\n\n\n<ul class=\"wp-block-list\">\n<li><mark style=\"background-color:rgba(0, 0, 0, 0)\" class=\"has-inline-color has-vivid-purple-color\"><strong>Compet\u00eancias do Congresso Nacional<\/strong> <\/mark>(Art. 48 e 49) &#8211; Assuntos &#8220;sens\u00edveis&#8221; (ex: \u00edndios, atividades nucleares, guerra e etc.), assuntos de abordagem nacional ou internacional.<\/li>\n\n\n\n<li><strong><span class=\"has-inline-color has-vivid-purple-color\">Compet\u00eancia do Senado Federal<\/span><\/strong> (Art. 52) &#8211; Julgador de autoridades (aprova\u00e7\u00e3o de autoridades e julgamento nos crimes de responsabilidade) e Finan\u00e7as p\u00fablicas.<\/li>\n\n\n\n<li><mark style=\"background-color:rgba(0, 0, 0, 0)\" class=\"has-inline-color has-vivid-purple-color\"><strong>Compet\u00eancia da C\u00e2mara dos Deputados<\/strong> <\/mark>(Art. 51) &#8211; Autorizar a instaura\u00e7\u00e3o de processo de impeachment e a tomada de contas do Presidente n\u00e3o apresentadas ao CN.<\/li>\n<\/ul>\n\n\n\n<p><em><strong><span class=\"has-inline-color has-luminous-vivid-amber-color\">Obs.<\/span><\/strong> Obviamente que o esquema apresentado \u00e9 uma generaliza\u00e7\u00e3o para que se entenda a ideal geral, mas ele n\u00e3o exclui a necessidade de uma boa leitura nas hip\u00f3teses e de uma explica\u00e7\u00e3o mais aprofundada.  Por isso, n\u00e3o deixe conferir nossos cursos.<\/em><\/p>\n\n\n\n<p class=\"has-text-align-center\"><a href=\"https:\/\/www.estrategiaconcursos.com.br\/pesquisa\/?q=Direito+Constitucional+\" data-type=\"URL\" data-id=\"https:\/\/www.estrategiaconcursos.com.br\/pesquisa\/?q=Direito+Constitucional+\">Direito Constitucional \u2013 Poder Legislativo<\/a><\/p>\n\n\n\n<h3 class=\"wp-block-heading\" id=\"h-consideracoes-finais\">Considera\u00e7\u00f5es Finais<\/h3>\n\n\n\n<p>Pessoal, chegamos ao final do artigo sobre o Poder Legislativo, espero que tenham gostado. Devido \u00e0 extens\u00e3o do tema, veremos no pr\u00f3ximo artigo sobre as demais nuances do Poder Legislativo.<\/p>\n\n\n\n<p>At\u00e9 mais e bons estudos!<\/p>\n\n\n\n<p class=\"has-text-align-center\"><em><strong>Assinatura Anual Ilimitada*<\/strong><\/em><\/p>\n\n\n\n<p class=\"has-text-align-center\"><em>Prepare-se com o melhor material e com quem mais aprova em Concursos P\u00fablicos em todo o pa\u00eds. Assine agora a nossa Assinatura Anual e tenha acesso ilimitado* a todos os nossos cursos.<\/em><\/p>\n\n\n\n<p class=\"has-text-align-center has-light-green-cyan-background-color has-background\"><strong>ASSINE AGORA<\/strong>&nbsp;\u2013&nbsp;<strong><a rel=\"noreferrer noopener\" href=\"https:\/\/www.estrategiaconcursos.com.br\/assinaturas\" target=\"_blank\">Assinatura Ilimitada<\/a><\/strong><\/p>\n\n\n\n<p class=\"has-text-align-center\"><strong><em><strong>Sistema de Quest\u00f5es<\/strong><\/em><\/strong><\/p>\n\n\n\n<p class=\"has-text-align-center\"><em>Estrat\u00e9gia Quest\u00f5es nasceu maior do que todos os concorrentes, com mais quest\u00f5es cadastradas e mais solu\u00e7\u00f5es por professores. Ent\u00e3o, confira e aproveite os descontos e b\u00f4nus imperd\u00edveis!<\/em><\/p>\n\n\n\n<p class=\"has-text-align-center has-vivid-green-cyan-background-color has-background\"><strong>ASSINE AGORA \u2013&nbsp;<a rel=\"noreferrer noopener\" href=\"https:\/\/www.estrategiaconcursos.com.br\/cursosPorConcurso\/sistema-de-questoes\/#\/\" target=\"_blank\">Sistema de Quest\u00f5es<\/a><\/strong><\/p>\n\n\n\n<p class=\"has-text-align-center\"><strong><em>Fique por dentro dos concursos em aberto<\/em><\/strong><\/p>\n\n\n\n<p class=\"has-text-align-center has-pale-cyan-blue-background-color has-background\"><a href=\"https:\/\/www.estrategiaconcursos.com.br\/blog\/concursos-abertos\/\" target=\"_blank\" rel=\"noreferrer noopener\"><strong>CONCURSOS ABERTOS<\/strong><\/a><\/p>\n","protected":false},"excerpt":{"rendered":"<p>Ol\u00e1, pessoal. Tudo certo? No artigo de hoje veremos sobre o Poder Legislativo na Constitui\u00e7\u00e3o Federal, na realidade focaremos no Poder Legislativo Federal, tratando sobre o Congresso Nacional e suas respectivas Casas, principalmente nas compet\u00eancias (atribui\u00e7\u00f5es) de cada um. Bora l\u00e1? O Congresso Nacional O Poder Legislativo no \u00e2mbito federal \u00e9 exerc\u00edcio pelo Congresso Nacional [&hellip;]<\/p>\n","protected":false},"author":1763,"featured_media":610343,"comment_status":"open","ping_status":"closed","sticky":false,"template":"","format":"standard","meta":{"post_tipo":"article","footnotes":""},"categories":[1,164300,214992,1983,6741,2185,1988,1984,214710],"tags":[],"tax_estado":[],"class_list":["post-610214","post","type-post","status-publish","format-standard","has-post-thumbnail","hentry","category-cursos-e-concursos","category-concurso-diplomacia","category-concursos-administrativos","category-fiscal-estadual","category-forcas-armadas-oficiais","category-carreiras-juridicas","category-policia","category-tribunais","category-tribunais-de-contas"],"acf":[],"yoast_head":"<!-- This site is optimized with the Yoast SEO Premium plugin v27.2 (Yoast SEO v27.2) - https:\/\/yoast.com\/product\/yoast-seo-premium-wordpress\/ -->\n<title>Poder Legislativo na Constitui\u00e7\u00e3o Federal \u2013 resumo \u2013 parte 1<\/title>\n<meta name=\"description\" content=\"Veja nesse artigo sobre o Poder Legislativo Federal, principalmente as atribui\u00e7\u00f5es do Congresso Nacional e suas respectivas Casas.\" \/>\n<meta name=\"robots\" content=\"index, follow, max-snippet:-1, max-image-preview:large, max-video-preview:-1\" \/>\n<link rel=\"canonical\" href=\"https:\/\/www.estrategiaconcursos.com.br\/blog\/poder-legislativo-na-constituicao-federal-resumo-parte-1\/\" \/>\n<meta property=\"og:locale\" content=\"pt_BR\" \/>\n<meta property=\"og:type\" content=\"article\" \/>\n<meta property=\"og:title\" content=\"Poder Legislativo na Constitui\u00e7\u00e3o Federal \u2013 resumo \u2013 parte 1\" \/>\n<meta property=\"og:description\" content=\"Veja nesse artigo sobre o Poder Legislativo Federal, principalmente as atribui\u00e7\u00f5es do Congresso Nacional e suas respectivas Casas.\" \/>\n<meta property=\"og:url\" content=\"https:\/\/www.estrategiaconcursos.com.br\/blog\/poder-legislativo-na-constituicao-federal-resumo-parte-1\/\" \/>\n<meta property=\"og:site_name\" content=\"Estrat\u00e9gia Concursos\" \/>\n<meta property=\"article:published_time\" content=\"2020-11-16T18:34:43+00:00\" \/>\n<meta property=\"article:modified_time\" content=\"2023-07-03T18:44:30+00:00\" \/>\n<meta property=\"og:image\" content=\"https:\/\/dhg1h5j42swfq.cloudfront.net\/2020\/11\/13154919\/cn-1.jpg\" \/>\n\t<meta property=\"og:image:width\" content=\"1200\" \/>\n\t<meta property=\"og:image:height\" content=\"800\" \/>\n\t<meta property=\"og:image:type\" content=\"image\/jpeg\" \/>\n<meta name=\"author\" content=\"Leonardo Menezes Passarin\" \/>\n<meta name=\"twitter:card\" content=\"summary_large_image\" \/>\n<meta name=\"twitter:creator\" content=\"@EstratConcursos\" \/>\n<meta name=\"twitter:site\" content=\"@EstratConcursos\" \/>\n<meta name=\"twitter:label1\" content=\"Escrito por\" \/>\n\t<meta name=\"twitter:data1\" content=\"Leonardo Menezes Passarin\" \/>\n\t<meta name=\"twitter:label2\" content=\"Est. tempo de leitura\" \/>\n\t<meta name=\"twitter:data2\" content=\"9 minutos\" \/>\n<script type=\"application\/ld+json\" class=\"yoast-schema-graph\">{\"@context\":\"https:\/\/schema.org\",\"@graph\":[{\"@type\":\"NewsArticle\",\"@id\":\"https:\/\/www.estrategiaconcursos.com.br\/blog\/poder-legislativo-na-constituicao-federal-resumo-parte-1\/#article\",\"isPartOf\":{\"@id\":\"https:\/\/www.estrategiaconcursos.com.br\/blog\/poder-legislativo-na-constituicao-federal-resumo-parte-1\/\"},\"author\":{\"name\":\"Leonardo Menezes Passarin\",\"@id\":\"https:\/\/www.estrategiaconcursos.com.br\/blog\/#\/schema\/person\/245b44e43eb13f0dbd04a7a078cd0d0d\"},\"headline\":\"Poder Legislativo na Constitui\u00e7\u00e3o Federal \u2013 resumo \u2013 parte 1\",\"datePublished\":\"2020-11-16T18:34:43+00:00\",\"dateModified\":\"2023-07-03T18:44:30+00:00\",\"mainEntityOfPage\":{\"@id\":\"https:\/\/www.estrategiaconcursos.com.br\/blog\/poder-legislativo-na-constituicao-federal-resumo-parte-1\/\"},\"wordCount\":1883,\"commentCount\":0,\"publisher\":{\"@id\":\"https:\/\/www.estrategiaconcursos.com.br\/blog\/#organization\"},\"image\":{\"@id\":\"https:\/\/www.estrategiaconcursos.com.br\/blog\/poder-legislativo-na-constituicao-federal-resumo-parte-1\/#primaryimage\"},\"thumbnailUrl\":\"https:\/\/dhg1h5j42swfq.cloudfront.net\/2020\/11\/13154919\/cn-1.jpg\",\"articleSection\":[\"Concursos P\u00fablicos\",\"Diplomacia (CACD)\",\"Executivo (Administrativa)\",\"Fiscal - Estadual (ICMS)\",\"For\u00e7as Armadas (Oficiais)\",\"Jur\u00eddico\",\"Policial (Agente, Escriv\u00e3o e Investigador)\",\"Tribunais\",\"Tribunais de Contas (TCU, TCE, TCM)\"],\"inLanguage\":\"pt-BR\",\"potentialAction\":[{\"@type\":\"CommentAction\",\"name\":\"Comment\",\"target\":[\"https:\/\/www.estrategiaconcursos.com.br\/blog\/poder-legislativo-na-constituicao-federal-resumo-parte-1\/#respond\"]}],\"copyrightYear\":\"2020\",\"copyrightHolder\":{\"@id\":\"https:\/\/www.estrategiaconcursos.com.br\/blog\/#organization\"}},{\"@type\":\"WebPage\",\"@id\":\"https:\/\/www.estrategiaconcursos.com.br\/blog\/poder-legislativo-na-constituicao-federal-resumo-parte-1\/\",\"url\":\"https:\/\/www.estrategiaconcursos.com.br\/blog\/poder-legislativo-na-constituicao-federal-resumo-parte-1\/\",\"name\":\"Poder Legislativo na Constitui\u00e7\u00e3o Federal \u2013 resumo \u2013 parte 1\",\"isPartOf\":{\"@id\":\"https:\/\/www.estrategiaconcursos.com.br\/blog\/#website\"},\"primaryImageOfPage\":{\"@id\":\"https:\/\/www.estrategiaconcursos.com.br\/blog\/poder-legislativo-na-constituicao-federal-resumo-parte-1\/#primaryimage\"},\"image\":{\"@id\":\"https:\/\/www.estrategiaconcursos.com.br\/blog\/poder-legislativo-na-constituicao-federal-resumo-parte-1\/#primaryimage\"},\"thumbnailUrl\":\"https:\/\/dhg1h5j42swfq.cloudfront.net\/2020\/11\/13154919\/cn-1.jpg\",\"datePublished\":\"2020-11-16T18:34:43+00:00\",\"dateModified\":\"2023-07-03T18:44:30+00:00\",\"description\":\"Veja nesse artigo sobre o Poder Legislativo Federal, principalmente as atribui\u00e7\u00f5es do Congresso Nacional e suas respectivas Casas.\",\"breadcrumb\":{\"@id\":\"https:\/\/www.estrategiaconcursos.com.br\/blog\/poder-legislativo-na-constituicao-federal-resumo-parte-1\/#breadcrumb\"},\"inLanguage\":\"pt-BR\",\"potentialAction\":[{\"@type\":\"ReadAction\",\"target\":[\"https:\/\/www.estrategiaconcursos.com.br\/blog\/poder-legislativo-na-constituicao-federal-resumo-parte-1\/\"]}]},{\"@type\":\"ImageObject\",\"inLanguage\":\"pt-BR\",\"@id\":\"https:\/\/www.estrategiaconcursos.com.br\/blog\/poder-legislativo-na-constituicao-federal-resumo-parte-1\/#primaryimage\",\"url\":\"https:\/\/dhg1h5j42swfq.cloudfront.net\/2020\/11\/13154919\/cn-1.jpg\",\"contentUrl\":\"https:\/\/dhg1h5j42swfq.cloudfront.net\/2020\/11\/13154919\/cn-1.jpg\",\"width\":1200,\"height\":800},{\"@type\":\"BreadcrumbList\",\"@id\":\"https:\/\/www.estrategiaconcursos.com.br\/blog\/poder-legislativo-na-constituicao-federal-resumo-parte-1\/#breadcrumb\",\"itemListElement\":[{\"@type\":\"ListItem\",\"position\":1,\"name\":\"In\u00edcio\",\"item\":\"https:\/\/www.estrategiaconcursos.com.br\/blog\/\"},{\"@type\":\"ListItem\",\"position\":2,\"name\":\"Poder Legislativo na Constitui\u00e7\u00e3o Federal \u2013 resumo \u2013 parte 1\"}]},{\"@type\":\"WebSite\",\"@id\":\"https:\/\/www.estrategiaconcursos.com.br\/blog\/#website\",\"url\":\"https:\/\/www.estrategiaconcursos.com.br\/blog\/\",\"name\":\"Estrat\u00e9gia Concursos\",\"description\":\"O blog da Estrat\u00e9gia Concursos traz not\u00edcias sobre concursos e artigos de professores oferecendo cursos para concursos (pdf + videaulas) no site.\",\"publisher\":{\"@id\":\"https:\/\/www.estrategiaconcursos.com.br\/blog\/#organization\"},\"potentialAction\":[{\"@type\":\"SearchAction\",\"target\":{\"@type\":\"EntryPoint\",\"urlTemplate\":\"https:\/\/www.estrategiaconcursos.com.br\/blog\/?s={search_term_string}\"},\"query-input\":{\"@type\":\"PropertyValueSpecification\",\"valueRequired\":true,\"valueName\":\"search_term_string\"}}],\"inLanguage\":\"pt-BR\"},{\"@type\":\"Organization\",\"@id\":\"https:\/\/www.estrategiaconcursos.com.br\/blog\/#organization\",\"name\":\"Estrat\u00e9gia Concursos\",\"url\":\"https:\/\/www.estrategiaconcursos.com.br\/blog\/\",\"logo\":{\"@type\":\"ImageObject\",\"inLanguage\":\"pt-BR\",\"@id\":\"https:\/\/www.estrategiaconcursos.com.br\/blog\/#\/schema\/logo\/image\/\",\"url\":\"https:\/\/dhg1h5j42swfq.cloudfront.net\/2025\/06\/03203428\/logo_concursos-1.jpg\",\"contentUrl\":\"https:\/\/dhg1h5j42swfq.cloudfront.net\/2025\/06\/03203428\/logo_concursos-1.jpg\",\"width\":230,\"height\":60,\"caption\":\"Estrat\u00e9gia Concursos\"},\"image\":{\"@id\":\"https:\/\/www.estrategiaconcursos.com.br\/blog\/#\/schema\/logo\/image\/\"},\"sameAs\":[\"https:\/\/x.com\/EstratConcursos\"]},{\"@type\":\"Person\",\"@id\":\"https:\/\/www.estrategiaconcursos.com.br\/blog\/#\/schema\/person\/245b44e43eb13f0dbd04a7a078cd0d0d\",\"name\":\"Leonardo Menezes Passarin\",\"image\":{\"@type\":\"ImageObject\",\"inLanguage\":\"pt-BR\",\"@id\":\"https:\/\/secure.gravatar.com\/avatar\/fc0e5714ceaa97f24e6e6a30eab74ba8a701c2b62f8cab100ffdb22c6d8f42c3?s=96&d=mm&r=g\",\"url\":\"https:\/\/secure.gravatar.com\/avatar\/fc0e5714ceaa97f24e6e6a30eab74ba8a701c2b62f8cab100ffdb22c6d8f42c3?s=96&d=mm&r=g\",\"contentUrl\":\"https:\/\/secure.gravatar.com\/avatar\/fc0e5714ceaa97f24e6e6a30eab74ba8a701c2b62f8cab100ffdb22c6d8f42c3?s=96&d=mm&r=g\",\"caption\":\"Leonardo Menezes Passarin\"},\"url\":\"https:\/\/www.estrategiaconcursos.com.br\/blog\/author\/passarin-leonardohotmail-com\/\"}]}<\/script>\n<!-- \/ Yoast SEO Premium plugin. -->","yoast_head_json":{"title":"Poder Legislativo na Constitui\u00e7\u00e3o Federal \u2013 resumo \u2013 parte 1","description":"Veja nesse artigo sobre o Poder Legislativo Federal, principalmente as atribui\u00e7\u00f5es do Congresso Nacional e suas respectivas Casas.","robots":{"index":"index","follow":"follow","max-snippet":"max-snippet:-1","max-image-preview":"max-image-preview:large","max-video-preview":"max-video-preview:-1"},"canonical":"https:\/\/www.estrategiaconcursos.com.br\/blog\/poder-legislativo-na-constituicao-federal-resumo-parte-1\/","og_locale":"pt_BR","og_type":"article","og_title":"Poder Legislativo na Constitui\u00e7\u00e3o Federal \u2013 resumo \u2013 parte 1","og_description":"Veja nesse artigo sobre o Poder Legislativo Federal, principalmente as atribui\u00e7\u00f5es do Congresso Nacional e suas respectivas Casas.","og_url":"https:\/\/www.estrategiaconcursos.com.br\/blog\/poder-legislativo-na-constituicao-federal-resumo-parte-1\/","og_site_name":"Estrat\u00e9gia Concursos","article_published_time":"2020-11-16T18:34:43+00:00","article_modified_time":"2023-07-03T18:44:30+00:00","og_image":[{"width":1200,"height":800,"url":"https:\/\/dhg1h5j42swfq.cloudfront.net\/2020\/11\/13154919\/cn-1.jpg","type":"image\/jpeg"}],"author":"Leonardo Menezes Passarin","twitter_card":"summary_large_image","twitter_creator":"@EstratConcursos","twitter_site":"@EstratConcursos","twitter_misc":{"Escrito por":"Leonardo Menezes Passarin","Est. tempo de leitura":"9 minutos"},"schema":{"@context":"https:\/\/schema.org","@graph":[{"@type":"NewsArticle","@id":"https:\/\/www.estrategiaconcursos.com.br\/blog\/poder-legislativo-na-constituicao-federal-resumo-parte-1\/#article","isPartOf":{"@id":"https:\/\/www.estrategiaconcursos.com.br\/blog\/poder-legislativo-na-constituicao-federal-resumo-parte-1\/"},"author":{"name":"Leonardo Menezes Passarin","@id":"https:\/\/www.estrategiaconcursos.com.br\/blog\/#\/schema\/person\/245b44e43eb13f0dbd04a7a078cd0d0d"},"headline":"Poder Legislativo na Constitui\u00e7\u00e3o Federal \u2013 resumo \u2013 parte 1","datePublished":"2020-11-16T18:34:43+00:00","dateModified":"2023-07-03T18:44:30+00:00","mainEntityOfPage":{"@id":"https:\/\/www.estrategiaconcursos.com.br\/blog\/poder-legislativo-na-constituicao-federal-resumo-parte-1\/"},"wordCount":1883,"commentCount":0,"publisher":{"@id":"https:\/\/www.estrategiaconcursos.com.br\/blog\/#organization"},"image":{"@id":"https:\/\/www.estrategiaconcursos.com.br\/blog\/poder-legislativo-na-constituicao-federal-resumo-parte-1\/#primaryimage"},"thumbnailUrl":"https:\/\/dhg1h5j42swfq.cloudfront.net\/2020\/11\/13154919\/cn-1.jpg","articleSection":["Concursos P\u00fablicos","Diplomacia (CACD)","Executivo (Administrativa)","Fiscal - Estadual (ICMS)","For\u00e7as Armadas (Oficiais)","Jur\u00eddico","Policial (Agente, Escriv\u00e3o e Investigador)","Tribunais","Tribunais de Contas (TCU, TCE, TCM)"],"inLanguage":"pt-BR","potentialAction":[{"@type":"CommentAction","name":"Comment","target":["https:\/\/www.estrategiaconcursos.com.br\/blog\/poder-legislativo-na-constituicao-federal-resumo-parte-1\/#respond"]}],"copyrightYear":"2020","copyrightHolder":{"@id":"https:\/\/www.estrategiaconcursos.com.br\/blog\/#organization"}},{"@type":"WebPage","@id":"https:\/\/www.estrategiaconcursos.com.br\/blog\/poder-legislativo-na-constituicao-federal-resumo-parte-1\/","url":"https:\/\/www.estrategiaconcursos.com.br\/blog\/poder-legislativo-na-constituicao-federal-resumo-parte-1\/","name":"Poder Legislativo na Constitui\u00e7\u00e3o Federal \u2013 resumo \u2013 parte 1","isPartOf":{"@id":"https:\/\/www.estrategiaconcursos.com.br\/blog\/#website"},"primaryImageOfPage":{"@id":"https:\/\/www.estrategiaconcursos.com.br\/blog\/poder-legislativo-na-constituicao-federal-resumo-parte-1\/#primaryimage"},"image":{"@id":"https:\/\/www.estrategiaconcursos.com.br\/blog\/poder-legislativo-na-constituicao-federal-resumo-parte-1\/#primaryimage"},"thumbnailUrl":"https:\/\/dhg1h5j42swfq.cloudfront.net\/2020\/11\/13154919\/cn-1.jpg","datePublished":"2020-11-16T18:34:43+00:00","dateModified":"2023-07-03T18:44:30+00:00","description":"Veja nesse artigo sobre o Poder Legislativo Federal, principalmente as atribui\u00e7\u00f5es do Congresso Nacional e suas respectivas Casas.","breadcrumb":{"@id":"https:\/\/www.estrategiaconcursos.com.br\/blog\/poder-legislativo-na-constituicao-federal-resumo-parte-1\/#breadcrumb"},"inLanguage":"pt-BR","potentialAction":[{"@type":"ReadAction","target":["https:\/\/www.estrategiaconcursos.com.br\/blog\/poder-legislativo-na-constituicao-federal-resumo-parte-1\/"]}]},{"@type":"ImageObject","inLanguage":"pt-BR","@id":"https:\/\/www.estrategiaconcursos.com.br\/blog\/poder-legislativo-na-constituicao-federal-resumo-parte-1\/#primaryimage","url":"https:\/\/dhg1h5j42swfq.cloudfront.net\/2020\/11\/13154919\/cn-1.jpg","contentUrl":"https:\/\/dhg1h5j42swfq.cloudfront.net\/2020\/11\/13154919\/cn-1.jpg","width":1200,"height":800},{"@type":"BreadcrumbList","@id":"https:\/\/www.estrategiaconcursos.com.br\/blog\/poder-legislativo-na-constituicao-federal-resumo-parte-1\/#breadcrumb","itemListElement":[{"@type":"ListItem","position":1,"name":"In\u00edcio","item":"https:\/\/www.estrategiaconcursos.com.br\/blog\/"},{"@type":"ListItem","position":2,"name":"Poder Legislativo na Constitui\u00e7\u00e3o Federal \u2013 resumo \u2013 parte 1"}]},{"@type":"WebSite","@id":"https:\/\/www.estrategiaconcursos.com.br\/blog\/#website","url":"https:\/\/www.estrategiaconcursos.com.br\/blog\/","name":"Estrat\u00e9gia Concursos","description":"O blog da Estrat\u00e9gia Concursos traz not\u00edcias sobre concursos e artigos de professores oferecendo cursos para concursos (pdf + videaulas) no site.","publisher":{"@id":"https:\/\/www.estrategiaconcursos.com.br\/blog\/#organization"},"potentialAction":[{"@type":"SearchAction","target":{"@type":"EntryPoint","urlTemplate":"https:\/\/www.estrategiaconcursos.com.br\/blog\/?s={search_term_string}"},"query-input":{"@type":"PropertyValueSpecification","valueRequired":true,"valueName":"search_term_string"}}],"inLanguage":"pt-BR"},{"@type":"Organization","@id":"https:\/\/www.estrategiaconcursos.com.br\/blog\/#organization","name":"Estrat\u00e9gia Concursos","url":"https:\/\/www.estrategiaconcursos.com.br\/blog\/","logo":{"@type":"ImageObject","inLanguage":"pt-BR","@id":"https:\/\/www.estrategiaconcursos.com.br\/blog\/#\/schema\/logo\/image\/","url":"https:\/\/dhg1h5j42swfq.cloudfront.net\/2025\/06\/03203428\/logo_concursos-1.jpg","contentUrl":"https:\/\/dhg1h5j42swfq.cloudfront.net\/2025\/06\/03203428\/logo_concursos-1.jpg","width":230,"height":60,"caption":"Estrat\u00e9gia Concursos"},"image":{"@id":"https:\/\/www.estrategiaconcursos.com.br\/blog\/#\/schema\/logo\/image\/"},"sameAs":["https:\/\/x.com\/EstratConcursos"]},{"@type":"Person","@id":"https:\/\/www.estrategiaconcursos.com.br\/blog\/#\/schema\/person\/245b44e43eb13f0dbd04a7a078cd0d0d","name":"Leonardo Menezes Passarin","image":{"@type":"ImageObject","inLanguage":"pt-BR","@id":"https:\/\/secure.gravatar.com\/avatar\/fc0e5714ceaa97f24e6e6a30eab74ba8a701c2b62f8cab100ffdb22c6d8f42c3?s=96&d=mm&r=g","url":"https:\/\/secure.gravatar.com\/avatar\/fc0e5714ceaa97f24e6e6a30eab74ba8a701c2b62f8cab100ffdb22c6d8f42c3?s=96&d=mm&r=g","contentUrl":"https:\/\/secure.gravatar.com\/avatar\/fc0e5714ceaa97f24e6e6a30eab74ba8a701c2b62f8cab100ffdb22c6d8f42c3?s=96&d=mm&r=g","caption":"Leonardo Menezes Passarin"},"url":"https:\/\/www.estrategiaconcursos.com.br\/blog\/author\/passarin-leonardohotmail-com\/"}]}},"_links":{"self":[{"href":"https:\/\/www.estrategiaconcursos.com.br\/blog\/wp-json\/wp\/v2\/posts\/610214","targetHints":{"allow":["GET"]}}],"collection":[{"href":"https:\/\/www.estrategiaconcursos.com.br\/blog\/wp-json\/wp\/v2\/posts"}],"about":[{"href":"https:\/\/www.estrategiaconcursos.com.br\/blog\/wp-json\/wp\/v2\/types\/post"}],"author":[{"embeddable":true,"href":"https:\/\/www.estrategiaconcursos.com.br\/blog\/wp-json\/wp\/v2\/users\/1763"}],"replies":[{"embeddable":true,"href":"https:\/\/www.estrategiaconcursos.com.br\/blog\/wp-json\/wp\/v2\/comments?post=610214"}],"version-history":[{"count":9,"href":"https:\/\/www.estrategiaconcursos.com.br\/blog\/wp-json\/wp\/v2\/posts\/610214\/revisions"}],"predecessor-version":[{"id":1242629,"href":"https:\/\/www.estrategiaconcursos.com.br\/blog\/wp-json\/wp\/v2\/posts\/610214\/revisions\/1242629"}],"wp:featuredmedia":[{"embeddable":true,"href":"https:\/\/www.estrategiaconcursos.com.br\/blog\/wp-json\/wp\/v2\/media\/610343"}],"wp:attachment":[{"href":"https:\/\/www.estrategiaconcursos.com.br\/blog\/wp-json\/wp\/v2\/media?parent=610214"}],"wp:term":[{"taxonomy":"category","embeddable":true,"href":"https:\/\/www.estrategiaconcursos.com.br\/blog\/wp-json\/wp\/v2\/categories?post=610214"},{"taxonomy":"post_tag","embeddable":true,"href":"https:\/\/www.estrategiaconcursos.com.br\/blog\/wp-json\/wp\/v2\/tags?post=610214"},{"taxonomy":"tax_estado","embeddable":true,"href":"https:\/\/www.estrategiaconcursos.com.br\/blog\/wp-json\/wp\/v2\/tax_estado?post=610214"}],"curies":[{"name":"wp","href":"https:\/\/api.w.org\/{rel}","templated":true}]}}