{"id":610210,"date":"2023-02-03T13:54:02","date_gmt":"2023-02-03T16:54:02","guid":{"rendered":"https:\/\/www.estrategiaconcursos.com.br\/blog\/?p=610210"},"modified":"2023-02-03T13:54:04","modified_gmt":"2023-02-03T16:54:04","slug":"residencia-hospital-sirio-libanes","status":"publish","type":"post","link":"https:\/\/www.estrategiaconcursos.com.br\/blog\/residencia-hospital-sirio-libanes\/","title":{"rendered":"Resid\u00eancia Hospital S\u00edrio-Liban\u00eas: resultado final divulgado!"},"content":{"rendered":"\n<p>Foi divulgado o resultado final do edital de <strong>Resid\u00eancia Uniprofissional e Multiprofissional do Hospital S\u00edrio-Liban\u00eas<\/strong>, no estado de S\u00e3o Paulo. <\/p>\n\n\n\n<ul class=\"wp-block-list\">\n<li><a href=\"https:\/\/dhg1h5j42swfq.cloudfront.net\/2023\/02\/03134841\/habs_19_ao_38_uni_multi_desempate.pdf\" target=\"_blank\" rel=\"noreferrer noopener nofollow\">Resultado final<\/a><\/li>\n<\/ul>\n\n\n\n<p>De acordo com o documento, foram ofertadas <strong>70 vagas imediatas<\/strong> de n\u00edvel superior, distribu\u00eddas entre diversas \u00e1reas de especializa\u00e7\u00e3o. A remunera\u00e7\u00e3o inicial dos cargos \u00e9 de <strong>R$ 4.106,09<\/strong>.<\/p>\n\n\n\n<ul class=\"wp-block-list\">\n<li><strong>Resid\u00eancia Hospital S\u00edrio-Liban\u00eas<\/strong><\/li>\n\n\n\n<li><strong>Banca:<\/strong> FCC<\/li>\n\n\n\n<li><strong>Vagas:<\/strong> 70<\/li>\n\n\n\n<li><strong>Sal\u00e1rio inicial:<\/strong> R$ 4.106,09<\/li>\n\n\n\n<li><strong>Edital: <\/strong><a href=\"https:\/\/dhg1h5j42swfq.cloudfront.net\/2022\/08\/15154139\/edital_de_abertura_de_residencia_multi_hsl_2023-v4_11_08_2022__revisado_caex770_ndida_-1.pdf\" target=\"_blank\" rel=\"noreferrer noopener nofollow\">S\u00edrio-Liban\u00eas-2022<\/a><\/li>\n<\/ul>\n\n\n\n<div class=\"container\" id=\"boxes\">\n  <div class=\"row\">\n\n    <div class=\"col-sm\">\n      <div class=\"banner-medicina\" id=\"box-assinatura\">\n        <h3 class=\"titulo-assinatura\">Resid\u00eancia Hospital S\u00edrio-Liban\u00eas<\/h3>\n        <p class=\"subtitulo-assinatura\">Conhe\u00e7a nossos cursos<\/p>\n        <div class=\"box-botao\">\n          <a class=\"btn-assinatura\" target=\"_blank\" href=\"https:\/\/www.estrategiaconcursos.com.br\/cursosPorConcurso\/residencia-hospital-sirio-libanes-residencias-multiprofissionais\/\" role=\"button\" rel=\"noopener noreferrer\">Conhe\u00e7a mais<\/a>\n        <\/div>\n      <\/div>\n      <p class=\"texto-auxiliar\"><\/p>\n    <\/div>\n\n  <\/div>\n<\/div>\n\n\n\n<p>A fim de te deixar sempre bem informado, elaboramos este artigo com as principais informa\u00e7\u00f5es e novidades sobre as sele\u00e7\u00f5es. Acompanhe os t\u00f3picos abaixo e n\u00e3o perca nenhum detalhe:<\/p>\n\n\n\n<ul class=\"wp-block-list\">\n<li><a href=\"#novo-edital\">Informa\u00e7\u00f5es do novo edital<\/a>\n<ul class=\"wp-block-list\">\n<li><a href=\"#cargos-vagas\">Cargos e vagas<\/a><\/li>\n\n\n\n<li><a href=\"#etapas\">Etapas e provas<\/a><\/li>\n<\/ul>\n<\/li>\n\n\n\n<li><a href=\"#ultimo\">\u00daltimos editais<\/a>\n<ul class=\"wp-block-list\">\n<li><a href=\"#cargos\">Cargos e vagas<\/a><\/li>\n\n\n\n<li><a href=\"#etapas\">Etapas e provas<\/a><\/li>\n<\/ul>\n<\/li>\n\n\n\n<li><a href=\"#cursos\">Cursos e assinaturas<\/a><\/li>\n\n\n\n<li><a href=\"#ficha\">Ficha t\u00e9cnica<\/a><\/li>\n<\/ul>\n\n\n\n<h2 class=\"wp-block-heading\" id=\"novo-edital\">Informa\u00e7\u00f5es do edital Resid\u00eancia Hospital S\u00edrio-Liban\u00eas<\/h2>\n\n\n\n<h3 class=\"wp-block-heading\" id=\"cargos-vagas\">Cargos e vagas do edital Resid\u00eancia Hospital S\u00edrio-Liban\u00eas<\/h3>\n\n\n\n<p><strong><span style=\"text-decoration: underline;\">Resid\u00eancia Uniprofissional:<\/span><\/strong><\/p>\n\n\n\n<figure class=\"wp-block-table is-style-stripes\"><table class=\"has-pale-ocean-gradient-background has-background has-fixed-layout\"><tbody><tr><td class=\"has-text-align-center\" data-align=\"center\"><strong>Programa<\/strong><\/td><td class=\"has-text-align-center\" data-align=\"center\"><strong>Programas<\/strong><\/td><td class=\"has-text-align-center\" data-align=\"center\"><strong>Vagas<\/strong><\/td><\/tr><tr><td class=\"has-text-align-center\" data-align=\"center\">Biomedicina<\/td><td class=\"has-text-align-center\" data-align=\"center\">Diagn\u00f3stico por Imagem<\/td><td class=\"has-text-align-center\" data-align=\"center\">08<\/td><\/tr><tr><td class=\"has-text-align-center\" data-align=\"center\">Enfermagem<\/td><td class=\"has-text-align-center\" data-align=\"center\">Cardiologia<\/td><td class=\"has-text-align-center\" data-align=\"center\">06<\/td><\/tr><tr><td class=\"has-text-align-center\" data-align=\"center\">Enfermagem<\/td><td class=\"has-text-align-center\" data-align=\"center\">Centro-Cir\u00fargico<\/td><td class=\"has-text-align-center\" data-align=\"center\">08<\/td><\/tr><tr><td class=\"has-text-align-center\" data-align=\"center\">Enfermagem<\/td><td class=\"has-text-align-center\" data-align=\"center\">Centro-Cir\u00fargico e Centro de Material e de Esteriliza\u00e7\u00e3o<\/td><td class=\"has-text-align-center\" data-align=\"center\">04<\/td><\/tr><tr><td class=\"has-text-align-center\" data-align=\"center\">Enfermagem<\/td><td class=\"has-text-align-center\" data-align=\"center\">Urg\u00eancia e Emerg\u00eancia<\/td><td class=\"has-text-align-center\" data-align=\"center\">08<\/td><\/tr><tr><td class=\"has-text-align-center\" data-align=\"center\">F\u00edsica<\/td><td class=\"has-text-align-center\" data-align=\"center\">Radioterapia<\/td><td class=\"has-text-align-center\" data-align=\"center\">02<\/td><\/tr><\/tbody><\/table><\/figure>\n\n\n\n<p><strong><span style=\"text-decoration: underline;\">Resid\u00eancia Multiprofissional<\/span><\/strong><\/p>\n\n\n\n<figure class=\"wp-block-table is-style-stripes\"><table class=\"has-pale-ocean-gradient-background has-background has-fixed-layout\"><tbody><tr><td class=\"has-text-align-center\" data-align=\"center\"><strong>Programa<\/strong><\/td><td class=\"has-text-align-center\" data-align=\"center\"><strong>Programas<\/strong><\/td><td class=\"has-text-align-center\" data-align=\"center\"><strong>Vagas<\/strong><\/td><\/tr><tr><td class=\"has-text-align-center\" data-align=\"center\">Enfermagem<\/td><td class=\"has-text-align-center\" data-align=\"center\">Resid\u00eancia no Cuidado ao Paciente Cr\u00edtico<\/td><td class=\"has-text-align-center\" data-align=\"center\">06<\/td><\/tr><tr><td class=\"has-text-align-center\" data-align=\"center\">Farm\u00e1cia<\/td><td class=\"has-text-align-center\" data-align=\"center\">Resid\u00eancia no Cuidado ao Paciente Cr\u00edtico<\/td><td class=\"has-text-align-center\" data-align=\"center\">03<\/td><\/tr><tr><td class=\"has-text-align-center\" data-align=\"center\">Fisioterapia<\/td><td class=\"has-text-align-center\" data-align=\"center\">Resid\u00eancia no Cuidado ao Paciente Cr\u00edtico<\/td><td class=\"has-text-align-center\" data-align=\"center\">03<\/td><\/tr><tr><td class=\"has-text-align-center\" data-align=\"center\">Nutri\u00e7\u00e3o<\/td><td class=\"has-text-align-center\" data-align=\"center\">Resid\u00eancia no Cuidado ao Paciente Cr\u00edtico<\/td><td class=\"has-text-align-center\" data-align=\"center\">03<\/td><\/tr><tr><td class=\"has-text-align-center\" data-align=\"center\">Enfermagem <\/td><td class=\"has-text-align-center\" data-align=\"center\">Resid\u00eancia no Cuidado ao Paciente Oncol\u00f3gico<\/td><td class=\"has-text-align-center\" data-align=\"center\">04<\/td><\/tr><tr><td class=\"has-text-align-center\" data-align=\"center\">Farm\u00e1cia<\/td><td class=\"has-text-align-center\" data-align=\"center\">Resid\u00eancia no Cuidado ao Paciente Oncol\u00f3gico<\/td><td class=\"has-text-align-center\" data-align=\"center\">02<\/td><\/tr><tr><td class=\"has-text-align-center\" data-align=\"center\">Fisioterapia<\/td><td class=\"has-text-align-center\" data-align=\"center\">Resid\u00eancia no Cuidado ao Paciente Oncol\u00f3gico<\/td><td class=\"has-text-align-center\" data-align=\"center\">02<\/td><\/tr><tr><td class=\"has-text-align-center\" data-align=\"center\">Nutri\u00e7\u00e3o<\/td><td class=\"has-text-align-center\" data-align=\"center\">Resid\u00eancia no Cuidado ao Paciente Oncol\u00f3gico<\/td><td class=\"has-text-align-center\" data-align=\"center\">02<\/td><\/tr><tr><td class=\"has-text-align-center\" data-align=\"center\">Psicologia<\/td><td class=\"has-text-align-center\" data-align=\"center\">Resid\u00eancia no Cuidado ao Paciente Oncol\u00f3gico<\/td><td class=\"has-text-align-center\" data-align=\"center\">02<\/td><\/tr><tr><td class=\"has-text-align-center\" data-align=\"center\">Enfermagem<\/td><td class=\"has-text-align-center\" data-align=\"center\">Resid\u00eancia no Cuidado \u00e0 Sa\u00fade da Crian\u00e7a e Adolescente<\/td><td class=\"has-text-align-center\" data-align=\"center\">03<\/td><\/tr><tr><td class=\"has-text-align-center\" data-align=\"center\">Farm\u00e1cia<\/td><td class=\"has-text-align-center\" data-align=\"center\">Resid\u00eancia no Cuidado \u00e0 Sa\u00fade da Crian\u00e7a e Adolescente<\/td><td class=\"has-text-align-center\" data-align=\"center\">01<\/td><\/tr><tr><td class=\"has-text-align-center\" data-align=\"center\">Fisioterapia<\/td><td class=\"has-text-align-center\" data-align=\"center\">Resid\u00eancia no Cuidado \u00e0 Sa\u00fade da Crian\u00e7a e Adolescente<\/td><td class=\"has-text-align-center\" data-align=\"center\">01<\/td><\/tr><tr><td class=\"has-text-align-center\" data-align=\"center\">Nutri\u00e7\u00e3o<\/td><td class=\"has-text-align-center\" data-align=\"center\">Resid\u00eancia no Cuidado \u00e0 Sa\u00fade da Crian\u00e7a e Adolescente<\/td><td class=\"has-text-align-center\" data-align=\"center\">01<\/td><\/tr><tr><td class=\"has-text-align-center\" data-align=\"center\">Psicologia<\/td><td class=\"has-text-align-center\" data-align=\"center\">Resid\u00eancia no Cuidado \u00e0 Sa\u00fade da Crian\u00e7a e Adolescente<\/td><td class=\"has-text-align-center\" data-align=\"center\">01<\/td><\/tr><\/tbody><\/table><\/figure>\n\n\n\n<p class=\"has-medium-font-size\" id=\"R$\"><strong>Remunera\u00e7\u00e3o<\/strong><\/p>\n\n\n\n<p>Os candidatos aprovados no presente Processo Seletivo receber\u00e3o bolsas de estudo financiadas pelo Programa Nacional de Bolsas do Minist\u00e9rio da Sa\u00fade para Resid\u00eancias em \u00c1rea Profissional da Sa\u00fade no valor bruto de R$ 4.106,09.<\/p>\n\n\n\n<h3 class=\"wp-block-heading\" id=\"etapas\">Etapas do edital Resid\u00eancia S\u00edrio-Liban\u00eas<\/h3>\n\n\n\n<p>O Processo Seletivo foi composto por tr\u00eas fases, todas de car\u00e1ter eliminat\u00f3rio e classificat\u00f3rio:<\/p>\n\n\n\n<ul class=\"wp-block-list\">\n<li>(I) Primeira fase: prova objetiva de conhecimento (presencial);<\/li>\n\n\n\n<li>(II) Segunda fase: an\u00e1lise objetiva documental do curr\u00edculo (n\u00e3o presencial); e<\/li>\n\n\n\n<li>(III) Terceira fase: entrevista (virtual).<\/li>\n<\/ul>\n\n\n\n<h3 class=\"wp-block-heading\">Prova Objetiva<\/h3>\n\n\n\n<p>A etapa constou de 80 quest\u00f5es de m\u00faltipla escolha, com 5 alternativas cada, sendo somente uma correta.<\/p>\n\n\n\n<p>Com dura\u00e7\u00e3o de 4 horas, as provas escritas objetivas foram avaliadas na escala de 0 a 100 pontos, com peso 7.<\/p>\n\n\n\n<p>Para os candidatos do Programa de F\u00edsica M\u00e9dica em Radioterapia, foi fornecida uma calculadora cient\u00edfica que p\u00f4de ser utilizada durante a realiza\u00e7\u00e3o do exame. N\u00e3o foi permitida utiliza\u00e7\u00e3o de calculadora pr\u00f3pria.<\/p>\n\n\n\n<figure class=\"wp-block-image aligncenter size-full is-resized\"><img loading=\"lazy\" decoding=\"async\" src=\"https:\/\/dhg1h5j42swfq.cloudfront.net\/2022\/08\/15153530\/image-203.png\" alt=\"Provas escritas objetivas da Resid\u00eancia S\u00edrio-Liban\u00eas\" class=\"wp-image-1078057\" width=\"646\" height=\"290\" srcset=\"https:\/\/dhg1h5j42swfq.cloudfront.net\/2022\/08\/15153530\/image-203.png 703w, https:\/\/dhg1h5j42swfq.cloudfront.net\/2022\/08\/15153530\/image-203-300x135.png 300w, https:\/\/dhg1h5j42swfq.cloudfront.net\/2022\/08\/15153530\/image-203-610x274.png 610w, https:\/\/dhg1h5j42swfq.cloudfront.net\/2022\/08\/15153530\/image-203-150x67.png 150w\" sizes=\"auto, (max-width: 646px) 100vw, 646px\" \/><figcaption class=\"wp-element-caption\">Provas escritas objetivas da Resid\u00eancia S\u00edrio-Liban\u00eas<\/figcaption><\/figure>\n\n\n\n<h3 class=\"wp-block-heading\">Entrevista com an\u00e1lise e argui\u00e7\u00e3o do Curriculum Vitae<\/h3>\n\n\n\n<p>As Entrevistas com an\u00e1lise e argui\u00e7\u00e3o de curriculum vitae foram realizadas no per\u00edodo entre os dias 09\/01\/2023 a 20\/01\/2023 por videoconfer\u00eancia, na escala de 0 a 100 pontos.<\/p>\n\n\n\n<p>A entrevista com an\u00e1lise e argui\u00e7\u00e3o de curriculum vitae teve peso 3, e foi realizada de acordo com os crit\u00e9rios e pesos abaixo considerados:<\/p>\n\n\n\n<figure class=\"wp-block-image aligncenter size-full is-resized\"><img loading=\"lazy\" decoding=\"async\" src=\"https:\/\/dhg1h5j42swfq.cloudfront.net\/2022\/08\/15153819\/image-204.png\" alt=\"An\u00e1lise e argui\u00e7\u00e3o do Curriculum Vitae - Resid\u00eancia S\u00edrio-Liban\u00eas\" class=\"wp-image-1078061\" width=\"602\" height=\"474\" srcset=\"https:\/\/dhg1h5j42swfq.cloudfront.net\/2022\/08\/15153819\/image-204.png 668w, https:\/\/dhg1h5j42swfq.cloudfront.net\/2022\/08\/15153819\/image-204-300x236.png 300w, https:\/\/dhg1h5j42swfq.cloudfront.net\/2022\/08\/15153819\/image-204-610x480.png 610w, https:\/\/dhg1h5j42swfq.cloudfront.net\/2022\/08\/15153819\/image-204-150x118.png 150w\" sizes=\"auto, (max-width: 602px) 100vw, 602px\" \/><figcaption class=\"wp-element-caption\">An\u00e1lise e argui\u00e7\u00e3o do Curriculum Vitae &#8211; Resid\u00eancia S\u00edrio-Liban\u00eas<\/figcaption><\/figure>\n\n\n\n<h2 class=\"wp-block-heading\">\u00daltimos editais da Resid\u00eancia S\u00edrio-Liban\u00eas<\/h2>\n\n\n\n<p>Foram ofertadas 134 vagas para diferentes especialidades de Resid\u00eancia M\u00e9dica, Uniprofissional e Multiprofissional, al\u00e9m de oportunidades para as For\u00e7as Armadas.<\/p>\n\n\n\n<p>A bolsa de estudos a ser paga ao residente foi no valor de R$ 3.330,43.<\/p>\n\n\n\n<p>Inclusive, o resultado final com a 2\u00aa chamada j\u00e1 foi divulgado. Confira <a href=\"https:\/\/dhg1h5j42swfq.cloudfront.net\/2022\/08\/15154135\/edital_de_resultado_final_medica_hslrm_radioterapia_2_chamada.pdf\" target=\"_blank\" rel=\"noreferrer noopener nofollow\">AQUI<\/a>!<\/p>\n\n\n\n<h3 class=\"wp-block-heading\">Cargos e vagas<\/h3>\n\n\n\n<h4 class=\"has-text-align-center has-background wp-block-heading\" id=\"residencia-medica\" style=\"background-color:#eeeeee\"><strong>PROGRAMAS DE RESID\u00caNCIA M\u00c9DICA 2022<\/strong><\/h4>\n\n\n\n<p><strong>RESID\u00caNCIA M\u00c9DICA \u2013 \u00c1REAS B\u00c1SICAS E ESPECIALIDADE COM ACESSO DIRETO<\/strong><\/p>\n\n\n\n<figure class=\"wp-block-table is-style-stripes\"><table class=\"has-background has-fixed-layout\" style=\"background-color:#e7f5fe\"><tbody><tr><td class=\"has-text-align-center\" data-align=\"center\"><strong>\u00c1rea<\/strong><\/td><td class=\"has-text-align-center\" data-align=\"center\"><strong>Vagas<\/strong><\/td><\/tr><tr><td class=\"has-text-align-center\" data-align=\"center\">Anestesiologia<\/td><td class=\"has-text-align-center\" data-align=\"center\">8<\/td><\/tr><tr><td class=\"has-text-align-center\" data-align=\"center\">Cl\u00ednica M\u00e9dica<\/td><td class=\"has-text-align-center\" data-align=\"center\">3<\/td><\/tr><tr><td class=\"has-text-align-center\" data-align=\"center\">Dermatologia<\/td><td class=\"has-text-align-center\" data-align=\"center\">6<\/td><\/tr><tr><td class=\"has-text-align-center\" data-align=\"center\">Neurologia<\/td><td class=\"has-text-align-center\" data-align=\"center\">6<\/td><\/tr><tr><td class=\"has-text-align-center\" data-align=\"center\">Pediatria<\/td><td class=\"has-text-align-center\" data-align=\"center\">3<\/td><\/tr><tr><td class=\"has-text-align-center\" data-align=\"center\">Radiologia\/Diagn\u00f3stico por Imagem<\/td><td class=\"has-text-align-center\" data-align=\"center\">3<\/td><\/tr><tr><td class=\"has-text-align-center\" data-align=\"center\">Radioterapia<\/td><td class=\"has-text-align-center\" data-align=\"center\">2<\/td><\/tr><tr><td class=\"has-text-align-center\" data-align=\"center\">Medicina Intensiva<\/td><td class=\"has-text-align-center\" data-align=\"center\">6<\/td><\/tr><\/tbody><\/table><\/figure>\n\n\n\n<p><strong>RESID\u00caNCIA M\u00c9DICA \u2013 COM PR\u00c9-REQUISITO EM CL\u00cdNICA M\u00c9DICA<\/strong><\/p>\n\n\n\n<figure class=\"wp-block-table is-style-stripes\"><table class=\"has-background has-fixed-layout\" style=\"background-color:#e7f5fe\"><tbody><tr><td class=\"has-text-align-center\" data-align=\"center\"><strong>\u00c1rea<\/strong><\/td><td class=\"has-text-align-center\" data-align=\"center\"><strong><\/strong><strong>Vagas<\/strong><\/td><\/tr><tr><td class=\"has-text-align-center\" data-align=\"center\">Cardiologia<\/td><td class=\"has-text-align-center\" data-align=\"center\">6<\/td><\/tr><tr><td class=\"has-text-align-center\" data-align=\"center\">Oncologia Cl\u00ednica<\/td><td class=\"has-text-align-center\" data-align=\"center\">4<\/td><\/tr><\/tbody><\/table><\/figure>\n\n\n\n<p><strong>RESID\u00caNCIA M\u00c9DICA \u2013 COM PR\u00c9-REQUISITO EM CL\u00cdNICA M\u00c9DICA OU CIRURGIA GERAL OU PR\u00c9-REQUISITO EM \u00c1REA CIR\u00daRGICA B\u00c1SICA (RESOLU\u00c7\u00c3O CNRM 48\/2018)<\/strong><\/p>\n\n\n\n<figure class=\"wp-block-table is-style-stripes\"><table class=\"has-background has-fixed-layout\" style=\"background-color:#e7f5fe\"><tbody><tr><td class=\"has-text-align-center\" data-align=\"center\"><strong>\u00c1rea<\/strong><\/td><td class=\"has-text-align-center\" data-align=\"center\"><strong>Vagas<\/strong><\/td><\/tr><tr><td class=\"has-text-align-center\" data-align=\"center\">Endoscopia<\/td><td class=\"has-text-align-center\" data-align=\"center\">5<\/td><\/tr><\/tbody><\/table><\/figure>\n\n\n\n<p><strong>RESID\u00caNCIA M\u00c9DICA \u2013 COM PR\u00c9-REQUISITO EM CIRURGIA GERAL OU GINECOLOGIA E OBSTETR\u00cdCIA OU PR\u00c9-REQUISITO EM \u00c1REA CIR\u00daRGICA B\u00c1SICA (RESOLU\u00c7\u00c3O CNRM 48\/2018)<\/strong><\/p>\n\n\n\n<figure class=\"wp-block-table is-style-stripes\"><table class=\"has-background has-fixed-layout\" style=\"background-color:#e7f5fe\"><tbody><tr><td class=\"has-text-align-center\" data-align=\"center\"><strong>\u00c1rea<\/strong><\/td><td class=\"has-text-align-center\" data-align=\"center\"><strong>Vaga<\/strong><\/td><\/tr><tr><td class=\"has-text-align-center\" data-align=\"center\">Mastologia<\/td><td class=\"has-text-align-center\" data-align=\"center\">1<\/td><\/tr><\/tbody><\/table><\/figure>\n\n\n\n<p><strong>ANO ADICIONAL \u2013 COM PR\u00c9 REQUISITO EM CARDIOLOGIA<\/strong><\/p>\n\n\n\n<figure class=\"wp-block-table is-style-stripes\"><table class=\"has-background has-fixed-layout\" style=\"background-color:#e7f5fe\"><tbody><tr><td class=\"has-text-align-center\" data-align=\"center\"><strong>\u00c1rea<\/strong><\/td><td class=\"has-text-align-center\" data-align=\"center\"><strong>Vagas<\/strong><\/td><\/tr><tr><td class=\"has-text-align-center\" data-align=\"center\">Ergometria<\/td><td class=\"has-text-align-center\" data-align=\"center\">2<\/td><\/tr><\/tbody><\/table><\/figure>\n\n\n\n<p><strong>VAGAS RESERVADAS PARA AS FOR\u00c7AS ARMADAS<\/strong><\/p>\n\n\n\n<p>Para os candidatos aprovados no Processo Seletivo de 2022, incorporados neste mesmo ano \u00e0s For\u00e7as Armadas e que<br \/>manifestaram seu desejo de assumir a vaga no ano subsequente at\u00e9 o dia 30 de julho conforme Resolu\u00e7\u00e3o CNRM n\u00famero 4 de 2011, serlhes-\u00e3o garantidas as vagas correspondentes ao respectivo curso de Resid\u00eancia para o ano de 2023. <\/p>\n\n\n\n<p>Caso haja desist\u00eancia de algum candidato nessa situa\u00e7\u00e3o, a vaga correspondente ser\u00e1 somada a quantidade de vagas disponibilizadas para o respectivo curso e ser\u00e1 preenchida de acordo com ordem de classifica\u00e7\u00e3o dos candidatos aprovados.<\/p>\n\n\n\n<figure class=\"wp-block-table is-style-stripes\"><table class=\"has-background has-fixed-layout\" style=\"background-color:#e7f5fe\"><tbody><tr><td class=\"has-text-align-center\" data-align=\"center\"><strong>\u00c1rea<\/strong><\/td><td class=\"has-text-align-center\" data-align=\"center\"><strong>Vagas<\/strong><\/td><\/tr><tr><td class=\"has-text-align-center\" data-align=\"center\">Anestesiologia<\/td><td class=\"has-text-align-center\" data-align=\"center\">0<\/td><\/tr><tr><td class=\"has-text-align-center\" data-align=\"center\">Cl\u00ednica M\u00e9dica<\/td><td class=\"has-text-align-center\" data-align=\"center\">1<\/td><\/tr><tr><td class=\"has-text-align-center\" data-align=\"center\">Dermatologia<\/td><td class=\"has-text-align-center\" data-align=\"center\">0<\/td><\/tr><tr><td class=\"has-text-align-center\" data-align=\"center\">Neurologia<\/td><td class=\"has-text-align-center\" data-align=\"center\">0<\/td><\/tr><tr><td class=\"has-text-align-center\" data-align=\"center\">Pediatria<\/td><td class=\"has-text-align-center\" data-align=\"center\">0<\/td><\/tr><tr><td class=\"has-text-align-center\" data-align=\"center\">Radiologia\/Diagn\u00f3stico por Imagem<\/td><td class=\"has-text-align-center\" data-align=\"center\">0<\/td><\/tr><tr><td class=\"has-text-align-center\" data-align=\"center\">Radioterapia<\/td><td class=\"has-text-align-center\" data-align=\"center\">0<\/td><\/tr><tr><td class=\"has-text-align-center\" data-align=\"center\">Medicina Intensiva<\/td><td class=\"has-text-align-center\" data-align=\"center\">0<\/td><\/tr><tr><td class=\"has-text-align-center\" data-align=\"center\">Cardiologia<\/td><td class=\"has-text-align-center\" data-align=\"center\">0<\/td><\/tr><tr><td class=\"has-text-align-center\" data-align=\"center\">Oncologia Cl\u00ednica<\/td><td class=\"has-text-align-center\" data-align=\"center\">0<\/td><\/tr><tr><td class=\"has-text-align-center\" data-align=\"center\">Endoscopia<\/td><td class=\"has-text-align-center\" data-align=\"center\">0<\/td><\/tr><tr><td class=\"has-text-align-center\" data-align=\"center\">Mastologia<\/td><td class=\"has-text-align-center\" data-align=\"center\">0<\/td><\/tr><tr><td class=\"has-text-align-center\" data-align=\"center\">Ergometria<\/td><td class=\"has-text-align-center\" data-align=\"center\">0<\/td><\/tr><\/tbody><\/table><\/figure>\n\n\n\n<h4 class=\"has-text-align-center has-background wp-block-heading\" id=\"residencia-saude\" style=\"background-color:#eeeeee\"><strong>PROGRAMAS DE RESID\u00caNCIA EM \u00c1REA PROFISSIONAL DA SA\u00daDE E RESID\u00caNCIA MULTIPROFISSIONAL EM SA\u00daDE<\/strong> <strong>2022<\/strong><\/h4>\n\n\n\n<p><strong>RESID\u00caNCIA UNIPROFISSIONAL<\/strong><\/p>\n\n\n\n<figure class=\"wp-block-table is-style-stripes\"><table class=\"has-background has-fixed-layout\" style=\"background-color:#e7f5fe\"><tbody><tr><td class=\"has-text-align-center\" data-align=\"center\"><strong>\u00c1rea<\/strong><\/td><td class=\"has-text-align-center\" data-align=\"center\"><strong>Vagas<\/strong><\/td><\/tr><tr><td class=\"has-text-align-center\" data-align=\"center\">Gradua\u00e7\u00e3o em Biomedicina<\/td><td class=\"has-text-align-center\" data-align=\"center\">8<\/td><\/tr><tr><td class=\"has-text-align-center\" data-align=\"center\">Gradua\u00e7\u00e3o em Enfermagem (diversas especialidades)<\/td><td class=\"has-text-align-center\" data-align=\"center\">26<\/td><\/tr><tr><td class=\"has-text-align-center\" data-align=\"center\">Gradua\u00e7\u00e3o em F\u00edsica<\/td><td class=\"has-text-align-center\" data-align=\"center\">2<\/td><\/tr><\/tbody><\/table><\/figure>\n\n\n\n<p><strong>RESID\u00caNCIA MULTIPROFISSIONAL<\/strong><\/p>\n\n\n\n<figure class=\"wp-block-table is-style-stripes\"><table class=\"has-background has-fixed-layout\" style=\"background-color:#e7f5fe\"><tbody><tr><td class=\"has-text-align-center\" data-align=\"center\"><strong>\u00c1rea<\/strong><\/td><td class=\"has-text-align-center\" data-align=\"center\"><strong>Vagas<\/strong><\/td><\/tr><tr><td class=\"has-text-align-center\" data-align=\"center\">Gradua\u00e7\u00e3o em Enfermagem<\/td><td class=\"has-text-align-center\" data-align=\"center\">14<\/td><\/tr><tr><td class=\"has-text-align-center\" data-align=\"center\">Gradua\u00e7\u00e3o em Farm\u00e1cia<\/td><td class=\"has-text-align-center\" data-align=\"center\">7<\/td><\/tr><tr><td class=\"has-text-align-center\" data-align=\"center\">Gradua\u00e7\u00e3o em Fisioterapia<\/td><td class=\"has-text-align-center\" data-align=\"center\">6<\/td><\/tr><tr><td class=\"has-text-align-center\" data-align=\"center\">Gradua\u00e7\u00e3o em Nutri\u00e7\u00e3o<\/td><td class=\"has-text-align-center\" data-align=\"center\">7<\/td><\/tr><tr><td class=\"has-text-align-center\" data-align=\"center\">Gradua\u00e7\u00e3o em Psicologia<\/td><td class=\"has-text-align-center\" data-align=\"center\">3<\/td><\/tr><\/tbody><\/table><\/figure>\n\n\n\n<h3 class=\"wp-block-heading\" id=\"remuneracao\">Remunera\u00e7\u00e3o<\/h3>\n\n\n\n<p>A bolsa de estudos a ser paga ao residente foi no valor de <strong>R$ 3.330,43<\/strong>, subsidiada e administrada pela Sociedade Beneficente de Senhoras Hospital S\u00edrio-Liban\u00eas, de acordo com a legisla\u00e7\u00e3o vigente na data de publica\u00e7\u00e3o do presente edital.<\/p>\n\n\n\n<h3 class=\"wp-block-heading\" id=\"etapas\">Etapas do processo seletivo Resid\u00eancia Hospital S\u00edrio-Liban\u00eas<\/h3>\n\n\n\n<p>O Processo Seletivo para Resid\u00eancia do Hospital S\u00edrio-Liban\u00eas foi constitu\u00eddo em duas fases, sendo:<\/p>\n\n\n\n<ul class=\"wp-block-list\">\n<li><strong>1\u00aa Fase<\/strong> &#8211; Prova Escrita Objetiva sob a responsabilidade da Funda\u00e7\u00e3o Carlos Chagas <\/li>\n\n\n\n<li><strong>2\u00aa Fase <\/strong>\u2013 Entrevista \/ An\u00e1lise de Curriculum Vitae sob a responsabilidade do Hospital S\u00edrio-Liban\u00eas<\/li>\n<\/ul>\n\n\n\n<hr class=\"wp-block-separator has-alpha-channel-opacity\"\/>\n\n\n\n<h2 class=\"has-text-align-center wp-block-heading\">Quer saber tudo sobre concursos previstos?<br \/>Confira nossos artigos!<\/h2>\n\n\n\n<ul class=\"wp-block-list\">\n<li><a href=\"https:\/\/www.estrategiaconcursos.com.br\/blog\/concursos-abertos\/\" target=\"_blank\" rel=\"noreferrer noopener\">Concursos abertos<\/a><\/li>\n\n\n\n<li><a href=\"https:\/\/www.estrategiaconcursos.com.br\/blog\/concursos-2023\/\" target=\"_blank\" rel=\"noreferrer noopener\">Concursos 2023<\/a><\/li>\n<\/ul>\n\n\n\n<h2 class=\"has-text-align-center wp-block-heading\" id=\"cursos\">Quer estudar para o PSS Resid\u00eancia Hospital S\u00edrio-Liban\u00eas?<\/h2>\n\n\n\n<div class=\"container\" id=\"boxes\">\n  <div class=\"row\">\n\n    <div class=\"col-sm\">\n      <div class=\"banner-medicina\" id=\"box-assinatura\">\n        <h3 class=\"titulo-assinatura\">Resid\u00eancia Hospital S\u00edrio-Liban\u00eas<\/h3>\n        <p class=\"subtitulo-assinatura\">Conhe\u00e7a nossos cursos<\/p>\n        <div class=\"box-botao\">\n          <a class=\"btn-assinatura\" target=\"_blank\" href=\"https:\/\/www.estrategiaconcursos.com.br\/cursosPorConcurso\/residencia-hospital-sirio-libanes-residencias-multiprofissionais\/\" role=\"button\" rel=\"noopener noreferrer\">Conhe\u00e7a mais<\/a>\n        <\/div>\n      <\/div>\n      <p class=\"texto-auxiliar\"><\/p>\n    <\/div>\n\n  <\/div>\n<\/div>\n\n\n\n<div class=\"container\" id=\"boxes\">\n  <div class=\"row\">\n\n    <div class=\"col-sm\">\n      <div class=\"estrategia\" id=\"box-assinatura\">\n        <h3 class=\"titulo-assinatura\">Assinatura Concursos<\/h3>\n        <p class=\"subtitulo-assinatura\">Assinatura de 1 ano ou 2 anos<\/p>\n        <div class=\"box-botao\">\n          <a class=\"btn-assinatura\" target=\"_blank\" href=\"https:\/\/www.estrategiaconcursos.com.br\/assinaturas\/\" role=\"button\" rel=\"noopener noreferrer\">ASSINE AGORA<\/a>\n        <\/div>\n      <\/div><\/div><\/div><\/div>\n\n\n\n<figure class=\"wp-block-image size-large is-resized\"><img loading=\"lazy\" decoding=\"async\" src=\"https:\/\/dhg1h5j42swfq.cloudfront.net\/2021\/05\/19100903\/ficha-tecnica-34-1024x632.png\" alt=\"Informa\u00e7\u00f5es Resid\u00eancia Hospital S\u00edrio-Liban\u00eas\" class=\"wp-image-744973\" width=\"271\" height=\"167\" srcset=\"https:\/\/dhg1h5j42swfq.cloudfront.net\/2021\/05\/19100903\/ficha-tecnica-34-1024x632.png 1024w, https:\/\/dhg1h5j42swfq.cloudfront.net\/2021\/05\/19100903\/ficha-tecnica-34-300x185.png 300w, https:\/\/dhg1h5j42swfq.cloudfront.net\/2021\/05\/19100903\/ficha-tecnica-34-768x474.png 768w, https:\/\/dhg1h5j42swfq.cloudfront.net\/2021\/05\/19100903\/ficha-tecnica-34-1536x948.png 1536w, https:\/\/dhg1h5j42swfq.cloudfront.net\/2021\/05\/19100903\/ficha-tecnica-34-610x377.png 610w, https:\/\/dhg1h5j42swfq.cloudfront.net\/2021\/05\/19100903\/ficha-tecnica-34.png 1571w\" sizes=\"auto, (max-width: 271px) 100vw, 271px\" \/><\/figure>\n\n\n\n<h3 class=\"wp-block-heading\" id=\"ficha\"><strong>Informa\u00e7\u00f5es Resid\u00eancia Hospital S\u00edrio-Liban\u00eas<\/strong><\/h3>\n\n\n\n<ul class=\"wp-block-list\">\n<li><strong>Data<\/strong> <strong>da prova: <\/strong>05\/12\/2022<\/li>\n\n\n\n<li><strong>Vagas<\/strong>: 70<\/li>\n\n\n\n<li><strong>Cargos<\/strong>: diversos<\/li>\n\n\n\n<li><strong>Banca<\/strong>: FCC<\/li>\n\n\n\n<li><strong>Escolaridade<\/strong>: N\u00edvel superior<\/li>\n\n\n\n<li><strong>Edital:<\/strong> <a href=\"https:\/\/dhg1h5j42swfq.cloudfront.net\/2022\/08\/15154139\/edital_de_abertura_de_residencia_multi_hsl_2023-v4_11_08_2022__revisado_caex770_ndida_-1.pdf\" target=\"_blank\" rel=\"noreferrer noopener nofollow\">S\u00edrio-Liban\u00eas-2022<\/a><\/li>\n<\/ul>\n","protected":false},"excerpt":{"rendered":"<p>Foi divulgado o resultado final do edital de Resid\u00eancia Uniprofissional e Multiprofissional do Hospital S\u00edrio-Liban\u00eas, no estado de S\u00e3o Paulo. De acordo com o documento, foram ofertadas 70 vagas imediatas de n\u00edvel superior, distribu\u00eddas entre diversas \u00e1reas de especializa\u00e7\u00e3o. A remunera\u00e7\u00e3o inicial dos cargos \u00e9 de R$ 4.106,09. Resid\u00eancia Hospital S\u00edrio-Liban\u00eas Conhe\u00e7a nossos cursos Conhe\u00e7a [&hellip;]<\/p>\n","protected":false},"author":1,"featured_media":1080253,"comment_status":"open","ping_status":"closed","sticky":false,"template":"","format":"standard","meta":{"post_tipo":"news_page","footnotes":""},"categories":[1981],"tags":[],"tax_estado":[219989],"class_list":["post-610210","post","type-post","status-publish","format-standard","has-post-thumbnail","hentry","category-saude","tax_estado-sp"],"acf":[],"yoast_head":"<!-- This site is optimized with the Yoast SEO Premium plugin v27.2 (Yoast SEO v27.2) - https:\/\/yoast.com\/product\/yoast-seo-premium-wordpress\/ -->\n<title>Resid\u00eancia Hospital S\u00edrio-Liban\u00eas: resultado final divulgado!<\/title>\n<meta name=\"description\" content=\"Resid\u00eancia no Hospital S\u00edrio-Liban\u00eas: resultado final divulgado. Edital ofertou 70 vagas e sal\u00e1rio inicial de R$ 4,1 mil! Confira!\" \/>\n<meta name=\"robots\" content=\"index, follow, max-snippet:-1, max-image-preview:large, max-video-preview:-1\" \/>\n<link rel=\"canonical\" href=\"https:\/\/www.estrategiaconcursos.com.br\/blog\/residencia-hospital-sirio-libanes\/\" \/>\n<meta property=\"og:locale\" content=\"pt_BR\" \/>\n<meta property=\"og:type\" content=\"article\" \/>\n<meta property=\"og:title\" content=\"Resid\u00eancia Hospital S\u00edrio-Liban\u00eas: resultado final divulgado!\" \/>\n<meta property=\"og:description\" content=\"Resid\u00eancia no Hospital S\u00edrio-Liban\u00eas: resultado final divulgado. Edital ofertou 70 vagas e sal\u00e1rio inicial de R$ 4,1 mil! Confira!\" \/>\n<meta property=\"og:url\" content=\"https:\/\/www.estrategiaconcursos.com.br\/blog\/residencia-hospital-sirio-libanes\/\" \/>\n<meta property=\"og:site_name\" content=\"Estrat\u00e9gia Concursos\" \/>\n<meta property=\"article:author\" content=\"https:\/\/www.facebook.com\/EstrategiaConcursos\" \/>\n<meta property=\"article:published_time\" content=\"2023-02-03T16:54:02+00:00\" \/>\n<meta property=\"article:modified_time\" content=\"2023-02-03T16:54:04+00:00\" \/>\n<meta property=\"og:image\" content=\"https:\/\/dhg1h5j42swfq.cloudfront.net\/2022\/08\/18142156\/residencia-hospital-sirio-libanes.jpg\" \/>\n\t<meta property=\"og:image:width\" content=\"1200\" \/>\n\t<meta property=\"og:image:height\" content=\"628\" \/>\n\t<meta property=\"og:image:type\" content=\"image\/jpeg\" \/>\n<meta name=\"author\" content=\"Coordena\u00e7\u00e3o\" \/>\n<meta name=\"twitter:card\" content=\"summary_large_image\" \/>\n<meta name=\"twitter:creator\" content=\"@EstratConcursos\" \/>\n<meta name=\"twitter:site\" content=\"@EstratConcursos\" \/>\n<meta name=\"twitter:label1\" content=\"Escrito por\" \/>\n\t<meta name=\"twitter:data1\" content=\"Coordena\u00e7\u00e3o\" \/>\n\t<meta name=\"twitter:label2\" content=\"Est. tempo de leitura\" \/>\n\t<meta name=\"twitter:data2\" content=\"6 minutos\" \/>\n<script type=\"application\/ld+json\" class=\"yoast-schema-graph\">{\"@context\":\"https:\/\/schema.org\",\"@graph\":[{\"@type\":\"NewsArticle\",\"@id\":\"https:\/\/www.estrategiaconcursos.com.br\/blog\/residencia-hospital-sirio-libanes\/#article\",\"isPartOf\":{\"@id\":\"https:\/\/www.estrategiaconcursos.com.br\/blog\/residencia-hospital-sirio-libanes\/\"},\"author\":{\"name\":\"Coordena\u00e7\u00e3o\",\"@id\":\"https:\/\/www.estrategiaconcursos.com.br\/blog\/#\/schema\/person\/b4a388c97673c5f483d72185668afa1f\"},\"headline\":\"Resid\u00eancia Hospital S\u00edrio-Liban\u00eas: resultado final divulgado!\",\"datePublished\":\"2023-02-03T16:54:02+00:00\",\"dateModified\":\"2023-02-03T16:54:04+00:00\",\"mainEntityOfPage\":{\"@id\":\"https:\/\/www.estrategiaconcursos.com.br\/blog\/residencia-hospital-sirio-libanes\/\"},\"wordCount\":1158,\"commentCount\":0,\"publisher\":{\"@id\":\"https:\/\/www.estrategiaconcursos.com.br\/blog\/#organization\"},\"image\":{\"@id\":\"https:\/\/www.estrategiaconcursos.com.br\/blog\/residencia-hospital-sirio-libanes\/#primaryimage\"},\"thumbnailUrl\":\"https:\/\/dhg1h5j42swfq.cloudfront.net\/2022\/08\/18142156\/residencia-hospital-sirio-libanes.jpg\",\"articleSection\":[\"Sa\u00fade\"],\"inLanguage\":\"pt-BR\",\"potentialAction\":[{\"@type\":\"CommentAction\",\"name\":\"Comment\",\"target\":[\"https:\/\/www.estrategiaconcursos.com.br\/blog\/residencia-hospital-sirio-libanes\/#respond\"]}],\"copyrightYear\":\"2023\",\"copyrightHolder\":{\"@id\":\"https:\/\/www.estrategiaconcursos.com.br\/blog\/#organization\"}},{\"@type\":\"WebPage\",\"@id\":\"https:\/\/www.estrategiaconcursos.com.br\/blog\/residencia-hospital-sirio-libanes\/\",\"url\":\"https:\/\/www.estrategiaconcursos.com.br\/blog\/residencia-hospital-sirio-libanes\/\",\"name\":\"Resid\u00eancia Hospital S\u00edrio-Liban\u00eas: resultado final divulgado!\",\"isPartOf\":{\"@id\":\"https:\/\/www.estrategiaconcursos.com.br\/blog\/#website\"},\"primaryImageOfPage\":{\"@id\":\"https:\/\/www.estrategiaconcursos.com.br\/blog\/residencia-hospital-sirio-libanes\/#primaryimage\"},\"image\":{\"@id\":\"https:\/\/www.estrategiaconcursos.com.br\/blog\/residencia-hospital-sirio-libanes\/#primaryimage\"},\"thumbnailUrl\":\"https:\/\/dhg1h5j42swfq.cloudfront.net\/2022\/08\/18142156\/residencia-hospital-sirio-libanes.jpg\",\"datePublished\":\"2023-02-03T16:54:02+00:00\",\"dateModified\":\"2023-02-03T16:54:04+00:00\",\"description\":\"Resid\u00eancia no Hospital S\u00edrio-Liban\u00eas: resultado final divulgado. Edital ofertou 70 vagas e sal\u00e1rio inicial de R$ 4,1 mil! Confira!\",\"breadcrumb\":{\"@id\":\"https:\/\/www.estrategiaconcursos.com.br\/blog\/residencia-hospital-sirio-libanes\/#breadcrumb\"},\"inLanguage\":\"pt-BR\",\"potentialAction\":[{\"@type\":\"ReadAction\",\"target\":[\"https:\/\/www.estrategiaconcursos.com.br\/blog\/residencia-hospital-sirio-libanes\/\"]}]},{\"@type\":\"ImageObject\",\"inLanguage\":\"pt-BR\",\"@id\":\"https:\/\/www.estrategiaconcursos.com.br\/blog\/residencia-hospital-sirio-libanes\/#primaryimage\",\"url\":\"https:\/\/dhg1h5j42swfq.cloudfront.net\/2022\/08\/18142156\/residencia-hospital-sirio-libanes.jpg\",\"contentUrl\":\"https:\/\/dhg1h5j42swfq.cloudfront.net\/2022\/08\/18142156\/residencia-hospital-sirio-libanes.jpg\",\"width\":1200,\"height\":628,\"caption\":\"Resid\u00eancia Hospital S\u00edrio-Liban\u00eas\"},{\"@type\":\"BreadcrumbList\",\"@id\":\"https:\/\/www.estrategiaconcursos.com.br\/blog\/residencia-hospital-sirio-libanes\/#breadcrumb\",\"itemListElement\":[{\"@type\":\"ListItem\",\"position\":1,\"name\":\"In\u00edcio\",\"item\":\"https:\/\/www.estrategiaconcursos.com.br\/blog\/\"},{\"@type\":\"ListItem\",\"position\":2,\"name\":\"Resid\u00eancia Hospital S\u00edrio-Liban\u00eas: resultado final divulgado!\"}]},{\"@type\":\"WebSite\",\"@id\":\"https:\/\/www.estrategiaconcursos.com.br\/blog\/#website\",\"url\":\"https:\/\/www.estrategiaconcursos.com.br\/blog\/\",\"name\":\"Estrat\u00e9gia Concursos\",\"description\":\"O blog da Estrat\u00e9gia Concursos traz not\u00edcias sobre concursos e artigos de professores oferecendo cursos para concursos (pdf + videaulas) no site.\",\"publisher\":{\"@id\":\"https:\/\/www.estrategiaconcursos.com.br\/blog\/#organization\"},\"potentialAction\":[{\"@type\":\"SearchAction\",\"target\":{\"@type\":\"EntryPoint\",\"urlTemplate\":\"https:\/\/www.estrategiaconcursos.com.br\/blog\/?s={search_term_string}\"},\"query-input\":{\"@type\":\"PropertyValueSpecification\",\"valueRequired\":true,\"valueName\":\"search_term_string\"}}],\"inLanguage\":\"pt-BR\"},{\"@type\":\"Organization\",\"@id\":\"https:\/\/www.estrategiaconcursos.com.br\/blog\/#organization\",\"name\":\"Estrat\u00e9gia Concursos\",\"url\":\"https:\/\/www.estrategiaconcursos.com.br\/blog\/\",\"logo\":{\"@type\":\"ImageObject\",\"inLanguage\":\"pt-BR\",\"@id\":\"https:\/\/www.estrategiaconcursos.com.br\/blog\/#\/schema\/logo\/image\/\",\"url\":\"https:\/\/dhg1h5j42swfq.cloudfront.net\/2025\/06\/03203428\/logo_concursos-1.jpg\",\"contentUrl\":\"https:\/\/dhg1h5j42swfq.cloudfront.net\/2025\/06\/03203428\/logo_concursos-1.jpg\",\"width\":230,\"height\":60,\"caption\":\"Estrat\u00e9gia Concursos\"},\"image\":{\"@id\":\"https:\/\/www.estrategiaconcursos.com.br\/blog\/#\/schema\/logo\/image\/\"},\"sameAs\":[\"https:\/\/x.com\/EstratConcursos\"]},{\"@type\":\"Person\",\"@id\":\"https:\/\/www.estrategiaconcursos.com.br\/blog\/#\/schema\/person\/b4a388c97673c5f483d72185668afa1f\",\"name\":\"Coordena\u00e7\u00e3o\",\"image\":{\"@type\":\"ImageObject\",\"inLanguage\":\"pt-BR\",\"@id\":\"https:\/\/secure.gravatar.com\/avatar\/b720319e4c9a967eb58678d110f4fe35452fc5d5f97b202bac7b8acceb18c6ad?s=96&d=mm&r=g\",\"url\":\"https:\/\/secure.gravatar.com\/avatar\/b720319e4c9a967eb58678d110f4fe35452fc5d5f97b202bac7b8acceb18c6ad?s=96&d=mm&r=g\",\"contentUrl\":\"https:\/\/secure.gravatar.com\/avatar\/b720319e4c9a967eb58678d110f4fe35452fc5d5f97b202bac7b8acceb18c6ad?s=96&d=mm&r=g\",\"caption\":\"Coordena\u00e7\u00e3o\"},\"sameAs\":[\"https:\/\/www.facebook.com\/EstrategiaConcursos\",\"https:\/\/x.com\/EstratConcursos\"],\"url\":\"https:\/\/www.estrategiaconcursos.com.br\/blog\/author\/estrategia2013\/\"}]}<\/script>\n<!-- \/ Yoast SEO Premium plugin. -->","yoast_head_json":{"title":"Resid\u00eancia Hospital S\u00edrio-Liban\u00eas: resultado final divulgado!","description":"Resid\u00eancia no Hospital S\u00edrio-Liban\u00eas: resultado final divulgado. Edital ofertou 70 vagas e sal\u00e1rio inicial de R$ 4,1 mil! Confira!","robots":{"index":"index","follow":"follow","max-snippet":"max-snippet:-1","max-image-preview":"max-image-preview:large","max-video-preview":"max-video-preview:-1"},"canonical":"https:\/\/www.estrategiaconcursos.com.br\/blog\/residencia-hospital-sirio-libanes\/","og_locale":"pt_BR","og_type":"article","og_title":"Resid\u00eancia Hospital S\u00edrio-Liban\u00eas: resultado final divulgado!","og_description":"Resid\u00eancia no Hospital S\u00edrio-Liban\u00eas: resultado final divulgado. Edital ofertou 70 vagas e sal\u00e1rio inicial de R$ 4,1 mil! Confira!","og_url":"https:\/\/www.estrategiaconcursos.com.br\/blog\/residencia-hospital-sirio-libanes\/","og_site_name":"Estrat\u00e9gia Concursos","article_author":"https:\/\/www.facebook.com\/EstrategiaConcursos","article_published_time":"2023-02-03T16:54:02+00:00","article_modified_time":"2023-02-03T16:54:04+00:00","og_image":[{"width":1200,"height":628,"url":"https:\/\/dhg1h5j42swfq.cloudfront.net\/2022\/08\/18142156\/residencia-hospital-sirio-libanes.jpg","type":"image\/jpeg"}],"author":"Coordena\u00e7\u00e3o","twitter_card":"summary_large_image","twitter_creator":"@EstratConcursos","twitter_site":"@EstratConcursos","twitter_misc":{"Escrito por":"Coordena\u00e7\u00e3o","Est. tempo de leitura":"6 minutos"},"schema":{"@context":"https:\/\/schema.org","@graph":[{"@type":"NewsArticle","@id":"https:\/\/www.estrategiaconcursos.com.br\/blog\/residencia-hospital-sirio-libanes\/#article","isPartOf":{"@id":"https:\/\/www.estrategiaconcursos.com.br\/blog\/residencia-hospital-sirio-libanes\/"},"author":{"name":"Coordena\u00e7\u00e3o","@id":"https:\/\/www.estrategiaconcursos.com.br\/blog\/#\/schema\/person\/b4a388c97673c5f483d72185668afa1f"},"headline":"Resid\u00eancia Hospital S\u00edrio-Liban\u00eas: resultado final divulgado!","datePublished":"2023-02-03T16:54:02+00:00","dateModified":"2023-02-03T16:54:04+00:00","mainEntityOfPage":{"@id":"https:\/\/www.estrategiaconcursos.com.br\/blog\/residencia-hospital-sirio-libanes\/"},"wordCount":1158,"commentCount":0,"publisher":{"@id":"https:\/\/www.estrategiaconcursos.com.br\/blog\/#organization"},"image":{"@id":"https:\/\/www.estrategiaconcursos.com.br\/blog\/residencia-hospital-sirio-libanes\/#primaryimage"},"thumbnailUrl":"https:\/\/dhg1h5j42swfq.cloudfront.net\/2022\/08\/18142156\/residencia-hospital-sirio-libanes.jpg","articleSection":["Sa\u00fade"],"inLanguage":"pt-BR","potentialAction":[{"@type":"CommentAction","name":"Comment","target":["https:\/\/www.estrategiaconcursos.com.br\/blog\/residencia-hospital-sirio-libanes\/#respond"]}],"copyrightYear":"2023","copyrightHolder":{"@id":"https:\/\/www.estrategiaconcursos.com.br\/blog\/#organization"}},{"@type":"WebPage","@id":"https:\/\/www.estrategiaconcursos.com.br\/blog\/residencia-hospital-sirio-libanes\/","url":"https:\/\/www.estrategiaconcursos.com.br\/blog\/residencia-hospital-sirio-libanes\/","name":"Resid\u00eancia Hospital S\u00edrio-Liban\u00eas: resultado final divulgado!","isPartOf":{"@id":"https:\/\/www.estrategiaconcursos.com.br\/blog\/#website"},"primaryImageOfPage":{"@id":"https:\/\/www.estrategiaconcursos.com.br\/blog\/residencia-hospital-sirio-libanes\/#primaryimage"},"image":{"@id":"https:\/\/www.estrategiaconcursos.com.br\/blog\/residencia-hospital-sirio-libanes\/#primaryimage"},"thumbnailUrl":"https:\/\/dhg1h5j42swfq.cloudfront.net\/2022\/08\/18142156\/residencia-hospital-sirio-libanes.jpg","datePublished":"2023-02-03T16:54:02+00:00","dateModified":"2023-02-03T16:54:04+00:00","description":"Resid\u00eancia no Hospital S\u00edrio-Liban\u00eas: resultado final divulgado. Edital ofertou 70 vagas e sal\u00e1rio inicial de R$ 4,1 mil! Confira!","breadcrumb":{"@id":"https:\/\/www.estrategiaconcursos.com.br\/blog\/residencia-hospital-sirio-libanes\/#breadcrumb"},"inLanguage":"pt-BR","potentialAction":[{"@type":"ReadAction","target":["https:\/\/www.estrategiaconcursos.com.br\/blog\/residencia-hospital-sirio-libanes\/"]}]},{"@type":"ImageObject","inLanguage":"pt-BR","@id":"https:\/\/www.estrategiaconcursos.com.br\/blog\/residencia-hospital-sirio-libanes\/#primaryimage","url":"https:\/\/dhg1h5j42swfq.cloudfront.net\/2022\/08\/18142156\/residencia-hospital-sirio-libanes.jpg","contentUrl":"https:\/\/dhg1h5j42swfq.cloudfront.net\/2022\/08\/18142156\/residencia-hospital-sirio-libanes.jpg","width":1200,"height":628,"caption":"Resid\u00eancia Hospital S\u00edrio-Liban\u00eas"},{"@type":"BreadcrumbList","@id":"https:\/\/www.estrategiaconcursos.com.br\/blog\/residencia-hospital-sirio-libanes\/#breadcrumb","itemListElement":[{"@type":"ListItem","position":1,"name":"In\u00edcio","item":"https:\/\/www.estrategiaconcursos.com.br\/blog\/"},{"@type":"ListItem","position":2,"name":"Resid\u00eancia Hospital S\u00edrio-Liban\u00eas: resultado final divulgado!"}]},{"@type":"WebSite","@id":"https:\/\/www.estrategiaconcursos.com.br\/blog\/#website","url":"https:\/\/www.estrategiaconcursos.com.br\/blog\/","name":"Estrat\u00e9gia Concursos","description":"O blog da Estrat\u00e9gia Concursos traz not\u00edcias sobre concursos e artigos de professores oferecendo cursos para concursos (pdf + videaulas) no site.","publisher":{"@id":"https:\/\/www.estrategiaconcursos.com.br\/blog\/#organization"},"potentialAction":[{"@type":"SearchAction","target":{"@type":"EntryPoint","urlTemplate":"https:\/\/www.estrategiaconcursos.com.br\/blog\/?s={search_term_string}"},"query-input":{"@type":"PropertyValueSpecification","valueRequired":true,"valueName":"search_term_string"}}],"inLanguage":"pt-BR"},{"@type":"Organization","@id":"https:\/\/www.estrategiaconcursos.com.br\/blog\/#organization","name":"Estrat\u00e9gia Concursos","url":"https:\/\/www.estrategiaconcursos.com.br\/blog\/","logo":{"@type":"ImageObject","inLanguage":"pt-BR","@id":"https:\/\/www.estrategiaconcursos.com.br\/blog\/#\/schema\/logo\/image\/","url":"https:\/\/dhg1h5j42swfq.cloudfront.net\/2025\/06\/03203428\/logo_concursos-1.jpg","contentUrl":"https:\/\/dhg1h5j42swfq.cloudfront.net\/2025\/06\/03203428\/logo_concursos-1.jpg","width":230,"height":60,"caption":"Estrat\u00e9gia Concursos"},"image":{"@id":"https:\/\/www.estrategiaconcursos.com.br\/blog\/#\/schema\/logo\/image\/"},"sameAs":["https:\/\/x.com\/EstratConcursos"]},{"@type":"Person","@id":"https:\/\/www.estrategiaconcursos.com.br\/blog\/#\/schema\/person\/b4a388c97673c5f483d72185668afa1f","name":"Coordena\u00e7\u00e3o","image":{"@type":"ImageObject","inLanguage":"pt-BR","@id":"https:\/\/secure.gravatar.com\/avatar\/b720319e4c9a967eb58678d110f4fe35452fc5d5f97b202bac7b8acceb18c6ad?s=96&d=mm&r=g","url":"https:\/\/secure.gravatar.com\/avatar\/b720319e4c9a967eb58678d110f4fe35452fc5d5f97b202bac7b8acceb18c6ad?s=96&d=mm&r=g","contentUrl":"https:\/\/secure.gravatar.com\/avatar\/b720319e4c9a967eb58678d110f4fe35452fc5d5f97b202bac7b8acceb18c6ad?s=96&d=mm&r=g","caption":"Coordena\u00e7\u00e3o"},"sameAs":["https:\/\/www.facebook.com\/EstrategiaConcursos","https:\/\/x.com\/EstratConcursos"],"url":"https:\/\/www.estrategiaconcursos.com.br\/blog\/author\/estrategia2013\/"}]}},"_links":{"self":[{"href":"https:\/\/www.estrategiaconcursos.com.br\/blog\/wp-json\/wp\/v2\/posts\/610210","targetHints":{"allow":["GET"]}}],"collection":[{"href":"https:\/\/www.estrategiaconcursos.com.br\/blog\/wp-json\/wp\/v2\/posts"}],"about":[{"href":"https:\/\/www.estrategiaconcursos.com.br\/blog\/wp-json\/wp\/v2\/types\/post"}],"author":[{"embeddable":true,"href":"https:\/\/www.estrategiaconcursos.com.br\/blog\/wp-json\/wp\/v2\/users\/1"}],"replies":[{"embeddable":true,"href":"https:\/\/www.estrategiaconcursos.com.br\/blog\/wp-json\/wp\/v2\/comments?post=610210"}],"version-history":[{"count":31,"href":"https:\/\/www.estrategiaconcursos.com.br\/blog\/wp-json\/wp\/v2\/posts\/610210\/revisions"}],"predecessor-version":[{"id":1164565,"href":"https:\/\/www.estrategiaconcursos.com.br\/blog\/wp-json\/wp\/v2\/posts\/610210\/revisions\/1164565"}],"wp:featuredmedia":[{"embeddable":true,"href":"https:\/\/www.estrategiaconcursos.com.br\/blog\/wp-json\/wp\/v2\/media\/1080253"}],"wp:attachment":[{"href":"https:\/\/www.estrategiaconcursos.com.br\/blog\/wp-json\/wp\/v2\/media?parent=610210"}],"wp:term":[{"taxonomy":"category","embeddable":true,"href":"https:\/\/www.estrategiaconcursos.com.br\/blog\/wp-json\/wp\/v2\/categories?post=610210"},{"taxonomy":"post_tag","embeddable":true,"href":"https:\/\/www.estrategiaconcursos.com.br\/blog\/wp-json\/wp\/v2\/tags?post=610210"},{"taxonomy":"tax_estado","embeddable":true,"href":"https:\/\/www.estrategiaconcursos.com.br\/blog\/wp-json\/wp\/v2\/tax_estado?post=610210"}],"curies":[{"name":"wp","href":"https:\/\/api.w.org\/{rel}","templated":true}]}}