{"id":610114,"date":"2021-08-03T18:00:00","date_gmt":"2021-08-03T21:00:00","guid":{"rendered":"https:\/\/www.estrategiaconcursos.com.br\/blog\/?p=610114"},"modified":"2024-03-12T13:36:49","modified_gmt":"2024-03-12T16:36:49","slug":"concurso-prefeitura-sao-jose-do-vale-do-rio-preto","status":"publish","type":"post","link":"https:\/\/www.estrategiaconcursos.com.br\/blog\/concurso-prefeitura-sao-jose-do-vale-do-rio-preto\/","title":{"rendered":"Concurso S\u00e3o Jos\u00e9 do Vale do Rio Preto: retifica\u00e7\u00e3o divulgada!"},"content":{"rendered":"\n<p>Foi anunciada a<strong> retifica\u00e7\u00e3o N\u00ba05 <\/strong>do edital do concurso p\u00fablico da <strong>Prefeitura de S\u00e3o Jos\u00e9 do Vale do Rio Preto<\/strong>, localizada no estado do Rio de Janeiro. Para conferir as novas altera\u00e7\u00f5es, acesse a aba &#8216;<a href=\"#retificacoes\"><em>Retifica\u00e7\u00f5es<\/em><\/a>.&#8217;<\/p>\n\n\n\n<p>Al\u00e9m disso, os <strong>gabaritos preliminares<\/strong> das Provas Objetivas do mun\u00edcipio foram divulgados. A avalia\u00e7\u00e3o aconteceu nos dias <strong>25 de julho<\/strong> e <strong>1\u00ba de agosto de 2021<\/strong>. Confira os detalhes pelo link abaixo: <\/p>\n\n\n\n<p class=\"has-text-align-center has-background\" style=\"background-color:#dbe1e6\"><strong><a href=\"https:\/\/dhg1h5j42swfq.cloudfront.net\/2021\/08\/04092223\/h9o5cfomlejwllzqvaw0zzeqoh1dusnwzarq9rkz.pdf\" target=\"_blank\" rel=\"noreferrer noopener nofollow\">Gabaritos preliminares &#8211; dia 1\u00ba de agosto<\/a><\/strong> | <strong><a href=\"https:\/\/dhg1h5j42swfq.cloudfront.net\/2021\/07\/27090819\/p587zotzeck5dxqbffuz79rfjib7elianofkrfc0.pdf\" target=\"_blank\" rel=\"noreferrer noopener\">Gabaritos preliminares &#8211; dia 25 de julho<\/a><\/strong><\/p>\n\n\n\n<ul id=\"block-ee678516-e9d1-48bd-b327-7b9acd55f0fd\" class=\"has-background wp-block-list\" style=\"background-color:#e0d4ea\"><li><strong>Prefeitura de S\u00e3o Jos\u00e9 do Vale do Rio Preto &#8211; RJ<\/strong><\/li><li><strong>Status:<\/strong>\u00a0Em andamento\/Provas aplicadas<\/li><li><strong>Banca:\u00a0<\/strong>INCP<\/li><li><strong>Vagas:\u00a0<\/strong>77 + CR<\/li><li><strong>Sal\u00e1rio inicial:<\/strong> R$ 941,15 a R$ 10.467,44<\/li><\/ul>\n\n\n\n<p>Em retifica\u00e7\u00e3o anterior, foram inclu\u00eddos <strong>mais 33 cargos<\/strong>, com vagas em cadastro reserva. Dessa forma, o edital permanece com a oferta de <strong>77 vagas mais cadastro reserva<\/strong> para diversos cargos, em todas as escolaridades.<\/p>\n\n\n\n<p>A fim de te deixar sempre bem informado, elaboramos este artigo com as principais informa\u00e7\u00f5es e novidades sobre o concurso S\u00e3o Jos\u00e9 do Vale do Rio Preto. Acompanhe os t\u00f3picos abaixo e n\u00e3o perca nenhum detalhe:<\/p>\n\n\n\n<ul class=\"wp-block-list\"><li><a href=\"#situacao\">Situa\u00e7\u00e3o atual do concurso<\/a><ul><li><a href=\"#datas\">Principais datas<\/a><\/li><li><a href=\"#retificacoes\">Retifica\u00e7\u00f5es<\/a><\/li><\/ul><\/li><li><a href=\"#cargos-vagas\">Cargos e vagas<\/a><ul><li><a href=\"#fundamental\">Fundamental<\/a><\/li><li><a href=\"#medio\">M\u00e9dio e t\u00e9cnico<\/a><\/li><li><a href=\"#superior\">Superior<\/a><\/li><\/ul><\/li><li><a href=\"#etapas\">Etapas e provas<\/a><ul><li><a href=\"#objetiva\">Provas objetivas<\/a><\/li><li><a href=\"#pratica\">Prova pr\u00e1tica<\/a><\/li><li><a href=\"#titulos\">Avalia\u00e7\u00e3o de t\u00edtulos<\/a><\/li><\/ul><\/li><li><a href=\"#cursos-assinatura\">Cursos e assinaturas<\/a><\/li><li><a href=\"#ficha\">Ficha t\u00e9cnica<\/a><\/li><\/ul>\n\n\n\n<div class=\"container\" id=\"boxes\">\n  <div class=\"row\">\n\n    <div class=\"col-sm\">\n      <div class=\"banner-estrategia\" id=\"box-assinatura\">\n        <h3 class=\"titulo-assinatura\">Prefeitura de S\u00e3o Jos\u00e9 do Vale do Rio Preto<\/h3>\n        <p class=\"subtitulo-assinatura\">Estude conosco para o concurso<\/p>\n        <div class=\"box-botao\">\n          <a class=\"btn-assinatura\" target=\"_blank\" href=\"https:\/\/www.estrategiaconcursos.com.br\/cursos\/\" role=\"button\" rel=\"noopener noreferrer\">Conhe\u00e7a mais<\/a>\n        <\/div>\n      <\/div>\n\n    <\/div>\n\n  <\/div>\n<\/div>\n\n\n\n<h2 class=\"wp-block-heading\" id=\"situacao\">Situa\u00e7\u00e3o atual do concurso S\u00e3o Jos\u00e9 do Vale do Rio Preto<\/h2>\n\n\n\n<h3 class=\"wp-block-heading\" id=\"retificacoes\">Retifica\u00e7\u00f5es do edital<\/h3>\n\n\n\n<p id=\"retificacoes\" style=\"font-size:clamp(14px, 0.875rem + ((1vw - 3.2px) * 0.294), 17px);px\"><strong>1. Nomenclatura<\/strong><\/p>\n\n\n\n<p>Onde se l\u00ea: Professor \u201cB\u201d\u2013 Ci\u00eancias Biol\u00f3gicas e F\u00edsicas<br \/>Leia \u2013se : Professor \u201cB\u201d\u2013 Ci\u00eancias<\/p>\n\n\n\n<p style=\"font-size:clamp(14px, 0.875rem + ((1vw - 3.2px) * 0.294), 17px);px\"><strong>2. Novos cargos com vagas em cadastro reserva<\/strong><\/p>\n\n\n\n<div class=\"wp-block-columns is-layout-flex wp-container-core-columns-is-layout-28f84493 wp-block-columns-is-layout-flex\">\n<div class=\"wp-block-column is-layout-flow wp-block-column-is-layout-flow\">\n<ul class=\"wp-block-list\"><li><strong>FUNDAMENTAL:<\/strong><\/li><li>Auxiliar de Manuten\u00e7\u00e3o<\/li><li>Bombeiro Hidr\u00e1ulico<\/li><li>Cont\u00ednuo<\/li><li>Coveiro<\/li><li>Eletricista<\/li><li>Operador de Usina de Asfalto<\/li><li>Vigia<\/li><li>Zelador de Unidade Escolar<\/li><li>Agente de Combate \u00e0s Endemias<\/li><\/ul>\n<\/div>\n\n\n\n<div class=\"wp-block-column is-layout-flow wp-block-column-is-layout-flow\">\n<ul class=\"wp-block-list\"><li><strong>M\u00c9DIO:<br \/><\/strong>Guarda Ambiental<\/li><li>Instrumentador Cir\u00fargico<\/li><li>T\u00e9cnico em Pr\u00f3tese Dent\u00e1ria<\/li><li>T\u00e9cnico em Raio-X<\/li><li>Socorrista<\/li><li>Agente Comunit\u00e1rio de Sa\u00fade<\/li><\/ul>\n<\/div>\n\n\n\n<div class=\"wp-block-column is-layout-flow wp-block-column-is-layout-flow\">\n<ul class=\"wp-block-list\"><li><strong>SUPERIOR:<\/strong><\/li><li>Professor de Educa\u00e7\u00e3o Musical<\/li><li>Supervisor Educacional<\/li><li>Advogado<\/li><li>Bi\u00f3logo<\/li><li>Contabilista<\/li><li>Dentista<\/li><li>Dentista de Fam\u00edlia<\/li><li>Enfermeiro de Fam\u00edlia<\/li><li>Farmac\u00eautico<\/li><li>Fisioterapeuta<\/li><li>Fonoaudi\u00f3logo<\/li><li>M\u00e9dico Anestesista<\/li><li>M\u00e9dico Cardiologista<\/li><li>M\u00e9dico Ginecologista<\/li><li>M\u00e9dico Plantonista Ginecologista Obstetra<\/li><li>M\u00e9dico Veterin\u00e1rio<\/li><li>Nutricionista<\/li><li>Psic\u00f3logo<\/li><\/ul>\n<\/div>\n<\/div>\n\n\n\n<p style=\"font-size:clamp(14px, 0.875rem + ((1vw - 3.2px) * 0.294), 17px);px\"><strong>3. Cronograma<\/strong><\/p>\n\n\n\n<ul class=\"wp-block-list\"><li>Inscri\u00e7\u00f5es prorrogadas at\u00e9 05\/02;<\/li><li><s>Provas objetivas adiadas para 25\/04<\/s>;<\/li><li>Provas objetivas adiadas para 25\/07 e 1\u00ba\/08;<\/li><li>Entre outras datas.<\/li><\/ul>\n\n\n\n<p style=\"font-size:clamp(14px, 0.875rem + ((1vw - 3.2px) * 0.294), 17px);px\"><strong>4. Requisitos<\/strong><\/p>\n\n\n\n<ul class=\"wp-block-list\"><li>Secret\u00e1rio de Unidade Escolar.<\/li><\/ul>\n\n\n\n<p style=\"font-size:clamp(14px, 0.875rem + ((1vw - 3.2px) * 0.294), 17px);px\"><strong>5. Conte\u00fado program\u00e1tico <\/strong><\/p>\n\n\n\n<ul class=\"wp-block-list\"><li>Cargo de Psic\u00f3logo.<\/li><\/ul>\n\n\n\n<p><strong>6. Quadro de provas<\/strong><\/p>\n\n\n\n<ul class=\"wp-block-list\"><li>Retifica-se o total de pontos do cargo de Agente de Combate \u00e0s Endemias.<\/li><\/ul>\n\n\n\n<p class=\"has-text-align-center has-very-light-gray-background-color has-background has-medium-font-size\"><a href=\"https:\/\/dhg1h5j42swfq.cloudfront.net\/2025\/06\/12102948\/retificacao-sao-jose-do-vale-do-rio-preto.pdf\" target=\"_blank\" rel=\"noreferrer noopener nofollow\">1\u00aa retifica\u00e7\u00e3o<\/a> | <a href=\"https:\/\/www.incpconcursos.org.br\/uploads\/21\/concursos\/132\/anexos\/vTOPCsyJ8cXgc61352AwRYQk0wEnztntRZPUO9Al.pdf\" target=\"_blank\" rel=\"noreferrer noopener nofollow\">2\u00aa retifica\u00e7\u00e3o<\/a> | <a href=\"https:\/\/dhg1h5j42swfq.cloudfront.net\/2025\/06\/09163247\/d3kaf2b2zp4spw8audifqq08vwzvxo0su7qzwqhc.pdf\" target=\"_blank\" rel=\"noreferrer noopener nofollow\">3\u00aa retifica\u00e7\u00e3o<\/a> | <a href=\"https:\/\/dhg1h5j42swfq.cloudfront.net\/2025\/06\/09160252\/sao-jose-do-vale-do-rio-preto-provas-adiadas.pdf\" target=\"_blank\" rel=\"noreferrer noopener nofollow\">Comunicado<\/a> | <a href=\"https:\/\/dhg1h5j42swfq.cloudfront.net\/2021\/08\/04093231\/h9o5cfomlejwllzqvaw0zzeqoh1dusnwzarq9rkz-1.pdf\" target=\"_blank\" rel=\"noreferrer noopener nofollow\">5\u00aa retifica\u00e7\u00e3o<\/a><\/p>\n\n\n\n<h2 class=\"wp-block-heading\" id=\"cargos-vagas\">Cargos e vagas do concurso S\u00e3o Jos\u00e9 do Vale do Rio Preto<\/h2>\n\n\n\n<h3 class=\"wp-block-heading\" id=\"fundamental\">N\u00edvel fundamental incompleto e completo<\/h3>\n\n\n\n<figure class=\"wp-block-table is-style-stripes\"><table class=\"has-subtle-pale-blue-background-color has-fixed-layout has-background\"><thead><tr><th class=\"has-text-align-center\" data-align=\"center\"><strong>CARGO<\/strong>S<\/th><th class=\"has-text-align-center\" data-align=\"center\"><strong>VAGAS<\/strong><\/th><th class=\"has-text-align-center\" data-align=\"center\"><strong><\/strong><strong>SAL\u00c1RIO<\/strong><\/th><\/tr><\/thead><tbody><tr><td class=\"has-text-align-center\" data-align=\"center\">Lixeiro<\/td><td class=\"has-text-align-center\" data-align=\"center\">CR<\/td><td class=\"has-text-align-center\" data-align=\"center\">R$ 941,15<\/td><\/tr><tr><td class=\"has-text-align-center\" data-align=\"center\">Trabalhador Bra\u00e7al<\/td><td class=\"has-text-align-center\" data-align=\"center\">CR<\/td><td class=\"has-text-align-center\" data-align=\"center\">R$ 941,15<\/td><\/tr><tr><td class=\"has-text-align-center\" data-align=\"center\">Cozinheiro<\/td><td class=\"has-text-align-center\" data-align=\"center\">CR<\/td><td class=\"has-text-align-center\" data-align=\"center\">R$ 969,31<\/td><\/tr><tr><td class=\"has-text-align-center\" data-align=\"center\">Cozinheiro de Hospital<\/td><td class=\"has-text-align-center\" data-align=\"center\">CR<\/td><td class=\"has-text-align-center\" data-align=\"center\">R$ 969,31<\/td><\/tr><tr><td class=\"has-text-align-center\" data-align=\"center\">Merendeira<\/td><td class=\"has-text-align-center\" data-align=\"center\">7<\/td><td class=\"has-text-align-center\" data-align=\"center\">R$ 969,31<\/td><\/tr><tr><td class=\"has-text-align-center\" data-align=\"center\">Servente<\/td><td class=\"has-text-align-center\" data-align=\"center\">3<\/td><td class=\"has-text-align-center\" data-align=\"center\">R$ 969,31<\/td><\/tr><tr><td class=\"has-text-align-center\" data-align=\"center\">Operador de<br \/>M\u00e1quinas Leves<\/td><td class=\"has-text-align-center\" data-align=\"center\">CR<\/td><td class=\"has-text-align-center\" data-align=\"center\">R$ 1.004,96<\/td><\/tr><tr><td class=\"has-text-align-center\" data-align=\"center\">Motorista<\/td><td class=\"has-text-align-center\" data-align=\"center\">6<\/td><td class=\"has-text-align-center\" data-align=\"center\">R$ 1.004,96<\/td><\/tr><tr><td class=\"has-text-align-center\" data-align=\"center\">Operador de<br \/>M\u00e1quinas de<br \/>Terraplanagem<\/td><td class=\"has-text-align-center\" data-align=\"center\">CR<\/td><td class=\"has-text-align-center\" data-align=\"center\">R$ 1.076,84<\/td><\/tr><tr><td class=\"has-text-align-center\" data-align=\"center\">Encarregado de Obras<\/td><td class=\"has-text-align-center\" data-align=\"center\">CR<\/td><td class=\"has-text-align-center\" data-align=\"center\">R$ 1.076,84<\/td><\/tr><tr><td class=\"has-text-align-center\" data-align=\"center\">Atendente de Sa\u00fade <\/td><td class=\"has-text-align-center\" data-align=\"center\">CR<\/td><td class=\"has-text-align-center\" data-align=\"center\">R$ 1.004,96<\/td><\/tr><tr><td class=\"has-text-align-center\" data-align=\"center\">Inspetor de Disciplina <\/td><td class=\"has-text-align-center\" data-align=\"center\">CR<\/td><td class=\"has-text-align-center\" data-align=\"center\">R$ 1.076,84<\/td><\/tr><tr><td class=\"has-text-align-center\" data-align=\"center\">Auxiliar de Manuten\u00e7\u00e3o<\/td><td class=\"has-text-align-center\" data-align=\"center\">CR<\/td><td class=\"has-text-align-center\" data-align=\"center\">R$ 969,31<\/td><\/tr><tr><td class=\"has-text-align-center\" data-align=\"center\">Bombeiro Hidr\u00e1ulico<\/td><td class=\"has-text-align-center\" data-align=\"center\">CR<\/td><td class=\"has-text-align-center\" data-align=\"center\">R$ 1.004,96<\/td><\/tr><tr><td class=\"has-text-align-center\" data-align=\"center\">Cont\u00ednuo<\/td><td class=\"has-text-align-center\" data-align=\"center\">CR<\/td><td class=\"has-text-align-center\" data-align=\"center\">R$ 969,31<\/td><\/tr><tr><td class=\"has-text-align-center\" data-align=\"center\">Coveiro<\/td><td class=\"has-text-align-center\" data-align=\"center\">CR<\/td><td class=\"has-text-align-center\" data-align=\"center\">R$ 941,15<\/td><\/tr><tr><td class=\"has-text-align-center\" data-align=\"center\">Eletricista<\/td><td class=\"has-text-align-center\" data-align=\"center\">CR<\/td><td class=\"has-text-align-center\" data-align=\"center\">R$ 1.004,96<\/td><\/tr><tr><td class=\"has-text-align-center\" data-align=\"center\">Operador de Usina de Asfalto<\/td><td class=\"has-text-align-center\" data-align=\"center\">CR<\/td><td class=\"has-text-align-center\" data-align=\"center\">R$ 1.004,96<\/td><\/tr><tr><td class=\"has-text-align-center\" data-align=\"center\">Vigia<\/td><td class=\"has-text-align-center\" data-align=\"center\">CR<\/td><td class=\"has-text-align-center\" data-align=\"center\">R$ 941,15<\/td><\/tr><tr><td class=\"has-text-align-center\" data-align=\"center\">Zelador de Unidade<br \/>Escolar<\/td><td class=\"has-text-align-center\" data-align=\"center\">CR<\/td><td class=\"has-text-align-center\" data-align=\"center\">R$ 941,15<\/td><\/tr><tr><td class=\"has-text-align-center\" data-align=\"center\">Agente de Combate \u00e0s Endemias<\/td><td class=\"has-text-align-center\" data-align=\"center\">CR<\/td><td class=\"has-text-align-center\" data-align=\"center\">R$ 1.338,68<\/td><\/tr><\/tbody><\/table><\/figure>\n\n\n\n<h3 class=\"wp-block-heading\" id=\"medio\">Ensino m\u00e9dio e t\u00e9cnico<\/h3>\n\n\n\n<figure class=\"wp-block-table is-style-stripes\"><table class=\"has-subtle-pale-blue-background-color has-fixed-layout has-background\"><thead><tr><th class=\"has-text-align-center\" data-align=\"center\"><strong>CARGO<\/strong>S<\/th><th class=\"has-text-align-center\" data-align=\"center\"><strong>VAGAS<\/strong><\/th><th class=\"has-text-align-center\" data-align=\"center\"><strong><\/strong><strong>SAL\u00c1RIO<\/strong><\/th><\/tr><\/thead><tbody><tr><td class=\"has-text-align-center\" data-align=\"center\">Cuidador Escolar<\/td><td class=\"has-text-align-center\" data-align=\"center\">12<\/td><td class=\"has-text-align-center\" data-align=\"center\">R$ 1.076,84<\/td><\/tr><tr><td class=\"has-text-align-center\" data-align=\"center\">Auxiliar de<br \/>Consult\u00f3rio Dent\u00e1rio<\/td><td class=\"has-text-align-center\" data-align=\"center\">CR<\/td><td class=\"has-text-align-center\" data-align=\"center\">R$ 1.076,84<\/td><\/tr><tr><td class=\"has-text-align-center\" data-align=\"center\">Auxiliar<br \/>Administrativo<\/td><td class=\"has-text-align-center\" data-align=\"center\">3<\/td><td class=\"has-text-align-center\" data-align=\"center\">R$ 1.155,88<\/td><\/tr><tr><td class=\"has-text-align-center\" data-align=\"center\">Auxiliar<br \/>Administrativo De<br \/>Sa\u00fade<\/td><td class=\"has-text-align-center\" data-align=\"center\">CR<\/td><td class=\"has-text-align-center\" data-align=\"center\">R$ 1.155,88<\/td><\/tr><tr><td class=\"has-text-align-center\" data-align=\"center\">Cadastrador<\/td><td class=\"has-text-align-center\" data-align=\"center\">CR<\/td><td class=\"has-text-align-center\" data-align=\"center\">R$ 1.155,88<\/td><\/tr><tr><td class=\"has-text-align-center\" data-align=\"center\">T\u00e9cnico de<br \/>Inform\u00e1tica<\/td><td class=\"has-text-align-center\" data-align=\"center\">CR<\/td><td class=\"has-text-align-center\" data-align=\"center\">R$ 1.155,88<\/td><\/tr><tr><td class=\"has-text-align-center\" data-align=\"center\">Professor \u201cE\u201d S\u00e9ries<br \/>Iniciais (Educa\u00e7\u00e3o<br \/>Infantil ao 5\u00ba ano)<\/td><td class=\"has-text-align-center\" data-align=\"center\">14<\/td><td class=\"has-text-align-center\" data-align=\"center\">R$ 1.155,88<\/td><\/tr><tr><td class=\"has-text-align-center\" data-align=\"center\">Secret\u00e1rio de<br \/>Unidade Escolar<\/td><td class=\"has-text-align-center\" data-align=\"center\">4<\/td><td class=\"has-text-align-center\" data-align=\"center\">R$ 1.242,90<\/td><\/tr><tr><td class=\"has-text-align-center\" data-align=\"center\">Agente de Tr\u00e2nsito<\/td><td class=\"has-text-align-center\" data-align=\"center\">3<\/td><td class=\"has-text-align-center\" data-align=\"center\">R$ 1.338,68<\/td><\/tr><tr><td class=\"has-text-align-center\" data-align=\"center\">Fiscal de Obras<\/td><td class=\"has-text-align-center\" data-align=\"center\">CR<\/td><td class=\"has-text-align-center\" data-align=\"center\">R$ 1.338,68<\/td><\/tr><tr><td class=\"has-text-align-center\" data-align=\"center\">Fiscal de Posturas e<br \/>Transporte<\/td><td class=\"has-text-align-center\" data-align=\"center\">CR<\/td><td class=\"has-text-align-center\" data-align=\"center\">R$ 1.338,68<\/td><\/tr><tr><td class=\"has-text-align-center\" data-align=\"center\">Fiscal de Sa\u00fade<br \/>P\u00fablica<\/td><td class=\"has-text-align-center\" data-align=\"center\">CR<\/td><td class=\"has-text-align-center\" data-align=\"center\">R$ 1.338,68<\/td><\/tr><tr><td class=\"has-text-align-center\" data-align=\"center\">Fiscal de Tributos<\/td><td class=\"has-text-align-center\" data-align=\"center\">CR<\/td><td class=\"has-text-align-center\" data-align=\"center\">R$ 1.338,68<\/td><\/tr><tr><td class=\"has-text-align-center\" data-align=\"center\">T\u00e9cnico de<br \/>Imobiliza\u00e7\u00e3o (m\u00e9dio t\u00e9cnico)<\/td><td class=\"has-text-align-center\" data-align=\"center\">1<\/td><td class=\"has-text-align-center\" data-align=\"center\">R$ 1.449,78<\/td><\/tr><tr><td class=\"has-text-align-center\" data-align=\"center\">T\u00e9cnico de<br \/>Enfermagem (m\u00e9dio t\u00e9cnico)<\/td><td class=\"has-text-align-center\" data-align=\"center\">4<\/td><td class=\"has-text-align-center\" data-align=\"center\">R$ 1.449,78<\/td><\/tr><tr><td class=\"has-text-align-center\" data-align=\"center\">T\u00e9cnico em Raio X<br \/>(Especialista em<br \/>Mamografia e<br \/>Urologia) m\u00e9dio t\u00e9cnico<\/td><td class=\"has-text-align-center\" data-align=\"center\">CR<\/td><td class=\"has-text-align-center\" data-align=\"center\">R$ 1.449,78<\/td><\/tr><tr><td class=\"has-text-align-center\" data-align=\"center\">Guarda Ambiental<\/td><td class=\"has-text-align-center\" data-align=\"center\">CR<\/td><td class=\"has-text-align-center\" data-align=\"center\">R$ 1.338,68<\/td><\/tr><tr><td class=\"has-text-align-center\" data-align=\"center\">Instrumentador Cir\u00fargico<\/td><td class=\"has-text-align-center\" data-align=\"center\">CR<\/td><td class=\"has-text-align-center\" data-align=\"center\">R$ 1.449,78<\/td><\/tr><tr><td class=\"has-text-align-center\" data-align=\"center\">T\u00e9cnico em Pr\u00f3tese Dent\u00e1ria<\/td><td class=\"has-text-align-center\" data-align=\"center\">CR<\/td><td class=\"has-text-align-center\" data-align=\"center\">R$ 1.449,78<\/td><\/tr><tr><td class=\"has-text-align-center\" data-align=\"center\">T\u00e9cnico em Raio-X<\/td><td class=\"has-text-align-center\" data-align=\"center\">CR<\/td><td class=\"has-text-align-center\" data-align=\"center\">R$ 1.449,78<\/td><\/tr><tr><td class=\"has-text-align-center\" data-align=\"center\">Socorrista<\/td><td class=\"has-text-align-center\" data-align=\"center\">CR<\/td><td class=\"has-text-align-center\" data-align=\"center\">R$ 1.449,78<\/td><\/tr><tr><td class=\"has-text-align-center\" data-align=\"center\">Agente Comunit\u00e1rio de Sa\u00fade<\/td><td class=\"has-text-align-center\" data-align=\"center\">CR<\/td><td class=\"has-text-align-center\" data-align=\"center\">R$ 1.338,68<\/td><\/tr><\/tbody><\/table><\/figure>\n\n\n\n<h3 class=\"wp-block-heading\" id=\"superior\">Curso superior<\/h3>\n\n\n\n<figure class=\"wp-block-table is-style-stripes\"><table class=\"has-subtle-pale-blue-background-color has-fixed-layout has-background\"><thead><tr><th class=\"has-text-align-center\" data-align=\"center\"><strong>CARGO<\/strong>S<\/th><th class=\"has-text-align-center\" data-align=\"center\"><strong>VAGAS<\/strong><\/th><th class=\"has-text-align-center\" data-align=\"center\"><strong>SAL\u00c1RIO<\/strong><\/th><\/tr><\/thead><tbody><tr><td class=\"has-text-align-center\" data-align=\"center\">Professor B (diversas disciplinas)<\/td><td class=\"has-text-align-center\" data-align=\"center\">3 + CR<\/td><td class=\"has-text-align-center\" data-align=\"center\">R$ 1.449,78<\/td><\/tr><tr><td class=\"has-text-align-center\" data-align=\"center\">Assistente Social<\/td><td class=\"has-text-align-center\" data-align=\"center\">CR<\/td><td class=\"has-text-align-center\" data-align=\"center\">R$ 2.086,85<\/td><\/tr><tr><td class=\"has-text-align-center\" data-align=\"center\">Enfermeiro<\/td><td class=\"has-text-align-center\" data-align=\"center\">1<\/td><td class=\"has-text-align-center\" data-align=\"center\">R$ 2.086,85<\/td><\/tr><tr><td class=\"has-text-align-center\" data-align=\"center\">Engenheiro<\/td><td class=\"has-text-align-center\" data-align=\"center\">CR<\/td><td class=\"has-text-align-center\" data-align=\"center\">R$ 4.535,90<\/td><\/tr><tr><td class=\"has-text-align-center\" data-align=\"center\">M\u00e9dico (v\u00e1rias especialidades)<\/td><td class=\"has-text-align-center\" data-align=\"center\">3 + CR<\/td><td class=\"has-text-align-center\" data-align=\"center\">R$ 4.535,90<\/td><\/tr><tr><td class=\"has-text-align-center\" data-align=\"center\">M\u00e9dico Plantonista Cl\u00ednico<\/td><td class=\"has-text-align-center\" data-align=\"center\">7<\/td><td class=\"has-text-align-center\" data-align=\"center\">R$ 5.931,57<\/td><\/tr><tr><td class=\"has-text-align-center\" data-align=\"center\">M\u00e9dico Plantonista Pediatra<\/td><td class=\"has-text-align-center\" data-align=\"center\">2<\/td><td class=\"has-text-align-center\" data-align=\"center\">R$ 5.931,57<\/td><\/tr><tr><td class=\"has-text-align-center\" data-align=\"center\">M\u00e9dico de Fam\u00edlia<\/td><td class=\"has-text-align-center\" data-align=\"center\">4<\/td><td class=\"has-text-align-center\" data-align=\"center\">R$ 10.467,44<\/td><\/tr><tr><td class=\"has-text-align-center\" data-align=\"center\">M\u00e9dico Anestesista<\/td><td class=\"has-text-align-center\" data-align=\"center\">CR<\/td><td class=\"has-text-align-center\" data-align=\"center\">R$ 5.931,57<\/td><\/tr><tr><td class=\"has-text-align-center\" data-align=\"center\">M\u00e9dico Veterin\u00e1rio<\/td><td class=\"has-text-align-center\" data-align=\"center\">CR<\/td><td class=\"has-text-align-center\" data-align=\"center\">R$ 2.086,85<\/td><\/tr><tr><td class=\"has-text-align-center\" data-align=\"center\">Professor de<br \/>Educa\u00e7\u00e3o Musical<\/td><td class=\"has-text-align-center\" data-align=\"center\">CR<\/td><td class=\"has-text-align-center\" data-align=\"center\">R$ 1.155,88<\/td><\/tr><tr><td class=\"has-text-align-center\" data-align=\"center\">Supervisor<br \/>Educacional<\/td><td class=\"has-text-align-center\" data-align=\"center\">CR<\/td><td class=\"has-text-align-center\" data-align=\"center\">R$ 1.449,78<\/td><\/tr><tr><td class=\"has-text-align-center\" data-align=\"center\">Advogado<\/td><td class=\"has-text-align-center\" data-align=\"center\">CR<\/td><td class=\"has-text-align-center\" data-align=\"center\">R$ 5.931,57<\/td><\/tr><tr><td class=\"has-text-align-center\" data-align=\"center\">Bi\u00f3logo<\/td><td class=\"has-text-align-center\" data-align=\"center\">CR<\/td><td class=\"has-text-align-center\" data-align=\"center\">R$ 2.887,26<\/td><\/tr><tr><td class=\"has-text-align-center\" data-align=\"center\">Contabilista<\/td><td class=\"has-text-align-center\" data-align=\"center\">CR<\/td><td class=\"has-text-align-center\" data-align=\"center\">R$ 2.887,26<\/td><\/tr><tr><td class=\"has-text-align-center\" data-align=\"center\">Dentista<\/td><td class=\"has-text-align-center\" data-align=\"center\">CR<\/td><td class=\"has-text-align-center\" data-align=\"center\">R$ 2.086,85<\/td><\/tr><tr><td class=\"has-text-align-center\" data-align=\"center\">Dentista de Fam\u00edlia<\/td><td class=\"has-text-align-center\" data-align=\"center\">CR<\/td><td class=\"has-text-align-center\" data-align=\"center\">R$ 3.663,78<\/td><\/tr><tr><td class=\"has-text-align-center\" data-align=\"center\">Enfermeiro de<br \/>Fam\u00edlia<\/td><td class=\"has-text-align-center\" data-align=\"center\">CR<\/td><td class=\"has-text-align-center\" data-align=\"center\">R$ 3.663,78<\/td><\/tr><tr><td class=\"has-text-align-center\" data-align=\"center\">Farmac\u00eautico<\/td><td class=\"has-text-align-center\" data-align=\"center\">CR<\/td><td class=\"has-text-align-center\" data-align=\"center\">R$ 2.887,26<\/td><\/tr><tr><td class=\"has-text-align-center\" data-align=\"center\">Fisioterapeuta<\/td><td class=\"has-text-align-center\" data-align=\"center\">CR<\/td><td class=\"has-text-align-center\" data-align=\"center\">R$ 1.768,20<\/td><\/tr><tr><td class=\"has-text-align-center\" data-align=\"center\">Fonoaudi\u00f3logo<\/td><td class=\"has-text-align-center\" data-align=\"center\">CR<\/td><td class=\"has-text-align-center\" data-align=\"center\">R$ 1.768,20<\/td><\/tr><tr><td class=\"has-text-align-center\" data-align=\"center\">Nutricionista<\/td><td class=\"has-text-align-center\" data-align=\"center\">CR<\/td><td class=\"has-text-align-center\" data-align=\"center\">R$ 1.768,20<\/td><\/tr><tr><td class=\"has-text-align-center\" data-align=\"center\">Psic\u00f3logo<\/td><td class=\"has-text-align-center\" data-align=\"center\">CR<\/td><td class=\"has-text-align-center\" data-align=\"center\">R$ 1.768,20<\/td><\/tr><\/tbody><\/table><\/figure>\n\n\n\n<h2 class=\"wp-block-heading\" id=\"etapas\">Etapas do concurso S\u00e3o Jos\u00e9 do Vale do Rio Preto<\/h2>\n\n\n\n<p>O concurso da Prefeitura de S\u00e3o Jos\u00e9 do Vale do Rio Preto ter\u00e1 provas objetivas, pr\u00e1ticas e de t\u00edtulos. Al\u00e9m disso, haver\u00e1 avalia\u00e7\u00e3o m\u00e9dica admissional e checagem de pr\u00e9-requisitos e comprova\u00e7\u00e3o de documentos. Confira abaixo!<\/p>\n\n\n\n<ul class=\"wp-block-list\"><li><strong>Prova Objetiva (PO) <\/strong>de car\u00e1ter eliminat\u00f3rio e classificat\u00f3rio, para todos os candidatos;<\/li><li><strong>Prova de T\u00edtulos (PT)<\/strong>, de car\u00e1ter classificat\u00f3rio, para todos os cargos de N\u00edvel Superior e Cargos do Magist\u00e9rio;<\/li><li><strong>Prova Pr\u00e1tica, (PP)<\/strong>, de car\u00e1ter eliminat\u00f3rio, para candidatos aos cargos de: Cozinheiro, Merendeira, Motorista, Operador de M\u00e1quinas Leves e Operador de M\u00e1quinas de Terraplanagem.<\/li><li><strong>Avalia\u00e7\u00e3o M\u00e9dica Admissional<\/strong>, de car\u00e1ter eliminat\u00f3rio, para todos candidatos aos cargos p\u00fablicos.<\/li><li><strong>Checagem de Pr\u00e9-Requisitos e Comprova\u00e7\u00e3o de Documentos<\/strong>, de car\u00e1ter eliminat\u00f3rio, para todos candidatos aos cargos p\u00fablicos, no momento da posse.<\/li><\/ul>\n\n\n\n<p class=\"has-text-align-center has-very-light-gray-background-color has-background\"><strong>ATEN\u00c7\u00c3O!<\/strong> SER\u00c1 OBRIGAT\u00d3RIO O USO DE M\u00c1SCARA DURANTE A REALIZA\u00c7\u00c3O DAS PROVAS.<\/p>\n\n\n\n<h3 class=\"wp-block-heading\" id=\"objetiva\">Provas Objetivas<\/h3>\n\n\n\n<p>As provas objetivas foram aplicadas nos dias <strong>25 de julho<\/strong> (cargos do N\u00edvel Superior, Fundamental Completo e M\u00e9dio, exceto Professor \u201cE\u201d S\u00e9ries Iniciais) e <strong>1\u00ba de agosto<\/strong> (cargos do N\u00edvel Fundamental Incompleto e Professor \u201cE\u201d S\u00e9ries Iniciais \u2013 Educa\u00e7\u00e3o Infantil ao 5\u00ba ano).<\/p>\n\n\n\n<p>Nos dois dias, a prova teve dura\u00e7\u00e3o de tr\u00eas horas, com 30 quest\u00f5es objetivas para o n\u00edvel fundamental incompleto e completo, n\u00edvel m\u00e9dio com 40 quest\u00f5es objetivas, e a prova de n\u00edvel superior com 50 quest\u00f5es objetivas teve 04 horas de dura\u00e7\u00e3o, contendo 04 alternativas (A, B, C, D), sendo apenas uma correta.<\/p>\n\n\n\n<ul class=\"wp-block-list\"><li><strong>Agente de Combate as Endemias:<\/strong><ul><li><em>L\u00edngua Portuguesa &#8211; 20<\/em><\/li><li><em>Matem\u00e1tica &#8211; 20<\/em><\/li><li><em>Conhecimentos Espec\u00edficos &#8211; 30<\/em><\/li><\/ul><\/li><\/ul>\n\n\n\n<ul class=\"wp-block-list\"><li><strong>Demais cargos de n\u00edvel fundamental:<\/strong><ul><li><em>L\u00edngua Portuguesa &#8211; 20<\/em><\/li><li><em>Matem\u00e1tica &#8211; 10<\/em><\/li><\/ul><\/li><\/ul>\n\n\n\n<ul class=\"wp-block-list\"><li><strong>Professor \u201cE\u201d S\u00e9ries Iniciais (Educa\u00e7\u00e3o Infantil ao 5\u00ba ano)<\/strong><ul><li><em>L\u00edngua Portuguesa &#8211; 10<\/em><\/li><\/ul><ul><li><em>Matem\u00e1tica &#8211; 10<\/em><\/li><li><em>Conhecimentos Espec\u00edficos e Conhecimentos Pedag\u00f3gicos &#8211; 20<\/em><\/li><\/ul><\/li><\/ul>\n\n\n\n<ul class=\"wp-block-list\"><li><strong>Demais cargos de n\u00edvel m\u00e9dio:<\/strong><ul><li><em>L\u00edngua Portuguesa &#8211; 10<\/em><\/li><\/ul><ul><li><em>Matem\u00e1tica &#8211; 10<\/em><\/li><li><em>Conhecimentos Espec\u00edficos &#8211; 20<\/em><\/li><\/ul><\/li><\/ul>\n\n\n\n<ul class=\"wp-block-list\"><li><strong>Professores B (todos) , Professor de Educa\u00e7\u00e3o Musical, Supervisor Educacional:<\/strong><ul><li><em>L\u00edngua Portuguesa &#8211; 10<\/em><\/li><\/ul><ul><li><em><\/em><em>Conhecimentos Pedag\u00f3gicos<\/em> <em>&#8211; 20<\/em><\/li><li><em>Conhecimentos Espec\u00edficos &#8211; 20<\/em><\/li><\/ul><\/li><\/ul>\n\n\n\n<ul class=\"wp-block-list\"><li><strong>Demais cargos de n\u00edvel superior:<\/strong><ul><li><em>L\u00edngua Portuguesa &#8211; 10<\/em><\/li><\/ul><ul><li><em>Matem\u00e1tica &#8211; 10<\/em><\/li><li><em>Conhecimentos Espec\u00edficos &#8211; 30<\/em><\/li><\/ul><\/li><\/ul>\n\n\n\n<h3 class=\"wp-block-heading\" id=\"pratica\">Prova Pr\u00e1tica<\/h3>\n\n\n\n<p>Somente se submeter\u00e3o \u00e0 prova pr\u00e1tica os candidatos aos cargos descritos abaixo, dentro do quantitativo de corte especificado, desde que aprovados na escrita objetiva de m\u00faltipla escolha com pontua\u00e7\u00e3o igual ou superior a 50%, de acordo com a classifica\u00e7\u00e3o obtida do maior para o menor:<\/p>\n\n\n\n<div class=\"wp-block-image\"><figure class=\"aligncenter size-large is-resized\"><img loading=\"lazy\" decoding=\"async\" src=\"https:\/\/dhg1h5j42swfq.cloudfront.net\/2020\/11\/13160148\/image-171.png\" alt=\"Prova Pr\u00e1tica do concurso S\u00e3o Jos\u00e9 do Vale do Rio Preto\" class=\"wp-image-610364\" width=\"659\" height=\"250\" srcset=\"https:\/\/dhg1h5j42swfq.cloudfront.net\/2020\/11\/13160148\/image-171.png 823w, https:\/\/dhg1h5j42swfq.cloudfront.net\/2020\/11\/13160148\/image-171-300x114.png 300w, https:\/\/dhg1h5j42swfq.cloudfront.net\/2020\/11\/13160148\/image-171-768x292.png 768w, https:\/\/dhg1h5j42swfq.cloudfront.net\/2020\/11\/13160148\/image-171-610x232.png 610w\" sizes=\"auto, (max-width: 659px) 100vw, 659px\" \/><\/figure><\/div>\n\n\n\n<p>A prova pr\u00e1tica do concurso S\u00e3o Jos\u00e9 do Vale do Rio Preto tem car\u00e1ter eliminat\u00f3rio e classificat\u00f3rio, totalizando 20 pontos, que ser\u00e3o acrescidos \u00e0 nota obtida na prova objetiva.<\/p>\n\n\n\n<h3 class=\"wp-block-heading\" id=\"titulos\">Avalia\u00e7\u00e3o de T\u00edtulos<\/h3>\n\n\n\n<p>A prova de t\u00edtulos tem car\u00e1ter classificat\u00f3rio e ser\u00e1 exclusivamente para os candidatos n\u00e3o eliminados na prova escrita, tendo pontua\u00e7\u00e3o total de at\u00e9 10 pontos.<\/p>\n\n\n\n<p>Os candidatos aos cargos de N\u00edvel Superior e cargos do Magist\u00e9rio, que possuem titula\u00e7\u00e3o, no dia da prova objetiva, ou seja, dia <strong>25 de julho de 2021,<\/strong> deveram entregar ao aplicador (fiscal de sala) um envelope LACRADO contendo c\u00f3pias autenticadas dos t\u00edtulos apresentados.<\/p>\n\n\n\n<p><strong>Aos t\u00edtulos ser\u00e3o atribu\u00eddas as seguintes pontua\u00e7\u00f5es:<\/strong><\/p>\n\n\n\n<div class=\"wp-block-image\"><figure class=\"aligncenter size-large\"><img loading=\"lazy\" decoding=\"async\" width=\"666\" height=\"412\" src=\"https:\/\/dhg1h5j42swfq.cloudfront.net\/2020\/11\/14091716\/Sem-titulo-38.png\" alt=\"Prova de T\u00edtulos do concurso S\u00e3o Jos\u00e9 do Vale do Rio Preto\" class=\"wp-image-610613\" srcset=\"https:\/\/dhg1h5j42swfq.cloudfront.net\/2020\/11\/14091716\/Sem-titulo-38.png 666w, https:\/\/dhg1h5j42swfq.cloudfront.net\/2020\/11\/14091716\/Sem-titulo-38-300x186.png 300w, https:\/\/dhg1h5j42swfq.cloudfront.net\/2020\/11\/14091716\/Sem-titulo-38-610x377.png 610w\" sizes=\"auto, (max-width: 666px) 100vw, 666px\" \/><\/figure><\/div>\n\n\n\n<hr class=\"wp-block-separator\"\/>\n\n\n\n<h2 class=\"has-text-align-center wp-block-heading\" id=\"cursos-assinatura\">Quer estudar para o concurso S\u00e3o Jos\u00e9 do Vale do Rio Preto?<\/h2>\n\n\n\n<div class=\"container\" id=\"boxes\">\n  <div class=\"row\">\n\n    <div class=\"col-sm\">\n      <div class=\"banner-estrategia\" id=\"box-assinatura\">\n        <h3 class=\"titulo-assinatura\">Concurso S\u00e3o Jos\u00e9 do Vale do Rio Preto<\/h3>\n        <p class=\"subtitulo-assinatura\">Conhe\u00e7a os cursos<\/p>\n        <div class=\"box-botao\">\n          <a class=\"btn-assinatura\" target=\"_blank\" href=\"https:\/\/www.estrategiaconcursos.com.br\/cursos\/\" role=\"button\" rel=\"noopener noreferrer\">Saiba mais<\/a>\n        <\/div>\n      <\/div>\n\n    <\/div>\n\n  <\/div>\n<\/div>\n\n\n\n<div class=\"container\" id=\"boxes\">\n  <div class=\"row\">\n\n    <div class=\"col-sm\">\n      <div class=\"estrategia\" id=\"box-assinatura\">\n        <h3 class=\"titulo-assinatura\"> Concursos P\u00fablicos\n        <p class=\"subtitulo-assinatura\">Assinatura de 1 ano ou 2 anos<\/p>\n        <div class=\"box-botao\">\n          <a class=\"btn-assinatura\" target=\"_blank\" href=\"https:\/\/www.estrategiaconcursos.com.br\/assinaturas\/\" role=\"button\" rel=\"noopener noreferrer\">ASSINE AGORA<\/a>\n        <\/div>\n      <\/h3><\/div><\/div><\/div><\/div>\n\n\n\n<div class=\"container\" id=\"boxes\">\n  <div class=\"row\">\n\n    <div class=\"col-sm\" id=\"boxes-concursos\">\n      <div style=\"background-color: #005DAD;\" class=\"conteudo-concursos\" id=\"box-concursos\">\n        <h3 class=\"titulo-assinatura\">Concursos Abertos<\/h3>\n        <p class=\"subtitulo-assinatura\">Confira os editais publicados<\/p>\n        <div class=\"box-botao\">\n          <a class=\"btn-assinatura\" target=\"_blank\" href=\"https:\/\/www.estrategiaconcursos.com.br\/blog\/concursos-abertos\/\" role=\"button\" rel=\"noopener noreferrer\">Conhe\u00e7a Agora<\/a>\n        <\/div>\n      <\/div>\n    <\/div>\n\n    <div class=\"col-sm\" id=\"boxes-concursos\">\n      <div style=\"background-color: #1A7ED5;\" class=\"conteudo-concursos\" id=\"box-concursos\">\n        <h3 class=\"titulo-assinatura\">Concursos 2021<\/h3>\n        <p class=\"subtitulo-assinatura\">As oportunidades previstas<\/p>\n        <div class=\"box-botao\">\n          <a class=\"btn-assinatura\" target=\"_blank\" href=\"https:\/\/www.estrategiaconcursos.com.br\/blog\/concursos-2021\/\" role=\"button\" rel=\"noopener noreferrer\">Conhe\u00e7a Agora<\/a>\n        <\/div>\n      <\/div>\n    <\/div>\n\n    <div class=\"col-sm\" id=\"boxes-concursos\">\n      <div style=\"background-color: #419FF0;\" class=\"conteudo-concursos\" id=\"box-concursos\">\n        <h3 class=\"titulo-assinatura\">Concursos 2022<\/h3>\n        <p class=\"subtitulo-assinatura\">Vagas para o pr\u00f3ximo ano<\/p>\n        <div class=\"box-botao\">\n          <a class=\"btn-assinatura\" target=\"_blank\" href=\"https:\/\/www.estrategiaconcursos.com.br\/blog\/concursos-2022\/\" role=\"button\" rel=\"noopener noreferrer\">Conhe\u00e7a Agora<\/a>\n        <\/div>\n      <\/div>\n    <\/div>\n\n  <\/div>\n<\/div>\n\n\n\n<figure class=\"wp-block-image size-large is-resized\"><img loading=\"lazy\" decoding=\"async\" src=\"https:\/\/dhg1h5j42swfq.cloudfront.net\/2021\/04\/06120407\/ficha-tecnica-83-1024x632.png\" alt=\"Informa\u00e7\u00f5es do Concurso Prefeitura de S\u00e3o Jos\u00e9 do Vale do Rio Preto-RJ\" class=\"wp-image-708437\" width=\"270\" height=\"167\" srcset=\"https:\/\/dhg1h5j42swfq.cloudfront.net\/2021\/04\/06120407\/ficha-tecnica-83-1024x632.png 1024w, https:\/\/dhg1h5j42swfq.cloudfront.net\/2021\/04\/06120407\/ficha-tecnica-83-300x185.png 300w, https:\/\/dhg1h5j42swfq.cloudfront.net\/2021\/04\/06120407\/ficha-tecnica-83-768x474.png 768w, https:\/\/dhg1h5j42swfq.cloudfront.net\/2021\/04\/06120407\/ficha-tecnica-83-1536x948.png 1536w, https:\/\/dhg1h5j42swfq.cloudfront.net\/2021\/04\/06120407\/ficha-tecnica-83-610x377.png 610w, https:\/\/dhg1h5j42swfq.cloudfront.net\/2021\/04\/06120407\/ficha-tecnica-83.png 1571w\" sizes=\"auto, (max-width: 270px) 100vw, 270px\" \/><\/figure>\n\n\n\n<h3 class=\"wp-block-heading\" id=\"ficha\">Informa\u00e7\u00f5es do Concurso Prefeitura de S\u00e3o Jos\u00e9 do Vale do Rio Preto-RJ<\/h3>\n\n\n\n<ul class=\"wp-block-list\"><li><strong>Vagas<\/strong>: 77 + CR<\/li><li><strong>Cargos<\/strong>: diversos<\/li><li><strong>Banca<\/strong>: INCP<\/li><li><strong>Escolaridade<\/strong>: fundamental, m\u00e9dio, t\u00e9cnico e superior<\/li><li><strong>Edital retificado:<\/strong> <a href=\"https:\/\/dhg1h5j42swfq.cloudfront.net\/2025\/06\/09161308\/sao-jose-do-vale-do-rio-preto-edital-retificado.pdf\" target=\"_blank\" rel=\"noreferrer noopener nofollow\">Edital S\u00e3o Jos\u00e9 do Vale do Rio Preto<\/a> | <a href=\"https:\/\/dhg1h5j42swfq.cloudfront.net\/2025\/06\/09160252\/sao-jose-do-vale-do-rio-preto-provas-adiadas.pdf\" target=\"_blank\" rel=\"noreferrer noopener nofollow\">Novo cronograma<\/a><\/li><\/ul>\n","protected":false},"excerpt":{"rendered":"<p>Foi anunciada a retifica\u00e7\u00e3o N\u00ba05 do edital do concurso p\u00fablico da Prefeitura de S\u00e3o Jos\u00e9 do Vale do Rio Preto, localizada no estado do Rio de Janeiro. Para conferir as novas altera\u00e7\u00f5es, acesse a aba &#8216;Retifica\u00e7\u00f5es.&#8217; Al\u00e9m disso, os gabaritos preliminares das Provas Objetivas do mun\u00edcipio foram divulgados. A avalia\u00e7\u00e3o aconteceu nos dias 25 de [&hellip;]<\/p>\n","protected":false},"author":1,"featured_media":823111,"comment_status":"open","ping_status":"closed","sticky":false,"template":"","format":"standard","meta":{"post_tipo":"news_page","footnotes":""},"categories":[214992],"tags":[],"tax_estado":[219982],"class_list":["post-610114","post","type-post","status-publish","format-standard","has-post-thumbnail","hentry","category-concursos-administrativos","tax_estado-rj"],"acf":[],"yoast_head":"<!-- This site is optimized with the Yoast SEO Premium plugin v27.2 (Yoast SEO v27.2) - https:\/\/yoast.com\/product\/yoast-seo-premium-wordpress\/ -->\n<title>Concurso S\u00e3o Jos\u00e9 do Vale do Rio Preto: retifica\u00e7\u00e3o divulgada!<\/title>\n<meta name=\"description\" content=\"Concurso S\u00e3o Jos\u00e9 do Vale do Rio Preto RJ: gabaritos preliminares divulgados das provas. Retifica\u00e7\u00f5es anunciadas. Confira!\" \/>\n<meta name=\"robots\" content=\"index, follow, max-snippet:-1, max-image-preview:large, max-video-preview:-1\" \/>\n<link rel=\"canonical\" href=\"https:\/\/www.estrategiaconcursos.com.br\/blog\/concurso-prefeitura-sao-jose-do-vale-do-rio-preto\/\" \/>\n<meta property=\"og:locale\" content=\"pt_BR\" \/>\n<meta property=\"og:type\" content=\"article\" \/>\n<meta property=\"og:title\" content=\"Concurso S\u00e3o Jos\u00e9 do Vale do Rio Preto: retifica\u00e7\u00e3o divulgada!\" \/>\n<meta property=\"og:description\" content=\"Concurso S\u00e3o Jos\u00e9 do Vale do Rio Preto RJ: gabaritos preliminares divulgados das provas. Retifica\u00e7\u00f5es anunciadas. Confira!\" \/>\n<meta property=\"og:url\" content=\"https:\/\/www.estrategiaconcursos.com.br\/blog\/concurso-prefeitura-sao-jose-do-vale-do-rio-preto\/\" \/>\n<meta property=\"og:site_name\" content=\"Estrat\u00e9gia Concursos\" \/>\n<meta property=\"article:author\" content=\"https:\/\/www.facebook.com\/EstrategiaConcursos\" \/>\n<meta property=\"article:published_time\" content=\"2021-08-03T21:00:00+00:00\" \/>\n<meta property=\"article:modified_time\" content=\"2024-03-12T16:36:49+00:00\" \/>\n<meta property=\"og:image\" content=\"https:\/\/dhg1h5j42swfq.cloudfront.net\/2021\/07\/27162312\/12-1.jpg\" \/>\n\t<meta property=\"og:image:width\" content=\"1200\" \/>\n\t<meta property=\"og:image:height\" content=\"628\" \/>\n\t<meta property=\"og:image:type\" content=\"image\/jpeg\" \/>\n<meta name=\"author\" content=\"Coordena\u00e7\u00e3o\" \/>\n<meta name=\"twitter:card\" content=\"summary_large_image\" \/>\n<meta name=\"twitter:creator\" content=\"@EstratConcursos\" \/>\n<meta name=\"twitter:site\" content=\"@EstratConcursos\" \/>\n<meta name=\"twitter:label1\" content=\"Escrito por\" \/>\n\t<meta name=\"twitter:data1\" content=\"Coordena\u00e7\u00e3o\" \/>\n\t<meta name=\"twitter:label2\" content=\"Est. tempo de leitura\" \/>\n\t<meta name=\"twitter:data2\" content=\"7 minutos\" \/>\n<script type=\"application\/ld+json\" class=\"yoast-schema-graph\">{\"@context\":\"https:\/\/schema.org\",\"@graph\":[{\"@type\":\"NewsArticle\",\"@id\":\"https:\/\/www.estrategiaconcursos.com.br\/blog\/concurso-prefeitura-sao-jose-do-vale-do-rio-preto\/#article\",\"isPartOf\":{\"@id\":\"https:\/\/www.estrategiaconcursos.com.br\/blog\/concurso-prefeitura-sao-jose-do-vale-do-rio-preto\/\"},\"author\":{\"name\":\"Coordena\u00e7\u00e3o\",\"@id\":\"https:\/\/www.estrategiaconcursos.com.br\/blog\/#\/schema\/person\/b4a388c97673c5f483d72185668afa1f\"},\"headline\":\"Concurso S\u00e3o Jos\u00e9 do Vale do Rio Preto: retifica\u00e7\u00e3o divulgada!\",\"datePublished\":\"2021-08-03T21:00:00+00:00\",\"dateModified\":\"2024-03-12T16:36:49+00:00\",\"mainEntityOfPage\":{\"@id\":\"https:\/\/www.estrategiaconcursos.com.br\/blog\/concurso-prefeitura-sao-jose-do-vale-do-rio-preto\/\"},\"wordCount\":1493,\"commentCount\":0,\"publisher\":{\"@id\":\"https:\/\/www.estrategiaconcursos.com.br\/blog\/#organization\"},\"image\":{\"@id\":\"https:\/\/www.estrategiaconcursos.com.br\/blog\/concurso-prefeitura-sao-jose-do-vale-do-rio-preto\/#primaryimage\"},\"thumbnailUrl\":\"https:\/\/dhg1h5j42swfq.cloudfront.net\/2021\/07\/27162312\/12-1.jpg\",\"articleSection\":[\"Executivo (Administrativa)\"],\"inLanguage\":\"pt-BR\",\"potentialAction\":[{\"@type\":\"CommentAction\",\"name\":\"Comment\",\"target\":[\"https:\/\/www.estrategiaconcursos.com.br\/blog\/concurso-prefeitura-sao-jose-do-vale-do-rio-preto\/#respond\"]}],\"copyrightYear\":\"2021\",\"copyrightHolder\":{\"@id\":\"https:\/\/www.estrategiaconcursos.com.br\/blog\/#organization\"}},{\"@type\":\"WebPage\",\"@id\":\"https:\/\/www.estrategiaconcursos.com.br\/blog\/concurso-prefeitura-sao-jose-do-vale-do-rio-preto\/\",\"url\":\"https:\/\/www.estrategiaconcursos.com.br\/blog\/concurso-prefeitura-sao-jose-do-vale-do-rio-preto\/\",\"name\":\"Concurso S\u00e3o Jos\u00e9 do Vale do Rio Preto: retifica\u00e7\u00e3o divulgada!\",\"isPartOf\":{\"@id\":\"https:\/\/www.estrategiaconcursos.com.br\/blog\/#website\"},\"primaryImageOfPage\":{\"@id\":\"https:\/\/www.estrategiaconcursos.com.br\/blog\/concurso-prefeitura-sao-jose-do-vale-do-rio-preto\/#primaryimage\"},\"image\":{\"@id\":\"https:\/\/www.estrategiaconcursos.com.br\/blog\/concurso-prefeitura-sao-jose-do-vale-do-rio-preto\/#primaryimage\"},\"thumbnailUrl\":\"https:\/\/dhg1h5j42swfq.cloudfront.net\/2021\/07\/27162312\/12-1.jpg\",\"datePublished\":\"2021-08-03T21:00:00+00:00\",\"dateModified\":\"2024-03-12T16:36:49+00:00\",\"description\":\"Concurso S\u00e3o Jos\u00e9 do Vale do Rio Preto RJ: gabaritos preliminares divulgados das provas. Retifica\u00e7\u00f5es anunciadas. Confira!\",\"breadcrumb\":{\"@id\":\"https:\/\/www.estrategiaconcursos.com.br\/blog\/concurso-prefeitura-sao-jose-do-vale-do-rio-preto\/#breadcrumb\"},\"inLanguage\":\"pt-BR\",\"potentialAction\":[{\"@type\":\"ReadAction\",\"target\":[\"https:\/\/www.estrategiaconcursos.com.br\/blog\/concurso-prefeitura-sao-jose-do-vale-do-rio-preto\/\"]}]},{\"@type\":\"ImageObject\",\"inLanguage\":\"pt-BR\",\"@id\":\"https:\/\/www.estrategiaconcursos.com.br\/blog\/concurso-prefeitura-sao-jose-do-vale-do-rio-preto\/#primaryimage\",\"url\":\"https:\/\/dhg1h5j42swfq.cloudfront.net\/2021\/07\/27162312\/12-1.jpg\",\"contentUrl\":\"https:\/\/dhg1h5j42swfq.cloudfront.net\/2021\/07\/27162312\/12-1.jpg\",\"width\":1200,\"height\":628},{\"@type\":\"BreadcrumbList\",\"@id\":\"https:\/\/www.estrategiaconcursos.com.br\/blog\/concurso-prefeitura-sao-jose-do-vale-do-rio-preto\/#breadcrumb\",\"itemListElement\":[{\"@type\":\"ListItem\",\"position\":1,\"name\":\"In\u00edcio\",\"item\":\"https:\/\/www.estrategiaconcursos.com.br\/blog\/\"},{\"@type\":\"ListItem\",\"position\":2,\"name\":\"Concurso S\u00e3o Jos\u00e9 do Vale do Rio Preto: retifica\u00e7\u00e3o divulgada!\"}]},{\"@type\":\"WebSite\",\"@id\":\"https:\/\/www.estrategiaconcursos.com.br\/blog\/#website\",\"url\":\"https:\/\/www.estrategiaconcursos.com.br\/blog\/\",\"name\":\"Estrat\u00e9gia Concursos\",\"description\":\"O blog da Estrat\u00e9gia Concursos traz not\u00edcias sobre concursos e artigos de professores oferecendo cursos para concursos (pdf + videaulas) no site.\",\"publisher\":{\"@id\":\"https:\/\/www.estrategiaconcursos.com.br\/blog\/#organization\"},\"potentialAction\":[{\"@type\":\"SearchAction\",\"target\":{\"@type\":\"EntryPoint\",\"urlTemplate\":\"https:\/\/www.estrategiaconcursos.com.br\/blog\/?s={search_term_string}\"},\"query-input\":{\"@type\":\"PropertyValueSpecification\",\"valueRequired\":true,\"valueName\":\"search_term_string\"}}],\"inLanguage\":\"pt-BR\"},{\"@type\":\"Organization\",\"@id\":\"https:\/\/www.estrategiaconcursos.com.br\/blog\/#organization\",\"name\":\"Estrat\u00e9gia Concursos\",\"url\":\"https:\/\/www.estrategiaconcursos.com.br\/blog\/\",\"logo\":{\"@type\":\"ImageObject\",\"inLanguage\":\"pt-BR\",\"@id\":\"https:\/\/www.estrategiaconcursos.com.br\/blog\/#\/schema\/logo\/image\/\",\"url\":\"https:\/\/dhg1h5j42swfq.cloudfront.net\/2025\/06\/03203428\/logo_concursos-1.jpg\",\"contentUrl\":\"https:\/\/dhg1h5j42swfq.cloudfront.net\/2025\/06\/03203428\/logo_concursos-1.jpg\",\"width\":230,\"height\":60,\"caption\":\"Estrat\u00e9gia Concursos\"},\"image\":{\"@id\":\"https:\/\/www.estrategiaconcursos.com.br\/blog\/#\/schema\/logo\/image\/\"},\"sameAs\":[\"https:\/\/x.com\/EstratConcursos\"]},{\"@type\":\"Person\",\"@id\":\"https:\/\/www.estrategiaconcursos.com.br\/blog\/#\/schema\/person\/b4a388c97673c5f483d72185668afa1f\",\"name\":\"Coordena\u00e7\u00e3o\",\"image\":{\"@type\":\"ImageObject\",\"inLanguage\":\"pt-BR\",\"@id\":\"https:\/\/secure.gravatar.com\/avatar\/b720319e4c9a967eb58678d110f4fe35452fc5d5f97b202bac7b8acceb18c6ad?s=96&d=mm&r=g\",\"url\":\"https:\/\/secure.gravatar.com\/avatar\/b720319e4c9a967eb58678d110f4fe35452fc5d5f97b202bac7b8acceb18c6ad?s=96&d=mm&r=g\",\"contentUrl\":\"https:\/\/secure.gravatar.com\/avatar\/b720319e4c9a967eb58678d110f4fe35452fc5d5f97b202bac7b8acceb18c6ad?s=96&d=mm&r=g\",\"caption\":\"Coordena\u00e7\u00e3o\"},\"sameAs\":[\"https:\/\/www.facebook.com\/EstrategiaConcursos\",\"https:\/\/x.com\/EstratConcursos\"],\"url\":\"https:\/\/www.estrategiaconcursos.com.br\/blog\/author\/estrategia2013\/\"}]}<\/script>\n<!-- \/ Yoast SEO Premium plugin. -->","yoast_head_json":{"title":"Concurso S\u00e3o Jos\u00e9 do Vale do Rio Preto: retifica\u00e7\u00e3o divulgada!","description":"Concurso S\u00e3o Jos\u00e9 do Vale do Rio Preto RJ: gabaritos preliminares divulgados das provas. Retifica\u00e7\u00f5es anunciadas. Confira!","robots":{"index":"index","follow":"follow","max-snippet":"max-snippet:-1","max-image-preview":"max-image-preview:large","max-video-preview":"max-video-preview:-1"},"canonical":"https:\/\/www.estrategiaconcursos.com.br\/blog\/concurso-prefeitura-sao-jose-do-vale-do-rio-preto\/","og_locale":"pt_BR","og_type":"article","og_title":"Concurso S\u00e3o Jos\u00e9 do Vale do Rio Preto: retifica\u00e7\u00e3o divulgada!","og_description":"Concurso S\u00e3o Jos\u00e9 do Vale do Rio Preto RJ: gabaritos preliminares divulgados das provas. Retifica\u00e7\u00f5es anunciadas. Confira!","og_url":"https:\/\/www.estrategiaconcursos.com.br\/blog\/concurso-prefeitura-sao-jose-do-vale-do-rio-preto\/","og_site_name":"Estrat\u00e9gia Concursos","article_author":"https:\/\/www.facebook.com\/EstrategiaConcursos","article_published_time":"2021-08-03T21:00:00+00:00","article_modified_time":"2024-03-12T16:36:49+00:00","og_image":[{"width":1200,"height":628,"url":"https:\/\/dhg1h5j42swfq.cloudfront.net\/2021\/07\/27162312\/12-1.jpg","type":"image\/jpeg"}],"author":"Coordena\u00e7\u00e3o","twitter_card":"summary_large_image","twitter_creator":"@EstratConcursos","twitter_site":"@EstratConcursos","twitter_misc":{"Escrito por":"Coordena\u00e7\u00e3o","Est. tempo de leitura":"7 minutos"},"schema":{"@context":"https:\/\/schema.org","@graph":[{"@type":"NewsArticle","@id":"https:\/\/www.estrategiaconcursos.com.br\/blog\/concurso-prefeitura-sao-jose-do-vale-do-rio-preto\/#article","isPartOf":{"@id":"https:\/\/www.estrategiaconcursos.com.br\/blog\/concurso-prefeitura-sao-jose-do-vale-do-rio-preto\/"},"author":{"name":"Coordena\u00e7\u00e3o","@id":"https:\/\/www.estrategiaconcursos.com.br\/blog\/#\/schema\/person\/b4a388c97673c5f483d72185668afa1f"},"headline":"Concurso S\u00e3o Jos\u00e9 do Vale do Rio Preto: retifica\u00e7\u00e3o divulgada!","datePublished":"2021-08-03T21:00:00+00:00","dateModified":"2024-03-12T16:36:49+00:00","mainEntityOfPage":{"@id":"https:\/\/www.estrategiaconcursos.com.br\/blog\/concurso-prefeitura-sao-jose-do-vale-do-rio-preto\/"},"wordCount":1493,"commentCount":0,"publisher":{"@id":"https:\/\/www.estrategiaconcursos.com.br\/blog\/#organization"},"image":{"@id":"https:\/\/www.estrategiaconcursos.com.br\/blog\/concurso-prefeitura-sao-jose-do-vale-do-rio-preto\/#primaryimage"},"thumbnailUrl":"https:\/\/dhg1h5j42swfq.cloudfront.net\/2021\/07\/27162312\/12-1.jpg","articleSection":["Executivo (Administrativa)"],"inLanguage":"pt-BR","potentialAction":[{"@type":"CommentAction","name":"Comment","target":["https:\/\/www.estrategiaconcursos.com.br\/blog\/concurso-prefeitura-sao-jose-do-vale-do-rio-preto\/#respond"]}],"copyrightYear":"2021","copyrightHolder":{"@id":"https:\/\/www.estrategiaconcursos.com.br\/blog\/#organization"}},{"@type":"WebPage","@id":"https:\/\/www.estrategiaconcursos.com.br\/blog\/concurso-prefeitura-sao-jose-do-vale-do-rio-preto\/","url":"https:\/\/www.estrategiaconcursos.com.br\/blog\/concurso-prefeitura-sao-jose-do-vale-do-rio-preto\/","name":"Concurso S\u00e3o Jos\u00e9 do Vale do Rio Preto: retifica\u00e7\u00e3o divulgada!","isPartOf":{"@id":"https:\/\/www.estrategiaconcursos.com.br\/blog\/#website"},"primaryImageOfPage":{"@id":"https:\/\/www.estrategiaconcursos.com.br\/blog\/concurso-prefeitura-sao-jose-do-vale-do-rio-preto\/#primaryimage"},"image":{"@id":"https:\/\/www.estrategiaconcursos.com.br\/blog\/concurso-prefeitura-sao-jose-do-vale-do-rio-preto\/#primaryimage"},"thumbnailUrl":"https:\/\/dhg1h5j42swfq.cloudfront.net\/2021\/07\/27162312\/12-1.jpg","datePublished":"2021-08-03T21:00:00+00:00","dateModified":"2024-03-12T16:36:49+00:00","description":"Concurso S\u00e3o Jos\u00e9 do Vale do Rio Preto RJ: gabaritos preliminares divulgados das provas. Retifica\u00e7\u00f5es anunciadas. Confira!","breadcrumb":{"@id":"https:\/\/www.estrategiaconcursos.com.br\/blog\/concurso-prefeitura-sao-jose-do-vale-do-rio-preto\/#breadcrumb"},"inLanguage":"pt-BR","potentialAction":[{"@type":"ReadAction","target":["https:\/\/www.estrategiaconcursos.com.br\/blog\/concurso-prefeitura-sao-jose-do-vale-do-rio-preto\/"]}]},{"@type":"ImageObject","inLanguage":"pt-BR","@id":"https:\/\/www.estrategiaconcursos.com.br\/blog\/concurso-prefeitura-sao-jose-do-vale-do-rio-preto\/#primaryimage","url":"https:\/\/dhg1h5j42swfq.cloudfront.net\/2021\/07\/27162312\/12-1.jpg","contentUrl":"https:\/\/dhg1h5j42swfq.cloudfront.net\/2021\/07\/27162312\/12-1.jpg","width":1200,"height":628},{"@type":"BreadcrumbList","@id":"https:\/\/www.estrategiaconcursos.com.br\/blog\/concurso-prefeitura-sao-jose-do-vale-do-rio-preto\/#breadcrumb","itemListElement":[{"@type":"ListItem","position":1,"name":"In\u00edcio","item":"https:\/\/www.estrategiaconcursos.com.br\/blog\/"},{"@type":"ListItem","position":2,"name":"Concurso S\u00e3o Jos\u00e9 do Vale do Rio Preto: retifica\u00e7\u00e3o divulgada!"}]},{"@type":"WebSite","@id":"https:\/\/www.estrategiaconcursos.com.br\/blog\/#website","url":"https:\/\/www.estrategiaconcursos.com.br\/blog\/","name":"Estrat\u00e9gia Concursos","description":"O blog da Estrat\u00e9gia Concursos traz not\u00edcias sobre concursos e artigos de professores oferecendo cursos para concursos (pdf + videaulas) no site.","publisher":{"@id":"https:\/\/www.estrategiaconcursos.com.br\/blog\/#organization"},"potentialAction":[{"@type":"SearchAction","target":{"@type":"EntryPoint","urlTemplate":"https:\/\/www.estrategiaconcursos.com.br\/blog\/?s={search_term_string}"},"query-input":{"@type":"PropertyValueSpecification","valueRequired":true,"valueName":"search_term_string"}}],"inLanguage":"pt-BR"},{"@type":"Organization","@id":"https:\/\/www.estrategiaconcursos.com.br\/blog\/#organization","name":"Estrat\u00e9gia Concursos","url":"https:\/\/www.estrategiaconcursos.com.br\/blog\/","logo":{"@type":"ImageObject","inLanguage":"pt-BR","@id":"https:\/\/www.estrategiaconcursos.com.br\/blog\/#\/schema\/logo\/image\/","url":"https:\/\/dhg1h5j42swfq.cloudfront.net\/2025\/06\/03203428\/logo_concursos-1.jpg","contentUrl":"https:\/\/dhg1h5j42swfq.cloudfront.net\/2025\/06\/03203428\/logo_concursos-1.jpg","width":230,"height":60,"caption":"Estrat\u00e9gia Concursos"},"image":{"@id":"https:\/\/www.estrategiaconcursos.com.br\/blog\/#\/schema\/logo\/image\/"},"sameAs":["https:\/\/x.com\/EstratConcursos"]},{"@type":"Person","@id":"https:\/\/www.estrategiaconcursos.com.br\/blog\/#\/schema\/person\/b4a388c97673c5f483d72185668afa1f","name":"Coordena\u00e7\u00e3o","image":{"@type":"ImageObject","inLanguage":"pt-BR","@id":"https:\/\/secure.gravatar.com\/avatar\/b720319e4c9a967eb58678d110f4fe35452fc5d5f97b202bac7b8acceb18c6ad?s=96&d=mm&r=g","url":"https:\/\/secure.gravatar.com\/avatar\/b720319e4c9a967eb58678d110f4fe35452fc5d5f97b202bac7b8acceb18c6ad?s=96&d=mm&r=g","contentUrl":"https:\/\/secure.gravatar.com\/avatar\/b720319e4c9a967eb58678d110f4fe35452fc5d5f97b202bac7b8acceb18c6ad?s=96&d=mm&r=g","caption":"Coordena\u00e7\u00e3o"},"sameAs":["https:\/\/www.facebook.com\/EstrategiaConcursos","https:\/\/x.com\/EstratConcursos"],"url":"https:\/\/www.estrategiaconcursos.com.br\/blog\/author\/estrategia2013\/"}]}},"_links":{"self":[{"href":"https:\/\/www.estrategiaconcursos.com.br\/blog\/wp-json\/wp\/v2\/posts\/610114","targetHints":{"allow":["GET"]}}],"collection":[{"href":"https:\/\/www.estrategiaconcursos.com.br\/blog\/wp-json\/wp\/v2\/posts"}],"about":[{"href":"https:\/\/www.estrategiaconcursos.com.br\/blog\/wp-json\/wp\/v2\/types\/post"}],"author":[{"embeddable":true,"href":"https:\/\/www.estrategiaconcursos.com.br\/blog\/wp-json\/wp\/v2\/users\/1"}],"replies":[{"embeddable":true,"href":"https:\/\/www.estrategiaconcursos.com.br\/blog\/wp-json\/wp\/v2\/comments?post=610114"}],"version-history":[{"count":35,"href":"https:\/\/www.estrategiaconcursos.com.br\/blog\/wp-json\/wp\/v2\/posts\/610114\/revisions"}],"predecessor-version":[{"id":828980,"href":"https:\/\/www.estrategiaconcursos.com.br\/blog\/wp-json\/wp\/v2\/posts\/610114\/revisions\/828980"}],"wp:featuredmedia":[{"embeddable":true,"href":"https:\/\/www.estrategiaconcursos.com.br\/blog\/wp-json\/wp\/v2\/media\/823111"}],"wp:attachment":[{"href":"https:\/\/www.estrategiaconcursos.com.br\/blog\/wp-json\/wp\/v2\/media?parent=610114"}],"wp:term":[{"taxonomy":"category","embeddable":true,"href":"https:\/\/www.estrategiaconcursos.com.br\/blog\/wp-json\/wp\/v2\/categories?post=610114"},{"taxonomy":"post_tag","embeddable":true,"href":"https:\/\/www.estrategiaconcursos.com.br\/blog\/wp-json\/wp\/v2\/tags?post=610114"},{"taxonomy":"tax_estado","embeddable":true,"href":"https:\/\/www.estrategiaconcursos.com.br\/blog\/wp-json\/wp\/v2\/tax_estado?post=610114"}],"curies":[{"name":"wp","href":"https:\/\/api.w.org\/{rel}","templated":true}]}}